{"id":1449,"date":"2013-03-21T12:43:51","date_gmt":"2013-03-21T12:43:51","guid":{"rendered":""},"modified":"2020-04-12T17:39:12","modified_gmt":"2020-04-12T15:39:12","slug":"theophany-in-saranda-2013","status":"publish","type":"post","link":"https:\/\/orthodoxalbania.org\/2020\/2013\/03\/21\/theophany-in-saranda-2013\/","title":{"rendered":"Theophany in Saranda 2013. (6 January 2013)"},"content":{"rendered":"<div style=\"text-align: justify;\"><img class=\"lazyload\" decoding=\"async\" style=\"width: 300px; height: 225px; border-width: 1px; border-style: solid; margin: 10px; float: left;\" alt=\"\" src=\"data:image\/gif;base64,R0lGODlhAQABAAAAACH5BAEKAAEALAAAAAABAAEAAAICTAEAOw==\" data-orig-src=\"https:\/\/lh6.googleusercontent.com\/-cslvUHr9QyI\/UOwKXssDmiI\/AAAAAAAABzg\/zpJIk63_O3Y\/s640\/DSCN1159.JPG\" \/>&nbsp;&nbsp;<span style=\"color: #000000;\"><span style=\"font-family: tahoma,geneva,sans-serif;\"><span style=\"font-size: 12px;\">&nbsp; It has become a tradition now for the Feast of the Blessing of the Water in our Metropolis to be celebrated in the city of Saranda with majesty. This is due to the fact that the Ionian Sea is close to the church. The Liturgy was led by the Metropolitan of Gjirokastra, His Grace Dhimitri. Besides the numerous believers, also present were the Consul of the Greek Consulate of Gjirokastra, Mr. Nicholas Kotrokois, the Minister of Labor and Social Affairs, Mr. Spiro Ksera, the Mayor of Livadhja, Mr. Irodh Dalani and the Mayor of Finiqi, Mr. Sokrat Spiro. The Cross this year was picked up by a young man from Saranda named Foti. This great feast was received with so much joy also in the city of P\u00ebrmet where the cross was thrown into the waters of the River Vjosa. In addition to these cities mentioned, this feast was celebrated in the cities of Gjirokastra, Himara, Dh\u00ebrmi and K\u00eblcyra.<\/span><\/span><\/span><\/div>\n<div style=\"text-align: right;\">\n<p> <span style=\"color: #000000;\"><span style=\"font-family: tahoma,geneva,sans-serif;\"><span style=\"font-size: 12px;\"><strong>Emiliano Lito<\/strong><\/span><\/span><\/span><\/div>\n<p>&nbsp;<\/p>\n<p><img class=\"lazyload\" decoding=\"async\" style=\"width: 600px; height: 800px; border-width: 1px; border-style: solid; margin: 10px; float: left;\" alt=\"\" src=\"data:image\/gif;base64,R0lGODlhAQABAAAAACH5BAEKAAEALAAAAAABAAEAAAICTAEAOw==\" data-orig-src=\"https:\/\/lh4.googleusercontent.com\/-_O7Lbq5BpNM\/UOwKAanO4uI\/AAAAAAAABzY\/n06q-oRq8PY\/s512\/\u03b1\u03b3\u03b9\u03bf\u03b9 \u03c3\u03b1\u03c1\u03b1\u03bd\u03c4\u03b1 12.jpg\" \/><\/p>\n<p><img class=\"lazyload\" decoding=\"async\" style=\"width: 600px; height: 450px; border-width: 1px; border-style: solid; margin: 10px; float: left;\" alt=\"\" src=\"data:image\/gif;base64,R0lGODlhAQABAAAAACH5BAEKAAEALAAAAAABAAEAAAICTAEAOw==\" data-orig-src=\"https:\/\/lh3.googleusercontent.com\/-zEtt0AA7mVU\/UOwKX0XTSRI\/AAAAAAAABzk\/K8pam8jQfes\/s640\/DSCN1153.JPG\" \/><\/p>\n<p> &nbsp;<\/p>\n","protected":false},"excerpt":{"rendered":"<p>&nbsp;&nbsp;&nbsp; It has become a tradition now for the Feast of the Blessing of the Water in our Metropolis to be celebrated in the city of Saranda with majesty. This is due to the fact that the Ionian Sea is close to the church. The Liturgy was led by the Metropolitan of Gjirokastra, His Grace Dhimitri. Besides the numerous believers, also present were the Consul<\/p>\n","protected":false},"author":7,"featured_media":0,"comment_status":"open","ping_status":"open","sticky":false,"template":"","format":"standard","meta":{"_acf_changed":false,"pagelayer_contact_templates":[],"_pagelayer_content":"","inline_featured_image":false,"fifu_image_url":"","fifu_image_alt":"","footnotes":""},"categories":[1935],"tags":[141,157,198,193],"class_list":["post-1449","post","type-post","status-publish","format-standard","hentry","category-news-sq","tag-141","tag-kremtime","tag-gjirokaster","tag-uji-i-bekuar"],"acf":[],"yoast_head":"<!-- This site is optimized with the Yoast SEO plugin v27.2 - https:\/\/yoast.com\/product\/yoast-seo-wordpress\/ -->\n<title>Theophany in Saranda 2013. (6 January 2013) - Kisha Orthodh\u03bfkse Autoqefale e Shqip\u00ebris\u00eb<\/title>\n<meta name=\"robots\" content=\"index, follow, max-snippet:-1, max-image-preview:large, max-video-preview:-1\" \/>\n<link rel=\"canonical\" href=\"https:\/\/orthodoxalbania.org\/2020\/2013\/03\/21\/theophany-in-saranda-2013\/\" \/>\n<meta property=\"og:locale\" content=\"en_US\" \/>\n<meta property=\"og:type\" content=\"article\" \/>\n<meta property=\"og:title\" content=\"Theophany in Saranda 2013. (6 January 2013) - Kisha Orthodh\u03bfkse Autoqefale e Shqip\u00ebris\u00eb\" \/>\n<meta property=\"og:description\" content=\"&nbsp;&nbsp;&nbsp; It has become a tradition now for the Feast of the Blessing of the Water in our Metropolis to be celebrated in the city of Saranda with majesty. This is due to the fact that the Ionian Sea is close to the church. The Liturgy was led by the Metropolitan of Gjirokastra, His Grace Dhimitri. Besides the numerous believers, also present were the Consul\" \/>\n<meta property=\"og:url\" content=\"https:\/\/orthodoxalbania.org\/2020\/2013\/03\/21\/theophany-in-saranda-2013\/\" \/>\n<meta property=\"og:site_name\" content=\"Kisha Orthodh\u03bfkse Autoqefale e Shqip\u00ebris\u00eb\" \/>\n<meta property=\"article:publisher\" content=\"https:\/\/www.facebook.com\/koash1991\" \/>\n<meta property=\"article:published_time\" content=\"2013-03-21T12:43:51+00:00\" \/>\n<meta property=\"article:modified_time\" content=\"2020-04-12T15:39:12+00:00\" \/>\n<meta property=\"og:image\" content=\"https:\/\/lh6.googleusercontent.com\/-cslvUHr9QyI\/UOwKXssDmiI\/AAAAAAAABzg\/zpJIk63_O3Y\/s640\/DSCN1159.JPG\" \/>\n<meta name=\"author\" content=\"Kisha Orthodhokse\" \/>\n<meta name=\"twitter:card\" content=\"summary_large_image\" \/>\n<meta name=\"twitter:label1\" content=\"Written by\" \/>\n\t<meta name=\"twitter:data1\" content=\"Kisha Orthodhokse\" \/>\n\t<meta name=\"twitter:label2\" content=\"Est. reading time\" \/>\n\t<meta name=\"twitter:data2\" content=\"1 minute\" \/>\n<script type=\"application\/ld+json\" class=\"yoast-schema-graph\">{\"@context\":\"https:\/\/schema.org\",\"@graph\":[{\"@type\":\"Article\",\"@id\":\"https:\/\/orthodoxalbania.org\/2020\/2013\/03\/21\/theophany-in-saranda-2013\/#article\",\"isPartOf\":{\"@id\":\"https:\/\/orthodoxalbania.org\/2020\/2013\/03\/21\/theophany-in-saranda-2013\/\"},\"author\":{\"name\":\"Kisha Orthodhokse\",\"@id\":\"https:\/\/orthodoxalbania.org\/2020\/#\/schema\/person\/df745f942b70e045b3dc05a30211f0de\"},\"headline\":\"Theophany in Saranda 2013. (6 January 2013)\",\"datePublished\":\"2013-03-21T12:43:51+00:00\",\"dateModified\":\"2020-04-12T15:39:12+00:00\",\"mainEntityOfPage\":{\"@id\":\"https:\/\/orthodoxalbania.org\/2020\/2013\/03\/21\/theophany-in-saranda-2013\/\"},\"wordCount\":173,\"commentCount\":0,\"publisher\":{\"@id\":\"https:\/\/orthodoxalbania.org\/2020\/#organization\"},\"image\":{\"@id\":\"https:\/\/orthodoxalbania.org\/2020\/2013\/03\/21\/theophany-in-saranda-2013\/#primaryimage\"},\"thumbnailUrl\":\"https:\/\/lh6.googleusercontent.com\/-cslvUHr9QyI\/UOwKXssDmiI\/AAAAAAAABzg\/zpJIk63_O3Y\/s640\/DSCN1159.JPG\",\"keywords\":[\"2013\",\"Kremtime\",\"Mitropolia Gjirokast\u00ebr\",\"Uji i Bekuar\"],\"articleSection\":[\"Lajme AL\"],\"inLanguage\":\"en-US\"},{\"@type\":\"WebPage\",\"@id\":\"https:\/\/orthodoxalbania.org\/2020\/2013\/03\/21\/theophany-in-saranda-2013\/\",\"url\":\"https:\/\/orthodoxalbania.org\/2020\/2013\/03\/21\/theophany-in-saranda-2013\/\",\"name\":\"Theophany in Saranda 2013. (6 January 2013) - Kisha Orthodh\u03bfkse Autoqefale e Shqip\u00ebris\u00eb\",\"isPartOf\":{\"@id\":\"https:\/\/orthodoxalbania.org\/2020\/#website\"},\"primaryImageOfPage\":{\"@id\":\"https:\/\/orthodoxalbania.org\/2020\/2013\/03\/21\/theophany-in-saranda-2013\/#primaryimage\"},\"image\":{\"@id\":\"https:\/\/orthodoxalbania.org\/2020\/2013\/03\/21\/theophany-in-saranda-2013\/#primaryimage\"},\"thumbnailUrl\":\"https:\/\/lh6.googleusercontent.com\/-cslvUHr9QyI\/UOwKXssDmiI\/AAAAAAAABzg\/zpJIk63_O3Y\/s640\/DSCN1159.JPG\",\"datePublished\":\"2013-03-21T12:43:51+00:00\",\"dateModified\":\"2020-04-12T15:39:12+00:00\",\"breadcrumb\":{\"@id\":\"https:\/\/orthodoxalbania.org\/2020\/2013\/03\/21\/theophany-in-saranda-2013\/#breadcrumb\"},\"inLanguage\":\"en-US\",\"potentialAction\":[{\"@type\":\"ReadAction\",\"target\":[\"https:\/\/orthodoxalbania.org\/2020\/2013\/03\/21\/theophany-in-saranda-2013\/\"]}]},{\"@type\":\"ImageObject\",\"inLanguage\":\"en-US\",\"@id\":\"https:\/\/orthodoxalbania.org\/2020\/2013\/03\/21\/theophany-in-saranda-2013\/#primaryimage\",\"url\":\"https:\/\/lh6.googleusercontent.com\/-cslvUHr9QyI\/UOwKXssDmiI\/AAAAAAAABzg\/zpJIk63_O3Y\/s640\/DSCN1159.JPG\",\"contentUrl\":\"https:\/\/lh6.googleusercontent.com\/-cslvUHr9QyI\/UOwKXssDmiI\/AAAAAAAABzg\/zpJIk63_O3Y\/s640\/DSCN1159.JPG\"},{\"@type\":\"BreadcrumbList\",\"@id\":\"https:\/\/orthodoxalbania.org\/2020\/2013\/03\/21\/theophany-in-saranda-2013\/#breadcrumb\",\"itemListElement\":[{\"@type\":\"ListItem\",\"position\":1,\"name\":\"Home\",\"item\":\"https:\/\/orthodoxalbania.org\/2020\/\"},{\"@type\":\"ListItem\",\"position\":2,\"name\":\"Theophany in Saranda 2013. (6 January 2013)\"}]},{\"@type\":\"WebSite\",\"@id\":\"https:\/\/orthodoxalbania.org\/2020\/#website\",\"url\":\"https:\/\/orthodoxalbania.org\/2020\/\",\"name\":\"Kisha Orthodh\u03bfkse Autoqefale e Shqip\u00ebris\u00eb\",\"description\":\"Fqja Zyrtare e Kish\u00ebs Orthodhokse Autoqefale e Shqip\u00ebris\u00eb me lajmet edhe informacionet zyrtare p\u00ebr struktur\u00ebn edhe veprimtarin e saj.\",\"publisher\":{\"@id\":\"https:\/\/orthodoxalbania.org\/2020\/#organization\"},\"potentialAction\":[{\"@type\":\"SearchAction\",\"target\":{\"@type\":\"EntryPoint\",\"urlTemplate\":\"https:\/\/orthodoxalbania.org\/2020\/?s={search_term_string}\"},\"query-input\":{\"@type\":\"PropertyValueSpecification\",\"valueRequired\":true,\"valueName\":\"search_term_string\"}}],\"inLanguage\":\"en-US\"},{\"@type\":\"Organization\",\"@id\":\"https:\/\/orthodoxalbania.org\/2020\/#organization\",\"name\":\"Kisha Orthodhokse Autoqefale e Shqip\u00ebris\u00eb\",\"url\":\"https:\/\/orthodoxalbania.org\/2020\/\",\"logo\":{\"@type\":\"ImageObject\",\"inLanguage\":\"en-US\",\"@id\":\"https:\/\/orthodoxalbania.org\/2020\/#\/schema\/logo\/image\/\",\"url\":\"https:\/\/orthodoxalbania.org\/2020\/wp-content\/uploads\/2020\/05\/albania.jpeg\",\"contentUrl\":\"https:\/\/orthodoxalbania.org\/2020\/wp-content\/uploads\/2020\/05\/albania.jpeg\",\"width\":540,\"height\":540,\"caption\":\"Kisha Orthodhokse Autoqefale e Shqip\u00ebris\u00eb\"},\"image\":{\"@id\":\"https:\/\/orthodoxalbania.org\/2020\/#\/schema\/logo\/image\/\"},\"sameAs\":[\"https:\/\/www.facebook.com\/koash1991\"]},{\"@type\":\"Person\",\"@id\":\"https:\/\/orthodoxalbania.org\/2020\/#\/schema\/person\/df745f942b70e045b3dc05a30211f0de\",\"name\":\"Kisha Orthodhokse\",\"image\":{\"@type\":\"ImageObject\",\"inLanguage\":\"en-US\",\"@id\":\"https:\/\/secure.gravatar.com\/avatar\/2676eb8d97178435c9f691a7871595a1da6c33542dec218bce40885573150e28?s=96&d=mm&r=g\",\"url\":\"https:\/\/secure.gravatar.com\/avatar\/2676eb8d97178435c9f691a7871595a1da6c33542dec218bce40885573150e28?s=96&d=mm&r=g\",\"contentUrl\":\"https:\/\/secure.gravatar.com\/avatar\/2676eb8d97178435c9f691a7871595a1da6c33542dec218bce40885573150e28?s=96&d=mm&r=g\",\"caption\":\"Kisha Orthodhokse\"}}]}<\/script>\n<!-- \/ Yoast SEO plugin. -->","yoast_head_json":{"title":"Theophany in Saranda 2013. (6 January 2013) - Kisha Orthodh\u03bfkse Autoqefale e Shqip\u00ebris\u00eb","robots":{"index":"index","follow":"follow","max-snippet":"max-snippet:-1","max-image-preview":"max-image-preview:large","max-video-preview":"max-video-preview:-1"},"canonical":"https:\/\/orthodoxalbania.org\/2020\/2013\/03\/21\/theophany-in-saranda-2013\/","og_locale":"en_US","og_type":"article","og_title":"Theophany in Saranda 2013. (6 January 2013) - Kisha Orthodh\u03bfkse Autoqefale e Shqip\u00ebris\u00eb","og_description":"&nbsp;&nbsp;&nbsp; It has become a tradition now for the Feast of the Blessing of the Water in our Metropolis to be celebrated in the city of Saranda with majesty. This is due to the fact that the Ionian Sea is close to the church. The Liturgy was led by the Metropolitan of Gjirokastra, His Grace Dhimitri. Besides the numerous believers, also present were the Consul","og_url":"https:\/\/orthodoxalbania.org\/2020\/2013\/03\/21\/theophany-in-saranda-2013\/","og_site_name":"Kisha Orthodh\u03bfkse Autoqefale e Shqip\u00ebris\u00eb","article_publisher":"https:\/\/www.facebook.com\/koash1991","article_published_time":"2013-03-21T12:43:51+00:00","article_modified_time":"2020-04-12T15:39:12+00:00","og_image":[{"url":"https:\/\/lh6.googleusercontent.com\/-cslvUHr9QyI\/UOwKXssDmiI\/AAAAAAAABzg\/zpJIk63_O3Y\/s640\/DSCN1159.JPG","type":"","width":"","height":""}],"author":"Kisha Orthodhokse","twitter_card":"summary_large_image","twitter_misc":{"Written by":"Kisha Orthodhokse","Est. reading time":"1 minute"},"schema":{"@context":"https:\/\/schema.org","@graph":[{"@type":"Article","@id":"https:\/\/orthodoxalbania.org\/2020\/2013\/03\/21\/theophany-in-saranda-2013\/#article","isPartOf":{"@id":"https:\/\/orthodoxalbania.org\/2020\/2013\/03\/21\/theophany-in-saranda-2013\/"},"author":{"name":"Kisha Orthodhokse","@id":"https:\/\/orthodoxalbania.org\/2020\/#\/schema\/person\/df745f942b70e045b3dc05a30211f0de"},"headline":"Theophany in Saranda 2013. (6 January 2013)","datePublished":"2013-03-21T12:43:51+00:00","dateModified":"2020-04-12T15:39:12+00:00","mainEntityOfPage":{"@id":"https:\/\/orthodoxalbania.org\/2020\/2013\/03\/21\/theophany-in-saranda-2013\/"},"wordCount":173,"commentCount":0,"publisher":{"@id":"https:\/\/orthodoxalbania.org\/2020\/#organization"},"image":{"@id":"https:\/\/orthodoxalbania.org\/2020\/2013\/03\/21\/theophany-in-saranda-2013\/#primaryimage"},"thumbnailUrl":"https:\/\/lh6.googleusercontent.com\/-cslvUHr9QyI\/UOwKXssDmiI\/AAAAAAAABzg\/zpJIk63_O3Y\/s640\/DSCN1159.JPG","keywords":["2013","Kremtime","Mitropolia Gjirokast\u00ebr","Uji i Bekuar"],"articleSection":["Lajme AL"],"inLanguage":"en-US"},{"@type":"WebPage","@id":"https:\/\/orthodoxalbania.org\/2020\/2013\/03\/21\/theophany-in-saranda-2013\/","url":"https:\/\/orthodoxalbania.org\/2020\/2013\/03\/21\/theophany-in-saranda-2013\/","name":"Theophany in Saranda 2013. (6 January 2013) - Kisha Orthodh\u03bfkse Autoqefale e Shqip\u00ebris\u00eb","isPartOf":{"@id":"https:\/\/orthodoxalbania.org\/2020\/#website"},"primaryImageOfPage":{"@id":"https:\/\/orthodoxalbania.org\/2020\/2013\/03\/21\/theophany-in-saranda-2013\/#primaryimage"},"image":{"@id":"https:\/\/orthodoxalbania.org\/2020\/2013\/03\/21\/theophany-in-saranda-2013\/#primaryimage"},"thumbnailUrl":"https:\/\/lh6.googleusercontent.com\/-cslvUHr9QyI\/UOwKXssDmiI\/AAAAAAAABzg\/zpJIk63_O3Y\/s640\/DSCN1159.JPG","datePublished":"2013-03-21T12:43:51+00:00","dateModified":"2020-04-12T15:39:12+00:00","breadcrumb":{"@id":"https:\/\/orthodoxalbania.org\/2020\/2013\/03\/21\/theophany-in-saranda-2013\/#breadcrumb"},"inLanguage":"en-US","potentialAction":[{"@type":"ReadAction","target":["https:\/\/orthodoxalbania.org\/2020\/2013\/03\/21\/theophany-in-saranda-2013\/"]}]},{"@type":"ImageObject","inLanguage":"en-US","@id":"https:\/\/orthodoxalbania.org\/2020\/2013\/03\/21\/theophany-in-saranda-2013\/#primaryimage","url":"https:\/\/lh6.googleusercontent.com\/-cslvUHr9QyI\/UOwKXssDmiI\/AAAAAAAABzg\/zpJIk63_O3Y\/s640\/DSCN1159.JPG","contentUrl":"https:\/\/lh6.googleusercontent.com\/-cslvUHr9QyI\/UOwKXssDmiI\/AAAAAAAABzg\/zpJIk63_O3Y\/s640\/DSCN1159.JPG"},{"@type":"BreadcrumbList","@id":"https:\/\/orthodoxalbania.org\/2020\/2013\/03\/21\/theophany-in-saranda-2013\/#breadcrumb","itemListElement":[{"@type":"ListItem","position":1,"name":"Home","item":"https:\/\/orthodoxalbania.org\/2020\/"},{"@type":"ListItem","position":2,"name":"Theophany in Saranda 2013. (6 January 2013)"}]},{"@type":"WebSite","@id":"https:\/\/orthodoxalbania.org\/2020\/#website","url":"https:\/\/orthodoxalbania.org\/2020\/","name":"Kisha Orthodh\u03bfkse Autoqefale e Shqip\u00ebris\u00eb","description":"Fqja Zyrtare e Kish\u00ebs Orthodhokse Autoqefale e Shqip\u00ebris\u00eb me lajmet edhe informacionet zyrtare p\u00ebr struktur\u00ebn edhe veprimtarin e saj.","publisher":{"@id":"https:\/\/orthodoxalbania.org\/2020\/#organization"},"potentialAction":[{"@type":"SearchAction","target":{"@type":"EntryPoint","urlTemplate":"https:\/\/orthodoxalbania.org\/2020\/?s={search_term_string}"},"query-input":{"@type":"PropertyValueSpecification","valueRequired":true,"valueName":"search_term_string"}}],"inLanguage":"en-US"},{"@type":"Organization","@id":"https:\/\/orthodoxalbania.org\/2020\/#organization","name":"Kisha Orthodhokse Autoqefale e Shqip\u00ebris\u00eb","url":"https:\/\/orthodoxalbania.org\/2020\/","logo":{"@type":"ImageObject","inLanguage":"en-US","@id":"https:\/\/orthodoxalbania.org\/2020\/#\/schema\/logo\/image\/","url":"https:\/\/orthodoxalbania.org\/2020\/wp-content\/uploads\/2020\/05\/albania.jpeg","contentUrl":"https:\/\/orthodoxalbania.org\/2020\/wp-content\/uploads\/2020\/05\/albania.jpeg","width":540,"height":540,"caption":"Kisha Orthodhokse Autoqefale e Shqip\u00ebris\u00eb"},"image":{"@id":"https:\/\/orthodoxalbania.org\/2020\/#\/schema\/logo\/image\/"},"sameAs":["https:\/\/www.facebook.com\/koash1991"]},{"@type":"Person","@id":"https:\/\/orthodoxalbania.org\/2020\/#\/schema\/person\/df745f942b70e045b3dc05a30211f0de","name":"Kisha Orthodhokse","image":{"@type":"ImageObject","inLanguage":"en-US","@id":"https:\/\/secure.gravatar.com\/avatar\/2676eb8d97178435c9f691a7871595a1da6c33542dec218bce40885573150e28?s=96&d=mm&r=g","url":"https:\/\/secure.gravatar.com\/avatar\/2676eb8d97178435c9f691a7871595a1da6c33542dec218bce40885573150e28?s=96&d=mm&r=g","contentUrl":"https:\/\/secure.gravatar.com\/avatar\/2676eb8d97178435c9f691a7871595a1da6c33542dec218bce40885573150e28?s=96&d=mm&r=g","caption":"Kisha Orthodhokse"}}]}},"_links":{"self":[{"href":"https:\/\/orthodoxalbania.org\/2020\/wp-json\/wp\/v2\/posts\/1449","targetHints":{"allow":["GET"]}}],"collection":[{"href":"https:\/\/orthodoxalbania.org\/2020\/wp-json\/wp\/v2\/posts"}],"about":[{"href":"https:\/\/orthodoxalbania.org\/2020\/wp-json\/wp\/v2\/types\/post"}],"author":[{"embeddable":true,"href":"https:\/\/orthodoxalbania.org\/2020\/wp-json\/wp\/v2\/users\/7"}],"replies":[{"embeddable":true,"href":"https:\/\/orthodoxalbania.org\/2020\/wp-json\/wp\/v2\/comments?post=1449"}],"version-history":[{"count":1,"href":"https:\/\/orthodoxalbania.org\/2020\/wp-json\/wp\/v2\/posts\/1449\/revisions"}],"predecessor-version":[{"id":18115,"href":"https:\/\/orthodoxalbania.org\/2020\/wp-json\/wp\/v2\/posts\/1449\/revisions\/18115"}],"wp:attachment":[{"href":"https:\/\/orthodoxalbania.org\/2020\/wp-json\/wp\/v2\/media?parent=1449"}],"wp:term":[{"taxonomy":"category","embeddable":true,"href":"https:\/\/orthodoxalbania.org\/2020\/wp-json\/wp\/v2\/categories?post=1449"},{"taxonomy":"post_tag","embeddable":true,"href":"https:\/\/orthodoxalbania.org\/2020\/wp-json\/wp\/v2\/tags?post=1449"}],"curies":[{"name":"wp","href":"https:\/\/api.w.org\/{rel}","templated":true}]}}