{"id":1448,"date":"2013-03-21T12:43:08","date_gmt":"2013-03-21T12:43:08","guid":{"rendered":""},"modified":"2020-04-06T22:05:51","modified_gmt":"2020-04-06T20:05:51","slug":"theofania-ne-vlore","status":"publish","type":"post","link":"https:\/\/orthodoxalbania.org\/2020\/2013\/03\/21\/theofania-ne-vlore\/","title":{"rendered":"Theofania n\u00eb Vlor\u00eb. (6 Janar 2013)"},"content":{"rendered":"<div style=\"text-align: justify;\"><span style=\"color: #000000;\"><span style=\"font-size: 12px;\"><span style=\"font-family: tahoma,geneva,sans-serif;\"><img class=\"lazyload\" decoding=\"async\" style=\"width: 200px; height: 200px; border-width: 1px; border-style: solid; margin: 10px; float: left;\" alt=\"\" src=\"data:image\/gif;base64,R0lGODlhAQABAAAAACH5BAEKAAEALAAAAAABAAEAAAICTAEAOw==\" data-orig-src=\"https:\/\/lh3.googleusercontent.com\/-26qGVafKTMo\/UOwLiNGuF8I\/AAAAAAAABz8\/HH6jA2-JMBU\/s640\/72289_530436023647902_1279830119_n.jpg\" \/>&nbsp;&nbsp;&nbsp; E kremtja e Theofanis\u00eb, ose Uji i Bekuar, nj\u00eb nga festat m\u00eb t\u00eb m\u00ebdha t\u00eb Kish\u00ebs Orthodhokse. Sot p\u00ebrkujtuam Pag\u00ebzimin e Zotit ton\u00eb Jisu Krisht n\u00eb Lumin Jordan. Ai nuk kishte nevoj\u00eb t\u00eb pag\u00ebzohej p\u00ebr veten e Tij\u00eb, Ai ishte i pa m\u00ebkat,por u pag\u00ebzua p\u00ebr shp\u00ebtimin ton\u00eb. Ai u b\u00eb si ne q\u00eb ne t\u00eb b\u00ebhemi si Ai. Ai mori mbi vete t\u00eb gjitha m\u00ebkatet tona q\u00eb ne t\u00eb shp\u00ebtojm\u00eb.<\/span><\/span><\/span><\/div>\n<div style=\"text-align: justify;\"> <span style=\"color: #000000;\"><span style=\"font-size: 12px;\"><span style=\"font-family: tahoma,geneva,sans-serif;\">&nbsp;&nbsp;&nbsp; Edhe n\u00eb Z\u00ebvend\u00ebsin\u00eb e Vlor\u00ebs kjo e kremte u festua n\u00eb t\u00eb gjitha Kishat. Pas Liturgjis\u00eb Hyjnore u b\u00eb edhe Bekimi i Ujit n\u00eb ambientet e Kishave. N\u00eb Kish\u00ebn e Sh\u00ebn Theodhor\u00ebve pas Liturgjis\u00eb Hyjnore t\u00eb gjith\u00eb besimtar\u00ebt u drejtuan p\u00ebr te vendi i quajtur Moli i Vlor\u00ebs. Pas ceremonis\u00eb s\u00eb rastit u b\u00eb hedhja e Kryqit n\u00eb det nga At\u00eb Kostandin Prifti. Kryqi sivjet u gjet nga besimtari Klodi Shani.<\/span><\/span><\/span><\/div>\n<div style=\"text-align: justify;\"> <span style=\"color: #000000;\"><span style=\"font-size: 12px;\"><span style=\"font-family: tahoma,geneva,sans-serif;\">&nbsp;&nbsp;&nbsp; N\u00eb Kish\u00ebn Sh\u00ebn Athanasi t\u00eb Selenic\u00ebs n\u00eb m\u00ebngjes u celebrua Liturgjia Hyjnore gjat\u00eb s\u00eb cil\u00ebs u lexua edhe p\u00ebrsh\u00ebndetja e Mitropolitit t\u00eb Beratit, Vlor\u00ebs dhe Kanin\u00ebs, Imzot Ignatit&nbsp; drejtuar besimtar\u00ebve me rastin e k\u00ebsaj dite t\u00eb shenjt\u00eb.<\/span><\/span><\/span><\/div>\n<div style=\"text-align: justify;\"> <span style=\"color: #000000;\"><span style=\"font-size: 12px;\"><span style=\"font-family: tahoma,geneva,sans-serif;\">&nbsp;&nbsp;&nbsp; Pas ceremonive t\u00eb kryera n\u00eb Kish\u00eb, besimtar\u00ebt u drejtuan p\u00ebr n\u00eb Lumin e Vjos\u00ebs. Edhe sivjet t\u00eb rinjt\u00eb e Selenic\u00ebs sfiduan uj\u00ebrat e ftohta dhe t\u00eb rr\u00ebmbyeshme t\u00eb k\u00ebtij&nbsp; lumi. P\u00ebr t\u00eb kapur Kryqin u hodh\u00ebn t\u00eb rinjt\u00eb Romeo Bombaj, Damiano Mitraj, Mateo Bombaj dhe Dhimit\u00ebr Beko. K\u00ebsaj here kryqin e nxorri nga uj\u00ebrat e ftohta&nbsp; i riu Mateo Bombaj. M\u00eb pas besimtar\u00ebt p\u00ebrcoll\u00ebn deri n\u00eb qend\u00ebr t\u00eb qytetit t\u00eb riun Mateo Bombaj t\u00eb cilit i uruan t\u00eb ket\u00eb mbar\u00ebsi n\u00eb familjen e tij.<\/span><\/span><\/span><\/div>\n<div style=\"text-align: justify;\">&nbsp;<\/div>\n<div style=\"text-align: right;\"> <span style=\"color: #000000;\"><span style=\"font-size: 12px;\"><span style=\"font-family: tahoma,geneva,sans-serif;\"><strong>At\u00eb Spiro Bulika<\/p>\n<p><\/strong><\/span><\/span><\/span><\/div>\n<div style=\"text-align: center;\"><img class=\"lazyload\" decoding=\"async\" style=\"display: block; margin: 10px auto; border: 1px solid #000000;\" alt=\"\" src=\"data:image\/svg+xml,%3Csvg%20xmlns%3D%27http%3A%2F%2Fwww.w3.org%2F2000%2Fsvg%27%20width%3D%27450%27%20height%3D%27300%27%20viewBox%3D%270%200%20450%20300%27%3E%3Crect%20width%3D%27450%27%20height%3D%27300%27%20fill-opacity%3D%220%22%2F%3E%3C%2Fsvg%3E\" data-orig-src=\"https:\/\/lh6.googleusercontent.com\/-9r5ULGiIwa0\/Vm_mxmtZvcI\/AAAAAAAAQno\/r1kny756jPA\/w958-h639-no\/72289_530436023647902_1279830119_n.jpg\" height=\"300\" width=\"450\" \/><\/div>\n<div style=\"text-align: center;\"><img class=\"lazyload\" decoding=\"async\" style=\"display: block; margin: 10px auto; border: 1px solid #000000;\" alt=\"\" src=\"data:image\/svg+xml,%3Csvg%20xmlns%3D%27http%3A%2F%2Fwww.w3.org%2F2000%2Fsvg%27%20width%3D%27450%27%20height%3D%27337%27%20viewBox%3D%270%200%20450%20337%27%3E%3Crect%20width%3D%27450%27%20height%3D%27337%27%20fill-opacity%3D%220%22%2F%3E%3C%2Fsvg%3E\" data-orig-src=\"https:\/\/lh3.googleusercontent.com\/-Ark63zy8Y1w\/Vm_mxl7N8lI\/AAAAAAAAQns\/WdUZb06uiWw\/w958-h719-no\/545003_509126239109209_1390946418_n.jpg\" height=\"337\" width=\"450\" \/><\/div>\n","protected":false},"excerpt":{"rendered":"<p>&nbsp;&nbsp;&nbsp; E kremtja e Theofanis\u00eb, ose Uji i Bekuar, nj\u00eb nga festat m\u00eb t\u00eb m\u00ebdha t\u00eb Kish\u00ebs Orthodhokse. Sot p\u00ebrkujtuam Pag\u00ebzimin e Zotit ton\u00eb Jisu Krisht n\u00eb Lumin Jordan. Ai nuk kishte nevoj\u00eb t\u00eb pag\u00ebzohej p\u00ebr veten e Tij\u00eb, Ai ishte i pa m\u00ebkat,por u pag\u00ebzua p\u00ebr shp\u00ebtimin ton\u00eb. Ai u b\u00eb si ne q\u00eb ne t\u00eb b\u00ebhemi si Ai. Ai mori mbi vete t\u00eb<\/p>\n","protected":false},"author":1,"featured_media":0,"comment_status":"open","ping_status":"open","sticky":false,"template":"","format":"standard","meta":{"_acf_changed":false,"pagelayer_contact_templates":[],"_pagelayer_content":"","inline_featured_image":false,"fifu_image_url":"","fifu_image_alt":"","footnotes":""},"categories":[108],"tags":[141,212,197,193],"class_list":["post-1448","post","type-post","status-publish","format-standard","hentry","category-lajme","tag-141","tag-lajme-d27","tag-berat","tag-uji-i-bekuar"],"acf":[],"yoast_head":"<!-- This site is optimized with the Yoast SEO plugin v27.2 - https:\/\/yoast.com\/product\/yoast-seo-wordpress\/ -->\n<title>Theofania n\u00eb Vlor\u00eb. (6 Janar 2013) - Kisha Orthodh\u03bfkse Autoqefale e Shqip\u00ebris\u00eb<\/title>\n<meta name=\"robots\" content=\"index, follow, max-snippet:-1, max-image-preview:large, max-video-preview:-1\" \/>\n<link rel=\"canonical\" href=\"https:\/\/orthodoxalbania.org\/2020\/2013\/03\/21\/theofania-ne-vlore\/\" \/>\n<meta property=\"og:locale\" content=\"en_US\" \/>\n<meta property=\"og:type\" content=\"article\" \/>\n<meta property=\"og:title\" content=\"Theofania n\u00eb Vlor\u00eb. (6 Janar 2013) - Kisha Orthodh\u03bfkse Autoqefale e Shqip\u00ebris\u00eb\" \/>\n<meta property=\"og:description\" content=\"&nbsp;&nbsp;&nbsp; E kremtja e Theofanis\u00eb, ose Uji i Bekuar, nj\u00eb nga festat m\u00eb t\u00eb m\u00ebdha t\u00eb Kish\u00ebs Orthodhokse. Sot p\u00ebrkujtuam Pag\u00ebzimin e Zotit ton\u00eb Jisu Krisht n\u00eb Lumin Jordan. Ai nuk kishte nevoj\u00eb t\u00eb pag\u00ebzohej p\u00ebr veten e Tij\u00eb, Ai ishte i pa m\u00ebkat,por u pag\u00ebzua p\u00ebr shp\u00ebtimin ton\u00eb. Ai u b\u00eb si ne q\u00eb ne t\u00eb b\u00ebhemi si Ai. Ai mori mbi vete t\u00eb\" \/>\n<meta property=\"og:url\" content=\"https:\/\/orthodoxalbania.org\/2020\/2013\/03\/21\/theofania-ne-vlore\/\" \/>\n<meta property=\"og:site_name\" content=\"Kisha Orthodh\u03bfkse Autoqefale e Shqip\u00ebris\u00eb\" \/>\n<meta property=\"article:publisher\" content=\"https:\/\/www.facebook.com\/koash1991\" \/>\n<meta property=\"article:published_time\" content=\"2013-03-21T12:43:08+00:00\" \/>\n<meta property=\"article:modified_time\" content=\"2020-04-06T20:05:51+00:00\" \/>\n<meta property=\"og:image\" content=\"https:\/\/lh3.googleusercontent.com\/-26qGVafKTMo\/UOwLiNGuF8I\/AAAAAAAABz8\/HH6jA2-JMBU\/s640\/72289_530436023647902_1279830119_n.jpg\" \/>\n<meta name=\"author\" content=\"Kisha Orthodhokse\" \/>\n<meta name=\"twitter:card\" content=\"summary_large_image\" \/>\n<meta name=\"twitter:label1\" content=\"Written by\" \/>\n\t<meta name=\"twitter:data1\" content=\"Kisha Orthodhokse\" \/>\n\t<meta name=\"twitter:label2\" content=\"Est. reading time\" \/>\n\t<meta name=\"twitter:data2\" content=\"2 minutes\" \/>\n<script type=\"application\/ld+json\" class=\"yoast-schema-graph\">{\"@context\":\"https:\/\/schema.org\",\"@graph\":[{\"@type\":\"Article\",\"@id\":\"https:\/\/orthodoxalbania.org\/2020\/2013\/03\/21\/theofania-ne-vlore\/#article\",\"isPartOf\":{\"@id\":\"https:\/\/orthodoxalbania.org\/2020\/2013\/03\/21\/theofania-ne-vlore\/\"},\"author\":{\"name\":\"Kisha Orthodhokse\",\"@id\":\"https:\/\/orthodoxalbania.org\/2020\/#\/schema\/person\/0c387634a7063ac612d7ed9ce71c7e86\"},\"headline\":\"Theofania n\u00eb Vlor\u00eb. (6 Janar 2013)\",\"datePublished\":\"2013-03-21T12:43:08+00:00\",\"dateModified\":\"2020-04-06T20:05:51+00:00\",\"mainEntityOfPage\":{\"@id\":\"https:\/\/orthodoxalbania.org\/2020\/2013\/03\/21\/theofania-ne-vlore\/\"},\"wordCount\":337,\"commentCount\":0,\"publisher\":{\"@id\":\"https:\/\/orthodoxalbania.org\/2020\/#organization\"},\"image\":{\"@id\":\"https:\/\/orthodoxalbania.org\/2020\/2013\/03\/21\/theofania-ne-vlore\/#primaryimage\"},\"thumbnailUrl\":\"https:\/\/lh3.googleusercontent.com\/-26qGVafKTMo\/UOwLiNGuF8I\/AAAAAAAABz8\/HH6jA2-JMBU\/s640\/72289_530436023647902_1279830119_n.jpg\",\"keywords\":[\"2013\",\"lajme\",\"Mitropolia Berat\",\"Uji i Bekuar\"],\"articleSection\":[\"Lajme\"],\"inLanguage\":\"en-US\"},{\"@type\":\"WebPage\",\"@id\":\"https:\/\/orthodoxalbania.org\/2020\/2013\/03\/21\/theofania-ne-vlore\/\",\"url\":\"https:\/\/orthodoxalbania.org\/2020\/2013\/03\/21\/theofania-ne-vlore\/\",\"name\":\"Theofania n\u00eb Vlor\u00eb. (6 Janar 2013) - Kisha Orthodh\u03bfkse Autoqefale e Shqip\u00ebris\u00eb\",\"isPartOf\":{\"@id\":\"https:\/\/orthodoxalbania.org\/2020\/#website\"},\"primaryImageOfPage\":{\"@id\":\"https:\/\/orthodoxalbania.org\/2020\/2013\/03\/21\/theofania-ne-vlore\/#primaryimage\"},\"image\":{\"@id\":\"https:\/\/orthodoxalbania.org\/2020\/2013\/03\/21\/theofania-ne-vlore\/#primaryimage\"},\"thumbnailUrl\":\"https:\/\/lh3.googleusercontent.com\/-26qGVafKTMo\/UOwLiNGuF8I\/AAAAAAAABz8\/HH6jA2-JMBU\/s640\/72289_530436023647902_1279830119_n.jpg\",\"datePublished\":\"2013-03-21T12:43:08+00:00\",\"dateModified\":\"2020-04-06T20:05:51+00:00\",\"breadcrumb\":{\"@id\":\"https:\/\/orthodoxalbania.org\/2020\/2013\/03\/21\/theofania-ne-vlore\/#breadcrumb\"},\"inLanguage\":\"en-US\",\"potentialAction\":[{\"@type\":\"ReadAction\",\"target\":[\"https:\/\/orthodoxalbania.org\/2020\/2013\/03\/21\/theofania-ne-vlore\/\"]}]},{\"@type\":\"ImageObject\",\"inLanguage\":\"en-US\",\"@id\":\"https:\/\/orthodoxalbania.org\/2020\/2013\/03\/21\/theofania-ne-vlore\/#primaryimage\",\"url\":\"https:\/\/lh3.googleusercontent.com\/-26qGVafKTMo\/UOwLiNGuF8I\/AAAAAAAABz8\/HH6jA2-JMBU\/s640\/72289_530436023647902_1279830119_n.jpg\",\"contentUrl\":\"https:\/\/lh3.googleusercontent.com\/-26qGVafKTMo\/UOwLiNGuF8I\/AAAAAAAABz8\/HH6jA2-JMBU\/s640\/72289_530436023647902_1279830119_n.jpg\"},{\"@type\":\"BreadcrumbList\",\"@id\":\"https:\/\/orthodoxalbania.org\/2020\/2013\/03\/21\/theofania-ne-vlore\/#breadcrumb\",\"itemListElement\":[{\"@type\":\"ListItem\",\"position\":1,\"name\":\"Home\",\"item\":\"https:\/\/orthodoxalbania.org\/2020\/\"},{\"@type\":\"ListItem\",\"position\":2,\"name\":\"Theofania n\u00eb Vlor\u00eb. (6 Janar 2013)\"}]},{\"@type\":\"WebSite\",\"@id\":\"https:\/\/orthodoxalbania.org\/2020\/#website\",\"url\":\"https:\/\/orthodoxalbania.org\/2020\/\",\"name\":\"Kisha Orthodh\u03bfkse Autoqefale e Shqip\u00ebris\u00eb\",\"description\":\"Fqja Zyrtare e Kish\u00ebs Orthodhokse Autoqefale e Shqip\u00ebris\u00eb me lajmet edhe informacionet zyrtare p\u00ebr struktur\u00ebn edhe veprimtarin e saj.\",\"publisher\":{\"@id\":\"https:\/\/orthodoxalbania.org\/2020\/#organization\"},\"potentialAction\":[{\"@type\":\"SearchAction\",\"target\":{\"@type\":\"EntryPoint\",\"urlTemplate\":\"https:\/\/orthodoxalbania.org\/2020\/?s={search_term_string}\"},\"query-input\":{\"@type\":\"PropertyValueSpecification\",\"valueRequired\":true,\"valueName\":\"search_term_string\"}}],\"inLanguage\":\"en-US\"},{\"@type\":\"Organization\",\"@id\":\"https:\/\/orthodoxalbania.org\/2020\/#organization\",\"name\":\"Kisha Orthodhokse Autoqefale e Shqip\u00ebris\u00eb\",\"url\":\"https:\/\/orthodoxalbania.org\/2020\/\",\"logo\":{\"@type\":\"ImageObject\",\"inLanguage\":\"en-US\",\"@id\":\"https:\/\/orthodoxalbania.org\/2020\/#\/schema\/logo\/image\/\",\"url\":\"https:\/\/orthodoxalbania.org\/2020\/wp-content\/uploads\/2020\/05\/albania.jpeg\",\"contentUrl\":\"https:\/\/orthodoxalbania.org\/2020\/wp-content\/uploads\/2020\/05\/albania.jpeg\",\"width\":540,\"height\":540,\"caption\":\"Kisha Orthodhokse Autoqefale e Shqip\u00ebris\u00eb\"},\"image\":{\"@id\":\"https:\/\/orthodoxalbania.org\/2020\/#\/schema\/logo\/image\/\"},\"sameAs\":[\"https:\/\/www.facebook.com\/koash1991\"]},{\"@type\":\"Person\",\"@id\":\"https:\/\/orthodoxalbania.org\/2020\/#\/schema\/person\/0c387634a7063ac612d7ed9ce71c7e86\",\"name\":\"Kisha Orthodhokse\",\"image\":{\"@type\":\"ImageObject\",\"inLanguage\":\"en-US\",\"@id\":\"https:\/\/secure.gravatar.com\/avatar\/596e7c417251e30f2fbb9c00e026fce61a695a00e51c889caded71c96cbbdde5?s=96&d=mm&r=g\",\"url\":\"https:\/\/secure.gravatar.com\/avatar\/596e7c417251e30f2fbb9c00e026fce61a695a00e51c889caded71c96cbbdde5?s=96&d=mm&r=g\",\"contentUrl\":\"https:\/\/secure.gravatar.com\/avatar\/596e7c417251e30f2fbb9c00e026fce61a695a00e51c889caded71c96cbbdde5?s=96&d=mm&r=g\",\"caption\":\"Kisha Orthodhokse\"}}]}<\/script>\n<!-- \/ Yoast SEO plugin. -->","yoast_head_json":{"title":"Theofania n\u00eb Vlor\u00eb. (6 Janar 2013) - Kisha Orthodh\u03bfkse Autoqefale e Shqip\u00ebris\u00eb","robots":{"index":"index","follow":"follow","max-snippet":"max-snippet:-1","max-image-preview":"max-image-preview:large","max-video-preview":"max-video-preview:-1"},"canonical":"https:\/\/orthodoxalbania.org\/2020\/2013\/03\/21\/theofania-ne-vlore\/","og_locale":"en_US","og_type":"article","og_title":"Theofania n\u00eb Vlor\u00eb. (6 Janar 2013) - Kisha Orthodh\u03bfkse Autoqefale e Shqip\u00ebris\u00eb","og_description":"&nbsp;&nbsp;&nbsp; E kremtja e Theofanis\u00eb, ose Uji i Bekuar, nj\u00eb nga festat m\u00eb t\u00eb m\u00ebdha t\u00eb Kish\u00ebs Orthodhokse. Sot p\u00ebrkujtuam Pag\u00ebzimin e Zotit ton\u00eb Jisu Krisht n\u00eb Lumin Jordan. Ai nuk kishte nevoj\u00eb t\u00eb pag\u00ebzohej p\u00ebr veten e Tij\u00eb, Ai ishte i pa m\u00ebkat,por u pag\u00ebzua p\u00ebr shp\u00ebtimin ton\u00eb. Ai u b\u00eb si ne q\u00eb ne t\u00eb b\u00ebhemi si Ai. Ai mori mbi vete t\u00eb","og_url":"https:\/\/orthodoxalbania.org\/2020\/2013\/03\/21\/theofania-ne-vlore\/","og_site_name":"Kisha Orthodh\u03bfkse Autoqefale e Shqip\u00ebris\u00eb","article_publisher":"https:\/\/www.facebook.com\/koash1991","article_published_time":"2013-03-21T12:43:08+00:00","article_modified_time":"2020-04-06T20:05:51+00:00","og_image":[{"url":"https:\/\/lh3.googleusercontent.com\/-26qGVafKTMo\/UOwLiNGuF8I\/AAAAAAAABz8\/HH6jA2-JMBU\/s640\/72289_530436023647902_1279830119_n.jpg","type":"","width":"","height":""}],"author":"Kisha Orthodhokse","twitter_card":"summary_large_image","twitter_misc":{"Written by":"Kisha Orthodhokse","Est. reading time":"2 minutes"},"schema":{"@context":"https:\/\/schema.org","@graph":[{"@type":"Article","@id":"https:\/\/orthodoxalbania.org\/2020\/2013\/03\/21\/theofania-ne-vlore\/#article","isPartOf":{"@id":"https:\/\/orthodoxalbania.org\/2020\/2013\/03\/21\/theofania-ne-vlore\/"},"author":{"name":"Kisha Orthodhokse","@id":"https:\/\/orthodoxalbania.org\/2020\/#\/schema\/person\/0c387634a7063ac612d7ed9ce71c7e86"},"headline":"Theofania n\u00eb Vlor\u00eb. (6 Janar 2013)","datePublished":"2013-03-21T12:43:08+00:00","dateModified":"2020-04-06T20:05:51+00:00","mainEntityOfPage":{"@id":"https:\/\/orthodoxalbania.org\/2020\/2013\/03\/21\/theofania-ne-vlore\/"},"wordCount":337,"commentCount":0,"publisher":{"@id":"https:\/\/orthodoxalbania.org\/2020\/#organization"},"image":{"@id":"https:\/\/orthodoxalbania.org\/2020\/2013\/03\/21\/theofania-ne-vlore\/#primaryimage"},"thumbnailUrl":"https:\/\/lh3.googleusercontent.com\/-26qGVafKTMo\/UOwLiNGuF8I\/AAAAAAAABz8\/HH6jA2-JMBU\/s640\/72289_530436023647902_1279830119_n.jpg","keywords":["2013","lajme","Mitropolia Berat","Uji i Bekuar"],"articleSection":["Lajme"],"inLanguage":"en-US"},{"@type":"WebPage","@id":"https:\/\/orthodoxalbania.org\/2020\/2013\/03\/21\/theofania-ne-vlore\/","url":"https:\/\/orthodoxalbania.org\/2020\/2013\/03\/21\/theofania-ne-vlore\/","name":"Theofania n\u00eb Vlor\u00eb. (6 Janar 2013) - Kisha Orthodh\u03bfkse Autoqefale e Shqip\u00ebris\u00eb","isPartOf":{"@id":"https:\/\/orthodoxalbania.org\/2020\/#website"},"primaryImageOfPage":{"@id":"https:\/\/orthodoxalbania.org\/2020\/2013\/03\/21\/theofania-ne-vlore\/#primaryimage"},"image":{"@id":"https:\/\/orthodoxalbania.org\/2020\/2013\/03\/21\/theofania-ne-vlore\/#primaryimage"},"thumbnailUrl":"https:\/\/lh3.googleusercontent.com\/-26qGVafKTMo\/UOwLiNGuF8I\/AAAAAAAABz8\/HH6jA2-JMBU\/s640\/72289_530436023647902_1279830119_n.jpg","datePublished":"2013-03-21T12:43:08+00:00","dateModified":"2020-04-06T20:05:51+00:00","breadcrumb":{"@id":"https:\/\/orthodoxalbania.org\/2020\/2013\/03\/21\/theofania-ne-vlore\/#breadcrumb"},"inLanguage":"en-US","potentialAction":[{"@type":"ReadAction","target":["https:\/\/orthodoxalbania.org\/2020\/2013\/03\/21\/theofania-ne-vlore\/"]}]},{"@type":"ImageObject","inLanguage":"en-US","@id":"https:\/\/orthodoxalbania.org\/2020\/2013\/03\/21\/theofania-ne-vlore\/#primaryimage","url":"https:\/\/lh3.googleusercontent.com\/-26qGVafKTMo\/UOwLiNGuF8I\/AAAAAAAABz8\/HH6jA2-JMBU\/s640\/72289_530436023647902_1279830119_n.jpg","contentUrl":"https:\/\/lh3.googleusercontent.com\/-26qGVafKTMo\/UOwLiNGuF8I\/AAAAAAAABz8\/HH6jA2-JMBU\/s640\/72289_530436023647902_1279830119_n.jpg"},{"@type":"BreadcrumbList","@id":"https:\/\/orthodoxalbania.org\/2020\/2013\/03\/21\/theofania-ne-vlore\/#breadcrumb","itemListElement":[{"@type":"ListItem","position":1,"name":"Home","item":"https:\/\/orthodoxalbania.org\/2020\/"},{"@type":"ListItem","position":2,"name":"Theofania n\u00eb Vlor\u00eb. (6 Janar 2013)"}]},{"@type":"WebSite","@id":"https:\/\/orthodoxalbania.org\/2020\/#website","url":"https:\/\/orthodoxalbania.org\/2020\/","name":"Kisha Orthodh\u03bfkse Autoqefale e Shqip\u00ebris\u00eb","description":"Fqja Zyrtare e Kish\u00ebs Orthodhokse Autoqefale e Shqip\u00ebris\u00eb me lajmet edhe informacionet zyrtare p\u00ebr struktur\u00ebn edhe veprimtarin e saj.","publisher":{"@id":"https:\/\/orthodoxalbania.org\/2020\/#organization"},"potentialAction":[{"@type":"SearchAction","target":{"@type":"EntryPoint","urlTemplate":"https:\/\/orthodoxalbania.org\/2020\/?s={search_term_string}"},"query-input":{"@type":"PropertyValueSpecification","valueRequired":true,"valueName":"search_term_string"}}],"inLanguage":"en-US"},{"@type":"Organization","@id":"https:\/\/orthodoxalbania.org\/2020\/#organization","name":"Kisha Orthodhokse Autoqefale e Shqip\u00ebris\u00eb","url":"https:\/\/orthodoxalbania.org\/2020\/","logo":{"@type":"ImageObject","inLanguage":"en-US","@id":"https:\/\/orthodoxalbania.org\/2020\/#\/schema\/logo\/image\/","url":"https:\/\/orthodoxalbania.org\/2020\/wp-content\/uploads\/2020\/05\/albania.jpeg","contentUrl":"https:\/\/orthodoxalbania.org\/2020\/wp-content\/uploads\/2020\/05\/albania.jpeg","width":540,"height":540,"caption":"Kisha Orthodhokse Autoqefale e Shqip\u00ebris\u00eb"},"image":{"@id":"https:\/\/orthodoxalbania.org\/2020\/#\/schema\/logo\/image\/"},"sameAs":["https:\/\/www.facebook.com\/koash1991"]},{"@type":"Person","@id":"https:\/\/orthodoxalbania.org\/2020\/#\/schema\/person\/0c387634a7063ac612d7ed9ce71c7e86","name":"Kisha Orthodhokse","image":{"@type":"ImageObject","inLanguage":"en-US","@id":"https:\/\/secure.gravatar.com\/avatar\/596e7c417251e30f2fbb9c00e026fce61a695a00e51c889caded71c96cbbdde5?s=96&d=mm&r=g","url":"https:\/\/secure.gravatar.com\/avatar\/596e7c417251e30f2fbb9c00e026fce61a695a00e51c889caded71c96cbbdde5?s=96&d=mm&r=g","contentUrl":"https:\/\/secure.gravatar.com\/avatar\/596e7c417251e30f2fbb9c00e026fce61a695a00e51c889caded71c96cbbdde5?s=96&d=mm&r=g","caption":"Kisha Orthodhokse"}}]}},"_links":{"self":[{"href":"https:\/\/orthodoxalbania.org\/2020\/wp-json\/wp\/v2\/posts\/1448","targetHints":{"allow":["GET"]}}],"collection":[{"href":"https:\/\/orthodoxalbania.org\/2020\/wp-json\/wp\/v2\/posts"}],"about":[{"href":"https:\/\/orthodoxalbania.org\/2020\/wp-json\/wp\/v2\/types\/post"}],"author":[{"embeddable":true,"href":"https:\/\/orthodoxalbania.org\/2020\/wp-json\/wp\/v2\/users\/1"}],"replies":[{"embeddable":true,"href":"https:\/\/orthodoxalbania.org\/2020\/wp-json\/wp\/v2\/comments?post=1448"}],"version-history":[{"count":1,"href":"https:\/\/orthodoxalbania.org\/2020\/wp-json\/wp\/v2\/posts\/1448\/revisions"}],"predecessor-version":[{"id":15262,"href":"https:\/\/orthodoxalbania.org\/2020\/wp-json\/wp\/v2\/posts\/1448\/revisions\/15262"}],"wp:attachment":[{"href":"https:\/\/orthodoxalbania.org\/2020\/wp-json\/wp\/v2\/media?parent=1448"}],"wp:term":[{"taxonomy":"category","embeddable":true,"href":"https:\/\/orthodoxalbania.org\/2020\/wp-json\/wp\/v2\/categories?post=1448"},{"taxonomy":"post_tag","embeddable":true,"href":"https:\/\/orthodoxalbania.org\/2020\/wp-json\/wp\/v2\/tags?post=1448"}],"curies":[{"name":"wp","href":"https:\/\/api.w.org\/{rel}","templated":true}]}}