{"id":1447,"date":"2013-03-21T12:43:51","date_gmt":"2013-03-21T12:43:51","guid":{"rendered":""},"modified":"2020-04-06T22:05:51","modified_gmt":"2020-04-06T20:05:51","slug":"theofania-ne-sarande","status":"publish","type":"post","link":"https:\/\/orthodoxalbania.org\/2020\/2013\/03\/21\/theofania-ne-sarande\/","title":{"rendered":"Theofania n\u00eb Sarand\u00eb. (6 Janar 2013)"},"content":{"rendered":"<p style=\"text-align: justify;\">\n\t<span style=\"color:#000000;\"><span style=\"font-size: 12px;\"><span style=\"font-family: tahoma,geneva,sans-serif;\"><img class=\"lazyload\" decoding=\"async\" src=\"data:image\/gif;base64,R0lGODlhAQABAAAAACH5BAEKAAEALAAAAAABAAEAAAICTAEAOw==\" data-orig-src=\"https:\/\/lh6.googleusercontent.com\/-cslvUHr9QyI\/UOwKXssDmiI\/AAAAAAAABzg\/zpJIk63_O3Y\/s640\/DSCN1159.JPG\" style=\"width: 200px; height: 150px; border-width: 1px; border-style: solid; margin: 10px; float: left;\" \/>&nbsp;&nbsp;&nbsp; Tashm\u00eb \u00ebsht\u00eb b\u00ebr\u00eb tradit\u00eb q\u00eb e kremtja e ujit t\u00eb bekuar n\u00eb mitropolin\u00eb ton\u00eb t\u00eb festohet me madh\u00ebshti n\u00eb qytetin e Sarand\u00ebs, kjo p\u00ebr vet\u00eb faktin se pran\u00eb kish\u00ebs ndodhen edhe uj\u00ebrat e detit Jon. Kjo Liturgji u kryesua nga mitropoliti i Gjirokastr\u00ebs Dhimitri ku p\u00ebrve\u00e7 besimtar\u00ebve t\u00eb shumt\u00eb q\u00eb merrnin pjes\u00eb, n\u00eb t\u00eb merrnin pjes\u00eb edhe konsulli i konsullat\u00ebs Greke n\u00eb Gjirokast\u00ebr z. Nikolla Kotrokois, Ministri i Pun\u00ebve dhe \u00c7\u00ebshtjeve Sociale z. Spiro Ksera, kryetari i komun\u00ebs s\u00eb&nbsp; Livadhjas\u00eb z. Irodh Dalani dhe kryetari i komun\u00ebs s\u00eb Finiqit z. Sokrat Spiro. Kryqi k\u00ebt\u00eb vit u kap prej t\u00eb riut nga Saranda me emrin Foti. Me shum\u00eb shprestari kjo dit\u00eb u prit edhe n\u00eb qytetin e P\u00ebrmetit ku kryqi u hodh n\u00eb uj\u00ebrat e lumit Vjos\u00eb. P\u00ebrve\u00e7 k\u00ebtyre qyteteve q\u00eb p\u00ebrmend\u00ebm, kjo fest\u00eb u kremtua edhe n\u00eb qytetin e Gjirokastr\u00ebs, Himar\u00ebs, Dh\u00ebrmiut dhe K\u00eblcyr\u00ebs.<\/span><\/span><\/span><\/p>\n<p style=\"text-align: justify;\">\n\t&nbsp;<\/p>\n<p style=\"text-align: right;\">\n\t<span style=\"color:#000000;\"><span style=\"font-size: 12px;\"><span style=\"font-family: tahoma,geneva,sans-serif;\"><strong>Emiliano Lito<\/strong><\/span><\/span><\/span><br \/>\n\t<span style=\"color:#000000;\"><span style=\"font-size: 12px;\"><span style=\"font-family: tahoma,geneva,sans-serif;\"><strong><img class=\"lazyload\" decoding=\"async\" src=\"data:image\/gif;base64,R0lGODlhAQABAAAAACH5BAEKAAEALAAAAAABAAEAAAICTAEAOw==\" data-orig-src=\"https:\/\/lh4.googleusercontent.com\/-_O7Lbq5BpNM\/UOwKAanO4uI\/AAAAAAAABzY\/n06q-oRq8PY\/s512\/\u03b1\u03b3\u03b9\u03bf\u03b9 \u03c3\u03b1\u03c1\u03b1\u03bd\u03c4\u03b1 12.jpg\" style=\"width: 600px; height: 800px; border-width: 1px; border-style: solid; margin: 10px; float: left;\" \/><br \/>\n\t<\/strong><br \/>\n\t<strong><img class=\"lazyload\" decoding=\"async\" src=\"data:image\/gif;base64,R0lGODlhAQABAAAAACH5BAEKAAEALAAAAAABAAEAAAICTAEAOw==\" data-orig-src=\"https:\/\/lh3.googleusercontent.com\/-zEtt0AA7mVU\/UOwKX0XTSRI\/AAAAAAAABzk\/K8pam8jQfes\/s640\/DSCN1153.JPG\" style=\"width: 600px; height: 450px; border-width: 1px; border-style: solid; margin: 10px; float: left;\" \/><br \/>\n\t<\/strong><\/span><\/span><\/span><\/p>\n","protected":false},"excerpt":{"rendered":"<p>&nbsp;&nbsp;&nbsp; Tashm\u00eb \u00ebsht\u00eb b\u00ebr\u00eb tradit\u00eb q\u00eb e kremtja e ujit t\u00eb bekuar n\u00eb mitropolin\u00eb ton\u00eb t\u00eb festohet me madh\u00ebshti n\u00eb qytetin e Sarand\u00ebs, kjo p\u00ebr vet\u00eb faktin se pran\u00eb kish\u00ebs ndodhen edhe uj\u00ebrat e detit Jon. Kjo Liturgji u kryesua nga mitropoliti i Gjirokastr\u00ebs Dhimitri ku p\u00ebrve\u00e7 besimtar\u00ebve t\u00eb shumt\u00eb q\u00eb merrnin pjes\u00eb, n\u00eb t\u00eb merrnin pjes\u00eb edhe konsulli i konsullat\u00ebs Greke n\u00eb Gjirokast\u00ebr z.<\/p>\n","protected":false},"author":1,"featured_media":0,"comment_status":"open","ping_status":"open","sticky":false,"template":"","format":"standard","meta":{"_acf_changed":false,"pagelayer_contact_templates":[],"_pagelayer_content":"","inline_featured_image":false,"fifu_image_url":"","fifu_image_alt":"","footnotes":""},"categories":[108],"tags":[141,212,198],"class_list":["post-1447","post","type-post","status-publish","format-standard","hentry","category-lajme","tag-141","tag-lajme-d27","tag-gjirokaster"],"acf":[],"yoast_head":"<!-- This site is optimized with the Yoast SEO plugin v27.2 - https:\/\/yoast.com\/product\/yoast-seo-wordpress\/ -->\n<title>Theofania n\u00eb Sarand\u00eb. (6 Janar 2013) - Kisha Orthodh\u03bfkse Autoqefale e Shqip\u00ebris\u00eb<\/title>\n<meta name=\"robots\" content=\"index, follow, max-snippet:-1, max-image-preview:large, max-video-preview:-1\" \/>\n<link rel=\"canonical\" href=\"https:\/\/orthodoxalbania.org\/2020\/2013\/03\/21\/theofania-ne-sarande\/\" \/>\n<meta property=\"og:locale\" content=\"en_US\" \/>\n<meta property=\"og:type\" content=\"article\" \/>\n<meta property=\"og:title\" content=\"Theofania n\u00eb Sarand\u00eb. (6 Janar 2013) - Kisha Orthodh\u03bfkse Autoqefale e Shqip\u00ebris\u00eb\" \/>\n<meta property=\"og:description\" content=\"&nbsp;&nbsp;&nbsp; Tashm\u00eb \u00ebsht\u00eb b\u00ebr\u00eb tradit\u00eb q\u00eb e kremtja e ujit t\u00eb bekuar n\u00eb mitropolin\u00eb ton\u00eb t\u00eb festohet me madh\u00ebshti n\u00eb qytetin e Sarand\u00ebs, kjo p\u00ebr vet\u00eb faktin se pran\u00eb kish\u00ebs ndodhen edhe uj\u00ebrat e detit Jon. Kjo Liturgji u kryesua nga mitropoliti i Gjirokastr\u00ebs Dhimitri ku p\u00ebrve\u00e7 besimtar\u00ebve t\u00eb shumt\u00eb q\u00eb merrnin pjes\u00eb, n\u00eb t\u00eb merrnin pjes\u00eb edhe konsulli i konsullat\u00ebs Greke n\u00eb Gjirokast\u00ebr z.\" \/>\n<meta property=\"og:url\" content=\"https:\/\/orthodoxalbania.org\/2020\/2013\/03\/21\/theofania-ne-sarande\/\" \/>\n<meta property=\"og:site_name\" content=\"Kisha Orthodh\u03bfkse Autoqefale e Shqip\u00ebris\u00eb\" \/>\n<meta property=\"article:publisher\" content=\"https:\/\/www.facebook.com\/koash1991\" \/>\n<meta property=\"article:published_time\" content=\"2013-03-21T12:43:51+00:00\" \/>\n<meta property=\"article:modified_time\" content=\"2020-04-06T20:05:51+00:00\" \/>\n<meta property=\"og:image\" content=\"https:\/\/lh6.googleusercontent.com\/-cslvUHr9QyI\/UOwKXssDmiI\/AAAAAAAABzg\/zpJIk63_O3Y\/s640\/DSCN1159.JPG\" \/>\n<meta name=\"author\" content=\"Kisha Orthodhokse\" \/>\n<meta name=\"twitter:card\" content=\"summary_large_image\" \/>\n<meta name=\"twitter:label1\" content=\"Written by\" \/>\n\t<meta name=\"twitter:data1\" content=\"Kisha Orthodhokse\" \/>\n\t<meta name=\"twitter:label2\" content=\"Est. reading time\" \/>\n\t<meta name=\"twitter:data2\" content=\"1 minute\" \/>\n<script type=\"application\/ld+json\" class=\"yoast-schema-graph\">{\"@context\":\"https:\/\/schema.org\",\"@graph\":[{\"@type\":\"Article\",\"@id\":\"https:\/\/orthodoxalbania.org\/2020\/2013\/03\/21\/theofania-ne-sarande\/#article\",\"isPartOf\":{\"@id\":\"https:\/\/orthodoxalbania.org\/2020\/2013\/03\/21\/theofania-ne-sarande\/\"},\"author\":{\"name\":\"Kisha Orthodhokse\",\"@id\":\"https:\/\/orthodoxalbania.org\/2020\/#\/schema\/person\/0c387634a7063ac612d7ed9ce71c7e86\"},\"headline\":\"Theofania n\u00eb Sarand\u00eb. (6 Janar 2013)\",\"datePublished\":\"2013-03-21T12:43:51+00:00\",\"dateModified\":\"2020-04-06T20:05:51+00:00\",\"mainEntityOfPage\":{\"@id\":\"https:\/\/orthodoxalbania.org\/2020\/2013\/03\/21\/theofania-ne-sarande\/\"},\"wordCount\":181,\"commentCount\":0,\"publisher\":{\"@id\":\"https:\/\/orthodoxalbania.org\/2020\/#organization\"},\"image\":{\"@id\":\"https:\/\/orthodoxalbania.org\/2020\/2013\/03\/21\/theofania-ne-sarande\/#primaryimage\"},\"thumbnailUrl\":\"https:\/\/lh6.googleusercontent.com\/-cslvUHr9QyI\/UOwKXssDmiI\/AAAAAAAABzg\/zpJIk63_O3Y\/s640\/DSCN1159.JPG\",\"keywords\":[\"2013\",\"lajme\",\"Mitropolia Gjirokast\u00ebr\"],\"articleSection\":[\"Lajme\"],\"inLanguage\":\"en-US\"},{\"@type\":\"WebPage\",\"@id\":\"https:\/\/orthodoxalbania.org\/2020\/2013\/03\/21\/theofania-ne-sarande\/\",\"url\":\"https:\/\/orthodoxalbania.org\/2020\/2013\/03\/21\/theofania-ne-sarande\/\",\"name\":\"Theofania n\u00eb Sarand\u00eb. (6 Janar 2013) - Kisha Orthodh\u03bfkse Autoqefale e Shqip\u00ebris\u00eb\",\"isPartOf\":{\"@id\":\"https:\/\/orthodoxalbania.org\/2020\/#website\"},\"primaryImageOfPage\":{\"@id\":\"https:\/\/orthodoxalbania.org\/2020\/2013\/03\/21\/theofania-ne-sarande\/#primaryimage\"},\"image\":{\"@id\":\"https:\/\/orthodoxalbania.org\/2020\/2013\/03\/21\/theofania-ne-sarande\/#primaryimage\"},\"thumbnailUrl\":\"https:\/\/lh6.googleusercontent.com\/-cslvUHr9QyI\/UOwKXssDmiI\/AAAAAAAABzg\/zpJIk63_O3Y\/s640\/DSCN1159.JPG\",\"datePublished\":\"2013-03-21T12:43:51+00:00\",\"dateModified\":\"2020-04-06T20:05:51+00:00\",\"breadcrumb\":{\"@id\":\"https:\/\/orthodoxalbania.org\/2020\/2013\/03\/21\/theofania-ne-sarande\/#breadcrumb\"},\"inLanguage\":\"en-US\",\"potentialAction\":[{\"@type\":\"ReadAction\",\"target\":[\"https:\/\/orthodoxalbania.org\/2020\/2013\/03\/21\/theofania-ne-sarande\/\"]}]},{\"@type\":\"ImageObject\",\"inLanguage\":\"en-US\",\"@id\":\"https:\/\/orthodoxalbania.org\/2020\/2013\/03\/21\/theofania-ne-sarande\/#primaryimage\",\"url\":\"https:\/\/lh6.googleusercontent.com\/-cslvUHr9QyI\/UOwKXssDmiI\/AAAAAAAABzg\/zpJIk63_O3Y\/s640\/DSCN1159.JPG\",\"contentUrl\":\"https:\/\/lh6.googleusercontent.com\/-cslvUHr9QyI\/UOwKXssDmiI\/AAAAAAAABzg\/zpJIk63_O3Y\/s640\/DSCN1159.JPG\"},{\"@type\":\"BreadcrumbList\",\"@id\":\"https:\/\/orthodoxalbania.org\/2020\/2013\/03\/21\/theofania-ne-sarande\/#breadcrumb\",\"itemListElement\":[{\"@type\":\"ListItem\",\"position\":1,\"name\":\"Home\",\"item\":\"https:\/\/orthodoxalbania.org\/2020\/\"},{\"@type\":\"ListItem\",\"position\":2,\"name\":\"Theofania n\u00eb Sarand\u00eb. (6 Janar 2013)\"}]},{\"@type\":\"WebSite\",\"@id\":\"https:\/\/orthodoxalbania.org\/2020\/#website\",\"url\":\"https:\/\/orthodoxalbania.org\/2020\/\",\"name\":\"Kisha Orthodh\u03bfkse Autoqefale e Shqip\u00ebris\u00eb\",\"description\":\"Fqja Zyrtare e Kish\u00ebs Orthodhokse Autoqefale e Shqip\u00ebris\u00eb me lajmet edhe informacionet zyrtare p\u00ebr struktur\u00ebn edhe veprimtarin e saj.\",\"publisher\":{\"@id\":\"https:\/\/orthodoxalbania.org\/2020\/#organization\"},\"potentialAction\":[{\"@type\":\"SearchAction\",\"target\":{\"@type\":\"EntryPoint\",\"urlTemplate\":\"https:\/\/orthodoxalbania.org\/2020\/?s={search_term_string}\"},\"query-input\":{\"@type\":\"PropertyValueSpecification\",\"valueRequired\":true,\"valueName\":\"search_term_string\"}}],\"inLanguage\":\"en-US\"},{\"@type\":\"Organization\",\"@id\":\"https:\/\/orthodoxalbania.org\/2020\/#organization\",\"name\":\"Kisha Orthodhokse Autoqefale e Shqip\u00ebris\u00eb\",\"url\":\"https:\/\/orthodoxalbania.org\/2020\/\",\"logo\":{\"@type\":\"ImageObject\",\"inLanguage\":\"en-US\",\"@id\":\"https:\/\/orthodoxalbania.org\/2020\/#\/schema\/logo\/image\/\",\"url\":\"https:\/\/orthodoxalbania.org\/2020\/wp-content\/uploads\/2020\/05\/albania.jpeg\",\"contentUrl\":\"https:\/\/orthodoxalbania.org\/2020\/wp-content\/uploads\/2020\/05\/albania.jpeg\",\"width\":540,\"height\":540,\"caption\":\"Kisha Orthodhokse Autoqefale e Shqip\u00ebris\u00eb\"},\"image\":{\"@id\":\"https:\/\/orthodoxalbania.org\/2020\/#\/schema\/logo\/image\/\"},\"sameAs\":[\"https:\/\/www.facebook.com\/koash1991\"]},{\"@type\":\"Person\",\"@id\":\"https:\/\/orthodoxalbania.org\/2020\/#\/schema\/person\/0c387634a7063ac612d7ed9ce71c7e86\",\"name\":\"Kisha Orthodhokse\",\"image\":{\"@type\":\"ImageObject\",\"inLanguage\":\"en-US\",\"@id\":\"https:\/\/secure.gravatar.com\/avatar\/596e7c417251e30f2fbb9c00e026fce61a695a00e51c889caded71c96cbbdde5?s=96&d=mm&r=g\",\"url\":\"https:\/\/secure.gravatar.com\/avatar\/596e7c417251e30f2fbb9c00e026fce61a695a00e51c889caded71c96cbbdde5?s=96&d=mm&r=g\",\"contentUrl\":\"https:\/\/secure.gravatar.com\/avatar\/596e7c417251e30f2fbb9c00e026fce61a695a00e51c889caded71c96cbbdde5?s=96&d=mm&r=g\",\"caption\":\"Kisha Orthodhokse\"}}]}<\/script>\n<!-- \/ Yoast SEO plugin. -->","yoast_head_json":{"title":"Theofania n\u00eb Sarand\u00eb. (6 Janar 2013) - Kisha Orthodh\u03bfkse Autoqefale e Shqip\u00ebris\u00eb","robots":{"index":"index","follow":"follow","max-snippet":"max-snippet:-1","max-image-preview":"max-image-preview:large","max-video-preview":"max-video-preview:-1"},"canonical":"https:\/\/orthodoxalbania.org\/2020\/2013\/03\/21\/theofania-ne-sarande\/","og_locale":"en_US","og_type":"article","og_title":"Theofania n\u00eb Sarand\u00eb. (6 Janar 2013) - Kisha Orthodh\u03bfkse Autoqefale e Shqip\u00ebris\u00eb","og_description":"&nbsp;&nbsp;&nbsp; Tashm\u00eb \u00ebsht\u00eb b\u00ebr\u00eb tradit\u00eb q\u00eb e kremtja e ujit t\u00eb bekuar n\u00eb mitropolin\u00eb ton\u00eb t\u00eb festohet me madh\u00ebshti n\u00eb qytetin e Sarand\u00ebs, kjo p\u00ebr vet\u00eb faktin se pran\u00eb kish\u00ebs ndodhen edhe uj\u00ebrat e detit Jon. Kjo Liturgji u kryesua nga mitropoliti i Gjirokastr\u00ebs Dhimitri ku p\u00ebrve\u00e7 besimtar\u00ebve t\u00eb shumt\u00eb q\u00eb merrnin pjes\u00eb, n\u00eb t\u00eb merrnin pjes\u00eb edhe konsulli i konsullat\u00ebs Greke n\u00eb Gjirokast\u00ebr z.","og_url":"https:\/\/orthodoxalbania.org\/2020\/2013\/03\/21\/theofania-ne-sarande\/","og_site_name":"Kisha Orthodh\u03bfkse Autoqefale e Shqip\u00ebris\u00eb","article_publisher":"https:\/\/www.facebook.com\/koash1991","article_published_time":"2013-03-21T12:43:51+00:00","article_modified_time":"2020-04-06T20:05:51+00:00","og_image":[{"url":"https:\/\/lh6.googleusercontent.com\/-cslvUHr9QyI\/UOwKXssDmiI\/AAAAAAAABzg\/zpJIk63_O3Y\/s640\/DSCN1159.JPG","type":"","width":"","height":""}],"author":"Kisha Orthodhokse","twitter_card":"summary_large_image","twitter_misc":{"Written by":"Kisha Orthodhokse","Est. reading time":"1 minute"},"schema":{"@context":"https:\/\/schema.org","@graph":[{"@type":"Article","@id":"https:\/\/orthodoxalbania.org\/2020\/2013\/03\/21\/theofania-ne-sarande\/#article","isPartOf":{"@id":"https:\/\/orthodoxalbania.org\/2020\/2013\/03\/21\/theofania-ne-sarande\/"},"author":{"name":"Kisha Orthodhokse","@id":"https:\/\/orthodoxalbania.org\/2020\/#\/schema\/person\/0c387634a7063ac612d7ed9ce71c7e86"},"headline":"Theofania n\u00eb Sarand\u00eb. (6 Janar 2013)","datePublished":"2013-03-21T12:43:51+00:00","dateModified":"2020-04-06T20:05:51+00:00","mainEntityOfPage":{"@id":"https:\/\/orthodoxalbania.org\/2020\/2013\/03\/21\/theofania-ne-sarande\/"},"wordCount":181,"commentCount":0,"publisher":{"@id":"https:\/\/orthodoxalbania.org\/2020\/#organization"},"image":{"@id":"https:\/\/orthodoxalbania.org\/2020\/2013\/03\/21\/theofania-ne-sarande\/#primaryimage"},"thumbnailUrl":"https:\/\/lh6.googleusercontent.com\/-cslvUHr9QyI\/UOwKXssDmiI\/AAAAAAAABzg\/zpJIk63_O3Y\/s640\/DSCN1159.JPG","keywords":["2013","lajme","Mitropolia Gjirokast\u00ebr"],"articleSection":["Lajme"],"inLanguage":"en-US"},{"@type":"WebPage","@id":"https:\/\/orthodoxalbania.org\/2020\/2013\/03\/21\/theofania-ne-sarande\/","url":"https:\/\/orthodoxalbania.org\/2020\/2013\/03\/21\/theofania-ne-sarande\/","name":"Theofania n\u00eb Sarand\u00eb. (6 Janar 2013) - Kisha Orthodh\u03bfkse Autoqefale e Shqip\u00ebris\u00eb","isPartOf":{"@id":"https:\/\/orthodoxalbania.org\/2020\/#website"},"primaryImageOfPage":{"@id":"https:\/\/orthodoxalbania.org\/2020\/2013\/03\/21\/theofania-ne-sarande\/#primaryimage"},"image":{"@id":"https:\/\/orthodoxalbania.org\/2020\/2013\/03\/21\/theofania-ne-sarande\/#primaryimage"},"thumbnailUrl":"https:\/\/lh6.googleusercontent.com\/-cslvUHr9QyI\/UOwKXssDmiI\/AAAAAAAABzg\/zpJIk63_O3Y\/s640\/DSCN1159.JPG","datePublished":"2013-03-21T12:43:51+00:00","dateModified":"2020-04-06T20:05:51+00:00","breadcrumb":{"@id":"https:\/\/orthodoxalbania.org\/2020\/2013\/03\/21\/theofania-ne-sarande\/#breadcrumb"},"inLanguage":"en-US","potentialAction":[{"@type":"ReadAction","target":["https:\/\/orthodoxalbania.org\/2020\/2013\/03\/21\/theofania-ne-sarande\/"]}]},{"@type":"ImageObject","inLanguage":"en-US","@id":"https:\/\/orthodoxalbania.org\/2020\/2013\/03\/21\/theofania-ne-sarande\/#primaryimage","url":"https:\/\/lh6.googleusercontent.com\/-cslvUHr9QyI\/UOwKXssDmiI\/AAAAAAAABzg\/zpJIk63_O3Y\/s640\/DSCN1159.JPG","contentUrl":"https:\/\/lh6.googleusercontent.com\/-cslvUHr9QyI\/UOwKXssDmiI\/AAAAAAAABzg\/zpJIk63_O3Y\/s640\/DSCN1159.JPG"},{"@type":"BreadcrumbList","@id":"https:\/\/orthodoxalbania.org\/2020\/2013\/03\/21\/theofania-ne-sarande\/#breadcrumb","itemListElement":[{"@type":"ListItem","position":1,"name":"Home","item":"https:\/\/orthodoxalbania.org\/2020\/"},{"@type":"ListItem","position":2,"name":"Theofania n\u00eb Sarand\u00eb. (6 Janar 2013)"}]},{"@type":"WebSite","@id":"https:\/\/orthodoxalbania.org\/2020\/#website","url":"https:\/\/orthodoxalbania.org\/2020\/","name":"Kisha Orthodh\u03bfkse Autoqefale e Shqip\u00ebris\u00eb","description":"Fqja Zyrtare e Kish\u00ebs Orthodhokse Autoqefale e Shqip\u00ebris\u00eb me lajmet edhe informacionet zyrtare p\u00ebr struktur\u00ebn edhe veprimtarin e saj.","publisher":{"@id":"https:\/\/orthodoxalbania.org\/2020\/#organization"},"potentialAction":[{"@type":"SearchAction","target":{"@type":"EntryPoint","urlTemplate":"https:\/\/orthodoxalbania.org\/2020\/?s={search_term_string}"},"query-input":{"@type":"PropertyValueSpecification","valueRequired":true,"valueName":"search_term_string"}}],"inLanguage":"en-US"},{"@type":"Organization","@id":"https:\/\/orthodoxalbania.org\/2020\/#organization","name":"Kisha Orthodhokse Autoqefale e Shqip\u00ebris\u00eb","url":"https:\/\/orthodoxalbania.org\/2020\/","logo":{"@type":"ImageObject","inLanguage":"en-US","@id":"https:\/\/orthodoxalbania.org\/2020\/#\/schema\/logo\/image\/","url":"https:\/\/orthodoxalbania.org\/2020\/wp-content\/uploads\/2020\/05\/albania.jpeg","contentUrl":"https:\/\/orthodoxalbania.org\/2020\/wp-content\/uploads\/2020\/05\/albania.jpeg","width":540,"height":540,"caption":"Kisha Orthodhokse Autoqefale e Shqip\u00ebris\u00eb"},"image":{"@id":"https:\/\/orthodoxalbania.org\/2020\/#\/schema\/logo\/image\/"},"sameAs":["https:\/\/www.facebook.com\/koash1991"]},{"@type":"Person","@id":"https:\/\/orthodoxalbania.org\/2020\/#\/schema\/person\/0c387634a7063ac612d7ed9ce71c7e86","name":"Kisha Orthodhokse","image":{"@type":"ImageObject","inLanguage":"en-US","@id":"https:\/\/secure.gravatar.com\/avatar\/596e7c417251e30f2fbb9c00e026fce61a695a00e51c889caded71c96cbbdde5?s=96&d=mm&r=g","url":"https:\/\/secure.gravatar.com\/avatar\/596e7c417251e30f2fbb9c00e026fce61a695a00e51c889caded71c96cbbdde5?s=96&d=mm&r=g","contentUrl":"https:\/\/secure.gravatar.com\/avatar\/596e7c417251e30f2fbb9c00e026fce61a695a00e51c889caded71c96cbbdde5?s=96&d=mm&r=g","caption":"Kisha Orthodhokse"}}]}},"_links":{"self":[{"href":"https:\/\/orthodoxalbania.org\/2020\/wp-json\/wp\/v2\/posts\/1447","targetHints":{"allow":["GET"]}}],"collection":[{"href":"https:\/\/orthodoxalbania.org\/2020\/wp-json\/wp\/v2\/posts"}],"about":[{"href":"https:\/\/orthodoxalbania.org\/2020\/wp-json\/wp\/v2\/types\/post"}],"author":[{"embeddable":true,"href":"https:\/\/orthodoxalbania.org\/2020\/wp-json\/wp\/v2\/users\/1"}],"replies":[{"embeddable":true,"href":"https:\/\/orthodoxalbania.org\/2020\/wp-json\/wp\/v2\/comments?post=1447"}],"version-history":[{"count":1,"href":"https:\/\/orthodoxalbania.org\/2020\/wp-json\/wp\/v2\/posts\/1447\/revisions"}],"predecessor-version":[{"id":15261,"href":"https:\/\/orthodoxalbania.org\/2020\/wp-json\/wp\/v2\/posts\/1447\/revisions\/15261"}],"wp:attachment":[{"href":"https:\/\/orthodoxalbania.org\/2020\/wp-json\/wp\/v2\/media?parent=1447"}],"wp:term":[{"taxonomy":"category","embeddable":true,"href":"https:\/\/orthodoxalbania.org\/2020\/wp-json\/wp\/v2\/categories?post=1447"},{"taxonomy":"post_tag","embeddable":true,"href":"https:\/\/orthodoxalbania.org\/2020\/wp-json\/wp\/v2\/tags?post=1447"}],"curies":[{"name":"wp","href":"https:\/\/api.w.org\/{rel}","templated":true}]}}