{"id":1443,"date":"2006-02-27T08:02:43","date_gmt":"2006-02-27T08:02:43","guid":{"rendered":""},"modified":"2020-04-06T22:35:58","modified_gmt":"2020-04-06T20:35:58","slug":"theofani-me-kryepiskopin-anastas-janar-06","status":"publish","type":"post","link":"https:\/\/orthodoxalbania.org\/2020\/2006\/02\/27\/theofani-me-kryepiskopin-anastas-janar-06\/","title":{"rendered":"Theofani me Kryepiskopin Anastas. (6 Janar 2006)"},"content":{"rendered":"<div style=\"text-align: justify;\"><span style=\"font-family: tahoma,geneva,sans-serif;\"><span style=\"font-size: 12px;\"><img decoding=\"async\" class=\"lazyload HAa Eha\" style=\"border-width: 1px; border-style: solid; margin: 10px; float: left;\" alt=\"\" src=\"data:image\/svg+xml,%3Csvg%20xmlns%3D%27http%3A%2F%2Fwww.w3.org%2F2000%2Fsvg%27%20width%3D%27297%27%20height%3D%27175%27%20viewBox%3D%270%200%20297%20175%27%3E%3Crect%20width%3D%27297%27%20height%3D%27175%27%20fill-opacity%3D%220%22%2F%3E%3C%2Fsvg%3E\" data-orig-src=\"https:\/\/lh4.googleusercontent.com\/-agvN5SGGSHQ\/VIbFTKoWbzI\/AAAAAAAAFO4\/N5FXi358UDc\/w350-h262-no\/pic4tx.jpg\" height=\"175\" width=\"297\" \/><span style=\"color: #000000;\"> &nbsp; &nbsp; Me gjith\u00eb madh\u00ebshtin\u00eb e panaireve orthodhokse u kremtua n\u00eb Sarand\u00eb Theofania e Shenjt\u00eb (Uji i Bekuar). Prania e Fortlumturis\u00eb s\u00eb Tij Kryepiskopit Anastas, i cili kreu Liturgjin\u00eb Hyjnore dhe kryesoi t\u00eb gjitha sh\u00ebrbesat e tjera t\u00eb rastit, i jepte akoma m\u00eb shum\u00eb shk\u00eblqim k\u00ebsaj feste t\u00eb drit\u00ebs p\u00ebr besimtar\u00ebt orthodhoks\u00eb.&nbsp; Qindra besimtar\u00eb nga Saranda dhe fshatrat p\u00ebrreth ishin grumbulluar p\u00ebr t\u00eb kremtuar s\u00eb bashku n\u00eb kish\u00ebn e re madh\u00ebshtore t\u00eb Shn Harallambit n\u00eb qend\u00ebr t\u00eb qytetit. Kishin ardhur gjithashtu kryetari i bashkis\u00eb, ministra, deputet\u00eb etj.<br \/> <\/span><\/span><\/span><\/div>\n<div style=\"text-align: justify;\">&nbsp;<\/div>\n<div style=\"text-align: justify;\"><span style=\"color: #000000;\"><span style=\"font-family: tahoma,geneva,sans-serif;\"><span style=\"font-size: 12px;\">&nbsp;&nbsp;&nbsp; Pas Liturgjis\u00eb Hyjnore u krye Sh\u00ebrbesa e Ajazm\u00ebs s\u00eb&nbsp; Madhe dhe n\u00eb vazhdim n\u00eb nj\u00eb marshim madh\u00ebshtor njer\u00ebzit u drejtan n\u00eb bregun e detit Jon, ku me hedhjen e kryqit n\u00eb uj\u00eb nga Kryepiskopi u b\u00eb shenjt\u00ebrimi i uj\u00ebrave.<br \/> <\/span><\/span><\/span><\/div>\n<div style=\"text-align: justify;\">&nbsp;<\/div>\n<div style=\"text-align: justify;\"><span style=\"color: #000000;\"><span style=\"font-family: tahoma,geneva,sans-serif;\"><span style=\"font-size: 12px;\">&nbsp;&nbsp;&nbsp; Shum\u00eb t\u00eb rinj nga Saranda, si dhe nx\u00ebn\u00ebs&nbsp; t\u00eb Shkoll\u00ebs s\u00eb Mesme &#8220;Kryqi i Nderuar&#8221; u zhyt\u00ebn n\u00eb det p\u00ebr t\u00eb marr\u00eb Kryqin, nder i cili i takoi t\u00eb riut Floro Xhai nga fshati Xarr\u00eb i k\u00ebtij rrethi.<br \/> <\/span><\/span><\/span><\/div>\n<div style=\"text-align: justify;\">&nbsp;<\/div>\n<div style=\"text-align: justify;\"><span style=\"color: #000000;\"><span style=\"font-family: tahoma,geneva,sans-serif;\"><span style=\"font-size: 12px;\">&nbsp;&nbsp; N\u00eb predikimin e tij Kryepiskopi iu referua r\u00ebnd\u00ebsis\u00eb shpirt\u00ebrore t\u00eb k\u00ebsaj t\u00eb Kremteje t\u00eb Shenjt\u00eb, ku fjala e ndri\u00e7imit dhe e shenjt\u00ebrimit \u00ebsht\u00eb aq shum\u00eb e lidhur me t\u00eb. Dhe uroi q\u00eb kjo Drit\u00eb e Theofanis\u00eb t\u00eb ndris\u00eb me fuqi n\u00eb shpirtin e \u00e7do pjes\u00ebtari t\u00eb Kish\u00ebs Orthodhokse dhe secili t\u00eb rrezatoj\u00eb si nj\u00eb rreze e saj n\u00eb mjedisin ku jeton dhe punon. Kryepiskopi pati rastin <span style=\"color: #000000;\"><span style=\"font-family: tahoma,geneva,sans-serif;\"><span style=\"font-size: 12px;\"><img decoding=\"async\" class=\"lazyload HAa Eha\" style=\"border-width: 1px; border-style: solid; margin: 10px; float: right; width: 200px; height: 150px;\" alt=\"\" src=\"data:image\/gif;base64,R0lGODlhAQABAAAAACH5BAEKAAEALAAAAAABAAEAAAICTAEAOw==\" data-orig-src=\"https:\/\/lh3.googleusercontent.com\/-xPLaEAoJqBA\/VIbFUI1xCoI\/AAAAAAAAFO0\/ogjO2RtQeZg\/w350-h262-no\/pic7tx.jpg\" \/><\/span><\/span><\/span>t\u00eb kujtoj\u00eb p\u00ebr besimtar\u00ebt se n\u00eb \u00e7far\u00eb kushtesh ishte realizuar kremtimi i Theofanis\u00eb n\u00eb vitet e para (1992) kur nuk kishin kish\u00eb dhe u mor me qira salla e&nbsp; kinoteatrit, nd\u00ebrsa n\u00eb vazhdim kur u hodh kryqi n\u00eb det pati tension dhe nj\u00eb grup njer\u00ebzish donin t\u00eb shkaktonin incident. Me k\u00ebt\u00eb rast Kryepiskopi iu referua p\u00ebrparimit t\u00eb madh q\u00eb \u00ebsht\u00eb sh\u00ebnuar gjat\u00eb k\u00ebtyre viteve n\u00eb p\u00ebrpjekjen p\u00ebr ringjalljen e Kish\u00ebs son\u00eb nga hiri. Dhe n\u00eb p\u00ebprjekjen e saj p\u00ebr ringritje Kisha jon\u00eb me veprimtarin\u00eb e saj shpirt\u00ebrore dhe sociale i jep nj\u00eb&nbsp; dimension praktik konceptit t\u00eb Shenjt\u00ebrimit dhe Ndri\u00e7imit. N\u00eb zonat e&nbsp; Mitropolis\u00eb s\u00eb Shenjt\u00eb t\u00eb Gjirokastr\u00ebs jan\u00eb nd\u00ebrtuar nga themeli 52 kisha t\u00eb reja, 120 jan\u00eb rikonstruktuar ose riparuar nd\u00ebrsa jan\u00eb bler\u00eb, nd\u00ebrtuar dhe rind\u00ebrtuar mbi 20 godina t\u00eb m\u00ebdha e t\u00eb vogla p\u00ebr zhvillimin e jet\u00ebs kishtare dhe aktivitetit arsimor. Shuma t\u00eb m\u00ebdha jan\u00eb investuar nga Kryepiskopi p\u00ebr vepra t\u00eb ndryshme sociale (mbi 38 t\u00eb tilla) si rrug\u00eb malore, rrjet elektrik, uj\u00ebsjell\u00ebsa, godina t\u00eb arsimit publik. N\u00eb Mitropolin\u00eb e Gjirokastr\u00ebs funksionojn\u00eb 4 qendra t\u00eb p\u00ebrkujdesjes ditore t\u00eb f\u00ebmij\u00ebve, Liceu Kishtar, konvikti i vajzave, 2&nbsp; kampingje p\u00ebr t\u00eb rinj etj. Jan\u00eb realizuar programet pilot p\u00ebr zhvillimin e bujq\u00ebsis\u00eb etj.<\/span><\/span><\/span><\/div>\n<div style=\"text-align: justify;\">&nbsp;<\/div>\n<div style=\"text-align: justify;\">&nbsp;<\/div>\n<div style=\"text-align: justify;\">&nbsp;<\/div>\n<div style=\"text-align: center;\"><img decoding=\"async\" class=\"lazyload HAa Eha\" style=\"border-width: 1px; border-style: solid; margin: 10px;\" alt=\"\" src=\"data:image\/gif;base64,R0lGODlhAQABAAAAACH5BAEKAAEALAAAAAABAAEAAAICTAEAOw==\" data-orig-src=\"https:\/\/lh4.googleusercontent.com\/-D2iuCsRjVjE\/VIbFSvGj0hI\/AAAAAAAAFPE\/AW3nlqHFXaI\/w600-h450-no\/pic1.jpg\" \/><\/div>\n<div style=\"text-align: center;\">&nbsp;<\/div>\n<div style=\"text-align: center;\"><img decoding=\"async\" class=\"lazyload HAa Eha\" style=\"border-width: 1px; border-style: solid; margin: 10px;\" alt=\"\" src=\"data:image\/gif;base64,R0lGODlhAQABAAAAACH5BAEKAAEALAAAAAABAAEAAAICTAEAOw==\" data-orig-src=\"https:\/\/lh6.googleusercontent.com\/-FpbsqxzeJFA\/VIbFS8k8HrI\/AAAAAAAAFO8\/b5WHmbLvHZA\/w600-h450-no\/pic2.jpg\" \/><\/div>\n<div style=\"text-align: center;\">&nbsp;<\/div>\n<div style=\"text-align: center;\"><img decoding=\"async\" class=\"lazyload HAa Eha\" style=\"border-width: 1px; border-style: solid; margin: 10px;\" alt=\"\" src=\"data:image\/gif;base64,R0lGODlhAQABAAAAACH5BAEKAAEALAAAAAABAAEAAAICTAEAOw==\" data-orig-src=\"https:\/\/lh4.googleusercontent.com\/-yUvXH-4PdVI\/VIbFS1BCQyI\/AAAAAAAAFPA\/RAjtInNTguI\/w600-h450-no\/pic3.jpg\" \/><\/div>\n<div style=\"text-align: center;\">&nbsp;<\/div>\n<div style=\"text-align: center;\"><img decoding=\"async\" class=\"lazyload HAa Eha\" style=\"border-width: 1px; border-style: solid; margin: 10px;\" alt=\"\" src=\"data:image\/gif;base64,R0lGODlhAQABAAAAACH5BAEKAAEALAAAAAABAAEAAAICTAEAOw==\" data-orig-src=\"https:\/\/lh6.googleusercontent.com\/-ds3HJMOIheI\/VIbFTdMSUyI\/AAAAAAAAFOc\/zSvKlpaBxT8\/w600-h450-no\/pic5.jpg\" \/><\/div>\n<div style=\"text-align: center;\">&nbsp;<\/div>\n<div style=\"text-align: center;\"><img decoding=\"async\" class=\"lazyload HAa Eha\" style=\"border-width: 1px; border-style: solid; margin: 10px;\" alt=\"\" src=\"data:image\/gif;base64,R0lGODlhAQABAAAAACH5BAEKAAEALAAAAAABAAEAAAICTAEAOw==\" data-orig-src=\"https:\/\/lh5.googleusercontent.com\/-TdIUDnxb3lU\/VIbFTjSISAI\/AAAAAAAAFOs\/wmqJb816bl4\/w600-h450-no\/pic6.jpg\" \/><\/div>\n<div style=\"text-align: center;\">&nbsp;<\/div>\n<div style=\"text-align: center;\"><img decoding=\"async\" class=\"lazyload HAa Eha\" style=\"border-width: 1px; border-style: solid; margin: 10px;\" alt=\"\" src=\"data:image\/gif;base64,R0lGODlhAQABAAAAACH5BAEKAAEALAAAAAABAAEAAAICTAEAOw==\" data-orig-src=\"https:\/\/lh5.googleusercontent.com\/-9QeZfikVDp8\/VIbFUApe-qI\/AAAAAAAAFOg\/ytCwHvOr0Mw\/w600-h450-no\/pic8.jpg\" \/><\/div>\n<div style=\"text-align: center;\">&nbsp;<\/div>\n<div style=\"text-align: center;\"><img decoding=\"async\" class=\"lazyload HAa Eha\" style=\"border-width: 1px; border-style: solid; margin: 10px;\" alt=\"\" src=\"data:image\/gif;base64,R0lGODlhAQABAAAAACH5BAEKAAEALAAAAAABAAEAAAICTAEAOw==\" data-orig-src=\"https:\/\/lh4.googleusercontent.com\/-6iM9t_OQyOw\/VIbFUlarLwI\/AAAAAAAAFOw\/306kb-5gqVE\/w600-h450-no\/pic9.jpg\" \/><\/div>\n<div style=\"text-align: justify;\"><span style=\"font-family: tahoma,geneva,sans-serif;\"><span style=\"font-size: 12px;\"><br \/> &nbsp;&nbsp;<\/span><\/span><\/div>\n","protected":false},"excerpt":{"rendered":"<p>&nbsp; &nbsp; Me gjith\u00eb madh\u00ebshtin\u00eb e panaireve orthodhokse u kremtua n\u00eb Sarand\u00eb Theofania e Shenjt\u00eb (Uji i Bekuar). Prania e Fortlumturis\u00eb s\u00eb Tij Kryepiskopit Anastas, i cili kreu Liturgjin\u00eb Hyjnore dhe kryesoi t\u00eb gjitha sh\u00ebrbesat e tjera t\u00eb rastit, i jepte akoma m\u00eb shum\u00eb shk\u00eblqim k\u00ebsaj feste t\u00eb drit\u00ebs p\u00ebr besimtar\u00ebt orthodhoks\u00eb.&nbsp; Qindra besimtar\u00eb nga Saranda dhe fshatrat p\u00ebrreth ishin grumbulluar p\u00ebr t\u00eb kremtuar s\u00eb<\/p>\n","protected":false},"author":1,"featured_media":0,"comment_status":"open","ping_status":"open","sticky":false,"template":"","format":"standard","meta":{"_acf_changed":false,"pagelayer_contact_templates":[],"_pagelayer_content":"","inline_featured_image":false,"fifu_image_url":"","fifu_image_alt":"","footnotes":""},"categories":[108],"tags":[148,157,196,201,212,193],"class_list":["post-1443","post","type-post","status-publish","format-standard","hentry","category-lajme","tag-148","tag-kremtime","tag-tirane","tag-kryepiskopi-anastas","tag-lajme-d27","tag-uji-i-bekuar"],"acf":[],"yoast_head":"<!-- This site is optimized with the Yoast SEO plugin v27.2 - https:\/\/yoast.com\/product\/yoast-seo-wordpress\/ -->\n<title>Theofani me Kryepiskopin Anastas. (6 Janar 2006) - Kisha Orthodh\u03bfkse Autoqefale e Shqip\u00ebris\u00eb<\/title>\n<meta name=\"robots\" content=\"index, follow, max-snippet:-1, max-image-preview:large, max-video-preview:-1\" \/>\n<link rel=\"canonical\" href=\"https:\/\/orthodoxalbania.org\/2020\/2006\/02\/27\/theofani-me-kryepiskopin-anastas-janar-06\/\" \/>\n<meta property=\"og:locale\" content=\"en_US\" \/>\n<meta property=\"og:type\" content=\"article\" \/>\n<meta property=\"og:title\" content=\"Theofani me Kryepiskopin Anastas. (6 Janar 2006) - Kisha Orthodh\u03bfkse Autoqefale e Shqip\u00ebris\u00eb\" \/>\n<meta property=\"og:description\" content=\"&nbsp; &nbsp; Me gjith\u00eb madh\u00ebshtin\u00eb e panaireve orthodhokse u kremtua n\u00eb Sarand\u00eb Theofania e Shenjt\u00eb (Uji i Bekuar). Prania e Fortlumturis\u00eb s\u00eb Tij Kryepiskopit Anastas, i cili kreu Liturgjin\u00eb Hyjnore dhe kryesoi t\u00eb gjitha sh\u00ebrbesat e tjera t\u00eb rastit, i jepte akoma m\u00eb shum\u00eb shk\u00eblqim k\u00ebsaj feste t\u00eb drit\u00ebs p\u00ebr besimtar\u00ebt orthodhoks\u00eb.&nbsp; Qindra besimtar\u00eb nga Saranda dhe fshatrat p\u00ebrreth ishin grumbulluar p\u00ebr t\u00eb kremtuar s\u00eb\" \/>\n<meta property=\"og:url\" content=\"https:\/\/orthodoxalbania.org\/2020\/2006\/02\/27\/theofani-me-kryepiskopin-anastas-janar-06\/\" \/>\n<meta property=\"og:site_name\" content=\"Kisha Orthodh\u03bfkse Autoqefale e Shqip\u00ebris\u00eb\" \/>\n<meta property=\"article:publisher\" content=\"https:\/\/www.facebook.com\/koash1991\" \/>\n<meta property=\"article:published_time\" content=\"2006-02-27T08:02:43+00:00\" \/>\n<meta property=\"article:modified_time\" content=\"2020-04-06T20:35:58+00:00\" \/>\n<meta property=\"og:image\" content=\"https:\/\/lh4.googleusercontent.com\/-agvN5SGGSHQ\/VIbFTKoWbzI\/AAAAAAAAFO4\/N5FXi358UDc\/w350-h262-no\/pic4tx.jpg\" \/>\n<meta name=\"author\" content=\"Kisha Orthodhokse\" \/>\n<meta name=\"twitter:card\" content=\"summary_large_image\" \/>\n<meta name=\"twitter:label1\" content=\"Written by\" \/>\n\t<meta name=\"twitter:data1\" content=\"Kisha Orthodhokse\" \/>\n\t<meta name=\"twitter:label2\" content=\"Est. reading time\" \/>\n\t<meta name=\"twitter:data2\" content=\"3 minutes\" \/>\n<script type=\"application\/ld+json\" class=\"yoast-schema-graph\">{\"@context\":\"https:\/\/schema.org\",\"@graph\":[{\"@type\":\"Article\",\"@id\":\"https:\/\/orthodoxalbania.org\/2020\/2006\/02\/27\/theofani-me-kryepiskopin-anastas-janar-06\/#article\",\"isPartOf\":{\"@id\":\"https:\/\/orthodoxalbania.org\/2020\/2006\/02\/27\/theofani-me-kryepiskopin-anastas-janar-06\/\"},\"author\":{\"name\":\"Kisha Orthodhokse\",\"@id\":\"https:\/\/orthodoxalbania.org\/2020\/#\/schema\/person\/0c387634a7063ac612d7ed9ce71c7e86\"},\"headline\":\"Theofani me Kryepiskopin Anastas. (6 Janar 2006)\",\"datePublished\":\"2006-02-27T08:02:43+00:00\",\"dateModified\":\"2020-04-06T20:35:58+00:00\",\"mainEntityOfPage\":{\"@id\":\"https:\/\/orthodoxalbania.org\/2020\/2006\/02\/27\/theofani-me-kryepiskopin-anastas-janar-06\/\"},\"wordCount\":524,\"commentCount\":0,\"publisher\":{\"@id\":\"https:\/\/orthodoxalbania.org\/2020\/#organization\"},\"image\":{\"@id\":\"https:\/\/orthodoxalbania.org\/2020\/2006\/02\/27\/theofani-me-kryepiskopin-anastas-janar-06\/#primaryimage\"},\"thumbnailUrl\":\"https:\/\/lh4.googleusercontent.com\/-agvN5SGGSHQ\/VIbFTKoWbzI\/AAAAAAAAFO4\/N5FXi358UDc\/w350-h262-no\/pic4tx.jpg\",\"keywords\":[\"2006\",\"Kremtime\",\"Kryepiskopata Tiran\u00eb\",\"Kryepiskopi Anastas\",\"lajme\",\"Uji i Bekuar\"],\"articleSection\":[\"Lajme\"],\"inLanguage\":\"en-US\"},{\"@type\":\"WebPage\",\"@id\":\"https:\/\/orthodoxalbania.org\/2020\/2006\/02\/27\/theofani-me-kryepiskopin-anastas-janar-06\/\",\"url\":\"https:\/\/orthodoxalbania.org\/2020\/2006\/02\/27\/theofani-me-kryepiskopin-anastas-janar-06\/\",\"name\":\"Theofani me Kryepiskopin Anastas. (6 Janar 2006) - Kisha Orthodh\u03bfkse Autoqefale e Shqip\u00ebris\u00eb\",\"isPartOf\":{\"@id\":\"https:\/\/orthodoxalbania.org\/2020\/#website\"},\"primaryImageOfPage\":{\"@id\":\"https:\/\/orthodoxalbania.org\/2020\/2006\/02\/27\/theofani-me-kryepiskopin-anastas-janar-06\/#primaryimage\"},\"image\":{\"@id\":\"https:\/\/orthodoxalbania.org\/2020\/2006\/02\/27\/theofani-me-kryepiskopin-anastas-janar-06\/#primaryimage\"},\"thumbnailUrl\":\"https:\/\/lh4.googleusercontent.com\/-agvN5SGGSHQ\/VIbFTKoWbzI\/AAAAAAAAFO4\/N5FXi358UDc\/w350-h262-no\/pic4tx.jpg\",\"datePublished\":\"2006-02-27T08:02:43+00:00\",\"dateModified\":\"2020-04-06T20:35:58+00:00\",\"breadcrumb\":{\"@id\":\"https:\/\/orthodoxalbania.org\/2020\/2006\/02\/27\/theofani-me-kryepiskopin-anastas-janar-06\/#breadcrumb\"},\"inLanguage\":\"en-US\",\"potentialAction\":[{\"@type\":\"ReadAction\",\"target\":[\"https:\/\/orthodoxalbania.org\/2020\/2006\/02\/27\/theofani-me-kryepiskopin-anastas-janar-06\/\"]}]},{\"@type\":\"ImageObject\",\"inLanguage\":\"en-US\",\"@id\":\"https:\/\/orthodoxalbania.org\/2020\/2006\/02\/27\/theofani-me-kryepiskopin-anastas-janar-06\/#primaryimage\",\"url\":\"https:\/\/lh4.googleusercontent.com\/-agvN5SGGSHQ\/VIbFTKoWbzI\/AAAAAAAAFO4\/N5FXi358UDc\/w350-h262-no\/pic4tx.jpg\",\"contentUrl\":\"https:\/\/lh4.googleusercontent.com\/-agvN5SGGSHQ\/VIbFTKoWbzI\/AAAAAAAAFO4\/N5FXi358UDc\/w350-h262-no\/pic4tx.jpg\"},{\"@type\":\"BreadcrumbList\",\"@id\":\"https:\/\/orthodoxalbania.org\/2020\/2006\/02\/27\/theofani-me-kryepiskopin-anastas-janar-06\/#breadcrumb\",\"itemListElement\":[{\"@type\":\"ListItem\",\"position\":1,\"name\":\"Home\",\"item\":\"https:\/\/orthodoxalbania.org\/2020\/\"},{\"@type\":\"ListItem\",\"position\":2,\"name\":\"Theofani me Kryepiskopin Anastas. (6 Janar 2006)\"}]},{\"@type\":\"WebSite\",\"@id\":\"https:\/\/orthodoxalbania.org\/2020\/#website\",\"url\":\"https:\/\/orthodoxalbania.org\/2020\/\",\"name\":\"Kisha Orthodh\u03bfkse Autoqefale e Shqip\u00ebris\u00eb\",\"description\":\"Fqja Zyrtare e Kish\u00ebs Orthodhokse Autoqefale e Shqip\u00ebris\u00eb me lajmet edhe informacionet zyrtare p\u00ebr struktur\u00ebn edhe veprimtarin e saj.\",\"publisher\":{\"@id\":\"https:\/\/orthodoxalbania.org\/2020\/#organization\"},\"potentialAction\":[{\"@type\":\"SearchAction\",\"target\":{\"@type\":\"EntryPoint\",\"urlTemplate\":\"https:\/\/orthodoxalbania.org\/2020\/?s={search_term_string}\"},\"query-input\":{\"@type\":\"PropertyValueSpecification\",\"valueRequired\":true,\"valueName\":\"search_term_string\"}}],\"inLanguage\":\"en-US\"},{\"@type\":\"Organization\",\"@id\":\"https:\/\/orthodoxalbania.org\/2020\/#organization\",\"name\":\"Kisha Orthodhokse Autoqefale e Shqip\u00ebris\u00eb\",\"url\":\"https:\/\/orthodoxalbania.org\/2020\/\",\"logo\":{\"@type\":\"ImageObject\",\"inLanguage\":\"en-US\",\"@id\":\"https:\/\/orthodoxalbania.org\/2020\/#\/schema\/logo\/image\/\",\"url\":\"https:\/\/orthodoxalbania.org\/2020\/wp-content\/uploads\/2020\/05\/albania.jpeg\",\"contentUrl\":\"https:\/\/orthodoxalbania.org\/2020\/wp-content\/uploads\/2020\/05\/albania.jpeg\",\"width\":540,\"height\":540,\"caption\":\"Kisha Orthodhokse Autoqefale e Shqip\u00ebris\u00eb\"},\"image\":{\"@id\":\"https:\/\/orthodoxalbania.org\/2020\/#\/schema\/logo\/image\/\"},\"sameAs\":[\"https:\/\/www.facebook.com\/koash1991\"]},{\"@type\":\"Person\",\"@id\":\"https:\/\/orthodoxalbania.org\/2020\/#\/schema\/person\/0c387634a7063ac612d7ed9ce71c7e86\",\"name\":\"Kisha Orthodhokse\",\"image\":{\"@type\":\"ImageObject\",\"inLanguage\":\"en-US\",\"@id\":\"https:\/\/secure.gravatar.com\/avatar\/596e7c417251e30f2fbb9c00e026fce61a695a00e51c889caded71c96cbbdde5?s=96&d=mm&r=g\",\"url\":\"https:\/\/secure.gravatar.com\/avatar\/596e7c417251e30f2fbb9c00e026fce61a695a00e51c889caded71c96cbbdde5?s=96&d=mm&r=g\",\"contentUrl\":\"https:\/\/secure.gravatar.com\/avatar\/596e7c417251e30f2fbb9c00e026fce61a695a00e51c889caded71c96cbbdde5?s=96&d=mm&r=g\",\"caption\":\"Kisha Orthodhokse\"}}]}<\/script>\n<!-- \/ Yoast SEO plugin. -->","yoast_head_json":{"title":"Theofani me Kryepiskopin Anastas. (6 Janar 2006) - Kisha Orthodh\u03bfkse Autoqefale e Shqip\u00ebris\u00eb","robots":{"index":"index","follow":"follow","max-snippet":"max-snippet:-1","max-image-preview":"max-image-preview:large","max-video-preview":"max-video-preview:-1"},"canonical":"https:\/\/orthodoxalbania.org\/2020\/2006\/02\/27\/theofani-me-kryepiskopin-anastas-janar-06\/","og_locale":"en_US","og_type":"article","og_title":"Theofani me Kryepiskopin Anastas. (6 Janar 2006) - Kisha Orthodh\u03bfkse Autoqefale e Shqip\u00ebris\u00eb","og_description":"&nbsp; &nbsp; Me gjith\u00eb madh\u00ebshtin\u00eb e panaireve orthodhokse u kremtua n\u00eb Sarand\u00eb Theofania e Shenjt\u00eb (Uji i Bekuar). Prania e Fortlumturis\u00eb s\u00eb Tij Kryepiskopit Anastas, i cili kreu Liturgjin\u00eb Hyjnore dhe kryesoi t\u00eb gjitha sh\u00ebrbesat e tjera t\u00eb rastit, i jepte akoma m\u00eb shum\u00eb shk\u00eblqim k\u00ebsaj feste t\u00eb drit\u00ebs p\u00ebr besimtar\u00ebt orthodhoks\u00eb.&nbsp; Qindra besimtar\u00eb nga Saranda dhe fshatrat p\u00ebrreth ishin grumbulluar p\u00ebr t\u00eb kremtuar s\u00eb","og_url":"https:\/\/orthodoxalbania.org\/2020\/2006\/02\/27\/theofani-me-kryepiskopin-anastas-janar-06\/","og_site_name":"Kisha Orthodh\u03bfkse Autoqefale e Shqip\u00ebris\u00eb","article_publisher":"https:\/\/www.facebook.com\/koash1991","article_published_time":"2006-02-27T08:02:43+00:00","article_modified_time":"2020-04-06T20:35:58+00:00","og_image":[{"url":"https:\/\/lh4.googleusercontent.com\/-agvN5SGGSHQ\/VIbFTKoWbzI\/AAAAAAAAFO4\/N5FXi358UDc\/w350-h262-no\/pic4tx.jpg","type":"","width":"","height":""}],"author":"Kisha Orthodhokse","twitter_card":"summary_large_image","twitter_misc":{"Written by":"Kisha Orthodhokse","Est. reading time":"3 minutes"},"schema":{"@context":"https:\/\/schema.org","@graph":[{"@type":"Article","@id":"https:\/\/orthodoxalbania.org\/2020\/2006\/02\/27\/theofani-me-kryepiskopin-anastas-janar-06\/#article","isPartOf":{"@id":"https:\/\/orthodoxalbania.org\/2020\/2006\/02\/27\/theofani-me-kryepiskopin-anastas-janar-06\/"},"author":{"name":"Kisha Orthodhokse","@id":"https:\/\/orthodoxalbania.org\/2020\/#\/schema\/person\/0c387634a7063ac612d7ed9ce71c7e86"},"headline":"Theofani me Kryepiskopin Anastas. (6 Janar 2006)","datePublished":"2006-02-27T08:02:43+00:00","dateModified":"2020-04-06T20:35:58+00:00","mainEntityOfPage":{"@id":"https:\/\/orthodoxalbania.org\/2020\/2006\/02\/27\/theofani-me-kryepiskopin-anastas-janar-06\/"},"wordCount":524,"commentCount":0,"publisher":{"@id":"https:\/\/orthodoxalbania.org\/2020\/#organization"},"image":{"@id":"https:\/\/orthodoxalbania.org\/2020\/2006\/02\/27\/theofani-me-kryepiskopin-anastas-janar-06\/#primaryimage"},"thumbnailUrl":"https:\/\/lh4.googleusercontent.com\/-agvN5SGGSHQ\/VIbFTKoWbzI\/AAAAAAAAFO4\/N5FXi358UDc\/w350-h262-no\/pic4tx.jpg","keywords":["2006","Kremtime","Kryepiskopata Tiran\u00eb","Kryepiskopi Anastas","lajme","Uji i Bekuar"],"articleSection":["Lajme"],"inLanguage":"en-US"},{"@type":"WebPage","@id":"https:\/\/orthodoxalbania.org\/2020\/2006\/02\/27\/theofani-me-kryepiskopin-anastas-janar-06\/","url":"https:\/\/orthodoxalbania.org\/2020\/2006\/02\/27\/theofani-me-kryepiskopin-anastas-janar-06\/","name":"Theofani me Kryepiskopin Anastas. (6 Janar 2006) - Kisha Orthodh\u03bfkse Autoqefale e Shqip\u00ebris\u00eb","isPartOf":{"@id":"https:\/\/orthodoxalbania.org\/2020\/#website"},"primaryImageOfPage":{"@id":"https:\/\/orthodoxalbania.org\/2020\/2006\/02\/27\/theofani-me-kryepiskopin-anastas-janar-06\/#primaryimage"},"image":{"@id":"https:\/\/orthodoxalbania.org\/2020\/2006\/02\/27\/theofani-me-kryepiskopin-anastas-janar-06\/#primaryimage"},"thumbnailUrl":"https:\/\/lh4.googleusercontent.com\/-agvN5SGGSHQ\/VIbFTKoWbzI\/AAAAAAAAFO4\/N5FXi358UDc\/w350-h262-no\/pic4tx.jpg","datePublished":"2006-02-27T08:02:43+00:00","dateModified":"2020-04-06T20:35:58+00:00","breadcrumb":{"@id":"https:\/\/orthodoxalbania.org\/2020\/2006\/02\/27\/theofani-me-kryepiskopin-anastas-janar-06\/#breadcrumb"},"inLanguage":"en-US","potentialAction":[{"@type":"ReadAction","target":["https:\/\/orthodoxalbania.org\/2020\/2006\/02\/27\/theofani-me-kryepiskopin-anastas-janar-06\/"]}]},{"@type":"ImageObject","inLanguage":"en-US","@id":"https:\/\/orthodoxalbania.org\/2020\/2006\/02\/27\/theofani-me-kryepiskopin-anastas-janar-06\/#primaryimage","url":"https:\/\/lh4.googleusercontent.com\/-agvN5SGGSHQ\/VIbFTKoWbzI\/AAAAAAAAFO4\/N5FXi358UDc\/w350-h262-no\/pic4tx.jpg","contentUrl":"https:\/\/lh4.googleusercontent.com\/-agvN5SGGSHQ\/VIbFTKoWbzI\/AAAAAAAAFO4\/N5FXi358UDc\/w350-h262-no\/pic4tx.jpg"},{"@type":"BreadcrumbList","@id":"https:\/\/orthodoxalbania.org\/2020\/2006\/02\/27\/theofani-me-kryepiskopin-anastas-janar-06\/#breadcrumb","itemListElement":[{"@type":"ListItem","position":1,"name":"Home","item":"https:\/\/orthodoxalbania.org\/2020\/"},{"@type":"ListItem","position":2,"name":"Theofani me Kryepiskopin Anastas. (6 Janar 2006)"}]},{"@type":"WebSite","@id":"https:\/\/orthodoxalbania.org\/2020\/#website","url":"https:\/\/orthodoxalbania.org\/2020\/","name":"Kisha Orthodh\u03bfkse Autoqefale e Shqip\u00ebris\u00eb","description":"Fqja Zyrtare e Kish\u00ebs Orthodhokse Autoqefale e Shqip\u00ebris\u00eb me lajmet edhe informacionet zyrtare p\u00ebr struktur\u00ebn edhe veprimtarin e saj.","publisher":{"@id":"https:\/\/orthodoxalbania.org\/2020\/#organization"},"potentialAction":[{"@type":"SearchAction","target":{"@type":"EntryPoint","urlTemplate":"https:\/\/orthodoxalbania.org\/2020\/?s={search_term_string}"},"query-input":{"@type":"PropertyValueSpecification","valueRequired":true,"valueName":"search_term_string"}}],"inLanguage":"en-US"},{"@type":"Organization","@id":"https:\/\/orthodoxalbania.org\/2020\/#organization","name":"Kisha Orthodhokse Autoqefale e Shqip\u00ebris\u00eb","url":"https:\/\/orthodoxalbania.org\/2020\/","logo":{"@type":"ImageObject","inLanguage":"en-US","@id":"https:\/\/orthodoxalbania.org\/2020\/#\/schema\/logo\/image\/","url":"https:\/\/orthodoxalbania.org\/2020\/wp-content\/uploads\/2020\/05\/albania.jpeg","contentUrl":"https:\/\/orthodoxalbania.org\/2020\/wp-content\/uploads\/2020\/05\/albania.jpeg","width":540,"height":540,"caption":"Kisha Orthodhokse Autoqefale e Shqip\u00ebris\u00eb"},"image":{"@id":"https:\/\/orthodoxalbania.org\/2020\/#\/schema\/logo\/image\/"},"sameAs":["https:\/\/www.facebook.com\/koash1991"]},{"@type":"Person","@id":"https:\/\/orthodoxalbania.org\/2020\/#\/schema\/person\/0c387634a7063ac612d7ed9ce71c7e86","name":"Kisha Orthodhokse","image":{"@type":"ImageObject","inLanguage":"en-US","@id":"https:\/\/secure.gravatar.com\/avatar\/596e7c417251e30f2fbb9c00e026fce61a695a00e51c889caded71c96cbbdde5?s=96&d=mm&r=g","url":"https:\/\/secure.gravatar.com\/avatar\/596e7c417251e30f2fbb9c00e026fce61a695a00e51c889caded71c96cbbdde5?s=96&d=mm&r=g","contentUrl":"https:\/\/secure.gravatar.com\/avatar\/596e7c417251e30f2fbb9c00e026fce61a695a00e51c889caded71c96cbbdde5?s=96&d=mm&r=g","caption":"Kisha Orthodhokse"}}]}},"_links":{"self":[{"href":"https:\/\/orthodoxalbania.org\/2020\/wp-json\/wp\/v2\/posts\/1443","targetHints":{"allow":["GET"]}}],"collection":[{"href":"https:\/\/orthodoxalbania.org\/2020\/wp-json\/wp\/v2\/posts"}],"about":[{"href":"https:\/\/orthodoxalbania.org\/2020\/wp-json\/wp\/v2\/types\/post"}],"author":[{"embeddable":true,"href":"https:\/\/orthodoxalbania.org\/2020\/wp-json\/wp\/v2\/users\/1"}],"replies":[{"embeddable":true,"href":"https:\/\/orthodoxalbania.org\/2020\/wp-json\/wp\/v2\/comments?post=1443"}],"version-history":[{"count":1,"href":"https:\/\/orthodoxalbania.org\/2020\/wp-json\/wp\/v2\/posts\/1443\/revisions"}],"predecessor-version":[{"id":15809,"href":"https:\/\/orthodoxalbania.org\/2020\/wp-json\/wp\/v2\/posts\/1443\/revisions\/15809"}],"wp:attachment":[{"href":"https:\/\/orthodoxalbania.org\/2020\/wp-json\/wp\/v2\/media?parent=1443"}],"wp:term":[{"taxonomy":"category","embeddable":true,"href":"https:\/\/orthodoxalbania.org\/2020\/wp-json\/wp\/v2\/categories?post=1443"},{"taxonomy":"post_tag","embeddable":true,"href":"https:\/\/orthodoxalbania.org\/2020\/wp-json\/wp\/v2\/tags?post=1443"}],"curies":[{"name":"wp","href":"https:\/\/api.w.org\/{rel}","templated":true}]}}