{"id":144,"date":"2008-02-26T00:00:00","date_gmt":"2008-02-26T00:00:00","guid":{"rendered":""},"modified":"2020-04-06T22:35:29","modified_gmt":"2020-04-06T20:35:29","slug":"diplomimi-i-studenteve-2006-2008-te-institutit-te-formimit-profesional-fryme-dashurie-tirane-2008","status":"publish","type":"post","link":"https:\/\/orthodoxalbania.org\/2020\/2008\/02\/26\/diplomimi-i-studenteve-2006-2008-te-institutit-te-formimit-profesional-fryme-dashurie-tirane-2008\/","title":{"rendered":"Diplomimi i student\u00ebve 2006-2008 t\u00eb Institutit t\u00eb Formimit Profesional \u201cFrym\u00eb Dashurie\u201d, Tiran\u00eb. (2008)"},"content":{"rendered":"<table border=\"0\">\n<tbody>\n<tr>\n<td style=\"text-align: center;\">\n<div><span style=\"color: #000000;\"><span style=\"font-family: tahoma,geneva,sans-serif;\"><span style=\"font-size: 12px;\"><img decoding=\"async\" class=\"lazyload HAa Eha\" style=\"margin: 10px auto; display: block; border: 1px solid;\" alt=\"\" src=\"data:image\/svg+xml,%3Csvg%20xmlns%3D%27http%3A%2F%2Fwww.w3.org%2F2000%2Fsvg%27%20width%3D%27337%27%20height%3D%27235%27%20viewBox%3D%270%200%20337%20235%27%3E%3Crect%20width%3D%27337%27%20height%3D%27235%27%20fill-opacity%3D%220%22%2F%3E%3C%2Fsvg%3E\" data-orig-src=\"https:\/\/lh5.googleusercontent.com\/-_Rh6qHnXvFg\/VJFiol0aHJI\/AAAAAAAAIDA\/t1zAl0x2HS4\/w640-h446-no\/1.JPG\" height=\"235\" width=\"337\" \/><\/span><\/span><\/span><\/div>\n<\/td>\n<td>\n<div style=\"text-align: justify;\"><span style=\"color: #000000;\"><span style=\"font-family: tahoma,geneva,sans-serif;\"><span style=\"font-size: 12px;\">&nbsp;&nbsp;&nbsp; <span style=\"font-family: helvetica; font-size: 12pt;\">N\u00eb dat\u00ebn 27 n\u00ebntor 2008, dy muaj pas fillimit t\u00eb vitit t\u00eb ri shkollor, n\u00eb mjediset e Institutit t\u00eb Formimit Profesional \u201cFrym\u00eb Dashurie\u201d, n\u00eb Tiran\u00eb, u organizua ceremonia e dor\u00ebzimit t\u00eb diplomave student\u00ebve q\u00eb p\u00ebrfunduan k\u00ebt\u00eb vit. Merrnin pjes\u00eb Episkopi i Kruj\u00ebs, Hir\u00ebsi Andoni, student\u00eb dhe familjar\u00eb t\u00eb tyre, pedagog\u00eb etj.<\/span><\/span><\/span><\/span><\/div>\n<div style=\"text-align: justify;\"><span style=\"color: #000000; font-family: helvetica; font-size: 12pt;\"> &nbsp;&nbsp;&nbsp; Kryetari i K\u00ebshillit Drejtues t\u00eb IFP, Prof. Dr. Leandro Haxhi, e hapi k\u00ebt\u00eb veprimtari. Ai, pasi vler\u00ebsoi arritjet n\u00eb jet\u00ebn profesionale t\u00eb student\u00ebve q\u00eb ka nxjerr\u00eb ky Institut p\u00ebr shtat\u00eb vjet, q\u00eb nga krijimi i tij, tha:<\/span><\/div>\n<\/td>\n<\/tr>\n<tr>\n<td>\n<div style=\"text-align: justify;\"><span style=\"color: #000000;\"><span style=\"font-family: tahoma,geneva,sans-serif;\"><span style=\"font-size: 12px;\">&nbsp;&nbsp;&nbsp;<span style=\"font-size: 12pt; font-family: helvetica;\"> \u201c<em>K\u00ebta student\u00eb kan\u00eb fituar njohuri teorike dhe e theksoj n\u00eb m\u00ebnyr\u00eb t\u00eb ve\u00e7ant\u00eb shprehi praktike. K\u00ebt\u00eb e them me krenari, sepse n\u00eb k\u00ebt\u00eb drejtim nuk na konkurron asnj\u00eb nga universitetet n\u00eb vendin ton\u00eb. Dhe kjo \u00ebsht\u00eb arritur fal\u00eb kujdesit at\u00ebror, pasionit dhe largpam\u00ebsis\u00eb s\u00eb Presidentit ton\u00eb t\u00eb nderuar, Prof. Dr. Anastasit, p\u00ebr t\u00eb pajisur Institutin me infrastruktur\u00eb t\u00eb nevojshme&#8230; Po k\u00ebshtu kjo u arrit edhe fal\u00eb pasionit t\u00eb trupit pedagogjik p\u00ebr t\u00eb hartuar programe p\u00ebrkat\u00ebse<\/em>\u201d.<\/span><\/span><\/span><\/span><\/div>\n<\/td>\n<td style=\"text-align: center;\">\n<div><span style=\"color: #000000;\"><span style=\"font-family: tahoma,geneva,sans-serif;\"><span style=\"font-size: 12px;\"><img decoding=\"async\" class=\"lazyload HAa Eha\" style=\"margin: 10px auto; height: 216px; width: 300px; display: block; border: 1px solid;\" alt=\"\" src=\"data:image\/svg+xml,%3Csvg%20xmlns%3D%27http%3A%2F%2Fwww.w3.org%2F2000%2Fsvg%27%20width%3D%27300%27%20height%3D%27216%27%20viewBox%3D%270%200%20300%20216%27%3E%3Crect%20width%3D%27300%27%20height%3D%27216%27%20fill-opacity%3D%220%22%2F%3E%3C%2Fsvg%3E\" data-orig-src=\"https:\/\/lh3.googleusercontent.com\/-0KiWqq227Lo\/VJFior1SHVI\/AAAAAAAAIDE\/DSyCh2Kdmo0\/w640-h460-no\/2.JPG\" height=\"216px\" width=\"300px\" \/><\/span><\/span><\/span><\/div>\n<\/td>\n<\/tr>\n<tr>\n<td style=\"text-align: center;\">\n<div><span style=\"color: #000000;\"><span style=\"font-family: tahoma,geneva,sans-serif;\"><span style=\"font-size: 12px;\"><img decoding=\"async\" class=\"lazyload HAa Eha\" style=\"height: 209px; width: 300px; margin: 10px auto; display: block; border: 1px solid;\" alt=\"\" src=\"data:image\/svg+xml,%3Csvg%20xmlns%3D%27http%3A%2F%2Fwww.w3.org%2F2000%2Fsvg%27%20width%3D%27300%27%20height%3D%27209%27%20viewBox%3D%270%200%20300%20209%27%3E%3Crect%20width%3D%27300%27%20height%3D%27209%27%20fill-opacity%3D%220%22%2F%3E%3C%2Fsvg%3E\" data-orig-src=\"https:\/\/lh4.googleusercontent.com\/-a6EWgl_jPgc\/VJFiokoaMoI\/AAAAAAAAIDQ\/AyZawXlq3Aw\/w640-h445-no\/3.JPG\" height=\"209px\" width=\"300px\" \/><\/span><\/span><\/span><\/div>\n<\/td>\n<td>\n<div style=\"text-align: justify;\"><span style=\"color: #000000;\"><span style=\"font-family: tahoma,geneva,sans-serif;\"><span style=\"font-size: 12px;\">&nbsp;&nbsp;&nbsp;<span style=\"font-family: helvetica; font-size: 12pt;\"> Gjat\u00eb ceremonis\u00eb u dor\u00ebzuan diplomat p\u00ebr 72 student\u00eb, q\u00eb mbaruan n\u00eb deg\u00ebn Specialist p\u00ebr Laborator Mjek\u00ebsor (41 student\u00eb); n\u00eb deg\u00ebn Menaxhim (11 student\u00eb); n\u00eb Llogari e Kompjuterizuar (11 student\u00eb); Informatik\u00eb (11 student\u00eb) dhe n\u00eb deg\u00ebn Restaurim i Veprave t\u00eb Artit (2 student\u00eb).<\/span><\/span><\/span><\/span><\/div>\n<div style=\"text-align: justify;\"><span style=\"color: #000000; font-family: helvetica; font-size: 12pt;\"> &nbsp;&nbsp; Gjat\u00eb veprimtaris\u00eb p\u00ebrsh\u00ebndet\u00ebn edhe pedagog\u00eb t\u00eb Institutit, student\u00eb q\u00eb diplomoheshin, si edhe student\u00ebt bursant\u00eb.<\/span><\/div>\n<div style=\"text-align: justify;\"><span style=\"color: #000000; font-family: helvetica; font-size: 12pt;\"> &nbsp;&nbsp;&nbsp; Diplomantja Entela Lelo, e cila m\u00eb par\u00eb kishte mbaruar studimet e saj n\u00eb deg\u00ebn p\u00ebr m\u00ebsuesi n\u00eb biologji e kimi, n\u00eb Universitetin e Tiran\u00ebs, shpreh n\u00eb fjal\u00ebn e saj se:<\/span><\/div>\n<\/td>\n<\/tr>\n<tr>\n<td>\n<div style=\"text-align: justify;\"><span style=\"color: #000000;\"><span style=\"font-family: tahoma,geneva,sans-serif;\"><span style=\"font-size: 12px;\">&nbsp;&nbsp;<span style=\"font-family: helvetica; font-size: 12pt;\">&nbsp; \u201c<em>K\u00ebnaq\u00ebsin\u00eb dhe g\u00ebzimin q\u00eb kam ndier\u00eb n\u00eb k\u00ebt\u00eb shkoll\u00eb, nuk e kam gjetur m\u00eb par\u00eb dhe dua t\u00eb shpreh edhe nj\u00eb fal\u00ebnderim t\u00eb ve\u00e7ant\u00eb p\u00ebr personin q\u00eb mund\u00ebsoi hapjen e k\u00ebsaj shkolle, Fortlumturis\u00eb s\u00eb tij Anastas dhe p\u00ebr t\u00eb gjith\u00eb pedagog\u00ebt<\/em>.\u201d<\/span><\/span><\/span><\/span><\/div>\n<div style=\"text-align: justify;\"><span style=\"color: #000000; font-family: helvetica; font-size: 12pt;\"> &nbsp;&nbsp;&nbsp; Nj\u00eb tjet\u00ebr studente, q\u00eb fitoi burs\u00eb dhe p\u00ebrsh\u00ebndeti t\u00eb pranishmit ishte Sonila Bushi. Ajo pasi shprehu fal\u00ebnderimet e rastit p\u00ebr Kryepiskopin, Kish\u00ebn Orthodhokse Autoqefale t\u00eb Shqip\u00ebris\u00eb, stafin pedagogjik, drejtorin\u00eb dhe t\u00eb gjith\u00eb ata q\u00eb kan\u00eb ndihmuar dhe vazhdimisht investojn\u00eb n\u00eb fush\u00ebn e arsimit dhe kultur\u00ebs n\u00eb vendin ton\u00eb, p\u00ebrfundoi:<\/span><\/div>\n<\/td>\n<td style=\"text-align: center;\">\n<div><span style=\"color: #000000;\"><span style=\"font-family: tahoma,geneva,sans-serif;\"><span style=\"font-size: 12px;\"><img decoding=\"async\" class=\"lazyload HAa Eha\" style=\"height: 219px; width: 300px; margin: 10px auto; display: block; border: 1px solid;\" alt=\"\" src=\"data:image\/svg+xml,%3Csvg%20xmlns%3D%27http%3A%2F%2Fwww.w3.org%2F2000%2Fsvg%27%20width%3D%27300%27%20height%3D%27219%27%20viewBox%3D%270%200%20300%20219%27%3E%3Crect%20width%3D%27300%27%20height%3D%27219%27%20fill-opacity%3D%220%22%2F%3E%3C%2Fsvg%3E\" data-orig-src=\"https:\/\/lh3.googleusercontent.com\/-uynEY6jGm8Y\/VJFipEJyTCI\/AAAAAAAAIDY\/aPfJsTiwpS8\/w640-h468-no\/4.JPG\" height=\"219px\" width=\"300px\" \/><\/span><\/span><\/span><\/div>\n<\/td>\n<\/tr>\n<tr>\n<td style=\"text-align: center;\">\n<div><span style=\"color: #000000;\"><span style=\"font-family: tahoma,geneva,sans-serif;\"><span style=\"font-size: 12px;\"><img decoding=\"async\" class=\"lazyload HAa Eha\" style=\"height: 215px; width: 300px; margin: 10px auto; display: block; border: 1px solid;\" alt=\"\" src=\"data:image\/svg+xml,%3Csvg%20xmlns%3D%27http%3A%2F%2Fwww.w3.org%2F2000%2Fsvg%27%20width%3D%27300%27%20height%3D%27215%27%20viewBox%3D%270%200%20300%20215%27%3E%3Crect%20width%3D%27300%27%20height%3D%27215%27%20fill-opacity%3D%220%22%2F%3E%3C%2Fsvg%3E\" data-orig-src=\"https:\/\/lh3.googleusercontent.com\/-WXx51HAOffw\/VJFipXMFxZI\/AAAAAAAAIDU\/XT5dDtHHZHA\/w640-h459-no\/5.JPG\" height=\"215px\" width=\"300px\" \/><\/span><\/span><\/span><\/div>\n<\/td>\n<td>\n<div style=\"text-align: justify;\"><span style=\"color: #000000;\"><span style=\"font-family: tahoma,geneva,sans-serif;\"><span style=\"font-size: 12px;\">&nbsp;&nbsp;<span style=\"font-family: helvetica; font-size: 12pt;\">&nbsp;&nbsp; \u201c&#8230; <em>Me urimet m\u00eb t\u00eb mira n\u00eb vazhdim\u00ebsin\u00eb e k\u00ebtij Instituti edhe n\u00eb nivele m\u00eb t\u00eb larta, pse jo n\u00eb rang Universiteti!<\/em>\u201d.<\/span><\/span><\/span><\/span><\/div>\n<div style=\"text-align: justify;\"><span style=\"color: #000000; font-family: helvetica; font-size: 12pt;\"> &nbsp;&nbsp;&nbsp; Hir\u00ebsia e Tij, Episkop Andoni, pasi p\u00ebrcolli tek t\u00eb pranishmit urimet m\u00eb t\u00eb mira dhe p\u00ebrg\u00ebzimet edhe nga ana e Kryepiskopit, nd\u00ebr t\u00eb tjera tha: <em>\u201c&#8230; gjat\u00eb k\u00ebtyre dy vjet\u00ebve ju jeni formuar me dije q\u00eb do t\u2019ju vlejn\u00eb p\u00ebr jet\u00ebn tuaj. Nj\u00eb porosi t\u00eb cil\u00ebn Kryepiskopi Anastas e thot\u00eb p\u00ebr veten e tij, un\u00eb e mendoj shpesh. Ia kam th\u00ebn\u00eb edhe student\u00ebve q\u00eb kan\u00eb p\u00ebrfunduar nj\u00eb vit m\u00eb par\u00eb, dhe po jua them edhe juve sot: Mos harroni t\u00eb jini student\u00eb dhe dhjakon\u00eb. Dhjakon n\u00eb gjuh\u00ebn kishtare do t\u00eb thot\u00eb t\u00eb ndihmosh t\u00eb tjer\u00ebt. Ritmet e shkenc\u00ebs jan\u00eb t\u00eb shpejta. <\/em><\/span><\/div>\n<\/td>\n<\/tr>\n<\/tbody>\n<\/table>\n<div>\n<div style=\"text-align: justify;\"><span style=\"color: #000000;\"><span style=\"font-family: tahoma,geneva,sans-serif;\"><span style=\"font-size: 12px;\"><em>&nbsp;&nbsp;&nbsp;<span style=\"font-family: helvetica; font-size: 12pt;\"> Kjo do t\u00eb thot\u00eb q\u00eb njer\u00ebzit t\u00eb jen\u00eb vazhdimisht n\u00eb kontakt me librat, me njer\u00ebz t\u00eb ditur dhe me institucione t\u00eb specializuara. Meq\u00ebn\u00ebse jeni n\u00eb momentet kur do t\u00eb filloni pun\u00eb, porosia ime p\u00ebr ju do t\u00eb ishte ndershm\u00ebria, gjithashtu t\u00eb punoni me devocion dhe dashuri p\u00ebr pun\u00ebn. Kjo e fundit duhet t\u00eb jet\u00eb baza e motivimit tuaj. Kudo q\u00eb t\u00eb jeni mundohuni ta b\u00ebni at\u00eb me p\u00ebrsosm\u00ebri. Kur ne vendosim m\u00eb t\u00eb mir\u00ebn ton\u00eb, p\u00ebr ta b\u00ebr\u00eb at\u00eb patjet\u00ebr, ne do t\u00eb fillojm\u00eb ta dashurojm\u00eb pun\u00ebn dhe njer\u00ebzit do t\u00eb fillojn\u00eb t\u00eb na p\u00eblqejn\u00eb ne. Kjo do t\u00eb jet\u00eb garanci edhe p\u00ebr mbar\u00ebvajtjen ton\u00eb shpirt\u00ebrore dhe gjith\u00e7ka tjet\u00ebr vjen rreth saj. Per\u00ebndia t\u2019ju bekoj\u00eb! Urime<\/span><\/em><span style=\"font-family: helvetica; font-size: 12pt;\">\u201d.<\/span><\/span><\/span><\/span><\/div>\n<div style=\"text-align: justify;\"><span style=\"color: #000000; font-family: helvetica; font-size: 12pt;\"> &nbsp;&nbsp;&nbsp; Kjo ceremoni u mbyll me p\u00ebrsh\u00ebndetjet dhe fotot me nj\u00ebri\u2013tjetrin dhe pedagog\u00ebt, si edhe me urimin e sinqert\u00eb p\u00ebr t\u00eb gjith\u00eb; Suksese!<\/span><\/div>\n<div>&nbsp;<\/div>\n<div>&nbsp;<\/div>\n<div style=\"text-align: right;\"><span style=\"color: #000000;\"><span style=\"font-family: tahoma,geneva,sans-serif;\"><span style=\"font-size: 12px;\"><strong>J.Pjetri<\/strong><\/span><\/span><\/span><\/div>\n<\/div>\n","protected":false},"excerpt":{"rendered":"<p>&nbsp;&nbsp;&nbsp; N\u00eb dat\u00ebn 27 n\u00ebntor 2008, dy muaj pas fillimit t\u00eb vitit t\u00eb ri shkollor, n\u00eb mjediset e Institutit t\u00eb Formimit Profesional \u201cFrym\u00eb Dashurie\u201d, n\u00eb Tiran\u00eb, u organizua ceremonia e dor\u00ebzimit t\u00eb diplomave student\u00ebve q\u00eb p\u00ebrfunduan k\u00ebt\u00eb vit. Merrnin pjes\u00eb Episkopi i Kruj\u00ebs, Hir\u00ebsi Andoni, student\u00eb dhe familjar\u00eb t\u00eb tyre, pedagog\u00eb etj. &nbsp;&nbsp;&nbsp; Kryetari i K\u00ebshillit Drejtues t\u00eb IFP, Prof. Dr. Leandro Haxhi, e hapi<\/p>\n","protected":false},"author":1,"featured_media":0,"comment_status":"open","ping_status":"open","sticky":false,"template":"","format":"standard","meta":{"_acf_changed":false,"pagelayer_contact_templates":[],"_pagelayer_content":"","inline_featured_image":false,"fifu_image_url":"","fifu_image_alt":"","footnotes":""},"categories":[108],"tags":[146,168,196,212],"class_list":["post-144","post","type-post","status-publish","format-standard","hentry","category-lajme","tag-146","tag-diplomime","tag-tirane","tag-lajme-d27"],"acf":[],"yoast_head":"<!-- This site is optimized with the Yoast SEO plugin v27.2 - https:\/\/yoast.com\/product\/yoast-seo-wordpress\/ -->\n<title>Diplomimi i student\u00ebve 2006-2008 t\u00eb Institutit t\u00eb Formimit Profesional \u201cFrym\u00eb Dashurie\u201d, Tiran\u00eb. (2008) - Kisha Orthodh\u03bfkse Autoqefale e Shqip\u00ebris\u00eb<\/title>\n<meta name=\"robots\" content=\"index, follow, max-snippet:-1, max-image-preview:large, max-video-preview:-1\" \/>\n<link rel=\"canonical\" href=\"https:\/\/orthodoxalbania.org\/2020\/2008\/02\/26\/diplomimi-i-studenteve-2006-2008-te-institutit-te-formimit-profesional-fryme-dashurie-tirane-2008\/\" \/>\n<meta property=\"og:locale\" content=\"en_US\" \/>\n<meta property=\"og:type\" content=\"article\" \/>\n<meta property=\"og:title\" content=\"Diplomimi i student\u00ebve 2006-2008 t\u00eb Institutit t\u00eb Formimit Profesional \u201cFrym\u00eb Dashurie\u201d, Tiran\u00eb. (2008) - Kisha Orthodh\u03bfkse Autoqefale e Shqip\u00ebris\u00eb\" \/>\n<meta property=\"og:description\" content=\"&nbsp;&nbsp;&nbsp; N\u00eb dat\u00ebn 27 n\u00ebntor 2008, dy muaj pas fillimit t\u00eb vitit t\u00eb ri shkollor, n\u00eb mjediset e Institutit t\u00eb Formimit Profesional \u201cFrym\u00eb Dashurie\u201d, n\u00eb Tiran\u00eb, u organizua ceremonia e dor\u00ebzimit t\u00eb diplomave student\u00ebve q\u00eb p\u00ebrfunduan k\u00ebt\u00eb vit. Merrnin pjes\u00eb Episkopi i Kruj\u00ebs, Hir\u00ebsi Andoni, student\u00eb dhe familjar\u00eb t\u00eb tyre, pedagog\u00eb etj. &nbsp;&nbsp;&nbsp; Kryetari i K\u00ebshillit Drejtues t\u00eb IFP, Prof. Dr. Leandro Haxhi, e hapi\" \/>\n<meta property=\"og:url\" content=\"https:\/\/orthodoxalbania.org\/2020\/2008\/02\/26\/diplomimi-i-studenteve-2006-2008-te-institutit-te-formimit-profesional-fryme-dashurie-tirane-2008\/\" \/>\n<meta property=\"og:site_name\" content=\"Kisha Orthodh\u03bfkse Autoqefale e Shqip\u00ebris\u00eb\" \/>\n<meta property=\"article:publisher\" content=\"https:\/\/www.facebook.com\/koash1991\" \/>\n<meta property=\"article:published_time\" content=\"2008-02-26T00:00:00+00:00\" \/>\n<meta property=\"article:modified_time\" content=\"2020-04-06T20:35:29+00:00\" \/>\n<meta property=\"og:image\" content=\"https:\/\/lh5.googleusercontent.com\/-_Rh6qHnXvFg\/VJFiol0aHJI\/AAAAAAAAIDA\/t1zAl0x2HS4\/w640-h446-no\/1.JPG\" \/>\n<meta name=\"author\" content=\"Kisha Orthodhokse\" \/>\n<meta name=\"twitter:card\" content=\"summary_large_image\" \/>\n<meta name=\"twitter:label1\" content=\"Written by\" \/>\n\t<meta name=\"twitter:data1\" content=\"Kisha Orthodhokse\" \/>\n\t<meta name=\"twitter:label2\" content=\"Est. reading time\" \/>\n\t<meta name=\"twitter:data2\" content=\"4 minutes\" \/>\n<script type=\"application\/ld+json\" class=\"yoast-schema-graph\">{\"@context\":\"https:\/\/schema.org\",\"@graph\":[{\"@type\":\"Article\",\"@id\":\"https:\/\/orthodoxalbania.org\/2020\/2008\/02\/26\/diplomimi-i-studenteve-2006-2008-te-institutit-te-formimit-profesional-fryme-dashurie-tirane-2008\/#article\",\"isPartOf\":{\"@id\":\"https:\/\/orthodoxalbania.org\/2020\/2008\/02\/26\/diplomimi-i-studenteve-2006-2008-te-institutit-te-formimit-profesional-fryme-dashurie-tirane-2008\/\"},\"author\":{\"name\":\"Kisha Orthodhokse\",\"@id\":\"https:\/\/orthodoxalbania.org\/2020\/#\/schema\/person\/0c387634a7063ac612d7ed9ce71c7e86\"},\"headline\":\"Diplomimi i student\u00ebve 2006-2008 t\u00eb Institutit t\u00eb Formimit Profesional \u201cFrym\u00eb Dashurie\u201d, Tiran\u00eb. (2008)\",\"datePublished\":\"2008-02-26T00:00:00+00:00\",\"dateModified\":\"2020-04-06T20:35:29+00:00\",\"mainEntityOfPage\":{\"@id\":\"https:\/\/orthodoxalbania.org\/2020\/2008\/02\/26\/diplomimi-i-studenteve-2006-2008-te-institutit-te-formimit-profesional-fryme-dashurie-tirane-2008\/\"},\"wordCount\":757,\"commentCount\":0,\"publisher\":{\"@id\":\"https:\/\/orthodoxalbania.org\/2020\/#organization\"},\"image\":{\"@id\":\"https:\/\/orthodoxalbania.org\/2020\/2008\/02\/26\/diplomimi-i-studenteve-2006-2008-te-institutit-te-formimit-profesional-fryme-dashurie-tirane-2008\/#primaryimage\"},\"thumbnailUrl\":\"https:\/\/lh5.googleusercontent.com\/-_Rh6qHnXvFg\/VJFiol0aHJI\/AAAAAAAAIDA\/t1zAl0x2HS4\/w640-h446-no\/1.JPG\",\"keywords\":[\"2008\",\"Diplomime\",\"Kryepiskopata Tiran\u00eb\",\"lajme\"],\"articleSection\":[\"Lajme\"],\"inLanguage\":\"en-US\"},{\"@type\":\"WebPage\",\"@id\":\"https:\/\/orthodoxalbania.org\/2020\/2008\/02\/26\/diplomimi-i-studenteve-2006-2008-te-institutit-te-formimit-profesional-fryme-dashurie-tirane-2008\/\",\"url\":\"https:\/\/orthodoxalbania.org\/2020\/2008\/02\/26\/diplomimi-i-studenteve-2006-2008-te-institutit-te-formimit-profesional-fryme-dashurie-tirane-2008\/\",\"name\":\"Diplomimi i student\u00ebve 2006-2008 t\u00eb Institutit t\u00eb Formimit Profesional \u201cFrym\u00eb Dashurie\u201d, Tiran\u00eb. (2008) - Kisha Orthodh\u03bfkse Autoqefale e Shqip\u00ebris\u00eb\",\"isPartOf\":{\"@id\":\"https:\/\/orthodoxalbania.org\/2020\/#website\"},\"primaryImageOfPage\":{\"@id\":\"https:\/\/orthodoxalbania.org\/2020\/2008\/02\/26\/diplomimi-i-studenteve-2006-2008-te-institutit-te-formimit-profesional-fryme-dashurie-tirane-2008\/#primaryimage\"},\"image\":{\"@id\":\"https:\/\/orthodoxalbania.org\/2020\/2008\/02\/26\/diplomimi-i-studenteve-2006-2008-te-institutit-te-formimit-profesional-fryme-dashurie-tirane-2008\/#primaryimage\"},\"thumbnailUrl\":\"https:\/\/lh5.googleusercontent.com\/-_Rh6qHnXvFg\/VJFiol0aHJI\/AAAAAAAAIDA\/t1zAl0x2HS4\/w640-h446-no\/1.JPG\",\"datePublished\":\"2008-02-26T00:00:00+00:00\",\"dateModified\":\"2020-04-06T20:35:29+00:00\",\"breadcrumb\":{\"@id\":\"https:\/\/orthodoxalbania.org\/2020\/2008\/02\/26\/diplomimi-i-studenteve-2006-2008-te-institutit-te-formimit-profesional-fryme-dashurie-tirane-2008\/#breadcrumb\"},\"inLanguage\":\"en-US\",\"potentialAction\":[{\"@type\":\"ReadAction\",\"target\":[\"https:\/\/orthodoxalbania.org\/2020\/2008\/02\/26\/diplomimi-i-studenteve-2006-2008-te-institutit-te-formimit-profesional-fryme-dashurie-tirane-2008\/\"]}]},{\"@type\":\"ImageObject\",\"inLanguage\":\"en-US\",\"@id\":\"https:\/\/orthodoxalbania.org\/2020\/2008\/02\/26\/diplomimi-i-studenteve-2006-2008-te-institutit-te-formimit-profesional-fryme-dashurie-tirane-2008\/#primaryimage\",\"url\":\"https:\/\/lh5.googleusercontent.com\/-_Rh6qHnXvFg\/VJFiol0aHJI\/AAAAAAAAIDA\/t1zAl0x2HS4\/w640-h446-no\/1.JPG\",\"contentUrl\":\"https:\/\/lh5.googleusercontent.com\/-_Rh6qHnXvFg\/VJFiol0aHJI\/AAAAAAAAIDA\/t1zAl0x2HS4\/w640-h446-no\/1.JPG\"},{\"@type\":\"BreadcrumbList\",\"@id\":\"https:\/\/orthodoxalbania.org\/2020\/2008\/02\/26\/diplomimi-i-studenteve-2006-2008-te-institutit-te-formimit-profesional-fryme-dashurie-tirane-2008\/#breadcrumb\",\"itemListElement\":[{\"@type\":\"ListItem\",\"position\":1,\"name\":\"Home\",\"item\":\"https:\/\/orthodoxalbania.org\/2020\/\"},{\"@type\":\"ListItem\",\"position\":2,\"name\":\"Diplomimi i student\u00ebve 2006-2008 t\u00eb Institutit t\u00eb Formimit Profesional \u201cFrym\u00eb Dashurie\u201d, Tiran\u00eb. (2008)\"}]},{\"@type\":\"WebSite\",\"@id\":\"https:\/\/orthodoxalbania.org\/2020\/#website\",\"url\":\"https:\/\/orthodoxalbania.org\/2020\/\",\"name\":\"Kisha Orthodh\u03bfkse Autoqefale e Shqip\u00ebris\u00eb\",\"description\":\"Fqja Zyrtare e Kish\u00ebs Orthodhokse Autoqefale e Shqip\u00ebris\u00eb me lajmet edhe informacionet zyrtare p\u00ebr struktur\u00ebn edhe veprimtarin e saj.\",\"publisher\":{\"@id\":\"https:\/\/orthodoxalbania.org\/2020\/#organization\"},\"potentialAction\":[{\"@type\":\"SearchAction\",\"target\":{\"@type\":\"EntryPoint\",\"urlTemplate\":\"https:\/\/orthodoxalbania.org\/2020\/?s={search_term_string}\"},\"query-input\":{\"@type\":\"PropertyValueSpecification\",\"valueRequired\":true,\"valueName\":\"search_term_string\"}}],\"inLanguage\":\"en-US\"},{\"@type\":\"Organization\",\"@id\":\"https:\/\/orthodoxalbania.org\/2020\/#organization\",\"name\":\"Kisha Orthodhokse Autoqefale e Shqip\u00ebris\u00eb\",\"url\":\"https:\/\/orthodoxalbania.org\/2020\/\",\"logo\":{\"@type\":\"ImageObject\",\"inLanguage\":\"en-US\",\"@id\":\"https:\/\/orthodoxalbania.org\/2020\/#\/schema\/logo\/image\/\",\"url\":\"https:\/\/orthodoxalbania.org\/2020\/wp-content\/uploads\/2020\/05\/albania.jpeg\",\"contentUrl\":\"https:\/\/orthodoxalbania.org\/2020\/wp-content\/uploads\/2020\/05\/albania.jpeg\",\"width\":540,\"height\":540,\"caption\":\"Kisha Orthodhokse Autoqefale e Shqip\u00ebris\u00eb\"},\"image\":{\"@id\":\"https:\/\/orthodoxalbania.org\/2020\/#\/schema\/logo\/image\/\"},\"sameAs\":[\"https:\/\/www.facebook.com\/koash1991\"]},{\"@type\":\"Person\",\"@id\":\"https:\/\/orthodoxalbania.org\/2020\/#\/schema\/person\/0c387634a7063ac612d7ed9ce71c7e86\",\"name\":\"Kisha Orthodhokse\",\"image\":{\"@type\":\"ImageObject\",\"inLanguage\":\"en-US\",\"@id\":\"https:\/\/secure.gravatar.com\/avatar\/596e7c417251e30f2fbb9c00e026fce61a695a00e51c889caded71c96cbbdde5?s=96&d=mm&r=g\",\"url\":\"https:\/\/secure.gravatar.com\/avatar\/596e7c417251e30f2fbb9c00e026fce61a695a00e51c889caded71c96cbbdde5?s=96&d=mm&r=g\",\"contentUrl\":\"https:\/\/secure.gravatar.com\/avatar\/596e7c417251e30f2fbb9c00e026fce61a695a00e51c889caded71c96cbbdde5?s=96&d=mm&r=g\",\"caption\":\"Kisha Orthodhokse\"}}]}<\/script>\n<!-- \/ Yoast SEO plugin. -->","yoast_head_json":{"title":"Diplomimi i student\u00ebve 2006-2008 t\u00eb Institutit t\u00eb Formimit Profesional \u201cFrym\u00eb Dashurie\u201d, Tiran\u00eb. (2008) - Kisha Orthodh\u03bfkse Autoqefale e Shqip\u00ebris\u00eb","robots":{"index":"index","follow":"follow","max-snippet":"max-snippet:-1","max-image-preview":"max-image-preview:large","max-video-preview":"max-video-preview:-1"},"canonical":"https:\/\/orthodoxalbania.org\/2020\/2008\/02\/26\/diplomimi-i-studenteve-2006-2008-te-institutit-te-formimit-profesional-fryme-dashurie-tirane-2008\/","og_locale":"en_US","og_type":"article","og_title":"Diplomimi i student\u00ebve 2006-2008 t\u00eb Institutit t\u00eb Formimit Profesional \u201cFrym\u00eb Dashurie\u201d, Tiran\u00eb. (2008) - Kisha Orthodh\u03bfkse Autoqefale e Shqip\u00ebris\u00eb","og_description":"&nbsp;&nbsp;&nbsp; N\u00eb dat\u00ebn 27 n\u00ebntor 2008, dy muaj pas fillimit t\u00eb vitit t\u00eb ri shkollor, n\u00eb mjediset e Institutit t\u00eb Formimit Profesional \u201cFrym\u00eb Dashurie\u201d, n\u00eb Tiran\u00eb, u organizua ceremonia e dor\u00ebzimit t\u00eb diplomave student\u00ebve q\u00eb p\u00ebrfunduan k\u00ebt\u00eb vit. Merrnin pjes\u00eb Episkopi i Kruj\u00ebs, Hir\u00ebsi Andoni, student\u00eb dhe familjar\u00eb t\u00eb tyre, pedagog\u00eb etj. &nbsp;&nbsp;&nbsp; Kryetari i K\u00ebshillit Drejtues t\u00eb IFP, Prof. Dr. Leandro Haxhi, e hapi","og_url":"https:\/\/orthodoxalbania.org\/2020\/2008\/02\/26\/diplomimi-i-studenteve-2006-2008-te-institutit-te-formimit-profesional-fryme-dashurie-tirane-2008\/","og_site_name":"Kisha Orthodh\u03bfkse Autoqefale e Shqip\u00ebris\u00eb","article_publisher":"https:\/\/www.facebook.com\/koash1991","article_published_time":"2008-02-26T00:00:00+00:00","article_modified_time":"2020-04-06T20:35:29+00:00","og_image":[{"url":"https:\/\/lh5.googleusercontent.com\/-_Rh6qHnXvFg\/VJFiol0aHJI\/AAAAAAAAIDA\/t1zAl0x2HS4\/w640-h446-no\/1.JPG","type":"","width":"","height":""}],"author":"Kisha Orthodhokse","twitter_card":"summary_large_image","twitter_misc":{"Written by":"Kisha Orthodhokse","Est. reading time":"4 minutes"},"schema":{"@context":"https:\/\/schema.org","@graph":[{"@type":"Article","@id":"https:\/\/orthodoxalbania.org\/2020\/2008\/02\/26\/diplomimi-i-studenteve-2006-2008-te-institutit-te-formimit-profesional-fryme-dashurie-tirane-2008\/#article","isPartOf":{"@id":"https:\/\/orthodoxalbania.org\/2020\/2008\/02\/26\/diplomimi-i-studenteve-2006-2008-te-institutit-te-formimit-profesional-fryme-dashurie-tirane-2008\/"},"author":{"name":"Kisha Orthodhokse","@id":"https:\/\/orthodoxalbania.org\/2020\/#\/schema\/person\/0c387634a7063ac612d7ed9ce71c7e86"},"headline":"Diplomimi i student\u00ebve 2006-2008 t\u00eb Institutit t\u00eb Formimit Profesional \u201cFrym\u00eb Dashurie\u201d, Tiran\u00eb. (2008)","datePublished":"2008-02-26T00:00:00+00:00","dateModified":"2020-04-06T20:35:29+00:00","mainEntityOfPage":{"@id":"https:\/\/orthodoxalbania.org\/2020\/2008\/02\/26\/diplomimi-i-studenteve-2006-2008-te-institutit-te-formimit-profesional-fryme-dashurie-tirane-2008\/"},"wordCount":757,"commentCount":0,"publisher":{"@id":"https:\/\/orthodoxalbania.org\/2020\/#organization"},"image":{"@id":"https:\/\/orthodoxalbania.org\/2020\/2008\/02\/26\/diplomimi-i-studenteve-2006-2008-te-institutit-te-formimit-profesional-fryme-dashurie-tirane-2008\/#primaryimage"},"thumbnailUrl":"https:\/\/lh5.googleusercontent.com\/-_Rh6qHnXvFg\/VJFiol0aHJI\/AAAAAAAAIDA\/t1zAl0x2HS4\/w640-h446-no\/1.JPG","keywords":["2008","Diplomime","Kryepiskopata Tiran\u00eb","lajme"],"articleSection":["Lajme"],"inLanguage":"en-US"},{"@type":"WebPage","@id":"https:\/\/orthodoxalbania.org\/2020\/2008\/02\/26\/diplomimi-i-studenteve-2006-2008-te-institutit-te-formimit-profesional-fryme-dashurie-tirane-2008\/","url":"https:\/\/orthodoxalbania.org\/2020\/2008\/02\/26\/diplomimi-i-studenteve-2006-2008-te-institutit-te-formimit-profesional-fryme-dashurie-tirane-2008\/","name":"Diplomimi i student\u00ebve 2006-2008 t\u00eb Institutit t\u00eb Formimit Profesional \u201cFrym\u00eb Dashurie\u201d, Tiran\u00eb. (2008) - Kisha Orthodh\u03bfkse Autoqefale e Shqip\u00ebris\u00eb","isPartOf":{"@id":"https:\/\/orthodoxalbania.org\/2020\/#website"},"primaryImageOfPage":{"@id":"https:\/\/orthodoxalbania.org\/2020\/2008\/02\/26\/diplomimi-i-studenteve-2006-2008-te-institutit-te-formimit-profesional-fryme-dashurie-tirane-2008\/#primaryimage"},"image":{"@id":"https:\/\/orthodoxalbania.org\/2020\/2008\/02\/26\/diplomimi-i-studenteve-2006-2008-te-institutit-te-formimit-profesional-fryme-dashurie-tirane-2008\/#primaryimage"},"thumbnailUrl":"https:\/\/lh5.googleusercontent.com\/-_Rh6qHnXvFg\/VJFiol0aHJI\/AAAAAAAAIDA\/t1zAl0x2HS4\/w640-h446-no\/1.JPG","datePublished":"2008-02-26T00:00:00+00:00","dateModified":"2020-04-06T20:35:29+00:00","breadcrumb":{"@id":"https:\/\/orthodoxalbania.org\/2020\/2008\/02\/26\/diplomimi-i-studenteve-2006-2008-te-institutit-te-formimit-profesional-fryme-dashurie-tirane-2008\/#breadcrumb"},"inLanguage":"en-US","potentialAction":[{"@type":"ReadAction","target":["https:\/\/orthodoxalbania.org\/2020\/2008\/02\/26\/diplomimi-i-studenteve-2006-2008-te-institutit-te-formimit-profesional-fryme-dashurie-tirane-2008\/"]}]},{"@type":"ImageObject","inLanguage":"en-US","@id":"https:\/\/orthodoxalbania.org\/2020\/2008\/02\/26\/diplomimi-i-studenteve-2006-2008-te-institutit-te-formimit-profesional-fryme-dashurie-tirane-2008\/#primaryimage","url":"https:\/\/lh5.googleusercontent.com\/-_Rh6qHnXvFg\/VJFiol0aHJI\/AAAAAAAAIDA\/t1zAl0x2HS4\/w640-h446-no\/1.JPG","contentUrl":"https:\/\/lh5.googleusercontent.com\/-_Rh6qHnXvFg\/VJFiol0aHJI\/AAAAAAAAIDA\/t1zAl0x2HS4\/w640-h446-no\/1.JPG"},{"@type":"BreadcrumbList","@id":"https:\/\/orthodoxalbania.org\/2020\/2008\/02\/26\/diplomimi-i-studenteve-2006-2008-te-institutit-te-formimit-profesional-fryme-dashurie-tirane-2008\/#breadcrumb","itemListElement":[{"@type":"ListItem","position":1,"name":"Home","item":"https:\/\/orthodoxalbania.org\/2020\/"},{"@type":"ListItem","position":2,"name":"Diplomimi i student\u00ebve 2006-2008 t\u00eb Institutit t\u00eb Formimit Profesional \u201cFrym\u00eb Dashurie\u201d, Tiran\u00eb. (2008)"}]},{"@type":"WebSite","@id":"https:\/\/orthodoxalbania.org\/2020\/#website","url":"https:\/\/orthodoxalbania.org\/2020\/","name":"Kisha Orthodh\u03bfkse Autoqefale e Shqip\u00ebris\u00eb","description":"Fqja Zyrtare e Kish\u00ebs Orthodhokse Autoqefale e Shqip\u00ebris\u00eb me lajmet edhe informacionet zyrtare p\u00ebr struktur\u00ebn edhe veprimtarin e saj.","publisher":{"@id":"https:\/\/orthodoxalbania.org\/2020\/#organization"},"potentialAction":[{"@type":"SearchAction","target":{"@type":"EntryPoint","urlTemplate":"https:\/\/orthodoxalbania.org\/2020\/?s={search_term_string}"},"query-input":{"@type":"PropertyValueSpecification","valueRequired":true,"valueName":"search_term_string"}}],"inLanguage":"en-US"},{"@type":"Organization","@id":"https:\/\/orthodoxalbania.org\/2020\/#organization","name":"Kisha Orthodhokse Autoqefale e Shqip\u00ebris\u00eb","url":"https:\/\/orthodoxalbania.org\/2020\/","logo":{"@type":"ImageObject","inLanguage":"en-US","@id":"https:\/\/orthodoxalbania.org\/2020\/#\/schema\/logo\/image\/","url":"https:\/\/orthodoxalbania.org\/2020\/wp-content\/uploads\/2020\/05\/albania.jpeg","contentUrl":"https:\/\/orthodoxalbania.org\/2020\/wp-content\/uploads\/2020\/05\/albania.jpeg","width":540,"height":540,"caption":"Kisha Orthodhokse Autoqefale e Shqip\u00ebris\u00eb"},"image":{"@id":"https:\/\/orthodoxalbania.org\/2020\/#\/schema\/logo\/image\/"},"sameAs":["https:\/\/www.facebook.com\/koash1991"]},{"@type":"Person","@id":"https:\/\/orthodoxalbania.org\/2020\/#\/schema\/person\/0c387634a7063ac612d7ed9ce71c7e86","name":"Kisha Orthodhokse","image":{"@type":"ImageObject","inLanguage":"en-US","@id":"https:\/\/secure.gravatar.com\/avatar\/596e7c417251e30f2fbb9c00e026fce61a695a00e51c889caded71c96cbbdde5?s=96&d=mm&r=g","url":"https:\/\/secure.gravatar.com\/avatar\/596e7c417251e30f2fbb9c00e026fce61a695a00e51c889caded71c96cbbdde5?s=96&d=mm&r=g","contentUrl":"https:\/\/secure.gravatar.com\/avatar\/596e7c417251e30f2fbb9c00e026fce61a695a00e51c889caded71c96cbbdde5?s=96&d=mm&r=g","caption":"Kisha Orthodhokse"}}]}},"_links":{"self":[{"href":"https:\/\/orthodoxalbania.org\/2020\/wp-json\/wp\/v2\/posts\/144","targetHints":{"allow":["GET"]}}],"collection":[{"href":"https:\/\/orthodoxalbania.org\/2020\/wp-json\/wp\/v2\/posts"}],"about":[{"href":"https:\/\/orthodoxalbania.org\/2020\/wp-json\/wp\/v2\/types\/post"}],"author":[{"embeddable":true,"href":"https:\/\/orthodoxalbania.org\/2020\/wp-json\/wp\/v2\/users\/1"}],"replies":[{"embeddable":true,"href":"https:\/\/orthodoxalbania.org\/2020\/wp-json\/wp\/v2\/comments?post=144"}],"version-history":[{"count":1,"href":"https:\/\/orthodoxalbania.org\/2020\/wp-json\/wp\/v2\/posts\/144\/revisions"}],"predecessor-version":[{"id":15696,"href":"https:\/\/orthodoxalbania.org\/2020\/wp-json\/wp\/v2\/posts\/144\/revisions\/15696"}],"wp:attachment":[{"href":"https:\/\/orthodoxalbania.org\/2020\/wp-json\/wp\/v2\/media?parent=144"}],"wp:term":[{"taxonomy":"category","embeddable":true,"href":"https:\/\/orthodoxalbania.org\/2020\/wp-json\/wp\/v2\/categories?post=144"},{"taxonomy":"post_tag","embeddable":true,"href":"https:\/\/orthodoxalbania.org\/2020\/wp-json\/wp\/v2\/tags?post=144"}],"curies":[{"name":"wp","href":"https:\/\/api.w.org\/{rel}","templated":true}]}}