{"id":1438,"date":"2013-03-21T09:08:38","date_gmt":"2013-03-21T09:08:38","guid":{"rendered":""},"modified":"2020-04-13T00:31:08","modified_gmt":"2020-04-12T22:31:08","slug":"the-tour-of-the-exhibition-byzantine-and-post-byzantine-manuscripts-in-albania-begins-the-first-stop-is-kor-a-january-2011","status":"publish","type":"post","link":"https:\/\/orthodoxalbania.org\/2020\/en\/2013\/03\/21\/the-tour-of-the-exhibition-byzantine-and-post-byzantine-manuscripts-in-albania-begins-the-first-stop-is-kor-a-january-2011\/","title":{"rendered":"The Tour of the Exhibition \u201cByzantine and Post-Byzantine Manuscripts in Albania\u201d Begins; the First Stop is Kor\u04aba. (January 2011)"},"content":{"rendered":"<div class=\"style8\" style=\"text-align: justify;\">\n\t<span style=\"font-family:tahoma,geneva,sans-serif;\"><span style=\"font-size: 12px;\"><span style=\"color: rgb(0, 0, 0);\"><img decoding=\"async\" class=\"lazyload HAa Eha\" height=\"244\" src=\"data:image\/svg+xml,%3Csvg%20xmlns%3D%27http%3A%2F%2Fwww.w3.org%2F2000%2Fsvg%27%20width%3D%27184%27%20height%3D%27244%27%20viewBox%3D%270%200%20184%20244%27%3E%3Crect%20width%3D%27184%27%20height%3D%27244%27%20fill-opacity%3D%220%22%2F%3E%3C%2Fsvg%3E\" data-orig-src=\"https:\/\/lh6.googleusercontent.com\/-lVcJQzwp2uQ\/VAA6vkJmQWI\/AAAAAAAAB6o\/RsG5uJEbYnw\/w600-h800-no\/100_6519.JPG\" style=\"border-width: 1px; border-style: solid; margin: 10px; float: left;\" width=\"184\" \/>&nbsp;&nbsp;&nbsp; <span class=\"style8\">After the very successful opening in the capital of Tirana of the Exhibition \u201cByzantine and Post-Byzantine Manuscripts in Albania\u201d, the Exhibition began touring the main cities of Albania with the goal of making known these treasures to the general public. The official opening of this Exhibition was held on January 7th, in Kor\u04aba at the facilities of the \u201cVangjush Miho\u201d Cultural Centre. The Exhibition was organized by the General Director of Archives, the Faculty of History and Philology Department of the University of Tirana, the Holy Metropolis of Kor\u04aba, the Municipality of Kor\u04aba and the District Prefecture of Kor\u04aba. The scientific oversight of this activity was conducted by the historian\/paleographer, Mr. Andi (Andrea) Rembeci and the archivist\/paleographer, Mr. Sokol Cunga.<\/span><\/span><\/span><\/span><\/div>\n<div class=\"style8\" style=\"text-align: justify;\">\n\t<br \/>\n\t<span style=\"font-family:tahoma,geneva,sans-serif;\"><span style=\"font-size: 12px;\"><span style=\"color: rgb(0, 0, 0);\"><span class=\"style8\">&nbsp; &nbsp; Attending the Exhibition were: Prof. Dr. Nevila Nika, General Director of Albanian Archives, the Venerable Dean of the Faculty of History and Philology of the University of Tirana, Prof. Dr. Valentina Duka, the Bishop of Kor\u04aba, Metropolitan Joan Pelushi, the Prefect of the District of Kor\u04aba, Mr. Andrea Mano, the Venerable President of the Municipality of Kor\u04aba, &nbsp;Mr. Sotiraq Filo, representatives of the religious communities, local government officials, historians, well known intellectuals, and clerics etc..<\/span><\/span><\/span><\/span><\/div>\n<div class=\"style8\" style=\"text-align: justify;\">\n\t<br \/>\n\t<span style=\"font-family:tahoma,geneva,sans-serif;\"><span style=\"font-size: 12px;\"><span style=\"color: rgb(0, 0, 0);\"><span class=\"style8\">&nbsp; &nbsp; First, the Director of the Central State Archives, Dr. Nevila Niko, welcomed the participants and described this Exhibition as a window for <img decoding=\"async\" class=\"lazyload HAa Eha\" height=\"254\" src=\"data:image\/svg+xml,%3Csvg%20xmlns%3D%27http%3A%2F%2Fwww.w3.org%2F2000%2Fsvg%27%20width%3D%27338%27%20height%3D%27254%27%20viewBox%3D%270%200%20338%20254%27%3E%3Crect%20width%3D%27338%27%20height%3D%27254%27%20fill-opacity%3D%220%22%2F%3E%3C%2Fsvg%3E\" data-orig-src=\"https:\/\/lh6.googleusercontent.com\/-Z2pmaDZejgg\/VAA6v282m6I\/AAAAAAAAB6M\/awkMWFZqkOM\/w600-h450-no\/100_6525.JPG\" style=\"border-width: 1px; border-style: solid; margin: 10px; float: right;\" width=\"338\" \/>remembering our ancestors. According to her, \u201cthe perpetuity of the documentary materials that speak about Kor\u04aba, as well as the codices of the Metropolis of Kor\u04aba are a culturally rich heritage that endures from generation to generation. These books are living proof of the education and cultural level our ancestors once used in their daily life. Let us appreciate them and let us pass them on with respect to our successors, as we received them from our ancestors.<\/span><\/span><\/span><\/span><\/div>\n<div class=\"style8\" style=\"text-align: justify;\">\n\t<br \/>\n\t<span style=\"font-family:tahoma,geneva,sans-serif;\"><span style=\"font-size: 12px;\"><span style=\"color: rgb(0, 0, 0);\"><span class=\"style8\">&nbsp; &nbsp; The participants were also greeted by the Venerable Dean of the Faculty of History and Philology of the University of Tirana, Dr. Valentina Duka, who stressed the importance that such an Exhibition holds for Kor\u04aba. Among other things, she added, \u201cThis Exhibition reveals the extraordinary value that these testimonies communicate of the many centuries of the history of our people. From the first Byzantine emperors, to the powerful patriarchs that ruled within the Ottoman Empire, they open a window into the cultural past of the medieval regions of Albania and provide valuable evidence about the contribution and active role of Albania\u2019s cultural development.\u201d<\/span><\/span><\/span><\/span><\/div>\n<div class=\"style8\" style=\"text-align: justify;\">\n\t<br \/>\n\t<span style=\"font-family:tahoma,geneva,sans-serif;\"><span style=\"font-size: 12px;\"><span style=\"color: rgb(0, 0, 0);\"><span class=\"style8\"><img decoding=\"async\" class=\"lazyload HAa Eha\" height=\"230\" src=\"data:image\/svg+xml,%3Csvg%20xmlns%3D%27http%3A%2F%2Fwww.w3.org%2F2000%2Fsvg%27%20width%3D%27305%27%20height%3D%27230%27%20viewBox%3D%270%200%20305%20230%27%3E%3Crect%20width%3D%27305%27%20height%3D%27230%27%20fill-opacity%3D%220%22%2F%3E%3C%2Fsvg%3E\" data-orig-src=\"https:\/\/lh5.googleusercontent.com\/-V0lBG4jc9dQ\/VAA6v-mdkFI\/AAAAAAAAB6k\/2CYaPMotE1g\/w600-h450-no\/100_6533.JPG\" style=\"border-width: 1px; border-style: solid; margin: 10px; float: left;\" width=\"305\" \/>&nbsp;&nbsp; Then the participants were welcomed by the Metropolitan of Kor\u04aba, His Eminence Joan Pelushi, who among other things emphasized that, \u201cAn exhibition of the history of the past becomes a function of the present, but also of the future. Because only by being familiar with the past can we understand the present and build the future&#8230;The study of these manuscripts, as well as every aspect of history, must present reality as it is, with all the beauty, majesty and weakness that they may have\u2026I have the impression that often, when talking about these manuscripts, the full details are not given\u2026 Very little is spoken about the authors, who are also anonymous, even less about the spirit that inspired them, as well as for the religio-cultural environment in which they lived. For various reasons the Orthodox Church, which was the creator of these manuscripts, is mentioned rarely or not at all, leaving it almost in the shadow\u2026I am pleased because recently we see a more realistic and scientific approach to them.\u201d<\/span><\/span><\/span><\/span><\/div>\n<div class=\"style8\" style=\"text-align: justify;\">\n\t<br \/>\n\t<span style=\"font-family:tahoma,geneva,sans-serif;\"><span style=\"font-size: 12px;\"><span style=\"color: rgb(0, 0, 0);\"><span class=\"style8\">&nbsp; <img decoding=\"async\" class=\"lazyload HAa Eha\" height=\"224\" src=\"data:image\/svg+xml,%3Csvg%20xmlns%3D%27http%3A%2F%2Fwww.w3.org%2F2000%2Fsvg%27%20width%3D%27298%27%20height%3D%27224%27%20viewBox%3D%270%200%20298%20224%27%3E%3Crect%20width%3D%27298%27%20height%3D%27224%27%20fill-opacity%3D%220%22%2F%3E%3C%2Fsvg%3E\" data-orig-src=\"https:\/\/lh6.googleusercontent.com\/-heSv-M9uqmw\/VAA6wVdMi5I\/AAAAAAAAB6c\/iQNh1tSxjF8\/w600-h450-no\/100_6549.JPG\" style=\"border-width: 1px; border-style: solid; margin: 10px; float: right;\" width=\"298\" \/>&nbsp; The next greeting was of the Prefect of Kor\u04aba, Mr. Andrea Mano, who welcomed the participants emphasizing that, \u201cFor the general public, the Exhibition of Byzantine and Post-Byzantine Manuscripts create an awareness of and feeling of pride, as Albanians, for that past. The citizens of Kor\u04aba, in particular, can rightfully feel proud of the contribution that has been given by their predecessors in the social, cultural and historical development of Albania.\u201d After citing as an example the great historic importance that the Codices of Kor\u04aba and Selasfori represent, he ended by saying, \u201cAs a Prefect of the District of Kor\u04aba and as its citizen, I appreciate the opening of this Exhibition and I\u2019m confident that Kor\u04aba will continue to contribute to the field of culture in the generations that are to come.\u201d<\/span><\/span><\/span><\/span><\/div>\n<div class=\"style8\" style=\"text-align: justify;\">\n\t<br \/>\n\t<span style=\"font-family:tahoma,geneva,sans-serif;\"><span style=\"font-size: 12px;\"><span style=\"color: rgb(0, 0, 0);\"><span class=\"style8\">&nbsp; &nbsp; On behalf of the Venerable Mayor of Kor\u04aba, Mr. Niko Peleshi, the Vice Mayor of Kor\u04aba, Mr. Sotiraq Filo, gave the opening welcome for the Exhibition and expressed the importance of this activity dedicated to the values of faith and knowledge. He added, \u201cAs true encyclopedias of Christian thought, the Codices of Albania are monuments of culture and civilization in our region and maintain the seal of the place where Albanians and their ancestors lived\u2026These ancient manuscripts offer a replica of the path through which Christianity walked in our country and show how faith and knowledge were transmitted from one generation to another. The role of the Orthodox Church in this process is incomparable.\u201d<\/span><\/span><\/span><\/span><\/div>\n<div class=\"style8\" style=\"text-align: justify;\">\n\t<br \/>\n\t<span style=\"font-family:tahoma,geneva,sans-serif;\"><span style=\"font-size: 12px;\"><span style=\"color: rgb(0, 0, 0);\"><span class=\"style8\">&nbsp;&nbsp;&nbsp;&nbsp; Afterwards, the participants visited the Exhibition, which will remain open until the 15th of January.<\/span><\/span><\/span><\/span><\/div>\n<div class=\"style8\" style=\"text-align: justify;\">\n\t<br \/>\n\t<span style=\"font-family:tahoma,geneva,sans-serif;\"><span style=\"font-size: 12px;\"><span style=\"color: rgb(0, 0, 0);\"><span class=\"style8\">&nbsp;&nbsp;&nbsp; The Exhibit displayed 45 photographic panels of codices belonging to the historical period from the VI until XVIII century. Among them were displayed two well known Codices, Beratinus Purpureus 1 and Beratinus Purpureus 2, which are part of the World Heritage Register of UNESCO.<\/span><\/span><\/span><\/span><\/div>\n<div class=\"style8\" style=\"text-align: justify;\">\n\t<br \/>\n\t<span style=\"font-family:tahoma,geneva,sans-serif;\"><span style=\"font-size: 12px;\"><span style=\"color: rgb(0, 0, 0);\"><span class=\"style8\"><img decoding=\"async\" class=\"lazyload HAa Eha\" height=\"226\" src=\"data:image\/svg+xml,%3Csvg%20xmlns%3D%27http%3A%2F%2Fwww.w3.org%2F2000%2Fsvg%27%20width%3D%27300%27%20height%3D%27226%27%20viewBox%3D%270%200%20300%20226%27%3E%3Crect%20width%3D%27300%27%20height%3D%27226%27%20fill-opacity%3D%220%22%2F%3E%3C%2Fsvg%3E\" data-orig-src=\"https:\/\/lh4.googleusercontent.com\/-goiatMmj4AI\/VAA6wyi4SRI\/AAAAAAAAB6Y\/3Wva-smuEAM\/w600-h450-no\/100_6561.JPG\" style=\"border-width: 1px; border-style: solid; margin: 10px; float: left;\" width=\"300\" \/><img decoding=\"async\" class=\"lazyload HAa Eha\" src=\"data:image\/gif;base64,R0lGODlhAQABAAAAACH5BAEKAAEALAAAAAABAAEAAAICTAEAOw==\" data-orig-src=\"https:\/\/lh5.googleusercontent.com\/-k39fXxKgKVM\/VAA6xPyjrtI\/AAAAAAAAB6g\/wZ9tpsqfNAE\/w600-h800-no\/100_6571.JPG\" style=\"height: 165px; width: 124px; border-width: 1px; border-style: solid; margin: 10px; float: right;\" \/>&nbsp; &nbsp; That afternoon, on the campus of the \u201cFan S. Noli\u201d University of Kor\u04aba a scientific meeting took place on the same topic. Present at this meeting were the Rector of the University of Kor\u04aba, Mr. Gjergji Mero, professors from Albania, as well as foreign scholars, intellectuals, representatives of religious communities, local government, clergy and students. During this meeting various talks were given that shed light on a very valued part of the history&nbsp; and of the rich Christian cultural traditions in our country; specifically, the history and tradition of the Byzantine and Post-Byzantine Manuscripts and their multidimensional value as historical sources and the artistic sensibilities that they convey.<\/span><\/span><\/span><\/span><\/div>\n<div class=\"style8\" style=\"text-align: justify;\">\n\t<br \/>\n\t<span style=\"font-family:tahoma,geneva,sans-serif;\"><span style=\"font-size: 12px;\"><span style=\"color: rgb(0, 0, 0);\"><span class=\"style8\">&nbsp;&nbsp;&nbsp; Events of this nature have as a goal the recognition of the research by the general public of a valuable part of the history and the rich cultural traditions of our country, which has been created, cultivated and kept over the centuries by Orthodox Christians and are now preserved in AQSH.<\/span><\/span><\/span><\/span><\/div>\n<div class=\"style8\" style=\"text-align: right;\">\n\t<br \/>\n\t<span style=\"font-family:tahoma,geneva,sans-serif;\"><span style=\"font-size: 12px;\"><span style=\"color: rgb(0, 0, 0);\"><span class=\"style8\">&nbsp;<br \/>\n\t<strong>Translated by Ana Meni<\/strong><\/span><\/span><\/span><\/span><\/div>\n<div class=\"style8\" style=\"text-align: right;\">\n\t<br \/>\n\t<span style=\"font-family:tahoma,geneva,sans-serif;\"><span style=\"font-size: 12px;\"><span style=\"color: rgb(0, 0, 0);\"><span class=\"style8\"><strong>Edited by Anastasia Pamela Barksdale, M.Div<\/strong><\/span><\/span><\/span><\/span><\/div>\n","protected":false},"excerpt":{"rendered":"<p>&nbsp;&nbsp;&nbsp; After the very successful opening in the capital of Tirana of the Exhibition \u201cByzantine and Post-Byzantine Manuscripts in Albania\u201d, the Exhibition began touring the main cities of Albania with the goal of making known these treasures to the general public. The official opening of this Exhibition was held on January 7th, in Kor\u04aba at the facilities of the \u201cVangjush Miho\u201d Cultural Centre. The Exhibition<\/p>\n","protected":false},"author":7,"featured_media":0,"comment_status":"open","ping_status":"open","sticky":false,"template":"","format":"standard","meta":{"_acf_changed":false,"pagelayer_contact_templates":[],"_pagelayer_content":"","inline_featured_image":false,"fifu_image_url":"","fifu_image_alt":"","footnotes":""},"categories":[1455,311],"tags":[1133,1233,1185],"class_list":["post-1438","post","type-post","status-publish","format-standard","hentry","category-news-en","category-news-d25","tag-2011-en","tag-declarations-official-announcements","tag-events"],"acf":[],"yoast_head":"<!-- This site is optimized with the Yoast SEO plugin v27.2 - https:\/\/yoast.com\/product\/yoast-seo-wordpress\/ -->\n<title>The Tour of the Exhibition \u201cByzantine and Post-Byzantine Manuscripts in Albania\u201d Begins; the First Stop is Kor\u04aba. (January 2011) - Kisha Orthodh\u03bfkse Autoqefale e Shqip\u00ebris\u00eb<\/title>\n<meta name=\"robots\" content=\"index, follow, max-snippet:-1, max-image-preview:large, max-video-preview:-1\" \/>\n<link rel=\"canonical\" href=\"https:\/\/orthodoxalbania.org\/2020\/en\/2013\/03\/21\/the-tour-of-the-exhibition-byzantine-and-post-byzantine-manuscripts-in-albania-begins-the-first-stop-is-kor-a-january-2011\/\" \/>\n<meta property=\"og:locale\" content=\"en_US\" \/>\n<meta property=\"og:type\" content=\"article\" \/>\n<meta property=\"og:title\" content=\"The Tour of the Exhibition \u201cByzantine and Post-Byzantine Manuscripts in Albania\u201d Begins; the First Stop is Kor\u04aba. (January 2011) - Kisha Orthodh\u03bfkse Autoqefale e Shqip\u00ebris\u00eb\" \/>\n<meta property=\"og:description\" content=\"&nbsp;&nbsp;&nbsp; After the very successful opening in the capital of Tirana of the Exhibition \u201cByzantine and Post-Byzantine Manuscripts in Albania\u201d, the Exhibition began touring the main cities of Albania with the goal of making known these treasures to the general public. The official opening of this Exhibition was held on January 7th, in Kor\u04aba at the facilities of the \u201cVangjush Miho\u201d Cultural Centre. The Exhibition\" \/>\n<meta property=\"og:url\" content=\"https:\/\/orthodoxalbania.org\/2020\/en\/2013\/03\/21\/the-tour-of-the-exhibition-byzantine-and-post-byzantine-manuscripts-in-albania-begins-the-first-stop-is-kor-a-january-2011\/\" \/>\n<meta property=\"og:site_name\" content=\"Kisha Orthodh\u03bfkse Autoqefale e Shqip\u00ebris\u00eb\" \/>\n<meta property=\"article:publisher\" content=\"https:\/\/www.facebook.com\/koash1991\" \/>\n<meta property=\"article:published_time\" content=\"2013-03-21T09:08:38+00:00\" \/>\n<meta property=\"article:modified_time\" content=\"2020-04-12T22:31:08+00:00\" \/>\n<meta property=\"og:image\" content=\"https:\/\/lh6.googleusercontent.com\/-lVcJQzwp2uQ\/VAA6vkJmQWI\/AAAAAAAAB6o\/RsG5uJEbYnw\/w600-h800-no\/100_6519.JPG\" \/>\n<meta name=\"author\" content=\"Kisha Orthodhokse\" \/>\n<meta name=\"twitter:card\" content=\"summary_large_image\" \/>\n<meta name=\"twitter:label1\" content=\"Written by\" \/>\n\t<meta name=\"twitter:data1\" content=\"Kisha Orthodhokse\" \/>\n\t<meta name=\"twitter:label2\" content=\"Est. reading time\" \/>\n\t<meta name=\"twitter:data2\" content=\"5 minutes\" \/>\n<script type=\"application\/ld+json\" class=\"yoast-schema-graph\">{\"@context\":\"https:\/\/schema.org\",\"@graph\":[{\"@type\":\"Article\",\"@id\":\"https:\/\/orthodoxalbania.org\/2020\/en\/2013\/03\/21\/the-tour-of-the-exhibition-byzantine-and-post-byzantine-manuscripts-in-albania-begins-the-first-stop-is-kor-a-january-2011\/#article\",\"isPartOf\":{\"@id\":\"https:\/\/orthodoxalbania.org\/2020\/en\/2013\/03\/21\/the-tour-of-the-exhibition-byzantine-and-post-byzantine-manuscripts-in-albania-begins-the-first-stop-is-kor-a-january-2011\/\"},\"author\":{\"name\":\"Kisha Orthodhokse\",\"@id\":\"https:\/\/orthodoxalbania.org\/2020\/#\/schema\/person\/df745f942b70e045b3dc05a30211f0de\"},\"headline\":\"The Tour of the Exhibition \u201cByzantine and Post-Byzantine Manuscripts in Albania\u201d Begins; the First Stop is Kor\u04aba. (January 2011)\",\"datePublished\":\"2013-03-21T09:08:38+00:00\",\"dateModified\":\"2020-04-12T22:31:08+00:00\",\"mainEntityOfPage\":{\"@id\":\"https:\/\/orthodoxalbania.org\/2020\/en\/2013\/03\/21\/the-tour-of-the-exhibition-byzantine-and-post-byzantine-manuscripts-in-albania-begins-the-first-stop-is-kor-a-january-2011\/\"},\"wordCount\":1117,\"commentCount\":0,\"publisher\":{\"@id\":\"https:\/\/orthodoxalbania.org\/2020\/#organization\"},\"image\":{\"@id\":\"https:\/\/orthodoxalbania.org\/2020\/en\/2013\/03\/21\/the-tour-of-the-exhibition-byzantine-and-post-byzantine-manuscripts-in-albania-begins-the-first-stop-is-kor-a-january-2011\/#primaryimage\"},\"thumbnailUrl\":\"https:\/\/lh6.googleusercontent.com\/-lVcJQzwp2uQ\/VAA6vkJmQWI\/AAAAAAAAB6o\/RsG5uJEbYnw\/w600-h800-no\/100_6519.JPG\",\"keywords\":[\"2011\",\"Declarations - Official Announcements\",\"Events\"],\"articleSection\":[\"News - \u0395\u039d\",\"News old page\"],\"inLanguage\":\"en-US\"},{\"@type\":\"WebPage\",\"@id\":\"https:\/\/orthodoxalbania.org\/2020\/en\/2013\/03\/21\/the-tour-of-the-exhibition-byzantine-and-post-byzantine-manuscripts-in-albania-begins-the-first-stop-is-kor-a-january-2011\/\",\"url\":\"https:\/\/orthodoxalbania.org\/2020\/en\/2013\/03\/21\/the-tour-of-the-exhibition-byzantine-and-post-byzantine-manuscripts-in-albania-begins-the-first-stop-is-kor-a-january-2011\/\",\"name\":\"The Tour of the Exhibition \u201cByzantine and Post-Byzantine Manuscripts in Albania\u201d Begins; the First Stop is Kor\u04aba. (January 2011) - Kisha Orthodh\u03bfkse Autoqefale e Shqip\u00ebris\u00eb\",\"isPartOf\":{\"@id\":\"https:\/\/orthodoxalbania.org\/2020\/#website\"},\"primaryImageOfPage\":{\"@id\":\"https:\/\/orthodoxalbania.org\/2020\/en\/2013\/03\/21\/the-tour-of-the-exhibition-byzantine-and-post-byzantine-manuscripts-in-albania-begins-the-first-stop-is-kor-a-january-2011\/#primaryimage\"},\"image\":{\"@id\":\"https:\/\/orthodoxalbania.org\/2020\/en\/2013\/03\/21\/the-tour-of-the-exhibition-byzantine-and-post-byzantine-manuscripts-in-albania-begins-the-first-stop-is-kor-a-january-2011\/#primaryimage\"},\"thumbnailUrl\":\"https:\/\/lh6.googleusercontent.com\/-lVcJQzwp2uQ\/VAA6vkJmQWI\/AAAAAAAAB6o\/RsG5uJEbYnw\/w600-h800-no\/100_6519.JPG\",\"datePublished\":\"2013-03-21T09:08:38+00:00\",\"dateModified\":\"2020-04-12T22:31:08+00:00\",\"breadcrumb\":{\"@id\":\"https:\/\/orthodoxalbania.org\/2020\/en\/2013\/03\/21\/the-tour-of-the-exhibition-byzantine-and-post-byzantine-manuscripts-in-albania-begins-the-first-stop-is-kor-a-january-2011\/#breadcrumb\"},\"inLanguage\":\"en-US\",\"potentialAction\":[{\"@type\":\"ReadAction\",\"target\":[\"https:\/\/orthodoxalbania.org\/2020\/en\/2013\/03\/21\/the-tour-of-the-exhibition-byzantine-and-post-byzantine-manuscripts-in-albania-begins-the-first-stop-is-kor-a-january-2011\/\"]}]},{\"@type\":\"ImageObject\",\"inLanguage\":\"en-US\",\"@id\":\"https:\/\/orthodoxalbania.org\/2020\/en\/2013\/03\/21\/the-tour-of-the-exhibition-byzantine-and-post-byzantine-manuscripts-in-albania-begins-the-first-stop-is-kor-a-january-2011\/#primaryimage\",\"url\":\"https:\/\/lh6.googleusercontent.com\/-lVcJQzwp2uQ\/VAA6vkJmQWI\/AAAAAAAAB6o\/RsG5uJEbYnw\/w600-h800-no\/100_6519.JPG\",\"contentUrl\":\"https:\/\/lh6.googleusercontent.com\/-lVcJQzwp2uQ\/VAA6vkJmQWI\/AAAAAAAAB6o\/RsG5uJEbYnw\/w600-h800-no\/100_6519.JPG\"},{\"@type\":\"BreadcrumbList\",\"@id\":\"https:\/\/orthodoxalbania.org\/2020\/en\/2013\/03\/21\/the-tour-of-the-exhibition-byzantine-and-post-byzantine-manuscripts-in-albania-begins-the-first-stop-is-kor-a-january-2011\/#breadcrumb\",\"itemListElement\":[{\"@type\":\"ListItem\",\"position\":1,\"name\":\"Home\",\"item\":\"https:\/\/orthodoxalbania.org\/2020\/\"},{\"@type\":\"ListItem\",\"position\":2,\"name\":\"The Tour of the Exhibition \u201cByzantine and Post-Byzantine Manuscripts in Albania\u201d Begins; the First Stop is Kor\u04aba. (January 2011)\"}]},{\"@type\":\"WebSite\",\"@id\":\"https:\/\/orthodoxalbania.org\/2020\/#website\",\"url\":\"https:\/\/orthodoxalbania.org\/2020\/\",\"name\":\"Kisha Orthodh\u03bfkse Autoqefale e Shqip\u00ebris\u00eb\",\"description\":\"Fqja Zyrtare e Kish\u00ebs Orthodhokse Autoqefale e Shqip\u00ebris\u00eb me lajmet edhe informacionet zyrtare p\u00ebr struktur\u00ebn edhe veprimtarin e saj.\",\"publisher\":{\"@id\":\"https:\/\/orthodoxalbania.org\/2020\/#organization\"},\"potentialAction\":[{\"@type\":\"SearchAction\",\"target\":{\"@type\":\"EntryPoint\",\"urlTemplate\":\"https:\/\/orthodoxalbania.org\/2020\/?s={search_term_string}\"},\"query-input\":{\"@type\":\"PropertyValueSpecification\",\"valueRequired\":true,\"valueName\":\"search_term_string\"}}],\"inLanguage\":\"en-US\"},{\"@type\":\"Organization\",\"@id\":\"https:\/\/orthodoxalbania.org\/2020\/#organization\",\"name\":\"Kisha Orthodhokse Autoqefale e Shqip\u00ebris\u00eb\",\"url\":\"https:\/\/orthodoxalbania.org\/2020\/\",\"logo\":{\"@type\":\"ImageObject\",\"inLanguage\":\"en-US\",\"@id\":\"https:\/\/orthodoxalbania.org\/2020\/#\/schema\/logo\/image\/\",\"url\":\"https:\/\/orthodoxalbania.org\/2020\/wp-content\/uploads\/2020\/05\/albania.jpeg\",\"contentUrl\":\"https:\/\/orthodoxalbania.org\/2020\/wp-content\/uploads\/2020\/05\/albania.jpeg\",\"width\":540,\"height\":540,\"caption\":\"Kisha Orthodhokse Autoqefale e Shqip\u00ebris\u00eb\"},\"image\":{\"@id\":\"https:\/\/orthodoxalbania.org\/2020\/#\/schema\/logo\/image\/\"},\"sameAs\":[\"https:\/\/www.facebook.com\/koash1991\"]},{\"@type\":\"Person\",\"@id\":\"https:\/\/orthodoxalbania.org\/2020\/#\/schema\/person\/df745f942b70e045b3dc05a30211f0de\",\"name\":\"Kisha Orthodhokse\",\"image\":{\"@type\":\"ImageObject\",\"inLanguage\":\"en-US\",\"@id\":\"https:\/\/secure.gravatar.com\/avatar\/2676eb8d97178435c9f691a7871595a1da6c33542dec218bce40885573150e28?s=96&d=mm&r=g\",\"url\":\"https:\/\/secure.gravatar.com\/avatar\/2676eb8d97178435c9f691a7871595a1da6c33542dec218bce40885573150e28?s=96&d=mm&r=g\",\"contentUrl\":\"https:\/\/secure.gravatar.com\/avatar\/2676eb8d97178435c9f691a7871595a1da6c33542dec218bce40885573150e28?s=96&d=mm&r=g\",\"caption\":\"Kisha Orthodhokse\"}}]}<\/script>\n<!-- \/ Yoast SEO plugin. -->","yoast_head_json":{"title":"The Tour of the Exhibition \u201cByzantine and Post-Byzantine Manuscripts in Albania\u201d Begins; the First Stop is Kor\u04aba. (January 2011) - Kisha Orthodh\u03bfkse Autoqefale e Shqip\u00ebris\u00eb","robots":{"index":"index","follow":"follow","max-snippet":"max-snippet:-1","max-image-preview":"max-image-preview:large","max-video-preview":"max-video-preview:-1"},"canonical":"https:\/\/orthodoxalbania.org\/2020\/en\/2013\/03\/21\/the-tour-of-the-exhibition-byzantine-and-post-byzantine-manuscripts-in-albania-begins-the-first-stop-is-kor-a-january-2011\/","og_locale":"en_US","og_type":"article","og_title":"The Tour of the Exhibition \u201cByzantine and Post-Byzantine Manuscripts in Albania\u201d Begins; the First Stop is Kor\u04aba. (January 2011) - Kisha Orthodh\u03bfkse Autoqefale e Shqip\u00ebris\u00eb","og_description":"&nbsp;&nbsp;&nbsp; After the very successful opening in the capital of Tirana of the Exhibition \u201cByzantine and Post-Byzantine Manuscripts in Albania\u201d, the Exhibition began touring the main cities of Albania with the goal of making known these treasures to the general public. The official opening of this Exhibition was held on January 7th, in Kor\u04aba at the facilities of the \u201cVangjush Miho\u201d Cultural Centre. The Exhibition","og_url":"https:\/\/orthodoxalbania.org\/2020\/en\/2013\/03\/21\/the-tour-of-the-exhibition-byzantine-and-post-byzantine-manuscripts-in-albania-begins-the-first-stop-is-kor-a-january-2011\/","og_site_name":"Kisha Orthodh\u03bfkse Autoqefale e Shqip\u00ebris\u00eb","article_publisher":"https:\/\/www.facebook.com\/koash1991","article_published_time":"2013-03-21T09:08:38+00:00","article_modified_time":"2020-04-12T22:31:08+00:00","og_image":[{"url":"https:\/\/lh6.googleusercontent.com\/-lVcJQzwp2uQ\/VAA6vkJmQWI\/AAAAAAAAB6o\/RsG5uJEbYnw\/w600-h800-no\/100_6519.JPG","type":"","width":"","height":""}],"author":"Kisha Orthodhokse","twitter_card":"summary_large_image","twitter_misc":{"Written by":"Kisha Orthodhokse","Est. reading time":"5 minutes"},"schema":{"@context":"https:\/\/schema.org","@graph":[{"@type":"Article","@id":"https:\/\/orthodoxalbania.org\/2020\/en\/2013\/03\/21\/the-tour-of-the-exhibition-byzantine-and-post-byzantine-manuscripts-in-albania-begins-the-first-stop-is-kor-a-january-2011\/#article","isPartOf":{"@id":"https:\/\/orthodoxalbania.org\/2020\/en\/2013\/03\/21\/the-tour-of-the-exhibition-byzantine-and-post-byzantine-manuscripts-in-albania-begins-the-first-stop-is-kor-a-january-2011\/"},"author":{"name":"Kisha Orthodhokse","@id":"https:\/\/orthodoxalbania.org\/2020\/#\/schema\/person\/df745f942b70e045b3dc05a30211f0de"},"headline":"The Tour of the Exhibition \u201cByzantine and Post-Byzantine Manuscripts in Albania\u201d Begins; the First Stop is Kor\u04aba. (January 2011)","datePublished":"2013-03-21T09:08:38+00:00","dateModified":"2020-04-12T22:31:08+00:00","mainEntityOfPage":{"@id":"https:\/\/orthodoxalbania.org\/2020\/en\/2013\/03\/21\/the-tour-of-the-exhibition-byzantine-and-post-byzantine-manuscripts-in-albania-begins-the-first-stop-is-kor-a-january-2011\/"},"wordCount":1117,"commentCount":0,"publisher":{"@id":"https:\/\/orthodoxalbania.org\/2020\/#organization"},"image":{"@id":"https:\/\/orthodoxalbania.org\/2020\/en\/2013\/03\/21\/the-tour-of-the-exhibition-byzantine-and-post-byzantine-manuscripts-in-albania-begins-the-first-stop-is-kor-a-january-2011\/#primaryimage"},"thumbnailUrl":"https:\/\/lh6.googleusercontent.com\/-lVcJQzwp2uQ\/VAA6vkJmQWI\/AAAAAAAAB6o\/RsG5uJEbYnw\/w600-h800-no\/100_6519.JPG","keywords":["2011","Declarations - Official Announcements","Events"],"articleSection":["News - \u0395\u039d","News old page"],"inLanguage":"en-US"},{"@type":"WebPage","@id":"https:\/\/orthodoxalbania.org\/2020\/en\/2013\/03\/21\/the-tour-of-the-exhibition-byzantine-and-post-byzantine-manuscripts-in-albania-begins-the-first-stop-is-kor-a-january-2011\/","url":"https:\/\/orthodoxalbania.org\/2020\/en\/2013\/03\/21\/the-tour-of-the-exhibition-byzantine-and-post-byzantine-manuscripts-in-albania-begins-the-first-stop-is-kor-a-january-2011\/","name":"The Tour of the Exhibition \u201cByzantine and Post-Byzantine Manuscripts in Albania\u201d Begins; the First Stop is Kor\u04aba. (January 2011) - Kisha Orthodh\u03bfkse Autoqefale e Shqip\u00ebris\u00eb","isPartOf":{"@id":"https:\/\/orthodoxalbania.org\/2020\/#website"},"primaryImageOfPage":{"@id":"https:\/\/orthodoxalbania.org\/2020\/en\/2013\/03\/21\/the-tour-of-the-exhibition-byzantine-and-post-byzantine-manuscripts-in-albania-begins-the-first-stop-is-kor-a-january-2011\/#primaryimage"},"image":{"@id":"https:\/\/orthodoxalbania.org\/2020\/en\/2013\/03\/21\/the-tour-of-the-exhibition-byzantine-and-post-byzantine-manuscripts-in-albania-begins-the-first-stop-is-kor-a-january-2011\/#primaryimage"},"thumbnailUrl":"https:\/\/lh6.googleusercontent.com\/-lVcJQzwp2uQ\/VAA6vkJmQWI\/AAAAAAAAB6o\/RsG5uJEbYnw\/w600-h800-no\/100_6519.JPG","datePublished":"2013-03-21T09:08:38+00:00","dateModified":"2020-04-12T22:31:08+00:00","breadcrumb":{"@id":"https:\/\/orthodoxalbania.org\/2020\/en\/2013\/03\/21\/the-tour-of-the-exhibition-byzantine-and-post-byzantine-manuscripts-in-albania-begins-the-first-stop-is-kor-a-january-2011\/#breadcrumb"},"inLanguage":"en-US","potentialAction":[{"@type":"ReadAction","target":["https:\/\/orthodoxalbania.org\/2020\/en\/2013\/03\/21\/the-tour-of-the-exhibition-byzantine-and-post-byzantine-manuscripts-in-albania-begins-the-first-stop-is-kor-a-january-2011\/"]}]},{"@type":"ImageObject","inLanguage":"en-US","@id":"https:\/\/orthodoxalbania.org\/2020\/en\/2013\/03\/21\/the-tour-of-the-exhibition-byzantine-and-post-byzantine-manuscripts-in-albania-begins-the-first-stop-is-kor-a-january-2011\/#primaryimage","url":"https:\/\/lh6.googleusercontent.com\/-lVcJQzwp2uQ\/VAA6vkJmQWI\/AAAAAAAAB6o\/RsG5uJEbYnw\/w600-h800-no\/100_6519.JPG","contentUrl":"https:\/\/lh6.googleusercontent.com\/-lVcJQzwp2uQ\/VAA6vkJmQWI\/AAAAAAAAB6o\/RsG5uJEbYnw\/w600-h800-no\/100_6519.JPG"},{"@type":"BreadcrumbList","@id":"https:\/\/orthodoxalbania.org\/2020\/en\/2013\/03\/21\/the-tour-of-the-exhibition-byzantine-and-post-byzantine-manuscripts-in-albania-begins-the-first-stop-is-kor-a-january-2011\/#breadcrumb","itemListElement":[{"@type":"ListItem","position":1,"name":"Home","item":"https:\/\/orthodoxalbania.org\/2020\/"},{"@type":"ListItem","position":2,"name":"The Tour of the Exhibition \u201cByzantine and Post-Byzantine Manuscripts in Albania\u201d Begins; the First Stop is Kor\u04aba. (January 2011)"}]},{"@type":"WebSite","@id":"https:\/\/orthodoxalbania.org\/2020\/#website","url":"https:\/\/orthodoxalbania.org\/2020\/","name":"Kisha Orthodh\u03bfkse Autoqefale e Shqip\u00ebris\u00eb","description":"Fqja Zyrtare e Kish\u00ebs Orthodhokse Autoqefale e Shqip\u00ebris\u00eb me lajmet edhe informacionet zyrtare p\u00ebr struktur\u00ebn edhe veprimtarin e saj.","publisher":{"@id":"https:\/\/orthodoxalbania.org\/2020\/#organization"},"potentialAction":[{"@type":"SearchAction","target":{"@type":"EntryPoint","urlTemplate":"https:\/\/orthodoxalbania.org\/2020\/?s={search_term_string}"},"query-input":{"@type":"PropertyValueSpecification","valueRequired":true,"valueName":"search_term_string"}}],"inLanguage":"en-US"},{"@type":"Organization","@id":"https:\/\/orthodoxalbania.org\/2020\/#organization","name":"Kisha Orthodhokse Autoqefale e Shqip\u00ebris\u00eb","url":"https:\/\/orthodoxalbania.org\/2020\/","logo":{"@type":"ImageObject","inLanguage":"en-US","@id":"https:\/\/orthodoxalbania.org\/2020\/#\/schema\/logo\/image\/","url":"https:\/\/orthodoxalbania.org\/2020\/wp-content\/uploads\/2020\/05\/albania.jpeg","contentUrl":"https:\/\/orthodoxalbania.org\/2020\/wp-content\/uploads\/2020\/05\/albania.jpeg","width":540,"height":540,"caption":"Kisha Orthodhokse Autoqefale e Shqip\u00ebris\u00eb"},"image":{"@id":"https:\/\/orthodoxalbania.org\/2020\/#\/schema\/logo\/image\/"},"sameAs":["https:\/\/www.facebook.com\/koash1991"]},{"@type":"Person","@id":"https:\/\/orthodoxalbania.org\/2020\/#\/schema\/person\/df745f942b70e045b3dc05a30211f0de","name":"Kisha Orthodhokse","image":{"@type":"ImageObject","inLanguage":"en-US","@id":"https:\/\/secure.gravatar.com\/avatar\/2676eb8d97178435c9f691a7871595a1da6c33542dec218bce40885573150e28?s=96&d=mm&r=g","url":"https:\/\/secure.gravatar.com\/avatar\/2676eb8d97178435c9f691a7871595a1da6c33542dec218bce40885573150e28?s=96&d=mm&r=g","contentUrl":"https:\/\/secure.gravatar.com\/avatar\/2676eb8d97178435c9f691a7871595a1da6c33542dec218bce40885573150e28?s=96&d=mm&r=g","caption":"Kisha Orthodhokse"}}]}},"_links":{"self":[{"href":"https:\/\/orthodoxalbania.org\/2020\/wp-json\/wp\/v2\/posts\/1438","targetHints":{"allow":["GET"]}}],"collection":[{"href":"https:\/\/orthodoxalbania.org\/2020\/wp-json\/wp\/v2\/posts"}],"about":[{"href":"https:\/\/orthodoxalbania.org\/2020\/wp-json\/wp\/v2\/types\/post"}],"author":[{"embeddable":true,"href":"https:\/\/orthodoxalbania.org\/2020\/wp-json\/wp\/v2\/users\/7"}],"replies":[{"embeddable":true,"href":"https:\/\/orthodoxalbania.org\/2020\/wp-json\/wp\/v2\/comments?post=1438"}],"version-history":[{"count":1,"href":"https:\/\/orthodoxalbania.org\/2020\/wp-json\/wp\/v2\/posts\/1438\/revisions"}],"predecessor-version":[{"id":17792,"href":"https:\/\/orthodoxalbania.org\/2020\/wp-json\/wp\/v2\/posts\/1438\/revisions\/17792"}],"wp:attachment":[{"href":"https:\/\/orthodoxalbania.org\/2020\/wp-json\/wp\/v2\/media?parent=1438"}],"wp:term":[{"taxonomy":"category","embeddable":true,"href":"https:\/\/orthodoxalbania.org\/2020\/wp-json\/wp\/v2\/categories?post=1438"},{"taxonomy":"post_tag","embeddable":true,"href":"https:\/\/orthodoxalbania.org\/2020\/wp-json\/wp\/v2\/tags?post=1438"}],"curies":[{"name":"wp","href":"https:\/\/api.w.org\/{rel}","templated":true}]}}