{"id":1435,"date":"2013-03-21T12:31:38","date_gmt":"2013-03-21T12:31:38","guid":{"rendered":""},"modified":"2020-04-13T00:30:54","modified_gmt":"2020-04-12T22:30:54","slug":"the-synodical-archierarchical-divine-liturgy-on-the-occasion-of-the-100th-anniversary-of-independence-in-tirana","status":"publish","type":"post","link":"https:\/\/orthodoxalbania.org\/2020\/en\/2013\/03\/21\/the-synodical-archierarchical-divine-liturgy-on-the-occasion-of-the-100th-anniversary-of-independence-in-tirana\/","title":{"rendered":"The Synodical Archierarchical  Divine Liturgy on the Occasion of the 100th Anniversary of Independence in Tirana. (28 November 2012)"},"content":{"rendered":"<div style=\"text-align: justify;\">\n\t<span style=\"color: #000000;\"><img class=\"lazyload\" decoding=\"async\" alt=\"\" src=\"data:image\/gif;base64,R0lGODlhAQABAAAAACH5BAEKAAEALAAAAAABAAEAAAICTAEAOw==\" data-orig-src=\"https:\/\/lh3.googleusercontent.com\/-EaKNxiiDN1I\/ULcsFRi-GEI\/AAAAAAAABTo\/t33FXcNiDY0\/s600\/DSC_0030.JPG\" style=\"width: 300px; height: 200px; border-width: 1px; border-style: solid; margin: 10px; float: left;\" \/>&nbsp; <span style=\"font-family: tahoma,geneva,sans-serif;\"><span style=\"font-size: 12px;\">Following the tradition of the Orthodox Church to commemorate the blessed event of liberation from 500 years of occupation and the 100th anniversary of the Declaration of Independence, today, November 28th, a festive Archierarchical Divine Liturgy was held in the &#8220;Resurrection of Christ&#8221; Cathedral of Tirana.&nbsp; This Liturgy was co-celebrated by the Archbishop of Tirana and All Albania Anastasios and the members of the Holy Synod.<\/span><\/span><\/span><\/div>\n<div style=\"text-align: justify;\">\n\t<br \/>\n\t<span style=\"color: #000000;\"><span style=\"font-family: tahoma,geneva,sans-serif;\"><span style=\"font-size: 12px;\">&nbsp;&nbsp; &nbsp;Addressing the believers, Archbishop Anastasios offered his wishes for this blessed historical event of the Albanian people. He also recalled that during the last century the Church had had a fierce period of persecution, and referred to the Gospel of the day while summarizing the challenges of the future for our people. We will need more faith, hope and love. He urged the Orthodox faithful to grow in these three virtues in order to continue to give their inherent and undividable contribution to the Albanian society.<\/span><\/span><\/span><\/div>\n<div style=\"text-align: justify;\">\n\t<br \/>\n\t<span style=\"color: #000000;\"><span style=\"font-family: tahoma,geneva,sans-serif;\"><span style=\"font-size: 12px;\">&nbsp;&nbsp; After the Liturgy, a Doxology for the Flag was made. Later, in the cultural center of the Cathedral there was a festive concert on the occasion of the 100th anniversary by spiritual and educational groups of our Church.<\/span><\/span><\/span><\/div>\n<div style=\"text-align: justify;\">\n\t&nbsp;<\/div>\n<p style=\"text-align: justify;\">\n\t<span style=\"color: #000000;\"><img class=\"lazyload\" decoding=\"async\" alt=\"\" src=\"data:image\/gif;base64,R0lGODlhAQABAAAAACH5BAEKAAEALAAAAAABAAEAAAICTAEAOw==\" data-orig-src=\"https:\/\/lh4.googleusercontent.com\/-xToTXrLnyN0\/ULcsFaYPZKI\/AAAAAAAABTw\/aJhR7Hjksfw\/s600\/DSC_0041.JPG\" style=\"width: 600px; height: 400px; border-width: 1px; border-style: solid; margin: 10px; float: left;\" \/><\/span><\/p>\n<p style=\"text-align: justify;\">\n\t<span style=\"color: #000000;\"><img class=\"lazyload\" decoding=\"async\" alt=\"\" src=\"data:image\/gif;base64,R0lGODlhAQABAAAAACH5BAEKAAEALAAAAAABAAEAAAICTAEAOw==\" data-orig-src=\"https:\/\/lh3.googleusercontent.com\/-EaKNxiiDN1I\/ULcsFRi-GEI\/AAAAAAAABTo\/t33FXcNiDY0\/s600\/DSC_0030.JPG\" style=\"width: 600px; height: 400px; border-width: 1px; border-style: solid; margin: 10px; float: left;\" \/><\/span><\/p>\n<p style=\"text-align: justify;\">\n\t<span style=\"color: #000000;\"><img class=\"lazyload\" decoding=\"async\" alt=\"\" src=\"data:image\/gif;base64,R0lGODlhAQABAAAAACH5BAEKAAEALAAAAAABAAEAAAICTAEAOw==\" data-orig-src=\"https:\/\/lh5.googleusercontent.com\/-GK0r3zYdf1M\/ULcsGrIDf2I\/AAAAAAAABUI\/3-QTTm1K5d8\/s600\/DSC_0085.JPG\" style=\"width: 600px; height: 400px; border-width: 1px; border-style: solid; margin: 10px; float: left;\" \/><\/span><\/p>\n<p style=\"text-align: justify;\">\n\t<span style=\"color: #000000;\"><img class=\"lazyload\" decoding=\"async\" alt=\"\" src=\"data:image\/gif;base64,R0lGODlhAQABAAAAACH5BAEKAAEALAAAAAABAAEAAAICTAEAOw==\" data-orig-src=\"https:\/\/lh3.googleusercontent.com\/-Syuin1DLiaE\/ULcsGZNCGeI\/AAAAAAAABT4\/EwdKFd_twD8\/s600\/DSC_0069.JPG\" style=\"width: 600px; height: 400px; border-width: 1px; border-style: solid; margin: 10px; float: left;\" \/><\/span><\/p>\n<p style=\"text-align: justify;\">\n\t<span style=\"color: #000000;\"><img class=\"lazyload\" decoding=\"async\" alt=\"\" src=\"data:image\/gif;base64,R0lGODlhAQABAAAAACH5BAEKAAEALAAAAAABAAEAAAICTAEAOw==\" data-orig-src=\"https:\/\/lh5.googleusercontent.com\/-9SsNc90wUSw\/ULcsHmVfVYI\/AAAAAAAABUM\/rIIF47-CYk0\/s600\/DSC_0112.JPG\" style=\"width: 600px; height: 400px; border-width: 1px; border-style: solid; margin: 10px; float: left;\" \/><\/span><\/p>\n<p style=\"text-align: justify;\">\n\t<span style=\"color: #000000;\"><img class=\"lazyload\" decoding=\"async\" alt=\"\" src=\"data:image\/gif;base64,R0lGODlhAQABAAAAACH5BAEKAAEALAAAAAABAAEAAAICTAEAOw==\" data-orig-src=\"https:\/\/lh4.googleusercontent.com\/-v-bxA81tCBg\/ULcsIAA0F2I\/AAAAAAAABUc\/ToS34pKkaSU\/s600\/DSC_0120.JPG\" style=\"width: 600px; height: 400px; border-width: 1px; border-style: solid; margin: 10px; float: left;\" \/><\/p>\n<p>\t<img class=\"lazyload\" decoding=\"async\" alt=\"\" src=\"data:image\/gif;base64,R0lGODlhAQABAAAAACH5BAEKAAEALAAAAAABAAEAAAICTAEAOw==\" data-orig-src=\"https:\/\/lh5.googleusercontent.com\/-CibIdWR0cWA\/ULcsItj_x7I\/AAAAAAAABUY\/n7oIFmf5jzk\/s600\/DSC_0134.JPG\" style=\"width: 600px; height: 400px; border-width: 1px; border-style: solid; margin: 10px; float: left;\" \/><\/span><br \/>\n\t&nbsp;<\/p>\n","protected":false},"excerpt":{"rendered":"<p>&nbsp; Following the tradition of the Orthodox Church to commemorate the blessed event of liberation from 500 years of occupation and the 100th anniversary of the Declaration of Independence, today, November 28th, a festive Archierarchical Divine Liturgy was held in the &#8220;Resurrection of Christ&#8221; Cathedral of Tirana.&nbsp; This Liturgy was co-celebrated by the Archbishop of Tirana and All Albania Anastasios and the members of the<\/p>\n","protected":false},"author":7,"featured_media":0,"comment_status":"open","ping_status":"open","sticky":false,"template":"","format":"standard","meta":{"_acf_changed":false,"pagelayer_contact_templates":[],"_pagelayer_content":"","inline_featured_image":false,"fifu_image_url":"","fifu_image_alt":"","footnotes":""},"categories":[1455,311],"tags":[1137,1185,1784,1786],"class_list":["post-1435","post","type-post","status-publish","format-standard","hentry","category-news-en","category-news-d25","tag-2012-en","tag-events","tag-katedralja-ngjallja-e-krishtit-tirane-en","tag-kremtime-en"],"acf":[],"yoast_head":"<!-- This site is optimized with the Yoast SEO plugin v27.2 - https:\/\/yoast.com\/product\/yoast-seo-wordpress\/ -->\n<title>The Synodical Archierarchical Divine Liturgy on the Occasion of the 100th Anniversary of Independence in Tirana. (28 November 2012) - Kisha Orthodh\u03bfkse Autoqefale e Shqip\u00ebris\u00eb<\/title>\n<meta name=\"robots\" content=\"index, follow, max-snippet:-1, max-image-preview:large, max-video-preview:-1\" \/>\n<link rel=\"canonical\" href=\"https:\/\/orthodoxalbania.org\/2020\/en\/2013\/03\/21\/the-synodical-archierarchical-divine-liturgy-on-the-occasion-of-the-100th-anniversary-of-independence-in-tirana\/\" \/>\n<meta property=\"og:locale\" content=\"en_US\" \/>\n<meta property=\"og:type\" content=\"article\" \/>\n<meta property=\"og:title\" content=\"The Synodical Archierarchical Divine Liturgy on the Occasion of the 100th Anniversary of Independence in Tirana. (28 November 2012) - Kisha Orthodh\u03bfkse Autoqefale e Shqip\u00ebris\u00eb\" \/>\n<meta property=\"og:description\" content=\"&nbsp; Following the tradition of the Orthodox Church to commemorate the blessed event of liberation from 500 years of occupation and the 100th anniversary of the Declaration of Independence, today, November 28th, a festive Archierarchical Divine Liturgy was held in the &#8220;Resurrection of Christ&#8221; Cathedral of Tirana.&nbsp; This Liturgy was co-celebrated by the Archbishop of Tirana and All Albania Anastasios and the members of the\" \/>\n<meta property=\"og:url\" content=\"https:\/\/orthodoxalbania.org\/2020\/en\/2013\/03\/21\/the-synodical-archierarchical-divine-liturgy-on-the-occasion-of-the-100th-anniversary-of-independence-in-tirana\/\" \/>\n<meta property=\"og:site_name\" content=\"Kisha Orthodh\u03bfkse Autoqefale e Shqip\u00ebris\u00eb\" \/>\n<meta property=\"article:publisher\" content=\"https:\/\/www.facebook.com\/koash1991\" \/>\n<meta property=\"article:published_time\" content=\"2013-03-21T12:31:38+00:00\" \/>\n<meta property=\"article:modified_time\" content=\"2020-04-12T22:30:54+00:00\" \/>\n<meta property=\"og:image\" content=\"https:\/\/lh3.googleusercontent.com\/-EaKNxiiDN1I\/ULcsFRi-GEI\/AAAAAAAABTo\/t33FXcNiDY0\/s600\/DSC_0030.JPG\" \/>\n<meta name=\"author\" content=\"Kisha Orthodhokse\" \/>\n<meta name=\"twitter:card\" content=\"summary_large_image\" \/>\n<meta name=\"twitter:label1\" content=\"Written by\" \/>\n\t<meta name=\"twitter:data1\" content=\"Kisha Orthodhokse\" \/>\n\t<meta name=\"twitter:label2\" content=\"Est. reading time\" \/>\n\t<meta name=\"twitter:data2\" content=\"1 minute\" \/>\n<script type=\"application\/ld+json\" class=\"yoast-schema-graph\">{\"@context\":\"https:\/\/schema.org\",\"@graph\":[{\"@type\":\"Article\",\"@id\":\"https:\/\/orthodoxalbania.org\/2020\/en\/2013\/03\/21\/the-synodical-archierarchical-divine-liturgy-on-the-occasion-of-the-100th-anniversary-of-independence-in-tirana\/#article\",\"isPartOf\":{\"@id\":\"https:\/\/orthodoxalbania.org\/2020\/en\/2013\/03\/21\/the-synodical-archierarchical-divine-liturgy-on-the-occasion-of-the-100th-anniversary-of-independence-in-tirana\/\"},\"author\":{\"name\":\"Kisha Orthodhokse\",\"@id\":\"https:\/\/orthodoxalbania.org\/2020\/#\/schema\/person\/df745f942b70e045b3dc05a30211f0de\"},\"headline\":\"The Synodical Archierarchical Divine Liturgy on the Occasion of the 100th Anniversary of Independence in Tirana. (28 November 2012)\",\"datePublished\":\"2013-03-21T12:31:38+00:00\",\"dateModified\":\"2020-04-12T22:30:54+00:00\",\"mainEntityOfPage\":{\"@id\":\"https:\/\/orthodoxalbania.org\/2020\/en\/2013\/03\/21\/the-synodical-archierarchical-divine-liturgy-on-the-occasion-of-the-100th-anniversary-of-independence-in-tirana\/\"},\"wordCount\":215,\"commentCount\":0,\"publisher\":{\"@id\":\"https:\/\/orthodoxalbania.org\/2020\/#organization\"},\"image\":{\"@id\":\"https:\/\/orthodoxalbania.org\/2020\/en\/2013\/03\/21\/the-synodical-archierarchical-divine-liturgy-on-the-occasion-of-the-100th-anniversary-of-independence-in-tirana\/#primaryimage\"},\"thumbnailUrl\":\"https:\/\/lh3.googleusercontent.com\/-EaKNxiiDN1I\/ULcsFRi-GEI\/AAAAAAAABTo\/t33FXcNiDY0\/s600\/DSC_0030.JPG\",\"keywords\":[\"2012\",\"Events\",\"Katedralja \u201cNgjallja e Krishtit\u201d Tiran\u00eb\",\"Kremtime\"],\"articleSection\":[\"News - \u0395\u039d\",\"News old page\"],\"inLanguage\":\"en-US\"},{\"@type\":\"WebPage\",\"@id\":\"https:\/\/orthodoxalbania.org\/2020\/en\/2013\/03\/21\/the-synodical-archierarchical-divine-liturgy-on-the-occasion-of-the-100th-anniversary-of-independence-in-tirana\/\",\"url\":\"https:\/\/orthodoxalbania.org\/2020\/en\/2013\/03\/21\/the-synodical-archierarchical-divine-liturgy-on-the-occasion-of-the-100th-anniversary-of-independence-in-tirana\/\",\"name\":\"The Synodical Archierarchical Divine Liturgy on the Occasion of the 100th Anniversary of Independence in Tirana. (28 November 2012) - Kisha Orthodh\u03bfkse Autoqefale e Shqip\u00ebris\u00eb\",\"isPartOf\":{\"@id\":\"https:\/\/orthodoxalbania.org\/2020\/#website\"},\"primaryImageOfPage\":{\"@id\":\"https:\/\/orthodoxalbania.org\/2020\/en\/2013\/03\/21\/the-synodical-archierarchical-divine-liturgy-on-the-occasion-of-the-100th-anniversary-of-independence-in-tirana\/#primaryimage\"},\"image\":{\"@id\":\"https:\/\/orthodoxalbania.org\/2020\/en\/2013\/03\/21\/the-synodical-archierarchical-divine-liturgy-on-the-occasion-of-the-100th-anniversary-of-independence-in-tirana\/#primaryimage\"},\"thumbnailUrl\":\"https:\/\/lh3.googleusercontent.com\/-EaKNxiiDN1I\/ULcsFRi-GEI\/AAAAAAAABTo\/t33FXcNiDY0\/s600\/DSC_0030.JPG\",\"datePublished\":\"2013-03-21T12:31:38+00:00\",\"dateModified\":\"2020-04-12T22:30:54+00:00\",\"breadcrumb\":{\"@id\":\"https:\/\/orthodoxalbania.org\/2020\/en\/2013\/03\/21\/the-synodical-archierarchical-divine-liturgy-on-the-occasion-of-the-100th-anniversary-of-independence-in-tirana\/#breadcrumb\"},\"inLanguage\":\"en-US\",\"potentialAction\":[{\"@type\":\"ReadAction\",\"target\":[\"https:\/\/orthodoxalbania.org\/2020\/en\/2013\/03\/21\/the-synodical-archierarchical-divine-liturgy-on-the-occasion-of-the-100th-anniversary-of-independence-in-tirana\/\"]}]},{\"@type\":\"ImageObject\",\"inLanguage\":\"en-US\",\"@id\":\"https:\/\/orthodoxalbania.org\/2020\/en\/2013\/03\/21\/the-synodical-archierarchical-divine-liturgy-on-the-occasion-of-the-100th-anniversary-of-independence-in-tirana\/#primaryimage\",\"url\":\"https:\/\/lh3.googleusercontent.com\/-EaKNxiiDN1I\/ULcsFRi-GEI\/AAAAAAAABTo\/t33FXcNiDY0\/s600\/DSC_0030.JPG\",\"contentUrl\":\"https:\/\/lh3.googleusercontent.com\/-EaKNxiiDN1I\/ULcsFRi-GEI\/AAAAAAAABTo\/t33FXcNiDY0\/s600\/DSC_0030.JPG\"},{\"@type\":\"BreadcrumbList\",\"@id\":\"https:\/\/orthodoxalbania.org\/2020\/en\/2013\/03\/21\/the-synodical-archierarchical-divine-liturgy-on-the-occasion-of-the-100th-anniversary-of-independence-in-tirana\/#breadcrumb\",\"itemListElement\":[{\"@type\":\"ListItem\",\"position\":1,\"name\":\"Home\",\"item\":\"https:\/\/orthodoxalbania.org\/2020\/\"},{\"@type\":\"ListItem\",\"position\":2,\"name\":\"The Synodical Archierarchical Divine Liturgy on the Occasion of the 100th Anniversary of Independence in Tirana. (28 November 2012)\"}]},{\"@type\":\"WebSite\",\"@id\":\"https:\/\/orthodoxalbania.org\/2020\/#website\",\"url\":\"https:\/\/orthodoxalbania.org\/2020\/\",\"name\":\"Kisha Orthodh\u03bfkse Autoqefale e Shqip\u00ebris\u00eb\",\"description\":\"Fqja Zyrtare e Kish\u00ebs Orthodhokse Autoqefale e Shqip\u00ebris\u00eb me lajmet edhe informacionet zyrtare p\u00ebr struktur\u00ebn edhe veprimtarin e saj.\",\"publisher\":{\"@id\":\"https:\/\/orthodoxalbania.org\/2020\/#organization\"},\"potentialAction\":[{\"@type\":\"SearchAction\",\"target\":{\"@type\":\"EntryPoint\",\"urlTemplate\":\"https:\/\/orthodoxalbania.org\/2020\/?s={search_term_string}\"},\"query-input\":{\"@type\":\"PropertyValueSpecification\",\"valueRequired\":true,\"valueName\":\"search_term_string\"}}],\"inLanguage\":\"en-US\"},{\"@type\":\"Organization\",\"@id\":\"https:\/\/orthodoxalbania.org\/2020\/#organization\",\"name\":\"Kisha Orthodhokse Autoqefale e Shqip\u00ebris\u00eb\",\"url\":\"https:\/\/orthodoxalbania.org\/2020\/\",\"logo\":{\"@type\":\"ImageObject\",\"inLanguage\":\"en-US\",\"@id\":\"https:\/\/orthodoxalbania.org\/2020\/#\/schema\/logo\/image\/\",\"url\":\"https:\/\/orthodoxalbania.org\/2020\/wp-content\/uploads\/2020\/05\/albania.jpeg\",\"contentUrl\":\"https:\/\/orthodoxalbania.org\/2020\/wp-content\/uploads\/2020\/05\/albania.jpeg\",\"width\":540,\"height\":540,\"caption\":\"Kisha Orthodhokse Autoqefale e Shqip\u00ebris\u00eb\"},\"image\":{\"@id\":\"https:\/\/orthodoxalbania.org\/2020\/#\/schema\/logo\/image\/\"},\"sameAs\":[\"https:\/\/www.facebook.com\/koash1991\"]},{\"@type\":\"Person\",\"@id\":\"https:\/\/orthodoxalbania.org\/2020\/#\/schema\/person\/df745f942b70e045b3dc05a30211f0de\",\"name\":\"Kisha Orthodhokse\",\"image\":{\"@type\":\"ImageObject\",\"inLanguage\":\"en-US\",\"@id\":\"https:\/\/secure.gravatar.com\/avatar\/2676eb8d97178435c9f691a7871595a1da6c33542dec218bce40885573150e28?s=96&d=mm&r=g\",\"url\":\"https:\/\/secure.gravatar.com\/avatar\/2676eb8d97178435c9f691a7871595a1da6c33542dec218bce40885573150e28?s=96&d=mm&r=g\",\"contentUrl\":\"https:\/\/secure.gravatar.com\/avatar\/2676eb8d97178435c9f691a7871595a1da6c33542dec218bce40885573150e28?s=96&d=mm&r=g\",\"caption\":\"Kisha Orthodhokse\"}}]}<\/script>\n<!-- \/ Yoast SEO plugin. -->","yoast_head_json":{"title":"The Synodical Archierarchical Divine Liturgy on the Occasion of the 100th Anniversary of Independence in Tirana. (28 November 2012) - Kisha Orthodh\u03bfkse Autoqefale e Shqip\u00ebris\u00eb","robots":{"index":"index","follow":"follow","max-snippet":"max-snippet:-1","max-image-preview":"max-image-preview:large","max-video-preview":"max-video-preview:-1"},"canonical":"https:\/\/orthodoxalbania.org\/2020\/en\/2013\/03\/21\/the-synodical-archierarchical-divine-liturgy-on-the-occasion-of-the-100th-anniversary-of-independence-in-tirana\/","og_locale":"en_US","og_type":"article","og_title":"The Synodical Archierarchical Divine Liturgy on the Occasion of the 100th Anniversary of Independence in Tirana. (28 November 2012) - Kisha Orthodh\u03bfkse Autoqefale e Shqip\u00ebris\u00eb","og_description":"&nbsp; Following the tradition of the Orthodox Church to commemorate the blessed event of liberation from 500 years of occupation and the 100th anniversary of the Declaration of Independence, today, November 28th, a festive Archierarchical Divine Liturgy was held in the &#8220;Resurrection of Christ&#8221; Cathedral of Tirana.&nbsp; This Liturgy was co-celebrated by the Archbishop of Tirana and All Albania Anastasios and the members of the","og_url":"https:\/\/orthodoxalbania.org\/2020\/en\/2013\/03\/21\/the-synodical-archierarchical-divine-liturgy-on-the-occasion-of-the-100th-anniversary-of-independence-in-tirana\/","og_site_name":"Kisha Orthodh\u03bfkse Autoqefale e Shqip\u00ebris\u00eb","article_publisher":"https:\/\/www.facebook.com\/koash1991","article_published_time":"2013-03-21T12:31:38+00:00","article_modified_time":"2020-04-12T22:30:54+00:00","og_image":[{"url":"https:\/\/lh3.googleusercontent.com\/-EaKNxiiDN1I\/ULcsFRi-GEI\/AAAAAAAABTo\/t33FXcNiDY0\/s600\/DSC_0030.JPG","type":"","width":"","height":""}],"author":"Kisha Orthodhokse","twitter_card":"summary_large_image","twitter_misc":{"Written by":"Kisha Orthodhokse","Est. reading time":"1 minute"},"schema":{"@context":"https:\/\/schema.org","@graph":[{"@type":"Article","@id":"https:\/\/orthodoxalbania.org\/2020\/en\/2013\/03\/21\/the-synodical-archierarchical-divine-liturgy-on-the-occasion-of-the-100th-anniversary-of-independence-in-tirana\/#article","isPartOf":{"@id":"https:\/\/orthodoxalbania.org\/2020\/en\/2013\/03\/21\/the-synodical-archierarchical-divine-liturgy-on-the-occasion-of-the-100th-anniversary-of-independence-in-tirana\/"},"author":{"name":"Kisha Orthodhokse","@id":"https:\/\/orthodoxalbania.org\/2020\/#\/schema\/person\/df745f942b70e045b3dc05a30211f0de"},"headline":"The Synodical Archierarchical Divine Liturgy on the Occasion of the 100th Anniversary of Independence in Tirana. (28 November 2012)","datePublished":"2013-03-21T12:31:38+00:00","dateModified":"2020-04-12T22:30:54+00:00","mainEntityOfPage":{"@id":"https:\/\/orthodoxalbania.org\/2020\/en\/2013\/03\/21\/the-synodical-archierarchical-divine-liturgy-on-the-occasion-of-the-100th-anniversary-of-independence-in-tirana\/"},"wordCount":215,"commentCount":0,"publisher":{"@id":"https:\/\/orthodoxalbania.org\/2020\/#organization"},"image":{"@id":"https:\/\/orthodoxalbania.org\/2020\/en\/2013\/03\/21\/the-synodical-archierarchical-divine-liturgy-on-the-occasion-of-the-100th-anniversary-of-independence-in-tirana\/#primaryimage"},"thumbnailUrl":"https:\/\/lh3.googleusercontent.com\/-EaKNxiiDN1I\/ULcsFRi-GEI\/AAAAAAAABTo\/t33FXcNiDY0\/s600\/DSC_0030.JPG","keywords":["2012","Events","Katedralja \u201cNgjallja e Krishtit\u201d Tiran\u00eb","Kremtime"],"articleSection":["News - \u0395\u039d","News old page"],"inLanguage":"en-US"},{"@type":"WebPage","@id":"https:\/\/orthodoxalbania.org\/2020\/en\/2013\/03\/21\/the-synodical-archierarchical-divine-liturgy-on-the-occasion-of-the-100th-anniversary-of-independence-in-tirana\/","url":"https:\/\/orthodoxalbania.org\/2020\/en\/2013\/03\/21\/the-synodical-archierarchical-divine-liturgy-on-the-occasion-of-the-100th-anniversary-of-independence-in-tirana\/","name":"The Synodical Archierarchical Divine Liturgy on the Occasion of the 100th Anniversary of Independence in Tirana. (28 November 2012) - Kisha Orthodh\u03bfkse Autoqefale e Shqip\u00ebris\u00eb","isPartOf":{"@id":"https:\/\/orthodoxalbania.org\/2020\/#website"},"primaryImageOfPage":{"@id":"https:\/\/orthodoxalbania.org\/2020\/en\/2013\/03\/21\/the-synodical-archierarchical-divine-liturgy-on-the-occasion-of-the-100th-anniversary-of-independence-in-tirana\/#primaryimage"},"image":{"@id":"https:\/\/orthodoxalbania.org\/2020\/en\/2013\/03\/21\/the-synodical-archierarchical-divine-liturgy-on-the-occasion-of-the-100th-anniversary-of-independence-in-tirana\/#primaryimage"},"thumbnailUrl":"https:\/\/lh3.googleusercontent.com\/-EaKNxiiDN1I\/ULcsFRi-GEI\/AAAAAAAABTo\/t33FXcNiDY0\/s600\/DSC_0030.JPG","datePublished":"2013-03-21T12:31:38+00:00","dateModified":"2020-04-12T22:30:54+00:00","breadcrumb":{"@id":"https:\/\/orthodoxalbania.org\/2020\/en\/2013\/03\/21\/the-synodical-archierarchical-divine-liturgy-on-the-occasion-of-the-100th-anniversary-of-independence-in-tirana\/#breadcrumb"},"inLanguage":"en-US","potentialAction":[{"@type":"ReadAction","target":["https:\/\/orthodoxalbania.org\/2020\/en\/2013\/03\/21\/the-synodical-archierarchical-divine-liturgy-on-the-occasion-of-the-100th-anniversary-of-independence-in-tirana\/"]}]},{"@type":"ImageObject","inLanguage":"en-US","@id":"https:\/\/orthodoxalbania.org\/2020\/en\/2013\/03\/21\/the-synodical-archierarchical-divine-liturgy-on-the-occasion-of-the-100th-anniversary-of-independence-in-tirana\/#primaryimage","url":"https:\/\/lh3.googleusercontent.com\/-EaKNxiiDN1I\/ULcsFRi-GEI\/AAAAAAAABTo\/t33FXcNiDY0\/s600\/DSC_0030.JPG","contentUrl":"https:\/\/lh3.googleusercontent.com\/-EaKNxiiDN1I\/ULcsFRi-GEI\/AAAAAAAABTo\/t33FXcNiDY0\/s600\/DSC_0030.JPG"},{"@type":"BreadcrumbList","@id":"https:\/\/orthodoxalbania.org\/2020\/en\/2013\/03\/21\/the-synodical-archierarchical-divine-liturgy-on-the-occasion-of-the-100th-anniversary-of-independence-in-tirana\/#breadcrumb","itemListElement":[{"@type":"ListItem","position":1,"name":"Home","item":"https:\/\/orthodoxalbania.org\/2020\/"},{"@type":"ListItem","position":2,"name":"The Synodical Archierarchical Divine Liturgy on the Occasion of the 100th Anniversary of Independence in Tirana. (28 November 2012)"}]},{"@type":"WebSite","@id":"https:\/\/orthodoxalbania.org\/2020\/#website","url":"https:\/\/orthodoxalbania.org\/2020\/","name":"Kisha Orthodh\u03bfkse Autoqefale e Shqip\u00ebris\u00eb","description":"Fqja Zyrtare e Kish\u00ebs Orthodhokse Autoqefale e Shqip\u00ebris\u00eb me lajmet edhe informacionet zyrtare p\u00ebr struktur\u00ebn edhe veprimtarin e saj.","publisher":{"@id":"https:\/\/orthodoxalbania.org\/2020\/#organization"},"potentialAction":[{"@type":"SearchAction","target":{"@type":"EntryPoint","urlTemplate":"https:\/\/orthodoxalbania.org\/2020\/?s={search_term_string}"},"query-input":{"@type":"PropertyValueSpecification","valueRequired":true,"valueName":"search_term_string"}}],"inLanguage":"en-US"},{"@type":"Organization","@id":"https:\/\/orthodoxalbania.org\/2020\/#organization","name":"Kisha Orthodhokse Autoqefale e Shqip\u00ebris\u00eb","url":"https:\/\/orthodoxalbania.org\/2020\/","logo":{"@type":"ImageObject","inLanguage":"en-US","@id":"https:\/\/orthodoxalbania.org\/2020\/#\/schema\/logo\/image\/","url":"https:\/\/orthodoxalbania.org\/2020\/wp-content\/uploads\/2020\/05\/albania.jpeg","contentUrl":"https:\/\/orthodoxalbania.org\/2020\/wp-content\/uploads\/2020\/05\/albania.jpeg","width":540,"height":540,"caption":"Kisha Orthodhokse Autoqefale e Shqip\u00ebris\u00eb"},"image":{"@id":"https:\/\/orthodoxalbania.org\/2020\/#\/schema\/logo\/image\/"},"sameAs":["https:\/\/www.facebook.com\/koash1991"]},{"@type":"Person","@id":"https:\/\/orthodoxalbania.org\/2020\/#\/schema\/person\/df745f942b70e045b3dc05a30211f0de","name":"Kisha Orthodhokse","image":{"@type":"ImageObject","inLanguage":"en-US","@id":"https:\/\/secure.gravatar.com\/avatar\/2676eb8d97178435c9f691a7871595a1da6c33542dec218bce40885573150e28?s=96&d=mm&r=g","url":"https:\/\/secure.gravatar.com\/avatar\/2676eb8d97178435c9f691a7871595a1da6c33542dec218bce40885573150e28?s=96&d=mm&r=g","contentUrl":"https:\/\/secure.gravatar.com\/avatar\/2676eb8d97178435c9f691a7871595a1da6c33542dec218bce40885573150e28?s=96&d=mm&r=g","caption":"Kisha Orthodhokse"}}]}},"_links":{"self":[{"href":"https:\/\/orthodoxalbania.org\/2020\/wp-json\/wp\/v2\/posts\/1435","targetHints":{"allow":["GET"]}}],"collection":[{"href":"https:\/\/orthodoxalbania.org\/2020\/wp-json\/wp\/v2\/posts"}],"about":[{"href":"https:\/\/orthodoxalbania.org\/2020\/wp-json\/wp\/v2\/types\/post"}],"author":[{"embeddable":true,"href":"https:\/\/orthodoxalbania.org\/2020\/wp-json\/wp\/v2\/users\/7"}],"replies":[{"embeddable":true,"href":"https:\/\/orthodoxalbania.org\/2020\/wp-json\/wp\/v2\/comments?post=1435"}],"version-history":[{"count":1,"href":"https:\/\/orthodoxalbania.org\/2020\/wp-json\/wp\/v2\/posts\/1435\/revisions"}],"predecessor-version":[{"id":17708,"href":"https:\/\/orthodoxalbania.org\/2020\/wp-json\/wp\/v2\/posts\/1435\/revisions\/17708"}],"wp:attachment":[{"href":"https:\/\/orthodoxalbania.org\/2020\/wp-json\/wp\/v2\/media?parent=1435"}],"wp:term":[{"taxonomy":"category","embeddable":true,"href":"https:\/\/orthodoxalbania.org\/2020\/wp-json\/wp\/v2\/categories?post=1435"},{"taxonomy":"post_tag","embeddable":true,"href":"https:\/\/orthodoxalbania.org\/2020\/wp-json\/wp\/v2\/tags?post=1435"}],"curies":[{"name":"wp","href":"https:\/\/api.w.org\/{rel}","templated":true}]}}