{"id":1433,"date":"2014-08-27T10:14:40","date_gmt":"2014-08-27T10:14:40","guid":{"rendered":""},"modified":"2020-04-13T00:28:09","modified_gmt":"2020-04-12T22:28:09","slug":"the-summer-day-camps-for-children-continue-in-different-location-of-albania","status":"publish","type":"post","link":"https:\/\/orthodoxalbania.org\/2020\/en\/2014\/08\/27\/the-summer-day-camps-for-children-continue-in-different-location-of-albania\/","title":{"rendered":"The Summer Day Camps for Children Continue in Different Location of Albania"},"content":{"rendered":"<div style=\"color: #000000; font-family: Arial, Helvetica, sans-serif; line-height: normal; text-align: justify; background-color: #f9f9f9;\">\n\t  <\/p>\n<p class=\"MsoNormal\">\n\t\t<span style=\"color: #000000; font-size: 12pt; font-family: helvetica;\">&nbsp;&nbsp;&nbsp; Summer day camps for children are being held in different locations of the country. Children participate 4-5 hours per day in these camps. The program of the camp is very rich and the children learn many important and beautiful things.<\/span><\/p>\n<p class=\"MsoNormal\">\n\t\t<span style=\"color: #000000; font-size: 12pt; font-family: helvetica;\">&nbsp;&nbsp;&nbsp; The students of the Theological Academy, with the blessing of the Bishop of Apolonia, His Eminence Nicholas, and under the supervision of the professor, Anastasia Pamela Barksdale, held the summer day camps for children in St. Vlash and Rrushkull. The organizing students of these camps took part in a training program at the Theological Academy in order to gain more experience in teaching. The Day Camp in these two locations had as its theme: &#8220;The Good News and the Saints of Albania&#8221;.<\/span><\/p>\n<p class=\"MsoNormal\">\n\t\t<span style=\"color: #000000; font-size: 12pt; font-family: helvetica;\">&nbsp;&nbsp;&nbsp; During the camp the children learned about the life of the saints, their teaching to \u201clove God\u201d and \u201clove one another\u201d. The children wore t-shirts specially created for them with this wonderful message printed on the front. They viewed a film prepared by the Catechism Office on the life of St. Kosmas Aitilos and were given a new icon coloring book with scenes from the life of Jesus and four prominent Albanian saints: St. Asti, St. Vlash, St. Joan Vladimir and St. Kosmas Aitolos of Kolokondas.<\/span><\/p>\n<p class=\"MsoNormal\">\n\t\t<span style=\"color: #000000; font-size: 12pt; font-family: helvetica;\">&nbsp;&nbsp;&nbsp; The camps ended with a pilgrimage to the historical monastery of St. Kosmas Aitolos of Kolkondas to take part in the celebration of the 300<sup style=\"font-family: Tahoma;\">th<\/sup> anniversary of his birth. 53 people participated in the pilgrimage, and included both children and their parents.&nbsp;<\/span><\/p>\n<p class=\"MsoNormal\">\n\t\t<span style=\"color: #000000; font-size: 12pt; font-family: helvetica;\">&nbsp;&nbsp;&nbsp; Camps were also organized for the children of the catechism groups of Kryezjarr, Librazhd and Shelcan. The theme of the camp was the Divine Liturgy. The goal of these camps was to guide children towards the understanding of and participation in the Divine Liturgy. The camp program included prayers, songs, games, handicrafts, cocktail, walking, etc. The days passed very quickly and children took home the lessons, the love of God and the joy that came from being all together.<\/span><\/p>\n<p class=\"MsoNormal\">\n\t\t<span style=\"color: #000000; font-size: 12pt; font-family: helvetica;\">&nbsp;&nbsp;&nbsp; Meanwhile the children&#8217;s camps continue in other places of Albania. In Gjinar of Elbasan there are currently taking place a summer day camp for children. A large number of children are attending this camp and the theme of the camp is: &#8220;God is with us&#8221;.<\/span><\/p>\n<p class=\"MsoNormal\">\n\t\t<span style=\"color: #000000; font-size: 12pt; font-family: helvetica;\">&nbsp;&nbsp;&nbsp; The Central Children\u2019s Office is getting ready for other children\u2019s camps. From September 1 to 6, there will be held children\u2019s camp in Tirana, near the artificial lake, at the Church of St. Prokopios and on these same dates there also will be a camp for children in Kavaja, near the Church of St. Nicholas. While on September 9 to 13 there will be held a children\u2019s camp in Sukth.<\/span><\/p>\n<p class=\"MsoNormal\">\n\t\t<span style=\"color: #000000; font-size: 12pt; font-family: helvetica;\">&nbsp;&nbsp;&nbsp; Childhood is a very significant age in human life; it is the age when man lays the foundations for his formation. In Proverbs 22: 6 says: &#8220;<span class=\"textprov-22-6\"><span style=\"background: none repeat scroll 0% 0% white;\">Start<\/span><\/span><span class=\"textprov-22-6\"><span style=\"background: none repeat scroll 0% 0% white;\">children off on the way they should go, and even when they are old they will not turn from it.<\/span><\/span>&#8220;<\/span><\/p>\n<p class=\"MsoNormal\">\n\t\t&nbsp;<\/p>\n<\/div>\n<div style=\"color: #000000; font-family: Arial, Helvetica, sans-serif; line-height: normal; text-align: justify; background-color: #f9f9f9;\">\n\t&nbsp;<\/div>\n<div style=\"color: #000000; font-family: Arial,Helvetica,sans-serif; line-height: normal; background-color: #f9f9f9;\">\n\t<img decoding=\"async\" alt=\"\" class=\"lazyload HAa Eha\" src=\"data:image\/gif;base64,R0lGODlhAQABAAAAACH5BAEKAAEALAAAAAABAAEAAAICTAEAOw==\" data-orig-src=\"https:\/\/lh6.googleusercontent.com\/-zxLzO89-YpQ\/U_2tnq9g_HI\/AAAAAAAABYc\/Pjy4jMzqreU\/w958-h539-no\/1.JPG\" style=\"padding: 0px; margin: 10px auto; border-width: 1px; border-style: solid; height: 338px; width: 600px; display: block;\" \/><\/div>\n<div style=\"color: #000000; font-family: Arial, Helvetica, sans-serif; line-height: normal; text-align: justify; background-color: #f9f9f9;\">\n\t&nbsp;<\/div>\n<div style=\"color: #000000; font-family: Arial,Helvetica,sans-serif; line-height: normal; background-color: #f9f9f9;\">\n\t<img decoding=\"async\" alt=\"\" class=\"lazyload HAa Eha\" src=\"data:image\/gif;base64,R0lGODlhAQABAAAAACH5BAEKAAEALAAAAAABAAEAAAICTAEAOw==\" data-orig-src=\"https:\/\/lh3.googleusercontent.com\/-lokQ-d4PcE4\/U_2tnehA2wI\/AAAAAAAABYk\/lz7SRVxQzd0\/w958-h539-no\/2.JPG\" style=\"padding: 0px; margin: 10px auto; border-width: 1px; border-style: solid; height: 338px; width: 600px; display: block;\" \/><\/div>\n<div style=\"color: #000000; font-family: Arial,Helvetica,sans-serif; line-height: normal; background-color: #f9f9f9;\">\n\t<img decoding=\"async\" alt=\"\" class=\"lazyload HAa Eha\" src=\"data:image\/gif;base64,R0lGODlhAQABAAAAACH5BAEKAAEALAAAAAABAAEAAAICTAEAOw==\" data-orig-src=\"https:\/\/lh3.googleusercontent.com\/-HjsPiO5CuiE\/U_2tizuIgnI\/AAAAAAAABXo\/cIv5sjLBckk\/w958-h539-no\/3.JPG\" style=\"padding: 0px; margin: 10px auto; border-width: 1px; border-style: solid; height: 338px; width: 600px; display: block;\" \/><\/div>\n<div style=\"color: #000000; font-family: Arial,Helvetica,sans-serif; line-height: normal; background-color: #f9f9f9;\">\n\t<img decoding=\"async\" alt=\"\" class=\"lazyload HAa Eha\" src=\"data:image\/gif;base64,R0lGODlhAQABAAAAACH5BAEKAAEALAAAAAABAAEAAAICTAEAOw==\" data-orig-src=\"https:\/\/lh5.googleusercontent.com\/-NxXV3nkCpxg\/U_2tnuKTDfI\/AAAAAAAABYg\/3fufa2wyRik\/w958-h719-no\/4.jpg\" style=\"padding: 0px; margin: 10px auto; border-width: 1px; border-style: solid; height: 450px; width: 600px; display: block;\" \/><\/div>\n<div style=\"color: #000000; font-family: Arial,Helvetica,sans-serif; line-height: normal; background-color: #f9f9f9;\">\n\t<img decoding=\"async\" alt=\"\" class=\"lazyload HAa Eha\" src=\"data:image\/gif;base64,R0lGODlhAQABAAAAACH5BAEKAAEALAAAAAABAAEAAAICTAEAOw==\" data-orig-src=\"https:\/\/lh3.googleusercontent.com\/-Hg-pz_uNVFo\/U_2toNhZneI\/AAAAAAAABYM\/TGRmuP6QVqQ\/w958-h719-no\/5.jpg\" style=\"padding: 0px; margin: 10px auto; border-width: 1px; border-style: solid; height: 450px; width: 600px; display: block;\" \/><\/div>\n<div style=\"color: #000000; font-family: Arial,Helvetica,sans-serif; line-height: normal; background-color: #f9f9f9;\">\n\t<img decoding=\"async\" alt=\"\" class=\"lazyload HAa Eha\" src=\"data:image\/gif;base64,R0lGODlhAQABAAAAACH5BAEKAAEALAAAAAABAAEAAAICTAEAOw==\" data-orig-src=\"https:\/\/lh4.googleusercontent.com\/-XLw_mepDB2s\/U_2toUqJkbI\/AAAAAAAABYI\/iNPRXNpsQAo\/w958-h719-no\/6.jpg\" style=\"padding: 0px; margin: 10px auto; border-width: 1px; border-style: solid; height: 450px; width: 600px; display: block;\" \/><\/div>\n<div style=\"color: #000000; font-family: Arial,Helvetica,sans-serif; line-height: normal; background-color: #f9f9f9;\">\n\t<img decoding=\"async\" alt=\"\" class=\"lazyload HAa Eha\" src=\"data:image\/gif;base64,R0lGODlhAQABAAAAACH5BAEKAAEALAAAAAABAAEAAAICTAEAOw==\" data-orig-src=\"https:\/\/lh4.googleusercontent.com\/-p5dEGCga6SM\/U_2to097H3I\/AAAAAAAABYU\/B6bbkP870PU\/w958-h719-no\/7.jpg\" style=\"padding: 0px; margin: 10px auto; border-width: 1px; border-style: solid; height: 450px; width: 600px; display: block;\" \/><\/div>\n<div style=\"color: #000000; font-family: Arial,Helvetica,sans-serif; line-height: normal; background-color: #f9f9f9;\">\n\t<img decoding=\"async\" alt=\"\" class=\"lazyload HAa Eha\" src=\"data:image\/gif;base64,R0lGODlhAQABAAAAACH5BAEKAAEALAAAAAABAAEAAAICTAEAOw==\" data-orig-src=\"https:\/\/lh6.googleusercontent.com\/-OotKd4I_ThA\/U_2to5HLSlI\/AAAAAAAABYQ\/NT6gBwqhuUA\/w958-h719-no\/8.jpg\" style=\"padding: 0px; margin: 10px auto; border-width: 1px; border-style: solid; height: 450px; width: 600px; display: block;\" \/><\/div>\n<div style=\"color: #000000; font-family: Arial,Helvetica,sans-serif; line-height: normal; background-color: #f9f9f9;\">\n\t<img decoding=\"async\" alt=\"\" class=\"lazyload HAa Eha\" src=\"data:image\/gif;base64,R0lGODlhAQABAAAAACH5BAEKAAEALAAAAAABAAEAAAICTAEAOw==\" data-orig-src=\"https:\/\/lh5.googleusercontent.com\/-nIUs7Ftn8gE\/U_2tpUPO9tI\/AAAAAAAABYo\/n0Se5Ke1Avc\/w958-h719-no\/9.jpg\" style=\"padding: 0px; margin: 10px auto; border-width: 1px; border-style: solid; height: 450px; width: 600px; display: block;\" \/><\/div>\n<div style=\"color: #000000; font-family: Arial, Helvetica, sans-serif; line-height: normal; text-align: justify; background-color: #f9f9f9;\">\n\t&nbsp;<\/div>\n<div style=\"color: #000000; font-family: Arial, Helvetica, sans-serif; line-height: normal; text-align: justify; background-color: #f9f9f9;\">\n\t&nbsp;<\/div>\n<div style=\"color: #000000; font-family: Arial, Helvetica, sans-serif; line-height: normal; text-align: justify; background-color: #f9f9f9;\">\n\t&nbsp;<\/div>\n","protected":false},"excerpt":{"rendered":"<p>&nbsp;&nbsp;&nbsp; Summer day camps for children are being held in different locations of the country. Children participate 4-5 hours per day in these camps. The program of the camp is very rich and the children learn many important and beautiful things. &nbsp;&nbsp;&nbsp; The students of the Theological Academy, with the blessing of the Bishop of Apolonia, His Eminence Nicholas, and under the supervision of the<\/p>\n","protected":false},"author":7,"featured_media":679,"comment_status":"open","ping_status":"open","sticky":false,"template":"","format":"standard","meta":{"_acf_changed":false,"pagelayer_contact_templates":[],"_pagelayer_content":"","inline_featured_image":false,"fifu_image_url":"","fifu_image_alt":"","footnotes":""},"categories":[1455,311],"tags":[1145,1185],"class_list":["post-1433","post","type-post","status-publish","format-standard","has-post-thumbnail","hentry","category-news-en","category-news-d25","tag-2014-en","tag-events"],"acf":[],"yoast_head":"<!-- This site is optimized with the Yoast SEO plugin v27.2 - https:\/\/yoast.com\/product\/yoast-seo-wordpress\/ -->\n<title>The Summer Day Camps for Children Continue in Different Location of Albania - Kisha Orthodh\u03bfkse Autoqefale e Shqip\u00ebris\u00eb<\/title>\n<meta name=\"robots\" content=\"index, follow, max-snippet:-1, max-image-preview:large, max-video-preview:-1\" \/>\n<link rel=\"canonical\" href=\"https:\/\/orthodoxalbania.org\/2020\/en\/2014\/08\/27\/the-summer-day-camps-for-children-continue-in-different-location-of-albania\/\" \/>\n<meta property=\"og:locale\" content=\"en_US\" \/>\n<meta property=\"og:type\" content=\"article\" \/>\n<meta property=\"og:title\" content=\"The Summer Day Camps for Children Continue in Different Location of Albania - Kisha Orthodh\u03bfkse Autoqefale e Shqip\u00ebris\u00eb\" \/>\n<meta property=\"og:description\" content=\"&nbsp;&nbsp;&nbsp; Summer day camps for children are being held in different locations of the country. Children participate 4-5 hours per day in these camps. The program of the camp is very rich and the children learn many important and beautiful things. &nbsp;&nbsp;&nbsp; The students of the Theological Academy, with the blessing of the Bishop of Apolonia, His Eminence Nicholas, and under the supervision of the\" \/>\n<meta property=\"og:url\" content=\"https:\/\/orthodoxalbania.org\/2020\/en\/2014\/08\/27\/the-summer-day-camps-for-children-continue-in-different-location-of-albania\/\" \/>\n<meta property=\"og:site_name\" content=\"Kisha Orthodh\u03bfkse Autoqefale e Shqip\u00ebris\u00eb\" \/>\n<meta property=\"article:publisher\" content=\"https:\/\/www.facebook.com\/koash1991\" \/>\n<meta property=\"article:published_time\" content=\"2014-08-27T10:14:40+00:00\" \/>\n<meta property=\"article:modified_time\" content=\"2020-04-12T22:28:09+00:00\" \/>\n<meta property=\"og:image\" content=\"https:\/\/orthodoxalbania.org\/2020\/wp-content\/uploads\/2020\/04\/9.jpg\" \/>\n\t<meta property=\"og:image:width\" content=\"150\" \/>\n\t<meta property=\"og:image:height\" content=\"150\" \/>\n\t<meta property=\"og:image:type\" content=\"image\/jpeg\" \/>\n<meta name=\"author\" content=\"Kisha Orthodhokse\" \/>\n<meta name=\"twitter:card\" content=\"summary_large_image\" \/>\n<meta name=\"twitter:label1\" content=\"Written by\" \/>\n\t<meta name=\"twitter:data1\" content=\"Kisha Orthodhokse\" \/>\n\t<meta name=\"twitter:label2\" content=\"Est. reading time\" \/>\n\t<meta name=\"twitter:data2\" content=\"3 minutes\" \/>\n<script type=\"application\/ld+json\" class=\"yoast-schema-graph\">{\"@context\":\"https:\/\/schema.org\",\"@graph\":[{\"@type\":\"Article\",\"@id\":\"https:\/\/orthodoxalbania.org\/2020\/en\/2014\/08\/27\/the-summer-day-camps-for-children-continue-in-different-location-of-albania\/#article\",\"isPartOf\":{\"@id\":\"https:\/\/orthodoxalbania.org\/2020\/en\/2014\/08\/27\/the-summer-day-camps-for-children-continue-in-different-location-of-albania\/\"},\"author\":{\"name\":\"Kisha Orthodhokse\",\"@id\":\"https:\/\/orthodoxalbania.org\/2020\/#\/schema\/person\/df745f942b70e045b3dc05a30211f0de\"},\"headline\":\"The Summer Day Camps for Children Continue in Different Location of Albania\",\"datePublished\":\"2014-08-27T10:14:40+00:00\",\"dateModified\":\"2020-04-12T22:28:09+00:00\",\"mainEntityOfPage\":{\"@id\":\"https:\/\/orthodoxalbania.org\/2020\/en\/2014\/08\/27\/the-summer-day-camps-for-children-continue-in-different-location-of-albania\/\"},\"wordCount\":531,\"commentCount\":0,\"publisher\":{\"@id\":\"https:\/\/orthodoxalbania.org\/2020\/#organization\"},\"image\":{\"@id\":\"https:\/\/orthodoxalbania.org\/2020\/en\/2014\/08\/27\/the-summer-day-camps-for-children-continue-in-different-location-of-albania\/#primaryimage\"},\"thumbnailUrl\":\"https:\/\/orthodoxalbania.org\/2020\/wp-content\/uploads\/2020\/04\/9.jpg\",\"keywords\":[\"2014\",\"Events\"],\"articleSection\":[\"News - \u0395\u039d\",\"News old page\"],\"inLanguage\":\"en-US\"},{\"@type\":\"WebPage\",\"@id\":\"https:\/\/orthodoxalbania.org\/2020\/en\/2014\/08\/27\/the-summer-day-camps-for-children-continue-in-different-location-of-albania\/\",\"url\":\"https:\/\/orthodoxalbania.org\/2020\/en\/2014\/08\/27\/the-summer-day-camps-for-children-continue-in-different-location-of-albania\/\",\"name\":\"The Summer Day Camps for Children Continue in Different Location of Albania - Kisha Orthodh\u03bfkse Autoqefale e Shqip\u00ebris\u00eb\",\"isPartOf\":{\"@id\":\"https:\/\/orthodoxalbania.org\/2020\/#website\"},\"primaryImageOfPage\":{\"@id\":\"https:\/\/orthodoxalbania.org\/2020\/en\/2014\/08\/27\/the-summer-day-camps-for-children-continue-in-different-location-of-albania\/#primaryimage\"},\"image\":{\"@id\":\"https:\/\/orthodoxalbania.org\/2020\/en\/2014\/08\/27\/the-summer-day-camps-for-children-continue-in-different-location-of-albania\/#primaryimage\"},\"thumbnailUrl\":\"https:\/\/orthodoxalbania.org\/2020\/wp-content\/uploads\/2020\/04\/9.jpg\",\"datePublished\":\"2014-08-27T10:14:40+00:00\",\"dateModified\":\"2020-04-12T22:28:09+00:00\",\"breadcrumb\":{\"@id\":\"https:\/\/orthodoxalbania.org\/2020\/en\/2014\/08\/27\/the-summer-day-camps-for-children-continue-in-different-location-of-albania\/#breadcrumb\"},\"inLanguage\":\"en-US\",\"potentialAction\":[{\"@type\":\"ReadAction\",\"target\":[\"https:\/\/orthodoxalbania.org\/2020\/en\/2014\/08\/27\/the-summer-day-camps-for-children-continue-in-different-location-of-albania\/\"]}]},{\"@type\":\"ImageObject\",\"inLanguage\":\"en-US\",\"@id\":\"https:\/\/orthodoxalbania.org\/2020\/en\/2014\/08\/27\/the-summer-day-camps-for-children-continue-in-different-location-of-albania\/#primaryimage\",\"url\":\"https:\/\/orthodoxalbania.org\/2020\/wp-content\/uploads\/2020\/04\/9.jpg\",\"contentUrl\":\"https:\/\/orthodoxalbania.org\/2020\/wp-content\/uploads\/2020\/04\/9.jpg\",\"width\":150,\"height\":150},{\"@type\":\"BreadcrumbList\",\"@id\":\"https:\/\/orthodoxalbania.org\/2020\/en\/2014\/08\/27\/the-summer-day-camps-for-children-continue-in-different-location-of-albania\/#breadcrumb\",\"itemListElement\":[{\"@type\":\"ListItem\",\"position\":1,\"name\":\"Home\",\"item\":\"https:\/\/orthodoxalbania.org\/2020\/\"},{\"@type\":\"ListItem\",\"position\":2,\"name\":\"The Summer Day Camps for Children Continue in Different Location of Albania\"}]},{\"@type\":\"WebSite\",\"@id\":\"https:\/\/orthodoxalbania.org\/2020\/#website\",\"url\":\"https:\/\/orthodoxalbania.org\/2020\/\",\"name\":\"Kisha Orthodh\u03bfkse Autoqefale e Shqip\u00ebris\u00eb\",\"description\":\"Fqja Zyrtare e Kish\u00ebs Orthodhokse Autoqefale e Shqip\u00ebris\u00eb me lajmet edhe informacionet zyrtare p\u00ebr struktur\u00ebn edhe veprimtarin e saj.\",\"publisher\":{\"@id\":\"https:\/\/orthodoxalbania.org\/2020\/#organization\"},\"potentialAction\":[{\"@type\":\"SearchAction\",\"target\":{\"@type\":\"EntryPoint\",\"urlTemplate\":\"https:\/\/orthodoxalbania.org\/2020\/?s={search_term_string}\"},\"query-input\":{\"@type\":\"PropertyValueSpecification\",\"valueRequired\":true,\"valueName\":\"search_term_string\"}}],\"inLanguage\":\"en-US\"},{\"@type\":\"Organization\",\"@id\":\"https:\/\/orthodoxalbania.org\/2020\/#organization\",\"name\":\"Kisha Orthodhokse Autoqefale e Shqip\u00ebris\u00eb\",\"url\":\"https:\/\/orthodoxalbania.org\/2020\/\",\"logo\":{\"@type\":\"ImageObject\",\"inLanguage\":\"en-US\",\"@id\":\"https:\/\/orthodoxalbania.org\/2020\/#\/schema\/logo\/image\/\",\"url\":\"https:\/\/orthodoxalbania.org\/2020\/wp-content\/uploads\/2020\/05\/albania.jpeg\",\"contentUrl\":\"https:\/\/orthodoxalbania.org\/2020\/wp-content\/uploads\/2020\/05\/albania.jpeg\",\"width\":540,\"height\":540,\"caption\":\"Kisha Orthodhokse Autoqefale e Shqip\u00ebris\u00eb\"},\"image\":{\"@id\":\"https:\/\/orthodoxalbania.org\/2020\/#\/schema\/logo\/image\/\"},\"sameAs\":[\"https:\/\/www.facebook.com\/koash1991\"]},{\"@type\":\"Person\",\"@id\":\"https:\/\/orthodoxalbania.org\/2020\/#\/schema\/person\/df745f942b70e045b3dc05a30211f0de\",\"name\":\"Kisha Orthodhokse\",\"image\":{\"@type\":\"ImageObject\",\"inLanguage\":\"en-US\",\"@id\":\"https:\/\/secure.gravatar.com\/avatar\/2676eb8d97178435c9f691a7871595a1da6c33542dec218bce40885573150e28?s=96&d=mm&r=g\",\"url\":\"https:\/\/secure.gravatar.com\/avatar\/2676eb8d97178435c9f691a7871595a1da6c33542dec218bce40885573150e28?s=96&d=mm&r=g\",\"contentUrl\":\"https:\/\/secure.gravatar.com\/avatar\/2676eb8d97178435c9f691a7871595a1da6c33542dec218bce40885573150e28?s=96&d=mm&r=g\",\"caption\":\"Kisha Orthodhokse\"}}]}<\/script>\n<!-- \/ Yoast SEO plugin. -->","yoast_head_json":{"title":"The Summer Day Camps for Children Continue in Different Location of Albania - Kisha Orthodh\u03bfkse Autoqefale e Shqip\u00ebris\u00eb","robots":{"index":"index","follow":"follow","max-snippet":"max-snippet:-1","max-image-preview":"max-image-preview:large","max-video-preview":"max-video-preview:-1"},"canonical":"https:\/\/orthodoxalbania.org\/2020\/en\/2014\/08\/27\/the-summer-day-camps-for-children-continue-in-different-location-of-albania\/","og_locale":"en_US","og_type":"article","og_title":"The Summer Day Camps for Children Continue in Different Location of Albania - Kisha Orthodh\u03bfkse Autoqefale e Shqip\u00ebris\u00eb","og_description":"&nbsp;&nbsp;&nbsp; Summer day camps for children are being held in different locations of the country. Children participate 4-5 hours per day in these camps. The program of the camp is very rich and the children learn many important and beautiful things. &nbsp;&nbsp;&nbsp; The students of the Theological Academy, with the blessing of the Bishop of Apolonia, His Eminence Nicholas, and under the supervision of the","og_url":"https:\/\/orthodoxalbania.org\/2020\/en\/2014\/08\/27\/the-summer-day-camps-for-children-continue-in-different-location-of-albania\/","og_site_name":"Kisha Orthodh\u03bfkse Autoqefale e Shqip\u00ebris\u00eb","article_publisher":"https:\/\/www.facebook.com\/koash1991","article_published_time":"2014-08-27T10:14:40+00:00","article_modified_time":"2020-04-12T22:28:09+00:00","og_image":[{"width":150,"height":150,"url":"https:\/\/orthodoxalbania.org\/2020\/wp-content\/uploads\/2020\/04\/9.jpg","type":"image\/jpeg"}],"author":"Kisha Orthodhokse","twitter_card":"summary_large_image","twitter_misc":{"Written by":"Kisha Orthodhokse","Est. reading time":"3 minutes"},"schema":{"@context":"https:\/\/schema.org","@graph":[{"@type":"Article","@id":"https:\/\/orthodoxalbania.org\/2020\/en\/2014\/08\/27\/the-summer-day-camps-for-children-continue-in-different-location-of-albania\/#article","isPartOf":{"@id":"https:\/\/orthodoxalbania.org\/2020\/en\/2014\/08\/27\/the-summer-day-camps-for-children-continue-in-different-location-of-albania\/"},"author":{"name":"Kisha Orthodhokse","@id":"https:\/\/orthodoxalbania.org\/2020\/#\/schema\/person\/df745f942b70e045b3dc05a30211f0de"},"headline":"The Summer Day Camps for Children Continue in Different Location of Albania","datePublished":"2014-08-27T10:14:40+00:00","dateModified":"2020-04-12T22:28:09+00:00","mainEntityOfPage":{"@id":"https:\/\/orthodoxalbania.org\/2020\/en\/2014\/08\/27\/the-summer-day-camps-for-children-continue-in-different-location-of-albania\/"},"wordCount":531,"commentCount":0,"publisher":{"@id":"https:\/\/orthodoxalbania.org\/2020\/#organization"},"image":{"@id":"https:\/\/orthodoxalbania.org\/2020\/en\/2014\/08\/27\/the-summer-day-camps-for-children-continue-in-different-location-of-albania\/#primaryimage"},"thumbnailUrl":"https:\/\/orthodoxalbania.org\/2020\/wp-content\/uploads\/2020\/04\/9.jpg","keywords":["2014","Events"],"articleSection":["News - \u0395\u039d","News old page"],"inLanguage":"en-US"},{"@type":"WebPage","@id":"https:\/\/orthodoxalbania.org\/2020\/en\/2014\/08\/27\/the-summer-day-camps-for-children-continue-in-different-location-of-albania\/","url":"https:\/\/orthodoxalbania.org\/2020\/en\/2014\/08\/27\/the-summer-day-camps-for-children-continue-in-different-location-of-albania\/","name":"The Summer Day Camps for Children Continue in Different Location of Albania - Kisha Orthodh\u03bfkse Autoqefale e Shqip\u00ebris\u00eb","isPartOf":{"@id":"https:\/\/orthodoxalbania.org\/2020\/#website"},"primaryImageOfPage":{"@id":"https:\/\/orthodoxalbania.org\/2020\/en\/2014\/08\/27\/the-summer-day-camps-for-children-continue-in-different-location-of-albania\/#primaryimage"},"image":{"@id":"https:\/\/orthodoxalbania.org\/2020\/en\/2014\/08\/27\/the-summer-day-camps-for-children-continue-in-different-location-of-albania\/#primaryimage"},"thumbnailUrl":"https:\/\/orthodoxalbania.org\/2020\/wp-content\/uploads\/2020\/04\/9.jpg","datePublished":"2014-08-27T10:14:40+00:00","dateModified":"2020-04-12T22:28:09+00:00","breadcrumb":{"@id":"https:\/\/orthodoxalbania.org\/2020\/en\/2014\/08\/27\/the-summer-day-camps-for-children-continue-in-different-location-of-albania\/#breadcrumb"},"inLanguage":"en-US","potentialAction":[{"@type":"ReadAction","target":["https:\/\/orthodoxalbania.org\/2020\/en\/2014\/08\/27\/the-summer-day-camps-for-children-continue-in-different-location-of-albania\/"]}]},{"@type":"ImageObject","inLanguage":"en-US","@id":"https:\/\/orthodoxalbania.org\/2020\/en\/2014\/08\/27\/the-summer-day-camps-for-children-continue-in-different-location-of-albania\/#primaryimage","url":"https:\/\/orthodoxalbania.org\/2020\/wp-content\/uploads\/2020\/04\/9.jpg","contentUrl":"https:\/\/orthodoxalbania.org\/2020\/wp-content\/uploads\/2020\/04\/9.jpg","width":150,"height":150},{"@type":"BreadcrumbList","@id":"https:\/\/orthodoxalbania.org\/2020\/en\/2014\/08\/27\/the-summer-day-camps-for-children-continue-in-different-location-of-albania\/#breadcrumb","itemListElement":[{"@type":"ListItem","position":1,"name":"Home","item":"https:\/\/orthodoxalbania.org\/2020\/"},{"@type":"ListItem","position":2,"name":"The Summer Day Camps for Children Continue in Different Location of Albania"}]},{"@type":"WebSite","@id":"https:\/\/orthodoxalbania.org\/2020\/#website","url":"https:\/\/orthodoxalbania.org\/2020\/","name":"Kisha Orthodh\u03bfkse Autoqefale e Shqip\u00ebris\u00eb","description":"Fqja Zyrtare e Kish\u00ebs Orthodhokse Autoqefale e Shqip\u00ebris\u00eb me lajmet edhe informacionet zyrtare p\u00ebr struktur\u00ebn edhe veprimtarin e saj.","publisher":{"@id":"https:\/\/orthodoxalbania.org\/2020\/#organization"},"potentialAction":[{"@type":"SearchAction","target":{"@type":"EntryPoint","urlTemplate":"https:\/\/orthodoxalbania.org\/2020\/?s={search_term_string}"},"query-input":{"@type":"PropertyValueSpecification","valueRequired":true,"valueName":"search_term_string"}}],"inLanguage":"en-US"},{"@type":"Organization","@id":"https:\/\/orthodoxalbania.org\/2020\/#organization","name":"Kisha Orthodhokse Autoqefale e Shqip\u00ebris\u00eb","url":"https:\/\/orthodoxalbania.org\/2020\/","logo":{"@type":"ImageObject","inLanguage":"en-US","@id":"https:\/\/orthodoxalbania.org\/2020\/#\/schema\/logo\/image\/","url":"https:\/\/orthodoxalbania.org\/2020\/wp-content\/uploads\/2020\/05\/albania.jpeg","contentUrl":"https:\/\/orthodoxalbania.org\/2020\/wp-content\/uploads\/2020\/05\/albania.jpeg","width":540,"height":540,"caption":"Kisha Orthodhokse Autoqefale e Shqip\u00ebris\u00eb"},"image":{"@id":"https:\/\/orthodoxalbania.org\/2020\/#\/schema\/logo\/image\/"},"sameAs":["https:\/\/www.facebook.com\/koash1991"]},{"@type":"Person","@id":"https:\/\/orthodoxalbania.org\/2020\/#\/schema\/person\/df745f942b70e045b3dc05a30211f0de","name":"Kisha Orthodhokse","image":{"@type":"ImageObject","inLanguage":"en-US","@id":"https:\/\/secure.gravatar.com\/avatar\/2676eb8d97178435c9f691a7871595a1da6c33542dec218bce40885573150e28?s=96&d=mm&r=g","url":"https:\/\/secure.gravatar.com\/avatar\/2676eb8d97178435c9f691a7871595a1da6c33542dec218bce40885573150e28?s=96&d=mm&r=g","contentUrl":"https:\/\/secure.gravatar.com\/avatar\/2676eb8d97178435c9f691a7871595a1da6c33542dec218bce40885573150e28?s=96&d=mm&r=g","caption":"Kisha Orthodhokse"}}]}},"_links":{"self":[{"href":"https:\/\/orthodoxalbania.org\/2020\/wp-json\/wp\/v2\/posts\/1433","targetHints":{"allow":["GET"]}}],"collection":[{"href":"https:\/\/orthodoxalbania.org\/2020\/wp-json\/wp\/v2\/posts"}],"about":[{"href":"https:\/\/orthodoxalbania.org\/2020\/wp-json\/wp\/v2\/types\/post"}],"author":[{"embeddable":true,"href":"https:\/\/orthodoxalbania.org\/2020\/wp-json\/wp\/v2\/users\/7"}],"replies":[{"embeddable":true,"href":"https:\/\/orthodoxalbania.org\/2020\/wp-json\/wp\/v2\/comments?post=1433"}],"version-history":[{"count":1,"href":"https:\/\/orthodoxalbania.org\/2020\/wp-json\/wp\/v2\/posts\/1433\/revisions"}],"predecessor-version":[{"id":17467,"href":"https:\/\/orthodoxalbania.org\/2020\/wp-json\/wp\/v2\/posts\/1433\/revisions\/17467"}],"wp:featuredmedia":[{"embeddable":true,"href":"https:\/\/orthodoxalbania.org\/2020\/wp-json\/wp\/v2\/media\/679"}],"wp:attachment":[{"href":"https:\/\/orthodoxalbania.org\/2020\/wp-json\/wp\/v2\/media?parent=1433"}],"wp:term":[{"taxonomy":"category","embeddable":true,"href":"https:\/\/orthodoxalbania.org\/2020\/wp-json\/wp\/v2\/categories?post=1433"},{"taxonomy":"post_tag","embeddable":true,"href":"https:\/\/orthodoxalbania.org\/2020\/wp-json\/wp\/v2\/tags?post=1433"}],"curies":[{"name":"wp","href":"https:\/\/api.w.org\/{rel}","templated":true}]}}