{"id":1424,"date":"2013-03-21T12:19:37","date_gmt":"2013-03-21T12:19:37","guid":{"rendered":""},"modified":"2020-04-13T00:30:57","modified_gmt":"2020-04-12T22:30:57","slug":"the-schools-of-our-church-began-classes-and-the-protagonists-gymnasium-in-tirana-opens-for-the-first-time-pens","status":"publish","type":"post","link":"https:\/\/orthodoxalbania.org\/2020\/en\/2013\/03\/21\/the-schools-of-our-church-began-classes-and-the-protagonists-gymnasium-in-tirana-opens-for-the-first-time-pens\/","title":{"rendered":"The Schools of our Church Began Classes and the &#8220;Protagonists&#8221; Gymnasium in Tirana Opens for the First Time. (10 September 2012)"},"content":{"rendered":"<div style=\"text-align: justify;\"><span style=\"color: #000000;\"><img class=\"lazyload\" decoding=\"async\" style=\"width: 300px; height: 225px; border-width: 1px; border-style: solid; margin: 10px; float: left;\" alt=\"\" src=\"data:image\/gif;base64,R0lGODlhAQABAAAAACH5BAEKAAEALAAAAAABAAEAAAICTAEAOw==\" data-orig-src=\"https:\/\/lh5.googleusercontent.com\/-jmpdRXzBwq0\/UK9HX9vSRrI\/AAAAAAAABK8\/blqQItjPiTw\/s640\/P1010014.JPG\" \/><span style=\"font-family: tahoma,geneva,sans-serif;\"><span style=\"font-size: 12px;\"> &nbsp;&nbsp; The<\/span><\/span> <span style=\"font-family: tahoma,geneva,sans-serif;\"><span style=\"font-size: 12px;\">first day of school began on September 10th with the enthusiasm of the students and the mobilization of the teachers. According to the information that we have received from the directors of these schools, we learned that the staff has worked hard to adapt to a contemporary teaching program, and this year they will also stimulate the students to be more creative in all activities, in order to increase even more the standard and quality of the results. The number of registrations for this year has been satisfactory. The students of our Church schools are equipped with all the necessary books and teaching tools, and have&nbsp; very good conditions, with regulated labs and classrooms with modern parameters.<\/span><\/span><\/span><\/div>\n<div style=\"text-align: justify;\"> <span style=\"color: #000000;\"><span style=\"font-family: tahoma,geneva,sans-serif;\"><span style=\"font-size: 12px;\">&nbsp;&nbsp;&nbsp; In the eighth year of operation, the 9-year Greek-Albanian school &#8220;Spirit of Love&#8221;, near the church of St. George, Durr\u00ebs, has opened for the first time this year an innovative physics and chemistry laboratory, for the purpose of teaching.&nbsp; The Church High School &#8220;Holy Cross&#8221; in Sukth of Durr\u00ebs, has increased the number of computers in the computer lab, and is using special base materials on the subject of chemistry.<\/span><\/span><\/span><\/div>\n<div style=\"text-align: justify;\"> <span style=\"color: #000000;\"><span style=\"font-family: tahoma,geneva,sans-serif;\"><span style=\"font-size: 12px;\">&nbsp;&nbsp;&nbsp; The Professional High School &#8220;Apostle Paul&#8221;, in the village of Mesopotam in Delvina, this year because there were a large influx of immigrants, young people who returned to Albania as a result of the economic crisis in Greece has seen an increase of student that have started studies in this educational institution of our Church.<\/span><\/span><\/span><\/div>\n<div style=\"text-align: justify;\"> <span style=\"color: #000000;\"><span style=\"font-family: tahoma,geneva,sans-serif;\"><span style=\"font-size: 12px;\">&nbsp;&nbsp;&nbsp; Special news comes from the Albanian-American Schools &#8220;Protagonists&#8221; in Tirana, which for the first time opened a high school, extending the number of years of experience of the 9-year school. So far there is a high interest of students to enroll in the first year. Other schools established under the care and comprehensive support of Archbishop Anastasios opened their doors for students with all didactic and professional staff.<\/span><\/span><\/span><\/div>\n<div style=\"text-align: justify;\"> <span style=\"color: #000000;\"><span style=\"font-family: tahoma,geneva,sans-serif;\"><span style=\"font-size: 12px;\">&nbsp;&nbsp;&nbsp; Our Holy Orthodox Church gives great importance to the education of all ages. With the help and funds raised by the Archbishop, throughout the entire country over the years various schools have been opened, worth mentioning are: the 9-year-old and the Albanian-American Lyceum &#8220;Protagonists&#8221;, in Tirana; another 9-year school, Greek-Albanian &#8220;Spirit of Love&#8221;, near the church of St. George in Durr\u00ebs and another in Gjirokastra;, the High Schools of the Church, &#8220;Holy Cross&#8221; in Gjirokastra and in Sukth of Durr\u00ebs; and the professional High School, &#8220;Apostle Paul&#8221;, in the village of Mesopotam in&nbsp; Delvina.<\/span><\/span><\/span><\/div>\n<div style=\"text-align: right;\"> <span style=\"color: #000000;\"><span style=\"font-family: tahoma,geneva,sans-serif;\"><span style=\"font-size: 12px;\"><strong>Isidor Koti<\/strong><\/span><\/span><\/span><\/div>\n<p style=\"text-align: justify;\">&nbsp;<\/p>\n<p><span style=\"color: #000000;\"><img class=\"lazyload\" decoding=\"async\" style=\"width: 600px; height: 450px; border-width: 1px; border-style: solid; margin: 10px; float: left;\" alt=\"\" src=\"data:image\/gif;base64,R0lGODlhAQABAAAAACH5BAEKAAEALAAAAAABAAEAAAICTAEAOw==\" data-orig-src=\"https:\/\/lh6.googleusercontent.com\/-q--3FgNRzZk\/UK9HY26DyTI\/AAAAAAAABLM\/-Z9n9H8d0QQ\/s640\/P1010023.JPG\" \/><\/span><\/p>\n<p> &nbsp;<\/p>\n<p style=\"text-align: justify;\"> &nbsp;<\/p>\n","protected":false},"excerpt":{"rendered":"<p>&nbsp;&nbsp; The first day of school began on September 10th with the enthusiasm of the students and the mobilization of the teachers. According to the information that we have received from the directors of these schools, we learned that the staff has worked hard to adapt to a contemporary teaching program, and this year they will also stimulate the students to be more creative in<\/p>\n","protected":false},"author":7,"featured_media":0,"comment_status":"open","ping_status":"open","sticky":false,"template":"","format":"standard","meta":{"_acf_changed":false,"pagelayer_contact_templates":[],"_pagelayer_content":"","inline_featured_image":false,"fifu_image_url":"","fifu_image_alt":"","footnotes":""},"categories":[1455,311],"tags":[1137,1888],"class_list":["post-1424","post","type-post","status-publish","format-standard","hentry","category-news-en","category-news-d25","tag-2012-en","tag-institucione-parashkollore-te-kishes-orthodhokse-en"],"acf":[],"yoast_head":"<!-- This site is optimized with the Yoast SEO plugin v27.2 - https:\/\/yoast.com\/product\/yoast-seo-wordpress\/ -->\n<title>The Schools of our Church Began Classes and the &quot;Protagonists&quot; Gymnasium in Tirana Opens for the First Time. (10 September 2012) - Kisha Orthodh\u03bfkse Autoqefale e Shqip\u00ebris\u00eb<\/title>\n<meta name=\"robots\" content=\"index, follow, max-snippet:-1, max-image-preview:large, max-video-preview:-1\" \/>\n<link rel=\"canonical\" href=\"https:\/\/orthodoxalbania.org\/2020\/en\/2013\/03\/21\/the-schools-of-our-church-began-classes-and-the-protagonists-gymnasium-in-tirana-opens-for-the-first-time-pens\/\" \/>\n<meta property=\"og:locale\" content=\"en_US\" \/>\n<meta property=\"og:type\" content=\"article\" \/>\n<meta property=\"og:title\" content=\"The Schools of our Church Began Classes and the &quot;Protagonists&quot; Gymnasium in Tirana Opens for the First Time. (10 September 2012) - Kisha Orthodh\u03bfkse Autoqefale e Shqip\u00ebris\u00eb\" \/>\n<meta property=\"og:description\" content=\"&nbsp;&nbsp; The first day of school began on September 10th with the enthusiasm of the students and the mobilization of the teachers. According to the information that we have received from the directors of these schools, we learned that the staff has worked hard to adapt to a contemporary teaching program, and this year they will also stimulate the students to be more creative in\" \/>\n<meta property=\"og:url\" content=\"https:\/\/orthodoxalbania.org\/2020\/en\/2013\/03\/21\/the-schools-of-our-church-began-classes-and-the-protagonists-gymnasium-in-tirana-opens-for-the-first-time-pens\/\" \/>\n<meta property=\"og:site_name\" content=\"Kisha Orthodh\u03bfkse Autoqefale e Shqip\u00ebris\u00eb\" \/>\n<meta property=\"article:publisher\" content=\"https:\/\/www.facebook.com\/koash1991\" \/>\n<meta property=\"article:published_time\" content=\"2013-03-21T12:19:37+00:00\" \/>\n<meta property=\"article:modified_time\" content=\"2020-04-12T22:30:57+00:00\" \/>\n<meta property=\"og:image\" content=\"https:\/\/lh5.googleusercontent.com\/-jmpdRXzBwq0\/UK9HX9vSRrI\/AAAAAAAABK8\/blqQItjPiTw\/s640\/P1010014.JPG\" \/>\n<meta name=\"author\" content=\"Kisha Orthodhokse\" \/>\n<meta name=\"twitter:card\" content=\"summary_large_image\" \/>\n<meta name=\"twitter:label1\" content=\"Written by\" \/>\n\t<meta name=\"twitter:data1\" content=\"Kisha Orthodhokse\" \/>\n\t<meta name=\"twitter:label2\" content=\"Est. reading time\" \/>\n\t<meta name=\"twitter:data2\" content=\"2 minutes\" \/>\n<script type=\"application\/ld+json\" class=\"yoast-schema-graph\">{\"@context\":\"https:\/\/schema.org\",\"@graph\":[{\"@type\":\"Article\",\"@id\":\"https:\/\/orthodoxalbania.org\/2020\/en\/2013\/03\/21\/the-schools-of-our-church-began-classes-and-the-protagonists-gymnasium-in-tirana-opens-for-the-first-time-pens\/#article\",\"isPartOf\":{\"@id\":\"https:\/\/orthodoxalbania.org\/2020\/en\/2013\/03\/21\/the-schools-of-our-church-began-classes-and-the-protagonists-gymnasium-in-tirana-opens-for-the-first-time-pens\/\"},\"author\":{\"name\":\"Kisha Orthodhokse\",\"@id\":\"https:\/\/orthodoxalbania.org\/2020\/#\/schema\/person\/df745f942b70e045b3dc05a30211f0de\"},\"headline\":\"The Schools of our Church Began Classes and the &#8220;Protagonists&#8221; Gymnasium in Tirana Opens for the First Time. (10 September 2012)\",\"datePublished\":\"2013-03-21T12:19:37+00:00\",\"dateModified\":\"2020-04-12T22:30:57+00:00\",\"mainEntityOfPage\":{\"@id\":\"https:\/\/orthodoxalbania.org\/2020\/en\/2013\/03\/21\/the-schools-of-our-church-began-classes-and-the-protagonists-gymnasium-in-tirana-opens-for-the-first-time-pens\/\"},\"wordCount\":450,\"commentCount\":0,\"publisher\":{\"@id\":\"https:\/\/orthodoxalbania.org\/2020\/#organization\"},\"image\":{\"@id\":\"https:\/\/orthodoxalbania.org\/2020\/en\/2013\/03\/21\/the-schools-of-our-church-began-classes-and-the-protagonists-gymnasium-in-tirana-opens-for-the-first-time-pens\/#primaryimage\"},\"thumbnailUrl\":\"https:\/\/lh5.googleusercontent.com\/-jmpdRXzBwq0\/UK9HX9vSRrI\/AAAAAAAABK8\/blqQItjPiTw\/s640\/P1010014.JPG\",\"keywords\":[\"2012\",\"Institucione Parashkollore t\u00eb Kish\u00ebs Orthodhokse\"],\"articleSection\":[\"News - \u0395\u039d\",\"News old page\"],\"inLanguage\":\"en-US\"},{\"@type\":\"WebPage\",\"@id\":\"https:\/\/orthodoxalbania.org\/2020\/en\/2013\/03\/21\/the-schools-of-our-church-began-classes-and-the-protagonists-gymnasium-in-tirana-opens-for-the-first-time-pens\/\",\"url\":\"https:\/\/orthodoxalbania.org\/2020\/en\/2013\/03\/21\/the-schools-of-our-church-began-classes-and-the-protagonists-gymnasium-in-tirana-opens-for-the-first-time-pens\/\",\"name\":\"The Schools of our Church Began Classes and the \\\"Protagonists\\\" Gymnasium in Tirana Opens for the First Time. (10 September 2012) - Kisha Orthodh\u03bfkse Autoqefale e Shqip\u00ebris\u00eb\",\"isPartOf\":{\"@id\":\"https:\/\/orthodoxalbania.org\/2020\/#website\"},\"primaryImageOfPage\":{\"@id\":\"https:\/\/orthodoxalbania.org\/2020\/en\/2013\/03\/21\/the-schools-of-our-church-began-classes-and-the-protagonists-gymnasium-in-tirana-opens-for-the-first-time-pens\/#primaryimage\"},\"image\":{\"@id\":\"https:\/\/orthodoxalbania.org\/2020\/en\/2013\/03\/21\/the-schools-of-our-church-began-classes-and-the-protagonists-gymnasium-in-tirana-opens-for-the-first-time-pens\/#primaryimage\"},\"thumbnailUrl\":\"https:\/\/lh5.googleusercontent.com\/-jmpdRXzBwq0\/UK9HX9vSRrI\/AAAAAAAABK8\/blqQItjPiTw\/s640\/P1010014.JPG\",\"datePublished\":\"2013-03-21T12:19:37+00:00\",\"dateModified\":\"2020-04-12T22:30:57+00:00\",\"breadcrumb\":{\"@id\":\"https:\/\/orthodoxalbania.org\/2020\/en\/2013\/03\/21\/the-schools-of-our-church-began-classes-and-the-protagonists-gymnasium-in-tirana-opens-for-the-first-time-pens\/#breadcrumb\"},\"inLanguage\":\"en-US\",\"potentialAction\":[{\"@type\":\"ReadAction\",\"target\":[\"https:\/\/orthodoxalbania.org\/2020\/en\/2013\/03\/21\/the-schools-of-our-church-began-classes-and-the-protagonists-gymnasium-in-tirana-opens-for-the-first-time-pens\/\"]}]},{\"@type\":\"ImageObject\",\"inLanguage\":\"en-US\",\"@id\":\"https:\/\/orthodoxalbania.org\/2020\/en\/2013\/03\/21\/the-schools-of-our-church-began-classes-and-the-protagonists-gymnasium-in-tirana-opens-for-the-first-time-pens\/#primaryimage\",\"url\":\"https:\/\/lh5.googleusercontent.com\/-jmpdRXzBwq0\/UK9HX9vSRrI\/AAAAAAAABK8\/blqQItjPiTw\/s640\/P1010014.JPG\",\"contentUrl\":\"https:\/\/lh5.googleusercontent.com\/-jmpdRXzBwq0\/UK9HX9vSRrI\/AAAAAAAABK8\/blqQItjPiTw\/s640\/P1010014.JPG\"},{\"@type\":\"BreadcrumbList\",\"@id\":\"https:\/\/orthodoxalbania.org\/2020\/en\/2013\/03\/21\/the-schools-of-our-church-began-classes-and-the-protagonists-gymnasium-in-tirana-opens-for-the-first-time-pens\/#breadcrumb\",\"itemListElement\":[{\"@type\":\"ListItem\",\"position\":1,\"name\":\"Home\",\"item\":\"https:\/\/orthodoxalbania.org\/2020\/\"},{\"@type\":\"ListItem\",\"position\":2,\"name\":\"The Schools of our Church Began Classes and the &#8220;Protagonists&#8221; Gymnasium in Tirana Opens for the First Time. (10 September 2012)\"}]},{\"@type\":\"WebSite\",\"@id\":\"https:\/\/orthodoxalbania.org\/2020\/#website\",\"url\":\"https:\/\/orthodoxalbania.org\/2020\/\",\"name\":\"Kisha Orthodh\u03bfkse Autoqefale e Shqip\u00ebris\u00eb\",\"description\":\"Fqja Zyrtare e Kish\u00ebs Orthodhokse Autoqefale e Shqip\u00ebris\u00eb me lajmet edhe informacionet zyrtare p\u00ebr struktur\u00ebn edhe veprimtarin e saj.\",\"publisher\":{\"@id\":\"https:\/\/orthodoxalbania.org\/2020\/#organization\"},\"potentialAction\":[{\"@type\":\"SearchAction\",\"target\":{\"@type\":\"EntryPoint\",\"urlTemplate\":\"https:\/\/orthodoxalbania.org\/2020\/?s={search_term_string}\"},\"query-input\":{\"@type\":\"PropertyValueSpecification\",\"valueRequired\":true,\"valueName\":\"search_term_string\"}}],\"inLanguage\":\"en-US\"},{\"@type\":\"Organization\",\"@id\":\"https:\/\/orthodoxalbania.org\/2020\/#organization\",\"name\":\"Kisha Orthodhokse Autoqefale e Shqip\u00ebris\u00eb\",\"url\":\"https:\/\/orthodoxalbania.org\/2020\/\",\"logo\":{\"@type\":\"ImageObject\",\"inLanguage\":\"en-US\",\"@id\":\"https:\/\/orthodoxalbania.org\/2020\/#\/schema\/logo\/image\/\",\"url\":\"https:\/\/orthodoxalbania.org\/2020\/wp-content\/uploads\/2020\/05\/albania.jpeg\",\"contentUrl\":\"https:\/\/orthodoxalbania.org\/2020\/wp-content\/uploads\/2020\/05\/albania.jpeg\",\"width\":540,\"height\":540,\"caption\":\"Kisha Orthodhokse Autoqefale e Shqip\u00ebris\u00eb\"},\"image\":{\"@id\":\"https:\/\/orthodoxalbania.org\/2020\/#\/schema\/logo\/image\/\"},\"sameAs\":[\"https:\/\/www.facebook.com\/koash1991\"]},{\"@type\":\"Person\",\"@id\":\"https:\/\/orthodoxalbania.org\/2020\/#\/schema\/person\/df745f942b70e045b3dc05a30211f0de\",\"name\":\"Kisha Orthodhokse\",\"image\":{\"@type\":\"ImageObject\",\"inLanguage\":\"en-US\",\"@id\":\"https:\/\/secure.gravatar.com\/avatar\/2676eb8d97178435c9f691a7871595a1da6c33542dec218bce40885573150e28?s=96&d=mm&r=g\",\"url\":\"https:\/\/secure.gravatar.com\/avatar\/2676eb8d97178435c9f691a7871595a1da6c33542dec218bce40885573150e28?s=96&d=mm&r=g\",\"contentUrl\":\"https:\/\/secure.gravatar.com\/avatar\/2676eb8d97178435c9f691a7871595a1da6c33542dec218bce40885573150e28?s=96&d=mm&r=g\",\"caption\":\"Kisha Orthodhokse\"}}]}<\/script>\n<!-- \/ Yoast SEO plugin. -->","yoast_head_json":{"title":"The Schools of our Church Began Classes and the \"Protagonists\" Gymnasium in Tirana Opens for the First Time. (10 September 2012) - Kisha Orthodh\u03bfkse Autoqefale e Shqip\u00ebris\u00eb","robots":{"index":"index","follow":"follow","max-snippet":"max-snippet:-1","max-image-preview":"max-image-preview:large","max-video-preview":"max-video-preview:-1"},"canonical":"https:\/\/orthodoxalbania.org\/2020\/en\/2013\/03\/21\/the-schools-of-our-church-began-classes-and-the-protagonists-gymnasium-in-tirana-opens-for-the-first-time-pens\/","og_locale":"en_US","og_type":"article","og_title":"The Schools of our Church Began Classes and the \"Protagonists\" Gymnasium in Tirana Opens for the First Time. (10 September 2012) - Kisha Orthodh\u03bfkse Autoqefale e Shqip\u00ebris\u00eb","og_description":"&nbsp;&nbsp; The first day of school began on September 10th with the enthusiasm of the students and the mobilization of the teachers. According to the information that we have received from the directors of these schools, we learned that the staff has worked hard to adapt to a contemporary teaching program, and this year they will also stimulate the students to be more creative in","og_url":"https:\/\/orthodoxalbania.org\/2020\/en\/2013\/03\/21\/the-schools-of-our-church-began-classes-and-the-protagonists-gymnasium-in-tirana-opens-for-the-first-time-pens\/","og_site_name":"Kisha Orthodh\u03bfkse Autoqefale e Shqip\u00ebris\u00eb","article_publisher":"https:\/\/www.facebook.com\/koash1991","article_published_time":"2013-03-21T12:19:37+00:00","article_modified_time":"2020-04-12T22:30:57+00:00","og_image":[{"url":"https:\/\/lh5.googleusercontent.com\/-jmpdRXzBwq0\/UK9HX9vSRrI\/AAAAAAAABK8\/blqQItjPiTw\/s640\/P1010014.JPG","type":"","width":"","height":""}],"author":"Kisha Orthodhokse","twitter_card":"summary_large_image","twitter_misc":{"Written by":"Kisha Orthodhokse","Est. reading time":"2 minutes"},"schema":{"@context":"https:\/\/schema.org","@graph":[{"@type":"Article","@id":"https:\/\/orthodoxalbania.org\/2020\/en\/2013\/03\/21\/the-schools-of-our-church-began-classes-and-the-protagonists-gymnasium-in-tirana-opens-for-the-first-time-pens\/#article","isPartOf":{"@id":"https:\/\/orthodoxalbania.org\/2020\/en\/2013\/03\/21\/the-schools-of-our-church-began-classes-and-the-protagonists-gymnasium-in-tirana-opens-for-the-first-time-pens\/"},"author":{"name":"Kisha Orthodhokse","@id":"https:\/\/orthodoxalbania.org\/2020\/#\/schema\/person\/df745f942b70e045b3dc05a30211f0de"},"headline":"The Schools of our Church Began Classes and the &#8220;Protagonists&#8221; Gymnasium in Tirana Opens for the First Time. (10 September 2012)","datePublished":"2013-03-21T12:19:37+00:00","dateModified":"2020-04-12T22:30:57+00:00","mainEntityOfPage":{"@id":"https:\/\/orthodoxalbania.org\/2020\/en\/2013\/03\/21\/the-schools-of-our-church-began-classes-and-the-protagonists-gymnasium-in-tirana-opens-for-the-first-time-pens\/"},"wordCount":450,"commentCount":0,"publisher":{"@id":"https:\/\/orthodoxalbania.org\/2020\/#organization"},"image":{"@id":"https:\/\/orthodoxalbania.org\/2020\/en\/2013\/03\/21\/the-schools-of-our-church-began-classes-and-the-protagonists-gymnasium-in-tirana-opens-for-the-first-time-pens\/#primaryimage"},"thumbnailUrl":"https:\/\/lh5.googleusercontent.com\/-jmpdRXzBwq0\/UK9HX9vSRrI\/AAAAAAAABK8\/blqQItjPiTw\/s640\/P1010014.JPG","keywords":["2012","Institucione Parashkollore t\u00eb Kish\u00ebs Orthodhokse"],"articleSection":["News - \u0395\u039d","News old page"],"inLanguage":"en-US"},{"@type":"WebPage","@id":"https:\/\/orthodoxalbania.org\/2020\/en\/2013\/03\/21\/the-schools-of-our-church-began-classes-and-the-protagonists-gymnasium-in-tirana-opens-for-the-first-time-pens\/","url":"https:\/\/orthodoxalbania.org\/2020\/en\/2013\/03\/21\/the-schools-of-our-church-began-classes-and-the-protagonists-gymnasium-in-tirana-opens-for-the-first-time-pens\/","name":"The Schools of our Church Began Classes and the \"Protagonists\" Gymnasium in Tirana Opens for the First Time. (10 September 2012) - Kisha Orthodh\u03bfkse Autoqefale e Shqip\u00ebris\u00eb","isPartOf":{"@id":"https:\/\/orthodoxalbania.org\/2020\/#website"},"primaryImageOfPage":{"@id":"https:\/\/orthodoxalbania.org\/2020\/en\/2013\/03\/21\/the-schools-of-our-church-began-classes-and-the-protagonists-gymnasium-in-tirana-opens-for-the-first-time-pens\/#primaryimage"},"image":{"@id":"https:\/\/orthodoxalbania.org\/2020\/en\/2013\/03\/21\/the-schools-of-our-church-began-classes-and-the-protagonists-gymnasium-in-tirana-opens-for-the-first-time-pens\/#primaryimage"},"thumbnailUrl":"https:\/\/lh5.googleusercontent.com\/-jmpdRXzBwq0\/UK9HX9vSRrI\/AAAAAAAABK8\/blqQItjPiTw\/s640\/P1010014.JPG","datePublished":"2013-03-21T12:19:37+00:00","dateModified":"2020-04-12T22:30:57+00:00","breadcrumb":{"@id":"https:\/\/orthodoxalbania.org\/2020\/en\/2013\/03\/21\/the-schools-of-our-church-began-classes-and-the-protagonists-gymnasium-in-tirana-opens-for-the-first-time-pens\/#breadcrumb"},"inLanguage":"en-US","potentialAction":[{"@type":"ReadAction","target":["https:\/\/orthodoxalbania.org\/2020\/en\/2013\/03\/21\/the-schools-of-our-church-began-classes-and-the-protagonists-gymnasium-in-tirana-opens-for-the-first-time-pens\/"]}]},{"@type":"ImageObject","inLanguage":"en-US","@id":"https:\/\/orthodoxalbania.org\/2020\/en\/2013\/03\/21\/the-schools-of-our-church-began-classes-and-the-protagonists-gymnasium-in-tirana-opens-for-the-first-time-pens\/#primaryimage","url":"https:\/\/lh5.googleusercontent.com\/-jmpdRXzBwq0\/UK9HX9vSRrI\/AAAAAAAABK8\/blqQItjPiTw\/s640\/P1010014.JPG","contentUrl":"https:\/\/lh5.googleusercontent.com\/-jmpdRXzBwq0\/UK9HX9vSRrI\/AAAAAAAABK8\/blqQItjPiTw\/s640\/P1010014.JPG"},{"@type":"BreadcrumbList","@id":"https:\/\/orthodoxalbania.org\/2020\/en\/2013\/03\/21\/the-schools-of-our-church-began-classes-and-the-protagonists-gymnasium-in-tirana-opens-for-the-first-time-pens\/#breadcrumb","itemListElement":[{"@type":"ListItem","position":1,"name":"Home","item":"https:\/\/orthodoxalbania.org\/2020\/"},{"@type":"ListItem","position":2,"name":"The Schools of our Church Began Classes and the &#8220;Protagonists&#8221; Gymnasium in Tirana Opens for the First Time. (10 September 2012)"}]},{"@type":"WebSite","@id":"https:\/\/orthodoxalbania.org\/2020\/#website","url":"https:\/\/orthodoxalbania.org\/2020\/","name":"Kisha Orthodh\u03bfkse Autoqefale e Shqip\u00ebris\u00eb","description":"Fqja Zyrtare e Kish\u00ebs Orthodhokse Autoqefale e Shqip\u00ebris\u00eb me lajmet edhe informacionet zyrtare p\u00ebr struktur\u00ebn edhe veprimtarin e saj.","publisher":{"@id":"https:\/\/orthodoxalbania.org\/2020\/#organization"},"potentialAction":[{"@type":"SearchAction","target":{"@type":"EntryPoint","urlTemplate":"https:\/\/orthodoxalbania.org\/2020\/?s={search_term_string}"},"query-input":{"@type":"PropertyValueSpecification","valueRequired":true,"valueName":"search_term_string"}}],"inLanguage":"en-US"},{"@type":"Organization","@id":"https:\/\/orthodoxalbania.org\/2020\/#organization","name":"Kisha Orthodhokse Autoqefale e Shqip\u00ebris\u00eb","url":"https:\/\/orthodoxalbania.org\/2020\/","logo":{"@type":"ImageObject","inLanguage":"en-US","@id":"https:\/\/orthodoxalbania.org\/2020\/#\/schema\/logo\/image\/","url":"https:\/\/orthodoxalbania.org\/2020\/wp-content\/uploads\/2020\/05\/albania.jpeg","contentUrl":"https:\/\/orthodoxalbania.org\/2020\/wp-content\/uploads\/2020\/05\/albania.jpeg","width":540,"height":540,"caption":"Kisha Orthodhokse Autoqefale e Shqip\u00ebris\u00eb"},"image":{"@id":"https:\/\/orthodoxalbania.org\/2020\/#\/schema\/logo\/image\/"},"sameAs":["https:\/\/www.facebook.com\/koash1991"]},{"@type":"Person","@id":"https:\/\/orthodoxalbania.org\/2020\/#\/schema\/person\/df745f942b70e045b3dc05a30211f0de","name":"Kisha Orthodhokse","image":{"@type":"ImageObject","inLanguage":"en-US","@id":"https:\/\/secure.gravatar.com\/avatar\/2676eb8d97178435c9f691a7871595a1da6c33542dec218bce40885573150e28?s=96&d=mm&r=g","url":"https:\/\/secure.gravatar.com\/avatar\/2676eb8d97178435c9f691a7871595a1da6c33542dec218bce40885573150e28?s=96&d=mm&r=g","contentUrl":"https:\/\/secure.gravatar.com\/avatar\/2676eb8d97178435c9f691a7871595a1da6c33542dec218bce40885573150e28?s=96&d=mm&r=g","caption":"Kisha Orthodhokse"}}]}},"_links":{"self":[{"href":"https:\/\/orthodoxalbania.org\/2020\/wp-json\/wp\/v2\/posts\/1424","targetHints":{"allow":["GET"]}}],"collection":[{"href":"https:\/\/orthodoxalbania.org\/2020\/wp-json\/wp\/v2\/posts"}],"about":[{"href":"https:\/\/orthodoxalbania.org\/2020\/wp-json\/wp\/v2\/types\/post"}],"author":[{"embeddable":true,"href":"https:\/\/orthodoxalbania.org\/2020\/wp-json\/wp\/v2\/users\/7"}],"replies":[{"embeddable":true,"href":"https:\/\/orthodoxalbania.org\/2020\/wp-json\/wp\/v2\/comments?post=1424"}],"version-history":[{"count":1,"href":"https:\/\/orthodoxalbania.org\/2020\/wp-json\/wp\/v2\/posts\/1424\/revisions"}],"predecessor-version":[{"id":17720,"href":"https:\/\/orthodoxalbania.org\/2020\/wp-json\/wp\/v2\/posts\/1424\/revisions\/17720"}],"wp:attachment":[{"href":"https:\/\/orthodoxalbania.org\/2020\/wp-json\/wp\/v2\/media?parent=1424"}],"wp:term":[{"taxonomy":"category","embeddable":true,"href":"https:\/\/orthodoxalbania.org\/2020\/wp-json\/wp\/v2\/categories?post=1424"},{"taxonomy":"post_tag","embeddable":true,"href":"https:\/\/orthodoxalbania.org\/2020\/wp-json\/wp\/v2\/tags?post=1424"}],"curies":[{"name":"wp","href":"https:\/\/api.w.org\/{rel}","templated":true}]}}