{"id":1421,"date":"2013-03-21T09:38:49","date_gmt":"2013-03-21T09:38:49","guid":{"rendered":""},"modified":"2020-04-13T00:31:05","modified_gmt":"2020-04-12T22:31:05","slug":"the-resurrection-of-christ-theological-academy-graduation-ceremony-june-2011","status":"publish","type":"post","link":"https:\/\/orthodoxalbania.org\/2020\/en\/2013\/03\/21\/the-resurrection-of-christ-theological-academy-graduation-ceremony-june-2011\/","title":{"rendered":"The Resurrection of Christ Theological Academy Graduation Ceremony. (June 2011)"},"content":{"rendered":"<div style=\"text-align: justify;\"><span style=\"color: #000000;\"><span style=\"font-family: tahoma,geneva,sans-serif;\"><span style=\"font-size: 12px;\"><img decoding=\"async\" class=\"lazyload HAa Eha\" style=\"height: 224px; width: 400px; border-width: 1px; border-style: solid; margin: 10px; float: left;\" alt=\"\" src=\"data:image\/gif;base64,R0lGODlhAQABAAAAACH5BAEKAAEALAAAAAABAAEAAAICTAEAOw==\" data-orig-src=\"https:\/\/lh4.googleusercontent.com\/-Z-HDRWTNmwU\/VAGQWk2UoCI\/AAAAAAAACa0\/w0iTdEEkT1g\/w640-h359-no\/1%2Bne%2Btekst.JPG\" \/>&nbsp;&nbsp;&nbsp; On June 13th, the feast day of the Holy Spirit, the Resurrection of Christ Theological Academy in the village of St. Vlash, Durres, held a graduation ceremony for its 4th year students. His Beatitude, Archbishop Anastasios, participated in the celebration as well as members of the Holy Synod, including Metropolitan Ignati of Berat, Metropolitan John of Korca, Bishop Nikola vice dean of the academy, as well as clergy from all over Albania.&nbsp; Also in attendance were students, families, professors and other guests.<\/span><\/span><\/span><\/div>\n<div style=\"text-align: justify;\"> <span style=\"color: #000000;\"><span style=\"font-family: tahoma,geneva,sans-serif;\"><span style=\"font-size: 12px;\">&nbsp;&nbsp;&nbsp;&nbsp;The opening speech was given by Bishop Nikola, who emphasized the importance of sacrifice.&nbsp; He said, \u201cSacrifice is necessary when we are laboring in God\u2019s vineyard. In the Church, we do not view this as work, but rather service.\u201d After that, the academy choir sang a number of pieces. Then, a student gave a speech on the importance of having the Holy Spirit in one\u2019s life. After, the academy\u2019s top student reflected on the blessings she had received during her four years at the school and her readiness to contribute to God\u2019s vineyard. <\/span><\/span><\/span><\/div>\n<div style=\"text-align: justify;\">&nbsp;<\/div>\n<div style=\"text-align: justify;\"><span style=\"color: #000000;\"><span style=\"font-family: tahoma,geneva,sans-serif;\"><span style=\"font-size: 12px;\"><img decoding=\"async\" class=\"lazyload HAa Eha\" style=\"height: 209px; width: 184px; border-width: 1px; border-style: solid; margin: 10px; float: right;\" alt=\"\" src=\"data:image\/gif;base64,R0lGODlhAQABAAAAACH5BAEKAAEALAAAAAABAAEAAAICTAEAOw==\" data-orig-src=\"https:\/\/lh5.googleusercontent.com\/-1Cb_Vre_y4g\/VAGQW9tJedI\/AAAAAAAACbE\/vNr2icXWNOA\/w704-h799-no\/2%2Bne%2Btekst.JPG\" \/>&nbsp;&nbsp;&nbsp; Archbishop Anastasios gave an inspirational message to the graduating students and all present. \u201cI want to thank God because the Holy Spirit, even during very difficult times, has continued to lead our church on blessed roads, with the sacrifice of many people, known and unknown. There were many people outside the faith, but the Holy Spirit has brought and directed them to the church.&nbsp; There are thousands of young people that want to know the truth; you students have to become carriers of the Holy Spirit to continue the mission. The needs in Albania are enormous. The Albanian church is not small. We are thousands, and we should be burning candles, not extinguished ones. Try to be united; only in that way&nbsp; is the Holy Spirit more within reach and more noticeable in our lives. We should not keep the blessings of God only for ourselves but to share with others and to give them more love.\u201d<\/span><\/span><\/span><\/div>\n<div style=\"text-align: justify;\"> <span style=\"color: #000000;\"><span style=\"font-family: tahoma,geneva,sans-serif;\"><span style=\"font-size: 12px;\">&nbsp;&nbsp;&nbsp;&nbsp;Finally, the diplomas were distributed to the students and a luncheon was served.<\/span><\/span><\/span><\/div>\n<div style=\"text-align: justify;\">&nbsp;<\/div>\n<div style=\"text-align: justify;\">&nbsp;&nbsp;<\/div>\n<div style=\"text-align: center;\">\n<div style=\"text-align: right;\"><span style=\"color: #000000;\"><span style=\"font-family: tahoma,geneva,sans-serif;\"><span style=\"font-size: 12px;\"><strong>Isidor Koti<\/strong><\/span><\/span><\/span><\/div>\n<div style=\"text-align: right;\"> <span style=\"color: #000000;\"><span style=\"font-family: tahoma,geneva,sans-serif;\"><span style=\"font-size: 12px;\">Translated by <strong>Kristiana Panariti<\/strong><\/span><\/span><\/span><\/div>\n<p style=\"text-align: right;\">&nbsp;&nbsp;&nbsp;<\/p>\n<div><span style=\"color: #000000;\"><span style=\"font-family: tahoma,geneva,sans-serif;\"><span style=\"font-size: 12px;\"><img decoding=\"async\" class=\"lazyload HAa Eha\" style=\"height: 171px; width: 300px; margin: 10px auto; display: block; border: 1px solid;\" alt=\"\" src=\"data:image\/svg+xml,%3Csvg%20xmlns%3D%27http%3A%2F%2Fwww.w3.org%2F2000%2Fsvg%27%20width%3D%27300%27%20height%3D%27171%27%20viewBox%3D%270%200%20300%20171%27%3E%3Crect%20width%3D%27300%27%20height%3D%27171%27%20fill-opacity%3D%220%22%2F%3E%3C%2Fsvg%3E\" data-orig-src=\"https:\/\/lh5.googleusercontent.com\/-xyxtWQsJ7SY\/VAGQW6XkY8I\/AAAAAAAACbA\/4yDbGblq_EI\/w640-h364-no\/3.JPG\" height=\"171px\" width=\"300px\" \/><\/span><\/span><\/span><\/div>\n<div><span style=\"color: #000000;\"><span style=\"font-family: tahoma,geneva,sans-serif;\"><span style=\"font-size: 12px;\"><img decoding=\"async\" class=\"lazyload HAa Eha\" style=\"height: 168px; width: 300px; margin: 10px auto; display: block; border: 1px solid;\" alt=\"\" src=\"data:image\/svg+xml,%3Csvg%20xmlns%3D%27http%3A%2F%2Fwww.w3.org%2F2000%2Fsvg%27%20width%3D%27300%27%20height%3D%27168%27%20viewBox%3D%270%200%20300%20168%27%3E%3Crect%20width%3D%27300%27%20height%3D%27168%27%20fill-opacity%3D%220%22%2F%3E%3C%2Fsvg%3E\" data-orig-src=\"https:\/\/lh5.googleusercontent.com\/-o4lPb6P0a-k\/VAGQXmpTXTI\/AAAAAAAACbI\/3K_4UXFoaAk\/w640-h359-no\/4.JPG\" height=\"168px\" width=\"300px\" \/><\/span><\/span><\/span><\/div>\n<\/div>\n<p>&nbsp;<\/p>\n","protected":false},"excerpt":{"rendered":"<p>&nbsp;&nbsp;&nbsp; On June 13th, the feast day of the Holy Spirit, the Resurrection of Christ Theological Academy in the village of St. Vlash, Durres, held a graduation ceremony for its 4th year students. His Beatitude, Archbishop Anastasios, participated in the celebration as well as members of the Holy Synod, including Metropolitan Ignati of Berat, Metropolitan John of Korca, Bishop Nikola vice dean of the academy,<\/p>\n","protected":false},"author":7,"featured_media":0,"comment_status":"open","ping_status":"open","sticky":false,"template":"","format":"standard","meta":{"_acf_changed":false,"pagelayer_contact_templates":[],"_pagelayer_content":"","inline_featured_image":false,"fifu_image_url":"","fifu_image_alt":"","footnotes":""},"categories":[1455,311],"tags":[1133,1249,1768,1181],"class_list":["post-1421","post","type-post","status-publish","format-standard","hentry","category-news-en","category-news-d25","tag-2011-en","tag-graduations","tag-kryepiskopi-anastas-en","tag-theological-academy"],"acf":[],"yoast_head":"<!-- This site is optimized with the Yoast SEO plugin v27.2 - https:\/\/yoast.com\/product\/yoast-seo-wordpress\/ -->\n<title>The Resurrection of Christ Theological Academy Graduation Ceremony. (June 2011) - Kisha Orthodh\u03bfkse Autoqefale e Shqip\u00ebris\u00eb<\/title>\n<meta name=\"robots\" content=\"index, follow, max-snippet:-1, max-image-preview:large, max-video-preview:-1\" \/>\n<link rel=\"canonical\" href=\"https:\/\/orthodoxalbania.org\/2020\/en\/2013\/03\/21\/the-resurrection-of-christ-theological-academy-graduation-ceremony-june-2011\/\" \/>\n<meta property=\"og:locale\" content=\"en_US\" \/>\n<meta property=\"og:type\" content=\"article\" \/>\n<meta property=\"og:title\" content=\"The Resurrection of Christ Theological Academy Graduation Ceremony. (June 2011) - Kisha Orthodh\u03bfkse Autoqefale e Shqip\u00ebris\u00eb\" \/>\n<meta property=\"og:description\" content=\"&nbsp;&nbsp;&nbsp; On June 13th, the feast day of the Holy Spirit, the Resurrection of Christ Theological Academy in the village of St. Vlash, Durres, held a graduation ceremony for its 4th year students. His Beatitude, Archbishop Anastasios, participated in the celebration as well as members of the Holy Synod, including Metropolitan Ignati of Berat, Metropolitan John of Korca, Bishop Nikola vice dean of the academy,\" \/>\n<meta property=\"og:url\" content=\"https:\/\/orthodoxalbania.org\/2020\/en\/2013\/03\/21\/the-resurrection-of-christ-theological-academy-graduation-ceremony-june-2011\/\" \/>\n<meta property=\"og:site_name\" content=\"Kisha Orthodh\u03bfkse Autoqefale e Shqip\u00ebris\u00eb\" \/>\n<meta property=\"article:publisher\" content=\"https:\/\/www.facebook.com\/koash1991\" \/>\n<meta property=\"article:published_time\" content=\"2013-03-21T09:38:49+00:00\" \/>\n<meta property=\"article:modified_time\" content=\"2020-04-12T22:31:05+00:00\" \/>\n<meta property=\"og:image\" content=\"https:\/\/lh4.googleusercontent.com\/-Z-HDRWTNmwU\/VAGQWk2UoCI\/AAAAAAAACa0\/w0iTdEEkT1g\/w640-h359-no\/1%2Bne%2Btekst.JPG\" \/>\n<meta name=\"author\" content=\"Kisha Orthodhokse\" \/>\n<meta name=\"twitter:card\" content=\"summary_large_image\" \/>\n<meta name=\"twitter:label1\" content=\"Written by\" \/>\n\t<meta name=\"twitter:data1\" content=\"Kisha Orthodhokse\" \/>\n\t<meta name=\"twitter:label2\" content=\"Est. reading time\" \/>\n\t<meta name=\"twitter:data2\" content=\"2 minutes\" \/>\n<script type=\"application\/ld+json\" class=\"yoast-schema-graph\">{\"@context\":\"https:\/\/schema.org\",\"@graph\":[{\"@type\":\"Article\",\"@id\":\"https:\/\/orthodoxalbania.org\/2020\/en\/2013\/03\/21\/the-resurrection-of-christ-theological-academy-graduation-ceremony-june-2011\/#article\",\"isPartOf\":{\"@id\":\"https:\/\/orthodoxalbania.org\/2020\/en\/2013\/03\/21\/the-resurrection-of-christ-theological-academy-graduation-ceremony-june-2011\/\"},\"author\":{\"name\":\"Kisha Orthodhokse\",\"@id\":\"https:\/\/orthodoxalbania.org\/2020\/#\/schema\/person\/df745f942b70e045b3dc05a30211f0de\"},\"headline\":\"The Resurrection of Christ Theological Academy Graduation Ceremony. (June 2011)\",\"datePublished\":\"2013-03-21T09:38:49+00:00\",\"dateModified\":\"2020-04-12T22:31:05+00:00\",\"mainEntityOfPage\":{\"@id\":\"https:\/\/orthodoxalbania.org\/2020\/en\/2013\/03\/21\/the-resurrection-of-christ-theological-academy-graduation-ceremony-june-2011\/\"},\"wordCount\":390,\"commentCount\":0,\"publisher\":{\"@id\":\"https:\/\/orthodoxalbania.org\/2020\/#organization\"},\"image\":{\"@id\":\"https:\/\/orthodoxalbania.org\/2020\/en\/2013\/03\/21\/the-resurrection-of-christ-theological-academy-graduation-ceremony-june-2011\/#primaryimage\"},\"thumbnailUrl\":\"https:\/\/lh4.googleusercontent.com\/-Z-HDRWTNmwU\/VAGQWk2UoCI\/AAAAAAAACa0\/w0iTdEEkT1g\/w640-h359-no\/1%2Bne%2Btekst.JPG\",\"keywords\":[\"2011\",\"Graduations\",\"Kryepiskopi Anastas\",\"Theological Academy\"],\"articleSection\":[\"News - \u0395\u039d\",\"News old page\"],\"inLanguage\":\"en-US\"},{\"@type\":\"WebPage\",\"@id\":\"https:\/\/orthodoxalbania.org\/2020\/en\/2013\/03\/21\/the-resurrection-of-christ-theological-academy-graduation-ceremony-june-2011\/\",\"url\":\"https:\/\/orthodoxalbania.org\/2020\/en\/2013\/03\/21\/the-resurrection-of-christ-theological-academy-graduation-ceremony-june-2011\/\",\"name\":\"The Resurrection of Christ Theological Academy Graduation Ceremony. (June 2011) - Kisha Orthodh\u03bfkse Autoqefale e Shqip\u00ebris\u00eb\",\"isPartOf\":{\"@id\":\"https:\/\/orthodoxalbania.org\/2020\/#website\"},\"primaryImageOfPage\":{\"@id\":\"https:\/\/orthodoxalbania.org\/2020\/en\/2013\/03\/21\/the-resurrection-of-christ-theological-academy-graduation-ceremony-june-2011\/#primaryimage\"},\"image\":{\"@id\":\"https:\/\/orthodoxalbania.org\/2020\/en\/2013\/03\/21\/the-resurrection-of-christ-theological-academy-graduation-ceremony-june-2011\/#primaryimage\"},\"thumbnailUrl\":\"https:\/\/lh4.googleusercontent.com\/-Z-HDRWTNmwU\/VAGQWk2UoCI\/AAAAAAAACa0\/w0iTdEEkT1g\/w640-h359-no\/1%2Bne%2Btekst.JPG\",\"datePublished\":\"2013-03-21T09:38:49+00:00\",\"dateModified\":\"2020-04-12T22:31:05+00:00\",\"breadcrumb\":{\"@id\":\"https:\/\/orthodoxalbania.org\/2020\/en\/2013\/03\/21\/the-resurrection-of-christ-theological-academy-graduation-ceremony-june-2011\/#breadcrumb\"},\"inLanguage\":\"en-US\",\"potentialAction\":[{\"@type\":\"ReadAction\",\"target\":[\"https:\/\/orthodoxalbania.org\/2020\/en\/2013\/03\/21\/the-resurrection-of-christ-theological-academy-graduation-ceremony-june-2011\/\"]}]},{\"@type\":\"ImageObject\",\"inLanguage\":\"en-US\",\"@id\":\"https:\/\/orthodoxalbania.org\/2020\/en\/2013\/03\/21\/the-resurrection-of-christ-theological-academy-graduation-ceremony-june-2011\/#primaryimage\",\"url\":\"https:\/\/lh4.googleusercontent.com\/-Z-HDRWTNmwU\/VAGQWk2UoCI\/AAAAAAAACa0\/w0iTdEEkT1g\/w640-h359-no\/1%2Bne%2Btekst.JPG\",\"contentUrl\":\"https:\/\/lh4.googleusercontent.com\/-Z-HDRWTNmwU\/VAGQWk2UoCI\/AAAAAAAACa0\/w0iTdEEkT1g\/w640-h359-no\/1%2Bne%2Btekst.JPG\"},{\"@type\":\"BreadcrumbList\",\"@id\":\"https:\/\/orthodoxalbania.org\/2020\/en\/2013\/03\/21\/the-resurrection-of-christ-theological-academy-graduation-ceremony-june-2011\/#breadcrumb\",\"itemListElement\":[{\"@type\":\"ListItem\",\"position\":1,\"name\":\"Home\",\"item\":\"https:\/\/orthodoxalbania.org\/2020\/\"},{\"@type\":\"ListItem\",\"position\":2,\"name\":\"The Resurrection of Christ Theological Academy Graduation Ceremony. (June 2011)\"}]},{\"@type\":\"WebSite\",\"@id\":\"https:\/\/orthodoxalbania.org\/2020\/#website\",\"url\":\"https:\/\/orthodoxalbania.org\/2020\/\",\"name\":\"Kisha Orthodh\u03bfkse Autoqefale e Shqip\u00ebris\u00eb\",\"description\":\"Fqja Zyrtare e Kish\u00ebs Orthodhokse Autoqefale e Shqip\u00ebris\u00eb me lajmet edhe informacionet zyrtare p\u00ebr struktur\u00ebn edhe veprimtarin e saj.\",\"publisher\":{\"@id\":\"https:\/\/orthodoxalbania.org\/2020\/#organization\"},\"potentialAction\":[{\"@type\":\"SearchAction\",\"target\":{\"@type\":\"EntryPoint\",\"urlTemplate\":\"https:\/\/orthodoxalbania.org\/2020\/?s={search_term_string}\"},\"query-input\":{\"@type\":\"PropertyValueSpecification\",\"valueRequired\":true,\"valueName\":\"search_term_string\"}}],\"inLanguage\":\"en-US\"},{\"@type\":\"Organization\",\"@id\":\"https:\/\/orthodoxalbania.org\/2020\/#organization\",\"name\":\"Kisha Orthodhokse Autoqefale e Shqip\u00ebris\u00eb\",\"url\":\"https:\/\/orthodoxalbania.org\/2020\/\",\"logo\":{\"@type\":\"ImageObject\",\"inLanguage\":\"en-US\",\"@id\":\"https:\/\/orthodoxalbania.org\/2020\/#\/schema\/logo\/image\/\",\"url\":\"https:\/\/orthodoxalbania.org\/2020\/wp-content\/uploads\/2020\/05\/albania.jpeg\",\"contentUrl\":\"https:\/\/orthodoxalbania.org\/2020\/wp-content\/uploads\/2020\/05\/albania.jpeg\",\"width\":540,\"height\":540,\"caption\":\"Kisha Orthodhokse Autoqefale e Shqip\u00ebris\u00eb\"},\"image\":{\"@id\":\"https:\/\/orthodoxalbania.org\/2020\/#\/schema\/logo\/image\/\"},\"sameAs\":[\"https:\/\/www.facebook.com\/koash1991\"]},{\"@type\":\"Person\",\"@id\":\"https:\/\/orthodoxalbania.org\/2020\/#\/schema\/person\/df745f942b70e045b3dc05a30211f0de\",\"name\":\"Kisha Orthodhokse\",\"image\":{\"@type\":\"ImageObject\",\"inLanguage\":\"en-US\",\"@id\":\"https:\/\/secure.gravatar.com\/avatar\/2676eb8d97178435c9f691a7871595a1da6c33542dec218bce40885573150e28?s=96&d=mm&r=g\",\"url\":\"https:\/\/secure.gravatar.com\/avatar\/2676eb8d97178435c9f691a7871595a1da6c33542dec218bce40885573150e28?s=96&d=mm&r=g\",\"contentUrl\":\"https:\/\/secure.gravatar.com\/avatar\/2676eb8d97178435c9f691a7871595a1da6c33542dec218bce40885573150e28?s=96&d=mm&r=g\",\"caption\":\"Kisha Orthodhokse\"}}]}<\/script>\n<!-- \/ Yoast SEO plugin. -->","yoast_head_json":{"title":"The Resurrection of Christ Theological Academy Graduation Ceremony. (June 2011) - Kisha Orthodh\u03bfkse Autoqefale e Shqip\u00ebris\u00eb","robots":{"index":"index","follow":"follow","max-snippet":"max-snippet:-1","max-image-preview":"max-image-preview:large","max-video-preview":"max-video-preview:-1"},"canonical":"https:\/\/orthodoxalbania.org\/2020\/en\/2013\/03\/21\/the-resurrection-of-christ-theological-academy-graduation-ceremony-june-2011\/","og_locale":"en_US","og_type":"article","og_title":"The Resurrection of Christ Theological Academy Graduation Ceremony. (June 2011) - Kisha Orthodh\u03bfkse Autoqefale e Shqip\u00ebris\u00eb","og_description":"&nbsp;&nbsp;&nbsp; On June 13th, the feast day of the Holy Spirit, the Resurrection of Christ Theological Academy in the village of St. Vlash, Durres, held a graduation ceremony for its 4th year students. His Beatitude, Archbishop Anastasios, participated in the celebration as well as members of the Holy Synod, including Metropolitan Ignati of Berat, Metropolitan John of Korca, Bishop Nikola vice dean of the academy,","og_url":"https:\/\/orthodoxalbania.org\/2020\/en\/2013\/03\/21\/the-resurrection-of-christ-theological-academy-graduation-ceremony-june-2011\/","og_site_name":"Kisha Orthodh\u03bfkse Autoqefale e Shqip\u00ebris\u00eb","article_publisher":"https:\/\/www.facebook.com\/koash1991","article_published_time":"2013-03-21T09:38:49+00:00","article_modified_time":"2020-04-12T22:31:05+00:00","og_image":[{"url":"https:\/\/lh4.googleusercontent.com\/-Z-HDRWTNmwU\/VAGQWk2UoCI\/AAAAAAAACa0\/w0iTdEEkT1g\/w640-h359-no\/1%2Bne%2Btekst.JPG","type":"","width":"","height":""}],"author":"Kisha Orthodhokse","twitter_card":"summary_large_image","twitter_misc":{"Written by":"Kisha Orthodhokse","Est. reading time":"2 minutes"},"schema":{"@context":"https:\/\/schema.org","@graph":[{"@type":"Article","@id":"https:\/\/orthodoxalbania.org\/2020\/en\/2013\/03\/21\/the-resurrection-of-christ-theological-academy-graduation-ceremony-june-2011\/#article","isPartOf":{"@id":"https:\/\/orthodoxalbania.org\/2020\/en\/2013\/03\/21\/the-resurrection-of-christ-theological-academy-graduation-ceremony-june-2011\/"},"author":{"name":"Kisha Orthodhokse","@id":"https:\/\/orthodoxalbania.org\/2020\/#\/schema\/person\/df745f942b70e045b3dc05a30211f0de"},"headline":"The Resurrection of Christ Theological Academy Graduation Ceremony. (June 2011)","datePublished":"2013-03-21T09:38:49+00:00","dateModified":"2020-04-12T22:31:05+00:00","mainEntityOfPage":{"@id":"https:\/\/orthodoxalbania.org\/2020\/en\/2013\/03\/21\/the-resurrection-of-christ-theological-academy-graduation-ceremony-june-2011\/"},"wordCount":390,"commentCount":0,"publisher":{"@id":"https:\/\/orthodoxalbania.org\/2020\/#organization"},"image":{"@id":"https:\/\/orthodoxalbania.org\/2020\/en\/2013\/03\/21\/the-resurrection-of-christ-theological-academy-graduation-ceremony-june-2011\/#primaryimage"},"thumbnailUrl":"https:\/\/lh4.googleusercontent.com\/-Z-HDRWTNmwU\/VAGQWk2UoCI\/AAAAAAAACa0\/w0iTdEEkT1g\/w640-h359-no\/1%2Bne%2Btekst.JPG","keywords":["2011","Graduations","Kryepiskopi Anastas","Theological Academy"],"articleSection":["News - \u0395\u039d","News old page"],"inLanguage":"en-US"},{"@type":"WebPage","@id":"https:\/\/orthodoxalbania.org\/2020\/en\/2013\/03\/21\/the-resurrection-of-christ-theological-academy-graduation-ceremony-june-2011\/","url":"https:\/\/orthodoxalbania.org\/2020\/en\/2013\/03\/21\/the-resurrection-of-christ-theological-academy-graduation-ceremony-june-2011\/","name":"The Resurrection of Christ Theological Academy Graduation Ceremony. (June 2011) - Kisha Orthodh\u03bfkse Autoqefale e Shqip\u00ebris\u00eb","isPartOf":{"@id":"https:\/\/orthodoxalbania.org\/2020\/#website"},"primaryImageOfPage":{"@id":"https:\/\/orthodoxalbania.org\/2020\/en\/2013\/03\/21\/the-resurrection-of-christ-theological-academy-graduation-ceremony-june-2011\/#primaryimage"},"image":{"@id":"https:\/\/orthodoxalbania.org\/2020\/en\/2013\/03\/21\/the-resurrection-of-christ-theological-academy-graduation-ceremony-june-2011\/#primaryimage"},"thumbnailUrl":"https:\/\/lh4.googleusercontent.com\/-Z-HDRWTNmwU\/VAGQWk2UoCI\/AAAAAAAACa0\/w0iTdEEkT1g\/w640-h359-no\/1%2Bne%2Btekst.JPG","datePublished":"2013-03-21T09:38:49+00:00","dateModified":"2020-04-12T22:31:05+00:00","breadcrumb":{"@id":"https:\/\/orthodoxalbania.org\/2020\/en\/2013\/03\/21\/the-resurrection-of-christ-theological-academy-graduation-ceremony-june-2011\/#breadcrumb"},"inLanguage":"en-US","potentialAction":[{"@type":"ReadAction","target":["https:\/\/orthodoxalbania.org\/2020\/en\/2013\/03\/21\/the-resurrection-of-christ-theological-academy-graduation-ceremony-june-2011\/"]}]},{"@type":"ImageObject","inLanguage":"en-US","@id":"https:\/\/orthodoxalbania.org\/2020\/en\/2013\/03\/21\/the-resurrection-of-christ-theological-academy-graduation-ceremony-june-2011\/#primaryimage","url":"https:\/\/lh4.googleusercontent.com\/-Z-HDRWTNmwU\/VAGQWk2UoCI\/AAAAAAAACa0\/w0iTdEEkT1g\/w640-h359-no\/1%2Bne%2Btekst.JPG","contentUrl":"https:\/\/lh4.googleusercontent.com\/-Z-HDRWTNmwU\/VAGQWk2UoCI\/AAAAAAAACa0\/w0iTdEEkT1g\/w640-h359-no\/1%2Bne%2Btekst.JPG"},{"@type":"BreadcrumbList","@id":"https:\/\/orthodoxalbania.org\/2020\/en\/2013\/03\/21\/the-resurrection-of-christ-theological-academy-graduation-ceremony-june-2011\/#breadcrumb","itemListElement":[{"@type":"ListItem","position":1,"name":"Home","item":"https:\/\/orthodoxalbania.org\/2020\/"},{"@type":"ListItem","position":2,"name":"The Resurrection of Christ Theological Academy Graduation Ceremony. (June 2011)"}]},{"@type":"WebSite","@id":"https:\/\/orthodoxalbania.org\/2020\/#website","url":"https:\/\/orthodoxalbania.org\/2020\/","name":"Kisha Orthodh\u03bfkse Autoqefale e Shqip\u00ebris\u00eb","description":"Fqja Zyrtare e Kish\u00ebs Orthodhokse Autoqefale e Shqip\u00ebris\u00eb me lajmet edhe informacionet zyrtare p\u00ebr struktur\u00ebn edhe veprimtarin e saj.","publisher":{"@id":"https:\/\/orthodoxalbania.org\/2020\/#organization"},"potentialAction":[{"@type":"SearchAction","target":{"@type":"EntryPoint","urlTemplate":"https:\/\/orthodoxalbania.org\/2020\/?s={search_term_string}"},"query-input":{"@type":"PropertyValueSpecification","valueRequired":true,"valueName":"search_term_string"}}],"inLanguage":"en-US"},{"@type":"Organization","@id":"https:\/\/orthodoxalbania.org\/2020\/#organization","name":"Kisha Orthodhokse Autoqefale e Shqip\u00ebris\u00eb","url":"https:\/\/orthodoxalbania.org\/2020\/","logo":{"@type":"ImageObject","inLanguage":"en-US","@id":"https:\/\/orthodoxalbania.org\/2020\/#\/schema\/logo\/image\/","url":"https:\/\/orthodoxalbania.org\/2020\/wp-content\/uploads\/2020\/05\/albania.jpeg","contentUrl":"https:\/\/orthodoxalbania.org\/2020\/wp-content\/uploads\/2020\/05\/albania.jpeg","width":540,"height":540,"caption":"Kisha Orthodhokse Autoqefale e Shqip\u00ebris\u00eb"},"image":{"@id":"https:\/\/orthodoxalbania.org\/2020\/#\/schema\/logo\/image\/"},"sameAs":["https:\/\/www.facebook.com\/koash1991"]},{"@type":"Person","@id":"https:\/\/orthodoxalbania.org\/2020\/#\/schema\/person\/df745f942b70e045b3dc05a30211f0de","name":"Kisha Orthodhokse","image":{"@type":"ImageObject","inLanguage":"en-US","@id":"https:\/\/secure.gravatar.com\/avatar\/2676eb8d97178435c9f691a7871595a1da6c33542dec218bce40885573150e28?s=96&d=mm&r=g","url":"https:\/\/secure.gravatar.com\/avatar\/2676eb8d97178435c9f691a7871595a1da6c33542dec218bce40885573150e28?s=96&d=mm&r=g","contentUrl":"https:\/\/secure.gravatar.com\/avatar\/2676eb8d97178435c9f691a7871595a1da6c33542dec218bce40885573150e28?s=96&d=mm&r=g","caption":"Kisha Orthodhokse"}}]}},"_links":{"self":[{"href":"https:\/\/orthodoxalbania.org\/2020\/wp-json\/wp\/v2\/posts\/1421","targetHints":{"allow":["GET"]}}],"collection":[{"href":"https:\/\/orthodoxalbania.org\/2020\/wp-json\/wp\/v2\/posts"}],"about":[{"href":"https:\/\/orthodoxalbania.org\/2020\/wp-json\/wp\/v2\/types\/post"}],"author":[{"embeddable":true,"href":"https:\/\/orthodoxalbania.org\/2020\/wp-json\/wp\/v2\/users\/7"}],"replies":[{"embeddable":true,"href":"https:\/\/orthodoxalbania.org\/2020\/wp-json\/wp\/v2\/comments?post=1421"}],"version-history":[{"count":1,"href":"https:\/\/orthodoxalbania.org\/2020\/wp-json\/wp\/v2\/posts\/1421\/revisions"}],"predecessor-version":[{"id":17779,"href":"https:\/\/orthodoxalbania.org\/2020\/wp-json\/wp\/v2\/posts\/1421\/revisions\/17779"}],"wp:attachment":[{"href":"https:\/\/orthodoxalbania.org\/2020\/wp-json\/wp\/v2\/media?parent=1421"}],"wp:term":[{"taxonomy":"category","embeddable":true,"href":"https:\/\/orthodoxalbania.org\/2020\/wp-json\/wp\/v2\/categories?post=1421"},{"taxonomy":"post_tag","embeddable":true,"href":"https:\/\/orthodoxalbania.org\/2020\/wp-json\/wp\/v2\/tags?post=1421"}],"curies":[{"name":"wp","href":"https:\/\/api.w.org\/{rel}","templated":true}]}}