{"id":1417,"date":"2013-03-21T12:07:19","date_gmt":"2013-03-21T12:07:19","guid":{"rendered":""},"modified":"2020-04-13T00:30:58","modified_gmt":"2020-04-12T22:30:58","slug":"the-press-office-of-the-orthodox-utocephalous-church-of-alabania","status":"publish","type":"post","link":"https:\/\/orthodoxalbania.org\/2020\/en\/2013\/03\/21\/the-press-office-of-the-orthodox-utocephalous-church-of-alabania\/","title":{"rendered":"THE PRESS OFFICE OF THE  ORTHODOX UTOCEPHALOUS CHURCH OF ALABANIA. (12 July 2012)"},"content":{"rendered":"<div style=\"text-align: center;\"><img class=\"lazyload\" decoding=\"async\" style=\"border-width: 1px; border-style: solid; margin: 10px; float: left;\" alt=\"\" src=\"data:image\/gif;base64,R0lGODlhAQABAAAAACH5BAEKAAEALAAAAAABAAEAAAICTAEAOw==\" data-orig-src=\"https:\/\/lh6.googleusercontent.com\/-0sh5tte9xjQ\/T_2mER-T47I\/AAAAAAAAAjw\/0kGMtZnXRbY\/s200\/logo4.jpg\" \/><span style=\"font-family: tahoma,geneva,sans-serif;\"><span style=\"font-size: 12px;\"><span style=\"color: #b22222;\"><strong>Activity of the European Commission on Intergenerational Solidarity<\/strong><\/span><\/span><\/span><\/div>\n<div style=\"text-align: justify;\">&nbsp;<\/div>\n<div style=\"text-align: justify;\"> <span style=\"color: #000000;\"><span style=\"font-family: tahoma,geneva,sans-serif;\"><span style=\"font-size: 12px;\">&nbsp;&nbsp;&nbsp; Archbishop of Tirana, Durres and all Albania, Anastasios, participated on Thursday, 12 July in a meeting of the Presidents of the European Commission in Brussels on \u201cSetting the Parameters for Tomorrow\u2019s Society in Europe.\u201d The representatives of the religion beliefs also have an important role in this context. Therefore this meeting gathered some of the most prominent high level European religious representatives: Orthodox, Catholic, Protestant, Muslim and Jewish of the European Union countries such as Herman van Rompuy, European Council President Jose Manuel Barroso, President of the European Commission etc.<\/span><\/span><\/span><\/div>\n<div style=\"text-align: right;\">\n<p> <span style=\"color: #000000;\"><strong><span style=\"font-family: tahoma,geneva,sans-serif;\"><span style=\"font-size: 12px;\">Tirana, July 12, 2012<\/span><\/span><\/strong><\/span><\/div>\n<p>&nbsp;<\/p>\n","protected":false},"excerpt":{"rendered":"<p>Activity of the European Commission on Intergenerational Solidarity &nbsp; &nbsp;&nbsp;&nbsp; Archbishop of Tirana, Durres and all Albania, Anastasios, participated on Thursday, 12 July in a meeting of the Presidents of the European Commission in Brussels on \u201cSetting the Parameters for Tomorrow\u2019s Society in Europe.\u201d The representatives of the religion beliefs also have an important role in this context. Therefore this meeting gathered some of the<\/p>\n","protected":false},"author":7,"featured_media":0,"comment_status":"open","ping_status":"open","sticky":false,"template":"","format":"standard","meta":{"_acf_changed":false,"pagelayer_contact_templates":[],"_pagelayer_content":"","inline_featured_image":false,"fifu_image_url":"","fifu_image_alt":"","footnotes":""},"categories":[1455,311],"tags":[1137,1233],"class_list":["post-1417","post","type-post","status-publish","format-standard","hentry","category-news-en","category-news-d25","tag-2012-en","tag-declarations-official-announcements"],"acf":[],"yoast_head":"<!-- This site is optimized with the Yoast SEO plugin v27.2 - https:\/\/yoast.com\/product\/yoast-seo-wordpress\/ -->\n<title>THE PRESS OFFICE OF THE ORTHODOX UTOCEPHALOUS CHURCH OF ALABANIA. (12 July 2012) - Kisha Orthodh\u03bfkse Autoqefale e Shqip\u00ebris\u00eb<\/title>\n<meta name=\"robots\" content=\"index, follow, max-snippet:-1, max-image-preview:large, max-video-preview:-1\" \/>\n<link rel=\"canonical\" href=\"https:\/\/orthodoxalbania.org\/2020\/en\/2013\/03\/21\/the-press-office-of-the-orthodox-utocephalous-church-of-alabania\/\" \/>\n<meta property=\"og:locale\" content=\"en_US\" \/>\n<meta property=\"og:type\" content=\"article\" \/>\n<meta property=\"og:title\" content=\"THE PRESS OFFICE OF THE ORTHODOX UTOCEPHALOUS CHURCH OF ALABANIA. (12 July 2012) - Kisha Orthodh\u03bfkse Autoqefale e Shqip\u00ebris\u00eb\" \/>\n<meta property=\"og:description\" content=\"Activity of the European Commission on Intergenerational Solidarity &nbsp; &nbsp;&nbsp;&nbsp; Archbishop of Tirana, Durres and all Albania, Anastasios, participated on Thursday, 12 July in a meeting of the Presidents of the European Commission in Brussels on \u201cSetting the Parameters for Tomorrow\u2019s Society in Europe.\u201d The representatives of the religion beliefs also have an important role in this context. Therefore this meeting gathered some of the\" \/>\n<meta property=\"og:url\" content=\"https:\/\/orthodoxalbania.org\/2020\/en\/2013\/03\/21\/the-press-office-of-the-orthodox-utocephalous-church-of-alabania\/\" \/>\n<meta property=\"og:site_name\" content=\"Kisha Orthodh\u03bfkse Autoqefale e Shqip\u00ebris\u00eb\" \/>\n<meta property=\"article:publisher\" content=\"https:\/\/www.facebook.com\/koash1991\" \/>\n<meta property=\"article:published_time\" content=\"2013-03-21T12:07:19+00:00\" \/>\n<meta property=\"article:modified_time\" content=\"2020-04-12T22:30:58+00:00\" \/>\n<meta property=\"og:image\" content=\"https:\/\/lh6.googleusercontent.com\/-0sh5tte9xjQ\/T_2mER-T47I\/AAAAAAAAAjw\/0kGMtZnXRbY\/s200\/logo4.jpg\" \/>\n<meta name=\"author\" content=\"Kisha Orthodhokse\" \/>\n<meta name=\"twitter:card\" content=\"summary_large_image\" \/>\n<meta name=\"twitter:label1\" content=\"Written by\" \/>\n\t<meta name=\"twitter:data1\" content=\"Kisha Orthodhokse\" \/>\n\t<meta name=\"twitter:label2\" content=\"Est. reading time\" \/>\n\t<meta name=\"twitter:data2\" content=\"1 minute\" \/>\n<script type=\"application\/ld+json\" class=\"yoast-schema-graph\">{\"@context\":\"https:\/\/schema.org\",\"@graph\":[{\"@type\":\"Article\",\"@id\":\"https:\/\/orthodoxalbania.org\/2020\/en\/2013\/03\/21\/the-press-office-of-the-orthodox-utocephalous-church-of-alabania\/#article\",\"isPartOf\":{\"@id\":\"https:\/\/orthodoxalbania.org\/2020\/en\/2013\/03\/21\/the-press-office-of-the-orthodox-utocephalous-church-of-alabania\/\"},\"author\":{\"name\":\"Kisha Orthodhokse\",\"@id\":\"https:\/\/orthodoxalbania.org\/2020\/#\/schema\/person\/df745f942b70e045b3dc05a30211f0de\"},\"headline\":\"THE PRESS OFFICE OF THE ORTHODOX UTOCEPHALOUS CHURCH OF ALABANIA. (12 July 2012)\",\"datePublished\":\"2013-03-21T12:07:19+00:00\",\"dateModified\":\"2020-04-12T22:30:58+00:00\",\"mainEntityOfPage\":{\"@id\":\"https:\/\/orthodoxalbania.org\/2020\/en\/2013\/03\/21\/the-press-office-of-the-orthodox-utocephalous-church-of-alabania\/\"},\"wordCount\":116,\"commentCount\":0,\"publisher\":{\"@id\":\"https:\/\/orthodoxalbania.org\/2020\/#organization\"},\"image\":{\"@id\":\"https:\/\/orthodoxalbania.org\/2020\/en\/2013\/03\/21\/the-press-office-of-the-orthodox-utocephalous-church-of-alabania\/#primaryimage\"},\"thumbnailUrl\":\"https:\/\/lh6.googleusercontent.com\/-0sh5tte9xjQ\/T_2mER-T47I\/AAAAAAAAAjw\/0kGMtZnXRbY\/s200\/logo4.jpg\",\"keywords\":[\"2012\",\"Declarations - Official Announcements\"],\"articleSection\":[\"News - \u0395\u039d\",\"News old page\"],\"inLanguage\":\"en-US\"},{\"@type\":\"WebPage\",\"@id\":\"https:\/\/orthodoxalbania.org\/2020\/en\/2013\/03\/21\/the-press-office-of-the-orthodox-utocephalous-church-of-alabania\/\",\"url\":\"https:\/\/orthodoxalbania.org\/2020\/en\/2013\/03\/21\/the-press-office-of-the-orthodox-utocephalous-church-of-alabania\/\",\"name\":\"THE PRESS OFFICE OF THE ORTHODOX UTOCEPHALOUS CHURCH OF ALABANIA. (12 July 2012) - Kisha Orthodh\u03bfkse Autoqefale e Shqip\u00ebris\u00eb\",\"isPartOf\":{\"@id\":\"https:\/\/orthodoxalbania.org\/2020\/#website\"},\"primaryImageOfPage\":{\"@id\":\"https:\/\/orthodoxalbania.org\/2020\/en\/2013\/03\/21\/the-press-office-of-the-orthodox-utocephalous-church-of-alabania\/#primaryimage\"},\"image\":{\"@id\":\"https:\/\/orthodoxalbania.org\/2020\/en\/2013\/03\/21\/the-press-office-of-the-orthodox-utocephalous-church-of-alabania\/#primaryimage\"},\"thumbnailUrl\":\"https:\/\/lh6.googleusercontent.com\/-0sh5tte9xjQ\/T_2mER-T47I\/AAAAAAAAAjw\/0kGMtZnXRbY\/s200\/logo4.jpg\",\"datePublished\":\"2013-03-21T12:07:19+00:00\",\"dateModified\":\"2020-04-12T22:30:58+00:00\",\"breadcrumb\":{\"@id\":\"https:\/\/orthodoxalbania.org\/2020\/en\/2013\/03\/21\/the-press-office-of-the-orthodox-utocephalous-church-of-alabania\/#breadcrumb\"},\"inLanguage\":\"en-US\",\"potentialAction\":[{\"@type\":\"ReadAction\",\"target\":[\"https:\/\/orthodoxalbania.org\/2020\/en\/2013\/03\/21\/the-press-office-of-the-orthodox-utocephalous-church-of-alabania\/\"]}]},{\"@type\":\"ImageObject\",\"inLanguage\":\"en-US\",\"@id\":\"https:\/\/orthodoxalbania.org\/2020\/en\/2013\/03\/21\/the-press-office-of-the-orthodox-utocephalous-church-of-alabania\/#primaryimage\",\"url\":\"https:\/\/lh6.googleusercontent.com\/-0sh5tte9xjQ\/T_2mER-T47I\/AAAAAAAAAjw\/0kGMtZnXRbY\/s200\/logo4.jpg\",\"contentUrl\":\"https:\/\/lh6.googleusercontent.com\/-0sh5tte9xjQ\/T_2mER-T47I\/AAAAAAAAAjw\/0kGMtZnXRbY\/s200\/logo4.jpg\"},{\"@type\":\"BreadcrumbList\",\"@id\":\"https:\/\/orthodoxalbania.org\/2020\/en\/2013\/03\/21\/the-press-office-of-the-orthodox-utocephalous-church-of-alabania\/#breadcrumb\",\"itemListElement\":[{\"@type\":\"ListItem\",\"position\":1,\"name\":\"Home\",\"item\":\"https:\/\/orthodoxalbania.org\/2020\/\"},{\"@type\":\"ListItem\",\"position\":2,\"name\":\"THE PRESS OFFICE OF THE ORTHODOX UTOCEPHALOUS CHURCH OF ALABANIA. (12 July 2012)\"}]},{\"@type\":\"WebSite\",\"@id\":\"https:\/\/orthodoxalbania.org\/2020\/#website\",\"url\":\"https:\/\/orthodoxalbania.org\/2020\/\",\"name\":\"Kisha Orthodh\u03bfkse Autoqefale e Shqip\u00ebris\u00eb\",\"description\":\"Fqja Zyrtare e Kish\u00ebs Orthodhokse Autoqefale e Shqip\u00ebris\u00eb me lajmet edhe informacionet zyrtare p\u00ebr struktur\u00ebn edhe veprimtarin e saj.\",\"publisher\":{\"@id\":\"https:\/\/orthodoxalbania.org\/2020\/#organization\"},\"potentialAction\":[{\"@type\":\"SearchAction\",\"target\":{\"@type\":\"EntryPoint\",\"urlTemplate\":\"https:\/\/orthodoxalbania.org\/2020\/?s={search_term_string}\"},\"query-input\":{\"@type\":\"PropertyValueSpecification\",\"valueRequired\":true,\"valueName\":\"search_term_string\"}}],\"inLanguage\":\"en-US\"},{\"@type\":\"Organization\",\"@id\":\"https:\/\/orthodoxalbania.org\/2020\/#organization\",\"name\":\"Kisha Orthodhokse Autoqefale e Shqip\u00ebris\u00eb\",\"url\":\"https:\/\/orthodoxalbania.org\/2020\/\",\"logo\":{\"@type\":\"ImageObject\",\"inLanguage\":\"en-US\",\"@id\":\"https:\/\/orthodoxalbania.org\/2020\/#\/schema\/logo\/image\/\",\"url\":\"https:\/\/orthodoxalbania.org\/2020\/wp-content\/uploads\/2020\/05\/albania.jpeg\",\"contentUrl\":\"https:\/\/orthodoxalbania.org\/2020\/wp-content\/uploads\/2020\/05\/albania.jpeg\",\"width\":540,\"height\":540,\"caption\":\"Kisha Orthodhokse Autoqefale e Shqip\u00ebris\u00eb\"},\"image\":{\"@id\":\"https:\/\/orthodoxalbania.org\/2020\/#\/schema\/logo\/image\/\"},\"sameAs\":[\"https:\/\/www.facebook.com\/koash1991\"]},{\"@type\":\"Person\",\"@id\":\"https:\/\/orthodoxalbania.org\/2020\/#\/schema\/person\/df745f942b70e045b3dc05a30211f0de\",\"name\":\"Kisha Orthodhokse\",\"image\":{\"@type\":\"ImageObject\",\"inLanguage\":\"en-US\",\"@id\":\"https:\/\/secure.gravatar.com\/avatar\/2676eb8d97178435c9f691a7871595a1da6c33542dec218bce40885573150e28?s=96&d=mm&r=g\",\"url\":\"https:\/\/secure.gravatar.com\/avatar\/2676eb8d97178435c9f691a7871595a1da6c33542dec218bce40885573150e28?s=96&d=mm&r=g\",\"contentUrl\":\"https:\/\/secure.gravatar.com\/avatar\/2676eb8d97178435c9f691a7871595a1da6c33542dec218bce40885573150e28?s=96&d=mm&r=g\",\"caption\":\"Kisha Orthodhokse\"}}]}<\/script>\n<!-- \/ Yoast SEO plugin. -->","yoast_head_json":{"title":"THE PRESS OFFICE OF THE ORTHODOX UTOCEPHALOUS CHURCH OF ALABANIA. (12 July 2012) - Kisha Orthodh\u03bfkse Autoqefale e Shqip\u00ebris\u00eb","robots":{"index":"index","follow":"follow","max-snippet":"max-snippet:-1","max-image-preview":"max-image-preview:large","max-video-preview":"max-video-preview:-1"},"canonical":"https:\/\/orthodoxalbania.org\/2020\/en\/2013\/03\/21\/the-press-office-of-the-orthodox-utocephalous-church-of-alabania\/","og_locale":"en_US","og_type":"article","og_title":"THE PRESS OFFICE OF THE ORTHODOX UTOCEPHALOUS CHURCH OF ALABANIA. (12 July 2012) - Kisha Orthodh\u03bfkse Autoqefale e Shqip\u00ebris\u00eb","og_description":"Activity of the European Commission on Intergenerational Solidarity &nbsp; &nbsp;&nbsp;&nbsp; Archbishop of Tirana, Durres and all Albania, Anastasios, participated on Thursday, 12 July in a meeting of the Presidents of the European Commission in Brussels on \u201cSetting the Parameters for Tomorrow\u2019s Society in Europe.\u201d The representatives of the religion beliefs also have an important role in this context. Therefore this meeting gathered some of the","og_url":"https:\/\/orthodoxalbania.org\/2020\/en\/2013\/03\/21\/the-press-office-of-the-orthodox-utocephalous-church-of-alabania\/","og_site_name":"Kisha Orthodh\u03bfkse Autoqefale e Shqip\u00ebris\u00eb","article_publisher":"https:\/\/www.facebook.com\/koash1991","article_published_time":"2013-03-21T12:07:19+00:00","article_modified_time":"2020-04-12T22:30:58+00:00","og_image":[{"url":"https:\/\/lh6.googleusercontent.com\/-0sh5tte9xjQ\/T_2mER-T47I\/AAAAAAAAAjw\/0kGMtZnXRbY\/s200\/logo4.jpg","type":"","width":"","height":""}],"author":"Kisha Orthodhokse","twitter_card":"summary_large_image","twitter_misc":{"Written by":"Kisha Orthodhokse","Est. reading time":"1 minute"},"schema":{"@context":"https:\/\/schema.org","@graph":[{"@type":"Article","@id":"https:\/\/orthodoxalbania.org\/2020\/en\/2013\/03\/21\/the-press-office-of-the-orthodox-utocephalous-church-of-alabania\/#article","isPartOf":{"@id":"https:\/\/orthodoxalbania.org\/2020\/en\/2013\/03\/21\/the-press-office-of-the-orthodox-utocephalous-church-of-alabania\/"},"author":{"name":"Kisha Orthodhokse","@id":"https:\/\/orthodoxalbania.org\/2020\/#\/schema\/person\/df745f942b70e045b3dc05a30211f0de"},"headline":"THE PRESS OFFICE OF THE ORTHODOX UTOCEPHALOUS CHURCH OF ALABANIA. (12 July 2012)","datePublished":"2013-03-21T12:07:19+00:00","dateModified":"2020-04-12T22:30:58+00:00","mainEntityOfPage":{"@id":"https:\/\/orthodoxalbania.org\/2020\/en\/2013\/03\/21\/the-press-office-of-the-orthodox-utocephalous-church-of-alabania\/"},"wordCount":116,"commentCount":0,"publisher":{"@id":"https:\/\/orthodoxalbania.org\/2020\/#organization"},"image":{"@id":"https:\/\/orthodoxalbania.org\/2020\/en\/2013\/03\/21\/the-press-office-of-the-orthodox-utocephalous-church-of-alabania\/#primaryimage"},"thumbnailUrl":"https:\/\/lh6.googleusercontent.com\/-0sh5tte9xjQ\/T_2mER-T47I\/AAAAAAAAAjw\/0kGMtZnXRbY\/s200\/logo4.jpg","keywords":["2012","Declarations - Official Announcements"],"articleSection":["News - \u0395\u039d","News old page"],"inLanguage":"en-US"},{"@type":"WebPage","@id":"https:\/\/orthodoxalbania.org\/2020\/en\/2013\/03\/21\/the-press-office-of-the-orthodox-utocephalous-church-of-alabania\/","url":"https:\/\/orthodoxalbania.org\/2020\/en\/2013\/03\/21\/the-press-office-of-the-orthodox-utocephalous-church-of-alabania\/","name":"THE PRESS OFFICE OF THE ORTHODOX UTOCEPHALOUS CHURCH OF ALABANIA. (12 July 2012) - Kisha Orthodh\u03bfkse Autoqefale e Shqip\u00ebris\u00eb","isPartOf":{"@id":"https:\/\/orthodoxalbania.org\/2020\/#website"},"primaryImageOfPage":{"@id":"https:\/\/orthodoxalbania.org\/2020\/en\/2013\/03\/21\/the-press-office-of-the-orthodox-utocephalous-church-of-alabania\/#primaryimage"},"image":{"@id":"https:\/\/orthodoxalbania.org\/2020\/en\/2013\/03\/21\/the-press-office-of-the-orthodox-utocephalous-church-of-alabania\/#primaryimage"},"thumbnailUrl":"https:\/\/lh6.googleusercontent.com\/-0sh5tte9xjQ\/T_2mER-T47I\/AAAAAAAAAjw\/0kGMtZnXRbY\/s200\/logo4.jpg","datePublished":"2013-03-21T12:07:19+00:00","dateModified":"2020-04-12T22:30:58+00:00","breadcrumb":{"@id":"https:\/\/orthodoxalbania.org\/2020\/en\/2013\/03\/21\/the-press-office-of-the-orthodox-utocephalous-church-of-alabania\/#breadcrumb"},"inLanguage":"en-US","potentialAction":[{"@type":"ReadAction","target":["https:\/\/orthodoxalbania.org\/2020\/en\/2013\/03\/21\/the-press-office-of-the-orthodox-utocephalous-church-of-alabania\/"]}]},{"@type":"ImageObject","inLanguage":"en-US","@id":"https:\/\/orthodoxalbania.org\/2020\/en\/2013\/03\/21\/the-press-office-of-the-orthodox-utocephalous-church-of-alabania\/#primaryimage","url":"https:\/\/lh6.googleusercontent.com\/-0sh5tte9xjQ\/T_2mER-T47I\/AAAAAAAAAjw\/0kGMtZnXRbY\/s200\/logo4.jpg","contentUrl":"https:\/\/lh6.googleusercontent.com\/-0sh5tte9xjQ\/T_2mER-T47I\/AAAAAAAAAjw\/0kGMtZnXRbY\/s200\/logo4.jpg"},{"@type":"BreadcrumbList","@id":"https:\/\/orthodoxalbania.org\/2020\/en\/2013\/03\/21\/the-press-office-of-the-orthodox-utocephalous-church-of-alabania\/#breadcrumb","itemListElement":[{"@type":"ListItem","position":1,"name":"Home","item":"https:\/\/orthodoxalbania.org\/2020\/"},{"@type":"ListItem","position":2,"name":"THE PRESS OFFICE OF THE ORTHODOX UTOCEPHALOUS CHURCH OF ALABANIA. (12 July 2012)"}]},{"@type":"WebSite","@id":"https:\/\/orthodoxalbania.org\/2020\/#website","url":"https:\/\/orthodoxalbania.org\/2020\/","name":"Kisha Orthodh\u03bfkse Autoqefale e Shqip\u00ebris\u00eb","description":"Fqja Zyrtare e Kish\u00ebs Orthodhokse Autoqefale e Shqip\u00ebris\u00eb me lajmet edhe informacionet zyrtare p\u00ebr struktur\u00ebn edhe veprimtarin e saj.","publisher":{"@id":"https:\/\/orthodoxalbania.org\/2020\/#organization"},"potentialAction":[{"@type":"SearchAction","target":{"@type":"EntryPoint","urlTemplate":"https:\/\/orthodoxalbania.org\/2020\/?s={search_term_string}"},"query-input":{"@type":"PropertyValueSpecification","valueRequired":true,"valueName":"search_term_string"}}],"inLanguage":"en-US"},{"@type":"Organization","@id":"https:\/\/orthodoxalbania.org\/2020\/#organization","name":"Kisha Orthodhokse Autoqefale e Shqip\u00ebris\u00eb","url":"https:\/\/orthodoxalbania.org\/2020\/","logo":{"@type":"ImageObject","inLanguage":"en-US","@id":"https:\/\/orthodoxalbania.org\/2020\/#\/schema\/logo\/image\/","url":"https:\/\/orthodoxalbania.org\/2020\/wp-content\/uploads\/2020\/05\/albania.jpeg","contentUrl":"https:\/\/orthodoxalbania.org\/2020\/wp-content\/uploads\/2020\/05\/albania.jpeg","width":540,"height":540,"caption":"Kisha Orthodhokse Autoqefale e Shqip\u00ebris\u00eb"},"image":{"@id":"https:\/\/orthodoxalbania.org\/2020\/#\/schema\/logo\/image\/"},"sameAs":["https:\/\/www.facebook.com\/koash1991"]},{"@type":"Person","@id":"https:\/\/orthodoxalbania.org\/2020\/#\/schema\/person\/df745f942b70e045b3dc05a30211f0de","name":"Kisha Orthodhokse","image":{"@type":"ImageObject","inLanguage":"en-US","@id":"https:\/\/secure.gravatar.com\/avatar\/2676eb8d97178435c9f691a7871595a1da6c33542dec218bce40885573150e28?s=96&d=mm&r=g","url":"https:\/\/secure.gravatar.com\/avatar\/2676eb8d97178435c9f691a7871595a1da6c33542dec218bce40885573150e28?s=96&d=mm&r=g","contentUrl":"https:\/\/secure.gravatar.com\/avatar\/2676eb8d97178435c9f691a7871595a1da6c33542dec218bce40885573150e28?s=96&d=mm&r=g","caption":"Kisha Orthodhokse"}}]}},"_links":{"self":[{"href":"https:\/\/orthodoxalbania.org\/2020\/wp-json\/wp\/v2\/posts\/1417","targetHints":{"allow":["GET"]}}],"collection":[{"href":"https:\/\/orthodoxalbania.org\/2020\/wp-json\/wp\/v2\/posts"}],"about":[{"href":"https:\/\/orthodoxalbania.org\/2020\/wp-json\/wp\/v2\/types\/post"}],"author":[{"embeddable":true,"href":"https:\/\/orthodoxalbania.org\/2020\/wp-json\/wp\/v2\/users\/7"}],"replies":[{"embeddable":true,"href":"https:\/\/orthodoxalbania.org\/2020\/wp-json\/wp\/v2\/comments?post=1417"}],"version-history":[{"count":1,"href":"https:\/\/orthodoxalbania.org\/2020\/wp-json\/wp\/v2\/posts\/1417\/revisions"}],"predecessor-version":[{"id":17738,"href":"https:\/\/orthodoxalbania.org\/2020\/wp-json\/wp\/v2\/posts\/1417\/revisions\/17738"}],"wp:attachment":[{"href":"https:\/\/orthodoxalbania.org\/2020\/wp-json\/wp\/v2\/media?parent=1417"}],"wp:term":[{"taxonomy":"category","embeddable":true,"href":"https:\/\/orthodoxalbania.org\/2020\/wp-json\/wp\/v2\/categories?post=1417"},{"taxonomy":"post_tag","embeddable":true,"href":"https:\/\/orthodoxalbania.org\/2020\/wp-json\/wp\/v2\/tags?post=1417"}],"curies":[{"name":"wp","href":"https:\/\/api.w.org\/{rel}","templated":true}]}}