{"id":1406,"date":"2013-03-22T10:41:36","date_gmt":"2013-03-22T10:41:36","guid":{"rendered":""},"modified":"2020-04-13T00:30:50","modified_gmt":"2020-04-12T22:30:50","slug":"the-orthodox-church-of-albania-and-the-fair-in-the-city-of-elbasan","status":"publish","type":"post","link":"https:\/\/orthodoxalbania.org\/2020\/en\/2013\/03\/22\/the-orthodox-church-of-albania-and-the-fair-in-the-city-of-elbasan\/","title":{"rendered":"The Orthodox Church of Albania and the Fair in the City of Elbasan. (12-14 March 2013)"},"content":{"rendered":"<div style=\"text-align: justify;\"><img class=\"lazyload\" decoding=\"async\" style=\"width: 300px; height: 225px; border-width: 1px; border-style: solid; margin: 10px; float: left;\" alt=\"\" src=\"data:image\/gif;base64,R0lGODlhAQABAAAAACH5BAEKAAEALAAAAAABAAEAAAICTAEAOw==\" data-orig-src=\"https:\/\/lh6.googleusercontent.com\/-zqxnFridjUc\/UUcgmKhS8aI\/AAAAAAAACGA\/LBzMrkC97_U\/s640\/1 - e vogel .jpg?gl=GB\" \/>&nbsp;&nbsp;<span style=\"color: #000000;\"><span style=\"font-family: tahoma,geneva,sans-serif;\"><span style=\"font-size: 12px;\">&nbsp; Our Orthodox churches in Elbasan, through the parishes of St. Nicholas and St. Athanasius, took part in the three-day fair (12-14 March 2013) organized by the Municipality of Elbasan. The goal of this fair was to present and display the social, educational and cultural activities of the organizations of Elbasan.<\/span><\/span><\/span><\/div>\n<div style=\"text-align: justify;\"> <span style=\"color: #000000;\"><span style=\"font-family: tahoma,geneva,sans-serif;\"><span style=\"font-size: 12px;\">&nbsp;&nbsp;&nbsp; Through the initiative and organization of Father Heliodor Demiri and of the catechist Armand Oga, our Church presented its publications, religious handicrafts and a photographic exhibition of its various social activities, such as: grades 1-9-years schools, high schools and universities, public contributions, health care, day care (kindergarten), the Children&#8217;s Home of Hope, Christian education, camps, construction and restoration of churches; displaying in this way a dignified presentation of the rebuilding of the Orthodox Church.<\/span><\/span><\/span><\/div>\n<div style=\"text-align: justify;\"> <span style=\"color: #000000;\"><span style=\"font-family: tahoma,geneva,sans-serif;\"><span style=\"font-size: 12px;\">&nbsp;&nbsp;&nbsp;&nbsp; The booth of the Orthodox Church was visited by many participants of the fair. They took a lot of information about our Church\u2019s activities, as well as our two parishes in Elbasan, of which some visitors had not heard before. The visitors expressed their gratitude for this presentation initiative. The booth of the Orthodox Church was also visited by the Vice Prime Minister &#8211; Minister of Economy Mr. Edmond Haxhinasto, the Mayor of Elbasan, and also by different deputies.<\/span><\/span><\/span><\/div>\n<div style=\"text-align: justify;\"> <span style=\"color: #000000;\"><span style=\"font-family: tahoma,geneva,sans-serif;\"><span style=\"font-size: 12px;\">&nbsp;&nbsp;&nbsp; The students from Elbasan that study in the Theological Academy and orthodox youth of the city helped a lot to represent our Church in this fair.<\/span><\/span><\/span><\/div>\n<div style=\"text-align: right;\">\n<p> <span style=\"color: #000000;\"><span style=\"font-family: tahoma,geneva,sans-serif;\"><span style=\"font-size: 12px;\"><strong>Armand Oga<\/strong><\/span><\/span><\/span><\/div>\n<p><img class=\"lazyload\" decoding=\"async\" style=\"width: 600px; height: 450px; border-width: 1px; border-style: solid; margin: 10px; float: left;\" alt=\"\" src=\"data:image\/gif;base64,R0lGODlhAQABAAAAACH5BAEKAAEALAAAAAABAAEAAAICTAEAOw==\" data-orig-src=\"https:\/\/lh3.googleusercontent.com\/-8aIYvSEha0c\/UUcgmSeOX1I\/AAAAAAAACGI\/5iZXDmAPEAQ\/s640\/1.jpg?gl=GB\" \/><\/p>\n<p><img class=\"lazyload\" decoding=\"async\" style=\"width: 600px; height: 450px; border-width: 1px; border-style: solid; margin: 10px; float: left;\" alt=\"\" src=\"data:image\/gif;base64,R0lGODlhAQABAAAAACH5BAEKAAEALAAAAAABAAEAAAICTAEAOw==\" data-orig-src=\"https:\/\/lh4.googleusercontent.com\/-rkfE818arG4\/UUcgmGmwoPI\/AAAAAAAACF4\/o_tElPn60Ik\/s640\/2.jpg?gl=GB\" \/><br \/> <img class=\"lazyload\" decoding=\"async\" style=\"width: 384px; height: 512px; border-width: 1px; border-style: solid; margin: 10px; float: left;\" alt=\"\" src=\"data:image\/gif;base64,R0lGODlhAQABAAAAACH5BAEKAAEALAAAAAABAAEAAAICTAEAOw==\" data-orig-src=\"https:\/\/lh4.googleusercontent.com\/-U0FrCUtxUPU\/UUcgngSiOZI\/AAAAAAAACGM\/MNWJM7VNZss\/s512\/3.jpg?gl=GB\" \/><\/p>\n<p> &nbsp;<\/p>\n","protected":false},"excerpt":{"rendered":"<p>&nbsp;&nbsp;&nbsp; Our Orthodox churches in Elbasan, through the parishes of St. Nicholas and St. Athanasius, took part in the three-day fair (12-14 March 2013) organized by the Municipality of Elbasan. The goal of this fair was to present and display the social, educational and cultural activities of the organizations of Elbasan. &nbsp;&nbsp;&nbsp; Through the initiative and organization of Father Heliodor Demiri and of the catechist<\/p>\n","protected":false},"author":7,"featured_media":0,"comment_status":"open","ping_status":"open","sticky":false,"template":"","format":"standard","meta":{"_acf_changed":false,"pagelayer_contact_templates":[],"_pagelayer_content":"","inline_featured_image":false,"fifu_image_url":"","fifu_image_alt":"","footnotes":""},"categories":[1455,311],"tags":[1141,1185],"class_list":["post-1406","post","type-post","status-publish","format-standard","hentry","category-news-en","category-news-d25","tag-2013-en","tag-events"],"acf":[],"yoast_head":"<!-- This site is optimized with the Yoast SEO plugin v27.2 - https:\/\/yoast.com\/product\/yoast-seo-wordpress\/ -->\n<title>The Orthodox Church of Albania and the Fair in the City of Elbasan. (12-14 March 2013) - Kisha Orthodh\u03bfkse Autoqefale e Shqip\u00ebris\u00eb<\/title>\n<meta name=\"robots\" content=\"index, follow, max-snippet:-1, max-image-preview:large, max-video-preview:-1\" \/>\n<link rel=\"canonical\" href=\"https:\/\/orthodoxalbania.org\/2020\/en\/2013\/03\/22\/the-orthodox-church-of-albania-and-the-fair-in-the-city-of-elbasan\/\" \/>\n<meta property=\"og:locale\" content=\"en_US\" \/>\n<meta property=\"og:type\" content=\"article\" \/>\n<meta property=\"og:title\" content=\"The Orthodox Church of Albania and the Fair in the City of Elbasan. (12-14 March 2013) - Kisha Orthodh\u03bfkse Autoqefale e Shqip\u00ebris\u00eb\" \/>\n<meta property=\"og:description\" content=\"&nbsp;&nbsp;&nbsp; Our Orthodox churches in Elbasan, through the parishes of St. Nicholas and St. Athanasius, took part in the three-day fair (12-14 March 2013) organized by the Municipality of Elbasan. The goal of this fair was to present and display the social, educational and cultural activities of the organizations of Elbasan. &nbsp;&nbsp;&nbsp; Through the initiative and organization of Father Heliodor Demiri and of the catechist\" \/>\n<meta property=\"og:url\" content=\"https:\/\/orthodoxalbania.org\/2020\/en\/2013\/03\/22\/the-orthodox-church-of-albania-and-the-fair-in-the-city-of-elbasan\/\" \/>\n<meta property=\"og:site_name\" content=\"Kisha Orthodh\u03bfkse Autoqefale e Shqip\u00ebris\u00eb\" \/>\n<meta property=\"article:publisher\" content=\"https:\/\/www.facebook.com\/koash1991\" \/>\n<meta property=\"article:published_time\" content=\"2013-03-22T10:41:36+00:00\" \/>\n<meta property=\"article:modified_time\" content=\"2020-04-12T22:30:50+00:00\" \/>\n<meta property=\"og:image\" content=\"https:\/\/lh6.googleusercontent.com\/-zqxnFridjUc\/UUcgmKhS8aI\/AAAAAAAACGA\/LBzMrkC97_U\/s640\/1%20-%20e%20vogel%20.jpg?gl=GB\" \/>\n<meta name=\"author\" content=\"Kisha Orthodhokse\" \/>\n<meta name=\"twitter:card\" content=\"summary_large_image\" \/>\n<meta name=\"twitter:label1\" content=\"Written by\" \/>\n\t<meta name=\"twitter:data1\" content=\"Kisha Orthodhokse\" \/>\n\t<meta name=\"twitter:label2\" content=\"Est. reading time\" \/>\n\t<meta name=\"twitter:data2\" content=\"1 minute\" \/>\n<script type=\"application\/ld+json\" class=\"yoast-schema-graph\">{\"@context\":\"https:\/\/schema.org\",\"@graph\":[{\"@type\":\"Article\",\"@id\":\"https:\/\/orthodoxalbania.org\/2020\/en\/2013\/03\/22\/the-orthodox-church-of-albania-and-the-fair-in-the-city-of-elbasan\/#article\",\"isPartOf\":{\"@id\":\"https:\/\/orthodoxalbania.org\/2020\/en\/2013\/03\/22\/the-orthodox-church-of-albania-and-the-fair-in-the-city-of-elbasan\/\"},\"author\":{\"name\":\"Kisha Orthodhokse\",\"@id\":\"https:\/\/orthodoxalbania.org\/2020\/#\/schema\/person\/df745f942b70e045b3dc05a30211f0de\"},\"headline\":\"The Orthodox Church of Albania and the Fair in the City of Elbasan. (12-14 March 2013)\",\"datePublished\":\"2013-03-22T10:41:36+00:00\",\"dateModified\":\"2020-04-12T22:30:50+00:00\",\"mainEntityOfPage\":{\"@id\":\"https:\/\/orthodoxalbania.org\/2020\/en\/2013\/03\/22\/the-orthodox-church-of-albania-and-the-fair-in-the-city-of-elbasan\/\"},\"wordCount\":261,\"commentCount\":0,\"publisher\":{\"@id\":\"https:\/\/orthodoxalbania.org\/2020\/#organization\"},\"image\":{\"@id\":\"https:\/\/orthodoxalbania.org\/2020\/en\/2013\/03\/22\/the-orthodox-church-of-albania-and-the-fair-in-the-city-of-elbasan\/#primaryimage\"},\"thumbnailUrl\":\"https:\/\/lh3.googleusercontent.com\/-8aIYvSEha0c\/UUcgmSeOX1I\/AAAAAAAACGI\/5iZXDmAPEAQ\/s640\/1.jpg?gl=GB\",\"keywords\":[\"2013\",\"Events\"],\"articleSection\":[\"News - \u0395\u039d\",\"News old page\"],\"inLanguage\":\"en-US\"},{\"@type\":\"WebPage\",\"@id\":\"https:\/\/orthodoxalbania.org\/2020\/en\/2013\/03\/22\/the-orthodox-church-of-albania-and-the-fair-in-the-city-of-elbasan\/\",\"url\":\"https:\/\/orthodoxalbania.org\/2020\/en\/2013\/03\/22\/the-orthodox-church-of-albania-and-the-fair-in-the-city-of-elbasan\/\",\"name\":\"The Orthodox Church of Albania and the Fair in the City of Elbasan. (12-14 March 2013) - Kisha Orthodh\u03bfkse Autoqefale e Shqip\u00ebris\u00eb\",\"isPartOf\":{\"@id\":\"https:\/\/orthodoxalbania.org\/2020\/#website\"},\"primaryImageOfPage\":{\"@id\":\"https:\/\/orthodoxalbania.org\/2020\/en\/2013\/03\/22\/the-orthodox-church-of-albania-and-the-fair-in-the-city-of-elbasan\/#primaryimage\"},\"image\":{\"@id\":\"https:\/\/orthodoxalbania.org\/2020\/en\/2013\/03\/22\/the-orthodox-church-of-albania-and-the-fair-in-the-city-of-elbasan\/#primaryimage\"},\"thumbnailUrl\":\"https:\/\/lh3.googleusercontent.com\/-8aIYvSEha0c\/UUcgmSeOX1I\/AAAAAAAACGI\/5iZXDmAPEAQ\/s640\/1.jpg?gl=GB\",\"datePublished\":\"2013-03-22T10:41:36+00:00\",\"dateModified\":\"2020-04-12T22:30:50+00:00\",\"breadcrumb\":{\"@id\":\"https:\/\/orthodoxalbania.org\/2020\/en\/2013\/03\/22\/the-orthodox-church-of-albania-and-the-fair-in-the-city-of-elbasan\/#breadcrumb\"},\"inLanguage\":\"en-US\",\"potentialAction\":[{\"@type\":\"ReadAction\",\"target\":[\"https:\/\/orthodoxalbania.org\/2020\/en\/2013\/03\/22\/the-orthodox-church-of-albania-and-the-fair-in-the-city-of-elbasan\/\"]}]},{\"@type\":\"ImageObject\",\"inLanguage\":\"en-US\",\"@id\":\"https:\/\/orthodoxalbania.org\/2020\/en\/2013\/03\/22\/the-orthodox-church-of-albania-and-the-fair-in-the-city-of-elbasan\/#primaryimage\",\"url\":\"https:\/\/lh3.googleusercontent.com\/-8aIYvSEha0c\/UUcgmSeOX1I\/AAAAAAAACGI\/5iZXDmAPEAQ\/s640\/1.jpg?gl=GB\",\"contentUrl\":\"https:\/\/lh3.googleusercontent.com\/-8aIYvSEha0c\/UUcgmSeOX1I\/AAAAAAAACGI\/5iZXDmAPEAQ\/s640\/1.jpg?gl=GB\"},{\"@type\":\"BreadcrumbList\",\"@id\":\"https:\/\/orthodoxalbania.org\/2020\/en\/2013\/03\/22\/the-orthodox-church-of-albania-and-the-fair-in-the-city-of-elbasan\/#breadcrumb\",\"itemListElement\":[{\"@type\":\"ListItem\",\"position\":1,\"name\":\"Home\",\"item\":\"https:\/\/orthodoxalbania.org\/2020\/\"},{\"@type\":\"ListItem\",\"position\":2,\"name\":\"The Orthodox Church of Albania and the Fair in the City of Elbasan. (12-14 March 2013)\"}]},{\"@type\":\"WebSite\",\"@id\":\"https:\/\/orthodoxalbania.org\/2020\/#website\",\"url\":\"https:\/\/orthodoxalbania.org\/2020\/\",\"name\":\"Kisha Orthodh\u03bfkse Autoqefale e Shqip\u00ebris\u00eb\",\"description\":\"Fqja Zyrtare e Kish\u00ebs Orthodhokse Autoqefale e Shqip\u00ebris\u00eb me lajmet edhe informacionet zyrtare p\u00ebr struktur\u00ebn edhe veprimtarin e saj.\",\"publisher\":{\"@id\":\"https:\/\/orthodoxalbania.org\/2020\/#organization\"},\"potentialAction\":[{\"@type\":\"SearchAction\",\"target\":{\"@type\":\"EntryPoint\",\"urlTemplate\":\"https:\/\/orthodoxalbania.org\/2020\/?s={search_term_string}\"},\"query-input\":{\"@type\":\"PropertyValueSpecification\",\"valueRequired\":true,\"valueName\":\"search_term_string\"}}],\"inLanguage\":\"en-US\"},{\"@type\":\"Organization\",\"@id\":\"https:\/\/orthodoxalbania.org\/2020\/#organization\",\"name\":\"Kisha Orthodhokse Autoqefale e Shqip\u00ebris\u00eb\",\"url\":\"https:\/\/orthodoxalbania.org\/2020\/\",\"logo\":{\"@type\":\"ImageObject\",\"inLanguage\":\"en-US\",\"@id\":\"https:\/\/orthodoxalbania.org\/2020\/#\/schema\/logo\/image\/\",\"url\":\"https:\/\/orthodoxalbania.org\/2020\/wp-content\/uploads\/2020\/05\/albania.jpeg\",\"contentUrl\":\"https:\/\/orthodoxalbania.org\/2020\/wp-content\/uploads\/2020\/05\/albania.jpeg\",\"width\":540,\"height\":540,\"caption\":\"Kisha Orthodhokse Autoqefale e Shqip\u00ebris\u00eb\"},\"image\":{\"@id\":\"https:\/\/orthodoxalbania.org\/2020\/#\/schema\/logo\/image\/\"},\"sameAs\":[\"https:\/\/www.facebook.com\/koash1991\"]},{\"@type\":\"Person\",\"@id\":\"https:\/\/orthodoxalbania.org\/2020\/#\/schema\/person\/df745f942b70e045b3dc05a30211f0de\",\"name\":\"Kisha Orthodhokse\",\"image\":{\"@type\":\"ImageObject\",\"inLanguage\":\"en-US\",\"@id\":\"https:\/\/secure.gravatar.com\/avatar\/2676eb8d97178435c9f691a7871595a1da6c33542dec218bce40885573150e28?s=96&d=mm&r=g\",\"url\":\"https:\/\/secure.gravatar.com\/avatar\/2676eb8d97178435c9f691a7871595a1da6c33542dec218bce40885573150e28?s=96&d=mm&r=g\",\"contentUrl\":\"https:\/\/secure.gravatar.com\/avatar\/2676eb8d97178435c9f691a7871595a1da6c33542dec218bce40885573150e28?s=96&d=mm&r=g\",\"caption\":\"Kisha Orthodhokse\"}}]}<\/script>\n<!-- \/ Yoast SEO plugin. -->","yoast_head_json":{"title":"The Orthodox Church of Albania and the Fair in the City of Elbasan. (12-14 March 2013) - Kisha Orthodh\u03bfkse Autoqefale e Shqip\u00ebris\u00eb","robots":{"index":"index","follow":"follow","max-snippet":"max-snippet:-1","max-image-preview":"max-image-preview:large","max-video-preview":"max-video-preview:-1"},"canonical":"https:\/\/orthodoxalbania.org\/2020\/en\/2013\/03\/22\/the-orthodox-church-of-albania-and-the-fair-in-the-city-of-elbasan\/","og_locale":"en_US","og_type":"article","og_title":"The Orthodox Church of Albania and the Fair in the City of Elbasan. (12-14 March 2013) - Kisha Orthodh\u03bfkse Autoqefale e Shqip\u00ebris\u00eb","og_description":"&nbsp;&nbsp;&nbsp; Our Orthodox churches in Elbasan, through the parishes of St. Nicholas and St. Athanasius, took part in the three-day fair (12-14 March 2013) organized by the Municipality of Elbasan. The goal of this fair was to present and display the social, educational and cultural activities of the organizations of Elbasan. &nbsp;&nbsp;&nbsp; Through the initiative and organization of Father Heliodor Demiri and of the catechist","og_url":"https:\/\/orthodoxalbania.org\/2020\/en\/2013\/03\/22\/the-orthodox-church-of-albania-and-the-fair-in-the-city-of-elbasan\/","og_site_name":"Kisha Orthodh\u03bfkse Autoqefale e Shqip\u00ebris\u00eb","article_publisher":"https:\/\/www.facebook.com\/koash1991","article_published_time":"2013-03-22T10:41:36+00:00","article_modified_time":"2020-04-12T22:30:50+00:00","og_image":[{"url":"https:\/\/lh6.googleusercontent.com\/-zqxnFridjUc\/UUcgmKhS8aI\/AAAAAAAACGA\/LBzMrkC97_U\/s640\/1 - e vogel .jpg?gl=GB","type":"","width":"","height":""}],"author":"Kisha Orthodhokse","twitter_card":"summary_large_image","twitter_misc":{"Written by":"Kisha Orthodhokse","Est. reading time":"1 minute"},"schema":{"@context":"https:\/\/schema.org","@graph":[{"@type":"Article","@id":"https:\/\/orthodoxalbania.org\/2020\/en\/2013\/03\/22\/the-orthodox-church-of-albania-and-the-fair-in-the-city-of-elbasan\/#article","isPartOf":{"@id":"https:\/\/orthodoxalbania.org\/2020\/en\/2013\/03\/22\/the-orthodox-church-of-albania-and-the-fair-in-the-city-of-elbasan\/"},"author":{"name":"Kisha Orthodhokse","@id":"https:\/\/orthodoxalbania.org\/2020\/#\/schema\/person\/df745f942b70e045b3dc05a30211f0de"},"headline":"The Orthodox Church of Albania and the Fair in the City of Elbasan. (12-14 March 2013)","datePublished":"2013-03-22T10:41:36+00:00","dateModified":"2020-04-12T22:30:50+00:00","mainEntityOfPage":{"@id":"https:\/\/orthodoxalbania.org\/2020\/en\/2013\/03\/22\/the-orthodox-church-of-albania-and-the-fair-in-the-city-of-elbasan\/"},"wordCount":261,"commentCount":0,"publisher":{"@id":"https:\/\/orthodoxalbania.org\/2020\/#organization"},"image":{"@id":"https:\/\/orthodoxalbania.org\/2020\/en\/2013\/03\/22\/the-orthodox-church-of-albania-and-the-fair-in-the-city-of-elbasan\/#primaryimage"},"thumbnailUrl":"https:\/\/lh3.googleusercontent.com\/-8aIYvSEha0c\/UUcgmSeOX1I\/AAAAAAAACGI\/5iZXDmAPEAQ\/s640\/1.jpg?gl=GB","keywords":["2013","Events"],"articleSection":["News - \u0395\u039d","News old page"],"inLanguage":"en-US"},{"@type":"WebPage","@id":"https:\/\/orthodoxalbania.org\/2020\/en\/2013\/03\/22\/the-orthodox-church-of-albania-and-the-fair-in-the-city-of-elbasan\/","url":"https:\/\/orthodoxalbania.org\/2020\/en\/2013\/03\/22\/the-orthodox-church-of-albania-and-the-fair-in-the-city-of-elbasan\/","name":"The Orthodox Church of Albania and the Fair in the City of Elbasan. (12-14 March 2013) - Kisha Orthodh\u03bfkse Autoqefale e Shqip\u00ebris\u00eb","isPartOf":{"@id":"https:\/\/orthodoxalbania.org\/2020\/#website"},"primaryImageOfPage":{"@id":"https:\/\/orthodoxalbania.org\/2020\/en\/2013\/03\/22\/the-orthodox-church-of-albania-and-the-fair-in-the-city-of-elbasan\/#primaryimage"},"image":{"@id":"https:\/\/orthodoxalbania.org\/2020\/en\/2013\/03\/22\/the-orthodox-church-of-albania-and-the-fair-in-the-city-of-elbasan\/#primaryimage"},"thumbnailUrl":"https:\/\/lh3.googleusercontent.com\/-8aIYvSEha0c\/UUcgmSeOX1I\/AAAAAAAACGI\/5iZXDmAPEAQ\/s640\/1.jpg?gl=GB","datePublished":"2013-03-22T10:41:36+00:00","dateModified":"2020-04-12T22:30:50+00:00","breadcrumb":{"@id":"https:\/\/orthodoxalbania.org\/2020\/en\/2013\/03\/22\/the-orthodox-church-of-albania-and-the-fair-in-the-city-of-elbasan\/#breadcrumb"},"inLanguage":"en-US","potentialAction":[{"@type":"ReadAction","target":["https:\/\/orthodoxalbania.org\/2020\/en\/2013\/03\/22\/the-orthodox-church-of-albania-and-the-fair-in-the-city-of-elbasan\/"]}]},{"@type":"ImageObject","inLanguage":"en-US","@id":"https:\/\/orthodoxalbania.org\/2020\/en\/2013\/03\/22\/the-orthodox-church-of-albania-and-the-fair-in-the-city-of-elbasan\/#primaryimage","url":"https:\/\/lh3.googleusercontent.com\/-8aIYvSEha0c\/UUcgmSeOX1I\/AAAAAAAACGI\/5iZXDmAPEAQ\/s640\/1.jpg?gl=GB","contentUrl":"https:\/\/lh3.googleusercontent.com\/-8aIYvSEha0c\/UUcgmSeOX1I\/AAAAAAAACGI\/5iZXDmAPEAQ\/s640\/1.jpg?gl=GB"},{"@type":"BreadcrumbList","@id":"https:\/\/orthodoxalbania.org\/2020\/en\/2013\/03\/22\/the-orthodox-church-of-albania-and-the-fair-in-the-city-of-elbasan\/#breadcrumb","itemListElement":[{"@type":"ListItem","position":1,"name":"Home","item":"https:\/\/orthodoxalbania.org\/2020\/"},{"@type":"ListItem","position":2,"name":"The Orthodox Church of Albania and the Fair in the City of Elbasan. (12-14 March 2013)"}]},{"@type":"WebSite","@id":"https:\/\/orthodoxalbania.org\/2020\/#website","url":"https:\/\/orthodoxalbania.org\/2020\/","name":"Kisha Orthodh\u03bfkse Autoqefale e Shqip\u00ebris\u00eb","description":"Fqja Zyrtare e Kish\u00ebs Orthodhokse Autoqefale e Shqip\u00ebris\u00eb me lajmet edhe informacionet zyrtare p\u00ebr struktur\u00ebn edhe veprimtarin e saj.","publisher":{"@id":"https:\/\/orthodoxalbania.org\/2020\/#organization"},"potentialAction":[{"@type":"SearchAction","target":{"@type":"EntryPoint","urlTemplate":"https:\/\/orthodoxalbania.org\/2020\/?s={search_term_string}"},"query-input":{"@type":"PropertyValueSpecification","valueRequired":true,"valueName":"search_term_string"}}],"inLanguage":"en-US"},{"@type":"Organization","@id":"https:\/\/orthodoxalbania.org\/2020\/#organization","name":"Kisha Orthodhokse Autoqefale e Shqip\u00ebris\u00eb","url":"https:\/\/orthodoxalbania.org\/2020\/","logo":{"@type":"ImageObject","inLanguage":"en-US","@id":"https:\/\/orthodoxalbania.org\/2020\/#\/schema\/logo\/image\/","url":"https:\/\/orthodoxalbania.org\/2020\/wp-content\/uploads\/2020\/05\/albania.jpeg","contentUrl":"https:\/\/orthodoxalbania.org\/2020\/wp-content\/uploads\/2020\/05\/albania.jpeg","width":540,"height":540,"caption":"Kisha Orthodhokse Autoqefale e Shqip\u00ebris\u00eb"},"image":{"@id":"https:\/\/orthodoxalbania.org\/2020\/#\/schema\/logo\/image\/"},"sameAs":["https:\/\/www.facebook.com\/koash1991"]},{"@type":"Person","@id":"https:\/\/orthodoxalbania.org\/2020\/#\/schema\/person\/df745f942b70e045b3dc05a30211f0de","name":"Kisha Orthodhokse","image":{"@type":"ImageObject","inLanguage":"en-US","@id":"https:\/\/secure.gravatar.com\/avatar\/2676eb8d97178435c9f691a7871595a1da6c33542dec218bce40885573150e28?s=96&d=mm&r=g","url":"https:\/\/secure.gravatar.com\/avatar\/2676eb8d97178435c9f691a7871595a1da6c33542dec218bce40885573150e28?s=96&d=mm&r=g","contentUrl":"https:\/\/secure.gravatar.com\/avatar\/2676eb8d97178435c9f691a7871595a1da6c33542dec218bce40885573150e28?s=96&d=mm&r=g","caption":"Kisha Orthodhokse"}}]}},"_links":{"self":[{"href":"https:\/\/orthodoxalbania.org\/2020\/wp-json\/wp\/v2\/posts\/1406","targetHints":{"allow":["GET"]}}],"collection":[{"href":"https:\/\/orthodoxalbania.org\/2020\/wp-json\/wp\/v2\/posts"}],"about":[{"href":"https:\/\/orthodoxalbania.org\/2020\/wp-json\/wp\/v2\/types\/post"}],"author":[{"embeddable":true,"href":"https:\/\/orthodoxalbania.org\/2020\/wp-json\/wp\/v2\/users\/7"}],"replies":[{"embeddable":true,"href":"https:\/\/orthodoxalbania.org\/2020\/wp-json\/wp\/v2\/comments?post=1406"}],"version-history":[{"count":1,"href":"https:\/\/orthodoxalbania.org\/2020\/wp-json\/wp\/v2\/posts\/1406\/revisions"}],"predecessor-version":[{"id":17666,"href":"https:\/\/orthodoxalbania.org\/2020\/wp-json\/wp\/v2\/posts\/1406\/revisions\/17666"}],"wp:attachment":[{"href":"https:\/\/orthodoxalbania.org\/2020\/wp-json\/wp\/v2\/media?parent=1406"}],"wp:term":[{"taxonomy":"category","embeddable":true,"href":"https:\/\/orthodoxalbania.org\/2020\/wp-json\/wp\/v2\/categories?post=1406"},{"taxonomy":"post_tag","embeddable":true,"href":"https:\/\/orthodoxalbania.org\/2020\/wp-json\/wp\/v2\/tags?post=1406"}],"curies":[{"name":"wp","href":"https:\/\/api.w.org\/{rel}","templated":true}]}}