{"id":1389,"date":"2013-03-21T10:17:02","date_gmt":"2013-03-21T10:17:02","guid":{"rendered":""},"modified":"2020-04-13T00:31:03","modified_gmt":"2020-04-12T22:31:03","slug":"the-new-academic-year-began-at-logos-university-october-2011","status":"publish","type":"post","link":"https:\/\/orthodoxalbania.org\/2020\/en\/2013\/03\/21\/the-new-academic-year-began-at-logos-university-october-2011\/","title":{"rendered":"The New Academic Year Began at \u201cLOGOS\u201d University. (October 2011)"},"content":{"rendered":"<div class=\"style10\" style=\"text-align: justify;\"><span style=\"color: #000000;\"><span style=\"font-family: tahoma,geneva,sans-serif;\"><span style=\"font-size: 12px;\"><img decoding=\"async\" class=\"lazyload HAa Eha\" style=\"height: 241px; width: 373px; border-width: 1px; border-style: solid; margin: 10px; float: left;\" alt=\"\" src=\"data:image\/gif;base64,R0lGODlhAQABAAAAACH5BAEKAAEALAAAAAABAAEAAAICTAEAOw==\" data-orig-src=\"https:\/\/lh4.googleusercontent.com\/-VX1ZcHDwa1o\/VARJW0XUypI\/AAAAAAAACm0\/q2_Jf-v8OiI\/w448-h290-no\/foto%2B1.jpg\" \/>&nbsp;&nbsp;&nbsp; On October 17-th, 2011 \u201cLogos\u201d University began the new academic year, opening its doors for many young students who will continue on the path of knowledge. Having been opened in the 2010, this university is a gift of His Beatitude, Professor-Dr. Anastasios, eminent scholar and well known throughout the world. This university is a gift not only for the Orthodox community, but for the entire country. Its&#8217; academic staff are highly prepared for all the subjects. They are professors, doctors of sciences and lecturers who received their degrees both inside and outside of the country, to train capable students who are well prepared for the job market not only in Albania, but also in the European Community. Logos is not a new university. The foundation was laid by the two year professional institution \u201cSpirit of Love\u201d, which was founded in 2000. Logos University is a successor of 10 years experience and has a very beautiful professional building with modern laboratories, a library with the contemporary literature etc. Logos University is a non-profit university and the tuition costs to enter in this university are the lowest, and so the most competitive. A fact that is confirmed by the enrollment of the substantial number of students who have chosen it.<\/span><\/span><\/span><\/div>\n<div class=\"style10\" style=\"text-align: justify;\"> <span style=\"color: #000000;\"><span style=\"font-family: tahoma,geneva,sans-serif;\"><span style=\"font-size: 12px;\">&nbsp;&nbsp; &#8220;Logos&#8221; University has two faculties: Applied Sciences and Economy, with programs in full compliance with the Bologna System such as: Finance Accounting, Business Management, Tourism Management, Applied Informatics, High Technical of Medical Laboratories.<\/span><\/span><\/span><\/div>\n<div class=\"style10\" style=\"text-align: justify;\">&nbsp;<\/div>\n<div class=\"style10\" style=\"text-align: right;\"><span style=\"color: #000000;\"><span style=\"font-family: tahoma,geneva,sans-serif;\"><span style=\"font-size: 12px;\"><strong><em>Translated by<\/em> Ana Meni<\/strong><\/span><\/span><\/span><\/div>\n<div class=\"style10\" style=\"text-align: right;\"> <span style=\"color: #000000;\"><span style=\"font-family: tahoma,geneva,sans-serif;\"><span style=\"font-size: 12px;\"><strong><em>Edited by <\/em>Anastasia Pamela Barksdale<\/strong><\/span><\/span><\/span><\/div>\n<div class=\"style10\" style=\"text-align: right;\">&nbsp;<\/div>\n<div class=\"style10\" style=\"text-align: center;\">\n<div><span style=\"color: #000000;\"><span style=\"font-family: tahoma,geneva,sans-serif;\"><span style=\"font-size: 12px;\"><img decoding=\"async\" class=\"lazyload HAa Eha\" style=\"height: 255px; width: 340px; margin: 10px auto; display: block; border: 1px solid;\" alt=\"\" src=\"data:image\/svg+xml,%3Csvg%20xmlns%3D%27http%3A%2F%2Fwww.w3.org%2F2000%2Fsvg%27%20width%3D%27340%27%20height%3D%27255%27%20viewBox%3D%270%200%20340%20255%27%3E%3Crect%20width%3D%27340%27%20height%3D%27255%27%20fill-opacity%3D%220%22%2F%3E%3C%2Fsvg%3E\" data-orig-src=\"https:\/\/lh3.googleusercontent.com\/-kN6Ni0upSfI\/VARJW43c3oI\/AAAAAAAACnI\/WPdb5uhqmB4\/w448-h336-no\/fot+3.jpg\" height=\"255px\" width=\"340px\" \/><\/span><\/span><\/span><\/div>\n<div><span style=\"color: #000000;\"><span style=\"font-family: tahoma,geneva,sans-serif;\"><span style=\"font-size: 12px;\"><img decoding=\"async\" class=\"lazyload HAa Eha\" style=\"margin: 10px auto; display: block; border: 1px solid;\" alt=\"\" src=\"data:image\/svg+xml,%3Csvg%20xmlns%3D%27http%3A%2F%2Fwww.w3.org%2F2000%2Fsvg%27%20width%3D%27344%27%20height%3D%27252%27%20viewBox%3D%270%200%20344%20252%27%3E%3Crect%20width%3D%27344%27%20height%3D%27252%27%20fill-opacity%3D%220%22%2F%3E%3C%2Fsvg%3E\" data-orig-src=\"https:\/\/lh4.googleusercontent.com\/-LhWiytIu-KM\/VARJW-SgFfI\/AAAAAAAACm8\/OZkFmR2uwjE\/w448-h298-no\/foto+2.jpg\" height=\"252\" width=\"344\" \/><\/span><\/span><\/span><\/div>\n<div><span style=\"color: #000000;\"><span style=\"font-family: tahoma,geneva,sans-serif;\"><span style=\"font-size: 12px;\"><img decoding=\"async\" class=\"lazyload HAa Eha\" style=\"height: 226px; width: 340px; margin: 10px auto; display: block; border: 1px solid;\" alt=\"\" src=\"data:image\/svg+xml,%3Csvg%20xmlns%3D%27http%3A%2F%2Fwww.w3.org%2F2000%2Fsvg%27%20width%3D%27340%27%20height%3D%27226%27%20viewBox%3D%270%200%20340%20226%27%3E%3Crect%20width%3D%27340%27%20height%3D%27226%27%20fill-opacity%3D%220%22%2F%3E%3C%2Fsvg%3E\" data-orig-src=\"https:\/\/lh3.googleusercontent.com\/-FeHhdtiwAKI\/VARJXoAwWHI\/AAAAAAAACnE\/zcwT-q9jSRw\/w448-h298-no\/foto+4.jpg\" height=\"226px\" width=\"340px\" \/><\/span><\/span><\/span><\/div>\n<\/div>\n<p>&nbsp;<\/p>\n","protected":false},"excerpt":{"rendered":"<p>&nbsp;&nbsp;&nbsp; On October 17-th, 2011 \u201cLogos\u201d University began the new academic year, opening its doors for many young students who will continue on the path of knowledge. Having been opened in the 2010, this university is a gift of His Beatitude, Professor-Dr. Anastasios, eminent scholar and well known throughout the world. This university is a gift not only for the Orthodox community, but for the<\/p>\n","protected":false},"author":7,"featured_media":0,"comment_status":"open","ping_status":"open","sticky":false,"template":"","format":"standard","meta":{"_acf_changed":false,"pagelayer_contact_templates":[],"_pagelayer_content":"","inline_featured_image":false,"fifu_image_url":"","fifu_image_alt":"","footnotes":""},"categories":[1455,311],"tags":[1133,1846],"class_list":["post-1389","post","type-post","status-publish","format-standard","hentry","category-news-en","category-news-d25","tag-2011-en","tag-universiteti-logos-en"],"acf":[],"yoast_head":"<!-- This site is optimized with the Yoast SEO plugin v27.2 - https:\/\/yoast.com\/product\/yoast-seo-wordpress\/ -->\n<title>The New Academic Year Began at \u201cLOGOS\u201d University. (October 2011) - Kisha Orthodh\u03bfkse Autoqefale e Shqip\u00ebris\u00eb<\/title>\n<meta name=\"robots\" content=\"index, follow, max-snippet:-1, max-image-preview:large, max-video-preview:-1\" \/>\n<link rel=\"canonical\" href=\"https:\/\/orthodoxalbania.org\/2020\/en\/2013\/03\/21\/the-new-academic-year-began-at-logos-university-october-2011\/\" \/>\n<meta property=\"og:locale\" content=\"en_US\" \/>\n<meta property=\"og:type\" content=\"article\" \/>\n<meta property=\"og:title\" content=\"The New Academic Year Began at \u201cLOGOS\u201d University. (October 2011) - Kisha Orthodh\u03bfkse Autoqefale e Shqip\u00ebris\u00eb\" \/>\n<meta property=\"og:description\" content=\"&nbsp;&nbsp;&nbsp; On October 17-th, 2011 \u201cLogos\u201d University began the new academic year, opening its doors for many young students who will continue on the path of knowledge. Having been opened in the 2010, this university is a gift of His Beatitude, Professor-Dr. Anastasios, eminent scholar and well known throughout the world. This university is a gift not only for the Orthodox community, but for the\" \/>\n<meta property=\"og:url\" content=\"https:\/\/orthodoxalbania.org\/2020\/en\/2013\/03\/21\/the-new-academic-year-began-at-logos-university-october-2011\/\" \/>\n<meta property=\"og:site_name\" content=\"Kisha Orthodh\u03bfkse Autoqefale e Shqip\u00ebris\u00eb\" \/>\n<meta property=\"article:publisher\" content=\"https:\/\/www.facebook.com\/koash1991\" \/>\n<meta property=\"article:published_time\" content=\"2013-03-21T10:17:02+00:00\" \/>\n<meta property=\"article:modified_time\" content=\"2020-04-12T22:31:03+00:00\" \/>\n<meta property=\"og:image\" content=\"https:\/\/lh4.googleusercontent.com\/-VX1ZcHDwa1o\/VARJW0XUypI\/AAAAAAAACm0\/q2_Jf-v8OiI\/w448-h290-no\/foto%2B1.jpg\" \/>\n<meta name=\"author\" content=\"Kisha Orthodhokse\" \/>\n<meta name=\"twitter:card\" content=\"summary_large_image\" \/>\n<meta name=\"twitter:label1\" content=\"Written by\" \/>\n\t<meta name=\"twitter:data1\" content=\"Kisha Orthodhokse\" \/>\n\t<meta name=\"twitter:label2\" content=\"Est. reading time\" \/>\n\t<meta name=\"twitter:data2\" content=\"1 minute\" \/>\n<script type=\"application\/ld+json\" class=\"yoast-schema-graph\">{\"@context\":\"https:\/\/schema.org\",\"@graph\":[{\"@type\":\"Article\",\"@id\":\"https:\/\/orthodoxalbania.org\/2020\/en\/2013\/03\/21\/the-new-academic-year-began-at-logos-university-october-2011\/#article\",\"isPartOf\":{\"@id\":\"https:\/\/orthodoxalbania.org\/2020\/en\/2013\/03\/21\/the-new-academic-year-began-at-logos-university-october-2011\/\"},\"author\":{\"name\":\"Kisha Orthodhokse\",\"@id\":\"https:\/\/orthodoxalbania.org\/2020\/#\/schema\/person\/df745f942b70e045b3dc05a30211f0de\"},\"headline\":\"The New Academic Year Began at \u201cLOGOS\u201d University. (October 2011)\",\"datePublished\":\"2013-03-21T10:17:02+00:00\",\"dateModified\":\"2020-04-12T22:31:03+00:00\",\"mainEntityOfPage\":{\"@id\":\"https:\/\/orthodoxalbania.org\/2020\/en\/2013\/03\/21\/the-new-academic-year-began-at-logos-university-october-2011\/\"},\"wordCount\":263,\"commentCount\":0,\"publisher\":{\"@id\":\"https:\/\/orthodoxalbania.org\/2020\/#organization\"},\"image\":{\"@id\":\"https:\/\/orthodoxalbania.org\/2020\/en\/2013\/03\/21\/the-new-academic-year-began-at-logos-university-october-2011\/#primaryimage\"},\"thumbnailUrl\":\"https:\/\/lh4.googleusercontent.com\/-VX1ZcHDwa1o\/VARJW0XUypI\/AAAAAAAACm0\/q2_Jf-v8OiI\/w448-h290-no\/foto%2B1.jpg\",\"keywords\":[\"2011\",\"Universiteti \\\"Logos\\\"\"],\"articleSection\":[\"News - \u0395\u039d\",\"News old page\"],\"inLanguage\":\"en-US\"},{\"@type\":\"WebPage\",\"@id\":\"https:\/\/orthodoxalbania.org\/2020\/en\/2013\/03\/21\/the-new-academic-year-began-at-logos-university-october-2011\/\",\"url\":\"https:\/\/orthodoxalbania.org\/2020\/en\/2013\/03\/21\/the-new-academic-year-began-at-logos-university-october-2011\/\",\"name\":\"The New Academic Year Began at \u201cLOGOS\u201d University. (October 2011) - Kisha Orthodh\u03bfkse Autoqefale e Shqip\u00ebris\u00eb\",\"isPartOf\":{\"@id\":\"https:\/\/orthodoxalbania.org\/2020\/#website\"},\"primaryImageOfPage\":{\"@id\":\"https:\/\/orthodoxalbania.org\/2020\/en\/2013\/03\/21\/the-new-academic-year-began-at-logos-university-october-2011\/#primaryimage\"},\"image\":{\"@id\":\"https:\/\/orthodoxalbania.org\/2020\/en\/2013\/03\/21\/the-new-academic-year-began-at-logos-university-october-2011\/#primaryimage\"},\"thumbnailUrl\":\"https:\/\/lh4.googleusercontent.com\/-VX1ZcHDwa1o\/VARJW0XUypI\/AAAAAAAACm0\/q2_Jf-v8OiI\/w448-h290-no\/foto%2B1.jpg\",\"datePublished\":\"2013-03-21T10:17:02+00:00\",\"dateModified\":\"2020-04-12T22:31:03+00:00\",\"breadcrumb\":{\"@id\":\"https:\/\/orthodoxalbania.org\/2020\/en\/2013\/03\/21\/the-new-academic-year-began-at-logos-university-october-2011\/#breadcrumb\"},\"inLanguage\":\"en-US\",\"potentialAction\":[{\"@type\":\"ReadAction\",\"target\":[\"https:\/\/orthodoxalbania.org\/2020\/en\/2013\/03\/21\/the-new-academic-year-began-at-logos-university-october-2011\/\"]}]},{\"@type\":\"ImageObject\",\"inLanguage\":\"en-US\",\"@id\":\"https:\/\/orthodoxalbania.org\/2020\/en\/2013\/03\/21\/the-new-academic-year-began-at-logos-university-october-2011\/#primaryimage\",\"url\":\"https:\/\/lh4.googleusercontent.com\/-VX1ZcHDwa1o\/VARJW0XUypI\/AAAAAAAACm0\/q2_Jf-v8OiI\/w448-h290-no\/foto%2B1.jpg\",\"contentUrl\":\"https:\/\/lh4.googleusercontent.com\/-VX1ZcHDwa1o\/VARJW0XUypI\/AAAAAAAACm0\/q2_Jf-v8OiI\/w448-h290-no\/foto%2B1.jpg\"},{\"@type\":\"BreadcrumbList\",\"@id\":\"https:\/\/orthodoxalbania.org\/2020\/en\/2013\/03\/21\/the-new-academic-year-began-at-logos-university-october-2011\/#breadcrumb\",\"itemListElement\":[{\"@type\":\"ListItem\",\"position\":1,\"name\":\"Home\",\"item\":\"https:\/\/orthodoxalbania.org\/2020\/\"},{\"@type\":\"ListItem\",\"position\":2,\"name\":\"The New Academic Year Began at \u201cLOGOS\u201d University. (October 2011)\"}]},{\"@type\":\"WebSite\",\"@id\":\"https:\/\/orthodoxalbania.org\/2020\/#website\",\"url\":\"https:\/\/orthodoxalbania.org\/2020\/\",\"name\":\"Kisha Orthodh\u03bfkse Autoqefale e Shqip\u00ebris\u00eb\",\"description\":\"Fqja Zyrtare e Kish\u00ebs Orthodhokse Autoqefale e Shqip\u00ebris\u00eb me lajmet edhe informacionet zyrtare p\u00ebr struktur\u00ebn edhe veprimtarin e saj.\",\"publisher\":{\"@id\":\"https:\/\/orthodoxalbania.org\/2020\/#organization\"},\"potentialAction\":[{\"@type\":\"SearchAction\",\"target\":{\"@type\":\"EntryPoint\",\"urlTemplate\":\"https:\/\/orthodoxalbania.org\/2020\/?s={search_term_string}\"},\"query-input\":{\"@type\":\"PropertyValueSpecification\",\"valueRequired\":true,\"valueName\":\"search_term_string\"}}],\"inLanguage\":\"en-US\"},{\"@type\":\"Organization\",\"@id\":\"https:\/\/orthodoxalbania.org\/2020\/#organization\",\"name\":\"Kisha Orthodhokse Autoqefale e Shqip\u00ebris\u00eb\",\"url\":\"https:\/\/orthodoxalbania.org\/2020\/\",\"logo\":{\"@type\":\"ImageObject\",\"inLanguage\":\"en-US\",\"@id\":\"https:\/\/orthodoxalbania.org\/2020\/#\/schema\/logo\/image\/\",\"url\":\"https:\/\/orthodoxalbania.org\/2020\/wp-content\/uploads\/2020\/05\/albania.jpeg\",\"contentUrl\":\"https:\/\/orthodoxalbania.org\/2020\/wp-content\/uploads\/2020\/05\/albania.jpeg\",\"width\":540,\"height\":540,\"caption\":\"Kisha Orthodhokse Autoqefale e Shqip\u00ebris\u00eb\"},\"image\":{\"@id\":\"https:\/\/orthodoxalbania.org\/2020\/#\/schema\/logo\/image\/\"},\"sameAs\":[\"https:\/\/www.facebook.com\/koash1991\"]},{\"@type\":\"Person\",\"@id\":\"https:\/\/orthodoxalbania.org\/2020\/#\/schema\/person\/df745f942b70e045b3dc05a30211f0de\",\"name\":\"Kisha Orthodhokse\",\"image\":{\"@type\":\"ImageObject\",\"inLanguage\":\"en-US\",\"@id\":\"https:\/\/secure.gravatar.com\/avatar\/2676eb8d97178435c9f691a7871595a1da6c33542dec218bce40885573150e28?s=96&d=mm&r=g\",\"url\":\"https:\/\/secure.gravatar.com\/avatar\/2676eb8d97178435c9f691a7871595a1da6c33542dec218bce40885573150e28?s=96&d=mm&r=g\",\"contentUrl\":\"https:\/\/secure.gravatar.com\/avatar\/2676eb8d97178435c9f691a7871595a1da6c33542dec218bce40885573150e28?s=96&d=mm&r=g\",\"caption\":\"Kisha Orthodhokse\"}}]}<\/script>\n<!-- \/ Yoast SEO plugin. -->","yoast_head_json":{"title":"The New Academic Year Began at \u201cLOGOS\u201d University. (October 2011) - Kisha Orthodh\u03bfkse Autoqefale e Shqip\u00ebris\u00eb","robots":{"index":"index","follow":"follow","max-snippet":"max-snippet:-1","max-image-preview":"max-image-preview:large","max-video-preview":"max-video-preview:-1"},"canonical":"https:\/\/orthodoxalbania.org\/2020\/en\/2013\/03\/21\/the-new-academic-year-began-at-logos-university-october-2011\/","og_locale":"en_US","og_type":"article","og_title":"The New Academic Year Began at \u201cLOGOS\u201d University. (October 2011) - Kisha Orthodh\u03bfkse Autoqefale e Shqip\u00ebris\u00eb","og_description":"&nbsp;&nbsp;&nbsp; On October 17-th, 2011 \u201cLogos\u201d University began the new academic year, opening its doors for many young students who will continue on the path of knowledge. Having been opened in the 2010, this university is a gift of His Beatitude, Professor-Dr. Anastasios, eminent scholar and well known throughout the world. This university is a gift not only for the Orthodox community, but for the","og_url":"https:\/\/orthodoxalbania.org\/2020\/en\/2013\/03\/21\/the-new-academic-year-began-at-logos-university-october-2011\/","og_site_name":"Kisha Orthodh\u03bfkse Autoqefale e Shqip\u00ebris\u00eb","article_publisher":"https:\/\/www.facebook.com\/koash1991","article_published_time":"2013-03-21T10:17:02+00:00","article_modified_time":"2020-04-12T22:31:03+00:00","og_image":[{"url":"https:\/\/lh4.googleusercontent.com\/-VX1ZcHDwa1o\/VARJW0XUypI\/AAAAAAAACm0\/q2_Jf-v8OiI\/w448-h290-no\/foto%2B1.jpg","type":"","width":"","height":""}],"author":"Kisha Orthodhokse","twitter_card":"summary_large_image","twitter_misc":{"Written by":"Kisha Orthodhokse","Est. reading time":"1 minute"},"schema":{"@context":"https:\/\/schema.org","@graph":[{"@type":"Article","@id":"https:\/\/orthodoxalbania.org\/2020\/en\/2013\/03\/21\/the-new-academic-year-began-at-logos-university-october-2011\/#article","isPartOf":{"@id":"https:\/\/orthodoxalbania.org\/2020\/en\/2013\/03\/21\/the-new-academic-year-began-at-logos-university-october-2011\/"},"author":{"name":"Kisha Orthodhokse","@id":"https:\/\/orthodoxalbania.org\/2020\/#\/schema\/person\/df745f942b70e045b3dc05a30211f0de"},"headline":"The New Academic Year Began at \u201cLOGOS\u201d University. (October 2011)","datePublished":"2013-03-21T10:17:02+00:00","dateModified":"2020-04-12T22:31:03+00:00","mainEntityOfPage":{"@id":"https:\/\/orthodoxalbania.org\/2020\/en\/2013\/03\/21\/the-new-academic-year-began-at-logos-university-october-2011\/"},"wordCount":263,"commentCount":0,"publisher":{"@id":"https:\/\/orthodoxalbania.org\/2020\/#organization"},"image":{"@id":"https:\/\/orthodoxalbania.org\/2020\/en\/2013\/03\/21\/the-new-academic-year-began-at-logos-university-october-2011\/#primaryimage"},"thumbnailUrl":"https:\/\/lh4.googleusercontent.com\/-VX1ZcHDwa1o\/VARJW0XUypI\/AAAAAAAACm0\/q2_Jf-v8OiI\/w448-h290-no\/foto%2B1.jpg","keywords":["2011","Universiteti \"Logos\""],"articleSection":["News - \u0395\u039d","News old page"],"inLanguage":"en-US"},{"@type":"WebPage","@id":"https:\/\/orthodoxalbania.org\/2020\/en\/2013\/03\/21\/the-new-academic-year-began-at-logos-university-october-2011\/","url":"https:\/\/orthodoxalbania.org\/2020\/en\/2013\/03\/21\/the-new-academic-year-began-at-logos-university-october-2011\/","name":"The New Academic Year Began at \u201cLOGOS\u201d University. (October 2011) - Kisha Orthodh\u03bfkse Autoqefale e Shqip\u00ebris\u00eb","isPartOf":{"@id":"https:\/\/orthodoxalbania.org\/2020\/#website"},"primaryImageOfPage":{"@id":"https:\/\/orthodoxalbania.org\/2020\/en\/2013\/03\/21\/the-new-academic-year-began-at-logos-university-october-2011\/#primaryimage"},"image":{"@id":"https:\/\/orthodoxalbania.org\/2020\/en\/2013\/03\/21\/the-new-academic-year-began-at-logos-university-october-2011\/#primaryimage"},"thumbnailUrl":"https:\/\/lh4.googleusercontent.com\/-VX1ZcHDwa1o\/VARJW0XUypI\/AAAAAAAACm0\/q2_Jf-v8OiI\/w448-h290-no\/foto%2B1.jpg","datePublished":"2013-03-21T10:17:02+00:00","dateModified":"2020-04-12T22:31:03+00:00","breadcrumb":{"@id":"https:\/\/orthodoxalbania.org\/2020\/en\/2013\/03\/21\/the-new-academic-year-began-at-logos-university-october-2011\/#breadcrumb"},"inLanguage":"en-US","potentialAction":[{"@type":"ReadAction","target":["https:\/\/orthodoxalbania.org\/2020\/en\/2013\/03\/21\/the-new-academic-year-began-at-logos-university-october-2011\/"]}]},{"@type":"ImageObject","inLanguage":"en-US","@id":"https:\/\/orthodoxalbania.org\/2020\/en\/2013\/03\/21\/the-new-academic-year-began-at-logos-university-october-2011\/#primaryimage","url":"https:\/\/lh4.googleusercontent.com\/-VX1ZcHDwa1o\/VARJW0XUypI\/AAAAAAAACm0\/q2_Jf-v8OiI\/w448-h290-no\/foto%2B1.jpg","contentUrl":"https:\/\/lh4.googleusercontent.com\/-VX1ZcHDwa1o\/VARJW0XUypI\/AAAAAAAACm0\/q2_Jf-v8OiI\/w448-h290-no\/foto%2B1.jpg"},{"@type":"BreadcrumbList","@id":"https:\/\/orthodoxalbania.org\/2020\/en\/2013\/03\/21\/the-new-academic-year-began-at-logos-university-october-2011\/#breadcrumb","itemListElement":[{"@type":"ListItem","position":1,"name":"Home","item":"https:\/\/orthodoxalbania.org\/2020\/"},{"@type":"ListItem","position":2,"name":"The New Academic Year Began at \u201cLOGOS\u201d University. (October 2011)"}]},{"@type":"WebSite","@id":"https:\/\/orthodoxalbania.org\/2020\/#website","url":"https:\/\/orthodoxalbania.org\/2020\/","name":"Kisha Orthodh\u03bfkse Autoqefale e Shqip\u00ebris\u00eb","description":"Fqja Zyrtare e Kish\u00ebs Orthodhokse Autoqefale e Shqip\u00ebris\u00eb me lajmet edhe informacionet zyrtare p\u00ebr struktur\u00ebn edhe veprimtarin e saj.","publisher":{"@id":"https:\/\/orthodoxalbania.org\/2020\/#organization"},"potentialAction":[{"@type":"SearchAction","target":{"@type":"EntryPoint","urlTemplate":"https:\/\/orthodoxalbania.org\/2020\/?s={search_term_string}"},"query-input":{"@type":"PropertyValueSpecification","valueRequired":true,"valueName":"search_term_string"}}],"inLanguage":"en-US"},{"@type":"Organization","@id":"https:\/\/orthodoxalbania.org\/2020\/#organization","name":"Kisha Orthodhokse Autoqefale e Shqip\u00ebris\u00eb","url":"https:\/\/orthodoxalbania.org\/2020\/","logo":{"@type":"ImageObject","inLanguage":"en-US","@id":"https:\/\/orthodoxalbania.org\/2020\/#\/schema\/logo\/image\/","url":"https:\/\/orthodoxalbania.org\/2020\/wp-content\/uploads\/2020\/05\/albania.jpeg","contentUrl":"https:\/\/orthodoxalbania.org\/2020\/wp-content\/uploads\/2020\/05\/albania.jpeg","width":540,"height":540,"caption":"Kisha Orthodhokse Autoqefale e Shqip\u00ebris\u00eb"},"image":{"@id":"https:\/\/orthodoxalbania.org\/2020\/#\/schema\/logo\/image\/"},"sameAs":["https:\/\/www.facebook.com\/koash1991"]},{"@type":"Person","@id":"https:\/\/orthodoxalbania.org\/2020\/#\/schema\/person\/df745f942b70e045b3dc05a30211f0de","name":"Kisha Orthodhokse","image":{"@type":"ImageObject","inLanguage":"en-US","@id":"https:\/\/secure.gravatar.com\/avatar\/2676eb8d97178435c9f691a7871595a1da6c33542dec218bce40885573150e28?s=96&d=mm&r=g","url":"https:\/\/secure.gravatar.com\/avatar\/2676eb8d97178435c9f691a7871595a1da6c33542dec218bce40885573150e28?s=96&d=mm&r=g","contentUrl":"https:\/\/secure.gravatar.com\/avatar\/2676eb8d97178435c9f691a7871595a1da6c33542dec218bce40885573150e28?s=96&d=mm&r=g","caption":"Kisha Orthodhokse"}}]}},"_links":{"self":[{"href":"https:\/\/orthodoxalbania.org\/2020\/wp-json\/wp\/v2\/posts\/1389","targetHints":{"allow":["GET"]}}],"collection":[{"href":"https:\/\/orthodoxalbania.org\/2020\/wp-json\/wp\/v2\/posts"}],"about":[{"href":"https:\/\/orthodoxalbania.org\/2020\/wp-json\/wp\/v2\/types\/post"}],"author":[{"embeddable":true,"href":"https:\/\/orthodoxalbania.org\/2020\/wp-json\/wp\/v2\/users\/7"}],"replies":[{"embeddable":true,"href":"https:\/\/orthodoxalbania.org\/2020\/wp-json\/wp\/v2\/comments?post=1389"}],"version-history":[{"count":1,"href":"https:\/\/orthodoxalbania.org\/2020\/wp-json\/wp\/v2\/posts\/1389\/revisions"}],"predecessor-version":[{"id":17760,"href":"https:\/\/orthodoxalbania.org\/2020\/wp-json\/wp\/v2\/posts\/1389\/revisions\/17760"}],"wp:attachment":[{"href":"https:\/\/orthodoxalbania.org\/2020\/wp-json\/wp\/v2\/media?parent=1389"}],"wp:term":[{"taxonomy":"category","embeddable":true,"href":"https:\/\/orthodoxalbania.org\/2020\/wp-json\/wp\/v2\/categories?post=1389"},{"taxonomy":"post_tag","embeddable":true,"href":"https:\/\/orthodoxalbania.org\/2020\/wp-json\/wp\/v2\/tags?post=1389"}],"curies":[{"name":"wp","href":"https:\/\/api.w.org\/{rel}","templated":true}]}}