{"id":1380,"date":"2007-02-26T00:00:16","date_gmt":"2007-02-26T00:00:16","guid":{"rendered":""},"modified":"2020-04-13T00:31:26","modified_gmt":"2020-04-12T22:31:26","slug":"the-light-of-christ-shines-upon-all-hope-for-rebirth-and-unity-in-europe-september-2007","status":"publish","type":"post","link":"https:\/\/orthodoxalbania.org\/2020\/en\/2007\/02\/26\/the-light-of-christ-shines-upon-all-hope-for-rebirth-and-unity-in-europe-september-2007\/","title":{"rendered":"The Light of Christ Shines upon all! Hope for rebirth and unity in Europe. (September 2007)"},"content":{"rendered":"<table id=\"AutoNumber1\" border=\"0\">\n<tbody>\n<tr>\n<td colspan=\"2\">\n<div style=\"text-align: justify;\">&nbsp;<\/div>\n<\/td>\n<\/tr>\n<tr>\n<td>\n<div style=\"text-align: justify;\">&nbsp;<\/div>\n<\/td>\n<td>\n<div style=\"text-align: justify;\">&nbsp;<\/div>\n<table id=\"AutoNumber2\" style=\"width: 668px; height: 6876px; margin-right: auto; margin-left: auto;\">\n<tbody>\n<tr>\n<td colspan=\"2\">\n<div><span style=\"font-family: tahoma,geneva,sans-serif;\"><span style=\"font-size: 12px;\"><span style=\"color: #000000;\"><img decoding=\"async\" class=\"lazyload HAa Eha\" style=\"border-width: 1px; border-style: solid; margin: 10px auto; display: block;\" alt=\"\" src=\"data:image\/gif;base64,R0lGODlhAQABAAAAACH5BAEKAAEALAAAAAABAAEAAAICTAEAOw==\" data-orig-src=\"https:\/\/lh4.googleusercontent.com\/-wJgma6lYPaw\/VIqy9WKtqzI\/AAAAAAAAG08\/flV6Rth3u24\/w600-h167-no\/1mbititull.jpg\" \/><\/span><\/span><\/span><\/div>\n<\/td>\n<\/tr>\n<tr>\n<td dir=\"ltr\" colspan=\"2\">\n<div style=\"text-align: justify;\"><span style=\"font-family: tahoma,geneva,sans-serif;\"><span style=\"font-size: 12px;\"><span style=\"color: #000000;\"><em>&nbsp;&nbsp;&nbsp; At \u201cThe light of Christ shines upon all\u201d, Christians from all over <\/em> <em>Europe<\/em><em>gathered in <\/em><em>Sibiu, Romania<\/em><em>on September 4-9, 2007, for the Third European Ecumenical Assembly. The Autocephalous Orthodox Church of <\/em><em>Albania<\/em><em>was represented by a delegation of 7 people; lead by Archbishop Anastasios and, among others, Bishop Andoni of Kruja.<\/em><\/span><\/span><\/span><\/div>\n<div style=\"text-align: justify;\">&nbsp;<\/div>\n<\/td>\n<\/tr>\n<tr>\n<td>\n<div><span style=\"font-family: tahoma,geneva,sans-serif;\"><span style=\"font-size: 12px;\"><span style=\"color: #000000;\"><img decoding=\"async\" class=\"lazyload HAa Eha\" style=\"border-width: 1px; border-style: solid; margin: 10px auto; display: block;\" alt=\"\" src=\"data:image\/svg+xml,%3Csvg%20xmlns%3D%27http%3A%2F%2Fwww.w3.org%2F2000%2Fsvg%27%20width%3D%27275%27%20height%3D%27206%27%20viewBox%3D%270%200%20275%20206%27%3E%3Crect%20width%3D%27275%27%20height%3D%27206%27%20fill-opacity%3D%220%22%2F%3E%3C%2Fsvg%3E\" data-orig-src=\"https:\/\/lh4.googleusercontent.com\/-uTFcVB4cJtQ\/VIqy-Ban30I\/AAAAAAAAGzI\/VsPVW16ntGA\/w400-h300-no\/2.2.jpg\" height=\"206\" width=\"275\" \/><\/span><\/span><\/span><\/div>\n<\/td>\n<td>\n<div style=\"text-align: justify;\"><span style=\"font-family: tahoma,geneva,sans-serif;\"><span style=\"font-size: 12px;\"><span style=\"color: #000000;\">&nbsp;&nbsp;&nbsp; The assembly program was divided into plenary proceedings in the morning and smaller group discussions in the afternoon with the purpose of sharing thoughts and opinions on the following secondary themes: <strong>\u201cThe Light of Christ and the Church\u201d<\/strong>, <strong>\u201cThe Light of Christ and <\/strong> <strong>Europe<\/strong><strong>\u201d<\/strong>, and <strong>\u201cThe Light of Christ and the World\u201d<\/strong>.<\/span><\/span><\/span><\/div>\n<\/td>\n<\/tr>\n<tr>\n<td>\n<div style=\"text-align: justify;\"><span style=\"font-family: tahoma,geneva,sans-serif;\"><span style=\"font-size: 12px;\"><span style=\"color: #000000;\">&nbsp;&nbsp;&nbsp; The assembly was put together by two Christian organizations: <strong>The Conference of European Churches<\/strong> (CEC) <\/span><span style=\"color: #b22222;\"><strong><em><a href=\"http:\/\/www.cec-kek.org\/\" target=\"_blank\" rel=\"noopener noreferrer\">http:\/\/www.cec-kek.org<\/a><\/em><\/strong><\/span><span style=\"color: #000000;\"> and the <strong>Council of Roman Catholic Episcopal Conferences<\/strong> (CCEE) <\/span><span style=\"color: #b22222;\"><strong><em><a href=\"http:\/\/www.ccee.ch\/\" target=\"_blank\" rel=\"noopener noreferrer\">http:\/\/www.ccee.ch<\/a><\/em><\/strong><\/span><span style=\"color: #b22222;\"><strong>. <\/strong><\/span><\/span><\/span><\/div>\n<div style=\"text-align: justify;\">&nbsp;<\/div>\n<div style=\"text-align: justify;\"><span style=\"font-family: tahoma,geneva,sans-serif;\"><span style=\"font-size: 12px;\"><span style=\"color: #000000;\">&nbsp;&nbsp;&nbsp; It was the continuation of the Ecumenical European Assemblies organized in 1989 in Bazel and 1997 in Graz.<\/span><\/span><\/span><\/div>\n<\/td>\n<td>\n<div><span style=\"font-family: tahoma,geneva,sans-serif;\"><span style=\"font-size: 12px;\"><span style=\"color: #000000;\"><img decoding=\"async\" class=\"lazyload HAa Eha\" style=\"border-width: 1px; border-style: solid; margin: 10px auto; display: block;\" alt=\"\" src=\"data:image\/svg+xml,%3Csvg%20xmlns%3D%27http%3A%2F%2Fwww.w3.org%2F2000%2Fsvg%27%20width%3D%27304%27%20height%3D%27146%27%20viewBox%3D%270%200%20304%20146%27%3E%3Crect%20width%3D%27304%27%20height%3D%27146%27%20fill-opacity%3D%220%22%2F%3E%3C%2Fsvg%3E\" data-orig-src=\"https:\/\/lh6.googleusercontent.com\/-imYCBZjP1YY\/VLjWrTBnOdI\/AAAAAAAAK54\/AsPb6ucKG6o\/w400-h192-no\/f1dt9.jpg\" height=\"146\" width=\"304\" \/><\/span><\/span><\/span><\/div>\n<p style=\"text-align: center;\">&nbsp;<\/p>\n<\/td>\n<\/tr>\n<tr>\n<td>\n<div><span style=\"font-family: tahoma,geneva,sans-serif;\"><span style=\"font-size: 12px;\"><span style=\"color: #000000;\"><img decoding=\"async\" class=\"lazyload HAa Eha\" style=\"border-width: 1px; border-style: solid; margin: 10px auto; display: block;\" alt=\"\" src=\"data:image\/svg+xml,%3Csvg%20xmlns%3D%27http%3A%2F%2Fwww.w3.org%2F2000%2Fsvg%27%20width%3D%27276%27%20height%3D%27183%27%20viewBox%3D%270%200%20276%20183%27%3E%3Crect%20width%3D%27276%27%20height%3D%27183%27%20fill-opacity%3D%220%22%2F%3E%3C%2Fsvg%3E\" data-orig-src=\"https:\/\/lh4.googleusercontent.com\/-wWjSC_HDkMY\/VIqy-ecPLJI\/AAAAAAAAG0w\/m10N4d_4T-Q\/w400-h266-no\/3tekdt4.jpg\" height=\"183\" width=\"276\" \/><\/span><\/span><\/span><\/div>\n<\/td>\n<td>\n<div style=\"text-align: justify;\"><span style=\"font-family: tahoma,geneva,sans-serif;\"><span style=\"font-size: 12px;\"><span style=\"color: #000000;\">&nbsp;&nbsp;&nbsp; On <strong>September 4<sup>th<\/sup><\/strong>, 2007 all the delegates from all over Europegathered in the Mare Square for the opening activities. The heads of the Christian churches came together to wish a good beginning, and for harmony and hope for unity in Europe.<\/span><\/span><\/span><\/div>\n<\/td>\n<\/tr>\n<tr>\n<td>\n<div style=\"text-align: justify;\"><span style=\"font-family: tahoma,geneva,sans-serif;\"><span style=\"font-size: 12px;\"><span style=\"color: #000000;\">&nbsp;&nbsp;&nbsp; On <strong>September 5<sup>th<\/sup><\/strong>, Patriarch Bartholomew of Constantinople did the meditation for opening and the beginning of the assembly. The theme under discussion on this day was <strong>\u201cThe Light of Christ and the Church\u201d<\/strong>. Following this were various presentations on the secondary themes for the day: <strong>Unity<\/strong>, <strong>Spirituality<\/strong>, and <strong>Witness.<\/strong><\/span><\/span><\/span><\/div>\n<\/td>\n<td style=\"text-align: justify;\">\n<div><span style=\"font-family: tahoma,geneva,sans-serif;\"><span style=\"font-size: 12px;\"><span style=\"color: #000000;\"><img decoding=\"async\" class=\"lazyload HAa Eha\" style=\"border-width: 1px; border-style: solid; margin: 10px auto; display: block;\" alt=\"\" src=\"data:image\/svg+xml,%3Csvg%20xmlns%3D%27http%3A%2F%2Fwww.w3.org%2F2000%2Fsvg%27%20width%3D%27317%27%20height%3D%27238%27%20viewBox%3D%270%200%20317%20238%27%3E%3Crect%20width%3D%27317%27%20height%3D%27238%27%20fill-opacity%3D%220%22%2F%3E%3C%2Fsvg%3E\" data-orig-src=\"https:\/\/lh5.googleusercontent.com\/-BPiNgi7jseQ\/VIqy-rqgUHI\/AAAAAAAAGzU\/bb96GOmhEd0\/w400-h300-no\/4.1.jpg\" height=\"238\" width=\"317\" \/><\/span><\/span><\/span><\/div>\n<\/td>\n<\/tr>\n<tr>\n<td>\n<div><span style=\"font-family: tahoma,geneva,sans-serif;\"><span style=\"font-size: 12px;\"><span style=\"color: #000000;\"><img decoding=\"async\" class=\"lazyload HAa Eha\" style=\"border-width: 1px; border-style: solid; margin: 10px auto; display: block;\" alt=\"\" src=\"data:image\/svg+xml,%3Csvg%20xmlns%3D%27http%3A%2F%2Fwww.w3.org%2F2000%2Fsvg%27%20width%3D%27262%27%20height%3D%27380%27%20viewBox%3D%270%200%20262%20380%27%3E%3Crect%20width%3D%27262%27%20height%3D%27380%27%20fill-opacity%3D%220%22%2F%3E%3C%2Fsvg%3E\" data-orig-src=\"https:\/\/lh5.googleusercontent.com\/-6Aajr_6nUe0\/VIqy-87HNKI\/AAAAAAAAG0s\/jQ7x70omcrI\/w276-h400-no\/4.2-dt5.jpg\" height=\"380\" width=\"262\" \/><\/span><\/span><\/span><\/div>\n<\/td>\n<td>\n<div style=\"text-align: justify;\"><span style=\"font-family: tahoma,geneva,sans-serif;\"><span style=\"font-size: 12px;\"><span style=\"color: #000000;\">&nbsp;&nbsp; The speakers for this day were: Cardinal Walter Kasper, President of \u201cThe Pontifical Council for the Promotion of Christian Unity\u201d, Metropolitan Cyril of Smolensk and Bishop Wolfgang Huber, head of the Council of Evangelical Churches in Germany.<\/span><\/span><\/span><\/div>\n<\/td>\n<\/tr>\n<tr>\n<td>\n<div style=\"text-align: justify;\"><span style=\"font-family: tahoma,geneva,sans-serif;\"><span style=\"font-size: 12px;\"><span style=\"color: #000000;\">&nbsp;&nbsp;&nbsp; The \u201cWitness\u201d forum included a PowerPoint presentation about the rebirth of the Autocephalous Orthodox Church of Albania, in order to demonstrate a kind of witness of Christ in post-communist Europe.<\/span><\/span><\/span><\/div>\n<\/td>\n<td>\n<div style=\"text-align: center;\">&nbsp;<\/div>\n<p><img decoding=\"async\" class=\"lazyload HAa Eha\" style=\"border-width: 1px; border-style: solid; margin: 10px auto; display: block;\" alt=\"\" src=\"data:image\/svg+xml,%3Csvg%20xmlns%3D%27http%3A%2F%2Fwww.w3.org%2F2000%2Fsvg%27%20width%3D%27320%27%20height%3D%27257%27%20viewBox%3D%270%200%20320%20257%27%3E%3Crect%20width%3D%27320%27%20height%3D%27257%27%20fill-opacity%3D%220%22%2F%3E%3C%2Fsvg%3E\" data-orig-src=\"https:\/\/lh5.googleusercontent.com\/-d71scf8Kw44\/VIqy_Lzkl6I\/AAAAAAAAG0k\/DvbnxottAXo\/w400-h322-no\/5-dt5shtator.jpg\" height=\"257\" width=\"320\" \/><\/p>\n<\/td>\n<\/tr>\n<tr>\n<td>\n<div><span style=\"font-family: tahoma,geneva,sans-serif;\"><span style=\"font-size: 12px;\"><span style=\"color: #000000;\"><img decoding=\"async\" class=\"lazyload HAa Eha\" style=\"border-width: 1px; border-style: solid; margin: 10px auto; display: block;\" alt=\"\" src=\"data:image\/svg+xml,%3Csvg%20xmlns%3D%27http%3A%2F%2Fwww.w3.org%2F2000%2Fsvg%27%20width%3D%27268%27%20height%3D%27338%27%20viewBox%3D%270%200%20268%20338%27%3E%3Crect%20width%3D%27268%27%20height%3D%27338%27%20fill-opacity%3D%220%22%2F%3E%3C%2Fsvg%3E\" data-orig-src=\"https:\/\/lh3.googleusercontent.com\/-pJyYawG-Wtk\/VIqy_aolg2I\/AAAAAAAAG0g\/G0NDY5Od62M\/w317-h400-no\/6-dt5shtator.jpg\" height=\"338\" width=\"268\" \/><\/span><\/span><\/span><\/div>\n<\/td>\n<td>\n<div style=\"text-align: justify;\"><span style=\"font-family: tahoma,geneva,sans-serif;\"><span style=\"font-size: 12px;\"><span style=\"color: #000000;\">&nbsp;&nbsp;&nbsp; The sessions on <strong>September 6<sup>th<\/sup><\/strong> intended to give the message <strong>\u201cThe Light of Christ and <\/strong><strong>Europe<\/strong><strong>\u201d<\/strong>. The president of the European Council, Manuel Barroso, gave the main talk of the morning session. Following this, His Beatitude, Archbishop Anastasios, Vice-president of the European Council of Churches and the Bishop of London, Richard Chartres, also gave speeches on this theme.<\/span><\/span><\/span><\/div>\n<\/td>\n<\/tr>\n<tr>\n<td dir=\"ltr\">\n<div style=\"text-align: justify;\"><span style=\"font-family: tahoma,geneva,sans-serif;\"><span style=\"font-size: 12px;\"><span style=\"color: #000000;\">&nbsp;&nbsp; The secondary themes discussed during the afternoon were on <strong>Europe<\/strong>, <strong>Religion<\/strong>, and <strong>Emigration<\/strong>. President of the Parliamentary Assembly of the European Council, Rene Van Der Linden also spoke on this day.<\/span><\/span><\/span><\/div>\n<\/td>\n<td dir=\"ltr\">\n<div><span style=\"font-family: tahoma,geneva,sans-serif;\"><span style=\"font-size: 12px;\"><span style=\"color: #000000;\"><img decoding=\"async\" class=\"lazyload HAa Eha\" style=\"border-width: 1px; border-style: solid; margin: 10px auto; display: block;\" alt=\"\" src=\"data:image\/svg+xml,%3Csvg%20xmlns%3D%27http%3A%2F%2Fwww.w3.org%2F2000%2Fsvg%27%20width%3D%27315%27%20height%3D%27250%27%20viewBox%3D%270%200%20315%20250%27%3E%3Crect%20width%3D%27315%27%20height%3D%27250%27%20fill-opacity%3D%220%22%2F%3E%3C%2Fsvg%3E\" data-orig-src=\"https:\/\/lh6.googleusercontent.com\/-iTXOdDKNekA\/VIqy_wwI6_I\/AAAAAAAAGzs\/DT_tEQilx3k\/w400-h317-no\/7-dt5shtator.jpg\" height=\"250\" width=\"315\" \/><\/span><\/span><\/span><\/div>\n<p style=\"text-align: center;\">&nbsp;<\/p>\n<\/td>\n<\/tr>\n<tr>\n<td dir=\"ltr\">\n<div style=\"text-align: center;\">\n<p><img decoding=\"async\" class=\"lazyload HAa Eha\" style=\"margin: 10px auto; display: block; border: 1px solid;\" alt=\"\" src=\"data:image\/svg+xml,%3Csvg%20xmlns%3D%27http%3A%2F%2Fwww.w3.org%2F2000%2Fsvg%27%20width%3D%27265%27%20height%3D%27188%27%20viewBox%3D%270%200%20265%20188%27%3E%3Crect%20width%3D%27265%27%20height%3D%27188%27%20fill-opacity%3D%220%22%2F%3E%3C%2Fsvg%3E\" data-orig-src=\"https:\/\/lh5.googleusercontent.com\/-rMVCxeB47No\/VIqzANhFAXI\/AAAAAAAAG0I\/v2zIEf4KBLY\/w400-h284-no\/8-dt6shtator.jpg\" height=\"188\" width=\"265\" \/><\/p>\n<\/div>\n<\/td>\n<td dir=\"ltr\">\n<div style=\"text-align: justify;\"><span style=\"font-family: tahoma,geneva,sans-serif;\"><span style=\"font-size: 12px;\"><span style=\"color: #000000;\">&nbsp;&nbsp;&nbsp; The theme <strong>\u201cThe Light of Christ and the World\u201d<\/strong> comprised the last discussions of the plenary sessions on <strong>September 7<sup>th<\/sup><\/strong>. The main talk was given by Andrew Ricardi, director of the St. Egidio Community in Italy. Secondary themes were <strong>Creation<\/strong>, <strong>Justice<\/strong>, and <strong>Peace.<\/strong><\/span><\/span><\/span><\/div>\n<\/td>\n<\/tr>\n<tr>\n<td dir=\"ltr\">\n<div style=\"text-align: justify;\"><span style=\"font-family: tahoma,geneva,sans-serif;\"><span style=\"font-size: 12px;\"><span style=\"color: #000000;\">&nbsp;&nbsp;&nbsp; There was also a meeting for all Orthodox Christians participating in the assembly. The heads of the Orthodox Churches lead the discussions and expressed the importance and the Christian message of this Ecumenical Assembly and its need to be spread to all people.<\/span><\/span><\/span><\/div>\n<\/td>\n<td dir=\"ltr\">\n<div style=\"text-align: justify;\">&nbsp;<\/div>\n<p style=\"text-align: center;\"><img decoding=\"async\" class=\"lazyload HAa Eha\" style=\"margin: 10px auto; display: block; border: 1px solid;\" alt=\"\" src=\"data:image\/svg+xml,%3Csvg%20xmlns%3D%27http%3A%2F%2Fwww.w3.org%2F2000%2Fsvg%27%20width%3D%27311%27%20height%3D%27230%27%20viewBox%3D%270%200%20311%20230%27%3E%3Crect%20width%3D%27311%27%20height%3D%27230%27%20fill-opacity%3D%220%22%2F%3E%3C%2Fsvg%3E\" data-orig-src=\"https:\/\/lh4.googleusercontent.com\/-7hwd_IjjnhU\/VIqzAclmejI\/AAAAAAAAGz0\/jUm9-FghlTs\/w400-h296-no\/9.1-dt6shtator.jpg\" height=\"230\" width=\"311\" \/><\/p>\n<\/td>\n<\/tr>\n<tr>\n<td dir=\"ltr\">\n<div style=\"text-align: center;\"><span style=\"font-family: tahoma,geneva,sans-serif;\"><span style=\"font-size: 12px;\"><span style=\"color: #000000;\"><img decoding=\"async\" class=\"lazyload HAa Eha\" style=\"margin: 10px auto; display: block; border: 1px solid;\" alt=\"\" src=\"data:image\/svg+xml,%3Csvg%20xmlns%3D%27http%3A%2F%2Fwww.w3.org%2F2000%2Fsvg%27%20width%3D%27267%27%20height%3D%27304%27%20viewBox%3D%270%200%20267%20304%27%3E%3Crect%20width%3D%27267%27%20height%3D%27304%27%20fill-opacity%3D%220%22%2F%3E%3C%2Fsvg%3E\" data-orig-src=\"https:\/\/lh4.googleusercontent.com\/-CDHNeNZV1J0\/VIqzAoAErwI\/AAAAAAAAGz8\/2nrKEzRt5nY\/w336-h383-no\/9.jpg\" height=\"304\" width=\"267\" \/><\/span><\/span><\/span><\/div>\n<\/td>\n<td dir=\"ltr\">\n<div style=\"text-align: justify;\"><span style=\"font-family: tahoma,geneva,sans-serif;\"><span style=\"font-size: 12px;\"><span style=\"color: #000000;\">&nbsp;&nbsp;&nbsp; On <strong>September 8<sup>th<\/sup><\/strong> for the feast of the Nativity of the Theotokos, all the Orthodox Christian participants in the assembly gathered for the Divine Liturgy, in which His Beatitude Archbishop Anastasios was a co-celebrant.<\/span><\/span><\/span><\/div>\n<\/td>\n<\/tr>\n<tr>\n<td dir=\"ltr\">\n<div style=\"text-align: justify;\"><span style=\"font-family: tahoma,geneva,sans-serif;\"><span style=\"font-size: 12px;\"><span style=\"color: #000000;\">&nbsp;&nbsp;&nbsp; The morning sessions began with a presentation of the final results gathered from the Assembly\u2019s forums. During the preparation for this message, many different opinions were discussed for the improvement and perfection of the text, keeping in mind its importance for all the Christian churches in Europe.<\/span><\/span><\/span><\/div>\n<\/td>\n<td dir=\"ltr\">\n<div style=\"text-align: center;\">&nbsp;<\/div>\n<p style=\"text-align: center;\"><img decoding=\"async\" class=\"lazyload HAa Eha\" style=\"margin: 10px auto; display: block; border: 1px solid;\" alt=\"\" src=\"data:image\/svg+xml,%3Csvg%20xmlns%3D%27http%3A%2F%2Fwww.w3.org%2F2000%2Fsvg%27%20width%3D%27305%27%20height%3D%27229%27%20viewBox%3D%270%200%20305%20229%27%3E%3Crect%20width%3D%27305%27%20height%3D%27229%27%20fill-opacity%3D%220%22%2F%3E%3C%2Fsvg%3E\" data-orig-src=\"https:\/\/lh4.googleusercontent.com\/-z8vP71ZMTpU\/VIqy8lTRozI\/AAAAAAAAG1I\/HVoRaeSTT1Q\/w400-h300-no\/13.2dt8.jpg\" height=\"229\" width=\"305\" \/><\/p>\n<\/td>\n<\/tr>\n<tr>\n<td>\n<div style=\"text-align: center;\"><span style=\"font-family: tahoma,geneva,sans-serif;\"><span style=\"font-size: 12px;\"><span style=\"color: #000000;\"><img decoding=\"async\" class=\"lazyload HAa Eha\" style=\"margin: 10px auto; display: block; border: 1px solid;\" alt=\"\" src=\"data:image\/svg+xml,%3Csvg%20xmlns%3D%27http%3A%2F%2Fwww.w3.org%2F2000%2Fsvg%27%20width%3D%27266%27%20height%3D%27199%27%20viewBox%3D%270%200%20266%20199%27%3E%3Crect%20width%3D%27266%27%20height%3D%27199%27%20fill-opacity%3D%220%22%2F%3E%3C%2Fsvg%3E\" data-orig-src=\"https:\/\/lh4.googleusercontent.com\/-6cQetfrF3dI\/VIq18HRZqvI\/AAAAAAAAG1k\/_f4E9iwsSR4\/w400-h300-no\/16dt8.jpg\" height=\"199\" width=\"266\" \/><\/span><\/span><\/span><\/div>\n<\/td>\n<td>\n<div style=\"text-align: justify;\"><span style=\"font-family: tahoma,geneva,sans-serif;\"><span style=\"font-size: 12px;\"><span style=\"color: #000000;\">&nbsp;&nbsp;&nbsp; As Sibiuhad been declared one of Europe\u2019s \u201cCapitals of Culture\u201d for 2007, the time there was also very festive and it was possible to take part in a number of cultural events.<\/span><\/span><\/span><\/div>\n<\/td>\n<\/tr>\n<tr>\n<td>\n<div style=\"text-align: justify;\"><span style=\"font-family: tahoma,geneva,sans-serif;\"><span style=\"font-size: 12px;\"><span style=\"color: #000000;\">&nbsp;&nbsp;&nbsp; On the morning of <strong>September 9<sup>th<\/sup><\/strong>, the participants of the assembly celebrated a religious service in the local church of Sibiuand then gathered in Mare Square to celebrate the final closing of the events. The final greeting \u201cPeace among us!\u201d was accompanied by embraces and handshakes.<\/span><\/span><\/span><\/div>\n<\/td>\n<td>\n<div style=\"text-align: center;\"><span style=\"font-family: tahoma,geneva,sans-serif;\"><span style=\"font-size: 12px;\"><span style=\"color: #000000;\"><img decoding=\"async\" class=\"lazyload HAa Eha\" style=\"margin: 10px auto; display: block; border: 1px solid;\" alt=\"\" src=\"data:image\/svg+xml,%3Csvg%20xmlns%3D%27http%3A%2F%2Fwww.w3.org%2F2000%2Fsvg%27%20width%3D%27307%27%20height%3D%27210%27%20viewBox%3D%270%200%20307%20210%27%3E%3Crect%20width%3D%27307%27%20height%3D%27210%27%20fill-opacity%3D%220%22%2F%3E%3C%2Fsvg%3E\" data-orig-src=\"https:\/\/lh6.googleusercontent.com\/-nvDPGXSCGfE\/VIqzB1xYhsI\/AAAAAAAAG0c\/EN_f2OpMntU\/w400-h274-no\/f2dt9.jpg\" height=\"210\" width=\"307\" \/><\/span><\/span><\/span><\/div>\n<\/td>\n<\/tr>\n<tr>\n<td colspan=\"2\">\n<div style=\"text-align: center;\"> <span style=\"color: #b22222;\"><span style=\"font-family: tahoma,geneva,sans-serif;\"><span style=\"font-size: 12px;\">&nbsp;&nbsp; Photos from our Albanian orthodox group &amp; CCEE-KEK&nbsp; Ag. Siciliani<\/span><\/span><\/span><\/div>\n<div style=\"text-align: center;\">&nbsp;<\/div>\n<div style=\"text-align: center;\"><span style=\"color: #b22222;\"><span style=\"font-family: tahoma,geneva,sans-serif;\"><span style=\"font-size: 12px;\"><strong>Assembly Message \u2013 Saturday, 8<sup>th<\/sup> September 2007<\/p>\n<p> The light of Christ shines upon all!<\/strong><\/span><\/span><\/span><\/div>\n<div style=\"text-align: justify;\"> <span style=\"font-family: tahoma,geneva,sans-serif;\"><span style=\"font-size: 12px;\"><span style=\"color: #000000;\"><em>&nbsp;&nbsp;&nbsp; We, Christian pilgrims from all over Europe and beyond, witness to the transforming power of this light, which is stronger than darkness, and we proclaim it as all-embracing hope for our Churches, for all of Europe and for the entire world.<\/em><\/span><\/span><\/span><\/div>\n<div style=\"text-align: justify;\">&nbsp;<\/div>\n<div style=\"text-align: justify;\"><span style=\"font-family: tahoma,geneva,sans-serif;\"><span style=\"font-size: 12px;\"><span style=\"color: #000000;\">&nbsp;&nbsp;&nbsp; In the name of our Triune God, the Father, Son and Holy Spirit, we have assembled in the city of Sibiu, Romania (4<sup>th<\/sup>-9<sup>th<\/sup> September 2007). This third European Ecumenical Assembly was marked especially by the richness of Orthodox spirituality and tradition. We recall and renew the serious commitments we already made in Baseland Graz and we regret that, up to now, we have failed to fulfil some of them. However, our confidence in the transforming energy of the light of Christ is stronger than the darkness of resignation, fatalism, fear and indifference.<\/span><\/span><\/span><\/div>\n<div style=\"text-align: justify;\">&nbsp;<\/div>\n<div style=\"text-align: justify;\"><span style=\"font-family: tahoma,geneva,sans-serif;\"><span style=\"font-size: 12px;\"><span style=\"color: #000000;\">&nbsp;&nbsp;&nbsp; Our third European Ecumenical Assembly began in 2006 in Rome and continued in 2007 in Wittenberg. This ecumenical pilgrimage involved many regional meetings and those of Orthodox Churches in Rhodes and young people in St. Maurice*. We welcome with joy the young people\u2019s commitment and the contribution they made to the Assembly. Assisted and motivated by the <em>Charta Oecumenica,<\/em> our Assembly pursued the work started in earlier assemblies and has been an occasion for an exchange of gifts and of mutual enrichment.<\/span><\/span><\/span><\/div>\n<div style=\"text-align: justify;\">&nbsp;<\/div>\n<div style=\"text-align: justify;\"><span style=\"font-family: tahoma,geneva,sans-serif;\"><span style=\"font-size: 12px;\"><span style=\"color: #000000;\">&nbsp;&nbsp;&nbsp; We are not alone on this pilgrimage. Christ is with us and within the cloud of witnesses (<em>Heb<\/em> 12:1), the contemporary martyrs accompany us: the witness of their life and death inspires us individually and corporately. In communion with them, we commit ourselves to let the light of the transfigured Christ shine through our own witness deeply rooted in prayer and love. This is our humble response to the sacrifice of their lives.<\/span><\/span><\/span><\/div>\n<div style=\"text-align: justify;\">&nbsp;<\/div>\n<div style=\"text-align: center;\"><span style=\"color: #b22222;\"><strong><span style=\"font-family: tahoma,geneva,sans-serif;\"><span style=\"font-size: 12px;\">The light of Christ in the Church<\/span><\/span><\/strong><\/span><br \/> &nbsp;<\/div>\n<div style=\"text-align: justify;\"><span style=\"font-family: tahoma,geneva,sans-serif;\"><span style=\"font-size: 12px;\"><span style=\"color: #000000;\">&nbsp;&nbsp;&nbsp; The light of Christ leads us to live for others and in communion with one another. Our witness to hope and unity for Europe and for the world will be credible only if we continue our journey towards visible unity. Unity is not uniformity. There is enormous value in experiencing afresh that <em>koinonia<\/em> and exchanging those spiritual gifts that energised the ecumenical movement from its beginning.<\/span><\/span><\/span><\/div>\n<div style=\"text-align: justify;\">&nbsp;<\/div>\n<div style=\"text-align: justify;\"><span style=\"font-family: tahoma,geneva,sans-serif;\"><span style=\"font-size: 12px;\"><span style=\"color: #000000;\">&nbsp;&nbsp;&nbsp; In Sibiu we again felt the painful wound of division between our Churches. This even concerns our understanding of the Church and its unity. The distinct historical and cultural developments in Eastern and Western Christianity have contributed to these differences, and understanding them requires our urgent attention and ongoing dialogue.<\/span><\/span><\/span><\/div>\n<div style=\"text-align: justify;\">&nbsp;<\/div>\n<div style=\"text-align: justify;\"><span style=\"font-family: tahoma,geneva,sans-serif;\"><span style=\"font-size: 12px;\"><span style=\"color: #000000;\">&nbsp;&nbsp;&nbsp; We are convinced that the wider Christian family has to deal with doctrinal questions, and it must also seek a broad consensus about moral values derived from the Gospel and a credible Christian lifestyle that joyfully witnesses to the light of Christ in our challenging modern secular world, in private as well as in public life.<\/span><\/span><\/span><\/div>\n<div style=\"text-align: justify;\">&nbsp;<\/div>\n<div style=\"text-align: justify;\"><span style=\"font-family: tahoma,geneva,sans-serif;\"><span style=\"font-size: 12px;\"><span style=\"color: #000000;\">&nbsp;&nbsp;&nbsp; Our Christian spirituality is a precious treasure: once opened, it reveals the variety of its riches and opens our hearts to the beauty of the face of Jesus and to the strength of prayer. Only if we are closer to our Lord Jesus Christ, can we become closer to one another and experience true <em>koinonia.<\/em> We cannot but share these riches with all men and women who are seeking light in this continent. Spiritual men and women begin with their own conversion and this leads to the transformation of the world. Our witness to the light of Christ is a faithful commitment to listen, live and share our stories of life and hope, which have shaped us as followers of Christ.<\/span><\/span><\/span><\/div>\n<div style=\"text-align: justify;\">&nbsp;<\/div>\n<div style=\"text-align: justify;\"><span style=\"font-family: tahoma,geneva,sans-serif;\"><span style=\"font-size: 12px;\"><span style=\"color: #000000;\"><strong><em>&nbsp;&nbsp;&nbsp; <\/em><\/strong><\/span><span style=\"color: #b22222;\"><strong><em>Recommendation One<\/em><\/strong>:<\/span><span style=\"color: #000000;\"> We recommend renewing our mission as individual believers and as Churches to proclaim Christ as the Light and the Saviour of the world;<\/span><\/span><\/span><\/div>\n<div style=\"text-align: justify;\">&nbsp;<\/div>\n<div style=\"text-align: justify;\"><span style=\"font-family: tahoma,geneva,sans-serif;\"><span style=\"font-size: 12px;\"><span style=\"color: #000000;\"><strong><em>&nbsp;&nbsp;&nbsp;<\/em><\/strong><\/span><span style=\"color: #b22222;\"><strong><em> Recommendation Two:<\/em><\/strong><\/span><span style=\"color: #000000;\"> We recommend continuing the discussion on mutual recognition of baptism, taking into account the important achievements on this topic in several countries and being aware that the question is deeply linked to an understanding of eucharist, ministry and ecclesiology in general;<\/span><\/span><\/span><\/div>\n<div style=\"text-align: justify;\">&nbsp;<\/div>\n<div style=\"text-align: justify;\"><span style=\"font-family: tahoma,geneva,sans-serif;\"><span style=\"font-size: 12px;\"><span style=\"color: #000000;\"><strong><em>&nbsp;&nbsp;&nbsp; <\/em><\/strong><\/span><span style=\"color: #b22222;\"><strong><em>Recommendation Three:<\/em><\/strong><\/span><span style=\"color: #000000;\"> We recommend finding ways of experiencing the activities which can unite us: prayer for each other and for unity, ecumenical pilgrimages, theological formation and study in common, social and diaconal initiatives, cultural projects, supporting society life based on Christian values;<\/span><\/span><\/span><\/div>\n<div style=\"text-align: justify;\">&nbsp;<\/div>\n<div style=\"text-align: justify;\"><span style=\"font-family: tahoma,geneva,sans-serif;\"><span style=\"font-size: 12px;\"><span style=\"color: #000000;\"><strong><em>&nbsp;&nbsp;&nbsp;<\/em><\/strong><\/span><span style=\"color: #b22222;\"><strong><em> Recommendation Four<\/em><\/strong>:<\/span><span style=\"color: #000000;\"> We recommend the full participation of the whole people of God in the lives of our Churches and, at this Assembly in particular, note the appeal of young people, the elderly, ethnic minorities, and disabled people.<\/span><\/span><\/span><\/div>\n<div style=\"text-align: justify;\">&nbsp;<\/div>\n<div style=\"text-align: center;\"><span style=\"color: #b22222;\"><span style=\"font-family: tahoma,geneva,sans-serif;\"><span style=\"font-size: 12px;\"><strong>The light of Christ for Europe<\/strong><\/span><\/span><\/span><br \/> &nbsp;<\/div>\n<div style=\"text-align: justify;\"><span style=\"font-family: tahoma,geneva,sans-serif;\"><span style=\"font-size: 12px;\"><span style=\"color: #000000;\">&nbsp;&nbsp;&nbsp; We consider that every human being is created in the image and likeness of God (<em>Gen<\/em> 1:27) and deserves the same degree of respect and love, despite differences of belief, culture, age, gender, or ethnic origin[1]. Being aware that our common roots lie much deeper than our divisions, while looking for renewal and unity and the role of the Churches in today\u2019s European society, we focussed on our encounter with people of other religions. Aware in particular of our unique relationship with the Jewish peoples as people of the Covenant, we reject all forms of contemporary anti-Semitism and, with them, will foster Europeas a continent free of every form of violence. There have been periods in our European history of harsh conflicts but there have also been periods of peaceful co-existence among people of all religions. In our day there is no alternative to dialogue: not compromise, but a dialogue of life where we can speak the truth in love. We all need to learn more about all religions, and the recommendations of <em>Charta Oecumenica<\/em> should be developed further. We appeal to our fellow Christians and all who believe in God to respect other people\u2019s right to religious freedom, and express our solidarity with Christian communities who live in the Middle East, Iraq, and elsewhere in the world as religious minorities and feel that their very existence is under threat.<\/span><\/span><\/span><\/div>\n<div style=\"text-align: justify;\">&nbsp;<\/div>\n<div style=\"text-align: justify;\"><span style=\"font-family: tahoma,geneva,sans-serif;\"><span style=\"font-size: 12px;\"><span style=\"color: #000000;\">&nbsp;&nbsp;&nbsp; As we meet Christ in our needy sisters and brothers (<em>Mt<\/em> 25:44-45), together enlightened by the Light of Christ, we Christians, according to biblical injunctions to the unity of humanity (<em>Gen<\/em> 1.26-27), commit ourselves to repent for the sin of exclusion; deepen our understanding of \u2018otherness\u2019; defend the dignity and rights of every human being, and ensure protection to those in need of it; share the light of Christ which others bring to Europe; call upon European states to stop unjustifiable administrative detention of migrants, make every effort to ensure regular immigration, the integration of migrants, refugees and asylum-seekers, uphold the value of family unity and combat trafficking in human beings and exploitation of trafficked persons. We call on Churches to increase their pastoral care of vulnerable immigrants.<\/span><\/span><\/span><\/div>\n<div style=\"text-align: justify;\">&nbsp;<\/div>\n<div style=\"text-align: justify;\"><span style=\"font-family: tahoma,geneva,sans-serif;\"><span style=\"font-size: 12px;\"><span style=\"color: #000000;\"><strong><em>&nbsp;&nbsp;&nbsp; <\/em><\/strong><\/span><span style=\"color: #b22222;\"><strong><em>Recommendation Five<\/em><\/strong>:<\/span><span style=\"color: #000000;\"> We recommend that our Churches should recognise that Christian immigrants are not just the recipients of religious care but that they can play a full and active role in the life of the Church and of society; offer better pastoral care for migrants, asylum seekers and refugees; and promote the rights of ethnic minorities in Europe, particularly the Roma people.<\/span><\/span><\/span><\/div>\n<div style=\"text-align: justify;\">&nbsp;<\/div>\n<div style=\"text-align: justify;\"><span style=\"font-family: tahoma,geneva,sans-serif;\"><span style=\"font-size: 12px;\"><span style=\"color: #000000;\">&nbsp;&nbsp;&nbsp; Many of us are thankful that we have experienced profound changes in Europe in recent decades. Europeis more than the European Union. As Christians we share the responsibility for shaping Europe as a continent of peace, solidarity, participation and sustainability. We appreciate the commitment of the European Institutions, including the EU, Council of Europe, and the OSCE, to an open, transparent and regular dialogue with the Churches of Europe. Europe\u2019s highest political representatives honoured us with their presence and thus expressed strong interest in our work. We have to face the challenge to bring spiritual strengths into this dialogue. Europe was initially a political project to secure peace and it now needs to become a Europe of the peoples, more than an economic space.<\/span><\/span><\/span><\/div>\n<div style=\"text-align: justify;\">&nbsp;<\/div>\n<div style=\"text-align: justify;\"><span style=\"font-family: tahoma,geneva,sans-serif;\"><span style=\"font-size: 12px;\"><span style=\"color: #000000;\"><strong><em>&nbsp;&nbsp;&nbsp;&nbsp;<\/em><\/strong><\/span><span style=\"color: #b22222;\"><strong><em> Recommendation Six<\/em><\/strong>:<\/span><span style=\"color: #000000;\"> We recommend developing the <em>Charta Oecumenica<\/em> as a stimulating guideline for our ecumenical journey in Europe.<\/span><\/span><\/span><\/div>\n<div style=\"text-align: justify;\">&nbsp;<\/div>\n<div style=\"text-align: center;\"><span style=\"color: #b22222;\"><span style=\"font-family: tahoma,geneva,sans-serif;\"><span style=\"font-size: 12px;\"><strong>The light of Christ for the whole world<\/strong><\/span><\/span><\/span><\/div>\n<div style=\"text-align: justify;\">&nbsp;<\/div>\n<div style=\"text-align: justify;\"><span style=\"font-family: tahoma,geneva,sans-serif;\"><span style=\"font-size: 12px;\"><span style=\"color: #000000;\">&nbsp;&nbsp;&nbsp; The Word of God disquiets us and our European culture: those who live should no longer live for themselves but for him who died for them and was raised again! Christians must be free from fear and insatiable avarice that make us live for ourselves, powerless, narrow-minded and closed. The Word of God invites us to avoid squandering the precious heritage of those who for the last sixty years have worked for peace and unity in Europe. Peace is an extraordinary and precious gift. Entire countries aspire to peace. Entire peoples are waiting to be delivered from violence and terror. We urgently commit ourselves to renewed efforts towards these ends. We reject war as a tool for resolving conflict, promote non-violent means for conflict resolution, and are concerned about military re-armament. Violence and terrorism in the name of religion are a denial of religion.<\/span><\/span><\/span><\/div>\n<div style=\"text-align: justify;\">&nbsp;<\/div>\n<div style=\"text-align: justify;\"><span style=\"font-family: tahoma,geneva,sans-serif;\"><span style=\"font-size: 12px;\"><span style=\"color: #000000;\">&nbsp;&nbsp;&nbsp; The Light of Christ shines on the term \u2018justice\u2019, linking it to divine mercy. Thus enlightened it escapes any ambiguous pretence. Throughout the world and even in Europe the current process of radical market globalisation is deepening the division of human society between winners and losers, harms the value of countless people, has catastrophic ecological implications and precisely in view of climate change is not compatible with sustaining the future of our planet.<\/span><\/span><\/span><\/div>\n<div style=\"text-align: justify;\">&nbsp;<\/div>\n<div style=\"text-align: justify;\"><span style=\"font-family: tahoma,geneva,sans-serif;\"><span style=\"font-size: 12px;\"><span style=\"color: #000000;\"><strong><em>&nbsp;&nbsp;&nbsp;&nbsp; <\/em><\/strong><\/span><span style=\"color: #b22222;\"><strong><em>Recommendation Seven<\/em><\/strong>:<\/span><span style=\"color: #000000;\"> We urge all European Christians to give strong support to the <em>Millennium Development Goals<\/em> of the United Nations as an urgent practical step towards the alleviation of poverty.<\/span><\/span><\/span><\/div>\n<div style=\"text-align: justify;\">&nbsp;<\/div>\n<div style=\"text-align: justify;\"><span style=\"font-family: tahoma,geneva,sans-serif;\"><span style=\"font-size: 12px;\"><span style=\"color: #b22222;\"><strong><em>&nbsp;&nbsp;&nbsp; Recommendation Eight:<\/em><\/strong><\/span><span style=\"color: #000000;\"> We recommend that a consultative process, addressing European responsibility for ecological justice, facing the threat of climate change; European responsibility for the just shaping of globalisation; the rights of Roma people and other European ethnic minorities, be initiated by CCEE and CEC, with the Churches in Europe and with Churches of other continents.<\/span><\/span><\/span><\/div>\n<div style=\"text-align: justify;\">&nbsp;<\/div>\n<div style=\"text-align: justify;\"><span style=\"font-family: tahoma,geneva,sans-serif;\"><span style=\"font-size: 12px;\"><span style=\"color: #000000;\">&nbsp;&nbsp;&nbsp; Today more than ever, we acknowledge that Africa, a continent already intertwined with our own history and future, experiences levels of poverty about which we cannot remain indifferent and inactive. The wounds of Africatouched the heart of our Assembly.<\/span><\/span><\/span><\/div>\n<div style=\"text-align: justify;\">&nbsp;<\/div>\n<div style=\"text-align: justify;\"><span style=\"font-family: tahoma,geneva,sans-serif;\"><span style=\"font-size: 12px;\"><span style=\"color: #000000;\"><strong><em>&nbsp;&nbsp;&nbsp; <\/em><\/strong><\/span><span style=\"color: #b22222;\"><strong><em>Recommendation Nine<\/em><\/strong>: <\/span><span style=\"color: #000000;\">We recommend backing initiatives for debt cancellation and the promotion of fair trade.<\/span><\/span><\/span><\/div>\n<div style=\"text-align: justify;\">&nbsp;<\/div>\n<div style=\"text-align: justify;\"><span style=\"font-family: tahoma,geneva,sans-serif;\"><span style=\"font-size: 12px;\"><span style=\"color: #000000;\">&nbsp;&nbsp;&nbsp; Through sincere and objective dialogue, we contribute to and promote the creation of a renewed Europe, where unchangeable Christian principles and moral values, derived directly from the Gospel, serve as a witness and promote active engagement in European society. Our task is to promote these principles and values, not only in private but also in public life. We will cooperate with people of other religions who share our concern for creating a Europeof values that also prospers politically and economically.<\/span><\/span><\/span><\/div>\n<div style=\"text-align: justify;\">&nbsp;<\/div>\n<div style=\"text-align: justify;\"><span style=\"font-family: tahoma,geneva,sans-serif;\"><span style=\"font-size: 12px;\"><span style=\"color: #000000;\">&nbsp;&nbsp;&nbsp; Concerned about God\u2019s creation, we pray for a greater sensitivity and respect for its wonderful diversity. We work against its shameless exploitation, from which the \u201cwhole creation awaits its redemption,\u201d (<em>Rom<\/em> 8:22) and commit ourselves to working for reconciliation between humanity and nature.<\/span><\/span><\/span><\/div>\n<div style=\"text-align: justify;\">&nbsp;<\/div>\n<div style=\"text-align: justify;\"><span style=\"font-family: tahoma,geneva,sans-serif;\"><span style=\"font-size: 12px;\"><span style=\"color: #000000;\"><strong><em>&nbsp;&nbsp;&nbsp; <\/em><\/strong><\/span><span style=\"color: #b22222;\"><strong><em>Recommendation Ten<\/em><\/strong><em>:<\/em><\/span><span style=\"color: #000000;\"> We recommend that the period from the 1<sup>st<\/sup> September to the 4th of October be dedicated to prayer for the protection of Creation and the promotion of sustainable lifestyles that reverse our contribution to climate change.<\/span><\/span><\/span><\/div>\n<div style=\"text-align: justify;\">&nbsp;<\/div>\n<div style=\"text-align: center;\"><strong><span style=\"color: #b22222;\"><span style=\"font-family: tahoma,geneva,sans-serif;\"><span style=\"font-size: 12px;\">*********<\/span><\/span><\/span><\/strong><\/div>\n<div style=\"text-align: justify;\">&nbsp;<\/div>\n<div style=\"text-align: justify;\"><span style=\"font-family: tahoma,geneva,sans-serif;\"><span style=\"font-size: 12px;\"><span style=\"color: #000000;\">&nbsp;&nbsp;&nbsp; Paying tribute to all who contributed to this journey, particularly the young <em>oikumene,<\/em> who urged this assembly to be courageous in living the Gospel, we unite in prayer:<\/span><\/span><\/span><\/div>\n<div style=\"text-align: justify;\">&nbsp;<\/div>\n<div style=\"text-align: justify;\"><span style=\"font-family: tahoma,geneva,sans-serif;\"><span style=\"font-size: 12px;\"><span style=\"color: #000000;\">&nbsp;&nbsp;&nbsp; O Christ, the True Light, which illumines and sanctifies every human being coming into this world, shine on us the light of your presence, that in it we may behold the unapproachable light, and guide our paths for the work of your commandments. Save us and lead us into your eternal kingdom. For you are our Creator, Provider and Giver of all that is good. Our hope is in you and to you we give glory, now and forever. Amen.<\/span><\/span><\/span><\/div>\n<div style=\"text-align: justify;\">&nbsp;<\/div>\n<div style=\"text-align: justify;\"><span style=\"font-family: tahoma,geneva,sans-serif;\"><span style=\"font-size: 12px;\"><span style=\"color: #000000;\"><span dir=\"LTR\">&nbsp;&nbsp;&nbsp; The <\/span> St. Maurice statement can be found at <\/span><a href=\"http:\/\/www.cec-kek.org\/pdf\/youngstate.doc\" target=\"_blank\" rel=\"noopener noreferrer\"><span style=\"color: #b22222;\">www.cec-kek.org\/pdf\/youngstate.doc<\/span><\/a><\/span><\/span><\/div>\n<div style=\"text-align: justify;\">&nbsp;<\/div>\n<div>\n<div id=\"ftn1\">\n<div style=\"text-align: justify;\"><span style=\"font-family: tahoma,geneva,sans-serif;\"><span style=\"font-size: 12px;\"><span style=\"color: #000000;\">[1]At this point during the reading of the Message to the Assembly, a phrase &#8220;From conception to natural death\u201d was offered verbally which was subsequently translated as -From birth to natural death &#8211; From the beginning of life until natural death. None of these phrases form a part of the official text of the message.<\/span><\/span><\/span><\/div>\n<\/div>\n<\/div>\n<\/td>\n<\/tr>\n<tr>\n<td>\n<div style=\"text-align: justify;\">&nbsp;<\/div>\n<div style=\"text-align: justify;\">&nbsp;<\/div>\n<div style=\"text-align: justify;\"><span style=\"font-family: tahoma,geneva,sans-serif;\"><span style=\"font-size: 12px;\"><span style=\"color: #000000;\"><strong>By Sonila Dedja<\/strong><\/span><\/span><\/span><\/div>\n<div style=\"text-align: justify;\"><span style=\"font-family: tahoma,geneva,sans-serif;\"><span style=\"font-size: 12px;\"><span style=\"color: #000000;\"><strong>Translated and edited by: Georgia Gilman<\/strong><\/span><\/span><\/span><\/div>\n<\/td>\n<td style=\"text-align: justify;\">\n<div>&nbsp;<\/div>\n<\/td>\n<\/tr>\n<\/tbody>\n<\/table>\n<\/td>\n<\/tr>\n<\/tbody>\n<\/table>\n","protected":false},"excerpt":{"rendered":"<p>&nbsp; &nbsp; &nbsp; &nbsp;&nbsp;&nbsp; At \u201cThe light of Christ shines upon all\u201d, Christians from all over Europegathered in Sibiu, Romaniaon September 4-9, 2007, for the Third European Ecumenical Assembly. The Autocephalous Orthodox Church of Albaniawas represented by a delegation of 7 people; lead by Archbishop Anastasios and, among others, Bishop Andoni of Kruja. &nbsp; &nbsp;&nbsp;&nbsp; The assembly program was divided into plenary proceedings in the<\/p>\n","protected":false},"author":7,"featured_media":0,"comment_status":"open","ping_status":"open","sticky":false,"template":"","format":"standard","meta":{"_acf_changed":false,"pagelayer_contact_templates":[],"_pagelayer_content":"","inline_featured_image":false,"fifu_image_url":"","fifu_image_alt":"","footnotes":""},"categories":[1455,311],"tags":[1117,1233,1768],"class_list":["post-1380","post","type-post","status-publish","format-standard","hentry","category-news-en","category-news-d25","tag-2007-en","tag-declarations-official-announcements","tag-kryepiskopi-anastas-en"],"acf":[],"yoast_head":"<!-- This site is optimized with the Yoast SEO plugin v27.2 - https:\/\/yoast.com\/product\/yoast-seo-wordpress\/ -->\n<title>The Light of Christ Shines upon all! Hope for rebirth and unity in Europe. (September 2007) - Kisha Orthodh\u03bfkse Autoqefale e Shqip\u00ebris\u00eb<\/title>\n<meta name=\"robots\" content=\"index, follow, max-snippet:-1, max-image-preview:large, max-video-preview:-1\" \/>\n<link rel=\"canonical\" href=\"https:\/\/orthodoxalbania.org\/2020\/en\/2007\/02\/26\/the-light-of-christ-shines-upon-all-hope-for-rebirth-and-unity-in-europe-september-2007\/\" \/>\n<meta property=\"og:locale\" content=\"en_US\" \/>\n<meta property=\"og:type\" content=\"article\" \/>\n<meta property=\"og:title\" content=\"The Light of Christ Shines upon all! Hope for rebirth and unity in Europe. (September 2007) - Kisha Orthodh\u03bfkse Autoqefale e Shqip\u00ebris\u00eb\" \/>\n<meta property=\"og:description\" content=\"&nbsp; &nbsp; &nbsp; &nbsp;&nbsp;&nbsp; At \u201cThe light of Christ shines upon all\u201d, Christians from all over Europegathered in Sibiu, Romaniaon September 4-9, 2007, for the Third European Ecumenical Assembly. The Autocephalous Orthodox Church of Albaniawas represented by a delegation of 7 people; lead by Archbishop Anastasios and, among others, Bishop Andoni of Kruja. &nbsp; &nbsp;&nbsp;&nbsp; The assembly program was divided into plenary proceedings in the\" \/>\n<meta property=\"og:url\" content=\"https:\/\/orthodoxalbania.org\/2020\/en\/2007\/02\/26\/the-light-of-christ-shines-upon-all-hope-for-rebirth-and-unity-in-europe-september-2007\/\" \/>\n<meta property=\"og:site_name\" content=\"Kisha Orthodh\u03bfkse Autoqefale e Shqip\u00ebris\u00eb\" \/>\n<meta property=\"article:publisher\" content=\"https:\/\/www.facebook.com\/koash1991\" \/>\n<meta property=\"article:published_time\" content=\"2007-02-26T00:00:16+00:00\" \/>\n<meta property=\"article:modified_time\" content=\"2020-04-12T22:31:26+00:00\" \/>\n<meta property=\"og:image\" content=\"https:\/\/lh4.googleusercontent.com\/-wJgma6lYPaw\/VIqy9WKtqzI\/AAAAAAAAG08\/flV6Rth3u24\/w600-h167-no\/1mbititull.jpg\" \/>\n<meta name=\"author\" content=\"Kisha Orthodhokse\" \/>\n<meta name=\"twitter:card\" content=\"summary_large_image\" \/>\n<meta name=\"twitter:label1\" content=\"Written by\" \/>\n\t<meta name=\"twitter:data1\" content=\"Kisha Orthodhokse\" \/>\n\t<meta name=\"twitter:label2\" content=\"Est. reading time\" \/>\n\t<meta name=\"twitter:data2\" content=\"14 minutes\" \/>\n<script type=\"application\/ld+json\" class=\"yoast-schema-graph\">{\"@context\":\"https:\/\/schema.org\",\"@graph\":[{\"@type\":\"Article\",\"@id\":\"https:\/\/orthodoxalbania.org\/2020\/en\/2007\/02\/26\/the-light-of-christ-shines-upon-all-hope-for-rebirth-and-unity-in-europe-september-2007\/#article\",\"isPartOf\":{\"@id\":\"https:\/\/orthodoxalbania.org\/2020\/en\/2007\/02\/26\/the-light-of-christ-shines-upon-all-hope-for-rebirth-and-unity-in-europe-september-2007\/\"},\"author\":{\"name\":\"Kisha Orthodhokse\",\"@id\":\"https:\/\/orthodoxalbania.org\/2020\/#\/schema\/person\/df745f942b70e045b3dc05a30211f0de\"},\"headline\":\"The Light of Christ Shines upon all! Hope for rebirth and unity in Europe. (September 2007)\",\"datePublished\":\"2007-02-26T00:00:16+00:00\",\"dateModified\":\"2020-04-12T22:31:26+00:00\",\"mainEntityOfPage\":{\"@id\":\"https:\/\/orthodoxalbania.org\/2020\/en\/2007\/02\/26\/the-light-of-christ-shines-upon-all-hope-for-rebirth-and-unity-in-europe-september-2007\/\"},\"wordCount\":2878,\"commentCount\":0,\"publisher\":{\"@id\":\"https:\/\/orthodoxalbania.org\/2020\/#organization\"},\"image\":{\"@id\":\"https:\/\/orthodoxalbania.org\/2020\/en\/2007\/02\/26\/the-light-of-christ-shines-upon-all-hope-for-rebirth-and-unity-in-europe-september-2007\/#primaryimage\"},\"thumbnailUrl\":\"https:\/\/lh4.googleusercontent.com\/-wJgma6lYPaw\/VIqy9WKtqzI\/AAAAAAAAG08\/flV6Rth3u24\/w600-h167-no\/1mbititull.jpg\",\"keywords\":[\"2007\",\"Declarations - Official Announcements\",\"Kryepiskopi Anastas\"],\"articleSection\":[\"News - \u0395\u039d\",\"News old page\"],\"inLanguage\":\"en-US\"},{\"@type\":\"WebPage\",\"@id\":\"https:\/\/orthodoxalbania.org\/2020\/en\/2007\/02\/26\/the-light-of-christ-shines-upon-all-hope-for-rebirth-and-unity-in-europe-september-2007\/\",\"url\":\"https:\/\/orthodoxalbania.org\/2020\/en\/2007\/02\/26\/the-light-of-christ-shines-upon-all-hope-for-rebirth-and-unity-in-europe-september-2007\/\",\"name\":\"The Light of Christ Shines upon all! Hope for rebirth and unity in Europe. (September 2007) - Kisha Orthodh\u03bfkse Autoqefale e Shqip\u00ebris\u00eb\",\"isPartOf\":{\"@id\":\"https:\/\/orthodoxalbania.org\/2020\/#website\"},\"primaryImageOfPage\":{\"@id\":\"https:\/\/orthodoxalbania.org\/2020\/en\/2007\/02\/26\/the-light-of-christ-shines-upon-all-hope-for-rebirth-and-unity-in-europe-september-2007\/#primaryimage\"},\"image\":{\"@id\":\"https:\/\/orthodoxalbania.org\/2020\/en\/2007\/02\/26\/the-light-of-christ-shines-upon-all-hope-for-rebirth-and-unity-in-europe-september-2007\/#primaryimage\"},\"thumbnailUrl\":\"https:\/\/lh4.googleusercontent.com\/-wJgma6lYPaw\/VIqy9WKtqzI\/AAAAAAAAG08\/flV6Rth3u24\/w600-h167-no\/1mbititull.jpg\",\"datePublished\":\"2007-02-26T00:00:16+00:00\",\"dateModified\":\"2020-04-12T22:31:26+00:00\",\"breadcrumb\":{\"@id\":\"https:\/\/orthodoxalbania.org\/2020\/en\/2007\/02\/26\/the-light-of-christ-shines-upon-all-hope-for-rebirth-and-unity-in-europe-september-2007\/#breadcrumb\"},\"inLanguage\":\"en-US\",\"potentialAction\":[{\"@type\":\"ReadAction\",\"target\":[\"https:\/\/orthodoxalbania.org\/2020\/en\/2007\/02\/26\/the-light-of-christ-shines-upon-all-hope-for-rebirth-and-unity-in-europe-september-2007\/\"]}]},{\"@type\":\"ImageObject\",\"inLanguage\":\"en-US\",\"@id\":\"https:\/\/orthodoxalbania.org\/2020\/en\/2007\/02\/26\/the-light-of-christ-shines-upon-all-hope-for-rebirth-and-unity-in-europe-september-2007\/#primaryimage\",\"url\":\"https:\/\/lh4.googleusercontent.com\/-wJgma6lYPaw\/VIqy9WKtqzI\/AAAAAAAAG08\/flV6Rth3u24\/w600-h167-no\/1mbititull.jpg\",\"contentUrl\":\"https:\/\/lh4.googleusercontent.com\/-wJgma6lYPaw\/VIqy9WKtqzI\/AAAAAAAAG08\/flV6Rth3u24\/w600-h167-no\/1mbititull.jpg\"},{\"@type\":\"BreadcrumbList\",\"@id\":\"https:\/\/orthodoxalbania.org\/2020\/en\/2007\/02\/26\/the-light-of-christ-shines-upon-all-hope-for-rebirth-and-unity-in-europe-september-2007\/#breadcrumb\",\"itemListElement\":[{\"@type\":\"ListItem\",\"position\":1,\"name\":\"Home\",\"item\":\"https:\/\/orthodoxalbania.org\/2020\/\"},{\"@type\":\"ListItem\",\"position\":2,\"name\":\"The Light of Christ Shines upon all! Hope for rebirth and unity in Europe. (September 2007)\"}]},{\"@type\":\"WebSite\",\"@id\":\"https:\/\/orthodoxalbania.org\/2020\/#website\",\"url\":\"https:\/\/orthodoxalbania.org\/2020\/\",\"name\":\"Kisha Orthodh\u03bfkse Autoqefale e Shqip\u00ebris\u00eb\",\"description\":\"Fqja Zyrtare e Kish\u00ebs Orthodhokse Autoqefale e Shqip\u00ebris\u00eb me lajmet edhe informacionet zyrtare p\u00ebr struktur\u00ebn edhe veprimtarin e saj.\",\"publisher\":{\"@id\":\"https:\/\/orthodoxalbania.org\/2020\/#organization\"},\"potentialAction\":[{\"@type\":\"SearchAction\",\"target\":{\"@type\":\"EntryPoint\",\"urlTemplate\":\"https:\/\/orthodoxalbania.org\/2020\/?s={search_term_string}\"},\"query-input\":{\"@type\":\"PropertyValueSpecification\",\"valueRequired\":true,\"valueName\":\"search_term_string\"}}],\"inLanguage\":\"en-US\"},{\"@type\":\"Organization\",\"@id\":\"https:\/\/orthodoxalbania.org\/2020\/#organization\",\"name\":\"Kisha Orthodhokse Autoqefale e Shqip\u00ebris\u00eb\",\"url\":\"https:\/\/orthodoxalbania.org\/2020\/\",\"logo\":{\"@type\":\"ImageObject\",\"inLanguage\":\"en-US\",\"@id\":\"https:\/\/orthodoxalbania.org\/2020\/#\/schema\/logo\/image\/\",\"url\":\"https:\/\/orthodoxalbania.org\/2020\/wp-content\/uploads\/2020\/05\/albania.jpeg\",\"contentUrl\":\"https:\/\/orthodoxalbania.org\/2020\/wp-content\/uploads\/2020\/05\/albania.jpeg\",\"width\":540,\"height\":540,\"caption\":\"Kisha Orthodhokse Autoqefale e Shqip\u00ebris\u00eb\"},\"image\":{\"@id\":\"https:\/\/orthodoxalbania.org\/2020\/#\/schema\/logo\/image\/\"},\"sameAs\":[\"https:\/\/www.facebook.com\/koash1991\"]},{\"@type\":\"Person\",\"@id\":\"https:\/\/orthodoxalbania.org\/2020\/#\/schema\/person\/df745f942b70e045b3dc05a30211f0de\",\"name\":\"Kisha Orthodhokse\",\"image\":{\"@type\":\"ImageObject\",\"inLanguage\":\"en-US\",\"@id\":\"https:\/\/secure.gravatar.com\/avatar\/2676eb8d97178435c9f691a7871595a1da6c33542dec218bce40885573150e28?s=96&d=mm&r=g\",\"url\":\"https:\/\/secure.gravatar.com\/avatar\/2676eb8d97178435c9f691a7871595a1da6c33542dec218bce40885573150e28?s=96&d=mm&r=g\",\"contentUrl\":\"https:\/\/secure.gravatar.com\/avatar\/2676eb8d97178435c9f691a7871595a1da6c33542dec218bce40885573150e28?s=96&d=mm&r=g\",\"caption\":\"Kisha Orthodhokse\"}}]}<\/script>\n<!-- \/ Yoast SEO plugin. -->","yoast_head_json":{"title":"The Light of Christ Shines upon all! Hope for rebirth and unity in Europe. (September 2007) - Kisha Orthodh\u03bfkse Autoqefale e Shqip\u00ebris\u00eb","robots":{"index":"index","follow":"follow","max-snippet":"max-snippet:-1","max-image-preview":"max-image-preview:large","max-video-preview":"max-video-preview:-1"},"canonical":"https:\/\/orthodoxalbania.org\/2020\/en\/2007\/02\/26\/the-light-of-christ-shines-upon-all-hope-for-rebirth-and-unity-in-europe-september-2007\/","og_locale":"en_US","og_type":"article","og_title":"The Light of Christ Shines upon all! Hope for rebirth and unity in Europe. (September 2007) - Kisha Orthodh\u03bfkse Autoqefale e Shqip\u00ebris\u00eb","og_description":"&nbsp; &nbsp; &nbsp; &nbsp;&nbsp;&nbsp; At \u201cThe light of Christ shines upon all\u201d, Christians from all over Europegathered in Sibiu, Romaniaon September 4-9, 2007, for the Third European Ecumenical Assembly. The Autocephalous Orthodox Church of Albaniawas represented by a delegation of 7 people; lead by Archbishop Anastasios and, among others, Bishop Andoni of Kruja. &nbsp; &nbsp;&nbsp;&nbsp; The assembly program was divided into plenary proceedings in the","og_url":"https:\/\/orthodoxalbania.org\/2020\/en\/2007\/02\/26\/the-light-of-christ-shines-upon-all-hope-for-rebirth-and-unity-in-europe-september-2007\/","og_site_name":"Kisha Orthodh\u03bfkse Autoqefale e Shqip\u00ebris\u00eb","article_publisher":"https:\/\/www.facebook.com\/koash1991","article_published_time":"2007-02-26T00:00:16+00:00","article_modified_time":"2020-04-12T22:31:26+00:00","og_image":[{"url":"https:\/\/lh4.googleusercontent.com\/-wJgma6lYPaw\/VIqy9WKtqzI\/AAAAAAAAG08\/flV6Rth3u24\/w600-h167-no\/1mbititull.jpg","type":"","width":"","height":""}],"author":"Kisha Orthodhokse","twitter_card":"summary_large_image","twitter_misc":{"Written by":"Kisha Orthodhokse","Est. reading time":"14 minutes"},"schema":{"@context":"https:\/\/schema.org","@graph":[{"@type":"Article","@id":"https:\/\/orthodoxalbania.org\/2020\/en\/2007\/02\/26\/the-light-of-christ-shines-upon-all-hope-for-rebirth-and-unity-in-europe-september-2007\/#article","isPartOf":{"@id":"https:\/\/orthodoxalbania.org\/2020\/en\/2007\/02\/26\/the-light-of-christ-shines-upon-all-hope-for-rebirth-and-unity-in-europe-september-2007\/"},"author":{"name":"Kisha Orthodhokse","@id":"https:\/\/orthodoxalbania.org\/2020\/#\/schema\/person\/df745f942b70e045b3dc05a30211f0de"},"headline":"The Light of Christ Shines upon all! Hope for rebirth and unity in Europe. (September 2007)","datePublished":"2007-02-26T00:00:16+00:00","dateModified":"2020-04-12T22:31:26+00:00","mainEntityOfPage":{"@id":"https:\/\/orthodoxalbania.org\/2020\/en\/2007\/02\/26\/the-light-of-christ-shines-upon-all-hope-for-rebirth-and-unity-in-europe-september-2007\/"},"wordCount":2878,"commentCount":0,"publisher":{"@id":"https:\/\/orthodoxalbania.org\/2020\/#organization"},"image":{"@id":"https:\/\/orthodoxalbania.org\/2020\/en\/2007\/02\/26\/the-light-of-christ-shines-upon-all-hope-for-rebirth-and-unity-in-europe-september-2007\/#primaryimage"},"thumbnailUrl":"https:\/\/lh4.googleusercontent.com\/-wJgma6lYPaw\/VIqy9WKtqzI\/AAAAAAAAG08\/flV6Rth3u24\/w600-h167-no\/1mbititull.jpg","keywords":["2007","Declarations - Official Announcements","Kryepiskopi Anastas"],"articleSection":["News - \u0395\u039d","News old page"],"inLanguage":"en-US"},{"@type":"WebPage","@id":"https:\/\/orthodoxalbania.org\/2020\/en\/2007\/02\/26\/the-light-of-christ-shines-upon-all-hope-for-rebirth-and-unity-in-europe-september-2007\/","url":"https:\/\/orthodoxalbania.org\/2020\/en\/2007\/02\/26\/the-light-of-christ-shines-upon-all-hope-for-rebirth-and-unity-in-europe-september-2007\/","name":"The Light of Christ Shines upon all! Hope for rebirth and unity in Europe. (September 2007) - Kisha Orthodh\u03bfkse Autoqefale e Shqip\u00ebris\u00eb","isPartOf":{"@id":"https:\/\/orthodoxalbania.org\/2020\/#website"},"primaryImageOfPage":{"@id":"https:\/\/orthodoxalbania.org\/2020\/en\/2007\/02\/26\/the-light-of-christ-shines-upon-all-hope-for-rebirth-and-unity-in-europe-september-2007\/#primaryimage"},"image":{"@id":"https:\/\/orthodoxalbania.org\/2020\/en\/2007\/02\/26\/the-light-of-christ-shines-upon-all-hope-for-rebirth-and-unity-in-europe-september-2007\/#primaryimage"},"thumbnailUrl":"https:\/\/lh4.googleusercontent.com\/-wJgma6lYPaw\/VIqy9WKtqzI\/AAAAAAAAG08\/flV6Rth3u24\/w600-h167-no\/1mbititull.jpg","datePublished":"2007-02-26T00:00:16+00:00","dateModified":"2020-04-12T22:31:26+00:00","breadcrumb":{"@id":"https:\/\/orthodoxalbania.org\/2020\/en\/2007\/02\/26\/the-light-of-christ-shines-upon-all-hope-for-rebirth-and-unity-in-europe-september-2007\/#breadcrumb"},"inLanguage":"en-US","potentialAction":[{"@type":"ReadAction","target":["https:\/\/orthodoxalbania.org\/2020\/en\/2007\/02\/26\/the-light-of-christ-shines-upon-all-hope-for-rebirth-and-unity-in-europe-september-2007\/"]}]},{"@type":"ImageObject","inLanguage":"en-US","@id":"https:\/\/orthodoxalbania.org\/2020\/en\/2007\/02\/26\/the-light-of-christ-shines-upon-all-hope-for-rebirth-and-unity-in-europe-september-2007\/#primaryimage","url":"https:\/\/lh4.googleusercontent.com\/-wJgma6lYPaw\/VIqy9WKtqzI\/AAAAAAAAG08\/flV6Rth3u24\/w600-h167-no\/1mbititull.jpg","contentUrl":"https:\/\/lh4.googleusercontent.com\/-wJgma6lYPaw\/VIqy9WKtqzI\/AAAAAAAAG08\/flV6Rth3u24\/w600-h167-no\/1mbititull.jpg"},{"@type":"BreadcrumbList","@id":"https:\/\/orthodoxalbania.org\/2020\/en\/2007\/02\/26\/the-light-of-christ-shines-upon-all-hope-for-rebirth-and-unity-in-europe-september-2007\/#breadcrumb","itemListElement":[{"@type":"ListItem","position":1,"name":"Home","item":"https:\/\/orthodoxalbania.org\/2020\/"},{"@type":"ListItem","position":2,"name":"The Light of Christ Shines upon all! Hope for rebirth and unity in Europe. (September 2007)"}]},{"@type":"WebSite","@id":"https:\/\/orthodoxalbania.org\/2020\/#website","url":"https:\/\/orthodoxalbania.org\/2020\/","name":"Kisha Orthodh\u03bfkse Autoqefale e Shqip\u00ebris\u00eb","description":"Fqja Zyrtare e Kish\u00ebs Orthodhokse Autoqefale e Shqip\u00ebris\u00eb me lajmet edhe informacionet zyrtare p\u00ebr struktur\u00ebn edhe veprimtarin e saj.","publisher":{"@id":"https:\/\/orthodoxalbania.org\/2020\/#organization"},"potentialAction":[{"@type":"SearchAction","target":{"@type":"EntryPoint","urlTemplate":"https:\/\/orthodoxalbania.org\/2020\/?s={search_term_string}"},"query-input":{"@type":"PropertyValueSpecification","valueRequired":true,"valueName":"search_term_string"}}],"inLanguage":"en-US"},{"@type":"Organization","@id":"https:\/\/orthodoxalbania.org\/2020\/#organization","name":"Kisha Orthodhokse Autoqefale e Shqip\u00ebris\u00eb","url":"https:\/\/orthodoxalbania.org\/2020\/","logo":{"@type":"ImageObject","inLanguage":"en-US","@id":"https:\/\/orthodoxalbania.org\/2020\/#\/schema\/logo\/image\/","url":"https:\/\/orthodoxalbania.org\/2020\/wp-content\/uploads\/2020\/05\/albania.jpeg","contentUrl":"https:\/\/orthodoxalbania.org\/2020\/wp-content\/uploads\/2020\/05\/albania.jpeg","width":540,"height":540,"caption":"Kisha Orthodhokse Autoqefale e Shqip\u00ebris\u00eb"},"image":{"@id":"https:\/\/orthodoxalbania.org\/2020\/#\/schema\/logo\/image\/"},"sameAs":["https:\/\/www.facebook.com\/koash1991"]},{"@type":"Person","@id":"https:\/\/orthodoxalbania.org\/2020\/#\/schema\/person\/df745f942b70e045b3dc05a30211f0de","name":"Kisha Orthodhokse","image":{"@type":"ImageObject","inLanguage":"en-US","@id":"https:\/\/secure.gravatar.com\/avatar\/2676eb8d97178435c9f691a7871595a1da6c33542dec218bce40885573150e28?s=96&d=mm&r=g","url":"https:\/\/secure.gravatar.com\/avatar\/2676eb8d97178435c9f691a7871595a1da6c33542dec218bce40885573150e28?s=96&d=mm&r=g","contentUrl":"https:\/\/secure.gravatar.com\/avatar\/2676eb8d97178435c9f691a7871595a1da6c33542dec218bce40885573150e28?s=96&d=mm&r=g","caption":"Kisha Orthodhokse"}}]}},"_links":{"self":[{"href":"https:\/\/orthodoxalbania.org\/2020\/wp-json\/wp\/v2\/posts\/1380","targetHints":{"allow":["GET"]}}],"collection":[{"href":"https:\/\/orthodoxalbania.org\/2020\/wp-json\/wp\/v2\/posts"}],"about":[{"href":"https:\/\/orthodoxalbania.org\/2020\/wp-json\/wp\/v2\/types\/post"}],"author":[{"embeddable":true,"href":"https:\/\/orthodoxalbania.org\/2020\/wp-json\/wp\/v2\/users\/7"}],"replies":[{"embeddable":true,"href":"https:\/\/orthodoxalbania.org\/2020\/wp-json\/wp\/v2\/comments?post=1380"}],"version-history":[{"count":1,"href":"https:\/\/orthodoxalbania.org\/2020\/wp-json\/wp\/v2\/posts\/1380\/revisions"}],"predecessor-version":[{"id":18047,"href":"https:\/\/orthodoxalbania.org\/2020\/wp-json\/wp\/v2\/posts\/1380\/revisions\/18047"}],"wp:attachment":[{"href":"https:\/\/orthodoxalbania.org\/2020\/wp-json\/wp\/v2\/media?parent=1380"}],"wp:term":[{"taxonomy":"category","embeddable":true,"href":"https:\/\/orthodoxalbania.org\/2020\/wp-json\/wp\/v2\/categories?post=1380"},{"taxonomy":"post_tag","embeddable":true,"href":"https:\/\/orthodoxalbania.org\/2020\/wp-json\/wp\/v2\/tags?post=1380"}],"curies":[{"name":"wp","href":"https:\/\/api.w.org\/{rel}","templated":true}]}}