{"id":1371,"date":"2007-02-26T00:00:19","date_gmt":"2007-02-26T00:00:19","guid":{"rendered":""},"modified":"2020-04-13T00:31:26","modified_gmt":"2020-04-12T22:31:26","slug":"the-grand-jubilee-of-the-orthodox-church-in-georgia-a-delegation-from-the-autocephalous-church-of-albania-took-part-in-the-celebration-october-2007","status":"publish","type":"post","link":"https:\/\/orthodoxalbania.org\/2020\/en\/2007\/02\/26\/the-grand-jubilee-of-the-orthodox-church-in-georgia-a-delegation-from-the-autocephalous-church-of-albania-took-part-in-the-celebration-october-2007\/","title":{"rendered":"The Grand Jubilee of the Orthodox Church in Georgia A delegation from the Autocephalous Church of Albania took part in the celebration. (October 2007)"},"content":{"rendered":"<div>&nbsp;<\/div>\n<table id=\"AutoNumber2\" style=\"width: 680px; height: 1392px;\" border=\"0\">\n<tbody>\n<tr>\n<td>\n<div>&nbsp;<\/div>\n<p><span style=\"color: #000000;\"><img decoding=\"async\" class=\"lazyload HAa Eha\" style=\"border-width: 1px; border-style: solid; margin: 10px auto; display: block;\" alt=\"\" src=\"data:image\/svg+xml,%3Csvg%20xmlns%3D%27http%3A%2F%2Fwww.w3.org%2F2000%2Fsvg%27%20width%3D%27211%27%20height%3D%27141%27%20viewBox%3D%270%200%20211%20141%27%3E%3Crect%20width%3D%27211%27%20height%3D%27141%27%20fill-opacity%3D%220%22%2F%3E%3C%2Fsvg%3E\" data-orig-src=\"https:\/\/lh6.googleusercontent.com\/-fnCRxtIKfSc\/VIrIoF89WKI\/AAAAAAAAG9o\/LzQOkQnbZAg\/w400-h267-no\/pic1.jpg\" height=\"141\" width=\"211\" \/><\/span><\/td>\n<td>\n<div style=\"text-align: justify;\"><span style=\"color: #000000;\"><span style=\"font-family: tahoma,geneva,sans-serif;\"><span style=\"font-size: 12px;\">&nbsp;&nbsp;&nbsp; The 1400<sup>th<\/sup> anniversary of the monastery of Ivar (Holy Cross) and the 30<sup>th<\/sup> anniversary of the Enthronement of His Beatitude, the Patriarch of the Church of Georgia, Ilia II was celebrated in Tbilis, Georgia on the 12<sup>th<\/sup> through the16<sup>th<\/sup> of October 2007.<\/span><\/span><\/span><\/div>\n<\/td>\n<\/tr>\n<tr>\n<td>\n<div style=\"text-align: justify;\"><span style=\"color: #000000;\"><span style=\"font-family: tahoma,geneva,sans-serif;\"><span style=\"font-size: 12px;\">&nbsp;&nbsp;&nbsp; Representatives from orthodox churches throughout the world took part, as well as His Eminence, (\u03bf \u03a0\u03b1\u03bd\u03b1\u03b3\u03b9\u03bf\u03c4\u03b1\u03c4\u03bf\u03c2), Ecumenical Patriarch Bartholomew. The representatives of the Orthodox Church of Albania were the Metropolitan of Berati, His Grace Ignatios and Mr. Jorgo Papadhopulli, professor at the Theological Academy in St. Vlasios.<\/span><\/span><\/span><\/div>\n<\/td>\n<td>\n<div><span style=\"color: #000000;\"><span style=\"font-family: tahoma,geneva,sans-serif;\"><span style=\"font-size: 12px;\"><img decoding=\"async\" class=\"lazyload HAa Eha\" style=\"border-width: 1px; border-style: solid; margin: 10px auto; display: block;\" alt=\"\" src=\"data:image\/svg+xml,%3Csvg%20xmlns%3D%27http%3A%2F%2Fwww.w3.org%2F2000%2Fsvg%27%20width%3D%27300%27%20height%3D%27200%27%20viewBox%3D%270%200%20300%20200%27%3E%3Crect%20width%3D%27300%27%20height%3D%27200%27%20fill-opacity%3D%220%22%2F%3E%3C%2Fsvg%3E\" data-orig-src=\"https:\/\/lh6.googleusercontent.com\/--7sPtxUhywE\/VIrIoAQZczI\/AAAAAAAAG9w\/JsPS82BLtU8\/w400-h267-no\/pic2.jpg\" height=\"200\" width=\"300\" \/><\/span><\/span><\/span><\/div>\n<\/td>\n<\/tr>\n<tr>\n<td>\n<div><span style=\"color: #000000;\"><span style=\"font-family: tahoma,geneva,sans-serif;\"><span style=\"font-size: 12px;\"><img decoding=\"async\" class=\"lazyload HAa Eha\" style=\"border-width: 1px; border-style: solid; margin: 10px auto; display: block;\" alt=\"\" src=\"data:image\/svg+xml,%3Csvg%20xmlns%3D%27http%3A%2F%2Fwww.w3.org%2F2000%2Fsvg%27%20width%3D%27203%27%20height%3D%27139%27%20viewBox%3D%270%200%20203%20139%27%3E%3Crect%20width%3D%27203%27%20height%3D%27139%27%20fill-opacity%3D%220%22%2F%3E%3C%2Fsvg%3E\" data-orig-src=\"https:\/\/lh6.googleusercontent.com\/-Rx36hgnS29I\/VIrIob8VqoI\/AAAAAAAAG9s\/48nXXCwCJ8I\/w400-h273-no\/pic3.jpg\" height=\"139\" width=\"203\" \/><\/span><\/span><\/span><\/div>\n<\/td>\n<td>\n<div style=\"text-align: justify;\"><span style=\"color: #000000;\"><span style=\"font-family: tahoma,geneva,sans-serif;\"><span style=\"font-size: 12px;\">&nbsp;&nbsp;&nbsp; During the official reception that was conducted by Patriarch Ilia II, His Grace Ignatios delivered his greetings and said, <em>\u201cYour Beatitude, we heartily thank you for the invitation made to us by his Eminence to celebrate together within this illuminating, ancient and sisterly Church of Georgia, which was founded by the holy Apostle Andrew, the First-Called, in the first century and which was strengthened later during the fourth century by St. Nina of Capadocia who was equal to the Apostles.\u201d<\/em><\/span><\/span><\/span><\/div>\n<\/td>\n<\/tr>\n<tr>\n<td>\n<div style=\"text-align: justify;\"><span style=\"color: #000000;\"><span style=\"font-family: tahoma,geneva,sans-serif;\"><span style=\"font-size: 12px;\"><em>&nbsp;&nbsp;&nbsp; \u201cThis is a remarkable day for the 1400<sup>th<\/sup> anniversary celebration of the monastery of Ivar which has radiated the ongoing light of faith in our Lord, Jesus Christ, as a spiritual lantern of orthodoxy. <\/em><\/span><\/span><\/span><\/div>\n<\/td>\n<td>\n<div>&nbsp;<\/div>\n<p><span style=\"color: #000000;\"><img decoding=\"async\" class=\"lazyload HAa Eha\" style=\"border-width: 1px; border-style: solid; margin: 10px auto; display: block;\" alt=\"\" src=\"data:image\/svg+xml,%3Csvg%20xmlns%3D%27http%3A%2F%2Fwww.w3.org%2F2000%2Fsvg%27%20width%3D%27276%27%20height%3D%27235%27%20viewBox%3D%270%200%20276%20235%27%3E%3Crect%20width%3D%27276%27%20height%3D%27235%27%20fill-opacity%3D%220%22%2F%3E%3C%2Fsvg%3E\" data-orig-src=\"https:\/\/lh3.googleusercontent.com\/-kLdJN3DGfEA\/VIrIowRDMaI\/AAAAAAAAG9k\/opYG7qzKcQI\/w351-h299-no\/pic4.jpg\" height=\"235\" width=\"276\" \/><\/span><\/p>\n<\/td>\n<\/tr>\n<tr>\n<td>\n<div>&nbsp;<\/div>\n<p><span style=\"color: #000000;\"><img decoding=\"async\" class=\"lazyload HAa Eha\" style=\"border-width: 1px; border-style: solid; margin: 10px auto; display: block;\" alt=\"\" src=\"data:image\/svg+xml,%3Csvg%20xmlns%3D%27http%3A%2F%2Fwww.w3.org%2F2000%2Fsvg%27%20width%3D%27206%27%20height%3D%27138%27%20viewBox%3D%270%200%20206%20138%27%3E%3Crect%20width%3D%27206%27%20height%3D%27138%27%20fill-opacity%3D%220%22%2F%3E%3C%2Fsvg%3E\" data-orig-src=\"https:\/\/lh4.googleusercontent.com\/-sCWLANZyxo8\/VIrIo8RUyII\/AAAAAAAAG9c\/gqkwbw2KtSM\/w400-h267-no\/pic6.jpg\" height=\"138\" width=\"206\" \/><\/span><\/p>\n<\/td>\n<td>\n<div style=\"text-align: justify;\"><span style=\"color: #000000;\"><span style=\"font-family: tahoma,geneva,sans-serif;\"><span style=\"font-size: 12px;\"><em>&nbsp;&nbsp;&nbsp; Many bright, educated and virtuous people came from this monastery. Being inspired from the Life-giving cross of our Lord, which is a symbol of victory, they developed and cultivated the monastic and ascetic ideal among your faithful people. In this jubilee, we also celebrate a special event related to Your Beatitude. <\/em><\/span><\/span><\/span><\/div>\n<\/td>\n<\/tr>\n<tr>\n<td>\n<div style=\"text-align: justify;\"><span style=\"color: #000000;\"><span style=\"font-family: tahoma,geneva,sans-serif;\"><span style=\"font-size: 12px;\"><em>&nbsp;&nbsp;&nbsp; It is thirty years now since your enthronement through God\u2019s grace as a shepherd for these God-chosen people. This position is not only \u201ca position of the forefathers\u201d but also a continuation of their ministry. As a worthy descendant and follower of the Apostles\u2019 ministry, you make use of your wisdom, apostolic zeal, spirit of sacrifice and your self-denial to become \u201ca canon of faith and mildness.\u201d<\/em><\/span><\/span><\/span><\/div>\n<\/td>\n<td>\n<div><span style=\"color: #000000;\"><span style=\"font-family: tahoma,geneva,sans-serif;\"><span style=\"font-size: 12px;\"><img decoding=\"async\" class=\"lazyload HAa Eha\" style=\"border-width: 1px; border-style: solid; margin: 10px auto; display: block;\" alt=\"\" src=\"data:image\/svg+xml,%3Csvg%20xmlns%3D%27http%3A%2F%2Fwww.w3.org%2F2000%2Fsvg%27%20width%3D%27311%27%20height%3D%27239%27%20viewBox%3D%270%200%20311%20239%27%3E%3Crect%20width%3D%27311%27%20height%3D%27239%27%20fill-opacity%3D%220%22%2F%3E%3C%2Fsvg%3E\" data-orig-src=\"https:\/\/lh5.googleusercontent.com\/-YfpsGiQB-4M\/VIrIpGtMYbI\/AAAAAAAAG9Y\/IujnxmpAAao\/w385-h296-no\/pic7.jpg\" height=\"239\" width=\"311\" \/><\/span><\/span><\/span><\/div>\n<\/td>\n<\/tr>\n<tr>\n<td>\n<div><span style=\"color: #000000;\"><span style=\"font-family: tahoma,geneva,sans-serif;\"><span style=\"font-size: 12px;\"><img decoding=\"async\" class=\"lazyload HAa Eha\" style=\"border-width: 1px; border-style: solid; margin: 10px auto; display: block;\" alt=\"\" src=\"data:image\/svg+xml,%3Csvg%20xmlns%3D%27http%3A%2F%2Fwww.w3.org%2F2000%2Fsvg%27%20width%3D%27222%27%20height%3D%27148%27%20viewBox%3D%270%200%20222%20148%27%3E%3Crect%20width%3D%27222%27%20height%3D%27148%27%20fill-opacity%3D%220%22%2F%3E%3C%2Fsvg%3E\" data-orig-src=\"https:\/\/lh5.googleusercontent.com\/-TP671qJ99mA\/VIrIptoab-I\/AAAAAAAAG9g\/alosCOrdikc\/w400-h267-no\/pic8.jpg\" height=\"148\" width=\"222\" \/><\/span><\/span><\/span><\/div>\n<\/td>\n<td>\n<div style=\"text-align: justify;\"><span style=\"color: #000000;\"><span style=\"font-family: tahoma,geneva,sans-serif;\"><span style=\"font-size: 12px;\"><em>&nbsp;&nbsp;&nbsp; We convey to you also the wishes of His Beatitude Archbishop Anastasios, the holy hierarch brothers, the clergy and faithful people of Albania and we pray to All-Mighty God to grant you health and many years so you may continue your productive work. May God grant you many years to continue your work in deepening the Georgian peoples\u2019 faith and to follow the steps of pure orthodoxy whose fruits are the nourishment of the monastic ideal, the reconstruction of the holy Churches, the education of the youth, the cultivation of clerical gifts in order to have worthy shepherds in the future who will carry on the spiritual endeavour of our Lord Jesus Christ for the illumination of the holy Church and the glorification of the Trinitarian God.\u201d<\/em><\/span><\/span><\/span><\/div>\n<\/td>\n<\/tr>\n<\/tbody>\n<\/table>\n<div style=\"text-align: justify;\"><span style=\"color: #000000;\"><span style=\"font-family: tahoma,geneva,sans-serif;\"><span style=\"font-size: 12px;\">&nbsp;&nbsp;&nbsp; On Saturday morning, October 13<sup>th<\/sup>, people gathered in the Church of the monastery of Ivar where His Eminence, The Ecumenical Patriarch Bartholomew and the Patriarch of Georgia, Ilia II, conducted a Doxology which marked the starting point of the 1400<sup>th<\/sup> anniversary celebration feast of the monastery as well as the 30<sup>th<\/sup> anniversary of his enthronement as a Patriarch of the Orthodox Church of Georgia.<\/span><\/span><\/span><\/div>\n<div style=\"text-align: justify;\">&nbsp;<\/div>\n<div style=\"text-align: justify;\"><span style=\"color: #000000;\"><span style=\"font-family: tahoma,geneva,sans-serif;\"><span style=\"font-size: 12px;\">&nbsp;&nbsp;&nbsp; Also, on Saturday, we visited the National Arts Museum and learned of the ancient history of the Georgian people as well as their ancient roots in Christianity.<\/span><\/span><\/span><\/div>\n<div style=\"text-align: justify;\">&nbsp;<\/div>\n<div style=\"text-align: justify;\"><span style=\"color: #000000;\"><span style=\"font-family: tahoma,geneva,sans-serif;\"><span style=\"font-size: 12px;\">&nbsp;&nbsp;&nbsp; The afternoon was spent in the Orthodox Cathedral of Holy Trinity in Tbilis, and will remain an unforgettable experience for everyone. Thousands of people gathered inside and outside of the Cathedral \u2013 which is considered to be one of the biggest orthodox cathedrals ever built in modern times. Many choirs, composed mainly of male students from the Theological Academy of Tbilis, made the atmosphere more beautiful and spiritual. One could easily see the faithfulness of the people and especially the youth. We were most impressed and gratified to see their deep respect for the clergy. The faithful would wait several hours in long queues to receive the blessing of the Patriarch and the other hierarchs of the Church.<\/span><\/span><\/span><\/div>\n<div style=\"text-align: justify;\">&nbsp;<\/div>\n<div style=\"text-align: justify;\"><span style=\"color: #000000;\"><span style=\"font-family: tahoma,geneva,sans-serif;\"><span style=\"font-size: 12px;\">&nbsp;&nbsp;&nbsp; On October 14<sup>th<\/sup>, the two patriarchs and all the priests of the sister churches conducted the Divine Liturgy which took place in the Svetiskoveli Cathedral. A speech from the President of Georgia after the service made a positive impression on everyone. Also other distinguished government officials were present at the liturgy and they praised the Patriarch of Georgia for his pastoral ministry within the Church.&nbsp;&nbsp;<\/span><\/span><\/span><\/div>\n<div style=\"text-align: justify;\">&nbsp;<\/div>\n<div style=\"text-align: justify;\"><span style=\"color: #000000;\"><span style=\"font-family: tahoma,geneva,sans-serif;\"><span style=\"font-size: 12px;\">&nbsp;&nbsp;&nbsp; The Ecumenical Patriarch and the delegates from the Orthodox Churches were impressed by the monastery of St. Nina which was built on a hill. All the representatives of the Orthodox Churches assisted in the event of granting the degree \u201cPrize of Academic Honour\u201d to the Ecumenical Patriarch Bartholomew by the Academy of Science Georgia.<\/span><\/span><\/span><\/div>\n<div style=\"text-align: justify;\">&nbsp;<\/div>\n<div><span style=\"color: #000000;\"><span style=\"font-family: tahoma,geneva,sans-serif;\"><span style=\"font-size: 12px;\">&nbsp;&nbsp;&nbsp; We left Georgia with much gratitude for the hospitality, respect and especially the faithfulness of the Georgian Orthodox.<\/span><\/span><\/span><\/div>\n<div>&nbsp;<\/div>\n<div><span style=\"color: #000000;\"><span style=\"font-family: tahoma,geneva,sans-serif;\"><span style=\"font-size: 12px;\"><strong><em>&nbsp;&nbsp;&nbsp; The representatives of the Orthodox Autocephalous Church of Albania<\/em><\/strong><\/span><\/span><\/span><\/div>\n<div> <span style=\"color: #000000;\"><span style=\"font-family: tahoma,geneva,sans-serif;\"><span style=\"font-size: 12px;\"><strong><em>&nbsp;&nbsp; Translated by:&nbsp; Juliana Pici<\/em><\/strong><\/span><\/span><\/span><\/div>\n<div><span style=\"color: #000000;\"><span style=\"font-family: tahoma,geneva,sans-serif;\"><span style=\"font-size: 12px;\"><strong><em>&nbsp;&nbsp; Edited by:&nbsp; Melany Linderman <\/em><\/strong><\/span><\/span><\/span><\/div>\n","protected":false},"excerpt":{"rendered":"<p>&nbsp; &nbsp; &nbsp;&nbsp;&nbsp; The 1400th anniversary of the monastery of Ivar (Holy Cross) and the 30th anniversary of the Enthronement of His Beatitude, the Patriarch of the Church of Georgia, Ilia II was celebrated in Tbilis, Georgia on the 12th through the16th of October 2007. &nbsp;&nbsp;&nbsp; Representatives from orthodox churches throughout the world took part, as well as His Eminence, (\u03bf \u03a0\u03b1\u03bd\u03b1\u03b3\u03b9\u03bf\u03c4\u03b1\u03c4\u03bf\u03c2), Ecumenical Patriarch Bartholomew.<\/p>\n","protected":false},"author":7,"featured_media":0,"comment_status":"open","ping_status":"open","sticky":false,"template":"","format":"standard","meta":{"_acf_changed":false,"pagelayer_contact_templates":[],"_pagelayer_content":"","inline_featured_image":false,"fifu_image_url":"","fifu_image_alt":"","footnotes":""},"categories":[1455,311],"tags":[1117,1233],"class_list":["post-1371","post","type-post","status-publish","format-standard","hentry","category-news-en","category-news-d25","tag-2007-en","tag-declarations-official-announcements"],"acf":[],"yoast_head":"<!-- This site is optimized with the Yoast SEO plugin v27.2 - https:\/\/yoast.com\/product\/yoast-seo-wordpress\/ -->\n<title>The Grand Jubilee of the Orthodox Church in Georgia A delegation from the Autocephalous Church of Albania took part in the celebration. (October 2007) - Kisha Orthodh\u03bfkse Autoqefale e Shqip\u00ebris\u00eb<\/title>\n<meta name=\"robots\" content=\"index, follow, max-snippet:-1, max-image-preview:large, max-video-preview:-1\" \/>\n<link rel=\"canonical\" href=\"https:\/\/orthodoxalbania.org\/2020\/en\/2007\/02\/26\/the-grand-jubilee-of-the-orthodox-church-in-georgia-a-delegation-from-the-autocephalous-church-of-albania-took-part-in-the-celebration-october-2007\/\" \/>\n<meta property=\"og:locale\" content=\"en_US\" \/>\n<meta property=\"og:type\" content=\"article\" \/>\n<meta property=\"og:title\" content=\"The Grand Jubilee of the Orthodox Church in Georgia A delegation from the Autocephalous Church of Albania took part in the celebration. (October 2007) - Kisha Orthodh\u03bfkse Autoqefale e Shqip\u00ebris\u00eb\" \/>\n<meta property=\"og:description\" content=\"&nbsp; &nbsp; &nbsp;&nbsp;&nbsp; The 1400th anniversary of the monastery of Ivar (Holy Cross) and the 30th anniversary of the Enthronement of His Beatitude, the Patriarch of the Church of Georgia, Ilia II was celebrated in Tbilis, Georgia on the 12th through the16th of October 2007. &nbsp;&nbsp;&nbsp; Representatives from orthodox churches throughout the world took part, as well as His Eminence, (\u03bf \u03a0\u03b1\u03bd\u03b1\u03b3\u03b9\u03bf\u03c4\u03b1\u03c4\u03bf\u03c2), Ecumenical Patriarch Bartholomew.\" \/>\n<meta property=\"og:url\" content=\"https:\/\/orthodoxalbania.org\/2020\/en\/2007\/02\/26\/the-grand-jubilee-of-the-orthodox-church-in-georgia-a-delegation-from-the-autocephalous-church-of-albania-took-part-in-the-celebration-october-2007\/\" \/>\n<meta property=\"og:site_name\" content=\"Kisha Orthodh\u03bfkse Autoqefale e Shqip\u00ebris\u00eb\" \/>\n<meta property=\"article:publisher\" content=\"https:\/\/www.facebook.com\/koash1991\" \/>\n<meta property=\"article:published_time\" content=\"2007-02-26T00:00:19+00:00\" \/>\n<meta property=\"article:modified_time\" content=\"2020-04-12T22:31:26+00:00\" \/>\n<meta property=\"og:image\" content=\"https:\/\/lh6.googleusercontent.com\/-fnCRxtIKfSc\/VIrIoF89WKI\/AAAAAAAAG9o\/LzQOkQnbZAg\/w400-h267-no\/pic1.jpg\" \/>\n<meta name=\"author\" content=\"Kisha Orthodhokse\" \/>\n<meta name=\"twitter:card\" content=\"summary_large_image\" \/>\n<meta name=\"twitter:label1\" content=\"Written by\" \/>\n\t<meta name=\"twitter:data1\" content=\"Kisha Orthodhokse\" \/>\n\t<meta name=\"twitter:label2\" content=\"Est. reading time\" \/>\n\t<meta name=\"twitter:data2\" content=\"4 minutes\" \/>\n<script type=\"application\/ld+json\" class=\"yoast-schema-graph\">{\"@context\":\"https:\/\/schema.org\",\"@graph\":[{\"@type\":\"Article\",\"@id\":\"https:\/\/orthodoxalbania.org\/2020\/en\/2007\/02\/26\/the-grand-jubilee-of-the-orthodox-church-in-georgia-a-delegation-from-the-autocephalous-church-of-albania-took-part-in-the-celebration-october-2007\/#article\",\"isPartOf\":{\"@id\":\"https:\/\/orthodoxalbania.org\/2020\/en\/2007\/02\/26\/the-grand-jubilee-of-the-orthodox-church-in-georgia-a-delegation-from-the-autocephalous-church-of-albania-took-part-in-the-celebration-october-2007\/\"},\"author\":{\"name\":\"Kisha Orthodhokse\",\"@id\":\"https:\/\/orthodoxalbania.org\/2020\/#\/schema\/person\/df745f942b70e045b3dc05a30211f0de\"},\"headline\":\"The Grand Jubilee of the Orthodox Church in Georgia A delegation from the Autocephalous Church of Albania took part in the celebration. (October 2007)\",\"datePublished\":\"2007-02-26T00:00:19+00:00\",\"dateModified\":\"2020-04-12T22:31:26+00:00\",\"mainEntityOfPage\":{\"@id\":\"https:\/\/orthodoxalbania.org\/2020\/en\/2007\/02\/26\/the-grand-jubilee-of-the-orthodox-church-in-georgia-a-delegation-from-the-autocephalous-church-of-albania-took-part-in-the-celebration-october-2007\/\"},\"wordCount\":892,\"commentCount\":0,\"publisher\":{\"@id\":\"https:\/\/orthodoxalbania.org\/2020\/#organization\"},\"image\":{\"@id\":\"https:\/\/orthodoxalbania.org\/2020\/en\/2007\/02\/26\/the-grand-jubilee-of-the-orthodox-church-in-georgia-a-delegation-from-the-autocephalous-church-of-albania-took-part-in-the-celebration-october-2007\/#primaryimage\"},\"thumbnailUrl\":\"https:\/\/lh6.googleusercontent.com\/-fnCRxtIKfSc\/VIrIoF89WKI\/AAAAAAAAG9o\/LzQOkQnbZAg\/w400-h267-no\/pic1.jpg\",\"keywords\":[\"2007\",\"Declarations - Official Announcements\"],\"articleSection\":[\"News - \u0395\u039d\",\"News old page\"],\"inLanguage\":\"en-US\"},{\"@type\":\"WebPage\",\"@id\":\"https:\/\/orthodoxalbania.org\/2020\/en\/2007\/02\/26\/the-grand-jubilee-of-the-orthodox-church-in-georgia-a-delegation-from-the-autocephalous-church-of-albania-took-part-in-the-celebration-october-2007\/\",\"url\":\"https:\/\/orthodoxalbania.org\/2020\/en\/2007\/02\/26\/the-grand-jubilee-of-the-orthodox-church-in-georgia-a-delegation-from-the-autocephalous-church-of-albania-took-part-in-the-celebration-october-2007\/\",\"name\":\"The Grand Jubilee of the Orthodox Church in Georgia A delegation from the Autocephalous Church of Albania took part in the celebration. (October 2007) - Kisha Orthodh\u03bfkse Autoqefale e Shqip\u00ebris\u00eb\",\"isPartOf\":{\"@id\":\"https:\/\/orthodoxalbania.org\/2020\/#website\"},\"primaryImageOfPage\":{\"@id\":\"https:\/\/orthodoxalbania.org\/2020\/en\/2007\/02\/26\/the-grand-jubilee-of-the-orthodox-church-in-georgia-a-delegation-from-the-autocephalous-church-of-albania-took-part-in-the-celebration-october-2007\/#primaryimage\"},\"image\":{\"@id\":\"https:\/\/orthodoxalbania.org\/2020\/en\/2007\/02\/26\/the-grand-jubilee-of-the-orthodox-church-in-georgia-a-delegation-from-the-autocephalous-church-of-albania-took-part-in-the-celebration-october-2007\/#primaryimage\"},\"thumbnailUrl\":\"https:\/\/lh6.googleusercontent.com\/-fnCRxtIKfSc\/VIrIoF89WKI\/AAAAAAAAG9o\/LzQOkQnbZAg\/w400-h267-no\/pic1.jpg\",\"datePublished\":\"2007-02-26T00:00:19+00:00\",\"dateModified\":\"2020-04-12T22:31:26+00:00\",\"breadcrumb\":{\"@id\":\"https:\/\/orthodoxalbania.org\/2020\/en\/2007\/02\/26\/the-grand-jubilee-of-the-orthodox-church-in-georgia-a-delegation-from-the-autocephalous-church-of-albania-took-part-in-the-celebration-october-2007\/#breadcrumb\"},\"inLanguage\":\"en-US\",\"potentialAction\":[{\"@type\":\"ReadAction\",\"target\":[\"https:\/\/orthodoxalbania.org\/2020\/en\/2007\/02\/26\/the-grand-jubilee-of-the-orthodox-church-in-georgia-a-delegation-from-the-autocephalous-church-of-albania-took-part-in-the-celebration-october-2007\/\"]}]},{\"@type\":\"ImageObject\",\"inLanguage\":\"en-US\",\"@id\":\"https:\/\/orthodoxalbania.org\/2020\/en\/2007\/02\/26\/the-grand-jubilee-of-the-orthodox-church-in-georgia-a-delegation-from-the-autocephalous-church-of-albania-took-part-in-the-celebration-october-2007\/#primaryimage\",\"url\":\"https:\/\/lh6.googleusercontent.com\/-fnCRxtIKfSc\/VIrIoF89WKI\/AAAAAAAAG9o\/LzQOkQnbZAg\/w400-h267-no\/pic1.jpg\",\"contentUrl\":\"https:\/\/lh6.googleusercontent.com\/-fnCRxtIKfSc\/VIrIoF89WKI\/AAAAAAAAG9o\/LzQOkQnbZAg\/w400-h267-no\/pic1.jpg\"},{\"@type\":\"BreadcrumbList\",\"@id\":\"https:\/\/orthodoxalbania.org\/2020\/en\/2007\/02\/26\/the-grand-jubilee-of-the-orthodox-church-in-georgia-a-delegation-from-the-autocephalous-church-of-albania-took-part-in-the-celebration-october-2007\/#breadcrumb\",\"itemListElement\":[{\"@type\":\"ListItem\",\"position\":1,\"name\":\"Home\",\"item\":\"https:\/\/orthodoxalbania.org\/2020\/\"},{\"@type\":\"ListItem\",\"position\":2,\"name\":\"The Grand Jubilee of the Orthodox Church in Georgia A delegation from the Autocephalous Church of Albania took part in the celebration. (October 2007)\"}]},{\"@type\":\"WebSite\",\"@id\":\"https:\/\/orthodoxalbania.org\/2020\/#website\",\"url\":\"https:\/\/orthodoxalbania.org\/2020\/\",\"name\":\"Kisha Orthodh\u03bfkse Autoqefale e Shqip\u00ebris\u00eb\",\"description\":\"Fqja Zyrtare e Kish\u00ebs Orthodhokse Autoqefale e Shqip\u00ebris\u00eb me lajmet edhe informacionet zyrtare p\u00ebr struktur\u00ebn edhe veprimtarin e saj.\",\"publisher\":{\"@id\":\"https:\/\/orthodoxalbania.org\/2020\/#organization\"},\"potentialAction\":[{\"@type\":\"SearchAction\",\"target\":{\"@type\":\"EntryPoint\",\"urlTemplate\":\"https:\/\/orthodoxalbania.org\/2020\/?s={search_term_string}\"},\"query-input\":{\"@type\":\"PropertyValueSpecification\",\"valueRequired\":true,\"valueName\":\"search_term_string\"}}],\"inLanguage\":\"en-US\"},{\"@type\":\"Organization\",\"@id\":\"https:\/\/orthodoxalbania.org\/2020\/#organization\",\"name\":\"Kisha Orthodhokse Autoqefale e Shqip\u00ebris\u00eb\",\"url\":\"https:\/\/orthodoxalbania.org\/2020\/\",\"logo\":{\"@type\":\"ImageObject\",\"inLanguage\":\"en-US\",\"@id\":\"https:\/\/orthodoxalbania.org\/2020\/#\/schema\/logo\/image\/\",\"url\":\"https:\/\/orthodoxalbania.org\/2020\/wp-content\/uploads\/2020\/05\/albania.jpeg\",\"contentUrl\":\"https:\/\/orthodoxalbania.org\/2020\/wp-content\/uploads\/2020\/05\/albania.jpeg\",\"width\":540,\"height\":540,\"caption\":\"Kisha Orthodhokse Autoqefale e Shqip\u00ebris\u00eb\"},\"image\":{\"@id\":\"https:\/\/orthodoxalbania.org\/2020\/#\/schema\/logo\/image\/\"},\"sameAs\":[\"https:\/\/www.facebook.com\/koash1991\"]},{\"@type\":\"Person\",\"@id\":\"https:\/\/orthodoxalbania.org\/2020\/#\/schema\/person\/df745f942b70e045b3dc05a30211f0de\",\"name\":\"Kisha Orthodhokse\",\"image\":{\"@type\":\"ImageObject\",\"inLanguage\":\"en-US\",\"@id\":\"https:\/\/secure.gravatar.com\/avatar\/2676eb8d97178435c9f691a7871595a1da6c33542dec218bce40885573150e28?s=96&d=mm&r=g\",\"url\":\"https:\/\/secure.gravatar.com\/avatar\/2676eb8d97178435c9f691a7871595a1da6c33542dec218bce40885573150e28?s=96&d=mm&r=g\",\"contentUrl\":\"https:\/\/secure.gravatar.com\/avatar\/2676eb8d97178435c9f691a7871595a1da6c33542dec218bce40885573150e28?s=96&d=mm&r=g\",\"caption\":\"Kisha Orthodhokse\"}}]}<\/script>\n<!-- \/ Yoast SEO plugin. -->","yoast_head_json":{"title":"The Grand Jubilee of the Orthodox Church in Georgia A delegation from the Autocephalous Church of Albania took part in the celebration. (October 2007) - Kisha Orthodh\u03bfkse Autoqefale e Shqip\u00ebris\u00eb","robots":{"index":"index","follow":"follow","max-snippet":"max-snippet:-1","max-image-preview":"max-image-preview:large","max-video-preview":"max-video-preview:-1"},"canonical":"https:\/\/orthodoxalbania.org\/2020\/en\/2007\/02\/26\/the-grand-jubilee-of-the-orthodox-church-in-georgia-a-delegation-from-the-autocephalous-church-of-albania-took-part-in-the-celebration-october-2007\/","og_locale":"en_US","og_type":"article","og_title":"The Grand Jubilee of the Orthodox Church in Georgia A delegation from the Autocephalous Church of Albania took part in the celebration. (October 2007) - Kisha Orthodh\u03bfkse Autoqefale e Shqip\u00ebris\u00eb","og_description":"&nbsp; &nbsp; &nbsp;&nbsp;&nbsp; The 1400th anniversary of the monastery of Ivar (Holy Cross) and the 30th anniversary of the Enthronement of His Beatitude, the Patriarch of the Church of Georgia, Ilia II was celebrated in Tbilis, Georgia on the 12th through the16th of October 2007. &nbsp;&nbsp;&nbsp; Representatives from orthodox churches throughout the world took part, as well as His Eminence, (\u03bf \u03a0\u03b1\u03bd\u03b1\u03b3\u03b9\u03bf\u03c4\u03b1\u03c4\u03bf\u03c2), Ecumenical Patriarch Bartholomew.","og_url":"https:\/\/orthodoxalbania.org\/2020\/en\/2007\/02\/26\/the-grand-jubilee-of-the-orthodox-church-in-georgia-a-delegation-from-the-autocephalous-church-of-albania-took-part-in-the-celebration-october-2007\/","og_site_name":"Kisha Orthodh\u03bfkse Autoqefale e Shqip\u00ebris\u00eb","article_publisher":"https:\/\/www.facebook.com\/koash1991","article_published_time":"2007-02-26T00:00:19+00:00","article_modified_time":"2020-04-12T22:31:26+00:00","og_image":[{"url":"https:\/\/lh6.googleusercontent.com\/-fnCRxtIKfSc\/VIrIoF89WKI\/AAAAAAAAG9o\/LzQOkQnbZAg\/w400-h267-no\/pic1.jpg","type":"","width":"","height":""}],"author":"Kisha Orthodhokse","twitter_card":"summary_large_image","twitter_misc":{"Written by":"Kisha Orthodhokse","Est. reading time":"4 minutes"},"schema":{"@context":"https:\/\/schema.org","@graph":[{"@type":"Article","@id":"https:\/\/orthodoxalbania.org\/2020\/en\/2007\/02\/26\/the-grand-jubilee-of-the-orthodox-church-in-georgia-a-delegation-from-the-autocephalous-church-of-albania-took-part-in-the-celebration-october-2007\/#article","isPartOf":{"@id":"https:\/\/orthodoxalbania.org\/2020\/en\/2007\/02\/26\/the-grand-jubilee-of-the-orthodox-church-in-georgia-a-delegation-from-the-autocephalous-church-of-albania-took-part-in-the-celebration-october-2007\/"},"author":{"name":"Kisha Orthodhokse","@id":"https:\/\/orthodoxalbania.org\/2020\/#\/schema\/person\/df745f942b70e045b3dc05a30211f0de"},"headline":"The Grand Jubilee of the Orthodox Church in Georgia A delegation from the Autocephalous Church of Albania took part in the celebration. (October 2007)","datePublished":"2007-02-26T00:00:19+00:00","dateModified":"2020-04-12T22:31:26+00:00","mainEntityOfPage":{"@id":"https:\/\/orthodoxalbania.org\/2020\/en\/2007\/02\/26\/the-grand-jubilee-of-the-orthodox-church-in-georgia-a-delegation-from-the-autocephalous-church-of-albania-took-part-in-the-celebration-october-2007\/"},"wordCount":892,"commentCount":0,"publisher":{"@id":"https:\/\/orthodoxalbania.org\/2020\/#organization"},"image":{"@id":"https:\/\/orthodoxalbania.org\/2020\/en\/2007\/02\/26\/the-grand-jubilee-of-the-orthodox-church-in-georgia-a-delegation-from-the-autocephalous-church-of-albania-took-part-in-the-celebration-october-2007\/#primaryimage"},"thumbnailUrl":"https:\/\/lh6.googleusercontent.com\/-fnCRxtIKfSc\/VIrIoF89WKI\/AAAAAAAAG9o\/LzQOkQnbZAg\/w400-h267-no\/pic1.jpg","keywords":["2007","Declarations - Official Announcements"],"articleSection":["News - \u0395\u039d","News old page"],"inLanguage":"en-US"},{"@type":"WebPage","@id":"https:\/\/orthodoxalbania.org\/2020\/en\/2007\/02\/26\/the-grand-jubilee-of-the-orthodox-church-in-georgia-a-delegation-from-the-autocephalous-church-of-albania-took-part-in-the-celebration-october-2007\/","url":"https:\/\/orthodoxalbania.org\/2020\/en\/2007\/02\/26\/the-grand-jubilee-of-the-orthodox-church-in-georgia-a-delegation-from-the-autocephalous-church-of-albania-took-part-in-the-celebration-october-2007\/","name":"The Grand Jubilee of the Orthodox Church in Georgia A delegation from the Autocephalous Church of Albania took part in the celebration. (October 2007) - Kisha Orthodh\u03bfkse Autoqefale e Shqip\u00ebris\u00eb","isPartOf":{"@id":"https:\/\/orthodoxalbania.org\/2020\/#website"},"primaryImageOfPage":{"@id":"https:\/\/orthodoxalbania.org\/2020\/en\/2007\/02\/26\/the-grand-jubilee-of-the-orthodox-church-in-georgia-a-delegation-from-the-autocephalous-church-of-albania-took-part-in-the-celebration-october-2007\/#primaryimage"},"image":{"@id":"https:\/\/orthodoxalbania.org\/2020\/en\/2007\/02\/26\/the-grand-jubilee-of-the-orthodox-church-in-georgia-a-delegation-from-the-autocephalous-church-of-albania-took-part-in-the-celebration-october-2007\/#primaryimage"},"thumbnailUrl":"https:\/\/lh6.googleusercontent.com\/-fnCRxtIKfSc\/VIrIoF89WKI\/AAAAAAAAG9o\/LzQOkQnbZAg\/w400-h267-no\/pic1.jpg","datePublished":"2007-02-26T00:00:19+00:00","dateModified":"2020-04-12T22:31:26+00:00","breadcrumb":{"@id":"https:\/\/orthodoxalbania.org\/2020\/en\/2007\/02\/26\/the-grand-jubilee-of-the-orthodox-church-in-georgia-a-delegation-from-the-autocephalous-church-of-albania-took-part-in-the-celebration-october-2007\/#breadcrumb"},"inLanguage":"en-US","potentialAction":[{"@type":"ReadAction","target":["https:\/\/orthodoxalbania.org\/2020\/en\/2007\/02\/26\/the-grand-jubilee-of-the-orthodox-church-in-georgia-a-delegation-from-the-autocephalous-church-of-albania-took-part-in-the-celebration-october-2007\/"]}]},{"@type":"ImageObject","inLanguage":"en-US","@id":"https:\/\/orthodoxalbania.org\/2020\/en\/2007\/02\/26\/the-grand-jubilee-of-the-orthodox-church-in-georgia-a-delegation-from-the-autocephalous-church-of-albania-took-part-in-the-celebration-october-2007\/#primaryimage","url":"https:\/\/lh6.googleusercontent.com\/-fnCRxtIKfSc\/VIrIoF89WKI\/AAAAAAAAG9o\/LzQOkQnbZAg\/w400-h267-no\/pic1.jpg","contentUrl":"https:\/\/lh6.googleusercontent.com\/-fnCRxtIKfSc\/VIrIoF89WKI\/AAAAAAAAG9o\/LzQOkQnbZAg\/w400-h267-no\/pic1.jpg"},{"@type":"BreadcrumbList","@id":"https:\/\/orthodoxalbania.org\/2020\/en\/2007\/02\/26\/the-grand-jubilee-of-the-orthodox-church-in-georgia-a-delegation-from-the-autocephalous-church-of-albania-took-part-in-the-celebration-october-2007\/#breadcrumb","itemListElement":[{"@type":"ListItem","position":1,"name":"Home","item":"https:\/\/orthodoxalbania.org\/2020\/"},{"@type":"ListItem","position":2,"name":"The Grand Jubilee of the Orthodox Church in Georgia A delegation from the Autocephalous Church of Albania took part in the celebration. (October 2007)"}]},{"@type":"WebSite","@id":"https:\/\/orthodoxalbania.org\/2020\/#website","url":"https:\/\/orthodoxalbania.org\/2020\/","name":"Kisha Orthodh\u03bfkse Autoqefale e Shqip\u00ebris\u00eb","description":"Fqja Zyrtare e Kish\u00ebs Orthodhokse Autoqefale e Shqip\u00ebris\u00eb me lajmet edhe informacionet zyrtare p\u00ebr struktur\u00ebn edhe veprimtarin e saj.","publisher":{"@id":"https:\/\/orthodoxalbania.org\/2020\/#organization"},"potentialAction":[{"@type":"SearchAction","target":{"@type":"EntryPoint","urlTemplate":"https:\/\/orthodoxalbania.org\/2020\/?s={search_term_string}"},"query-input":{"@type":"PropertyValueSpecification","valueRequired":true,"valueName":"search_term_string"}}],"inLanguage":"en-US"},{"@type":"Organization","@id":"https:\/\/orthodoxalbania.org\/2020\/#organization","name":"Kisha Orthodhokse Autoqefale e Shqip\u00ebris\u00eb","url":"https:\/\/orthodoxalbania.org\/2020\/","logo":{"@type":"ImageObject","inLanguage":"en-US","@id":"https:\/\/orthodoxalbania.org\/2020\/#\/schema\/logo\/image\/","url":"https:\/\/orthodoxalbania.org\/2020\/wp-content\/uploads\/2020\/05\/albania.jpeg","contentUrl":"https:\/\/orthodoxalbania.org\/2020\/wp-content\/uploads\/2020\/05\/albania.jpeg","width":540,"height":540,"caption":"Kisha Orthodhokse Autoqefale e Shqip\u00ebris\u00eb"},"image":{"@id":"https:\/\/orthodoxalbania.org\/2020\/#\/schema\/logo\/image\/"},"sameAs":["https:\/\/www.facebook.com\/koash1991"]},{"@type":"Person","@id":"https:\/\/orthodoxalbania.org\/2020\/#\/schema\/person\/df745f942b70e045b3dc05a30211f0de","name":"Kisha Orthodhokse","image":{"@type":"ImageObject","inLanguage":"en-US","@id":"https:\/\/secure.gravatar.com\/avatar\/2676eb8d97178435c9f691a7871595a1da6c33542dec218bce40885573150e28?s=96&d=mm&r=g","url":"https:\/\/secure.gravatar.com\/avatar\/2676eb8d97178435c9f691a7871595a1da6c33542dec218bce40885573150e28?s=96&d=mm&r=g","contentUrl":"https:\/\/secure.gravatar.com\/avatar\/2676eb8d97178435c9f691a7871595a1da6c33542dec218bce40885573150e28?s=96&d=mm&r=g","caption":"Kisha Orthodhokse"}}]}},"_links":{"self":[{"href":"https:\/\/orthodoxalbania.org\/2020\/wp-json\/wp\/v2\/posts\/1371","targetHints":{"allow":["GET"]}}],"collection":[{"href":"https:\/\/orthodoxalbania.org\/2020\/wp-json\/wp\/v2\/posts"}],"about":[{"href":"https:\/\/orthodoxalbania.org\/2020\/wp-json\/wp\/v2\/types\/post"}],"author":[{"embeddable":true,"href":"https:\/\/orthodoxalbania.org\/2020\/wp-json\/wp\/v2\/users\/7"}],"replies":[{"embeddable":true,"href":"https:\/\/orthodoxalbania.org\/2020\/wp-json\/wp\/v2\/comments?post=1371"}],"version-history":[{"count":1,"href":"https:\/\/orthodoxalbania.org\/2020\/wp-json\/wp\/v2\/posts\/1371\/revisions"}],"predecessor-version":[{"id":18044,"href":"https:\/\/orthodoxalbania.org\/2020\/wp-json\/wp\/v2\/posts\/1371\/revisions\/18044"}],"wp:attachment":[{"href":"https:\/\/orthodoxalbania.org\/2020\/wp-json\/wp\/v2\/media?parent=1371"}],"wp:term":[{"taxonomy":"category","embeddable":true,"href":"https:\/\/orthodoxalbania.org\/2020\/wp-json\/wp\/v2\/categories?post=1371"},{"taxonomy":"post_tag","embeddable":true,"href":"https:\/\/orthodoxalbania.org\/2020\/wp-json\/wp\/v2\/tags?post=1371"}],"curies":[{"name":"wp","href":"https:\/\/api.w.org\/{rel}","templated":true}]}}