{"id":1366,"date":"2013-03-21T12:08:41","date_gmt":"2013-03-21T12:08:41","guid":{"rendered":""},"modified":"2020-04-13T00:30:58","modified_gmt":"2020-04-12T22:30:58","slug":"the-first-graduation-ceremony-of-the-university-logos","status":"publish","type":"post","link":"https:\/\/orthodoxalbania.org\/2020\/en\/2013\/03\/21\/the-first-graduation-ceremony-of-the-university-logos\/","title":{"rendered":"The First Graduation Ceremony of the University &#8220;Logos&#8221; (8 July 2012)"},"content":{"rendered":"<div style=\"text-align: justify;\">\n\t<span style=\"color: #000000;\"><img class=\"lazyload\" decoding=\"async\" alt=\"\" src=\"data:image\/gif;base64,R0lGODlhAQABAAAAACH5BAEKAAEALAAAAAABAAEAAAICTAEAOw==\" data-orig-src=\"https:\/\/lh5.googleusercontent.com\/-Yvqc9_dHkbM\/UAZxf_a3QBI\/AAAAAAAAAlI\/bFKVttvWeZw\/s720\/IMG_0203.jpg\" style=\"border-width: 1px; border-style: solid; margin: 10px; float: left; width: 280px; height: 180px;\" \/><span style=\"font-family: tahoma,geneva,sans-serif;\"><span style=\"font-size: 12px;\"> &nbsp; &nbsp; On July 8, 2012, in the auditorium of the New Orthodox Cathedral &#8220;The Resurrection of Christ&#8221; in Tirana, the graduation ceremony of students who successfully completed the first cycle of studies at the &#8220;Logos&#8221; University. This was the first graduation ceremony since the beginning of operation of the school on October 25, 2010.<\/span><\/span><\/span><\/div>\n<div style=\"text-align: justify;\">\n\t<br \/>\n\t<span style=\"color: #000000;\"><span style=\"font-family: tahoma,geneva,sans-serif;\"><span style=\"font-size: 12px;\">&nbsp;&nbsp;&nbsp; The significance of this important moment in the history of &#8220;Logos&#8221; University was the advancement of its accreditation from the Ministry of Education and Science. Also accredited are all of the other programs taught; namely: Business Management, Finance and Accounting, Computer and Information Technology and Medical laboratories.<\/span><\/span><\/span><\/div>\n<div style=\"text-align: justify;\">\n\t<br \/>\n\t<span style=\"color: #000000;\"><span style=\"font-family: tahoma,geneva,sans-serif;\"><span style=\"font-size: 12px;\">&nbsp;&nbsp;&nbsp; Attending the ceremony were the President of &#8220;Logos,&#8221; University, His Eminence, Professor. Dr. Anastasi, members of the Holy Synod, graduating students, family, friends and their relatives, representatives from sister universities and other guests.<\/span><\/span><\/span><\/div>\n<div style=\"text-align: justify;\">\n\t<br \/>\n\t<span style=\"color: #000000;\"><span style=\"font-family: tahoma,geneva,sans-serif;\"><span style=\"font-size: 12px;\">&nbsp;&nbsp;&nbsp; The meeting was opened by the Rector of &#8220;Logos&#8221;, Assoc. Dr. Ilia Telon. The ceremony welcomed Assoc. Prof.. Dr. Beatrice Polo, Dean of Faculty of Economics, Professor Dr. Robert Anthony, Dean of the Faculty of Applied Sciences, Professor Dr. Butterfly Kalemi, Damiana Osmalli and students of the representative programs.<\/span><\/span><\/span><\/div>\n<div style=\"text-align: justify;\">\n\t<br \/>\n\t<span style=\"color: #000000;\"><span style=\"font-family: tahoma,geneva,sans-serif;\"><span style=\"font-size: 12px;\">&nbsp;&nbsp;&nbsp; President of &#8220;Logos&#8221;, Assoc. Dr. Anastasi, distributed diplomas and wished further success to the graduating students.<\/span><\/span><\/span><\/div>\n<div style=\"text-align: justify;\">\n\t<br \/>\n\t<span style=\"color: #000000;\"><span style=\"font-family: tahoma,geneva,sans-serif;\"><span style=\"font-size: 12px;\">&nbsp;&nbsp; A total of 155 students graduated this year, of whom were 72 senior technicians in Medical laboratories, 30 from Computer and Information Technology and 53 from Business and Finance Management Accounting.<\/span><\/span><\/span><\/div>\n<p style=\"text-align: center;\">\n<p>\t<span style=\"color: #000000;\"><img class=\"lazyload\" decoding=\"async\" alt=\"\" src=\"data:image\/gif;base64,R0lGODlhAQABAAAAACH5BAEKAAEALAAAAAABAAEAAAICTAEAOw==\" data-orig-src=\"https:\/\/lh5.googleusercontent.com\/-JCS_djWj0YQ\/UAZxhHgGcAI\/AAAAAAAAAlQ\/YhRh4y80VD0\/s720\/IMG_0064.jpg\" style=\"border-width: 1px; border-style: solid; margin: 10px;\" \/><\/span><\/p>\n<p style=\"text-align: center;\">\n\t<span style=\"color: #000000;\"><img class=\"lazyload\" decoding=\"async\" alt=\"\" src=\"data:image\/gif;base64,R0lGODlhAQABAAAAACH5BAEKAAEALAAAAAABAAEAAAICTAEAOw==\" data-orig-src=\"https:\/\/lh6.googleusercontent.com\/-t5TBSbe3nlc\/UAZxo2IstUI\/AAAAAAAAAlg\/68z85ZRlp9I\/s720\/IMG_0092.jpg\" style=\"border-width: 1px; border-style: solid; margin: 10px;\" \/><\/span><\/p>\n","protected":false},"excerpt":{"rendered":"<p>&nbsp; &nbsp; On July 8, 2012, in the auditorium of the New Orthodox Cathedral &#8220;The Resurrection of Christ&#8221; in Tirana, the graduation ceremony of students who successfully completed the first cycle of studies at the &#8220;Logos&#8221; University. This was the first graduation ceremony since the beginning of operation of the school on October 25, 2010. &nbsp;&nbsp;&nbsp; The significance of this important moment in the history<\/p>\n","protected":false},"author":7,"featured_media":0,"comment_status":"open","ping_status":"open","sticky":false,"template":"","format":"standard","meta":{"_acf_changed":false,"pagelayer_contact_templates":[],"_pagelayer_content":"","inline_featured_image":false,"fifu_image_url":"","fifu_image_alt":"","footnotes":""},"categories":[1455,311],"tags":[1137,1249,1768,1846],"class_list":["post-1366","post","type-post","status-publish","format-standard","hentry","category-news-en","category-news-d25","tag-2012-en","tag-graduations","tag-kryepiskopi-anastas-en","tag-universiteti-logos-en"],"acf":[],"yoast_head":"<!-- This site is optimized with the Yoast SEO plugin v27.2 - https:\/\/yoast.com\/product\/yoast-seo-wordpress\/ -->\n<title>The First Graduation Ceremony of the University &quot;Logos&quot; (8 July 2012) - Kisha Orthodh\u03bfkse Autoqefale e Shqip\u00ebris\u00eb<\/title>\n<meta name=\"robots\" content=\"index, follow, max-snippet:-1, max-image-preview:large, max-video-preview:-1\" \/>\n<link rel=\"canonical\" href=\"https:\/\/orthodoxalbania.org\/2020\/en\/2013\/03\/21\/the-first-graduation-ceremony-of-the-university-logos\/\" \/>\n<meta property=\"og:locale\" content=\"en_US\" \/>\n<meta property=\"og:type\" content=\"article\" \/>\n<meta property=\"og:title\" content=\"The First Graduation Ceremony of the University &quot;Logos&quot; (8 July 2012) - Kisha Orthodh\u03bfkse Autoqefale e Shqip\u00ebris\u00eb\" \/>\n<meta property=\"og:description\" content=\"&nbsp; &nbsp; On July 8, 2012, in the auditorium of the New Orthodox Cathedral &#8220;The Resurrection of Christ&#8221; in Tirana, the graduation ceremony of students who successfully completed the first cycle of studies at the &#8220;Logos&#8221; University. This was the first graduation ceremony since the beginning of operation of the school on October 25, 2010. &nbsp;&nbsp;&nbsp; The significance of this important moment in the history\" \/>\n<meta property=\"og:url\" content=\"https:\/\/orthodoxalbania.org\/2020\/en\/2013\/03\/21\/the-first-graduation-ceremony-of-the-university-logos\/\" \/>\n<meta property=\"og:site_name\" content=\"Kisha Orthodh\u03bfkse Autoqefale e Shqip\u00ebris\u00eb\" \/>\n<meta property=\"article:publisher\" content=\"https:\/\/www.facebook.com\/koash1991\" \/>\n<meta property=\"article:published_time\" content=\"2013-03-21T12:08:41+00:00\" \/>\n<meta property=\"article:modified_time\" content=\"2020-04-12T22:30:58+00:00\" \/>\n<meta property=\"og:image\" content=\"https:\/\/lh5.googleusercontent.com\/-Yvqc9_dHkbM\/UAZxf_a3QBI\/AAAAAAAAAlI\/bFKVttvWeZw\/s720\/IMG_0203.jpg\" \/>\n<meta name=\"author\" content=\"Kisha Orthodhokse\" \/>\n<meta name=\"twitter:card\" content=\"summary_large_image\" \/>\n<meta name=\"twitter:label1\" content=\"Written by\" \/>\n\t<meta name=\"twitter:data1\" content=\"Kisha Orthodhokse\" \/>\n\t<meta name=\"twitter:label2\" content=\"Est. reading time\" \/>\n\t<meta name=\"twitter:data2\" content=\"1 minute\" \/>\n<script type=\"application\/ld+json\" class=\"yoast-schema-graph\">{\"@context\":\"https:\/\/schema.org\",\"@graph\":[{\"@type\":\"Article\",\"@id\":\"https:\/\/orthodoxalbania.org\/2020\/en\/2013\/03\/21\/the-first-graduation-ceremony-of-the-university-logos\/#article\",\"isPartOf\":{\"@id\":\"https:\/\/orthodoxalbania.org\/2020\/en\/2013\/03\/21\/the-first-graduation-ceremony-of-the-university-logos\/\"},\"author\":{\"name\":\"Kisha Orthodhokse\",\"@id\":\"https:\/\/orthodoxalbania.org\/2020\/#\/schema\/person\/df745f942b70e045b3dc05a30211f0de\"},\"headline\":\"The First Graduation Ceremony of the University &#8220;Logos&#8221; (8 July 2012)\",\"datePublished\":\"2013-03-21T12:08:41+00:00\",\"dateModified\":\"2020-04-12T22:30:58+00:00\",\"mainEntityOfPage\":{\"@id\":\"https:\/\/orthodoxalbania.org\/2020\/en\/2013\/03\/21\/the-first-graduation-ceremony-of-the-university-logos\/\"},\"wordCount\":246,\"commentCount\":0,\"publisher\":{\"@id\":\"https:\/\/orthodoxalbania.org\/2020\/#organization\"},\"image\":{\"@id\":\"https:\/\/orthodoxalbania.org\/2020\/en\/2013\/03\/21\/the-first-graduation-ceremony-of-the-university-logos\/#primaryimage\"},\"thumbnailUrl\":\"https:\/\/lh5.googleusercontent.com\/-Yvqc9_dHkbM\/UAZxf_a3QBI\/AAAAAAAAAlI\/bFKVttvWeZw\/s720\/IMG_0203.jpg\",\"keywords\":[\"2012\",\"Graduations\",\"Kryepiskopi Anastas\",\"Universiteti \\\"Logos\\\"\"],\"articleSection\":[\"News - \u0395\u039d\",\"News old page\"],\"inLanguage\":\"en-US\"},{\"@type\":\"WebPage\",\"@id\":\"https:\/\/orthodoxalbania.org\/2020\/en\/2013\/03\/21\/the-first-graduation-ceremony-of-the-university-logos\/\",\"url\":\"https:\/\/orthodoxalbania.org\/2020\/en\/2013\/03\/21\/the-first-graduation-ceremony-of-the-university-logos\/\",\"name\":\"The First Graduation Ceremony of the University \\\"Logos\\\" (8 July 2012) - Kisha Orthodh\u03bfkse Autoqefale e Shqip\u00ebris\u00eb\",\"isPartOf\":{\"@id\":\"https:\/\/orthodoxalbania.org\/2020\/#website\"},\"primaryImageOfPage\":{\"@id\":\"https:\/\/orthodoxalbania.org\/2020\/en\/2013\/03\/21\/the-first-graduation-ceremony-of-the-university-logos\/#primaryimage\"},\"image\":{\"@id\":\"https:\/\/orthodoxalbania.org\/2020\/en\/2013\/03\/21\/the-first-graduation-ceremony-of-the-university-logos\/#primaryimage\"},\"thumbnailUrl\":\"https:\/\/lh5.googleusercontent.com\/-Yvqc9_dHkbM\/UAZxf_a3QBI\/AAAAAAAAAlI\/bFKVttvWeZw\/s720\/IMG_0203.jpg\",\"datePublished\":\"2013-03-21T12:08:41+00:00\",\"dateModified\":\"2020-04-12T22:30:58+00:00\",\"breadcrumb\":{\"@id\":\"https:\/\/orthodoxalbania.org\/2020\/en\/2013\/03\/21\/the-first-graduation-ceremony-of-the-university-logos\/#breadcrumb\"},\"inLanguage\":\"en-US\",\"potentialAction\":[{\"@type\":\"ReadAction\",\"target\":[\"https:\/\/orthodoxalbania.org\/2020\/en\/2013\/03\/21\/the-first-graduation-ceremony-of-the-university-logos\/\"]}]},{\"@type\":\"ImageObject\",\"inLanguage\":\"en-US\",\"@id\":\"https:\/\/orthodoxalbania.org\/2020\/en\/2013\/03\/21\/the-first-graduation-ceremony-of-the-university-logos\/#primaryimage\",\"url\":\"https:\/\/lh5.googleusercontent.com\/-Yvqc9_dHkbM\/UAZxf_a3QBI\/AAAAAAAAAlI\/bFKVttvWeZw\/s720\/IMG_0203.jpg\",\"contentUrl\":\"https:\/\/lh5.googleusercontent.com\/-Yvqc9_dHkbM\/UAZxf_a3QBI\/AAAAAAAAAlI\/bFKVttvWeZw\/s720\/IMG_0203.jpg\"},{\"@type\":\"BreadcrumbList\",\"@id\":\"https:\/\/orthodoxalbania.org\/2020\/en\/2013\/03\/21\/the-first-graduation-ceremony-of-the-university-logos\/#breadcrumb\",\"itemListElement\":[{\"@type\":\"ListItem\",\"position\":1,\"name\":\"Home\",\"item\":\"https:\/\/orthodoxalbania.org\/2020\/\"},{\"@type\":\"ListItem\",\"position\":2,\"name\":\"The First Graduation Ceremony of the University &#8220;Logos&#8221; (8 July 2012)\"}]},{\"@type\":\"WebSite\",\"@id\":\"https:\/\/orthodoxalbania.org\/2020\/#website\",\"url\":\"https:\/\/orthodoxalbania.org\/2020\/\",\"name\":\"Kisha Orthodh\u03bfkse Autoqefale e Shqip\u00ebris\u00eb\",\"description\":\"Fqja Zyrtare e Kish\u00ebs Orthodhokse Autoqefale e Shqip\u00ebris\u00eb me lajmet edhe informacionet zyrtare p\u00ebr struktur\u00ebn edhe veprimtarin e saj.\",\"publisher\":{\"@id\":\"https:\/\/orthodoxalbania.org\/2020\/#organization\"},\"potentialAction\":[{\"@type\":\"SearchAction\",\"target\":{\"@type\":\"EntryPoint\",\"urlTemplate\":\"https:\/\/orthodoxalbania.org\/2020\/?s={search_term_string}\"},\"query-input\":{\"@type\":\"PropertyValueSpecification\",\"valueRequired\":true,\"valueName\":\"search_term_string\"}}],\"inLanguage\":\"en-US\"},{\"@type\":\"Organization\",\"@id\":\"https:\/\/orthodoxalbania.org\/2020\/#organization\",\"name\":\"Kisha Orthodhokse Autoqefale e Shqip\u00ebris\u00eb\",\"url\":\"https:\/\/orthodoxalbania.org\/2020\/\",\"logo\":{\"@type\":\"ImageObject\",\"inLanguage\":\"en-US\",\"@id\":\"https:\/\/orthodoxalbania.org\/2020\/#\/schema\/logo\/image\/\",\"url\":\"https:\/\/orthodoxalbania.org\/2020\/wp-content\/uploads\/2020\/05\/albania.jpeg\",\"contentUrl\":\"https:\/\/orthodoxalbania.org\/2020\/wp-content\/uploads\/2020\/05\/albania.jpeg\",\"width\":540,\"height\":540,\"caption\":\"Kisha Orthodhokse Autoqefale e Shqip\u00ebris\u00eb\"},\"image\":{\"@id\":\"https:\/\/orthodoxalbania.org\/2020\/#\/schema\/logo\/image\/\"},\"sameAs\":[\"https:\/\/www.facebook.com\/koash1991\"]},{\"@type\":\"Person\",\"@id\":\"https:\/\/orthodoxalbania.org\/2020\/#\/schema\/person\/df745f942b70e045b3dc05a30211f0de\",\"name\":\"Kisha Orthodhokse\",\"image\":{\"@type\":\"ImageObject\",\"inLanguage\":\"en-US\",\"@id\":\"https:\/\/secure.gravatar.com\/avatar\/2676eb8d97178435c9f691a7871595a1da6c33542dec218bce40885573150e28?s=96&d=mm&r=g\",\"url\":\"https:\/\/secure.gravatar.com\/avatar\/2676eb8d97178435c9f691a7871595a1da6c33542dec218bce40885573150e28?s=96&d=mm&r=g\",\"contentUrl\":\"https:\/\/secure.gravatar.com\/avatar\/2676eb8d97178435c9f691a7871595a1da6c33542dec218bce40885573150e28?s=96&d=mm&r=g\",\"caption\":\"Kisha Orthodhokse\"}}]}<\/script>\n<!-- \/ Yoast SEO plugin. -->","yoast_head_json":{"title":"The First Graduation Ceremony of the University \"Logos\" (8 July 2012) - Kisha Orthodh\u03bfkse Autoqefale e Shqip\u00ebris\u00eb","robots":{"index":"index","follow":"follow","max-snippet":"max-snippet:-1","max-image-preview":"max-image-preview:large","max-video-preview":"max-video-preview:-1"},"canonical":"https:\/\/orthodoxalbania.org\/2020\/en\/2013\/03\/21\/the-first-graduation-ceremony-of-the-university-logos\/","og_locale":"en_US","og_type":"article","og_title":"The First Graduation Ceremony of the University \"Logos\" (8 July 2012) - Kisha Orthodh\u03bfkse Autoqefale e Shqip\u00ebris\u00eb","og_description":"&nbsp; &nbsp; On July 8, 2012, in the auditorium of the New Orthodox Cathedral &#8220;The Resurrection of Christ&#8221; in Tirana, the graduation ceremony of students who successfully completed the first cycle of studies at the &#8220;Logos&#8221; University. This was the first graduation ceremony since the beginning of operation of the school on October 25, 2010. &nbsp;&nbsp;&nbsp; The significance of this important moment in the history","og_url":"https:\/\/orthodoxalbania.org\/2020\/en\/2013\/03\/21\/the-first-graduation-ceremony-of-the-university-logos\/","og_site_name":"Kisha Orthodh\u03bfkse Autoqefale e Shqip\u00ebris\u00eb","article_publisher":"https:\/\/www.facebook.com\/koash1991","article_published_time":"2013-03-21T12:08:41+00:00","article_modified_time":"2020-04-12T22:30:58+00:00","og_image":[{"url":"https:\/\/lh5.googleusercontent.com\/-Yvqc9_dHkbM\/UAZxf_a3QBI\/AAAAAAAAAlI\/bFKVttvWeZw\/s720\/IMG_0203.jpg","type":"","width":"","height":""}],"author":"Kisha Orthodhokse","twitter_card":"summary_large_image","twitter_misc":{"Written by":"Kisha Orthodhokse","Est. reading time":"1 minute"},"schema":{"@context":"https:\/\/schema.org","@graph":[{"@type":"Article","@id":"https:\/\/orthodoxalbania.org\/2020\/en\/2013\/03\/21\/the-first-graduation-ceremony-of-the-university-logos\/#article","isPartOf":{"@id":"https:\/\/orthodoxalbania.org\/2020\/en\/2013\/03\/21\/the-first-graduation-ceremony-of-the-university-logos\/"},"author":{"name":"Kisha Orthodhokse","@id":"https:\/\/orthodoxalbania.org\/2020\/#\/schema\/person\/df745f942b70e045b3dc05a30211f0de"},"headline":"The First Graduation Ceremony of the University &#8220;Logos&#8221; (8 July 2012)","datePublished":"2013-03-21T12:08:41+00:00","dateModified":"2020-04-12T22:30:58+00:00","mainEntityOfPage":{"@id":"https:\/\/orthodoxalbania.org\/2020\/en\/2013\/03\/21\/the-first-graduation-ceremony-of-the-university-logos\/"},"wordCount":246,"commentCount":0,"publisher":{"@id":"https:\/\/orthodoxalbania.org\/2020\/#organization"},"image":{"@id":"https:\/\/orthodoxalbania.org\/2020\/en\/2013\/03\/21\/the-first-graduation-ceremony-of-the-university-logos\/#primaryimage"},"thumbnailUrl":"https:\/\/lh5.googleusercontent.com\/-Yvqc9_dHkbM\/UAZxf_a3QBI\/AAAAAAAAAlI\/bFKVttvWeZw\/s720\/IMG_0203.jpg","keywords":["2012","Graduations","Kryepiskopi Anastas","Universiteti \"Logos\""],"articleSection":["News - \u0395\u039d","News old page"],"inLanguage":"en-US"},{"@type":"WebPage","@id":"https:\/\/orthodoxalbania.org\/2020\/en\/2013\/03\/21\/the-first-graduation-ceremony-of-the-university-logos\/","url":"https:\/\/orthodoxalbania.org\/2020\/en\/2013\/03\/21\/the-first-graduation-ceremony-of-the-university-logos\/","name":"The First Graduation Ceremony of the University \"Logos\" (8 July 2012) - Kisha Orthodh\u03bfkse Autoqefale e Shqip\u00ebris\u00eb","isPartOf":{"@id":"https:\/\/orthodoxalbania.org\/2020\/#website"},"primaryImageOfPage":{"@id":"https:\/\/orthodoxalbania.org\/2020\/en\/2013\/03\/21\/the-first-graduation-ceremony-of-the-university-logos\/#primaryimage"},"image":{"@id":"https:\/\/orthodoxalbania.org\/2020\/en\/2013\/03\/21\/the-first-graduation-ceremony-of-the-university-logos\/#primaryimage"},"thumbnailUrl":"https:\/\/lh5.googleusercontent.com\/-Yvqc9_dHkbM\/UAZxf_a3QBI\/AAAAAAAAAlI\/bFKVttvWeZw\/s720\/IMG_0203.jpg","datePublished":"2013-03-21T12:08:41+00:00","dateModified":"2020-04-12T22:30:58+00:00","breadcrumb":{"@id":"https:\/\/orthodoxalbania.org\/2020\/en\/2013\/03\/21\/the-first-graduation-ceremony-of-the-university-logos\/#breadcrumb"},"inLanguage":"en-US","potentialAction":[{"@type":"ReadAction","target":["https:\/\/orthodoxalbania.org\/2020\/en\/2013\/03\/21\/the-first-graduation-ceremony-of-the-university-logos\/"]}]},{"@type":"ImageObject","inLanguage":"en-US","@id":"https:\/\/orthodoxalbania.org\/2020\/en\/2013\/03\/21\/the-first-graduation-ceremony-of-the-university-logos\/#primaryimage","url":"https:\/\/lh5.googleusercontent.com\/-Yvqc9_dHkbM\/UAZxf_a3QBI\/AAAAAAAAAlI\/bFKVttvWeZw\/s720\/IMG_0203.jpg","contentUrl":"https:\/\/lh5.googleusercontent.com\/-Yvqc9_dHkbM\/UAZxf_a3QBI\/AAAAAAAAAlI\/bFKVttvWeZw\/s720\/IMG_0203.jpg"},{"@type":"BreadcrumbList","@id":"https:\/\/orthodoxalbania.org\/2020\/en\/2013\/03\/21\/the-first-graduation-ceremony-of-the-university-logos\/#breadcrumb","itemListElement":[{"@type":"ListItem","position":1,"name":"Home","item":"https:\/\/orthodoxalbania.org\/2020\/"},{"@type":"ListItem","position":2,"name":"The First Graduation Ceremony of the University &#8220;Logos&#8221; (8 July 2012)"}]},{"@type":"WebSite","@id":"https:\/\/orthodoxalbania.org\/2020\/#website","url":"https:\/\/orthodoxalbania.org\/2020\/","name":"Kisha Orthodh\u03bfkse Autoqefale e Shqip\u00ebris\u00eb","description":"Fqja Zyrtare e Kish\u00ebs Orthodhokse Autoqefale e Shqip\u00ebris\u00eb me lajmet edhe informacionet zyrtare p\u00ebr struktur\u00ebn edhe veprimtarin e saj.","publisher":{"@id":"https:\/\/orthodoxalbania.org\/2020\/#organization"},"potentialAction":[{"@type":"SearchAction","target":{"@type":"EntryPoint","urlTemplate":"https:\/\/orthodoxalbania.org\/2020\/?s={search_term_string}"},"query-input":{"@type":"PropertyValueSpecification","valueRequired":true,"valueName":"search_term_string"}}],"inLanguage":"en-US"},{"@type":"Organization","@id":"https:\/\/orthodoxalbania.org\/2020\/#organization","name":"Kisha Orthodhokse Autoqefale e Shqip\u00ebris\u00eb","url":"https:\/\/orthodoxalbania.org\/2020\/","logo":{"@type":"ImageObject","inLanguage":"en-US","@id":"https:\/\/orthodoxalbania.org\/2020\/#\/schema\/logo\/image\/","url":"https:\/\/orthodoxalbania.org\/2020\/wp-content\/uploads\/2020\/05\/albania.jpeg","contentUrl":"https:\/\/orthodoxalbania.org\/2020\/wp-content\/uploads\/2020\/05\/albania.jpeg","width":540,"height":540,"caption":"Kisha Orthodhokse Autoqefale e Shqip\u00ebris\u00eb"},"image":{"@id":"https:\/\/orthodoxalbania.org\/2020\/#\/schema\/logo\/image\/"},"sameAs":["https:\/\/www.facebook.com\/koash1991"]},{"@type":"Person","@id":"https:\/\/orthodoxalbania.org\/2020\/#\/schema\/person\/df745f942b70e045b3dc05a30211f0de","name":"Kisha Orthodhokse","image":{"@type":"ImageObject","inLanguage":"en-US","@id":"https:\/\/secure.gravatar.com\/avatar\/2676eb8d97178435c9f691a7871595a1da6c33542dec218bce40885573150e28?s=96&d=mm&r=g","url":"https:\/\/secure.gravatar.com\/avatar\/2676eb8d97178435c9f691a7871595a1da6c33542dec218bce40885573150e28?s=96&d=mm&r=g","contentUrl":"https:\/\/secure.gravatar.com\/avatar\/2676eb8d97178435c9f691a7871595a1da6c33542dec218bce40885573150e28?s=96&d=mm&r=g","caption":"Kisha Orthodhokse"}}]}},"_links":{"self":[{"href":"https:\/\/orthodoxalbania.org\/2020\/wp-json\/wp\/v2\/posts\/1366","targetHints":{"allow":["GET"]}}],"collection":[{"href":"https:\/\/orthodoxalbania.org\/2020\/wp-json\/wp\/v2\/posts"}],"about":[{"href":"https:\/\/orthodoxalbania.org\/2020\/wp-json\/wp\/v2\/types\/post"}],"author":[{"embeddable":true,"href":"https:\/\/orthodoxalbania.org\/2020\/wp-json\/wp\/v2\/users\/7"}],"replies":[{"embeddable":true,"href":"https:\/\/orthodoxalbania.org\/2020\/wp-json\/wp\/v2\/comments?post=1366"}],"version-history":[{"count":1,"href":"https:\/\/orthodoxalbania.org\/2020\/wp-json\/wp\/v2\/posts\/1366\/revisions"}],"predecessor-version":[{"id":17737,"href":"https:\/\/orthodoxalbania.org\/2020\/wp-json\/wp\/v2\/posts\/1366\/revisions\/17737"}],"wp:attachment":[{"href":"https:\/\/orthodoxalbania.org\/2020\/wp-json\/wp\/v2\/media?parent=1366"}],"wp:term":[{"taxonomy":"category","embeddable":true,"href":"https:\/\/orthodoxalbania.org\/2020\/wp-json\/wp\/v2\/categories?post=1366"},{"taxonomy":"post_tag","embeddable":true,"href":"https:\/\/orthodoxalbania.org\/2020\/wp-json\/wp\/v2\/tags?post=1366"}],"curies":[{"name":"wp","href":"https:\/\/api.w.org\/{rel}","templated":true}]}}