{"id":1362,"date":"2006-02-26T00:00:04","date_gmt":"2006-02-26T00:00:04","guid":{"rendered":""},"modified":"2020-04-13T00:31:33","modified_gmt":"2020-04-12T22:31:33","slug":"the-first-boys-camp-in-st-vlash-unforgettable-days-for-the-children-of-the-camp-renewal-june-july-2006","status":"publish","type":"post","link":"https:\/\/orthodoxalbania.org\/2020\/en\/2006\/02\/26\/the-first-boys-camp-in-st-vlash-unforgettable-days-for-the-children-of-the-camp-renewal-june-july-2006\/","title":{"rendered":"The First Boys Camp in St. Vlash unforgettable days for the children of the camp \u201cRenewal\u201d. (June &#8211; July 2006)"},"content":{"rendered":"<div style=\"text-align: justify;\"><span style=\"color: #000000;\"><span style=\"font-family: tahoma,geneva,sans-serif;\"><span style=\"font-size: 12px;\"><img decoding=\"async\" class=\"lazyload HAa Eha\" style=\"border-width: 1px; border-style: solid; margin: 10px; float: left;\" alt=\"\" src=\"data:image\/svg+xml,%3Csvg%20xmlns%3D%27http%3A%2F%2Fwww.w3.org%2F2000%2Fsvg%27%20width%3D%27231%27%20height%3D%27174%27%20viewBox%3D%270%200%20231%20174%27%3E%3Crect%20width%3D%27231%27%20height%3D%27174%27%20fill-opacity%3D%220%22%2F%3E%3C%2Fsvg%3E\" data-orig-src=\"https:\/\/lh5.googleusercontent.com\/hzaBJV8qclpeLQS82GY0rUpDfYXHp0VXOzFiXfeLkuk=w400-h300-no\" height=\"174\" width=\"231\" \/>&nbsp;&nbsp;&nbsp; In the beautiful season of summer as school finished up, children were looking forward to the camp \u201cRenewal\u201d which our Orthodox Church organizes yearly. As opposed to other years, the camp took place not in the Monastery of Zv\u00ebrnec but rather in the Monastery of Saint Vlash near Durr\u00ebs. It was for boys aged 11-14. The camp lasted from June 26<sup>th<\/sup> until July 6<sup>th<\/sup> and about 130 children from all over the country participated.<\/span><\/span><\/span><\/div>\n<div style=\"text-align: justify;\">&nbsp;<\/div>\n<div style=\"text-align: justify;\"><span style=\"color: #000000;\"><span style=\"font-family: tahoma,geneva,sans-serif;\"><span style=\"font-size: 12px;\">&nbsp;&nbsp;&nbsp; The program was well organized and the children got the chance to relax, have fun, make new friends, and to learn and develop more fully their experience in the Orthodox Christian faith.<\/span><\/span><\/span><\/div>\n<div style=\"text-align: justify;\">&nbsp;<\/div>\n<div style=\"text-align: justify;\"><span style=\"color: #000000;\"><span style=\"font-family: tahoma,geneva,sans-serif;\"><span style=\"font-size: 12px;\">&nbsp;&nbsp;&nbsp; The camp theme was \u201cBlessings,\u201d taken from the passage of our Lord Jesus Christ\u2019s Sermon on the Mount. Every day began with church services as well as talks on spiritual matters given by catechists who were group leaders, or by clergy members.<\/span><\/span><\/span><\/div>\n<div style=\"text-align: justify;\">&nbsp;<\/div>\n<div style=\"text-align: justify;\"><span style=\"color: #000000;\"><span style=\"font-family: tahoma,geneva,sans-serif;\"><span style=\"font-size: 12px;\">&nbsp;&nbsp;&nbsp; The camp program began with morning prayers followed by breakfast, then a trip to the sea, lunch, break time, and then sports and other entertaining activities. Every day at 7:00 there was a spiritual discussion and the children had many questions about our faith. The camp held many blessings, such as the baptism of twenty-eight children who became new members of the church. <\/span><\/span><\/span><\/div>\n<div style=\"text-align: justify;\">&nbsp;<\/div>\n<div style=\"text-align: justify;\"><span style=\"color: #000000;\"><span style=\"font-family: tahoma,geneva,sans-serif;\"><span style=\"font-size: 12px;\">&nbsp;&nbsp;&nbsp; Another special blessing for the children was a meeting with Archbishop Anastasios, who personally takes care of children in creating good conditions for them. During lunch with the archbishop they presented a program of Christian songs and recitations and thanked him for all he does for the Albanian Church. <\/span><\/span><\/span><\/div>\n<div style=\"text-align: justify;\">&nbsp;<\/div>\n<div style=\"text-align: justify;\"><span style=\"color: #000000;\"><span style=\"font-family: tahoma,geneva,sans-serif;\"><span style=\"font-size: 12px;\"><img decoding=\"async\" class=\"lazyload HAa Eha\" style=\"height: 216px; width: 300px; border-width: 1px; border-style: solid; margin: 10px; float: right;\" alt=\"\" src=\"data:image\/gif;base64,R0lGODlhAQABAAAAACH5BAEKAAEALAAAAAABAAEAAAICTAEAOw==\" data-orig-src=\"https:\/\/lh5.googleusercontent.com\/-MVjIlUM-Mkg\/VIbyGy3K77I\/AAAAAAAAFiU\/_kXT6c62XOg\/w400-h288-no\/untitled2.jpg\" \/>&nbsp;&nbsp;&nbsp; For his part he promised the children that in the future, as now, the Church will always be near the children, encouraging them to be active in the liturgical life of the Church and in all the activities organized by the Church in order to know and learn more about Christ and to live in accord with His commandments. <\/span><\/span><\/span><\/div>\n<div style=\"text-align: justify;\">&nbsp;<\/div>\n<div style=\"text-align: justify;\"><span style=\"color: #000000;\"><span style=\"font-family: tahoma,geneva,sans-serif;\"><span style=\"font-size: 12px;\">&nbsp;&nbsp;&nbsp; On July 6<sup>th<\/sup>, the last day of camp, all the children left with the best impressions.<\/span><\/span><\/span><\/div>\n<div style=\"text-align: justify;\">&nbsp;<\/div>\n<div style=\"text-align: justify;\"><span style=\"color: #000000;\"><span style=\"font-family: tahoma,geneva,sans-serif;\"><span style=\"font-size: 12px;\"><b>&nbsp;&nbsp;&nbsp; Translated by Robert Pelushi &amp; Georgia Gilman<\/b><\/span><\/span><\/span><\/div>\n<div style=\"text-align: justify;\">&nbsp;<\/div>\n<div style=\"text-align: justify;\">&nbsp;<\/div>\n<div style=\"text-align: justify;\">&nbsp;<\/div>\n<div style=\"text-align: justify;\">&nbsp;<\/div>\n<div style=\"text-align: justify;\">&nbsp;<\/div>\n<div style=\"text-align: justify;\">&nbsp;<\/div>\n<div style=\"text-align: justify;\">&nbsp;<\/div>\n<div style=\"text-align: center;\">\n<div style=\"text-align: center;\"><img decoding=\"async\" class=\"lazyload HAa Eha\" style=\"height: 216px; width: 300px; border-width: 1px; border-style: solid; margin: 10px;\" alt=\"\" src=\"data:image\/gif;base64,R0lGODlhAQABAAAAACH5BAEKAAEALAAAAAABAAEAAAICTAEAOw==\" data-orig-src=\"https:\/\/lh5.googleusercontent.com\/-b0HrdY-hO9E\/VIbyGQUX4HI\/AAAAAAAAFiA\/BM77hDLTPpo\/w448-h322-no\/pic4.jpg\" \/><\/div>\n<div style=\"text-align: center;\">&nbsp;<\/div>\n<div style=\"text-align: center;\"><img decoding=\"async\" class=\"lazyload HAa Eha\" style=\"height: 225px; width: 300px; border-width: 1px; border-style: solid; margin: 10px;\" alt=\"\" src=\"data:image\/gif;base64,R0lGODlhAQABAAAAACH5BAEKAAEALAAAAAABAAEAAAICTAEAOw==\" data-orig-src=\"https:\/\/lh4.googleusercontent.com\/-wMvQ5ra0hyA\/VIbyHE0HmTI\/AAAAAAAAFiI\/2Q48eq9NM6o\/w400-h300-no\/untitled3.jpg\" \/><\/div>\n<div style=\"text-align: center;\">&nbsp;<\/div>\n<div style=\"text-align: center;\"><img decoding=\"async\" class=\"lazyload HAa Eha\" style=\"height: 225px; width: 300px; border-width: 1px; border-style: solid; margin: 10px;\" alt=\"\" src=\"data:image\/gif;base64,R0lGODlhAQABAAAAACH5BAEKAAEALAAAAAABAAEAAAICTAEAOw==\" data-orig-src=\"https:\/\/lh4.googleusercontent.com\/-UqNPPQFle4g\/VIbyHrCxVZI\/AAAAAAAAFiY\/b_y366aLwd4\/w400-h300-no\/untitled5.jpg\" \/><\/div>\n<div style=\"text-align: justify;\">&nbsp;<\/div>\n<\/div>\n","protected":false},"excerpt":{"rendered":"<p>&nbsp;&nbsp;&nbsp; In the beautiful season of summer as school finished up, children were looking forward to the camp \u201cRenewal\u201d which our Orthodox Church organizes yearly. As opposed to other years, the camp took place not in the Monastery of Zv\u00ebrnec but rather in the Monastery of Saint Vlash near Durr\u00ebs. It was for boys aged 11-14. The camp lasted from June 26th until July 6th<\/p>\n","protected":false},"author":7,"featured_media":0,"comment_status":"open","ping_status":"open","sticky":false,"template":"","format":"standard","meta":{"_acf_changed":false,"pagelayer_contact_templates":[],"_pagelayer_content":"","inline_featured_image":false,"fifu_image_url":"","fifu_image_alt":"","footnotes":""},"categories":[1455,311],"tags":[1113,1788,1794],"class_list":["post-1362","post","type-post","status-publish","format-standard","hentry","category-news-en","category-news-d25","tag-2006-en","tag-kampe-verore-en","tag-rinia-orthodhokse-en"],"acf":[],"yoast_head":"<!-- This site is optimized with the Yoast SEO plugin v27.2 - https:\/\/yoast.com\/product\/yoast-seo-wordpress\/ -->\n<title>The First Boys Camp in St. Vlash unforgettable days for the children of the camp \u201cRenewal\u201d. (June - July 2006) - Kisha Orthodh\u03bfkse Autoqefale e Shqip\u00ebris\u00eb<\/title>\n<meta name=\"robots\" content=\"index, follow, max-snippet:-1, max-image-preview:large, max-video-preview:-1\" \/>\n<link rel=\"canonical\" href=\"https:\/\/orthodoxalbania.org\/2020\/en\/2006\/02\/26\/the-first-boys-camp-in-st-vlash-unforgettable-days-for-the-children-of-the-camp-renewal-june-july-2006\/\" \/>\n<meta property=\"og:locale\" content=\"en_US\" \/>\n<meta property=\"og:type\" content=\"article\" \/>\n<meta property=\"og:title\" content=\"The First Boys Camp in St. Vlash unforgettable days for the children of the camp \u201cRenewal\u201d. (June - July 2006) - Kisha Orthodh\u03bfkse Autoqefale e Shqip\u00ebris\u00eb\" \/>\n<meta property=\"og:description\" content=\"&nbsp;&nbsp;&nbsp; In the beautiful season of summer as school finished up, children were looking forward to the camp \u201cRenewal\u201d which our Orthodox Church organizes yearly. As opposed to other years, the camp took place not in the Monastery of Zv\u00ebrnec but rather in the Monastery of Saint Vlash near Durr\u00ebs. It was for boys aged 11-14. The camp lasted from June 26th until July 6th\" \/>\n<meta property=\"og:url\" content=\"https:\/\/orthodoxalbania.org\/2020\/en\/2006\/02\/26\/the-first-boys-camp-in-st-vlash-unforgettable-days-for-the-children-of-the-camp-renewal-june-july-2006\/\" \/>\n<meta property=\"og:site_name\" content=\"Kisha Orthodh\u03bfkse Autoqefale e Shqip\u00ebris\u00eb\" \/>\n<meta property=\"article:publisher\" content=\"https:\/\/www.facebook.com\/koash1991\" \/>\n<meta property=\"article:published_time\" content=\"2006-02-26T00:00:04+00:00\" \/>\n<meta property=\"article:modified_time\" content=\"2020-04-12T22:31:33+00:00\" \/>\n<meta property=\"og:image\" content=\"https:\/\/lh5.googleusercontent.com\/hzaBJV8qclpeLQS82GY0rUpDfYXHp0VXOzFiXfeLkuk=w400-h300-no\" \/>\n<meta name=\"author\" content=\"Kisha Orthodhokse\" \/>\n<meta name=\"twitter:card\" content=\"summary_large_image\" \/>\n<meta name=\"twitter:label1\" content=\"Written by\" \/>\n\t<meta name=\"twitter:data1\" content=\"Kisha Orthodhokse\" \/>\n\t<meta name=\"twitter:label2\" content=\"Est. reading time\" \/>\n\t<meta name=\"twitter:data2\" content=\"2 minutes\" \/>\n<script type=\"application\/ld+json\" class=\"yoast-schema-graph\">{\"@context\":\"https:\/\/schema.org\",\"@graph\":[{\"@type\":\"Article\",\"@id\":\"https:\/\/orthodoxalbania.org\/2020\/en\/2006\/02\/26\/the-first-boys-camp-in-st-vlash-unforgettable-days-for-the-children-of-the-camp-renewal-june-july-2006\/#article\",\"isPartOf\":{\"@id\":\"https:\/\/orthodoxalbania.org\/2020\/en\/2006\/02\/26\/the-first-boys-camp-in-st-vlash-unforgettable-days-for-the-children-of-the-camp-renewal-june-july-2006\/\"},\"author\":{\"name\":\"Kisha Orthodhokse\",\"@id\":\"https:\/\/orthodoxalbania.org\/2020\/#\/schema\/person\/df745f942b70e045b3dc05a30211f0de\"},\"headline\":\"The First Boys Camp in St. Vlash unforgettable days for the children of the camp \u201cRenewal\u201d. (June &#8211; July 2006)\",\"datePublished\":\"2006-02-26T00:00:04+00:00\",\"dateModified\":\"2020-04-12T22:31:33+00:00\",\"mainEntityOfPage\":{\"@id\":\"https:\/\/orthodoxalbania.org\/2020\/en\/2006\/02\/26\/the-first-boys-camp-in-st-vlash-unforgettable-days-for-the-children-of-the-camp-renewal-june-july-2006\/\"},\"wordCount\":403,\"commentCount\":0,\"publisher\":{\"@id\":\"https:\/\/orthodoxalbania.org\/2020\/#organization\"},\"image\":{\"@id\":\"https:\/\/orthodoxalbania.org\/2020\/en\/2006\/02\/26\/the-first-boys-camp-in-st-vlash-unforgettable-days-for-the-children-of-the-camp-renewal-june-july-2006\/#primaryimage\"},\"thumbnailUrl\":\"https:\/\/lh5.googleusercontent.com\/hzaBJV8qclpeLQS82GY0rUpDfYXHp0VXOzFiXfeLkuk=w400-h300-no\",\"keywords\":[\"2006\",\"Kampe verore\",\"Rinia Orthodhokse\"],\"articleSection\":[\"News - \u0395\u039d\",\"News old page\"],\"inLanguage\":\"en-US\"},{\"@type\":\"WebPage\",\"@id\":\"https:\/\/orthodoxalbania.org\/2020\/en\/2006\/02\/26\/the-first-boys-camp-in-st-vlash-unforgettable-days-for-the-children-of-the-camp-renewal-june-july-2006\/\",\"url\":\"https:\/\/orthodoxalbania.org\/2020\/en\/2006\/02\/26\/the-first-boys-camp-in-st-vlash-unforgettable-days-for-the-children-of-the-camp-renewal-june-july-2006\/\",\"name\":\"The First Boys Camp in St. Vlash unforgettable days for the children of the camp \u201cRenewal\u201d. (June - July 2006) - Kisha Orthodh\u03bfkse Autoqefale e Shqip\u00ebris\u00eb\",\"isPartOf\":{\"@id\":\"https:\/\/orthodoxalbania.org\/2020\/#website\"},\"primaryImageOfPage\":{\"@id\":\"https:\/\/orthodoxalbania.org\/2020\/en\/2006\/02\/26\/the-first-boys-camp-in-st-vlash-unforgettable-days-for-the-children-of-the-camp-renewal-june-july-2006\/#primaryimage\"},\"image\":{\"@id\":\"https:\/\/orthodoxalbania.org\/2020\/en\/2006\/02\/26\/the-first-boys-camp-in-st-vlash-unforgettable-days-for-the-children-of-the-camp-renewal-june-july-2006\/#primaryimage\"},\"thumbnailUrl\":\"https:\/\/lh5.googleusercontent.com\/hzaBJV8qclpeLQS82GY0rUpDfYXHp0VXOzFiXfeLkuk=w400-h300-no\",\"datePublished\":\"2006-02-26T00:00:04+00:00\",\"dateModified\":\"2020-04-12T22:31:33+00:00\",\"breadcrumb\":{\"@id\":\"https:\/\/orthodoxalbania.org\/2020\/en\/2006\/02\/26\/the-first-boys-camp-in-st-vlash-unforgettable-days-for-the-children-of-the-camp-renewal-june-july-2006\/#breadcrumb\"},\"inLanguage\":\"en-US\",\"potentialAction\":[{\"@type\":\"ReadAction\",\"target\":[\"https:\/\/orthodoxalbania.org\/2020\/en\/2006\/02\/26\/the-first-boys-camp-in-st-vlash-unforgettable-days-for-the-children-of-the-camp-renewal-june-july-2006\/\"]}]},{\"@type\":\"ImageObject\",\"inLanguage\":\"en-US\",\"@id\":\"https:\/\/orthodoxalbania.org\/2020\/en\/2006\/02\/26\/the-first-boys-camp-in-st-vlash-unforgettable-days-for-the-children-of-the-camp-renewal-june-july-2006\/#primaryimage\",\"url\":\"https:\/\/lh5.googleusercontent.com\/hzaBJV8qclpeLQS82GY0rUpDfYXHp0VXOzFiXfeLkuk=w400-h300-no\",\"contentUrl\":\"https:\/\/lh5.googleusercontent.com\/hzaBJV8qclpeLQS82GY0rUpDfYXHp0VXOzFiXfeLkuk=w400-h300-no\"},{\"@type\":\"BreadcrumbList\",\"@id\":\"https:\/\/orthodoxalbania.org\/2020\/en\/2006\/02\/26\/the-first-boys-camp-in-st-vlash-unforgettable-days-for-the-children-of-the-camp-renewal-june-july-2006\/#breadcrumb\",\"itemListElement\":[{\"@type\":\"ListItem\",\"position\":1,\"name\":\"Home\",\"item\":\"https:\/\/orthodoxalbania.org\/2020\/\"},{\"@type\":\"ListItem\",\"position\":2,\"name\":\"The First Boys Camp in St. Vlash unforgettable days for the children of the camp \u201cRenewal\u201d. (June &#8211; July 2006)\"}]},{\"@type\":\"WebSite\",\"@id\":\"https:\/\/orthodoxalbania.org\/2020\/#website\",\"url\":\"https:\/\/orthodoxalbania.org\/2020\/\",\"name\":\"Kisha Orthodh\u03bfkse Autoqefale e Shqip\u00ebris\u00eb\",\"description\":\"Fqja Zyrtare e Kish\u00ebs Orthodhokse Autoqefale e Shqip\u00ebris\u00eb me lajmet edhe informacionet zyrtare p\u00ebr struktur\u00ebn edhe veprimtarin e saj.\",\"publisher\":{\"@id\":\"https:\/\/orthodoxalbania.org\/2020\/#organization\"},\"potentialAction\":[{\"@type\":\"SearchAction\",\"target\":{\"@type\":\"EntryPoint\",\"urlTemplate\":\"https:\/\/orthodoxalbania.org\/2020\/?s={search_term_string}\"},\"query-input\":{\"@type\":\"PropertyValueSpecification\",\"valueRequired\":true,\"valueName\":\"search_term_string\"}}],\"inLanguage\":\"en-US\"},{\"@type\":\"Organization\",\"@id\":\"https:\/\/orthodoxalbania.org\/2020\/#organization\",\"name\":\"Kisha Orthodhokse Autoqefale e Shqip\u00ebris\u00eb\",\"url\":\"https:\/\/orthodoxalbania.org\/2020\/\",\"logo\":{\"@type\":\"ImageObject\",\"inLanguage\":\"en-US\",\"@id\":\"https:\/\/orthodoxalbania.org\/2020\/#\/schema\/logo\/image\/\",\"url\":\"https:\/\/orthodoxalbania.org\/2020\/wp-content\/uploads\/2020\/05\/albania.jpeg\",\"contentUrl\":\"https:\/\/orthodoxalbania.org\/2020\/wp-content\/uploads\/2020\/05\/albania.jpeg\",\"width\":540,\"height\":540,\"caption\":\"Kisha Orthodhokse Autoqefale e Shqip\u00ebris\u00eb\"},\"image\":{\"@id\":\"https:\/\/orthodoxalbania.org\/2020\/#\/schema\/logo\/image\/\"},\"sameAs\":[\"https:\/\/www.facebook.com\/koash1991\"]},{\"@type\":\"Person\",\"@id\":\"https:\/\/orthodoxalbania.org\/2020\/#\/schema\/person\/df745f942b70e045b3dc05a30211f0de\",\"name\":\"Kisha Orthodhokse\",\"image\":{\"@type\":\"ImageObject\",\"inLanguage\":\"en-US\",\"@id\":\"https:\/\/secure.gravatar.com\/avatar\/2676eb8d97178435c9f691a7871595a1da6c33542dec218bce40885573150e28?s=96&d=mm&r=g\",\"url\":\"https:\/\/secure.gravatar.com\/avatar\/2676eb8d97178435c9f691a7871595a1da6c33542dec218bce40885573150e28?s=96&d=mm&r=g\",\"contentUrl\":\"https:\/\/secure.gravatar.com\/avatar\/2676eb8d97178435c9f691a7871595a1da6c33542dec218bce40885573150e28?s=96&d=mm&r=g\",\"caption\":\"Kisha Orthodhokse\"}}]}<\/script>\n<!-- \/ Yoast SEO plugin. -->","yoast_head_json":{"title":"The First Boys Camp in St. Vlash unforgettable days for the children of the camp \u201cRenewal\u201d. (June - July 2006) - Kisha Orthodh\u03bfkse Autoqefale e Shqip\u00ebris\u00eb","robots":{"index":"index","follow":"follow","max-snippet":"max-snippet:-1","max-image-preview":"max-image-preview:large","max-video-preview":"max-video-preview:-1"},"canonical":"https:\/\/orthodoxalbania.org\/2020\/en\/2006\/02\/26\/the-first-boys-camp-in-st-vlash-unforgettable-days-for-the-children-of-the-camp-renewal-june-july-2006\/","og_locale":"en_US","og_type":"article","og_title":"The First Boys Camp in St. Vlash unforgettable days for the children of the camp \u201cRenewal\u201d. (June - July 2006) - Kisha Orthodh\u03bfkse Autoqefale e Shqip\u00ebris\u00eb","og_description":"&nbsp;&nbsp;&nbsp; In the beautiful season of summer as school finished up, children were looking forward to the camp \u201cRenewal\u201d which our Orthodox Church organizes yearly. As opposed to other years, the camp took place not in the Monastery of Zv\u00ebrnec but rather in the Monastery of Saint Vlash near Durr\u00ebs. It was for boys aged 11-14. The camp lasted from June 26th until July 6th","og_url":"https:\/\/orthodoxalbania.org\/2020\/en\/2006\/02\/26\/the-first-boys-camp-in-st-vlash-unforgettable-days-for-the-children-of-the-camp-renewal-june-july-2006\/","og_site_name":"Kisha Orthodh\u03bfkse Autoqefale e Shqip\u00ebris\u00eb","article_publisher":"https:\/\/www.facebook.com\/koash1991","article_published_time":"2006-02-26T00:00:04+00:00","article_modified_time":"2020-04-12T22:31:33+00:00","og_image":[{"url":"https:\/\/lh5.googleusercontent.com\/hzaBJV8qclpeLQS82GY0rUpDfYXHp0VXOzFiXfeLkuk=w400-h300-no","type":"","width":"","height":""}],"author":"Kisha Orthodhokse","twitter_card":"summary_large_image","twitter_misc":{"Written by":"Kisha Orthodhokse","Est. reading time":"2 minutes"},"schema":{"@context":"https:\/\/schema.org","@graph":[{"@type":"Article","@id":"https:\/\/orthodoxalbania.org\/2020\/en\/2006\/02\/26\/the-first-boys-camp-in-st-vlash-unforgettable-days-for-the-children-of-the-camp-renewal-june-july-2006\/#article","isPartOf":{"@id":"https:\/\/orthodoxalbania.org\/2020\/en\/2006\/02\/26\/the-first-boys-camp-in-st-vlash-unforgettable-days-for-the-children-of-the-camp-renewal-june-july-2006\/"},"author":{"name":"Kisha Orthodhokse","@id":"https:\/\/orthodoxalbania.org\/2020\/#\/schema\/person\/df745f942b70e045b3dc05a30211f0de"},"headline":"The First Boys Camp in St. Vlash unforgettable days for the children of the camp \u201cRenewal\u201d. (June &#8211; July 2006)","datePublished":"2006-02-26T00:00:04+00:00","dateModified":"2020-04-12T22:31:33+00:00","mainEntityOfPage":{"@id":"https:\/\/orthodoxalbania.org\/2020\/en\/2006\/02\/26\/the-first-boys-camp-in-st-vlash-unforgettable-days-for-the-children-of-the-camp-renewal-june-july-2006\/"},"wordCount":403,"commentCount":0,"publisher":{"@id":"https:\/\/orthodoxalbania.org\/2020\/#organization"},"image":{"@id":"https:\/\/orthodoxalbania.org\/2020\/en\/2006\/02\/26\/the-first-boys-camp-in-st-vlash-unforgettable-days-for-the-children-of-the-camp-renewal-june-july-2006\/#primaryimage"},"thumbnailUrl":"https:\/\/lh5.googleusercontent.com\/hzaBJV8qclpeLQS82GY0rUpDfYXHp0VXOzFiXfeLkuk=w400-h300-no","keywords":["2006","Kampe verore","Rinia Orthodhokse"],"articleSection":["News - \u0395\u039d","News old page"],"inLanguage":"en-US"},{"@type":"WebPage","@id":"https:\/\/orthodoxalbania.org\/2020\/en\/2006\/02\/26\/the-first-boys-camp-in-st-vlash-unforgettable-days-for-the-children-of-the-camp-renewal-june-july-2006\/","url":"https:\/\/orthodoxalbania.org\/2020\/en\/2006\/02\/26\/the-first-boys-camp-in-st-vlash-unforgettable-days-for-the-children-of-the-camp-renewal-june-july-2006\/","name":"The First Boys Camp in St. Vlash unforgettable days for the children of the camp \u201cRenewal\u201d. (June - July 2006) - Kisha Orthodh\u03bfkse Autoqefale e Shqip\u00ebris\u00eb","isPartOf":{"@id":"https:\/\/orthodoxalbania.org\/2020\/#website"},"primaryImageOfPage":{"@id":"https:\/\/orthodoxalbania.org\/2020\/en\/2006\/02\/26\/the-first-boys-camp-in-st-vlash-unforgettable-days-for-the-children-of-the-camp-renewal-june-july-2006\/#primaryimage"},"image":{"@id":"https:\/\/orthodoxalbania.org\/2020\/en\/2006\/02\/26\/the-first-boys-camp-in-st-vlash-unforgettable-days-for-the-children-of-the-camp-renewal-june-july-2006\/#primaryimage"},"thumbnailUrl":"https:\/\/lh5.googleusercontent.com\/hzaBJV8qclpeLQS82GY0rUpDfYXHp0VXOzFiXfeLkuk=w400-h300-no","datePublished":"2006-02-26T00:00:04+00:00","dateModified":"2020-04-12T22:31:33+00:00","breadcrumb":{"@id":"https:\/\/orthodoxalbania.org\/2020\/en\/2006\/02\/26\/the-first-boys-camp-in-st-vlash-unforgettable-days-for-the-children-of-the-camp-renewal-june-july-2006\/#breadcrumb"},"inLanguage":"en-US","potentialAction":[{"@type":"ReadAction","target":["https:\/\/orthodoxalbania.org\/2020\/en\/2006\/02\/26\/the-first-boys-camp-in-st-vlash-unforgettable-days-for-the-children-of-the-camp-renewal-june-july-2006\/"]}]},{"@type":"ImageObject","inLanguage":"en-US","@id":"https:\/\/orthodoxalbania.org\/2020\/en\/2006\/02\/26\/the-first-boys-camp-in-st-vlash-unforgettable-days-for-the-children-of-the-camp-renewal-june-july-2006\/#primaryimage","url":"https:\/\/lh5.googleusercontent.com\/hzaBJV8qclpeLQS82GY0rUpDfYXHp0VXOzFiXfeLkuk=w400-h300-no","contentUrl":"https:\/\/lh5.googleusercontent.com\/hzaBJV8qclpeLQS82GY0rUpDfYXHp0VXOzFiXfeLkuk=w400-h300-no"},{"@type":"BreadcrumbList","@id":"https:\/\/orthodoxalbania.org\/2020\/en\/2006\/02\/26\/the-first-boys-camp-in-st-vlash-unforgettable-days-for-the-children-of-the-camp-renewal-june-july-2006\/#breadcrumb","itemListElement":[{"@type":"ListItem","position":1,"name":"Home","item":"https:\/\/orthodoxalbania.org\/2020\/"},{"@type":"ListItem","position":2,"name":"The First Boys Camp in St. Vlash unforgettable days for the children of the camp \u201cRenewal\u201d. (June &#8211; July 2006)"}]},{"@type":"WebSite","@id":"https:\/\/orthodoxalbania.org\/2020\/#website","url":"https:\/\/orthodoxalbania.org\/2020\/","name":"Kisha Orthodh\u03bfkse Autoqefale e Shqip\u00ebris\u00eb","description":"Fqja Zyrtare e Kish\u00ebs Orthodhokse Autoqefale e Shqip\u00ebris\u00eb me lajmet edhe informacionet zyrtare p\u00ebr struktur\u00ebn edhe veprimtarin e saj.","publisher":{"@id":"https:\/\/orthodoxalbania.org\/2020\/#organization"},"potentialAction":[{"@type":"SearchAction","target":{"@type":"EntryPoint","urlTemplate":"https:\/\/orthodoxalbania.org\/2020\/?s={search_term_string}"},"query-input":{"@type":"PropertyValueSpecification","valueRequired":true,"valueName":"search_term_string"}}],"inLanguage":"en-US"},{"@type":"Organization","@id":"https:\/\/orthodoxalbania.org\/2020\/#organization","name":"Kisha Orthodhokse Autoqefale e Shqip\u00ebris\u00eb","url":"https:\/\/orthodoxalbania.org\/2020\/","logo":{"@type":"ImageObject","inLanguage":"en-US","@id":"https:\/\/orthodoxalbania.org\/2020\/#\/schema\/logo\/image\/","url":"https:\/\/orthodoxalbania.org\/2020\/wp-content\/uploads\/2020\/05\/albania.jpeg","contentUrl":"https:\/\/orthodoxalbania.org\/2020\/wp-content\/uploads\/2020\/05\/albania.jpeg","width":540,"height":540,"caption":"Kisha Orthodhokse Autoqefale e Shqip\u00ebris\u00eb"},"image":{"@id":"https:\/\/orthodoxalbania.org\/2020\/#\/schema\/logo\/image\/"},"sameAs":["https:\/\/www.facebook.com\/koash1991"]},{"@type":"Person","@id":"https:\/\/orthodoxalbania.org\/2020\/#\/schema\/person\/df745f942b70e045b3dc05a30211f0de","name":"Kisha Orthodhokse","image":{"@type":"ImageObject","inLanguage":"en-US","@id":"https:\/\/secure.gravatar.com\/avatar\/2676eb8d97178435c9f691a7871595a1da6c33542dec218bce40885573150e28?s=96&d=mm&r=g","url":"https:\/\/secure.gravatar.com\/avatar\/2676eb8d97178435c9f691a7871595a1da6c33542dec218bce40885573150e28?s=96&d=mm&r=g","contentUrl":"https:\/\/secure.gravatar.com\/avatar\/2676eb8d97178435c9f691a7871595a1da6c33542dec218bce40885573150e28?s=96&d=mm&r=g","caption":"Kisha Orthodhokse"}}]}},"_links":{"self":[{"href":"https:\/\/orthodoxalbania.org\/2020\/wp-json\/wp\/v2\/posts\/1362","targetHints":{"allow":["GET"]}}],"collection":[{"href":"https:\/\/orthodoxalbania.org\/2020\/wp-json\/wp\/v2\/posts"}],"about":[{"href":"https:\/\/orthodoxalbania.org\/2020\/wp-json\/wp\/v2\/types\/post"}],"author":[{"embeddable":true,"href":"https:\/\/orthodoxalbania.org\/2020\/wp-json\/wp\/v2\/users\/7"}],"replies":[{"embeddable":true,"href":"https:\/\/orthodoxalbania.org\/2020\/wp-json\/wp\/v2\/comments?post=1362"}],"version-history":[{"count":1,"href":"https:\/\/orthodoxalbania.org\/2020\/wp-json\/wp\/v2\/posts\/1362\/revisions"}],"predecessor-version":[{"id":18077,"href":"https:\/\/orthodoxalbania.org\/2020\/wp-json\/wp\/v2\/posts\/1362\/revisions\/18077"}],"wp:attachment":[{"href":"https:\/\/orthodoxalbania.org\/2020\/wp-json\/wp\/v2\/media?parent=1362"}],"wp:term":[{"taxonomy":"category","embeddable":true,"href":"https:\/\/orthodoxalbania.org\/2020\/wp-json\/wp\/v2\/categories?post=1362"},{"taxonomy":"post_tag","embeddable":true,"href":"https:\/\/orthodoxalbania.org\/2020\/wp-json\/wp\/v2\/tags?post=1362"}],"curies":[{"name":"wp","href":"https:\/\/api.w.org\/{rel}","templated":true}]}}