{"id":1356,"date":"2009-03-19T00:00:01","date_gmt":"2009-03-19T00:00:01","guid":{"rendered":""},"modified":"2020-04-13T00:31:18","modified_gmt":"2020-04-12T22:31:18","slug":"the-feast-of-theophany-in-tirana-2009","status":"publish","type":"post","link":"https:\/\/orthodoxalbania.org\/2020\/en\/2009\/03\/19\/the-feast-of-theophany-in-tirana-2009\/","title":{"rendered":"The Feast of Theophany in Tirana. (January 2009)"},"content":{"rendered":"<div style=\"text-align: justify;\"><span style=\"color: #000000;\"><span style=\"font-family: tahoma,geneva,sans-serif;\"><span style=\"font-size: 12px;\"><img decoding=\"async\" class=\"lazyload HAa Eha\" style=\"border-width: 1px; border-style: solid; margin: 10px; float: left;\" alt=\"\" src=\"data:image\/svg+xml,%3Csvg%20xmlns%3D%27http%3A%2F%2Fwww.w3.org%2F2000%2Fsvg%27%20width%3D%27329%27%20height%3D%27247%27%20viewBox%3D%270%200%20329%20247%27%3E%3Crect%20width%3D%27329%27%20height%3D%27247%27%20fill-opacity%3D%220%22%2F%3E%3C%2Fsvg%3E\" data-orig-src=\"https:\/\/lh4.googleusercontent.com\/-er7s_DlsWaE\/VJQf-EQkOII\/AAAAAAAAJKI\/dXOOLUB2950\/w448-h336-no\/1.jpg\" height=\"247\" width=\"329\" \/> &nbsp; &nbsp; The Feast of Theophany on January 6th, the day when all creation is sanctified with the baptism of our Lord Jesus Christ, completed the many celebrations which surround Christmas in which thousands of people participated. The Church of the Annunciation in Tirana was filled with believers, (<em>both inside and outside the church<\/em>) who came to celebrate the feast of the \u201cLord of Light.\u201d The faithful gathered in a festive atmosphere to worship God and to share in the message of this feast given in the Service of the Blessing of the Water (also called the Great Agiasmos).<\/p>\n<p> &nbsp;&nbsp;&nbsp; His Beatitude, Archbishop Anastasios celebrated the Divine Liturgy and the Service of Sanctification of the Waters accompanied by the clergy and both the byzantine and european choirs. He explained to the faithful that the day of the baptism of our Lord Jesus Christ signified the beginning of His saving mission. The feast is called the \u201cfeast of light\u201d because God is the light and has appeared unto us; He appeared revealing the mystery of the Holy Trinity. The Father witnessed that Jesus is not merely a man, but <em>theanthropos<\/em>, both God and man, in whom the divine and human nature are united.<\/p>\n<p> <img decoding=\"async\" class=\"lazyload HAa Eha\" style=\"border-width: 1px; border-style: solid; margin: 10px; float: right;\" alt=\"\" src=\"data:image\/svg+xml,%3Csvg%20xmlns%3D%27http%3A%2F%2Fwww.w3.org%2F2000%2Fsvg%27%20width%3D%27317%27%20height%3D%27238%27%20viewBox%3D%270%200%20317%20238%27%3E%3Crect%20width%3D%27317%27%20height%3D%27238%27%20fill-opacity%3D%220%22%2F%3E%3C%2Fsvg%3E\" data-orig-src=\"https:\/\/lh3.googleusercontent.com\/-rZ1TrVlovuw\/VJQf-c7oPOI\/AAAAAAAAJKM\/jJ4lCRgyvu8\/w448-h336-no\/2.jpg\" height=\"238\" width=\"317\" \/>&nbsp;&nbsp; The Archbishop emphasized that this day of the manifestation of our Trinitarian God from on high is the entrance to the road of salvation for all. With His baptism, Christ begins to preach the coming of the Kingdom of God. Christ did not need to be baptized, but He showed us that we should walk along the road that He Himself began.<\/p>\n<p> &nbsp;&nbsp;&nbsp;&nbsp; After the Service of the Blessing of the Waters, the faithful took the blessed water home for their families and relatives in order to use it to heal both the body and soul.<\/p>\n<p> &nbsp;&nbsp;&nbsp;&nbsp; It is worth noting that this year there was an increased interest by the media, who reported on the events in the local newspapers and televised the services to the Albanian public.<\/span><\/span><\/span><\/div>\n<div style=\"text-align: justify;\">&nbsp;<\/div>\n<div style=\"text-align: justify;\"><span style=\"color: #000000;\"><span style=\"font-family: tahoma,geneva,sans-serif;\"><span style=\"font-size: 12px;\"><span class=\"style18\"><strong>Isidor Koti<\/strong><\/span><\/span><\/span><\/span><\/div>\n<div style=\"text-align: justify;\">&nbsp;<\/div>\n<div style=\"text-align: justify;\"><span style=\"color: #000000;\"><span style=\"font-family: tahoma,geneva,sans-serif;\"><span style=\"font-size: 12px;\"><span class=\"style18\"><em>Translated by<\/em> <strong>John Baba<\/strong><\/span><\/span><\/span><\/span><\/div>\n<div style=\"text-align: justify;\">&nbsp;<\/div>\n<div style=\"text-align: justify;\"><span style=\"color: #000000;\"><span style=\"font-family: tahoma,geneva,sans-serif;\"><span style=\"font-size: 12px;\"><span class=\"style18\"><em>Edited by<\/em> <strong>Anastasia Pamela Barksdale<\/strong><\/span><\/span><\/span><\/span><\/div>\n<div class=\"style17\" style=\"text-align: justify;\">&nbsp;<\/div>\n","protected":false},"excerpt":{"rendered":"<p>&nbsp; &nbsp; The Feast of Theophany on January 6th, the day when all creation is sanctified with the baptism of our Lord Jesus Christ, completed the many celebrations which surround Christmas in which thousands of people participated. The Church of the Annunciation in Tirana was filled with believers, (both inside and outside the church) who came to celebrate the feast of the \u201cLord of Light.\u201d<\/p>\n","protected":false},"author":7,"featured_media":0,"comment_status":"open","ping_status":"open","sticky":false,"template":"","format":"standard","meta":{"_acf_changed":false,"pagelayer_contact_templates":[],"_pagelayer_content":"","inline_featured_image":false,"fifu_image_url":"","fifu_image_alt":"","footnotes":""},"categories":[1455,311],"tags":[1125,1786,1770],"class_list":["post-1356","post","type-post","status-publish","format-standard","hentry","category-news-en","category-news-d25","tag-2009-en","tag-kremtime-en","tag-uji-i-bekuar-en"],"acf":[],"yoast_head":"<!-- This site is optimized with the Yoast SEO plugin v27.2 - https:\/\/yoast.com\/product\/yoast-seo-wordpress\/ -->\n<title>The Feast of Theophany in Tirana. (January 2009) - Kisha Orthodh\u03bfkse Autoqefale e Shqip\u00ebris\u00eb<\/title>\n<meta name=\"robots\" content=\"index, follow, max-snippet:-1, max-image-preview:large, max-video-preview:-1\" \/>\n<link rel=\"canonical\" href=\"https:\/\/orthodoxalbania.org\/2020\/en\/2009\/03\/19\/the-feast-of-theophany-in-tirana-2009\/\" \/>\n<meta property=\"og:locale\" content=\"en_US\" \/>\n<meta property=\"og:type\" content=\"article\" \/>\n<meta property=\"og:title\" content=\"The Feast of Theophany in Tirana. (January 2009) - Kisha Orthodh\u03bfkse Autoqefale e Shqip\u00ebris\u00eb\" \/>\n<meta property=\"og:description\" content=\"&nbsp; &nbsp; The Feast of Theophany on January 6th, the day when all creation is sanctified with the baptism of our Lord Jesus Christ, completed the many celebrations which surround Christmas in which thousands of people participated. The Church of the Annunciation in Tirana was filled with believers, (both inside and outside the church) who came to celebrate the feast of the \u201cLord of Light.\u201d\" \/>\n<meta property=\"og:url\" content=\"https:\/\/orthodoxalbania.org\/2020\/en\/2009\/03\/19\/the-feast-of-theophany-in-tirana-2009\/\" \/>\n<meta property=\"og:site_name\" content=\"Kisha Orthodh\u03bfkse Autoqefale e Shqip\u00ebris\u00eb\" \/>\n<meta property=\"article:publisher\" content=\"https:\/\/www.facebook.com\/koash1991\" \/>\n<meta property=\"article:published_time\" content=\"2009-03-19T00:00:01+00:00\" \/>\n<meta property=\"article:modified_time\" content=\"2020-04-12T22:31:18+00:00\" \/>\n<meta property=\"og:image\" content=\"https:\/\/lh4.googleusercontent.com\/-er7s_DlsWaE\/VJQf-EQkOII\/AAAAAAAAJKI\/dXOOLUB2950\/w448-h336-no\/1.jpg\" \/>\n<meta name=\"author\" content=\"Kisha Orthodhokse\" \/>\n<meta name=\"twitter:card\" content=\"summary_large_image\" \/>\n<meta name=\"twitter:label1\" content=\"Written by\" \/>\n\t<meta name=\"twitter:data1\" content=\"Kisha Orthodhokse\" \/>\n\t<meta name=\"twitter:label2\" content=\"Est. reading time\" \/>\n\t<meta name=\"twitter:data2\" content=\"2 minutes\" \/>\n<script type=\"application\/ld+json\" class=\"yoast-schema-graph\">{\"@context\":\"https:\/\/schema.org\",\"@graph\":[{\"@type\":\"Article\",\"@id\":\"https:\/\/orthodoxalbania.org\/2020\/en\/2009\/03\/19\/the-feast-of-theophany-in-tirana-2009\/#article\",\"isPartOf\":{\"@id\":\"https:\/\/orthodoxalbania.org\/2020\/en\/2009\/03\/19\/the-feast-of-theophany-in-tirana-2009\/\"},\"author\":{\"name\":\"Kisha Orthodhokse\",\"@id\":\"https:\/\/orthodoxalbania.org\/2020\/#\/schema\/person\/df745f942b70e045b3dc05a30211f0de\"},\"headline\":\"The Feast of Theophany in Tirana. (January 2009)\",\"datePublished\":\"2009-03-19T00:00:01+00:00\",\"dateModified\":\"2020-04-12T22:31:18+00:00\",\"mainEntityOfPage\":{\"@id\":\"https:\/\/orthodoxalbania.org\/2020\/en\/2009\/03\/19\/the-feast-of-theophany-in-tirana-2009\/\"},\"wordCount\":363,\"commentCount\":0,\"publisher\":{\"@id\":\"https:\/\/orthodoxalbania.org\/2020\/#organization\"},\"image\":{\"@id\":\"https:\/\/orthodoxalbania.org\/2020\/en\/2009\/03\/19\/the-feast-of-theophany-in-tirana-2009\/#primaryimage\"},\"thumbnailUrl\":\"https:\/\/lh4.googleusercontent.com\/-er7s_DlsWaE\/VJQf-EQkOII\/AAAAAAAAJKI\/dXOOLUB2950\/w448-h336-no\/1.jpg\",\"keywords\":[\"2009\",\"Kremtime\",\"Uji i Bekuar\"],\"articleSection\":[\"News - \u0395\u039d\",\"News old page\"],\"inLanguage\":\"en-US\"},{\"@type\":\"WebPage\",\"@id\":\"https:\/\/orthodoxalbania.org\/2020\/en\/2009\/03\/19\/the-feast-of-theophany-in-tirana-2009\/\",\"url\":\"https:\/\/orthodoxalbania.org\/2020\/en\/2009\/03\/19\/the-feast-of-theophany-in-tirana-2009\/\",\"name\":\"The Feast of Theophany in Tirana. (January 2009) - Kisha Orthodh\u03bfkse Autoqefale e Shqip\u00ebris\u00eb\",\"isPartOf\":{\"@id\":\"https:\/\/orthodoxalbania.org\/2020\/#website\"},\"primaryImageOfPage\":{\"@id\":\"https:\/\/orthodoxalbania.org\/2020\/en\/2009\/03\/19\/the-feast-of-theophany-in-tirana-2009\/#primaryimage\"},\"image\":{\"@id\":\"https:\/\/orthodoxalbania.org\/2020\/en\/2009\/03\/19\/the-feast-of-theophany-in-tirana-2009\/#primaryimage\"},\"thumbnailUrl\":\"https:\/\/lh4.googleusercontent.com\/-er7s_DlsWaE\/VJQf-EQkOII\/AAAAAAAAJKI\/dXOOLUB2950\/w448-h336-no\/1.jpg\",\"datePublished\":\"2009-03-19T00:00:01+00:00\",\"dateModified\":\"2020-04-12T22:31:18+00:00\",\"breadcrumb\":{\"@id\":\"https:\/\/orthodoxalbania.org\/2020\/en\/2009\/03\/19\/the-feast-of-theophany-in-tirana-2009\/#breadcrumb\"},\"inLanguage\":\"en-US\",\"potentialAction\":[{\"@type\":\"ReadAction\",\"target\":[\"https:\/\/orthodoxalbania.org\/2020\/en\/2009\/03\/19\/the-feast-of-theophany-in-tirana-2009\/\"]}]},{\"@type\":\"ImageObject\",\"inLanguage\":\"en-US\",\"@id\":\"https:\/\/orthodoxalbania.org\/2020\/en\/2009\/03\/19\/the-feast-of-theophany-in-tirana-2009\/#primaryimage\",\"url\":\"https:\/\/lh4.googleusercontent.com\/-er7s_DlsWaE\/VJQf-EQkOII\/AAAAAAAAJKI\/dXOOLUB2950\/w448-h336-no\/1.jpg\",\"contentUrl\":\"https:\/\/lh4.googleusercontent.com\/-er7s_DlsWaE\/VJQf-EQkOII\/AAAAAAAAJKI\/dXOOLUB2950\/w448-h336-no\/1.jpg\"},{\"@type\":\"BreadcrumbList\",\"@id\":\"https:\/\/orthodoxalbania.org\/2020\/en\/2009\/03\/19\/the-feast-of-theophany-in-tirana-2009\/#breadcrumb\",\"itemListElement\":[{\"@type\":\"ListItem\",\"position\":1,\"name\":\"Home\",\"item\":\"https:\/\/orthodoxalbania.org\/2020\/\"},{\"@type\":\"ListItem\",\"position\":2,\"name\":\"The Feast of Theophany in Tirana. (January 2009)\"}]},{\"@type\":\"WebSite\",\"@id\":\"https:\/\/orthodoxalbania.org\/2020\/#website\",\"url\":\"https:\/\/orthodoxalbania.org\/2020\/\",\"name\":\"Kisha Orthodh\u03bfkse Autoqefale e Shqip\u00ebris\u00eb\",\"description\":\"Fqja Zyrtare e Kish\u00ebs Orthodhokse Autoqefale e Shqip\u00ebris\u00eb me lajmet edhe informacionet zyrtare p\u00ebr struktur\u00ebn edhe veprimtarin e saj.\",\"publisher\":{\"@id\":\"https:\/\/orthodoxalbania.org\/2020\/#organization\"},\"potentialAction\":[{\"@type\":\"SearchAction\",\"target\":{\"@type\":\"EntryPoint\",\"urlTemplate\":\"https:\/\/orthodoxalbania.org\/2020\/?s={search_term_string}\"},\"query-input\":{\"@type\":\"PropertyValueSpecification\",\"valueRequired\":true,\"valueName\":\"search_term_string\"}}],\"inLanguage\":\"en-US\"},{\"@type\":\"Organization\",\"@id\":\"https:\/\/orthodoxalbania.org\/2020\/#organization\",\"name\":\"Kisha Orthodhokse Autoqefale e Shqip\u00ebris\u00eb\",\"url\":\"https:\/\/orthodoxalbania.org\/2020\/\",\"logo\":{\"@type\":\"ImageObject\",\"inLanguage\":\"en-US\",\"@id\":\"https:\/\/orthodoxalbania.org\/2020\/#\/schema\/logo\/image\/\",\"url\":\"https:\/\/orthodoxalbania.org\/2020\/wp-content\/uploads\/2020\/05\/albania.jpeg\",\"contentUrl\":\"https:\/\/orthodoxalbania.org\/2020\/wp-content\/uploads\/2020\/05\/albania.jpeg\",\"width\":540,\"height\":540,\"caption\":\"Kisha Orthodhokse Autoqefale e Shqip\u00ebris\u00eb\"},\"image\":{\"@id\":\"https:\/\/orthodoxalbania.org\/2020\/#\/schema\/logo\/image\/\"},\"sameAs\":[\"https:\/\/www.facebook.com\/koash1991\"]},{\"@type\":\"Person\",\"@id\":\"https:\/\/orthodoxalbania.org\/2020\/#\/schema\/person\/df745f942b70e045b3dc05a30211f0de\",\"name\":\"Kisha Orthodhokse\",\"image\":{\"@type\":\"ImageObject\",\"inLanguage\":\"en-US\",\"@id\":\"https:\/\/secure.gravatar.com\/avatar\/2676eb8d97178435c9f691a7871595a1da6c33542dec218bce40885573150e28?s=96&d=mm&r=g\",\"url\":\"https:\/\/secure.gravatar.com\/avatar\/2676eb8d97178435c9f691a7871595a1da6c33542dec218bce40885573150e28?s=96&d=mm&r=g\",\"contentUrl\":\"https:\/\/secure.gravatar.com\/avatar\/2676eb8d97178435c9f691a7871595a1da6c33542dec218bce40885573150e28?s=96&d=mm&r=g\",\"caption\":\"Kisha Orthodhokse\"}}]}<\/script>\n<!-- \/ Yoast SEO plugin. -->","yoast_head_json":{"title":"The Feast of Theophany in Tirana. (January 2009) - Kisha Orthodh\u03bfkse Autoqefale e Shqip\u00ebris\u00eb","robots":{"index":"index","follow":"follow","max-snippet":"max-snippet:-1","max-image-preview":"max-image-preview:large","max-video-preview":"max-video-preview:-1"},"canonical":"https:\/\/orthodoxalbania.org\/2020\/en\/2009\/03\/19\/the-feast-of-theophany-in-tirana-2009\/","og_locale":"en_US","og_type":"article","og_title":"The Feast of Theophany in Tirana. (January 2009) - Kisha Orthodh\u03bfkse Autoqefale e Shqip\u00ebris\u00eb","og_description":"&nbsp; &nbsp; The Feast of Theophany on January 6th, the day when all creation is sanctified with the baptism of our Lord Jesus Christ, completed the many celebrations which surround Christmas in which thousands of people participated. The Church of the Annunciation in Tirana was filled with believers, (both inside and outside the church) who came to celebrate the feast of the \u201cLord of Light.\u201d","og_url":"https:\/\/orthodoxalbania.org\/2020\/en\/2009\/03\/19\/the-feast-of-theophany-in-tirana-2009\/","og_site_name":"Kisha Orthodh\u03bfkse Autoqefale e Shqip\u00ebris\u00eb","article_publisher":"https:\/\/www.facebook.com\/koash1991","article_published_time":"2009-03-19T00:00:01+00:00","article_modified_time":"2020-04-12T22:31:18+00:00","og_image":[{"url":"https:\/\/lh4.googleusercontent.com\/-er7s_DlsWaE\/VJQf-EQkOII\/AAAAAAAAJKI\/dXOOLUB2950\/w448-h336-no\/1.jpg","type":"","width":"","height":""}],"author":"Kisha Orthodhokse","twitter_card":"summary_large_image","twitter_misc":{"Written by":"Kisha Orthodhokse","Est. reading time":"2 minutes"},"schema":{"@context":"https:\/\/schema.org","@graph":[{"@type":"Article","@id":"https:\/\/orthodoxalbania.org\/2020\/en\/2009\/03\/19\/the-feast-of-theophany-in-tirana-2009\/#article","isPartOf":{"@id":"https:\/\/orthodoxalbania.org\/2020\/en\/2009\/03\/19\/the-feast-of-theophany-in-tirana-2009\/"},"author":{"name":"Kisha Orthodhokse","@id":"https:\/\/orthodoxalbania.org\/2020\/#\/schema\/person\/df745f942b70e045b3dc05a30211f0de"},"headline":"The Feast of Theophany in Tirana. (January 2009)","datePublished":"2009-03-19T00:00:01+00:00","dateModified":"2020-04-12T22:31:18+00:00","mainEntityOfPage":{"@id":"https:\/\/orthodoxalbania.org\/2020\/en\/2009\/03\/19\/the-feast-of-theophany-in-tirana-2009\/"},"wordCount":363,"commentCount":0,"publisher":{"@id":"https:\/\/orthodoxalbania.org\/2020\/#organization"},"image":{"@id":"https:\/\/orthodoxalbania.org\/2020\/en\/2009\/03\/19\/the-feast-of-theophany-in-tirana-2009\/#primaryimage"},"thumbnailUrl":"https:\/\/lh4.googleusercontent.com\/-er7s_DlsWaE\/VJQf-EQkOII\/AAAAAAAAJKI\/dXOOLUB2950\/w448-h336-no\/1.jpg","keywords":["2009","Kremtime","Uji i Bekuar"],"articleSection":["News - \u0395\u039d","News old page"],"inLanguage":"en-US"},{"@type":"WebPage","@id":"https:\/\/orthodoxalbania.org\/2020\/en\/2009\/03\/19\/the-feast-of-theophany-in-tirana-2009\/","url":"https:\/\/orthodoxalbania.org\/2020\/en\/2009\/03\/19\/the-feast-of-theophany-in-tirana-2009\/","name":"The Feast of Theophany in Tirana. (January 2009) - Kisha Orthodh\u03bfkse Autoqefale e Shqip\u00ebris\u00eb","isPartOf":{"@id":"https:\/\/orthodoxalbania.org\/2020\/#website"},"primaryImageOfPage":{"@id":"https:\/\/orthodoxalbania.org\/2020\/en\/2009\/03\/19\/the-feast-of-theophany-in-tirana-2009\/#primaryimage"},"image":{"@id":"https:\/\/orthodoxalbania.org\/2020\/en\/2009\/03\/19\/the-feast-of-theophany-in-tirana-2009\/#primaryimage"},"thumbnailUrl":"https:\/\/lh4.googleusercontent.com\/-er7s_DlsWaE\/VJQf-EQkOII\/AAAAAAAAJKI\/dXOOLUB2950\/w448-h336-no\/1.jpg","datePublished":"2009-03-19T00:00:01+00:00","dateModified":"2020-04-12T22:31:18+00:00","breadcrumb":{"@id":"https:\/\/orthodoxalbania.org\/2020\/en\/2009\/03\/19\/the-feast-of-theophany-in-tirana-2009\/#breadcrumb"},"inLanguage":"en-US","potentialAction":[{"@type":"ReadAction","target":["https:\/\/orthodoxalbania.org\/2020\/en\/2009\/03\/19\/the-feast-of-theophany-in-tirana-2009\/"]}]},{"@type":"ImageObject","inLanguage":"en-US","@id":"https:\/\/orthodoxalbania.org\/2020\/en\/2009\/03\/19\/the-feast-of-theophany-in-tirana-2009\/#primaryimage","url":"https:\/\/lh4.googleusercontent.com\/-er7s_DlsWaE\/VJQf-EQkOII\/AAAAAAAAJKI\/dXOOLUB2950\/w448-h336-no\/1.jpg","contentUrl":"https:\/\/lh4.googleusercontent.com\/-er7s_DlsWaE\/VJQf-EQkOII\/AAAAAAAAJKI\/dXOOLUB2950\/w448-h336-no\/1.jpg"},{"@type":"BreadcrumbList","@id":"https:\/\/orthodoxalbania.org\/2020\/en\/2009\/03\/19\/the-feast-of-theophany-in-tirana-2009\/#breadcrumb","itemListElement":[{"@type":"ListItem","position":1,"name":"Home","item":"https:\/\/orthodoxalbania.org\/2020\/"},{"@type":"ListItem","position":2,"name":"The Feast of Theophany in Tirana. (January 2009)"}]},{"@type":"WebSite","@id":"https:\/\/orthodoxalbania.org\/2020\/#website","url":"https:\/\/orthodoxalbania.org\/2020\/","name":"Kisha Orthodh\u03bfkse Autoqefale e Shqip\u00ebris\u00eb","description":"Fqja Zyrtare e Kish\u00ebs Orthodhokse Autoqefale e Shqip\u00ebris\u00eb me lajmet edhe informacionet zyrtare p\u00ebr struktur\u00ebn edhe veprimtarin e saj.","publisher":{"@id":"https:\/\/orthodoxalbania.org\/2020\/#organization"},"potentialAction":[{"@type":"SearchAction","target":{"@type":"EntryPoint","urlTemplate":"https:\/\/orthodoxalbania.org\/2020\/?s={search_term_string}"},"query-input":{"@type":"PropertyValueSpecification","valueRequired":true,"valueName":"search_term_string"}}],"inLanguage":"en-US"},{"@type":"Organization","@id":"https:\/\/orthodoxalbania.org\/2020\/#organization","name":"Kisha Orthodhokse Autoqefale e Shqip\u00ebris\u00eb","url":"https:\/\/orthodoxalbania.org\/2020\/","logo":{"@type":"ImageObject","inLanguage":"en-US","@id":"https:\/\/orthodoxalbania.org\/2020\/#\/schema\/logo\/image\/","url":"https:\/\/orthodoxalbania.org\/2020\/wp-content\/uploads\/2020\/05\/albania.jpeg","contentUrl":"https:\/\/orthodoxalbania.org\/2020\/wp-content\/uploads\/2020\/05\/albania.jpeg","width":540,"height":540,"caption":"Kisha Orthodhokse Autoqefale e Shqip\u00ebris\u00eb"},"image":{"@id":"https:\/\/orthodoxalbania.org\/2020\/#\/schema\/logo\/image\/"},"sameAs":["https:\/\/www.facebook.com\/koash1991"]},{"@type":"Person","@id":"https:\/\/orthodoxalbania.org\/2020\/#\/schema\/person\/df745f942b70e045b3dc05a30211f0de","name":"Kisha Orthodhokse","image":{"@type":"ImageObject","inLanguage":"en-US","@id":"https:\/\/secure.gravatar.com\/avatar\/2676eb8d97178435c9f691a7871595a1da6c33542dec218bce40885573150e28?s=96&d=mm&r=g","url":"https:\/\/secure.gravatar.com\/avatar\/2676eb8d97178435c9f691a7871595a1da6c33542dec218bce40885573150e28?s=96&d=mm&r=g","contentUrl":"https:\/\/secure.gravatar.com\/avatar\/2676eb8d97178435c9f691a7871595a1da6c33542dec218bce40885573150e28?s=96&d=mm&r=g","caption":"Kisha Orthodhokse"}}]}},"_links":{"self":[{"href":"https:\/\/orthodoxalbania.org\/2020\/wp-json\/wp\/v2\/posts\/1356","targetHints":{"allow":["GET"]}}],"collection":[{"href":"https:\/\/orthodoxalbania.org\/2020\/wp-json\/wp\/v2\/posts"}],"about":[{"href":"https:\/\/orthodoxalbania.org\/2020\/wp-json\/wp\/v2\/types\/post"}],"author":[{"embeddable":true,"href":"https:\/\/orthodoxalbania.org\/2020\/wp-json\/wp\/v2\/users\/7"}],"replies":[{"embeddable":true,"href":"https:\/\/orthodoxalbania.org\/2020\/wp-json\/wp\/v2\/comments?post=1356"}],"version-history":[{"count":1,"href":"https:\/\/orthodoxalbania.org\/2020\/wp-json\/wp\/v2\/posts\/1356\/revisions"}],"predecessor-version":[{"id":17974,"href":"https:\/\/orthodoxalbania.org\/2020\/wp-json\/wp\/v2\/posts\/1356\/revisions\/17974"}],"wp:attachment":[{"href":"https:\/\/orthodoxalbania.org\/2020\/wp-json\/wp\/v2\/media?parent=1356"}],"wp:term":[{"taxonomy":"category","embeddable":true,"href":"https:\/\/orthodoxalbania.org\/2020\/wp-json\/wp\/v2\/categories?post=1356"},{"taxonomy":"post_tag","embeddable":true,"href":"https:\/\/orthodoxalbania.org\/2020\/wp-json\/wp\/v2\/tags?post=1356"}],"curies":[{"name":"wp","href":"https:\/\/api.w.org\/{rel}","templated":true}]}}