{"id":1352,"date":"2013-03-21T12:18:53","date_gmt":"2013-03-21T12:18:53","guid":{"rendered":""},"modified":"2020-04-13T00:30:57","modified_gmt":"2020-04-12T22:30:57","slug":"the-feast-of-the-birth-of-the-theotokos-is-celebrated-with-majesty-at-the-holy-monastery-in-ardenica","status":"publish","type":"post","link":"https:\/\/orthodoxalbania.org\/2020\/en\/2013\/03\/21\/the-feast-of-the-birth-of-the-theotokos-is-celebrated-with-majesty-at-the-holy-monastery-in-ardenica\/","title":{"rendered":"The Feast of the &#8220;Birth of the Theotokos&#8221; is Celebrated with Majesty at the Holy Monastery in Ardenica. (8 September 2012)"},"content":{"rendered":"<div style=\"text-align: justify;\"><img decoding=\"async\" class=\"lazyload HAa Eha\" style=\"border-width: 1px; border-style: solid; margin: 10px; float: left; width: 213px; height: 284px;\" alt=\"\" src=\"data:image\/gif;base64,R0lGODlhAQABAAAAACH5BAEKAAEALAAAAAABAAEAAAICTAEAOw==\" data-orig-src=\"https:\/\/lh4.googleusercontent.com\/-GTBGynPP8oE\/U_sIs2k6ntI\/AAAAAAAABAA\/H065H7QOHug\/w250-h333-no\/250px-50-Ardenica_Monastery.jpg\" \/>&nbsp;&nbsp;<span style=\"color: #000000;\">&nbsp; <span style=\"font-family: tahoma,geneva,sans-serif;\"><span style=\"font-size: 12px;\">The Holy Monastery of the Virgin Mary at Ardenica again this year opened its doors to welcome hundreds of people from surrounding villages, as well as from many cities of Albania. There were many believers who lined the premises of the monastery on the eve of this feast. They wanted to take part in the vigil organized every year on this special day. This is a tiny gift that a believer can do to express his gratitude, love and thankfulness to the Mother of our Lord.<\/span><\/span><\/span><\/div>\n<div style=\"text-align: justify;\"> <span style=\"color: #000000;\"><span style=\"font-family: tahoma,geneva,sans-serif;\"><span style=\"font-size: 12px;\">&nbsp;&nbsp;&nbsp; The vigil, which continued even after midnight, was attended by the Bishop of Berati, His Grace Ignatios and by the Bishop of Amantia, His Grace Nathanael. The Divine Liturgy, which was celebrated in the early hours of the morning of 8 September, was led by the Bishop of Berati, Ignatios and by Bishop Nathanael. We should not forget that the Monastery in Ardenica has been and is one of the most important centers of Orthodoxy.<\/span><\/span><\/span><\/div>\n<div style=\"text-align: justify;\"> <span style=\"color: #000000;\"><span style=\"font-family: tahoma,geneva,sans-serif;\"><span style=\"font-size: 12px;\">&nbsp;&nbsp;&nbsp; It is the main spiritual center there in Myzeqe, which has resisted time, and especially the atheist persecution. For a long time the monastery had been desecrated by the communist regime and later by those who covet money. The monastery is a blessing for this entire region and is in the mind, the heart and the soul of every person in this area and of every Orthodox Christian. Also, we must not forget that this center, which has been so great blessing for all of us, was restored by the extraordinary commitment of Archbishop Anastasios. The best way to thank him, the best way to express our gratitude is to value this gift, to take care of the monastery in order that it may regain the splendor of old.<\/span><\/span><\/span><\/div>\n","protected":false},"excerpt":{"rendered":"<p>&nbsp;&nbsp;&nbsp; The Holy Monastery of the Virgin Mary at Ardenica again this year opened its doors to welcome hundreds of people from surrounding villages, as well as from many cities of Albania. There were many believers who lined the premises of the monastery on the eve of this feast. They wanted to take part in the vigil organized every year on this special day. This<\/p>\n","protected":false},"author":7,"featured_media":0,"comment_status":"open","ping_status":"open","sticky":false,"template":"","format":"standard","meta":{"_acf_changed":false,"pagelayer_contact_templates":[],"_pagelayer_content":"","inline_featured_image":false,"fifu_image_url":"","fifu_image_alt":"","footnotes":""},"categories":[1455,311],"tags":[1137,1786],"class_list":["post-1352","post","type-post","status-publish","format-standard","hentry","category-news-en","category-news-d25","tag-2012-en","tag-kremtime-en"],"acf":[],"yoast_head":"<!-- This site is optimized with the Yoast SEO plugin v27.2 - https:\/\/yoast.com\/product\/yoast-seo-wordpress\/ -->\n<title>The Feast of the &quot;Birth of the Theotokos&quot; is Celebrated with Majesty at the Holy Monastery in Ardenica. (8 September 2012) - Kisha Orthodh\u03bfkse Autoqefale e Shqip\u00ebris\u00eb<\/title>\n<meta name=\"robots\" content=\"index, follow, max-snippet:-1, max-image-preview:large, max-video-preview:-1\" \/>\n<link rel=\"canonical\" href=\"https:\/\/orthodoxalbania.org\/2020\/en\/2013\/03\/21\/the-feast-of-the-birth-of-the-theotokos-is-celebrated-with-majesty-at-the-holy-monastery-in-ardenica\/\" \/>\n<meta property=\"og:locale\" content=\"en_US\" \/>\n<meta property=\"og:type\" content=\"article\" \/>\n<meta property=\"og:title\" content=\"The Feast of the &quot;Birth of the Theotokos&quot; is Celebrated with Majesty at the Holy Monastery in Ardenica. (8 September 2012) - Kisha Orthodh\u03bfkse Autoqefale e Shqip\u00ebris\u00eb\" \/>\n<meta property=\"og:description\" content=\"&nbsp;&nbsp;&nbsp; The Holy Monastery of the Virgin Mary at Ardenica again this year opened its doors to welcome hundreds of people from surrounding villages, as well as from many cities of Albania. There were many believers who lined the premises of the monastery on the eve of this feast. They wanted to take part in the vigil organized every year on this special day. This\" \/>\n<meta property=\"og:url\" content=\"https:\/\/orthodoxalbania.org\/2020\/en\/2013\/03\/21\/the-feast-of-the-birth-of-the-theotokos-is-celebrated-with-majesty-at-the-holy-monastery-in-ardenica\/\" \/>\n<meta property=\"og:site_name\" content=\"Kisha Orthodh\u03bfkse Autoqefale e Shqip\u00ebris\u00eb\" \/>\n<meta property=\"article:publisher\" content=\"https:\/\/www.facebook.com\/koash1991\" \/>\n<meta property=\"article:published_time\" content=\"2013-03-21T12:18:53+00:00\" \/>\n<meta property=\"article:modified_time\" content=\"2020-04-12T22:30:57+00:00\" \/>\n<meta property=\"og:image\" content=\"https:\/\/lh4.googleusercontent.com\/-GTBGynPP8oE\/U_sIs2k6ntI\/AAAAAAAABAA\/H065H7QOHug\/w250-h333-no\/250px-50-Ardenica_Monastery.jpg\" \/>\n<meta name=\"author\" content=\"Kisha Orthodhokse\" \/>\n<meta name=\"twitter:card\" content=\"summary_large_image\" \/>\n<meta name=\"twitter:label1\" content=\"Written by\" \/>\n\t<meta name=\"twitter:data1\" content=\"Kisha Orthodhokse\" \/>\n\t<meta name=\"twitter:label2\" content=\"Est. reading time\" \/>\n\t<meta name=\"twitter:data2\" content=\"1 minute\" \/>\n<script type=\"application\/ld+json\" class=\"yoast-schema-graph\">{\"@context\":\"https:\/\/schema.org\",\"@graph\":[{\"@type\":\"Article\",\"@id\":\"https:\/\/orthodoxalbania.org\/2020\/en\/2013\/03\/21\/the-feast-of-the-birth-of-the-theotokos-is-celebrated-with-majesty-at-the-holy-monastery-in-ardenica\/#article\",\"isPartOf\":{\"@id\":\"https:\/\/orthodoxalbania.org\/2020\/en\/2013\/03\/21\/the-feast-of-the-birth-of-the-theotokos-is-celebrated-with-majesty-at-the-holy-monastery-in-ardenica\/\"},\"author\":{\"name\":\"Kisha Orthodhokse\",\"@id\":\"https:\/\/orthodoxalbania.org\/2020\/#\/schema\/person\/df745f942b70e045b3dc05a30211f0de\"},\"headline\":\"The Feast of the &#8220;Birth of the Theotokos&#8221; is Celebrated with Majesty at the Holy Monastery in Ardenica. (8 September 2012)\",\"datePublished\":\"2013-03-21T12:18:53+00:00\",\"dateModified\":\"2020-04-12T22:30:57+00:00\",\"mainEntityOfPage\":{\"@id\":\"https:\/\/orthodoxalbania.org\/2020\/en\/2013\/03\/21\/the-feast-of-the-birth-of-the-theotokos-is-celebrated-with-majesty-at-the-holy-monastery-in-ardenica\/\"},\"wordCount\":317,\"commentCount\":0,\"publisher\":{\"@id\":\"https:\/\/orthodoxalbania.org\/2020\/#organization\"},\"image\":{\"@id\":\"https:\/\/orthodoxalbania.org\/2020\/en\/2013\/03\/21\/the-feast-of-the-birth-of-the-theotokos-is-celebrated-with-majesty-at-the-holy-monastery-in-ardenica\/#primaryimage\"},\"thumbnailUrl\":\"https:\/\/lh4.googleusercontent.com\/-GTBGynPP8oE\/U_sIs2k6ntI\/AAAAAAAABAA\/H065H7QOHug\/w250-h333-no\/250px-50-Ardenica_Monastery.jpg\",\"keywords\":[\"2012\",\"Kremtime\"],\"articleSection\":[\"News - \u0395\u039d\",\"News old page\"],\"inLanguage\":\"en-US\"},{\"@type\":\"WebPage\",\"@id\":\"https:\/\/orthodoxalbania.org\/2020\/en\/2013\/03\/21\/the-feast-of-the-birth-of-the-theotokos-is-celebrated-with-majesty-at-the-holy-monastery-in-ardenica\/\",\"url\":\"https:\/\/orthodoxalbania.org\/2020\/en\/2013\/03\/21\/the-feast-of-the-birth-of-the-theotokos-is-celebrated-with-majesty-at-the-holy-monastery-in-ardenica\/\",\"name\":\"The Feast of the \\\"Birth of the Theotokos\\\" is Celebrated with Majesty at the Holy Monastery in Ardenica. (8 September 2012) - Kisha Orthodh\u03bfkse Autoqefale e Shqip\u00ebris\u00eb\",\"isPartOf\":{\"@id\":\"https:\/\/orthodoxalbania.org\/2020\/#website\"},\"primaryImageOfPage\":{\"@id\":\"https:\/\/orthodoxalbania.org\/2020\/en\/2013\/03\/21\/the-feast-of-the-birth-of-the-theotokos-is-celebrated-with-majesty-at-the-holy-monastery-in-ardenica\/#primaryimage\"},\"image\":{\"@id\":\"https:\/\/orthodoxalbania.org\/2020\/en\/2013\/03\/21\/the-feast-of-the-birth-of-the-theotokos-is-celebrated-with-majesty-at-the-holy-monastery-in-ardenica\/#primaryimage\"},\"thumbnailUrl\":\"https:\/\/lh4.googleusercontent.com\/-GTBGynPP8oE\/U_sIs2k6ntI\/AAAAAAAABAA\/H065H7QOHug\/w250-h333-no\/250px-50-Ardenica_Monastery.jpg\",\"datePublished\":\"2013-03-21T12:18:53+00:00\",\"dateModified\":\"2020-04-12T22:30:57+00:00\",\"breadcrumb\":{\"@id\":\"https:\/\/orthodoxalbania.org\/2020\/en\/2013\/03\/21\/the-feast-of-the-birth-of-the-theotokos-is-celebrated-with-majesty-at-the-holy-monastery-in-ardenica\/#breadcrumb\"},\"inLanguage\":\"en-US\",\"potentialAction\":[{\"@type\":\"ReadAction\",\"target\":[\"https:\/\/orthodoxalbania.org\/2020\/en\/2013\/03\/21\/the-feast-of-the-birth-of-the-theotokos-is-celebrated-with-majesty-at-the-holy-monastery-in-ardenica\/\"]}]},{\"@type\":\"ImageObject\",\"inLanguage\":\"en-US\",\"@id\":\"https:\/\/orthodoxalbania.org\/2020\/en\/2013\/03\/21\/the-feast-of-the-birth-of-the-theotokos-is-celebrated-with-majesty-at-the-holy-monastery-in-ardenica\/#primaryimage\",\"url\":\"https:\/\/lh4.googleusercontent.com\/-GTBGynPP8oE\/U_sIs2k6ntI\/AAAAAAAABAA\/H065H7QOHug\/w250-h333-no\/250px-50-Ardenica_Monastery.jpg\",\"contentUrl\":\"https:\/\/lh4.googleusercontent.com\/-GTBGynPP8oE\/U_sIs2k6ntI\/AAAAAAAABAA\/H065H7QOHug\/w250-h333-no\/250px-50-Ardenica_Monastery.jpg\"},{\"@type\":\"BreadcrumbList\",\"@id\":\"https:\/\/orthodoxalbania.org\/2020\/en\/2013\/03\/21\/the-feast-of-the-birth-of-the-theotokos-is-celebrated-with-majesty-at-the-holy-monastery-in-ardenica\/#breadcrumb\",\"itemListElement\":[{\"@type\":\"ListItem\",\"position\":1,\"name\":\"Home\",\"item\":\"https:\/\/orthodoxalbania.org\/2020\/\"},{\"@type\":\"ListItem\",\"position\":2,\"name\":\"The Feast of the &#8220;Birth of the Theotokos&#8221; is Celebrated with Majesty at the Holy Monastery in Ardenica. (8 September 2012)\"}]},{\"@type\":\"WebSite\",\"@id\":\"https:\/\/orthodoxalbania.org\/2020\/#website\",\"url\":\"https:\/\/orthodoxalbania.org\/2020\/\",\"name\":\"Kisha Orthodh\u03bfkse Autoqefale e Shqip\u00ebris\u00eb\",\"description\":\"Fqja Zyrtare e Kish\u00ebs Orthodhokse Autoqefale e Shqip\u00ebris\u00eb me lajmet edhe informacionet zyrtare p\u00ebr struktur\u00ebn edhe veprimtarin e saj.\",\"publisher\":{\"@id\":\"https:\/\/orthodoxalbania.org\/2020\/#organization\"},\"potentialAction\":[{\"@type\":\"SearchAction\",\"target\":{\"@type\":\"EntryPoint\",\"urlTemplate\":\"https:\/\/orthodoxalbania.org\/2020\/?s={search_term_string}\"},\"query-input\":{\"@type\":\"PropertyValueSpecification\",\"valueRequired\":true,\"valueName\":\"search_term_string\"}}],\"inLanguage\":\"en-US\"},{\"@type\":\"Organization\",\"@id\":\"https:\/\/orthodoxalbania.org\/2020\/#organization\",\"name\":\"Kisha Orthodhokse Autoqefale e Shqip\u00ebris\u00eb\",\"url\":\"https:\/\/orthodoxalbania.org\/2020\/\",\"logo\":{\"@type\":\"ImageObject\",\"inLanguage\":\"en-US\",\"@id\":\"https:\/\/orthodoxalbania.org\/2020\/#\/schema\/logo\/image\/\",\"url\":\"https:\/\/orthodoxalbania.org\/2020\/wp-content\/uploads\/2020\/05\/albania.jpeg\",\"contentUrl\":\"https:\/\/orthodoxalbania.org\/2020\/wp-content\/uploads\/2020\/05\/albania.jpeg\",\"width\":540,\"height\":540,\"caption\":\"Kisha Orthodhokse Autoqefale e Shqip\u00ebris\u00eb\"},\"image\":{\"@id\":\"https:\/\/orthodoxalbania.org\/2020\/#\/schema\/logo\/image\/\"},\"sameAs\":[\"https:\/\/www.facebook.com\/koash1991\"]},{\"@type\":\"Person\",\"@id\":\"https:\/\/orthodoxalbania.org\/2020\/#\/schema\/person\/df745f942b70e045b3dc05a30211f0de\",\"name\":\"Kisha Orthodhokse\",\"image\":{\"@type\":\"ImageObject\",\"inLanguage\":\"en-US\",\"@id\":\"https:\/\/secure.gravatar.com\/avatar\/2676eb8d97178435c9f691a7871595a1da6c33542dec218bce40885573150e28?s=96&d=mm&r=g\",\"url\":\"https:\/\/secure.gravatar.com\/avatar\/2676eb8d97178435c9f691a7871595a1da6c33542dec218bce40885573150e28?s=96&d=mm&r=g\",\"contentUrl\":\"https:\/\/secure.gravatar.com\/avatar\/2676eb8d97178435c9f691a7871595a1da6c33542dec218bce40885573150e28?s=96&d=mm&r=g\",\"caption\":\"Kisha Orthodhokse\"}}]}<\/script>\n<!-- \/ Yoast SEO plugin. -->","yoast_head_json":{"title":"The Feast of the \"Birth of the Theotokos\" is Celebrated with Majesty at the Holy Monastery in Ardenica. (8 September 2012) - Kisha Orthodh\u03bfkse Autoqefale e Shqip\u00ebris\u00eb","robots":{"index":"index","follow":"follow","max-snippet":"max-snippet:-1","max-image-preview":"max-image-preview:large","max-video-preview":"max-video-preview:-1"},"canonical":"https:\/\/orthodoxalbania.org\/2020\/en\/2013\/03\/21\/the-feast-of-the-birth-of-the-theotokos-is-celebrated-with-majesty-at-the-holy-monastery-in-ardenica\/","og_locale":"en_US","og_type":"article","og_title":"The Feast of the \"Birth of the Theotokos\" is Celebrated with Majesty at the Holy Monastery in Ardenica. (8 September 2012) - Kisha Orthodh\u03bfkse Autoqefale e Shqip\u00ebris\u00eb","og_description":"&nbsp;&nbsp;&nbsp; The Holy Monastery of the Virgin Mary at Ardenica again this year opened its doors to welcome hundreds of people from surrounding villages, as well as from many cities of Albania. There were many believers who lined the premises of the monastery on the eve of this feast. They wanted to take part in the vigil organized every year on this special day. This","og_url":"https:\/\/orthodoxalbania.org\/2020\/en\/2013\/03\/21\/the-feast-of-the-birth-of-the-theotokos-is-celebrated-with-majesty-at-the-holy-monastery-in-ardenica\/","og_site_name":"Kisha Orthodh\u03bfkse Autoqefale e Shqip\u00ebris\u00eb","article_publisher":"https:\/\/www.facebook.com\/koash1991","article_published_time":"2013-03-21T12:18:53+00:00","article_modified_time":"2020-04-12T22:30:57+00:00","og_image":[{"url":"https:\/\/lh4.googleusercontent.com\/-GTBGynPP8oE\/U_sIs2k6ntI\/AAAAAAAABAA\/H065H7QOHug\/w250-h333-no\/250px-50-Ardenica_Monastery.jpg","type":"","width":"","height":""}],"author":"Kisha Orthodhokse","twitter_card":"summary_large_image","twitter_misc":{"Written by":"Kisha Orthodhokse","Est. reading time":"1 minute"},"schema":{"@context":"https:\/\/schema.org","@graph":[{"@type":"Article","@id":"https:\/\/orthodoxalbania.org\/2020\/en\/2013\/03\/21\/the-feast-of-the-birth-of-the-theotokos-is-celebrated-with-majesty-at-the-holy-monastery-in-ardenica\/#article","isPartOf":{"@id":"https:\/\/orthodoxalbania.org\/2020\/en\/2013\/03\/21\/the-feast-of-the-birth-of-the-theotokos-is-celebrated-with-majesty-at-the-holy-monastery-in-ardenica\/"},"author":{"name":"Kisha Orthodhokse","@id":"https:\/\/orthodoxalbania.org\/2020\/#\/schema\/person\/df745f942b70e045b3dc05a30211f0de"},"headline":"The Feast of the &#8220;Birth of the Theotokos&#8221; is Celebrated with Majesty at the Holy Monastery in Ardenica. (8 September 2012)","datePublished":"2013-03-21T12:18:53+00:00","dateModified":"2020-04-12T22:30:57+00:00","mainEntityOfPage":{"@id":"https:\/\/orthodoxalbania.org\/2020\/en\/2013\/03\/21\/the-feast-of-the-birth-of-the-theotokos-is-celebrated-with-majesty-at-the-holy-monastery-in-ardenica\/"},"wordCount":317,"commentCount":0,"publisher":{"@id":"https:\/\/orthodoxalbania.org\/2020\/#organization"},"image":{"@id":"https:\/\/orthodoxalbania.org\/2020\/en\/2013\/03\/21\/the-feast-of-the-birth-of-the-theotokos-is-celebrated-with-majesty-at-the-holy-monastery-in-ardenica\/#primaryimage"},"thumbnailUrl":"https:\/\/lh4.googleusercontent.com\/-GTBGynPP8oE\/U_sIs2k6ntI\/AAAAAAAABAA\/H065H7QOHug\/w250-h333-no\/250px-50-Ardenica_Monastery.jpg","keywords":["2012","Kremtime"],"articleSection":["News - \u0395\u039d","News old page"],"inLanguage":"en-US"},{"@type":"WebPage","@id":"https:\/\/orthodoxalbania.org\/2020\/en\/2013\/03\/21\/the-feast-of-the-birth-of-the-theotokos-is-celebrated-with-majesty-at-the-holy-monastery-in-ardenica\/","url":"https:\/\/orthodoxalbania.org\/2020\/en\/2013\/03\/21\/the-feast-of-the-birth-of-the-theotokos-is-celebrated-with-majesty-at-the-holy-monastery-in-ardenica\/","name":"The Feast of the \"Birth of the Theotokos\" is Celebrated with Majesty at the Holy Monastery in Ardenica. (8 September 2012) - Kisha Orthodh\u03bfkse Autoqefale e Shqip\u00ebris\u00eb","isPartOf":{"@id":"https:\/\/orthodoxalbania.org\/2020\/#website"},"primaryImageOfPage":{"@id":"https:\/\/orthodoxalbania.org\/2020\/en\/2013\/03\/21\/the-feast-of-the-birth-of-the-theotokos-is-celebrated-with-majesty-at-the-holy-monastery-in-ardenica\/#primaryimage"},"image":{"@id":"https:\/\/orthodoxalbania.org\/2020\/en\/2013\/03\/21\/the-feast-of-the-birth-of-the-theotokos-is-celebrated-with-majesty-at-the-holy-monastery-in-ardenica\/#primaryimage"},"thumbnailUrl":"https:\/\/lh4.googleusercontent.com\/-GTBGynPP8oE\/U_sIs2k6ntI\/AAAAAAAABAA\/H065H7QOHug\/w250-h333-no\/250px-50-Ardenica_Monastery.jpg","datePublished":"2013-03-21T12:18:53+00:00","dateModified":"2020-04-12T22:30:57+00:00","breadcrumb":{"@id":"https:\/\/orthodoxalbania.org\/2020\/en\/2013\/03\/21\/the-feast-of-the-birth-of-the-theotokos-is-celebrated-with-majesty-at-the-holy-monastery-in-ardenica\/#breadcrumb"},"inLanguage":"en-US","potentialAction":[{"@type":"ReadAction","target":["https:\/\/orthodoxalbania.org\/2020\/en\/2013\/03\/21\/the-feast-of-the-birth-of-the-theotokos-is-celebrated-with-majesty-at-the-holy-monastery-in-ardenica\/"]}]},{"@type":"ImageObject","inLanguage":"en-US","@id":"https:\/\/orthodoxalbania.org\/2020\/en\/2013\/03\/21\/the-feast-of-the-birth-of-the-theotokos-is-celebrated-with-majesty-at-the-holy-monastery-in-ardenica\/#primaryimage","url":"https:\/\/lh4.googleusercontent.com\/-GTBGynPP8oE\/U_sIs2k6ntI\/AAAAAAAABAA\/H065H7QOHug\/w250-h333-no\/250px-50-Ardenica_Monastery.jpg","contentUrl":"https:\/\/lh4.googleusercontent.com\/-GTBGynPP8oE\/U_sIs2k6ntI\/AAAAAAAABAA\/H065H7QOHug\/w250-h333-no\/250px-50-Ardenica_Monastery.jpg"},{"@type":"BreadcrumbList","@id":"https:\/\/orthodoxalbania.org\/2020\/en\/2013\/03\/21\/the-feast-of-the-birth-of-the-theotokos-is-celebrated-with-majesty-at-the-holy-monastery-in-ardenica\/#breadcrumb","itemListElement":[{"@type":"ListItem","position":1,"name":"Home","item":"https:\/\/orthodoxalbania.org\/2020\/"},{"@type":"ListItem","position":2,"name":"The Feast of the &#8220;Birth of the Theotokos&#8221; is Celebrated with Majesty at the Holy Monastery in Ardenica. (8 September 2012)"}]},{"@type":"WebSite","@id":"https:\/\/orthodoxalbania.org\/2020\/#website","url":"https:\/\/orthodoxalbania.org\/2020\/","name":"Kisha Orthodh\u03bfkse Autoqefale e Shqip\u00ebris\u00eb","description":"Fqja Zyrtare e Kish\u00ebs Orthodhokse Autoqefale e Shqip\u00ebris\u00eb me lajmet edhe informacionet zyrtare p\u00ebr struktur\u00ebn edhe veprimtarin e saj.","publisher":{"@id":"https:\/\/orthodoxalbania.org\/2020\/#organization"},"potentialAction":[{"@type":"SearchAction","target":{"@type":"EntryPoint","urlTemplate":"https:\/\/orthodoxalbania.org\/2020\/?s={search_term_string}"},"query-input":{"@type":"PropertyValueSpecification","valueRequired":true,"valueName":"search_term_string"}}],"inLanguage":"en-US"},{"@type":"Organization","@id":"https:\/\/orthodoxalbania.org\/2020\/#organization","name":"Kisha Orthodhokse Autoqefale e Shqip\u00ebris\u00eb","url":"https:\/\/orthodoxalbania.org\/2020\/","logo":{"@type":"ImageObject","inLanguage":"en-US","@id":"https:\/\/orthodoxalbania.org\/2020\/#\/schema\/logo\/image\/","url":"https:\/\/orthodoxalbania.org\/2020\/wp-content\/uploads\/2020\/05\/albania.jpeg","contentUrl":"https:\/\/orthodoxalbania.org\/2020\/wp-content\/uploads\/2020\/05\/albania.jpeg","width":540,"height":540,"caption":"Kisha Orthodhokse Autoqefale e Shqip\u00ebris\u00eb"},"image":{"@id":"https:\/\/orthodoxalbania.org\/2020\/#\/schema\/logo\/image\/"},"sameAs":["https:\/\/www.facebook.com\/koash1991"]},{"@type":"Person","@id":"https:\/\/orthodoxalbania.org\/2020\/#\/schema\/person\/df745f942b70e045b3dc05a30211f0de","name":"Kisha Orthodhokse","image":{"@type":"ImageObject","inLanguage":"en-US","@id":"https:\/\/secure.gravatar.com\/avatar\/2676eb8d97178435c9f691a7871595a1da6c33542dec218bce40885573150e28?s=96&d=mm&r=g","url":"https:\/\/secure.gravatar.com\/avatar\/2676eb8d97178435c9f691a7871595a1da6c33542dec218bce40885573150e28?s=96&d=mm&r=g","contentUrl":"https:\/\/secure.gravatar.com\/avatar\/2676eb8d97178435c9f691a7871595a1da6c33542dec218bce40885573150e28?s=96&d=mm&r=g","caption":"Kisha Orthodhokse"}}]}},"_links":{"self":[{"href":"https:\/\/orthodoxalbania.org\/2020\/wp-json\/wp\/v2\/posts\/1352","targetHints":{"allow":["GET"]}}],"collection":[{"href":"https:\/\/orthodoxalbania.org\/2020\/wp-json\/wp\/v2\/posts"}],"about":[{"href":"https:\/\/orthodoxalbania.org\/2020\/wp-json\/wp\/v2\/types\/post"}],"author":[{"embeddable":true,"href":"https:\/\/orthodoxalbania.org\/2020\/wp-json\/wp\/v2\/users\/7"}],"replies":[{"embeddable":true,"href":"https:\/\/orthodoxalbania.org\/2020\/wp-json\/wp\/v2\/comments?post=1352"}],"version-history":[{"count":1,"href":"https:\/\/orthodoxalbania.org\/2020\/wp-json\/wp\/v2\/posts\/1352\/revisions"}],"predecessor-version":[{"id":17721,"href":"https:\/\/orthodoxalbania.org\/2020\/wp-json\/wp\/v2\/posts\/1352\/revisions\/17721"}],"wp:attachment":[{"href":"https:\/\/orthodoxalbania.org\/2020\/wp-json\/wp\/v2\/media?parent=1352"}],"wp:term":[{"taxonomy":"category","embeddable":true,"href":"https:\/\/orthodoxalbania.org\/2020\/wp-json\/wp\/v2\/categories?post=1352"},{"taxonomy":"post_tag","embeddable":true,"href":"https:\/\/orthodoxalbania.org\/2020\/wp-json\/wp\/v2\/tags?post=1352"}],"curies":[{"name":"wp","href":"https:\/\/api.w.org\/{rel}","templated":true}]}}