{"id":1351,"date":"2013-03-21T12:50:10","date_gmt":"2013-03-21T12:50:10","guid":{"rendered":""},"modified":"2020-04-13T00:30:51","modified_gmt":"2020-04-12T22:30:51","slug":"the-feast-of-saint-anastasios-the-persian-and-the-name-of-archbishop-anastasios","status":"publish","type":"post","link":"https:\/\/orthodoxalbania.org\/2020\/en\/2013\/03\/21\/the-feast-of-saint-anastasios-the-persian-and-the-name-of-archbishop-anastasios\/","title":{"rendered":"The Feast of Saint Anastasios the Persian and the Name of Archbishop Anastasios.  (22 January 2013)"},"content":{"rendered":"<div style=\"text-align: justify;\"><span style=\"font-family: tahoma,geneva,sans-serif;\"><span style=\"font-size: 12px;\"><img class=\"lazyload\" decoding=\"async\" style=\"text-align: justify; margin: 12px; float: left; width: 330px; height: 220px; border-width: 1px; border-style: solid;\" alt=\"\" src=\"data:image\/gif;base64,R0lGODlhAQABAAAAACH5BAEKAAEALAAAAAABAAEAAAICTAEAOw==\" data-orig-src=\"https:\/\/lh5.googleusercontent.com\/-ehoKSQai3mc\/UP7PJRy1GAI\/AAAAAAAAB5Y\/GcixXItILJI\/s800\/DSC_0490.JPG\" \/>&nbsp;&nbsp; <span style=\"color: #000000;\">January 22 is the feast of St. Anastasios the Persian, and Albanian Orthodox believers celebrate on this special day the name of Archbishop Anastasios.<\/span><\/span><\/span><\/div>\n<div style=\"text-align: justify;\"> <span style=\"color: #000000;\"><span style=\"font-family: tahoma,geneva,sans-serif;\"><span style=\"font-size: 12px;\">&nbsp;&nbsp; On this occasion, in the church &#8220;Annunciation of the Theotokos&#8221;, in Tirana, was conducted the Divine Liturgy, which was attended by all members of the Holy Synod, the Bishop of Berati, his Grace Ignatius; the Bishop of Kor\u00e7a, his Grace John; the Bishop of Gjirokastra, his Eminence Demetrios; the Bishop of Apollonia, his Grace Nicholas; the Bishop of Kruja, his Grace Anthony; the Bishop of Amantia his Grace Nathanaili, the Bishop of Bylisi, his Grace Asti, the Secretary of the Holy Synod, Protopresbyter Jani Trebicka etc. In this Service took part clergy and laity, from all dioceses, churches and schools, the Theological Academy etc. At the end of the service, on behalf of the Holy Synod, His Grace Ignatius, gave the name day greetings to Archbishop Anastasios.<\/span><\/span><\/span><\/div>\n<div style=\"text-align: justify;\"> <span style=\"color: #000000;\"><span style=\"font-family: tahoma,geneva,sans-serif;\"><span style=\"font-size: 12px;\">&nbsp;&nbsp;&nbsp; During this liturgy, Archbishop Anastasios conducted the Service of Elevation of a Priest for Deacon Heliodor Demiri from Elbasan, who served for several years as a Deacon in Elbasan.<\/span><\/span><\/span><\/div>\n<div style=\"text-align: justify;\"> <span style=\"color: #000000;\"><span style=\"font-family: tahoma,geneva,sans-serif;\"><span style=\"font-size: 12px;\">&nbsp;&nbsp;&nbsp; The church was filled with believers, who had come to wish a long life and many years to His Beatitude Anastasios. All the believers had the possibility to give their wishes to Archbishop Anastasios at the reception that took place in the hall of the Church \u201cEvangelization of Theotokos\u201d. In the same place, Archbishop Anastasios welcomed also in afternoon personalities, politicians and many believers who had come to give their wishes for his name day.<\/span><\/span><\/span><\/div>\n<p style=\"text-align: justify;\"><span style=\"font-family: tahoma,geneva,sans-serif;\"><span style=\"font-size: 12px;\"><img class=\"lazyload\" decoding=\"async\" style=\"border-width: 1px; border-style: solid; margin: 10px;\" alt=\"\" src=\"data:image\/gif;base64,R0lGODlhAQABAAAAACH5BAEKAAEALAAAAAABAAEAAAICTAEAOw==\" data-orig-src=\"https:\/\/lh5.googleusercontent.com\/-ehoKSQai3mc\/UP7PJRy1GAI\/AAAAAAAAB5Y\/GcixXItILJI\/s800\/DSC_0490.JPG\" \/><\/span><\/span><\/p>\n<p style=\"text-align: justify;\"><span style=\"font-family: tahoma,geneva,sans-serif;\"><span style=\"font-size: 12px;\"><img class=\"lazyload\" decoding=\"async\" style=\"border-width: 1px; border-style: solid; margin: 10px;\" alt=\"\" src=\"data:image\/gif;base64,R0lGODlhAQABAAAAACH5BAEKAAEALAAAAAABAAEAAAICTAEAOw==\" data-orig-src=\"https:\/\/lh6.googleusercontent.com\/-iRBSPy66q28\/UP7PLjjJHnI\/AAAAAAAAB5g\/It_fTcPwTPo\/s800\/DSC_0501.JPG\" \/><\/span><\/span><\/p>\n<p style=\"text-align: justify;\"><span style=\"font-family: tahoma,geneva,sans-serif;\"><span style=\"font-size: 12px;\"><img class=\"lazyload\" decoding=\"async\" style=\"border-width: 1px; border-style: solid; margin: 10px;\" alt=\"\" src=\"data:image\/gif;base64,R0lGODlhAQABAAAAACH5BAEKAAEALAAAAAABAAEAAAICTAEAOw==\" data-orig-src=\"https:\/\/lh3.googleusercontent.com\/-UQjjlofUwNE\/UP7O9EpMOiI\/AAAAAAAAB5U\/_q3TMWljlXo\/s800\/DSC_0590.JPG\" \/><\/span><\/span><\/p>\n<p style=\"text-align: justify;\"><span style=\"font-family: tahoma,geneva,sans-serif;\"><span style=\"font-size: 12px;\"><img class=\"lazyload\" decoding=\"async\" style=\"border-width: 1px; border-style: solid; margin: 10px;\" alt=\"\" src=\"data:image\/gif;base64,R0lGODlhAQABAAAAACH5BAEKAAEALAAAAAABAAEAAAICTAEAOw==\" data-orig-src=\"https:\/\/lh6.googleusercontent.com\/-0xzPWxR5osE\/UP7QX7jQMkI\/AAAAAAAAB6E\/BSk9DD4RLY0\/s800\/IMG_9373.JPG\" \/><\/span><\/span><\/p>\n<p style=\"text-align: justify;\"><span style=\"font-family: tahoma,geneva,sans-serif;\"><span style=\"font-size: 12px;\"><img class=\"lazyload\" decoding=\"async\" style=\"width: 740px; height: 1111px; border-width: 1px; border-style: solid; margin: 10px;\" alt=\"\" src=\"data:image\/gif;base64,R0lGODlhAQABAAAAACH5BAEKAAEALAAAAAABAAEAAAICTAEAOw==\" data-orig-src=\"https:\/\/lh3.googleusercontent.com\/-OEFqXe2SRtk\/UP7QasF27cI\/AAAAAAAAB6M\/U1nZLVzyNBw\/s512\/IMG_9395.JPG\" \/><\/span><\/span><\/p>\n<p style=\"text-align: justify;\"><span style=\"font-family: tahoma,geneva,sans-serif;\"><span style=\"font-size: 12px;\"><img class=\"lazyload\" decoding=\"async\" style=\"border-width: 1px; border-style: solid; margin: 10px;\" alt=\"\" src=\"data:image\/gif;base64,R0lGODlhAQABAAAAACH5BAEKAAEALAAAAAABAAEAAAICTAEAOw==\" data-orig-src=\"https:\/\/lh4.googleusercontent.com\/-YDr8VkYKa0o\/UP7QvJE99nI\/AAAAAAAAB6U\/M12vmdKfAA8\/s800\/IMG_9480.JPG\" \/><\/span><\/span><br \/> &nbsp;<\/p>\n","protected":false},"excerpt":{"rendered":"<p>&nbsp;&nbsp; January 22 is the feast of St. Anastasios the Persian, and Albanian Orthodox believers celebrate on this special day the name of Archbishop Anastasios. &nbsp;&nbsp; On this occasion, in the church &#8220;Annunciation of the Theotokos&#8221;, in Tirana, was conducted the Divine Liturgy, which was attended by all members of the Holy Synod, the Bishop of Berati, his Grace Ignatius; the Bishop of Kor\u00e7a, his<\/p>\n","protected":false},"author":7,"featured_media":0,"comment_status":"open","ping_status":"open","sticky":false,"template":"","format":"standard","meta":{"_acf_changed":false,"pagelayer_contact_templates":[],"_pagelayer_content":"","inline_featured_image":false,"fifu_image_url":"","fifu_image_alt":"","footnotes":""},"categories":[1455,311],"tags":[1141,1786,1768],"class_list":["post-1351","post","type-post","status-publish","format-standard","hentry","category-news-en","category-news-d25","tag-2013-en","tag-kremtime-en","tag-kryepiskopi-anastas-en"],"acf":[],"yoast_head":"<!-- This site is optimized with the Yoast SEO plugin v27.2 - https:\/\/yoast.com\/product\/yoast-seo-wordpress\/ -->\n<title>The Feast of Saint Anastasios the Persian and the Name of Archbishop Anastasios. (22 January 2013) - Kisha Orthodh\u03bfkse Autoqefale e Shqip\u00ebris\u00eb<\/title>\n<meta name=\"robots\" content=\"index, follow, max-snippet:-1, max-image-preview:large, max-video-preview:-1\" \/>\n<link rel=\"canonical\" href=\"https:\/\/orthodoxalbania.org\/2020\/en\/2013\/03\/21\/the-feast-of-saint-anastasios-the-persian-and-the-name-of-archbishop-anastasios\/\" \/>\n<meta property=\"og:locale\" content=\"en_US\" \/>\n<meta property=\"og:type\" content=\"article\" \/>\n<meta property=\"og:title\" content=\"The Feast of Saint Anastasios the Persian and the Name of Archbishop Anastasios. (22 January 2013) - Kisha Orthodh\u03bfkse Autoqefale e Shqip\u00ebris\u00eb\" \/>\n<meta property=\"og:description\" content=\"&nbsp;&nbsp; January 22 is the feast of St. Anastasios the Persian, and Albanian Orthodox believers celebrate on this special day the name of Archbishop Anastasios. &nbsp;&nbsp; On this occasion, in the church &#8220;Annunciation of the Theotokos&#8221;, in Tirana, was conducted the Divine Liturgy, which was attended by all members of the Holy Synod, the Bishop of Berati, his Grace Ignatius; the Bishop of Kor\u00e7a, his\" \/>\n<meta property=\"og:url\" content=\"https:\/\/orthodoxalbania.org\/2020\/en\/2013\/03\/21\/the-feast-of-saint-anastasios-the-persian-and-the-name-of-archbishop-anastasios\/\" \/>\n<meta property=\"og:site_name\" content=\"Kisha Orthodh\u03bfkse Autoqefale e Shqip\u00ebris\u00eb\" \/>\n<meta property=\"article:publisher\" content=\"https:\/\/www.facebook.com\/koash1991\" \/>\n<meta property=\"article:published_time\" content=\"2013-03-21T12:50:10+00:00\" \/>\n<meta property=\"article:modified_time\" content=\"2020-04-12T22:30:51+00:00\" \/>\n<meta property=\"og:image\" content=\"https:\/\/lh5.googleusercontent.com\/-ehoKSQai3mc\/UP7PJRy1GAI\/AAAAAAAAB5Y\/GcixXItILJI\/s800\/DSC_0490.JPG\" \/>\n<meta name=\"author\" content=\"Kisha Orthodhokse\" \/>\n<meta name=\"twitter:card\" content=\"summary_large_image\" \/>\n<meta name=\"twitter:label1\" content=\"Written by\" \/>\n\t<meta name=\"twitter:data1\" content=\"Kisha Orthodhokse\" \/>\n\t<meta name=\"twitter:label2\" content=\"Est. reading time\" \/>\n\t<meta name=\"twitter:data2\" content=\"1 minute\" \/>\n<script type=\"application\/ld+json\" class=\"yoast-schema-graph\">{\"@context\":\"https:\/\/schema.org\",\"@graph\":[{\"@type\":\"Article\",\"@id\":\"https:\/\/orthodoxalbania.org\/2020\/en\/2013\/03\/21\/the-feast-of-saint-anastasios-the-persian-and-the-name-of-archbishop-anastasios\/#article\",\"isPartOf\":{\"@id\":\"https:\/\/orthodoxalbania.org\/2020\/en\/2013\/03\/21\/the-feast-of-saint-anastasios-the-persian-and-the-name-of-archbishop-anastasios\/\"},\"author\":{\"name\":\"Kisha Orthodhokse\",\"@id\":\"https:\/\/orthodoxalbania.org\/2020\/#\/schema\/person\/df745f942b70e045b3dc05a30211f0de\"},\"headline\":\"The Feast of Saint Anastasios the Persian and the Name of Archbishop Anastasios. (22 January 2013)\",\"datePublished\":\"2013-03-21T12:50:10+00:00\",\"dateModified\":\"2020-04-12T22:30:51+00:00\",\"mainEntityOfPage\":{\"@id\":\"https:\/\/orthodoxalbania.org\/2020\/en\/2013\/03\/21\/the-feast-of-saint-anastasios-the-persian-and-the-name-of-archbishop-anastasios\/\"},\"wordCount\":280,\"commentCount\":0,\"publisher\":{\"@id\":\"https:\/\/orthodoxalbania.org\/2020\/#organization\"},\"image\":{\"@id\":\"https:\/\/orthodoxalbania.org\/2020\/en\/2013\/03\/21\/the-feast-of-saint-anastasios-the-persian-and-the-name-of-archbishop-anastasios\/#primaryimage\"},\"thumbnailUrl\":\"https:\/\/lh5.googleusercontent.com\/-ehoKSQai3mc\/UP7PJRy1GAI\/AAAAAAAAB5Y\/GcixXItILJI\/s800\/DSC_0490.JPG\",\"keywords\":[\"2013\",\"Kremtime\",\"Kryepiskopi Anastas\"],\"articleSection\":[\"News - \u0395\u039d\",\"News old page\"],\"inLanguage\":\"en-US\"},{\"@type\":\"WebPage\",\"@id\":\"https:\/\/orthodoxalbania.org\/2020\/en\/2013\/03\/21\/the-feast-of-saint-anastasios-the-persian-and-the-name-of-archbishop-anastasios\/\",\"url\":\"https:\/\/orthodoxalbania.org\/2020\/en\/2013\/03\/21\/the-feast-of-saint-anastasios-the-persian-and-the-name-of-archbishop-anastasios\/\",\"name\":\"The Feast of Saint Anastasios the Persian and the Name of Archbishop Anastasios. (22 January 2013) - Kisha Orthodh\u03bfkse Autoqefale e Shqip\u00ebris\u00eb\",\"isPartOf\":{\"@id\":\"https:\/\/orthodoxalbania.org\/2020\/#website\"},\"primaryImageOfPage\":{\"@id\":\"https:\/\/orthodoxalbania.org\/2020\/en\/2013\/03\/21\/the-feast-of-saint-anastasios-the-persian-and-the-name-of-archbishop-anastasios\/#primaryimage\"},\"image\":{\"@id\":\"https:\/\/orthodoxalbania.org\/2020\/en\/2013\/03\/21\/the-feast-of-saint-anastasios-the-persian-and-the-name-of-archbishop-anastasios\/#primaryimage\"},\"thumbnailUrl\":\"https:\/\/lh5.googleusercontent.com\/-ehoKSQai3mc\/UP7PJRy1GAI\/AAAAAAAAB5Y\/GcixXItILJI\/s800\/DSC_0490.JPG\",\"datePublished\":\"2013-03-21T12:50:10+00:00\",\"dateModified\":\"2020-04-12T22:30:51+00:00\",\"breadcrumb\":{\"@id\":\"https:\/\/orthodoxalbania.org\/2020\/en\/2013\/03\/21\/the-feast-of-saint-anastasios-the-persian-and-the-name-of-archbishop-anastasios\/#breadcrumb\"},\"inLanguage\":\"en-US\",\"potentialAction\":[{\"@type\":\"ReadAction\",\"target\":[\"https:\/\/orthodoxalbania.org\/2020\/en\/2013\/03\/21\/the-feast-of-saint-anastasios-the-persian-and-the-name-of-archbishop-anastasios\/\"]}]},{\"@type\":\"ImageObject\",\"inLanguage\":\"en-US\",\"@id\":\"https:\/\/orthodoxalbania.org\/2020\/en\/2013\/03\/21\/the-feast-of-saint-anastasios-the-persian-and-the-name-of-archbishop-anastasios\/#primaryimage\",\"url\":\"https:\/\/lh5.googleusercontent.com\/-ehoKSQai3mc\/UP7PJRy1GAI\/AAAAAAAAB5Y\/GcixXItILJI\/s800\/DSC_0490.JPG\",\"contentUrl\":\"https:\/\/lh5.googleusercontent.com\/-ehoKSQai3mc\/UP7PJRy1GAI\/AAAAAAAAB5Y\/GcixXItILJI\/s800\/DSC_0490.JPG\"},{\"@type\":\"BreadcrumbList\",\"@id\":\"https:\/\/orthodoxalbania.org\/2020\/en\/2013\/03\/21\/the-feast-of-saint-anastasios-the-persian-and-the-name-of-archbishop-anastasios\/#breadcrumb\",\"itemListElement\":[{\"@type\":\"ListItem\",\"position\":1,\"name\":\"Home\",\"item\":\"https:\/\/orthodoxalbania.org\/2020\/\"},{\"@type\":\"ListItem\",\"position\":2,\"name\":\"The Feast of Saint Anastasios the Persian and the Name of Archbishop Anastasios. (22 January 2013)\"}]},{\"@type\":\"WebSite\",\"@id\":\"https:\/\/orthodoxalbania.org\/2020\/#website\",\"url\":\"https:\/\/orthodoxalbania.org\/2020\/\",\"name\":\"Kisha Orthodh\u03bfkse Autoqefale e Shqip\u00ebris\u00eb\",\"description\":\"Fqja Zyrtare e Kish\u00ebs Orthodhokse Autoqefale e Shqip\u00ebris\u00eb me lajmet edhe informacionet zyrtare p\u00ebr struktur\u00ebn edhe veprimtarin e saj.\",\"publisher\":{\"@id\":\"https:\/\/orthodoxalbania.org\/2020\/#organization\"},\"potentialAction\":[{\"@type\":\"SearchAction\",\"target\":{\"@type\":\"EntryPoint\",\"urlTemplate\":\"https:\/\/orthodoxalbania.org\/2020\/?s={search_term_string}\"},\"query-input\":{\"@type\":\"PropertyValueSpecification\",\"valueRequired\":true,\"valueName\":\"search_term_string\"}}],\"inLanguage\":\"en-US\"},{\"@type\":\"Organization\",\"@id\":\"https:\/\/orthodoxalbania.org\/2020\/#organization\",\"name\":\"Kisha Orthodhokse Autoqefale e Shqip\u00ebris\u00eb\",\"url\":\"https:\/\/orthodoxalbania.org\/2020\/\",\"logo\":{\"@type\":\"ImageObject\",\"inLanguage\":\"en-US\",\"@id\":\"https:\/\/orthodoxalbania.org\/2020\/#\/schema\/logo\/image\/\",\"url\":\"https:\/\/orthodoxalbania.org\/2020\/wp-content\/uploads\/2020\/05\/albania.jpeg\",\"contentUrl\":\"https:\/\/orthodoxalbania.org\/2020\/wp-content\/uploads\/2020\/05\/albania.jpeg\",\"width\":540,\"height\":540,\"caption\":\"Kisha Orthodhokse Autoqefale e Shqip\u00ebris\u00eb\"},\"image\":{\"@id\":\"https:\/\/orthodoxalbania.org\/2020\/#\/schema\/logo\/image\/\"},\"sameAs\":[\"https:\/\/www.facebook.com\/koash1991\"]},{\"@type\":\"Person\",\"@id\":\"https:\/\/orthodoxalbania.org\/2020\/#\/schema\/person\/df745f942b70e045b3dc05a30211f0de\",\"name\":\"Kisha Orthodhokse\",\"image\":{\"@type\":\"ImageObject\",\"inLanguage\":\"en-US\",\"@id\":\"https:\/\/secure.gravatar.com\/avatar\/2676eb8d97178435c9f691a7871595a1da6c33542dec218bce40885573150e28?s=96&d=mm&r=g\",\"url\":\"https:\/\/secure.gravatar.com\/avatar\/2676eb8d97178435c9f691a7871595a1da6c33542dec218bce40885573150e28?s=96&d=mm&r=g\",\"contentUrl\":\"https:\/\/secure.gravatar.com\/avatar\/2676eb8d97178435c9f691a7871595a1da6c33542dec218bce40885573150e28?s=96&d=mm&r=g\",\"caption\":\"Kisha Orthodhokse\"}}]}<\/script>\n<!-- \/ Yoast SEO plugin. -->","yoast_head_json":{"title":"The Feast of Saint Anastasios the Persian and the Name of Archbishop Anastasios. (22 January 2013) - Kisha Orthodh\u03bfkse Autoqefale e Shqip\u00ebris\u00eb","robots":{"index":"index","follow":"follow","max-snippet":"max-snippet:-1","max-image-preview":"max-image-preview:large","max-video-preview":"max-video-preview:-1"},"canonical":"https:\/\/orthodoxalbania.org\/2020\/en\/2013\/03\/21\/the-feast-of-saint-anastasios-the-persian-and-the-name-of-archbishop-anastasios\/","og_locale":"en_US","og_type":"article","og_title":"The Feast of Saint Anastasios the Persian and the Name of Archbishop Anastasios. (22 January 2013) - Kisha Orthodh\u03bfkse Autoqefale e Shqip\u00ebris\u00eb","og_description":"&nbsp;&nbsp; January 22 is the feast of St. Anastasios the Persian, and Albanian Orthodox believers celebrate on this special day the name of Archbishop Anastasios. &nbsp;&nbsp; On this occasion, in the church &#8220;Annunciation of the Theotokos&#8221;, in Tirana, was conducted the Divine Liturgy, which was attended by all members of the Holy Synod, the Bishop of Berati, his Grace Ignatius; the Bishop of Kor\u00e7a, his","og_url":"https:\/\/orthodoxalbania.org\/2020\/en\/2013\/03\/21\/the-feast-of-saint-anastasios-the-persian-and-the-name-of-archbishop-anastasios\/","og_site_name":"Kisha Orthodh\u03bfkse Autoqefale e Shqip\u00ebris\u00eb","article_publisher":"https:\/\/www.facebook.com\/koash1991","article_published_time":"2013-03-21T12:50:10+00:00","article_modified_time":"2020-04-12T22:30:51+00:00","og_image":[{"url":"https:\/\/lh5.googleusercontent.com\/-ehoKSQai3mc\/UP7PJRy1GAI\/AAAAAAAAB5Y\/GcixXItILJI\/s800\/DSC_0490.JPG","type":"","width":"","height":""}],"author":"Kisha Orthodhokse","twitter_card":"summary_large_image","twitter_misc":{"Written by":"Kisha Orthodhokse","Est. reading time":"1 minute"},"schema":{"@context":"https:\/\/schema.org","@graph":[{"@type":"Article","@id":"https:\/\/orthodoxalbania.org\/2020\/en\/2013\/03\/21\/the-feast-of-saint-anastasios-the-persian-and-the-name-of-archbishop-anastasios\/#article","isPartOf":{"@id":"https:\/\/orthodoxalbania.org\/2020\/en\/2013\/03\/21\/the-feast-of-saint-anastasios-the-persian-and-the-name-of-archbishop-anastasios\/"},"author":{"name":"Kisha Orthodhokse","@id":"https:\/\/orthodoxalbania.org\/2020\/#\/schema\/person\/df745f942b70e045b3dc05a30211f0de"},"headline":"The Feast of Saint Anastasios the Persian and the Name of Archbishop Anastasios. (22 January 2013)","datePublished":"2013-03-21T12:50:10+00:00","dateModified":"2020-04-12T22:30:51+00:00","mainEntityOfPage":{"@id":"https:\/\/orthodoxalbania.org\/2020\/en\/2013\/03\/21\/the-feast-of-saint-anastasios-the-persian-and-the-name-of-archbishop-anastasios\/"},"wordCount":280,"commentCount":0,"publisher":{"@id":"https:\/\/orthodoxalbania.org\/2020\/#organization"},"image":{"@id":"https:\/\/orthodoxalbania.org\/2020\/en\/2013\/03\/21\/the-feast-of-saint-anastasios-the-persian-and-the-name-of-archbishop-anastasios\/#primaryimage"},"thumbnailUrl":"https:\/\/lh5.googleusercontent.com\/-ehoKSQai3mc\/UP7PJRy1GAI\/AAAAAAAAB5Y\/GcixXItILJI\/s800\/DSC_0490.JPG","keywords":["2013","Kremtime","Kryepiskopi Anastas"],"articleSection":["News - \u0395\u039d","News old page"],"inLanguage":"en-US"},{"@type":"WebPage","@id":"https:\/\/orthodoxalbania.org\/2020\/en\/2013\/03\/21\/the-feast-of-saint-anastasios-the-persian-and-the-name-of-archbishop-anastasios\/","url":"https:\/\/orthodoxalbania.org\/2020\/en\/2013\/03\/21\/the-feast-of-saint-anastasios-the-persian-and-the-name-of-archbishop-anastasios\/","name":"The Feast of Saint Anastasios the Persian and the Name of Archbishop Anastasios. (22 January 2013) - Kisha Orthodh\u03bfkse Autoqefale e Shqip\u00ebris\u00eb","isPartOf":{"@id":"https:\/\/orthodoxalbania.org\/2020\/#website"},"primaryImageOfPage":{"@id":"https:\/\/orthodoxalbania.org\/2020\/en\/2013\/03\/21\/the-feast-of-saint-anastasios-the-persian-and-the-name-of-archbishop-anastasios\/#primaryimage"},"image":{"@id":"https:\/\/orthodoxalbania.org\/2020\/en\/2013\/03\/21\/the-feast-of-saint-anastasios-the-persian-and-the-name-of-archbishop-anastasios\/#primaryimage"},"thumbnailUrl":"https:\/\/lh5.googleusercontent.com\/-ehoKSQai3mc\/UP7PJRy1GAI\/AAAAAAAAB5Y\/GcixXItILJI\/s800\/DSC_0490.JPG","datePublished":"2013-03-21T12:50:10+00:00","dateModified":"2020-04-12T22:30:51+00:00","breadcrumb":{"@id":"https:\/\/orthodoxalbania.org\/2020\/en\/2013\/03\/21\/the-feast-of-saint-anastasios-the-persian-and-the-name-of-archbishop-anastasios\/#breadcrumb"},"inLanguage":"en-US","potentialAction":[{"@type":"ReadAction","target":["https:\/\/orthodoxalbania.org\/2020\/en\/2013\/03\/21\/the-feast-of-saint-anastasios-the-persian-and-the-name-of-archbishop-anastasios\/"]}]},{"@type":"ImageObject","inLanguage":"en-US","@id":"https:\/\/orthodoxalbania.org\/2020\/en\/2013\/03\/21\/the-feast-of-saint-anastasios-the-persian-and-the-name-of-archbishop-anastasios\/#primaryimage","url":"https:\/\/lh5.googleusercontent.com\/-ehoKSQai3mc\/UP7PJRy1GAI\/AAAAAAAAB5Y\/GcixXItILJI\/s800\/DSC_0490.JPG","contentUrl":"https:\/\/lh5.googleusercontent.com\/-ehoKSQai3mc\/UP7PJRy1GAI\/AAAAAAAAB5Y\/GcixXItILJI\/s800\/DSC_0490.JPG"},{"@type":"BreadcrumbList","@id":"https:\/\/orthodoxalbania.org\/2020\/en\/2013\/03\/21\/the-feast-of-saint-anastasios-the-persian-and-the-name-of-archbishop-anastasios\/#breadcrumb","itemListElement":[{"@type":"ListItem","position":1,"name":"Home","item":"https:\/\/orthodoxalbania.org\/2020\/"},{"@type":"ListItem","position":2,"name":"The Feast of Saint Anastasios the Persian and the Name of Archbishop Anastasios. (22 January 2013)"}]},{"@type":"WebSite","@id":"https:\/\/orthodoxalbania.org\/2020\/#website","url":"https:\/\/orthodoxalbania.org\/2020\/","name":"Kisha Orthodh\u03bfkse Autoqefale e Shqip\u00ebris\u00eb","description":"Fqja Zyrtare e Kish\u00ebs Orthodhokse Autoqefale e Shqip\u00ebris\u00eb me lajmet edhe informacionet zyrtare p\u00ebr struktur\u00ebn edhe veprimtarin e saj.","publisher":{"@id":"https:\/\/orthodoxalbania.org\/2020\/#organization"},"potentialAction":[{"@type":"SearchAction","target":{"@type":"EntryPoint","urlTemplate":"https:\/\/orthodoxalbania.org\/2020\/?s={search_term_string}"},"query-input":{"@type":"PropertyValueSpecification","valueRequired":true,"valueName":"search_term_string"}}],"inLanguage":"en-US"},{"@type":"Organization","@id":"https:\/\/orthodoxalbania.org\/2020\/#organization","name":"Kisha Orthodhokse Autoqefale e Shqip\u00ebris\u00eb","url":"https:\/\/orthodoxalbania.org\/2020\/","logo":{"@type":"ImageObject","inLanguage":"en-US","@id":"https:\/\/orthodoxalbania.org\/2020\/#\/schema\/logo\/image\/","url":"https:\/\/orthodoxalbania.org\/2020\/wp-content\/uploads\/2020\/05\/albania.jpeg","contentUrl":"https:\/\/orthodoxalbania.org\/2020\/wp-content\/uploads\/2020\/05\/albania.jpeg","width":540,"height":540,"caption":"Kisha Orthodhokse Autoqefale e Shqip\u00ebris\u00eb"},"image":{"@id":"https:\/\/orthodoxalbania.org\/2020\/#\/schema\/logo\/image\/"},"sameAs":["https:\/\/www.facebook.com\/koash1991"]},{"@type":"Person","@id":"https:\/\/orthodoxalbania.org\/2020\/#\/schema\/person\/df745f942b70e045b3dc05a30211f0de","name":"Kisha Orthodhokse","image":{"@type":"ImageObject","inLanguage":"en-US","@id":"https:\/\/secure.gravatar.com\/avatar\/2676eb8d97178435c9f691a7871595a1da6c33542dec218bce40885573150e28?s=96&d=mm&r=g","url":"https:\/\/secure.gravatar.com\/avatar\/2676eb8d97178435c9f691a7871595a1da6c33542dec218bce40885573150e28?s=96&d=mm&r=g","contentUrl":"https:\/\/secure.gravatar.com\/avatar\/2676eb8d97178435c9f691a7871595a1da6c33542dec218bce40885573150e28?s=96&d=mm&r=g","caption":"Kisha Orthodhokse"}}]}},"_links":{"self":[{"href":"https:\/\/orthodoxalbania.org\/2020\/wp-json\/wp\/v2\/posts\/1351","targetHints":{"allow":["GET"]}}],"collection":[{"href":"https:\/\/orthodoxalbania.org\/2020\/wp-json\/wp\/v2\/posts"}],"about":[{"href":"https:\/\/orthodoxalbania.org\/2020\/wp-json\/wp\/v2\/types\/post"}],"author":[{"embeddable":true,"href":"https:\/\/orthodoxalbania.org\/2020\/wp-json\/wp\/v2\/users\/7"}],"replies":[{"embeddable":true,"href":"https:\/\/orthodoxalbania.org\/2020\/wp-json\/wp\/v2\/comments?post=1351"}],"version-history":[{"count":1,"href":"https:\/\/orthodoxalbania.org\/2020\/wp-json\/wp\/v2\/posts\/1351\/revisions"}],"predecessor-version":[{"id":17693,"href":"https:\/\/orthodoxalbania.org\/2020\/wp-json\/wp\/v2\/posts\/1351\/revisions\/17693"}],"wp:attachment":[{"href":"https:\/\/orthodoxalbania.org\/2020\/wp-json\/wp\/v2\/media?parent=1351"}],"wp:term":[{"taxonomy":"category","embeddable":true,"href":"https:\/\/orthodoxalbania.org\/2020\/wp-json\/wp\/v2\/categories?post=1351"},{"taxonomy":"post_tag","embeddable":true,"href":"https:\/\/orthodoxalbania.org\/2020\/wp-json\/wp\/v2\/tags?post=1351"}],"curies":[{"name":"wp","href":"https:\/\/api.w.org\/{rel}","templated":true}]}}