{"id":1349,"date":"2008-02-26T00:00:16","date_gmt":"2008-02-26T00:00:16","guid":{"rendered":""},"modified":"2020-04-13T00:31:22","modified_gmt":"2020-04-12T22:31:22","slug":"the-end-of-the-academic-year-in-the-educational-institutions-of-our-church-2008","status":"publish","type":"post","link":"https:\/\/orthodoxalbania.org\/2020\/en\/2008\/02\/26\/the-end-of-the-academic-year-in-the-educational-institutions-of-our-church-2008\/","title":{"rendered":"The end of the academic year in the educational institutions of our Church. (June 2008)"},"content":{"rendered":"<table id=\"AutoNumber2\" style=\"margin-right: auto; margin-left: auto; width: 711px; height: 2650px;\">\n<tbody>\n<tr>\n<td colspan=\"2\">\n<div style=\"text-align: center;\"><span style=\"color: #b22222;\"><strong><span style=\"font-family: tahoma,geneva,sans-serif;\"><span style=\"font-size: 12px;\"><em>\u201cIt was a successful end of the academic year 2007-2008<br \/> &nbsp;and the true progress of the students was particularly seen in their spiritual life\u201d<\/em><\/span><\/span><\/strong><\/span><\/div>\n<div>&nbsp;<\/div>\n<\/td>\n<\/tr>\n<tr>\n<td>\n<div dir=\"ltr\"><span style=\"font-family: tahoma,geneva,sans-serif;\"><span style=\"font-size: 12px;\"><span style=\"color: #000000;\"><img decoding=\"async\" class=\"lazyload HAa Eha\" style=\"margin: 10px auto; display: block; border: 1px solid;\" alt=\"\" src=\"data:image\/svg+xml,%3Csvg%20xmlns%3D%27http%3A%2F%2Fwww.w3.org%2F2000%2Fsvg%27%20width%3D%27300%27%20height%3D%27204%27%20viewBox%3D%270%200%20300%20204%27%3E%3Crect%20width%3D%27300%27%20height%3D%27204%27%20fill-opacity%3D%220%22%2F%3E%3C%2Fsvg%3E\" data-orig-src=\"https:\/\/lh3.googleusercontent.com\/-1bjDoT845xU\/VI7K1Q277vI\/AAAAAAAAHu8\/sJ7BwBmK4IE\/w400-h272-no\/instituti++Tirane.jpg\" height=\"204\" width=\"300\" \/><\/span><\/span><\/span><\/div>\n<\/td>\n<td>\n<div style=\"text-align: justify;\"><span style=\"font-family: tahoma,geneva,sans-serif;\"><span style=\"font-size: 12px;\"><span style=\"color: #000000;\">&nbsp;&nbsp;&nbsp; The pupils and students, the Sons of Light that never sets, are the cornerstone of our Church. They work hard to achieve good results not only in their academics but also in their moral character. They recognize the man who has supported them in their studies values education and knowledge.<\/span><\/span><\/span><br \/> &nbsp;<\/div>\n<\/td>\n<\/tr>\n<tr>\n<td>\n<div style=\"text-align: justify;\"><span style=\"font-family: tahoma,geneva,sans-serif;\"><span style=\"font-size: 12px;\"><span style=\"color: #000000;\">&nbsp;&nbsp;&nbsp; Archbishop Anastasios has always seen the future of our Church \u2018in their eyes\u2019, in their belief in God and the various professions they choose in the society where they live.&nbsp; In all the academic institutions of the Orthodox Church of Albania, Archbishop Anastasios has taken special care to cover all school expenses. And in the end, the resulting fruits are sweet in spite of the hard work.<\/span><\/span><\/span><\/div>\n<\/td>\n<td>\n<div><span style=\"font-family: tahoma,geneva,sans-serif;\"><span style=\"font-size: 12px;\"><span style=\"color: #000000;\"><img decoding=\"async\" class=\"lazyload HAa Eha\" style=\"margin: 10px auto; display: block; border: 1px solid;\" alt=\"\" src=\"data:image\/svg+xml,%3Csvg%20xmlns%3D%27http%3A%2F%2Fwww.w3.org%2F2000%2Fsvg%27%20width%3D%27300%27%20height%3D%27173%27%20viewBox%3D%270%200%20300%20173%27%3E%3Crect%20width%3D%27300%27%20height%3D%27173%27%20fill-opacity%3D%220%22%2F%3E%3C%2Fsvg%3E\" data-orig-src=\"https:\/\/lh3.googleusercontent.com\/-I2vfG1d8eMI\/VI7K1tqxLvI\/AAAAAAAAHus\/iV59i6yUOkc\/w400-h231-no\/shk.+9-vjecare+Durres.jpg\" height=\"173\" width=\"300\" \/><\/span><\/span><\/span><\/div>\n<\/td>\n<\/tr>\n<tr>\n<td>\n<div><span style=\"font-family: tahoma,geneva,sans-serif;\"><span style=\"font-size: 12px;\"><span style=\"color: #000000;\"><img decoding=\"async\" class=\"lazyload HAa Eha\" style=\"margin: 10px auto; display: block; border: 1px solid;\" alt=\"\" src=\"data:image\/svg+xml,%3Csvg%20xmlns%3D%27http%3A%2F%2Fwww.w3.org%2F2000%2Fsvg%27%20width%3D%27300%27%20height%3D%27214%27%20viewBox%3D%270%200%20300%20214%27%3E%3Crect%20width%3D%27300%27%20height%3D%27214%27%20fill-opacity%3D%220%22%2F%3E%3C%2Fsvg%3E\" data-orig-src=\"https:\/\/lh5.googleusercontent.com\/-8MflHnmwOio\/VI7K2MECoLI\/AAAAAAAAHu0\/rBvcWSoAcbk\/w400-h285-no\/sukth.jpg\" height=\"214\" width=\"300\" \/><\/span><\/span><\/span><\/div>\n<\/td>\n<td>\n<div style=\"text-align: justify;\"><span style=\"font-family: tahoma,geneva,sans-serif;\"><span style=\"font-size: 12px;\"><span style=\"color: #000000;\"><em>&nbsp;&nbsp; \u201cIt was a successful end of the academic year 2007-2008 and the true progress of students was seen particularly in their spiritual life\u201d <\/em> said Anastas Dodbiba, the principal of the church high school \u2018Holy Cross\u2019 in Sukth, Durres. The first year of this school came to an end and the joy was obvious in the faces of the pupils and faculty.<\/span><\/span><\/span><\/div>\n<\/td>\n<\/tr>\n<tr>\n<td>\n<div><span style=\"font-family: tahoma,geneva,sans-serif;\"><span style=\"font-size: 12px;\"><span style=\"color: #000000;\">&nbsp;&nbsp;&nbsp;&nbsp;<\/span><\/span><\/span><\/div>\n<div style=\"text-align: justify;\"><span style=\"font-family: tahoma,geneva,sans-serif;\"><span style=\"font-size: 12px;\"><span style=\"color: #000000;\">&nbsp;&nbsp;&nbsp; The progress is visible and the 37 pupils of the first and the second years feel more prepared for their educational and spiritual lives. The school is so modern, that once a visitor claimed \u201cthe school looks like a venue for the English aristocracy\u201d. But the people in charge are careful and modest, keeping in mind there is still a lot of work to do.&nbsp;<\/span><\/span><\/span><\/div>\n<div>&nbsp;<\/div>\n<\/td>\n<td>\n<div><span style=\"font-family: tahoma,geneva,sans-serif;\"><span style=\"font-size: 12px;\"><span style=\"color: #000000;\"><img decoding=\"async\" class=\"lazyload HAa Eha\" style=\"margin: 10px auto; display: block; border: 1px solid;\" alt=\"\" src=\"data:image\/svg+xml,%3Csvg%20xmlns%3D%27http%3A%2F%2Fwww.w3.org%2F2000%2Fsvg%27%20width%3D%27300%27%20height%3D%27160%27%20viewBox%3D%270%200%20300%20160%27%3E%3Crect%20width%3D%27300%27%20height%3D%27160%27%20fill-opacity%3D%220%22%2F%3E%3C%2Fsvg%3E\" data-orig-src=\"https:\/\/lh5.googleusercontent.com\/-s3_Doq-6Ces\/VI7K0fgGcEI\/AAAAAAAAHvE\/064x8SX9UA8\/w400-h213-no\/Instituti+Gjirokaster.jpg\" height=\"160\" width=\"300\" \/><\/span><\/span><\/span><\/div>\n<\/td>\n<\/tr>\n<tr>\n<td>\n<div><span style=\"font-family: tahoma,geneva,sans-serif;\"><span style=\"font-size: 12px;\"><span style=\"color: #000000;\"><img decoding=\"async\" class=\"lazyload HAa Eha\" style=\"margin: 10px auto; display: block; border: 1px solid;\" alt=\"\" src=\"data:image\/svg+xml,%3Csvg%20xmlns%3D%27http%3A%2F%2Fwww.w3.org%2F2000%2Fsvg%27%20width%3D%27300%27%20height%3D%27209%27%20viewBox%3D%270%200%20300%20209%27%3E%3Crect%20width%3D%27300%27%20height%3D%27209%27%20fill-opacity%3D%220%22%2F%3E%3C%2Fsvg%3E\" data-orig-src=\"https:\/\/lh5.googleusercontent.com\/-L7J6tt-Ox04\/VI7K0fygHcI\/AAAAAAAAHu4\/xkTY_bqnaAQ\/w400-h279-no\/Liceu+Gjirokaster.jpg\" height=\"209\" width=\"300\" \/><\/span><\/span><\/span><\/div>\n<\/td>\n<td>\n<div style=\"text-align: justify;\"><span style=\"font-family: tahoma,geneva,sans-serif;\"><span style=\"font-size: 12px;\"><span style=\"color: #000000;\">&nbsp;&nbsp;&nbsp; The 62 pupils of the \u2018Holy Cross\u2019 school in Gjirokaster has been in existence for 10 years, and has just ended their course of studies with high achievements and are the future for our Church and society. The pupils of the final year successfully passed the state exams and are looking forward to advancing their studies at the theological academy \u2018Resurrection of Christ\u2019 in St. Vlash, Durres in October.<\/span><\/span><\/span><\/div>\n<\/td>\n<\/tr>\n<tr>\n<td>\n<div style=\"text-align: justify;\"><span style=\"font-family: tahoma,geneva,sans-serif;\"><span style=\"font-size: 12px;\"><span style=\"color: #000000;\">&nbsp;&nbsp;&nbsp; A considerable number of pupils who have a special interest in our faith, declared their desire, at the official site of our Church (<\/span><a href=\"http:\/\/www.orthodoxalbania.org\/\"><span style=\"color: #b22222;\">www.orthodoxalbania.org<\/span><\/a><span style=\"color: #000000;\">), to attend the theological academy. The rest of the students will continue their studies in other universities in Albania and abroad.<\/span><\/span><\/span><\/div>\n<\/td>\n<td>\n<div><span style=\"font-family: tahoma,geneva,sans-serif;\"><span style=\"font-size: 12px;\"><span style=\"color: #000000;\"><img decoding=\"async\" class=\"lazyload HAa Eha\" style=\"margin: 10px auto; display: block; border: 1px solid;\" alt=\"\" src=\"data:image\/svg+xml,%3Csvg%20xmlns%3D%27http%3A%2F%2Fwww.w3.org%2F2000%2Fsvg%27%20width%3D%27300%27%20height%3D%27185%27%20viewBox%3D%270%200%20300%20185%27%3E%3Crect%20width%3D%27300%27%20height%3D%27185%27%20fill-opacity%3D%220%22%2F%3E%3C%2Fsvg%3E\" data-orig-src=\"https:\/\/lh4.googleusercontent.com\/-bjJmTzZrhjY\/VI7K1CX1jxI\/AAAAAAAAHuk\/m5Y5UnW9D9g\/w400-h246-no\/Sh.+Vlash,.jpg\" height=\"185\" width=\"300\" \/><\/span><\/span><\/span><\/div>\n<\/td>\n<\/tr>\n<tr>\n<td>\n<div><span style=\"font-family: tahoma,geneva,sans-serif;\"><span style=\"font-size: 12px;\"><span style=\"color: #000000;\"><img decoding=\"async\" class=\"lazyload HAa Eha\" style=\"margin: 10px auto; display: block; border: 1px solid;\" alt=\"\" src=\"data:image\/svg+xml,%3Csvg%20xmlns%3D%27http%3A%2F%2Fwww.w3.org%2F2000%2Fsvg%27%20width%3D%27300%27%20height%3D%27155%27%20viewBox%3D%270%200%20300%20155%27%3E%3Crect%20width%3D%27300%27%20height%3D%27155%27%20fill-opacity%3D%220%22%2F%3E%3C%2Fsvg%3E\" data-orig-src=\"https:\/\/lh4.googleusercontent.com\/-U9E-a_b8Epc\/VI7K0cK0KZI\/AAAAAAAAHuQ\/EztRkZ2q7eY\/w400-h207-no\/Mesopotam.jpg\" height=\"155\" width=\"300\" \/><\/span><\/span><\/span><\/div>\n<\/td>\n<td>\n<div style=\"text-align: justify;\"><span style=\"font-family: tahoma,geneva,sans-serif;\"><span style=\"font-size: 12px;\"><span style=\"color: #000000;\">&nbsp;&nbsp; Religious and professional education in the Metropolis of Gjirokaster has made visible progress the last few years. Another academic year ended in the technical school in Mesopotam in Sarande. 104 students have been well instructed in computer science, plumbing services, electrical services and heating\/cooling installation. The Albanian teachers and foreign professors contributed their own experience by introducing students to the newest techniques in their individual fields.&nbsp;&nbsp;<\/span><\/span><\/span><\/div>\n<\/td>\n<\/tr>\n<tr>\n<td>\n<div style=\"text-align: justify;\"><span style=\"font-family: tahoma,geneva,sans-serif;\"><span style=\"font-size: 12px;\"><span style=\"color: #000000;\">&nbsp;&nbsp;&nbsp; The Albanian-American School \u2018The Protagonist\u2019 was distinguished once more as the best nine-year school in the city. According to its director, Pauline Russell, there were 172 pupils who were educated with the most up-to-date teaching techniques. Many of the students also excelled in the \u201cOlympics of the Town\u201d, rating them among the best.&nbsp;<\/span><\/span><\/span><\/div>\n<\/td>\n<td>\n<div><span style=\"font-family: tahoma,geneva,sans-serif;\"><span style=\"font-size: 12px;\"><span style=\"color: #000000;\"><img decoding=\"async\" class=\"lazyload HAa Eha\" style=\"margin: 10px auto; display: block; border: 1px solid;\" alt=\"\" src=\"data:image\/svg+xml,%3Csvg%20xmlns%3D%27http%3A%2F%2Fwww.w3.org%2F2000%2Fsvg%27%20width%3D%27300%27%20height%3D%27216%27%20viewBox%3D%270%200%20300%20216%27%3E%3Crect%20width%3D%27300%27%20height%3D%27216%27%20fill-opacity%3D%220%22%2F%3E%3C%2Fsvg%3E\" data-orig-src=\"https:\/\/lh4.googleusercontent.com\/-WB_3tfLybrg\/VI7K0wnRaLI\/AAAAAAAAHuc\/4KxpXa9yAFI\/w400-h288-no\/Protagonistet+Tirane.jpg\" height=\"216\" width=\"300\" \/><\/span><\/span><\/span><\/div>\n<\/td>\n<\/tr>\n<tr>\n<td dir=\"ltr\" colspan=\"2\">\n<div dir=\"ltr\" style=\"text-align: justify;\"><span style=\"font-family: tahoma,geneva,sans-serif;\"><span style=\"font-size: 12px;\"><span style=\"color: #000000;\">&nbsp;&nbsp;&nbsp; The pupils behaved as true \u201cprotagonists\u201d in activities both in and out of school.&nbsp; In the <em>Feast of the Alphabet<\/em> and the year-end celebration, the \u201cprotagonists\u201d surprised their parents and teachers with the high level of their abilities and creative skills. On the last day of school,l the pupils organized a <em>panair<\/em> with hand-made wares which they exchanged with one another displaying their skills and cooperation.<\/span><\/span><\/span><\/div>\n<\/td>\n<\/tr>\n<tr>\n<td dir=\"ltr\" colspan=\"2\">\n<div style=\"text-align: justify;\"> <span style=\"font-family: tahoma,geneva,sans-serif;\"><span style=\"font-size: 12px;\"><span style=\"color: #000000;\">&nbsp;&nbsp; In addition, the 25 teachers of the Protagonist School, are being trained with the most advanced American teaching methods. For the coming year, Archbishop Anastasios has promised to present to the school a new venue that is being constructed on Kavaja Street. <\/span><\/span><\/span><\/div>\n<div style=\"text-align: justify;\"><span style=\"font-family: tahoma,geneva,sans-serif;\"><span style=\"font-size: 12px;\"><span style=\"color: #000000;\"><\/span><\/span><\/span><\/div>\n<div style=\"text-align: justify;\"><span style=\"font-family: tahoma,geneva,sans-serif;\"><span style=\"font-size: 12px;\"><span style=\"color: #000000;\">&nbsp;&nbsp;&nbsp; The 44 pupils of the Albanian-Greek Elementary School \u2018Spirit of Love\u2019 in Durres, finished their academic year demonstrating continued advancement in their studies. According to the principal of the school, Mr. Kristaq Mile, the pupils excelled, thus making their school one of the best in Durres, not to mention the facilities and the modern instructive tools.<\/span><\/span><\/span><\/div>\n<div style=\"text-align: justify;\">&nbsp;<\/div>\n<div style=\"text-align: justify;\"><span style=\"font-family: tahoma,geneva,sans-serif;\"><span style=\"font-size: 12px;\"><span style=\"color: #000000;\">&nbsp;&nbsp;&nbsp; In the professional institutes \u2018Spirit of Love\u2019 located in Tirana, and in the Emaus centre in Gjirokaster, the students finished their studies with high standards. The 250 students successfully finished their studies in management, computerized accounting, computer sciences, laboratory medicine, restoration and conservation of art work and Byzantine iconography.<\/span><\/span><\/span><\/div>\n<div style=\"text-align: justify;\">&nbsp;<\/div>\n<div style=\"text-align: justify;\"><span style=\"font-family: tahoma,geneva,sans-serif;\"><span style=\"font-size: 12px;\"><span style=\"color: #000000;\">&nbsp; &nbsp; The Emaus Centre had 100 students who finished their academic studies in computerised accounting, business administration, tourism and applied computer science. Besides theoretical subjects, students put their skills into practice to be more competitive in the job market at the end of their studies.<\/span><\/span><\/span><\/div>\n<div style=\"text-align: justify;\">&nbsp;<\/div>\n<div style=\"text-align: justify;\"><span style=\"font-family: tahoma,geneva,sans-serif;\"><span style=\"font-size: 12px;\"><span style=\"color: #000000;\">&nbsp;&nbsp;&nbsp; The nine-year schools and the high schools, along with the professional institutions of our Church, serve as laboratories for spiritual and moral resurrection of our society and of students\u2019 professional growth. The motivation for the successful end of the past academic year as well as the blessing and support of His Beatitude, Archbishop Anastasios demonstrates the interest in education of the next generation with the knowledge and cultural values needed for the future of our Church and our country.<\/span><\/span><\/span><\/div>\n<\/td>\n<\/tr>\n<tr>\n<td dir=\"ltr\" colspan=\"2\">\n<div>&nbsp;<\/div>\n<div>&nbsp;<\/div>\n<\/td>\n<\/tr>\n<tr>\n<td dir=\"ltr\" colspan=\"2\">\n<div style=\"text-align: right;\"><span style=\"font-family: tahoma,geneva,sans-serif;\"><span style=\"font-size: 12px;\"><span style=\"color: #000000;\">By <strong>Isidor Koti<\/strong><\/span><\/span><\/span><\/div>\n<div style=\"text-align: right;\">&nbsp;<\/div>\n<div style=\"text-align: right;\"><span style=\"font-family: tahoma,geneva,sans-serif;\"><span style=\"font-size: 12px;\"><span style=\"color: #000000;\">Translated by <strong>Juliana Pici<\/strong><\/span><\/span><\/span><\/div>\n<div style=\"text-align: right;\"> <span style=\"font-family: tahoma,geneva,sans-serif;\"><span style=\"font-size: 12px;\"><span style=\"color: #000000;\">Edited by<strong> Melanie Linderman<\/strong><\/span><\/span><\/span><\/div>\n<\/td>\n<\/tr>\n<\/tbody>\n<\/table>\n","protected":false},"excerpt":{"rendered":"<p>\u201cIt was a successful end of the academic year 2007-2008 &nbsp;and the true progress of the students was particularly seen in their spiritual life\u201d &nbsp; &nbsp;&nbsp;&nbsp; The pupils and students, the Sons of Light that never sets, are the cornerstone of our Church. They work hard to achieve good results not only in their academics but also in their moral character. They recognize the man<\/p>\n","protected":false},"author":7,"featured_media":0,"comment_status":"open","ping_status":"open","sticky":false,"template":"","format":"standard","meta":{"_acf_changed":false,"pagelayer_contact_templates":[],"_pagelayer_content":"","inline_featured_image":false,"fifu_image_url":"","fifu_image_alt":"","footnotes":""},"categories":[1455,311],"tags":[1121,1888],"class_list":["post-1349","post","type-post","status-publish","format-standard","hentry","category-news-en","category-news-d25","tag-2008-en","tag-institucione-parashkollore-te-kishes-orthodhokse-en"],"acf":[],"yoast_head":"<!-- This site is optimized with the Yoast SEO plugin v27.2 - https:\/\/yoast.com\/product\/yoast-seo-wordpress\/ -->\n<title>The end of the academic year in the educational institutions of our Church. (June 2008) - Kisha Orthodh\u03bfkse Autoqefale e Shqip\u00ebris\u00eb<\/title>\n<meta name=\"robots\" content=\"index, follow, max-snippet:-1, max-image-preview:large, max-video-preview:-1\" \/>\n<link rel=\"canonical\" href=\"https:\/\/orthodoxalbania.org\/2020\/en\/2008\/02\/26\/the-end-of-the-academic-year-in-the-educational-institutions-of-our-church-2008\/\" \/>\n<meta property=\"og:locale\" content=\"en_US\" \/>\n<meta property=\"og:type\" content=\"article\" \/>\n<meta property=\"og:title\" content=\"The end of the academic year in the educational institutions of our Church. (June 2008) - Kisha Orthodh\u03bfkse Autoqefale e Shqip\u00ebris\u00eb\" \/>\n<meta property=\"og:description\" content=\"\u201cIt was a successful end of the academic year 2007-2008 &nbsp;and the true progress of the students was particularly seen in their spiritual life\u201d &nbsp; &nbsp;&nbsp;&nbsp; The pupils and students, the Sons of Light that never sets, are the cornerstone of our Church. They work hard to achieve good results not only in their academics but also in their moral character. They recognize the man\" \/>\n<meta property=\"og:url\" content=\"https:\/\/orthodoxalbania.org\/2020\/en\/2008\/02\/26\/the-end-of-the-academic-year-in-the-educational-institutions-of-our-church-2008\/\" \/>\n<meta property=\"og:site_name\" content=\"Kisha Orthodh\u03bfkse Autoqefale e Shqip\u00ebris\u00eb\" \/>\n<meta property=\"article:publisher\" content=\"https:\/\/www.facebook.com\/koash1991\" \/>\n<meta property=\"article:published_time\" content=\"2008-02-26T00:00:16+00:00\" \/>\n<meta property=\"article:modified_time\" content=\"2020-04-12T22:31:22+00:00\" \/>\n<meta property=\"og:image\" content=\"https:\/\/lh3.googleusercontent.com\/-1bjDoT845xU\/VI7K1Q277vI\/AAAAAAAAHu8\/sJ7BwBmK4IE\/w400-h272-no\/instituti++Tirane.jpg\" \/>\n<meta name=\"author\" content=\"Kisha Orthodhokse\" \/>\n<meta name=\"twitter:card\" content=\"summary_large_image\" \/>\n<meta name=\"twitter:label1\" content=\"Written by\" \/>\n\t<meta name=\"twitter:data1\" content=\"Kisha Orthodhokse\" \/>\n\t<meta name=\"twitter:label2\" content=\"Est. reading time\" \/>\n\t<meta name=\"twitter:data2\" content=\"5 minutes\" \/>\n<script type=\"application\/ld+json\" class=\"yoast-schema-graph\">{\"@context\":\"https:\/\/schema.org\",\"@graph\":[{\"@type\":\"Article\",\"@id\":\"https:\/\/orthodoxalbania.org\/2020\/en\/2008\/02\/26\/the-end-of-the-academic-year-in-the-educational-institutions-of-our-church-2008\/#article\",\"isPartOf\":{\"@id\":\"https:\/\/orthodoxalbania.org\/2020\/en\/2008\/02\/26\/the-end-of-the-academic-year-in-the-educational-institutions-of-our-church-2008\/\"},\"author\":{\"name\":\"Kisha Orthodhokse\",\"@id\":\"https:\/\/orthodoxalbania.org\/2020\/#\/schema\/person\/df745f942b70e045b3dc05a30211f0de\"},\"headline\":\"The end of the academic year in the educational institutions of our Church. (June 2008)\",\"datePublished\":\"2008-02-26T00:00:16+00:00\",\"dateModified\":\"2020-04-12T22:31:22+00:00\",\"mainEntityOfPage\":{\"@id\":\"https:\/\/orthodoxalbania.org\/2020\/en\/2008\/02\/26\/the-end-of-the-academic-year-in-the-educational-institutions-of-our-church-2008\/\"},\"wordCount\":914,\"commentCount\":0,\"publisher\":{\"@id\":\"https:\/\/orthodoxalbania.org\/2020\/#organization\"},\"image\":{\"@id\":\"https:\/\/orthodoxalbania.org\/2020\/en\/2008\/02\/26\/the-end-of-the-academic-year-in-the-educational-institutions-of-our-church-2008\/#primaryimage\"},\"thumbnailUrl\":\"https:\/\/lh3.googleusercontent.com\/-1bjDoT845xU\/VI7K1Q277vI\/AAAAAAAAHu8\/sJ7BwBmK4IE\/w400-h272-no\/instituti++Tirane.jpg\",\"keywords\":[\"2008\",\"Institucione Parashkollore t\u00eb Kish\u00ebs Orthodhokse\"],\"articleSection\":[\"News - \u0395\u039d\",\"News old page\"],\"inLanguage\":\"en-US\"},{\"@type\":\"WebPage\",\"@id\":\"https:\/\/orthodoxalbania.org\/2020\/en\/2008\/02\/26\/the-end-of-the-academic-year-in-the-educational-institutions-of-our-church-2008\/\",\"url\":\"https:\/\/orthodoxalbania.org\/2020\/en\/2008\/02\/26\/the-end-of-the-academic-year-in-the-educational-institutions-of-our-church-2008\/\",\"name\":\"The end of the academic year in the educational institutions of our Church. (June 2008) - Kisha Orthodh\u03bfkse Autoqefale e Shqip\u00ebris\u00eb\",\"isPartOf\":{\"@id\":\"https:\/\/orthodoxalbania.org\/2020\/#website\"},\"primaryImageOfPage\":{\"@id\":\"https:\/\/orthodoxalbania.org\/2020\/en\/2008\/02\/26\/the-end-of-the-academic-year-in-the-educational-institutions-of-our-church-2008\/#primaryimage\"},\"image\":{\"@id\":\"https:\/\/orthodoxalbania.org\/2020\/en\/2008\/02\/26\/the-end-of-the-academic-year-in-the-educational-institutions-of-our-church-2008\/#primaryimage\"},\"thumbnailUrl\":\"https:\/\/lh3.googleusercontent.com\/-1bjDoT845xU\/VI7K1Q277vI\/AAAAAAAAHu8\/sJ7BwBmK4IE\/w400-h272-no\/instituti++Tirane.jpg\",\"datePublished\":\"2008-02-26T00:00:16+00:00\",\"dateModified\":\"2020-04-12T22:31:22+00:00\",\"breadcrumb\":{\"@id\":\"https:\/\/orthodoxalbania.org\/2020\/en\/2008\/02\/26\/the-end-of-the-academic-year-in-the-educational-institutions-of-our-church-2008\/#breadcrumb\"},\"inLanguage\":\"en-US\",\"potentialAction\":[{\"@type\":\"ReadAction\",\"target\":[\"https:\/\/orthodoxalbania.org\/2020\/en\/2008\/02\/26\/the-end-of-the-academic-year-in-the-educational-institutions-of-our-church-2008\/\"]}]},{\"@type\":\"ImageObject\",\"inLanguage\":\"en-US\",\"@id\":\"https:\/\/orthodoxalbania.org\/2020\/en\/2008\/02\/26\/the-end-of-the-academic-year-in-the-educational-institutions-of-our-church-2008\/#primaryimage\",\"url\":\"https:\/\/lh3.googleusercontent.com\/-1bjDoT845xU\/VI7K1Q277vI\/AAAAAAAAHu8\/sJ7BwBmK4IE\/w400-h272-no\/instituti++Tirane.jpg\",\"contentUrl\":\"https:\/\/lh3.googleusercontent.com\/-1bjDoT845xU\/VI7K1Q277vI\/AAAAAAAAHu8\/sJ7BwBmK4IE\/w400-h272-no\/instituti++Tirane.jpg\"},{\"@type\":\"BreadcrumbList\",\"@id\":\"https:\/\/orthodoxalbania.org\/2020\/en\/2008\/02\/26\/the-end-of-the-academic-year-in-the-educational-institutions-of-our-church-2008\/#breadcrumb\",\"itemListElement\":[{\"@type\":\"ListItem\",\"position\":1,\"name\":\"Home\",\"item\":\"https:\/\/orthodoxalbania.org\/2020\/\"},{\"@type\":\"ListItem\",\"position\":2,\"name\":\"The end of the academic year in the educational institutions of our Church. (June 2008)\"}]},{\"@type\":\"WebSite\",\"@id\":\"https:\/\/orthodoxalbania.org\/2020\/#website\",\"url\":\"https:\/\/orthodoxalbania.org\/2020\/\",\"name\":\"Kisha Orthodh\u03bfkse Autoqefale e Shqip\u00ebris\u00eb\",\"description\":\"Fqja Zyrtare e Kish\u00ebs Orthodhokse Autoqefale e Shqip\u00ebris\u00eb me lajmet edhe informacionet zyrtare p\u00ebr struktur\u00ebn edhe veprimtarin e saj.\",\"publisher\":{\"@id\":\"https:\/\/orthodoxalbania.org\/2020\/#organization\"},\"potentialAction\":[{\"@type\":\"SearchAction\",\"target\":{\"@type\":\"EntryPoint\",\"urlTemplate\":\"https:\/\/orthodoxalbania.org\/2020\/?s={search_term_string}\"},\"query-input\":{\"@type\":\"PropertyValueSpecification\",\"valueRequired\":true,\"valueName\":\"search_term_string\"}}],\"inLanguage\":\"en-US\"},{\"@type\":\"Organization\",\"@id\":\"https:\/\/orthodoxalbania.org\/2020\/#organization\",\"name\":\"Kisha Orthodhokse Autoqefale e Shqip\u00ebris\u00eb\",\"url\":\"https:\/\/orthodoxalbania.org\/2020\/\",\"logo\":{\"@type\":\"ImageObject\",\"inLanguage\":\"en-US\",\"@id\":\"https:\/\/orthodoxalbania.org\/2020\/#\/schema\/logo\/image\/\",\"url\":\"https:\/\/orthodoxalbania.org\/2020\/wp-content\/uploads\/2020\/05\/albania.jpeg\",\"contentUrl\":\"https:\/\/orthodoxalbania.org\/2020\/wp-content\/uploads\/2020\/05\/albania.jpeg\",\"width\":540,\"height\":540,\"caption\":\"Kisha Orthodhokse Autoqefale e Shqip\u00ebris\u00eb\"},\"image\":{\"@id\":\"https:\/\/orthodoxalbania.org\/2020\/#\/schema\/logo\/image\/\"},\"sameAs\":[\"https:\/\/www.facebook.com\/koash1991\"]},{\"@type\":\"Person\",\"@id\":\"https:\/\/orthodoxalbania.org\/2020\/#\/schema\/person\/df745f942b70e045b3dc05a30211f0de\",\"name\":\"Kisha Orthodhokse\",\"image\":{\"@type\":\"ImageObject\",\"inLanguage\":\"en-US\",\"@id\":\"https:\/\/secure.gravatar.com\/avatar\/2676eb8d97178435c9f691a7871595a1da6c33542dec218bce40885573150e28?s=96&d=mm&r=g\",\"url\":\"https:\/\/secure.gravatar.com\/avatar\/2676eb8d97178435c9f691a7871595a1da6c33542dec218bce40885573150e28?s=96&d=mm&r=g\",\"contentUrl\":\"https:\/\/secure.gravatar.com\/avatar\/2676eb8d97178435c9f691a7871595a1da6c33542dec218bce40885573150e28?s=96&d=mm&r=g\",\"caption\":\"Kisha Orthodhokse\"}}]}<\/script>\n<!-- \/ Yoast SEO plugin. -->","yoast_head_json":{"title":"The end of the academic year in the educational institutions of our Church. (June 2008) - Kisha Orthodh\u03bfkse Autoqefale e Shqip\u00ebris\u00eb","robots":{"index":"index","follow":"follow","max-snippet":"max-snippet:-1","max-image-preview":"max-image-preview:large","max-video-preview":"max-video-preview:-1"},"canonical":"https:\/\/orthodoxalbania.org\/2020\/en\/2008\/02\/26\/the-end-of-the-academic-year-in-the-educational-institutions-of-our-church-2008\/","og_locale":"en_US","og_type":"article","og_title":"The end of the academic year in the educational institutions of our Church. (June 2008) - Kisha Orthodh\u03bfkse Autoqefale e Shqip\u00ebris\u00eb","og_description":"\u201cIt was a successful end of the academic year 2007-2008 &nbsp;and the true progress of the students was particularly seen in their spiritual life\u201d &nbsp; &nbsp;&nbsp;&nbsp; The pupils and students, the Sons of Light that never sets, are the cornerstone of our Church. They work hard to achieve good results not only in their academics but also in their moral character. They recognize the man","og_url":"https:\/\/orthodoxalbania.org\/2020\/en\/2008\/02\/26\/the-end-of-the-academic-year-in-the-educational-institutions-of-our-church-2008\/","og_site_name":"Kisha Orthodh\u03bfkse Autoqefale e Shqip\u00ebris\u00eb","article_publisher":"https:\/\/www.facebook.com\/koash1991","article_published_time":"2008-02-26T00:00:16+00:00","article_modified_time":"2020-04-12T22:31:22+00:00","og_image":[{"url":"https:\/\/lh3.googleusercontent.com\/-1bjDoT845xU\/VI7K1Q277vI\/AAAAAAAAHu8\/sJ7BwBmK4IE\/w400-h272-no\/instituti++Tirane.jpg","type":"","width":"","height":""}],"author":"Kisha Orthodhokse","twitter_card":"summary_large_image","twitter_misc":{"Written by":"Kisha Orthodhokse","Est. reading time":"5 minutes"},"schema":{"@context":"https:\/\/schema.org","@graph":[{"@type":"Article","@id":"https:\/\/orthodoxalbania.org\/2020\/en\/2008\/02\/26\/the-end-of-the-academic-year-in-the-educational-institutions-of-our-church-2008\/#article","isPartOf":{"@id":"https:\/\/orthodoxalbania.org\/2020\/en\/2008\/02\/26\/the-end-of-the-academic-year-in-the-educational-institutions-of-our-church-2008\/"},"author":{"name":"Kisha Orthodhokse","@id":"https:\/\/orthodoxalbania.org\/2020\/#\/schema\/person\/df745f942b70e045b3dc05a30211f0de"},"headline":"The end of the academic year in the educational institutions of our Church. (June 2008)","datePublished":"2008-02-26T00:00:16+00:00","dateModified":"2020-04-12T22:31:22+00:00","mainEntityOfPage":{"@id":"https:\/\/orthodoxalbania.org\/2020\/en\/2008\/02\/26\/the-end-of-the-academic-year-in-the-educational-institutions-of-our-church-2008\/"},"wordCount":914,"commentCount":0,"publisher":{"@id":"https:\/\/orthodoxalbania.org\/2020\/#organization"},"image":{"@id":"https:\/\/orthodoxalbania.org\/2020\/en\/2008\/02\/26\/the-end-of-the-academic-year-in-the-educational-institutions-of-our-church-2008\/#primaryimage"},"thumbnailUrl":"https:\/\/lh3.googleusercontent.com\/-1bjDoT845xU\/VI7K1Q277vI\/AAAAAAAAHu8\/sJ7BwBmK4IE\/w400-h272-no\/instituti++Tirane.jpg","keywords":["2008","Institucione Parashkollore t\u00eb Kish\u00ebs Orthodhokse"],"articleSection":["News - \u0395\u039d","News old page"],"inLanguage":"en-US"},{"@type":"WebPage","@id":"https:\/\/orthodoxalbania.org\/2020\/en\/2008\/02\/26\/the-end-of-the-academic-year-in-the-educational-institutions-of-our-church-2008\/","url":"https:\/\/orthodoxalbania.org\/2020\/en\/2008\/02\/26\/the-end-of-the-academic-year-in-the-educational-institutions-of-our-church-2008\/","name":"The end of the academic year in the educational institutions of our Church. (June 2008) - Kisha Orthodh\u03bfkse Autoqefale e Shqip\u00ebris\u00eb","isPartOf":{"@id":"https:\/\/orthodoxalbania.org\/2020\/#website"},"primaryImageOfPage":{"@id":"https:\/\/orthodoxalbania.org\/2020\/en\/2008\/02\/26\/the-end-of-the-academic-year-in-the-educational-institutions-of-our-church-2008\/#primaryimage"},"image":{"@id":"https:\/\/orthodoxalbania.org\/2020\/en\/2008\/02\/26\/the-end-of-the-academic-year-in-the-educational-institutions-of-our-church-2008\/#primaryimage"},"thumbnailUrl":"https:\/\/lh3.googleusercontent.com\/-1bjDoT845xU\/VI7K1Q277vI\/AAAAAAAAHu8\/sJ7BwBmK4IE\/w400-h272-no\/instituti++Tirane.jpg","datePublished":"2008-02-26T00:00:16+00:00","dateModified":"2020-04-12T22:31:22+00:00","breadcrumb":{"@id":"https:\/\/orthodoxalbania.org\/2020\/en\/2008\/02\/26\/the-end-of-the-academic-year-in-the-educational-institutions-of-our-church-2008\/#breadcrumb"},"inLanguage":"en-US","potentialAction":[{"@type":"ReadAction","target":["https:\/\/orthodoxalbania.org\/2020\/en\/2008\/02\/26\/the-end-of-the-academic-year-in-the-educational-institutions-of-our-church-2008\/"]}]},{"@type":"ImageObject","inLanguage":"en-US","@id":"https:\/\/orthodoxalbania.org\/2020\/en\/2008\/02\/26\/the-end-of-the-academic-year-in-the-educational-institutions-of-our-church-2008\/#primaryimage","url":"https:\/\/lh3.googleusercontent.com\/-1bjDoT845xU\/VI7K1Q277vI\/AAAAAAAAHu8\/sJ7BwBmK4IE\/w400-h272-no\/instituti++Tirane.jpg","contentUrl":"https:\/\/lh3.googleusercontent.com\/-1bjDoT845xU\/VI7K1Q277vI\/AAAAAAAAHu8\/sJ7BwBmK4IE\/w400-h272-no\/instituti++Tirane.jpg"},{"@type":"BreadcrumbList","@id":"https:\/\/orthodoxalbania.org\/2020\/en\/2008\/02\/26\/the-end-of-the-academic-year-in-the-educational-institutions-of-our-church-2008\/#breadcrumb","itemListElement":[{"@type":"ListItem","position":1,"name":"Home","item":"https:\/\/orthodoxalbania.org\/2020\/"},{"@type":"ListItem","position":2,"name":"The end of the academic year in the educational institutions of our Church. (June 2008)"}]},{"@type":"WebSite","@id":"https:\/\/orthodoxalbania.org\/2020\/#website","url":"https:\/\/orthodoxalbania.org\/2020\/","name":"Kisha Orthodh\u03bfkse Autoqefale e Shqip\u00ebris\u00eb","description":"Fqja Zyrtare e Kish\u00ebs Orthodhokse Autoqefale e Shqip\u00ebris\u00eb me lajmet edhe informacionet zyrtare p\u00ebr struktur\u00ebn edhe veprimtarin e saj.","publisher":{"@id":"https:\/\/orthodoxalbania.org\/2020\/#organization"},"potentialAction":[{"@type":"SearchAction","target":{"@type":"EntryPoint","urlTemplate":"https:\/\/orthodoxalbania.org\/2020\/?s={search_term_string}"},"query-input":{"@type":"PropertyValueSpecification","valueRequired":true,"valueName":"search_term_string"}}],"inLanguage":"en-US"},{"@type":"Organization","@id":"https:\/\/orthodoxalbania.org\/2020\/#organization","name":"Kisha Orthodhokse Autoqefale e Shqip\u00ebris\u00eb","url":"https:\/\/orthodoxalbania.org\/2020\/","logo":{"@type":"ImageObject","inLanguage":"en-US","@id":"https:\/\/orthodoxalbania.org\/2020\/#\/schema\/logo\/image\/","url":"https:\/\/orthodoxalbania.org\/2020\/wp-content\/uploads\/2020\/05\/albania.jpeg","contentUrl":"https:\/\/orthodoxalbania.org\/2020\/wp-content\/uploads\/2020\/05\/albania.jpeg","width":540,"height":540,"caption":"Kisha Orthodhokse Autoqefale e Shqip\u00ebris\u00eb"},"image":{"@id":"https:\/\/orthodoxalbania.org\/2020\/#\/schema\/logo\/image\/"},"sameAs":["https:\/\/www.facebook.com\/koash1991"]},{"@type":"Person","@id":"https:\/\/orthodoxalbania.org\/2020\/#\/schema\/person\/df745f942b70e045b3dc05a30211f0de","name":"Kisha Orthodhokse","image":{"@type":"ImageObject","inLanguage":"en-US","@id":"https:\/\/secure.gravatar.com\/avatar\/2676eb8d97178435c9f691a7871595a1da6c33542dec218bce40885573150e28?s=96&d=mm&r=g","url":"https:\/\/secure.gravatar.com\/avatar\/2676eb8d97178435c9f691a7871595a1da6c33542dec218bce40885573150e28?s=96&d=mm&r=g","contentUrl":"https:\/\/secure.gravatar.com\/avatar\/2676eb8d97178435c9f691a7871595a1da6c33542dec218bce40885573150e28?s=96&d=mm&r=g","caption":"Kisha Orthodhokse"}}]}},"_links":{"self":[{"href":"https:\/\/orthodoxalbania.org\/2020\/wp-json\/wp\/v2\/posts\/1349","targetHints":{"allow":["GET"]}}],"collection":[{"href":"https:\/\/orthodoxalbania.org\/2020\/wp-json\/wp\/v2\/posts"}],"about":[{"href":"https:\/\/orthodoxalbania.org\/2020\/wp-json\/wp\/v2\/types\/post"}],"author":[{"embeddable":true,"href":"https:\/\/orthodoxalbania.org\/2020\/wp-json\/wp\/v2\/users\/7"}],"replies":[{"embeddable":true,"href":"https:\/\/orthodoxalbania.org\/2020\/wp-json\/wp\/v2\/comments?post=1349"}],"version-history":[{"count":1,"href":"https:\/\/orthodoxalbania.org\/2020\/wp-json\/wp\/v2\/posts\/1349\/revisions"}],"predecessor-version":[{"id":18000,"href":"https:\/\/orthodoxalbania.org\/2020\/wp-json\/wp\/v2\/posts\/1349\/revisions\/18000"}],"wp:attachment":[{"href":"https:\/\/orthodoxalbania.org\/2020\/wp-json\/wp\/v2\/media?parent=1349"}],"wp:term":[{"taxonomy":"category","embeddable":true,"href":"https:\/\/orthodoxalbania.org\/2020\/wp-json\/wp\/v2\/categories?post=1349"},{"taxonomy":"post_tag","embeddable":true,"href":"https:\/\/orthodoxalbania.org\/2020\/wp-json\/wp\/v2\/tags?post=1349"}],"curies":[{"name":"wp","href":"https:\/\/api.w.org\/{rel}","templated":true}]}}