{"id":1336,"date":"2013-03-21T12:29:21","date_gmt":"2013-03-21T12:29:21","guid":{"rendered":""},"modified":"2020-04-13T00:30:55","modified_gmt":"2020-04-12T22:30:55","slug":"the-doxology-service-of-the-flag-is-celebrated-in-vlora","status":"publish","type":"post","link":"https:\/\/orthodoxalbania.org\/2020\/en\/2013\/03\/21\/the-doxology-service-of-the-flag-is-celebrated-in-vlora\/","title":{"rendered":"The Doxology Service of the Flag is Celebrated in Vlora. (25 November 2012)"},"content":{"rendered":"<div style=\"text-align: justify;\"><span style=\"color: #000000;\"><span style=\"font-family: tahoma,geneva,sans-serif;\"><span style=\"font-size: 12px;\"><img class=\"lazyload\" decoding=\"async\" style=\"width: 300px; height: 200px; border-width: 1px; border-style: solid; margin: 10px; float: left;\" alt=\"\" src=\"data:image\/gif;base64,R0lGODlhAQABAAAAACH5BAEKAAEALAAAAAABAAEAAAICTAEAOw==\" data-orig-src=\"https:\/\/lh6.googleusercontent.com\/-tl7UkpbOc3U\/ULSI3k2jSGI\/AAAAAAAABPA\/8bsx64iJ8ss\/s640\/546899_511255495565955_1242358945_n.jpg\" \/>&nbsp;&nbsp;&nbsp; On November 25, on the 13th Sunday of St. Luke, our Church celebrated the feast of the great Saint, Catherine. Present in Vlora for the celebration was also the Bishop of Berati, Vlora and Kanina, His Grace Ignati. After the Morning Prayer service the Divine Liturgy was celebrated, led by the Metropolitan and assisted by Father Kostandin Prifti and Deacon Anastas Vrapi.&nbsp; During the sermon of the day, His Grace spoke to the believers about Saint Catherine\u2019s life. He said, &#8220;My dear brothers in Christ, in the era of a new idolatry, such as our era, where people worship idols and admire contemporary small people, in an area like this we especially need the flame of faith and love of Christ. We see this flame in the heart of St. Catherine. Let us pray to God to make His miracle. To ignite in our hearts the fire of divine love. And especially to stir the hearts of our youth, so that in our era there will be new saints, contemporary saints,&nbsp; and the name of God will be glorified.\u201d We are in the joyful atmosphere of the celebration of 100th Anniversary of the Declaration of Independence and the Raising of the Flag by Ismail Qemal Bey Vlora. The Orthodox Church has a special service which is dedicated to the national flag, the Doxology of the Flag, which takes place in all our churches.<\/span><\/span><\/span><\/div>\n<div style=\"text-align: justify;\"> <span style=\"color: #000000;\"><span style=\"font-family: tahoma,geneva,sans-serif;\"><span style=\"font-size: 12px;\">&nbsp;&nbsp;&nbsp; After the Divine Liturgy, in the presence of representatives of religious communities, local government, political parties, intellectuals and many believers, the Service of the Doxology of the Flag was celebrated. The Service was led by His Grace Bishop Ignati, with the participation of other clergy such as Father Kostandin Prifti, Father&nbsp; Ilia Qirjo, Father Sotiraq Prifti, Father Dhimit\u00ebr Kushi, Father Luka Gjergji, Father Spiro Bulika and Deacon Anastas Vrapi. At the end of the Service, Father Kostandin Prifti&nbsp; welcomed the participants..<\/span><\/span><\/span><\/div>\n<div style=\"text-align: justify;\"> <span style=\"color: #000000;\"><span style=\"font-family: tahoma,geneva,sans-serif;\"><span style=\"font-size: 12px;\">&nbsp;&nbsp;&nbsp; Special emotions were conveyed to the participants by the children of the kindergarten of the Church who improvised the raising of the flag. They sang the national hymn of the flag and some patriotic songs. Their characteristic garments, their angelic voices and manner of interpretation made the participants applaud for them and embrace them.<\/span><\/span><\/span><\/div>\n<div style=\"text-align: justify;\"> <span style=\"color: #000000;\"><span style=\"font-family: tahoma,geneva,sans-serif;\"><span style=\"font-size: 12px;\">&nbsp;&nbsp;&nbsp; A cocktail was provided for the participants during which they were welcomed by his Grace Ignati. For many of the guests this was their first time to attend such a Service. They didn\u2019t even know that this service existed, but in the end they thanked the Metropolitan and were delighted that the Orthodox Church has a Service for the national flag.<\/span><\/span><\/span><\/div>\n<div style=\"text-align: justify;\">&nbsp;<\/div>\n<div style=\"text-align: right;\"> <span style=\"color: #000000;\"><span style=\"font-family: tahoma,geneva,sans-serif;\"><span style=\"font-size: 12px;\"><strong>At\u00eb Spiro Bulika<\/strong><\/span><\/span><\/span><\/div>\n<div style=\"text-align: justify;\">&nbsp;<\/div>\n<div style=\"text-align: justify;\"><span style=\"color: #000000;\"><span style=\"font-family: tahoma,geneva,sans-serif;\"><span style=\"font-size: 12px;\"><img class=\"lazyload\" decoding=\"async\" style=\"width: 600px; height: 901px; border-width: 1px; border-style: solid; margin: 10px; float: left;\" alt=\"\" src=\"data:image\/gif;base64,R0lGODlhAQABAAAAACH5BAEKAAEALAAAAAABAAEAAAICTAEAOw==\" data-orig-src=\"https:\/\/lh5.googleusercontent.com\/-Iv8iZNGzJsg\/ULSIySSLoRI\/AAAAAAAABOo\/L3Tl3_Dlxek\/s512\/255164_511248462233325_1093627035_n.jpg\" \/><\/span><\/span><\/span><\/div>\n<div style=\"text-align: justify;\"><span style=\"color: #000000;\"><span style=\"font-family: tahoma,geneva,sans-serif;\"><span style=\"font-size: 12px;\"><img class=\"lazyload\" decoding=\"async\" style=\"width: 600px; height: 400px; border-width: 1px; border-style: solid; margin: 10px; float: left;\" alt=\"\" src=\"data:image\/gif;base64,R0lGODlhAQABAAAAACH5BAEKAAEALAAAAAABAAEAAAICTAEAOw==\" data-orig-src=\"https:\/\/lh4.googleusercontent.com\/-ovNTJ1V2lhc\/ULSIyf-euRI\/AAAAAAAABOk\/IzRsaykPf-I\/s640\/73246_511252725566232_728714713_n.jpg\" \/><\/span><\/span><\/span><\/div>\n<div style=\"text-align: justify;\"><span style=\"color: #000000;\"><span style=\"font-family: tahoma,geneva,sans-serif;\"><span style=\"font-size: 12px;\"><img class=\"lazyload\" decoding=\"async\" style=\"width: 600px; height: 400px; border-width: 1px; border-style: solid; margin: 10px; float: left;\" alt=\"\" src=\"data:image\/gif;base64,R0lGODlhAQABAAAAACH5BAEKAAEALAAAAAABAAEAAAICTAEAOw==\" data-orig-src=\"https:\/\/lh6.googleusercontent.com\/-j8rVEAM0GvY\/ULSIyMZdBzI\/AAAAAAAABOg\/hYQ_8k1ZSD4\/s640\/378884_511268038898034_1331127976_n.jpg\" \/><\/span><\/span><\/span><\/div>\n<div style=\"text-align: justify;\"><span style=\"color: #000000;\"><span style=\"font-family: tahoma,geneva,sans-serif;\"><span style=\"font-size: 12px;\"><img class=\"lazyload\" decoding=\"async\" style=\"width: 600px; height: 400px; border-width: 1px; border-style: solid; margin: 10px; float: left;\" alt=\"\" src=\"data:image\/gif;base64,R0lGODlhAQABAAAAACH5BAEKAAEALAAAAAABAAEAAAICTAEAOw==\" data-orig-src=\"https:\/\/lh6.googleusercontent.com\/-3j32CQdhaHc\/ULSI21NiFrI\/AAAAAAAABO4\/wwagL99PQo0\/s640\/423099_511266288898209_301411266_n.jpg\" \/><\/span><\/span><\/span><\/p>\n<p> &nbsp;<\/p><\/div>\n","protected":false},"excerpt":{"rendered":"<p>&nbsp;&nbsp;&nbsp; On November 25, on the 13th Sunday of St. Luke, our Church celebrated the feast of the great Saint, Catherine. Present in Vlora for the celebration was also the Bishop of Berati, Vlora and Kanina, His Grace Ignati. After the Morning Prayer service the Divine Liturgy was celebrated, led by the Metropolitan and assisted by Father Kostandin Prifti and Deacon Anastas Vrapi.&nbsp; During the<\/p>\n","protected":false},"author":7,"featured_media":0,"comment_status":"open","ping_status":"open","sticky":false,"template":"","format":"standard","meta":{"_acf_changed":false,"pagelayer_contact_templates":[],"_pagelayer_content":"","inline_featured_image":false,"fifu_image_url":"","fifu_image_alt":"","footnotes":""},"categories":[1455,311],"tags":[1137,1786],"class_list":["post-1336","post","type-post","status-publish","format-standard","hentry","category-news-en","category-news-d25","tag-2012-en","tag-kremtime-en"],"acf":[],"yoast_head":"<!-- This site is optimized with the Yoast SEO plugin v27.2 - https:\/\/yoast.com\/product\/yoast-seo-wordpress\/ -->\n<title>The Doxology Service of the Flag is Celebrated in Vlora. (25 November 2012) - Kisha Orthodh\u03bfkse Autoqefale e Shqip\u00ebris\u00eb<\/title>\n<meta name=\"robots\" content=\"index, follow, max-snippet:-1, max-image-preview:large, max-video-preview:-1\" \/>\n<link rel=\"canonical\" href=\"https:\/\/orthodoxalbania.org\/2020\/en\/2013\/03\/21\/the-doxology-service-of-the-flag-is-celebrated-in-vlora\/\" \/>\n<meta property=\"og:locale\" content=\"en_US\" \/>\n<meta property=\"og:type\" content=\"article\" \/>\n<meta property=\"og:title\" content=\"The Doxology Service of the Flag is Celebrated in Vlora. (25 November 2012) - Kisha Orthodh\u03bfkse Autoqefale e Shqip\u00ebris\u00eb\" \/>\n<meta property=\"og:description\" content=\"&nbsp;&nbsp;&nbsp; On November 25, on the 13th Sunday of St. Luke, our Church celebrated the feast of the great Saint, Catherine. Present in Vlora for the celebration was also the Bishop of Berati, Vlora and Kanina, His Grace Ignati. After the Morning Prayer service the Divine Liturgy was celebrated, led by the Metropolitan and assisted by Father Kostandin Prifti and Deacon Anastas Vrapi.&nbsp; During the\" \/>\n<meta property=\"og:url\" content=\"https:\/\/orthodoxalbania.org\/2020\/en\/2013\/03\/21\/the-doxology-service-of-the-flag-is-celebrated-in-vlora\/\" \/>\n<meta property=\"og:site_name\" content=\"Kisha Orthodh\u03bfkse Autoqefale e Shqip\u00ebris\u00eb\" \/>\n<meta property=\"article:publisher\" content=\"https:\/\/www.facebook.com\/koash1991\" \/>\n<meta property=\"article:published_time\" content=\"2013-03-21T12:29:21+00:00\" \/>\n<meta property=\"article:modified_time\" content=\"2020-04-12T22:30:55+00:00\" \/>\n<meta property=\"og:image\" content=\"https:\/\/lh6.googleusercontent.com\/-tl7UkpbOc3U\/ULSI3k2jSGI\/AAAAAAAABPA\/8bsx64iJ8ss\/s640\/546899_511255495565955_1242358945_n.jpg\" \/>\n<meta name=\"author\" content=\"Kisha Orthodhokse\" \/>\n<meta name=\"twitter:card\" content=\"summary_large_image\" \/>\n<meta name=\"twitter:label1\" content=\"Written by\" \/>\n\t<meta name=\"twitter:data1\" content=\"Kisha Orthodhokse\" \/>\n\t<meta name=\"twitter:label2\" content=\"Est. reading time\" \/>\n\t<meta name=\"twitter:data2\" content=\"2 minutes\" \/>\n<script type=\"application\/ld+json\" class=\"yoast-schema-graph\">{\"@context\":\"https:\/\/schema.org\",\"@graph\":[{\"@type\":\"Article\",\"@id\":\"https:\/\/orthodoxalbania.org\/2020\/en\/2013\/03\/21\/the-doxology-service-of-the-flag-is-celebrated-in-vlora\/#article\",\"isPartOf\":{\"@id\":\"https:\/\/orthodoxalbania.org\/2020\/en\/2013\/03\/21\/the-doxology-service-of-the-flag-is-celebrated-in-vlora\/\"},\"author\":{\"name\":\"Kisha Orthodhokse\",\"@id\":\"https:\/\/orthodoxalbania.org\/2020\/#\/schema\/person\/df745f942b70e045b3dc05a30211f0de\"},\"headline\":\"The Doxology Service of the Flag is Celebrated in Vlora. (25 November 2012)\",\"datePublished\":\"2013-03-21T12:29:21+00:00\",\"dateModified\":\"2020-04-12T22:30:55+00:00\",\"mainEntityOfPage\":{\"@id\":\"https:\/\/orthodoxalbania.org\/2020\/en\/2013\/03\/21\/the-doxology-service-of-the-flag-is-celebrated-in-vlora\/\"},\"wordCount\":464,\"commentCount\":0,\"publisher\":{\"@id\":\"https:\/\/orthodoxalbania.org\/2020\/#organization\"},\"image\":{\"@id\":\"https:\/\/orthodoxalbania.org\/2020\/en\/2013\/03\/21\/the-doxology-service-of-the-flag-is-celebrated-in-vlora\/#primaryimage\"},\"thumbnailUrl\":\"https:\/\/lh6.googleusercontent.com\/-tl7UkpbOc3U\/ULSI3k2jSGI\/AAAAAAAABPA\/8bsx64iJ8ss\/s640\/546899_511255495565955_1242358945_n.jpg\",\"keywords\":[\"2012\",\"Kremtime\"],\"articleSection\":[\"News - \u0395\u039d\",\"News old page\"],\"inLanguage\":\"en-US\"},{\"@type\":\"WebPage\",\"@id\":\"https:\/\/orthodoxalbania.org\/2020\/en\/2013\/03\/21\/the-doxology-service-of-the-flag-is-celebrated-in-vlora\/\",\"url\":\"https:\/\/orthodoxalbania.org\/2020\/en\/2013\/03\/21\/the-doxology-service-of-the-flag-is-celebrated-in-vlora\/\",\"name\":\"The Doxology Service of the Flag is Celebrated in Vlora. (25 November 2012) - Kisha Orthodh\u03bfkse Autoqefale e Shqip\u00ebris\u00eb\",\"isPartOf\":{\"@id\":\"https:\/\/orthodoxalbania.org\/2020\/#website\"},\"primaryImageOfPage\":{\"@id\":\"https:\/\/orthodoxalbania.org\/2020\/en\/2013\/03\/21\/the-doxology-service-of-the-flag-is-celebrated-in-vlora\/#primaryimage\"},\"image\":{\"@id\":\"https:\/\/orthodoxalbania.org\/2020\/en\/2013\/03\/21\/the-doxology-service-of-the-flag-is-celebrated-in-vlora\/#primaryimage\"},\"thumbnailUrl\":\"https:\/\/lh6.googleusercontent.com\/-tl7UkpbOc3U\/ULSI3k2jSGI\/AAAAAAAABPA\/8bsx64iJ8ss\/s640\/546899_511255495565955_1242358945_n.jpg\",\"datePublished\":\"2013-03-21T12:29:21+00:00\",\"dateModified\":\"2020-04-12T22:30:55+00:00\",\"breadcrumb\":{\"@id\":\"https:\/\/orthodoxalbania.org\/2020\/en\/2013\/03\/21\/the-doxology-service-of-the-flag-is-celebrated-in-vlora\/#breadcrumb\"},\"inLanguage\":\"en-US\",\"potentialAction\":[{\"@type\":\"ReadAction\",\"target\":[\"https:\/\/orthodoxalbania.org\/2020\/en\/2013\/03\/21\/the-doxology-service-of-the-flag-is-celebrated-in-vlora\/\"]}]},{\"@type\":\"ImageObject\",\"inLanguage\":\"en-US\",\"@id\":\"https:\/\/orthodoxalbania.org\/2020\/en\/2013\/03\/21\/the-doxology-service-of-the-flag-is-celebrated-in-vlora\/#primaryimage\",\"url\":\"https:\/\/lh6.googleusercontent.com\/-tl7UkpbOc3U\/ULSI3k2jSGI\/AAAAAAAABPA\/8bsx64iJ8ss\/s640\/546899_511255495565955_1242358945_n.jpg\",\"contentUrl\":\"https:\/\/lh6.googleusercontent.com\/-tl7UkpbOc3U\/ULSI3k2jSGI\/AAAAAAAABPA\/8bsx64iJ8ss\/s640\/546899_511255495565955_1242358945_n.jpg\"},{\"@type\":\"BreadcrumbList\",\"@id\":\"https:\/\/orthodoxalbania.org\/2020\/en\/2013\/03\/21\/the-doxology-service-of-the-flag-is-celebrated-in-vlora\/#breadcrumb\",\"itemListElement\":[{\"@type\":\"ListItem\",\"position\":1,\"name\":\"Home\",\"item\":\"https:\/\/orthodoxalbania.org\/2020\/\"},{\"@type\":\"ListItem\",\"position\":2,\"name\":\"The Doxology Service of the Flag is Celebrated in Vlora. (25 November 2012)\"}]},{\"@type\":\"WebSite\",\"@id\":\"https:\/\/orthodoxalbania.org\/2020\/#website\",\"url\":\"https:\/\/orthodoxalbania.org\/2020\/\",\"name\":\"Kisha Orthodh\u03bfkse Autoqefale e Shqip\u00ebris\u00eb\",\"description\":\"Fqja Zyrtare e Kish\u00ebs Orthodhokse Autoqefale e Shqip\u00ebris\u00eb me lajmet edhe informacionet zyrtare p\u00ebr struktur\u00ebn edhe veprimtarin e saj.\",\"publisher\":{\"@id\":\"https:\/\/orthodoxalbania.org\/2020\/#organization\"},\"potentialAction\":[{\"@type\":\"SearchAction\",\"target\":{\"@type\":\"EntryPoint\",\"urlTemplate\":\"https:\/\/orthodoxalbania.org\/2020\/?s={search_term_string}\"},\"query-input\":{\"@type\":\"PropertyValueSpecification\",\"valueRequired\":true,\"valueName\":\"search_term_string\"}}],\"inLanguage\":\"en-US\"},{\"@type\":\"Organization\",\"@id\":\"https:\/\/orthodoxalbania.org\/2020\/#organization\",\"name\":\"Kisha Orthodhokse Autoqefale e Shqip\u00ebris\u00eb\",\"url\":\"https:\/\/orthodoxalbania.org\/2020\/\",\"logo\":{\"@type\":\"ImageObject\",\"inLanguage\":\"en-US\",\"@id\":\"https:\/\/orthodoxalbania.org\/2020\/#\/schema\/logo\/image\/\",\"url\":\"https:\/\/orthodoxalbania.org\/2020\/wp-content\/uploads\/2020\/05\/albania.jpeg\",\"contentUrl\":\"https:\/\/orthodoxalbania.org\/2020\/wp-content\/uploads\/2020\/05\/albania.jpeg\",\"width\":540,\"height\":540,\"caption\":\"Kisha Orthodhokse Autoqefale e Shqip\u00ebris\u00eb\"},\"image\":{\"@id\":\"https:\/\/orthodoxalbania.org\/2020\/#\/schema\/logo\/image\/\"},\"sameAs\":[\"https:\/\/www.facebook.com\/koash1991\"]},{\"@type\":\"Person\",\"@id\":\"https:\/\/orthodoxalbania.org\/2020\/#\/schema\/person\/df745f942b70e045b3dc05a30211f0de\",\"name\":\"Kisha Orthodhokse\",\"image\":{\"@type\":\"ImageObject\",\"inLanguage\":\"en-US\",\"@id\":\"https:\/\/secure.gravatar.com\/avatar\/2676eb8d97178435c9f691a7871595a1da6c33542dec218bce40885573150e28?s=96&d=mm&r=g\",\"url\":\"https:\/\/secure.gravatar.com\/avatar\/2676eb8d97178435c9f691a7871595a1da6c33542dec218bce40885573150e28?s=96&d=mm&r=g\",\"contentUrl\":\"https:\/\/secure.gravatar.com\/avatar\/2676eb8d97178435c9f691a7871595a1da6c33542dec218bce40885573150e28?s=96&d=mm&r=g\",\"caption\":\"Kisha Orthodhokse\"}}]}<\/script>\n<!-- \/ Yoast SEO plugin. -->","yoast_head_json":{"title":"The Doxology Service of the Flag is Celebrated in Vlora. (25 November 2012) - Kisha Orthodh\u03bfkse Autoqefale e Shqip\u00ebris\u00eb","robots":{"index":"index","follow":"follow","max-snippet":"max-snippet:-1","max-image-preview":"max-image-preview:large","max-video-preview":"max-video-preview:-1"},"canonical":"https:\/\/orthodoxalbania.org\/2020\/en\/2013\/03\/21\/the-doxology-service-of-the-flag-is-celebrated-in-vlora\/","og_locale":"en_US","og_type":"article","og_title":"The Doxology Service of the Flag is Celebrated in Vlora. (25 November 2012) - Kisha Orthodh\u03bfkse Autoqefale e Shqip\u00ebris\u00eb","og_description":"&nbsp;&nbsp;&nbsp; On November 25, on the 13th Sunday of St. Luke, our Church celebrated the feast of the great Saint, Catherine. Present in Vlora for the celebration was also the Bishop of Berati, Vlora and Kanina, His Grace Ignati. After the Morning Prayer service the Divine Liturgy was celebrated, led by the Metropolitan and assisted by Father Kostandin Prifti and Deacon Anastas Vrapi.&nbsp; During the","og_url":"https:\/\/orthodoxalbania.org\/2020\/en\/2013\/03\/21\/the-doxology-service-of-the-flag-is-celebrated-in-vlora\/","og_site_name":"Kisha Orthodh\u03bfkse Autoqefale e Shqip\u00ebris\u00eb","article_publisher":"https:\/\/www.facebook.com\/koash1991","article_published_time":"2013-03-21T12:29:21+00:00","article_modified_time":"2020-04-12T22:30:55+00:00","og_image":[{"url":"https:\/\/lh6.googleusercontent.com\/-tl7UkpbOc3U\/ULSI3k2jSGI\/AAAAAAAABPA\/8bsx64iJ8ss\/s640\/546899_511255495565955_1242358945_n.jpg","type":"","width":"","height":""}],"author":"Kisha Orthodhokse","twitter_card":"summary_large_image","twitter_misc":{"Written by":"Kisha Orthodhokse","Est. reading time":"2 minutes"},"schema":{"@context":"https:\/\/schema.org","@graph":[{"@type":"Article","@id":"https:\/\/orthodoxalbania.org\/2020\/en\/2013\/03\/21\/the-doxology-service-of-the-flag-is-celebrated-in-vlora\/#article","isPartOf":{"@id":"https:\/\/orthodoxalbania.org\/2020\/en\/2013\/03\/21\/the-doxology-service-of-the-flag-is-celebrated-in-vlora\/"},"author":{"name":"Kisha Orthodhokse","@id":"https:\/\/orthodoxalbania.org\/2020\/#\/schema\/person\/df745f942b70e045b3dc05a30211f0de"},"headline":"The Doxology Service of the Flag is Celebrated in Vlora. (25 November 2012)","datePublished":"2013-03-21T12:29:21+00:00","dateModified":"2020-04-12T22:30:55+00:00","mainEntityOfPage":{"@id":"https:\/\/orthodoxalbania.org\/2020\/en\/2013\/03\/21\/the-doxology-service-of-the-flag-is-celebrated-in-vlora\/"},"wordCount":464,"commentCount":0,"publisher":{"@id":"https:\/\/orthodoxalbania.org\/2020\/#organization"},"image":{"@id":"https:\/\/orthodoxalbania.org\/2020\/en\/2013\/03\/21\/the-doxology-service-of-the-flag-is-celebrated-in-vlora\/#primaryimage"},"thumbnailUrl":"https:\/\/lh6.googleusercontent.com\/-tl7UkpbOc3U\/ULSI3k2jSGI\/AAAAAAAABPA\/8bsx64iJ8ss\/s640\/546899_511255495565955_1242358945_n.jpg","keywords":["2012","Kremtime"],"articleSection":["News - \u0395\u039d","News old page"],"inLanguage":"en-US"},{"@type":"WebPage","@id":"https:\/\/orthodoxalbania.org\/2020\/en\/2013\/03\/21\/the-doxology-service-of-the-flag-is-celebrated-in-vlora\/","url":"https:\/\/orthodoxalbania.org\/2020\/en\/2013\/03\/21\/the-doxology-service-of-the-flag-is-celebrated-in-vlora\/","name":"The Doxology Service of the Flag is Celebrated in Vlora. (25 November 2012) - Kisha Orthodh\u03bfkse Autoqefale e Shqip\u00ebris\u00eb","isPartOf":{"@id":"https:\/\/orthodoxalbania.org\/2020\/#website"},"primaryImageOfPage":{"@id":"https:\/\/orthodoxalbania.org\/2020\/en\/2013\/03\/21\/the-doxology-service-of-the-flag-is-celebrated-in-vlora\/#primaryimage"},"image":{"@id":"https:\/\/orthodoxalbania.org\/2020\/en\/2013\/03\/21\/the-doxology-service-of-the-flag-is-celebrated-in-vlora\/#primaryimage"},"thumbnailUrl":"https:\/\/lh6.googleusercontent.com\/-tl7UkpbOc3U\/ULSI3k2jSGI\/AAAAAAAABPA\/8bsx64iJ8ss\/s640\/546899_511255495565955_1242358945_n.jpg","datePublished":"2013-03-21T12:29:21+00:00","dateModified":"2020-04-12T22:30:55+00:00","breadcrumb":{"@id":"https:\/\/orthodoxalbania.org\/2020\/en\/2013\/03\/21\/the-doxology-service-of-the-flag-is-celebrated-in-vlora\/#breadcrumb"},"inLanguage":"en-US","potentialAction":[{"@type":"ReadAction","target":["https:\/\/orthodoxalbania.org\/2020\/en\/2013\/03\/21\/the-doxology-service-of-the-flag-is-celebrated-in-vlora\/"]}]},{"@type":"ImageObject","inLanguage":"en-US","@id":"https:\/\/orthodoxalbania.org\/2020\/en\/2013\/03\/21\/the-doxology-service-of-the-flag-is-celebrated-in-vlora\/#primaryimage","url":"https:\/\/lh6.googleusercontent.com\/-tl7UkpbOc3U\/ULSI3k2jSGI\/AAAAAAAABPA\/8bsx64iJ8ss\/s640\/546899_511255495565955_1242358945_n.jpg","contentUrl":"https:\/\/lh6.googleusercontent.com\/-tl7UkpbOc3U\/ULSI3k2jSGI\/AAAAAAAABPA\/8bsx64iJ8ss\/s640\/546899_511255495565955_1242358945_n.jpg"},{"@type":"BreadcrumbList","@id":"https:\/\/orthodoxalbania.org\/2020\/en\/2013\/03\/21\/the-doxology-service-of-the-flag-is-celebrated-in-vlora\/#breadcrumb","itemListElement":[{"@type":"ListItem","position":1,"name":"Home","item":"https:\/\/orthodoxalbania.org\/2020\/"},{"@type":"ListItem","position":2,"name":"The Doxology Service of the Flag is Celebrated in Vlora. (25 November 2012)"}]},{"@type":"WebSite","@id":"https:\/\/orthodoxalbania.org\/2020\/#website","url":"https:\/\/orthodoxalbania.org\/2020\/","name":"Kisha Orthodh\u03bfkse Autoqefale e Shqip\u00ebris\u00eb","description":"Fqja Zyrtare e Kish\u00ebs Orthodhokse Autoqefale e Shqip\u00ebris\u00eb me lajmet edhe informacionet zyrtare p\u00ebr struktur\u00ebn edhe veprimtarin e saj.","publisher":{"@id":"https:\/\/orthodoxalbania.org\/2020\/#organization"},"potentialAction":[{"@type":"SearchAction","target":{"@type":"EntryPoint","urlTemplate":"https:\/\/orthodoxalbania.org\/2020\/?s={search_term_string}"},"query-input":{"@type":"PropertyValueSpecification","valueRequired":true,"valueName":"search_term_string"}}],"inLanguage":"en-US"},{"@type":"Organization","@id":"https:\/\/orthodoxalbania.org\/2020\/#organization","name":"Kisha Orthodhokse Autoqefale e Shqip\u00ebris\u00eb","url":"https:\/\/orthodoxalbania.org\/2020\/","logo":{"@type":"ImageObject","inLanguage":"en-US","@id":"https:\/\/orthodoxalbania.org\/2020\/#\/schema\/logo\/image\/","url":"https:\/\/orthodoxalbania.org\/2020\/wp-content\/uploads\/2020\/05\/albania.jpeg","contentUrl":"https:\/\/orthodoxalbania.org\/2020\/wp-content\/uploads\/2020\/05\/albania.jpeg","width":540,"height":540,"caption":"Kisha Orthodhokse Autoqefale e Shqip\u00ebris\u00eb"},"image":{"@id":"https:\/\/orthodoxalbania.org\/2020\/#\/schema\/logo\/image\/"},"sameAs":["https:\/\/www.facebook.com\/koash1991"]},{"@type":"Person","@id":"https:\/\/orthodoxalbania.org\/2020\/#\/schema\/person\/df745f942b70e045b3dc05a30211f0de","name":"Kisha Orthodhokse","image":{"@type":"ImageObject","inLanguage":"en-US","@id":"https:\/\/secure.gravatar.com\/avatar\/2676eb8d97178435c9f691a7871595a1da6c33542dec218bce40885573150e28?s=96&d=mm&r=g","url":"https:\/\/secure.gravatar.com\/avatar\/2676eb8d97178435c9f691a7871595a1da6c33542dec218bce40885573150e28?s=96&d=mm&r=g","contentUrl":"https:\/\/secure.gravatar.com\/avatar\/2676eb8d97178435c9f691a7871595a1da6c33542dec218bce40885573150e28?s=96&d=mm&r=g","caption":"Kisha Orthodhokse"}}]}},"_links":{"self":[{"href":"https:\/\/orthodoxalbania.org\/2020\/wp-json\/wp\/v2\/posts\/1336","targetHints":{"allow":["GET"]}}],"collection":[{"href":"https:\/\/orthodoxalbania.org\/2020\/wp-json\/wp\/v2\/posts"}],"about":[{"href":"https:\/\/orthodoxalbania.org\/2020\/wp-json\/wp\/v2\/types\/post"}],"author":[{"embeddable":true,"href":"https:\/\/orthodoxalbania.org\/2020\/wp-json\/wp\/v2\/users\/7"}],"replies":[{"embeddable":true,"href":"https:\/\/orthodoxalbania.org\/2020\/wp-json\/wp\/v2\/comments?post=1336"}],"version-history":[{"count":1,"href":"https:\/\/orthodoxalbania.org\/2020\/wp-json\/wp\/v2\/posts\/1336\/revisions"}],"predecessor-version":[{"id":17711,"href":"https:\/\/orthodoxalbania.org\/2020\/wp-json\/wp\/v2\/posts\/1336\/revisions\/17711"}],"wp:attachment":[{"href":"https:\/\/orthodoxalbania.org\/2020\/wp-json\/wp\/v2\/media?parent=1336"}],"wp:term":[{"taxonomy":"category","embeddable":true,"href":"https:\/\/orthodoxalbania.org\/2020\/wp-json\/wp\/v2\/categories?post=1336"},{"taxonomy":"post_tag","embeddable":true,"href":"https:\/\/orthodoxalbania.org\/2020\/wp-json\/wp\/v2\/tags?post=1336"}],"curies":[{"name":"wp","href":"https:\/\/api.w.org\/{rel}","templated":true}]}}