{"id":1334,"date":"2008-02-26T00:00:23","date_gmt":"2008-02-26T00:00:23","guid":{"rendered":""},"modified":"2020-04-13T00:31:20","modified_gmt":"2020-04-12T22:31:20","slug":"the-daily-summer-camps-in-different-neighborhoods-of-tirana-2008","status":"publish","type":"post","link":"https:\/\/orthodoxalbania.org\/2020\/en\/2008\/02\/26\/the-daily-summer-camps-in-different-neighborhoods-of-tirana-2008\/","title":{"rendered":"The Daily Summer Camps in Different Neighborhoods of Tirana. (August 2008)"},"content":{"rendered":"<div style=\"text-align: justify;\"><span style=\"color: #000000;\"><span style=\"font-family: tahoma,geneva,sans-serif;\"><span style=\"font-size: 12px;\"><img decoding=\"async\" class=\"lazyload HAa Eha\" style=\"border-width: 1px; border-style: solid; margin: 10px; float: left;\" alt=\"\" src=\"data:image\/svg+xml,%3Csvg%20xmlns%3D%27http%3A%2F%2Fwww.w3.org%2F2000%2Fsvg%27%20width%3D%27228%27%20height%3D%27152%27%20viewBox%3D%270%200%20228%20152%27%3E%3Crect%20width%3D%27228%27%20height%3D%27152%27%20fill-opacity%3D%220%22%2F%3E%3C%2Fsvg%3E\" data-orig-src=\"https:\/\/lh4.googleusercontent.com\/-WS2f_K_GYo8\/VJFuLCocywI\/AAAAAAAAIH8\/DkJ4KEQXGtU\/w448-h298-no\/1.JPG\" height=\"152\" width=\"228\" \/>&nbsp;&nbsp;&nbsp; During the summer months of July, August and September, 2008, the National Children\u2019s Office of the Orthodox Autocephalous Church of Albania organized daily camps for children 6 \u2013 12 years old in eight (8) different neighborhoods of Tirana. These camps were offered mostly in neighborhoods where the children come from disadvantages families and where the possibilities of holding such activities during the year are few.<\/span><\/span><\/span><\/div>\n<div style=\"text-align: justify;\"> <span style=\"color: #000000;\"><span style=\"font-family: tahoma,geneva,sans-serif;\"><span style=\"font-size: 12px;\"><img decoding=\"async\" class=\"lazyload HAa Eha\" style=\"border-width: 1px; border-style: solid; margin: 10px; float: right;\" alt=\"\" src=\"data:image\/svg+xml,%3Csvg%20xmlns%3D%27http%3A%2F%2Fwww.w3.org%2F2000%2Fsvg%27%20width%3D%27204%27%20height%3D%27136%27%20viewBox%3D%270%200%20204%20136%27%3E%3Crect%20width%3D%27204%27%20height%3D%27136%27%20fill-opacity%3D%220%22%2F%3E%3C%2Fsvg%3E\" data-orig-src=\"https:\/\/lh6.googleusercontent.com\/-F6A-Nc3ejTI\/VJFuLDlKNrI\/AAAAAAAAIIA\/3CRS-UHM9EY\/w448-h298-no\/2.JPG\" height=\"136\" width=\"204\" \/>&nbsp;&nbsp;&nbsp; The theme of these camps was \u201cGod Created Me with Love.\u201d&nbsp; The camp program was composed of small group discussions in which the children learned about the great love that God has for each of us, and for the love and respect that we should show to one another.<\/p>\n<p> &nbsp;&nbsp;&nbsp; Games, songs, and arts and crafts projects related with the theme of the camp were also part of this program.&nbsp; During the small group discussions, the children had an opportunity to participate and receive instruction, not only verbally, but also visually. The neighborhoods, where these camps were organized, were in Selit\u00eb, Porcelan, Kodra e Priftit, Rrugica e \u00c7am\u00ebve. Komuna e Parisit, Allijas, Laprak\u00eb and Uzina Dinamo. Approximately 350 children participated.<\/span><\/span><\/span><\/div>\n<div style=\"text-align: justify;\">&nbsp;<\/div>\n<div style=\"text-align: justify;\"><span style=\"color: #000000;\"><span style=\"font-family: tahoma,geneva,sans-serif;\"><span style=\"font-size: 12px;\">&nbsp;&nbsp;&nbsp; The number of these neighborhood camps increase every year, because children receive both education and are entertained.<br \/> &nbsp;&nbsp;&nbsp;<\/p>\n<p> <img decoding=\"async\" class=\"lazyload HAa Eha\" style=\"border-width: 1px; border-style: solid; margin: 10px; float: left;\" alt=\"\" src=\"data:image\/svg+xml,%3Csvg%20xmlns%3D%27http%3A%2F%2Fwww.w3.org%2F2000%2Fsvg%27%20width%3D%27147%27%20height%3D%27177%27%20viewBox%3D%270%200%20147%20177%27%3E%3Crect%20width%3D%27147%27%20height%3D%27177%27%20fill-opacity%3D%220%22%2F%3E%3C%2Fsvg%3E\" data-orig-src=\"https:\/\/lh5.googleusercontent.com\/-Pe_9sO3f9rQ\/VJFuLBV2CZI\/AAAAAAAAIH4\/WhedWNpfC5w\/w298-h399-no\/3.JPG\" height=\"177\" width=\"147\" \/>&nbsp;&nbsp;&nbsp; Now, it has become a tradition that on the last day of the camp that the children organize a mini-festival for their parents, and they perform songs, poems and stories which express all the lessons that they have learned during the camp.<\/span><\/span><\/span><br \/> &nbsp;<\/div>\n<div style=\"text-align: justify;\"><span style=\"color: #000000;\"><span style=\"font-family: tahoma,geneva,sans-serif;\"><span style=\"font-size: 12px;\">&nbsp;&nbsp;&nbsp; These camps have been very beneficial because they provide entertainment and educational opportunities for the children, and are conducted by the well trained and prepared staff of the National Children\u2019s Office. Another reason why the neighborhood summer camps are so beneficial is because they offer an opportunity for the children and their parents to share a very happy experience together.&nbsp; Each morning when the parents brought their children to the camps, many of them expressed to the staff members very positive opinions about the program and its values.<\/span><\/span><\/span><br \/> &nbsp;<\/div>\n<div style=\"text-align: right;\"> <span style=\"color: #000000;\"><span style=\"font-family: tahoma,geneva,sans-serif;\"><span style=\"font-size: 12px;\">&nbsp;<br \/> <strong>&nbsp;&nbsp;&nbsp; Prepared and translated by Ana K\u00ebr\u00e7yku<br \/> &nbsp;&nbsp;&nbsp; Edited by Anastasia Pamela Barksdale<\/strong><\/p>\n<p> &nbsp;&nbsp;&nbsp;&nbsp; <\/span><\/span><\/span><\/div>\n","protected":false},"excerpt":{"rendered":"<p>&nbsp;&nbsp;&nbsp; During the summer months of July, August and September, 2008, the National Children\u2019s Office of the Orthodox Autocephalous Church of Albania organized daily camps for children 6 \u2013 12 years old in eight (8) different neighborhoods of Tirana. These camps were offered mostly in neighborhoods where the children come from disadvantages families and where the possibilities of holding such activities during the year are<\/p>\n","protected":false},"author":7,"featured_media":0,"comment_status":"open","ping_status":"open","sticky":false,"template":"","format":"standard","meta":{"_acf_changed":false,"pagelayer_contact_templates":[],"_pagelayer_content":"","inline_featured_image":false,"fifu_image_url":"","fifu_image_alt":"","footnotes":""},"categories":[1455,311],"tags":[1121,1788],"class_list":["post-1334","post","type-post","status-publish","format-standard","hentry","category-news-en","category-news-d25","tag-2008-en","tag-kampe-verore-en"],"acf":[],"yoast_head":"<!-- This site is optimized with the Yoast SEO plugin v27.2 - https:\/\/yoast.com\/product\/yoast-seo-wordpress\/ -->\n<title>The Daily Summer Camps in Different Neighborhoods of Tirana. (August 2008) - Kisha Orthodh\u03bfkse Autoqefale e Shqip\u00ebris\u00eb<\/title>\n<meta name=\"robots\" content=\"index, follow, max-snippet:-1, max-image-preview:large, max-video-preview:-1\" \/>\n<link rel=\"canonical\" href=\"https:\/\/orthodoxalbania.org\/2020\/en\/2008\/02\/26\/the-daily-summer-camps-in-different-neighborhoods-of-tirana-2008\/\" \/>\n<meta property=\"og:locale\" content=\"en_US\" \/>\n<meta property=\"og:type\" content=\"article\" \/>\n<meta property=\"og:title\" content=\"The Daily Summer Camps in Different Neighborhoods of Tirana. (August 2008) - Kisha Orthodh\u03bfkse Autoqefale e Shqip\u00ebris\u00eb\" \/>\n<meta property=\"og:description\" content=\"&nbsp;&nbsp;&nbsp; During the summer months of July, August and September, 2008, the National Children\u2019s Office of the Orthodox Autocephalous Church of Albania organized daily camps for children 6 \u2013 12 years old in eight (8) different neighborhoods of Tirana. These camps were offered mostly in neighborhoods where the children come from disadvantages families and where the possibilities of holding such activities during the year are\" \/>\n<meta property=\"og:url\" content=\"https:\/\/orthodoxalbania.org\/2020\/en\/2008\/02\/26\/the-daily-summer-camps-in-different-neighborhoods-of-tirana-2008\/\" \/>\n<meta property=\"og:site_name\" content=\"Kisha Orthodh\u03bfkse Autoqefale e Shqip\u00ebris\u00eb\" \/>\n<meta property=\"article:publisher\" content=\"https:\/\/www.facebook.com\/koash1991\" \/>\n<meta property=\"article:published_time\" content=\"2008-02-26T00:00:23+00:00\" \/>\n<meta property=\"article:modified_time\" content=\"2020-04-12T22:31:20+00:00\" \/>\n<meta property=\"og:image\" content=\"https:\/\/lh4.googleusercontent.com\/-WS2f_K_GYo8\/VJFuLCocywI\/AAAAAAAAIH8\/DkJ4KEQXGtU\/w448-h298-no\/1.JPG\" \/>\n<meta name=\"author\" content=\"Kisha Orthodhokse\" \/>\n<meta name=\"twitter:card\" content=\"summary_large_image\" \/>\n<meta name=\"twitter:label1\" content=\"Written by\" \/>\n\t<meta name=\"twitter:data1\" content=\"Kisha Orthodhokse\" \/>\n\t<meta name=\"twitter:label2\" content=\"Est. reading time\" \/>\n\t<meta name=\"twitter:data2\" content=\"2 minutes\" \/>\n<script type=\"application\/ld+json\" class=\"yoast-schema-graph\">{\"@context\":\"https:\/\/schema.org\",\"@graph\":[{\"@type\":\"Article\",\"@id\":\"https:\/\/orthodoxalbania.org\/2020\/en\/2008\/02\/26\/the-daily-summer-camps-in-different-neighborhoods-of-tirana-2008\/#article\",\"isPartOf\":{\"@id\":\"https:\/\/orthodoxalbania.org\/2020\/en\/2008\/02\/26\/the-daily-summer-camps-in-different-neighborhoods-of-tirana-2008\/\"},\"author\":{\"name\":\"Kisha Orthodhokse\",\"@id\":\"https:\/\/orthodoxalbania.org\/2020\/#\/schema\/person\/df745f942b70e045b3dc05a30211f0de\"},\"headline\":\"The Daily Summer Camps in Different Neighborhoods of Tirana. (August 2008)\",\"datePublished\":\"2008-02-26T00:00:23+00:00\",\"dateModified\":\"2020-04-12T22:31:20+00:00\",\"mainEntityOfPage\":{\"@id\":\"https:\/\/orthodoxalbania.org\/2020\/en\/2008\/02\/26\/the-daily-summer-camps-in-different-neighborhoods-of-tirana-2008\/\"},\"wordCount\":389,\"commentCount\":0,\"publisher\":{\"@id\":\"https:\/\/orthodoxalbania.org\/2020\/#organization\"},\"image\":{\"@id\":\"https:\/\/orthodoxalbania.org\/2020\/en\/2008\/02\/26\/the-daily-summer-camps-in-different-neighborhoods-of-tirana-2008\/#primaryimage\"},\"thumbnailUrl\":\"https:\/\/lh4.googleusercontent.com\/-WS2f_K_GYo8\/VJFuLCocywI\/AAAAAAAAIH8\/DkJ4KEQXGtU\/w448-h298-no\/1.JPG\",\"keywords\":[\"2008\",\"Kampe verore\"],\"articleSection\":[\"News - \u0395\u039d\",\"News old page\"],\"inLanguage\":\"en-US\"},{\"@type\":\"WebPage\",\"@id\":\"https:\/\/orthodoxalbania.org\/2020\/en\/2008\/02\/26\/the-daily-summer-camps-in-different-neighborhoods-of-tirana-2008\/\",\"url\":\"https:\/\/orthodoxalbania.org\/2020\/en\/2008\/02\/26\/the-daily-summer-camps-in-different-neighborhoods-of-tirana-2008\/\",\"name\":\"The Daily Summer Camps in Different Neighborhoods of Tirana. (August 2008) - Kisha Orthodh\u03bfkse Autoqefale e Shqip\u00ebris\u00eb\",\"isPartOf\":{\"@id\":\"https:\/\/orthodoxalbania.org\/2020\/#website\"},\"primaryImageOfPage\":{\"@id\":\"https:\/\/orthodoxalbania.org\/2020\/en\/2008\/02\/26\/the-daily-summer-camps-in-different-neighborhoods-of-tirana-2008\/#primaryimage\"},\"image\":{\"@id\":\"https:\/\/orthodoxalbania.org\/2020\/en\/2008\/02\/26\/the-daily-summer-camps-in-different-neighborhoods-of-tirana-2008\/#primaryimage\"},\"thumbnailUrl\":\"https:\/\/lh4.googleusercontent.com\/-WS2f_K_GYo8\/VJFuLCocywI\/AAAAAAAAIH8\/DkJ4KEQXGtU\/w448-h298-no\/1.JPG\",\"datePublished\":\"2008-02-26T00:00:23+00:00\",\"dateModified\":\"2020-04-12T22:31:20+00:00\",\"breadcrumb\":{\"@id\":\"https:\/\/orthodoxalbania.org\/2020\/en\/2008\/02\/26\/the-daily-summer-camps-in-different-neighborhoods-of-tirana-2008\/#breadcrumb\"},\"inLanguage\":\"en-US\",\"potentialAction\":[{\"@type\":\"ReadAction\",\"target\":[\"https:\/\/orthodoxalbania.org\/2020\/en\/2008\/02\/26\/the-daily-summer-camps-in-different-neighborhoods-of-tirana-2008\/\"]}]},{\"@type\":\"ImageObject\",\"inLanguage\":\"en-US\",\"@id\":\"https:\/\/orthodoxalbania.org\/2020\/en\/2008\/02\/26\/the-daily-summer-camps-in-different-neighborhoods-of-tirana-2008\/#primaryimage\",\"url\":\"https:\/\/lh4.googleusercontent.com\/-WS2f_K_GYo8\/VJFuLCocywI\/AAAAAAAAIH8\/DkJ4KEQXGtU\/w448-h298-no\/1.JPG\",\"contentUrl\":\"https:\/\/lh4.googleusercontent.com\/-WS2f_K_GYo8\/VJFuLCocywI\/AAAAAAAAIH8\/DkJ4KEQXGtU\/w448-h298-no\/1.JPG\"},{\"@type\":\"BreadcrumbList\",\"@id\":\"https:\/\/orthodoxalbania.org\/2020\/en\/2008\/02\/26\/the-daily-summer-camps-in-different-neighborhoods-of-tirana-2008\/#breadcrumb\",\"itemListElement\":[{\"@type\":\"ListItem\",\"position\":1,\"name\":\"Home\",\"item\":\"https:\/\/orthodoxalbania.org\/2020\/\"},{\"@type\":\"ListItem\",\"position\":2,\"name\":\"The Daily Summer Camps in Different Neighborhoods of Tirana. (August 2008)\"}]},{\"@type\":\"WebSite\",\"@id\":\"https:\/\/orthodoxalbania.org\/2020\/#website\",\"url\":\"https:\/\/orthodoxalbania.org\/2020\/\",\"name\":\"Kisha Orthodh\u03bfkse Autoqefale e Shqip\u00ebris\u00eb\",\"description\":\"Fqja Zyrtare e Kish\u00ebs Orthodhokse Autoqefale e Shqip\u00ebris\u00eb me lajmet edhe informacionet zyrtare p\u00ebr struktur\u00ebn edhe veprimtarin e saj.\",\"publisher\":{\"@id\":\"https:\/\/orthodoxalbania.org\/2020\/#organization\"},\"potentialAction\":[{\"@type\":\"SearchAction\",\"target\":{\"@type\":\"EntryPoint\",\"urlTemplate\":\"https:\/\/orthodoxalbania.org\/2020\/?s={search_term_string}\"},\"query-input\":{\"@type\":\"PropertyValueSpecification\",\"valueRequired\":true,\"valueName\":\"search_term_string\"}}],\"inLanguage\":\"en-US\"},{\"@type\":\"Organization\",\"@id\":\"https:\/\/orthodoxalbania.org\/2020\/#organization\",\"name\":\"Kisha Orthodhokse Autoqefale e Shqip\u00ebris\u00eb\",\"url\":\"https:\/\/orthodoxalbania.org\/2020\/\",\"logo\":{\"@type\":\"ImageObject\",\"inLanguage\":\"en-US\",\"@id\":\"https:\/\/orthodoxalbania.org\/2020\/#\/schema\/logo\/image\/\",\"url\":\"https:\/\/orthodoxalbania.org\/2020\/wp-content\/uploads\/2020\/05\/albania.jpeg\",\"contentUrl\":\"https:\/\/orthodoxalbania.org\/2020\/wp-content\/uploads\/2020\/05\/albania.jpeg\",\"width\":540,\"height\":540,\"caption\":\"Kisha Orthodhokse Autoqefale e Shqip\u00ebris\u00eb\"},\"image\":{\"@id\":\"https:\/\/orthodoxalbania.org\/2020\/#\/schema\/logo\/image\/\"},\"sameAs\":[\"https:\/\/www.facebook.com\/koash1991\"]},{\"@type\":\"Person\",\"@id\":\"https:\/\/orthodoxalbania.org\/2020\/#\/schema\/person\/df745f942b70e045b3dc05a30211f0de\",\"name\":\"Kisha Orthodhokse\",\"image\":{\"@type\":\"ImageObject\",\"inLanguage\":\"en-US\",\"@id\":\"https:\/\/secure.gravatar.com\/avatar\/2676eb8d97178435c9f691a7871595a1da6c33542dec218bce40885573150e28?s=96&d=mm&r=g\",\"url\":\"https:\/\/secure.gravatar.com\/avatar\/2676eb8d97178435c9f691a7871595a1da6c33542dec218bce40885573150e28?s=96&d=mm&r=g\",\"contentUrl\":\"https:\/\/secure.gravatar.com\/avatar\/2676eb8d97178435c9f691a7871595a1da6c33542dec218bce40885573150e28?s=96&d=mm&r=g\",\"caption\":\"Kisha Orthodhokse\"}}]}<\/script>\n<!-- \/ Yoast SEO plugin. -->","yoast_head_json":{"title":"The Daily Summer Camps in Different Neighborhoods of Tirana. (August 2008) - Kisha Orthodh\u03bfkse Autoqefale e Shqip\u00ebris\u00eb","robots":{"index":"index","follow":"follow","max-snippet":"max-snippet:-1","max-image-preview":"max-image-preview:large","max-video-preview":"max-video-preview:-1"},"canonical":"https:\/\/orthodoxalbania.org\/2020\/en\/2008\/02\/26\/the-daily-summer-camps-in-different-neighborhoods-of-tirana-2008\/","og_locale":"en_US","og_type":"article","og_title":"The Daily Summer Camps in Different Neighborhoods of Tirana. (August 2008) - Kisha Orthodh\u03bfkse Autoqefale e Shqip\u00ebris\u00eb","og_description":"&nbsp;&nbsp;&nbsp; During the summer months of July, August and September, 2008, the National Children\u2019s Office of the Orthodox Autocephalous Church of Albania organized daily camps for children 6 \u2013 12 years old in eight (8) different neighborhoods of Tirana. These camps were offered mostly in neighborhoods where the children come from disadvantages families and where the possibilities of holding such activities during the year are","og_url":"https:\/\/orthodoxalbania.org\/2020\/en\/2008\/02\/26\/the-daily-summer-camps-in-different-neighborhoods-of-tirana-2008\/","og_site_name":"Kisha Orthodh\u03bfkse Autoqefale e Shqip\u00ebris\u00eb","article_publisher":"https:\/\/www.facebook.com\/koash1991","article_published_time":"2008-02-26T00:00:23+00:00","article_modified_time":"2020-04-12T22:31:20+00:00","og_image":[{"url":"https:\/\/lh4.googleusercontent.com\/-WS2f_K_GYo8\/VJFuLCocywI\/AAAAAAAAIH8\/DkJ4KEQXGtU\/w448-h298-no\/1.JPG","type":"","width":"","height":""}],"author":"Kisha Orthodhokse","twitter_card":"summary_large_image","twitter_misc":{"Written by":"Kisha Orthodhokse","Est. reading time":"2 minutes"},"schema":{"@context":"https:\/\/schema.org","@graph":[{"@type":"Article","@id":"https:\/\/orthodoxalbania.org\/2020\/en\/2008\/02\/26\/the-daily-summer-camps-in-different-neighborhoods-of-tirana-2008\/#article","isPartOf":{"@id":"https:\/\/orthodoxalbania.org\/2020\/en\/2008\/02\/26\/the-daily-summer-camps-in-different-neighborhoods-of-tirana-2008\/"},"author":{"name":"Kisha Orthodhokse","@id":"https:\/\/orthodoxalbania.org\/2020\/#\/schema\/person\/df745f942b70e045b3dc05a30211f0de"},"headline":"The Daily Summer Camps in Different Neighborhoods of Tirana. (August 2008)","datePublished":"2008-02-26T00:00:23+00:00","dateModified":"2020-04-12T22:31:20+00:00","mainEntityOfPage":{"@id":"https:\/\/orthodoxalbania.org\/2020\/en\/2008\/02\/26\/the-daily-summer-camps-in-different-neighborhoods-of-tirana-2008\/"},"wordCount":389,"commentCount":0,"publisher":{"@id":"https:\/\/orthodoxalbania.org\/2020\/#organization"},"image":{"@id":"https:\/\/orthodoxalbania.org\/2020\/en\/2008\/02\/26\/the-daily-summer-camps-in-different-neighborhoods-of-tirana-2008\/#primaryimage"},"thumbnailUrl":"https:\/\/lh4.googleusercontent.com\/-WS2f_K_GYo8\/VJFuLCocywI\/AAAAAAAAIH8\/DkJ4KEQXGtU\/w448-h298-no\/1.JPG","keywords":["2008","Kampe verore"],"articleSection":["News - \u0395\u039d","News old page"],"inLanguage":"en-US"},{"@type":"WebPage","@id":"https:\/\/orthodoxalbania.org\/2020\/en\/2008\/02\/26\/the-daily-summer-camps-in-different-neighborhoods-of-tirana-2008\/","url":"https:\/\/orthodoxalbania.org\/2020\/en\/2008\/02\/26\/the-daily-summer-camps-in-different-neighborhoods-of-tirana-2008\/","name":"The Daily Summer Camps in Different Neighborhoods of Tirana. (August 2008) - Kisha Orthodh\u03bfkse Autoqefale e Shqip\u00ebris\u00eb","isPartOf":{"@id":"https:\/\/orthodoxalbania.org\/2020\/#website"},"primaryImageOfPage":{"@id":"https:\/\/orthodoxalbania.org\/2020\/en\/2008\/02\/26\/the-daily-summer-camps-in-different-neighborhoods-of-tirana-2008\/#primaryimage"},"image":{"@id":"https:\/\/orthodoxalbania.org\/2020\/en\/2008\/02\/26\/the-daily-summer-camps-in-different-neighborhoods-of-tirana-2008\/#primaryimage"},"thumbnailUrl":"https:\/\/lh4.googleusercontent.com\/-WS2f_K_GYo8\/VJFuLCocywI\/AAAAAAAAIH8\/DkJ4KEQXGtU\/w448-h298-no\/1.JPG","datePublished":"2008-02-26T00:00:23+00:00","dateModified":"2020-04-12T22:31:20+00:00","breadcrumb":{"@id":"https:\/\/orthodoxalbania.org\/2020\/en\/2008\/02\/26\/the-daily-summer-camps-in-different-neighborhoods-of-tirana-2008\/#breadcrumb"},"inLanguage":"en-US","potentialAction":[{"@type":"ReadAction","target":["https:\/\/orthodoxalbania.org\/2020\/en\/2008\/02\/26\/the-daily-summer-camps-in-different-neighborhoods-of-tirana-2008\/"]}]},{"@type":"ImageObject","inLanguage":"en-US","@id":"https:\/\/orthodoxalbania.org\/2020\/en\/2008\/02\/26\/the-daily-summer-camps-in-different-neighborhoods-of-tirana-2008\/#primaryimage","url":"https:\/\/lh4.googleusercontent.com\/-WS2f_K_GYo8\/VJFuLCocywI\/AAAAAAAAIH8\/DkJ4KEQXGtU\/w448-h298-no\/1.JPG","contentUrl":"https:\/\/lh4.googleusercontent.com\/-WS2f_K_GYo8\/VJFuLCocywI\/AAAAAAAAIH8\/DkJ4KEQXGtU\/w448-h298-no\/1.JPG"},{"@type":"BreadcrumbList","@id":"https:\/\/orthodoxalbania.org\/2020\/en\/2008\/02\/26\/the-daily-summer-camps-in-different-neighborhoods-of-tirana-2008\/#breadcrumb","itemListElement":[{"@type":"ListItem","position":1,"name":"Home","item":"https:\/\/orthodoxalbania.org\/2020\/"},{"@type":"ListItem","position":2,"name":"The Daily Summer Camps in Different Neighborhoods of Tirana. (August 2008)"}]},{"@type":"WebSite","@id":"https:\/\/orthodoxalbania.org\/2020\/#website","url":"https:\/\/orthodoxalbania.org\/2020\/","name":"Kisha Orthodh\u03bfkse Autoqefale e Shqip\u00ebris\u00eb","description":"Fqja Zyrtare e Kish\u00ebs Orthodhokse Autoqefale e Shqip\u00ebris\u00eb me lajmet edhe informacionet zyrtare p\u00ebr struktur\u00ebn edhe veprimtarin e saj.","publisher":{"@id":"https:\/\/orthodoxalbania.org\/2020\/#organization"},"potentialAction":[{"@type":"SearchAction","target":{"@type":"EntryPoint","urlTemplate":"https:\/\/orthodoxalbania.org\/2020\/?s={search_term_string}"},"query-input":{"@type":"PropertyValueSpecification","valueRequired":true,"valueName":"search_term_string"}}],"inLanguage":"en-US"},{"@type":"Organization","@id":"https:\/\/orthodoxalbania.org\/2020\/#organization","name":"Kisha Orthodhokse Autoqefale e Shqip\u00ebris\u00eb","url":"https:\/\/orthodoxalbania.org\/2020\/","logo":{"@type":"ImageObject","inLanguage":"en-US","@id":"https:\/\/orthodoxalbania.org\/2020\/#\/schema\/logo\/image\/","url":"https:\/\/orthodoxalbania.org\/2020\/wp-content\/uploads\/2020\/05\/albania.jpeg","contentUrl":"https:\/\/orthodoxalbania.org\/2020\/wp-content\/uploads\/2020\/05\/albania.jpeg","width":540,"height":540,"caption":"Kisha Orthodhokse Autoqefale e Shqip\u00ebris\u00eb"},"image":{"@id":"https:\/\/orthodoxalbania.org\/2020\/#\/schema\/logo\/image\/"},"sameAs":["https:\/\/www.facebook.com\/koash1991"]},{"@type":"Person","@id":"https:\/\/orthodoxalbania.org\/2020\/#\/schema\/person\/df745f942b70e045b3dc05a30211f0de","name":"Kisha Orthodhokse","image":{"@type":"ImageObject","inLanguage":"en-US","@id":"https:\/\/secure.gravatar.com\/avatar\/2676eb8d97178435c9f691a7871595a1da6c33542dec218bce40885573150e28?s=96&d=mm&r=g","url":"https:\/\/secure.gravatar.com\/avatar\/2676eb8d97178435c9f691a7871595a1da6c33542dec218bce40885573150e28?s=96&d=mm&r=g","contentUrl":"https:\/\/secure.gravatar.com\/avatar\/2676eb8d97178435c9f691a7871595a1da6c33542dec218bce40885573150e28?s=96&d=mm&r=g","caption":"Kisha Orthodhokse"}}]}},"_links":{"self":[{"href":"https:\/\/orthodoxalbania.org\/2020\/wp-json\/wp\/v2\/posts\/1334","targetHints":{"allow":["GET"]}}],"collection":[{"href":"https:\/\/orthodoxalbania.org\/2020\/wp-json\/wp\/v2\/posts"}],"about":[{"href":"https:\/\/orthodoxalbania.org\/2020\/wp-json\/wp\/v2\/types\/post"}],"author":[{"embeddable":true,"href":"https:\/\/orthodoxalbania.org\/2020\/wp-json\/wp\/v2\/users\/7"}],"replies":[{"embeddable":true,"href":"https:\/\/orthodoxalbania.org\/2020\/wp-json\/wp\/v2\/comments?post=1334"}],"version-history":[{"count":1,"href":"https:\/\/orthodoxalbania.org\/2020\/wp-json\/wp\/v2\/posts\/1334\/revisions"}],"predecessor-version":[{"id":17991,"href":"https:\/\/orthodoxalbania.org\/2020\/wp-json\/wp\/v2\/posts\/1334\/revisions\/17991"}],"wp:attachment":[{"href":"https:\/\/orthodoxalbania.org\/2020\/wp-json\/wp\/v2\/media?parent=1334"}],"wp:term":[{"taxonomy":"category","embeddable":true,"href":"https:\/\/orthodoxalbania.org\/2020\/wp-json\/wp\/v2\/categories?post=1334"},{"taxonomy":"post_tag","embeddable":true,"href":"https:\/\/orthodoxalbania.org\/2020\/wp-json\/wp\/v2\/tags?post=1334"}],"curies":[{"name":"wp","href":"https:\/\/api.w.org\/{rel}","templated":true}]}}