{"id":1333,"date":"2013-03-22T10:40:29","date_gmt":"2013-03-22T10:40:29","guid":{"rendered":""},"modified":"2020-04-13T00:30:51","modified_gmt":"2020-04-12T22:30:51","slug":"the-cross-in-the-fikas-village-of-elbasan-is-damaged","status":"publish","type":"post","link":"https:\/\/orthodoxalbania.org\/2020\/en\/2013\/03\/22\/the-cross-in-the-fikas-village-of-elbasan-is-damaged\/","title":{"rendered":"The Cross in the Fikas Village of Elbasan is damaged. (13 February 2013)"},"content":{"rendered":"<div style=\"text-align: justify;\"><span style=\"color: #000000;\"><span style=\"font-family: tahoma,geneva,sans-serif;\"><span style=\"font-size: 12px;\"><img class=\"lazyload\" decoding=\"async\" style=\"width: 300px; height: 150px; border-width: 1px; border-style: solid; margin: 10px; float: left;\" alt=\"\" src=\"data:image\/gif;base64,R0lGODlhAQABAAAAACH5BAEKAAEALAAAAAABAAEAAAICTAEAOw==\" data-orig-src=\"https:\/\/lh6.googleusercontent.com\/-xyQr3OiKzsI\/URt7VCUOD-I\/AAAAAAAAB-E\/_OSyG2xE5wU\/s640\/miks.jpg\" \/>&nbsp;&nbsp;&nbsp; As the Orthodox Clergy and believers of Elbasan we are following with much concern and are shocked by the ongoing pressure that is being exercised on our Orthodox community, and we cannot remain silent in the face of this situation, which is continuing to deteriorate.<\/span><\/span><\/span><\/div>\n<div style=\"text-align: justify;\"> <span style=\"color: #000000;\"><span style=\"font-family: tahoma,geneva,sans-serif;\"><span style=\"font-size: 12px;\">&nbsp;&nbsp;&nbsp; After the damage to the Onufri frescoes in the Church of St. Premte, in Valsh of Elbasan a month ago, which has remained unsolved until now, another attack has been made on an Orthodox symbol, the Cross in the Fikas village of the Elbasan. More specifically, on February 12, 2013, residents of the area, as well as casual passersby found the Cross intentional damaged. It stands in a holy place where a church had once stood.<\/span><\/span><\/span><\/div>\n<div style=\"text-align: justify;\"> <span style=\"color: #000000;\"><span style=\"font-family: tahoma,geneva,sans-serif;\"><span style=\"font-size: 12px;\">&nbsp;&nbsp;&nbsp; Facing these attacks and barbaric acts we feel increasingly threatened and hurt, in our feelings and our faith. Symbols and religious objects, as an expression of religious freedom and mutual respect, must have the respect and protection of everyone, without distinction. Religious harmony is expressed precisely in these values and we, as the people of this country, have known very well to protect these values, and must strive constantly not to allow them to be affected in the future.<\/span><\/span><\/span><\/div>\n<div style=\"text-align: justify;\"> <span style=\"color: #000000;\"><span style=\"font-family: tahoma,geneva,sans-serif;\"><span style=\"font-size: 12px;\">&nbsp;&nbsp;&nbsp; Finally, we ask the law enforcement and state agencies to show attention and efficacy in the detection and prevention of such acts, halting the evil destructive hands and minds.<\/span><\/span><\/span><br \/> &nbsp;<\/div>\n<div style=\"text-align: right;\"> <span style=\"color: #000000;\"><span style=\"font-family: tahoma,geneva,sans-serif;\"><span style=\"font-size: 12px;\"><strong>Orthodox Clergy and believers of Elbasan<br \/> February 13, 2013<\/strong><\/span><\/span><\/span><\/div>\n<div style=\"text-align: justify;\">&nbsp;<\/div>\n<div style=\"text-align: justify;\"><span style=\"color: #000000;\"><span style=\"font-family: tahoma,geneva,sans-serif;\"><span style=\"font-size: 12px;\"><img class=\"lazyload\" decoding=\"async\" style=\"width: 600px; height: 288px; border-width: 1px; border-style: solid; margin: 10px; float: left;\" alt=\"\" src=\"data:image\/gif;base64,R0lGODlhAQABAAAAACH5BAEKAAEALAAAAAABAAEAAAICTAEAOw==\" data-orig-src=\"https:\/\/lh6.googleusercontent.com\/-xyQr3OiKzsI\/URt7VCUOD-I\/AAAAAAAAB-E\/_OSyG2xE5wU\/s640\/miks.jpg\" \/><br \/> <img class=\"lazyload\" decoding=\"async\" style=\"width: 600px; height: 450px; border-width: 1px; border-style: solid; margin: 10px; float: left;\" alt=\"\" src=\"data:image\/gif;base64,R0lGODlhAQABAAAAACH5BAEKAAEALAAAAAABAAEAAAICTAEAOw==\" data-orig-src=\"https:\/\/lh6.googleusercontent.com\/-ke-Sd5qhXgU\/URt7aMtiP5I\/AAAAAAAAB-M\/Fi-jumUsU9o\/s640\/529411_2836995419841_28919773_n.jpg\" \/><\/span><\/span><\/span><\/p>\n<p> &nbsp;<\/p><\/div>\n","protected":false},"excerpt":{"rendered":"<p>&nbsp;&nbsp;&nbsp; As the Orthodox Clergy and believers of Elbasan we are following with much concern and are shocked by the ongoing pressure that is being exercised on our Orthodox community, and we cannot remain silent in the face of this situation, which is continuing to deteriorate. &nbsp;&nbsp;&nbsp; After the damage to the Onufri frescoes in the Church of St. Premte, in Valsh of Elbasan a<\/p>\n","protected":false},"author":7,"featured_media":0,"comment_status":"open","ping_status":"open","sticky":false,"template":"","format":"standard","meta":{"_acf_changed":false,"pagelayer_contact_templates":[],"_pagelayer_content":"","inline_featured_image":false,"fifu_image_url":"","fifu_image_alt":"","footnotes":""},"categories":[1455,311],"tags":[1141,1233],"class_list":["post-1333","post","type-post","status-publish","format-standard","hentry","category-news-en","category-news-d25","tag-2013-en","tag-declarations-official-announcements"],"acf":[],"yoast_head":"<!-- This site is optimized with the Yoast SEO plugin v27.2 - https:\/\/yoast.com\/product\/yoast-seo-wordpress\/ -->\n<title>The Cross in the Fikas Village of Elbasan is damaged. (13 February 2013) - Kisha Orthodh\u03bfkse Autoqefale e Shqip\u00ebris\u00eb<\/title>\n<meta name=\"robots\" content=\"index, follow, max-snippet:-1, max-image-preview:large, max-video-preview:-1\" \/>\n<link rel=\"canonical\" href=\"https:\/\/orthodoxalbania.org\/2020\/en\/2013\/03\/22\/the-cross-in-the-fikas-village-of-elbasan-is-damaged\/\" \/>\n<meta property=\"og:locale\" content=\"en_US\" \/>\n<meta property=\"og:type\" content=\"article\" \/>\n<meta property=\"og:title\" content=\"The Cross in the Fikas Village of Elbasan is damaged. (13 February 2013) - Kisha Orthodh\u03bfkse Autoqefale e Shqip\u00ebris\u00eb\" \/>\n<meta property=\"og:description\" content=\"&nbsp;&nbsp;&nbsp; As the Orthodox Clergy and believers of Elbasan we are following with much concern and are shocked by the ongoing pressure that is being exercised on our Orthodox community, and we cannot remain silent in the face of this situation, which is continuing to deteriorate. &nbsp;&nbsp;&nbsp; After the damage to the Onufri frescoes in the Church of St. Premte, in Valsh of Elbasan a\" \/>\n<meta property=\"og:url\" content=\"https:\/\/orthodoxalbania.org\/2020\/en\/2013\/03\/22\/the-cross-in-the-fikas-village-of-elbasan-is-damaged\/\" \/>\n<meta property=\"og:site_name\" content=\"Kisha Orthodh\u03bfkse Autoqefale e Shqip\u00ebris\u00eb\" \/>\n<meta property=\"article:publisher\" content=\"https:\/\/www.facebook.com\/koash1991\" \/>\n<meta property=\"article:published_time\" content=\"2013-03-22T10:40:29+00:00\" \/>\n<meta property=\"article:modified_time\" content=\"2020-04-12T22:30:51+00:00\" \/>\n<meta property=\"og:image\" content=\"https:\/\/lh6.googleusercontent.com\/-xyQr3OiKzsI\/URt7VCUOD-I\/AAAAAAAAB-E\/_OSyG2xE5wU\/s640\/miks.jpg\" \/>\n<meta name=\"author\" content=\"Kisha Orthodhokse\" \/>\n<meta name=\"twitter:card\" content=\"summary_large_image\" \/>\n<meta name=\"twitter:label1\" content=\"Written by\" \/>\n\t<meta name=\"twitter:data1\" content=\"Kisha Orthodhokse\" \/>\n\t<meta name=\"twitter:label2\" content=\"Est. reading time\" \/>\n\t<meta name=\"twitter:data2\" content=\"1 minute\" \/>\n<script type=\"application\/ld+json\" class=\"yoast-schema-graph\">{\"@context\":\"https:\/\/schema.org\",\"@graph\":[{\"@type\":\"Article\",\"@id\":\"https:\/\/orthodoxalbania.org\/2020\/en\/2013\/03\/22\/the-cross-in-the-fikas-village-of-elbasan-is-damaged\/#article\",\"isPartOf\":{\"@id\":\"https:\/\/orthodoxalbania.org\/2020\/en\/2013\/03\/22\/the-cross-in-the-fikas-village-of-elbasan-is-damaged\/\"},\"author\":{\"name\":\"Kisha Orthodhokse\",\"@id\":\"https:\/\/orthodoxalbania.org\/2020\/#\/schema\/person\/df745f942b70e045b3dc05a30211f0de\"},\"headline\":\"The Cross in the Fikas Village of Elbasan is damaged. (13 February 2013)\",\"datePublished\":\"2013-03-22T10:40:29+00:00\",\"dateModified\":\"2020-04-12T22:30:51+00:00\",\"mainEntityOfPage\":{\"@id\":\"https:\/\/orthodoxalbania.org\/2020\/en\/2013\/03\/22\/the-cross-in-the-fikas-village-of-elbasan-is-damaged\/\"},\"wordCount\":260,\"commentCount\":0,\"publisher\":{\"@id\":\"https:\/\/orthodoxalbania.org\/2020\/#organization\"},\"image\":{\"@id\":\"https:\/\/orthodoxalbania.org\/2020\/en\/2013\/03\/22\/the-cross-in-the-fikas-village-of-elbasan-is-damaged\/#primaryimage\"},\"thumbnailUrl\":\"https:\/\/lh6.googleusercontent.com\/-xyQr3OiKzsI\/URt7VCUOD-I\/AAAAAAAAB-E\/_OSyG2xE5wU\/s640\/miks.jpg\",\"keywords\":[\"2013\",\"Declarations - Official Announcements\"],\"articleSection\":[\"News - \u0395\u039d\",\"News old page\"],\"inLanguage\":\"en-US\"},{\"@type\":\"WebPage\",\"@id\":\"https:\/\/orthodoxalbania.org\/2020\/en\/2013\/03\/22\/the-cross-in-the-fikas-village-of-elbasan-is-damaged\/\",\"url\":\"https:\/\/orthodoxalbania.org\/2020\/en\/2013\/03\/22\/the-cross-in-the-fikas-village-of-elbasan-is-damaged\/\",\"name\":\"The Cross in the Fikas Village of Elbasan is damaged. (13 February 2013) - Kisha Orthodh\u03bfkse Autoqefale e Shqip\u00ebris\u00eb\",\"isPartOf\":{\"@id\":\"https:\/\/orthodoxalbania.org\/2020\/#website\"},\"primaryImageOfPage\":{\"@id\":\"https:\/\/orthodoxalbania.org\/2020\/en\/2013\/03\/22\/the-cross-in-the-fikas-village-of-elbasan-is-damaged\/#primaryimage\"},\"image\":{\"@id\":\"https:\/\/orthodoxalbania.org\/2020\/en\/2013\/03\/22\/the-cross-in-the-fikas-village-of-elbasan-is-damaged\/#primaryimage\"},\"thumbnailUrl\":\"https:\/\/lh6.googleusercontent.com\/-xyQr3OiKzsI\/URt7VCUOD-I\/AAAAAAAAB-E\/_OSyG2xE5wU\/s640\/miks.jpg\",\"datePublished\":\"2013-03-22T10:40:29+00:00\",\"dateModified\":\"2020-04-12T22:30:51+00:00\",\"breadcrumb\":{\"@id\":\"https:\/\/orthodoxalbania.org\/2020\/en\/2013\/03\/22\/the-cross-in-the-fikas-village-of-elbasan-is-damaged\/#breadcrumb\"},\"inLanguage\":\"en-US\",\"potentialAction\":[{\"@type\":\"ReadAction\",\"target\":[\"https:\/\/orthodoxalbania.org\/2020\/en\/2013\/03\/22\/the-cross-in-the-fikas-village-of-elbasan-is-damaged\/\"]}]},{\"@type\":\"ImageObject\",\"inLanguage\":\"en-US\",\"@id\":\"https:\/\/orthodoxalbania.org\/2020\/en\/2013\/03\/22\/the-cross-in-the-fikas-village-of-elbasan-is-damaged\/#primaryimage\",\"url\":\"https:\/\/lh6.googleusercontent.com\/-xyQr3OiKzsI\/URt7VCUOD-I\/AAAAAAAAB-E\/_OSyG2xE5wU\/s640\/miks.jpg\",\"contentUrl\":\"https:\/\/lh6.googleusercontent.com\/-xyQr3OiKzsI\/URt7VCUOD-I\/AAAAAAAAB-E\/_OSyG2xE5wU\/s640\/miks.jpg\"},{\"@type\":\"BreadcrumbList\",\"@id\":\"https:\/\/orthodoxalbania.org\/2020\/en\/2013\/03\/22\/the-cross-in-the-fikas-village-of-elbasan-is-damaged\/#breadcrumb\",\"itemListElement\":[{\"@type\":\"ListItem\",\"position\":1,\"name\":\"Home\",\"item\":\"https:\/\/orthodoxalbania.org\/2020\/\"},{\"@type\":\"ListItem\",\"position\":2,\"name\":\"The Cross in the Fikas Village of Elbasan is damaged. (13 February 2013)\"}]},{\"@type\":\"WebSite\",\"@id\":\"https:\/\/orthodoxalbania.org\/2020\/#website\",\"url\":\"https:\/\/orthodoxalbania.org\/2020\/\",\"name\":\"Kisha Orthodh\u03bfkse Autoqefale e Shqip\u00ebris\u00eb\",\"description\":\"Fqja Zyrtare e Kish\u00ebs Orthodhokse Autoqefale e Shqip\u00ebris\u00eb me lajmet edhe informacionet zyrtare p\u00ebr struktur\u00ebn edhe veprimtarin e saj.\",\"publisher\":{\"@id\":\"https:\/\/orthodoxalbania.org\/2020\/#organization\"},\"potentialAction\":[{\"@type\":\"SearchAction\",\"target\":{\"@type\":\"EntryPoint\",\"urlTemplate\":\"https:\/\/orthodoxalbania.org\/2020\/?s={search_term_string}\"},\"query-input\":{\"@type\":\"PropertyValueSpecification\",\"valueRequired\":true,\"valueName\":\"search_term_string\"}}],\"inLanguage\":\"en-US\"},{\"@type\":\"Organization\",\"@id\":\"https:\/\/orthodoxalbania.org\/2020\/#organization\",\"name\":\"Kisha Orthodhokse Autoqefale e Shqip\u00ebris\u00eb\",\"url\":\"https:\/\/orthodoxalbania.org\/2020\/\",\"logo\":{\"@type\":\"ImageObject\",\"inLanguage\":\"en-US\",\"@id\":\"https:\/\/orthodoxalbania.org\/2020\/#\/schema\/logo\/image\/\",\"url\":\"https:\/\/orthodoxalbania.org\/2020\/wp-content\/uploads\/2020\/05\/albania.jpeg\",\"contentUrl\":\"https:\/\/orthodoxalbania.org\/2020\/wp-content\/uploads\/2020\/05\/albania.jpeg\",\"width\":540,\"height\":540,\"caption\":\"Kisha Orthodhokse Autoqefale e Shqip\u00ebris\u00eb\"},\"image\":{\"@id\":\"https:\/\/orthodoxalbania.org\/2020\/#\/schema\/logo\/image\/\"},\"sameAs\":[\"https:\/\/www.facebook.com\/koash1991\"]},{\"@type\":\"Person\",\"@id\":\"https:\/\/orthodoxalbania.org\/2020\/#\/schema\/person\/df745f942b70e045b3dc05a30211f0de\",\"name\":\"Kisha Orthodhokse\",\"image\":{\"@type\":\"ImageObject\",\"inLanguage\":\"en-US\",\"@id\":\"https:\/\/secure.gravatar.com\/avatar\/2676eb8d97178435c9f691a7871595a1da6c33542dec218bce40885573150e28?s=96&d=mm&r=g\",\"url\":\"https:\/\/secure.gravatar.com\/avatar\/2676eb8d97178435c9f691a7871595a1da6c33542dec218bce40885573150e28?s=96&d=mm&r=g\",\"contentUrl\":\"https:\/\/secure.gravatar.com\/avatar\/2676eb8d97178435c9f691a7871595a1da6c33542dec218bce40885573150e28?s=96&d=mm&r=g\",\"caption\":\"Kisha Orthodhokse\"}}]}<\/script>\n<!-- \/ Yoast SEO plugin. -->","yoast_head_json":{"title":"The Cross in the Fikas Village of Elbasan is damaged. (13 February 2013) - Kisha Orthodh\u03bfkse Autoqefale e Shqip\u00ebris\u00eb","robots":{"index":"index","follow":"follow","max-snippet":"max-snippet:-1","max-image-preview":"max-image-preview:large","max-video-preview":"max-video-preview:-1"},"canonical":"https:\/\/orthodoxalbania.org\/2020\/en\/2013\/03\/22\/the-cross-in-the-fikas-village-of-elbasan-is-damaged\/","og_locale":"en_US","og_type":"article","og_title":"The Cross in the Fikas Village of Elbasan is damaged. (13 February 2013) - Kisha Orthodh\u03bfkse Autoqefale e Shqip\u00ebris\u00eb","og_description":"&nbsp;&nbsp;&nbsp; As the Orthodox Clergy and believers of Elbasan we are following with much concern and are shocked by the ongoing pressure that is being exercised on our Orthodox community, and we cannot remain silent in the face of this situation, which is continuing to deteriorate. &nbsp;&nbsp;&nbsp; After the damage to the Onufri frescoes in the Church of St. Premte, in Valsh of Elbasan a","og_url":"https:\/\/orthodoxalbania.org\/2020\/en\/2013\/03\/22\/the-cross-in-the-fikas-village-of-elbasan-is-damaged\/","og_site_name":"Kisha Orthodh\u03bfkse Autoqefale e Shqip\u00ebris\u00eb","article_publisher":"https:\/\/www.facebook.com\/koash1991","article_published_time":"2013-03-22T10:40:29+00:00","article_modified_time":"2020-04-12T22:30:51+00:00","og_image":[{"url":"https:\/\/lh6.googleusercontent.com\/-xyQr3OiKzsI\/URt7VCUOD-I\/AAAAAAAAB-E\/_OSyG2xE5wU\/s640\/miks.jpg","type":"","width":"","height":""}],"author":"Kisha Orthodhokse","twitter_card":"summary_large_image","twitter_misc":{"Written by":"Kisha Orthodhokse","Est. reading time":"1 minute"},"schema":{"@context":"https:\/\/schema.org","@graph":[{"@type":"Article","@id":"https:\/\/orthodoxalbania.org\/2020\/en\/2013\/03\/22\/the-cross-in-the-fikas-village-of-elbasan-is-damaged\/#article","isPartOf":{"@id":"https:\/\/orthodoxalbania.org\/2020\/en\/2013\/03\/22\/the-cross-in-the-fikas-village-of-elbasan-is-damaged\/"},"author":{"name":"Kisha Orthodhokse","@id":"https:\/\/orthodoxalbania.org\/2020\/#\/schema\/person\/df745f942b70e045b3dc05a30211f0de"},"headline":"The Cross in the Fikas Village of Elbasan is damaged. (13 February 2013)","datePublished":"2013-03-22T10:40:29+00:00","dateModified":"2020-04-12T22:30:51+00:00","mainEntityOfPage":{"@id":"https:\/\/orthodoxalbania.org\/2020\/en\/2013\/03\/22\/the-cross-in-the-fikas-village-of-elbasan-is-damaged\/"},"wordCount":260,"commentCount":0,"publisher":{"@id":"https:\/\/orthodoxalbania.org\/2020\/#organization"},"image":{"@id":"https:\/\/orthodoxalbania.org\/2020\/en\/2013\/03\/22\/the-cross-in-the-fikas-village-of-elbasan-is-damaged\/#primaryimage"},"thumbnailUrl":"https:\/\/lh6.googleusercontent.com\/-xyQr3OiKzsI\/URt7VCUOD-I\/AAAAAAAAB-E\/_OSyG2xE5wU\/s640\/miks.jpg","keywords":["2013","Declarations - Official Announcements"],"articleSection":["News - \u0395\u039d","News old page"],"inLanguage":"en-US"},{"@type":"WebPage","@id":"https:\/\/orthodoxalbania.org\/2020\/en\/2013\/03\/22\/the-cross-in-the-fikas-village-of-elbasan-is-damaged\/","url":"https:\/\/orthodoxalbania.org\/2020\/en\/2013\/03\/22\/the-cross-in-the-fikas-village-of-elbasan-is-damaged\/","name":"The Cross in the Fikas Village of Elbasan is damaged. (13 February 2013) - Kisha Orthodh\u03bfkse Autoqefale e Shqip\u00ebris\u00eb","isPartOf":{"@id":"https:\/\/orthodoxalbania.org\/2020\/#website"},"primaryImageOfPage":{"@id":"https:\/\/orthodoxalbania.org\/2020\/en\/2013\/03\/22\/the-cross-in-the-fikas-village-of-elbasan-is-damaged\/#primaryimage"},"image":{"@id":"https:\/\/orthodoxalbania.org\/2020\/en\/2013\/03\/22\/the-cross-in-the-fikas-village-of-elbasan-is-damaged\/#primaryimage"},"thumbnailUrl":"https:\/\/lh6.googleusercontent.com\/-xyQr3OiKzsI\/URt7VCUOD-I\/AAAAAAAAB-E\/_OSyG2xE5wU\/s640\/miks.jpg","datePublished":"2013-03-22T10:40:29+00:00","dateModified":"2020-04-12T22:30:51+00:00","breadcrumb":{"@id":"https:\/\/orthodoxalbania.org\/2020\/en\/2013\/03\/22\/the-cross-in-the-fikas-village-of-elbasan-is-damaged\/#breadcrumb"},"inLanguage":"en-US","potentialAction":[{"@type":"ReadAction","target":["https:\/\/orthodoxalbania.org\/2020\/en\/2013\/03\/22\/the-cross-in-the-fikas-village-of-elbasan-is-damaged\/"]}]},{"@type":"ImageObject","inLanguage":"en-US","@id":"https:\/\/orthodoxalbania.org\/2020\/en\/2013\/03\/22\/the-cross-in-the-fikas-village-of-elbasan-is-damaged\/#primaryimage","url":"https:\/\/lh6.googleusercontent.com\/-xyQr3OiKzsI\/URt7VCUOD-I\/AAAAAAAAB-E\/_OSyG2xE5wU\/s640\/miks.jpg","contentUrl":"https:\/\/lh6.googleusercontent.com\/-xyQr3OiKzsI\/URt7VCUOD-I\/AAAAAAAAB-E\/_OSyG2xE5wU\/s640\/miks.jpg"},{"@type":"BreadcrumbList","@id":"https:\/\/orthodoxalbania.org\/2020\/en\/2013\/03\/22\/the-cross-in-the-fikas-village-of-elbasan-is-damaged\/#breadcrumb","itemListElement":[{"@type":"ListItem","position":1,"name":"Home","item":"https:\/\/orthodoxalbania.org\/2020\/"},{"@type":"ListItem","position":2,"name":"The Cross in the Fikas Village of Elbasan is damaged. (13 February 2013)"}]},{"@type":"WebSite","@id":"https:\/\/orthodoxalbania.org\/2020\/#website","url":"https:\/\/orthodoxalbania.org\/2020\/","name":"Kisha Orthodh\u03bfkse Autoqefale e Shqip\u00ebris\u00eb","description":"Fqja Zyrtare e Kish\u00ebs Orthodhokse Autoqefale e Shqip\u00ebris\u00eb me lajmet edhe informacionet zyrtare p\u00ebr struktur\u00ebn edhe veprimtarin e saj.","publisher":{"@id":"https:\/\/orthodoxalbania.org\/2020\/#organization"},"potentialAction":[{"@type":"SearchAction","target":{"@type":"EntryPoint","urlTemplate":"https:\/\/orthodoxalbania.org\/2020\/?s={search_term_string}"},"query-input":{"@type":"PropertyValueSpecification","valueRequired":true,"valueName":"search_term_string"}}],"inLanguage":"en-US"},{"@type":"Organization","@id":"https:\/\/orthodoxalbania.org\/2020\/#organization","name":"Kisha Orthodhokse Autoqefale e Shqip\u00ebris\u00eb","url":"https:\/\/orthodoxalbania.org\/2020\/","logo":{"@type":"ImageObject","inLanguage":"en-US","@id":"https:\/\/orthodoxalbania.org\/2020\/#\/schema\/logo\/image\/","url":"https:\/\/orthodoxalbania.org\/2020\/wp-content\/uploads\/2020\/05\/albania.jpeg","contentUrl":"https:\/\/orthodoxalbania.org\/2020\/wp-content\/uploads\/2020\/05\/albania.jpeg","width":540,"height":540,"caption":"Kisha Orthodhokse Autoqefale e Shqip\u00ebris\u00eb"},"image":{"@id":"https:\/\/orthodoxalbania.org\/2020\/#\/schema\/logo\/image\/"},"sameAs":["https:\/\/www.facebook.com\/koash1991"]},{"@type":"Person","@id":"https:\/\/orthodoxalbania.org\/2020\/#\/schema\/person\/df745f942b70e045b3dc05a30211f0de","name":"Kisha Orthodhokse","image":{"@type":"ImageObject","inLanguage":"en-US","@id":"https:\/\/secure.gravatar.com\/avatar\/2676eb8d97178435c9f691a7871595a1da6c33542dec218bce40885573150e28?s=96&d=mm&r=g","url":"https:\/\/secure.gravatar.com\/avatar\/2676eb8d97178435c9f691a7871595a1da6c33542dec218bce40885573150e28?s=96&d=mm&r=g","contentUrl":"https:\/\/secure.gravatar.com\/avatar\/2676eb8d97178435c9f691a7871595a1da6c33542dec218bce40885573150e28?s=96&d=mm&r=g","caption":"Kisha Orthodhokse"}}]}},"_links":{"self":[{"href":"https:\/\/orthodoxalbania.org\/2020\/wp-json\/wp\/v2\/posts\/1333","targetHints":{"allow":["GET"]}}],"collection":[{"href":"https:\/\/orthodoxalbania.org\/2020\/wp-json\/wp\/v2\/posts"}],"about":[{"href":"https:\/\/orthodoxalbania.org\/2020\/wp-json\/wp\/v2\/types\/post"}],"author":[{"embeddable":true,"href":"https:\/\/orthodoxalbania.org\/2020\/wp-json\/wp\/v2\/users\/7"}],"replies":[{"embeddable":true,"href":"https:\/\/orthodoxalbania.org\/2020\/wp-json\/wp\/v2\/comments?post=1333"}],"version-history":[{"count":1,"href":"https:\/\/orthodoxalbania.org\/2020\/wp-json\/wp\/v2\/posts\/1333\/revisions"}],"predecessor-version":[{"id":17668,"href":"https:\/\/orthodoxalbania.org\/2020\/wp-json\/wp\/v2\/posts\/1333\/revisions\/17668"}],"wp:attachment":[{"href":"https:\/\/orthodoxalbania.org\/2020\/wp-json\/wp\/v2\/media?parent=1333"}],"wp:term":[{"taxonomy":"category","embeddable":true,"href":"https:\/\/orthodoxalbania.org\/2020\/wp-json\/wp\/v2\/categories?post=1333"},{"taxonomy":"post_tag","embeddable":true,"href":"https:\/\/orthodoxalbania.org\/2020\/wp-json\/wp\/v2\/tags?post=1333"}],"curies":[{"name":"wp","href":"https:\/\/api.w.org\/{rel}","templated":true}]}}