{"id":1312,"date":"2013-03-21T12:37:42","date_gmt":"2013-03-21T12:37:42","guid":{"rendered":""},"modified":"2020-04-13T00:30:53","modified_gmt":"2020-04-12T22:30:53","slug":"the-christmas-feast-is-celebrated-with-majesty-in-vlora","status":"publish","type":"post","link":"https:\/\/orthodoxalbania.org\/2020\/en\/2013\/03\/21\/the-christmas-feast-is-celebrated-with-majesty-in-vlora\/","title":{"rendered":"The Christmas Feast is Celebrated with Majesty in Vlora. (25 December 2012)"},"content":{"rendered":"<div style=\"text-align: justify;\"><span style=\"color: #000000;\"><img class=\"lazyload\" decoding=\"async\" style=\"width: 300px; height: 246px; border-width: 1px; border-style: solid; margin: 10px; float: left;\" alt=\"\" src=\"data:image\/gif;base64,R0lGODlhAQABAAAAACH5BAEKAAEALAAAAAABAAEAAAICTAEAOw==\" data-orig-src=\"https:\/\/lh3.googleusercontent.com\/-ynfhX7QAqOE\/UNxIdrDACOI\/AAAAAAAABqw\/_orffZYP758\/s576\/483205_524504704241034_20415884_n.jpg\" \/>&nbsp;&nbsp;&nbsp; <span style=\"font-family: tahoma,geneva,sans-serif;\"><span style=\"font-size: 12px;\">After the Divine Liturgy many believers, local government representatives, representatives from different organizations and from political parties attended the reception hosted by the Church. Representatives of the religious communities came to offer greetings for Christmas. The greetings from the Catholic Community were conveyed by the Catholic Bishop of the South, His Grace Hill Kabashi. On behalf of the Muslim Community the Mufti of Vlora, Hito Shahaj offered the best wishes and from the Bektashi Community the best wishes were conveyed by the Secretary of the Community.<\/span><\/span><\/span><\/div>\n<div style=\"text-align: justify;\"> <span style=\"color: #000000;\"><span style=\"font-family: tahoma,geneva,sans-serif;\"><span style=\"font-size: 12px;\">&nbsp;&nbsp;&nbsp; Also in the city of Selenica the celebration of our Lord Jesus Christ\u2019s birth began when the day of 25 December began. Children&#8217;s voices began to sing in every home of the city that in a cave in Bethlehem the Lord Jesus Christ was born. It is a tradition in this city that on this night the doors of the houses stay open in expectation of children who are signaling the Birth of the Lord. Singing a traditional song they go to every house holding the icon of the Nativity of the Lord, and the believers given different gifts. This night was very special to all believers. Children&#8217;s voices, like angelic voices, broke the darkness of the night and announced a new day, a day filled with light, with light emanating from the cave where Christ God was born. And every ray of light began to shine; many believers went to the hill above the town, where the Church of St. Athanasius is located, to participate in the Divine Liturgy held on this occasion. During the Liturgy the message of Metropolitan of Berati, Vlora Kanina and all Myzeqe, His Grace Ignati, directed to the clergy and all the hopefuls\u2019 believers of this Diocese was read.<\/span><\/span><\/span><\/div>\n<div style=\"text-align: justify;\"> <span style=\"color: #000000;\"><span style=\"font-family: tahoma,geneva,sans-serif;\"><span style=\"font-size: 12px;\">&nbsp;&nbsp; &nbsp;The Metropolitan said, &#8220;My beloved sons in the Lord! Also this year the Christmas Feast has come and St. John Chrysostom invites us to celebrate together, saying: &#8220;Come celebrate! Come celebrate! Run after Him the Magis, run after Him even us. The star is also running to proclaim the Lord of heaven. I look at the Creator and the manger \u2026The Baby\u2019s crib and the diapers, the virgin despised. Great poverty&#8230; The rich became poor for our sake.\u201d<\/span><\/span><\/span><\/div>\n<div style=\"text-align: justify;\"> <span style=\"color: #000000;\"><span style=\"font-family: tahoma,geneva,sans-serif;\"><span style=\"font-size: 12px;\">&nbsp;&nbsp;&nbsp;&nbsp; In conclusion the Metropolitan addressed the faithful with these words: &#8220;The whole of humanity was waiting to be released from the chains of sin by Christ. And for centuries He has offered power to the powerless; to the ill, health; to those dead from the sin, He offers new life and the everlasting joy of eternal life. &#8220;<\/span><\/span><\/span><\/div>\n<div style=\"text-align: justify;\"> <span style=\"color: #000000;\"><span style=\"font-family: tahoma,geneva,sans-serif;\"><span style=\"font-size: 12px;\">&nbsp;&nbsp;&nbsp; After the Liturgy, at the reception hosted by the Church many representatives of Local Government, heads of institutions and believers came to convey their best wishes for the Feast of Christmas,.<\/span><\/span><\/span><\/div>\n<div style=\"text-align: justify;\"> <span style=\"color: #000000;\"><span style=\"font-family: tahoma,geneva,sans-serif;\"><span style=\"font-size: 12px;\">&nbsp;&nbsp;&nbsp; Also in other churches of Vlora various ceremonies were held on this day. The Divine Liturgy was held at the Church of Saint Kyriaki in Narta lead by Father Dhimit\u00ebr Kushi, at the Church of Saint Spyridon in Orikum lead by Father Jani Konomi, at the Church of Saint Spyridon in Mifol lead by Father Ilia Qirjo, at the Church of Five Martyrs in Bestrova lead by Father Luke Gjergji, in the Church of the Resurrection in Novosel\u00eb lead by Father Sotiraq Prifti and in the Church of Saint Nicholas in Poro lead by Father Sotir Prifti<\/span><\/span><\/span><\/div>\n<div style=\"text-align: right;\">\n<p> <span style=\"color: #000000;\"><strong><span style=\"font-family: tahoma,geneva,sans-serif;\"><span style=\"font-size: 12px;\">At\u00eb Spiro Bulika<\/span><\/span><\/strong><\/span><\/div>\n<p style=\"text-align: justify;\"><span style=\"color: #000000;\"><img class=\"lazyload\" decoding=\"async\" style=\"width: 600px; height: 400px; border-width: 1px; border-style: solid; margin: 10px; float: left;\" alt=\"\" src=\"data:image\/gif;base64,R0lGODlhAQABAAAAACH5BAEKAAEALAAAAAABAAEAAAICTAEAOw==\" data-orig-src=\"https:\/\/lh3.googleusercontent.com\/-Q74rcnaYBbU\/UNxIZlagj3I\/AAAAAAAABqg\/CTS36mBBIcM\/s640\/382066_524503204241184_1460394530_n.jpg\" \/><\/span><\/p>\n<p style=\"text-align: justify;\"><span style=\"color: #000000;\"><img class=\"lazyload\" decoding=\"async\" style=\"width: 600px; height: 400px; border-width: 1px; border-style: solid; margin: 10px; float: left;\" alt=\"\" src=\"data:image\/gif;base64,R0lGODlhAQABAAAAACH5BAEKAAEALAAAAAABAAEAAAICTAEAOw==\" data-orig-src=\"https:\/\/lh3.googleusercontent.com\/-Jzt8Nz99v_M\/UNxIbps0ItI\/AAAAAAAABqo\/7-lYvw3kAPY\/s640\/481414_524708800887291_1763064757_n.jpg\" \/><br \/> <img class=\"lazyload\" decoding=\"async\" style=\"width: 600px; height: 400px; border-width: 1px; border-style: solid; margin: 10px; float: left;\" alt=\"\" src=\"data:image\/gif;base64,R0lGODlhAQABAAAAACH5BAEKAAEALAAAAAABAAEAAAICTAEAOw==\" data-orig-src=\"https:\/\/lh4.googleusercontent.com\/-0v9AoK2mLOk\/UNr4tvjHXTI\/AAAAAAAABpg\/yQSWxiQeaj8\/s640\/553436_524851974206307_1621715950_n.jpg\" \/><\/span><br \/> &nbsp;<\/p>\n","protected":false},"excerpt":{"rendered":"<p>&nbsp;&nbsp;&nbsp; After the Divine Liturgy many believers, local government representatives, representatives from different organizations and from political parties attended the reception hosted by the Church. Representatives of the religious communities came to offer greetings for Christmas. The greetings from the Catholic Community were conveyed by the Catholic Bishop of the South, His Grace Hill Kabashi. On behalf of the Muslim Community the Mufti of Vlora,<\/p>\n","protected":false},"author":7,"featured_media":0,"comment_status":"open","ping_status":"open","sticky":false,"template":"","format":"standard","meta":{"_acf_changed":false,"pagelayer_contact_templates":[],"_pagelayer_content":"","inline_featured_image":false,"fifu_image_url":"","fifu_image_alt":"","footnotes":""},"categories":[1455,311],"tags":[1137,1832],"class_list":["post-1312","post","type-post","status-publish","format-standard","hentry","category-news-en","category-news-d25","tag-2012-en","tag-krishtlindje-en"],"acf":[],"yoast_head":"<!-- This site is optimized with the Yoast SEO plugin v27.2 - https:\/\/yoast.com\/product\/yoast-seo-wordpress\/ -->\n<title>The Christmas Feast is Celebrated with Majesty in Vlora. (25 December 2012) - Kisha Orthodh\u03bfkse Autoqefale e Shqip\u00ebris\u00eb<\/title>\n<meta name=\"robots\" content=\"index, follow, max-snippet:-1, max-image-preview:large, max-video-preview:-1\" \/>\n<link rel=\"canonical\" href=\"https:\/\/orthodoxalbania.org\/2020\/en\/2013\/03\/21\/the-christmas-feast-is-celebrated-with-majesty-in-vlora\/\" \/>\n<meta property=\"og:locale\" content=\"en_US\" \/>\n<meta property=\"og:type\" content=\"article\" \/>\n<meta property=\"og:title\" content=\"The Christmas Feast is Celebrated with Majesty in Vlora. (25 December 2012) - Kisha Orthodh\u03bfkse Autoqefale e Shqip\u00ebris\u00eb\" \/>\n<meta property=\"og:description\" content=\"&nbsp;&nbsp;&nbsp; After the Divine Liturgy many believers, local government representatives, representatives from different organizations and from political parties attended the reception hosted by the Church. Representatives of the religious communities came to offer greetings for Christmas. The greetings from the Catholic Community were conveyed by the Catholic Bishop of the South, His Grace Hill Kabashi. On behalf of the Muslim Community the Mufti of Vlora,\" \/>\n<meta property=\"og:url\" content=\"https:\/\/orthodoxalbania.org\/2020\/en\/2013\/03\/21\/the-christmas-feast-is-celebrated-with-majesty-in-vlora\/\" \/>\n<meta property=\"og:site_name\" content=\"Kisha Orthodh\u03bfkse Autoqefale e Shqip\u00ebris\u00eb\" \/>\n<meta property=\"article:publisher\" content=\"https:\/\/www.facebook.com\/koash1991\" \/>\n<meta property=\"article:published_time\" content=\"2013-03-21T12:37:42+00:00\" \/>\n<meta property=\"article:modified_time\" content=\"2020-04-12T22:30:53+00:00\" \/>\n<meta property=\"og:image\" content=\"https:\/\/lh3.googleusercontent.com\/-ynfhX7QAqOE\/UNxIdrDACOI\/AAAAAAAABqw\/_orffZYP758\/s576\/483205_524504704241034_20415884_n.jpg\" \/>\n<meta name=\"author\" content=\"Kisha Orthodhokse\" \/>\n<meta name=\"twitter:card\" content=\"summary_large_image\" \/>\n<meta name=\"twitter:label1\" content=\"Written by\" \/>\n\t<meta name=\"twitter:data1\" content=\"Kisha Orthodhokse\" \/>\n\t<meta name=\"twitter:label2\" content=\"Est. reading time\" \/>\n\t<meta name=\"twitter:data2\" content=\"3 minutes\" \/>\n<script type=\"application\/ld+json\" class=\"yoast-schema-graph\">{\"@context\":\"https:\/\/schema.org\",\"@graph\":[{\"@type\":\"Article\",\"@id\":\"https:\/\/orthodoxalbania.org\/2020\/en\/2013\/03\/21\/the-christmas-feast-is-celebrated-with-majesty-in-vlora\/#article\",\"isPartOf\":{\"@id\":\"https:\/\/orthodoxalbania.org\/2020\/en\/2013\/03\/21\/the-christmas-feast-is-celebrated-with-majesty-in-vlora\/\"},\"author\":{\"name\":\"Kisha Orthodhokse\",\"@id\":\"https:\/\/orthodoxalbania.org\/2020\/#\/schema\/person\/df745f942b70e045b3dc05a30211f0de\"},\"headline\":\"The Christmas Feast is Celebrated with Majesty in Vlora. (25 December 2012)\",\"datePublished\":\"2013-03-21T12:37:42+00:00\",\"dateModified\":\"2020-04-12T22:30:53+00:00\",\"mainEntityOfPage\":{\"@id\":\"https:\/\/orthodoxalbania.org\/2020\/en\/2013\/03\/21\/the-christmas-feast-is-celebrated-with-majesty-in-vlora\/\"},\"wordCount\":589,\"commentCount\":0,\"publisher\":{\"@id\":\"https:\/\/orthodoxalbania.org\/2020\/#organization\"},\"image\":{\"@id\":\"https:\/\/orthodoxalbania.org\/2020\/en\/2013\/03\/21\/the-christmas-feast-is-celebrated-with-majesty-in-vlora\/#primaryimage\"},\"thumbnailUrl\":\"https:\/\/lh3.googleusercontent.com\/-ynfhX7QAqOE\/UNxIdrDACOI\/AAAAAAAABqw\/_orffZYP758\/s576\/483205_524504704241034_20415884_n.jpg\",\"keywords\":[\"2012\",\"Krishtlindje\"],\"articleSection\":[\"News - \u0395\u039d\",\"News old page\"],\"inLanguage\":\"en-US\"},{\"@type\":\"WebPage\",\"@id\":\"https:\/\/orthodoxalbania.org\/2020\/en\/2013\/03\/21\/the-christmas-feast-is-celebrated-with-majesty-in-vlora\/\",\"url\":\"https:\/\/orthodoxalbania.org\/2020\/en\/2013\/03\/21\/the-christmas-feast-is-celebrated-with-majesty-in-vlora\/\",\"name\":\"The Christmas Feast is Celebrated with Majesty in Vlora. (25 December 2012) - Kisha Orthodh\u03bfkse Autoqefale e Shqip\u00ebris\u00eb\",\"isPartOf\":{\"@id\":\"https:\/\/orthodoxalbania.org\/2020\/#website\"},\"primaryImageOfPage\":{\"@id\":\"https:\/\/orthodoxalbania.org\/2020\/en\/2013\/03\/21\/the-christmas-feast-is-celebrated-with-majesty-in-vlora\/#primaryimage\"},\"image\":{\"@id\":\"https:\/\/orthodoxalbania.org\/2020\/en\/2013\/03\/21\/the-christmas-feast-is-celebrated-with-majesty-in-vlora\/#primaryimage\"},\"thumbnailUrl\":\"https:\/\/lh3.googleusercontent.com\/-ynfhX7QAqOE\/UNxIdrDACOI\/AAAAAAAABqw\/_orffZYP758\/s576\/483205_524504704241034_20415884_n.jpg\",\"datePublished\":\"2013-03-21T12:37:42+00:00\",\"dateModified\":\"2020-04-12T22:30:53+00:00\",\"breadcrumb\":{\"@id\":\"https:\/\/orthodoxalbania.org\/2020\/en\/2013\/03\/21\/the-christmas-feast-is-celebrated-with-majesty-in-vlora\/#breadcrumb\"},\"inLanguage\":\"en-US\",\"potentialAction\":[{\"@type\":\"ReadAction\",\"target\":[\"https:\/\/orthodoxalbania.org\/2020\/en\/2013\/03\/21\/the-christmas-feast-is-celebrated-with-majesty-in-vlora\/\"]}]},{\"@type\":\"ImageObject\",\"inLanguage\":\"en-US\",\"@id\":\"https:\/\/orthodoxalbania.org\/2020\/en\/2013\/03\/21\/the-christmas-feast-is-celebrated-with-majesty-in-vlora\/#primaryimage\",\"url\":\"https:\/\/lh3.googleusercontent.com\/-ynfhX7QAqOE\/UNxIdrDACOI\/AAAAAAAABqw\/_orffZYP758\/s576\/483205_524504704241034_20415884_n.jpg\",\"contentUrl\":\"https:\/\/lh3.googleusercontent.com\/-ynfhX7QAqOE\/UNxIdrDACOI\/AAAAAAAABqw\/_orffZYP758\/s576\/483205_524504704241034_20415884_n.jpg\"},{\"@type\":\"BreadcrumbList\",\"@id\":\"https:\/\/orthodoxalbania.org\/2020\/en\/2013\/03\/21\/the-christmas-feast-is-celebrated-with-majesty-in-vlora\/#breadcrumb\",\"itemListElement\":[{\"@type\":\"ListItem\",\"position\":1,\"name\":\"Home\",\"item\":\"https:\/\/orthodoxalbania.org\/2020\/\"},{\"@type\":\"ListItem\",\"position\":2,\"name\":\"The Christmas Feast is Celebrated with Majesty in Vlora. (25 December 2012)\"}]},{\"@type\":\"WebSite\",\"@id\":\"https:\/\/orthodoxalbania.org\/2020\/#website\",\"url\":\"https:\/\/orthodoxalbania.org\/2020\/\",\"name\":\"Kisha Orthodh\u03bfkse Autoqefale e Shqip\u00ebris\u00eb\",\"description\":\"Fqja Zyrtare e Kish\u00ebs Orthodhokse Autoqefale e Shqip\u00ebris\u00eb me lajmet edhe informacionet zyrtare p\u00ebr struktur\u00ebn edhe veprimtarin e saj.\",\"publisher\":{\"@id\":\"https:\/\/orthodoxalbania.org\/2020\/#organization\"},\"potentialAction\":[{\"@type\":\"SearchAction\",\"target\":{\"@type\":\"EntryPoint\",\"urlTemplate\":\"https:\/\/orthodoxalbania.org\/2020\/?s={search_term_string}\"},\"query-input\":{\"@type\":\"PropertyValueSpecification\",\"valueRequired\":true,\"valueName\":\"search_term_string\"}}],\"inLanguage\":\"en-US\"},{\"@type\":\"Organization\",\"@id\":\"https:\/\/orthodoxalbania.org\/2020\/#organization\",\"name\":\"Kisha Orthodhokse Autoqefale e Shqip\u00ebris\u00eb\",\"url\":\"https:\/\/orthodoxalbania.org\/2020\/\",\"logo\":{\"@type\":\"ImageObject\",\"inLanguage\":\"en-US\",\"@id\":\"https:\/\/orthodoxalbania.org\/2020\/#\/schema\/logo\/image\/\",\"url\":\"https:\/\/orthodoxalbania.org\/2020\/wp-content\/uploads\/2020\/05\/albania.jpeg\",\"contentUrl\":\"https:\/\/orthodoxalbania.org\/2020\/wp-content\/uploads\/2020\/05\/albania.jpeg\",\"width\":540,\"height\":540,\"caption\":\"Kisha Orthodhokse Autoqefale e Shqip\u00ebris\u00eb\"},\"image\":{\"@id\":\"https:\/\/orthodoxalbania.org\/2020\/#\/schema\/logo\/image\/\"},\"sameAs\":[\"https:\/\/www.facebook.com\/koash1991\"]},{\"@type\":\"Person\",\"@id\":\"https:\/\/orthodoxalbania.org\/2020\/#\/schema\/person\/df745f942b70e045b3dc05a30211f0de\",\"name\":\"Kisha Orthodhokse\",\"image\":{\"@type\":\"ImageObject\",\"inLanguage\":\"en-US\",\"@id\":\"https:\/\/secure.gravatar.com\/avatar\/2676eb8d97178435c9f691a7871595a1da6c33542dec218bce40885573150e28?s=96&d=mm&r=g\",\"url\":\"https:\/\/secure.gravatar.com\/avatar\/2676eb8d97178435c9f691a7871595a1da6c33542dec218bce40885573150e28?s=96&d=mm&r=g\",\"contentUrl\":\"https:\/\/secure.gravatar.com\/avatar\/2676eb8d97178435c9f691a7871595a1da6c33542dec218bce40885573150e28?s=96&d=mm&r=g\",\"caption\":\"Kisha Orthodhokse\"}}]}<\/script>\n<!-- \/ Yoast SEO plugin. -->","yoast_head_json":{"title":"The Christmas Feast is Celebrated with Majesty in Vlora. (25 December 2012) - Kisha Orthodh\u03bfkse Autoqefale e Shqip\u00ebris\u00eb","robots":{"index":"index","follow":"follow","max-snippet":"max-snippet:-1","max-image-preview":"max-image-preview:large","max-video-preview":"max-video-preview:-1"},"canonical":"https:\/\/orthodoxalbania.org\/2020\/en\/2013\/03\/21\/the-christmas-feast-is-celebrated-with-majesty-in-vlora\/","og_locale":"en_US","og_type":"article","og_title":"The Christmas Feast is Celebrated with Majesty in Vlora. (25 December 2012) - Kisha Orthodh\u03bfkse Autoqefale e Shqip\u00ebris\u00eb","og_description":"&nbsp;&nbsp;&nbsp; After the Divine Liturgy many believers, local government representatives, representatives from different organizations and from political parties attended the reception hosted by the Church. Representatives of the religious communities came to offer greetings for Christmas. The greetings from the Catholic Community were conveyed by the Catholic Bishop of the South, His Grace Hill Kabashi. On behalf of the Muslim Community the Mufti of Vlora,","og_url":"https:\/\/orthodoxalbania.org\/2020\/en\/2013\/03\/21\/the-christmas-feast-is-celebrated-with-majesty-in-vlora\/","og_site_name":"Kisha Orthodh\u03bfkse Autoqefale e Shqip\u00ebris\u00eb","article_publisher":"https:\/\/www.facebook.com\/koash1991","article_published_time":"2013-03-21T12:37:42+00:00","article_modified_time":"2020-04-12T22:30:53+00:00","og_image":[{"url":"https:\/\/lh3.googleusercontent.com\/-ynfhX7QAqOE\/UNxIdrDACOI\/AAAAAAAABqw\/_orffZYP758\/s576\/483205_524504704241034_20415884_n.jpg","type":"","width":"","height":""}],"author":"Kisha Orthodhokse","twitter_card":"summary_large_image","twitter_misc":{"Written by":"Kisha Orthodhokse","Est. reading time":"3 minutes"},"schema":{"@context":"https:\/\/schema.org","@graph":[{"@type":"Article","@id":"https:\/\/orthodoxalbania.org\/2020\/en\/2013\/03\/21\/the-christmas-feast-is-celebrated-with-majesty-in-vlora\/#article","isPartOf":{"@id":"https:\/\/orthodoxalbania.org\/2020\/en\/2013\/03\/21\/the-christmas-feast-is-celebrated-with-majesty-in-vlora\/"},"author":{"name":"Kisha Orthodhokse","@id":"https:\/\/orthodoxalbania.org\/2020\/#\/schema\/person\/df745f942b70e045b3dc05a30211f0de"},"headline":"The Christmas Feast is Celebrated with Majesty in Vlora. (25 December 2012)","datePublished":"2013-03-21T12:37:42+00:00","dateModified":"2020-04-12T22:30:53+00:00","mainEntityOfPage":{"@id":"https:\/\/orthodoxalbania.org\/2020\/en\/2013\/03\/21\/the-christmas-feast-is-celebrated-with-majesty-in-vlora\/"},"wordCount":589,"commentCount":0,"publisher":{"@id":"https:\/\/orthodoxalbania.org\/2020\/#organization"},"image":{"@id":"https:\/\/orthodoxalbania.org\/2020\/en\/2013\/03\/21\/the-christmas-feast-is-celebrated-with-majesty-in-vlora\/#primaryimage"},"thumbnailUrl":"https:\/\/lh3.googleusercontent.com\/-ynfhX7QAqOE\/UNxIdrDACOI\/AAAAAAAABqw\/_orffZYP758\/s576\/483205_524504704241034_20415884_n.jpg","keywords":["2012","Krishtlindje"],"articleSection":["News - \u0395\u039d","News old page"],"inLanguage":"en-US"},{"@type":"WebPage","@id":"https:\/\/orthodoxalbania.org\/2020\/en\/2013\/03\/21\/the-christmas-feast-is-celebrated-with-majesty-in-vlora\/","url":"https:\/\/orthodoxalbania.org\/2020\/en\/2013\/03\/21\/the-christmas-feast-is-celebrated-with-majesty-in-vlora\/","name":"The Christmas Feast is Celebrated with Majesty in Vlora. (25 December 2012) - Kisha Orthodh\u03bfkse Autoqefale e Shqip\u00ebris\u00eb","isPartOf":{"@id":"https:\/\/orthodoxalbania.org\/2020\/#website"},"primaryImageOfPage":{"@id":"https:\/\/orthodoxalbania.org\/2020\/en\/2013\/03\/21\/the-christmas-feast-is-celebrated-with-majesty-in-vlora\/#primaryimage"},"image":{"@id":"https:\/\/orthodoxalbania.org\/2020\/en\/2013\/03\/21\/the-christmas-feast-is-celebrated-with-majesty-in-vlora\/#primaryimage"},"thumbnailUrl":"https:\/\/lh3.googleusercontent.com\/-ynfhX7QAqOE\/UNxIdrDACOI\/AAAAAAAABqw\/_orffZYP758\/s576\/483205_524504704241034_20415884_n.jpg","datePublished":"2013-03-21T12:37:42+00:00","dateModified":"2020-04-12T22:30:53+00:00","breadcrumb":{"@id":"https:\/\/orthodoxalbania.org\/2020\/en\/2013\/03\/21\/the-christmas-feast-is-celebrated-with-majesty-in-vlora\/#breadcrumb"},"inLanguage":"en-US","potentialAction":[{"@type":"ReadAction","target":["https:\/\/orthodoxalbania.org\/2020\/en\/2013\/03\/21\/the-christmas-feast-is-celebrated-with-majesty-in-vlora\/"]}]},{"@type":"ImageObject","inLanguage":"en-US","@id":"https:\/\/orthodoxalbania.org\/2020\/en\/2013\/03\/21\/the-christmas-feast-is-celebrated-with-majesty-in-vlora\/#primaryimage","url":"https:\/\/lh3.googleusercontent.com\/-ynfhX7QAqOE\/UNxIdrDACOI\/AAAAAAAABqw\/_orffZYP758\/s576\/483205_524504704241034_20415884_n.jpg","contentUrl":"https:\/\/lh3.googleusercontent.com\/-ynfhX7QAqOE\/UNxIdrDACOI\/AAAAAAAABqw\/_orffZYP758\/s576\/483205_524504704241034_20415884_n.jpg"},{"@type":"BreadcrumbList","@id":"https:\/\/orthodoxalbania.org\/2020\/en\/2013\/03\/21\/the-christmas-feast-is-celebrated-with-majesty-in-vlora\/#breadcrumb","itemListElement":[{"@type":"ListItem","position":1,"name":"Home","item":"https:\/\/orthodoxalbania.org\/2020\/"},{"@type":"ListItem","position":2,"name":"The Christmas Feast is Celebrated with Majesty in Vlora. (25 December 2012)"}]},{"@type":"WebSite","@id":"https:\/\/orthodoxalbania.org\/2020\/#website","url":"https:\/\/orthodoxalbania.org\/2020\/","name":"Kisha Orthodh\u03bfkse Autoqefale e Shqip\u00ebris\u00eb","description":"Fqja Zyrtare e Kish\u00ebs Orthodhokse Autoqefale e Shqip\u00ebris\u00eb me lajmet edhe informacionet zyrtare p\u00ebr struktur\u00ebn edhe veprimtarin e saj.","publisher":{"@id":"https:\/\/orthodoxalbania.org\/2020\/#organization"},"potentialAction":[{"@type":"SearchAction","target":{"@type":"EntryPoint","urlTemplate":"https:\/\/orthodoxalbania.org\/2020\/?s={search_term_string}"},"query-input":{"@type":"PropertyValueSpecification","valueRequired":true,"valueName":"search_term_string"}}],"inLanguage":"en-US"},{"@type":"Organization","@id":"https:\/\/orthodoxalbania.org\/2020\/#organization","name":"Kisha Orthodhokse Autoqefale e Shqip\u00ebris\u00eb","url":"https:\/\/orthodoxalbania.org\/2020\/","logo":{"@type":"ImageObject","inLanguage":"en-US","@id":"https:\/\/orthodoxalbania.org\/2020\/#\/schema\/logo\/image\/","url":"https:\/\/orthodoxalbania.org\/2020\/wp-content\/uploads\/2020\/05\/albania.jpeg","contentUrl":"https:\/\/orthodoxalbania.org\/2020\/wp-content\/uploads\/2020\/05\/albania.jpeg","width":540,"height":540,"caption":"Kisha Orthodhokse Autoqefale e Shqip\u00ebris\u00eb"},"image":{"@id":"https:\/\/orthodoxalbania.org\/2020\/#\/schema\/logo\/image\/"},"sameAs":["https:\/\/www.facebook.com\/koash1991"]},{"@type":"Person","@id":"https:\/\/orthodoxalbania.org\/2020\/#\/schema\/person\/df745f942b70e045b3dc05a30211f0de","name":"Kisha Orthodhokse","image":{"@type":"ImageObject","inLanguage":"en-US","@id":"https:\/\/secure.gravatar.com\/avatar\/2676eb8d97178435c9f691a7871595a1da6c33542dec218bce40885573150e28?s=96&d=mm&r=g","url":"https:\/\/secure.gravatar.com\/avatar\/2676eb8d97178435c9f691a7871595a1da6c33542dec218bce40885573150e28?s=96&d=mm&r=g","contentUrl":"https:\/\/secure.gravatar.com\/avatar\/2676eb8d97178435c9f691a7871595a1da6c33542dec218bce40885573150e28?s=96&d=mm&r=g","caption":"Kisha Orthodhokse"}}]}},"_links":{"self":[{"href":"https:\/\/orthodoxalbania.org\/2020\/wp-json\/wp\/v2\/posts\/1312","targetHints":{"allow":["GET"]}}],"collection":[{"href":"https:\/\/orthodoxalbania.org\/2020\/wp-json\/wp\/v2\/posts"}],"about":[{"href":"https:\/\/orthodoxalbania.org\/2020\/wp-json\/wp\/v2\/types\/post"}],"author":[{"embeddable":true,"href":"https:\/\/orthodoxalbania.org\/2020\/wp-json\/wp\/v2\/users\/7"}],"replies":[{"embeddable":true,"href":"https:\/\/orthodoxalbania.org\/2020\/wp-json\/wp\/v2\/comments?post=1312"}],"version-history":[{"count":1,"href":"https:\/\/orthodoxalbania.org\/2020\/wp-json\/wp\/v2\/posts\/1312\/revisions"}],"predecessor-version":[{"id":17703,"href":"https:\/\/orthodoxalbania.org\/2020\/wp-json\/wp\/v2\/posts\/1312\/revisions\/17703"}],"wp:attachment":[{"href":"https:\/\/orthodoxalbania.org\/2020\/wp-json\/wp\/v2\/media?parent=1312"}],"wp:term":[{"taxonomy":"category","embeddable":true,"href":"https:\/\/orthodoxalbania.org\/2020\/wp-json\/wp\/v2\/categories?post=1312"},{"taxonomy":"post_tag","embeddable":true,"href":"https:\/\/orthodoxalbania.org\/2020\/wp-json\/wp\/v2\/tags?post=1312"}],"curies":[{"name":"wp","href":"https:\/\/api.w.org\/{rel}","templated":true}]}}