{"id":1310,"date":"2006-02-26T00:00:15","date_gmt":"2006-02-26T00:00:15","guid":{"rendered":""},"modified":"2020-04-13T00:31:31","modified_gmt":"2020-04-12T22:31:31","slug":"the-children-of-tirana-go-caroling-december-2006","status":"publish","type":"post","link":"https:\/\/orthodoxalbania.org\/2020\/en\/2006\/02\/26\/the-children-of-tirana-go-caroling-december-2006\/","title":{"rendered":"The Children of Tirana Go Caroling (December 2006)"},"content":{"rendered":"<table id=\"AutoNumber4\" style=\"width: 730px; height: 2233px;\" border=\"0\">\n<tbody>\n<tr>\n<td>\n<p style=\"text-align: justify;\"><span style=\"font-family: tahoma,geneva,sans-serif;\"><span style=\"font-size: 12px;\"><span style=\"color: #000000;\">&nbsp;&nbsp;&nbsp; Again this year the children of the capital city were gathered and went to some orthodox families to announce to them the coming of the feast of Nativity through carols (traditional songs) and their joyful visits.<\/span><\/span><\/span><\/p>\n<\/td>\n<td>\n<p><span style=\"font-family: tahoma,geneva,sans-serif;\"><span style=\"font-size: 12px;\"><span style=\"color: #000000;\"><img decoding=\"async\" class=\"lazyload HAa Eha\" style=\"border-width: 1px; border-style: solid; margin: 10px auto; display: block;\" alt=\"\" src=\"data:image\/svg+xml,%3Csvg%20xmlns%3D%27http%3A%2F%2Fwww.w3.org%2F2000%2Fsvg%27%20width%3D%27249%27%20height%3D%27187%27%20viewBox%3D%270%200%20249%20187%27%3E%3Crect%20width%3D%27249%27%20height%3D%27187%27%20fill-opacity%3D%220%22%2F%3E%3C%2Fsvg%3E\" data-orig-src=\"https:\/\/lh6.googleusercontent.com\/-6ABAk-AqFoY\/VIgt4k5BLgI\/AAAAAAAAF4g\/68MnPcCFnH8\/w370-h278-no\/untitled1.jpg\" height=\"187\" width=\"249\" \/><\/span><\/span><\/span><\/p>\n<\/td>\n<\/tr>\n<tr>\n<td>\n<p><span style=\"font-family: tahoma,geneva,sans-serif;\"><span style=\"font-size: 12px;\"><span style=\"color: #000000;\">&nbsp;&nbsp;&nbsp; <img decoding=\"async\" class=\"lazyload HAa Eha\" style=\"border-width: 1px; border-style: solid; margin: 10px auto; display: block;\" alt=\"\" src=\"data:image\/svg+xml,%3Csvg%20xmlns%3D%27http%3A%2F%2Fwww.w3.org%2F2000%2Fsvg%27%20width%3D%27266%27%20height%3D%27200%27%20viewBox%3D%270%200%20266%20200%27%3E%3Crect%20width%3D%27266%27%20height%3D%27200%27%20fill-opacity%3D%220%22%2F%3E%3C%2Fsvg%3E\" data-orig-src=\"https:\/\/lh6.googleusercontent.com\/-VmWCsnX9nW8\/VIgt451O1fI\/AAAAAAAAF5M\/3rmrcq81mlo\/w370-h278-no\/untitled2.jpg\" height=\"200\" width=\"266\" \/><\/span><\/span><\/span><\/p>\n<\/td>\n<td>\n<p style=\"text-align: justify;\"><span style=\"font-family: tahoma,geneva,sans-serif;\"><span style=\"font-size: 12px;\"><span style=\"color: #000000;\">&nbsp;&nbsp;&nbsp; Knocking on every door, singing the traditional and new Christmas songs with their sweet and melodious voices, they shared with some families of Tirana the joy of this feast. They visited 35 families, the sup kitchen of our Church, as well as the Archdiocese.<\/span><\/span><\/span><\/p>\n<\/td>\n<\/tr>\n<tr>\n<td>\n<p style=\"text-align: justify;\"><span style=\"font-family: tahoma,geneva,sans-serif;\"><span style=\"font-size: 12px;\"><span style=\"color: #000000;\">&nbsp;&nbsp;&nbsp; The visit that they made to the radio station \u201cNgjallja\u201d was also awesome because they announced live the coming of Christmas to all the listenerson the 88.5 MHz frequency.<\/span><\/span><\/span><\/p>\n<\/td>\n<td>\n<p><span style=\"font-family: tahoma,geneva,sans-serif;\"><span style=\"font-size: 12px;\"><span style=\"color: #000000;\"><img decoding=\"async\" class=\"lazyload HAa Eha\" style=\"border-width: 1px; border-style: solid; margin: 10px auto; display: block;\" alt=\"\" src=\"data:image\/svg+xml,%3Csvg%20xmlns%3D%27http%3A%2F%2Fwww.w3.org%2F2000%2Fsvg%27%20width%3D%27282%27%20height%3D%27212%27%20viewBox%3D%270%200%20282%20212%27%3E%3Crect%20width%3D%27282%27%20height%3D%27212%27%20fill-opacity%3D%220%22%2F%3E%3C%2Fsvg%3E\" data-orig-src=\"https:\/\/lh6.googleusercontent.com\/-ckt5i2WnrZs\/VIgt4ifHuBI\/AAAAAAAAF5E\/ffJLQpCbG0g\/w370-h278-no\/untitled3.jpg\" height=\"212\" width=\"282\" \/><\/span><\/span><\/span><\/p>\n<\/td>\n<\/tr>\n<tr>\n<td>\n<p><span style=\"font-family: tahoma,geneva,sans-serif;\"><span style=\"font-size: 12px;\"><span style=\"color: #000000;\">&nbsp;&nbsp;&nbsp; <img decoding=\"async\" class=\"lazyload HAa Eha\" style=\"border-width: 1px; border-style: solid; margin: 10px auto; display: block;\" alt=\"\" src=\"data:image\/svg+xml,%3Csvg%20xmlns%3D%27http%3A%2F%2Fwww.w3.org%2F2000%2Fsvg%27%20width%3D%27272%27%20height%3D%27204%27%20viewBox%3D%270%200%20272%20204%27%3E%3Crect%20width%3D%27272%27%20height%3D%27204%27%20fill-opacity%3D%220%22%2F%3E%3C%2Fsvg%3E\" data-orig-src=\"https:\/\/lh5.googleusercontent.com\/-TMTK_ZpxHLc\/VIgt5K-Vq1I\/AAAAAAAAF48\/CLP7Tlk7wIc\/w370-h277-no\/untitled4.jpg\" height=\"204\" width=\"272\" \/><\/span><\/span><\/span><\/p>\n<\/td>\n<td>\n<p style=\"text-align: justify;\"><span style=\"font-family: tahoma,geneva,sans-serif;\"><span style=\"font-size: 12px;\"><span style=\"color: #000000;\">&nbsp;&nbsp;&nbsp; In a short interview the children expressed the joy and pleasure that they had felt from the hospitality of the believers. At the end of the program the children left wishing everybody: \u201cChrist is born! Glorify Him!\u201d<\/span><\/span><\/span><\/p>\n<\/td>\n<\/tr>\n<tr>\n<td>\n<p style=\"text-align: justify;\"><span style=\"font-family: tahoma,geneva,sans-serif;\"><span style=\"font-size: 12px;\"><span style=\"color: #000000;\">&nbsp;&nbsp;&nbsp; At the end of the visits the children decided to give the money which was gathered from the believers to the poor.<\/span><\/span><\/span><\/p>\n<\/td>\n<td>\n<p><span style=\"font-family: tahoma,geneva,sans-serif;\"><span style=\"font-size: 12px;\"><span style=\"color: #000000;\"><img decoding=\"async\" class=\"lazyload HAa Eha\" style=\"margin: 10px auto; display: block; border: 1px solid;\" alt=\"\" src=\"data:image\/svg+xml,%3Csvg%20xmlns%3D%27http%3A%2F%2Fwww.w3.org%2F2000%2Fsvg%27%20width%3D%27279%27%20height%3D%27209%27%20viewBox%3D%270%200%20279%20209%27%3E%3Crect%20width%3D%27279%27%20height%3D%27209%27%20fill-opacity%3D%220%22%2F%3E%3C%2Fsvg%3E\" data-orig-src=\"https:\/\/lh6.googleusercontent.com\/-asKBYg3X0qg\/VIgt5eXpS6I\/AAAAAAAAF4k\/i91OzSZOJjA\/w370-h277-no\/untitled5.jpg\" height=\"209\" width=\"279\" \/><\/span><\/span><\/span><\/p>\n<\/td>\n<\/tr>\n<tr>\n<td>\n<p><span style=\"font-family: tahoma,geneva,sans-serif;\"><span style=\"font-size: 12px;\"><span style=\"color: #000000;\"><img decoding=\"async\" class=\"lazyload HAa Eha\" style=\"border-width: 1px; border-style: solid; margin: 10px auto; display: block;\" alt=\"\" src=\"data:image\/svg+xml,%3Csvg%20xmlns%3D%27http%3A%2F%2Fwww.w3.org%2F2000%2Fsvg%27%20width%3D%27279%27%20height%3D%27210%27%20viewBox%3D%270%200%20279%20210%27%3E%3Crect%20width%3D%27279%27%20height%3D%27210%27%20fill-opacity%3D%220%22%2F%3E%3C%2Fsvg%3E\" data-orig-src=\"https:\/\/lh4.googleusercontent.com\/-Cp7URR5nYtQ\/VIgt5mstCxI\/AAAAAAAAF4w\/I62zL672Mw8\/w370-h278-no\/untitled6.jpg\" height=\"210\" width=\"279\" \/><\/span><\/span><\/span><\/p>\n<\/td>\n<td>\n<p><span style=\"font-family: tahoma,geneva,sans-serif;\"><span style=\"font-size: 12px;\"><span style=\"color: #000000;\"><img decoding=\"async\" class=\"lazyload HAa Eha\" style=\"margin: 10px auto; display: block; border: 1px solid;\" alt=\"\" src=\"data:image\/svg+xml,%3Csvg%20xmlns%3D%27http%3A%2F%2Fwww.w3.org%2F2000%2Fsvg%27%20width%3D%27274%27%20height%3D%27206%27%20viewBox%3D%270%200%20274%20206%27%3E%3Crect%20width%3D%27274%27%20height%3D%27206%27%20fill-opacity%3D%220%22%2F%3E%3C%2Fsvg%3E\" data-orig-src=\"https:\/\/lh6.googleusercontent.com\/-3HnC8iG1PzM\/VIgt54QaLnI\/AAAAAAAAF44\/WT91OzkkNVs\/w370-h278-no\/untitled7.jpg\" height=\"206\" width=\"274\" \/><\/span><\/span><\/span><\/p>\n<\/td>\n<\/tr>\n<tr>\n<td>\n<p><span style=\"font-family: tahoma,geneva,sans-serif;\"><span style=\"font-size: 12px;\"><span style=\"color: #000000;\"><img decoding=\"async\" class=\"lazyload HAa Eha\" style=\"margin: 10px auto; display: block; border: 1px solid;\" alt=\"\" src=\"data:image\/svg+xml,%3Csvg%20xmlns%3D%27http%3A%2F%2Fwww.w3.org%2F2000%2Fsvg%27%20width%3D%27279%27%20height%3D%27210%27%20viewBox%3D%270%200%20279%20210%27%3E%3Crect%20width%3D%27279%27%20height%3D%27210%27%20fill-opacity%3D%220%22%2F%3E%3C%2Fsvg%3E\" data-orig-src=\"https:\/\/lh6.googleusercontent.com\/-wiu1nLGw2KE\/VIgt6cYsPYI\/AAAAAAAAF5A\/LqP236g205Q\/w370-h278-no\/untitled8.jpg\" height=\"210\" width=\"279\" \/><\/span><\/span><\/span><\/p>\n<\/td>\n<td>\n<p>&nbsp;<\/p>\n<\/td>\n<\/tr>\n<tr>\n<td>\n<p><span style=\"font-family: tahoma,geneva,sans-serif;\"><span style=\"font-size: 12px;\"><span><strong>Gabriela Bezhani<\/strong><\/span><\/span><\/span><\/p>\n<\/td>\n<\/tr>\n<\/tbody>\n<\/table>\n","protected":false},"excerpt":{"rendered":"<p>&nbsp;&nbsp;&nbsp; Again this year the children of the capital city were gathered and went to some orthodox families to announce to them the coming of the feast of Nativity through carols (traditional songs) and their joyful visits. &nbsp;&nbsp;&nbsp; &nbsp;&nbsp;&nbsp; Knocking on every door, singing the traditional and new Christmas songs with their sweet and melodious voices, they shared with some families of Tirana the joy<\/p>\n","protected":false},"author":7,"featured_media":0,"comment_status":"open","ping_status":"open","sticky":false,"template":"","format":"standard","meta":{"_acf_changed":false,"pagelayer_contact_templates":[],"_pagelayer_content":"","inline_featured_image":false,"fifu_image_url":"","fifu_image_alt":"","footnotes":""},"categories":[1455,311],"tags":[1113,1832],"class_list":["post-1310","post","type-post","status-publish","format-standard","hentry","category-news-en","category-news-d25","tag-2006-en","tag-krishtlindje-en"],"acf":[],"yoast_head":"<!-- This site is optimized with the Yoast SEO plugin v27.2 - https:\/\/yoast.com\/product\/yoast-seo-wordpress\/ -->\n<title>The Children of Tirana Go Caroling (December 2006) - Kisha Orthodh\u03bfkse Autoqefale e Shqip\u00ebris\u00eb<\/title>\n<meta name=\"robots\" content=\"index, follow, max-snippet:-1, max-image-preview:large, max-video-preview:-1\" \/>\n<link rel=\"canonical\" href=\"https:\/\/orthodoxalbania.org\/2020\/en\/2006\/02\/26\/the-children-of-tirana-go-caroling-december-2006\/\" \/>\n<meta property=\"og:locale\" content=\"en_US\" \/>\n<meta property=\"og:type\" content=\"article\" \/>\n<meta property=\"og:title\" content=\"The Children of Tirana Go Caroling (December 2006) - Kisha Orthodh\u03bfkse Autoqefale e Shqip\u00ebris\u00eb\" \/>\n<meta property=\"og:description\" content=\"&nbsp;&nbsp;&nbsp; Again this year the children of the capital city were gathered and went to some orthodox families to announce to them the coming of the feast of Nativity through carols (traditional songs) and their joyful visits. &nbsp;&nbsp;&nbsp; &nbsp;&nbsp;&nbsp; Knocking on every door, singing the traditional and new Christmas songs with their sweet and melodious voices, they shared with some families of Tirana the joy\" \/>\n<meta property=\"og:url\" content=\"https:\/\/orthodoxalbania.org\/2020\/en\/2006\/02\/26\/the-children-of-tirana-go-caroling-december-2006\/\" \/>\n<meta property=\"og:site_name\" content=\"Kisha Orthodh\u03bfkse Autoqefale e Shqip\u00ebris\u00eb\" \/>\n<meta property=\"article:publisher\" content=\"https:\/\/www.facebook.com\/koash1991\" \/>\n<meta property=\"article:published_time\" content=\"2006-02-26T00:00:15+00:00\" \/>\n<meta property=\"article:modified_time\" content=\"2020-04-12T22:31:31+00:00\" \/>\n<meta property=\"og:image\" content=\"https:\/\/lh6.googleusercontent.com\/-6ABAk-AqFoY\/VIgt4k5BLgI\/AAAAAAAAF4g\/68MnPcCFnH8\/w370-h278-no\/untitled1.jpg\" \/>\n<meta name=\"author\" content=\"Kisha Orthodhokse\" \/>\n<meta name=\"twitter:card\" content=\"summary_large_image\" \/>\n<meta name=\"twitter:label1\" content=\"Written by\" \/>\n\t<meta name=\"twitter:data1\" content=\"Kisha Orthodhokse\" \/>\n\t<meta name=\"twitter:label2\" content=\"Est. reading time\" \/>\n\t<meta name=\"twitter:data2\" content=\"1 minute\" \/>\n<script type=\"application\/ld+json\" class=\"yoast-schema-graph\">{\"@context\":\"https:\/\/schema.org\",\"@graph\":[{\"@type\":\"Article\",\"@id\":\"https:\/\/orthodoxalbania.org\/2020\/en\/2006\/02\/26\/the-children-of-tirana-go-caroling-december-2006\/#article\",\"isPartOf\":{\"@id\":\"https:\/\/orthodoxalbania.org\/2020\/en\/2006\/02\/26\/the-children-of-tirana-go-caroling-december-2006\/\"},\"author\":{\"name\":\"Kisha Orthodhokse\",\"@id\":\"https:\/\/orthodoxalbania.org\/2020\/#\/schema\/person\/df745f942b70e045b3dc05a30211f0de\"},\"headline\":\"The Children of Tirana Go Caroling (December 2006)\",\"datePublished\":\"2006-02-26T00:00:15+00:00\",\"dateModified\":\"2020-04-12T22:31:31+00:00\",\"mainEntityOfPage\":{\"@id\":\"https:\/\/orthodoxalbania.org\/2020\/en\/2006\/02\/26\/the-children-of-tirana-go-caroling-december-2006\/\"},\"wordCount\":197,\"commentCount\":0,\"publisher\":{\"@id\":\"https:\/\/orthodoxalbania.org\/2020\/#organization\"},\"image\":{\"@id\":\"https:\/\/orthodoxalbania.org\/2020\/en\/2006\/02\/26\/the-children-of-tirana-go-caroling-december-2006\/#primaryimage\"},\"thumbnailUrl\":\"https:\/\/lh6.googleusercontent.com\/-6ABAk-AqFoY\/VIgt4k5BLgI\/AAAAAAAAF4g\/68MnPcCFnH8\/w370-h278-no\/untitled1.jpg\",\"keywords\":[\"2006\",\"Krishtlindje\"],\"articleSection\":[\"News - \u0395\u039d\",\"News old page\"],\"inLanguage\":\"en-US\"},{\"@type\":\"WebPage\",\"@id\":\"https:\/\/orthodoxalbania.org\/2020\/en\/2006\/02\/26\/the-children-of-tirana-go-caroling-december-2006\/\",\"url\":\"https:\/\/orthodoxalbania.org\/2020\/en\/2006\/02\/26\/the-children-of-tirana-go-caroling-december-2006\/\",\"name\":\"The Children of Tirana Go Caroling (December 2006) - Kisha Orthodh\u03bfkse Autoqefale e Shqip\u00ebris\u00eb\",\"isPartOf\":{\"@id\":\"https:\/\/orthodoxalbania.org\/2020\/#website\"},\"primaryImageOfPage\":{\"@id\":\"https:\/\/orthodoxalbania.org\/2020\/en\/2006\/02\/26\/the-children-of-tirana-go-caroling-december-2006\/#primaryimage\"},\"image\":{\"@id\":\"https:\/\/orthodoxalbania.org\/2020\/en\/2006\/02\/26\/the-children-of-tirana-go-caroling-december-2006\/#primaryimage\"},\"thumbnailUrl\":\"https:\/\/lh6.googleusercontent.com\/-6ABAk-AqFoY\/VIgt4k5BLgI\/AAAAAAAAF4g\/68MnPcCFnH8\/w370-h278-no\/untitled1.jpg\",\"datePublished\":\"2006-02-26T00:00:15+00:00\",\"dateModified\":\"2020-04-12T22:31:31+00:00\",\"breadcrumb\":{\"@id\":\"https:\/\/orthodoxalbania.org\/2020\/en\/2006\/02\/26\/the-children-of-tirana-go-caroling-december-2006\/#breadcrumb\"},\"inLanguage\":\"en-US\",\"potentialAction\":[{\"@type\":\"ReadAction\",\"target\":[\"https:\/\/orthodoxalbania.org\/2020\/en\/2006\/02\/26\/the-children-of-tirana-go-caroling-december-2006\/\"]}]},{\"@type\":\"ImageObject\",\"inLanguage\":\"en-US\",\"@id\":\"https:\/\/orthodoxalbania.org\/2020\/en\/2006\/02\/26\/the-children-of-tirana-go-caroling-december-2006\/#primaryimage\",\"url\":\"https:\/\/lh6.googleusercontent.com\/-6ABAk-AqFoY\/VIgt4k5BLgI\/AAAAAAAAF4g\/68MnPcCFnH8\/w370-h278-no\/untitled1.jpg\",\"contentUrl\":\"https:\/\/lh6.googleusercontent.com\/-6ABAk-AqFoY\/VIgt4k5BLgI\/AAAAAAAAF4g\/68MnPcCFnH8\/w370-h278-no\/untitled1.jpg\"},{\"@type\":\"BreadcrumbList\",\"@id\":\"https:\/\/orthodoxalbania.org\/2020\/en\/2006\/02\/26\/the-children-of-tirana-go-caroling-december-2006\/#breadcrumb\",\"itemListElement\":[{\"@type\":\"ListItem\",\"position\":1,\"name\":\"Home\",\"item\":\"https:\/\/orthodoxalbania.org\/2020\/\"},{\"@type\":\"ListItem\",\"position\":2,\"name\":\"The Children of Tirana Go Caroling (December 2006)\"}]},{\"@type\":\"WebSite\",\"@id\":\"https:\/\/orthodoxalbania.org\/2020\/#website\",\"url\":\"https:\/\/orthodoxalbania.org\/2020\/\",\"name\":\"Kisha Orthodh\u03bfkse Autoqefale e Shqip\u00ebris\u00eb\",\"description\":\"Fqja Zyrtare e Kish\u00ebs Orthodhokse Autoqefale e Shqip\u00ebris\u00eb me lajmet edhe informacionet zyrtare p\u00ebr struktur\u00ebn edhe veprimtarin e saj.\",\"publisher\":{\"@id\":\"https:\/\/orthodoxalbania.org\/2020\/#organization\"},\"potentialAction\":[{\"@type\":\"SearchAction\",\"target\":{\"@type\":\"EntryPoint\",\"urlTemplate\":\"https:\/\/orthodoxalbania.org\/2020\/?s={search_term_string}\"},\"query-input\":{\"@type\":\"PropertyValueSpecification\",\"valueRequired\":true,\"valueName\":\"search_term_string\"}}],\"inLanguage\":\"en-US\"},{\"@type\":\"Organization\",\"@id\":\"https:\/\/orthodoxalbania.org\/2020\/#organization\",\"name\":\"Kisha Orthodhokse Autoqefale e Shqip\u00ebris\u00eb\",\"url\":\"https:\/\/orthodoxalbania.org\/2020\/\",\"logo\":{\"@type\":\"ImageObject\",\"inLanguage\":\"en-US\",\"@id\":\"https:\/\/orthodoxalbania.org\/2020\/#\/schema\/logo\/image\/\",\"url\":\"https:\/\/orthodoxalbania.org\/2020\/wp-content\/uploads\/2020\/05\/albania.jpeg\",\"contentUrl\":\"https:\/\/orthodoxalbania.org\/2020\/wp-content\/uploads\/2020\/05\/albania.jpeg\",\"width\":540,\"height\":540,\"caption\":\"Kisha Orthodhokse Autoqefale e Shqip\u00ebris\u00eb\"},\"image\":{\"@id\":\"https:\/\/orthodoxalbania.org\/2020\/#\/schema\/logo\/image\/\"},\"sameAs\":[\"https:\/\/www.facebook.com\/koash1991\"]},{\"@type\":\"Person\",\"@id\":\"https:\/\/orthodoxalbania.org\/2020\/#\/schema\/person\/df745f942b70e045b3dc05a30211f0de\",\"name\":\"Kisha Orthodhokse\",\"image\":{\"@type\":\"ImageObject\",\"inLanguage\":\"en-US\",\"@id\":\"https:\/\/secure.gravatar.com\/avatar\/2676eb8d97178435c9f691a7871595a1da6c33542dec218bce40885573150e28?s=96&d=mm&r=g\",\"url\":\"https:\/\/secure.gravatar.com\/avatar\/2676eb8d97178435c9f691a7871595a1da6c33542dec218bce40885573150e28?s=96&d=mm&r=g\",\"contentUrl\":\"https:\/\/secure.gravatar.com\/avatar\/2676eb8d97178435c9f691a7871595a1da6c33542dec218bce40885573150e28?s=96&d=mm&r=g\",\"caption\":\"Kisha Orthodhokse\"}}]}<\/script>\n<!-- \/ Yoast SEO plugin. -->","yoast_head_json":{"title":"The Children of Tirana Go Caroling (December 2006) - Kisha Orthodh\u03bfkse Autoqefale e Shqip\u00ebris\u00eb","robots":{"index":"index","follow":"follow","max-snippet":"max-snippet:-1","max-image-preview":"max-image-preview:large","max-video-preview":"max-video-preview:-1"},"canonical":"https:\/\/orthodoxalbania.org\/2020\/en\/2006\/02\/26\/the-children-of-tirana-go-caroling-december-2006\/","og_locale":"en_US","og_type":"article","og_title":"The Children of Tirana Go Caroling (December 2006) - Kisha Orthodh\u03bfkse Autoqefale e Shqip\u00ebris\u00eb","og_description":"&nbsp;&nbsp;&nbsp; Again this year the children of the capital city were gathered and went to some orthodox families to announce to them the coming of the feast of Nativity through carols (traditional songs) and their joyful visits. &nbsp;&nbsp;&nbsp; &nbsp;&nbsp;&nbsp; Knocking on every door, singing the traditional and new Christmas songs with their sweet and melodious voices, they shared with some families of Tirana the joy","og_url":"https:\/\/orthodoxalbania.org\/2020\/en\/2006\/02\/26\/the-children-of-tirana-go-caroling-december-2006\/","og_site_name":"Kisha Orthodh\u03bfkse Autoqefale e Shqip\u00ebris\u00eb","article_publisher":"https:\/\/www.facebook.com\/koash1991","article_published_time":"2006-02-26T00:00:15+00:00","article_modified_time":"2020-04-12T22:31:31+00:00","og_image":[{"url":"https:\/\/lh6.googleusercontent.com\/-6ABAk-AqFoY\/VIgt4k5BLgI\/AAAAAAAAF4g\/68MnPcCFnH8\/w370-h278-no\/untitled1.jpg","type":"","width":"","height":""}],"author":"Kisha Orthodhokse","twitter_card":"summary_large_image","twitter_misc":{"Written by":"Kisha Orthodhokse","Est. reading time":"1 minute"},"schema":{"@context":"https:\/\/schema.org","@graph":[{"@type":"Article","@id":"https:\/\/orthodoxalbania.org\/2020\/en\/2006\/02\/26\/the-children-of-tirana-go-caroling-december-2006\/#article","isPartOf":{"@id":"https:\/\/orthodoxalbania.org\/2020\/en\/2006\/02\/26\/the-children-of-tirana-go-caroling-december-2006\/"},"author":{"name":"Kisha Orthodhokse","@id":"https:\/\/orthodoxalbania.org\/2020\/#\/schema\/person\/df745f942b70e045b3dc05a30211f0de"},"headline":"The Children of Tirana Go Caroling (December 2006)","datePublished":"2006-02-26T00:00:15+00:00","dateModified":"2020-04-12T22:31:31+00:00","mainEntityOfPage":{"@id":"https:\/\/orthodoxalbania.org\/2020\/en\/2006\/02\/26\/the-children-of-tirana-go-caroling-december-2006\/"},"wordCount":197,"commentCount":0,"publisher":{"@id":"https:\/\/orthodoxalbania.org\/2020\/#organization"},"image":{"@id":"https:\/\/orthodoxalbania.org\/2020\/en\/2006\/02\/26\/the-children-of-tirana-go-caroling-december-2006\/#primaryimage"},"thumbnailUrl":"https:\/\/lh6.googleusercontent.com\/-6ABAk-AqFoY\/VIgt4k5BLgI\/AAAAAAAAF4g\/68MnPcCFnH8\/w370-h278-no\/untitled1.jpg","keywords":["2006","Krishtlindje"],"articleSection":["News - \u0395\u039d","News old page"],"inLanguage":"en-US"},{"@type":"WebPage","@id":"https:\/\/orthodoxalbania.org\/2020\/en\/2006\/02\/26\/the-children-of-tirana-go-caroling-december-2006\/","url":"https:\/\/orthodoxalbania.org\/2020\/en\/2006\/02\/26\/the-children-of-tirana-go-caroling-december-2006\/","name":"The Children of Tirana Go Caroling (December 2006) - Kisha Orthodh\u03bfkse Autoqefale e Shqip\u00ebris\u00eb","isPartOf":{"@id":"https:\/\/orthodoxalbania.org\/2020\/#website"},"primaryImageOfPage":{"@id":"https:\/\/orthodoxalbania.org\/2020\/en\/2006\/02\/26\/the-children-of-tirana-go-caroling-december-2006\/#primaryimage"},"image":{"@id":"https:\/\/orthodoxalbania.org\/2020\/en\/2006\/02\/26\/the-children-of-tirana-go-caroling-december-2006\/#primaryimage"},"thumbnailUrl":"https:\/\/lh6.googleusercontent.com\/-6ABAk-AqFoY\/VIgt4k5BLgI\/AAAAAAAAF4g\/68MnPcCFnH8\/w370-h278-no\/untitled1.jpg","datePublished":"2006-02-26T00:00:15+00:00","dateModified":"2020-04-12T22:31:31+00:00","breadcrumb":{"@id":"https:\/\/orthodoxalbania.org\/2020\/en\/2006\/02\/26\/the-children-of-tirana-go-caroling-december-2006\/#breadcrumb"},"inLanguage":"en-US","potentialAction":[{"@type":"ReadAction","target":["https:\/\/orthodoxalbania.org\/2020\/en\/2006\/02\/26\/the-children-of-tirana-go-caroling-december-2006\/"]}]},{"@type":"ImageObject","inLanguage":"en-US","@id":"https:\/\/orthodoxalbania.org\/2020\/en\/2006\/02\/26\/the-children-of-tirana-go-caroling-december-2006\/#primaryimage","url":"https:\/\/lh6.googleusercontent.com\/-6ABAk-AqFoY\/VIgt4k5BLgI\/AAAAAAAAF4g\/68MnPcCFnH8\/w370-h278-no\/untitled1.jpg","contentUrl":"https:\/\/lh6.googleusercontent.com\/-6ABAk-AqFoY\/VIgt4k5BLgI\/AAAAAAAAF4g\/68MnPcCFnH8\/w370-h278-no\/untitled1.jpg"},{"@type":"BreadcrumbList","@id":"https:\/\/orthodoxalbania.org\/2020\/en\/2006\/02\/26\/the-children-of-tirana-go-caroling-december-2006\/#breadcrumb","itemListElement":[{"@type":"ListItem","position":1,"name":"Home","item":"https:\/\/orthodoxalbania.org\/2020\/"},{"@type":"ListItem","position":2,"name":"The Children of Tirana Go Caroling (December 2006)"}]},{"@type":"WebSite","@id":"https:\/\/orthodoxalbania.org\/2020\/#website","url":"https:\/\/orthodoxalbania.org\/2020\/","name":"Kisha Orthodh\u03bfkse Autoqefale e Shqip\u00ebris\u00eb","description":"Fqja Zyrtare e Kish\u00ebs Orthodhokse Autoqefale e Shqip\u00ebris\u00eb me lajmet edhe informacionet zyrtare p\u00ebr struktur\u00ebn edhe veprimtarin e saj.","publisher":{"@id":"https:\/\/orthodoxalbania.org\/2020\/#organization"},"potentialAction":[{"@type":"SearchAction","target":{"@type":"EntryPoint","urlTemplate":"https:\/\/orthodoxalbania.org\/2020\/?s={search_term_string}"},"query-input":{"@type":"PropertyValueSpecification","valueRequired":true,"valueName":"search_term_string"}}],"inLanguage":"en-US"},{"@type":"Organization","@id":"https:\/\/orthodoxalbania.org\/2020\/#organization","name":"Kisha Orthodhokse Autoqefale e Shqip\u00ebris\u00eb","url":"https:\/\/orthodoxalbania.org\/2020\/","logo":{"@type":"ImageObject","inLanguage":"en-US","@id":"https:\/\/orthodoxalbania.org\/2020\/#\/schema\/logo\/image\/","url":"https:\/\/orthodoxalbania.org\/2020\/wp-content\/uploads\/2020\/05\/albania.jpeg","contentUrl":"https:\/\/orthodoxalbania.org\/2020\/wp-content\/uploads\/2020\/05\/albania.jpeg","width":540,"height":540,"caption":"Kisha Orthodhokse Autoqefale e Shqip\u00ebris\u00eb"},"image":{"@id":"https:\/\/orthodoxalbania.org\/2020\/#\/schema\/logo\/image\/"},"sameAs":["https:\/\/www.facebook.com\/koash1991"]},{"@type":"Person","@id":"https:\/\/orthodoxalbania.org\/2020\/#\/schema\/person\/df745f942b70e045b3dc05a30211f0de","name":"Kisha Orthodhokse","image":{"@type":"ImageObject","inLanguage":"en-US","@id":"https:\/\/secure.gravatar.com\/avatar\/2676eb8d97178435c9f691a7871595a1da6c33542dec218bce40885573150e28?s=96&d=mm&r=g","url":"https:\/\/secure.gravatar.com\/avatar\/2676eb8d97178435c9f691a7871595a1da6c33542dec218bce40885573150e28?s=96&d=mm&r=g","contentUrl":"https:\/\/secure.gravatar.com\/avatar\/2676eb8d97178435c9f691a7871595a1da6c33542dec218bce40885573150e28?s=96&d=mm&r=g","caption":"Kisha Orthodhokse"}}]}},"_links":{"self":[{"href":"https:\/\/orthodoxalbania.org\/2020\/wp-json\/wp\/v2\/posts\/1310","targetHints":{"allow":["GET"]}}],"collection":[{"href":"https:\/\/orthodoxalbania.org\/2020\/wp-json\/wp\/v2\/posts"}],"about":[{"href":"https:\/\/orthodoxalbania.org\/2020\/wp-json\/wp\/v2\/types\/post"}],"author":[{"embeddable":true,"href":"https:\/\/orthodoxalbania.org\/2020\/wp-json\/wp\/v2\/users\/7"}],"replies":[{"embeddable":true,"href":"https:\/\/orthodoxalbania.org\/2020\/wp-json\/wp\/v2\/comments?post=1310"}],"version-history":[{"count":1,"href":"https:\/\/orthodoxalbania.org\/2020\/wp-json\/wp\/v2\/posts\/1310\/revisions"}],"predecessor-version":[{"id":18067,"href":"https:\/\/orthodoxalbania.org\/2020\/wp-json\/wp\/v2\/posts\/1310\/revisions\/18067"}],"wp:attachment":[{"href":"https:\/\/orthodoxalbania.org\/2020\/wp-json\/wp\/v2\/media?parent=1310"}],"wp:term":[{"taxonomy":"category","embeddable":true,"href":"https:\/\/orthodoxalbania.org\/2020\/wp-json\/wp\/v2\/categories?post=1310"},{"taxonomy":"post_tag","embeddable":true,"href":"https:\/\/orthodoxalbania.org\/2020\/wp-json\/wp\/v2\/tags?post=1310"}],"curies":[{"name":"wp","href":"https:\/\/api.w.org\/{rel}","templated":true}]}}