{"id":1307,"date":"2007-02-26T00:00:01","date_gmt":"2007-02-26T00:00:01","guid":{"rendered":""},"modified":"2020-04-13T00:31:29","modified_gmt":"2020-04-12T22:31:29","slug":"the-celebration-of-theophany-in-berati-january-2007","status":"publish","type":"post","link":"https:\/\/orthodoxalbania.org\/2020\/en\/2007\/02\/26\/the-celebration-of-theophany-in-berati-january-2007\/","title":{"rendered":"The celebration of Theophany in Berati. (January 2007)"},"content":{"rendered":"<table id=\"AutoNumber3\" style=\"width: 767px; height: 2183px;\" border=\"0\">\n<tbody>\n<tr>\n<td colspan=\"2\">\n<div style=\"text-align: justify;\"><span style=\"color: #000000;\"><span style=\"font-family: tahoma,geneva,sans-serif;\"><span style=\"font-size: 12px;\">&nbsp;&nbsp;&nbsp; Even this year, the feast of Epiphany gathered the citizens of Berati near the Osum River waiting for the blessing of the waters. This is one of the greatest feasts of the year in this city, because almost everyone participates, despite their religious background.<\/span><\/span><\/span><\/div>\n<\/td>\n<\/tr>\n<tr>\n<td>\n<div style=\"text-align: justify;\"><span style=\"color: #000000;\"><span style=\"font-family: tahoma,geneva,sans-serif;\"><span style=\"font-size: 12px;\">&nbsp;&nbsp;&nbsp; On January 6<sup>th<\/sup>, early in the morning, hundred faithful from various neighborhoods of Berati headed to the church of Saint Spiridhonos. &nbsp;<\/span><\/span><\/span><\/div>\n<\/td>\n<td>\n<div><span style=\"color: #000000;\"><span style=\"font-family: tahoma,geneva,sans-serif;\"><span style=\"font-size: 12px;\"><img decoding=\"async\" class=\"lazyload HAa Eha\" style=\"border-width: 1px; border-style: solid; margin: 10px auto; display: block;\" alt=\"\" src=\"data:image\/svg+xml,%3Csvg%20xmlns%3D%27http%3A%2F%2Fwww.w3.org%2F2000%2Fsvg%27%20width%3D%27263%27%20height%3D%27198%27%20viewBox%3D%270%200%20263%20198%27%3E%3Crect%20width%3D%27263%27%20height%3D%27198%27%20fill-opacity%3D%220%22%2F%3E%3C%2Fsvg%3E\" data-orig-src=\"https:\/\/lh6.googleusercontent.com\/-lawO1GM5yFs\/VIg3Qnc3CLI\/AAAAAAAAF9w\/B1OFlrESu-8\/w370-h278-no\/untitled1.jpg\" height=\"198\" width=\"263\" \/><\/span><\/span><\/span><\/div>\n<\/td>\n<\/tr>\n<tr>\n<td>\n<div><span style=\"color: #000000;\"><span style=\"font-family: tahoma,geneva,sans-serif;\"><span style=\"font-size: 12px;\"><img decoding=\"async\" class=\"lazyload HAa Eha\" style=\"border-width: 1px; border-style: solid; margin: 10px auto; display: block;\" alt=\"\" src=\"data:image\/svg+xml,%3Csvg%20xmlns%3D%27http%3A%2F%2Fwww.w3.org%2F2000%2Fsvg%27%20width%3D%27270%27%20height%3D%27203%27%20viewBox%3D%270%200%20270%20203%27%3E%3Crect%20width%3D%27270%27%20height%3D%27203%27%20fill-opacity%3D%220%22%2F%3E%3C%2Fsvg%3E\" data-orig-src=\"https:\/\/lh5.googleusercontent.com\/-7Scr89Vb6tI\/VIg3QgUGWKI\/AAAAAAAAF-g\/65wBlDD3cDk\/w370-h278-no\/untitled2.jpg\" height=\"203\" width=\"270\" \/><\/span><\/span><\/span><\/div>\n<\/td>\n<td>\n<div style=\"text-align: justify;\"><span style=\"color: #000000;\"><span style=\"font-family: tahoma,geneva,sans-serif;\"><span style=\"font-size: 12px;\">&nbsp;&nbsp;&nbsp; After following the Holy Liturgy, which was lead by his holiness, bishop of Berati, Ignatios all the people directed to the Osum River to attend the service for the blessing of the waters. &nbsp;&nbsp;<\/span><\/span><\/span><\/div>\n<\/td>\n<\/tr>\n<tr>\n<td>\n<div><span style=\"color: #000000;\"><span style=\"font-family: tahoma,geneva,sans-serif;\"><span style=\"font-size: 12px;\">&nbsp;&nbsp;&nbsp; During his speech, bishop Ignatios emphasized the significance of this day. The doctrine of the Orthodox Church is based on the Holy Trinity.<\/span><\/span><\/span><\/div>\n<\/td>\n<td>\n<div><span style=\"color: #000000;\"><span style=\"font-family: tahoma,geneva,sans-serif;\"><span style=\"font-size: 12px;\"><img decoding=\"async\" class=\"lazyload HAa Eha\" style=\"border-width: 1px; border-style: solid; margin: 10px auto; display: block;\" alt=\"\" src=\"data:image\/svg+xml,%3Csvg%20xmlns%3D%27http%3A%2F%2Fwww.w3.org%2F2000%2Fsvg%27%20width%3D%27309%27%20height%3D%27232%27%20viewBox%3D%270%200%20309%20232%27%3E%3Crect%20width%3D%27309%27%20height%3D%27232%27%20fill-opacity%3D%220%22%2F%3E%3C%2Fsvg%3E\" data-orig-src=\"https:\/\/lh4.googleusercontent.com\/-hs6wuPF911A\/VIg3Q0lO94I\/AAAAAAAAF94\/hJbel3QLKTw\/w370-h278-no\/untitled3.jpg\" height=\"232\" width=\"309\" \/><\/span><\/span><\/span><\/div>\n<\/td>\n<\/tr>\n<tr>\n<td>\n<div><span style=\"color: #000000;\"><span style=\"font-family: tahoma,geneva,sans-serif;\"><span style=\"font-size: 12px;\"><img decoding=\"async\" class=\"lazyload HAa Eha\" style=\"border-width: 1px; border-style: solid; margin: 10px auto; display: block;\" alt=\"\" src=\"data:image\/svg+xml,%3Csvg%20xmlns%3D%27http%3A%2F%2Fwww.w3.org%2F2000%2Fsvg%27%20width%3D%27327%27%20height%3D%27246%27%20viewBox%3D%270%200%20327%20246%27%3E%3Crect%20width%3D%27327%27%20height%3D%27246%27%20fill-opacity%3D%220%22%2F%3E%3C%2Fsvg%3E\" data-orig-src=\"https:\/\/lh4.googleusercontent.com\/-eCEREmzstBI\/VIg3RKd9HJI\/AAAAAAAAF-Q\/M29uYCDO0ak\/w370-h278-no\/untitled4.jpg\" height=\"246\" width=\"327\" \/><\/span><\/span><\/span><\/div>\n<\/td>\n<td>\n<div style=\"text-align: justify;\"><span style=\"color: #000000;\"><span style=\"font-family: tahoma,geneva,sans-serif;\"><span style=\"font-size: 12px;\">&nbsp;&nbsp;&nbsp; This is particularly what we celebrate today, the revelation of the Holy Trinity, which is revealed to each individual.<\/span><\/span><\/span><\/div>\n<\/td>\n<\/tr>\n<tr>\n<td>\n<div style=\"text-align: justify;\"><span style=\"color: #000000;\"><span style=\"font-family: tahoma,geneva,sans-serif;\"><span style=\"font-size: 12px;\">&nbsp;&nbsp;&nbsp; By the revelation of the Holy Trinity, our faith was completed and was made known to all the nations.<\/span><\/span><\/span><\/div>\n<\/td>\n<td>\n<div><span style=\"color: #000000;\"><span style=\"font-family: tahoma,geneva,sans-serif;\"><span style=\"font-size: 12px;\"><img decoding=\"async\" class=\"lazyload HAa Eha\" style=\"border-width: 1px; border-style: solid; margin: 10px auto; display: block;\" alt=\"\" src=\"data:image\/svg+xml,%3Csvg%20xmlns%3D%27http%3A%2F%2Fwww.w3.org%2F2000%2Fsvg%27%20width%3D%27299%27%20height%3D%27225%27%20viewBox%3D%270%200%20299%20225%27%3E%3Crect%20width%3D%27299%27%20height%3D%27225%27%20fill-opacity%3D%220%22%2F%3E%3C%2Fsvg%3E\" data-orig-src=\"https:\/\/lh5.googleusercontent.com\/-HyRZi5t2U38\/VIg3ReEP1CI\/AAAAAAAAF-U\/9VV3T9Mk79M\/w370-h278-no\/untitled5.jpg\" height=\"225\" width=\"299\" \/><\/span><\/span><\/span><\/div>\n<\/td>\n<\/tr>\n<tr>\n<td dir=\"ltr\">\n<div><span style=\"color: #000000;\"><span style=\"font-family: tahoma,geneva,sans-serif;\"><span style=\"font-size: 12px;\"><img decoding=\"async\" class=\"lazyload HAa Eha\" style=\"border-width: 1px; border-style: solid; margin: 10px auto; display: block;\" alt=\"\" src=\"data:image\/svg+xml,%3Csvg%20xmlns%3D%27http%3A%2F%2Fwww.w3.org%2F2000%2Fsvg%27%20width%3D%27302%27%20height%3D%27227%27%20viewBox%3D%270%200%20302%20227%27%3E%3Crect%20width%3D%27302%27%20height%3D%27227%27%20fill-opacity%3D%220%22%2F%3E%3C%2Fsvg%3E\" data-orig-src=\"https:\/\/lh4.googleusercontent.com\/-gd-re4rfbsc\/VIg3Rz_a8MI\/AAAAAAAAF-I\/fqcy5AB_Ql8\/w370-h278-no\/untitled6.jpg\" height=\"227\" width=\"302\" \/><\/span><\/span><\/span><\/div>\n<\/td>\n<td dir=\"ltr\">\n<div><span style=\"color: #000000;\"><span style=\"font-family: tahoma,geneva,sans-serif;\"><span style=\"font-size: 12px;\">&nbsp;&nbsp;&nbsp; Later on, as to the tradition, the cross was threw into the river, and many young people tried to get it.<\/span><\/span><\/span><\/div>\n<\/td>\n<\/tr>\n<tr>\n<td dir=\"ltr\">\n<div><span style=\"color: #000000;\"><span style=\"font-family: tahoma,geneva,sans-serif;\"><span style=\"font-size: 12px;\"><img decoding=\"async\" class=\"lazyload HAa Eha\" style=\"border-width: 1px; border-style: solid; margin: 10px auto; display: block;\" alt=\"\" src=\"data:image\/gif;base64,R0lGODlhAQABAAAAACH5BAEKAAEALAAAAAABAAEAAAICTAEAOw==\" data-orig-src=\"https:\/\/lh5.googleusercontent.com\/-dL933IsOhNQ\/VIg3SCseD3I\/AAAAAAAAF-M\/ALoLfNXSBNI\/w370-h278-no\/untitled7.jpg\" \/><\/span><\/span><\/span><\/div>\n<\/td>\n<td dir=\"ltr\">\n<div><span style=\"color: #000000;\"><span style=\"font-family: tahoma,geneva,sans-serif;\"><span style=\"font-size: 12px;\"><img decoding=\"async\" class=\"lazyload HAa Eha\" style=\"border-width: 1px; border-style: solid; margin: 10px auto; display: block;\" alt=\"\" src=\"data:image\/svg+xml,%3Csvg%20xmlns%3D%27http%3A%2F%2Fwww.w3.org%2F2000%2Fsvg%27%20width%3D%27330%27%20height%3D%27248%27%20viewBox%3D%270%200%20330%20248%27%3E%3Crect%20width%3D%27330%27%20height%3D%27248%27%20fill-opacity%3D%220%22%2F%3E%3C%2Fsvg%3E\" data-orig-src=\"https:\/\/lh5.googleusercontent.com\/-30YGamcBYSU\/VIg3Tavp-tI\/AAAAAAAAF-s\/nOub5sfrtYo\/w370-h278-no\/untitled8.jpg\" height=\"248\" width=\"330\" \/><\/span><\/span><\/span><\/div>\n<\/td>\n<\/tr>\n<tr>\n<td dir=\"ltr\" colspan=\"2\">\n<div><span style=\"color: #000000;\"><span style=\"font-family: tahoma,geneva,sans-serif;\"><span style=\"font-size: 12px;\">&nbsp;&nbsp;<\/span><\/span><\/span><\/div>\n<div>&nbsp;<\/div>\n<div style=\"text-align: right;\"><span style=\"color: #000000;\"><span style=\"font-family: tahoma,geneva,sans-serif;\"><span style=\"font-size: 12px;\"><strong>Translated by Marina Marini<\/strong><\/span><\/span><\/span><\/div>\n<\/td>\n<\/tr>\n<\/tbody>\n<\/table>\n","protected":false},"excerpt":{"rendered":"<p>&nbsp;&nbsp;&nbsp; Even this year, the feast of Epiphany gathered the citizens of Berati near the Osum River waiting for the blessing of the waters. This is one of the greatest feasts of the year in this city, because almost everyone participates, despite their religious background. &nbsp;&nbsp;&nbsp; On January 6th, early in the morning, hundred faithful from various neighborhoods of Berati headed to the church of<\/p>\n","protected":false},"author":7,"featured_media":0,"comment_status":"open","ping_status":"open","sticky":false,"template":"","format":"standard","meta":{"_acf_changed":false,"pagelayer_contact_templates":[],"_pagelayer_content":"","inline_featured_image":false,"fifu_image_url":"","fifu_image_alt":"","footnotes":""},"categories":[1455,311],"tags":[1117,1770],"class_list":["post-1307","post","type-post","status-publish","format-standard","hentry","category-news-en","category-news-d25","tag-2007-en","tag-uji-i-bekuar-en"],"acf":[],"yoast_head":"<!-- This site is optimized with the Yoast SEO plugin v27.2 - https:\/\/yoast.com\/product\/yoast-seo-wordpress\/ -->\n<title>The celebration of Theophany in Berati. (January 2007) - Kisha Orthodh\u03bfkse Autoqefale e Shqip\u00ebris\u00eb<\/title>\n<meta name=\"robots\" content=\"index, follow, max-snippet:-1, max-image-preview:large, max-video-preview:-1\" \/>\n<link rel=\"canonical\" href=\"https:\/\/orthodoxalbania.org\/2020\/en\/2007\/02\/26\/the-celebration-of-theophany-in-berati-january-2007\/\" \/>\n<meta property=\"og:locale\" content=\"en_US\" \/>\n<meta property=\"og:type\" content=\"article\" \/>\n<meta property=\"og:title\" content=\"The celebration of Theophany in Berati. (January 2007) - Kisha Orthodh\u03bfkse Autoqefale e Shqip\u00ebris\u00eb\" \/>\n<meta property=\"og:description\" content=\"&nbsp;&nbsp;&nbsp; Even this year, the feast of Epiphany gathered the citizens of Berati near the Osum River waiting for the blessing of the waters. This is one of the greatest feasts of the year in this city, because almost everyone participates, despite their religious background. &nbsp;&nbsp;&nbsp; On January 6th, early in the morning, hundred faithful from various neighborhoods of Berati headed to the church of\" \/>\n<meta property=\"og:url\" content=\"https:\/\/orthodoxalbania.org\/2020\/en\/2007\/02\/26\/the-celebration-of-theophany-in-berati-january-2007\/\" \/>\n<meta property=\"og:site_name\" content=\"Kisha Orthodh\u03bfkse Autoqefale e Shqip\u00ebris\u00eb\" \/>\n<meta property=\"article:publisher\" content=\"https:\/\/www.facebook.com\/koash1991\" \/>\n<meta property=\"article:published_time\" content=\"2007-02-26T00:00:01+00:00\" \/>\n<meta property=\"article:modified_time\" content=\"2020-04-12T22:31:29+00:00\" \/>\n<meta property=\"og:image\" content=\"https:\/\/lh6.googleusercontent.com\/-lawO1GM5yFs\/VIg3Qnc3CLI\/AAAAAAAAF9w\/B1OFlrESu-8\/w370-h278-no\/untitled1.jpg\" \/>\n<meta name=\"author\" content=\"Kisha Orthodhokse\" \/>\n<meta name=\"twitter:card\" content=\"summary_large_image\" \/>\n<meta name=\"twitter:label1\" content=\"Written by\" \/>\n\t<meta name=\"twitter:data1\" content=\"Kisha Orthodhokse\" \/>\n\t<meta name=\"twitter:label2\" content=\"Est. reading time\" \/>\n\t<meta name=\"twitter:data2\" content=\"1 minute\" \/>\n<script type=\"application\/ld+json\" class=\"yoast-schema-graph\">{\"@context\":\"https:\/\/schema.org\",\"@graph\":[{\"@type\":\"Article\",\"@id\":\"https:\/\/orthodoxalbania.org\/2020\/en\/2007\/02\/26\/the-celebration-of-theophany-in-berati-january-2007\/#article\",\"isPartOf\":{\"@id\":\"https:\/\/orthodoxalbania.org\/2020\/en\/2007\/02\/26\/the-celebration-of-theophany-in-berati-january-2007\/\"},\"author\":{\"name\":\"Kisha Orthodhokse\",\"@id\":\"https:\/\/orthodoxalbania.org\/2020\/#\/schema\/person\/df745f942b70e045b3dc05a30211f0de\"},\"headline\":\"The celebration of Theophany in Berati. (January 2007)\",\"datePublished\":\"2007-02-26T00:00:01+00:00\",\"dateModified\":\"2020-04-12T22:31:29+00:00\",\"mainEntityOfPage\":{\"@id\":\"https:\/\/orthodoxalbania.org\/2020\/en\/2007\/02\/26\/the-celebration-of-theophany-in-berati-january-2007\/\"},\"wordCount\":218,\"commentCount\":0,\"publisher\":{\"@id\":\"https:\/\/orthodoxalbania.org\/2020\/#organization\"},\"image\":{\"@id\":\"https:\/\/orthodoxalbania.org\/2020\/en\/2007\/02\/26\/the-celebration-of-theophany-in-berati-january-2007\/#primaryimage\"},\"thumbnailUrl\":\"https:\/\/lh6.googleusercontent.com\/-lawO1GM5yFs\/VIg3Qnc3CLI\/AAAAAAAAF9w\/B1OFlrESu-8\/w370-h278-no\/untitled1.jpg\",\"keywords\":[\"2007\",\"Uji i Bekuar\"],\"articleSection\":[\"News - \u0395\u039d\",\"News old page\"],\"inLanguage\":\"en-US\"},{\"@type\":\"WebPage\",\"@id\":\"https:\/\/orthodoxalbania.org\/2020\/en\/2007\/02\/26\/the-celebration-of-theophany-in-berati-january-2007\/\",\"url\":\"https:\/\/orthodoxalbania.org\/2020\/en\/2007\/02\/26\/the-celebration-of-theophany-in-berati-january-2007\/\",\"name\":\"The celebration of Theophany in Berati. (January 2007) - Kisha Orthodh\u03bfkse Autoqefale e Shqip\u00ebris\u00eb\",\"isPartOf\":{\"@id\":\"https:\/\/orthodoxalbania.org\/2020\/#website\"},\"primaryImageOfPage\":{\"@id\":\"https:\/\/orthodoxalbania.org\/2020\/en\/2007\/02\/26\/the-celebration-of-theophany-in-berati-january-2007\/#primaryimage\"},\"image\":{\"@id\":\"https:\/\/orthodoxalbania.org\/2020\/en\/2007\/02\/26\/the-celebration-of-theophany-in-berati-january-2007\/#primaryimage\"},\"thumbnailUrl\":\"https:\/\/lh6.googleusercontent.com\/-lawO1GM5yFs\/VIg3Qnc3CLI\/AAAAAAAAF9w\/B1OFlrESu-8\/w370-h278-no\/untitled1.jpg\",\"datePublished\":\"2007-02-26T00:00:01+00:00\",\"dateModified\":\"2020-04-12T22:31:29+00:00\",\"breadcrumb\":{\"@id\":\"https:\/\/orthodoxalbania.org\/2020\/en\/2007\/02\/26\/the-celebration-of-theophany-in-berati-january-2007\/#breadcrumb\"},\"inLanguage\":\"en-US\",\"potentialAction\":[{\"@type\":\"ReadAction\",\"target\":[\"https:\/\/orthodoxalbania.org\/2020\/en\/2007\/02\/26\/the-celebration-of-theophany-in-berati-january-2007\/\"]}]},{\"@type\":\"ImageObject\",\"inLanguage\":\"en-US\",\"@id\":\"https:\/\/orthodoxalbania.org\/2020\/en\/2007\/02\/26\/the-celebration-of-theophany-in-berati-january-2007\/#primaryimage\",\"url\":\"https:\/\/lh6.googleusercontent.com\/-lawO1GM5yFs\/VIg3Qnc3CLI\/AAAAAAAAF9w\/B1OFlrESu-8\/w370-h278-no\/untitled1.jpg\",\"contentUrl\":\"https:\/\/lh6.googleusercontent.com\/-lawO1GM5yFs\/VIg3Qnc3CLI\/AAAAAAAAF9w\/B1OFlrESu-8\/w370-h278-no\/untitled1.jpg\"},{\"@type\":\"BreadcrumbList\",\"@id\":\"https:\/\/orthodoxalbania.org\/2020\/en\/2007\/02\/26\/the-celebration-of-theophany-in-berati-january-2007\/#breadcrumb\",\"itemListElement\":[{\"@type\":\"ListItem\",\"position\":1,\"name\":\"Home\",\"item\":\"https:\/\/orthodoxalbania.org\/2020\/\"},{\"@type\":\"ListItem\",\"position\":2,\"name\":\"The celebration of Theophany in Berati. (January 2007)\"}]},{\"@type\":\"WebSite\",\"@id\":\"https:\/\/orthodoxalbania.org\/2020\/#website\",\"url\":\"https:\/\/orthodoxalbania.org\/2020\/\",\"name\":\"Kisha Orthodh\u03bfkse Autoqefale e Shqip\u00ebris\u00eb\",\"description\":\"Fqja Zyrtare e Kish\u00ebs Orthodhokse Autoqefale e Shqip\u00ebris\u00eb me lajmet edhe informacionet zyrtare p\u00ebr struktur\u00ebn edhe veprimtarin e saj.\",\"publisher\":{\"@id\":\"https:\/\/orthodoxalbania.org\/2020\/#organization\"},\"potentialAction\":[{\"@type\":\"SearchAction\",\"target\":{\"@type\":\"EntryPoint\",\"urlTemplate\":\"https:\/\/orthodoxalbania.org\/2020\/?s={search_term_string}\"},\"query-input\":{\"@type\":\"PropertyValueSpecification\",\"valueRequired\":true,\"valueName\":\"search_term_string\"}}],\"inLanguage\":\"en-US\"},{\"@type\":\"Organization\",\"@id\":\"https:\/\/orthodoxalbania.org\/2020\/#organization\",\"name\":\"Kisha Orthodhokse Autoqefale e Shqip\u00ebris\u00eb\",\"url\":\"https:\/\/orthodoxalbania.org\/2020\/\",\"logo\":{\"@type\":\"ImageObject\",\"inLanguage\":\"en-US\",\"@id\":\"https:\/\/orthodoxalbania.org\/2020\/#\/schema\/logo\/image\/\",\"url\":\"https:\/\/orthodoxalbania.org\/2020\/wp-content\/uploads\/2020\/05\/albania.jpeg\",\"contentUrl\":\"https:\/\/orthodoxalbania.org\/2020\/wp-content\/uploads\/2020\/05\/albania.jpeg\",\"width\":540,\"height\":540,\"caption\":\"Kisha Orthodhokse Autoqefale e Shqip\u00ebris\u00eb\"},\"image\":{\"@id\":\"https:\/\/orthodoxalbania.org\/2020\/#\/schema\/logo\/image\/\"},\"sameAs\":[\"https:\/\/www.facebook.com\/koash1991\"]},{\"@type\":\"Person\",\"@id\":\"https:\/\/orthodoxalbania.org\/2020\/#\/schema\/person\/df745f942b70e045b3dc05a30211f0de\",\"name\":\"Kisha Orthodhokse\",\"image\":{\"@type\":\"ImageObject\",\"inLanguage\":\"en-US\",\"@id\":\"https:\/\/secure.gravatar.com\/avatar\/2676eb8d97178435c9f691a7871595a1da6c33542dec218bce40885573150e28?s=96&d=mm&r=g\",\"url\":\"https:\/\/secure.gravatar.com\/avatar\/2676eb8d97178435c9f691a7871595a1da6c33542dec218bce40885573150e28?s=96&d=mm&r=g\",\"contentUrl\":\"https:\/\/secure.gravatar.com\/avatar\/2676eb8d97178435c9f691a7871595a1da6c33542dec218bce40885573150e28?s=96&d=mm&r=g\",\"caption\":\"Kisha Orthodhokse\"}}]}<\/script>\n<!-- \/ Yoast SEO plugin. -->","yoast_head_json":{"title":"The celebration of Theophany in Berati. (January 2007) - Kisha Orthodh\u03bfkse Autoqefale e Shqip\u00ebris\u00eb","robots":{"index":"index","follow":"follow","max-snippet":"max-snippet:-1","max-image-preview":"max-image-preview:large","max-video-preview":"max-video-preview:-1"},"canonical":"https:\/\/orthodoxalbania.org\/2020\/en\/2007\/02\/26\/the-celebration-of-theophany-in-berati-january-2007\/","og_locale":"en_US","og_type":"article","og_title":"The celebration of Theophany in Berati. (January 2007) - Kisha Orthodh\u03bfkse Autoqefale e Shqip\u00ebris\u00eb","og_description":"&nbsp;&nbsp;&nbsp; Even this year, the feast of Epiphany gathered the citizens of Berati near the Osum River waiting for the blessing of the waters. This is one of the greatest feasts of the year in this city, because almost everyone participates, despite their religious background. &nbsp;&nbsp;&nbsp; On January 6th, early in the morning, hundred faithful from various neighborhoods of Berati headed to the church of","og_url":"https:\/\/orthodoxalbania.org\/2020\/en\/2007\/02\/26\/the-celebration-of-theophany-in-berati-january-2007\/","og_site_name":"Kisha Orthodh\u03bfkse Autoqefale e Shqip\u00ebris\u00eb","article_publisher":"https:\/\/www.facebook.com\/koash1991","article_published_time":"2007-02-26T00:00:01+00:00","article_modified_time":"2020-04-12T22:31:29+00:00","og_image":[{"url":"https:\/\/lh6.googleusercontent.com\/-lawO1GM5yFs\/VIg3Qnc3CLI\/AAAAAAAAF9w\/B1OFlrESu-8\/w370-h278-no\/untitled1.jpg","type":"","width":"","height":""}],"author":"Kisha Orthodhokse","twitter_card":"summary_large_image","twitter_misc":{"Written by":"Kisha Orthodhokse","Est. reading time":"1 minute"},"schema":{"@context":"https:\/\/schema.org","@graph":[{"@type":"Article","@id":"https:\/\/orthodoxalbania.org\/2020\/en\/2007\/02\/26\/the-celebration-of-theophany-in-berati-january-2007\/#article","isPartOf":{"@id":"https:\/\/orthodoxalbania.org\/2020\/en\/2007\/02\/26\/the-celebration-of-theophany-in-berati-january-2007\/"},"author":{"name":"Kisha Orthodhokse","@id":"https:\/\/orthodoxalbania.org\/2020\/#\/schema\/person\/df745f942b70e045b3dc05a30211f0de"},"headline":"The celebration of Theophany in Berati. (January 2007)","datePublished":"2007-02-26T00:00:01+00:00","dateModified":"2020-04-12T22:31:29+00:00","mainEntityOfPage":{"@id":"https:\/\/orthodoxalbania.org\/2020\/en\/2007\/02\/26\/the-celebration-of-theophany-in-berati-january-2007\/"},"wordCount":218,"commentCount":0,"publisher":{"@id":"https:\/\/orthodoxalbania.org\/2020\/#organization"},"image":{"@id":"https:\/\/orthodoxalbania.org\/2020\/en\/2007\/02\/26\/the-celebration-of-theophany-in-berati-january-2007\/#primaryimage"},"thumbnailUrl":"https:\/\/lh6.googleusercontent.com\/-lawO1GM5yFs\/VIg3Qnc3CLI\/AAAAAAAAF9w\/B1OFlrESu-8\/w370-h278-no\/untitled1.jpg","keywords":["2007","Uji i Bekuar"],"articleSection":["News - \u0395\u039d","News old page"],"inLanguage":"en-US"},{"@type":"WebPage","@id":"https:\/\/orthodoxalbania.org\/2020\/en\/2007\/02\/26\/the-celebration-of-theophany-in-berati-january-2007\/","url":"https:\/\/orthodoxalbania.org\/2020\/en\/2007\/02\/26\/the-celebration-of-theophany-in-berati-january-2007\/","name":"The celebration of Theophany in Berati. (January 2007) - Kisha Orthodh\u03bfkse Autoqefale e Shqip\u00ebris\u00eb","isPartOf":{"@id":"https:\/\/orthodoxalbania.org\/2020\/#website"},"primaryImageOfPage":{"@id":"https:\/\/orthodoxalbania.org\/2020\/en\/2007\/02\/26\/the-celebration-of-theophany-in-berati-january-2007\/#primaryimage"},"image":{"@id":"https:\/\/orthodoxalbania.org\/2020\/en\/2007\/02\/26\/the-celebration-of-theophany-in-berati-january-2007\/#primaryimage"},"thumbnailUrl":"https:\/\/lh6.googleusercontent.com\/-lawO1GM5yFs\/VIg3Qnc3CLI\/AAAAAAAAF9w\/B1OFlrESu-8\/w370-h278-no\/untitled1.jpg","datePublished":"2007-02-26T00:00:01+00:00","dateModified":"2020-04-12T22:31:29+00:00","breadcrumb":{"@id":"https:\/\/orthodoxalbania.org\/2020\/en\/2007\/02\/26\/the-celebration-of-theophany-in-berati-january-2007\/#breadcrumb"},"inLanguage":"en-US","potentialAction":[{"@type":"ReadAction","target":["https:\/\/orthodoxalbania.org\/2020\/en\/2007\/02\/26\/the-celebration-of-theophany-in-berati-january-2007\/"]}]},{"@type":"ImageObject","inLanguage":"en-US","@id":"https:\/\/orthodoxalbania.org\/2020\/en\/2007\/02\/26\/the-celebration-of-theophany-in-berati-january-2007\/#primaryimage","url":"https:\/\/lh6.googleusercontent.com\/-lawO1GM5yFs\/VIg3Qnc3CLI\/AAAAAAAAF9w\/B1OFlrESu-8\/w370-h278-no\/untitled1.jpg","contentUrl":"https:\/\/lh6.googleusercontent.com\/-lawO1GM5yFs\/VIg3Qnc3CLI\/AAAAAAAAF9w\/B1OFlrESu-8\/w370-h278-no\/untitled1.jpg"},{"@type":"BreadcrumbList","@id":"https:\/\/orthodoxalbania.org\/2020\/en\/2007\/02\/26\/the-celebration-of-theophany-in-berati-january-2007\/#breadcrumb","itemListElement":[{"@type":"ListItem","position":1,"name":"Home","item":"https:\/\/orthodoxalbania.org\/2020\/"},{"@type":"ListItem","position":2,"name":"The celebration of Theophany in Berati. (January 2007)"}]},{"@type":"WebSite","@id":"https:\/\/orthodoxalbania.org\/2020\/#website","url":"https:\/\/orthodoxalbania.org\/2020\/","name":"Kisha Orthodh\u03bfkse Autoqefale e Shqip\u00ebris\u00eb","description":"Fqja Zyrtare e Kish\u00ebs Orthodhokse Autoqefale e Shqip\u00ebris\u00eb me lajmet edhe informacionet zyrtare p\u00ebr struktur\u00ebn edhe veprimtarin e saj.","publisher":{"@id":"https:\/\/orthodoxalbania.org\/2020\/#organization"},"potentialAction":[{"@type":"SearchAction","target":{"@type":"EntryPoint","urlTemplate":"https:\/\/orthodoxalbania.org\/2020\/?s={search_term_string}"},"query-input":{"@type":"PropertyValueSpecification","valueRequired":true,"valueName":"search_term_string"}}],"inLanguage":"en-US"},{"@type":"Organization","@id":"https:\/\/orthodoxalbania.org\/2020\/#organization","name":"Kisha Orthodhokse Autoqefale e Shqip\u00ebris\u00eb","url":"https:\/\/orthodoxalbania.org\/2020\/","logo":{"@type":"ImageObject","inLanguage":"en-US","@id":"https:\/\/orthodoxalbania.org\/2020\/#\/schema\/logo\/image\/","url":"https:\/\/orthodoxalbania.org\/2020\/wp-content\/uploads\/2020\/05\/albania.jpeg","contentUrl":"https:\/\/orthodoxalbania.org\/2020\/wp-content\/uploads\/2020\/05\/albania.jpeg","width":540,"height":540,"caption":"Kisha Orthodhokse Autoqefale e Shqip\u00ebris\u00eb"},"image":{"@id":"https:\/\/orthodoxalbania.org\/2020\/#\/schema\/logo\/image\/"},"sameAs":["https:\/\/www.facebook.com\/koash1991"]},{"@type":"Person","@id":"https:\/\/orthodoxalbania.org\/2020\/#\/schema\/person\/df745f942b70e045b3dc05a30211f0de","name":"Kisha Orthodhokse","image":{"@type":"ImageObject","inLanguage":"en-US","@id":"https:\/\/secure.gravatar.com\/avatar\/2676eb8d97178435c9f691a7871595a1da6c33542dec218bce40885573150e28?s=96&d=mm&r=g","url":"https:\/\/secure.gravatar.com\/avatar\/2676eb8d97178435c9f691a7871595a1da6c33542dec218bce40885573150e28?s=96&d=mm&r=g","contentUrl":"https:\/\/secure.gravatar.com\/avatar\/2676eb8d97178435c9f691a7871595a1da6c33542dec218bce40885573150e28?s=96&d=mm&r=g","caption":"Kisha Orthodhokse"}}]}},"_links":{"self":[{"href":"https:\/\/orthodoxalbania.org\/2020\/wp-json\/wp\/v2\/posts\/1307","targetHints":{"allow":["GET"]}}],"collection":[{"href":"https:\/\/orthodoxalbania.org\/2020\/wp-json\/wp\/v2\/posts"}],"about":[{"href":"https:\/\/orthodoxalbania.org\/2020\/wp-json\/wp\/v2\/types\/post"}],"author":[{"embeddable":true,"href":"https:\/\/orthodoxalbania.org\/2020\/wp-json\/wp\/v2\/users\/7"}],"replies":[{"embeddable":true,"href":"https:\/\/orthodoxalbania.org\/2020\/wp-json\/wp\/v2\/comments?post=1307"}],"version-history":[{"count":1,"href":"https:\/\/orthodoxalbania.org\/2020\/wp-json\/wp\/v2\/posts\/1307\/revisions"}],"predecessor-version":[{"id":18060,"href":"https:\/\/orthodoxalbania.org\/2020\/wp-json\/wp\/v2\/posts\/1307\/revisions\/18060"}],"wp:attachment":[{"href":"https:\/\/orthodoxalbania.org\/2020\/wp-json\/wp\/v2\/media?parent=1307"}],"wp:term":[{"taxonomy":"category","embeddable":true,"href":"https:\/\/orthodoxalbania.org\/2020\/wp-json\/wp\/v2\/categories?post=1307"},{"taxonomy":"post_tag","embeddable":true,"href":"https:\/\/orthodoxalbania.org\/2020\/wp-json\/wp\/v2\/tags?post=1307"}],"curies":[{"name":"wp","href":"https:\/\/api.w.org\/{rel}","templated":true}]}}