{"id":1302,"date":"2013-03-21T12:46:46","date_gmt":"2013-03-21T12:46:46","guid":{"rendered":""},"modified":"2020-04-13T00:30:52","modified_gmt":"2020-04-12T22:30:52","slug":"the-celebration-of-the-blessing-of-the-water-in-korca","status":"publish","type":"post","link":"https:\/\/orthodoxalbania.org\/2020\/en\/2013\/03\/21\/the-celebration-of-the-blessing-of-the-water-in-korca\/","title":{"rendered":"The Celebration of the Blessing of the Water in Kor\u00e7a. (6 January 2013)"},"content":{"rendered":"<div style=\"text-align: justify;\"><img class=\"lazyload\" decoding=\"async\" style=\"width: 300px; height: 225px; border-width: 1px; border-style: solid; margin: 15px; float: left;\" alt=\"\" src=\"data:image\/gif;base64,R0lGODlhAQABAAAAACH5BAEKAAEALAAAAAABAAEAAAICTAEAOw==\" data-orig-src=\"https:\/\/lh5.googleusercontent.com\/--RnpnK7GPKU\/UO6lyVc5M2I\/AAAAAAAAB2k\/9GLE-rrhgRU\/s640\/P1060099.JPG\" \/>&nbsp; <span style=\"color: #000000;\">&nbsp;<span style=\"font-family: tahoma,geneva,sans-serif;\"><span style=\"font-size: 12px;\"> On January 6, 1991, the first ceremony of the Sanctification of the Waters was held Albania after the Communism period. This service was held in Kor\u00e7a, in the Church of the Holy Trinity, by Fr. Kosta Kotnanin, a clergyman who suffered and was persecuted, together with his family by the communist regime. He was of a very great age and was wearing the garment that Cico\u2019s sisters had sown for him some days before the feast. Simply, with the fire of faith, the first simple sermon was heard from the mouth of Mr. Sotir Bambulla. That day revealed clearly the thirst of people for faith, for the divine presence of God in their lives&#8230;<\/span><\/span><\/span><\/div>\n<div style=\"text-align: justify;\"> <span style=\"color: #000000;\"><span style=\"font-family: tahoma,geneva,sans-serif;\"><span style=\"font-size: 12px;\">&nbsp;&nbsp;&nbsp; This day is remember every year in Kor\u00e7a, living today under different conditions, without fear and with the Church stronger than ever, the ceremony of Blessing of the Water is performed in a very beautiful manner. After the Divine Liturgy, the Metropolitan of Kor\u00e7a, His Grace John, celebrated the Service of Sanctification of the Waters. Later, at the fountain in the Vangjush Mio Square, in the presence of a large number of Orthodox believers, as well as people from other religions, the Cross was thrown into the water and was caught by a young person in spite of the crisp temperatures.<\/span><\/span><\/span><\/div>\n<div style=\"text-align: justify;\">&nbsp;<\/div>\n<div style=\"text-align: justify;\">&nbsp;<\/div>\n<div style=\"text-align: right;\"><span style=\"color: #000000;\"><span style=\"font-family: tahoma,geneva,sans-serif;\"><span style=\"font-size: 12px;\"><strong>Themistokli Bambulla<\/strong><\/span><\/span><\/span><\/div>\n<div style=\"text-align: justify;\">&nbsp;<\/div>\n<p><img class=\"lazyload\" decoding=\"async\" style=\"width: 600px; height: 450px; border-width: 1px; border-style: solid; margin: 10px; float: left;\" alt=\"\" src=\"data:image\/gif;base64,R0lGODlhAQABAAAAACH5BAEKAAEALAAAAAABAAEAAAICTAEAOw==\" data-orig-src=\"https:\/\/lh4.googleusercontent.com\/-CtQ5UvVvK9s\/UO6lyRP42MI\/AAAAAAAAB2c\/nQR9vfHYQlE\/s640\/P1060118.JPG\" \/><br \/> <img class=\"lazyload\" decoding=\"async\" style=\"width: 600px; height: 450px; border-width: 1px; border-style: solid; margin: 10px; float: left;\" alt=\"\" src=\"data:image\/gif;base64,R0lGODlhAQABAAAAACH5BAEKAAEALAAAAAABAAEAAAICTAEAOw==\" data-orig-src=\"https:\/\/lh5.googleusercontent.com\/-REp_5iCnRAQ\/UO6lyRt9k_I\/AAAAAAAAB2g\/V0CnCcsRWOs\/s640\/P1060114.JPG\" \/><\/p>\n<p> &nbsp;<\/p>\n","protected":false},"excerpt":{"rendered":"<p>&nbsp; &nbsp; On January 6, 1991, the first ceremony of the Sanctification of the Waters was held Albania after the Communism period. This service was held in Kor\u00e7a, in the Church of the Holy Trinity, by Fr. Kosta Kotnanin, a clergyman who suffered and was persecuted, together with his family by the communist regime. He was of a very great age and was wearing the<\/p>\n","protected":false},"author":7,"featured_media":0,"comment_status":"open","ping_status":"open","sticky":false,"template":"","format":"standard","meta":{"_acf_changed":false,"pagelayer_contact_templates":[],"_pagelayer_content":"","inline_featured_image":false,"fifu_image_url":"","fifu_image_alt":"","footnotes":""},"categories":[1455,311],"tags":[1141,1786,1770],"class_list":["post-1302","post","type-post","status-publish","format-standard","hentry","category-news-en","category-news-d25","tag-2013-en","tag-kremtime-en","tag-uji-i-bekuar-en"],"acf":[],"yoast_head":"<!-- This site is optimized with the Yoast SEO plugin v27.2 - https:\/\/yoast.com\/product\/yoast-seo-wordpress\/ -->\n<title>The Celebration of the Blessing of the Water in Kor\u00e7a. (6 January 2013) - Kisha Orthodh\u03bfkse Autoqefale e Shqip\u00ebris\u00eb<\/title>\n<meta name=\"robots\" content=\"index, follow, max-snippet:-1, max-image-preview:large, max-video-preview:-1\" \/>\n<link rel=\"canonical\" href=\"https:\/\/orthodoxalbania.org\/2020\/en\/2013\/03\/21\/the-celebration-of-the-blessing-of-the-water-in-korca\/\" \/>\n<meta property=\"og:locale\" content=\"en_US\" \/>\n<meta property=\"og:type\" content=\"article\" \/>\n<meta property=\"og:title\" content=\"The Celebration of the Blessing of the Water in Kor\u00e7a. (6 January 2013) - Kisha Orthodh\u03bfkse Autoqefale e Shqip\u00ebris\u00eb\" \/>\n<meta property=\"og:description\" content=\"&nbsp; &nbsp; On January 6, 1991, the first ceremony of the Sanctification of the Waters was held Albania after the Communism period. This service was held in Kor\u00e7a, in the Church of the Holy Trinity, by Fr. Kosta Kotnanin, a clergyman who suffered and was persecuted, together with his family by the communist regime. He was of a very great age and was wearing the\" \/>\n<meta property=\"og:url\" content=\"https:\/\/orthodoxalbania.org\/2020\/en\/2013\/03\/21\/the-celebration-of-the-blessing-of-the-water-in-korca\/\" \/>\n<meta property=\"og:site_name\" content=\"Kisha Orthodh\u03bfkse Autoqefale e Shqip\u00ebris\u00eb\" \/>\n<meta property=\"article:publisher\" content=\"https:\/\/www.facebook.com\/koash1991\" \/>\n<meta property=\"article:published_time\" content=\"2013-03-21T12:46:46+00:00\" \/>\n<meta property=\"article:modified_time\" content=\"2020-04-12T22:30:52+00:00\" \/>\n<meta property=\"og:image\" content=\"https:\/\/lh5.googleusercontent.com\/--RnpnK7GPKU\/UO6lyVc5M2I\/AAAAAAAAB2k\/9GLE-rrhgRU\/s640\/P1060099.JPG\" \/>\n<meta name=\"author\" content=\"Kisha Orthodhokse\" \/>\n<meta name=\"twitter:card\" content=\"summary_large_image\" \/>\n<meta name=\"twitter:label1\" content=\"Written by\" \/>\n\t<meta name=\"twitter:data1\" content=\"Kisha Orthodhokse\" \/>\n\t<meta name=\"twitter:label2\" content=\"Est. reading time\" \/>\n\t<meta name=\"twitter:data2\" content=\"1 minute\" \/>\n<script type=\"application\/ld+json\" class=\"yoast-schema-graph\">{\"@context\":\"https:\/\/schema.org\",\"@graph\":[{\"@type\":\"Article\",\"@id\":\"https:\/\/orthodoxalbania.org\/2020\/en\/2013\/03\/21\/the-celebration-of-the-blessing-of-the-water-in-korca\/#article\",\"isPartOf\":{\"@id\":\"https:\/\/orthodoxalbania.org\/2020\/en\/2013\/03\/21\/the-celebration-of-the-blessing-of-the-water-in-korca\/\"},\"author\":{\"name\":\"Kisha Orthodhokse\",\"@id\":\"https:\/\/orthodoxalbania.org\/2020\/#\/schema\/person\/df745f942b70e045b3dc05a30211f0de\"},\"headline\":\"The Celebration of the Blessing of the Water in Kor\u00e7a. (6 January 2013)\",\"datePublished\":\"2013-03-21T12:46:46+00:00\",\"dateModified\":\"2020-04-12T22:30:52+00:00\",\"mainEntityOfPage\":{\"@id\":\"https:\/\/orthodoxalbania.org\/2020\/en\/2013\/03\/21\/the-celebration-of-the-blessing-of-the-water-in-korca\/\"},\"wordCount\":240,\"commentCount\":0,\"publisher\":{\"@id\":\"https:\/\/orthodoxalbania.org\/2020\/#organization\"},\"image\":{\"@id\":\"https:\/\/orthodoxalbania.org\/2020\/en\/2013\/03\/21\/the-celebration-of-the-blessing-of-the-water-in-korca\/#primaryimage\"},\"thumbnailUrl\":\"https:\/\/lh5.googleusercontent.com\/--RnpnK7GPKU\/UO6lyVc5M2I\/AAAAAAAAB2k\/9GLE-rrhgRU\/s640\/P1060099.JPG\",\"keywords\":[\"2013\",\"Kremtime\",\"Uji i Bekuar\"],\"articleSection\":[\"News - \u0395\u039d\",\"News old page\"],\"inLanguage\":\"en-US\"},{\"@type\":\"WebPage\",\"@id\":\"https:\/\/orthodoxalbania.org\/2020\/en\/2013\/03\/21\/the-celebration-of-the-blessing-of-the-water-in-korca\/\",\"url\":\"https:\/\/orthodoxalbania.org\/2020\/en\/2013\/03\/21\/the-celebration-of-the-blessing-of-the-water-in-korca\/\",\"name\":\"The Celebration of the Blessing of the Water in Kor\u00e7a. (6 January 2013) - Kisha Orthodh\u03bfkse Autoqefale e Shqip\u00ebris\u00eb\",\"isPartOf\":{\"@id\":\"https:\/\/orthodoxalbania.org\/2020\/#website\"},\"primaryImageOfPage\":{\"@id\":\"https:\/\/orthodoxalbania.org\/2020\/en\/2013\/03\/21\/the-celebration-of-the-blessing-of-the-water-in-korca\/#primaryimage\"},\"image\":{\"@id\":\"https:\/\/orthodoxalbania.org\/2020\/en\/2013\/03\/21\/the-celebration-of-the-blessing-of-the-water-in-korca\/#primaryimage\"},\"thumbnailUrl\":\"https:\/\/lh5.googleusercontent.com\/--RnpnK7GPKU\/UO6lyVc5M2I\/AAAAAAAAB2k\/9GLE-rrhgRU\/s640\/P1060099.JPG\",\"datePublished\":\"2013-03-21T12:46:46+00:00\",\"dateModified\":\"2020-04-12T22:30:52+00:00\",\"breadcrumb\":{\"@id\":\"https:\/\/orthodoxalbania.org\/2020\/en\/2013\/03\/21\/the-celebration-of-the-blessing-of-the-water-in-korca\/#breadcrumb\"},\"inLanguage\":\"en-US\",\"potentialAction\":[{\"@type\":\"ReadAction\",\"target\":[\"https:\/\/orthodoxalbania.org\/2020\/en\/2013\/03\/21\/the-celebration-of-the-blessing-of-the-water-in-korca\/\"]}]},{\"@type\":\"ImageObject\",\"inLanguage\":\"en-US\",\"@id\":\"https:\/\/orthodoxalbania.org\/2020\/en\/2013\/03\/21\/the-celebration-of-the-blessing-of-the-water-in-korca\/#primaryimage\",\"url\":\"https:\/\/lh5.googleusercontent.com\/--RnpnK7GPKU\/UO6lyVc5M2I\/AAAAAAAAB2k\/9GLE-rrhgRU\/s640\/P1060099.JPG\",\"contentUrl\":\"https:\/\/lh5.googleusercontent.com\/--RnpnK7GPKU\/UO6lyVc5M2I\/AAAAAAAAB2k\/9GLE-rrhgRU\/s640\/P1060099.JPG\"},{\"@type\":\"BreadcrumbList\",\"@id\":\"https:\/\/orthodoxalbania.org\/2020\/en\/2013\/03\/21\/the-celebration-of-the-blessing-of-the-water-in-korca\/#breadcrumb\",\"itemListElement\":[{\"@type\":\"ListItem\",\"position\":1,\"name\":\"Home\",\"item\":\"https:\/\/orthodoxalbania.org\/2020\/\"},{\"@type\":\"ListItem\",\"position\":2,\"name\":\"The Celebration of the Blessing of the Water in Kor\u00e7a. (6 January 2013)\"}]},{\"@type\":\"WebSite\",\"@id\":\"https:\/\/orthodoxalbania.org\/2020\/#website\",\"url\":\"https:\/\/orthodoxalbania.org\/2020\/\",\"name\":\"Kisha Orthodh\u03bfkse Autoqefale e Shqip\u00ebris\u00eb\",\"description\":\"Fqja Zyrtare e Kish\u00ebs Orthodhokse Autoqefale e Shqip\u00ebris\u00eb me lajmet edhe informacionet zyrtare p\u00ebr struktur\u00ebn edhe veprimtarin e saj.\",\"publisher\":{\"@id\":\"https:\/\/orthodoxalbania.org\/2020\/#organization\"},\"potentialAction\":[{\"@type\":\"SearchAction\",\"target\":{\"@type\":\"EntryPoint\",\"urlTemplate\":\"https:\/\/orthodoxalbania.org\/2020\/?s={search_term_string}\"},\"query-input\":{\"@type\":\"PropertyValueSpecification\",\"valueRequired\":true,\"valueName\":\"search_term_string\"}}],\"inLanguage\":\"en-US\"},{\"@type\":\"Organization\",\"@id\":\"https:\/\/orthodoxalbania.org\/2020\/#organization\",\"name\":\"Kisha Orthodhokse Autoqefale e Shqip\u00ebris\u00eb\",\"url\":\"https:\/\/orthodoxalbania.org\/2020\/\",\"logo\":{\"@type\":\"ImageObject\",\"inLanguage\":\"en-US\",\"@id\":\"https:\/\/orthodoxalbania.org\/2020\/#\/schema\/logo\/image\/\",\"url\":\"https:\/\/orthodoxalbania.org\/2020\/wp-content\/uploads\/2020\/05\/albania.jpeg\",\"contentUrl\":\"https:\/\/orthodoxalbania.org\/2020\/wp-content\/uploads\/2020\/05\/albania.jpeg\",\"width\":540,\"height\":540,\"caption\":\"Kisha Orthodhokse Autoqefale e Shqip\u00ebris\u00eb\"},\"image\":{\"@id\":\"https:\/\/orthodoxalbania.org\/2020\/#\/schema\/logo\/image\/\"},\"sameAs\":[\"https:\/\/www.facebook.com\/koash1991\"]},{\"@type\":\"Person\",\"@id\":\"https:\/\/orthodoxalbania.org\/2020\/#\/schema\/person\/df745f942b70e045b3dc05a30211f0de\",\"name\":\"Kisha Orthodhokse\",\"image\":{\"@type\":\"ImageObject\",\"inLanguage\":\"en-US\",\"@id\":\"https:\/\/secure.gravatar.com\/avatar\/2676eb8d97178435c9f691a7871595a1da6c33542dec218bce40885573150e28?s=96&d=mm&r=g\",\"url\":\"https:\/\/secure.gravatar.com\/avatar\/2676eb8d97178435c9f691a7871595a1da6c33542dec218bce40885573150e28?s=96&d=mm&r=g\",\"contentUrl\":\"https:\/\/secure.gravatar.com\/avatar\/2676eb8d97178435c9f691a7871595a1da6c33542dec218bce40885573150e28?s=96&d=mm&r=g\",\"caption\":\"Kisha Orthodhokse\"}}]}<\/script>\n<!-- \/ Yoast SEO plugin. -->","yoast_head_json":{"title":"The Celebration of the Blessing of the Water in Kor\u00e7a. (6 January 2013) - Kisha Orthodh\u03bfkse Autoqefale e Shqip\u00ebris\u00eb","robots":{"index":"index","follow":"follow","max-snippet":"max-snippet:-1","max-image-preview":"max-image-preview:large","max-video-preview":"max-video-preview:-1"},"canonical":"https:\/\/orthodoxalbania.org\/2020\/en\/2013\/03\/21\/the-celebration-of-the-blessing-of-the-water-in-korca\/","og_locale":"en_US","og_type":"article","og_title":"The Celebration of the Blessing of the Water in Kor\u00e7a. (6 January 2013) - Kisha Orthodh\u03bfkse Autoqefale e Shqip\u00ebris\u00eb","og_description":"&nbsp; &nbsp; On January 6, 1991, the first ceremony of the Sanctification of the Waters was held Albania after the Communism period. This service was held in Kor\u00e7a, in the Church of the Holy Trinity, by Fr. Kosta Kotnanin, a clergyman who suffered and was persecuted, together with his family by the communist regime. He was of a very great age and was wearing the","og_url":"https:\/\/orthodoxalbania.org\/2020\/en\/2013\/03\/21\/the-celebration-of-the-blessing-of-the-water-in-korca\/","og_site_name":"Kisha Orthodh\u03bfkse Autoqefale e Shqip\u00ebris\u00eb","article_publisher":"https:\/\/www.facebook.com\/koash1991","article_published_time":"2013-03-21T12:46:46+00:00","article_modified_time":"2020-04-12T22:30:52+00:00","og_image":[{"url":"https:\/\/lh5.googleusercontent.com\/--RnpnK7GPKU\/UO6lyVc5M2I\/AAAAAAAAB2k\/9GLE-rrhgRU\/s640\/P1060099.JPG","type":"","width":"","height":""}],"author":"Kisha Orthodhokse","twitter_card":"summary_large_image","twitter_misc":{"Written by":"Kisha Orthodhokse","Est. reading time":"1 minute"},"schema":{"@context":"https:\/\/schema.org","@graph":[{"@type":"Article","@id":"https:\/\/orthodoxalbania.org\/2020\/en\/2013\/03\/21\/the-celebration-of-the-blessing-of-the-water-in-korca\/#article","isPartOf":{"@id":"https:\/\/orthodoxalbania.org\/2020\/en\/2013\/03\/21\/the-celebration-of-the-blessing-of-the-water-in-korca\/"},"author":{"name":"Kisha Orthodhokse","@id":"https:\/\/orthodoxalbania.org\/2020\/#\/schema\/person\/df745f942b70e045b3dc05a30211f0de"},"headline":"The Celebration of the Blessing of the Water in Kor\u00e7a. (6 January 2013)","datePublished":"2013-03-21T12:46:46+00:00","dateModified":"2020-04-12T22:30:52+00:00","mainEntityOfPage":{"@id":"https:\/\/orthodoxalbania.org\/2020\/en\/2013\/03\/21\/the-celebration-of-the-blessing-of-the-water-in-korca\/"},"wordCount":240,"commentCount":0,"publisher":{"@id":"https:\/\/orthodoxalbania.org\/2020\/#organization"},"image":{"@id":"https:\/\/orthodoxalbania.org\/2020\/en\/2013\/03\/21\/the-celebration-of-the-blessing-of-the-water-in-korca\/#primaryimage"},"thumbnailUrl":"https:\/\/lh5.googleusercontent.com\/--RnpnK7GPKU\/UO6lyVc5M2I\/AAAAAAAAB2k\/9GLE-rrhgRU\/s640\/P1060099.JPG","keywords":["2013","Kremtime","Uji i Bekuar"],"articleSection":["News - \u0395\u039d","News old page"],"inLanguage":"en-US"},{"@type":"WebPage","@id":"https:\/\/orthodoxalbania.org\/2020\/en\/2013\/03\/21\/the-celebration-of-the-blessing-of-the-water-in-korca\/","url":"https:\/\/orthodoxalbania.org\/2020\/en\/2013\/03\/21\/the-celebration-of-the-blessing-of-the-water-in-korca\/","name":"The Celebration of the Blessing of the Water in Kor\u00e7a. (6 January 2013) - Kisha Orthodh\u03bfkse Autoqefale e Shqip\u00ebris\u00eb","isPartOf":{"@id":"https:\/\/orthodoxalbania.org\/2020\/#website"},"primaryImageOfPage":{"@id":"https:\/\/orthodoxalbania.org\/2020\/en\/2013\/03\/21\/the-celebration-of-the-blessing-of-the-water-in-korca\/#primaryimage"},"image":{"@id":"https:\/\/orthodoxalbania.org\/2020\/en\/2013\/03\/21\/the-celebration-of-the-blessing-of-the-water-in-korca\/#primaryimage"},"thumbnailUrl":"https:\/\/lh5.googleusercontent.com\/--RnpnK7GPKU\/UO6lyVc5M2I\/AAAAAAAAB2k\/9GLE-rrhgRU\/s640\/P1060099.JPG","datePublished":"2013-03-21T12:46:46+00:00","dateModified":"2020-04-12T22:30:52+00:00","breadcrumb":{"@id":"https:\/\/orthodoxalbania.org\/2020\/en\/2013\/03\/21\/the-celebration-of-the-blessing-of-the-water-in-korca\/#breadcrumb"},"inLanguage":"en-US","potentialAction":[{"@type":"ReadAction","target":["https:\/\/orthodoxalbania.org\/2020\/en\/2013\/03\/21\/the-celebration-of-the-blessing-of-the-water-in-korca\/"]}]},{"@type":"ImageObject","inLanguage":"en-US","@id":"https:\/\/orthodoxalbania.org\/2020\/en\/2013\/03\/21\/the-celebration-of-the-blessing-of-the-water-in-korca\/#primaryimage","url":"https:\/\/lh5.googleusercontent.com\/--RnpnK7GPKU\/UO6lyVc5M2I\/AAAAAAAAB2k\/9GLE-rrhgRU\/s640\/P1060099.JPG","contentUrl":"https:\/\/lh5.googleusercontent.com\/--RnpnK7GPKU\/UO6lyVc5M2I\/AAAAAAAAB2k\/9GLE-rrhgRU\/s640\/P1060099.JPG"},{"@type":"BreadcrumbList","@id":"https:\/\/orthodoxalbania.org\/2020\/en\/2013\/03\/21\/the-celebration-of-the-blessing-of-the-water-in-korca\/#breadcrumb","itemListElement":[{"@type":"ListItem","position":1,"name":"Home","item":"https:\/\/orthodoxalbania.org\/2020\/"},{"@type":"ListItem","position":2,"name":"The Celebration of the Blessing of the Water in Kor\u00e7a. (6 January 2013)"}]},{"@type":"WebSite","@id":"https:\/\/orthodoxalbania.org\/2020\/#website","url":"https:\/\/orthodoxalbania.org\/2020\/","name":"Kisha Orthodh\u03bfkse Autoqefale e Shqip\u00ebris\u00eb","description":"Fqja Zyrtare e Kish\u00ebs Orthodhokse Autoqefale e Shqip\u00ebris\u00eb me lajmet edhe informacionet zyrtare p\u00ebr struktur\u00ebn edhe veprimtarin e saj.","publisher":{"@id":"https:\/\/orthodoxalbania.org\/2020\/#organization"},"potentialAction":[{"@type":"SearchAction","target":{"@type":"EntryPoint","urlTemplate":"https:\/\/orthodoxalbania.org\/2020\/?s={search_term_string}"},"query-input":{"@type":"PropertyValueSpecification","valueRequired":true,"valueName":"search_term_string"}}],"inLanguage":"en-US"},{"@type":"Organization","@id":"https:\/\/orthodoxalbania.org\/2020\/#organization","name":"Kisha Orthodhokse Autoqefale e Shqip\u00ebris\u00eb","url":"https:\/\/orthodoxalbania.org\/2020\/","logo":{"@type":"ImageObject","inLanguage":"en-US","@id":"https:\/\/orthodoxalbania.org\/2020\/#\/schema\/logo\/image\/","url":"https:\/\/orthodoxalbania.org\/2020\/wp-content\/uploads\/2020\/05\/albania.jpeg","contentUrl":"https:\/\/orthodoxalbania.org\/2020\/wp-content\/uploads\/2020\/05\/albania.jpeg","width":540,"height":540,"caption":"Kisha Orthodhokse Autoqefale e Shqip\u00ebris\u00eb"},"image":{"@id":"https:\/\/orthodoxalbania.org\/2020\/#\/schema\/logo\/image\/"},"sameAs":["https:\/\/www.facebook.com\/koash1991"]},{"@type":"Person","@id":"https:\/\/orthodoxalbania.org\/2020\/#\/schema\/person\/df745f942b70e045b3dc05a30211f0de","name":"Kisha Orthodhokse","image":{"@type":"ImageObject","inLanguage":"en-US","@id":"https:\/\/secure.gravatar.com\/avatar\/2676eb8d97178435c9f691a7871595a1da6c33542dec218bce40885573150e28?s=96&d=mm&r=g","url":"https:\/\/secure.gravatar.com\/avatar\/2676eb8d97178435c9f691a7871595a1da6c33542dec218bce40885573150e28?s=96&d=mm&r=g","contentUrl":"https:\/\/secure.gravatar.com\/avatar\/2676eb8d97178435c9f691a7871595a1da6c33542dec218bce40885573150e28?s=96&d=mm&r=g","caption":"Kisha Orthodhokse"}}]}},"_links":{"self":[{"href":"https:\/\/orthodoxalbania.org\/2020\/wp-json\/wp\/v2\/posts\/1302","targetHints":{"allow":["GET"]}}],"collection":[{"href":"https:\/\/orthodoxalbania.org\/2020\/wp-json\/wp\/v2\/posts"}],"about":[{"href":"https:\/\/orthodoxalbania.org\/2020\/wp-json\/wp\/v2\/types\/post"}],"author":[{"embeddable":true,"href":"https:\/\/orthodoxalbania.org\/2020\/wp-json\/wp\/v2\/users\/7"}],"replies":[{"embeddable":true,"href":"https:\/\/orthodoxalbania.org\/2020\/wp-json\/wp\/v2\/comments?post=1302"}],"version-history":[{"count":1,"href":"https:\/\/orthodoxalbania.org\/2020\/wp-json\/wp\/v2\/posts\/1302\/revisions"}],"predecessor-version":[{"id":17696,"href":"https:\/\/orthodoxalbania.org\/2020\/wp-json\/wp\/v2\/posts\/1302\/revisions\/17696"}],"wp:attachment":[{"href":"https:\/\/orthodoxalbania.org\/2020\/wp-json\/wp\/v2\/media?parent=1302"}],"wp:term":[{"taxonomy":"category","embeddable":true,"href":"https:\/\/orthodoxalbania.org\/2020\/wp-json\/wp\/v2\/categories?post=1302"},{"taxonomy":"post_tag","embeddable":true,"href":"https:\/\/orthodoxalbania.org\/2020\/wp-json\/wp\/v2\/tags?post=1302"}],"curies":[{"name":"wp","href":"https:\/\/api.w.org\/{rel}","templated":true}]}}