{"id":1301,"date":"2007-02-26T00:00:06","date_gmt":"2007-02-26T00:00:06","guid":{"rendered":""},"modified":"2020-04-13T00:31:28","modified_gmt":"2020-04-12T22:31:28","slug":"the-celebration-of-the-70th-anniversary-of-the-autocephaly-assignation-april-2007","status":"publish","type":"post","link":"https:\/\/orthodoxalbania.org\/2020\/en\/2007\/02\/26\/the-celebration-of-the-70th-anniversary-of-the-autocephaly-assignation-april-2007\/","title":{"rendered":"The Celebration of the 70th Anniversary of the Autocephaly Assignation. (April 2007)"},"content":{"rendered":"<div style=\"text-align: center;\"><span style=\"color: #b22222;\"><span style=\"font-size: 12px;\"><span style=\"font-family: tahoma,geneva,sans-serif;\"><strong>\u201cThe consolidation of real Autocephaly and the fullfillment of ecclesiastical hierarchy is without a doubt a work of Archbishop Anastasios\u201d, said His Grace John.<\/strong><\/span><\/span><\/span><\/div>\n<div style=\"text-align: center;\">&nbsp;<\/div>\n<table id=\"AutoNumber3\" style=\"width: 763px; height: 2055px;\" border=\"0\">\n<tbody>\n<tr>\n<td>\n<div><span style=\"color: #000000;\"><span style=\"font-size: 12px;\"><span style=\"font-family: tahoma,geneva,sans-serif;\"><img decoding=\"async\" class=\"lazyload HAa Eha\" style=\"border-width: 1px; border-style: solid; margin: 10px auto; display: block;\" alt=\"\" src=\"data:image\/svg+xml,%3Csvg%20xmlns%3D%27http%3A%2F%2Fwww.w3.org%2F2000%2Fsvg%27%20width%3D%27297%27%20height%3D%27198%27%20viewBox%3D%270%200%20297%20198%27%3E%3Crect%20width%3D%27297%27%20height%3D%27198%27%20fill-opacity%3D%220%22%2F%3E%3C%2Fsvg%3E\" data-orig-src=\"https:\/\/lh3.googleusercontent.com\/-AIzuuQtJV3E\/VIlfve0JpVI\/AAAAAAAAGQ0\/27XS82Btx2g\/w400-h266-no\/foto1majtas.jpg\" height=\"198\" width=\"297\" \/><\/span><\/span><\/span><\/div>\n<\/td>\n<td>\n<div style=\"text-align: justify;\"><span style=\"color: #000000;\"><span style=\"font-size: 12px;\"><span style=\"font-family: tahoma,geneva,sans-serif;\">&nbsp;&nbsp;&nbsp; On the Sunday of St. Thomas, on 15 April, in \u201cAnnunciation of Theotokos Mary\u201d Church in Tirana, numerous faithful participated in the Divine Liturgy and also celebrated the 70<sup>th<\/sup> anniversary of our Autocephalic Orthodox Church.<\/span><\/span><\/span><\/div>\n<\/td>\n<\/tr>\n<tr>\n<td>\n<div><span style=\"color: #000000;\"><span style=\"font-size: 12px;\"><span style=\"font-family: tahoma,geneva,sans-serif;\">&nbsp;&nbsp;&nbsp; &nbsp;<\/span><\/span><\/span><\/div>\n<div style=\"text-align: justify;\"><span style=\"color: #000000;\"><span style=\"font-size: 12px;\"><span style=\"font-family: tahoma,geneva,sans-serif;\">&nbsp;&nbsp;&nbsp; 12 April 1937 is a very important date as Archbishop Anastasios said, \u201cfor the life of our Church.\u201d On this date we celebrate the TOMOS assignation of Autocephaly from the Ecumenical Patriarchate.<\/span><\/span><\/span><\/div>\n<div>&nbsp;<\/div>\n<\/td>\n<td>\n<div><span style=\"color: #000000;\"><span style=\"font-size: 12px;\"><span style=\"font-family: tahoma,geneva,sans-serif;\"><img decoding=\"async\" class=\"lazyload HAa Eha\" style=\"border-width: 1px; border-style: solid; margin: 10px auto; display: block;\" alt=\"\" src=\"data:image\/svg+xml,%3Csvg%20xmlns%3D%27http%3A%2F%2Fwww.w3.org%2F2000%2Fsvg%27%20width%3D%27301%27%20height%3D%27200%27%20viewBox%3D%270%200%20301%20200%27%3E%3Crect%20width%3D%27301%27%20height%3D%27200%27%20fill-opacity%3D%220%22%2F%3E%3C%2Fsvg%3E\" data-orig-src=\"https:\/\/lh5.googleusercontent.com\/-Q4YBSQ_VGOk\/VIlfvQuDdiI\/AAAAAAAAGRE\/fVqyfmW_ZnE\/w400-h266-no\/foto2djathtas.jpg\" height=\"200\" width=\"301\" \/><\/span><\/span><\/span><\/div>\n<\/td>\n<\/tr>\n<tr>\n<td>\n<div><span style=\"color: #000000;\"><span style=\"font-size: 12px;\"><span style=\"font-family: tahoma,geneva,sans-serif;\"><img decoding=\"async\" class=\"lazyload HAa Eha\" style=\"border-width: 1px; border-style: solid; margin: 10px auto; display: block;\" alt=\"\" src=\"data:image\/svg+xml,%3Csvg%20xmlns%3D%27http%3A%2F%2Fwww.w3.org%2F2000%2Fsvg%27%20width%3D%27192%27%20height%3D%27317%27%20viewBox%3D%270%200%20192%20317%27%3E%3Crect%20width%3D%27192%27%20height%3D%27317%27%20fill-opacity%3D%220%22%2F%3E%3C%2Fsvg%3E\" data-orig-src=\"https:\/\/lh3.googleusercontent.com\/-PBRTXwXRQgQ\/VIlfvWVjoxI\/AAAAAAAAGRA\/IatyqBFiBqg\/w242-h400-no\/foto3majtas.jpg\" height=\"317\" width=\"192\" \/><\/span><\/span><\/span><\/div>\n<\/td>\n<td>\n<div style=\"text-align: justify;\"><span style=\"color: #000000;\"><span style=\"font-size: 12px;\"><span style=\"font-family: tahoma,geneva,sans-serif;\">&nbsp;&nbsp;&nbsp; In this festive and synodical Divine Liturgy that was lead by the members of the Holy Synod, His Grace John, Metropolitan of Kor\u00e7a, read the TOMOS before the present faithful.<\/span><\/span><\/span><\/div>\n<div style=\"text-align: justify;\">&nbsp;<\/div>\n<div style=\"text-align: justify;\"><span style=\"color: #000000;\"><span style=\"font-size: 12px;\"><span style=\"font-family: tahoma,geneva,sans-serif;\">&nbsp;&nbsp;&nbsp; \u201cOur Church received her own place in the constitutional system of the Orthodox Church\u201d, said Archbishop Anastasios later. If we didn\u2019t have this TOMOS, we wouldn\u2019t be known officially as an Autocephalous Church.<\/span><\/span><\/span><\/div>\n<\/td>\n<\/tr>\n<tr>\n<td>\n<div style=\"text-align: justify;\"><span style=\"color: #000000;\"><span style=\"font-size: 12px;\"><span style=\"font-family: tahoma,geneva,sans-serif;\">&nbsp;&nbsp;&nbsp;&nbsp;<\/span><\/span><\/span><\/div>\n<div style=\"text-align: justify;\"><span style=\"color: #000000;\"><span style=\"font-size: 12px;\"><span style=\"font-family: tahoma,geneva,sans-serif;\">&nbsp;&nbsp;&nbsp; Further more, His Grace John said, \u201cConsolidation of true Autocephaly and fulfillment of ecclesiastical hierarchy is without a doubt a work of Archbishop Anastasios. I believe that what has been written, is not false, but the contrary is true because Archbishop Anastasios has always been the protector, consolidator and invigorator of our Autocephalic Church.<\/span><\/span><\/span><\/div>\n<\/td>\n<td>\n<div style=\"text-align: center;\"><span style=\"color: #000000;\"><span style=\"font-size: 12px;\"><span style=\"font-family: tahoma,geneva,sans-serif;\"><img decoding=\"async\" class=\"lazyload HAa Eha\" style=\"margin: 10px auto; display: block; border: 1px solid;\" alt=\"\" src=\"data:image\/svg+xml,%3Csvg%20xmlns%3D%27http%3A%2F%2Fwww.w3.org%2F2000%2Fsvg%27%20width%3D%27225%27%20height%3D%27338%27%20viewBox%3D%270%200%20225%20338%27%3E%3Crect%20width%3D%27225%27%20height%3D%27338%27%20fill-opacity%3D%220%22%2F%3E%3C%2Fsvg%3E\" data-orig-src=\"https:\/\/lh5.googleusercontent.com\/-5zx-R3ykYn0\/VIlfv-3Pb5I\/AAAAAAAAGQw\/eET_8jfV9Sw\/w266-h400-no\/foto4djathtas.jpg\" height=\"338\" width=\"225\" \/> &nbsp;&nbsp;&nbsp;&nbsp;<\/span><\/span><\/span><\/div>\n<\/td>\n<\/tr>\n<tr>\n<td>\n<div> <span style=\"color: #000000;\"><span style=\"font-size: 12px;\"><span style=\"font-family: tahoma,geneva,sans-serif;\">&nbsp;&nbsp;&nbsp; <img decoding=\"async\" class=\"lazyload HAa Eha\" style=\"margin: 10px auto; display: block; border: 1px solid;\" alt=\"\" src=\"data:image\/svg+xml,%3Csvg%20xmlns%3D%27http%3A%2F%2Fwww.w3.org%2F2000%2Fsvg%27%20width%3D%27341%27%20height%3D%27227%27%20viewBox%3D%270%200%20341%20227%27%3E%3Crect%20width%3D%27341%27%20height%3D%27227%27%20fill-opacity%3D%220%22%2F%3E%3C%2Fsvg%3E\" data-orig-src=\"https:\/\/lh5.googleusercontent.com\/-1cWLvNYMP6M\/VIlfwBvs6FI\/AAAAAAAAGRI\/heHRjoiHI4E\/w400-h266-no\/foto5majtas.jpg\" height=\"227\" width=\"341\" \/><\/span><\/span><\/span><\/div>\n<\/td>\n<td>\n<div style=\"text-align: justify;\"><span style=\"color: #000000;\"><span style=\"font-size: 12px;\"><span style=\"font-family: tahoma,geneva,sans-serif;\">&nbsp;&nbsp;&nbsp; As the Archbishop said, \u201cAutocephaly doesn\u2019t mean to be independent from the other churches, because we are related dogmatically, but Autocephaly means to be self-governing in relation to every other community inside and outside the country, as was emphasized in TOMOS.<\/span><\/span><\/span><\/div>\n<\/td>\n<\/tr>\n<tr>\n<td dir=\"ltr\">\n<div style=\"text-align: justify;\"> <span style=\"color: #000000;\"><span style=\"font-size: 12px;\"><span style=\"font-family: tahoma,geneva,sans-serif;\">&nbsp;&nbsp;&nbsp; \u201cHaving this opportunity today\u201d, said Bishop John, \u201cI would like to express my thanks to the Archbishop for his great work not only for the reconstruction of the Church, but in strengthening and the consolidation of the Autocephaly. May God give him a long life for the betterment of our Church and the Christianity throughout the world\u201d.<\/span><\/span><\/span><\/div>\n<\/td>\n<td dir=\"ltr\">\n<div><span style=\"color: #000000;\"><span style=\"font-size: 12px;\"><span style=\"font-family: tahoma,geneva,sans-serif;\"><img decoding=\"async\" class=\"lazyload HAa Eha\" style=\"margin: 10px auto; display: block; border: 1px solid;\" alt=\"\" src=\"data:image\/svg+xml,%3Csvg%20xmlns%3D%27http%3A%2F%2Fwww.w3.org%2F2000%2Fsvg%27%20width%3D%27306%27%20height%3D%27188%27%20viewBox%3D%270%200%20306%20188%27%3E%3Crect%20width%3D%27306%27%20height%3D%27188%27%20fill-opacity%3D%220%22%2F%3E%3C%2Fsvg%3E\" data-orig-src=\"https:\/\/lh6.googleusercontent.com\/-WZUrOD4n8o4\/VIlfwDthlyI\/AAAAAAAAGQ4\/rFCpt9Gdnro\/w400-h246-no\/foto6djathtas.jpg\" height=\"188\" width=\"306\" \/><\/span><\/span><\/span><\/div>\n<\/td>\n<\/tr>\n<tr>\n<td colspan=\"2\">\n<div><span style=\"color: #000000;\"><span style=\"font-size: 12px;\"><span style=\"font-family: tahoma,geneva,sans-serif;\">&nbsp;<br \/> &nbsp;&nbsp;&nbsp; During the Divine Liturgy, Spiro Kostoli, professor of Ecclesiastical Byzantine Music at the Theological Academy \u201cResurrection of Christ\u201d, was ordained deacon.<\/span><\/span><\/span><\/div>\n<div>&nbsp;<\/div>\n<div>&nbsp;<\/div>\n<div style=\"text-align: right;\"><span style=\"color: #000000;\"><span style=\"font-size: 12px;\"><span style=\"font-family: tahoma,geneva,sans-serif;\"><strong>Luljeta Pjetri<\/strong><\/span><\/span><\/span><\/div>\n<div style=\"text-align: right;\"><span style=\"color: #000000;\"><span style=\"font-size: 12px;\"><span style=\"font-family: tahoma,geneva,sans-serif;\"><strong>Translated by Robert Pelushi and Melanie Linderman<\/strong><\/span><\/span><\/span><\/div>\n<\/td>\n<\/tr>\n<tr>\n<td colspan=\"2\">\n<div>&nbsp;<\/div>\n<\/td>\n<\/tr>\n<\/tbody>\n<\/table>\n","protected":false},"excerpt":{"rendered":"<p>\u201cThe consolidation of real Autocephaly and the fullfillment of ecclesiastical hierarchy is without a doubt a work of Archbishop Anastasios\u201d, said His Grace John. &nbsp; &nbsp;&nbsp;&nbsp; On the Sunday of St. Thomas, on 15 April, in \u201cAnnunciation of Theotokos Mary\u201d Church in Tirana, numerous faithful participated in the Divine Liturgy and also celebrated the 70th anniversary of our Autocephalic Orthodox Church. &nbsp;&nbsp;&nbsp; &nbsp; &nbsp;&nbsp;&nbsp; 12<\/p>\n","protected":false},"author":7,"featured_media":0,"comment_status":"open","ping_status":"open","sticky":false,"template":"","format":"standard","meta":{"_acf_changed":false,"pagelayer_contact_templates":[],"_pagelayer_content":"","inline_featured_image":false,"fifu_image_url":"","fifu_image_alt":"","footnotes":""},"categories":[1455,311],"tags":[1117,1786,1768],"class_list":["post-1301","post","type-post","status-publish","format-standard","hentry","category-news-en","category-news-d25","tag-2007-en","tag-kremtime-en","tag-kryepiskopi-anastas-en"],"acf":[],"yoast_head":"<!-- This site is optimized with the Yoast SEO plugin v27.2 - https:\/\/yoast.com\/product\/yoast-seo-wordpress\/ -->\n<title>The Celebration of the 70th Anniversary of the Autocephaly Assignation. (April 2007) - Kisha Orthodh\u03bfkse Autoqefale e Shqip\u00ebris\u00eb<\/title>\n<meta name=\"robots\" content=\"index, follow, max-snippet:-1, max-image-preview:large, max-video-preview:-1\" \/>\n<link rel=\"canonical\" href=\"https:\/\/orthodoxalbania.org\/2020\/en\/2007\/02\/26\/the-celebration-of-the-70th-anniversary-of-the-autocephaly-assignation-april-2007\/\" \/>\n<meta property=\"og:locale\" content=\"en_US\" \/>\n<meta property=\"og:type\" content=\"article\" \/>\n<meta property=\"og:title\" content=\"The Celebration of the 70th Anniversary of the Autocephaly Assignation. (April 2007) - Kisha Orthodh\u03bfkse Autoqefale e Shqip\u00ebris\u00eb\" \/>\n<meta property=\"og:description\" content=\"\u201cThe consolidation of real Autocephaly and the fullfillment of ecclesiastical hierarchy is without a doubt a work of Archbishop Anastasios\u201d, said His Grace John. &nbsp; &nbsp;&nbsp;&nbsp; On the Sunday of St. Thomas, on 15 April, in \u201cAnnunciation of Theotokos Mary\u201d Church in Tirana, numerous faithful participated in the Divine Liturgy and also celebrated the 70th anniversary of our Autocephalic Orthodox Church. &nbsp;&nbsp;&nbsp; &nbsp; &nbsp;&nbsp;&nbsp; 12\" \/>\n<meta property=\"og:url\" content=\"https:\/\/orthodoxalbania.org\/2020\/en\/2007\/02\/26\/the-celebration-of-the-70th-anniversary-of-the-autocephaly-assignation-april-2007\/\" \/>\n<meta property=\"og:site_name\" content=\"Kisha Orthodh\u03bfkse Autoqefale e Shqip\u00ebris\u00eb\" \/>\n<meta property=\"article:publisher\" content=\"https:\/\/www.facebook.com\/koash1991\" \/>\n<meta property=\"article:published_time\" content=\"2007-02-26T00:00:06+00:00\" \/>\n<meta property=\"article:modified_time\" content=\"2020-04-12T22:31:28+00:00\" \/>\n<meta property=\"og:image\" content=\"https:\/\/lh3.googleusercontent.com\/-AIzuuQtJV3E\/VIlfve0JpVI\/AAAAAAAAGQ0\/27XS82Btx2g\/w400-h266-no\/foto1majtas.jpg\" \/>\n<meta name=\"author\" content=\"Kisha Orthodhokse\" \/>\n<meta name=\"twitter:card\" content=\"summary_large_image\" \/>\n<meta name=\"twitter:label1\" content=\"Written by\" \/>\n\t<meta name=\"twitter:data1\" content=\"Kisha Orthodhokse\" \/>\n\t<meta name=\"twitter:label2\" content=\"Est. reading time\" \/>\n\t<meta name=\"twitter:data2\" content=\"2 minutes\" \/>\n<script type=\"application\/ld+json\" class=\"yoast-schema-graph\">{\"@context\":\"https:\/\/schema.org\",\"@graph\":[{\"@type\":\"Article\",\"@id\":\"https:\/\/orthodoxalbania.org\/2020\/en\/2007\/02\/26\/the-celebration-of-the-70th-anniversary-of-the-autocephaly-assignation-april-2007\/#article\",\"isPartOf\":{\"@id\":\"https:\/\/orthodoxalbania.org\/2020\/en\/2007\/02\/26\/the-celebration-of-the-70th-anniversary-of-the-autocephaly-assignation-april-2007\/\"},\"author\":{\"name\":\"Kisha Orthodhokse\",\"@id\":\"https:\/\/orthodoxalbania.org\/2020\/#\/schema\/person\/df745f942b70e045b3dc05a30211f0de\"},\"headline\":\"The Celebration of the 70th Anniversary of the Autocephaly Assignation. (April 2007)\",\"datePublished\":\"2007-02-26T00:00:06+00:00\",\"dateModified\":\"2020-04-12T22:31:28+00:00\",\"mainEntityOfPage\":{\"@id\":\"https:\/\/orthodoxalbania.org\/2020\/en\/2007\/02\/26\/the-celebration-of-the-70th-anniversary-of-the-autocephaly-assignation-april-2007\/\"},\"wordCount\":394,\"commentCount\":0,\"publisher\":{\"@id\":\"https:\/\/orthodoxalbania.org\/2020\/#organization\"},\"image\":{\"@id\":\"https:\/\/orthodoxalbania.org\/2020\/en\/2007\/02\/26\/the-celebration-of-the-70th-anniversary-of-the-autocephaly-assignation-april-2007\/#primaryimage\"},\"thumbnailUrl\":\"https:\/\/lh3.googleusercontent.com\/-AIzuuQtJV3E\/VIlfve0JpVI\/AAAAAAAAGQ0\/27XS82Btx2g\/w400-h266-no\/foto1majtas.jpg\",\"keywords\":[\"2007\",\"Kremtime\",\"Kryepiskopi Anastas\"],\"articleSection\":[\"News - \u0395\u039d\",\"News old page\"],\"inLanguage\":\"en-US\"},{\"@type\":\"WebPage\",\"@id\":\"https:\/\/orthodoxalbania.org\/2020\/en\/2007\/02\/26\/the-celebration-of-the-70th-anniversary-of-the-autocephaly-assignation-april-2007\/\",\"url\":\"https:\/\/orthodoxalbania.org\/2020\/en\/2007\/02\/26\/the-celebration-of-the-70th-anniversary-of-the-autocephaly-assignation-april-2007\/\",\"name\":\"The Celebration of the 70th Anniversary of the Autocephaly Assignation. (April 2007) - Kisha Orthodh\u03bfkse Autoqefale e Shqip\u00ebris\u00eb\",\"isPartOf\":{\"@id\":\"https:\/\/orthodoxalbania.org\/2020\/#website\"},\"primaryImageOfPage\":{\"@id\":\"https:\/\/orthodoxalbania.org\/2020\/en\/2007\/02\/26\/the-celebration-of-the-70th-anniversary-of-the-autocephaly-assignation-april-2007\/#primaryimage\"},\"image\":{\"@id\":\"https:\/\/orthodoxalbania.org\/2020\/en\/2007\/02\/26\/the-celebration-of-the-70th-anniversary-of-the-autocephaly-assignation-april-2007\/#primaryimage\"},\"thumbnailUrl\":\"https:\/\/lh3.googleusercontent.com\/-AIzuuQtJV3E\/VIlfve0JpVI\/AAAAAAAAGQ0\/27XS82Btx2g\/w400-h266-no\/foto1majtas.jpg\",\"datePublished\":\"2007-02-26T00:00:06+00:00\",\"dateModified\":\"2020-04-12T22:31:28+00:00\",\"breadcrumb\":{\"@id\":\"https:\/\/orthodoxalbania.org\/2020\/en\/2007\/02\/26\/the-celebration-of-the-70th-anniversary-of-the-autocephaly-assignation-april-2007\/#breadcrumb\"},\"inLanguage\":\"en-US\",\"potentialAction\":[{\"@type\":\"ReadAction\",\"target\":[\"https:\/\/orthodoxalbania.org\/2020\/en\/2007\/02\/26\/the-celebration-of-the-70th-anniversary-of-the-autocephaly-assignation-april-2007\/\"]}]},{\"@type\":\"ImageObject\",\"inLanguage\":\"en-US\",\"@id\":\"https:\/\/orthodoxalbania.org\/2020\/en\/2007\/02\/26\/the-celebration-of-the-70th-anniversary-of-the-autocephaly-assignation-april-2007\/#primaryimage\",\"url\":\"https:\/\/lh3.googleusercontent.com\/-AIzuuQtJV3E\/VIlfve0JpVI\/AAAAAAAAGQ0\/27XS82Btx2g\/w400-h266-no\/foto1majtas.jpg\",\"contentUrl\":\"https:\/\/lh3.googleusercontent.com\/-AIzuuQtJV3E\/VIlfve0JpVI\/AAAAAAAAGQ0\/27XS82Btx2g\/w400-h266-no\/foto1majtas.jpg\"},{\"@type\":\"BreadcrumbList\",\"@id\":\"https:\/\/orthodoxalbania.org\/2020\/en\/2007\/02\/26\/the-celebration-of-the-70th-anniversary-of-the-autocephaly-assignation-april-2007\/#breadcrumb\",\"itemListElement\":[{\"@type\":\"ListItem\",\"position\":1,\"name\":\"Home\",\"item\":\"https:\/\/orthodoxalbania.org\/2020\/\"},{\"@type\":\"ListItem\",\"position\":2,\"name\":\"The Celebration of the 70th Anniversary of the Autocephaly Assignation. (April 2007)\"}]},{\"@type\":\"WebSite\",\"@id\":\"https:\/\/orthodoxalbania.org\/2020\/#website\",\"url\":\"https:\/\/orthodoxalbania.org\/2020\/\",\"name\":\"Kisha Orthodh\u03bfkse Autoqefale e Shqip\u00ebris\u00eb\",\"description\":\"Fqja Zyrtare e Kish\u00ebs Orthodhokse Autoqefale e Shqip\u00ebris\u00eb me lajmet edhe informacionet zyrtare p\u00ebr struktur\u00ebn edhe veprimtarin e saj.\",\"publisher\":{\"@id\":\"https:\/\/orthodoxalbania.org\/2020\/#organization\"},\"potentialAction\":[{\"@type\":\"SearchAction\",\"target\":{\"@type\":\"EntryPoint\",\"urlTemplate\":\"https:\/\/orthodoxalbania.org\/2020\/?s={search_term_string}\"},\"query-input\":{\"@type\":\"PropertyValueSpecification\",\"valueRequired\":true,\"valueName\":\"search_term_string\"}}],\"inLanguage\":\"en-US\"},{\"@type\":\"Organization\",\"@id\":\"https:\/\/orthodoxalbania.org\/2020\/#organization\",\"name\":\"Kisha Orthodhokse Autoqefale e Shqip\u00ebris\u00eb\",\"url\":\"https:\/\/orthodoxalbania.org\/2020\/\",\"logo\":{\"@type\":\"ImageObject\",\"inLanguage\":\"en-US\",\"@id\":\"https:\/\/orthodoxalbania.org\/2020\/#\/schema\/logo\/image\/\",\"url\":\"https:\/\/orthodoxalbania.org\/2020\/wp-content\/uploads\/2020\/05\/albania.jpeg\",\"contentUrl\":\"https:\/\/orthodoxalbania.org\/2020\/wp-content\/uploads\/2020\/05\/albania.jpeg\",\"width\":540,\"height\":540,\"caption\":\"Kisha Orthodhokse Autoqefale e Shqip\u00ebris\u00eb\"},\"image\":{\"@id\":\"https:\/\/orthodoxalbania.org\/2020\/#\/schema\/logo\/image\/\"},\"sameAs\":[\"https:\/\/www.facebook.com\/koash1991\"]},{\"@type\":\"Person\",\"@id\":\"https:\/\/orthodoxalbania.org\/2020\/#\/schema\/person\/df745f942b70e045b3dc05a30211f0de\",\"name\":\"Kisha Orthodhokse\",\"image\":{\"@type\":\"ImageObject\",\"inLanguage\":\"en-US\",\"@id\":\"https:\/\/secure.gravatar.com\/avatar\/2676eb8d97178435c9f691a7871595a1da6c33542dec218bce40885573150e28?s=96&d=mm&r=g\",\"url\":\"https:\/\/secure.gravatar.com\/avatar\/2676eb8d97178435c9f691a7871595a1da6c33542dec218bce40885573150e28?s=96&d=mm&r=g\",\"contentUrl\":\"https:\/\/secure.gravatar.com\/avatar\/2676eb8d97178435c9f691a7871595a1da6c33542dec218bce40885573150e28?s=96&d=mm&r=g\",\"caption\":\"Kisha Orthodhokse\"}}]}<\/script>\n<!-- \/ Yoast SEO plugin. -->","yoast_head_json":{"title":"The Celebration of the 70th Anniversary of the Autocephaly Assignation. (April 2007) - Kisha Orthodh\u03bfkse Autoqefale e Shqip\u00ebris\u00eb","robots":{"index":"index","follow":"follow","max-snippet":"max-snippet:-1","max-image-preview":"max-image-preview:large","max-video-preview":"max-video-preview:-1"},"canonical":"https:\/\/orthodoxalbania.org\/2020\/en\/2007\/02\/26\/the-celebration-of-the-70th-anniversary-of-the-autocephaly-assignation-april-2007\/","og_locale":"en_US","og_type":"article","og_title":"The Celebration of the 70th Anniversary of the Autocephaly Assignation. (April 2007) - Kisha Orthodh\u03bfkse Autoqefale e Shqip\u00ebris\u00eb","og_description":"\u201cThe consolidation of real Autocephaly and the fullfillment of ecclesiastical hierarchy is without a doubt a work of Archbishop Anastasios\u201d, said His Grace John. &nbsp; &nbsp;&nbsp;&nbsp; On the Sunday of St. Thomas, on 15 April, in \u201cAnnunciation of Theotokos Mary\u201d Church in Tirana, numerous faithful participated in the Divine Liturgy and also celebrated the 70th anniversary of our Autocephalic Orthodox Church. &nbsp;&nbsp;&nbsp; &nbsp; &nbsp;&nbsp;&nbsp; 12","og_url":"https:\/\/orthodoxalbania.org\/2020\/en\/2007\/02\/26\/the-celebration-of-the-70th-anniversary-of-the-autocephaly-assignation-april-2007\/","og_site_name":"Kisha Orthodh\u03bfkse Autoqefale e Shqip\u00ebris\u00eb","article_publisher":"https:\/\/www.facebook.com\/koash1991","article_published_time":"2007-02-26T00:00:06+00:00","article_modified_time":"2020-04-12T22:31:28+00:00","og_image":[{"url":"https:\/\/lh3.googleusercontent.com\/-AIzuuQtJV3E\/VIlfve0JpVI\/AAAAAAAAGQ0\/27XS82Btx2g\/w400-h266-no\/foto1majtas.jpg","type":"","width":"","height":""}],"author":"Kisha Orthodhokse","twitter_card":"summary_large_image","twitter_misc":{"Written by":"Kisha Orthodhokse","Est. reading time":"2 minutes"},"schema":{"@context":"https:\/\/schema.org","@graph":[{"@type":"Article","@id":"https:\/\/orthodoxalbania.org\/2020\/en\/2007\/02\/26\/the-celebration-of-the-70th-anniversary-of-the-autocephaly-assignation-april-2007\/#article","isPartOf":{"@id":"https:\/\/orthodoxalbania.org\/2020\/en\/2007\/02\/26\/the-celebration-of-the-70th-anniversary-of-the-autocephaly-assignation-april-2007\/"},"author":{"name":"Kisha Orthodhokse","@id":"https:\/\/orthodoxalbania.org\/2020\/#\/schema\/person\/df745f942b70e045b3dc05a30211f0de"},"headline":"The Celebration of the 70th Anniversary of the Autocephaly Assignation. (April 2007)","datePublished":"2007-02-26T00:00:06+00:00","dateModified":"2020-04-12T22:31:28+00:00","mainEntityOfPage":{"@id":"https:\/\/orthodoxalbania.org\/2020\/en\/2007\/02\/26\/the-celebration-of-the-70th-anniversary-of-the-autocephaly-assignation-april-2007\/"},"wordCount":394,"commentCount":0,"publisher":{"@id":"https:\/\/orthodoxalbania.org\/2020\/#organization"},"image":{"@id":"https:\/\/orthodoxalbania.org\/2020\/en\/2007\/02\/26\/the-celebration-of-the-70th-anniversary-of-the-autocephaly-assignation-april-2007\/#primaryimage"},"thumbnailUrl":"https:\/\/lh3.googleusercontent.com\/-AIzuuQtJV3E\/VIlfve0JpVI\/AAAAAAAAGQ0\/27XS82Btx2g\/w400-h266-no\/foto1majtas.jpg","keywords":["2007","Kremtime","Kryepiskopi Anastas"],"articleSection":["News - \u0395\u039d","News old page"],"inLanguage":"en-US"},{"@type":"WebPage","@id":"https:\/\/orthodoxalbania.org\/2020\/en\/2007\/02\/26\/the-celebration-of-the-70th-anniversary-of-the-autocephaly-assignation-april-2007\/","url":"https:\/\/orthodoxalbania.org\/2020\/en\/2007\/02\/26\/the-celebration-of-the-70th-anniversary-of-the-autocephaly-assignation-april-2007\/","name":"The Celebration of the 70th Anniversary of the Autocephaly Assignation. (April 2007) - Kisha Orthodh\u03bfkse Autoqefale e Shqip\u00ebris\u00eb","isPartOf":{"@id":"https:\/\/orthodoxalbania.org\/2020\/#website"},"primaryImageOfPage":{"@id":"https:\/\/orthodoxalbania.org\/2020\/en\/2007\/02\/26\/the-celebration-of-the-70th-anniversary-of-the-autocephaly-assignation-april-2007\/#primaryimage"},"image":{"@id":"https:\/\/orthodoxalbania.org\/2020\/en\/2007\/02\/26\/the-celebration-of-the-70th-anniversary-of-the-autocephaly-assignation-april-2007\/#primaryimage"},"thumbnailUrl":"https:\/\/lh3.googleusercontent.com\/-AIzuuQtJV3E\/VIlfve0JpVI\/AAAAAAAAGQ0\/27XS82Btx2g\/w400-h266-no\/foto1majtas.jpg","datePublished":"2007-02-26T00:00:06+00:00","dateModified":"2020-04-12T22:31:28+00:00","breadcrumb":{"@id":"https:\/\/orthodoxalbania.org\/2020\/en\/2007\/02\/26\/the-celebration-of-the-70th-anniversary-of-the-autocephaly-assignation-april-2007\/#breadcrumb"},"inLanguage":"en-US","potentialAction":[{"@type":"ReadAction","target":["https:\/\/orthodoxalbania.org\/2020\/en\/2007\/02\/26\/the-celebration-of-the-70th-anniversary-of-the-autocephaly-assignation-april-2007\/"]}]},{"@type":"ImageObject","inLanguage":"en-US","@id":"https:\/\/orthodoxalbania.org\/2020\/en\/2007\/02\/26\/the-celebration-of-the-70th-anniversary-of-the-autocephaly-assignation-april-2007\/#primaryimage","url":"https:\/\/lh3.googleusercontent.com\/-AIzuuQtJV3E\/VIlfve0JpVI\/AAAAAAAAGQ0\/27XS82Btx2g\/w400-h266-no\/foto1majtas.jpg","contentUrl":"https:\/\/lh3.googleusercontent.com\/-AIzuuQtJV3E\/VIlfve0JpVI\/AAAAAAAAGQ0\/27XS82Btx2g\/w400-h266-no\/foto1majtas.jpg"},{"@type":"BreadcrumbList","@id":"https:\/\/orthodoxalbania.org\/2020\/en\/2007\/02\/26\/the-celebration-of-the-70th-anniversary-of-the-autocephaly-assignation-april-2007\/#breadcrumb","itemListElement":[{"@type":"ListItem","position":1,"name":"Home","item":"https:\/\/orthodoxalbania.org\/2020\/"},{"@type":"ListItem","position":2,"name":"The Celebration of the 70th Anniversary of the Autocephaly Assignation. (April 2007)"}]},{"@type":"WebSite","@id":"https:\/\/orthodoxalbania.org\/2020\/#website","url":"https:\/\/orthodoxalbania.org\/2020\/","name":"Kisha Orthodh\u03bfkse Autoqefale e Shqip\u00ebris\u00eb","description":"Fqja Zyrtare e Kish\u00ebs Orthodhokse Autoqefale e Shqip\u00ebris\u00eb me lajmet edhe informacionet zyrtare p\u00ebr struktur\u00ebn edhe veprimtarin e saj.","publisher":{"@id":"https:\/\/orthodoxalbania.org\/2020\/#organization"},"potentialAction":[{"@type":"SearchAction","target":{"@type":"EntryPoint","urlTemplate":"https:\/\/orthodoxalbania.org\/2020\/?s={search_term_string}"},"query-input":{"@type":"PropertyValueSpecification","valueRequired":true,"valueName":"search_term_string"}}],"inLanguage":"en-US"},{"@type":"Organization","@id":"https:\/\/orthodoxalbania.org\/2020\/#organization","name":"Kisha Orthodhokse Autoqefale e Shqip\u00ebris\u00eb","url":"https:\/\/orthodoxalbania.org\/2020\/","logo":{"@type":"ImageObject","inLanguage":"en-US","@id":"https:\/\/orthodoxalbania.org\/2020\/#\/schema\/logo\/image\/","url":"https:\/\/orthodoxalbania.org\/2020\/wp-content\/uploads\/2020\/05\/albania.jpeg","contentUrl":"https:\/\/orthodoxalbania.org\/2020\/wp-content\/uploads\/2020\/05\/albania.jpeg","width":540,"height":540,"caption":"Kisha Orthodhokse Autoqefale e Shqip\u00ebris\u00eb"},"image":{"@id":"https:\/\/orthodoxalbania.org\/2020\/#\/schema\/logo\/image\/"},"sameAs":["https:\/\/www.facebook.com\/koash1991"]},{"@type":"Person","@id":"https:\/\/orthodoxalbania.org\/2020\/#\/schema\/person\/df745f942b70e045b3dc05a30211f0de","name":"Kisha Orthodhokse","image":{"@type":"ImageObject","inLanguage":"en-US","@id":"https:\/\/secure.gravatar.com\/avatar\/2676eb8d97178435c9f691a7871595a1da6c33542dec218bce40885573150e28?s=96&d=mm&r=g","url":"https:\/\/secure.gravatar.com\/avatar\/2676eb8d97178435c9f691a7871595a1da6c33542dec218bce40885573150e28?s=96&d=mm&r=g","contentUrl":"https:\/\/secure.gravatar.com\/avatar\/2676eb8d97178435c9f691a7871595a1da6c33542dec218bce40885573150e28?s=96&d=mm&r=g","caption":"Kisha Orthodhokse"}}]}},"_links":{"self":[{"href":"https:\/\/orthodoxalbania.org\/2020\/wp-json\/wp\/v2\/posts\/1301","targetHints":{"allow":["GET"]}}],"collection":[{"href":"https:\/\/orthodoxalbania.org\/2020\/wp-json\/wp\/v2\/posts"}],"about":[{"href":"https:\/\/orthodoxalbania.org\/2020\/wp-json\/wp\/v2\/types\/post"}],"author":[{"embeddable":true,"href":"https:\/\/orthodoxalbania.org\/2020\/wp-json\/wp\/v2\/users\/7"}],"replies":[{"embeddable":true,"href":"https:\/\/orthodoxalbania.org\/2020\/wp-json\/wp\/v2\/comments?post=1301"}],"version-history":[{"count":1,"href":"https:\/\/orthodoxalbania.org\/2020\/wp-json\/wp\/v2\/posts\/1301\/revisions"}],"predecessor-version":[{"id":18057,"href":"https:\/\/orthodoxalbania.org\/2020\/wp-json\/wp\/v2\/posts\/1301\/revisions\/18057"}],"wp:attachment":[{"href":"https:\/\/orthodoxalbania.org\/2020\/wp-json\/wp\/v2\/media?parent=1301"}],"wp:term":[{"taxonomy":"category","embeddable":true,"href":"https:\/\/orthodoxalbania.org\/2020\/wp-json\/wp\/v2\/categories?post=1301"},{"taxonomy":"post_tag","embeddable":true,"href":"https:\/\/orthodoxalbania.org\/2020\/wp-json\/wp\/v2\/tags?post=1301"}],"curies":[{"name":"wp","href":"https:\/\/api.w.org\/{rel}","templated":true}]}}