{"id":1299,"date":"2008-02-26T00:00:03","date_gmt":"2008-02-26T00:00:03","guid":{"rendered":""},"modified":"2020-04-13T00:31:24","modified_gmt":"2020-04-12T22:31:24","slug":"the-celebration-of-the-100th-anniversary-of-the-ordination-of-his-grace-theofan-noli-as-a-priest-and-the-first-liturgy-in-albanian-march-2008","status":"publish","type":"post","link":"https:\/\/orthodoxalbania.org\/2020\/en\/2008\/02\/26\/the-celebration-of-the-100th-anniversary-of-the-ordination-of-his-grace-theofan-noli-as-a-priest-and-the-first-liturgy-in-albanian-march-2008\/","title":{"rendered":"The Celebration of the 100th anniversary of the ordination of His Grace Theofan (Noli) as a priest and the first Liturgy in Albanian. (March 2008)"},"content":{"rendered":"<div style=\"text-align: center;\"><span style=\"color: #b22222;\"><strong><span style=\"font-family: tahoma,geneva,sans-serif;\"><span style=\"font-size: 12px;\"><em>A joint declaration of understanding and collaboration between two centers of Albanian Orthodoxy in the United.<\/em><\/span><\/span><\/strong><\/span><\/div>\n<div style=\"text-align: center;\">&nbsp;<\/div>\n<div>&nbsp;<\/div>\n<div style=\"text-align: justify;\"><span style=\"color: #000000;\"><strong><span style=\"font-family: tahoma,geneva,sans-serif;\"><span style=\"font-size: 12px;\">&nbsp;&nbsp;&nbsp; In March there are three very important anniversaries for our Church: March 8th is the 100th anniversary of the ordination of Theofan Noli as a priest. March 22nd is the 10th anniversary of the first Divine Liturgy in the Albanian language by Fr. Theofan and the founding of the St. George Albanian Orthodox Church in Boston. March 13th is the anniversary of the falling asleep of His Grace Theofan Noli (1965).<\/span><\/span><\/strong><\/span><\/div>\n<table id=\"AutoNumber2\" style=\"width: 721px; height: 753px;\" border=\"0\">\n<tbody>\n<tr>\n<td>\n<div><span style=\"color: #000000;\"><span style=\"font-family: tahoma,geneva,sans-serif;\"><span style=\"font-size: 12px;\"><img decoding=\"async\" class=\"lazyload HAa Eha\" style=\"border-width: 1px; border-style: solid; margin: 10px auto; display: block;\" alt=\"\" src=\"data:image\/svg+xml,%3Csvg%20xmlns%3D%27http%3A%2F%2Fwww.w3.org%2F2000%2Fsvg%27%20width%3D%27306%27%20height%3D%27230%27%20viewBox%3D%270%200%20306%20230%27%3E%3Crect%20width%3D%27306%27%20height%3D%27230%27%20fill-opacity%3D%220%22%2F%3E%3C%2Fsvg%3E\" data-orig-src=\"https:\/\/lh5.googleusercontent.com\/-pgrTnDiR1qE\/VI6lnr2E_4I\/AAAAAAAAHhU\/ep_A7oOHpng\/w450-h338-no\/Foto%2B1.jpg\" height=\"230\" width=\"306\" \/><\/span><\/span><\/span><\/div>\n<\/td>\n<td>\n<div><span style=\"color: #000000;\"><span style=\"font-family: tahoma,geneva,sans-serif;\"><span style=\"font-size: 12px;\">&nbsp;&nbsp;&nbsp;&nbsp;<\/span><\/span><\/span><\/div>\n<div style=\"text-align: justify;\"><span style=\"color: #000000;\"><span style=\"font-family: tahoma,geneva,sans-serif;\"><span style=\"font-size: 12px;\">&nbsp;&nbsp;&nbsp; On Sunday, March 9th a jubilant and festive Divine Liturgy was celebrated in the St. George Cathedral in Boston, Mass. U.S. It was lead by the two Albanian bishops of America, His Grace Nikoni (Liolin) and His Grace Ilia (Ketri). His Beatitude, Archbishop Anastasios of Tirana and all Albania was invited and participated as well.<\/span><\/span><\/span><\/div>\n<div>&nbsp;<\/div>\n<\/td>\n<\/tr>\n<tr>\n<td dir=\"ltr\" colspan=\"2\">\n<div style=\"text-align: justify;\"><span style=\"color: #000000;\"><span style=\"font-family: tahoma,geneva,sans-serif;\"><span style=\"font-size: 12px;\">&nbsp;&nbsp;&nbsp; Fr. Artur Liolini spoke first about this anniversary and said in his remarks that this spiritual institution\u2019s unbroken continuation of activity attests to the longsighted vision which Fan Noli had when he began the attempts for the autocephaly of the Albanian Orthodox Church of America.<\/span><\/span><\/span><\/div>\n<\/td>\n<\/tr>\n<tr>\n<td>\n<div style=\"text-align: justify;\"><span style=\"color: #000000;\"><span style=\"font-family: tahoma,geneva,sans-serif;\"><span style=\"font-size: 12px;\">&nbsp;&nbsp;&nbsp; Following this, His Beatitude, Archbishop Anastasios greeted all those present in Albanian and in English and honored the memory and works of Archbishop Theofan.&nbsp; Later, His Grace Ilia and His Grace Nikoni, stood before all in attendance and read a joint declaration of understanding and collaboration between the two centers of Albanian Orthodoxy in the U.S.<\/span><\/span><\/span><\/div>\n<\/td>\n<td>\n<div><span style=\"color: #000000;\"><span style=\"font-family: tahoma,geneva,sans-serif;\"><span style=\"font-size: 12px;\"><img decoding=\"async\" class=\"lazyload HAa Eha\" style=\"border-width: 1px; border-style: solid; margin: 10px auto; display: block;\" alt=\"\" src=\"data:image\/svg+xml,%3Csvg%20xmlns%3D%27http%3A%2F%2Fwww.w3.org%2F2000%2Fsvg%27%20width%3D%27312%27%20height%3D%27234%27%20viewBox%3D%270%200%20312%20234%27%3E%3Crect%20width%3D%27312%27%20height%3D%27234%27%20fill-opacity%3D%220%22%2F%3E%3C%2Fsvg%3E\" data-orig-src=\"https:\/\/lh5.googleusercontent.com\/-_JU-KtiMNFc\/VI6lngPIXUI\/AAAAAAAAHhM\/HMQ1RGekvXY\/w450-h338-no\/Foto%2B2.jpg\" height=\"234\" width=\"312\" \/><\/span><\/span><\/span><\/div>\n<\/td>\n<\/tr>\n<tr>\n<td>\n<div><span style=\"color: #000000;\"><span style=\"font-family: tahoma,geneva,sans-serif;\"><span style=\"font-size: 12px;\"><img decoding=\"async\" class=\"lazyload HAa Eha\" style=\"border-width: 1px; border-style: solid; margin: 10px auto; display: block;\" alt=\"\" src=\"data:image\/svg+xml,%3Csvg%20xmlns%3D%27http%3A%2F%2Fwww.w3.org%2F2000%2Fsvg%27%20width%3D%27320%27%20height%3D%27218%27%20viewBox%3D%270%200%20320%20218%27%3E%3Crect%20width%3D%27320%27%20height%3D%27218%27%20fill-opacity%3D%220%22%2F%3E%3C%2Fsvg%3E\" data-orig-src=\"https:\/\/lh6.googleusercontent.com\/-TyZKKV14xS8\/VI6lnk6TUXI\/AAAAAAAAHhY\/o6mrnBwgraY\/w450-h307-no\/Foto%2B3.jpg\" height=\"218\" width=\"320\" \/><\/span><\/span><\/span><\/div>\n<\/td>\n<td>\n<div style=\"text-align: justify;\"><span style=\"color: #000000;\"><span style=\"font-family: tahoma,geneva,sans-serif;\"><span style=\"font-size: 12px;\">&nbsp;&nbsp;&nbsp; In his remarks, Bishop Ilia Ketri said that the progress of the Albanian Orthodox was also one of Noli\u2019s dreams and called the signing of this declaration a continuation of the works and desires of Archbishop Noli for understanding, forgiveness, and collaboration.<\/span><\/span><\/span><\/div>\n<div style=\"text-align: justify;\">&nbsp;<\/div>\n<div style=\"text-align: justify;\"><span style=\"color: #000000;\"><span style=\"font-family: tahoma,geneva,sans-serif;\"><span style=\"font-size: 12px;\">&nbsp;&nbsp; Also, Archbishop Anastasios, His Grace Nikoni, and His Grace Ilia paid homage to Archbishop Theofan and put flowers at his photograph.<\/span><\/span><\/span><\/div>\n<\/td>\n<\/tr>\n<\/tbody>\n<\/table>\n<div style=\"text-align: justify;\"><span style=\"color: #000000;\"><span style=\"font-family: tahoma,geneva,sans-serif;\"><span style=\"font-size: 12px;\">&nbsp;&nbsp;&nbsp; After this, a festive lunch was spread for the occasion in the well-known restaurant \u201cPier 4\u201d (which was opened by Antoni Athanas) and about 400 people attended.&nbsp; While March 22nd will mark the day of another celebration, in fact the whole year is considered festive and jubilant and will culminate in September with a gala-ball.<\/span><\/span><\/span><\/div>\n<div style=\"text-align: justify;\">&nbsp;<\/div>\n<div style=\"text-align: right;\"><span style=\"color: #000000;\"><span style=\"font-family: tahoma,geneva,sans-serif;\"><span style=\"font-size: 12px;\">&nbsp;<strong>&nbsp;&nbsp;&nbsp;&nbsp;<br \/> &nbsp;&nbsp;&nbsp;&nbsp; Translated and edited by <em>Georgia Gilman<\/em><\/strong><\/span><\/span><\/span><\/div>\n","protected":false},"excerpt":{"rendered":"<p>A joint declaration of understanding and collaboration between two centers of Albanian Orthodoxy in the United. &nbsp; &nbsp; &nbsp;&nbsp;&nbsp; In March there are three very important anniversaries for our Church: March 8th is the 100th anniversary of the ordination of Theofan Noli as a priest. March 22nd is the 10th anniversary of the first Divine Liturgy in the Albanian language by Fr. Theofan and the<\/p>\n","protected":false},"author":7,"featured_media":0,"comment_status":"open","ping_status":"open","sticky":false,"template":"","format":"standard","meta":{"_acf_changed":false,"pagelayer_contact_templates":[],"_pagelayer_content":"","inline_featured_image":false,"fifu_image_url":"","fifu_image_alt":"","footnotes":""},"categories":[1455,311],"tags":[1121,1233,1768],"class_list":["post-1299","post","type-post","status-publish","format-standard","hentry","category-news-en","category-news-d25","tag-2008-en","tag-declarations-official-announcements","tag-kryepiskopi-anastas-en"],"acf":[],"yoast_head":"<!-- This site is optimized with the Yoast SEO plugin v27.2 - https:\/\/yoast.com\/product\/yoast-seo-wordpress\/ -->\n<title>The Celebration of the 100th anniversary of the ordination of His Grace Theofan (Noli) as a priest and the first Liturgy in Albanian. (March 2008) - Kisha Orthodh\u03bfkse Autoqefale e Shqip\u00ebris\u00eb<\/title>\n<meta name=\"robots\" content=\"index, follow, max-snippet:-1, max-image-preview:large, max-video-preview:-1\" \/>\n<link rel=\"canonical\" href=\"https:\/\/orthodoxalbania.org\/2020\/en\/2008\/02\/26\/the-celebration-of-the-100th-anniversary-of-the-ordination-of-his-grace-theofan-noli-as-a-priest-and-the-first-liturgy-in-albanian-march-2008\/\" \/>\n<meta property=\"og:locale\" content=\"en_US\" \/>\n<meta property=\"og:type\" content=\"article\" \/>\n<meta property=\"og:title\" content=\"The Celebration of the 100th anniversary of the ordination of His Grace Theofan (Noli) as a priest and the first Liturgy in Albanian. (March 2008) - Kisha Orthodh\u03bfkse Autoqefale e Shqip\u00ebris\u00eb\" \/>\n<meta property=\"og:description\" content=\"A joint declaration of understanding and collaboration between two centers of Albanian Orthodoxy in the United. &nbsp; &nbsp; &nbsp;&nbsp;&nbsp; In March there are three very important anniversaries for our Church: March 8th is the 100th anniversary of the ordination of Theofan Noli as a priest. March 22nd is the 10th anniversary of the first Divine Liturgy in the Albanian language by Fr. Theofan and the\" \/>\n<meta property=\"og:url\" content=\"https:\/\/orthodoxalbania.org\/2020\/en\/2008\/02\/26\/the-celebration-of-the-100th-anniversary-of-the-ordination-of-his-grace-theofan-noli-as-a-priest-and-the-first-liturgy-in-albanian-march-2008\/\" \/>\n<meta property=\"og:site_name\" content=\"Kisha Orthodh\u03bfkse Autoqefale e Shqip\u00ebris\u00eb\" \/>\n<meta property=\"article:publisher\" content=\"https:\/\/www.facebook.com\/koash1991\" \/>\n<meta property=\"article:published_time\" content=\"2008-02-26T00:00:03+00:00\" \/>\n<meta property=\"article:modified_time\" content=\"2020-04-12T22:31:24+00:00\" \/>\n<meta property=\"og:image\" content=\"https:\/\/lh5.googleusercontent.com\/-pgrTnDiR1qE\/VI6lnr2E_4I\/AAAAAAAAHhU\/ep_A7oOHpng\/w450-h338-no\/Foto%2B1.jpg\" \/>\n<meta name=\"author\" content=\"Kisha Orthodhokse\" \/>\n<meta name=\"twitter:card\" content=\"summary_large_image\" \/>\n<meta name=\"twitter:label1\" content=\"Written by\" \/>\n\t<meta name=\"twitter:data1\" content=\"Kisha Orthodhokse\" \/>\n\t<meta name=\"twitter:label2\" content=\"Est. reading time\" \/>\n\t<meta name=\"twitter:data2\" content=\"2 minutes\" \/>\n<script type=\"application\/ld+json\" class=\"yoast-schema-graph\">{\"@context\":\"https:\/\/schema.org\",\"@graph\":[{\"@type\":\"Article\",\"@id\":\"https:\/\/orthodoxalbania.org\/2020\/en\/2008\/02\/26\/the-celebration-of-the-100th-anniversary-of-the-ordination-of-his-grace-theofan-noli-as-a-priest-and-the-first-liturgy-in-albanian-march-2008\/#article\",\"isPartOf\":{\"@id\":\"https:\/\/orthodoxalbania.org\/2020\/en\/2008\/02\/26\/the-celebration-of-the-100th-anniversary-of-the-ordination-of-his-grace-theofan-noli-as-a-priest-and-the-first-liturgy-in-albanian-march-2008\/\"},\"author\":{\"name\":\"Kisha Orthodhokse\",\"@id\":\"https:\/\/orthodoxalbania.org\/2020\/#\/schema\/person\/df745f942b70e045b3dc05a30211f0de\"},\"headline\":\"The Celebration of the 100th anniversary of the ordination of His Grace Theofan (Noli) as a priest and the first Liturgy in Albanian. (March 2008)\",\"datePublished\":\"2008-02-26T00:00:03+00:00\",\"dateModified\":\"2020-04-12T22:31:24+00:00\",\"mainEntityOfPage\":{\"@id\":\"https:\/\/orthodoxalbania.org\/2020\/en\/2008\/02\/26\/the-celebration-of-the-100th-anniversary-of-the-ordination-of-his-grace-theofan-noli-as-a-priest-and-the-first-liturgy-in-albanian-march-2008\/\"},\"wordCount\":432,\"commentCount\":0,\"publisher\":{\"@id\":\"https:\/\/orthodoxalbania.org\/2020\/#organization\"},\"image\":{\"@id\":\"https:\/\/orthodoxalbania.org\/2020\/en\/2008\/02\/26\/the-celebration-of-the-100th-anniversary-of-the-ordination-of-his-grace-theofan-noli-as-a-priest-and-the-first-liturgy-in-albanian-march-2008\/#primaryimage\"},\"thumbnailUrl\":\"https:\/\/lh5.googleusercontent.com\/-pgrTnDiR1qE\/VI6lnr2E_4I\/AAAAAAAAHhU\/ep_A7oOHpng\/w450-h338-no\/Foto%2B1.jpg\",\"keywords\":[\"2008\",\"Declarations - Official Announcements\",\"Kryepiskopi Anastas\"],\"articleSection\":[\"News - \u0395\u039d\",\"News old page\"],\"inLanguage\":\"en-US\"},{\"@type\":\"WebPage\",\"@id\":\"https:\/\/orthodoxalbania.org\/2020\/en\/2008\/02\/26\/the-celebration-of-the-100th-anniversary-of-the-ordination-of-his-grace-theofan-noli-as-a-priest-and-the-first-liturgy-in-albanian-march-2008\/\",\"url\":\"https:\/\/orthodoxalbania.org\/2020\/en\/2008\/02\/26\/the-celebration-of-the-100th-anniversary-of-the-ordination-of-his-grace-theofan-noli-as-a-priest-and-the-first-liturgy-in-albanian-march-2008\/\",\"name\":\"The Celebration of the 100th anniversary of the ordination of His Grace Theofan (Noli) as a priest and the first Liturgy in Albanian. (March 2008) - Kisha Orthodh\u03bfkse Autoqefale e Shqip\u00ebris\u00eb\",\"isPartOf\":{\"@id\":\"https:\/\/orthodoxalbania.org\/2020\/#website\"},\"primaryImageOfPage\":{\"@id\":\"https:\/\/orthodoxalbania.org\/2020\/en\/2008\/02\/26\/the-celebration-of-the-100th-anniversary-of-the-ordination-of-his-grace-theofan-noli-as-a-priest-and-the-first-liturgy-in-albanian-march-2008\/#primaryimage\"},\"image\":{\"@id\":\"https:\/\/orthodoxalbania.org\/2020\/en\/2008\/02\/26\/the-celebration-of-the-100th-anniversary-of-the-ordination-of-his-grace-theofan-noli-as-a-priest-and-the-first-liturgy-in-albanian-march-2008\/#primaryimage\"},\"thumbnailUrl\":\"https:\/\/lh5.googleusercontent.com\/-pgrTnDiR1qE\/VI6lnr2E_4I\/AAAAAAAAHhU\/ep_A7oOHpng\/w450-h338-no\/Foto%2B1.jpg\",\"datePublished\":\"2008-02-26T00:00:03+00:00\",\"dateModified\":\"2020-04-12T22:31:24+00:00\",\"breadcrumb\":{\"@id\":\"https:\/\/orthodoxalbania.org\/2020\/en\/2008\/02\/26\/the-celebration-of-the-100th-anniversary-of-the-ordination-of-his-grace-theofan-noli-as-a-priest-and-the-first-liturgy-in-albanian-march-2008\/#breadcrumb\"},\"inLanguage\":\"en-US\",\"potentialAction\":[{\"@type\":\"ReadAction\",\"target\":[\"https:\/\/orthodoxalbania.org\/2020\/en\/2008\/02\/26\/the-celebration-of-the-100th-anniversary-of-the-ordination-of-his-grace-theofan-noli-as-a-priest-and-the-first-liturgy-in-albanian-march-2008\/\"]}]},{\"@type\":\"ImageObject\",\"inLanguage\":\"en-US\",\"@id\":\"https:\/\/orthodoxalbania.org\/2020\/en\/2008\/02\/26\/the-celebration-of-the-100th-anniversary-of-the-ordination-of-his-grace-theofan-noli-as-a-priest-and-the-first-liturgy-in-albanian-march-2008\/#primaryimage\",\"url\":\"https:\/\/lh5.googleusercontent.com\/-pgrTnDiR1qE\/VI6lnr2E_4I\/AAAAAAAAHhU\/ep_A7oOHpng\/w450-h338-no\/Foto%2B1.jpg\",\"contentUrl\":\"https:\/\/lh5.googleusercontent.com\/-pgrTnDiR1qE\/VI6lnr2E_4I\/AAAAAAAAHhU\/ep_A7oOHpng\/w450-h338-no\/Foto%2B1.jpg\"},{\"@type\":\"BreadcrumbList\",\"@id\":\"https:\/\/orthodoxalbania.org\/2020\/en\/2008\/02\/26\/the-celebration-of-the-100th-anniversary-of-the-ordination-of-his-grace-theofan-noli-as-a-priest-and-the-first-liturgy-in-albanian-march-2008\/#breadcrumb\",\"itemListElement\":[{\"@type\":\"ListItem\",\"position\":1,\"name\":\"Home\",\"item\":\"https:\/\/orthodoxalbania.org\/2020\/\"},{\"@type\":\"ListItem\",\"position\":2,\"name\":\"The Celebration of the 100th anniversary of the ordination of His Grace Theofan (Noli) as a priest and the first Liturgy in Albanian. (March 2008)\"}]},{\"@type\":\"WebSite\",\"@id\":\"https:\/\/orthodoxalbania.org\/2020\/#website\",\"url\":\"https:\/\/orthodoxalbania.org\/2020\/\",\"name\":\"Kisha Orthodh\u03bfkse Autoqefale e Shqip\u00ebris\u00eb\",\"description\":\"Fqja Zyrtare e Kish\u00ebs Orthodhokse Autoqefale e Shqip\u00ebris\u00eb me lajmet edhe informacionet zyrtare p\u00ebr struktur\u00ebn edhe veprimtarin e saj.\",\"publisher\":{\"@id\":\"https:\/\/orthodoxalbania.org\/2020\/#organization\"},\"potentialAction\":[{\"@type\":\"SearchAction\",\"target\":{\"@type\":\"EntryPoint\",\"urlTemplate\":\"https:\/\/orthodoxalbania.org\/2020\/?s={search_term_string}\"},\"query-input\":{\"@type\":\"PropertyValueSpecification\",\"valueRequired\":true,\"valueName\":\"search_term_string\"}}],\"inLanguage\":\"en-US\"},{\"@type\":\"Organization\",\"@id\":\"https:\/\/orthodoxalbania.org\/2020\/#organization\",\"name\":\"Kisha Orthodhokse Autoqefale e Shqip\u00ebris\u00eb\",\"url\":\"https:\/\/orthodoxalbania.org\/2020\/\",\"logo\":{\"@type\":\"ImageObject\",\"inLanguage\":\"en-US\",\"@id\":\"https:\/\/orthodoxalbania.org\/2020\/#\/schema\/logo\/image\/\",\"url\":\"https:\/\/orthodoxalbania.org\/2020\/wp-content\/uploads\/2020\/05\/albania.jpeg\",\"contentUrl\":\"https:\/\/orthodoxalbania.org\/2020\/wp-content\/uploads\/2020\/05\/albania.jpeg\",\"width\":540,\"height\":540,\"caption\":\"Kisha Orthodhokse Autoqefale e Shqip\u00ebris\u00eb\"},\"image\":{\"@id\":\"https:\/\/orthodoxalbania.org\/2020\/#\/schema\/logo\/image\/\"},\"sameAs\":[\"https:\/\/www.facebook.com\/koash1991\"]},{\"@type\":\"Person\",\"@id\":\"https:\/\/orthodoxalbania.org\/2020\/#\/schema\/person\/df745f942b70e045b3dc05a30211f0de\",\"name\":\"Kisha Orthodhokse\",\"image\":{\"@type\":\"ImageObject\",\"inLanguage\":\"en-US\",\"@id\":\"https:\/\/secure.gravatar.com\/avatar\/2676eb8d97178435c9f691a7871595a1da6c33542dec218bce40885573150e28?s=96&d=mm&r=g\",\"url\":\"https:\/\/secure.gravatar.com\/avatar\/2676eb8d97178435c9f691a7871595a1da6c33542dec218bce40885573150e28?s=96&d=mm&r=g\",\"contentUrl\":\"https:\/\/secure.gravatar.com\/avatar\/2676eb8d97178435c9f691a7871595a1da6c33542dec218bce40885573150e28?s=96&d=mm&r=g\",\"caption\":\"Kisha Orthodhokse\"}}]}<\/script>\n<!-- \/ Yoast SEO plugin. -->","yoast_head_json":{"title":"The Celebration of the 100th anniversary of the ordination of His Grace Theofan (Noli) as a priest and the first Liturgy in Albanian. (March 2008) - Kisha Orthodh\u03bfkse Autoqefale e Shqip\u00ebris\u00eb","robots":{"index":"index","follow":"follow","max-snippet":"max-snippet:-1","max-image-preview":"max-image-preview:large","max-video-preview":"max-video-preview:-1"},"canonical":"https:\/\/orthodoxalbania.org\/2020\/en\/2008\/02\/26\/the-celebration-of-the-100th-anniversary-of-the-ordination-of-his-grace-theofan-noli-as-a-priest-and-the-first-liturgy-in-albanian-march-2008\/","og_locale":"en_US","og_type":"article","og_title":"The Celebration of the 100th anniversary of the ordination of His Grace Theofan (Noli) as a priest and the first Liturgy in Albanian. (March 2008) - Kisha Orthodh\u03bfkse Autoqefale e Shqip\u00ebris\u00eb","og_description":"A joint declaration of understanding and collaboration between two centers of Albanian Orthodoxy in the United. &nbsp; &nbsp; &nbsp;&nbsp;&nbsp; In March there are three very important anniversaries for our Church: March 8th is the 100th anniversary of the ordination of Theofan Noli as a priest. March 22nd is the 10th anniversary of the first Divine Liturgy in the Albanian language by Fr. Theofan and the","og_url":"https:\/\/orthodoxalbania.org\/2020\/en\/2008\/02\/26\/the-celebration-of-the-100th-anniversary-of-the-ordination-of-his-grace-theofan-noli-as-a-priest-and-the-first-liturgy-in-albanian-march-2008\/","og_site_name":"Kisha Orthodh\u03bfkse Autoqefale e Shqip\u00ebris\u00eb","article_publisher":"https:\/\/www.facebook.com\/koash1991","article_published_time":"2008-02-26T00:00:03+00:00","article_modified_time":"2020-04-12T22:31:24+00:00","og_image":[{"url":"https:\/\/lh5.googleusercontent.com\/-pgrTnDiR1qE\/VI6lnr2E_4I\/AAAAAAAAHhU\/ep_A7oOHpng\/w450-h338-no\/Foto%2B1.jpg","type":"","width":"","height":""}],"author":"Kisha Orthodhokse","twitter_card":"summary_large_image","twitter_misc":{"Written by":"Kisha Orthodhokse","Est. reading time":"2 minutes"},"schema":{"@context":"https:\/\/schema.org","@graph":[{"@type":"Article","@id":"https:\/\/orthodoxalbania.org\/2020\/en\/2008\/02\/26\/the-celebration-of-the-100th-anniversary-of-the-ordination-of-his-grace-theofan-noli-as-a-priest-and-the-first-liturgy-in-albanian-march-2008\/#article","isPartOf":{"@id":"https:\/\/orthodoxalbania.org\/2020\/en\/2008\/02\/26\/the-celebration-of-the-100th-anniversary-of-the-ordination-of-his-grace-theofan-noli-as-a-priest-and-the-first-liturgy-in-albanian-march-2008\/"},"author":{"name":"Kisha Orthodhokse","@id":"https:\/\/orthodoxalbania.org\/2020\/#\/schema\/person\/df745f942b70e045b3dc05a30211f0de"},"headline":"The Celebration of the 100th anniversary of the ordination of His Grace Theofan (Noli) as a priest and the first Liturgy in Albanian. (March 2008)","datePublished":"2008-02-26T00:00:03+00:00","dateModified":"2020-04-12T22:31:24+00:00","mainEntityOfPage":{"@id":"https:\/\/orthodoxalbania.org\/2020\/en\/2008\/02\/26\/the-celebration-of-the-100th-anniversary-of-the-ordination-of-his-grace-theofan-noli-as-a-priest-and-the-first-liturgy-in-albanian-march-2008\/"},"wordCount":432,"commentCount":0,"publisher":{"@id":"https:\/\/orthodoxalbania.org\/2020\/#organization"},"image":{"@id":"https:\/\/orthodoxalbania.org\/2020\/en\/2008\/02\/26\/the-celebration-of-the-100th-anniversary-of-the-ordination-of-his-grace-theofan-noli-as-a-priest-and-the-first-liturgy-in-albanian-march-2008\/#primaryimage"},"thumbnailUrl":"https:\/\/lh5.googleusercontent.com\/-pgrTnDiR1qE\/VI6lnr2E_4I\/AAAAAAAAHhU\/ep_A7oOHpng\/w450-h338-no\/Foto%2B1.jpg","keywords":["2008","Declarations - Official Announcements","Kryepiskopi Anastas"],"articleSection":["News - \u0395\u039d","News old page"],"inLanguage":"en-US"},{"@type":"WebPage","@id":"https:\/\/orthodoxalbania.org\/2020\/en\/2008\/02\/26\/the-celebration-of-the-100th-anniversary-of-the-ordination-of-his-grace-theofan-noli-as-a-priest-and-the-first-liturgy-in-albanian-march-2008\/","url":"https:\/\/orthodoxalbania.org\/2020\/en\/2008\/02\/26\/the-celebration-of-the-100th-anniversary-of-the-ordination-of-his-grace-theofan-noli-as-a-priest-and-the-first-liturgy-in-albanian-march-2008\/","name":"The Celebration of the 100th anniversary of the ordination of His Grace Theofan (Noli) as a priest and the first Liturgy in Albanian. (March 2008) - Kisha Orthodh\u03bfkse Autoqefale e Shqip\u00ebris\u00eb","isPartOf":{"@id":"https:\/\/orthodoxalbania.org\/2020\/#website"},"primaryImageOfPage":{"@id":"https:\/\/orthodoxalbania.org\/2020\/en\/2008\/02\/26\/the-celebration-of-the-100th-anniversary-of-the-ordination-of-his-grace-theofan-noli-as-a-priest-and-the-first-liturgy-in-albanian-march-2008\/#primaryimage"},"image":{"@id":"https:\/\/orthodoxalbania.org\/2020\/en\/2008\/02\/26\/the-celebration-of-the-100th-anniversary-of-the-ordination-of-his-grace-theofan-noli-as-a-priest-and-the-first-liturgy-in-albanian-march-2008\/#primaryimage"},"thumbnailUrl":"https:\/\/lh5.googleusercontent.com\/-pgrTnDiR1qE\/VI6lnr2E_4I\/AAAAAAAAHhU\/ep_A7oOHpng\/w450-h338-no\/Foto%2B1.jpg","datePublished":"2008-02-26T00:00:03+00:00","dateModified":"2020-04-12T22:31:24+00:00","breadcrumb":{"@id":"https:\/\/orthodoxalbania.org\/2020\/en\/2008\/02\/26\/the-celebration-of-the-100th-anniversary-of-the-ordination-of-his-grace-theofan-noli-as-a-priest-and-the-first-liturgy-in-albanian-march-2008\/#breadcrumb"},"inLanguage":"en-US","potentialAction":[{"@type":"ReadAction","target":["https:\/\/orthodoxalbania.org\/2020\/en\/2008\/02\/26\/the-celebration-of-the-100th-anniversary-of-the-ordination-of-his-grace-theofan-noli-as-a-priest-and-the-first-liturgy-in-albanian-march-2008\/"]}]},{"@type":"ImageObject","inLanguage":"en-US","@id":"https:\/\/orthodoxalbania.org\/2020\/en\/2008\/02\/26\/the-celebration-of-the-100th-anniversary-of-the-ordination-of-his-grace-theofan-noli-as-a-priest-and-the-first-liturgy-in-albanian-march-2008\/#primaryimage","url":"https:\/\/lh5.googleusercontent.com\/-pgrTnDiR1qE\/VI6lnr2E_4I\/AAAAAAAAHhU\/ep_A7oOHpng\/w450-h338-no\/Foto%2B1.jpg","contentUrl":"https:\/\/lh5.googleusercontent.com\/-pgrTnDiR1qE\/VI6lnr2E_4I\/AAAAAAAAHhU\/ep_A7oOHpng\/w450-h338-no\/Foto%2B1.jpg"},{"@type":"BreadcrumbList","@id":"https:\/\/orthodoxalbania.org\/2020\/en\/2008\/02\/26\/the-celebration-of-the-100th-anniversary-of-the-ordination-of-his-grace-theofan-noli-as-a-priest-and-the-first-liturgy-in-albanian-march-2008\/#breadcrumb","itemListElement":[{"@type":"ListItem","position":1,"name":"Home","item":"https:\/\/orthodoxalbania.org\/2020\/"},{"@type":"ListItem","position":2,"name":"The Celebration of the 100th anniversary of the ordination of His Grace Theofan (Noli) as a priest and the first Liturgy in Albanian. (March 2008)"}]},{"@type":"WebSite","@id":"https:\/\/orthodoxalbania.org\/2020\/#website","url":"https:\/\/orthodoxalbania.org\/2020\/","name":"Kisha Orthodh\u03bfkse Autoqefale e Shqip\u00ebris\u00eb","description":"Fqja Zyrtare e Kish\u00ebs Orthodhokse Autoqefale e Shqip\u00ebris\u00eb me lajmet edhe informacionet zyrtare p\u00ebr struktur\u00ebn edhe veprimtarin e saj.","publisher":{"@id":"https:\/\/orthodoxalbania.org\/2020\/#organization"},"potentialAction":[{"@type":"SearchAction","target":{"@type":"EntryPoint","urlTemplate":"https:\/\/orthodoxalbania.org\/2020\/?s={search_term_string}"},"query-input":{"@type":"PropertyValueSpecification","valueRequired":true,"valueName":"search_term_string"}}],"inLanguage":"en-US"},{"@type":"Organization","@id":"https:\/\/orthodoxalbania.org\/2020\/#organization","name":"Kisha Orthodhokse Autoqefale e Shqip\u00ebris\u00eb","url":"https:\/\/orthodoxalbania.org\/2020\/","logo":{"@type":"ImageObject","inLanguage":"en-US","@id":"https:\/\/orthodoxalbania.org\/2020\/#\/schema\/logo\/image\/","url":"https:\/\/orthodoxalbania.org\/2020\/wp-content\/uploads\/2020\/05\/albania.jpeg","contentUrl":"https:\/\/orthodoxalbania.org\/2020\/wp-content\/uploads\/2020\/05\/albania.jpeg","width":540,"height":540,"caption":"Kisha Orthodhokse Autoqefale e Shqip\u00ebris\u00eb"},"image":{"@id":"https:\/\/orthodoxalbania.org\/2020\/#\/schema\/logo\/image\/"},"sameAs":["https:\/\/www.facebook.com\/koash1991"]},{"@type":"Person","@id":"https:\/\/orthodoxalbania.org\/2020\/#\/schema\/person\/df745f942b70e045b3dc05a30211f0de","name":"Kisha Orthodhokse","image":{"@type":"ImageObject","inLanguage":"en-US","@id":"https:\/\/secure.gravatar.com\/avatar\/2676eb8d97178435c9f691a7871595a1da6c33542dec218bce40885573150e28?s=96&d=mm&r=g","url":"https:\/\/secure.gravatar.com\/avatar\/2676eb8d97178435c9f691a7871595a1da6c33542dec218bce40885573150e28?s=96&d=mm&r=g","contentUrl":"https:\/\/secure.gravatar.com\/avatar\/2676eb8d97178435c9f691a7871595a1da6c33542dec218bce40885573150e28?s=96&d=mm&r=g","caption":"Kisha Orthodhokse"}}]}},"_links":{"self":[{"href":"https:\/\/orthodoxalbania.org\/2020\/wp-json\/wp\/v2\/posts\/1299","targetHints":{"allow":["GET"]}}],"collection":[{"href":"https:\/\/orthodoxalbania.org\/2020\/wp-json\/wp\/v2\/posts"}],"about":[{"href":"https:\/\/orthodoxalbania.org\/2020\/wp-json\/wp\/v2\/types\/post"}],"author":[{"embeddable":true,"href":"https:\/\/orthodoxalbania.org\/2020\/wp-json\/wp\/v2\/users\/7"}],"replies":[{"embeddable":true,"href":"https:\/\/orthodoxalbania.org\/2020\/wp-json\/wp\/v2\/comments?post=1299"}],"version-history":[{"count":1,"href":"https:\/\/orthodoxalbania.org\/2020\/wp-json\/wp\/v2\/posts\/1299\/revisions"}],"predecessor-version":[{"id":18012,"href":"https:\/\/orthodoxalbania.org\/2020\/wp-json\/wp\/v2\/posts\/1299\/revisions\/18012"}],"wp:attachment":[{"href":"https:\/\/orthodoxalbania.org\/2020\/wp-json\/wp\/v2\/media?parent=1299"}],"wp:term":[{"taxonomy":"category","embeddable":true,"href":"https:\/\/orthodoxalbania.org\/2020\/wp-json\/wp\/v2\/categories?post=1299"},{"taxonomy":"post_tag","embeddable":true,"href":"https:\/\/orthodoxalbania.org\/2020\/wp-json\/wp\/v2\/tags?post=1299"}],"curies":[{"name":"wp","href":"https:\/\/api.w.org\/{rel}","templated":true}]}}