{"id":1295,"date":"2014-12-26T07:45:02","date_gmt":"2014-12-26T07:45:02","guid":{"rendered":""},"modified":"2020-04-13T00:28:06","modified_gmt":"2020-04-12T22:28:06","slug":"a-m12-30-2014","status":"publish","type":"post","link":"https:\/\/orthodoxalbania.org\/2020\/en\/2014\/12\/26\/a-m12-30-2014\/","title":{"rendered":"The Celebration of Christmas in Tirana, 2014"},"content":{"rendered":"<p style=\"text-align: center;\"><span style=\"color: #b22222;\"><span style=\"color: #b22222;\"><strong><span style=\"font-family: tahoma,geneva,sans-serif;\"><span style=\"font-size: 12px;\"><\/span><\/span><\/strong><\/span><\/span><\/p>\n<p> <\/p>\n<p style=\"text-align: center;\"><span style=\"color: #b22222; font-size: 12pt; font-family: helvetica;\"><strong>A Christmas full of prayer and love<\/strong><\/span><\/p>\n<p style=\"text-align: justify;\"><span style=\"font-size: 12pt; font-family: helvetica;\"> <span style=\"color: #000000;\">&nbsp;&nbsp;&nbsp;<\/span><span style=\"color: #000000;\"> The Divine Liturgy was led by the Archbishop of Tirana, Durr\u00ebs and All Albania, His Beatitude Anastasios, assisted by the members of the Holy Synod: the Bishop of Apollonia Nicholas, the Bishop of Kruja Anthony, the Bishop of Amantias Nathaniel and the Bishop of Bylis Asti, the General Secretary of the Synod, Protopresbyter Jani Trebicka and other clergy from the capital.<\/span><\/span><\/p>\n<p style=\"text-align: justify;\"><span style=\"font-size: 12pt; font-family: helvetica;\"><\/span><span style=\"color: #000000; font-size: 12pt; font-family: helvetica;\">&nbsp; &nbsp; At the conclusion of Liturgy, the Archbishop gave the traditional message which this year was entitled, \u201cAmazing are the interventions of God &#8211; Overcoming the impossible&#8221;. Among other things, the Archbishop said: &#8220;Unexpected are the ways in which God acts; imperceptible to human logic. The events of Christmas reassure us of this truth. Jesus Christ, the Savior of the world, does not enter into the history of humanity as a military commander or an all powerful ruler. He does not impose Himself through power, wealth or external knowledge. He is born in a poor place, in the manger of a barn, in an inhospitable environment, indifferent, even hostile. His tender mother, &#8220;wrapped him in swaddling cloths and laid him in a manger, because there was no place for them in the inn&#8221; (Llk.2: 7). In parallel, the historical events of the Nativity of Christ define the pattern of life for those who follow Him with devotion. Jesus humbled himself, emphasizing the value of those who are humble. He was born in poverty, inspiring compassion for the poor and suffering. He was persecuted, revealing the dignity of those who are unjustly prosecuted. He suffered, inspiring compassion for those who suffer. As a child He was harassed, so that we do not forget the rights and the needs of the children of the world.&#8221;<\/span><\/p>\n<p style=\"text-align: justify;\"><span style=\"color: #000000; font-size: 12pt; font-family: helvetica;\">&nbsp; &nbsp; At the end of the Liturgy there was also the reading of a special message from the President of the Republic, Mr. Bujar Nishani, addressed to His Beatitude and to all the Orthodox believers.<\/span><span style=\"font-size: 12pt; font-family: helvetica;\"><\/span><\/p>\n<p style=\"text-align: justify;\"><span style=\"color: #000000; font-size: 12pt; font-family: helvetica;\">&nbsp;&nbsp;&nbsp; At <span class=\"aBn\" data-term=\"goog_1423023760\"><span class=\"aQJ\">noon<\/span><\/span> the traditional reception was organized at the headquarters of the Holy Synod. The Archbishop was visited and congratulated, among others, by the President of the Republic, Mr. Bujar Nishani, by the Chairman of the Parliament and Vice President, Mr. Ilir Meta and Mr. Vangjel Dule, by the heads of the religious communities of the country, the ministers and other state authorities, by the political parties, by the diplomatic corps in the country, and various personalities and believers.<\/span><\/p>\n<p style=\"text-align: justify;\"><span style=\"color: #000000; font-size: 12pt; font-family: helvetica;\">&nbsp; &nbsp; On exiting, the President, Mr. Bujar Nishani, reiterated, &#8220;Once more Merry Christmas, the best wishes to the Albanian Christian believers wherever they are in Albania, in all the Albanian territories, in the diaspora, in immigration &#8211; to always have kindness.&#8221;<\/span><\/p>\n<p style=\"text-align: justify;\"><span style=\"color: #000000; font-size: 12pt; font-family: helvetica;\">&nbsp;&nbsp;&nbsp; While the chairmen of the Parliament, Mr. Ilir Meta said, \u201cOn this Christmas day I would like to congratulate all the Christian believers, and also all the Albanian people, many wishes for prosperity for all, many blessings and joy in their families, and also, of course, in our society&#8221;.<\/span><\/p>\n<p style=\"text-align: justify;\"><span style=\"color: #000000; font-size: 12pt; font-family: helvetica;\">&nbsp; &nbsp; Whereas the head of the Democratic Party, Mr. Lulzim Basha, wished the Christian believers in Shkodra, where he was also visiting the &#8220;Nativity of Christ&#8221; Orthodox Church, said, &#8220;From the pearl of respect and religious coexistence for Albania, the Balkans, Europe and worldwide, from Shkodra, I want to wish all the Christian believers and all believers in God, and all Albanians, Merry Christmas! It is the feast of hope, love and faith. I wish from my heart that the hope that springs from the symbolism of today will inspire us to become optimistic for a better <span class=\"aBn\" data-term=\"goog_1423023761\"><span class=\"aQJ\">tomorrow<\/span><\/span>. Merry Christmas! &#8220;<\/span><\/p>\n<div style=\"text-align: justify;\">&nbsp;<\/div>\n<div style=\"text-align: center;\">\n<div style=\"text-align: justify;\">&nbsp;<\/div>\n<div style=\"text-align: center;\"><img decoding=\"async\" class=\"lazyload HAa Eha\" style=\"border-width: 1px; border-style: solid; margin: 10px;\" alt=\"\" src=\"data:image\/gif;base64,R0lGODlhAQABAAAAACH5BAEKAAEALAAAAAABAAEAAAICTAEAOw==\" data-orig-src=\"https:\/\/lh6.googleusercontent.com\/-quh7va8T4SU\/VJ0N6ghHwGI\/AAAAAAAAJm8\/8lDwllSssu0\/w958-h639-no\/10869839_391426864365671_7782792496989710031_o.jpg\" \/><\/div>\n<div style=\"text-align: center;\"><img decoding=\"async\" class=\"lazyload HAa Eha\" style=\"border-width: 1px; border-style: solid; margin: 10px;\" alt=\"\" src=\"data:image\/gif;base64,R0lGODlhAQABAAAAACH5BAEKAAEALAAAAAABAAEAAAICTAEAOw==\" data-orig-src=\"https:\/\/lh4.googleusercontent.com\/-UxiGgeRHTOo\/VJ0N6Qy63FI\/AAAAAAAAJm0\/E0zfob1zmGc\/w958-h639-no\/10869509_391426731032351_3450902878998740016_o%281%29.jpg\" \/><\/div>\n<div style=\"text-align: center;\"><img decoding=\"async\" class=\"lazyload HAa Eha\" style=\"border-width: 1px; border-style: solid; margin: 10px;\" alt=\"\" src=\"data:image\/gif;base64,R0lGODlhAQABAAAAACH5BAEKAAEALAAAAAABAAEAAAICTAEAOw==\" data-orig-src=\"https:\/\/lh5.googleusercontent.com\/-c3Ef7uHHcZM\/VJ0N5J5d95I\/AAAAAAAAJmk\/7Zjbho8fW0M\/w549-h823-no\/10863867_391426727699018_4511447750652758739_o.jpg\" \/><\/div>\n<div style=\"text-align: center;\"><img decoding=\"async\" class=\"lazyload HAa Eha\" style=\"border-width: 1px; border-style: solid; margin: 10px;\" alt=\"\" src=\"data:image\/gif;base64,R0lGODlhAQABAAAAACH5BAEKAAEALAAAAAABAAEAAAICTAEAOw==\" data-orig-src=\"https:\/\/lh3.googleusercontent.com\/-lRSbfSibbVo\/VJ0N4fntCcI\/AAAAAAAAJmg\/ug7pmGzpbhc\/w958-h639-no\/10863785_391426774365680_3949235494615822509_o.jpg\" \/><\/div>\n<div style=\"text-align: center;\"><img decoding=\"async\" class=\"lazyload HAa Eha\" style=\"border-width: 1px; border-style: solid; margin: 10px;\" alt=\"\" src=\"data:image\/gif;base64,R0lGODlhAQABAAAAACH5BAEKAAEALAAAAAABAAEAAAICTAEAOw==\" data-orig-src=\"https:\/\/lh6.googleusercontent.com\/-ZFTd6Yp7pEE\/VJ0N7YHMjiI\/AAAAAAAAJnM\/sC0zhZ98hcU\/w958-h639-no\/10873556_391426724365685_1002121217158483151_o.jpg\" \/><\/div>\n<div style=\"text-align: center;\"><img decoding=\"async\" class=\"lazyload HAa Eha\" style=\"border-width: 1px; border-style: solid; margin: 10px;\" alt=\"\" src=\"data:image\/gif;base64,R0lGODlhAQABAAAAACH5BAEKAAEALAAAAAABAAEAAAICTAEAOw==\" data-orig-src=\"https:\/\/lh4.googleusercontent.com\/-qAHH6JL05V8\/VJ0N1evQj1I\/AAAAAAAAJlk\/iXFb4b7Wbqo\/w958-h662-no\/10358971_391426827699008_8457787252686992148_o.jpg\" \/><\/div>\n<div style=\"text-align: center;\"><img decoding=\"async\" class=\"lazyload HAa Eha\" style=\"border-width: 1px; border-style: solid; margin: 10px;\" alt=\"\" src=\"data:image\/gif;base64,R0lGODlhAQABAAAAACH5BAEKAAEALAAAAAABAAEAAAICTAEAOw==\" data-orig-src=\"https:\/\/lh5.googleusercontent.com\/-JVVQdZl7C6U\/VJ0N2S3PNmI\/AAAAAAAAJl0\/jS7nR4hTnjQ\/w958-h639-no\/10848650_391426831032341_6973747649768979794_o.jpg\" \/><\/div>\n<div style=\"text-align: center;\"><img decoding=\"async\" class=\"lazyload HAa Eha\" style=\"border-width: 1px; border-style: solid; margin: 10px;\" alt=\"\" src=\"data:image\/gif;base64,R0lGODlhAQABAAAAACH5BAEKAAEALAAAAAABAAEAAAICTAEAOw==\" data-orig-src=\"https:\/\/lh5.googleusercontent.com\/-_-vR_akA9CI\/VJ0N8JJhkII\/AAAAAAAAJnU\/FENIcnPJ1sU\/w958-h645-no\/10887128_391426924365665_4144360478747217870_o.jpg\" \/><\/div>\n<div style=\"text-align: center;\"><img decoding=\"async\" class=\"lazyload HAa Eha\" style=\"border-width: 1px; border-style: solid; margin: 10px;\" alt=\"\" src=\"data:image\/gif;base64,R0lGODlhAQABAAAAACH5BAEKAAEALAAAAAABAAEAAAICTAEAOw==\" data-orig-src=\"https:\/\/lh4.googleusercontent.com\/-CSh7upePauU\/VJ0N8er0q1I\/AAAAAAAAJnY\/oj5rDMhnaKo\/w958-h750-no\/1502667_391426937698997_4573682647394237625_o.jpg\" \/><\/div>\n<div style=\"text-align: center;\"><img decoding=\"async\" class=\"lazyload HAa Eha\" style=\"border-width: 1px; border-style: solid; margin: 10px;\" alt=\"\" src=\"data:image\/gif;base64,R0lGODlhAQABAAAAACH5BAEKAAEALAAAAAABAAEAAAICTAEAOw==\" data-orig-src=\"https:\/\/lh6.googleusercontent.com\/-wkNuSIc7MC4\/VJ0N1QGeRzI\/AAAAAAAAJls\/Z091gTfUveg\/w958-h639-no\/10838053_391427134365644_824133363145969497_o.jpg\" \/><\/div>\n<div style=\"text-align: center;\"><img decoding=\"async\" class=\"lazyload HAa Eha\" style=\"border-width: 1px; border-style: solid; margin: 10px;\" alt=\"\" src=\"data:image\/gif;base64,R0lGODlhAQABAAAAACH5BAEKAAEALAAAAAABAAEAAAICTAEAOw==\" data-orig-src=\"https:\/\/lh5.googleusercontent.com\/-pfB3oxA2ayQ\/VJ0N7MZf8ZI\/AAAAAAAAJnE\/mIG94yeFzXI\/w549-h823-no\/10869882_391427101032314_424722388631117107_o.jpg\" \/><\/div>\n<div style=\"text-align: center;\"><img decoding=\"async\" class=\"lazyload HAa Eha\" style=\"border-width: 1px; border-style: solid; margin: 10px;\" alt=\"\" src=\"data:image\/gif;base64,R0lGODlhAQABAAAAACH5BAEKAAEALAAAAAABAAEAAAICTAEAOw==\" data-orig-src=\"https:\/\/lh3.googleusercontent.com\/-CMiiXY5hrPo\/VJ0N1RS9HUI\/AAAAAAAAJlg\/to1yne-6RkU\/w958-h639-no\/10339498_391427024365655_460255697153330126_o.jpg\" \/><\/div>\n<div style=\"text-align: center;\"><img decoding=\"async\" class=\"lazyload HAa Eha\" style=\"border-width: 1px; border-style: solid; margin: 10px;\" alt=\"\" src=\"data:image\/gif;base64,R0lGODlhAQABAAAAACH5BAEKAAEALAAAAAABAAEAAAICTAEAOw==\" data-orig-src=\"https:\/\/lh6.googleusercontent.com\/-hXqbKSVHex8\/VJ0N3mXSv9I\/AAAAAAAAJmI\/stoI070GRL0\/w958-h786-no\/10860947_391427071032317_5822508946938323886_o.jpg\" \/><\/div>\n<div style=\"text-align: center;\"><img decoding=\"async\" class=\"lazyload HAa Eha\" style=\"border-width: 1px; border-style: solid; margin: 10px;\" alt=\"\" src=\"data:image\/gif;base64,R0lGODlhAQABAAAAACH5BAEKAAEALAAAAAABAAEAAAICTAEAOw==\" data-orig-src=\"https:\/\/lh5.googleusercontent.com\/-ndrq0zKaQ1Q\/VJ0N3ePMBZI\/AAAAAAAAJmE\/RkPZQQbfNtU\/w958-h715-no\/10857379_391427157698975_6656995338169443500_o.jpg\" \/><\/div>\n<div style=\"text-align: center;\"><img decoding=\"async\" class=\"lazyload HAa Eha\" style=\"border-width: 1px; border-style: solid; margin: 10px;\" alt=\"\" src=\"data:image\/gif;base64,R0lGODlhAQABAAAAACH5BAEKAAEALAAAAAABAAEAAAICTAEAOw==\" data-orig-src=\"https:\/\/lh5.googleusercontent.com\/-wtQgju3GVR8\/VJ0N5lO3pyI\/AAAAAAAAJmw\/bTk3XZwRS1E\/w958-h674-no\/10864006_391426947698996_9019050496369231322_o.jpg\" \/><\/div>\n<div style=\"text-align: center;\"><img decoding=\"async\" class=\"lazyload HAa Eha\" style=\"border-width: 1px; border-style: solid; margin: 10px;\" alt=\"\" src=\"data:image\/gif;base64,R0lGODlhAQABAAAAACH5BAEKAAEALAAAAAABAAEAAAICTAEAOw==\" data-orig-src=\"https:\/\/lh6.googleusercontent.com\/-4kd1g2X0CHM\/VJ0N2mor0zI\/AAAAAAAAJmA\/TeKpyA7DD24\/w958-h639-no\/10855125_391431724365185_4496335825938188674_o.jpg\" \/><\/div>\n<div style=\"text-align: center;\"><img decoding=\"async\" class=\"lazyload HAa Eha\" style=\"border-width: 1px; border-style: solid; margin: 10px;\" alt=\"\" src=\"data:image\/gif;base64,R0lGODlhAQABAAAAACH5BAEKAAEALAAAAAABAAEAAAICTAEAOw==\" data-orig-src=\"https:\/\/lh4.googleusercontent.com\/-CIS6oPSgIVw\/VJ0N4AuPqXI\/AAAAAAAAJmU\/rGbT5Y0wCMk\/w958-h639-no\/10863784_391431727698518_7821151380249918400_o.jpg\" \/><\/div>\n<\/div>\n<div class=\"yj6qo ajU\">\n<div id=\":s7\" class=\"ajR\" role=\"button\" data-tooltip=\"Show trimmed content\"><span style=\"font-family: tahoma,geneva,sans-serif;\"><span style=\"font-size: 12px;\"><span style=\"color: #000000;\"><img decoding=\"async\" class=\"lazyload ajT\" alt=\"\" src=\"data:image\/gif;base64,R0lGODlhAQABAAAAACH5BAEKAAEALAAAAAABAAEAAAICTAEAOw==\" data-orig-src=\"https:\/\/ssl.gstatic.com\/ui\/v1\/icons\/mail\/images\/cleardot.gif\" \/><\/span><\/span><\/span><\/div>\n<\/div>\n","protected":false},"excerpt":{"rendered":"<p>A Christmas full of prayer and love &nbsp;&nbsp;&nbsp; The Divine Liturgy was led by the Archbishop of Tirana, Durr\u00ebs and All Albania, His Beatitude Anastasios, assisted by the members of the Holy Synod: the Bishop of Apollonia Nicholas, the Bishop of Kruja Anthony, the Bishop of Amantias Nathaniel and the Bishop of Bylis Asti, the General Secretary of the Synod, Protopresbyter Jani Trebicka and other<\/p>\n","protected":false},"author":7,"featured_media":791,"comment_status":"open","ping_status":"open","sticky":false,"template":"","format":"standard","meta":{"_acf_changed":false,"pagelayer_contact_templates":[],"_pagelayer_content":"","inline_featured_image":false,"fifu_image_url":"","fifu_image_alt":"","footnotes":""},"categories":[1455,311],"tags":[1145,1784,1786,1832],"class_list":["post-1295","post","type-post","status-publish","format-standard","has-post-thumbnail","hentry","category-news-en","category-news-d25","tag-2014-en","tag-katedralja-ngjallja-e-krishtit-tirane-en","tag-kremtime-en","tag-krishtlindje-en"],"acf":[],"yoast_head":"<!-- This site is optimized with the Yoast SEO plugin v27.2 - https:\/\/yoast.com\/product\/yoast-seo-wordpress\/ -->\n<title>The Celebration of Christmas in Tirana, 2014 - Kisha Orthodh\u03bfkse Autoqefale e Shqip\u00ebris\u00eb<\/title>\n<meta name=\"robots\" content=\"index, follow, max-snippet:-1, max-image-preview:large, max-video-preview:-1\" \/>\n<link rel=\"canonical\" href=\"https:\/\/orthodoxalbania.org\/2020\/en\/2014\/12\/26\/a-m12-30-2014\/\" \/>\n<meta property=\"og:locale\" content=\"en_US\" \/>\n<meta property=\"og:type\" content=\"article\" \/>\n<meta property=\"og:title\" content=\"The Celebration of Christmas in Tirana, 2014 - Kisha Orthodh\u03bfkse Autoqefale e Shqip\u00ebris\u00eb\" \/>\n<meta property=\"og:description\" content=\"A Christmas full of prayer and love &nbsp;&nbsp;&nbsp; The Divine Liturgy was led by the Archbishop of Tirana, Durr\u00ebs and All Albania, His Beatitude Anastasios, assisted by the members of the Holy Synod: the Bishop of Apollonia Nicholas, the Bishop of Kruja Anthony, the Bishop of Amantias Nathaniel and the Bishop of Bylis Asti, the General Secretary of the Synod, Protopresbyter Jani Trebicka and other\" \/>\n<meta property=\"og:url\" content=\"https:\/\/orthodoxalbania.org\/2020\/en\/2014\/12\/26\/a-m12-30-2014\/\" \/>\n<meta property=\"og:site_name\" content=\"Kisha Orthodh\u03bfkse Autoqefale e Shqip\u00ebris\u00eb\" \/>\n<meta property=\"article:publisher\" content=\"https:\/\/www.facebook.com\/koash1991\" \/>\n<meta property=\"article:published_time\" content=\"2014-12-26T07:45:02+00:00\" \/>\n<meta property=\"article:modified_time\" content=\"2020-04-12T22:28:06+00:00\" \/>\n<meta property=\"og:image\" content=\"https:\/\/orthodoxalbania.org\/2020\/wp-content\/uploads\/2020\/04\/10869839_391426864365671_7782792496989710031_o.jpg\" \/>\n\t<meta property=\"og:image:width\" content=\"150\" \/>\n\t<meta property=\"og:image:height\" content=\"150\" \/>\n\t<meta property=\"og:image:type\" content=\"image\/jpeg\" \/>\n<meta name=\"author\" content=\"Kisha Orthodhokse\" \/>\n<meta name=\"twitter:card\" content=\"summary_large_image\" \/>\n<meta name=\"twitter:label1\" content=\"Written by\" \/>\n\t<meta name=\"twitter:data1\" content=\"Kisha Orthodhokse\" \/>\n\t<meta name=\"twitter:label2\" content=\"Est. reading time\" \/>\n\t<meta name=\"twitter:data2\" content=\"3 minutes\" \/>\n<script type=\"application\/ld+json\" class=\"yoast-schema-graph\">{\"@context\":\"https:\/\/schema.org\",\"@graph\":[{\"@type\":\"Article\",\"@id\":\"https:\/\/orthodoxalbania.org\/2020\/en\/2014\/12\/26\/a-m12-30-2014\/#article\",\"isPartOf\":{\"@id\":\"https:\/\/orthodoxalbania.org\/2020\/en\/2014\/12\/26\/a-m12-30-2014\/\"},\"author\":{\"name\":\"Kisha Orthodhokse\",\"@id\":\"https:\/\/orthodoxalbania.org\/2020\/#\/schema\/person\/df745f942b70e045b3dc05a30211f0de\"},\"headline\":\"The Celebration of Christmas in Tirana, 2014\",\"datePublished\":\"2014-12-26T07:45:02+00:00\",\"dateModified\":\"2020-04-12T22:28:06+00:00\",\"mainEntityOfPage\":{\"@id\":\"https:\/\/orthodoxalbania.org\/2020\/en\/2014\/12\/26\/a-m12-30-2014\/\"},\"wordCount\":616,\"commentCount\":0,\"publisher\":{\"@id\":\"https:\/\/orthodoxalbania.org\/2020\/#organization\"},\"image\":{\"@id\":\"https:\/\/orthodoxalbania.org\/2020\/en\/2014\/12\/26\/a-m12-30-2014\/#primaryimage\"},\"thumbnailUrl\":\"https:\/\/orthodoxalbania.org\/2020\/wp-content\/uploads\/2020\/04\/10869839_391426864365671_7782792496989710031_o.jpg\",\"keywords\":[\"2014\",\"Katedralja \u201cNgjallja e Krishtit\u201d Tiran\u00eb\",\"Kremtime\",\"Krishtlindje\"],\"articleSection\":[\"News - \u0395\u039d\",\"News old page\"],\"inLanguage\":\"en-US\"},{\"@type\":\"WebPage\",\"@id\":\"https:\/\/orthodoxalbania.org\/2020\/en\/2014\/12\/26\/a-m12-30-2014\/\",\"url\":\"https:\/\/orthodoxalbania.org\/2020\/en\/2014\/12\/26\/a-m12-30-2014\/\",\"name\":\"The Celebration of Christmas in Tirana, 2014 - Kisha Orthodh\u03bfkse Autoqefale e Shqip\u00ebris\u00eb\",\"isPartOf\":{\"@id\":\"https:\/\/orthodoxalbania.org\/2020\/#website\"},\"primaryImageOfPage\":{\"@id\":\"https:\/\/orthodoxalbania.org\/2020\/en\/2014\/12\/26\/a-m12-30-2014\/#primaryimage\"},\"image\":{\"@id\":\"https:\/\/orthodoxalbania.org\/2020\/en\/2014\/12\/26\/a-m12-30-2014\/#primaryimage\"},\"thumbnailUrl\":\"https:\/\/orthodoxalbania.org\/2020\/wp-content\/uploads\/2020\/04\/10869839_391426864365671_7782792496989710031_o.jpg\",\"datePublished\":\"2014-12-26T07:45:02+00:00\",\"dateModified\":\"2020-04-12T22:28:06+00:00\",\"breadcrumb\":{\"@id\":\"https:\/\/orthodoxalbania.org\/2020\/en\/2014\/12\/26\/a-m12-30-2014\/#breadcrumb\"},\"inLanguage\":\"en-US\",\"potentialAction\":[{\"@type\":\"ReadAction\",\"target\":[\"https:\/\/orthodoxalbania.org\/2020\/en\/2014\/12\/26\/a-m12-30-2014\/\"]}]},{\"@type\":\"ImageObject\",\"inLanguage\":\"en-US\",\"@id\":\"https:\/\/orthodoxalbania.org\/2020\/en\/2014\/12\/26\/a-m12-30-2014\/#primaryimage\",\"url\":\"https:\/\/orthodoxalbania.org\/2020\/wp-content\/uploads\/2020\/04\/10869839_391426864365671_7782792496989710031_o.jpg\",\"contentUrl\":\"https:\/\/orthodoxalbania.org\/2020\/wp-content\/uploads\/2020\/04\/10869839_391426864365671_7782792496989710031_o.jpg\",\"width\":150,\"height\":150},{\"@type\":\"BreadcrumbList\",\"@id\":\"https:\/\/orthodoxalbania.org\/2020\/en\/2014\/12\/26\/a-m12-30-2014\/#breadcrumb\",\"itemListElement\":[{\"@type\":\"ListItem\",\"position\":1,\"name\":\"Home\",\"item\":\"https:\/\/orthodoxalbania.org\/2020\/\"},{\"@type\":\"ListItem\",\"position\":2,\"name\":\"The Celebration of Christmas in Tirana, 2014\"}]},{\"@type\":\"WebSite\",\"@id\":\"https:\/\/orthodoxalbania.org\/2020\/#website\",\"url\":\"https:\/\/orthodoxalbania.org\/2020\/\",\"name\":\"Kisha Orthodh\u03bfkse Autoqefale e Shqip\u00ebris\u00eb\",\"description\":\"Fqja Zyrtare e Kish\u00ebs Orthodhokse Autoqefale e Shqip\u00ebris\u00eb me lajmet edhe informacionet zyrtare p\u00ebr struktur\u00ebn edhe veprimtarin e saj.\",\"publisher\":{\"@id\":\"https:\/\/orthodoxalbania.org\/2020\/#organization\"},\"potentialAction\":[{\"@type\":\"SearchAction\",\"target\":{\"@type\":\"EntryPoint\",\"urlTemplate\":\"https:\/\/orthodoxalbania.org\/2020\/?s={search_term_string}\"},\"query-input\":{\"@type\":\"PropertyValueSpecification\",\"valueRequired\":true,\"valueName\":\"search_term_string\"}}],\"inLanguage\":\"en-US\"},{\"@type\":\"Organization\",\"@id\":\"https:\/\/orthodoxalbania.org\/2020\/#organization\",\"name\":\"Kisha Orthodhokse Autoqefale e Shqip\u00ebris\u00eb\",\"url\":\"https:\/\/orthodoxalbania.org\/2020\/\",\"logo\":{\"@type\":\"ImageObject\",\"inLanguage\":\"en-US\",\"@id\":\"https:\/\/orthodoxalbania.org\/2020\/#\/schema\/logo\/image\/\",\"url\":\"https:\/\/orthodoxalbania.org\/2020\/wp-content\/uploads\/2020\/05\/albania.jpeg\",\"contentUrl\":\"https:\/\/orthodoxalbania.org\/2020\/wp-content\/uploads\/2020\/05\/albania.jpeg\",\"width\":540,\"height\":540,\"caption\":\"Kisha Orthodhokse Autoqefale e Shqip\u00ebris\u00eb\"},\"image\":{\"@id\":\"https:\/\/orthodoxalbania.org\/2020\/#\/schema\/logo\/image\/\"},\"sameAs\":[\"https:\/\/www.facebook.com\/koash1991\"]},{\"@type\":\"Person\",\"@id\":\"https:\/\/orthodoxalbania.org\/2020\/#\/schema\/person\/df745f942b70e045b3dc05a30211f0de\",\"name\":\"Kisha Orthodhokse\",\"image\":{\"@type\":\"ImageObject\",\"inLanguage\":\"en-US\",\"@id\":\"https:\/\/secure.gravatar.com\/avatar\/2676eb8d97178435c9f691a7871595a1da6c33542dec218bce40885573150e28?s=96&d=mm&r=g\",\"url\":\"https:\/\/secure.gravatar.com\/avatar\/2676eb8d97178435c9f691a7871595a1da6c33542dec218bce40885573150e28?s=96&d=mm&r=g\",\"contentUrl\":\"https:\/\/secure.gravatar.com\/avatar\/2676eb8d97178435c9f691a7871595a1da6c33542dec218bce40885573150e28?s=96&d=mm&r=g\",\"caption\":\"Kisha Orthodhokse\"}}]}<\/script>\n<!-- \/ Yoast SEO plugin. -->","yoast_head_json":{"title":"The Celebration of Christmas in Tirana, 2014 - Kisha Orthodh\u03bfkse Autoqefale e Shqip\u00ebris\u00eb","robots":{"index":"index","follow":"follow","max-snippet":"max-snippet:-1","max-image-preview":"max-image-preview:large","max-video-preview":"max-video-preview:-1"},"canonical":"https:\/\/orthodoxalbania.org\/2020\/en\/2014\/12\/26\/a-m12-30-2014\/","og_locale":"en_US","og_type":"article","og_title":"The Celebration of Christmas in Tirana, 2014 - Kisha Orthodh\u03bfkse Autoqefale e Shqip\u00ebris\u00eb","og_description":"A Christmas full of prayer and love &nbsp;&nbsp;&nbsp; The Divine Liturgy was led by the Archbishop of Tirana, Durr\u00ebs and All Albania, His Beatitude Anastasios, assisted by the members of the Holy Synod: the Bishop of Apollonia Nicholas, the Bishop of Kruja Anthony, the Bishop of Amantias Nathaniel and the Bishop of Bylis Asti, the General Secretary of the Synod, Protopresbyter Jani Trebicka and other","og_url":"https:\/\/orthodoxalbania.org\/2020\/en\/2014\/12\/26\/a-m12-30-2014\/","og_site_name":"Kisha Orthodh\u03bfkse Autoqefale e Shqip\u00ebris\u00eb","article_publisher":"https:\/\/www.facebook.com\/koash1991","article_published_time":"2014-12-26T07:45:02+00:00","article_modified_time":"2020-04-12T22:28:06+00:00","og_image":[{"width":150,"height":150,"url":"https:\/\/orthodoxalbania.org\/2020\/wp-content\/uploads\/2020\/04\/10869839_391426864365671_7782792496989710031_o.jpg","type":"image\/jpeg"}],"author":"Kisha Orthodhokse","twitter_card":"summary_large_image","twitter_misc":{"Written by":"Kisha Orthodhokse","Est. reading time":"3 minutes"},"schema":{"@context":"https:\/\/schema.org","@graph":[{"@type":"Article","@id":"https:\/\/orthodoxalbania.org\/2020\/en\/2014\/12\/26\/a-m12-30-2014\/#article","isPartOf":{"@id":"https:\/\/orthodoxalbania.org\/2020\/en\/2014\/12\/26\/a-m12-30-2014\/"},"author":{"name":"Kisha Orthodhokse","@id":"https:\/\/orthodoxalbania.org\/2020\/#\/schema\/person\/df745f942b70e045b3dc05a30211f0de"},"headline":"The Celebration of Christmas in Tirana, 2014","datePublished":"2014-12-26T07:45:02+00:00","dateModified":"2020-04-12T22:28:06+00:00","mainEntityOfPage":{"@id":"https:\/\/orthodoxalbania.org\/2020\/en\/2014\/12\/26\/a-m12-30-2014\/"},"wordCount":616,"commentCount":0,"publisher":{"@id":"https:\/\/orthodoxalbania.org\/2020\/#organization"},"image":{"@id":"https:\/\/orthodoxalbania.org\/2020\/en\/2014\/12\/26\/a-m12-30-2014\/#primaryimage"},"thumbnailUrl":"https:\/\/orthodoxalbania.org\/2020\/wp-content\/uploads\/2020\/04\/10869839_391426864365671_7782792496989710031_o.jpg","keywords":["2014","Katedralja \u201cNgjallja e Krishtit\u201d Tiran\u00eb","Kremtime","Krishtlindje"],"articleSection":["News - \u0395\u039d","News old page"],"inLanguage":"en-US"},{"@type":"WebPage","@id":"https:\/\/orthodoxalbania.org\/2020\/en\/2014\/12\/26\/a-m12-30-2014\/","url":"https:\/\/orthodoxalbania.org\/2020\/en\/2014\/12\/26\/a-m12-30-2014\/","name":"The Celebration of Christmas in Tirana, 2014 - Kisha Orthodh\u03bfkse Autoqefale e Shqip\u00ebris\u00eb","isPartOf":{"@id":"https:\/\/orthodoxalbania.org\/2020\/#website"},"primaryImageOfPage":{"@id":"https:\/\/orthodoxalbania.org\/2020\/en\/2014\/12\/26\/a-m12-30-2014\/#primaryimage"},"image":{"@id":"https:\/\/orthodoxalbania.org\/2020\/en\/2014\/12\/26\/a-m12-30-2014\/#primaryimage"},"thumbnailUrl":"https:\/\/orthodoxalbania.org\/2020\/wp-content\/uploads\/2020\/04\/10869839_391426864365671_7782792496989710031_o.jpg","datePublished":"2014-12-26T07:45:02+00:00","dateModified":"2020-04-12T22:28:06+00:00","breadcrumb":{"@id":"https:\/\/orthodoxalbania.org\/2020\/en\/2014\/12\/26\/a-m12-30-2014\/#breadcrumb"},"inLanguage":"en-US","potentialAction":[{"@type":"ReadAction","target":["https:\/\/orthodoxalbania.org\/2020\/en\/2014\/12\/26\/a-m12-30-2014\/"]}]},{"@type":"ImageObject","inLanguage":"en-US","@id":"https:\/\/orthodoxalbania.org\/2020\/en\/2014\/12\/26\/a-m12-30-2014\/#primaryimage","url":"https:\/\/orthodoxalbania.org\/2020\/wp-content\/uploads\/2020\/04\/10869839_391426864365671_7782792496989710031_o.jpg","contentUrl":"https:\/\/orthodoxalbania.org\/2020\/wp-content\/uploads\/2020\/04\/10869839_391426864365671_7782792496989710031_o.jpg","width":150,"height":150},{"@type":"BreadcrumbList","@id":"https:\/\/orthodoxalbania.org\/2020\/en\/2014\/12\/26\/a-m12-30-2014\/#breadcrumb","itemListElement":[{"@type":"ListItem","position":1,"name":"Home","item":"https:\/\/orthodoxalbania.org\/2020\/"},{"@type":"ListItem","position":2,"name":"The Celebration of Christmas in Tirana, 2014"}]},{"@type":"WebSite","@id":"https:\/\/orthodoxalbania.org\/2020\/#website","url":"https:\/\/orthodoxalbania.org\/2020\/","name":"Kisha Orthodh\u03bfkse Autoqefale e Shqip\u00ebris\u00eb","description":"Fqja Zyrtare e Kish\u00ebs Orthodhokse Autoqefale e Shqip\u00ebris\u00eb me lajmet edhe informacionet zyrtare p\u00ebr struktur\u00ebn edhe veprimtarin e saj.","publisher":{"@id":"https:\/\/orthodoxalbania.org\/2020\/#organization"},"potentialAction":[{"@type":"SearchAction","target":{"@type":"EntryPoint","urlTemplate":"https:\/\/orthodoxalbania.org\/2020\/?s={search_term_string}"},"query-input":{"@type":"PropertyValueSpecification","valueRequired":true,"valueName":"search_term_string"}}],"inLanguage":"en-US"},{"@type":"Organization","@id":"https:\/\/orthodoxalbania.org\/2020\/#organization","name":"Kisha Orthodhokse Autoqefale e Shqip\u00ebris\u00eb","url":"https:\/\/orthodoxalbania.org\/2020\/","logo":{"@type":"ImageObject","inLanguage":"en-US","@id":"https:\/\/orthodoxalbania.org\/2020\/#\/schema\/logo\/image\/","url":"https:\/\/orthodoxalbania.org\/2020\/wp-content\/uploads\/2020\/05\/albania.jpeg","contentUrl":"https:\/\/orthodoxalbania.org\/2020\/wp-content\/uploads\/2020\/05\/albania.jpeg","width":540,"height":540,"caption":"Kisha Orthodhokse Autoqefale e Shqip\u00ebris\u00eb"},"image":{"@id":"https:\/\/orthodoxalbania.org\/2020\/#\/schema\/logo\/image\/"},"sameAs":["https:\/\/www.facebook.com\/koash1991"]},{"@type":"Person","@id":"https:\/\/orthodoxalbania.org\/2020\/#\/schema\/person\/df745f942b70e045b3dc05a30211f0de","name":"Kisha Orthodhokse","image":{"@type":"ImageObject","inLanguage":"en-US","@id":"https:\/\/secure.gravatar.com\/avatar\/2676eb8d97178435c9f691a7871595a1da6c33542dec218bce40885573150e28?s=96&d=mm&r=g","url":"https:\/\/secure.gravatar.com\/avatar\/2676eb8d97178435c9f691a7871595a1da6c33542dec218bce40885573150e28?s=96&d=mm&r=g","contentUrl":"https:\/\/secure.gravatar.com\/avatar\/2676eb8d97178435c9f691a7871595a1da6c33542dec218bce40885573150e28?s=96&d=mm&r=g","caption":"Kisha Orthodhokse"}}]}},"_links":{"self":[{"href":"https:\/\/orthodoxalbania.org\/2020\/wp-json\/wp\/v2\/posts\/1295","targetHints":{"allow":["GET"]}}],"collection":[{"href":"https:\/\/orthodoxalbania.org\/2020\/wp-json\/wp\/v2\/posts"}],"about":[{"href":"https:\/\/orthodoxalbania.org\/2020\/wp-json\/wp\/v2\/types\/post"}],"author":[{"embeddable":true,"href":"https:\/\/orthodoxalbania.org\/2020\/wp-json\/wp\/v2\/users\/7"}],"replies":[{"embeddable":true,"href":"https:\/\/orthodoxalbania.org\/2020\/wp-json\/wp\/v2\/comments?post=1295"}],"version-history":[{"count":1,"href":"https:\/\/orthodoxalbania.org\/2020\/wp-json\/wp\/v2\/posts\/1295\/revisions"}],"predecessor-version":[{"id":17448,"href":"https:\/\/orthodoxalbania.org\/2020\/wp-json\/wp\/v2\/posts\/1295\/revisions\/17448"}],"wp:featuredmedia":[{"embeddable":true,"href":"https:\/\/orthodoxalbania.org\/2020\/wp-json\/wp\/v2\/media\/791"}],"wp:attachment":[{"href":"https:\/\/orthodoxalbania.org\/2020\/wp-json\/wp\/v2\/media?parent=1295"}],"wp:term":[{"taxonomy":"category","embeddable":true,"href":"https:\/\/orthodoxalbania.org\/2020\/wp-json\/wp\/v2\/categories?post=1295"},{"taxonomy":"post_tag","embeddable":true,"href":"https:\/\/orthodoxalbania.org\/2020\/wp-json\/wp\/v2\/tags?post=1295"}],"curies":[{"name":"wp","href":"https:\/\/api.w.org\/{rel}","templated":true}]}}