{"id":1287,"date":"2014-12-15T18:30:50","date_gmt":"2014-12-15T18:30:50","guid":{"rendered":""},"modified":"2020-04-13T00:28:07","modified_gmt":"2020-04-12T22:28:07","slug":"12-23-2014","status":"publish","type":"post","link":"https:\/\/orthodoxalbania.org\/2020\/en\/2014\/12\/15\/12-23-2014\/","title":{"rendered":"The Assembly of the Orthodox Youth Association of Albania was held"},"content":{"rendered":"<p style=\"text-align: justify;\"><span style=\"font-family: helvetica; font-size: 12pt;\"><span style=\"color: #000000;\"><\/span><\/span><\/p>\n<p> <\/p>\n<p style=\"text-align: justify;\"><span style=\"font-family: helvetica; font-size: 12pt;\"><span style=\"color: #000000;\">&nbsp;&nbsp;&nbsp; About 380 young people, ages 18-30 years old, gathered on Saturday, December 13, 2014, at the Cultural Center of the &#8220;Resurrection of Christ&#8221; Cathedral, in Tirana. The representatives of youth groups from different cities of the country came together for the further development and strengthening of the Orthodox Youth Association of Albania, which has been created in accordance with the Statutes of the Orthodox Autocephalous Church of Albania. The Association\u2019s goals are the active participation of youth in the life of the Church, the cultivation of friendships, and a deeper knowledge of the Orthodox faith, Christian witness and service.<\/span><\/span><\/p>\n<p style=\"text-align: justify;\"><span style=\"font-family: helvetica; font-size: 12pt;\"><span style=\"color: #000000;\">&nbsp;&nbsp; The coordinator, the Bishop of Apollonia Nicholas, conducted the Assembly in two parts: First, youth groups from different cities offered a festive Christmas program. In the second part, Archbishop Anastasios gave a lecture on the topic: &#8220;Seeking the Four Great Values of Life&#8221;, beginning with a verse from T.S. Eliot, \u201cWhere is the wisdom we have lost in knowledge? Where is the knowledge we have lost in information?\u201d The Archbishop concluded saying, &#8220;I wish with all my heart that your life be a continuous ascent from simple information to genuine knowledge, from mere knowledge to \u201cthe <strong>wisdom<\/strong> that comes from above\u201d. May it be an uninterrupted ascent from egocentrism, to responsible liberty, and bring you ultimately to true <strong>freedom<\/strong>; from irresponsible, apparently affective relationships, to stable effective relationships, blessed by God to experience essential Christian <strong>love<\/strong> (agape); a leap from the merely mechanical observance of rituals, or a hazy \u201cspirituality\u201d, to a genuine spirituality and a living <strong>faith<\/strong> in God, wherein the Holy Spirit orders and illuminates our lives and gives wisdom and strength. Faith opens our existence to the eternal, and to the presence of Him who is Love&nbsp; \u2013 Christ who is all&#8221;.<\/span><\/span><\/p>\n<p style=\"text-align: justify;\"><span style=\"font-family: helvetica; font-size: 12pt;\"><span style=\"color: #000000;\">&nbsp;&nbsp;&nbsp; Then the election of the members of the Executive Council took place. First the Bishop of Bylis, Asti, made known to the Assembly members the method for voting. The nominated candidates were voted for directly in the hall by the participants who were divided into four groups: the Archdiocese and three Metropolises.<\/span><\/span><\/p>\n<p style=\"text-align: justify;\"><span style=\"font-family: helvetica; font-size: 12pt;\"><span style=\"color: #000000;\">&nbsp;&nbsp;&nbsp; In conclusion, the Executive Council, composed of 13 members (seven men and six women), held its first meeting in the Office of the Archbishop, who emphasized that the Orthodox youth must have a responsible and regenerative and role in the Church.<\/span><\/span><\/p>\n<p style=\"text-align: left;\">&nbsp;<\/p>\n<p style=\"text-align: right;\"><span style=\"font-family: helvetica; font-size: 12pt;\"><span style=\"color: #000000;\">December 15, 2014<\/span><\/span><\/p>\n<p style=\"text-align: right;\"><span style=\"font-family: helvetica; font-size: 12pt;\"><span style=\"color: #000000;\">The Press Office<\/span><\/span><\/p>\n<p style=\"text-align: right;\"><span style=\"font-family: helvetica; font-size: 12pt;\"><span style=\"color: #000000;\">Orthodox Autocephalous Church of Albania<\/span><\/span><\/p>\n<div style=\"text-align: left;\">&nbsp;<\/div>\n<div style=\"text-align: center;\">\n<p>&nbsp;<\/p>\n<p><img class=\"lazyload\" decoding=\"async\" style=\"display: block; margin-left: auto; margin-right: auto; border: 1px solid;\" alt=\"\" src=\"data:image\/gif;base64,R0lGODlhAQABAAAAACH5BAEKAAEALAAAAAABAAEAAAICTAEAOw==\" data-orig-src=\"https:\/\/lh3.googleusercontent.com\/-WAffozwwdCk\/VI8mGlNYdeI\/AAAAAAAACiA\/VUKAYiKDud8\/w958-h626-no\/untitled-216.jpg\" \/><\/p>\n<table style=\"width: 500px; margin-right: auto; margin-left: auto;\">\n<tbody>\n<tr>\n<td style=\"width: 482px;\"><img class=\"lazyload\" decoding=\"async\" style=\"height: 333px; width: 500px; border-width: 1px; border-style: solid; margin: 10px;\" alt=\"\" src=\"data:image\/gif;base64,R0lGODlhAQABAAAAACH5BAEKAAEALAAAAAABAAEAAAICTAEAOw==\" data-orig-src=\"https:\/\/lh3.googleusercontent.com\/-uIn6oYIFr5A\/VI8mHJs0IiI\/AAAAAAAACiM\/fN6tnZIRnAs\/w958-h639-no\/untitled-88.jpg\" \/><\/td>\n<td style=\"width: 5px;\"><img class=\"lazyload\" decoding=\"async\" style=\"height: 333px; width: 500px; border-width: 1px; border-style: solid; margin: 10px;\" alt=\"\" src=\"data:image\/gif;base64,R0lGODlhAQABAAAAACH5BAEKAAEALAAAAAABAAEAAAICTAEAOw==\" data-orig-src=\"https:\/\/lh6.googleusercontent.com\/-JUkpiXD8oVk\/VI8mHDqj7gI\/AAAAAAAACiQ\/BSlS_rygOZA\/w958-h639-no\/untitled-237.jpg\" \/><\/td>\n<\/tr>\n<\/tbody>\n<\/table>\n<p>&nbsp;<\/p>\n<\/div>\n","protected":false},"excerpt":{"rendered":"<p>&nbsp;&nbsp;&nbsp; About 380 young people, ages 18-30 years old, gathered on Saturday, December 13, 2014, at the Cultural Center of the &#8220;Resurrection of Christ&#8221; Cathedral, in Tirana. The representatives of youth groups from different cities of the country came together for the further development and strengthening of the Orthodox Youth Association of Albania, which has been created in accordance with the Statutes of the Orthodox<\/p>\n","protected":false},"author":14,"featured_media":1288,"comment_status":"open","ping_status":"open","sticky":false,"template":"","format":"standard","meta":{"_acf_changed":false,"pagelayer_contact_templates":[],"_pagelayer_content":"","inline_featured_image":false,"fifu_image_url":"","fifu_image_alt":"","footnotes":""},"categories":[1455,311],"tags":[1145,1185,1784,1896,1794],"class_list":["post-1287","post","type-post","status-publish","format-standard","has-post-thumbnail","hentry","category-news-en","category-news-d25","tag-2014-en","tag-events","tag-katedralja-ngjallja-e-krishtit-tirane-en","tag-lidhja-orthodhokse-e-rinise-en","tag-rinia-orthodhokse-en"],"acf":[],"yoast_head":"<!-- This site is optimized with the Yoast SEO plugin v27.2 - https:\/\/yoast.com\/product\/yoast-seo-wordpress\/ -->\n<title>The Assembly of the Orthodox Youth Association of Albania was held - Kisha Orthodh\u03bfkse Autoqefale e Shqip\u00ebris\u00eb<\/title>\n<meta name=\"robots\" content=\"index, follow, max-snippet:-1, max-image-preview:large, max-video-preview:-1\" \/>\n<link rel=\"canonical\" href=\"https:\/\/orthodoxalbania.org\/2020\/en\/2014\/12\/15\/12-23-2014\/\" \/>\n<meta property=\"og:locale\" content=\"en_US\" \/>\n<meta property=\"og:type\" content=\"article\" \/>\n<meta property=\"og:title\" content=\"The Assembly of the Orthodox Youth Association of Albania was held - Kisha Orthodh\u03bfkse Autoqefale e Shqip\u00ebris\u00eb\" \/>\n<meta property=\"og:description\" content=\"&nbsp;&nbsp;&nbsp; About 380 young people, ages 18-30 years old, gathered on Saturday, December 13, 2014, at the Cultural Center of the &#8220;Resurrection of Christ&#8221; Cathedral, in Tirana. The representatives of youth groups from different cities of the country came together for the further development and strengthening of the Orthodox Youth Association of Albania, which has been created in accordance with the Statutes of the Orthodox\" \/>\n<meta property=\"og:url\" content=\"https:\/\/orthodoxalbania.org\/2020\/en\/2014\/12\/15\/12-23-2014\/\" \/>\n<meta property=\"og:site_name\" content=\"Kisha Orthodh\u03bfkse Autoqefale e Shqip\u00ebris\u00eb\" \/>\n<meta property=\"article:publisher\" content=\"https:\/\/www.facebook.com\/koash1991\" \/>\n<meta property=\"article:published_time\" content=\"2014-12-15T18:30:50+00:00\" \/>\n<meta property=\"article:modified_time\" content=\"2020-04-12T22:28:07+00:00\" \/>\n<meta property=\"og:image\" content=\"https:\/\/orthodoxalbania.org\/2020\/wp-content\/uploads\/2020\/04\/untitled-216.jpg\" \/>\n\t<meta property=\"og:image:width\" content=\"958\" \/>\n\t<meta property=\"og:image:height\" content=\"626\" \/>\n\t<meta property=\"og:image:type\" content=\"image\/jpeg\" \/>\n<meta name=\"author\" content=\"neo_admin\" \/>\n<meta name=\"twitter:card\" content=\"summary_large_image\" \/>\n<meta name=\"twitter:label1\" content=\"Written by\" \/>\n\t<meta name=\"twitter:data1\" content=\"neo_admin\" \/>\n\t<meta name=\"twitter:label2\" content=\"Est. reading time\" \/>\n\t<meta name=\"twitter:data2\" content=\"2 minutes\" \/>\n<script type=\"application\/ld+json\" class=\"yoast-schema-graph\">{\"@context\":\"https:\/\/schema.org\",\"@graph\":[{\"@type\":\"Article\",\"@id\":\"https:\/\/orthodoxalbania.org\/2020\/en\/2014\/12\/15\/12-23-2014\/#article\",\"isPartOf\":{\"@id\":\"https:\/\/orthodoxalbania.org\/2020\/en\/2014\/12\/15\/12-23-2014\/\"},\"author\":{\"name\":\"neo_admin\",\"@id\":\"https:\/\/orthodoxalbania.org\/2020\/#\/schema\/person\/dd2bdc135b53c60d45b8bb329565cf6d\"},\"headline\":\"The Assembly of the Orthodox Youth Association of Albania was held\",\"datePublished\":\"2014-12-15T18:30:50+00:00\",\"dateModified\":\"2020-04-12T22:28:07+00:00\",\"mainEntityOfPage\":{\"@id\":\"https:\/\/orthodoxalbania.org\/2020\/en\/2014\/12\/15\/12-23-2014\/\"},\"wordCount\":420,\"commentCount\":0,\"publisher\":{\"@id\":\"https:\/\/orthodoxalbania.org\/2020\/#organization\"},\"image\":{\"@id\":\"https:\/\/orthodoxalbania.org\/2020\/en\/2014\/12\/15\/12-23-2014\/#primaryimage\"},\"thumbnailUrl\":\"https:\/\/orthodoxalbania.org\/2020\/wp-content\/uploads\/2020\/04\/untitled-216.jpg\",\"keywords\":[\"2014\",\"Events\",\"Katedralja \u201cNgjallja e Krishtit\u201d Tiran\u00eb\",\"Lidhja Orthodhokse e Rinis\u00eb\",\"Rinia Orthodhokse\"],\"articleSection\":[\"News - \u0395\u039d\",\"News old page\"],\"inLanguage\":\"en-US\"},{\"@type\":\"WebPage\",\"@id\":\"https:\/\/orthodoxalbania.org\/2020\/en\/2014\/12\/15\/12-23-2014\/\",\"url\":\"https:\/\/orthodoxalbania.org\/2020\/en\/2014\/12\/15\/12-23-2014\/\",\"name\":\"The Assembly of the Orthodox Youth Association of Albania was held - Kisha Orthodh\u03bfkse Autoqefale e Shqip\u00ebris\u00eb\",\"isPartOf\":{\"@id\":\"https:\/\/orthodoxalbania.org\/2020\/#website\"},\"primaryImageOfPage\":{\"@id\":\"https:\/\/orthodoxalbania.org\/2020\/en\/2014\/12\/15\/12-23-2014\/#primaryimage\"},\"image\":{\"@id\":\"https:\/\/orthodoxalbania.org\/2020\/en\/2014\/12\/15\/12-23-2014\/#primaryimage\"},\"thumbnailUrl\":\"https:\/\/orthodoxalbania.org\/2020\/wp-content\/uploads\/2020\/04\/untitled-216.jpg\",\"datePublished\":\"2014-12-15T18:30:50+00:00\",\"dateModified\":\"2020-04-12T22:28:07+00:00\",\"breadcrumb\":{\"@id\":\"https:\/\/orthodoxalbania.org\/2020\/en\/2014\/12\/15\/12-23-2014\/#breadcrumb\"},\"inLanguage\":\"en-US\",\"potentialAction\":[{\"@type\":\"ReadAction\",\"target\":[\"https:\/\/orthodoxalbania.org\/2020\/en\/2014\/12\/15\/12-23-2014\/\"]}]},{\"@type\":\"ImageObject\",\"inLanguage\":\"en-US\",\"@id\":\"https:\/\/orthodoxalbania.org\/2020\/en\/2014\/12\/15\/12-23-2014\/#primaryimage\",\"url\":\"https:\/\/orthodoxalbania.org\/2020\/wp-content\/uploads\/2020\/04\/untitled-216.jpg\",\"contentUrl\":\"https:\/\/orthodoxalbania.org\/2020\/wp-content\/uploads\/2020\/04\/untitled-216.jpg\",\"width\":958,\"height\":626},{\"@type\":\"BreadcrumbList\",\"@id\":\"https:\/\/orthodoxalbania.org\/2020\/en\/2014\/12\/15\/12-23-2014\/#breadcrumb\",\"itemListElement\":[{\"@type\":\"ListItem\",\"position\":1,\"name\":\"Home\",\"item\":\"https:\/\/orthodoxalbania.org\/2020\/\"},{\"@type\":\"ListItem\",\"position\":2,\"name\":\"The Assembly of the Orthodox Youth Association of Albania was held\"}]},{\"@type\":\"WebSite\",\"@id\":\"https:\/\/orthodoxalbania.org\/2020\/#website\",\"url\":\"https:\/\/orthodoxalbania.org\/2020\/\",\"name\":\"Kisha Orthodh\u03bfkse Autoqefale e Shqip\u00ebris\u00eb\",\"description\":\"Fqja Zyrtare e Kish\u00ebs Orthodhokse Autoqefale e Shqip\u00ebris\u00eb me lajmet edhe informacionet zyrtare p\u00ebr struktur\u00ebn edhe veprimtarin e saj.\",\"publisher\":{\"@id\":\"https:\/\/orthodoxalbania.org\/2020\/#organization\"},\"potentialAction\":[{\"@type\":\"SearchAction\",\"target\":{\"@type\":\"EntryPoint\",\"urlTemplate\":\"https:\/\/orthodoxalbania.org\/2020\/?s={search_term_string}\"},\"query-input\":{\"@type\":\"PropertyValueSpecification\",\"valueRequired\":true,\"valueName\":\"search_term_string\"}}],\"inLanguage\":\"en-US\"},{\"@type\":\"Organization\",\"@id\":\"https:\/\/orthodoxalbania.org\/2020\/#organization\",\"name\":\"Kisha Orthodhokse Autoqefale e Shqip\u00ebris\u00eb\",\"url\":\"https:\/\/orthodoxalbania.org\/2020\/\",\"logo\":{\"@type\":\"ImageObject\",\"inLanguage\":\"en-US\",\"@id\":\"https:\/\/orthodoxalbania.org\/2020\/#\/schema\/logo\/image\/\",\"url\":\"https:\/\/orthodoxalbania.org\/2020\/wp-content\/uploads\/2020\/05\/albania.jpeg\",\"contentUrl\":\"https:\/\/orthodoxalbania.org\/2020\/wp-content\/uploads\/2020\/05\/albania.jpeg\",\"width\":540,\"height\":540,\"caption\":\"Kisha Orthodhokse Autoqefale e Shqip\u00ebris\u00eb\"},\"image\":{\"@id\":\"https:\/\/orthodoxalbania.org\/2020\/#\/schema\/logo\/image\/\"},\"sameAs\":[\"https:\/\/www.facebook.com\/koash1991\"]},{\"@type\":\"Person\",\"@id\":\"https:\/\/orthodoxalbania.org\/2020\/#\/schema\/person\/dd2bdc135b53c60d45b8bb329565cf6d\",\"name\":\"neo_admin\",\"image\":{\"@type\":\"ImageObject\",\"inLanguage\":\"en-US\",\"@id\":\"https:\/\/secure.gravatar.com\/avatar\/53e6cdc30765aade0129f85e5aeb50124b1d3f5bb9a70373be31e4eb328371e0?s=96&d=mm&r=g\",\"url\":\"https:\/\/secure.gravatar.com\/avatar\/53e6cdc30765aade0129f85e5aeb50124b1d3f5bb9a70373be31e4eb328371e0?s=96&d=mm&r=g\",\"contentUrl\":\"https:\/\/secure.gravatar.com\/avatar\/53e6cdc30765aade0129f85e5aeb50124b1d3f5bb9a70373be31e4eb328371e0?s=96&d=mm&r=g\",\"caption\":\"neo_admin\"}}]}<\/script>\n<!-- \/ Yoast SEO plugin. -->","yoast_head_json":{"title":"The Assembly of the Orthodox Youth Association of Albania was held - Kisha Orthodh\u03bfkse Autoqefale e Shqip\u00ebris\u00eb","robots":{"index":"index","follow":"follow","max-snippet":"max-snippet:-1","max-image-preview":"max-image-preview:large","max-video-preview":"max-video-preview:-1"},"canonical":"https:\/\/orthodoxalbania.org\/2020\/en\/2014\/12\/15\/12-23-2014\/","og_locale":"en_US","og_type":"article","og_title":"The Assembly of the Orthodox Youth Association of Albania was held - Kisha Orthodh\u03bfkse Autoqefale e Shqip\u00ebris\u00eb","og_description":"&nbsp;&nbsp;&nbsp; About 380 young people, ages 18-30 years old, gathered on Saturday, December 13, 2014, at the Cultural Center of the &#8220;Resurrection of Christ&#8221; Cathedral, in Tirana. The representatives of youth groups from different cities of the country came together for the further development and strengthening of the Orthodox Youth Association of Albania, which has been created in accordance with the Statutes of the Orthodox","og_url":"https:\/\/orthodoxalbania.org\/2020\/en\/2014\/12\/15\/12-23-2014\/","og_site_name":"Kisha Orthodh\u03bfkse Autoqefale e Shqip\u00ebris\u00eb","article_publisher":"https:\/\/www.facebook.com\/koash1991","article_published_time":"2014-12-15T18:30:50+00:00","article_modified_time":"2020-04-12T22:28:07+00:00","og_image":[{"width":958,"height":626,"url":"https:\/\/orthodoxalbania.org\/2020\/wp-content\/uploads\/2020\/04\/untitled-216.jpg","type":"image\/jpeg"}],"author":"neo_admin","twitter_card":"summary_large_image","twitter_misc":{"Written by":"neo_admin","Est. reading time":"2 minutes"},"schema":{"@context":"https:\/\/schema.org","@graph":[{"@type":"Article","@id":"https:\/\/orthodoxalbania.org\/2020\/en\/2014\/12\/15\/12-23-2014\/#article","isPartOf":{"@id":"https:\/\/orthodoxalbania.org\/2020\/en\/2014\/12\/15\/12-23-2014\/"},"author":{"name":"neo_admin","@id":"https:\/\/orthodoxalbania.org\/2020\/#\/schema\/person\/dd2bdc135b53c60d45b8bb329565cf6d"},"headline":"The Assembly of the Orthodox Youth Association of Albania was held","datePublished":"2014-12-15T18:30:50+00:00","dateModified":"2020-04-12T22:28:07+00:00","mainEntityOfPage":{"@id":"https:\/\/orthodoxalbania.org\/2020\/en\/2014\/12\/15\/12-23-2014\/"},"wordCount":420,"commentCount":0,"publisher":{"@id":"https:\/\/orthodoxalbania.org\/2020\/#organization"},"image":{"@id":"https:\/\/orthodoxalbania.org\/2020\/en\/2014\/12\/15\/12-23-2014\/#primaryimage"},"thumbnailUrl":"https:\/\/orthodoxalbania.org\/2020\/wp-content\/uploads\/2020\/04\/untitled-216.jpg","keywords":["2014","Events","Katedralja \u201cNgjallja e Krishtit\u201d Tiran\u00eb","Lidhja Orthodhokse e Rinis\u00eb","Rinia Orthodhokse"],"articleSection":["News - \u0395\u039d","News old page"],"inLanguage":"en-US"},{"@type":"WebPage","@id":"https:\/\/orthodoxalbania.org\/2020\/en\/2014\/12\/15\/12-23-2014\/","url":"https:\/\/orthodoxalbania.org\/2020\/en\/2014\/12\/15\/12-23-2014\/","name":"The Assembly of the Orthodox Youth Association of Albania was held - Kisha Orthodh\u03bfkse Autoqefale e Shqip\u00ebris\u00eb","isPartOf":{"@id":"https:\/\/orthodoxalbania.org\/2020\/#website"},"primaryImageOfPage":{"@id":"https:\/\/orthodoxalbania.org\/2020\/en\/2014\/12\/15\/12-23-2014\/#primaryimage"},"image":{"@id":"https:\/\/orthodoxalbania.org\/2020\/en\/2014\/12\/15\/12-23-2014\/#primaryimage"},"thumbnailUrl":"https:\/\/orthodoxalbania.org\/2020\/wp-content\/uploads\/2020\/04\/untitled-216.jpg","datePublished":"2014-12-15T18:30:50+00:00","dateModified":"2020-04-12T22:28:07+00:00","breadcrumb":{"@id":"https:\/\/orthodoxalbania.org\/2020\/en\/2014\/12\/15\/12-23-2014\/#breadcrumb"},"inLanguage":"en-US","potentialAction":[{"@type":"ReadAction","target":["https:\/\/orthodoxalbania.org\/2020\/en\/2014\/12\/15\/12-23-2014\/"]}]},{"@type":"ImageObject","inLanguage":"en-US","@id":"https:\/\/orthodoxalbania.org\/2020\/en\/2014\/12\/15\/12-23-2014\/#primaryimage","url":"https:\/\/orthodoxalbania.org\/2020\/wp-content\/uploads\/2020\/04\/untitled-216.jpg","contentUrl":"https:\/\/orthodoxalbania.org\/2020\/wp-content\/uploads\/2020\/04\/untitled-216.jpg","width":958,"height":626},{"@type":"BreadcrumbList","@id":"https:\/\/orthodoxalbania.org\/2020\/en\/2014\/12\/15\/12-23-2014\/#breadcrumb","itemListElement":[{"@type":"ListItem","position":1,"name":"Home","item":"https:\/\/orthodoxalbania.org\/2020\/"},{"@type":"ListItem","position":2,"name":"The Assembly of the Orthodox Youth Association of Albania was held"}]},{"@type":"WebSite","@id":"https:\/\/orthodoxalbania.org\/2020\/#website","url":"https:\/\/orthodoxalbania.org\/2020\/","name":"Kisha Orthodh\u03bfkse Autoqefale e Shqip\u00ebris\u00eb","description":"Fqja Zyrtare e Kish\u00ebs Orthodhokse Autoqefale e Shqip\u00ebris\u00eb me lajmet edhe informacionet zyrtare p\u00ebr struktur\u00ebn edhe veprimtarin e saj.","publisher":{"@id":"https:\/\/orthodoxalbania.org\/2020\/#organization"},"potentialAction":[{"@type":"SearchAction","target":{"@type":"EntryPoint","urlTemplate":"https:\/\/orthodoxalbania.org\/2020\/?s={search_term_string}"},"query-input":{"@type":"PropertyValueSpecification","valueRequired":true,"valueName":"search_term_string"}}],"inLanguage":"en-US"},{"@type":"Organization","@id":"https:\/\/orthodoxalbania.org\/2020\/#organization","name":"Kisha Orthodhokse Autoqefale e Shqip\u00ebris\u00eb","url":"https:\/\/orthodoxalbania.org\/2020\/","logo":{"@type":"ImageObject","inLanguage":"en-US","@id":"https:\/\/orthodoxalbania.org\/2020\/#\/schema\/logo\/image\/","url":"https:\/\/orthodoxalbania.org\/2020\/wp-content\/uploads\/2020\/05\/albania.jpeg","contentUrl":"https:\/\/orthodoxalbania.org\/2020\/wp-content\/uploads\/2020\/05\/albania.jpeg","width":540,"height":540,"caption":"Kisha Orthodhokse Autoqefale e Shqip\u00ebris\u00eb"},"image":{"@id":"https:\/\/orthodoxalbania.org\/2020\/#\/schema\/logo\/image\/"},"sameAs":["https:\/\/www.facebook.com\/koash1991"]},{"@type":"Person","@id":"https:\/\/orthodoxalbania.org\/2020\/#\/schema\/person\/dd2bdc135b53c60d45b8bb329565cf6d","name":"neo_admin","image":{"@type":"ImageObject","inLanguage":"en-US","@id":"https:\/\/secure.gravatar.com\/avatar\/53e6cdc30765aade0129f85e5aeb50124b1d3f5bb9a70373be31e4eb328371e0?s=96&d=mm&r=g","url":"https:\/\/secure.gravatar.com\/avatar\/53e6cdc30765aade0129f85e5aeb50124b1d3f5bb9a70373be31e4eb328371e0?s=96&d=mm&r=g","contentUrl":"https:\/\/secure.gravatar.com\/avatar\/53e6cdc30765aade0129f85e5aeb50124b1d3f5bb9a70373be31e4eb328371e0?s=96&d=mm&r=g","caption":"neo_admin"}}]}},"_links":{"self":[{"href":"https:\/\/orthodoxalbania.org\/2020\/wp-json\/wp\/v2\/posts\/1287","targetHints":{"allow":["GET"]}}],"collection":[{"href":"https:\/\/orthodoxalbania.org\/2020\/wp-json\/wp\/v2\/posts"}],"about":[{"href":"https:\/\/orthodoxalbania.org\/2020\/wp-json\/wp\/v2\/types\/post"}],"author":[{"embeddable":true,"href":"https:\/\/orthodoxalbania.org\/2020\/wp-json\/wp\/v2\/users\/14"}],"replies":[{"embeddable":true,"href":"https:\/\/orthodoxalbania.org\/2020\/wp-json\/wp\/v2\/comments?post=1287"}],"version-history":[{"count":1,"href":"https:\/\/orthodoxalbania.org\/2020\/wp-json\/wp\/v2\/posts\/1287\/revisions"}],"predecessor-version":[{"id":17451,"href":"https:\/\/orthodoxalbania.org\/2020\/wp-json\/wp\/v2\/posts\/1287\/revisions\/17451"}],"wp:featuredmedia":[{"embeddable":true,"href":"https:\/\/orthodoxalbania.org\/2020\/wp-json\/wp\/v2\/media\/1288"}],"wp:attachment":[{"href":"https:\/\/orthodoxalbania.org\/2020\/wp-json\/wp\/v2\/media?parent=1287"}],"wp:term":[{"taxonomy":"category","embeddable":true,"href":"https:\/\/orthodoxalbania.org\/2020\/wp-json\/wp\/v2\/categories?post=1287"},{"taxonomy":"post_tag","embeddable":true,"href":"https:\/\/orthodoxalbania.org\/2020\/wp-json\/wp\/v2\/tags?post=1287"}],"curies":[{"name":"wp","href":"https:\/\/api.w.org\/{rel}","templated":true}]}}