{"id":1286,"date":"2013-03-21T09:52:21","date_gmt":"2013-03-21T09:52:21","guid":{"rendered":""},"modified":"2020-04-13T00:31:05","modified_gmt":"2020-04-12T22:31:05","slug":"the-anniversary-of-the-resurrection-of-the-church-2011","status":"publish","type":"post","link":"https:\/\/orthodoxalbania.org\/2020\/en\/2013\/03\/21\/the-anniversary-of-the-resurrection-of-the-church-2011\/","title":{"rendered":"The Anniversary of the Resurrection of the Church. (2011)"},"content":{"rendered":"<div style=\"text-align: justify;\">\n\t&nbsp;<\/div>\n<div style=\"text-align: justify;\">\n\t<span style=\"font-family:tahoma,geneva,sans-serif;\"><span style=\"font-size: 12px;\"><span style=\"color: rgb(0, 0, 0);\"><span id=\"lw_1310028560_1\"><img decoding=\"async\" class=\"lazyload HAa Eha\" src=\"data:image\/gif;base64,R0lGODlhAQABAAAAACH5BAEKAAEALAAAAAABAAEAAAICTAEAOw==\" data-orig-src=\"https:\/\/lh4.googleusercontent.com\/-m17ctGGITqw\/VAGTP-fbR2I\/AAAAAAAACbg\/L5GsAwLcCDs\/w319-h480-no\/_DSC5677_319x480.JPG\" style=\"height: 226px; width: 150px; border-width: 1px; border-style: solid; margin: 10px; float: left;\" \/>&nbsp;&nbsp;&nbsp; On June 24<\/span>, the Orthodox Autocephalous Church of&nbsp;<span id=\"lw_1310028560_2\">Albania<\/span>&nbsp;celebrated the 19th&nbsp;anniversary of the election of His Beatitude, Archbishop Anastasios, at the Annunciation Church in&nbsp;<span id=\"lw_1310028560_3\">Tirana<\/span>.&nbsp; A hierarchical liturgy was celebrated by members of the Holy Synod with the faithful who came from cities across the country.&nbsp; Nineteen years ago, Albanian Orthodox believers recognized the Archbishop\u2019s contributions and values and deemed him the right person to resurrect the Church in Albania.&nbsp;<\/span><\/span><\/span><\/div>\n<div style=\"text-align: justify;\">\n\t<br \/>\n\t<span style=\"font-family:tahoma,geneva,sans-serif;\"><span style=\"font-size: 12px;\"><span style=\"color: rgb(0, 0, 0);\"><span class=\"style10\">&nbsp; &nbsp;<\/span>In<span id=\"lw_1310028560_4\"> March, 1992<\/span>, a large delegation of clergy and lay officials of the Ecumenical Patriarchate visited the church in Albania and agreed with this assessment. Then,&nbsp;<span id=\"lw_1310028560_5\">on May 30, 1992<\/span>, the General Council of the Orthodox Church of Albania made a formal request to His All Holiness, Ecumenical Patriarch, Bartholomew. The&nbsp;Holy Synod of the Ecumenical Patriarchate, after reviewing this request and taking into consideration &nbsp;that there were no remaining <img decoding=\"async\" class=\"lazyload HAa Eha\" src=\"data:image\/gif;base64,R0lGODlhAQABAAAAACH5BAEKAAEALAAAAAABAAEAAAICTAEAOw==\" data-orig-src=\"https:\/\/lh3.googleusercontent.com\/-8FdQcYEFkvQ\/VAGTP-sSIyI\/AAAAAAAACbc\/AnBPjxREm_I\/w640-h425-no\/_DSC5663_640x425.JPG\" style=\"height: 166px; width: 250px; border-width: 1px; border-style: solid; margin: 10px; float: right;\" \/>Albanian-born bishops and valuing the exceptional work of the then Bishop Anastasios, decided to elect him as Archbishop of the Orthodox Church of Albania&nbsp;<span id=\"lw_1310028560_6\">on June 24, 1992<\/span>.&nbsp;This represented a significant cross for the Archbishop; however, through perseverance, self-sacrifice and the Holy Spirit, the church that we know today was resurrected.&nbsp;<\/span><\/span><\/span><\/div>\n<div id=\"yui_3_2_0_3_130958822466885\">\n\t<span style=\"font-family:tahoma,geneva,sans-serif;\"><span style=\"font-size: 12px;\"><span style=\"color: rgb(0, 0, 0);\"><span class=\"style10\">&nbsp;<\/span><\/span><\/span><\/span><\/div>\n<div class=\"style10\">\n\t&nbsp;<\/div>\n<div class=\"style10\">\n\t&nbsp;<\/div>\n<div class=\"style10\" style=\"text-align: right;\">\n\t&nbsp;<\/div>\n<div class=\"style10\" style=\"text-align: right;\">\n\t&nbsp;<\/div>\n<div class=\"style10\" style=\"text-align: right;\">\n\t&nbsp;<\/div>\n<div class=\"style10\" style=\"text-align: right;\">\n\t<span style=\"font-family:tahoma,geneva,sans-serif;\"><span style=\"font-size: 12px;\"><span style=\"color: rgb(0, 0, 0);\"><strong>Thoma Dhima<\/strong><\/span><\/span><\/span><\/div>\n<div class=\"style10\" style=\"text-align: right;\">\n\t&nbsp;<\/div>\n<div class=\"style10\" style=\"text-align: right;\">\n\t<span style=\"font-family:tahoma,geneva,sans-serif;\"><span style=\"font-size: 12px;\"><span style=\"color: rgb(0, 0, 0);\"><strong>&nbsp;<\/strong>Translated by <strong>Aleksia Dervishi<\/strong><\/span><\/span><\/span><\/div>\n<div class=\"style10\">\n\t&nbsp;<\/div>\n<div class=\"style10\">\n\t&nbsp;<\/div>\n","protected":false},"excerpt":{"rendered":"<p>&nbsp; &nbsp;&nbsp;&nbsp; On June 24, the Orthodox Autocephalous Church of&nbsp;Albania&nbsp;celebrated the 19th&nbsp;anniversary of the election of His Beatitude, Archbishop Anastasios, at the Annunciation Church in&nbsp;Tirana.&nbsp; A hierarchical liturgy was celebrated by members of the Holy Synod with the faithful who came from cities across the country.&nbsp; Nineteen years ago, Albanian Orthodox believers recognized the Archbishop\u2019s contributions and values and deemed him the right person to<\/p>\n","protected":false},"author":7,"featured_media":0,"comment_status":"open","ping_status":"open","sticky":false,"template":"","format":"standard","meta":{"_acf_changed":false,"pagelayer_contact_templates":[],"_pagelayer_content":"","inline_featured_image":false,"fifu_image_url":"","fifu_image_alt":"","footnotes":""},"categories":[1455,311],"tags":[1133,1786,1768],"class_list":["post-1286","post","type-post","status-publish","format-standard","hentry","category-news-en","category-news-d25","tag-2011-en","tag-kremtime-en","tag-kryepiskopi-anastas-en"],"acf":[],"yoast_head":"<!-- This site is optimized with the Yoast SEO plugin v27.2 - https:\/\/yoast.com\/product\/yoast-seo-wordpress\/ -->\n<title>The Anniversary of the Resurrection of the Church. (2011) - Kisha Orthodh\u03bfkse Autoqefale e Shqip\u00ebris\u00eb<\/title>\n<meta name=\"robots\" content=\"index, follow, max-snippet:-1, max-image-preview:large, max-video-preview:-1\" \/>\n<link rel=\"canonical\" href=\"https:\/\/orthodoxalbania.org\/2020\/en\/2013\/03\/21\/the-anniversary-of-the-resurrection-of-the-church-2011\/\" \/>\n<meta property=\"og:locale\" content=\"en_US\" \/>\n<meta property=\"og:type\" content=\"article\" \/>\n<meta property=\"og:title\" content=\"The Anniversary of the Resurrection of the Church. (2011) - Kisha Orthodh\u03bfkse Autoqefale e Shqip\u00ebris\u00eb\" \/>\n<meta property=\"og:description\" content=\"&nbsp; &nbsp;&nbsp;&nbsp; On June 24, the Orthodox Autocephalous Church of&nbsp;Albania&nbsp;celebrated the 19th&nbsp;anniversary of the election of His Beatitude, Archbishop Anastasios, at the Annunciation Church in&nbsp;Tirana.&nbsp; A hierarchical liturgy was celebrated by members of the Holy Synod with the faithful who came from cities across the country.&nbsp; Nineteen years ago, Albanian Orthodox believers recognized the Archbishop\u2019s contributions and values and deemed him the right person to\" \/>\n<meta property=\"og:url\" content=\"https:\/\/orthodoxalbania.org\/2020\/en\/2013\/03\/21\/the-anniversary-of-the-resurrection-of-the-church-2011\/\" \/>\n<meta property=\"og:site_name\" content=\"Kisha Orthodh\u03bfkse Autoqefale e Shqip\u00ebris\u00eb\" \/>\n<meta property=\"article:publisher\" content=\"https:\/\/www.facebook.com\/koash1991\" \/>\n<meta property=\"article:published_time\" content=\"2013-03-21T09:52:21+00:00\" \/>\n<meta property=\"article:modified_time\" content=\"2020-04-12T22:31:05+00:00\" \/>\n<meta property=\"og:image\" content=\"https:\/\/lh4.googleusercontent.com\/-m17ctGGITqw\/VAGTP-fbR2I\/AAAAAAAACbg\/L5GsAwLcCDs\/w319-h480-no\/_DSC5677_319x480.JPG\" \/>\n<meta name=\"author\" content=\"Kisha Orthodhokse\" \/>\n<meta name=\"twitter:card\" content=\"summary_large_image\" \/>\n<meta name=\"twitter:label1\" content=\"Written by\" \/>\n\t<meta name=\"twitter:data1\" content=\"Kisha Orthodhokse\" \/>\n\t<meta name=\"twitter:label2\" content=\"Est. reading time\" \/>\n\t<meta name=\"twitter:data2\" content=\"1 minute\" \/>\n<script type=\"application\/ld+json\" class=\"yoast-schema-graph\">{\"@context\":\"https:\/\/schema.org\",\"@graph\":[{\"@type\":\"Article\",\"@id\":\"https:\/\/orthodoxalbania.org\/2020\/en\/2013\/03\/21\/the-anniversary-of-the-resurrection-of-the-church-2011\/#article\",\"isPartOf\":{\"@id\":\"https:\/\/orthodoxalbania.org\/2020\/en\/2013\/03\/21\/the-anniversary-of-the-resurrection-of-the-church-2011\/\"},\"author\":{\"name\":\"Kisha Orthodhokse\",\"@id\":\"https:\/\/orthodoxalbania.org\/2020\/#\/schema\/person\/df745f942b70e045b3dc05a30211f0de\"},\"headline\":\"The Anniversary of the Resurrection of the Church. (2011)\",\"datePublished\":\"2013-03-21T09:52:21+00:00\",\"dateModified\":\"2020-04-12T22:31:05+00:00\",\"mainEntityOfPage\":{\"@id\":\"https:\/\/orthodoxalbania.org\/2020\/en\/2013\/03\/21\/the-anniversary-of-the-resurrection-of-the-church-2011\/\"},\"wordCount\":232,\"commentCount\":0,\"publisher\":{\"@id\":\"https:\/\/orthodoxalbania.org\/2020\/#organization\"},\"image\":{\"@id\":\"https:\/\/orthodoxalbania.org\/2020\/en\/2013\/03\/21\/the-anniversary-of-the-resurrection-of-the-church-2011\/#primaryimage\"},\"thumbnailUrl\":\"https:\/\/lh4.googleusercontent.com\/-m17ctGGITqw\/VAGTP-fbR2I\/AAAAAAAACbg\/L5GsAwLcCDs\/w319-h480-no\/_DSC5677_319x480.JPG\",\"keywords\":[\"2011\",\"Kremtime\",\"Kryepiskopi Anastas\"],\"articleSection\":[\"News - \u0395\u039d\",\"News old page\"],\"inLanguage\":\"en-US\"},{\"@type\":\"WebPage\",\"@id\":\"https:\/\/orthodoxalbania.org\/2020\/en\/2013\/03\/21\/the-anniversary-of-the-resurrection-of-the-church-2011\/\",\"url\":\"https:\/\/orthodoxalbania.org\/2020\/en\/2013\/03\/21\/the-anniversary-of-the-resurrection-of-the-church-2011\/\",\"name\":\"The Anniversary of the Resurrection of the Church. (2011) - Kisha Orthodh\u03bfkse Autoqefale e Shqip\u00ebris\u00eb\",\"isPartOf\":{\"@id\":\"https:\/\/orthodoxalbania.org\/2020\/#website\"},\"primaryImageOfPage\":{\"@id\":\"https:\/\/orthodoxalbania.org\/2020\/en\/2013\/03\/21\/the-anniversary-of-the-resurrection-of-the-church-2011\/#primaryimage\"},\"image\":{\"@id\":\"https:\/\/orthodoxalbania.org\/2020\/en\/2013\/03\/21\/the-anniversary-of-the-resurrection-of-the-church-2011\/#primaryimage\"},\"thumbnailUrl\":\"https:\/\/lh4.googleusercontent.com\/-m17ctGGITqw\/VAGTP-fbR2I\/AAAAAAAACbg\/L5GsAwLcCDs\/w319-h480-no\/_DSC5677_319x480.JPG\",\"datePublished\":\"2013-03-21T09:52:21+00:00\",\"dateModified\":\"2020-04-12T22:31:05+00:00\",\"breadcrumb\":{\"@id\":\"https:\/\/orthodoxalbania.org\/2020\/en\/2013\/03\/21\/the-anniversary-of-the-resurrection-of-the-church-2011\/#breadcrumb\"},\"inLanguage\":\"en-US\",\"potentialAction\":[{\"@type\":\"ReadAction\",\"target\":[\"https:\/\/orthodoxalbania.org\/2020\/en\/2013\/03\/21\/the-anniversary-of-the-resurrection-of-the-church-2011\/\"]}]},{\"@type\":\"ImageObject\",\"inLanguage\":\"en-US\",\"@id\":\"https:\/\/orthodoxalbania.org\/2020\/en\/2013\/03\/21\/the-anniversary-of-the-resurrection-of-the-church-2011\/#primaryimage\",\"url\":\"https:\/\/lh4.googleusercontent.com\/-m17ctGGITqw\/VAGTP-fbR2I\/AAAAAAAACbg\/L5GsAwLcCDs\/w319-h480-no\/_DSC5677_319x480.JPG\",\"contentUrl\":\"https:\/\/lh4.googleusercontent.com\/-m17ctGGITqw\/VAGTP-fbR2I\/AAAAAAAACbg\/L5GsAwLcCDs\/w319-h480-no\/_DSC5677_319x480.JPG\"},{\"@type\":\"BreadcrumbList\",\"@id\":\"https:\/\/orthodoxalbania.org\/2020\/en\/2013\/03\/21\/the-anniversary-of-the-resurrection-of-the-church-2011\/#breadcrumb\",\"itemListElement\":[{\"@type\":\"ListItem\",\"position\":1,\"name\":\"Home\",\"item\":\"https:\/\/orthodoxalbania.org\/2020\/\"},{\"@type\":\"ListItem\",\"position\":2,\"name\":\"The Anniversary of the Resurrection of the Church. (2011)\"}]},{\"@type\":\"WebSite\",\"@id\":\"https:\/\/orthodoxalbania.org\/2020\/#website\",\"url\":\"https:\/\/orthodoxalbania.org\/2020\/\",\"name\":\"Kisha Orthodh\u03bfkse Autoqefale e Shqip\u00ebris\u00eb\",\"description\":\"Fqja Zyrtare e Kish\u00ebs Orthodhokse Autoqefale e Shqip\u00ebris\u00eb me lajmet edhe informacionet zyrtare p\u00ebr struktur\u00ebn edhe veprimtarin e saj.\",\"publisher\":{\"@id\":\"https:\/\/orthodoxalbania.org\/2020\/#organization\"},\"potentialAction\":[{\"@type\":\"SearchAction\",\"target\":{\"@type\":\"EntryPoint\",\"urlTemplate\":\"https:\/\/orthodoxalbania.org\/2020\/?s={search_term_string}\"},\"query-input\":{\"@type\":\"PropertyValueSpecification\",\"valueRequired\":true,\"valueName\":\"search_term_string\"}}],\"inLanguage\":\"en-US\"},{\"@type\":\"Organization\",\"@id\":\"https:\/\/orthodoxalbania.org\/2020\/#organization\",\"name\":\"Kisha Orthodhokse Autoqefale e Shqip\u00ebris\u00eb\",\"url\":\"https:\/\/orthodoxalbania.org\/2020\/\",\"logo\":{\"@type\":\"ImageObject\",\"inLanguage\":\"en-US\",\"@id\":\"https:\/\/orthodoxalbania.org\/2020\/#\/schema\/logo\/image\/\",\"url\":\"https:\/\/orthodoxalbania.org\/2020\/wp-content\/uploads\/2020\/05\/albania.jpeg\",\"contentUrl\":\"https:\/\/orthodoxalbania.org\/2020\/wp-content\/uploads\/2020\/05\/albania.jpeg\",\"width\":540,\"height\":540,\"caption\":\"Kisha Orthodhokse Autoqefale e Shqip\u00ebris\u00eb\"},\"image\":{\"@id\":\"https:\/\/orthodoxalbania.org\/2020\/#\/schema\/logo\/image\/\"},\"sameAs\":[\"https:\/\/www.facebook.com\/koash1991\"]},{\"@type\":\"Person\",\"@id\":\"https:\/\/orthodoxalbania.org\/2020\/#\/schema\/person\/df745f942b70e045b3dc05a30211f0de\",\"name\":\"Kisha Orthodhokse\",\"image\":{\"@type\":\"ImageObject\",\"inLanguage\":\"en-US\",\"@id\":\"https:\/\/secure.gravatar.com\/avatar\/2676eb8d97178435c9f691a7871595a1da6c33542dec218bce40885573150e28?s=96&d=mm&r=g\",\"url\":\"https:\/\/secure.gravatar.com\/avatar\/2676eb8d97178435c9f691a7871595a1da6c33542dec218bce40885573150e28?s=96&d=mm&r=g\",\"contentUrl\":\"https:\/\/secure.gravatar.com\/avatar\/2676eb8d97178435c9f691a7871595a1da6c33542dec218bce40885573150e28?s=96&d=mm&r=g\",\"caption\":\"Kisha Orthodhokse\"}}]}<\/script>\n<!-- \/ Yoast SEO plugin. -->","yoast_head_json":{"title":"The Anniversary of the Resurrection of the Church. (2011) - Kisha Orthodh\u03bfkse Autoqefale e Shqip\u00ebris\u00eb","robots":{"index":"index","follow":"follow","max-snippet":"max-snippet:-1","max-image-preview":"max-image-preview:large","max-video-preview":"max-video-preview:-1"},"canonical":"https:\/\/orthodoxalbania.org\/2020\/en\/2013\/03\/21\/the-anniversary-of-the-resurrection-of-the-church-2011\/","og_locale":"en_US","og_type":"article","og_title":"The Anniversary of the Resurrection of the Church. (2011) - Kisha Orthodh\u03bfkse Autoqefale e Shqip\u00ebris\u00eb","og_description":"&nbsp; &nbsp;&nbsp;&nbsp; On June 24, the Orthodox Autocephalous Church of&nbsp;Albania&nbsp;celebrated the 19th&nbsp;anniversary of the election of His Beatitude, Archbishop Anastasios, at the Annunciation Church in&nbsp;Tirana.&nbsp; A hierarchical liturgy was celebrated by members of the Holy Synod with the faithful who came from cities across the country.&nbsp; Nineteen years ago, Albanian Orthodox believers recognized the Archbishop\u2019s contributions and values and deemed him the right person to","og_url":"https:\/\/orthodoxalbania.org\/2020\/en\/2013\/03\/21\/the-anniversary-of-the-resurrection-of-the-church-2011\/","og_site_name":"Kisha Orthodh\u03bfkse Autoqefale e Shqip\u00ebris\u00eb","article_publisher":"https:\/\/www.facebook.com\/koash1991","article_published_time":"2013-03-21T09:52:21+00:00","article_modified_time":"2020-04-12T22:31:05+00:00","og_image":[{"url":"https:\/\/lh4.googleusercontent.com\/-m17ctGGITqw\/VAGTP-fbR2I\/AAAAAAAACbg\/L5GsAwLcCDs\/w319-h480-no\/_DSC5677_319x480.JPG","type":"","width":"","height":""}],"author":"Kisha Orthodhokse","twitter_card":"summary_large_image","twitter_misc":{"Written by":"Kisha Orthodhokse","Est. reading time":"1 minute"},"schema":{"@context":"https:\/\/schema.org","@graph":[{"@type":"Article","@id":"https:\/\/orthodoxalbania.org\/2020\/en\/2013\/03\/21\/the-anniversary-of-the-resurrection-of-the-church-2011\/#article","isPartOf":{"@id":"https:\/\/orthodoxalbania.org\/2020\/en\/2013\/03\/21\/the-anniversary-of-the-resurrection-of-the-church-2011\/"},"author":{"name":"Kisha Orthodhokse","@id":"https:\/\/orthodoxalbania.org\/2020\/#\/schema\/person\/df745f942b70e045b3dc05a30211f0de"},"headline":"The Anniversary of the Resurrection of the Church. (2011)","datePublished":"2013-03-21T09:52:21+00:00","dateModified":"2020-04-12T22:31:05+00:00","mainEntityOfPage":{"@id":"https:\/\/orthodoxalbania.org\/2020\/en\/2013\/03\/21\/the-anniversary-of-the-resurrection-of-the-church-2011\/"},"wordCount":232,"commentCount":0,"publisher":{"@id":"https:\/\/orthodoxalbania.org\/2020\/#organization"},"image":{"@id":"https:\/\/orthodoxalbania.org\/2020\/en\/2013\/03\/21\/the-anniversary-of-the-resurrection-of-the-church-2011\/#primaryimage"},"thumbnailUrl":"https:\/\/lh4.googleusercontent.com\/-m17ctGGITqw\/VAGTP-fbR2I\/AAAAAAAACbg\/L5GsAwLcCDs\/w319-h480-no\/_DSC5677_319x480.JPG","keywords":["2011","Kremtime","Kryepiskopi Anastas"],"articleSection":["News - \u0395\u039d","News old page"],"inLanguage":"en-US"},{"@type":"WebPage","@id":"https:\/\/orthodoxalbania.org\/2020\/en\/2013\/03\/21\/the-anniversary-of-the-resurrection-of-the-church-2011\/","url":"https:\/\/orthodoxalbania.org\/2020\/en\/2013\/03\/21\/the-anniversary-of-the-resurrection-of-the-church-2011\/","name":"The Anniversary of the Resurrection of the Church. (2011) - Kisha Orthodh\u03bfkse Autoqefale e Shqip\u00ebris\u00eb","isPartOf":{"@id":"https:\/\/orthodoxalbania.org\/2020\/#website"},"primaryImageOfPage":{"@id":"https:\/\/orthodoxalbania.org\/2020\/en\/2013\/03\/21\/the-anniversary-of-the-resurrection-of-the-church-2011\/#primaryimage"},"image":{"@id":"https:\/\/orthodoxalbania.org\/2020\/en\/2013\/03\/21\/the-anniversary-of-the-resurrection-of-the-church-2011\/#primaryimage"},"thumbnailUrl":"https:\/\/lh4.googleusercontent.com\/-m17ctGGITqw\/VAGTP-fbR2I\/AAAAAAAACbg\/L5GsAwLcCDs\/w319-h480-no\/_DSC5677_319x480.JPG","datePublished":"2013-03-21T09:52:21+00:00","dateModified":"2020-04-12T22:31:05+00:00","breadcrumb":{"@id":"https:\/\/orthodoxalbania.org\/2020\/en\/2013\/03\/21\/the-anniversary-of-the-resurrection-of-the-church-2011\/#breadcrumb"},"inLanguage":"en-US","potentialAction":[{"@type":"ReadAction","target":["https:\/\/orthodoxalbania.org\/2020\/en\/2013\/03\/21\/the-anniversary-of-the-resurrection-of-the-church-2011\/"]}]},{"@type":"ImageObject","inLanguage":"en-US","@id":"https:\/\/orthodoxalbania.org\/2020\/en\/2013\/03\/21\/the-anniversary-of-the-resurrection-of-the-church-2011\/#primaryimage","url":"https:\/\/lh4.googleusercontent.com\/-m17ctGGITqw\/VAGTP-fbR2I\/AAAAAAAACbg\/L5GsAwLcCDs\/w319-h480-no\/_DSC5677_319x480.JPG","contentUrl":"https:\/\/lh4.googleusercontent.com\/-m17ctGGITqw\/VAGTP-fbR2I\/AAAAAAAACbg\/L5GsAwLcCDs\/w319-h480-no\/_DSC5677_319x480.JPG"},{"@type":"BreadcrumbList","@id":"https:\/\/orthodoxalbania.org\/2020\/en\/2013\/03\/21\/the-anniversary-of-the-resurrection-of-the-church-2011\/#breadcrumb","itemListElement":[{"@type":"ListItem","position":1,"name":"Home","item":"https:\/\/orthodoxalbania.org\/2020\/"},{"@type":"ListItem","position":2,"name":"The Anniversary of the Resurrection of the Church. (2011)"}]},{"@type":"WebSite","@id":"https:\/\/orthodoxalbania.org\/2020\/#website","url":"https:\/\/orthodoxalbania.org\/2020\/","name":"Kisha Orthodh\u03bfkse Autoqefale e Shqip\u00ebris\u00eb","description":"Fqja Zyrtare e Kish\u00ebs Orthodhokse Autoqefale e Shqip\u00ebris\u00eb me lajmet edhe informacionet zyrtare p\u00ebr struktur\u00ebn edhe veprimtarin e saj.","publisher":{"@id":"https:\/\/orthodoxalbania.org\/2020\/#organization"},"potentialAction":[{"@type":"SearchAction","target":{"@type":"EntryPoint","urlTemplate":"https:\/\/orthodoxalbania.org\/2020\/?s={search_term_string}"},"query-input":{"@type":"PropertyValueSpecification","valueRequired":true,"valueName":"search_term_string"}}],"inLanguage":"en-US"},{"@type":"Organization","@id":"https:\/\/orthodoxalbania.org\/2020\/#organization","name":"Kisha Orthodhokse Autoqefale e Shqip\u00ebris\u00eb","url":"https:\/\/orthodoxalbania.org\/2020\/","logo":{"@type":"ImageObject","inLanguage":"en-US","@id":"https:\/\/orthodoxalbania.org\/2020\/#\/schema\/logo\/image\/","url":"https:\/\/orthodoxalbania.org\/2020\/wp-content\/uploads\/2020\/05\/albania.jpeg","contentUrl":"https:\/\/orthodoxalbania.org\/2020\/wp-content\/uploads\/2020\/05\/albania.jpeg","width":540,"height":540,"caption":"Kisha Orthodhokse Autoqefale e Shqip\u00ebris\u00eb"},"image":{"@id":"https:\/\/orthodoxalbania.org\/2020\/#\/schema\/logo\/image\/"},"sameAs":["https:\/\/www.facebook.com\/koash1991"]},{"@type":"Person","@id":"https:\/\/orthodoxalbania.org\/2020\/#\/schema\/person\/df745f942b70e045b3dc05a30211f0de","name":"Kisha Orthodhokse","image":{"@type":"ImageObject","inLanguage":"en-US","@id":"https:\/\/secure.gravatar.com\/avatar\/2676eb8d97178435c9f691a7871595a1da6c33542dec218bce40885573150e28?s=96&d=mm&r=g","url":"https:\/\/secure.gravatar.com\/avatar\/2676eb8d97178435c9f691a7871595a1da6c33542dec218bce40885573150e28?s=96&d=mm&r=g","contentUrl":"https:\/\/secure.gravatar.com\/avatar\/2676eb8d97178435c9f691a7871595a1da6c33542dec218bce40885573150e28?s=96&d=mm&r=g","caption":"Kisha Orthodhokse"}}]}},"_links":{"self":[{"href":"https:\/\/orthodoxalbania.org\/2020\/wp-json\/wp\/v2\/posts\/1286","targetHints":{"allow":["GET"]}}],"collection":[{"href":"https:\/\/orthodoxalbania.org\/2020\/wp-json\/wp\/v2\/posts"}],"about":[{"href":"https:\/\/orthodoxalbania.org\/2020\/wp-json\/wp\/v2\/types\/post"}],"author":[{"embeddable":true,"href":"https:\/\/orthodoxalbania.org\/2020\/wp-json\/wp\/v2\/users\/7"}],"replies":[{"embeddable":true,"href":"https:\/\/orthodoxalbania.org\/2020\/wp-json\/wp\/v2\/comments?post=1286"}],"version-history":[{"count":1,"href":"https:\/\/orthodoxalbania.org\/2020\/wp-json\/wp\/v2\/posts\/1286\/revisions"}],"predecessor-version":[{"id":17778,"href":"https:\/\/orthodoxalbania.org\/2020\/wp-json\/wp\/v2\/posts\/1286\/revisions\/17778"}],"wp:attachment":[{"href":"https:\/\/orthodoxalbania.org\/2020\/wp-json\/wp\/v2\/media?parent=1286"}],"wp:term":[{"taxonomy":"category","embeddable":true,"href":"https:\/\/orthodoxalbania.org\/2020\/wp-json\/wp\/v2\/categories?post=1286"},{"taxonomy":"post_tag","embeddable":true,"href":"https:\/\/orthodoxalbania.org\/2020\/wp-json\/wp\/v2\/tags?post=1286"}],"curies":[{"name":"wp","href":"https:\/\/api.w.org\/{rel}","templated":true}]}}