{"id":1284,"date":"2006-02-26T00:00:09","date_gmt":"2006-02-26T00:00:09","guid":{"rendered":""},"modified":"2020-04-13T00:31:32","modified_gmt":"2020-04-12T22:31:32","slug":"the-advancement-of-the-orthodox-church-is-advancement-for-the-whole-country-2-august-2006","status":"publish","type":"post","link":"https:\/\/orthodoxalbania.org\/2020\/en\/2006\/02\/26\/the-advancement-of-the-orthodox-church-is-advancement-for-the-whole-country-2-august-2006\/","title":{"rendered":"The Advancement of the Orthodox Church is advancement for the whole country. (2 August 2006)"},"content":{"rendered":"<div style=\"text-align: justify;\"><span style=\"color: #000000;\"><span style=\"font-family: tahoma,geneva,sans-serif;\"><span style=\"font-size: 12px;\"><img decoding=\"async\" class=\"lazyload HAa Eha\" style=\"height: 200px; width: 300px; border-width: 1px; border-style: solid; margin: 10px; float: left;\" alt=\"\" src=\"data:image\/gif;base64,R0lGODlhAQABAAAAACH5BAEKAAEALAAAAAABAAEAAAICTAEAOw==\" data-orig-src=\"https:\/\/lh3.googleusercontent.com\/-3TohR9EdC2c\/VIf4h3AyFvI\/AAAAAAAAFmI\/kDcq7kiE1BM\/w400-h267-no\/untitled1.jpg\" \/><\/span><\/span><\/span><\/div>\n<div style=\"text-align: justify;\"><span style=\"color: #000000;\"><span style=\"font-family: tahoma,geneva,sans-serif;\"><span style=\"font-size: 12px;\"><\/span><\/span><\/span><\/div>\n<div style=\"text-align: justify;\">&nbsp;<\/div>\n<div style=\"text-align: justify;\"><span style=\"color: #000000;\"><span style=\"font-family: tahoma,geneva,sans-serif;\"><span style=\"font-size: 12px;\">&nbsp;&nbsp; On Wednesday, August 2nd the Autocephalous Orthodox Church of Albania celebrated the 14th anniversary of the enthronement of His Beatitude, the Archbishop of Tirana, Durr\u00ebs and all Albania Anastasios Yannoulatos and simultaneously the moment of the canonical rebuilding of the Orthodox Church after the communist regime.<\/span><\/span><\/span><br \/> &nbsp;<\/div>\n<div style=\"text-align: justify;\"><span style=\"color: #000000;\"><span style=\"font-family: tahoma,geneva,sans-serif;\"><span style=\"font-size: 12px;\">&nbsp;&nbsp;&nbsp; A Divine Liturgy was held on Wednesday morning in the Annunciation Cathedral in Tirana. The participants included the Holy Synod, clergy, lay people, and believers from Tirana and from all of Albania.<\/span><\/span><\/span><br \/> &nbsp;<\/div>\n<div>&nbsp;<\/div>\n<div>&nbsp;<\/div>\n<div style=\"text-align: justify;\"><span style=\"color: #000000;\"><span style=\"font-family: tahoma,geneva,sans-serif;\"><span style=\"font-size: 12px;\"><img decoding=\"async\" class=\"lazyload HAa Eha\" style=\"height: 200px; width: 300px; border-width: 1px; border-style: solid; margin: 10px; float: right;\" alt=\"\" src=\"data:image\/gif;base64,R0lGODlhAQABAAAAACH5BAEKAAEALAAAAAABAAEAAAICTAEAOw==\" data-orig-src=\"https:\/\/lh5.googleusercontent.com\/-pMg78zkz00Q\/VIf4hrVBhbI\/AAAAAAAAFl0\/K0wrxpsD6Zw\/w400-h267-no\/untitled2.jpg\" \/><span><span style=\"font-family: tahoma,geneva,sans-serif;\"><span style=\"font-size: 12px;\"><span><span><span><span><span><span><span><span><span>&nbsp; &nbsp; On this special and historic day for the AutocephalousOrthodox Church of Albania, Archbishop Anastasios congratulated the faithful and all Albanians, stressing that after all the problems which the faith experienced in Albania, in these 14 years a perceptible presence of the Orthodox Church can be seen in the development of the society. \u201c&#8230;We continue our journey with confidence and God hasn\u2019t abandoned us. To be enthusiastic people in spirit, may the Holy Spirit make us radiant in every moment and in every relation with people around us, and to be ready to forgive because generosity and forgiveness are characteristics of all Orthodox. The advancement of this on our part would be progress for the church and for the whole country.&nbsp; May the Lord of hope fill us all with joy and peace&#8230;\u201d said Archbishop Anastasios in the course of his speech.<\/span><\/span><\/span><\/span><\/span><\/span><\/span><\/span><\/span><\/span><\/span><\/span><\/span><\/span><\/span><\/div>\n<div style=\"text-align: justify;\">&nbsp;<\/div>\n<div>&nbsp;<\/div>\n<div style=\"text-align: justify;\"><span style=\"color: #000000;\"><span style=\"font-family: tahoma,geneva,sans-serif;\"><span style=\"font-size: 12px;\">&nbsp;&nbsp;&nbsp; The Metropolitan of Berat also spoke at this anniversary and stressed the missionary spirit of Archbishop Anastasios and the example he gives to all Orthodox people. Meanwhile the Metropolitan Joan of Kor\u00e7a expressed his thanks for the great work of the Church and Archbishop Anastasios in their universal contribution towards the development of the Church and all of the Albanian society.<\/span><\/span><\/span><br \/> &nbsp;<\/div>\n<div><span style=\"color: #000000;\"><span style=\"font-family: tahoma,geneva,sans-serif;\"><span style=\"font-size: 12px;\"><img decoding=\"async\" class=\"lazyload HAa Eha\" style=\"height: 200px; width: 300px; border-width: 1px; border-style: solid; margin: 10px; float: left;\" alt=\"\" src=\"data:image\/gif;base64,R0lGODlhAQABAAAAACH5BAEKAAEALAAAAAABAAEAAAICTAEAOw==\" data-orig-src=\"https:\/\/lh3.googleusercontent.com\/-j9vS-VMWCU8\/VIf4h1Mkd1I\/AAAAAAAAFl8\/gJYBbBmKW4A\/w400-h267-no\/untitled3.jpg\" \/><\/span><\/span><\/span><\/div>\n<div style=\"text-align: justify;\">&nbsp;<\/div>\n<div style=\"text-align: justify;\">&nbsp;<\/div>\n<div style=\"text-align: justify;\"><span style=\"color: #000000;\"><span style=\"font-family: tahoma,geneva,sans-serif;\"><span style=\"font-size: 12px;\">&nbsp;&nbsp;&nbsp; This fest commemorates and honors the enthronement of Archbishop Anastasios as the head of the Orthodox Community of Albania, the primate of the Autocephalous Orthodox Church of Albania. This event reminds us of the moment when the cornerstone of the organization and church activity was placed in the country after the communist regime, as well as of the canonical rebuilding of the Orthodox Church, which is connected to the creation of the Holy Synod, the highest organ of the Church.<\/span><\/span><\/span><\/div>\n<div> &nbsp;<\/div>\n<div>&nbsp;<\/div>\n<div style=\"text-align: justify;\"><span style=\"color: #000000;\"><span style=\"font-family: tahoma,geneva,sans-serif;\"><span style=\"font-size: 12px;\"><img decoding=\"async\" class=\"lazyload HAa Eha\" style=\"height: 167px; width: 250px; border-width: 1px; border-style: solid; margin: 10px; float: right;\" alt=\"\" src=\"data:image\/gif;base64,R0lGODlhAQABAAAAACH5BAEKAAEALAAAAAABAAEAAAICTAEAOw==\" data-orig-src=\"https:\/\/lh5.googleusercontent.com\/-bWGj6-JBPlM\/VIf4iQIi1cI\/AAAAAAAAFmE\/mcOFx2xc8VA\/w400-h267-no\/untitled4.jpg\" \/><\/span><\/span><\/span><\/div>\n<div style=\"text-align: justify;\">&nbsp;<\/div>\n<div style=\"text-align: justify;\"><span style=\"color: #000000;\">&nbsp;<span style=\"font-family: tahoma,geneva,sans-serif;\"><span style=\"font-size: 12px;\">&nbsp; &nbsp; This festival expresses the pride and value that we hold for the director of the Church with his spirit of peace, understanding, wisdom and respect for every human being. He has lead the Church in times of peace and in times of turbulence always with wisdom and prudence, so that the Orthodox Church is now an important factor in the development of the social life of Albania and an honored and well-known &nbsp;institution all over the world.<\/span><\/span><\/span><\/div>\n<div>&nbsp;<\/div>\n<div> &nbsp;<\/div>\n<div>&nbsp;<\/div>\n<div><span style=\"color: #000000;\"><span style=\"font-family: tahoma,geneva,sans-serif;\"><span style=\"font-size: 12px;\"><strong>Translated by Kristiana Mu\u00e7a and Georgia Gilman<\/strong><\/span><\/span><\/span><\/div>\n","protected":false},"excerpt":{"rendered":"<p>&nbsp; &nbsp;&nbsp; On Wednesday, August 2nd the Autocephalous Orthodox Church of Albania celebrated the 14th anniversary of the enthronement of His Beatitude, the Archbishop of Tirana, Durr\u00ebs and all Albania Anastasios Yannoulatos and simultaneously the moment of the canonical rebuilding of the Orthodox Church after the communist regime. &nbsp; &nbsp;&nbsp;&nbsp; A Divine Liturgy was held on Wednesday morning in the Annunciation Cathedral in Tirana. The<\/p>\n","protected":false},"author":7,"featured_media":0,"comment_status":"open","ping_status":"open","sticky":false,"template":"","format":"standard","meta":{"_acf_changed":false,"pagelayer_contact_templates":[],"_pagelayer_content":"","inline_featured_image":false,"fifu_image_url":"","fifu_image_alt":"","footnotes":""},"categories":[1455,311],"tags":[1113,1786,1768],"class_list":["post-1284","post","type-post","status-publish","format-standard","hentry","category-news-en","category-news-d25","tag-2006-en","tag-kremtime-en","tag-kryepiskopi-anastas-en"],"acf":[],"yoast_head":"<!-- This site is optimized with the Yoast SEO plugin v27.2 - https:\/\/yoast.com\/product\/yoast-seo-wordpress\/ -->\n<title>The Advancement of the Orthodox Church is advancement for the whole country. (2 August 2006) - Kisha Orthodh\u03bfkse Autoqefale e Shqip\u00ebris\u00eb<\/title>\n<meta name=\"robots\" content=\"index, follow, max-snippet:-1, max-image-preview:large, max-video-preview:-1\" \/>\n<link rel=\"canonical\" href=\"https:\/\/orthodoxalbania.org\/2020\/en\/2006\/02\/26\/the-advancement-of-the-orthodox-church-is-advancement-for-the-whole-country-2-august-2006\/\" \/>\n<meta property=\"og:locale\" content=\"en_US\" \/>\n<meta property=\"og:type\" content=\"article\" \/>\n<meta property=\"og:title\" content=\"The Advancement of the Orthodox Church is advancement for the whole country. (2 August 2006) - Kisha Orthodh\u03bfkse Autoqefale e Shqip\u00ebris\u00eb\" \/>\n<meta property=\"og:description\" content=\"&nbsp; &nbsp;&nbsp; On Wednesday, August 2nd the Autocephalous Orthodox Church of Albania celebrated the 14th anniversary of the enthronement of His Beatitude, the Archbishop of Tirana, Durr\u00ebs and all Albania Anastasios Yannoulatos and simultaneously the moment of the canonical rebuilding of the Orthodox Church after the communist regime. &nbsp; &nbsp;&nbsp;&nbsp; A Divine Liturgy was held on Wednesday morning in the Annunciation Cathedral in Tirana. The\" \/>\n<meta property=\"og:url\" content=\"https:\/\/orthodoxalbania.org\/2020\/en\/2006\/02\/26\/the-advancement-of-the-orthodox-church-is-advancement-for-the-whole-country-2-august-2006\/\" \/>\n<meta property=\"og:site_name\" content=\"Kisha Orthodh\u03bfkse Autoqefale e Shqip\u00ebris\u00eb\" \/>\n<meta property=\"article:publisher\" content=\"https:\/\/www.facebook.com\/koash1991\" \/>\n<meta property=\"article:published_time\" content=\"2006-02-26T00:00:09+00:00\" \/>\n<meta property=\"article:modified_time\" content=\"2020-04-12T22:31:32+00:00\" \/>\n<meta property=\"og:image\" content=\"https:\/\/lh3.googleusercontent.com\/-3TohR9EdC2c\/VIf4h3AyFvI\/AAAAAAAAFmI\/kDcq7kiE1BM\/w400-h267-no\/untitled1.jpg\" \/>\n<meta name=\"author\" content=\"Kisha Orthodhokse\" \/>\n<meta name=\"twitter:card\" content=\"summary_large_image\" \/>\n<meta name=\"twitter:label1\" content=\"Written by\" \/>\n\t<meta name=\"twitter:data1\" content=\"Kisha Orthodhokse\" \/>\n\t<meta name=\"twitter:label2\" content=\"Est. reading time\" \/>\n\t<meta name=\"twitter:data2\" content=\"2 minutes\" \/>\n<script type=\"application\/ld+json\" class=\"yoast-schema-graph\">{\"@context\":\"https:\/\/schema.org\",\"@graph\":[{\"@type\":\"Article\",\"@id\":\"https:\/\/orthodoxalbania.org\/2020\/en\/2006\/02\/26\/the-advancement-of-the-orthodox-church-is-advancement-for-the-whole-country-2-august-2006\/#article\",\"isPartOf\":{\"@id\":\"https:\/\/orthodoxalbania.org\/2020\/en\/2006\/02\/26\/the-advancement-of-the-orthodox-church-is-advancement-for-the-whole-country-2-august-2006\/\"},\"author\":{\"name\":\"Kisha Orthodhokse\",\"@id\":\"https:\/\/orthodoxalbania.org\/2020\/#\/schema\/person\/df745f942b70e045b3dc05a30211f0de\"},\"headline\":\"The Advancement of the Orthodox Church is advancement for the whole country. (2 August 2006)\",\"datePublished\":\"2006-02-26T00:00:09+00:00\",\"dateModified\":\"2020-04-12T22:31:32+00:00\",\"mainEntityOfPage\":{\"@id\":\"https:\/\/orthodoxalbania.org\/2020\/en\/2006\/02\/26\/the-advancement-of-the-orthodox-church-is-advancement-for-the-whole-country-2-august-2006\/\"},\"wordCount\":494,\"commentCount\":0,\"publisher\":{\"@id\":\"https:\/\/orthodoxalbania.org\/2020\/#organization\"},\"image\":{\"@id\":\"https:\/\/orthodoxalbania.org\/2020\/en\/2006\/02\/26\/the-advancement-of-the-orthodox-church-is-advancement-for-the-whole-country-2-august-2006\/#primaryimage\"},\"thumbnailUrl\":\"https:\/\/lh3.googleusercontent.com\/-3TohR9EdC2c\/VIf4h3AyFvI\/AAAAAAAAFmI\/kDcq7kiE1BM\/w400-h267-no\/untitled1.jpg\",\"keywords\":[\"2006\",\"Kremtime\",\"Kryepiskopi Anastas\"],\"articleSection\":[\"News - \u0395\u039d\",\"News old page\"],\"inLanguage\":\"en-US\"},{\"@type\":\"WebPage\",\"@id\":\"https:\/\/orthodoxalbania.org\/2020\/en\/2006\/02\/26\/the-advancement-of-the-orthodox-church-is-advancement-for-the-whole-country-2-august-2006\/\",\"url\":\"https:\/\/orthodoxalbania.org\/2020\/en\/2006\/02\/26\/the-advancement-of-the-orthodox-church-is-advancement-for-the-whole-country-2-august-2006\/\",\"name\":\"The Advancement of the Orthodox Church is advancement for the whole country. (2 August 2006) - Kisha Orthodh\u03bfkse Autoqefale e Shqip\u00ebris\u00eb\",\"isPartOf\":{\"@id\":\"https:\/\/orthodoxalbania.org\/2020\/#website\"},\"primaryImageOfPage\":{\"@id\":\"https:\/\/orthodoxalbania.org\/2020\/en\/2006\/02\/26\/the-advancement-of-the-orthodox-church-is-advancement-for-the-whole-country-2-august-2006\/#primaryimage\"},\"image\":{\"@id\":\"https:\/\/orthodoxalbania.org\/2020\/en\/2006\/02\/26\/the-advancement-of-the-orthodox-church-is-advancement-for-the-whole-country-2-august-2006\/#primaryimage\"},\"thumbnailUrl\":\"https:\/\/lh3.googleusercontent.com\/-3TohR9EdC2c\/VIf4h3AyFvI\/AAAAAAAAFmI\/kDcq7kiE1BM\/w400-h267-no\/untitled1.jpg\",\"datePublished\":\"2006-02-26T00:00:09+00:00\",\"dateModified\":\"2020-04-12T22:31:32+00:00\",\"breadcrumb\":{\"@id\":\"https:\/\/orthodoxalbania.org\/2020\/en\/2006\/02\/26\/the-advancement-of-the-orthodox-church-is-advancement-for-the-whole-country-2-august-2006\/#breadcrumb\"},\"inLanguage\":\"en-US\",\"potentialAction\":[{\"@type\":\"ReadAction\",\"target\":[\"https:\/\/orthodoxalbania.org\/2020\/en\/2006\/02\/26\/the-advancement-of-the-orthodox-church-is-advancement-for-the-whole-country-2-august-2006\/\"]}]},{\"@type\":\"ImageObject\",\"inLanguage\":\"en-US\",\"@id\":\"https:\/\/orthodoxalbania.org\/2020\/en\/2006\/02\/26\/the-advancement-of-the-orthodox-church-is-advancement-for-the-whole-country-2-august-2006\/#primaryimage\",\"url\":\"https:\/\/lh3.googleusercontent.com\/-3TohR9EdC2c\/VIf4h3AyFvI\/AAAAAAAAFmI\/kDcq7kiE1BM\/w400-h267-no\/untitled1.jpg\",\"contentUrl\":\"https:\/\/lh3.googleusercontent.com\/-3TohR9EdC2c\/VIf4h3AyFvI\/AAAAAAAAFmI\/kDcq7kiE1BM\/w400-h267-no\/untitled1.jpg\"},{\"@type\":\"BreadcrumbList\",\"@id\":\"https:\/\/orthodoxalbania.org\/2020\/en\/2006\/02\/26\/the-advancement-of-the-orthodox-church-is-advancement-for-the-whole-country-2-august-2006\/#breadcrumb\",\"itemListElement\":[{\"@type\":\"ListItem\",\"position\":1,\"name\":\"Home\",\"item\":\"https:\/\/orthodoxalbania.org\/2020\/\"},{\"@type\":\"ListItem\",\"position\":2,\"name\":\"The Advancement of the Orthodox Church is advancement for the whole country. (2 August 2006)\"}]},{\"@type\":\"WebSite\",\"@id\":\"https:\/\/orthodoxalbania.org\/2020\/#website\",\"url\":\"https:\/\/orthodoxalbania.org\/2020\/\",\"name\":\"Kisha Orthodh\u03bfkse Autoqefale e Shqip\u00ebris\u00eb\",\"description\":\"Fqja Zyrtare e Kish\u00ebs Orthodhokse Autoqefale e Shqip\u00ebris\u00eb me lajmet edhe informacionet zyrtare p\u00ebr struktur\u00ebn edhe veprimtarin e saj.\",\"publisher\":{\"@id\":\"https:\/\/orthodoxalbania.org\/2020\/#organization\"},\"potentialAction\":[{\"@type\":\"SearchAction\",\"target\":{\"@type\":\"EntryPoint\",\"urlTemplate\":\"https:\/\/orthodoxalbania.org\/2020\/?s={search_term_string}\"},\"query-input\":{\"@type\":\"PropertyValueSpecification\",\"valueRequired\":true,\"valueName\":\"search_term_string\"}}],\"inLanguage\":\"en-US\"},{\"@type\":\"Organization\",\"@id\":\"https:\/\/orthodoxalbania.org\/2020\/#organization\",\"name\":\"Kisha Orthodhokse Autoqefale e Shqip\u00ebris\u00eb\",\"url\":\"https:\/\/orthodoxalbania.org\/2020\/\",\"logo\":{\"@type\":\"ImageObject\",\"inLanguage\":\"en-US\",\"@id\":\"https:\/\/orthodoxalbania.org\/2020\/#\/schema\/logo\/image\/\",\"url\":\"https:\/\/orthodoxalbania.org\/2020\/wp-content\/uploads\/2020\/05\/albania.jpeg\",\"contentUrl\":\"https:\/\/orthodoxalbania.org\/2020\/wp-content\/uploads\/2020\/05\/albania.jpeg\",\"width\":540,\"height\":540,\"caption\":\"Kisha Orthodhokse Autoqefale e Shqip\u00ebris\u00eb\"},\"image\":{\"@id\":\"https:\/\/orthodoxalbania.org\/2020\/#\/schema\/logo\/image\/\"},\"sameAs\":[\"https:\/\/www.facebook.com\/koash1991\"]},{\"@type\":\"Person\",\"@id\":\"https:\/\/orthodoxalbania.org\/2020\/#\/schema\/person\/df745f942b70e045b3dc05a30211f0de\",\"name\":\"Kisha Orthodhokse\",\"image\":{\"@type\":\"ImageObject\",\"inLanguage\":\"en-US\",\"@id\":\"https:\/\/secure.gravatar.com\/avatar\/2676eb8d97178435c9f691a7871595a1da6c33542dec218bce40885573150e28?s=96&d=mm&r=g\",\"url\":\"https:\/\/secure.gravatar.com\/avatar\/2676eb8d97178435c9f691a7871595a1da6c33542dec218bce40885573150e28?s=96&d=mm&r=g\",\"contentUrl\":\"https:\/\/secure.gravatar.com\/avatar\/2676eb8d97178435c9f691a7871595a1da6c33542dec218bce40885573150e28?s=96&d=mm&r=g\",\"caption\":\"Kisha Orthodhokse\"}}]}<\/script>\n<!-- \/ Yoast SEO plugin. -->","yoast_head_json":{"title":"The Advancement of the Orthodox Church is advancement for the whole country. (2 August 2006) - Kisha Orthodh\u03bfkse Autoqefale e Shqip\u00ebris\u00eb","robots":{"index":"index","follow":"follow","max-snippet":"max-snippet:-1","max-image-preview":"max-image-preview:large","max-video-preview":"max-video-preview:-1"},"canonical":"https:\/\/orthodoxalbania.org\/2020\/en\/2006\/02\/26\/the-advancement-of-the-orthodox-church-is-advancement-for-the-whole-country-2-august-2006\/","og_locale":"en_US","og_type":"article","og_title":"The Advancement of the Orthodox Church is advancement for the whole country. (2 August 2006) - Kisha Orthodh\u03bfkse Autoqefale e Shqip\u00ebris\u00eb","og_description":"&nbsp; &nbsp;&nbsp; On Wednesday, August 2nd the Autocephalous Orthodox Church of Albania celebrated the 14th anniversary of the enthronement of His Beatitude, the Archbishop of Tirana, Durr\u00ebs and all Albania Anastasios Yannoulatos and simultaneously the moment of the canonical rebuilding of the Orthodox Church after the communist regime. &nbsp; &nbsp;&nbsp;&nbsp; A Divine Liturgy was held on Wednesday morning in the Annunciation Cathedral in Tirana. The","og_url":"https:\/\/orthodoxalbania.org\/2020\/en\/2006\/02\/26\/the-advancement-of-the-orthodox-church-is-advancement-for-the-whole-country-2-august-2006\/","og_site_name":"Kisha Orthodh\u03bfkse Autoqefale e Shqip\u00ebris\u00eb","article_publisher":"https:\/\/www.facebook.com\/koash1991","article_published_time":"2006-02-26T00:00:09+00:00","article_modified_time":"2020-04-12T22:31:32+00:00","og_image":[{"url":"https:\/\/lh3.googleusercontent.com\/-3TohR9EdC2c\/VIf4h3AyFvI\/AAAAAAAAFmI\/kDcq7kiE1BM\/w400-h267-no\/untitled1.jpg","type":"","width":"","height":""}],"author":"Kisha Orthodhokse","twitter_card":"summary_large_image","twitter_misc":{"Written by":"Kisha Orthodhokse","Est. reading time":"2 minutes"},"schema":{"@context":"https:\/\/schema.org","@graph":[{"@type":"Article","@id":"https:\/\/orthodoxalbania.org\/2020\/en\/2006\/02\/26\/the-advancement-of-the-orthodox-church-is-advancement-for-the-whole-country-2-august-2006\/#article","isPartOf":{"@id":"https:\/\/orthodoxalbania.org\/2020\/en\/2006\/02\/26\/the-advancement-of-the-orthodox-church-is-advancement-for-the-whole-country-2-august-2006\/"},"author":{"name":"Kisha Orthodhokse","@id":"https:\/\/orthodoxalbania.org\/2020\/#\/schema\/person\/df745f942b70e045b3dc05a30211f0de"},"headline":"The Advancement of the Orthodox Church is advancement for the whole country. (2 August 2006)","datePublished":"2006-02-26T00:00:09+00:00","dateModified":"2020-04-12T22:31:32+00:00","mainEntityOfPage":{"@id":"https:\/\/orthodoxalbania.org\/2020\/en\/2006\/02\/26\/the-advancement-of-the-orthodox-church-is-advancement-for-the-whole-country-2-august-2006\/"},"wordCount":494,"commentCount":0,"publisher":{"@id":"https:\/\/orthodoxalbania.org\/2020\/#organization"},"image":{"@id":"https:\/\/orthodoxalbania.org\/2020\/en\/2006\/02\/26\/the-advancement-of-the-orthodox-church-is-advancement-for-the-whole-country-2-august-2006\/#primaryimage"},"thumbnailUrl":"https:\/\/lh3.googleusercontent.com\/-3TohR9EdC2c\/VIf4h3AyFvI\/AAAAAAAAFmI\/kDcq7kiE1BM\/w400-h267-no\/untitled1.jpg","keywords":["2006","Kremtime","Kryepiskopi Anastas"],"articleSection":["News - \u0395\u039d","News old page"],"inLanguage":"en-US"},{"@type":"WebPage","@id":"https:\/\/orthodoxalbania.org\/2020\/en\/2006\/02\/26\/the-advancement-of-the-orthodox-church-is-advancement-for-the-whole-country-2-august-2006\/","url":"https:\/\/orthodoxalbania.org\/2020\/en\/2006\/02\/26\/the-advancement-of-the-orthodox-church-is-advancement-for-the-whole-country-2-august-2006\/","name":"The Advancement of the Orthodox Church is advancement for the whole country. (2 August 2006) - Kisha Orthodh\u03bfkse Autoqefale e Shqip\u00ebris\u00eb","isPartOf":{"@id":"https:\/\/orthodoxalbania.org\/2020\/#website"},"primaryImageOfPage":{"@id":"https:\/\/orthodoxalbania.org\/2020\/en\/2006\/02\/26\/the-advancement-of-the-orthodox-church-is-advancement-for-the-whole-country-2-august-2006\/#primaryimage"},"image":{"@id":"https:\/\/orthodoxalbania.org\/2020\/en\/2006\/02\/26\/the-advancement-of-the-orthodox-church-is-advancement-for-the-whole-country-2-august-2006\/#primaryimage"},"thumbnailUrl":"https:\/\/lh3.googleusercontent.com\/-3TohR9EdC2c\/VIf4h3AyFvI\/AAAAAAAAFmI\/kDcq7kiE1BM\/w400-h267-no\/untitled1.jpg","datePublished":"2006-02-26T00:00:09+00:00","dateModified":"2020-04-12T22:31:32+00:00","breadcrumb":{"@id":"https:\/\/orthodoxalbania.org\/2020\/en\/2006\/02\/26\/the-advancement-of-the-orthodox-church-is-advancement-for-the-whole-country-2-august-2006\/#breadcrumb"},"inLanguage":"en-US","potentialAction":[{"@type":"ReadAction","target":["https:\/\/orthodoxalbania.org\/2020\/en\/2006\/02\/26\/the-advancement-of-the-orthodox-church-is-advancement-for-the-whole-country-2-august-2006\/"]}]},{"@type":"ImageObject","inLanguage":"en-US","@id":"https:\/\/orthodoxalbania.org\/2020\/en\/2006\/02\/26\/the-advancement-of-the-orthodox-church-is-advancement-for-the-whole-country-2-august-2006\/#primaryimage","url":"https:\/\/lh3.googleusercontent.com\/-3TohR9EdC2c\/VIf4h3AyFvI\/AAAAAAAAFmI\/kDcq7kiE1BM\/w400-h267-no\/untitled1.jpg","contentUrl":"https:\/\/lh3.googleusercontent.com\/-3TohR9EdC2c\/VIf4h3AyFvI\/AAAAAAAAFmI\/kDcq7kiE1BM\/w400-h267-no\/untitled1.jpg"},{"@type":"BreadcrumbList","@id":"https:\/\/orthodoxalbania.org\/2020\/en\/2006\/02\/26\/the-advancement-of-the-orthodox-church-is-advancement-for-the-whole-country-2-august-2006\/#breadcrumb","itemListElement":[{"@type":"ListItem","position":1,"name":"Home","item":"https:\/\/orthodoxalbania.org\/2020\/"},{"@type":"ListItem","position":2,"name":"The Advancement of the Orthodox Church is advancement for the whole country. (2 August 2006)"}]},{"@type":"WebSite","@id":"https:\/\/orthodoxalbania.org\/2020\/#website","url":"https:\/\/orthodoxalbania.org\/2020\/","name":"Kisha Orthodh\u03bfkse Autoqefale e Shqip\u00ebris\u00eb","description":"Fqja Zyrtare e Kish\u00ebs Orthodhokse Autoqefale e Shqip\u00ebris\u00eb me lajmet edhe informacionet zyrtare p\u00ebr struktur\u00ebn edhe veprimtarin e saj.","publisher":{"@id":"https:\/\/orthodoxalbania.org\/2020\/#organization"},"potentialAction":[{"@type":"SearchAction","target":{"@type":"EntryPoint","urlTemplate":"https:\/\/orthodoxalbania.org\/2020\/?s={search_term_string}"},"query-input":{"@type":"PropertyValueSpecification","valueRequired":true,"valueName":"search_term_string"}}],"inLanguage":"en-US"},{"@type":"Organization","@id":"https:\/\/orthodoxalbania.org\/2020\/#organization","name":"Kisha Orthodhokse Autoqefale e Shqip\u00ebris\u00eb","url":"https:\/\/orthodoxalbania.org\/2020\/","logo":{"@type":"ImageObject","inLanguage":"en-US","@id":"https:\/\/orthodoxalbania.org\/2020\/#\/schema\/logo\/image\/","url":"https:\/\/orthodoxalbania.org\/2020\/wp-content\/uploads\/2020\/05\/albania.jpeg","contentUrl":"https:\/\/orthodoxalbania.org\/2020\/wp-content\/uploads\/2020\/05\/albania.jpeg","width":540,"height":540,"caption":"Kisha Orthodhokse Autoqefale e Shqip\u00ebris\u00eb"},"image":{"@id":"https:\/\/orthodoxalbania.org\/2020\/#\/schema\/logo\/image\/"},"sameAs":["https:\/\/www.facebook.com\/koash1991"]},{"@type":"Person","@id":"https:\/\/orthodoxalbania.org\/2020\/#\/schema\/person\/df745f942b70e045b3dc05a30211f0de","name":"Kisha Orthodhokse","image":{"@type":"ImageObject","inLanguage":"en-US","@id":"https:\/\/secure.gravatar.com\/avatar\/2676eb8d97178435c9f691a7871595a1da6c33542dec218bce40885573150e28?s=96&d=mm&r=g","url":"https:\/\/secure.gravatar.com\/avatar\/2676eb8d97178435c9f691a7871595a1da6c33542dec218bce40885573150e28?s=96&d=mm&r=g","contentUrl":"https:\/\/secure.gravatar.com\/avatar\/2676eb8d97178435c9f691a7871595a1da6c33542dec218bce40885573150e28?s=96&d=mm&r=g","caption":"Kisha Orthodhokse"}}]}},"_links":{"self":[{"href":"https:\/\/orthodoxalbania.org\/2020\/wp-json\/wp\/v2\/posts\/1284","targetHints":{"allow":["GET"]}}],"collection":[{"href":"https:\/\/orthodoxalbania.org\/2020\/wp-json\/wp\/v2\/posts"}],"about":[{"href":"https:\/\/orthodoxalbania.org\/2020\/wp-json\/wp\/v2\/types\/post"}],"author":[{"embeddable":true,"href":"https:\/\/orthodoxalbania.org\/2020\/wp-json\/wp\/v2\/users\/7"}],"replies":[{"embeddable":true,"href":"https:\/\/orthodoxalbania.org\/2020\/wp-json\/wp\/v2\/comments?post=1284"}],"version-history":[{"count":1,"href":"https:\/\/orthodoxalbania.org\/2020\/wp-json\/wp\/v2\/posts\/1284\/revisions"}],"predecessor-version":[{"id":18073,"href":"https:\/\/orthodoxalbania.org\/2020\/wp-json\/wp\/v2\/posts\/1284\/revisions\/18073"}],"wp:attachment":[{"href":"https:\/\/orthodoxalbania.org\/2020\/wp-json\/wp\/v2\/media?parent=1284"}],"wp:term":[{"taxonomy":"category","embeddable":true,"href":"https:\/\/orthodoxalbania.org\/2020\/wp-json\/wp\/v2\/categories?post=1284"},{"taxonomy":"post_tag","embeddable":true,"href":"https:\/\/orthodoxalbania.org\/2020\/wp-json\/wp\/v2\/tags?post=1284"}],"curies":[{"name":"wp","href":"https:\/\/api.w.org\/{rel}","templated":true}]}}