{"id":1282,"date":"2013-03-21T11:57:34","date_gmt":"2013-03-21T11:57:34","guid":{"rendered":""},"modified":"2020-04-13T00:30:59","modified_gmt":"2020-04-12T22:30:59","slug":"the-absence-of-names-and-religious-activities-in-the-historical-calendar","status":"publish","type":"post","link":"https:\/\/orthodoxalbania.org\/2020\/en\/2013\/03\/21\/the-absence-of-names-and-religious-activities-in-the-historical-calendar\/","title":{"rendered":"The Absence of Names and Religious Activities in the Historical Calendar? (May 2012)"},"content":{"rendered":"<div style=\"text-align: justify;\"><span style=\"color: #000000;\"><img decoding=\"async\" class=\"lazyload HAa Eha\" style=\"height: 187px; width: 250px; border-width: 1px; border-style: solid; margin: 10px; float: left;\" alt=\"\" src=\"data:image\/gif;base64,R0lGODlhAQABAAAAACH5BAEKAAEALAAAAAABAAEAAAICTAEAOw==\" data-orig-src=\"https:\/\/lh6.googleusercontent.com\/-d0wwrNIsPhQ\/VLTgSQeSK9I\/AAAAAAAAKvM\/DenSU4pp0l4\/w398-h298-no\/calendar2.jpg\" \/>&nbsp;&nbsp;&nbsp;<span style=\"font-family: tahoma,geneva,sans-serif;\"><span style=\"font-size: 12px;\"> Every morning, if you have time to turn on the radio or open the television, you will note that among the many programs there is also an historical calendar. The speaker carefully reads the names of personalities, important dates in history, remarkable events, etc. There is a striking lack of attention to names and important religious activities. At least, they could highlight the events and names that are very familiar to the Albanian people; those of Albanian saints and martyrs of our Church, of which, fortunately we have many. We as believers pay tribute to their feast day, but it is unfortunate that in the historical calendars, they are not mentioned, disrespecting their multifaceted personalities. There is an absurd excuse by those who formulate these calendars for not listing important religious activities and dates; according to them, they do so because they are secular calendars.<\/span><\/span><\/span><\/div>\n<div style=\"text-align: justify;\"> <span style=\"color: #000000;\"><span style=\"font-family: tahoma,geneva,sans-serif;\"><span style=\"font-size: 12px;\">&nbsp;&nbsp;&nbsp; But this theory fails, because the Church honors not only clergy, but also lay people who have given their lives for the faith and for the benefit of humanity. Their social and humane activity is respected among generations by ordinary people and even continues to resound in the written tradition. To mention their names and the contributions they have given is not to give &#8220;honor&#8221; to the Orthodox Church, because, in fact, the Church and its faithful need no favors of this nature, because they serve the interest of God and not human opinion. But it is an ethical duty and moral responsibility, and surely also historical for all Albanians, regardless of religious faith to learn the truth about all the important people in history.<\/span><\/span><\/span><\/div>\n<div style=\"text-align: right;\"> <span style=\"color: #000000;\"><span style=\"font-family: tahoma,geneva,sans-serif;\"><span style=\"font-size: 12px;\">&nbsp;<br \/> <strong>Isidor Koti<\/strong><\/span><\/span><\/span><\/div>\n<div style=\"text-align: right;\"><span style=\"color: #000000;\"><span style=\"font-family: tahoma,geneva,sans-serif;\"><span style=\"font-size: 12px;\"><span class=\"st\"><strong>Translated by Ana Meni <\/strong><\/span><\/span><\/span><\/span><\/div>\n<div style=\"text-align: right;\"><span style=\"color: #000000;\"><span style=\"font-family: tahoma,geneva,sans-serif;\"><span style=\"font-size: 12px;\"><span class=\"st\"><strong>Edited by Anastasia Pamela Barksdale<\/strong><\/span><\/span><\/span><\/span><\/div>\n","protected":false},"excerpt":{"rendered":"<p>&nbsp;&nbsp;&nbsp; Every morning, if you have time to turn on the radio or open the television, you will note that among the many programs there is also an historical calendar. The speaker carefully reads the names of personalities, important dates in history, remarkable events, etc. There is a striking lack of attention to names and important religious activities. At least, they could highlight the events<\/p>\n","protected":false},"author":7,"featured_media":0,"comment_status":"open","ping_status":"open","sticky":false,"template":"","format":"standard","meta":{"_acf_changed":false,"pagelayer_contact_templates":[],"_pagelayer_content":"","inline_featured_image":false,"fifu_image_url":"","fifu_image_alt":"","footnotes":""},"categories":[1455,311],"tags":[1137],"class_list":["post-1282","post","type-post","status-publish","format-standard","hentry","category-news-en","category-news-d25","tag-2012-en"],"acf":[],"yoast_head":"<!-- This site is optimized with the Yoast SEO plugin v27.2 - https:\/\/yoast.com\/product\/yoast-seo-wordpress\/ -->\n<title>The Absence of Names and Religious Activities in the Historical Calendar? (May 2012) - Kisha Orthodh\u03bfkse Autoqefale e Shqip\u00ebris\u00eb<\/title>\n<meta name=\"robots\" content=\"index, follow, max-snippet:-1, max-image-preview:large, max-video-preview:-1\" \/>\n<link rel=\"canonical\" href=\"https:\/\/orthodoxalbania.org\/2020\/en\/2013\/03\/21\/the-absence-of-names-and-religious-activities-in-the-historical-calendar\/\" \/>\n<meta property=\"og:locale\" content=\"en_US\" \/>\n<meta property=\"og:type\" content=\"article\" \/>\n<meta property=\"og:title\" content=\"The Absence of Names and Religious Activities in the Historical Calendar? (May 2012) - Kisha Orthodh\u03bfkse Autoqefale e Shqip\u00ebris\u00eb\" \/>\n<meta property=\"og:description\" content=\"&nbsp;&nbsp;&nbsp; Every morning, if you have time to turn on the radio or open the television, you will note that among the many programs there is also an historical calendar. The speaker carefully reads the names of personalities, important dates in history, remarkable events, etc. There is a striking lack of attention to names and important religious activities. At least, they could highlight the events\" \/>\n<meta property=\"og:url\" content=\"https:\/\/orthodoxalbania.org\/2020\/en\/2013\/03\/21\/the-absence-of-names-and-religious-activities-in-the-historical-calendar\/\" \/>\n<meta property=\"og:site_name\" content=\"Kisha Orthodh\u03bfkse Autoqefale e Shqip\u00ebris\u00eb\" \/>\n<meta property=\"article:publisher\" content=\"https:\/\/www.facebook.com\/koash1991\" \/>\n<meta property=\"article:published_time\" content=\"2013-03-21T11:57:34+00:00\" \/>\n<meta property=\"article:modified_time\" content=\"2020-04-12T22:30:59+00:00\" \/>\n<meta property=\"og:image\" content=\"https:\/\/lh6.googleusercontent.com\/-d0wwrNIsPhQ\/VLTgSQeSK9I\/AAAAAAAAKvM\/DenSU4pp0l4\/w398-h298-no\/calendar2.jpg\" \/>\n<meta name=\"author\" content=\"Kisha Orthodhokse\" \/>\n<meta name=\"twitter:card\" content=\"summary_large_image\" \/>\n<meta name=\"twitter:label1\" content=\"Written by\" \/>\n\t<meta name=\"twitter:data1\" content=\"Kisha Orthodhokse\" \/>\n\t<meta name=\"twitter:label2\" content=\"Est. reading time\" \/>\n\t<meta name=\"twitter:data2\" content=\"1 minute\" \/>\n<script type=\"application\/ld+json\" class=\"yoast-schema-graph\">{\"@context\":\"https:\/\/schema.org\",\"@graph\":[{\"@type\":\"Article\",\"@id\":\"https:\/\/orthodoxalbania.org\/2020\/en\/2013\/03\/21\/the-absence-of-names-and-religious-activities-in-the-historical-calendar\/#article\",\"isPartOf\":{\"@id\":\"https:\/\/orthodoxalbania.org\/2020\/en\/2013\/03\/21\/the-absence-of-names-and-religious-activities-in-the-historical-calendar\/\"},\"author\":{\"name\":\"Kisha Orthodhokse\",\"@id\":\"https:\/\/orthodoxalbania.org\/2020\/#\/schema\/person\/df745f942b70e045b3dc05a30211f0de\"},\"headline\":\"The Absence of Names and Religious Activities in the Historical Calendar? (May 2012)\",\"datePublished\":\"2013-03-21T11:57:34+00:00\",\"dateModified\":\"2020-04-12T22:30:59+00:00\",\"mainEntityOfPage\":{\"@id\":\"https:\/\/orthodoxalbania.org\/2020\/en\/2013\/03\/21\/the-absence-of-names-and-religious-activities-in-the-historical-calendar\/\"},\"wordCount\":300,\"commentCount\":0,\"publisher\":{\"@id\":\"https:\/\/orthodoxalbania.org\/2020\/#organization\"},\"image\":{\"@id\":\"https:\/\/orthodoxalbania.org\/2020\/en\/2013\/03\/21\/the-absence-of-names-and-religious-activities-in-the-historical-calendar\/#primaryimage\"},\"thumbnailUrl\":\"https:\/\/lh6.googleusercontent.com\/-d0wwrNIsPhQ\/VLTgSQeSK9I\/AAAAAAAAKvM\/DenSU4pp0l4\/w398-h298-no\/calendar2.jpg\",\"keywords\":[\"2012\"],\"articleSection\":[\"News - \u0395\u039d\",\"News old page\"],\"inLanguage\":\"en-US\"},{\"@type\":\"WebPage\",\"@id\":\"https:\/\/orthodoxalbania.org\/2020\/en\/2013\/03\/21\/the-absence-of-names-and-religious-activities-in-the-historical-calendar\/\",\"url\":\"https:\/\/orthodoxalbania.org\/2020\/en\/2013\/03\/21\/the-absence-of-names-and-religious-activities-in-the-historical-calendar\/\",\"name\":\"The Absence of Names and Religious Activities in the Historical Calendar? (May 2012) - Kisha Orthodh\u03bfkse Autoqefale e Shqip\u00ebris\u00eb\",\"isPartOf\":{\"@id\":\"https:\/\/orthodoxalbania.org\/2020\/#website\"},\"primaryImageOfPage\":{\"@id\":\"https:\/\/orthodoxalbania.org\/2020\/en\/2013\/03\/21\/the-absence-of-names-and-religious-activities-in-the-historical-calendar\/#primaryimage\"},\"image\":{\"@id\":\"https:\/\/orthodoxalbania.org\/2020\/en\/2013\/03\/21\/the-absence-of-names-and-religious-activities-in-the-historical-calendar\/#primaryimage\"},\"thumbnailUrl\":\"https:\/\/lh6.googleusercontent.com\/-d0wwrNIsPhQ\/VLTgSQeSK9I\/AAAAAAAAKvM\/DenSU4pp0l4\/w398-h298-no\/calendar2.jpg\",\"datePublished\":\"2013-03-21T11:57:34+00:00\",\"dateModified\":\"2020-04-12T22:30:59+00:00\",\"breadcrumb\":{\"@id\":\"https:\/\/orthodoxalbania.org\/2020\/en\/2013\/03\/21\/the-absence-of-names-and-religious-activities-in-the-historical-calendar\/#breadcrumb\"},\"inLanguage\":\"en-US\",\"potentialAction\":[{\"@type\":\"ReadAction\",\"target\":[\"https:\/\/orthodoxalbania.org\/2020\/en\/2013\/03\/21\/the-absence-of-names-and-religious-activities-in-the-historical-calendar\/\"]}]},{\"@type\":\"ImageObject\",\"inLanguage\":\"en-US\",\"@id\":\"https:\/\/orthodoxalbania.org\/2020\/en\/2013\/03\/21\/the-absence-of-names-and-religious-activities-in-the-historical-calendar\/#primaryimage\",\"url\":\"https:\/\/lh6.googleusercontent.com\/-d0wwrNIsPhQ\/VLTgSQeSK9I\/AAAAAAAAKvM\/DenSU4pp0l4\/w398-h298-no\/calendar2.jpg\",\"contentUrl\":\"https:\/\/lh6.googleusercontent.com\/-d0wwrNIsPhQ\/VLTgSQeSK9I\/AAAAAAAAKvM\/DenSU4pp0l4\/w398-h298-no\/calendar2.jpg\"},{\"@type\":\"BreadcrumbList\",\"@id\":\"https:\/\/orthodoxalbania.org\/2020\/en\/2013\/03\/21\/the-absence-of-names-and-religious-activities-in-the-historical-calendar\/#breadcrumb\",\"itemListElement\":[{\"@type\":\"ListItem\",\"position\":1,\"name\":\"Home\",\"item\":\"https:\/\/orthodoxalbania.org\/2020\/\"},{\"@type\":\"ListItem\",\"position\":2,\"name\":\"The Absence of Names and Religious Activities in the Historical Calendar? (May 2012)\"}]},{\"@type\":\"WebSite\",\"@id\":\"https:\/\/orthodoxalbania.org\/2020\/#website\",\"url\":\"https:\/\/orthodoxalbania.org\/2020\/\",\"name\":\"Kisha Orthodh\u03bfkse Autoqefale e Shqip\u00ebris\u00eb\",\"description\":\"Fqja Zyrtare e Kish\u00ebs Orthodhokse Autoqefale e Shqip\u00ebris\u00eb me lajmet edhe informacionet zyrtare p\u00ebr struktur\u00ebn edhe veprimtarin e saj.\",\"publisher\":{\"@id\":\"https:\/\/orthodoxalbania.org\/2020\/#organization\"},\"potentialAction\":[{\"@type\":\"SearchAction\",\"target\":{\"@type\":\"EntryPoint\",\"urlTemplate\":\"https:\/\/orthodoxalbania.org\/2020\/?s={search_term_string}\"},\"query-input\":{\"@type\":\"PropertyValueSpecification\",\"valueRequired\":true,\"valueName\":\"search_term_string\"}}],\"inLanguage\":\"en-US\"},{\"@type\":\"Organization\",\"@id\":\"https:\/\/orthodoxalbania.org\/2020\/#organization\",\"name\":\"Kisha Orthodhokse Autoqefale e Shqip\u00ebris\u00eb\",\"url\":\"https:\/\/orthodoxalbania.org\/2020\/\",\"logo\":{\"@type\":\"ImageObject\",\"inLanguage\":\"en-US\",\"@id\":\"https:\/\/orthodoxalbania.org\/2020\/#\/schema\/logo\/image\/\",\"url\":\"https:\/\/orthodoxalbania.org\/2020\/wp-content\/uploads\/2020\/05\/albania.jpeg\",\"contentUrl\":\"https:\/\/orthodoxalbania.org\/2020\/wp-content\/uploads\/2020\/05\/albania.jpeg\",\"width\":540,\"height\":540,\"caption\":\"Kisha Orthodhokse Autoqefale e Shqip\u00ebris\u00eb\"},\"image\":{\"@id\":\"https:\/\/orthodoxalbania.org\/2020\/#\/schema\/logo\/image\/\"},\"sameAs\":[\"https:\/\/www.facebook.com\/koash1991\"]},{\"@type\":\"Person\",\"@id\":\"https:\/\/orthodoxalbania.org\/2020\/#\/schema\/person\/df745f942b70e045b3dc05a30211f0de\",\"name\":\"Kisha Orthodhokse\",\"image\":{\"@type\":\"ImageObject\",\"inLanguage\":\"en-US\",\"@id\":\"https:\/\/secure.gravatar.com\/avatar\/2676eb8d97178435c9f691a7871595a1da6c33542dec218bce40885573150e28?s=96&d=mm&r=g\",\"url\":\"https:\/\/secure.gravatar.com\/avatar\/2676eb8d97178435c9f691a7871595a1da6c33542dec218bce40885573150e28?s=96&d=mm&r=g\",\"contentUrl\":\"https:\/\/secure.gravatar.com\/avatar\/2676eb8d97178435c9f691a7871595a1da6c33542dec218bce40885573150e28?s=96&d=mm&r=g\",\"caption\":\"Kisha Orthodhokse\"}}]}<\/script>\n<!-- \/ Yoast SEO plugin. -->","yoast_head_json":{"title":"The Absence of Names and Religious Activities in the Historical Calendar? (May 2012) - Kisha Orthodh\u03bfkse Autoqefale e Shqip\u00ebris\u00eb","robots":{"index":"index","follow":"follow","max-snippet":"max-snippet:-1","max-image-preview":"max-image-preview:large","max-video-preview":"max-video-preview:-1"},"canonical":"https:\/\/orthodoxalbania.org\/2020\/en\/2013\/03\/21\/the-absence-of-names-and-religious-activities-in-the-historical-calendar\/","og_locale":"en_US","og_type":"article","og_title":"The Absence of Names and Religious Activities in the Historical Calendar? (May 2012) - Kisha Orthodh\u03bfkse Autoqefale e Shqip\u00ebris\u00eb","og_description":"&nbsp;&nbsp;&nbsp; Every morning, if you have time to turn on the radio or open the television, you will note that among the many programs there is also an historical calendar. The speaker carefully reads the names of personalities, important dates in history, remarkable events, etc. There is a striking lack of attention to names and important religious activities. At least, they could highlight the events","og_url":"https:\/\/orthodoxalbania.org\/2020\/en\/2013\/03\/21\/the-absence-of-names-and-religious-activities-in-the-historical-calendar\/","og_site_name":"Kisha Orthodh\u03bfkse Autoqefale e Shqip\u00ebris\u00eb","article_publisher":"https:\/\/www.facebook.com\/koash1991","article_published_time":"2013-03-21T11:57:34+00:00","article_modified_time":"2020-04-12T22:30:59+00:00","og_image":[{"url":"https:\/\/lh6.googleusercontent.com\/-d0wwrNIsPhQ\/VLTgSQeSK9I\/AAAAAAAAKvM\/DenSU4pp0l4\/w398-h298-no\/calendar2.jpg","type":"","width":"","height":""}],"author":"Kisha Orthodhokse","twitter_card":"summary_large_image","twitter_misc":{"Written by":"Kisha Orthodhokse","Est. reading time":"1 minute"},"schema":{"@context":"https:\/\/schema.org","@graph":[{"@type":"Article","@id":"https:\/\/orthodoxalbania.org\/2020\/en\/2013\/03\/21\/the-absence-of-names-and-religious-activities-in-the-historical-calendar\/#article","isPartOf":{"@id":"https:\/\/orthodoxalbania.org\/2020\/en\/2013\/03\/21\/the-absence-of-names-and-religious-activities-in-the-historical-calendar\/"},"author":{"name":"Kisha Orthodhokse","@id":"https:\/\/orthodoxalbania.org\/2020\/#\/schema\/person\/df745f942b70e045b3dc05a30211f0de"},"headline":"The Absence of Names and Religious Activities in the Historical Calendar? (May 2012)","datePublished":"2013-03-21T11:57:34+00:00","dateModified":"2020-04-12T22:30:59+00:00","mainEntityOfPage":{"@id":"https:\/\/orthodoxalbania.org\/2020\/en\/2013\/03\/21\/the-absence-of-names-and-religious-activities-in-the-historical-calendar\/"},"wordCount":300,"commentCount":0,"publisher":{"@id":"https:\/\/orthodoxalbania.org\/2020\/#organization"},"image":{"@id":"https:\/\/orthodoxalbania.org\/2020\/en\/2013\/03\/21\/the-absence-of-names-and-religious-activities-in-the-historical-calendar\/#primaryimage"},"thumbnailUrl":"https:\/\/lh6.googleusercontent.com\/-d0wwrNIsPhQ\/VLTgSQeSK9I\/AAAAAAAAKvM\/DenSU4pp0l4\/w398-h298-no\/calendar2.jpg","keywords":["2012"],"articleSection":["News - \u0395\u039d","News old page"],"inLanguage":"en-US"},{"@type":"WebPage","@id":"https:\/\/orthodoxalbania.org\/2020\/en\/2013\/03\/21\/the-absence-of-names-and-religious-activities-in-the-historical-calendar\/","url":"https:\/\/orthodoxalbania.org\/2020\/en\/2013\/03\/21\/the-absence-of-names-and-religious-activities-in-the-historical-calendar\/","name":"The Absence of Names and Religious Activities in the Historical Calendar? (May 2012) - Kisha Orthodh\u03bfkse Autoqefale e Shqip\u00ebris\u00eb","isPartOf":{"@id":"https:\/\/orthodoxalbania.org\/2020\/#website"},"primaryImageOfPage":{"@id":"https:\/\/orthodoxalbania.org\/2020\/en\/2013\/03\/21\/the-absence-of-names-and-religious-activities-in-the-historical-calendar\/#primaryimage"},"image":{"@id":"https:\/\/orthodoxalbania.org\/2020\/en\/2013\/03\/21\/the-absence-of-names-and-religious-activities-in-the-historical-calendar\/#primaryimage"},"thumbnailUrl":"https:\/\/lh6.googleusercontent.com\/-d0wwrNIsPhQ\/VLTgSQeSK9I\/AAAAAAAAKvM\/DenSU4pp0l4\/w398-h298-no\/calendar2.jpg","datePublished":"2013-03-21T11:57:34+00:00","dateModified":"2020-04-12T22:30:59+00:00","breadcrumb":{"@id":"https:\/\/orthodoxalbania.org\/2020\/en\/2013\/03\/21\/the-absence-of-names-and-religious-activities-in-the-historical-calendar\/#breadcrumb"},"inLanguage":"en-US","potentialAction":[{"@type":"ReadAction","target":["https:\/\/orthodoxalbania.org\/2020\/en\/2013\/03\/21\/the-absence-of-names-and-religious-activities-in-the-historical-calendar\/"]}]},{"@type":"ImageObject","inLanguage":"en-US","@id":"https:\/\/orthodoxalbania.org\/2020\/en\/2013\/03\/21\/the-absence-of-names-and-religious-activities-in-the-historical-calendar\/#primaryimage","url":"https:\/\/lh6.googleusercontent.com\/-d0wwrNIsPhQ\/VLTgSQeSK9I\/AAAAAAAAKvM\/DenSU4pp0l4\/w398-h298-no\/calendar2.jpg","contentUrl":"https:\/\/lh6.googleusercontent.com\/-d0wwrNIsPhQ\/VLTgSQeSK9I\/AAAAAAAAKvM\/DenSU4pp0l4\/w398-h298-no\/calendar2.jpg"},{"@type":"BreadcrumbList","@id":"https:\/\/orthodoxalbania.org\/2020\/en\/2013\/03\/21\/the-absence-of-names-and-religious-activities-in-the-historical-calendar\/#breadcrumb","itemListElement":[{"@type":"ListItem","position":1,"name":"Home","item":"https:\/\/orthodoxalbania.org\/2020\/"},{"@type":"ListItem","position":2,"name":"The Absence of Names and Religious Activities in the Historical Calendar? (May 2012)"}]},{"@type":"WebSite","@id":"https:\/\/orthodoxalbania.org\/2020\/#website","url":"https:\/\/orthodoxalbania.org\/2020\/","name":"Kisha Orthodh\u03bfkse Autoqefale e Shqip\u00ebris\u00eb","description":"Fqja Zyrtare e Kish\u00ebs Orthodhokse Autoqefale e Shqip\u00ebris\u00eb me lajmet edhe informacionet zyrtare p\u00ebr struktur\u00ebn edhe veprimtarin e saj.","publisher":{"@id":"https:\/\/orthodoxalbania.org\/2020\/#organization"},"potentialAction":[{"@type":"SearchAction","target":{"@type":"EntryPoint","urlTemplate":"https:\/\/orthodoxalbania.org\/2020\/?s={search_term_string}"},"query-input":{"@type":"PropertyValueSpecification","valueRequired":true,"valueName":"search_term_string"}}],"inLanguage":"en-US"},{"@type":"Organization","@id":"https:\/\/orthodoxalbania.org\/2020\/#organization","name":"Kisha Orthodhokse Autoqefale e Shqip\u00ebris\u00eb","url":"https:\/\/orthodoxalbania.org\/2020\/","logo":{"@type":"ImageObject","inLanguage":"en-US","@id":"https:\/\/orthodoxalbania.org\/2020\/#\/schema\/logo\/image\/","url":"https:\/\/orthodoxalbania.org\/2020\/wp-content\/uploads\/2020\/05\/albania.jpeg","contentUrl":"https:\/\/orthodoxalbania.org\/2020\/wp-content\/uploads\/2020\/05\/albania.jpeg","width":540,"height":540,"caption":"Kisha Orthodhokse Autoqefale e Shqip\u00ebris\u00eb"},"image":{"@id":"https:\/\/orthodoxalbania.org\/2020\/#\/schema\/logo\/image\/"},"sameAs":["https:\/\/www.facebook.com\/koash1991"]},{"@type":"Person","@id":"https:\/\/orthodoxalbania.org\/2020\/#\/schema\/person\/df745f942b70e045b3dc05a30211f0de","name":"Kisha Orthodhokse","image":{"@type":"ImageObject","inLanguage":"en-US","@id":"https:\/\/secure.gravatar.com\/avatar\/2676eb8d97178435c9f691a7871595a1da6c33542dec218bce40885573150e28?s=96&d=mm&r=g","url":"https:\/\/secure.gravatar.com\/avatar\/2676eb8d97178435c9f691a7871595a1da6c33542dec218bce40885573150e28?s=96&d=mm&r=g","contentUrl":"https:\/\/secure.gravatar.com\/avatar\/2676eb8d97178435c9f691a7871595a1da6c33542dec218bce40885573150e28?s=96&d=mm&r=g","caption":"Kisha Orthodhokse"}}]}},"_links":{"self":[{"href":"https:\/\/orthodoxalbania.org\/2020\/wp-json\/wp\/v2\/posts\/1282","targetHints":{"allow":["GET"]}}],"collection":[{"href":"https:\/\/orthodoxalbania.org\/2020\/wp-json\/wp\/v2\/posts"}],"about":[{"href":"https:\/\/orthodoxalbania.org\/2020\/wp-json\/wp\/v2\/types\/post"}],"author":[{"embeddable":true,"href":"https:\/\/orthodoxalbania.org\/2020\/wp-json\/wp\/v2\/users\/7"}],"replies":[{"embeddable":true,"href":"https:\/\/orthodoxalbania.org\/2020\/wp-json\/wp\/v2\/comments?post=1282"}],"version-history":[{"count":1,"href":"https:\/\/orthodoxalbania.org\/2020\/wp-json\/wp\/v2\/posts\/1282\/revisions"}],"predecessor-version":[{"id":17743,"href":"https:\/\/orthodoxalbania.org\/2020\/wp-json\/wp\/v2\/posts\/1282\/revisions\/17743"}],"wp:attachment":[{"href":"https:\/\/orthodoxalbania.org\/2020\/wp-json\/wp\/v2\/media?parent=1282"}],"wp:term":[{"taxonomy":"category","embeddable":true,"href":"https:\/\/orthodoxalbania.org\/2020\/wp-json\/wp\/v2\/categories?post=1282"},{"taxonomy":"post_tag","embeddable":true,"href":"https:\/\/orthodoxalbania.org\/2020\/wp-json\/wp\/v2\/tags?post=1282"}],"curies":[{"name":"wp","href":"https:\/\/api.w.org\/{rel}","templated":true}]}}