{"id":1280,"date":"2006-02-26T00:00:16","date_gmt":"2006-02-26T00:00:16","guid":{"rendered":""},"modified":"2020-04-13T00:31:30","modified_gmt":"2020-04-12T22:31:30","slug":"the-9-th-festival-of-the-youth-of-orthodox-church-of-albania-beautified-the-atmosphere-of-christmas-december-2006","status":"publish","type":"post","link":"https:\/\/orthodoxalbania.org\/2020\/en\/2006\/02\/26\/the-9-th-festival-of-the-youth-of-orthodox-church-of-albania-beautified-the-atmosphere-of-christmas-december-2006\/","title":{"rendered":"The 9-th Festival of the Youth of Orthodox Church of Albania beautified the atmosphere of Christmas. (December 2006)"},"content":{"rendered":"<table id=\"AutoNumber3\" style=\"width: 796px; height: 3595px;\" border=\"0\">\n<tbody>\n<tr>\n<td rowspan=\"5\">\n<table id=\"AutoNumber4\" border=\"0\">\n<tbody>\n<tr>\n<td>\n<div style=\"text-align: justify;\"><span style=\"color: #000000;\"><span style=\"font-family: tahoma,geneva,sans-serif;\"><span style=\"font-size: 12px;\">&nbsp;&nbsp;&nbsp; Tirana in these days is filled with many festive lights and colors. All people walk on the boulevards and on the alleys of the capital city preparing to celebrate with their families as well as they can, this period of Christmas and New Years of 2007.<\/span><\/span><\/span><\/div>\n<\/td>\n<td>\n<div><span style=\"color: #000000;\"><span style=\"font-family: tahoma,geneva,sans-serif;\"><span style=\"font-size: 12px;\"><img decoding=\"async\" class=\"lazyload HAa Eha\" style=\"border-width: 1px; border-style: solid; margin: 10px auto; display: block;\" alt=\"\" src=\"data:image\/svg+xml,%3Csvg%20xmlns%3D%27http%3A%2F%2Fwww.w3.org%2F2000%2Fsvg%27%20width%3D%27290%27%20height%3D%27193%27%20viewBox%3D%270%200%20290%20193%27%3E%3Crect%20width%3D%27290%27%20height%3D%27193%27%20fill-opacity%3D%220%22%2F%3E%3C%2Fsvg%3E\" data-orig-src=\"https:\/\/lh3.googleusercontent.com\/-FDWnebax4Zc\/VIgzrpDFk3I\/AAAAAAAAF84\/qGxchhZ9h0w\/w370-h246-no\/pic1.jpg\" height=\"193\" width=\"290\" \/><\/span><\/span><\/span><\/div>\n<\/td>\n<\/tr>\n<tr>\n<td>\n<div>&nbsp;<\/div>\n<p style=\"text-align: center;\"><span style=\"color: #000000;\"><img decoding=\"async\" class=\"lazyload HAa Eha\" style=\"margin: 10px auto; display: block; border: 1px solid;\" alt=\"\" src=\"data:image\/svg+xml,%3Csvg%20xmlns%3D%27http%3A%2F%2Fwww.w3.org%2F2000%2Fsvg%27%20width%3D%27272%27%20height%3D%27181%27%20viewBox%3D%270%200%20272%20181%27%3E%3Crect%20width%3D%27272%27%20height%3D%27181%27%20fill-opacity%3D%220%22%2F%3E%3C%2Fsvg%3E\" data-orig-src=\"https:\/\/lh6.googleusercontent.com\/-86t5DcT6108\/VIgznQrNYSI\/AAAAAAAAF8w\/0iZo4Xxuwnw\/w370-h246-no\/pic2.jpg\" height=\"181\" width=\"272\" \/><\/span><\/p>\n<\/td>\n<td>\n<div style=\"text-align: justify;\"><span style=\"color: #000000;\"><span style=\"font-family: tahoma,geneva,sans-serif;\"><span style=\"font-size: 12px;\">&nbsp;&nbsp;&nbsp; To make the atmosphere even more beautiful, the youth of the Orthodox Church of Albania organized the festival of Christian and traditional Albanian songs and dances on the afternoon of 26 December, in one of the halls of the National Historical Museums. This was the ninth annual festival, changing the national activity at the end of the year in a reach tradition.<\/span><\/span><\/span><\/div>\n<\/td>\n<\/tr>\n<tr>\n<td>\n<div style=\"text-align: justify;\"><span style=\"color: #000000;\"><span style=\"font-family: tahoma,geneva,sans-serif;\"><span style=\"font-size: 12px;\">&nbsp;&nbsp; The first on stage were the children of the \u201cProtagonists\u201d Albanian-American elementary school. They were applauded by all present, because in their eyes everybody sees the future of Albania. Later on, the hosts of the festival, members of the Orthodox Youth of Tirana, Vasil Ko\u00e7o and Ina Gjata said before those who were present:<\/span><\/span><\/span><\/div>\n<\/td>\n<td>\n<div><span style=\"color: #000000;\"><span style=\"font-family: tahoma,geneva,sans-serif;\"><span style=\"font-size: 12px;\"><img decoding=\"async\" class=\"lazyload HAa Eha\" style=\"border-width: 1px; border-style: solid; margin: 10px auto; display: block;\" alt=\"\" src=\"data:image\/svg+xml,%3Csvg%20xmlns%3D%27http%3A%2F%2Fwww.w3.org%2F2000%2Fsvg%27%20width%3D%27272%27%20height%3D%27181%27%20viewBox%3D%270%200%20272%20181%27%3E%3Crect%20width%3D%27272%27%20height%3D%27181%27%20fill-opacity%3D%220%22%2F%3E%3C%2Fsvg%3E\" data-orig-src=\"https:\/\/lh5.googleusercontent.com\/-7EWovenV0rw\/VIgznoYb61I\/AAAAAAAAF70\/51EraSO2wCg\/w370-h246-no\/pic3.jpg\" height=\"181\" width=\"272\" \/><\/span><\/span><\/span><\/div>\n<\/td>\n<\/tr>\n<tr>\n<td>\n<div><span style=\"color: #000000;\"><span style=\"font-family: tahoma,geneva,sans-serif;\"><span style=\"font-size: 12px;\"><img decoding=\"async\" class=\"lazyload HAa Eha\" style=\"border-width: 1px; border-style: solid; margin: 10px auto; display: block;\" alt=\"\" src=\"data:image\/svg+xml,%3Csvg%20xmlns%3D%27http%3A%2F%2Fwww.w3.org%2F2000%2Fsvg%27%20width%3D%27269%27%20height%3D%27179%27%20viewBox%3D%270%200%20269%20179%27%3E%3Crect%20width%3D%27269%27%20height%3D%27179%27%20fill-opacity%3D%220%22%2F%3E%3C%2Fsvg%3E\" data-orig-src=\"https:\/\/lh5.googleusercontent.com\/-MjiWvyFWd3c\/VIgzoIGJYaI\/AAAAAAAAF8o\/ViOINU1CrZc\/w370-h246-no\/pic4.jpg\" height=\"179\" width=\"269\" \/><\/span><\/span><\/span><\/div>\n<\/td>\n<td>\n<div style=\"text-align: justify;\"><span style=\"color: #000000;\"><span style=\"font-family: tahoma,geneva,sans-serif;\"><span style=\"font-size: 12px;\">&nbsp;&nbsp;&nbsp;&nbsp; \u201c9 years ago in this city started the journey a beautiful youth activity. Now we can call it even traditional, but on stage you will see new faces and will experience the enthusiasm and the zeal of the young people of Christ. God has not given us the spirit of fear, but the spirit of hope and love. This biblical verse is the advice which our loved and honored Archbishop Anastasios reminds us of everywhere we are. But he is not only a spiritual adviser for us young people, but is an inspiration for all the believers for a life in God.<\/span><\/span><\/span><\/div>\n<\/td>\n<\/tr>\n<tr>\n<td>\n<div style=\"text-align: justify;\"><span style=\"color: #000000;\"><span style=\"font-family: tahoma,geneva,sans-serif;\"><span style=\"font-size: 12px;\">&nbsp;&nbsp;&nbsp; The time we have wouldn\u2019t be sufficient to express our gratitude and thankfulness for the shepherd of our Church, who has given all his strength to rebuild not only the church as a building, but also the church in our hearts. Thank you your Beatitude for everything you have done for us\u201d.<\/span><\/span><\/span><\/div>\n<\/td>\n<td>\n<div>&nbsp;<\/div>\n<p style=\"text-align: center;\"><span style=\"color: #000000;\"><img decoding=\"async\" class=\"lazyload HAa Eha\" style=\"margin: 10px auto; display: block; border: 1px solid;\" alt=\"\" src=\"data:image\/svg+xml,%3Csvg%20xmlns%3D%27http%3A%2F%2Fwww.w3.org%2F2000%2Fsvg%27%20width%3D%27301%27%20height%3D%27200%27%20viewBox%3D%270%200%20301%20200%27%3E%3Crect%20width%3D%27301%27%20height%3D%27200%27%20fill-opacity%3D%220%22%2F%3E%3C%2Fsvg%3E\" data-orig-src=\"https:\/\/lh6.googleusercontent.com\/-sOpw8weGfro\/VIgzobPpYmI\/AAAAAAAAF8A\/Ao4f-dZ-dMY\/w370-h246-no\/pic5.jpg\" height=\"200\" width=\"301\" \/><\/span><\/p>\n<\/td>\n<\/tr>\n<tr>\n<td>\n<div>&nbsp;<\/div>\n<p style=\"text-align: center;\"><span style=\"color: #000000;\"><img decoding=\"async\" class=\"lazyload HAa Eha\" style=\"margin: 10px auto; display: block; border: 1px solid;\" alt=\"\" src=\"data:image\/svg+xml,%3Csvg%20xmlns%3D%27http%3A%2F%2Fwww.w3.org%2F2000%2Fsvg%27%20width%3D%27275%27%20height%3D%27183%27%20viewBox%3D%270%200%20275%20183%27%3E%3Crect%20width%3D%27275%27%20height%3D%27183%27%20fill-opacity%3D%220%22%2F%3E%3C%2Fsvg%3E\" data-orig-src=\"https:\/\/lh5.googleusercontent.com\/-moGj-7SKWQ8\/VIgzon17VJI\/AAAAAAAAF8I\/YcI_SiRtz6k\/w370-h246-no\/pic6.jpg\" height=\"183\" width=\"275\" \/><\/span><\/p>\n<\/td>\n<td>\n<div style=\"text-align: justify;\"><span style=\"color: #000000;\"><span style=\"font-family: tahoma,geneva,sans-serif;\"><span style=\"font-size: 12px;\">&nbsp;&nbsp;&nbsp; With these words the hosts thanked Archbishop Anastasios, who was present at this festival, watching it attentively and with love. Christmas is the feast of everybody. Christ came in this world to give us faith, hope and love. Also, Christmas is the spirit of gifts. During this celebration all the people try to give something to their relatives, while Christ asks only for a small gift, to make our hearts a manger for Him.<\/span><\/span><\/span><\/div>\n<\/td>\n<\/tr>\n<tr>\n<td>\n<div style=\"text-align: justify;\"><span style=\"color: #000000;\"><span style=\"font-family: tahoma,geneva,sans-serif;\"><span style=\"font-size: 12px;\">&nbsp;&nbsp;&nbsp; To make a special gift for all the people that were present, 11 selected youth groups from four dioceses of Albania vivified the atmosphere, singing Christian songs and introducing traditional songs and dances of the regions which they represented. On the stage came the youth group of Vlora, Tirana, Gjinari (Elbasan), Durr\u00ebsi, Kavaja, Gramshi, Fikasi (Elbasan), Prespa (Kor\u00e7a), Berati, Gjirokastra and K\u00eblcyra (Permet).<\/span><\/span><\/span><\/div>\n<\/td>\n<td>\n<div><span style=\"color: #000000;\"><span style=\"font-family: tahoma,geneva,sans-serif;\"><span style=\"font-size: 12px;\"><img decoding=\"async\" class=\"lazyload HAa Eha\" style=\"border-width: 1px; border-style: solid; margin: 10px auto; display: block;\" alt=\"\" src=\"data:image\/svg+xml,%3Csvg%20xmlns%3D%27http%3A%2F%2Fwww.w3.org%2F2000%2Fsvg%27%20width%3D%27277%27%20height%3D%27184%27%20viewBox%3D%270%200%20277%20184%27%3E%3Crect%20width%3D%27277%27%20height%3D%27184%27%20fill-opacity%3D%220%22%2F%3E%3C%2Fsvg%3E\" data-orig-src=\"https:\/\/lh4.googleusercontent.com\/-b3nOvauigtM\/VIgzo1JxgGI\/AAAAAAAAF8g\/mu8upEN3KDQ\/w370-h246-no\/pic7.jpg\" height=\"184\" width=\"277\" \/><\/span><\/span><\/span><\/div>\n<\/td>\n<\/tr>\n<tr>\n<td>\n<div><span style=\"color: #000000;\"><span style=\"font-family: tahoma,geneva,sans-serif;\"><span style=\"font-size: 12px;\"><img decoding=\"async\" class=\"lazyload HAa Eha\" style=\"border-width: 1px; border-style: solid; margin: 10px auto; display: block;\" alt=\"\" src=\"data:image\/svg+xml,%3Csvg%20xmlns%3D%27http%3A%2F%2Fwww.w3.org%2F2000%2Fsvg%27%20width%3D%27264%27%20height%3D%27176%27%20viewBox%3D%270%200%20264%20176%27%3E%3Crect%20width%3D%27264%27%20height%3D%27176%27%20fill-opacity%3D%220%22%2F%3E%3C%2Fsvg%3E\" data-orig-src=\"https:\/\/lh3.googleusercontent.com\/-hwZ2u7cV9-A\/VIgzpRwmRKI\/AAAAAAAAF8U\/vab07D6ndN8\/w370-h246-no\/pic8.jpg\" height=\"176\" width=\"264\" \/><\/span><\/span><\/span><\/div>\n<\/td>\n<td>\n<div style=\"text-align: justify;\"><span style=\"color: #000000;\"><span style=\"font-family: tahoma,geneva,sans-serif;\"><span style=\"font-size: 12px;\">&nbsp;&nbsp;&nbsp; To evaluate these groups a jury was created made up of clergy, musicians and members of the Orthodox Youth Group lead by Mrs. Costanca Luis. For around two hours the youth groups presented with dignity, creating a nice atmosphere receiving much applause from the spectators. After the performance of the groups, Archbishop Anastasios addressed the festival and congratulated the youth groups for the high level.<\/span><\/span><\/span><\/div>\n<\/td>\n<\/tr>\n<tr>\n<td>\n<div style=\"text-align: justify;\"><span style=\"color: #000000;\"><span style=\"font-family: tahoma,geneva,sans-serif;\"><span style=\"font-size: 12px;\">&nbsp;&nbsp;&nbsp; The first prize- said the Archbishop &#8211; is given to the audience. This collective work creates a collaborative and brotherly atmosphere, which should continue even longer. We are gathered in the name of Jesus Christ, the Savior of the world. Let us not forget that the apostles left everything for Christ, you young people should transmit this Christian truth everywhere you are.<\/span><\/span><\/span><\/div>\n<\/td>\n<td>\n<div><span style=\"color: #000000;\"><span style=\"font-family: tahoma,geneva,sans-serif;\"><span style=\"font-size: 12px;\"><img decoding=\"async\" class=\"lazyload HAa Eha\" style=\"border-width: 1px; border-style: solid; margin: 10px auto; display: block;\" alt=\"\" src=\"data:image\/svg+xml,%3Csvg%20xmlns%3D%27http%3A%2F%2Fwww.w3.org%2F2000%2Fsvg%27%20width%3D%27293%27%20height%3D%27195%27%20viewBox%3D%270%200%20293%20195%27%3E%3Crect%20width%3D%27293%27%20height%3D%27195%27%20fill-opacity%3D%220%22%2F%3E%3C%2Fsvg%3E\" data-orig-src=\"https:\/\/lh5.googleusercontent.com\/-xEqxM5iq-v4\/VIgzqGOlSoI\/AAAAAAAAF8c\/q2QPUVSMt6o\/w370-h246-no\/pic9.jpg\" height=\"195\" width=\"293\" \/><\/span><\/span><\/span><\/div>\n<\/td>\n<\/tr>\n<tr>\n<td>\n<div><span style=\"color: #000000;\"><span style=\"font-family: tahoma,geneva,sans-serif;\"><span style=\"font-size: 12px;\"><img decoding=\"async\" class=\"lazyload HAa Eha\" style=\"border-width: 1px; border-style: solid; margin: 10px auto; display: block;\" alt=\"\" src=\"data:image\/svg+xml,%3Csvg%20xmlns%3D%27http%3A%2F%2Fwww.w3.org%2F2000%2Fsvg%27%20width%3D%27248%27%20height%3D%27165%27%20viewBox%3D%270%200%20248%20165%27%3E%3Crect%20width%3D%27248%27%20height%3D%27165%27%20fill-opacity%3D%220%22%2F%3E%3C%2Fsvg%3E\" data-orig-src=\"https:\/\/lh3.googleusercontent.com\/-GpxRdL8nVls\/VIgzkXPeX2I\/AAAAAAAAF68\/qCvjpD4mGXM\/w370-h246-no\/pic10.jpg\" height=\"165\" width=\"248\" \/><\/span><\/span><\/span><\/div>\n<\/td>\n<td>\n<div style=\"text-align: justify;\"><span style=\"color: #000000;\"><span style=\"font-family: tahoma,geneva,sans-serif;\"><span style=\"font-size: 12px;\">&nbsp;&nbsp;&nbsp; We are in a corner of the Balkans, but we are not a separated group, but part of a vivid Catholic and Apostolic Church. This Church has the responsibility for the entire universe, embracing it with love and affection. Try to get to know Christ personally. You need prayers, meditation and studies. This is the greatest gift that you can give in this celebration. Christ, who is the Sun of Righteousness, should shine and radiate in your actions and example\u201d &#8211; so Archbishop Anastasios ended his speech.<\/span><\/span><\/span><\/div>\n<\/td>\n<\/tr>\n<tr>\n<td>\n<div dir=\"ltr\" style=\"text-align: justify;\"><span style=\"color: #000000;\"><span style=\"font-family: tahoma,geneva,sans-serif;\"><span style=\"font-size: 12px;\">&nbsp;&nbsp;&nbsp; At the end, the jury announced the winners of this festival. The consolation prize was given to Gramshi, the third prize was given to Kavaja, the second to Berati and the winner of the festival was Tirana.<\/span><\/span><\/span><\/div>\n<\/td>\n<td>\n<div>&nbsp;<\/div>\n<p><span style=\"color: #000000;\"><img decoding=\"async\" class=\"lazyload HAa Eha\" style=\"border-width: 1px; border-style: solid; margin: 10px auto; display: block;\" alt=\"\" src=\"data:image\/svg+xml,%3Csvg%20xmlns%3D%27http%3A%2F%2Fwww.w3.org%2F2000%2Fsvg%27%20width%3D%27207%27%20height%3D%27311%27%20viewBox%3D%270%200%20207%20311%27%3E%3Crect%20width%3D%27207%27%20height%3D%27311%27%20fill-opacity%3D%220%22%2F%3E%3C%2Fsvg%3E\" data-orig-src=\"https:\/\/lh5.googleusercontent.com\/-6XFBsL3-MV4\/VIgzm_185gI\/AAAAAAAAF88\/0SSaE8Eqr8Q\/w266-h400-no\/pic19.jpg\" height=\"311\" width=\"207\" \/><\/span><\/p>\n<\/td>\n<\/tr>\n<tr>\n<td>\n<div>&nbsp;<\/div>\n<div>&nbsp;<\/div>\n<div><span style=\"color: #000000;\"><span style=\"font-family: tahoma,geneva,sans-serif;\"><span style=\"font-size: 12px;\"><img decoding=\"async\" class=\"lazyload HAa Eha\" style=\"margin: 10px auto; display: block; border: 1px solid;\" alt=\"\" src=\"data:image\/svg+xml,%3Csvg%20xmlns%3D%27http%3A%2F%2Fwww.w3.org%2F2000%2Fsvg%27%20width%3D%27300%27%20height%3D%27200%27%20viewBox%3D%270%200%20300%20200%27%3E%3Crect%20width%3D%27300%27%20height%3D%27200%27%20fill-opacity%3D%220%22%2F%3E%3C%2Fsvg%3E\" data-orig-src=\"https:\/\/lh3.googleusercontent.com\/-h6LiMhxnQxU\/VIgzk3VMzUI\/AAAAAAAAF9E\/xntOHg7CwLE\/w400-h266-no\/pic12.jpg\" height=\"200\" width=\"300\" \/><\/span><\/span><\/span><\/div>\n<p style=\"text-align: center;\">&nbsp;<\/p>\n<\/td>\n<td>\n<p><span style=\"color: #000000;\"><img decoding=\"async\" class=\"lazyload HAa Eha\" style=\"margin: 10px auto; display: block; border: 1px solid;\" alt=\"\" src=\"data:image\/svg+xml,%3Csvg%20xmlns%3D%27http%3A%2F%2Fwww.w3.org%2F2000%2Fsvg%27%20width%3D%27300%27%20height%3D%27200%27%20viewBox%3D%270%200%20300%20200%27%3E%3Crect%20width%3D%27300%27%20height%3D%27200%27%20fill-opacity%3D%220%22%2F%3E%3C%2Fsvg%3E\" data-orig-src=\"https:\/\/lh4.googleusercontent.com\/-PpiVHMle6sE\/VIgzqi1Q_HI\/AAAAAAAAF8k\/45QC6uFbKAs\/w400-h266-no\/untitled13.jpg\" height=\"200\" width=\"300\" \/><\/span><\/p>\n<\/td>\n<\/tr>\n<tr>\n<td>\n<p><span style=\"color: #000000;\"><img decoding=\"async\" class=\"lazyload HAa Eha\" style=\"margin: 10px auto; display: block; border: 1px solid;\" alt=\"\" src=\"data:image\/svg+xml,%3Csvg%20xmlns%3D%27http%3A%2F%2Fwww.w3.org%2F2000%2Fsvg%27%20width%3D%27300%27%20height%3D%27200%27%20viewBox%3D%270%200%20300%20200%27%3E%3Crect%20width%3D%27300%27%20height%3D%27200%27%20fill-opacity%3D%220%22%2F%3E%3C%2Fsvg%3E\" data-orig-src=\"https:\/\/lh5.googleusercontent.com\/-08zWgQEAcdk\/VIgzlBhlnsI\/AAAAAAAAF9Q\/NJe3xyUu9uY\/w400-h266-no\/pic14.jpg\" height=\"200\" width=\"300\" \/><\/span><\/p>\n<\/td>\n<td>\n<div><span style=\"color: #000000;\"><span style=\"font-family: tahoma,geneva,sans-serif;\"><span style=\"font-size: 12px;\"><img decoding=\"async\" class=\"lazyload HAa Eha\" style=\"margin: 10px auto; display: block; border: 1px solid;\" alt=\"\" src=\"data:image\/svg+xml,%3Csvg%20xmlns%3D%27http%3A%2F%2Fwww.w3.org%2F2000%2Fsvg%27%20width%3D%27300%27%20height%3D%27200%27%20viewBox%3D%270%200%20300%20200%27%3E%3Crect%20width%3D%27300%27%20height%3D%27200%27%20fill-opacity%3D%220%22%2F%3E%3C%2Fsvg%3E\" data-orig-src=\"https:\/\/lh6.googleusercontent.com\/-ZBLazGj1jgo\/VIgzlvl0Y-I\/AAAAAAAAF7Y\/Wu6XoBvbqgA\/w400-h266-no\/pic15.jpg\" height=\"200\" width=\"300\" \/><\/span><\/span><\/span><\/div>\n<\/td>\n<\/tr>\n<tr>\n<td>\n<p><span style=\"color: #000000;\"><img decoding=\"async\" class=\"lazyload HAa Eha\" style=\"margin: 10px auto; display: block; border: 1px solid;\" alt=\"\" src=\"data:image\/svg+xml,%3Csvg%20xmlns%3D%27http%3A%2F%2Fwww.w3.org%2F2000%2Fsvg%27%20width%3D%27300%27%20height%3D%27200%27%20viewBox%3D%270%200%20300%20200%27%3E%3Crect%20width%3D%27300%27%20height%3D%27200%27%20fill-opacity%3D%220%22%2F%3E%3C%2Fsvg%3E\" data-orig-src=\"https:\/\/lh3.googleusercontent.com\/-UMcHx0wqRME\/VIgzksh525I\/AAAAAAAAF7E\/QRKNGwLLI0k\/w400-h266-no\/pic11.jpg\" height=\"200\" width=\"300\" \/><\/span><\/p>\n<\/td>\n<td>\n<div>&nbsp;<\/div>\n<div><span style=\"color: #000000;\"><span style=\"font-family: tahoma,geneva,sans-serif;\"><span style=\"font-size: 12px;\"><img decoding=\"async\" class=\"lazyload HAa Eha\" style=\"margin: 10px auto; display: block; border: 1px solid;\" alt=\"\" src=\"data:image\/svg+xml,%3Csvg%20xmlns%3D%27http%3A%2F%2Fwww.w3.org%2F2000%2Fsvg%27%20width%3D%27300%27%20height%3D%27216%27%20viewBox%3D%270%200%20300%20216%27%3E%3Crect%20width%3D%27300%27%20height%3D%27216%27%20fill-opacity%3D%220%22%2F%3E%3C%2Fsvg%3E\" data-orig-src=\"https:\/\/lh6.googleusercontent.com\/-XHEttSEggSs\/VIgzmCBCf_I\/AAAAAAAAF9A\/qZ3Vf_dzhAo\/w400-h288-no\/pic16.jpg\" height=\"216\" width=\"300\" \/><\/span><\/span><\/span><\/div>\n<\/td>\n<\/tr>\n<tr>\n<td>\n<p><span style=\"color: #000000;\"><img decoding=\"async\" class=\"lazyload HAa Eha\" style=\"margin: 10px auto; display: block; border: 1px solid;\" alt=\"\" src=\"data:image\/svg+xml,%3Csvg%20xmlns%3D%27http%3A%2F%2Fwww.w3.org%2F2000%2Fsvg%27%20width%3D%27300%27%20height%3D%27200%27%20viewBox%3D%270%200%20300%20200%27%3E%3Crect%20width%3D%27300%27%20height%3D%27200%27%20fill-opacity%3D%220%22%2F%3E%3C%2Fsvg%3E\" data-orig-src=\"https:\/\/lh3.googleusercontent.com\/-E7LP7-y0Mhc\/VIgzmTEs58I\/AAAAAAAAF7g\/Or18dzNbHrQ\/w400-h266-no\/pic17.jpg\" height=\"200\" width=\"300\" \/><\/span><\/p>\n<\/td>\n<td>\n<div><span style=\"color: #000000;\"><span style=\"font-family: tahoma,geneva,sans-serif;\"><span style=\"font-size: 12px;\"><img decoding=\"async\" class=\"lazyload HAa Eha\" style=\"margin: 10px auto; display: block; border: 1px solid;\" alt=\"\" src=\"data:image\/svg+xml,%3Csvg%20xmlns%3D%27http%3A%2F%2Fwww.w3.org%2F2000%2Fsvg%27%20width%3D%27300%27%20height%3D%27200%27%20viewBox%3D%270%200%20300%20200%27%3E%3Crect%20width%3D%27300%27%20height%3D%27200%27%20fill-opacity%3D%220%22%2F%3E%3C%2Fsvg%3E\" data-orig-src=\"https:\/\/lh6.googleusercontent.com\/-JBgOSMSRHaw\/VIgzmudWRZI\/AAAAAAAAF80\/hDRsLQ9tbyg\/w400-h266-no\/pic18.jpg\" height=\"200\" width=\"300\" \/><\/span><\/span><\/span><\/div>\n<\/td>\n<\/tr>\n<tr>\n<td colspan=\"2\">\n<div><span style=\"color: #000000;\"><span style=\"font-family: tahoma,geneva,sans-serif;\"><span style=\"font-size: 12px;\">&nbsp;&nbsp;&nbsp;&nbsp;<\/span><\/span><\/span><\/div>\n<div>&nbsp;<\/div>\n<div> <span style=\"color: #000000;\"><span style=\"font-family: tahoma,geneva,sans-serif;\"><span style=\"font-size: 12px;\"><strong>&nbsp;&nbsp; Isidor Koti<\/strong><\/span><\/span><\/span><\/div>\n<div><span style=\"color: #000000;\"><span style=\"font-family: tahoma,geneva,sans-serif;\"><span style=\"font-size: 12px;\"><strong>&nbsp;&nbsp; Translated by: Gabriela Bezhani &amp; Nathan Hoppe<\/strong><\/span><\/span><\/span><\/div>\n<\/td>\n<\/tr>\n<\/tbody>\n<\/table>\n<div>&nbsp;<\/div>\n<\/td>\n<td>\n<div>&nbsp;<\/div>\n<\/td>\n<\/tr>\n<tr>\n<td>\n<div>&nbsp;<\/div>\n<\/td>\n<\/tr>\n<tr>\n<td>\n<div>&nbsp;<\/div>\n<\/td>\n<\/tr>\n<tr>\n<td>\n<div>&nbsp;<\/div>\n<\/td>\n<\/tr>\n<tr>\n<td>\n<div>&nbsp;<\/div>\n<\/td>\n<\/tr>\n<tr>\n<td>\n<div>&nbsp;<\/div>\n<\/td>\n<\/tr>\n<\/tbody>\n<\/table>\n","protected":false},"excerpt":{"rendered":"<p>&nbsp;&nbsp;&nbsp; Tirana in these days is filled with many festive lights and colors. All people walk on the boulevards and on the alleys of the capital city preparing to celebrate with their families as well as they can, this period of Christmas and New Years of 2007. &nbsp; &nbsp;&nbsp;&nbsp; To make the atmosphere even more beautiful, the youth of the Orthodox Church of Albania organized<\/p>\n","protected":false},"author":7,"featured_media":0,"comment_status":"open","ping_status":"open","sticky":false,"template":"","format":"standard","meta":{"_acf_changed":false,"pagelayer_contact_templates":[],"_pagelayer_content":"","inline_featured_image":false,"fifu_image_url":"","fifu_image_alt":"","footnotes":""},"categories":[1455,311],"tags":[1113,1185,1794],"class_list":["post-1280","post","type-post","status-publish","format-standard","hentry","category-news-en","category-news-d25","tag-2006-en","tag-events","tag-rinia-orthodhokse-en"],"acf":[],"yoast_head":"<!-- This site is optimized with the Yoast SEO plugin v27.2 - https:\/\/yoast.com\/product\/yoast-seo-wordpress\/ -->\n<title>The 9-th Festival of the Youth of Orthodox Church of Albania beautified the atmosphere of Christmas. (December 2006) - Kisha Orthodh\u03bfkse Autoqefale e Shqip\u00ebris\u00eb<\/title>\n<meta name=\"robots\" content=\"index, follow, max-snippet:-1, max-image-preview:large, max-video-preview:-1\" \/>\n<link rel=\"canonical\" href=\"https:\/\/orthodoxalbania.org\/2020\/en\/2006\/02\/26\/the-9-th-festival-of-the-youth-of-orthodox-church-of-albania-beautified-the-atmosphere-of-christmas-december-2006\/\" \/>\n<meta property=\"og:locale\" content=\"en_US\" \/>\n<meta property=\"og:type\" content=\"article\" \/>\n<meta property=\"og:title\" content=\"The 9-th Festival of the Youth of Orthodox Church of Albania beautified the atmosphere of Christmas. (December 2006) - Kisha Orthodh\u03bfkse Autoqefale e Shqip\u00ebris\u00eb\" \/>\n<meta property=\"og:description\" content=\"&nbsp;&nbsp;&nbsp; Tirana in these days is filled with many festive lights and colors. All people walk on the boulevards and on the alleys of the capital city preparing to celebrate with their families as well as they can, this period of Christmas and New Years of 2007. &nbsp; &nbsp;&nbsp;&nbsp; To make the atmosphere even more beautiful, the youth of the Orthodox Church of Albania organized\" \/>\n<meta property=\"og:url\" content=\"https:\/\/orthodoxalbania.org\/2020\/en\/2006\/02\/26\/the-9-th-festival-of-the-youth-of-orthodox-church-of-albania-beautified-the-atmosphere-of-christmas-december-2006\/\" \/>\n<meta property=\"og:site_name\" content=\"Kisha Orthodh\u03bfkse Autoqefale e Shqip\u00ebris\u00eb\" \/>\n<meta property=\"article:publisher\" content=\"https:\/\/www.facebook.com\/koash1991\" \/>\n<meta property=\"article:published_time\" content=\"2006-02-26T00:00:16+00:00\" \/>\n<meta property=\"article:modified_time\" content=\"2020-04-12T22:31:30+00:00\" \/>\n<meta property=\"og:image\" content=\"https:\/\/lh3.googleusercontent.com\/-FDWnebax4Zc\/VIgzrpDFk3I\/AAAAAAAAF84\/qGxchhZ9h0w\/w370-h246-no\/pic1.jpg\" \/>\n<meta name=\"author\" content=\"Kisha Orthodhokse\" \/>\n<meta name=\"twitter:card\" content=\"summary_large_image\" \/>\n<meta name=\"twitter:label1\" content=\"Written by\" \/>\n\t<meta name=\"twitter:data1\" content=\"Kisha Orthodhokse\" \/>\n\t<meta name=\"twitter:label2\" content=\"Est. reading time\" \/>\n\t<meta name=\"twitter:data2\" content=\"4 minutes\" \/>\n<script type=\"application\/ld+json\" class=\"yoast-schema-graph\">{\"@context\":\"https:\/\/schema.org\",\"@graph\":[{\"@type\":\"Article\",\"@id\":\"https:\/\/orthodoxalbania.org\/2020\/en\/2006\/02\/26\/the-9-th-festival-of-the-youth-of-orthodox-church-of-albania-beautified-the-atmosphere-of-christmas-december-2006\/#article\",\"isPartOf\":{\"@id\":\"https:\/\/orthodoxalbania.org\/2020\/en\/2006\/02\/26\/the-9-th-festival-of-the-youth-of-orthodox-church-of-albania-beautified-the-atmosphere-of-christmas-december-2006\/\"},\"author\":{\"name\":\"Kisha Orthodhokse\",\"@id\":\"https:\/\/orthodoxalbania.org\/2020\/#\/schema\/person\/df745f942b70e045b3dc05a30211f0de\"},\"headline\":\"The 9-th Festival of the Youth of Orthodox Church of Albania beautified the atmosphere of Christmas. (December 2006)\",\"datePublished\":\"2006-02-26T00:00:16+00:00\",\"dateModified\":\"2020-04-12T22:31:30+00:00\",\"mainEntityOfPage\":{\"@id\":\"https:\/\/orthodoxalbania.org\/2020\/en\/2006\/02\/26\/the-9-th-festival-of-the-youth-of-orthodox-church-of-albania-beautified-the-atmosphere-of-christmas-december-2006\/\"},\"wordCount\":788,\"commentCount\":0,\"publisher\":{\"@id\":\"https:\/\/orthodoxalbania.org\/2020\/#organization\"},\"image\":{\"@id\":\"https:\/\/orthodoxalbania.org\/2020\/en\/2006\/02\/26\/the-9-th-festival-of-the-youth-of-orthodox-church-of-albania-beautified-the-atmosphere-of-christmas-december-2006\/#primaryimage\"},\"thumbnailUrl\":\"https:\/\/lh3.googleusercontent.com\/-FDWnebax4Zc\/VIgzrpDFk3I\/AAAAAAAAF84\/qGxchhZ9h0w\/w370-h246-no\/pic1.jpg\",\"keywords\":[\"2006\",\"Events\",\"Rinia Orthodhokse\"],\"articleSection\":[\"News - \u0395\u039d\",\"News old page\"],\"inLanguage\":\"en-US\"},{\"@type\":\"WebPage\",\"@id\":\"https:\/\/orthodoxalbania.org\/2020\/en\/2006\/02\/26\/the-9-th-festival-of-the-youth-of-orthodox-church-of-albania-beautified-the-atmosphere-of-christmas-december-2006\/\",\"url\":\"https:\/\/orthodoxalbania.org\/2020\/en\/2006\/02\/26\/the-9-th-festival-of-the-youth-of-orthodox-church-of-albania-beautified-the-atmosphere-of-christmas-december-2006\/\",\"name\":\"The 9-th Festival of the Youth of Orthodox Church of Albania beautified the atmosphere of Christmas. (December 2006) - Kisha Orthodh\u03bfkse Autoqefale e Shqip\u00ebris\u00eb\",\"isPartOf\":{\"@id\":\"https:\/\/orthodoxalbania.org\/2020\/#website\"},\"primaryImageOfPage\":{\"@id\":\"https:\/\/orthodoxalbania.org\/2020\/en\/2006\/02\/26\/the-9-th-festival-of-the-youth-of-orthodox-church-of-albania-beautified-the-atmosphere-of-christmas-december-2006\/#primaryimage\"},\"image\":{\"@id\":\"https:\/\/orthodoxalbania.org\/2020\/en\/2006\/02\/26\/the-9-th-festival-of-the-youth-of-orthodox-church-of-albania-beautified-the-atmosphere-of-christmas-december-2006\/#primaryimage\"},\"thumbnailUrl\":\"https:\/\/lh3.googleusercontent.com\/-FDWnebax4Zc\/VIgzrpDFk3I\/AAAAAAAAF84\/qGxchhZ9h0w\/w370-h246-no\/pic1.jpg\",\"datePublished\":\"2006-02-26T00:00:16+00:00\",\"dateModified\":\"2020-04-12T22:31:30+00:00\",\"breadcrumb\":{\"@id\":\"https:\/\/orthodoxalbania.org\/2020\/en\/2006\/02\/26\/the-9-th-festival-of-the-youth-of-orthodox-church-of-albania-beautified-the-atmosphere-of-christmas-december-2006\/#breadcrumb\"},\"inLanguage\":\"en-US\",\"potentialAction\":[{\"@type\":\"ReadAction\",\"target\":[\"https:\/\/orthodoxalbania.org\/2020\/en\/2006\/02\/26\/the-9-th-festival-of-the-youth-of-orthodox-church-of-albania-beautified-the-atmosphere-of-christmas-december-2006\/\"]}]},{\"@type\":\"ImageObject\",\"inLanguage\":\"en-US\",\"@id\":\"https:\/\/orthodoxalbania.org\/2020\/en\/2006\/02\/26\/the-9-th-festival-of-the-youth-of-orthodox-church-of-albania-beautified-the-atmosphere-of-christmas-december-2006\/#primaryimage\",\"url\":\"https:\/\/lh3.googleusercontent.com\/-FDWnebax4Zc\/VIgzrpDFk3I\/AAAAAAAAF84\/qGxchhZ9h0w\/w370-h246-no\/pic1.jpg\",\"contentUrl\":\"https:\/\/lh3.googleusercontent.com\/-FDWnebax4Zc\/VIgzrpDFk3I\/AAAAAAAAF84\/qGxchhZ9h0w\/w370-h246-no\/pic1.jpg\"},{\"@type\":\"BreadcrumbList\",\"@id\":\"https:\/\/orthodoxalbania.org\/2020\/en\/2006\/02\/26\/the-9-th-festival-of-the-youth-of-orthodox-church-of-albania-beautified-the-atmosphere-of-christmas-december-2006\/#breadcrumb\",\"itemListElement\":[{\"@type\":\"ListItem\",\"position\":1,\"name\":\"Home\",\"item\":\"https:\/\/orthodoxalbania.org\/2020\/\"},{\"@type\":\"ListItem\",\"position\":2,\"name\":\"The 9-th Festival of the Youth of Orthodox Church of Albania beautified the atmosphere of Christmas. (December 2006)\"}]},{\"@type\":\"WebSite\",\"@id\":\"https:\/\/orthodoxalbania.org\/2020\/#website\",\"url\":\"https:\/\/orthodoxalbania.org\/2020\/\",\"name\":\"Kisha Orthodh\u03bfkse Autoqefale e Shqip\u00ebris\u00eb\",\"description\":\"Fqja Zyrtare e Kish\u00ebs Orthodhokse Autoqefale e Shqip\u00ebris\u00eb me lajmet edhe informacionet zyrtare p\u00ebr struktur\u00ebn edhe veprimtarin e saj.\",\"publisher\":{\"@id\":\"https:\/\/orthodoxalbania.org\/2020\/#organization\"},\"potentialAction\":[{\"@type\":\"SearchAction\",\"target\":{\"@type\":\"EntryPoint\",\"urlTemplate\":\"https:\/\/orthodoxalbania.org\/2020\/?s={search_term_string}\"},\"query-input\":{\"@type\":\"PropertyValueSpecification\",\"valueRequired\":true,\"valueName\":\"search_term_string\"}}],\"inLanguage\":\"en-US\"},{\"@type\":\"Organization\",\"@id\":\"https:\/\/orthodoxalbania.org\/2020\/#organization\",\"name\":\"Kisha Orthodhokse Autoqefale e Shqip\u00ebris\u00eb\",\"url\":\"https:\/\/orthodoxalbania.org\/2020\/\",\"logo\":{\"@type\":\"ImageObject\",\"inLanguage\":\"en-US\",\"@id\":\"https:\/\/orthodoxalbania.org\/2020\/#\/schema\/logo\/image\/\",\"url\":\"https:\/\/orthodoxalbania.org\/2020\/wp-content\/uploads\/2020\/05\/albania.jpeg\",\"contentUrl\":\"https:\/\/orthodoxalbania.org\/2020\/wp-content\/uploads\/2020\/05\/albania.jpeg\",\"width\":540,\"height\":540,\"caption\":\"Kisha Orthodhokse Autoqefale e Shqip\u00ebris\u00eb\"},\"image\":{\"@id\":\"https:\/\/orthodoxalbania.org\/2020\/#\/schema\/logo\/image\/\"},\"sameAs\":[\"https:\/\/www.facebook.com\/koash1991\"]},{\"@type\":\"Person\",\"@id\":\"https:\/\/orthodoxalbania.org\/2020\/#\/schema\/person\/df745f942b70e045b3dc05a30211f0de\",\"name\":\"Kisha Orthodhokse\",\"image\":{\"@type\":\"ImageObject\",\"inLanguage\":\"en-US\",\"@id\":\"https:\/\/secure.gravatar.com\/avatar\/2676eb8d97178435c9f691a7871595a1da6c33542dec218bce40885573150e28?s=96&d=mm&r=g\",\"url\":\"https:\/\/secure.gravatar.com\/avatar\/2676eb8d97178435c9f691a7871595a1da6c33542dec218bce40885573150e28?s=96&d=mm&r=g\",\"contentUrl\":\"https:\/\/secure.gravatar.com\/avatar\/2676eb8d97178435c9f691a7871595a1da6c33542dec218bce40885573150e28?s=96&d=mm&r=g\",\"caption\":\"Kisha Orthodhokse\"}}]}<\/script>\n<!-- \/ Yoast SEO plugin. -->","yoast_head_json":{"title":"The 9-th Festival of the Youth of Orthodox Church of Albania beautified the atmosphere of Christmas. (December 2006) - Kisha Orthodh\u03bfkse Autoqefale e Shqip\u00ebris\u00eb","robots":{"index":"index","follow":"follow","max-snippet":"max-snippet:-1","max-image-preview":"max-image-preview:large","max-video-preview":"max-video-preview:-1"},"canonical":"https:\/\/orthodoxalbania.org\/2020\/en\/2006\/02\/26\/the-9-th-festival-of-the-youth-of-orthodox-church-of-albania-beautified-the-atmosphere-of-christmas-december-2006\/","og_locale":"en_US","og_type":"article","og_title":"The 9-th Festival of the Youth of Orthodox Church of Albania beautified the atmosphere of Christmas. (December 2006) - Kisha Orthodh\u03bfkse Autoqefale e Shqip\u00ebris\u00eb","og_description":"&nbsp;&nbsp;&nbsp; Tirana in these days is filled with many festive lights and colors. All people walk on the boulevards and on the alleys of the capital city preparing to celebrate with their families as well as they can, this period of Christmas and New Years of 2007. &nbsp; &nbsp;&nbsp;&nbsp; To make the atmosphere even more beautiful, the youth of the Orthodox Church of Albania organized","og_url":"https:\/\/orthodoxalbania.org\/2020\/en\/2006\/02\/26\/the-9-th-festival-of-the-youth-of-orthodox-church-of-albania-beautified-the-atmosphere-of-christmas-december-2006\/","og_site_name":"Kisha Orthodh\u03bfkse Autoqefale e Shqip\u00ebris\u00eb","article_publisher":"https:\/\/www.facebook.com\/koash1991","article_published_time":"2006-02-26T00:00:16+00:00","article_modified_time":"2020-04-12T22:31:30+00:00","og_image":[{"url":"https:\/\/lh3.googleusercontent.com\/-FDWnebax4Zc\/VIgzrpDFk3I\/AAAAAAAAF84\/qGxchhZ9h0w\/w370-h246-no\/pic1.jpg","type":"","width":"","height":""}],"author":"Kisha Orthodhokse","twitter_card":"summary_large_image","twitter_misc":{"Written by":"Kisha Orthodhokse","Est. reading time":"4 minutes"},"schema":{"@context":"https:\/\/schema.org","@graph":[{"@type":"Article","@id":"https:\/\/orthodoxalbania.org\/2020\/en\/2006\/02\/26\/the-9-th-festival-of-the-youth-of-orthodox-church-of-albania-beautified-the-atmosphere-of-christmas-december-2006\/#article","isPartOf":{"@id":"https:\/\/orthodoxalbania.org\/2020\/en\/2006\/02\/26\/the-9-th-festival-of-the-youth-of-orthodox-church-of-albania-beautified-the-atmosphere-of-christmas-december-2006\/"},"author":{"name":"Kisha Orthodhokse","@id":"https:\/\/orthodoxalbania.org\/2020\/#\/schema\/person\/df745f942b70e045b3dc05a30211f0de"},"headline":"The 9-th Festival of the Youth of Orthodox Church of Albania beautified the atmosphere of Christmas. (December 2006)","datePublished":"2006-02-26T00:00:16+00:00","dateModified":"2020-04-12T22:31:30+00:00","mainEntityOfPage":{"@id":"https:\/\/orthodoxalbania.org\/2020\/en\/2006\/02\/26\/the-9-th-festival-of-the-youth-of-orthodox-church-of-albania-beautified-the-atmosphere-of-christmas-december-2006\/"},"wordCount":788,"commentCount":0,"publisher":{"@id":"https:\/\/orthodoxalbania.org\/2020\/#organization"},"image":{"@id":"https:\/\/orthodoxalbania.org\/2020\/en\/2006\/02\/26\/the-9-th-festival-of-the-youth-of-orthodox-church-of-albania-beautified-the-atmosphere-of-christmas-december-2006\/#primaryimage"},"thumbnailUrl":"https:\/\/lh3.googleusercontent.com\/-FDWnebax4Zc\/VIgzrpDFk3I\/AAAAAAAAF84\/qGxchhZ9h0w\/w370-h246-no\/pic1.jpg","keywords":["2006","Events","Rinia Orthodhokse"],"articleSection":["News - \u0395\u039d","News old page"],"inLanguage":"en-US"},{"@type":"WebPage","@id":"https:\/\/orthodoxalbania.org\/2020\/en\/2006\/02\/26\/the-9-th-festival-of-the-youth-of-orthodox-church-of-albania-beautified-the-atmosphere-of-christmas-december-2006\/","url":"https:\/\/orthodoxalbania.org\/2020\/en\/2006\/02\/26\/the-9-th-festival-of-the-youth-of-orthodox-church-of-albania-beautified-the-atmosphere-of-christmas-december-2006\/","name":"The 9-th Festival of the Youth of Orthodox Church of Albania beautified the atmosphere of Christmas. (December 2006) - Kisha Orthodh\u03bfkse Autoqefale e Shqip\u00ebris\u00eb","isPartOf":{"@id":"https:\/\/orthodoxalbania.org\/2020\/#website"},"primaryImageOfPage":{"@id":"https:\/\/orthodoxalbania.org\/2020\/en\/2006\/02\/26\/the-9-th-festival-of-the-youth-of-orthodox-church-of-albania-beautified-the-atmosphere-of-christmas-december-2006\/#primaryimage"},"image":{"@id":"https:\/\/orthodoxalbania.org\/2020\/en\/2006\/02\/26\/the-9-th-festival-of-the-youth-of-orthodox-church-of-albania-beautified-the-atmosphere-of-christmas-december-2006\/#primaryimage"},"thumbnailUrl":"https:\/\/lh3.googleusercontent.com\/-FDWnebax4Zc\/VIgzrpDFk3I\/AAAAAAAAF84\/qGxchhZ9h0w\/w370-h246-no\/pic1.jpg","datePublished":"2006-02-26T00:00:16+00:00","dateModified":"2020-04-12T22:31:30+00:00","breadcrumb":{"@id":"https:\/\/orthodoxalbania.org\/2020\/en\/2006\/02\/26\/the-9-th-festival-of-the-youth-of-orthodox-church-of-albania-beautified-the-atmosphere-of-christmas-december-2006\/#breadcrumb"},"inLanguage":"en-US","potentialAction":[{"@type":"ReadAction","target":["https:\/\/orthodoxalbania.org\/2020\/en\/2006\/02\/26\/the-9-th-festival-of-the-youth-of-orthodox-church-of-albania-beautified-the-atmosphere-of-christmas-december-2006\/"]}]},{"@type":"ImageObject","inLanguage":"en-US","@id":"https:\/\/orthodoxalbania.org\/2020\/en\/2006\/02\/26\/the-9-th-festival-of-the-youth-of-orthodox-church-of-albania-beautified-the-atmosphere-of-christmas-december-2006\/#primaryimage","url":"https:\/\/lh3.googleusercontent.com\/-FDWnebax4Zc\/VIgzrpDFk3I\/AAAAAAAAF84\/qGxchhZ9h0w\/w370-h246-no\/pic1.jpg","contentUrl":"https:\/\/lh3.googleusercontent.com\/-FDWnebax4Zc\/VIgzrpDFk3I\/AAAAAAAAF84\/qGxchhZ9h0w\/w370-h246-no\/pic1.jpg"},{"@type":"BreadcrumbList","@id":"https:\/\/orthodoxalbania.org\/2020\/en\/2006\/02\/26\/the-9-th-festival-of-the-youth-of-orthodox-church-of-albania-beautified-the-atmosphere-of-christmas-december-2006\/#breadcrumb","itemListElement":[{"@type":"ListItem","position":1,"name":"Home","item":"https:\/\/orthodoxalbania.org\/2020\/"},{"@type":"ListItem","position":2,"name":"The 9-th Festival of the Youth of Orthodox Church of Albania beautified the atmosphere of Christmas. (December 2006)"}]},{"@type":"WebSite","@id":"https:\/\/orthodoxalbania.org\/2020\/#website","url":"https:\/\/orthodoxalbania.org\/2020\/","name":"Kisha Orthodh\u03bfkse Autoqefale e Shqip\u00ebris\u00eb","description":"Fqja Zyrtare e Kish\u00ebs Orthodhokse Autoqefale e Shqip\u00ebris\u00eb me lajmet edhe informacionet zyrtare p\u00ebr struktur\u00ebn edhe veprimtarin e saj.","publisher":{"@id":"https:\/\/orthodoxalbania.org\/2020\/#organization"},"potentialAction":[{"@type":"SearchAction","target":{"@type":"EntryPoint","urlTemplate":"https:\/\/orthodoxalbania.org\/2020\/?s={search_term_string}"},"query-input":{"@type":"PropertyValueSpecification","valueRequired":true,"valueName":"search_term_string"}}],"inLanguage":"en-US"},{"@type":"Organization","@id":"https:\/\/orthodoxalbania.org\/2020\/#organization","name":"Kisha Orthodhokse Autoqefale e Shqip\u00ebris\u00eb","url":"https:\/\/orthodoxalbania.org\/2020\/","logo":{"@type":"ImageObject","inLanguage":"en-US","@id":"https:\/\/orthodoxalbania.org\/2020\/#\/schema\/logo\/image\/","url":"https:\/\/orthodoxalbania.org\/2020\/wp-content\/uploads\/2020\/05\/albania.jpeg","contentUrl":"https:\/\/orthodoxalbania.org\/2020\/wp-content\/uploads\/2020\/05\/albania.jpeg","width":540,"height":540,"caption":"Kisha Orthodhokse Autoqefale e Shqip\u00ebris\u00eb"},"image":{"@id":"https:\/\/orthodoxalbania.org\/2020\/#\/schema\/logo\/image\/"},"sameAs":["https:\/\/www.facebook.com\/koash1991"]},{"@type":"Person","@id":"https:\/\/orthodoxalbania.org\/2020\/#\/schema\/person\/df745f942b70e045b3dc05a30211f0de","name":"Kisha Orthodhokse","image":{"@type":"ImageObject","inLanguage":"en-US","@id":"https:\/\/secure.gravatar.com\/avatar\/2676eb8d97178435c9f691a7871595a1da6c33542dec218bce40885573150e28?s=96&d=mm&r=g","url":"https:\/\/secure.gravatar.com\/avatar\/2676eb8d97178435c9f691a7871595a1da6c33542dec218bce40885573150e28?s=96&d=mm&r=g","contentUrl":"https:\/\/secure.gravatar.com\/avatar\/2676eb8d97178435c9f691a7871595a1da6c33542dec218bce40885573150e28?s=96&d=mm&r=g","caption":"Kisha Orthodhokse"}}]}},"_links":{"self":[{"href":"https:\/\/orthodoxalbania.org\/2020\/wp-json\/wp\/v2\/posts\/1280","targetHints":{"allow":["GET"]}}],"collection":[{"href":"https:\/\/orthodoxalbania.org\/2020\/wp-json\/wp\/v2\/posts"}],"about":[{"href":"https:\/\/orthodoxalbania.org\/2020\/wp-json\/wp\/v2\/types\/post"}],"author":[{"embeddable":true,"href":"https:\/\/orthodoxalbania.org\/2020\/wp-json\/wp\/v2\/users\/7"}],"replies":[{"embeddable":true,"href":"https:\/\/orthodoxalbania.org\/2020\/wp-json\/wp\/v2\/comments?post=1280"}],"version-history":[{"count":1,"href":"https:\/\/orthodoxalbania.org\/2020\/wp-json\/wp\/v2\/posts\/1280\/revisions"}],"predecessor-version":[{"id":18066,"href":"https:\/\/orthodoxalbania.org\/2020\/wp-json\/wp\/v2\/posts\/1280\/revisions\/18066"}],"wp:attachment":[{"href":"https:\/\/orthodoxalbania.org\/2020\/wp-json\/wp\/v2\/media?parent=1280"}],"wp:term":[{"taxonomy":"category","embeddable":true,"href":"https:\/\/orthodoxalbania.org\/2020\/wp-json\/wp\/v2\/categories?post=1280"},{"taxonomy":"post_tag","embeddable":true,"href":"https:\/\/orthodoxalbania.org\/2020\/wp-json\/wp\/v2\/tags?post=1280"}],"curies":[{"name":"wp","href":"https:\/\/api.w.org\/{rel}","templated":true}]}}