{"id":1275,"date":"2008-02-26T00:00:30","date_gmt":"2008-02-26T00:00:30","guid":{"rendered":""},"modified":"2020-04-13T00:31:19","modified_gmt":"2020-04-12T22:31:19","slug":"the-11th-annual-national-festival-of-the-albanian-orthodox-youth-2008","status":"publish","type":"post","link":"https:\/\/orthodoxalbania.org\/2020\/en\/2008\/02\/26\/the-11th-annual-national-festival-of-the-albanian-orthodox-youth-2008\/","title":{"rendered":"The 11th Annual National Festival of the Albanian Orthodox Youth. (December 2008)"},"content":{"rendered":"<table style=\"width: 669px; height: 1130px;\" border=\"0\">\n<tbody>\n<tr>\n<td>\n<div style=\"text-align: justify;\"><span style=\"color: #000000;\"><span style=\"font-family: tahoma,geneva,sans-serif;\"><span style=\"font-size: 12px;\"><img decoding=\"async\" class=\"lazyload HAa Eha\" style=\"margin: 10px auto; display: block; border: 1px solid;\" alt=\"\" src=\"data:image\/svg+xml,%3Csvg%20xmlns%3D%27http%3A%2F%2Fwww.w3.org%2F2000%2Fsvg%27%20width%3D%27300%27%20height%3D%27169%27%20viewBox%3D%270%200%20300%20169%27%3E%3Crect%20width%3D%27300%27%20height%3D%27169%27%20fill-opacity%3D%220%22%2F%3E%3C%2Fsvg%3E\" data-orig-src=\"https:\/\/lh6.googleusercontent.com\/-dfAo-LtL11Q\/VJFltUn9G0I\/AAAAAAAAIFI\/5dD_NbIqre8\/w448-h252-no\/1.jpg\" height=\"169\" width=\"300\" \/><\/span><\/span><\/span><\/div>\n<\/td>\n<td>\n<div>\n<div style=\"text-align: justify;\"><span style=\"color: #000000;\"><span style=\"font-family: tahoma,geneva,sans-serif;\"><span style=\"font-size: 12px;\">&nbsp;<span class=\"style12\"> An unforgettable event, during a beautifully warm afternoon in the middle of winter! Everyone will remember this occasion as one of the most remarkable events in its eleven year history. The National Festival of the Albanian Orthodox Youth represents the artistic and spiritual values of a new generation.<\/span><\/span><\/span><\/span><\/div>\n<div style=\"text-align: justify;\"> <span style=\"color: #000000;\"><span style=\"font-family: tahoma,geneva,sans-serif;\"><span style=\"font-size: 12px;\"><span class=\"style12\">&nbsp;&nbsp;&nbsp; On December 26, 2008 the main hall of the National History Museum in Tirana was crowded with hundreds of people who came together in an atmosphere of joyful wishes for a new creative year.<\/span><\/span><\/span><\/span><\/div>\n<\/div>\n<\/td>\n<\/tr>\n<tr>\n<td>\n<div class=\"style13\" style=\"text-align: justify;\"><span style=\"color: #000000;\"><span style=\"font-family: tahoma,geneva,sans-serif;\"><span style=\"font-size: 12px;\">&nbsp;&nbsp;&nbsp; The singing, dancing, and the recitations created an exciting and colorful spirit of celebration.<\/span><\/span><\/span><\/div>\n<div class=\"style13\" style=\"text-align: justify;\">&nbsp;<\/div>\n<div class=\"style13\" style=\"text-align: justify;\"><span style=\"color: #000000;\"><span style=\"font-family: tahoma,geneva,sans-serif;\"><span style=\"font-size: 12px;\">&nbsp;&nbsp;&nbsp; As the children held lighted candles and walking silently on to the stage, the youth started the event by announcing the coming of our Savior into the world. Amidst the applause, the speakers started to convey the first messages, \u201cWe are all excited today &#8211; for this is not a false light, like those we see all around us these days. The True light has come, a light which everyone can discern within themselves.<\/span><\/span><\/span><\/div>\n<\/td>\n<td>\n<div style=\"text-align: justify;\"><span style=\"color: #000000;\"><span style=\"font-family: tahoma,geneva,sans-serif;\"><span style=\"font-size: 12px;\"><img decoding=\"async\" class=\"lazyload HAa Eha\" style=\"margin: 10px auto; display: block; border: 1px solid;\" alt=\"\" src=\"data:image\/svg+xml,%3Csvg%20xmlns%3D%27http%3A%2F%2Fwww.w3.org%2F2000%2Fsvg%27%20width%3D%27300%27%20height%3D%27169%27%20viewBox%3D%270%200%20300%20169%27%3E%3Crect%20width%3D%27300%27%20height%3D%27169%27%20fill-opacity%3D%220%22%2F%3E%3C%2Fsvg%3E\" data-orig-src=\"https:\/\/lh4.googleusercontent.com\/-PvYSHWdLwUU\/VJFlt-hxoGI\/AAAAAAAAIE4\/vmdZReY3_fM\/w448-h252-no\/2.jpg\" height=\"169\" width=\"300\" \/><\/span><\/span><\/span><\/div>\n<\/td>\n<\/tr>\n<tr>\n<td>\n<div style=\"text-align: justify;\"><span style=\"color: #000000;\"><span style=\"font-family: tahoma,geneva,sans-serif;\"><span style=\"font-size: 12px;\"><img decoding=\"async\" class=\"lazyload HAa Eha\" style=\"margin: 10px auto; display: block; border: 1px solid;\" alt=\"\" src=\"data:image\/svg+xml,%3Csvg%20xmlns%3D%27http%3A%2F%2Fwww.w3.org%2F2000%2Fsvg%27%20width%3D%27300%27%20height%3D%27169%27%20viewBox%3D%270%200%20300%20169%27%3E%3Crect%20width%3D%27300%27%20height%3D%27169%27%20fill-opacity%3D%220%22%2F%3E%3C%2Fsvg%3E\" data-orig-src=\"https:\/\/lh5.googleusercontent.com\/-AIGNDoQvvXM\/VJFluOY58XI\/AAAAAAAAIE0\/pwpd5HMNNhI\/w448-h252-no\/3.jpg\" height=\"169\" width=\"300\" \/><\/span><\/span><\/span><\/div>\n<\/td>\n<td>\n<div class=\"style14\" style=\"text-align: justify;\"><span style=\"color: #000000;\"><span style=\"font-family: tahoma,geneva,sans-serif;\"><span style=\"font-size: 12px;\">&nbsp;&nbsp;&nbsp; It is Christ, the little baby who was born in a cave in Bethlehem and came to our city to find shelter within our hearts.\u201d<\/span><\/span><\/span><\/div>\n<div class=\"style14\" style=\"text-align: justify;\"> <span style=\"color: #000000;\"><span style=\"font-family: tahoma,geneva,sans-serif;\"><span style=\"font-size: 12px;\">&nbsp;&nbsp;&nbsp; An over-head projector displayed the message of Archbishop Anastasios which was broadcasted by the media on Christmas Eve. The youth groups and pupils of the elementary schools of our church then entered to sing Christian and folk songs, to perform traditional dances, make recitations, and to present a drama.<\/span><\/span><\/span><\/div>\n<\/td>\n<\/tr>\n<tr>\n<td>\n<div class=\"style15\" style=\"text-align: justify;\"><span style=\"color: #000000;\"><span style=\"font-family: tahoma,geneva,sans-serif;\"><span style=\"font-size: 12px;\">&nbsp;&nbsp; Their smiling faces were full of light. Among the guests were His Beatitude Archbishop Anastasios, the supporter of this event, together with the Metropolitan of Berati, His Grace Ignatios, the Bishop of Apollonia, His Grace Nikolla, the Bishop of Kruja, His Grace Andoni and other clerics and faithful.<\/span><\/span><\/span><\/div>\n<div class=\"style15\" style=\"text-align: justify;\"> <span style=\"color: #000000;\"><span style=\"font-family: tahoma,geneva,sans-serif;\"><span style=\"font-size: 12px;\">&nbsp;&nbsp;&nbsp; This joyful feeling of cooperation and brotherhood lasted for about three hours and was in fact a mixture of Christian and traditional values.<\/span><\/span><\/span><\/div>\n<\/td>\n<td>\n<div style=\"text-align: justify;\"><span style=\"color: #000000;\"><span style=\"font-family: tahoma,geneva,sans-serif;\"><span style=\"font-size: 12px;\"><img decoding=\"async\" class=\"lazyload HAa Eha\" style=\"margin: 10px auto; display: block; border: 1px solid;\" alt=\"\" src=\"data:image\/svg+xml,%3Csvg%20xmlns%3D%27http%3A%2F%2Fwww.w3.org%2F2000%2Fsvg%27%20width%3D%27300%27%20height%3D%27169%27%20viewBox%3D%270%200%20300%20169%27%3E%3Crect%20width%3D%27300%27%20height%3D%27169%27%20fill-opacity%3D%220%22%2F%3E%3C%2Fsvg%3E\" data-orig-src=\"https:\/\/lh6.googleusercontent.com\/-0r9jqQPwuaI\/VJFlusUwaxI\/AAAAAAAAIEQ\/Z0TR0vHMLFU\/w448-h252-no\/4.jpg\" height=\"169\" width=\"300\" \/><\/span><\/span><\/span><\/div>\n<\/td>\n<\/tr>\n<tr>\n<td>\n<div style=\"text-align: justify;\"><span style=\"color: #000000;\"><span style=\"font-family: tahoma,geneva,sans-serif;\"><span style=\"font-size: 12px;\"><img decoding=\"async\" class=\"lazyload HAa Eha\" style=\"margin: 10px auto; display: block; border: 1px solid;\" alt=\"\" src=\"data:image\/svg+xml,%3Csvg%20xmlns%3D%27http%3A%2F%2Fwww.w3.org%2F2000%2Fsvg%27%20width%3D%27300%27%20height%3D%27169%27%20viewBox%3D%270%200%20300%20169%27%3E%3Crect%20width%3D%27300%27%20height%3D%27169%27%20fill-opacity%3D%220%22%2F%3E%3C%2Fsvg%3E\" data-orig-src=\"https:\/\/lh4.googleusercontent.com\/-Ea7nOZ3rjY8\/VJFluyO9cvI\/AAAAAAAAIEw\/koWgrg7_o-E\/w448-h252-no\/5.jpg\" height=\"169\" width=\"300\" \/><\/span><\/span><\/span><\/div>\n<\/td>\n<td>\n<div class=\"style16\" style=\"text-align: justify;\"><span style=\"color: #000000;\"><span style=\"font-family: tahoma,geneva,sans-serif;\"><span style=\"font-size: 12px;\">&nbsp;&nbsp;&nbsp; Thanks and gratitude to all the participants were expressed, especially to those who contributed to the organization and success of this festive event. Fifteen youth groups (<em>which were selected at the local festivals organized in their own dioceses during the month of December<\/em>) brought the characteristic charm of their regions. Besides the competitors, other groups of children and orthodox youth came to sing and dance as guests.<\/span><\/span><\/span><\/div>\n<\/td>\n<\/tr>\n<tr>\n<td>\n<div class=\"style17\" style=\"text-align: justify;\"><span style=\"color: #000000;\"><span style=\"font-family: tahoma,geneva,sans-serif;\"><span style=\"font-size: 12px;\">&nbsp;&nbsp;&nbsp; A drama entitled \u201cThe Forgiveness, the Final Form of Love\u201d was performed by the youth of Tirana; Mr. Gabriel and Maria Prifti sang \u201cLove of God\u201d and \u201cThe bells are Ringing Again\u201d. The drama, the songs and the other guests created a special atmosphere for all the participants.<\/span><\/span><\/span><\/div>\n<div class=\"style17\" style=\"text-align: justify;\"> <span style=\"color: #000000;\"><span style=\"font-family: tahoma,geneva,sans-serif;\"><span style=\"font-size: 12px;\">&nbsp;&nbsp; At the end of the competition, the jury withdrew to make their decision. Meanwhile Archbishop Anastasios gave his congratulations regarding the organization of the festival.<\/span><\/span><\/span><\/div>\n<\/td>\n<td style=\"text-align: center;\">\n<div><span style=\"color: #000000;\"><span style=\"font-family: tahoma,geneva,sans-serif;\"><span style=\"font-size: 12px;\"><img decoding=\"async\" class=\"lazyload HAa Eha\" style=\"margin: 10px auto; display: block; border: 1px solid;\" alt=\"\" src=\"data:image\/svg+xml,%3Csvg%20xmlns%3D%27http%3A%2F%2Fwww.w3.org%2F2000%2Fsvg%27%20width%3D%27300%27%20height%3D%27169%27%20viewBox%3D%270%200%20300%20169%27%3E%3Crect%20width%3D%27300%27%20height%3D%27169%27%20fill-opacity%3D%220%22%2F%3E%3C%2Fsvg%3E\" data-orig-src=\"https:\/\/lh3.googleusercontent.com\/-KiBCU8j3eDg\/VJFlvu0V-pI\/AAAAAAAAIEc\/WEo-Hlul0kw\/w448-h252-no\/6.jpg\" height=\"169\" width=\"300\" \/><\/span><\/span><\/span><\/div>\n<\/td>\n<\/tr>\n<\/tbody>\n<\/table>\n<table style=\"width: 680px; height: 128px;\" border=\"0\">\n<tbody>\n<tr>\n<td>\n<div class=\"style18\" style=\"text-align: justify;\"><span style=\"color: #000000;\"><span style=\"font-family: tahoma,geneva,sans-serif;\"><span style=\"font-size: 12px;\">&nbsp;&nbsp; He emphasized, \u201cIf we want to be part of the big European family, we must progress spiritually. Albania needs all of you.<\/span><\/span><\/span><\/div>\n<div class=\"style18\" style=\"text-align: justify;\"> <span style=\"color: #000000;\"><span style=\"font-family: tahoma,geneva,sans-serif;\"><span style=\"font-size: 12px;\">&nbsp;&nbsp; Honest working people who are interested in the progress of the Country; with a spirit of decisiveness and sacrifice. Each individual\u2019s progress is related to the progress of the Country itself. I do not worry about the future because it is in the hands of Christ. The more we relate to Christ the more hope we have for the future. We must follow the example of enlightened men and not of those who think only of themselves. Let us celebrate the coming of our Savior with spiritual warmth. Merry Christmas to all!\u201d<\/span><\/span><\/span><\/div>\n<div class=\"style18\" style=\"text-align: justify;\"> <span style=\"color: #000000;\"><span style=\"font-family: tahoma,geneva,sans-serif;\"><span style=\"font-size: 12px;\">&nbsp;&nbsp;&nbsp; At the end of the program, the jury declared the winners. The group from Kelcyra won the prize of encouragement. Third prize went to the groups from Berati and Kor\u00e7a. Second prize was awarded to the group from Kavaja. First prize went to the group from Tirana whose performance was excellent. Apparently at Christmas, the youth of the Orthodox Autocephalous Church of Albania, have found the best way to express their love and joy for the coming of the Savior of the world.<\/span><\/span><\/span><\/div>\n<\/td>\n<\/tr>\n<\/tbody>\n<\/table>\n<table style=\"width: 677px; height: 136px;\" border=\"0\">\n<tbody>\n<tr>\n<td style=\"width: 457px;\">\n<div style=\"text-align: justify;\"><span style=\"color: #000000;\"><span style=\"font-family: tahoma,geneva,sans-serif;\"><span style=\"font-size: 12px;\"><img decoding=\"async\" class=\"lazyload HAa Eha\" style=\"margin: 10px auto; display: block; border: 1px solid;\" alt=\"\" src=\"data:image\/svg+xml,%3Csvg%20xmlns%3D%27http%3A%2F%2Fwww.w3.org%2F2000%2Fsvg%27%20width%3D%27300%27%20height%3D%27175%27%20viewBox%3D%270%200%20300%20175%27%3E%3Crect%20width%3D%27300%27%20height%3D%27175%27%20fill-opacity%3D%220%22%2F%3E%3C%2Fsvg%3E\" data-orig-src=\"https:\/\/lh3.googleusercontent.com\/-ipPAqiHCoZw\/VJFlv2E88TI\/AAAAAAAAIEo\/l76q8uirVjk\/w448-h252-no\/7.jpg\" height=\"175\" width=\"300\" \/><\/span><\/span><\/span><\/div>\n<\/td>\n<td style=\"width: 450px;\">\n<div style=\"text-align: justify;\"><span style=\"color: #000000;\"><span style=\"font-family: tahoma,geneva,sans-serif;\"><span style=\"font-size: 12px;\"><img decoding=\"async\" class=\"lazyload HAa Eha\" style=\"margin: 10px auto; display: block; border: 1px solid;\" alt=\"\" src=\"data:image\/svg+xml,%3Csvg%20xmlns%3D%27http%3A%2F%2Fwww.w3.org%2F2000%2Fsvg%27%20width%3D%27300%27%20height%3D%27169%27%20viewBox%3D%270%200%20300%20169%27%3E%3Crect%20width%3D%27300%27%20height%3D%27169%27%20fill-opacity%3D%220%22%2F%3E%3C%2Fsvg%3E\" data-orig-src=\"https:\/\/lh4.googleusercontent.com\/-w198Ipa-qhE\/VJFlwE0yyTI\/AAAAAAAAIEk\/ElKCuHIbdyg\/w448-h252-no\/8.jpg\" height=\"169\" width=\"300\" \/><\/span><\/span><\/span><\/div>\n<\/td>\n<\/tr>\n<\/tbody>\n<\/table>\n<table style=\"width: 673px; height: 159px;\" border=\"0\">\n<tbody>\n<tr>\n<td style=\"width: 458px;\">\n<div class=\"style2\" style=\"text-align: justify;\"><span style=\"color: #000000;\"><span style=\"font-family: tahoma,geneva,sans-serif;\"><span style=\"font-size: 12px;\"><img decoding=\"async\" class=\"lazyload HAa Eha\" style=\"margin: 10px auto; display: block; border: 1px solid;\" alt=\"\" src=\"data:image\/svg+xml,%3Csvg%20xmlns%3D%27http%3A%2F%2Fwww.w3.org%2F2000%2Fsvg%27%20width%3D%27300%27%20height%3D%27176%27%20viewBox%3D%270%200%20300%20176%27%3E%3Crect%20width%3D%27300%27%20height%3D%27176%27%20fill-opacity%3D%220%22%2F%3E%3C%2Fsvg%3E\" data-orig-src=\"https:\/\/lh3.googleusercontent.com\/-u2-fpczUa-4\/VJFlwR0udBI\/AAAAAAAAIEs\/-MnBQHDaBfw\/w448-h252-no\/9.jpg\" height=\"176\" width=\"300\" \/><\/span><\/span><\/span><\/div>\n<\/td>\n<td style=\"width: 449px; text-align: center;\">\n<div style=\"text-align: justify;\"><span style=\"color: #000000;\"><span style=\"font-family: tahoma,geneva,sans-serif;\"><span style=\"font-size: 12px;\"><img decoding=\"async\" class=\"lazyload HAa Eha\" style=\"margin: 10px auto; display: block; border: 1px solid;\" alt=\"\" src=\"data:image\/svg+xml,%3Csvg%20xmlns%3D%27http%3A%2F%2Fwww.w3.org%2F2000%2Fsvg%27%20width%3D%27300%27%20height%3D%27169%27%20viewBox%3D%270%200%20300%20169%27%3E%3Crect%20width%3D%27300%27%20height%3D%27169%27%20fill-opacity%3D%220%22%2F%3E%3C%2Fsvg%3E\" data-orig-src=\"https:\/\/lh4.googleusercontent.com\/-qp48B-iBhNQ\/VJFltYCzAbI\/AAAAAAAAID4\/J-Br7NH_x58\/w448-h252-no\/10.jpg\" height=\"169\" width=\"300\" \/><\/span><\/span><\/span><\/div>\n<\/td>\n<\/tr>\n<\/tbody>\n<\/table>\n<table style=\"width: 684px; height: 210px;\" border=\"0\">\n<tbody>\n<tr>\n<td style=\"width: 450px;\">\n<div style=\"text-align: justify;\"><span style=\"color: #000000;\"><span style=\"font-family: tahoma,geneva,sans-serif;\"><span style=\"font-size: 12px;\"><img decoding=\"async\" class=\"lazyload HAa Eha\" style=\"margin: 10px auto; display: block; border: 1px solid;\" alt=\"\" src=\"data:image\/svg+xml,%3Csvg%20xmlns%3D%27http%3A%2F%2Fwww.w3.org%2F2000%2Fsvg%27%20width%3D%27300%27%20height%3D%27178%27%20viewBox%3D%270%200%20300%20178%27%3E%3Crect%20width%3D%27300%27%20height%3D%27178%27%20fill-opacity%3D%220%22%2F%3E%3C%2Fsvg%3E\" data-orig-src=\"https:\/\/lh5.googleusercontent.com\/-Q_Y5gsN7Pg0\/VJFlte6YunI\/AAAAAAAAIFA\/x2dWMv4uoSc\/w448-h252-no\/11.jpg\" height=\"178\" width=\"300\" \/><\/span><\/span><\/span><\/div>\n<\/td>\n<td style=\"width: 457px;\">\n<div style=\"text-align: justify;\"><span style=\"color: #000000;\"><span style=\"font-family: tahoma,geneva,sans-serif;\"><span style=\"font-size: 12px;\"><span class=\"style2\"><img decoding=\"async\" class=\"lazyload HAa Eha\" style=\"margin: 10px auto; display: block; border: 1px solid;\" alt=\"\" src=\"data:image\/svg+xml,%3Csvg%20xmlns%3D%27http%3A%2F%2Fwww.w3.org%2F2000%2Fsvg%27%20width%3D%27300%27%20height%3D%27165%27%20viewBox%3D%270%200%20300%20165%27%3E%3Crect%20width%3D%27300%27%20height%3D%27165%27%20fill-opacity%3D%220%22%2F%3E%3C%2Fsvg%3E\" data-orig-src=\"https:\/\/lh4.googleusercontent.com\/-RoQjtAPqDa0\/VJFltisuI7I\/AAAAAAAAIE8\/GMJ7GKcS-D4\/w448-h252-no\/12.jpg\" height=\"165\" width=\"300\" \/><\/span><\/span><\/span><\/span><\/div>\n<div style=\"text-align: justify;\">&nbsp;<\/div>\n<\/td>\n<\/tr>\n<\/tbody>\n<\/table>\n<table border=\"0\">\n<tbody>\n<tr>\n<td>\n<div style=\"text-align: justify;\">&nbsp;<\/div>\n<\/td>\n<\/tr>\n<\/tbody>\n<\/table>\n","protected":false},"excerpt":{"rendered":"<p>&nbsp; An unforgettable event, during a beautifully warm afternoon in the middle of winter! Everyone will remember this occasion as one of the most remarkable events in its eleven year history. The National Festival of the Albanian Orthodox Youth represents the artistic and spiritual values of a new generation. &nbsp;&nbsp;&nbsp; On December 26, 2008 the main hall of the National History Museum in Tirana was<\/p>\n","protected":false},"author":7,"featured_media":0,"comment_status":"open","ping_status":"open","sticky":false,"template":"","format":"standard","meta":{"_acf_changed":false,"pagelayer_contact_templates":[],"_pagelayer_content":"","inline_featured_image":false,"fifu_image_url":"","fifu_image_alt":"","footnotes":""},"categories":[1455,311],"tags":[1121,1185,1794],"class_list":["post-1275","post","type-post","status-publish","format-standard","hentry","category-news-en","category-news-d25","tag-2008-en","tag-events","tag-rinia-orthodhokse-en"],"acf":[],"yoast_head":"<!-- This site is optimized with the Yoast SEO plugin v27.2 - https:\/\/yoast.com\/product\/yoast-seo-wordpress\/ -->\n<title>The 11th Annual National Festival of the Albanian Orthodox Youth. (December 2008) - Kisha Orthodh\u03bfkse Autoqefale e Shqip\u00ebris\u00eb<\/title>\n<meta name=\"robots\" content=\"index, follow, max-snippet:-1, max-image-preview:large, max-video-preview:-1\" \/>\n<link rel=\"canonical\" href=\"https:\/\/orthodoxalbania.org\/2020\/en\/2008\/02\/26\/the-11th-annual-national-festival-of-the-albanian-orthodox-youth-2008\/\" \/>\n<meta property=\"og:locale\" content=\"en_US\" \/>\n<meta property=\"og:type\" content=\"article\" \/>\n<meta property=\"og:title\" content=\"The 11th Annual National Festival of the Albanian Orthodox Youth. (December 2008) - Kisha Orthodh\u03bfkse Autoqefale e Shqip\u00ebris\u00eb\" \/>\n<meta property=\"og:description\" content=\"&nbsp; An unforgettable event, during a beautifully warm afternoon in the middle of winter! Everyone will remember this occasion as one of the most remarkable events in its eleven year history. The National Festival of the Albanian Orthodox Youth represents the artistic and spiritual values of a new generation. &nbsp;&nbsp;&nbsp; On December 26, 2008 the main hall of the National History Museum in Tirana was\" \/>\n<meta property=\"og:url\" content=\"https:\/\/orthodoxalbania.org\/2020\/en\/2008\/02\/26\/the-11th-annual-national-festival-of-the-albanian-orthodox-youth-2008\/\" \/>\n<meta property=\"og:site_name\" content=\"Kisha Orthodh\u03bfkse Autoqefale e Shqip\u00ebris\u00eb\" \/>\n<meta property=\"article:publisher\" content=\"https:\/\/www.facebook.com\/koash1991\" \/>\n<meta property=\"article:published_time\" content=\"2008-02-26T00:00:30+00:00\" \/>\n<meta property=\"article:modified_time\" content=\"2020-04-12T22:31:19+00:00\" \/>\n<meta property=\"og:image\" content=\"https:\/\/lh6.googleusercontent.com\/-dfAo-LtL11Q\/VJFltUn9G0I\/AAAAAAAAIFI\/5dD_NbIqre8\/w448-h252-no\/1.jpg\" \/>\n<meta name=\"author\" content=\"Kisha Orthodhokse\" \/>\n<meta name=\"twitter:card\" content=\"summary_large_image\" \/>\n<meta name=\"twitter:label1\" content=\"Written by\" \/>\n\t<meta name=\"twitter:data1\" content=\"Kisha Orthodhokse\" \/>\n\t<meta name=\"twitter:label2\" content=\"Est. reading time\" \/>\n\t<meta name=\"twitter:data2\" content=\"3 minutes\" \/>\n<script type=\"application\/ld+json\" class=\"yoast-schema-graph\">{\"@context\":\"https:\/\/schema.org\",\"@graph\":[{\"@type\":\"Article\",\"@id\":\"https:\/\/orthodoxalbania.org\/2020\/en\/2008\/02\/26\/the-11th-annual-national-festival-of-the-albanian-orthodox-youth-2008\/#article\",\"isPartOf\":{\"@id\":\"https:\/\/orthodoxalbania.org\/2020\/en\/2008\/02\/26\/the-11th-annual-national-festival-of-the-albanian-orthodox-youth-2008\/\"},\"author\":{\"name\":\"Kisha Orthodhokse\",\"@id\":\"https:\/\/orthodoxalbania.org\/2020\/#\/schema\/person\/df745f942b70e045b3dc05a30211f0de\"},\"headline\":\"The 11th Annual National Festival of the Albanian Orthodox Youth. (December 2008)\",\"datePublished\":\"2008-02-26T00:00:30+00:00\",\"dateModified\":\"2020-04-12T22:31:19+00:00\",\"mainEntityOfPage\":{\"@id\":\"https:\/\/orthodoxalbania.org\/2020\/en\/2008\/02\/26\/the-11th-annual-national-festival-of-the-albanian-orthodox-youth-2008\/\"},\"wordCount\":702,\"commentCount\":0,\"publisher\":{\"@id\":\"https:\/\/orthodoxalbania.org\/2020\/#organization\"},\"image\":{\"@id\":\"https:\/\/orthodoxalbania.org\/2020\/en\/2008\/02\/26\/the-11th-annual-national-festival-of-the-albanian-orthodox-youth-2008\/#primaryimage\"},\"thumbnailUrl\":\"https:\/\/lh6.googleusercontent.com\/-dfAo-LtL11Q\/VJFltUn9G0I\/AAAAAAAAIFI\/5dD_NbIqre8\/w448-h252-no\/1.jpg\",\"keywords\":[\"2008\",\"Events\",\"Rinia Orthodhokse\"],\"articleSection\":[\"News - \u0395\u039d\",\"News old page\"],\"inLanguage\":\"en-US\"},{\"@type\":\"WebPage\",\"@id\":\"https:\/\/orthodoxalbania.org\/2020\/en\/2008\/02\/26\/the-11th-annual-national-festival-of-the-albanian-orthodox-youth-2008\/\",\"url\":\"https:\/\/orthodoxalbania.org\/2020\/en\/2008\/02\/26\/the-11th-annual-national-festival-of-the-albanian-orthodox-youth-2008\/\",\"name\":\"The 11th Annual National Festival of the Albanian Orthodox Youth. (December 2008) - Kisha Orthodh\u03bfkse Autoqefale e Shqip\u00ebris\u00eb\",\"isPartOf\":{\"@id\":\"https:\/\/orthodoxalbania.org\/2020\/#website\"},\"primaryImageOfPage\":{\"@id\":\"https:\/\/orthodoxalbania.org\/2020\/en\/2008\/02\/26\/the-11th-annual-national-festival-of-the-albanian-orthodox-youth-2008\/#primaryimage\"},\"image\":{\"@id\":\"https:\/\/orthodoxalbania.org\/2020\/en\/2008\/02\/26\/the-11th-annual-national-festival-of-the-albanian-orthodox-youth-2008\/#primaryimage\"},\"thumbnailUrl\":\"https:\/\/lh6.googleusercontent.com\/-dfAo-LtL11Q\/VJFltUn9G0I\/AAAAAAAAIFI\/5dD_NbIqre8\/w448-h252-no\/1.jpg\",\"datePublished\":\"2008-02-26T00:00:30+00:00\",\"dateModified\":\"2020-04-12T22:31:19+00:00\",\"breadcrumb\":{\"@id\":\"https:\/\/orthodoxalbania.org\/2020\/en\/2008\/02\/26\/the-11th-annual-national-festival-of-the-albanian-orthodox-youth-2008\/#breadcrumb\"},\"inLanguage\":\"en-US\",\"potentialAction\":[{\"@type\":\"ReadAction\",\"target\":[\"https:\/\/orthodoxalbania.org\/2020\/en\/2008\/02\/26\/the-11th-annual-national-festival-of-the-albanian-orthodox-youth-2008\/\"]}]},{\"@type\":\"ImageObject\",\"inLanguage\":\"en-US\",\"@id\":\"https:\/\/orthodoxalbania.org\/2020\/en\/2008\/02\/26\/the-11th-annual-national-festival-of-the-albanian-orthodox-youth-2008\/#primaryimage\",\"url\":\"https:\/\/lh6.googleusercontent.com\/-dfAo-LtL11Q\/VJFltUn9G0I\/AAAAAAAAIFI\/5dD_NbIqre8\/w448-h252-no\/1.jpg\",\"contentUrl\":\"https:\/\/lh6.googleusercontent.com\/-dfAo-LtL11Q\/VJFltUn9G0I\/AAAAAAAAIFI\/5dD_NbIqre8\/w448-h252-no\/1.jpg\"},{\"@type\":\"BreadcrumbList\",\"@id\":\"https:\/\/orthodoxalbania.org\/2020\/en\/2008\/02\/26\/the-11th-annual-national-festival-of-the-albanian-orthodox-youth-2008\/#breadcrumb\",\"itemListElement\":[{\"@type\":\"ListItem\",\"position\":1,\"name\":\"Home\",\"item\":\"https:\/\/orthodoxalbania.org\/2020\/\"},{\"@type\":\"ListItem\",\"position\":2,\"name\":\"The 11th Annual National Festival of the Albanian Orthodox Youth. (December 2008)\"}]},{\"@type\":\"WebSite\",\"@id\":\"https:\/\/orthodoxalbania.org\/2020\/#website\",\"url\":\"https:\/\/orthodoxalbania.org\/2020\/\",\"name\":\"Kisha Orthodh\u03bfkse Autoqefale e Shqip\u00ebris\u00eb\",\"description\":\"Fqja Zyrtare e Kish\u00ebs Orthodhokse Autoqefale e Shqip\u00ebris\u00eb me lajmet edhe informacionet zyrtare p\u00ebr struktur\u00ebn edhe veprimtarin e saj.\",\"publisher\":{\"@id\":\"https:\/\/orthodoxalbania.org\/2020\/#organization\"},\"potentialAction\":[{\"@type\":\"SearchAction\",\"target\":{\"@type\":\"EntryPoint\",\"urlTemplate\":\"https:\/\/orthodoxalbania.org\/2020\/?s={search_term_string}\"},\"query-input\":{\"@type\":\"PropertyValueSpecification\",\"valueRequired\":true,\"valueName\":\"search_term_string\"}}],\"inLanguage\":\"en-US\"},{\"@type\":\"Organization\",\"@id\":\"https:\/\/orthodoxalbania.org\/2020\/#organization\",\"name\":\"Kisha Orthodhokse Autoqefale e Shqip\u00ebris\u00eb\",\"url\":\"https:\/\/orthodoxalbania.org\/2020\/\",\"logo\":{\"@type\":\"ImageObject\",\"inLanguage\":\"en-US\",\"@id\":\"https:\/\/orthodoxalbania.org\/2020\/#\/schema\/logo\/image\/\",\"url\":\"https:\/\/orthodoxalbania.org\/2020\/wp-content\/uploads\/2020\/05\/albania.jpeg\",\"contentUrl\":\"https:\/\/orthodoxalbania.org\/2020\/wp-content\/uploads\/2020\/05\/albania.jpeg\",\"width\":540,\"height\":540,\"caption\":\"Kisha Orthodhokse Autoqefale e Shqip\u00ebris\u00eb\"},\"image\":{\"@id\":\"https:\/\/orthodoxalbania.org\/2020\/#\/schema\/logo\/image\/\"},\"sameAs\":[\"https:\/\/www.facebook.com\/koash1991\"]},{\"@type\":\"Person\",\"@id\":\"https:\/\/orthodoxalbania.org\/2020\/#\/schema\/person\/df745f942b70e045b3dc05a30211f0de\",\"name\":\"Kisha Orthodhokse\",\"image\":{\"@type\":\"ImageObject\",\"inLanguage\":\"en-US\",\"@id\":\"https:\/\/secure.gravatar.com\/avatar\/2676eb8d97178435c9f691a7871595a1da6c33542dec218bce40885573150e28?s=96&d=mm&r=g\",\"url\":\"https:\/\/secure.gravatar.com\/avatar\/2676eb8d97178435c9f691a7871595a1da6c33542dec218bce40885573150e28?s=96&d=mm&r=g\",\"contentUrl\":\"https:\/\/secure.gravatar.com\/avatar\/2676eb8d97178435c9f691a7871595a1da6c33542dec218bce40885573150e28?s=96&d=mm&r=g\",\"caption\":\"Kisha Orthodhokse\"}}]}<\/script>\n<!-- \/ Yoast SEO plugin. -->","yoast_head_json":{"title":"The 11th Annual National Festival of the Albanian Orthodox Youth. (December 2008) - Kisha Orthodh\u03bfkse Autoqefale e Shqip\u00ebris\u00eb","robots":{"index":"index","follow":"follow","max-snippet":"max-snippet:-1","max-image-preview":"max-image-preview:large","max-video-preview":"max-video-preview:-1"},"canonical":"https:\/\/orthodoxalbania.org\/2020\/en\/2008\/02\/26\/the-11th-annual-national-festival-of-the-albanian-orthodox-youth-2008\/","og_locale":"en_US","og_type":"article","og_title":"The 11th Annual National Festival of the Albanian Orthodox Youth. (December 2008) - Kisha Orthodh\u03bfkse Autoqefale e Shqip\u00ebris\u00eb","og_description":"&nbsp; An unforgettable event, during a beautifully warm afternoon in the middle of winter! Everyone will remember this occasion as one of the most remarkable events in its eleven year history. The National Festival of the Albanian Orthodox Youth represents the artistic and spiritual values of a new generation. &nbsp;&nbsp;&nbsp; On December 26, 2008 the main hall of the National History Museum in Tirana was","og_url":"https:\/\/orthodoxalbania.org\/2020\/en\/2008\/02\/26\/the-11th-annual-national-festival-of-the-albanian-orthodox-youth-2008\/","og_site_name":"Kisha Orthodh\u03bfkse Autoqefale e Shqip\u00ebris\u00eb","article_publisher":"https:\/\/www.facebook.com\/koash1991","article_published_time":"2008-02-26T00:00:30+00:00","article_modified_time":"2020-04-12T22:31:19+00:00","og_image":[{"url":"https:\/\/lh6.googleusercontent.com\/-dfAo-LtL11Q\/VJFltUn9G0I\/AAAAAAAAIFI\/5dD_NbIqre8\/w448-h252-no\/1.jpg","type":"","width":"","height":""}],"author":"Kisha Orthodhokse","twitter_card":"summary_large_image","twitter_misc":{"Written by":"Kisha Orthodhokse","Est. reading time":"3 minutes"},"schema":{"@context":"https:\/\/schema.org","@graph":[{"@type":"Article","@id":"https:\/\/orthodoxalbania.org\/2020\/en\/2008\/02\/26\/the-11th-annual-national-festival-of-the-albanian-orthodox-youth-2008\/#article","isPartOf":{"@id":"https:\/\/orthodoxalbania.org\/2020\/en\/2008\/02\/26\/the-11th-annual-national-festival-of-the-albanian-orthodox-youth-2008\/"},"author":{"name":"Kisha Orthodhokse","@id":"https:\/\/orthodoxalbania.org\/2020\/#\/schema\/person\/df745f942b70e045b3dc05a30211f0de"},"headline":"The 11th Annual National Festival of the Albanian Orthodox Youth. (December 2008)","datePublished":"2008-02-26T00:00:30+00:00","dateModified":"2020-04-12T22:31:19+00:00","mainEntityOfPage":{"@id":"https:\/\/orthodoxalbania.org\/2020\/en\/2008\/02\/26\/the-11th-annual-national-festival-of-the-albanian-orthodox-youth-2008\/"},"wordCount":702,"commentCount":0,"publisher":{"@id":"https:\/\/orthodoxalbania.org\/2020\/#organization"},"image":{"@id":"https:\/\/orthodoxalbania.org\/2020\/en\/2008\/02\/26\/the-11th-annual-national-festival-of-the-albanian-orthodox-youth-2008\/#primaryimage"},"thumbnailUrl":"https:\/\/lh6.googleusercontent.com\/-dfAo-LtL11Q\/VJFltUn9G0I\/AAAAAAAAIFI\/5dD_NbIqre8\/w448-h252-no\/1.jpg","keywords":["2008","Events","Rinia Orthodhokse"],"articleSection":["News - \u0395\u039d","News old page"],"inLanguage":"en-US"},{"@type":"WebPage","@id":"https:\/\/orthodoxalbania.org\/2020\/en\/2008\/02\/26\/the-11th-annual-national-festival-of-the-albanian-orthodox-youth-2008\/","url":"https:\/\/orthodoxalbania.org\/2020\/en\/2008\/02\/26\/the-11th-annual-national-festival-of-the-albanian-orthodox-youth-2008\/","name":"The 11th Annual National Festival of the Albanian Orthodox Youth. (December 2008) - Kisha Orthodh\u03bfkse Autoqefale e Shqip\u00ebris\u00eb","isPartOf":{"@id":"https:\/\/orthodoxalbania.org\/2020\/#website"},"primaryImageOfPage":{"@id":"https:\/\/orthodoxalbania.org\/2020\/en\/2008\/02\/26\/the-11th-annual-national-festival-of-the-albanian-orthodox-youth-2008\/#primaryimage"},"image":{"@id":"https:\/\/orthodoxalbania.org\/2020\/en\/2008\/02\/26\/the-11th-annual-national-festival-of-the-albanian-orthodox-youth-2008\/#primaryimage"},"thumbnailUrl":"https:\/\/lh6.googleusercontent.com\/-dfAo-LtL11Q\/VJFltUn9G0I\/AAAAAAAAIFI\/5dD_NbIqre8\/w448-h252-no\/1.jpg","datePublished":"2008-02-26T00:00:30+00:00","dateModified":"2020-04-12T22:31:19+00:00","breadcrumb":{"@id":"https:\/\/orthodoxalbania.org\/2020\/en\/2008\/02\/26\/the-11th-annual-national-festival-of-the-albanian-orthodox-youth-2008\/#breadcrumb"},"inLanguage":"en-US","potentialAction":[{"@type":"ReadAction","target":["https:\/\/orthodoxalbania.org\/2020\/en\/2008\/02\/26\/the-11th-annual-national-festival-of-the-albanian-orthodox-youth-2008\/"]}]},{"@type":"ImageObject","inLanguage":"en-US","@id":"https:\/\/orthodoxalbania.org\/2020\/en\/2008\/02\/26\/the-11th-annual-national-festival-of-the-albanian-orthodox-youth-2008\/#primaryimage","url":"https:\/\/lh6.googleusercontent.com\/-dfAo-LtL11Q\/VJFltUn9G0I\/AAAAAAAAIFI\/5dD_NbIqre8\/w448-h252-no\/1.jpg","contentUrl":"https:\/\/lh6.googleusercontent.com\/-dfAo-LtL11Q\/VJFltUn9G0I\/AAAAAAAAIFI\/5dD_NbIqre8\/w448-h252-no\/1.jpg"},{"@type":"BreadcrumbList","@id":"https:\/\/orthodoxalbania.org\/2020\/en\/2008\/02\/26\/the-11th-annual-national-festival-of-the-albanian-orthodox-youth-2008\/#breadcrumb","itemListElement":[{"@type":"ListItem","position":1,"name":"Home","item":"https:\/\/orthodoxalbania.org\/2020\/"},{"@type":"ListItem","position":2,"name":"The 11th Annual National Festival of the Albanian Orthodox Youth. (December 2008)"}]},{"@type":"WebSite","@id":"https:\/\/orthodoxalbania.org\/2020\/#website","url":"https:\/\/orthodoxalbania.org\/2020\/","name":"Kisha Orthodh\u03bfkse Autoqefale e Shqip\u00ebris\u00eb","description":"Fqja Zyrtare e Kish\u00ebs Orthodhokse Autoqefale e Shqip\u00ebris\u00eb me lajmet edhe informacionet zyrtare p\u00ebr struktur\u00ebn edhe veprimtarin e saj.","publisher":{"@id":"https:\/\/orthodoxalbania.org\/2020\/#organization"},"potentialAction":[{"@type":"SearchAction","target":{"@type":"EntryPoint","urlTemplate":"https:\/\/orthodoxalbania.org\/2020\/?s={search_term_string}"},"query-input":{"@type":"PropertyValueSpecification","valueRequired":true,"valueName":"search_term_string"}}],"inLanguage":"en-US"},{"@type":"Organization","@id":"https:\/\/orthodoxalbania.org\/2020\/#organization","name":"Kisha Orthodhokse Autoqefale e Shqip\u00ebris\u00eb","url":"https:\/\/orthodoxalbania.org\/2020\/","logo":{"@type":"ImageObject","inLanguage":"en-US","@id":"https:\/\/orthodoxalbania.org\/2020\/#\/schema\/logo\/image\/","url":"https:\/\/orthodoxalbania.org\/2020\/wp-content\/uploads\/2020\/05\/albania.jpeg","contentUrl":"https:\/\/orthodoxalbania.org\/2020\/wp-content\/uploads\/2020\/05\/albania.jpeg","width":540,"height":540,"caption":"Kisha Orthodhokse Autoqefale e Shqip\u00ebris\u00eb"},"image":{"@id":"https:\/\/orthodoxalbania.org\/2020\/#\/schema\/logo\/image\/"},"sameAs":["https:\/\/www.facebook.com\/koash1991"]},{"@type":"Person","@id":"https:\/\/orthodoxalbania.org\/2020\/#\/schema\/person\/df745f942b70e045b3dc05a30211f0de","name":"Kisha Orthodhokse","image":{"@type":"ImageObject","inLanguage":"en-US","@id":"https:\/\/secure.gravatar.com\/avatar\/2676eb8d97178435c9f691a7871595a1da6c33542dec218bce40885573150e28?s=96&d=mm&r=g","url":"https:\/\/secure.gravatar.com\/avatar\/2676eb8d97178435c9f691a7871595a1da6c33542dec218bce40885573150e28?s=96&d=mm&r=g","contentUrl":"https:\/\/secure.gravatar.com\/avatar\/2676eb8d97178435c9f691a7871595a1da6c33542dec218bce40885573150e28?s=96&d=mm&r=g","caption":"Kisha Orthodhokse"}}]}},"_links":{"self":[{"href":"https:\/\/orthodoxalbania.org\/2020\/wp-json\/wp\/v2\/posts\/1275","targetHints":{"allow":["GET"]}}],"collection":[{"href":"https:\/\/orthodoxalbania.org\/2020\/wp-json\/wp\/v2\/posts"}],"about":[{"href":"https:\/\/orthodoxalbania.org\/2020\/wp-json\/wp\/v2\/types\/post"}],"author":[{"embeddable":true,"href":"https:\/\/orthodoxalbania.org\/2020\/wp-json\/wp\/v2\/users\/7"}],"replies":[{"embeddable":true,"href":"https:\/\/orthodoxalbania.org\/2020\/wp-json\/wp\/v2\/comments?post=1275"}],"version-history":[{"count":1,"href":"https:\/\/orthodoxalbania.org\/2020\/wp-json\/wp\/v2\/posts\/1275\/revisions"}],"predecessor-version":[{"id":17984,"href":"https:\/\/orthodoxalbania.org\/2020\/wp-json\/wp\/v2\/posts\/1275\/revisions\/17984"}],"wp:attachment":[{"href":"https:\/\/orthodoxalbania.org\/2020\/wp-json\/wp\/v2\/media?parent=1275"}],"wp:term":[{"taxonomy":"category","embeddable":true,"href":"https:\/\/orthodoxalbania.org\/2020\/wp-json\/wp\/v2\/categories?post=1275"},{"taxonomy":"post_tag","embeddable":true,"href":"https:\/\/orthodoxalbania.org\/2020\/wp-json\/wp\/v2\/tags?post=1275"}],"curies":[{"name":"wp","href":"https:\/\/api.w.org\/{rel}","templated":true}]}}