{"id":1269,"date":"2006-02-27T08:10:53","date_gmt":"2006-02-27T08:10:53","guid":{"rendered":""},"modified":"2020-04-06T22:35:57","modified_gmt":"2020-04-06T20:35:57","slug":"telegram-ngushellimi-per-nderrimin-e-jetes-se-z-ibrahim-rugova-janar-06","status":"publish","type":"post","link":"https:\/\/orthodoxalbania.org\/2020\/2006\/02\/27\/telegram-ngushellimi-per-nderrimin-e-jetes-se-z-ibrahim-rugova-janar-06\/","title":{"rendered":"Telegram ngush\u00ebllimi p\u00ebr nd\u00ebrrimin e jet\u00ebs s\u00eb z. Ibrahim Rugova. (24 Janar 2006)"},"content":{"rendered":"<p class=\"MsoNormal\" style=\"text-indent: 14.2pt; line-height: 150%;\"><span style=\"color: #000000;\"><span style=\"font-family: tahoma,geneva,sans-serif;\"><span style=\"font-size: 12px;\"><img decoding=\"async\" class=\"lazyload HAa Eha\" style=\"height: 51px; width: 51px; display: block; margin-left: auto; margin-right: auto;\" alt=\"\" src=\"data:image\/gif;base64,R0lGODlhAQABAAAAACH5BAEKAAEALAAAAAABAAEAAAICTAEAOw==\" data-orig-src=\"https:\/\/lh3.googleusercontent.com\/-0XaSr7tg_9w\/U_NB8PwotlI\/AAAAAAAAA2g\/QXaauIV8bCc\/s577-no\/logo.png\" \/><\/span><\/span><\/span><\/p>\n<p class=\"MsoNormal\" style=\"text-indent: 14.2pt; line-height: 150%; text-align: center;\"><span style=\"color: #000000;\"><span style=\"font-family: tahoma,geneva,sans-serif;\"><span style=\"font-size: 12px;\"><span style=\"line-height: 150%; text-transform: uppercase; font-weight: bold;\">Kisha Orthodhokse Autoqefale e Shqip\u00ebris\u00eb<\/span>&nbsp;&nbsp;&nbsp;&nbsp; <\/span><\/span><\/span><\/p>\n<h4 style=\"text-align: center;\"><span class=\"ez-toc-section\" id=\"Kisha_Orthodhokse_Autoqefale_e_Shqiperise\"><\/span><span style=\"color: #000000;\"><span style=\"font-family: tahoma,geneva,sans-serif;\"><span style=\"font-size: 12px;\"><span style=\"font-weight: normal;\">Kisha Orthodhokse Autoqefale e Shqip\u00ebris\u00eb<\/span><\/span><\/span><\/span><span class=\"ez-toc-section-end\"><\/span><\/h4>\n<h4 style=\"text-align: center;\"><span class=\"ez-toc-section\" id=\"Kryepiskopata_e_Hirshme\"><\/span><span style=\"color: #000000;\"><span style=\"font-family: tahoma,geneva,sans-serif;\"><span style=\"font-size: 12px;\"><span style=\"text-transform: none; font-weight: normal;\">Kryepiskopata e Hirshme<\/span><\/span><\/span><\/span><span class=\"ez-toc-section-end\"><\/span><\/h4>\n<h4 style=\"text-align: center;\"><span class=\"ez-toc-section\" id=\"Rruga_e_Kavajes_Nr_151_Tirane\"><\/span><span style=\"color: #000000;\"><span style=\"font-family: tahoma,geneva,sans-serif;\"><span style=\"font-size: 12px;\"><span style=\"text-transform: none; font-weight: normal;\">Rruga e Kavaj\u00ebs Nr. 151, Tiran\u00eb.<\/span><\/span><\/span><\/span><span class=\"ez-toc-section-end\"><\/span><\/h4>\n<h4 style=\"text-align: center;\"><span class=\"ez-toc-section\" id=\"Tel_04-234_117_Fax_232_109\"><\/span><span style=\"color: #000000;\"><span style=\"font-family: tahoma,geneva,sans-serif;\"><span style=\"font-size: 12px;\"><span style=\"text-transform: none; font-weight: normal;\">Tel 04-234 117, Fax 232 109<\/span><\/span><\/span><\/span><span class=\"ez-toc-section-end\"><\/span><\/h4>\n<p class=\"MsoNormal\" style=\"text-indent: 14.2pt; line-height: 150%; text-align: center;\"><span style=\"color: #000000;\"><span style=\"font-family: tahoma,geneva,sans-serif;\"><span style=\"font-size: 12px;\"><strong><span>&nbsp;<\/span><span>TELEGRAM NGUSH\u00cbLLIMI<\/span><\/strong><span>&nbsp;<\/span><\/span><\/span><\/span><\/p>\n<p class=\"MsoNormal\" style=\"text-indent: 14.2pt; line-height: 150%; text-align: center;\">&nbsp;<\/p>\n<p class=\"MsoNormal\" style=\"line-height: 150%;\"><span style=\"color: #000000;\"><span style=\"font-family: tahoma,geneva,sans-serif;\"><span style=\"font-size: 12px;\"><strong><span style=\"line-height: 150%;\">Z. Bajram Kosumi<\/span><\/strong><\/span><\/span><\/span><\/p>\n<p class=\"MsoNormal\" style=\"line-height: 150%;\"><span style=\"color: #000000;\"><span style=\"font-family: tahoma,geneva,sans-serif;\"><span style=\"font-size: 12px;\"><strong><span style=\"line-height: 150%;\">Kryeminist\u00ebr i Kosov\u00ebs<\/span><\/strong><span style=\"line-height: 150%;\"><\/span><\/span><\/span><\/span><\/p>\n<p class=\"MsoNormal\" style=\"text-align: justify; line-height: 150%;\"><span style=\"color: #000000;\"><span style=\"font-family: tahoma,geneva,sans-serif;\"><span style=\"font-size: 12px;\"><span style=\"line-height: 150%;\">&nbsp;&nbsp;&nbsp;&nbsp;&nbsp;&nbsp;&nbsp;&nbsp;&nbsp;&nbsp;&nbsp; Me hidh\u00ebrim t\u00eb madh m\u00ebsuam lajmin e ndarjes nga ne t\u00eb Presidentit t\u00eb Kosov\u00ebs, Z. Ibrahim Rugova. Ai ishte nj\u00eb personalitet historik i paqes, maturis\u00eb, dialogut dhe mir\u00ebkuptimit. Mungesa e tij n\u00eb nj\u00eb koh\u00eb kaq t\u00eb r\u00ebnd\u00ebsishme p\u00ebr Kosov\u00ebn \u00ebsht\u00eb me t\u00eb v\u00ebrtet\u00eb nj\u00eb humbje e madhe. <\/span><\/span><\/span><\/span><\/p>\n<p class=\"MsoNormal\" style=\"text-align: justify; line-height: 150%; margin-top: 6.0pt;\"><span style=\"color: #000000;\"><span style=\"font-family: tahoma,geneva,sans-serif;\"><span style=\"font-size: 12px;\"><span style=\"line-height: 150%;\">&nbsp;&nbsp;&nbsp;&nbsp;&nbsp;&nbsp;&nbsp;&nbsp;&nbsp;&nbsp;&nbsp; Shpresojm\u00eb se vepra e tij do ta frym\u00ebzoj\u00eb pasardh\u00ebsin e tij q\u00eb t\u00eb punoj\u00eb me p\u00ebrgjegj\u00ebsi, kuraj\u00eb dhe urt\u00ebsi, p\u00ebr ta udh\u00ebhequr popullin e dashur t\u00eb Kosov\u00ebs me t\u00eb nj\u00ebjt\u00ebn frym\u00eb drejt stabilitetit, paqes dhe begatis\u00eb.<\/span><\/span><\/span><\/span><\/p>\n<p class=\"MsoNormal\" style=\"text-align: justify; text-indent: .5in; line-height: 150%; margin-top: 6.0pt;\"><span style=\"color: #000000;\"><span style=\"font-family: tahoma,geneva,sans-serif;\"><span style=\"font-size: 12px;\"><span style=\"line-height: 150%;\">Ju lutemi t\u2019i shprehni gjithashtu familjes s\u00eb tij ngush\u00ebllimet e mia t\u00eb sinqerta. Per\u00ebndia i dh\u00ebnt\u00eb shpirtit t\u00eb tij paqe.<br \/> I p\u00ebrjetsh\u00ebm kujtimi!&nbsp;<\/span><\/span><\/span><\/span><\/p>\n<p class=\"MsoNormal\" style=\"text-align: justify; text-indent: .5in; line-height: 150%; margin-top: 6.0pt;\">&nbsp;<\/p>\n<p class=\"MsoNormal\" style=\"text-align: center; line-height: 150%;\"><span style=\"color: #000000;\"><span style=\"font-family: tahoma,geneva,sans-serif;\"><span style=\"font-size: 12px;\"><strong><span style=\"line-height: 150%;\">Kryepiskopi i Tiran\u00ebs, Durr\u00ebsit dhe i gjith\u00eb Shqip\u00ebris\u00eb<\/span><\/strong><\/span><\/span><\/span><\/p>\n<p class=\"MsoNormal\" style=\"text-align: center; line-height: 150%;\"><span style=\"color: #000000;\"><span style=\"font-family: tahoma,geneva,sans-serif;\"><span style=\"font-size: 12px;\"><strong><span style=\"line-height: 150%;\">+Anastasi<\/span><\/strong><\/span><\/span><\/span><\/p>\n<p class=\"MsoNormal\" style=\"text-align: center; line-height: 150%;\">&nbsp;<\/p>\n<p class=\"MsoNormal\" style=\"text-align: center; line-height: 150%;\"><span style=\"color: #000000;\"><span style=\"font-family: tahoma,geneva,sans-serif;\"><span style=\"font-size: 12px;\"><strong><span style=\"line-height: 150%;\">&nbsp;&nbsp;&nbsp;&nbsp;&nbsp;&nbsp;&nbsp;&nbsp;&nbsp;&nbsp;&nbsp;&nbsp;&nbsp;&nbsp;&nbsp;&nbsp;&nbsp;&nbsp;&nbsp;&nbsp;&nbsp;&nbsp;&nbsp;&nbsp;&nbsp;&nbsp;&nbsp;&nbsp;&nbsp;&nbsp;&nbsp;&nbsp;&nbsp;&nbsp;&nbsp;&nbsp;&nbsp;&nbsp;&nbsp;&nbsp;&nbsp;&nbsp;&nbsp;&nbsp;&nbsp;&nbsp;&nbsp;&nbsp;&nbsp;&nbsp;&nbsp;&nbsp;&nbsp;&nbsp;&nbsp;&nbsp;&nbsp;&nbsp;&nbsp;&nbsp;&nbsp;&nbsp;&nbsp;&nbsp;&nbsp;&nbsp;&nbsp;&nbsp;&nbsp;&nbsp;&nbsp;&nbsp;&nbsp;&nbsp;&nbsp;&nbsp;&nbsp;&nbsp;&nbsp;&nbsp;&nbsp;&nbsp;&nbsp;&nbsp;&nbsp;&nbsp;&nbsp;&nbsp;&nbsp;&nbsp;&nbsp;&nbsp;&nbsp;&nbsp;&nbsp;&nbsp;&nbsp;&nbsp;&nbsp;&nbsp;&nbsp;&nbsp;&nbsp;&nbsp;&nbsp;&nbsp;&nbsp; <\/span><\/strong><span style=\"line-height: 150%;\"> Tiran\u00eb 24.1.2006<\/span><\/span><\/span><\/span><\/p>\n<p class=\"MsoNormal\" style=\"text-align: justify; text-indent: 14.2pt; line-height: 130%;\"><span style=\"color: #000000;\"><span style=\"font-family: tahoma,geneva,sans-serif;\"><span style=\"font-size: 12px;\"><span style=\"font-weight: bold;\"><\/span><\/span><\/span><\/span><\/p>\n","protected":false},"excerpt":{"rendered":"<p>Kisha Orthodhokse Autoqefale e Shqip\u00ebris\u00eb&nbsp;&nbsp;&nbsp;&nbsp; Kisha Orthodhokse Autoqefale e Shqip\u00ebris\u00eb Kryepiskopata e Hirshme Rruga e Kavaj\u00ebs Nr. 151, Tiran\u00eb. Tel 04-234 117, Fax 232 109 &nbsp;TELEGRAM NGUSH\u00cbLLIMI&nbsp; &nbsp; Z. Bajram Kosumi Kryeminist\u00ebr i Kosov\u00ebs &nbsp;&nbsp;&nbsp;&nbsp;&nbsp;&nbsp;&nbsp;&nbsp;&nbsp;&nbsp;&nbsp; Me hidh\u00ebrim t\u00eb madh m\u00ebsuam lajmin e ndarjes nga ne t\u00eb Presidentit t\u00eb Kosov\u00ebs, Z. Ibrahim Rugova. Ai ishte nj\u00eb personalitet historik i paqes, maturis\u00eb, dialogut dhe mir\u00ebkuptimit. Mungesa e<\/p>\n","protected":false},"author":1,"featured_media":0,"comment_status":"open","ping_status":"open","sticky":false,"template":"","format":"standard","meta":{"_acf_changed":false,"pagelayer_contact_templates":[],"_pagelayer_content":"","inline_featured_image":false,"fifu_image_url":"","fifu_image_alt":"","footnotes":""},"categories":[108],"tags":[148,153,196,212],"class_list":["post-1269","post","type-post","status-publish","format-standard","hentry","category-lajme","tag-148","tag-deklarata-njoftime-zyrtare-d75","tag-tirane","tag-lajme-d27"],"acf":[],"yoast_head":"<!-- This site is optimized with the Yoast SEO plugin v27.2 - https:\/\/yoast.com\/product\/yoast-seo-wordpress\/ -->\n<title>Telegram ngush\u00ebllimi p\u00ebr nd\u00ebrrimin e jet\u00ebs s\u00eb z. Ibrahim Rugova. (24 Janar 2006) - Kisha Orthodh\u03bfkse Autoqefale e Shqip\u00ebris\u00eb<\/title>\n<meta name=\"robots\" content=\"index, follow, max-snippet:-1, max-image-preview:large, max-video-preview:-1\" \/>\n<link rel=\"canonical\" href=\"https:\/\/orthodoxalbania.org\/2020\/2006\/02\/27\/telegram-ngushellimi-per-nderrimin-e-jetes-se-z-ibrahim-rugova-janar-06\/\" \/>\n<meta property=\"og:locale\" content=\"en_US\" \/>\n<meta property=\"og:type\" content=\"article\" \/>\n<meta property=\"og:title\" content=\"Telegram ngush\u00ebllimi p\u00ebr nd\u00ebrrimin e jet\u00ebs s\u00eb z. Ibrahim Rugova. (24 Janar 2006) - Kisha Orthodh\u03bfkse Autoqefale e Shqip\u00ebris\u00eb\" \/>\n<meta property=\"og:description\" content=\"Kisha Orthodhokse Autoqefale e Shqip\u00ebris\u00eb&nbsp;&nbsp;&nbsp;&nbsp; Kisha Orthodhokse Autoqefale e Shqip\u00ebris\u00eb Kryepiskopata e Hirshme Rruga e Kavaj\u00ebs Nr. 151, Tiran\u00eb. Tel 04-234 117, Fax 232 109 &nbsp;TELEGRAM NGUSH\u00cbLLIMI&nbsp; &nbsp; Z. Bajram Kosumi Kryeminist\u00ebr i Kosov\u00ebs &nbsp;&nbsp;&nbsp;&nbsp;&nbsp;&nbsp;&nbsp;&nbsp;&nbsp;&nbsp;&nbsp; Me hidh\u00ebrim t\u00eb madh m\u00ebsuam lajmin e ndarjes nga ne t\u00eb Presidentit t\u00eb Kosov\u00ebs, Z. Ibrahim Rugova. Ai ishte nj\u00eb personalitet historik i paqes, maturis\u00eb, dialogut dhe mir\u00ebkuptimit. Mungesa e\" \/>\n<meta property=\"og:url\" content=\"https:\/\/orthodoxalbania.org\/2020\/2006\/02\/27\/telegram-ngushellimi-per-nderrimin-e-jetes-se-z-ibrahim-rugova-janar-06\/\" \/>\n<meta property=\"og:site_name\" content=\"Kisha Orthodh\u03bfkse Autoqefale e Shqip\u00ebris\u00eb\" \/>\n<meta property=\"article:publisher\" content=\"https:\/\/www.facebook.com\/koash1991\" \/>\n<meta property=\"article:published_time\" content=\"2006-02-27T08:10:53+00:00\" \/>\n<meta property=\"article:modified_time\" content=\"2020-04-06T20:35:57+00:00\" \/>\n<meta property=\"og:image\" content=\"https:\/\/lh3.googleusercontent.com\/-0XaSr7tg_9w\/U_NB8PwotlI\/AAAAAAAAA2g\/QXaauIV8bCc\/s577-no\/logo.png\" \/>\n<meta name=\"author\" content=\"Kisha Orthodhokse\" \/>\n<meta name=\"twitter:card\" content=\"summary_large_image\" \/>\n<meta name=\"twitter:label1\" content=\"Written by\" \/>\n\t<meta name=\"twitter:data1\" content=\"Kisha Orthodhokse\" \/>\n\t<meta name=\"twitter:label2\" content=\"Est. reading time\" \/>\n\t<meta name=\"twitter:data2\" content=\"2 minutes\" \/>\n<script type=\"application\/ld+json\" class=\"yoast-schema-graph\">{\"@context\":\"https:\/\/schema.org\",\"@graph\":[{\"@type\":\"Article\",\"@id\":\"https:\/\/orthodoxalbania.org\/2020\/2006\/02\/27\/telegram-ngushellimi-per-nderrimin-e-jetes-se-z-ibrahim-rugova-janar-06\/#article\",\"isPartOf\":{\"@id\":\"https:\/\/orthodoxalbania.org\/2020\/2006\/02\/27\/telegram-ngushellimi-per-nderrimin-e-jetes-se-z-ibrahim-rugova-janar-06\/\"},\"author\":{\"name\":\"Kisha Orthodhokse\",\"@id\":\"https:\/\/orthodoxalbania.org\/2020\/#\/schema\/person\/0c387634a7063ac612d7ed9ce71c7e86\"},\"headline\":\"Telegram ngush\u00ebllimi p\u00ebr nd\u00ebrrimin e jet\u00ebs s\u00eb z. Ibrahim Rugova. (24 Janar 2006)\",\"datePublished\":\"2006-02-27T08:10:53+00:00\",\"dateModified\":\"2020-04-06T20:35:57+00:00\",\"mainEntityOfPage\":{\"@id\":\"https:\/\/orthodoxalbania.org\/2020\/2006\/02\/27\/telegram-ngushellimi-per-nderrimin-e-jetes-se-z-ibrahim-rugova-janar-06\/\"},\"wordCount\":333,\"commentCount\":0,\"publisher\":{\"@id\":\"https:\/\/orthodoxalbania.org\/2020\/#organization\"},\"image\":{\"@id\":\"https:\/\/orthodoxalbania.org\/2020\/2006\/02\/27\/telegram-ngushellimi-per-nderrimin-e-jetes-se-z-ibrahim-rugova-janar-06\/#primaryimage\"},\"thumbnailUrl\":\"https:\/\/lh3.googleusercontent.com\/-0XaSr7tg_9w\/U_NB8PwotlI\/AAAAAAAAA2g\/QXaauIV8bCc\/s577-no\/logo.png\",\"keywords\":[\"2006\",\"Deklarata - Njoftime Zyrtare\",\"Kryepiskopata Tiran\u00eb\",\"lajme\"],\"articleSection\":[\"Lajme\"],\"inLanguage\":\"en-US\"},{\"@type\":\"WebPage\",\"@id\":\"https:\/\/orthodoxalbania.org\/2020\/2006\/02\/27\/telegram-ngushellimi-per-nderrimin-e-jetes-se-z-ibrahim-rugova-janar-06\/\",\"url\":\"https:\/\/orthodoxalbania.org\/2020\/2006\/02\/27\/telegram-ngushellimi-per-nderrimin-e-jetes-se-z-ibrahim-rugova-janar-06\/\",\"name\":\"Telegram ngush\u00ebllimi p\u00ebr nd\u00ebrrimin e jet\u00ebs s\u00eb z. Ibrahim Rugova. (24 Janar 2006) - Kisha Orthodh\u03bfkse Autoqefale e Shqip\u00ebris\u00eb\",\"isPartOf\":{\"@id\":\"https:\/\/orthodoxalbania.org\/2020\/#website\"},\"primaryImageOfPage\":{\"@id\":\"https:\/\/orthodoxalbania.org\/2020\/2006\/02\/27\/telegram-ngushellimi-per-nderrimin-e-jetes-se-z-ibrahim-rugova-janar-06\/#primaryimage\"},\"image\":{\"@id\":\"https:\/\/orthodoxalbania.org\/2020\/2006\/02\/27\/telegram-ngushellimi-per-nderrimin-e-jetes-se-z-ibrahim-rugova-janar-06\/#primaryimage\"},\"thumbnailUrl\":\"https:\/\/lh3.googleusercontent.com\/-0XaSr7tg_9w\/U_NB8PwotlI\/AAAAAAAAA2g\/QXaauIV8bCc\/s577-no\/logo.png\",\"datePublished\":\"2006-02-27T08:10:53+00:00\",\"dateModified\":\"2020-04-06T20:35:57+00:00\",\"breadcrumb\":{\"@id\":\"https:\/\/orthodoxalbania.org\/2020\/2006\/02\/27\/telegram-ngushellimi-per-nderrimin-e-jetes-se-z-ibrahim-rugova-janar-06\/#breadcrumb\"},\"inLanguage\":\"en-US\",\"potentialAction\":[{\"@type\":\"ReadAction\",\"target\":[\"https:\/\/orthodoxalbania.org\/2020\/2006\/02\/27\/telegram-ngushellimi-per-nderrimin-e-jetes-se-z-ibrahim-rugova-janar-06\/\"]}]},{\"@type\":\"ImageObject\",\"inLanguage\":\"en-US\",\"@id\":\"https:\/\/orthodoxalbania.org\/2020\/2006\/02\/27\/telegram-ngushellimi-per-nderrimin-e-jetes-se-z-ibrahim-rugova-janar-06\/#primaryimage\",\"url\":\"https:\/\/lh3.googleusercontent.com\/-0XaSr7tg_9w\/U_NB8PwotlI\/AAAAAAAAA2g\/QXaauIV8bCc\/s577-no\/logo.png\",\"contentUrl\":\"https:\/\/lh3.googleusercontent.com\/-0XaSr7tg_9w\/U_NB8PwotlI\/AAAAAAAAA2g\/QXaauIV8bCc\/s577-no\/logo.png\"},{\"@type\":\"BreadcrumbList\",\"@id\":\"https:\/\/orthodoxalbania.org\/2020\/2006\/02\/27\/telegram-ngushellimi-per-nderrimin-e-jetes-se-z-ibrahim-rugova-janar-06\/#breadcrumb\",\"itemListElement\":[{\"@type\":\"ListItem\",\"position\":1,\"name\":\"Home\",\"item\":\"https:\/\/orthodoxalbania.org\/2020\/\"},{\"@type\":\"ListItem\",\"position\":2,\"name\":\"Telegram ngush\u00ebllimi p\u00ebr nd\u00ebrrimin e jet\u00ebs s\u00eb z. Ibrahim Rugova. (24 Janar 2006)\"}]},{\"@type\":\"WebSite\",\"@id\":\"https:\/\/orthodoxalbania.org\/2020\/#website\",\"url\":\"https:\/\/orthodoxalbania.org\/2020\/\",\"name\":\"Kisha Orthodh\u03bfkse Autoqefale e Shqip\u00ebris\u00eb\",\"description\":\"Fqja Zyrtare e Kish\u00ebs Orthodhokse Autoqefale e Shqip\u00ebris\u00eb me lajmet edhe informacionet zyrtare p\u00ebr struktur\u00ebn edhe veprimtarin e saj.\",\"publisher\":{\"@id\":\"https:\/\/orthodoxalbania.org\/2020\/#organization\"},\"potentialAction\":[{\"@type\":\"SearchAction\",\"target\":{\"@type\":\"EntryPoint\",\"urlTemplate\":\"https:\/\/orthodoxalbania.org\/2020\/?s={search_term_string}\"},\"query-input\":{\"@type\":\"PropertyValueSpecification\",\"valueRequired\":true,\"valueName\":\"search_term_string\"}}],\"inLanguage\":\"en-US\"},{\"@type\":\"Organization\",\"@id\":\"https:\/\/orthodoxalbania.org\/2020\/#organization\",\"name\":\"Kisha Orthodhokse Autoqefale e Shqip\u00ebris\u00eb\",\"url\":\"https:\/\/orthodoxalbania.org\/2020\/\",\"logo\":{\"@type\":\"ImageObject\",\"inLanguage\":\"en-US\",\"@id\":\"https:\/\/orthodoxalbania.org\/2020\/#\/schema\/logo\/image\/\",\"url\":\"https:\/\/orthodoxalbania.org\/2020\/wp-content\/uploads\/2020\/05\/albania.jpeg\",\"contentUrl\":\"https:\/\/orthodoxalbania.org\/2020\/wp-content\/uploads\/2020\/05\/albania.jpeg\",\"width\":540,\"height\":540,\"caption\":\"Kisha Orthodhokse Autoqefale e Shqip\u00ebris\u00eb\"},\"image\":{\"@id\":\"https:\/\/orthodoxalbania.org\/2020\/#\/schema\/logo\/image\/\"},\"sameAs\":[\"https:\/\/www.facebook.com\/koash1991\"]},{\"@type\":\"Person\",\"@id\":\"https:\/\/orthodoxalbania.org\/2020\/#\/schema\/person\/0c387634a7063ac612d7ed9ce71c7e86\",\"name\":\"Kisha Orthodhokse\",\"image\":{\"@type\":\"ImageObject\",\"inLanguage\":\"en-US\",\"@id\":\"https:\/\/secure.gravatar.com\/avatar\/596e7c417251e30f2fbb9c00e026fce61a695a00e51c889caded71c96cbbdde5?s=96&d=mm&r=g\",\"url\":\"https:\/\/secure.gravatar.com\/avatar\/596e7c417251e30f2fbb9c00e026fce61a695a00e51c889caded71c96cbbdde5?s=96&d=mm&r=g\",\"contentUrl\":\"https:\/\/secure.gravatar.com\/avatar\/596e7c417251e30f2fbb9c00e026fce61a695a00e51c889caded71c96cbbdde5?s=96&d=mm&r=g\",\"caption\":\"Kisha Orthodhokse\"}}]}<\/script>\n<!-- \/ Yoast SEO plugin. -->","yoast_head_json":{"title":"Telegram ngush\u00ebllimi p\u00ebr nd\u00ebrrimin e jet\u00ebs s\u00eb z. Ibrahim Rugova. (24 Janar 2006) - Kisha Orthodh\u03bfkse Autoqefale e Shqip\u00ebris\u00eb","robots":{"index":"index","follow":"follow","max-snippet":"max-snippet:-1","max-image-preview":"max-image-preview:large","max-video-preview":"max-video-preview:-1"},"canonical":"https:\/\/orthodoxalbania.org\/2020\/2006\/02\/27\/telegram-ngushellimi-per-nderrimin-e-jetes-se-z-ibrahim-rugova-janar-06\/","og_locale":"en_US","og_type":"article","og_title":"Telegram ngush\u00ebllimi p\u00ebr nd\u00ebrrimin e jet\u00ebs s\u00eb z. Ibrahim Rugova. (24 Janar 2006) - Kisha Orthodh\u03bfkse Autoqefale e Shqip\u00ebris\u00eb","og_description":"Kisha Orthodhokse Autoqefale e Shqip\u00ebris\u00eb&nbsp;&nbsp;&nbsp;&nbsp; Kisha Orthodhokse Autoqefale e Shqip\u00ebris\u00eb Kryepiskopata e Hirshme Rruga e Kavaj\u00ebs Nr. 151, Tiran\u00eb. Tel 04-234 117, Fax 232 109 &nbsp;TELEGRAM NGUSH\u00cbLLIMI&nbsp; &nbsp; Z. Bajram Kosumi Kryeminist\u00ebr i Kosov\u00ebs &nbsp;&nbsp;&nbsp;&nbsp;&nbsp;&nbsp;&nbsp;&nbsp;&nbsp;&nbsp;&nbsp; Me hidh\u00ebrim t\u00eb madh m\u00ebsuam lajmin e ndarjes nga ne t\u00eb Presidentit t\u00eb Kosov\u00ebs, Z. Ibrahim Rugova. Ai ishte nj\u00eb personalitet historik i paqes, maturis\u00eb, dialogut dhe mir\u00ebkuptimit. Mungesa e","og_url":"https:\/\/orthodoxalbania.org\/2020\/2006\/02\/27\/telegram-ngushellimi-per-nderrimin-e-jetes-se-z-ibrahim-rugova-janar-06\/","og_site_name":"Kisha Orthodh\u03bfkse Autoqefale e Shqip\u00ebris\u00eb","article_publisher":"https:\/\/www.facebook.com\/koash1991","article_published_time":"2006-02-27T08:10:53+00:00","article_modified_time":"2020-04-06T20:35:57+00:00","og_image":[{"url":"https:\/\/lh3.googleusercontent.com\/-0XaSr7tg_9w\/U_NB8PwotlI\/AAAAAAAAA2g\/QXaauIV8bCc\/s577-no\/logo.png","type":"","width":"","height":""}],"author":"Kisha Orthodhokse","twitter_card":"summary_large_image","twitter_misc":{"Written by":"Kisha Orthodhokse","Est. reading time":"2 minutes"},"schema":{"@context":"https:\/\/schema.org","@graph":[{"@type":"Article","@id":"https:\/\/orthodoxalbania.org\/2020\/2006\/02\/27\/telegram-ngushellimi-per-nderrimin-e-jetes-se-z-ibrahim-rugova-janar-06\/#article","isPartOf":{"@id":"https:\/\/orthodoxalbania.org\/2020\/2006\/02\/27\/telegram-ngushellimi-per-nderrimin-e-jetes-se-z-ibrahim-rugova-janar-06\/"},"author":{"name":"Kisha Orthodhokse","@id":"https:\/\/orthodoxalbania.org\/2020\/#\/schema\/person\/0c387634a7063ac612d7ed9ce71c7e86"},"headline":"Telegram ngush\u00ebllimi p\u00ebr nd\u00ebrrimin e jet\u00ebs s\u00eb z. Ibrahim Rugova. (24 Janar 2006)","datePublished":"2006-02-27T08:10:53+00:00","dateModified":"2020-04-06T20:35:57+00:00","mainEntityOfPage":{"@id":"https:\/\/orthodoxalbania.org\/2020\/2006\/02\/27\/telegram-ngushellimi-per-nderrimin-e-jetes-se-z-ibrahim-rugova-janar-06\/"},"wordCount":333,"commentCount":0,"publisher":{"@id":"https:\/\/orthodoxalbania.org\/2020\/#organization"},"image":{"@id":"https:\/\/orthodoxalbania.org\/2020\/2006\/02\/27\/telegram-ngushellimi-per-nderrimin-e-jetes-se-z-ibrahim-rugova-janar-06\/#primaryimage"},"thumbnailUrl":"https:\/\/lh3.googleusercontent.com\/-0XaSr7tg_9w\/U_NB8PwotlI\/AAAAAAAAA2g\/QXaauIV8bCc\/s577-no\/logo.png","keywords":["2006","Deklarata - Njoftime Zyrtare","Kryepiskopata Tiran\u00eb","lajme"],"articleSection":["Lajme"],"inLanguage":"en-US"},{"@type":"WebPage","@id":"https:\/\/orthodoxalbania.org\/2020\/2006\/02\/27\/telegram-ngushellimi-per-nderrimin-e-jetes-se-z-ibrahim-rugova-janar-06\/","url":"https:\/\/orthodoxalbania.org\/2020\/2006\/02\/27\/telegram-ngushellimi-per-nderrimin-e-jetes-se-z-ibrahim-rugova-janar-06\/","name":"Telegram ngush\u00ebllimi p\u00ebr nd\u00ebrrimin e jet\u00ebs s\u00eb z. Ibrahim Rugova. (24 Janar 2006) - Kisha Orthodh\u03bfkse Autoqefale e Shqip\u00ebris\u00eb","isPartOf":{"@id":"https:\/\/orthodoxalbania.org\/2020\/#website"},"primaryImageOfPage":{"@id":"https:\/\/orthodoxalbania.org\/2020\/2006\/02\/27\/telegram-ngushellimi-per-nderrimin-e-jetes-se-z-ibrahim-rugova-janar-06\/#primaryimage"},"image":{"@id":"https:\/\/orthodoxalbania.org\/2020\/2006\/02\/27\/telegram-ngushellimi-per-nderrimin-e-jetes-se-z-ibrahim-rugova-janar-06\/#primaryimage"},"thumbnailUrl":"https:\/\/lh3.googleusercontent.com\/-0XaSr7tg_9w\/U_NB8PwotlI\/AAAAAAAAA2g\/QXaauIV8bCc\/s577-no\/logo.png","datePublished":"2006-02-27T08:10:53+00:00","dateModified":"2020-04-06T20:35:57+00:00","breadcrumb":{"@id":"https:\/\/orthodoxalbania.org\/2020\/2006\/02\/27\/telegram-ngushellimi-per-nderrimin-e-jetes-se-z-ibrahim-rugova-janar-06\/#breadcrumb"},"inLanguage":"en-US","potentialAction":[{"@type":"ReadAction","target":["https:\/\/orthodoxalbania.org\/2020\/2006\/02\/27\/telegram-ngushellimi-per-nderrimin-e-jetes-se-z-ibrahim-rugova-janar-06\/"]}]},{"@type":"ImageObject","inLanguage":"en-US","@id":"https:\/\/orthodoxalbania.org\/2020\/2006\/02\/27\/telegram-ngushellimi-per-nderrimin-e-jetes-se-z-ibrahim-rugova-janar-06\/#primaryimage","url":"https:\/\/lh3.googleusercontent.com\/-0XaSr7tg_9w\/U_NB8PwotlI\/AAAAAAAAA2g\/QXaauIV8bCc\/s577-no\/logo.png","contentUrl":"https:\/\/lh3.googleusercontent.com\/-0XaSr7tg_9w\/U_NB8PwotlI\/AAAAAAAAA2g\/QXaauIV8bCc\/s577-no\/logo.png"},{"@type":"BreadcrumbList","@id":"https:\/\/orthodoxalbania.org\/2020\/2006\/02\/27\/telegram-ngushellimi-per-nderrimin-e-jetes-se-z-ibrahim-rugova-janar-06\/#breadcrumb","itemListElement":[{"@type":"ListItem","position":1,"name":"Home","item":"https:\/\/orthodoxalbania.org\/2020\/"},{"@type":"ListItem","position":2,"name":"Telegram ngush\u00ebllimi p\u00ebr nd\u00ebrrimin e jet\u00ebs s\u00eb z. Ibrahim Rugova. (24 Janar 2006)"}]},{"@type":"WebSite","@id":"https:\/\/orthodoxalbania.org\/2020\/#website","url":"https:\/\/orthodoxalbania.org\/2020\/","name":"Kisha Orthodh\u03bfkse Autoqefale e Shqip\u00ebris\u00eb","description":"Fqja Zyrtare e Kish\u00ebs Orthodhokse Autoqefale e Shqip\u00ebris\u00eb me lajmet edhe informacionet zyrtare p\u00ebr struktur\u00ebn edhe veprimtarin e saj.","publisher":{"@id":"https:\/\/orthodoxalbania.org\/2020\/#organization"},"potentialAction":[{"@type":"SearchAction","target":{"@type":"EntryPoint","urlTemplate":"https:\/\/orthodoxalbania.org\/2020\/?s={search_term_string}"},"query-input":{"@type":"PropertyValueSpecification","valueRequired":true,"valueName":"search_term_string"}}],"inLanguage":"en-US"},{"@type":"Organization","@id":"https:\/\/orthodoxalbania.org\/2020\/#organization","name":"Kisha Orthodhokse Autoqefale e Shqip\u00ebris\u00eb","url":"https:\/\/orthodoxalbania.org\/2020\/","logo":{"@type":"ImageObject","inLanguage":"en-US","@id":"https:\/\/orthodoxalbania.org\/2020\/#\/schema\/logo\/image\/","url":"https:\/\/orthodoxalbania.org\/2020\/wp-content\/uploads\/2020\/05\/albania.jpeg","contentUrl":"https:\/\/orthodoxalbania.org\/2020\/wp-content\/uploads\/2020\/05\/albania.jpeg","width":540,"height":540,"caption":"Kisha Orthodhokse Autoqefale e Shqip\u00ebris\u00eb"},"image":{"@id":"https:\/\/orthodoxalbania.org\/2020\/#\/schema\/logo\/image\/"},"sameAs":["https:\/\/www.facebook.com\/koash1991"]},{"@type":"Person","@id":"https:\/\/orthodoxalbania.org\/2020\/#\/schema\/person\/0c387634a7063ac612d7ed9ce71c7e86","name":"Kisha Orthodhokse","image":{"@type":"ImageObject","inLanguage":"en-US","@id":"https:\/\/secure.gravatar.com\/avatar\/596e7c417251e30f2fbb9c00e026fce61a695a00e51c889caded71c96cbbdde5?s=96&d=mm&r=g","url":"https:\/\/secure.gravatar.com\/avatar\/596e7c417251e30f2fbb9c00e026fce61a695a00e51c889caded71c96cbbdde5?s=96&d=mm&r=g","contentUrl":"https:\/\/secure.gravatar.com\/avatar\/596e7c417251e30f2fbb9c00e026fce61a695a00e51c889caded71c96cbbdde5?s=96&d=mm&r=g","caption":"Kisha Orthodhokse"}}]}},"_links":{"self":[{"href":"https:\/\/orthodoxalbania.org\/2020\/wp-json\/wp\/v2\/posts\/1269","targetHints":{"allow":["GET"]}}],"collection":[{"href":"https:\/\/orthodoxalbania.org\/2020\/wp-json\/wp\/v2\/posts"}],"about":[{"href":"https:\/\/orthodoxalbania.org\/2020\/wp-json\/wp\/v2\/types\/post"}],"author":[{"embeddable":true,"href":"https:\/\/orthodoxalbania.org\/2020\/wp-json\/wp\/v2\/users\/1"}],"replies":[{"embeddable":true,"href":"https:\/\/orthodoxalbania.org\/2020\/wp-json\/wp\/v2\/comments?post=1269"}],"version-history":[{"count":1,"href":"https:\/\/orthodoxalbania.org\/2020\/wp-json\/wp\/v2\/posts\/1269\/revisions"}],"predecessor-version":[{"id":15806,"href":"https:\/\/orthodoxalbania.org\/2020\/wp-json\/wp\/v2\/posts\/1269\/revisions\/15806"}],"wp:attachment":[{"href":"https:\/\/orthodoxalbania.org\/2020\/wp-json\/wp\/v2\/media?parent=1269"}],"wp:term":[{"taxonomy":"category","embeddable":true,"href":"https:\/\/orthodoxalbania.org\/2020\/wp-json\/wp\/v2\/categories?post=1269"},{"taxonomy":"post_tag","embeddable":true,"href":"https:\/\/orthodoxalbania.org\/2020\/wp-json\/wp\/v2\/tags?post=1269"}],"curies":[{"name":"wp","href":"https:\/\/api.w.org\/{rel}","templated":true}]}}