{"id":1266,"date":"2013-03-21T09:11:13","date_gmt":"2013-03-21T09:11:13","guid":{"rendered":""},"modified":"2020-04-06T22:32:10","modified_gmt":"2020-04-06T20:32:10","slug":"te-rinjte-orthodhokse-ndajne-kekun-e-shen-vasilit","status":"publish","type":"post","link":"https:\/\/orthodoxalbania.org\/2020\/2013\/03\/21\/te-rinjte-orthodhokse-ndajne-kekun-e-shen-vasilit\/","title":{"rendered":"T\u00eb rinjt\u00eb orthodhoks\u00eb ndajn\u00eb kekun e sh\u00ebn Vasilit. (Janar 2011)"},"content":{"rendered":"<div class=\"style10\"><span style=\"font-size: 12px;\"><span style=\"color: #000000;\"><span style=\"font-family: Arial;\"><img decoding=\"async\" class=\"lazyload HAa Eha\" style=\"border-width: 1px; border-style: solid; margin: 10px; float: left;\" alt=\"\" src=\"data:image\/svg+xml,%3Csvg%20xmlns%3D%27http%3A%2F%2Fwww.w3.org%2F2000%2Fsvg%27%20width%3D%27354%27%20height%3D%27201%27%20viewBox%3D%270%200%20354%20201%27%3E%3Crect%20width%3D%27354%27%20height%3D%27201%27%20fill-opacity%3D%220%22%2F%3E%3C%2Fsvg%3E\" data-orig-src=\"https:\/\/lh3.googleusercontent.com\/-prwOD-5H4gg\/VABIUoj4N4I\/AAAAAAAAB9s\/2kT818CTRLk\/w600-h337-no\/shtepia%2Be%2Brinise%2B-_600x337.JPG\" height=\"201\" width=\"354\" \/><span style=\"font-family: tahoma,geneva,sans-serif;\"> &nbsp;&nbsp; Tradita e ndarjes s\u00eb kekut t\u00eb sh\u00ebn Vasilit nuk kishte si t\u2019i mungonte Qendr\u00ebs s\u00eb Rinis\u00eb Orthodhokse \u201cBethlehem\u201d, e cila prej vitesh po kryen aktivitet t\u00eb posa\u00e7\u00ebm p\u00ebr k\u00ebt\u00eb fest\u00eb. Dhjet\u00ebra t\u00eb rinj e t\u00eb reja, t\u00eb udh\u00ebhequr nga drejtuesi i tyre shpirt\u00ebror At\u00eb Justini, ishin p\u00ebrgatitur t\u00eb organizonin m\u00eb 23 janar nj\u00eb takim p\u00ebr t\u00eb ndar\u00eb kekun e sh\u00ebn Vasilit dhe p\u00ebr t\u00eb gjetur si\u00e7 \u00ebsht\u00eb tradita monedh\u00ebn e njeriut me fat.<\/span><\/span><\/span><\/span><\/div>\n<div class=\"style10\"> <span style=\"font-size: 12px;\"><span style=\"color: #000000;\"><span style=\"font-family: Arial;\"><span style=\"font-family: tahoma,geneva,sans-serif;\">&nbsp; &nbsp; I ftuar special ishte Kryepiskopi Anastas, i cili bashk\u00ebbisedoi me t\u00eb rinjt\u00eb, duke folur p\u00ebr personalitetin e r\u00ebnd\u00ebsish\u00ebm t\u00eb krisht\u00ebrimit, sh\u00ebn Vasilin. \u201cKisha na sjell si shembuj shenjtor\u00ebt, t\u00eb cil\u00ebt jan\u00eb personalite t\u00eb r\u00ebnd\u00ebsish\u00ebm q\u00eb jetuan n\u00eb k\u00ebt\u00eb jet\u00eb. Sh\u00ebn Vasili ishte k\u00ebrkues i absolutes, i s\u00eb v\u00ebrtet\u00ebs dhe i vuri n\u00eb p\u00ebrdorim gjith\u00e7ka q\u00eb kishte mund\u00ebsi. Ai eci drejt dijes me shum\u00eb entuziaz\u00ebm, prandaj edhe ju duhet t\u00eb merrni shembull nga jeta e tij\u201d \u2013 theksoi Kryepiskopi. Ai iu kujtoi t\u00eb rinjve se feja p\u00ebrb\u00ebn nj\u00eb an\u00eb t\u00eb r\u00ebnd\u00ebsishme t\u00eb civilizimit. Por \u00ebsht\u00eb nj\u00eb mang\u00ebsi shum\u00eb e madhe q\u00eb n\u00eb sistemin arsimor shqiptar, t\u00eb rinjt\u00eb vazhdojn\u00eb t\u00eb mos edukohen me l\u00ebnd\u00ebt fetare. P\u00ebrdorimi i fjal\u00ebve dashuri, shpres\u00eb, n\u00ebse nuk lidhen me besimin jan\u00eb pa pa vler\u00eb.<\/span><\/span><\/span><\/span><\/div>\n<div class=\"style10\"> <span style=\"font-size: 12px;\"><span style=\"color: #000000;\"><span style=\"font-family: Arial;\"><span style=\"font-family: tahoma,geneva,sans-serif;\">&nbsp;&nbsp;&nbsp; Pas bashk\u00ebbisedimit, Kryepiskopi ndau kekun dhe ua shp\u00ebrndau t\u00eb rinjve pjes\u00ebmarr\u00ebs. Pak dit\u00eb m\u00eb par\u00eb nj\u00eb aktivitet i ngjash\u00ebm u krye edhe student\u00ebt e \u201cFoles\u00eb studentore\u201d t\u00eb Kish\u00ebs son\u00eb n\u00eb Qytetin Studenti. <\/span><\/span><\/span><\/span><\/div>\n<div class=\"style10\" style=\"text-align: right;\"><span style=\"font-size: 12px;\"><span style=\"color: #000000;\"><span style=\"font-family: tahoma,geneva,sans-serif;\"><strong>I.Koti<\/strong><\/span><\/span><\/span><\/div>\n<div class=\"style10\" style=\"text-align: right;\">&nbsp;&nbsp;<\/div>\n<table style=\"width: 829px; height: 272px;\" border=\"0\">\n<tbody>\n<tr>\n<td>\n<div><span style=\"font-size: 12px;\"><span style=\"color: #000000;\"><img decoding=\"async\" class=\"lazyload HAa Eha\" style=\"height: 225px; width: 400px; margin: 10px auto; border-width: 1px; border-style: solid; display: block;\" alt=\"\" src=\"data:image\/gif;base64,R0lGODlhAQABAAAAACH5BAEKAAEALAAAAAABAAEAAAICTAEAOw==\" data-orig-src=\"https:\/\/lh5.googleusercontent.com\/-T2sHWLKjkfQ\/VABIGp1-KMI\/AAAAAAAAB9Y\/HlJJONTBcE4\/w600-h337-no\/ne%2Bhyrje%2Bte%2Bshtepise%2Bse%2Brinise_600x337.JPG\" \/><\/span><\/span><\/div>\n<\/td>\n<td>\n<div><span style=\"font-size: 12px;\"><span style=\"color: #000000;\"><img decoding=\"async\" class=\"lazyload HAa Eha\" style=\"height: 225px; width: 400px; margin: 10px auto; border-width: 1px; border-style: solid; display: block;\" alt=\"\" src=\"data:image\/gif;base64,R0lGODlhAQABAAAAACH5BAEKAAEALAAAAAABAAEAAAICTAEAOw==\" data-orig-src=\"https:\/\/lh3.googleusercontent.com\/--mKEVEELoHA\/VABHy7COhyI\/AAAAAAAAB88\/L8duXho0rIw\/w600-h337-no\/shtepia%2Be%2Brinise%2B%2B_600x337.JPG\" \/><\/span><\/span><\/div>\n<\/td>\n<\/tr>\n<tr>\n<td>\n<div>&nbsp;<\/div>\n<\/td>\n<td>\n<div>&nbsp;<\/div>\n<\/td>\n<\/tr>\n<\/tbody>\n<\/table>\n","protected":false},"excerpt":{"rendered":"<p>&nbsp;&nbsp; Tradita e ndarjes s\u00eb kekut t\u00eb sh\u00ebn Vasilit nuk kishte si t\u2019i mungonte Qendr\u00ebs s\u00eb Rinis\u00eb Orthodhokse \u201cBethlehem\u201d, e cila prej vitesh po kryen aktivitet t\u00eb posa\u00e7\u00ebm p\u00ebr k\u00ebt\u00eb fest\u00eb. Dhjet\u00ebra t\u00eb rinj e t\u00eb reja, t\u00eb udh\u00ebhequr nga drejtuesi i tyre shpirt\u00ebror At\u00eb Justini, ishin p\u00ebrgatitur t\u00eb organizonin m\u00eb 23 janar nj\u00eb takim p\u00ebr t\u00eb ndar\u00eb kekun e sh\u00ebn Vasilit dhe p\u00ebr t\u00eb<\/p>\n","protected":false},"author":1,"featured_media":0,"comment_status":"open","ping_status":"open","sticky":false,"template":"","format":"standard","meta":{"_acf_changed":false,"pagelayer_contact_templates":[],"_pagelayer_content":"","inline_featured_image":false,"fifu_image_url":"","fifu_image_alt":"","footnotes":""},"categories":[108],"tags":[143,196,201,212,176],"class_list":["post-1266","post","type-post","status-publish","format-standard","hentry","category-lajme","tag-143","tag-tirane","tag-kryepiskopi-anastas","tag-lajme-d27","tag-rinia-orthodhokse"],"acf":[],"yoast_head":"<!-- This site is optimized with the Yoast SEO plugin v27.2 - https:\/\/yoast.com\/product\/yoast-seo-wordpress\/ -->\n<title>T\u00eb rinjt\u00eb orthodhoks\u00eb ndajn\u00eb kekun e sh\u00ebn Vasilit. (Janar 2011) - Kisha Orthodh\u03bfkse Autoqefale e Shqip\u00ebris\u00eb<\/title>\n<meta name=\"robots\" content=\"index, follow, max-snippet:-1, max-image-preview:large, max-video-preview:-1\" \/>\n<link rel=\"canonical\" href=\"https:\/\/orthodoxalbania.org\/2020\/2013\/03\/21\/te-rinjte-orthodhokse-ndajne-kekun-e-shen-vasilit\/\" \/>\n<meta property=\"og:locale\" content=\"en_US\" \/>\n<meta property=\"og:type\" content=\"article\" \/>\n<meta property=\"og:title\" content=\"T\u00eb rinjt\u00eb orthodhoks\u00eb ndajn\u00eb kekun e sh\u00ebn Vasilit. (Janar 2011) - Kisha Orthodh\u03bfkse Autoqefale e Shqip\u00ebris\u00eb\" \/>\n<meta property=\"og:description\" content=\"&nbsp;&nbsp; Tradita e ndarjes s\u00eb kekut t\u00eb sh\u00ebn Vasilit nuk kishte si t\u2019i mungonte Qendr\u00ebs s\u00eb Rinis\u00eb Orthodhokse \u201cBethlehem\u201d, e cila prej vitesh po kryen aktivitet t\u00eb posa\u00e7\u00ebm p\u00ebr k\u00ebt\u00eb fest\u00eb. Dhjet\u00ebra t\u00eb rinj e t\u00eb reja, t\u00eb udh\u00ebhequr nga drejtuesi i tyre shpirt\u00ebror At\u00eb Justini, ishin p\u00ebrgatitur t\u00eb organizonin m\u00eb 23 janar nj\u00eb takim p\u00ebr t\u00eb ndar\u00eb kekun e sh\u00ebn Vasilit dhe p\u00ebr t\u00eb\" \/>\n<meta property=\"og:url\" content=\"https:\/\/orthodoxalbania.org\/2020\/2013\/03\/21\/te-rinjte-orthodhokse-ndajne-kekun-e-shen-vasilit\/\" \/>\n<meta property=\"og:site_name\" content=\"Kisha Orthodh\u03bfkse Autoqefale e Shqip\u00ebris\u00eb\" \/>\n<meta property=\"article:publisher\" content=\"https:\/\/www.facebook.com\/koash1991\" \/>\n<meta property=\"article:published_time\" content=\"2013-03-21T09:11:13+00:00\" \/>\n<meta property=\"article:modified_time\" content=\"2020-04-06T20:32:10+00:00\" \/>\n<meta property=\"og:image\" content=\"https:\/\/lh3.googleusercontent.com\/-prwOD-5H4gg\/VABIUoj4N4I\/AAAAAAAAB9s\/2kT818CTRLk\/w600-h337-no\/shtepia%2Be%2Brinise%2B-_600x337.JPG\" \/>\n<meta name=\"author\" content=\"Kisha Orthodhokse\" \/>\n<meta name=\"twitter:card\" content=\"summary_large_image\" \/>\n<meta name=\"twitter:label1\" content=\"Written by\" \/>\n\t<meta name=\"twitter:data1\" content=\"Kisha Orthodhokse\" \/>\n\t<meta name=\"twitter:label2\" content=\"Est. reading time\" \/>\n\t<meta name=\"twitter:data2\" content=\"1 minute\" \/>\n<script type=\"application\/ld+json\" class=\"yoast-schema-graph\">{\"@context\":\"https:\/\/schema.org\",\"@graph\":[{\"@type\":\"Article\",\"@id\":\"https:\/\/orthodoxalbania.org\/2020\/2013\/03\/21\/te-rinjte-orthodhokse-ndajne-kekun-e-shen-vasilit\/#article\",\"isPartOf\":{\"@id\":\"https:\/\/orthodoxalbania.org\/2020\/2013\/03\/21\/te-rinjte-orthodhokse-ndajne-kekun-e-shen-vasilit\/\"},\"author\":{\"name\":\"Kisha Orthodhokse\",\"@id\":\"https:\/\/orthodoxalbania.org\/2020\/#\/schema\/person\/0c387634a7063ac612d7ed9ce71c7e86\"},\"headline\":\"T\u00eb rinjt\u00eb orthodhoks\u00eb ndajn\u00eb kekun e sh\u00ebn Vasilit. (Janar 2011)\",\"datePublished\":\"2013-03-21T09:11:13+00:00\",\"dateModified\":\"2020-04-06T20:32:10+00:00\",\"mainEntityOfPage\":{\"@id\":\"https:\/\/orthodoxalbania.org\/2020\/2013\/03\/21\/te-rinjte-orthodhokse-ndajne-kekun-e-shen-vasilit\/\"},\"wordCount\":305,\"commentCount\":0,\"publisher\":{\"@id\":\"https:\/\/orthodoxalbania.org\/2020\/#organization\"},\"image\":{\"@id\":\"https:\/\/orthodoxalbania.org\/2020\/2013\/03\/21\/te-rinjte-orthodhokse-ndajne-kekun-e-shen-vasilit\/#primaryimage\"},\"thumbnailUrl\":\"https:\/\/lh3.googleusercontent.com\/-prwOD-5H4gg\/VABIUoj4N4I\/AAAAAAAAB9s\/2kT818CTRLk\/w600-h337-no\/shtepia%2Be%2Brinise%2B-_600x337.JPG\",\"keywords\":[\"2011\",\"Kryepiskopata Tiran\u00eb\",\"Kryepiskopi Anastas\",\"lajme\",\"Rinia Orthodhokse\"],\"articleSection\":[\"Lajme\"],\"inLanguage\":\"en-US\"},{\"@type\":\"WebPage\",\"@id\":\"https:\/\/orthodoxalbania.org\/2020\/2013\/03\/21\/te-rinjte-orthodhokse-ndajne-kekun-e-shen-vasilit\/\",\"url\":\"https:\/\/orthodoxalbania.org\/2020\/2013\/03\/21\/te-rinjte-orthodhokse-ndajne-kekun-e-shen-vasilit\/\",\"name\":\"T\u00eb rinjt\u00eb orthodhoks\u00eb ndajn\u00eb kekun e sh\u00ebn Vasilit. (Janar 2011) - Kisha Orthodh\u03bfkse Autoqefale e Shqip\u00ebris\u00eb\",\"isPartOf\":{\"@id\":\"https:\/\/orthodoxalbania.org\/2020\/#website\"},\"primaryImageOfPage\":{\"@id\":\"https:\/\/orthodoxalbania.org\/2020\/2013\/03\/21\/te-rinjte-orthodhokse-ndajne-kekun-e-shen-vasilit\/#primaryimage\"},\"image\":{\"@id\":\"https:\/\/orthodoxalbania.org\/2020\/2013\/03\/21\/te-rinjte-orthodhokse-ndajne-kekun-e-shen-vasilit\/#primaryimage\"},\"thumbnailUrl\":\"https:\/\/lh3.googleusercontent.com\/-prwOD-5H4gg\/VABIUoj4N4I\/AAAAAAAAB9s\/2kT818CTRLk\/w600-h337-no\/shtepia%2Be%2Brinise%2B-_600x337.JPG\",\"datePublished\":\"2013-03-21T09:11:13+00:00\",\"dateModified\":\"2020-04-06T20:32:10+00:00\",\"breadcrumb\":{\"@id\":\"https:\/\/orthodoxalbania.org\/2020\/2013\/03\/21\/te-rinjte-orthodhokse-ndajne-kekun-e-shen-vasilit\/#breadcrumb\"},\"inLanguage\":\"en-US\",\"potentialAction\":[{\"@type\":\"ReadAction\",\"target\":[\"https:\/\/orthodoxalbania.org\/2020\/2013\/03\/21\/te-rinjte-orthodhokse-ndajne-kekun-e-shen-vasilit\/\"]}]},{\"@type\":\"ImageObject\",\"inLanguage\":\"en-US\",\"@id\":\"https:\/\/orthodoxalbania.org\/2020\/2013\/03\/21\/te-rinjte-orthodhokse-ndajne-kekun-e-shen-vasilit\/#primaryimage\",\"url\":\"https:\/\/lh3.googleusercontent.com\/-prwOD-5H4gg\/VABIUoj4N4I\/AAAAAAAAB9s\/2kT818CTRLk\/w600-h337-no\/shtepia%2Be%2Brinise%2B-_600x337.JPG\",\"contentUrl\":\"https:\/\/lh3.googleusercontent.com\/-prwOD-5H4gg\/VABIUoj4N4I\/AAAAAAAAB9s\/2kT818CTRLk\/w600-h337-no\/shtepia%2Be%2Brinise%2B-_600x337.JPG\"},{\"@type\":\"BreadcrumbList\",\"@id\":\"https:\/\/orthodoxalbania.org\/2020\/2013\/03\/21\/te-rinjte-orthodhokse-ndajne-kekun-e-shen-vasilit\/#breadcrumb\",\"itemListElement\":[{\"@type\":\"ListItem\",\"position\":1,\"name\":\"Home\",\"item\":\"https:\/\/orthodoxalbania.org\/2020\/\"},{\"@type\":\"ListItem\",\"position\":2,\"name\":\"T\u00eb rinjt\u00eb orthodhoks\u00eb ndajn\u00eb kekun e sh\u00ebn Vasilit. (Janar 2011)\"}]},{\"@type\":\"WebSite\",\"@id\":\"https:\/\/orthodoxalbania.org\/2020\/#website\",\"url\":\"https:\/\/orthodoxalbania.org\/2020\/\",\"name\":\"Kisha Orthodh\u03bfkse Autoqefale e Shqip\u00ebris\u00eb\",\"description\":\"Fqja Zyrtare e Kish\u00ebs Orthodhokse Autoqefale e Shqip\u00ebris\u00eb me lajmet edhe informacionet zyrtare p\u00ebr struktur\u00ebn edhe veprimtarin e saj.\",\"publisher\":{\"@id\":\"https:\/\/orthodoxalbania.org\/2020\/#organization\"},\"potentialAction\":[{\"@type\":\"SearchAction\",\"target\":{\"@type\":\"EntryPoint\",\"urlTemplate\":\"https:\/\/orthodoxalbania.org\/2020\/?s={search_term_string}\"},\"query-input\":{\"@type\":\"PropertyValueSpecification\",\"valueRequired\":true,\"valueName\":\"search_term_string\"}}],\"inLanguage\":\"en-US\"},{\"@type\":\"Organization\",\"@id\":\"https:\/\/orthodoxalbania.org\/2020\/#organization\",\"name\":\"Kisha Orthodhokse Autoqefale e Shqip\u00ebris\u00eb\",\"url\":\"https:\/\/orthodoxalbania.org\/2020\/\",\"logo\":{\"@type\":\"ImageObject\",\"inLanguage\":\"en-US\",\"@id\":\"https:\/\/orthodoxalbania.org\/2020\/#\/schema\/logo\/image\/\",\"url\":\"https:\/\/orthodoxalbania.org\/2020\/wp-content\/uploads\/2020\/05\/albania.jpeg\",\"contentUrl\":\"https:\/\/orthodoxalbania.org\/2020\/wp-content\/uploads\/2020\/05\/albania.jpeg\",\"width\":540,\"height\":540,\"caption\":\"Kisha Orthodhokse Autoqefale e Shqip\u00ebris\u00eb\"},\"image\":{\"@id\":\"https:\/\/orthodoxalbania.org\/2020\/#\/schema\/logo\/image\/\"},\"sameAs\":[\"https:\/\/www.facebook.com\/koash1991\"]},{\"@type\":\"Person\",\"@id\":\"https:\/\/orthodoxalbania.org\/2020\/#\/schema\/person\/0c387634a7063ac612d7ed9ce71c7e86\",\"name\":\"Kisha Orthodhokse\",\"image\":{\"@type\":\"ImageObject\",\"inLanguage\":\"en-US\",\"@id\":\"https:\/\/secure.gravatar.com\/avatar\/596e7c417251e30f2fbb9c00e026fce61a695a00e51c889caded71c96cbbdde5?s=96&d=mm&r=g\",\"url\":\"https:\/\/secure.gravatar.com\/avatar\/596e7c417251e30f2fbb9c00e026fce61a695a00e51c889caded71c96cbbdde5?s=96&d=mm&r=g\",\"contentUrl\":\"https:\/\/secure.gravatar.com\/avatar\/596e7c417251e30f2fbb9c00e026fce61a695a00e51c889caded71c96cbbdde5?s=96&d=mm&r=g\",\"caption\":\"Kisha Orthodhokse\"}}]}<\/script>\n<!-- \/ Yoast SEO plugin. -->","yoast_head_json":{"title":"T\u00eb rinjt\u00eb orthodhoks\u00eb ndajn\u00eb kekun e sh\u00ebn Vasilit. (Janar 2011) - Kisha Orthodh\u03bfkse Autoqefale e Shqip\u00ebris\u00eb","robots":{"index":"index","follow":"follow","max-snippet":"max-snippet:-1","max-image-preview":"max-image-preview:large","max-video-preview":"max-video-preview:-1"},"canonical":"https:\/\/orthodoxalbania.org\/2020\/2013\/03\/21\/te-rinjte-orthodhokse-ndajne-kekun-e-shen-vasilit\/","og_locale":"en_US","og_type":"article","og_title":"T\u00eb rinjt\u00eb orthodhoks\u00eb ndajn\u00eb kekun e sh\u00ebn Vasilit. (Janar 2011) - Kisha Orthodh\u03bfkse Autoqefale e Shqip\u00ebris\u00eb","og_description":"&nbsp;&nbsp; Tradita e ndarjes s\u00eb kekut t\u00eb sh\u00ebn Vasilit nuk kishte si t\u2019i mungonte Qendr\u00ebs s\u00eb Rinis\u00eb Orthodhokse \u201cBethlehem\u201d, e cila prej vitesh po kryen aktivitet t\u00eb posa\u00e7\u00ebm p\u00ebr k\u00ebt\u00eb fest\u00eb. Dhjet\u00ebra t\u00eb rinj e t\u00eb reja, t\u00eb udh\u00ebhequr nga drejtuesi i tyre shpirt\u00ebror At\u00eb Justini, ishin p\u00ebrgatitur t\u00eb organizonin m\u00eb 23 janar nj\u00eb takim p\u00ebr t\u00eb ndar\u00eb kekun e sh\u00ebn Vasilit dhe p\u00ebr t\u00eb","og_url":"https:\/\/orthodoxalbania.org\/2020\/2013\/03\/21\/te-rinjte-orthodhokse-ndajne-kekun-e-shen-vasilit\/","og_site_name":"Kisha Orthodh\u03bfkse Autoqefale e Shqip\u00ebris\u00eb","article_publisher":"https:\/\/www.facebook.com\/koash1991","article_published_time":"2013-03-21T09:11:13+00:00","article_modified_time":"2020-04-06T20:32:10+00:00","og_image":[{"url":"https:\/\/lh3.googleusercontent.com\/-prwOD-5H4gg\/VABIUoj4N4I\/AAAAAAAAB9s\/2kT818CTRLk\/w600-h337-no\/shtepia%2Be%2Brinise%2B-_600x337.JPG","type":"","width":"","height":""}],"author":"Kisha Orthodhokse","twitter_card":"summary_large_image","twitter_misc":{"Written by":"Kisha Orthodhokse","Est. reading time":"1 minute"},"schema":{"@context":"https:\/\/schema.org","@graph":[{"@type":"Article","@id":"https:\/\/orthodoxalbania.org\/2020\/2013\/03\/21\/te-rinjte-orthodhokse-ndajne-kekun-e-shen-vasilit\/#article","isPartOf":{"@id":"https:\/\/orthodoxalbania.org\/2020\/2013\/03\/21\/te-rinjte-orthodhokse-ndajne-kekun-e-shen-vasilit\/"},"author":{"name":"Kisha Orthodhokse","@id":"https:\/\/orthodoxalbania.org\/2020\/#\/schema\/person\/0c387634a7063ac612d7ed9ce71c7e86"},"headline":"T\u00eb rinjt\u00eb orthodhoks\u00eb ndajn\u00eb kekun e sh\u00ebn Vasilit. (Janar 2011)","datePublished":"2013-03-21T09:11:13+00:00","dateModified":"2020-04-06T20:32:10+00:00","mainEntityOfPage":{"@id":"https:\/\/orthodoxalbania.org\/2020\/2013\/03\/21\/te-rinjte-orthodhokse-ndajne-kekun-e-shen-vasilit\/"},"wordCount":305,"commentCount":0,"publisher":{"@id":"https:\/\/orthodoxalbania.org\/2020\/#organization"},"image":{"@id":"https:\/\/orthodoxalbania.org\/2020\/2013\/03\/21\/te-rinjte-orthodhokse-ndajne-kekun-e-shen-vasilit\/#primaryimage"},"thumbnailUrl":"https:\/\/lh3.googleusercontent.com\/-prwOD-5H4gg\/VABIUoj4N4I\/AAAAAAAAB9s\/2kT818CTRLk\/w600-h337-no\/shtepia%2Be%2Brinise%2B-_600x337.JPG","keywords":["2011","Kryepiskopata Tiran\u00eb","Kryepiskopi Anastas","lajme","Rinia Orthodhokse"],"articleSection":["Lajme"],"inLanguage":"en-US"},{"@type":"WebPage","@id":"https:\/\/orthodoxalbania.org\/2020\/2013\/03\/21\/te-rinjte-orthodhokse-ndajne-kekun-e-shen-vasilit\/","url":"https:\/\/orthodoxalbania.org\/2020\/2013\/03\/21\/te-rinjte-orthodhokse-ndajne-kekun-e-shen-vasilit\/","name":"T\u00eb rinjt\u00eb orthodhoks\u00eb ndajn\u00eb kekun e sh\u00ebn Vasilit. (Janar 2011) - Kisha Orthodh\u03bfkse Autoqefale e Shqip\u00ebris\u00eb","isPartOf":{"@id":"https:\/\/orthodoxalbania.org\/2020\/#website"},"primaryImageOfPage":{"@id":"https:\/\/orthodoxalbania.org\/2020\/2013\/03\/21\/te-rinjte-orthodhokse-ndajne-kekun-e-shen-vasilit\/#primaryimage"},"image":{"@id":"https:\/\/orthodoxalbania.org\/2020\/2013\/03\/21\/te-rinjte-orthodhokse-ndajne-kekun-e-shen-vasilit\/#primaryimage"},"thumbnailUrl":"https:\/\/lh3.googleusercontent.com\/-prwOD-5H4gg\/VABIUoj4N4I\/AAAAAAAAB9s\/2kT818CTRLk\/w600-h337-no\/shtepia%2Be%2Brinise%2B-_600x337.JPG","datePublished":"2013-03-21T09:11:13+00:00","dateModified":"2020-04-06T20:32:10+00:00","breadcrumb":{"@id":"https:\/\/orthodoxalbania.org\/2020\/2013\/03\/21\/te-rinjte-orthodhokse-ndajne-kekun-e-shen-vasilit\/#breadcrumb"},"inLanguage":"en-US","potentialAction":[{"@type":"ReadAction","target":["https:\/\/orthodoxalbania.org\/2020\/2013\/03\/21\/te-rinjte-orthodhokse-ndajne-kekun-e-shen-vasilit\/"]}]},{"@type":"ImageObject","inLanguage":"en-US","@id":"https:\/\/orthodoxalbania.org\/2020\/2013\/03\/21\/te-rinjte-orthodhokse-ndajne-kekun-e-shen-vasilit\/#primaryimage","url":"https:\/\/lh3.googleusercontent.com\/-prwOD-5H4gg\/VABIUoj4N4I\/AAAAAAAAB9s\/2kT818CTRLk\/w600-h337-no\/shtepia%2Be%2Brinise%2B-_600x337.JPG","contentUrl":"https:\/\/lh3.googleusercontent.com\/-prwOD-5H4gg\/VABIUoj4N4I\/AAAAAAAAB9s\/2kT818CTRLk\/w600-h337-no\/shtepia%2Be%2Brinise%2B-_600x337.JPG"},{"@type":"BreadcrumbList","@id":"https:\/\/orthodoxalbania.org\/2020\/2013\/03\/21\/te-rinjte-orthodhokse-ndajne-kekun-e-shen-vasilit\/#breadcrumb","itemListElement":[{"@type":"ListItem","position":1,"name":"Home","item":"https:\/\/orthodoxalbania.org\/2020\/"},{"@type":"ListItem","position":2,"name":"T\u00eb rinjt\u00eb orthodhoks\u00eb ndajn\u00eb kekun e sh\u00ebn Vasilit. (Janar 2011)"}]},{"@type":"WebSite","@id":"https:\/\/orthodoxalbania.org\/2020\/#website","url":"https:\/\/orthodoxalbania.org\/2020\/","name":"Kisha Orthodh\u03bfkse Autoqefale e Shqip\u00ebris\u00eb","description":"Fqja Zyrtare e Kish\u00ebs Orthodhokse Autoqefale e Shqip\u00ebris\u00eb me lajmet edhe informacionet zyrtare p\u00ebr struktur\u00ebn edhe veprimtarin e saj.","publisher":{"@id":"https:\/\/orthodoxalbania.org\/2020\/#organization"},"potentialAction":[{"@type":"SearchAction","target":{"@type":"EntryPoint","urlTemplate":"https:\/\/orthodoxalbania.org\/2020\/?s={search_term_string}"},"query-input":{"@type":"PropertyValueSpecification","valueRequired":true,"valueName":"search_term_string"}}],"inLanguage":"en-US"},{"@type":"Organization","@id":"https:\/\/orthodoxalbania.org\/2020\/#organization","name":"Kisha Orthodhokse Autoqefale e Shqip\u00ebris\u00eb","url":"https:\/\/orthodoxalbania.org\/2020\/","logo":{"@type":"ImageObject","inLanguage":"en-US","@id":"https:\/\/orthodoxalbania.org\/2020\/#\/schema\/logo\/image\/","url":"https:\/\/orthodoxalbania.org\/2020\/wp-content\/uploads\/2020\/05\/albania.jpeg","contentUrl":"https:\/\/orthodoxalbania.org\/2020\/wp-content\/uploads\/2020\/05\/albania.jpeg","width":540,"height":540,"caption":"Kisha Orthodhokse Autoqefale e Shqip\u00ebris\u00eb"},"image":{"@id":"https:\/\/orthodoxalbania.org\/2020\/#\/schema\/logo\/image\/"},"sameAs":["https:\/\/www.facebook.com\/koash1991"]},{"@type":"Person","@id":"https:\/\/orthodoxalbania.org\/2020\/#\/schema\/person\/0c387634a7063ac612d7ed9ce71c7e86","name":"Kisha Orthodhokse","image":{"@type":"ImageObject","inLanguage":"en-US","@id":"https:\/\/secure.gravatar.com\/avatar\/596e7c417251e30f2fbb9c00e026fce61a695a00e51c889caded71c96cbbdde5?s=96&d=mm&r=g","url":"https:\/\/secure.gravatar.com\/avatar\/596e7c417251e30f2fbb9c00e026fce61a695a00e51c889caded71c96cbbdde5?s=96&d=mm&r=g","contentUrl":"https:\/\/secure.gravatar.com\/avatar\/596e7c417251e30f2fbb9c00e026fce61a695a00e51c889caded71c96cbbdde5?s=96&d=mm&r=g","caption":"Kisha Orthodhokse"}}]}},"_links":{"self":[{"href":"https:\/\/orthodoxalbania.org\/2020\/wp-json\/wp\/v2\/posts\/1266","targetHints":{"allow":["GET"]}}],"collection":[{"href":"https:\/\/orthodoxalbania.org\/2020\/wp-json\/wp\/v2\/posts"}],"about":[{"href":"https:\/\/orthodoxalbania.org\/2020\/wp-json\/wp\/v2\/types\/post"}],"author":[{"embeddable":true,"href":"https:\/\/orthodoxalbania.org\/2020\/wp-json\/wp\/v2\/users\/1"}],"replies":[{"embeddable":true,"href":"https:\/\/orthodoxalbania.org\/2020\/wp-json\/wp\/v2\/comments?post=1266"}],"version-history":[{"count":1,"href":"https:\/\/orthodoxalbania.org\/2020\/wp-json\/wp\/v2\/posts\/1266\/revisions"}],"predecessor-version":[{"id":15420,"href":"https:\/\/orthodoxalbania.org\/2020\/wp-json\/wp\/v2\/posts\/1266\/revisions\/15420"}],"wp:attachment":[{"href":"https:\/\/orthodoxalbania.org\/2020\/wp-json\/wp\/v2\/media?parent=1266"}],"wp:term":[{"taxonomy":"category","embeddable":true,"href":"https:\/\/orthodoxalbania.org\/2020\/wp-json\/wp\/v2\/categories?post=1266"},{"taxonomy":"post_tag","embeddable":true,"href":"https:\/\/orthodoxalbania.org\/2020\/wp-json\/wp\/v2\/tags?post=1266"}],"curies":[{"name":"wp","href":"https:\/\/api.w.org\/{rel}","templated":true}]}}