{"id":1264,"date":"2007-02-26T00:00:00","date_gmt":"2007-02-26T00:00:00","guid":{"rendered":""},"modified":"2020-04-06T22:35:40","modified_gmt":"2020-04-06T20:35:40","slug":"te-rinjte-dhe-jeta-liturgjike-e-kishes-nentor-2007","status":"publish","type":"post","link":"https:\/\/orthodoxalbania.org\/2020\/2007\/02\/26\/te-rinjte-dhe-jeta-liturgjike-e-kishes-nentor-2007\/","title":{"rendered":"T\u00eb rinjt\u00eb dhe jeta liturgjike e Kish\u00ebs. (N\u00ebntor 2007)"},"content":{"rendered":"<p style=\"text-align: center;\"><strong><span style=\"color: #000000;\"><span style=\"font-family: tahoma,geneva,sans-serif;\"><span style=\"font-size: 12px;\"><em>Takimi i t\u00eb rinjve orthodhoks\u00eb nga Ballkani, Serbi<br \/> Marrin pjes\u00eb edhe 5 p\u00ebrfaq\u00ebsues nga Kisha jon\u00eb<br \/> &nbsp;<\/em><\/span><\/span><\/span><\/strong><\/p>\n<p style=\"text-align: justify;\"><span style=\"color: #000000;\"><span style=\"font-family: tahoma,geneva,sans-serif;\"><span style=\"font-size: 12px;\">&nbsp;&nbsp;&nbsp; Vijn\u00eb nga kultura t\u00eb ndryshme, por marrin pjes\u00eb n\u00eb adhurimin e p\u00ebrbashk\u00ebt tek Per\u00ebndia. Ata jan\u00eb unik\u00eb dhe kjo shprehet n\u00eb \u00e7do Liturgji Hyjnore.<\/span><\/span><\/span><\/p>\n<p style=\"text-align: justify;\"><span style=\"color: #000000;\"><span style=\"font-family: tahoma,geneva,sans-serif;\"><span style=\"font-size: 12px;\">&nbsp;&nbsp;&nbsp; Nj\u00eb grup t\u00eb rinjsh orthodhoks\u00eb nga Kisha jon\u00eb mori pjes\u00eb n\u00eb aktivitetin e radh\u00ebs t\u00eb Organizat\u00ebs s\u00eb Rinis\u00eb Orthodhokse Ballkanike (BOYA), q\u00eb u zhvillua n\u00eb Serbi, nga 7 &#8211; 11 n\u00ebntor, me tem\u00eb: <strong><em>\u201cT\u00eb rinjt\u00eb dhe jeta liturgjike e Kish\u00ebs\u201d<\/em><\/strong>.<\/span><\/span><\/span><\/p>\n<p style=\"text-align: justify;\"><span style=\"color: #000000;\"><span style=\"font-family: tahoma,geneva,sans-serif;\"><span style=\"font-size: 12px;\">&nbsp;&nbsp;&nbsp; \u201cDit\u00ebt e sh\u00ebn Dhimitrit\u201d quhej aktivitet i BOYA, duke u nisur edhe nga fakti se k\u00ebto dit\u00eb zhvillohej festimi madh\u00ebshtor i k\u00ebtij shenjti, q\u00eb b\u00ebhej sipas kalendarit t\u00eb vjet\u00ebr (<em>julian<\/em>). Atmosfera e k\u00ebtyre dit\u00ebve ishte shum\u00eb shpirt\u00ebrore dhe t\u00eb rinjt\u00eb orthodhoks\u00eb t\u00eb Ballkanit u gjend\u00ebn n\u00eb &#8220;sht\u00ebpin\u00eb&#8221; e tyre t\u00eb p\u00ebrbashk\u00ebt, Kish\u00ebn e Krishtit, e pasur me kaq shum\u00eb tradit\u00eb dhe besnik\u00eb t\u00eb kudogjendur.<\/span><\/span><\/span><\/p>\n<table id=\"AutoNumber2\" style=\"width: 781px; height: 1900px; margin-right: auto; margin-left: auto;\">\n<tbody>\n<tr>\n<td>\n<p><span style=\"color: #000000;\"><span style=\"font-family: tahoma,geneva,sans-serif;\"><span style=\"font-size: 12px;\"><img decoding=\"async\" class=\"lazyload HAa Eha\" style=\"border-width: 1px; border-style: solid; margin: 10px auto; display: block;\" alt=\"\" src=\"data:image\/gif;base64,R0lGODlhAQABAAAAACH5BAEKAAEALAAAAAABAAEAAAICTAEAOw==\" data-orig-src=\"https:\/\/lh5.googleusercontent.com\/-pKS9704LQ5c\/VIrSs0FFYYI\/AAAAAAAAHCw\/s0ouuRT31z8\/w400-h300-no\/1-1.jpg\" \/><\/span><\/span><\/span><\/p>\n<\/td>\n<td>\n<p style=\"text-align: justify;\"><span style=\"color: #000000;\"><span style=\"font-family: tahoma,geneva,sans-serif;\"><span style=\"font-size: 12px;\">&nbsp;&nbsp;&nbsp; Dita e par\u00eb n\u00eb Beograd pati t\u00eb ve\u00e7antat e saj, ku pjes\u00ebmarr\u00ebsit nga disa shtete t\u00eb Ballkanit si: Serbia, Rumania, Greqia, Bullgaria dhe Shqip\u00ebria u mblodh\u00ebn s\u00eb bashku n\u00eb Qendr\u00ebn Rinore Orthodhokse t\u00eb Beogradit dhe kaluan disa or\u00eb t\u00eb k\u00ebndshme njohjeje me nj\u00ebri-tjetrin, duke vizituar edhe disa nga pjes\u00ebt m\u00eb t\u00eb r\u00ebnd\u00ebsishme t\u00eb kryeqytetit. N\u00eb pasdite ata u nis\u00ebn p\u00ebr n\u00eb qytetin e Novi \u2013 Sadit, n\u00eb dioqez\u00ebn e Srem-it ku edhe do t\u00eb zhvillohej veprimtaria. N\u00eb k\u00ebt\u00eb dioqez\u00eb t\u00eb binte n\u00eb sy jeta e pasur kishtare dhe konsolidimi i kishave e manastireve historike, q\u00eb ndodhen pothuajse n\u00eb \u00e7do kilomet\u00ebr.<\/span><\/span><\/span><\/p>\n<\/td>\n<\/tr>\n<tr>\n<td>\n<p style=\"text-align: justify;\"><span style=\"color: #000000;\"><span style=\"font-family: tahoma,geneva,sans-serif;\"><span style=\"font-size: 12px;\">&nbsp;&nbsp;&nbsp; T\u00eb nes\u00ebrmen, n\u00eb 8 n\u00ebntor, ishte fest\u00eb. Besimtar\u00ebt nj\u00eb enorie t\u00eb Sremk\u00ebs festuan dit\u00ebn e Sh\u00ebn Dhimitrit, me pjes\u00ebmarrjen e Episkopit t\u00eb dioqez\u00ebs, imzot Vasilin. Q\u00eb n\u00eb or\u00ebt e para t\u00eb m\u00ebngjesit qindra besimtar\u00eb ishin grumbulluar rreth kish\u00ebs kushtuar shenjtorit, duke pritur fillimin e Liturgjis\u00eb Hyjnore. Krahas personaliteteve kryesore t\u00eb zon\u00ebs, n\u00eb nj\u00eb vend nderi ndodheshin edhe p\u00ebrfaq\u00ebsuesit e rinis\u00eb orthodhokse nga Ballkani, t\u00eb cil\u00ebt e ndoq\u00ebn k\u00ebt\u00eb Liturgji edhe n\u00eb gjuh\u00ebt e tyre.<\/span><\/span><\/span><\/p>\n<p style=\"text-align: center;\">&nbsp;<\/p>\n<\/td>\n<td>\n<p><span style=\"color: #000000;\"><span style=\"font-family: tahoma,geneva,sans-serif;\"><span style=\"font-size: 12px;\"><img decoding=\"async\" class=\"lazyload HAa Eha\" style=\"border-width: 1px; border-style: solid; margin: 10px auto; display: block;\" alt=\"\" src=\"data:image\/gif;base64,R0lGODlhAQABAAAAACH5BAEKAAEALAAAAAABAAEAAAICTAEAOw==\" data-orig-src=\"https:\/\/lh4.googleusercontent.com\/-EA4V0WeJu30\/VIrSsyvcfUI\/AAAAAAAAHCo\/dSki-U379zc\/w400-h300-no\/2-1.jpg\" \/><\/span><\/span><\/span><\/p>\n<\/td>\n<\/tr>\n<tr>\n<td>\n<p style=\"text-align: justify;\">&nbsp;<\/p>\n<p style=\"text-align: justify;\">&nbsp;<\/p>\n<p><span style=\"color: #000000;\"><span style=\"font-family: tahoma,geneva,sans-serif;\"><span style=\"font-size: 12px;\"><img decoding=\"async\" class=\"lazyload HAa Eha\" style=\"border-width: 1px; border-style: solid; margin: 10px auto; display: block;\" alt=\"\" src=\"data:image\/gif;base64,R0lGODlhAQABAAAAACH5BAEKAAEALAAAAAABAAEAAAICTAEAOw==\" data-orig-src=\"https:\/\/lh3.googleusercontent.com\/-ay5KIvxYuVE\/VIrStK4aOjI\/AAAAAAAAHCc\/2n0ZxjdnFNg\/w400-h300-no\/3-1.jpg\" \/><\/span><\/span><\/span><\/p>\n<\/td>\n<td>\n<p style=\"text-align: justify;\"><span style=\"color: #000000;\"><span style=\"font-family: tahoma,geneva,sans-serif;\"><span style=\"font-size: 12px;\">&nbsp;&nbsp;&nbsp; Kleriku q\u00eb p\u00ebrfaq\u00ebsonte Kish\u00ebn ton\u00eb n\u00eb k\u00ebt\u00eb mesh\u00eb ishte at\u00eb Emanuel Lusha, i cili lexoi disa lutje n\u00eb gjuh\u00ebn shqipe, duke u pasuar edhe nga klerik\u00eb t\u00eb kishave t\u00eb tjera t\u00eb Ballkanit. Pas Liturgjis\u00eb Hyjnore u krye procesioni festiv n\u00eb qytet, ku me qindra besimtar\u00eb kishin mbushur rrug\u00ebn nga kisha drejt bashkis\u00eb s\u00eb qytetit.<\/span><\/span><\/span><\/p>\n<\/td>\n<\/tr>\n<tr>\n<td>\n<p style=\"text-align: justify;\"><span style=\"color: #000000;\"><span style=\"font-family: tahoma,geneva,sans-serif;\"><span style=\"font-size: 12px;\">&nbsp;&nbsp;&nbsp; N\u00eb mjediset e bashkis\u00eb u zhvillua nj\u00eb ceremoni tjet\u00ebr festive, ku p\u00ebr t\u00eb gjith\u00eb t\u00eb pranishmit n\u00eb sall\u00ebn e koncerteve u mbajt nj\u00eb takim kulturor me fjal\u00eb p\u00ebrsh\u00ebndet\u00ebse dhe pjes\u00eb muzikore. Kjo dit\u00eb p\u00ebrfundoi me vizita n\u00eb disa prej muzeve kryesor\u00eb t\u00eb qytetit dhe bazilikat shekullore, ku \u00e7dokush mrekullohet nga nd\u00ebrthurja e antikes, mesjet\u00ebs dhe modernes.<\/span><\/span><\/span><\/p>\n<\/td>\n<td>\n<p><span style=\"color: #000000;\"><span style=\"font-family: tahoma,geneva,sans-serif;\"><span style=\"font-size: 12px;\"><img decoding=\"async\" class=\"lazyload HAa Eha\" style=\"border-width: 1px; border-style: solid; margin: 10px auto; display: block;\" alt=\"\" src=\"data:image\/gif;base64,R0lGODlhAQABAAAAACH5BAEKAAEALAAAAAABAAEAAAICTAEAOw==\" data-orig-src=\"https:\/\/lh3.googleusercontent.com\/-MLaYxlC4GCE\/VIrStaVndBI\/AAAAAAAAHCg\/lzWe5ILNPas\/w400-h300-no\/4-1.jpg\" \/><\/span><\/span><\/span><\/p>\n<\/td>\n<\/tr>\n<tr>\n<td>\n<p><span style=\"color: #000000;\"><span style=\"font-family: tahoma,geneva,sans-serif;\"><span style=\"font-size: 12px;\"><img decoding=\"async\" class=\"lazyload HAa Eha\" style=\"border-width: 1px; border-style: solid; margin: 10px auto; display: block;\" alt=\"\" src=\"data:image\/gif;base64,R0lGODlhAQABAAAAACH5BAEKAAEALAAAAAABAAEAAAICTAEAOw==\" data-orig-src=\"https:\/\/lh5.googleusercontent.com\/-brinq6kfnDo\/VIrSts4wG3I\/AAAAAAAAHCk\/rjXgmTLR7IM\/w400-h300-no\/5.jpg\" \/><\/span><\/span><\/span><\/p>\n<\/td>\n<td>\n<p style=\"text-align: justify;\"><span style=\"color: #000000;\"><span style=\"font-family: tahoma,geneva,sans-serif;\"><span style=\"font-size: 12px;\">&nbsp;&nbsp;&nbsp; Dita tjet\u00ebr, e premtja, iu kushtua takimeve dhe referateve nga p\u00ebrfaq\u00ebsuesit e organizatave rinore orthodhokse ballkanike. Tema: \u201cT\u00eb rinjt\u00eb dhe jeta liturgjike\u201d u mbajt nga lektori i Seminarit Teologjik t\u00eb Serbis\u00eb, at\u00eb Jovani, i cili theksoi se <em>\u201c\u2026Liturgjia \u00ebsht\u00eb piktur\u00eb e s\u00eb ardhmes n\u00eb Mbret\u00ebrin\u00eb e Qiejve. \u00c7do Liturgji \u00ebsht\u00eb dedikim ndaj Per\u00ebndis\u00eb dhe ne marrin pjes\u00eb n\u00eb jet\u00ebs e Tij, duke u transformuar\u201d<\/em>.<\/span><\/span><\/span><\/p>\n<\/td>\n<\/tr>\n<tr>\n<td dir=\"ltr\" colspan=\"2\">\n<p style=\"text-align: justify;\"> <span style=\"color: #000000;\"><span style=\"font-family: tahoma,geneva,sans-serif;\"><span style=\"font-size: 12px;\">&nbsp;&nbsp;&nbsp; M\u00eb pas fjal\u00ebn e mor\u00ebn p\u00ebrfaq\u00ebsuesit nga rinia orthodhokse e Greqis\u00eb, Rumanis\u00eb, Bullgaris\u00eb, midis t\u00eb cil\u00ebve edhe p\u00ebrfaq\u00ebsues nga Kisha jon\u00eb. at\u00eb Emanueli foli rreth zhvillimit t\u00eb Kish\u00ebs son\u00eb gjat\u00eb 15 viteve t\u00eb fundit dhe kontributit t\u00eb rinis\u00eb n\u00eb k\u00ebt\u00eb proces. Prezantimi i grupit shqiptar u p\u00ebrsh\u00ebndet nga t\u00eb gjith\u00eb pjes\u00ebmarr\u00ebsit, duke vler\u00ebsuar pun\u00ebn e Kryepiskopit Anastas dhe t\u00eb rinis\u00eb orthodhokse, q\u00eb ai e konsideron, jo vet\u00ebm e ardhmja e Kish\u00ebs, por edhe si e tashmja aktive e saj.<\/span><\/span><\/span><\/p>\n<p style=\"text-align: justify;\"><span style=\"color: #000000;\"><span style=\"font-family: tahoma,geneva,sans-serif;\"><span style=\"font-size: 12px;\">&nbsp;&nbsp;&nbsp; \u201cP\u00ebr hir t\u00eb s\u00eb v\u00ebrtet\u00ebs, grupi i rinis\u00eb orthodhokse nga Shqip\u00ebria edhe n\u00eb k\u00ebt\u00eb aktivitet ballkanik spikati me paraqitjen dinjitoze, komunikimin dhe prezantimin e shk\u00eblqyer, konciz dhe t\u00eb plot\u00eb\u201d \u2013 tha nj\u00eb prej t\u00eb rinjve rumun\u00eb, i intervistuar nga radio \u201cNgjallja\u201d. Gjithashtu jehona e tropareve kishtare si dhe k\u00ebng\u00ebve popullore shqiptare udh\u00ebtuan gjat\u00eb k\u00ebtyre dit\u00ebve n\u00eb disa enori t\u00eb dioqez\u00ebs s\u00eb Sremit.<\/span><\/span><\/span><\/p>\n<p style=\"text-align: justify;\"><span style=\"color: #000000;\"><span style=\"font-family: tahoma,geneva,sans-serif;\"><span style=\"font-size: 12px;\">&nbsp;&nbsp;&nbsp; Dita e shtun\u00eb i ishte kushtuar vizitave n\u00eb manastire t\u00eb ndrysh\u00ebm si Krusedol, Jazak dhe Hopovo. N\u00eb Krusedol t\u00eb rinjt\u00eb nderuan lipsanin e sh\u00ebn Angjelin\u00ebs, bija e fisnikut Arianit dhe mot\u00ebr e gruas s\u00eb heroit ton\u00eb komb\u00ebtar, Gjergj Kastriotit. Gjat\u00eb takimit t\u00eb ve\u00e7ant\u00eb q\u00eb pati me t\u00eb rinjt\u00eb orthodhoks\u00eb nga vendi yn\u00eb, Episkopi i k\u00ebsaj dioqeze, imzot Vasili theksoi se kjo shenjtore e krishterimit me origjin\u00eb shqiptare nderohet shum\u00eb n\u00eb Serbi. Edhe n\u00eb Manastirin e Hopovos t\u00eb rinjt\u00eb pat\u00ebn bekimin t\u00eb nderonin lipsanin e sh\u00ebn Theodhor Tironit, t\u00eb takoheshin me murgjit dhe t\u00eb kalonin nj\u00eb drek\u00eb s\u00eb bashku me ta. Pasdite u krye nj\u00eb vizit\u00eb e ve\u00e7ant\u00eb n\u00eb Pallatin Episkopal \u201cSremski Karlovci\u201d, ku t\u00eb rinjt\u00eb zhvilluan s\u00eb bashku sh\u00ebrbes\u00ebn e mbr\u00ebm\u00ebsores dhe m\u00eb pas vizituan Seminarin \u201cVasilje Sremac\u201d.<\/span><\/span><\/span><\/p>\n<p style=\"text-align: justify;\"><span style=\"color: #000000;\"><span style=\"font-family: tahoma,geneva,sans-serif;\"><span style=\"font-size: 12px;\">&nbsp;&nbsp;&nbsp; T\u00eb diel\u00ebn, e cila ishte edhe dita e fundit e aktivitetit, Liturgjia Hyjnore u krye n\u00eb qytetin Ruma, ku t\u00eb gjith\u00eb pjes\u00ebmarr\u00ebsit, bashk\u00eb t\u00eb rinjt\u00eb orthodhoks\u00eb nga Ballkani, adhuruan Per\u00ebndin\u00eb n\u00eb gjuh\u00ebt e tyre. Gjat\u00eb predikimit t\u00eb tij, Hir\u00ebsi Vasili p\u00ebrcolli mesazhin, se uniteti i t\u00eb krishter\u00ebve orthodhoks\u00eb n\u00eb Ballkan dhe m\u00eb gjer\u00eb \u00ebsht\u00eb dhurat\u00eb e Shpirtit t\u00eb Shenjt\u00eb n\u00eb Kish\u00eb. Ai fal\u00ebnderon edhe t\u00eb rinjt\u00eb e BOYA, t\u00eb cil\u00ebt p\u00ebrmes k\u00ebtyre veprimtarive japin mesazhin e dashuris\u00eb p\u00ebr nj\u00ebri \u2013 tjetrin n\u00eb Kish\u00ebn e Krishtit.<\/span><\/span><\/span><\/p>\n<\/td>\n<\/tr>\n<\/tbody>\n<\/table>\n<p style=\"text-align: justify;\">&nbsp;<\/p>\n<p style=\"text-align: justify;\"><span style=\"color: #000000;\"><span style=\"font-family: tahoma,geneva,sans-serif;\"><span style=\"font-size: 12px;\"><strong>&nbsp;&nbsp; I. Koti<\/strong><\/span><\/span><\/span><\/p>\n","protected":false},"excerpt":{"rendered":"<p>Takimi i t\u00eb rinjve orthodhoks\u00eb nga Ballkani, Serbi Marrin pjes\u00eb edhe 5 p\u00ebrfaq\u00ebsues nga Kisha jon\u00eb &nbsp; &nbsp;&nbsp;&nbsp; Vijn\u00eb nga kultura t\u00eb ndryshme, por marrin pjes\u00eb n\u00eb adhurimin e p\u00ebrbashk\u00ebt tek Per\u00ebndia. Ata jan\u00eb unik\u00eb dhe kjo shprehet n\u00eb \u00e7do Liturgji Hyjnore. &nbsp;&nbsp;&nbsp; Nj\u00eb grup t\u00eb rinjsh orthodhoks\u00eb nga Kisha jon\u00eb mori pjes\u00eb n\u00eb aktivitetin e radh\u00ebs t\u00eb Organizat\u00ebs s\u00eb Rinis\u00eb Orthodhokse Ballkanike (BOYA), q\u00eb<\/p>\n","protected":false},"author":1,"featured_media":0,"comment_status":"open","ping_status":"open","sticky":false,"template":"","format":"standard","meta":{"_acf_changed":false,"pagelayer_contact_templates":[],"_pagelayer_content":"","inline_featured_image":false,"fifu_image_url":"","fifu_image_alt":"","footnotes":""},"categories":[108],"tags":[147,196,212,176],"class_list":["post-1264","post","type-post","status-publish","format-standard","hentry","category-lajme","tag-147","tag-tirane","tag-lajme-d27","tag-rinia-orthodhokse"],"acf":[],"yoast_head":"<!-- This site is optimized with the Yoast SEO plugin v27.2 - https:\/\/yoast.com\/product\/yoast-seo-wordpress\/ -->\n<title>T\u00eb rinjt\u00eb dhe jeta liturgjike e Kish\u00ebs. (N\u00ebntor 2007) - Kisha Orthodh\u03bfkse Autoqefale e Shqip\u00ebris\u00eb<\/title>\n<meta name=\"robots\" content=\"index, follow, max-snippet:-1, max-image-preview:large, max-video-preview:-1\" \/>\n<link rel=\"canonical\" href=\"https:\/\/orthodoxalbania.org\/2020\/2007\/02\/26\/te-rinjte-dhe-jeta-liturgjike-e-kishes-nentor-2007\/\" \/>\n<meta property=\"og:locale\" content=\"en_US\" \/>\n<meta property=\"og:type\" content=\"article\" \/>\n<meta property=\"og:title\" content=\"T\u00eb rinjt\u00eb dhe jeta liturgjike e Kish\u00ebs. (N\u00ebntor 2007) - Kisha Orthodh\u03bfkse Autoqefale e Shqip\u00ebris\u00eb\" \/>\n<meta property=\"og:description\" content=\"Takimi i t\u00eb rinjve orthodhoks\u00eb nga Ballkani, Serbi Marrin pjes\u00eb edhe 5 p\u00ebrfaq\u00ebsues nga Kisha jon\u00eb &nbsp; &nbsp;&nbsp;&nbsp; Vijn\u00eb nga kultura t\u00eb ndryshme, por marrin pjes\u00eb n\u00eb adhurimin e p\u00ebrbashk\u00ebt tek Per\u00ebndia. Ata jan\u00eb unik\u00eb dhe kjo shprehet n\u00eb \u00e7do Liturgji Hyjnore. &nbsp;&nbsp;&nbsp; Nj\u00eb grup t\u00eb rinjsh orthodhoks\u00eb nga Kisha jon\u00eb mori pjes\u00eb n\u00eb aktivitetin e radh\u00ebs t\u00eb Organizat\u00ebs s\u00eb Rinis\u00eb Orthodhokse Ballkanike (BOYA), q\u00eb\" \/>\n<meta property=\"og:url\" content=\"https:\/\/orthodoxalbania.org\/2020\/2007\/02\/26\/te-rinjte-dhe-jeta-liturgjike-e-kishes-nentor-2007\/\" \/>\n<meta property=\"og:site_name\" content=\"Kisha Orthodh\u03bfkse Autoqefale e Shqip\u00ebris\u00eb\" \/>\n<meta property=\"article:publisher\" content=\"https:\/\/www.facebook.com\/koash1991\" \/>\n<meta property=\"article:published_time\" content=\"2007-02-26T00:00:00+00:00\" \/>\n<meta property=\"article:modified_time\" content=\"2020-04-06T20:35:40+00:00\" \/>\n<meta property=\"og:image\" content=\"https:\/\/lh5.googleusercontent.com\/-pKS9704LQ5c\/VIrSs0FFYYI\/AAAAAAAAHCw\/s0ouuRT31z8\/w400-h300-no\/1-1.jpg\" \/>\n<meta name=\"author\" content=\"Kisha Orthodhokse\" \/>\n<meta name=\"twitter:card\" content=\"summary_large_image\" \/>\n<meta name=\"twitter:label1\" content=\"Written by\" \/>\n\t<meta name=\"twitter:data1\" content=\"Kisha Orthodhokse\" \/>\n\t<meta name=\"twitter:label2\" content=\"Est. reading time\" \/>\n\t<meta name=\"twitter:data2\" content=\"5 minutes\" \/>\n<script type=\"application\/ld+json\" class=\"yoast-schema-graph\">{\"@context\":\"https:\/\/schema.org\",\"@graph\":[{\"@type\":\"Article\",\"@id\":\"https:\/\/orthodoxalbania.org\/2020\/2007\/02\/26\/te-rinjte-dhe-jeta-liturgjike-e-kishes-nentor-2007\/#article\",\"isPartOf\":{\"@id\":\"https:\/\/orthodoxalbania.org\/2020\/2007\/02\/26\/te-rinjte-dhe-jeta-liturgjike-e-kishes-nentor-2007\/\"},\"author\":{\"name\":\"Kisha Orthodhokse\",\"@id\":\"https:\/\/orthodoxalbania.org\/2020\/#\/schema\/person\/0c387634a7063ac612d7ed9ce71c7e86\"},\"headline\":\"T\u00eb rinjt\u00eb dhe jeta liturgjike e Kish\u00ebs. (N\u00ebntor 2007)\",\"datePublished\":\"2007-02-26T00:00:00+00:00\",\"dateModified\":\"2020-04-06T20:35:40+00:00\",\"mainEntityOfPage\":{\"@id\":\"https:\/\/orthodoxalbania.org\/2020\/2007\/02\/26\/te-rinjte-dhe-jeta-liturgjike-e-kishes-nentor-2007\/\"},\"wordCount\":1030,\"commentCount\":0,\"publisher\":{\"@id\":\"https:\/\/orthodoxalbania.org\/2020\/#organization\"},\"image\":{\"@id\":\"https:\/\/orthodoxalbania.org\/2020\/2007\/02\/26\/te-rinjte-dhe-jeta-liturgjike-e-kishes-nentor-2007\/#primaryimage\"},\"thumbnailUrl\":\"https:\/\/lh5.googleusercontent.com\/-pKS9704LQ5c\/VIrSs0FFYYI\/AAAAAAAAHCw\/s0ouuRT31z8\/w400-h300-no\/1-1.jpg\",\"keywords\":[\"2007\",\"Kryepiskopata Tiran\u00eb\",\"lajme\",\"Rinia Orthodhokse\"],\"articleSection\":[\"Lajme\"],\"inLanguage\":\"en-US\"},{\"@type\":\"WebPage\",\"@id\":\"https:\/\/orthodoxalbania.org\/2020\/2007\/02\/26\/te-rinjte-dhe-jeta-liturgjike-e-kishes-nentor-2007\/\",\"url\":\"https:\/\/orthodoxalbania.org\/2020\/2007\/02\/26\/te-rinjte-dhe-jeta-liturgjike-e-kishes-nentor-2007\/\",\"name\":\"T\u00eb rinjt\u00eb dhe jeta liturgjike e Kish\u00ebs. (N\u00ebntor 2007) - Kisha Orthodh\u03bfkse Autoqefale e Shqip\u00ebris\u00eb\",\"isPartOf\":{\"@id\":\"https:\/\/orthodoxalbania.org\/2020\/#website\"},\"primaryImageOfPage\":{\"@id\":\"https:\/\/orthodoxalbania.org\/2020\/2007\/02\/26\/te-rinjte-dhe-jeta-liturgjike-e-kishes-nentor-2007\/#primaryimage\"},\"image\":{\"@id\":\"https:\/\/orthodoxalbania.org\/2020\/2007\/02\/26\/te-rinjte-dhe-jeta-liturgjike-e-kishes-nentor-2007\/#primaryimage\"},\"thumbnailUrl\":\"https:\/\/lh5.googleusercontent.com\/-pKS9704LQ5c\/VIrSs0FFYYI\/AAAAAAAAHCw\/s0ouuRT31z8\/w400-h300-no\/1-1.jpg\",\"datePublished\":\"2007-02-26T00:00:00+00:00\",\"dateModified\":\"2020-04-06T20:35:40+00:00\",\"breadcrumb\":{\"@id\":\"https:\/\/orthodoxalbania.org\/2020\/2007\/02\/26\/te-rinjte-dhe-jeta-liturgjike-e-kishes-nentor-2007\/#breadcrumb\"},\"inLanguage\":\"en-US\",\"potentialAction\":[{\"@type\":\"ReadAction\",\"target\":[\"https:\/\/orthodoxalbania.org\/2020\/2007\/02\/26\/te-rinjte-dhe-jeta-liturgjike-e-kishes-nentor-2007\/\"]}]},{\"@type\":\"ImageObject\",\"inLanguage\":\"en-US\",\"@id\":\"https:\/\/orthodoxalbania.org\/2020\/2007\/02\/26\/te-rinjte-dhe-jeta-liturgjike-e-kishes-nentor-2007\/#primaryimage\",\"url\":\"https:\/\/lh5.googleusercontent.com\/-pKS9704LQ5c\/VIrSs0FFYYI\/AAAAAAAAHCw\/s0ouuRT31z8\/w400-h300-no\/1-1.jpg\",\"contentUrl\":\"https:\/\/lh5.googleusercontent.com\/-pKS9704LQ5c\/VIrSs0FFYYI\/AAAAAAAAHCw\/s0ouuRT31z8\/w400-h300-no\/1-1.jpg\"},{\"@type\":\"BreadcrumbList\",\"@id\":\"https:\/\/orthodoxalbania.org\/2020\/2007\/02\/26\/te-rinjte-dhe-jeta-liturgjike-e-kishes-nentor-2007\/#breadcrumb\",\"itemListElement\":[{\"@type\":\"ListItem\",\"position\":1,\"name\":\"Home\",\"item\":\"https:\/\/orthodoxalbania.org\/2020\/\"},{\"@type\":\"ListItem\",\"position\":2,\"name\":\"T\u00eb rinjt\u00eb dhe jeta liturgjike e Kish\u00ebs. (N\u00ebntor 2007)\"}]},{\"@type\":\"WebSite\",\"@id\":\"https:\/\/orthodoxalbania.org\/2020\/#website\",\"url\":\"https:\/\/orthodoxalbania.org\/2020\/\",\"name\":\"Kisha Orthodh\u03bfkse Autoqefale e Shqip\u00ebris\u00eb\",\"description\":\"Fqja Zyrtare e Kish\u00ebs Orthodhokse Autoqefale e Shqip\u00ebris\u00eb me lajmet edhe informacionet zyrtare p\u00ebr struktur\u00ebn edhe veprimtarin e saj.\",\"publisher\":{\"@id\":\"https:\/\/orthodoxalbania.org\/2020\/#organization\"},\"potentialAction\":[{\"@type\":\"SearchAction\",\"target\":{\"@type\":\"EntryPoint\",\"urlTemplate\":\"https:\/\/orthodoxalbania.org\/2020\/?s={search_term_string}\"},\"query-input\":{\"@type\":\"PropertyValueSpecification\",\"valueRequired\":true,\"valueName\":\"search_term_string\"}}],\"inLanguage\":\"en-US\"},{\"@type\":\"Organization\",\"@id\":\"https:\/\/orthodoxalbania.org\/2020\/#organization\",\"name\":\"Kisha Orthodhokse Autoqefale e Shqip\u00ebris\u00eb\",\"url\":\"https:\/\/orthodoxalbania.org\/2020\/\",\"logo\":{\"@type\":\"ImageObject\",\"inLanguage\":\"en-US\",\"@id\":\"https:\/\/orthodoxalbania.org\/2020\/#\/schema\/logo\/image\/\",\"url\":\"https:\/\/orthodoxalbania.org\/2020\/wp-content\/uploads\/2020\/05\/albania.jpeg\",\"contentUrl\":\"https:\/\/orthodoxalbania.org\/2020\/wp-content\/uploads\/2020\/05\/albania.jpeg\",\"width\":540,\"height\":540,\"caption\":\"Kisha Orthodhokse Autoqefale e Shqip\u00ebris\u00eb\"},\"image\":{\"@id\":\"https:\/\/orthodoxalbania.org\/2020\/#\/schema\/logo\/image\/\"},\"sameAs\":[\"https:\/\/www.facebook.com\/koash1991\"]},{\"@type\":\"Person\",\"@id\":\"https:\/\/orthodoxalbania.org\/2020\/#\/schema\/person\/0c387634a7063ac612d7ed9ce71c7e86\",\"name\":\"Kisha Orthodhokse\",\"image\":{\"@type\":\"ImageObject\",\"inLanguage\":\"en-US\",\"@id\":\"https:\/\/secure.gravatar.com\/avatar\/596e7c417251e30f2fbb9c00e026fce61a695a00e51c889caded71c96cbbdde5?s=96&d=mm&r=g\",\"url\":\"https:\/\/secure.gravatar.com\/avatar\/596e7c417251e30f2fbb9c00e026fce61a695a00e51c889caded71c96cbbdde5?s=96&d=mm&r=g\",\"contentUrl\":\"https:\/\/secure.gravatar.com\/avatar\/596e7c417251e30f2fbb9c00e026fce61a695a00e51c889caded71c96cbbdde5?s=96&d=mm&r=g\",\"caption\":\"Kisha Orthodhokse\"}}]}<\/script>\n<!-- \/ Yoast SEO plugin. -->","yoast_head_json":{"title":"T\u00eb rinjt\u00eb dhe jeta liturgjike e Kish\u00ebs. (N\u00ebntor 2007) - Kisha Orthodh\u03bfkse Autoqefale e Shqip\u00ebris\u00eb","robots":{"index":"index","follow":"follow","max-snippet":"max-snippet:-1","max-image-preview":"max-image-preview:large","max-video-preview":"max-video-preview:-1"},"canonical":"https:\/\/orthodoxalbania.org\/2020\/2007\/02\/26\/te-rinjte-dhe-jeta-liturgjike-e-kishes-nentor-2007\/","og_locale":"en_US","og_type":"article","og_title":"T\u00eb rinjt\u00eb dhe jeta liturgjike e Kish\u00ebs. (N\u00ebntor 2007) - Kisha Orthodh\u03bfkse Autoqefale e Shqip\u00ebris\u00eb","og_description":"Takimi i t\u00eb rinjve orthodhoks\u00eb nga Ballkani, Serbi Marrin pjes\u00eb edhe 5 p\u00ebrfaq\u00ebsues nga Kisha jon\u00eb &nbsp; &nbsp;&nbsp;&nbsp; Vijn\u00eb nga kultura t\u00eb ndryshme, por marrin pjes\u00eb n\u00eb adhurimin e p\u00ebrbashk\u00ebt tek Per\u00ebndia. Ata jan\u00eb unik\u00eb dhe kjo shprehet n\u00eb \u00e7do Liturgji Hyjnore. &nbsp;&nbsp;&nbsp; Nj\u00eb grup t\u00eb rinjsh orthodhoks\u00eb nga Kisha jon\u00eb mori pjes\u00eb n\u00eb aktivitetin e radh\u00ebs t\u00eb Organizat\u00ebs s\u00eb Rinis\u00eb Orthodhokse Ballkanike (BOYA), q\u00eb","og_url":"https:\/\/orthodoxalbania.org\/2020\/2007\/02\/26\/te-rinjte-dhe-jeta-liturgjike-e-kishes-nentor-2007\/","og_site_name":"Kisha Orthodh\u03bfkse Autoqefale e Shqip\u00ebris\u00eb","article_publisher":"https:\/\/www.facebook.com\/koash1991","article_published_time":"2007-02-26T00:00:00+00:00","article_modified_time":"2020-04-06T20:35:40+00:00","og_image":[{"url":"https:\/\/lh5.googleusercontent.com\/-pKS9704LQ5c\/VIrSs0FFYYI\/AAAAAAAAHCw\/s0ouuRT31z8\/w400-h300-no\/1-1.jpg","type":"","width":"","height":""}],"author":"Kisha Orthodhokse","twitter_card":"summary_large_image","twitter_misc":{"Written by":"Kisha Orthodhokse","Est. reading time":"5 minutes"},"schema":{"@context":"https:\/\/schema.org","@graph":[{"@type":"Article","@id":"https:\/\/orthodoxalbania.org\/2020\/2007\/02\/26\/te-rinjte-dhe-jeta-liturgjike-e-kishes-nentor-2007\/#article","isPartOf":{"@id":"https:\/\/orthodoxalbania.org\/2020\/2007\/02\/26\/te-rinjte-dhe-jeta-liturgjike-e-kishes-nentor-2007\/"},"author":{"name":"Kisha Orthodhokse","@id":"https:\/\/orthodoxalbania.org\/2020\/#\/schema\/person\/0c387634a7063ac612d7ed9ce71c7e86"},"headline":"T\u00eb rinjt\u00eb dhe jeta liturgjike e Kish\u00ebs. (N\u00ebntor 2007)","datePublished":"2007-02-26T00:00:00+00:00","dateModified":"2020-04-06T20:35:40+00:00","mainEntityOfPage":{"@id":"https:\/\/orthodoxalbania.org\/2020\/2007\/02\/26\/te-rinjte-dhe-jeta-liturgjike-e-kishes-nentor-2007\/"},"wordCount":1030,"commentCount":0,"publisher":{"@id":"https:\/\/orthodoxalbania.org\/2020\/#organization"},"image":{"@id":"https:\/\/orthodoxalbania.org\/2020\/2007\/02\/26\/te-rinjte-dhe-jeta-liturgjike-e-kishes-nentor-2007\/#primaryimage"},"thumbnailUrl":"https:\/\/lh5.googleusercontent.com\/-pKS9704LQ5c\/VIrSs0FFYYI\/AAAAAAAAHCw\/s0ouuRT31z8\/w400-h300-no\/1-1.jpg","keywords":["2007","Kryepiskopata Tiran\u00eb","lajme","Rinia Orthodhokse"],"articleSection":["Lajme"],"inLanguage":"en-US"},{"@type":"WebPage","@id":"https:\/\/orthodoxalbania.org\/2020\/2007\/02\/26\/te-rinjte-dhe-jeta-liturgjike-e-kishes-nentor-2007\/","url":"https:\/\/orthodoxalbania.org\/2020\/2007\/02\/26\/te-rinjte-dhe-jeta-liturgjike-e-kishes-nentor-2007\/","name":"T\u00eb rinjt\u00eb dhe jeta liturgjike e Kish\u00ebs. (N\u00ebntor 2007) - Kisha Orthodh\u03bfkse Autoqefale e Shqip\u00ebris\u00eb","isPartOf":{"@id":"https:\/\/orthodoxalbania.org\/2020\/#website"},"primaryImageOfPage":{"@id":"https:\/\/orthodoxalbania.org\/2020\/2007\/02\/26\/te-rinjte-dhe-jeta-liturgjike-e-kishes-nentor-2007\/#primaryimage"},"image":{"@id":"https:\/\/orthodoxalbania.org\/2020\/2007\/02\/26\/te-rinjte-dhe-jeta-liturgjike-e-kishes-nentor-2007\/#primaryimage"},"thumbnailUrl":"https:\/\/lh5.googleusercontent.com\/-pKS9704LQ5c\/VIrSs0FFYYI\/AAAAAAAAHCw\/s0ouuRT31z8\/w400-h300-no\/1-1.jpg","datePublished":"2007-02-26T00:00:00+00:00","dateModified":"2020-04-06T20:35:40+00:00","breadcrumb":{"@id":"https:\/\/orthodoxalbania.org\/2020\/2007\/02\/26\/te-rinjte-dhe-jeta-liturgjike-e-kishes-nentor-2007\/#breadcrumb"},"inLanguage":"en-US","potentialAction":[{"@type":"ReadAction","target":["https:\/\/orthodoxalbania.org\/2020\/2007\/02\/26\/te-rinjte-dhe-jeta-liturgjike-e-kishes-nentor-2007\/"]}]},{"@type":"ImageObject","inLanguage":"en-US","@id":"https:\/\/orthodoxalbania.org\/2020\/2007\/02\/26\/te-rinjte-dhe-jeta-liturgjike-e-kishes-nentor-2007\/#primaryimage","url":"https:\/\/lh5.googleusercontent.com\/-pKS9704LQ5c\/VIrSs0FFYYI\/AAAAAAAAHCw\/s0ouuRT31z8\/w400-h300-no\/1-1.jpg","contentUrl":"https:\/\/lh5.googleusercontent.com\/-pKS9704LQ5c\/VIrSs0FFYYI\/AAAAAAAAHCw\/s0ouuRT31z8\/w400-h300-no\/1-1.jpg"},{"@type":"BreadcrumbList","@id":"https:\/\/orthodoxalbania.org\/2020\/2007\/02\/26\/te-rinjte-dhe-jeta-liturgjike-e-kishes-nentor-2007\/#breadcrumb","itemListElement":[{"@type":"ListItem","position":1,"name":"Home","item":"https:\/\/orthodoxalbania.org\/2020\/"},{"@type":"ListItem","position":2,"name":"T\u00eb rinjt\u00eb dhe jeta liturgjike e Kish\u00ebs. (N\u00ebntor 2007)"}]},{"@type":"WebSite","@id":"https:\/\/orthodoxalbania.org\/2020\/#website","url":"https:\/\/orthodoxalbania.org\/2020\/","name":"Kisha Orthodh\u03bfkse Autoqefale e Shqip\u00ebris\u00eb","description":"Fqja Zyrtare e Kish\u00ebs Orthodhokse Autoqefale e Shqip\u00ebris\u00eb me lajmet edhe informacionet zyrtare p\u00ebr struktur\u00ebn edhe veprimtarin e saj.","publisher":{"@id":"https:\/\/orthodoxalbania.org\/2020\/#organization"},"potentialAction":[{"@type":"SearchAction","target":{"@type":"EntryPoint","urlTemplate":"https:\/\/orthodoxalbania.org\/2020\/?s={search_term_string}"},"query-input":{"@type":"PropertyValueSpecification","valueRequired":true,"valueName":"search_term_string"}}],"inLanguage":"en-US"},{"@type":"Organization","@id":"https:\/\/orthodoxalbania.org\/2020\/#organization","name":"Kisha Orthodhokse Autoqefale e Shqip\u00ebris\u00eb","url":"https:\/\/orthodoxalbania.org\/2020\/","logo":{"@type":"ImageObject","inLanguage":"en-US","@id":"https:\/\/orthodoxalbania.org\/2020\/#\/schema\/logo\/image\/","url":"https:\/\/orthodoxalbania.org\/2020\/wp-content\/uploads\/2020\/05\/albania.jpeg","contentUrl":"https:\/\/orthodoxalbania.org\/2020\/wp-content\/uploads\/2020\/05\/albania.jpeg","width":540,"height":540,"caption":"Kisha Orthodhokse Autoqefale e Shqip\u00ebris\u00eb"},"image":{"@id":"https:\/\/orthodoxalbania.org\/2020\/#\/schema\/logo\/image\/"},"sameAs":["https:\/\/www.facebook.com\/koash1991"]},{"@type":"Person","@id":"https:\/\/orthodoxalbania.org\/2020\/#\/schema\/person\/0c387634a7063ac612d7ed9ce71c7e86","name":"Kisha Orthodhokse","image":{"@type":"ImageObject","inLanguage":"en-US","@id":"https:\/\/secure.gravatar.com\/avatar\/596e7c417251e30f2fbb9c00e026fce61a695a00e51c889caded71c96cbbdde5?s=96&d=mm&r=g","url":"https:\/\/secure.gravatar.com\/avatar\/596e7c417251e30f2fbb9c00e026fce61a695a00e51c889caded71c96cbbdde5?s=96&d=mm&r=g","contentUrl":"https:\/\/secure.gravatar.com\/avatar\/596e7c417251e30f2fbb9c00e026fce61a695a00e51c889caded71c96cbbdde5?s=96&d=mm&r=g","caption":"Kisha Orthodhokse"}}]}},"_links":{"self":[{"href":"https:\/\/orthodoxalbania.org\/2020\/wp-json\/wp\/v2\/posts\/1264","targetHints":{"allow":["GET"]}}],"collection":[{"href":"https:\/\/orthodoxalbania.org\/2020\/wp-json\/wp\/v2\/posts"}],"about":[{"href":"https:\/\/orthodoxalbania.org\/2020\/wp-json\/wp\/v2\/types\/post"}],"author":[{"embeddable":true,"href":"https:\/\/orthodoxalbania.org\/2020\/wp-json\/wp\/v2\/users\/1"}],"replies":[{"embeddable":true,"href":"https:\/\/orthodoxalbania.org\/2020\/wp-json\/wp\/v2\/comments?post=1264"}],"version-history":[{"count":1,"href":"https:\/\/orthodoxalbania.org\/2020\/wp-json\/wp\/v2\/posts\/1264\/revisions"}],"predecessor-version":[{"id":15737,"href":"https:\/\/orthodoxalbania.org\/2020\/wp-json\/wp\/v2\/posts\/1264\/revisions\/15737"}],"wp:attachment":[{"href":"https:\/\/orthodoxalbania.org\/2020\/wp-json\/wp\/v2\/media?parent=1264"}],"wp:term":[{"taxonomy":"category","embeddable":true,"href":"https:\/\/orthodoxalbania.org\/2020\/wp-json\/wp\/v2\/categories?post=1264"},{"taxonomy":"post_tag","embeddable":true,"href":"https:\/\/orthodoxalbania.org\/2020\/wp-json\/wp\/v2\/tags?post=1264"}],"curies":[{"name":"wp","href":"https:\/\/api.w.org\/{rel}","templated":true}]}}