{"id":1261,"date":"2014-09-08T08:26:58","date_gmt":"2014-09-08T08:26:58","guid":{"rendered":""},"modified":"2020-04-06T22:02:23","modified_gmt":"2020-04-06T20:02:23","slug":"te-pavertetat-e-perseritura-nuk-mund-te-behen-te-verteta","status":"publish","type":"post","link":"https:\/\/orthodoxalbania.org\/2020\/2014\/09\/08\/te-pavertetat-e-perseritura-nuk-mund-te-behen-te-verteta\/","title":{"rendered":"T\u00eb pav\u00ebrtetat e p\u00ebrs\u00ebritura nuk mund t\u00eb b\u00ebhen t\u00eb v\u00ebrteta."},"content":{"rendered":"<p style=\"text-align: center;\">\n\t<span style=\"font-family: helvetica; font-size: 12pt;\"><span style=\"color: #000000;\"><strong>&#8211; T\u00eb pav\u00ebrtetat e p\u00ebrs\u00ebritura nuk mund t\u00eb b\u00ebhen t\u00eb v\u00ebrteta &#8211;<\/strong><\/span><\/span><\/p>\n<p style=\"text-align: center;\">\n\t&nbsp;<\/p>\n<p style=\"text-align: center;\">\n\t<span style=\"color: #b22222; font-size: 12pt; font-family: helvetica;\"><strong>Artikull i Episkopit t\u00eb Kruj\u00ebs, Hir\u00ebsi Andon Merdani, botuar n\u00eb Gazet\u00ebn Shqip, dt. 08.09.2014, fq.8.<\/strong><\/span><\/p>\n<p style=\"text-align: center;\">\n\t&nbsp;<\/p>\n<p style=\"text-align: justify;\">\n\t<span style=\"color: #000000; font-size: 12pt; font-family: helvetica;\">&nbsp;&nbsp; Koh\u00eb mbas kohe opinionit publik i imponohet nj\u00eb debat me akuza e shpifje t\u00eb r\u00ebndomta, deri n\u00eb qesharake, n\u00eb lidhje me figur\u00ebn e Kryepiskopit Anastas, nj\u00ebher\u00ebsh dhe kreu i Kish\u00ebs Orthodhokse n\u00eb Shqip\u00ebri. N\u00eb t\u00eb shumt\u00ebn e rasteve, ato vijn\u00eb nga individ\u00eb t\u00eb cil\u00ebt as nuk e njohin at\u00eb personalisht, as nuk i p\u00ebrkasin besimit ortodoks e aq m\u00eb pak t\u00eb jen\u00eb besimtar\u00eb praktikant\u00eb t\u00eb k\u00ebtij besimi. Ky fenomen krijon nj\u00eb shqet\u00ebsim t\u00eb vazhduesh\u00ebm p\u00ebr besimtar\u00ebt dhe klerik\u00ebt ortodoks\u00eb, pasi opinioni publik manipulohet, duke i paraqitur nj\u00eb realitet i cili nuk ekziston brenda Kish\u00ebs Orthodhokse. Ndon\u00ebse jemi p\u00ebrgjigjur vazhdimisht, shum\u00eb e shum\u00eb her\u00eb k\u00ebtyre akuzave t\u00eb padrejta, vala e sulmeve dhe e shpifjeve nuk ka ndaluar.<\/span><\/p>\n<p style=\"text-align: justify;\">\n\t<span style=\"color: #000000; font-size: 12pt; font-family: helvetica;\">&nbsp;&nbsp; Madje, sa her\u00eb q\u00eb ka pasur ngjarje t\u00eb g\u00ebzuara dhe t\u00eb r\u00ebnd\u00ebsishme p\u00ebr Kish\u00ebn Orthodhokse, jemi p\u00ebrballur me p\u00ebrbaltjen e vepr\u00ebs dhe pun\u00ebs s\u00eb Kish\u00ebs dhe t\u00eb Kryepiskopit, duke e spostuar v\u00ebmendjen nga ngjarje kryesore dhe duke p\u00ebrs\u00ebritur akuza t\u00eb padrejta, si p\u00ebr shembull ngjarja historike e Shenjt\u00ebrimit t\u00eb Katedrales \u201cNgallja e Krishtit\u201d, n\u00eb qend\u00ebr t\u00eb Tiran\u00ebs. Ajo ishte nj\u00eb nga evenimentet m\u00eb t\u00eb r\u00ebnd\u00ebsishme n\u00eb historin\u00eb e pasdiktatur\u00ebs p\u00ebr Kish\u00ebn Orthodhokse k\u00ebtu n\u00eb Shqip\u00ebri. Ky eveniment t\u00ebrhoqi interesin dhe v\u00ebmendjen e gjer\u00eb t\u00eb opinionit publikut, si brenda ashtu edhe jasht\u00eb vendit, me pjes\u00ebmarrjen n\u00eb festime t\u00eb pjes\u00ebs m\u00eb t\u00eb madhe t\u00eb Krer\u00ebve t\u00eb Kishave Orthodhokse simotra n\u00eb t\u00eb gjith\u00eb bot\u00ebn, por fatkeq\u00ebsisht, p\u00ebr disa njer\u00ebz dhe grupe, nj\u00eb ngjarje e till\u00eb duhej t\u00eb zbehej e t\u00eb shp\u00ebrqendrohej v\u00ebmendja nga nj\u00eb festim i p\u00ebrligjur p\u00ebr t\u00eb gjith\u00eb t\u00eb krishter\u00ebt ortodoks k\u00ebtu n\u00eb vend dhe m\u00eb gjer\u00eb.<\/span><\/p>\n<p style=\"text-align: justify;\">\n\t<span style=\"color: #000000; font-size: 12pt; font-family: helvetica;\">&nbsp;&nbsp; S\u00eb fundi, m\u00eb ra rasti t\u00eb lexoj replik\u00ebn e z. Nexhat Merxhushi, ndaj nj\u00eb artikulli t\u00eb gazet\u00ebs greke \u201cKathimerini\u201d, publikuar n\u00eb gazet\u00ebn \u201cShqip\u201d, dt. 6 shtator 2014, me titull: \u201cPapagalli Ximas dhe harmonia fetare\u201d. N\u00eb k\u00ebt\u00eb artikull autori p\u00ebrpiqet t\u00eb radhis\u00eb edhe nj\u00eb her\u00eb t\u00eb gjitha akuzat e mundshme ndaj Kryepiskopit Anastas, si dhe t\u00eb p\u00ebrbalt\u00eb pun\u00ebn dhe kontributin e tij n\u00eb ringritjen e Kish\u00ebs Orthodhokse Autoqefale t\u00eb Shqip\u00ebris\u00eb nga g\u00ebrmadhat, ku e kishte l\u00ebn\u00eb regjimi i eg\u00ebr komunist. \u00cbsht\u00eb p\u00ebr t\u00eb ardhur keq q\u00eb k\u00ebto sulme dhe akuza, krejt\u00ebsisht t\u00eb padrejta dhe t\u00eb pav\u00ebrteta dhe me nj\u00eb mllef t\u00eb pajustifikuar, i prezantohen lexuesve.<\/span><\/p>\n<p style=\"text-align: justify;\">\n\t<span style=\"color: #000000; font-size: 12pt; font-family: helvetica;\">&nbsp;&nbsp; Nga q\u00eb do k\u00ebrkonte shum\u00eb hap\u00ebsir\u00eb p\u00ebr t\u2019ju p\u00ebrgjigjur t\u00eb gjitha akuzave t\u00eb vjetra e t\u00eb pabaza, t\u00eb cilave iu jemi p\u00ebrgjigjur vazhdimisht, do t\u00eb ndalesha vet\u00ebm n\u00eb disa prej tyre, pasi n\u00eb gjykimin tim ato jan\u00eb jo vet\u00ebm t\u00eb pasakta dhe t\u00eb pav\u00ebrteta, por edhe t\u00eb rrezikshme dhe p\u00ebr k\u00ebt\u00eb arsye dhe n\u00eb respekt t\u00eb informimit t\u00eb sakt\u00eb t\u00eb lexuesve nuk mund t\u00eb lihen pa iu p\u00ebrgjigjur;<\/span><\/p>\n<p style=\"text-align: justify;\">\n\t<span style=\"color: #000000; font-size: 12pt; font-family: helvetica;\">&nbsp;&nbsp; N\u00eb replik\u00ebn e tij me gazetarin ai akuzon n\u00eb m\u00ebnyr\u00eb t\u00eb drejtp\u00ebrdrejt\u00eb Kryepiskopin Anastas, ku shkruan: \u201cMund t\u00eb konsiderohet nacionaliz\u00ebm e islamiz\u00ebm pse duam t\u00eb flitet shqip n\u00eb kishat tona? Mund t\u00eb flitet p\u00ebr ekstremiz\u00ebm islamik kur komuniteti mysliman n\u00eb Shqip\u00ebri nuk ka reaguar n\u00eb asnj\u00eb rast t\u00eb vet\u00ebm kund\u00ebr Janullatosit, kur ai ka provokuar r\u00ebnd\u00eb k\u00ebt\u00eb komunitet, duke zhvarrosur eshtra mysliman\u00ebsh, apo kur pjes\u00ebtar\u00ebve t\u00eb k\u00ebtij komuniteti u ka nd\u00ebrruar fen\u00eb n\u00eb m\u00ebnyr\u00ebn m\u00eb djall\u00ebzore e cinike, duke shfryt\u00ebzuar varf\u00ebrin\u00eb dhe mjerimin e tyre?!\u201d<\/span><\/p>\n<p style=\"text-align: justify;\">\n\t<span style=\"color: #000000; font-size: 12pt; font-family: helvetica;\">&nbsp;&nbsp; E para, nuk \u00ebsht\u00eb aspak e v\u00ebrtet\u00eb q\u00eb n\u00eb kishat ortodokse nuk flitet shqip, me p\u00ebrjashtim t\u00eb vendbanimeve me shumic\u00eb minoritare. E dyta, artikullshkruesi k\u00ebrkon t\u00eb implikoj\u00eb n\u00eb m\u00ebnyr\u00eb t\u00eb padrejt\u00eb dhe manipulative Kryepiskopin Anastas n\u00eb nj\u00eb ngjarje mediatike, ku prania e priftit ortodoks q\u00eb kryen sh\u00ebrbes\u00ebn e p\u00ebrshpirtjes gjat\u00eb zhvarrimit, detyr\u00eb kjo e \u00e7do kleriku kur i k\u00ebrkohet, iu dha n\u00eb at\u00eb koh\u00eb me t\u00eb padrejt\u00eb ngjyrime dhe skenare nga m\u00eb t\u00eb \u00e7uditshmet, t\u00eb cilat nga hetimet e prokuroris\u00eb u faktuan si t\u00eb pabaza. Autori gjithashtu p\u00ebrpiqet t\u00eb p\u00ebrfshij\u00eb n\u00eb k\u00ebt\u00eb argument edhe Komunitetin Mysliman t\u00eb Shqip\u00ebris\u00eb, duke nxitur keqkuptime. S\u00eb treti, t\u00eb gjitha pag\u00ebzimet q\u00eb jan\u00eb kryer nga ana e klerik\u00ebve ortodoks\u00eb gjat\u00eb k\u00ebtyre viteve, i konsideron dhunim t\u00eb t\u00eb drejt\u00ebs s\u00eb besimit ndaj atyre q\u00eb ai i quan t\u00eb besimit mysliman, q\u00eb iu paskan \u201cnd\u00ebrruar fen\u00eb\u201d, madje edhe n\u00eb m\u00ebnyr\u00eb \u201cdjall\u00ebzore e cinike\u201d!!!<\/span><\/p>\n<p style=\"text-align: justify;\">\n\t<span style=\"color: #000000; font-size: 12pt; font-family: helvetica;\">&nbsp;&nbsp; Madje shpesh her\u00eb akuzat arrijn\u00eb nivelin e qesharakes. Ja nj\u00eb nd\u00ebr akuzat q\u00eb s\u2019ishte d\u00ebgjuar deri m\u00eb tani. \u201cJanullatosi dhe pasuesit e tij p\u00ebrdor\u00ebn \u201carm\u00ebn e intrig\u00ebs s\u00eb famshme greke\u201d, si\u00e7 thot\u00eb Konica. U arrit deri aty sa u hodh n\u00eb er\u00eb nat\u00ebn \u201cSht\u00ebpia e Kultur\u00ebs dhe e Flamurit\u201d n\u00eb Kor\u00e7\u00eb, e Themistokli G\u00ebrmenjit, e cila gjet gur\u00eb mbi gur\u00eb n\u00eb m\u00ebngjesin e 11 gushtit 2012.\u201d Kjo akuz\u00eb nuk ka as edhe nj\u00eb lidhje me Kryepiskopin ose me Kish\u00ebn dhe as me ortodoksin\u00eb, si\u00e7 u pasqyrua edhe nga media n\u00eb ato dit\u00eb.<\/span><\/p>\n<p style=\"text-align: justify;\">\n\t<span style=\"color: #000000; font-size: 12pt; font-family: helvetica;\">&nbsp;&nbsp; Si artikullshkruesi, ashtu edhe \u00e7dokush q\u00eb mendon se p\u00ebr \u00e7\u00ebshtjet e fes\u00eb dhe t\u00eb besimit ka tagrin t\u00eb l\u00ebshoj\u00eb akuza dhe etiketime t\u00eb k\u00ebtij niveli, duhet t\u00eb ken\u00eb parasysh se vendi yn\u00eb v\u00ebrtet g\u00ebzon harmoni fetare dhe p\u00ebr k\u00ebt\u00eb mburremi, ashtu si\u00e7 edhe ai vet\u00eb p\u00ebrpiqet t\u00eb argumentoj\u00eb, por t\u00eb ofendosh dhe t\u00eb shtremb\u00ebrosh pun\u00ebn e klerik\u00ebve ortodoks\u00eb n\u00eb Shqip\u00ebri, si fushat\u00eb n\u00eb nd\u00ebrrimin e fes\u00eb ndaj atyre q\u00eb nuk i p\u00ebrkasin besimit ortodoks \u00ebsht\u00eb shum\u00eb, madje tep\u00ebr e rrezikshme. Gjithashtu, t\u00eb p\u00ebrbuz\u00ebsh dhe ironizosh ata besimtar\u00eb q\u00eb kan\u00eb marr\u00eb pag\u00ebzimin e shenjt\u00eb, \u00ebsht\u00eb n\u00eb t\u00eb nj\u00ebjt\u00ebn m\u00ebnyr\u00eb e rrezikshme dhe diskriminuese p\u00ebr dinjitetin e tyre njer\u00ebzor. Si nj\u00eb bari shpirt\u00ebror i k\u00ebsaj grigje, m\u00eb duhet t\u2019ju them se \u00ebsht\u00eb t\u00ebr\u00ebsisht i papranuesh\u00ebm dhe i patoleruesh\u00ebm formulimi i tezave t\u00eb tilla dhe t\u2019i paraqisni ato si \u2018mbrojtje\u2019 ndaj atyre q\u00eb jan\u00eb pag\u00ebzuar, duke nd\u00ebrhyr\u00eb drejtp\u00ebrdrejt\u00eb n\u00eb \u00e7\u00ebshtje t\u00eb besimit, si dhe t\u00eb pac\u00ebnueshm\u00ebris\u00eb t\u00eb s\u00eb drejt\u00ebs kushtetuese t\u00eb \u00e7do individi p\u00ebr t\u00eb zgjedhur lirsh\u00ebm dhe pa frik\u00eb besimin e tij ose saj.<\/span><\/p>\n<p style=\"text-align: justify;\">\n\t<span style=\"color: #000000; font-size: 12pt; font-family: helvetica;\">&nbsp;&nbsp; Gjithashtu, p\u00ebrpjekja p\u00ebr t\u00eb p\u00ebrfshir\u00eb n\u00eb k\u00ebto akuza edhe Komunitetin Mysliman, ose grupim tjet\u00ebr fetar, \u00ebsht\u00eb sa keqdash\u00ebse aq edhe e rrezikshme. Nga krahu tjet\u00ebr, Komunitetet Fetare n\u00eb Shqip\u00ebri pa p\u00ebrjashtim, kan\u00eb treguar vazhdimisht se nuk mund t\u00eb bien preh e nxitjeve dhe provokimeve t\u00eb tilla, t\u00eb cilat cenojn\u00eb at\u00eb p\u00ebr t\u00eb cil\u00ebn duam t\u2019i tregojm\u00eb t\u00eb tjer\u00ebve se n\u00eb Shqip\u00ebri me t\u00eb v\u00ebrtet\u00eb ekziston toleranca dhe harmonia nd\u00ebrfetare. Nj\u00eb kontribut t\u00eb pamohuesh\u00ebm n\u00eb k\u00ebt\u00eb harmoni ka padyshim edhe Kryepiskopi Anastas, si drejtues i Komunitetit Ortodoks, i cili p\u00ebr mesazhet, iniciativat dhe pjes\u00ebmarrjen e tij \u00ebsht\u00eb vler\u00ebsuar si brenda ashtu edhe jasht\u00eb vendit. Dhe p\u00ebr hir t\u00eb k\u00ebtij kontributi ai \u00ebsht\u00eb zgjedhur president nderi i organizat\u00ebs m\u00eb t\u00eb madhe nd\u00ebrfetare n\u00eb bot\u00eb \u201cFet\u00eb p\u00ebr Paqen\u201d, me qend\u00ebr n\u00eb New Yorkdhe nuk ka kurrsesi si t\u00eb jet\u00eb ashtu si\u00e7 ju k\u00ebrkoni ta p\u00ebrcaktoni, se \u201cnuk i ka interesuar ndonj\u00ebher\u00eb harmonia fetare n\u00eb Shqip\u00ebri\u201d.<\/span><\/p>\n<p style=\"text-align: justify;\">\n\t<span style=\"color: #000000; font-size: 12pt; font-family: helvetica;\">&nbsp;&nbsp; Vepra e Kryepiskopit Anastas n\u00eb ringritjen e Kish\u00ebs Orthodhokse n\u00eb Shqip\u00ebri, si asnj\u00ebher\u00eb tjet\u00ebr n\u00eb historin\u00eb e saj, \u00ebsht\u00eb nj\u00eb kontribut i pamohuesh\u00ebm dhe historik dhe i njohur tashm\u00eb bot\u00ebrisht. Fatkeq\u00ebsisht ka njer\u00ebz, si\u00e7 edhe ju e d\u00ebshmoni p\u00ebrmes shkrimit tuaj, t\u00eb cil\u00ebt \u00e7do arritje t\u00eb Kish\u00ebs Orthodhokse n\u00eb rind\u00ebrtimin e kishave, restaurimin e monumenteve t\u00eb kultit, edukimin e brezit t\u00eb ri t\u00eb klerit shqiptar n\u00eb vend, ngritjen e institucioneve t\u00eb arsimit, sh\u00ebndet\u00ebsis\u00eb dhe t\u00eb nismave t\u00eb ndryshme n\u00eb zhvillim t\u00eb vendit, i konsideroni thjesht se \u201cjan\u00eb arteria ku Janullatosi mundohet t\u00eb p\u00ebrhap\u00eb helenizimin n\u00ebp\u00ebrmjet gjuh\u00ebs greke\u201d. Q\u00ebndrime t\u00eb tilla sigurisht q\u00eb jan\u00eb paradoksale, t\u00eb pav\u00ebrteta dhe rrjedhimisht keqdash\u00ebse, pasi \u00e7do njeri q\u00eb e do vendin e tij, g\u00ebzohet p\u00ebr p\u00ebrparimin e \u00e7do komuniteti fetar n\u00eb Shqip\u00ebri.<\/span><\/p>\n<p style=\"text-align: justify;\">\n\t<span style=\"color: #000000; font-size: 12pt; font-family: helvetica;\">&nbsp;&nbsp; Duke p\u00ebrfunduar, do t\u00eb doja t\u00eb shtoja se vendi yn\u00eb ka v\u00ebrtet nevoj\u00eb p\u00ebr shum\u00eb gj\u00ebra dhe se rruga q\u00eb kemi hapur q\u00eb nga fitorja e demokracis\u00eb ka treguar se \u00ebsht\u00eb e v\u00ebshtir\u00eb dhe pavar\u00ebsisht arritjeve dhe zhvillimeve transformuese q\u00eb ka p\u00ebsuar vendi yn\u00eb, mbetet shum\u00eb pun\u00eb p\u00ebr t\u00eb p\u00ebrballuar sfidat q\u00eb na presin. Ato k\u00ebrkojn\u00eb mendje t\u00eb zgjuara, urt\u00ebsi dhe mbi t\u00eb gjitha vendosm\u00ebri p\u00ebr t\u00eb punuar p\u00ebr t\u00eb mir\u00ebn e vendit dhe t\u00eb ardhmen e tij. Shp\u00ebrqendrimi shpeshher\u00eb nga sfidat e v\u00ebrteta q\u00eb po kalon sot shoq\u00ebria shqiptare dhe ngritja e tematikave dhe e debateve shterp\u00eb, \u00ebsht\u00eb sa vones\u00eb n\u00eb k\u00ebt\u00eb rrug\u00eb, po aq edhe e d\u00ebmshme. P\u00ebr k\u00ebt\u00eb arsye, ne si klerik\u00eb dhe bij t\u00eb k\u00ebtij vendi, jemi t\u00eb vendosur t\u00eb japim kontributin ton\u00eb n\u00eb drejtimin e duhur dhe me ndihm\u00ebn e Zotit uroj t\u2019ja arrijm\u00eb.<\/span><\/p>\n<div style=\"text-align: justify;\">\n\t&nbsp;<\/div>\n","protected":false},"excerpt":{"rendered":"<p>&#8211; T\u00eb pav\u00ebrtetat e p\u00ebrs\u00ebritura nuk mund t\u00eb b\u00ebhen t\u00eb v\u00ebrteta &#8211; &nbsp; Artikull i Episkopit t\u00eb Kruj\u00ebs, Hir\u00ebsi Andon Merdani, botuar n\u00eb Gazet\u00ebn Shqip, dt. 08.09.2014, fq.8. &nbsp; &nbsp;&nbsp; Koh\u00eb mbas kohe opinionit publik i imponohet nj\u00eb debat me akuza e shpifje t\u00eb r\u00ebndomta, deri n\u00eb qesharake, n\u00eb lidhje me figur\u00ebn e Kryepiskopit Anastas, nj\u00ebher\u00ebsh dhe kreu i Kish\u00ebs Orthodhokse n\u00eb Shqip\u00ebri. N\u00eb t\u00eb<\/p>\n","protected":false},"author":1,"featured_media":1262,"comment_status":"open","ping_status":"open","sticky":false,"template":"","format":"standard","meta":{"_acf_changed":false,"pagelayer_contact_templates":[],"_pagelayer_content":"","inline_featured_image":false,"fifu_image_url":"","fifu_image_alt":"","footnotes":""},"categories":[108],"tags":[140,153,196,212,203],"class_list":["post-1261","post","type-post","status-publish","format-standard","has-post-thumbnail","hentry","category-lajme","tag-140","tag-deklarata-njoftime-zyrtare-d75","tag-tirane","tag-lajme-d27","tag-pergjigje-ndaj-akuzave"],"acf":[],"yoast_head":"<!-- This site is optimized with the Yoast SEO plugin v27.2 - https:\/\/yoast.com\/product\/yoast-seo-wordpress\/ -->\n<title>T\u00eb pav\u00ebrtetat e p\u00ebrs\u00ebritura nuk mund t\u00eb b\u00ebhen t\u00eb v\u00ebrteta. - Kisha Orthodh\u03bfkse Autoqefale e Shqip\u00ebris\u00eb<\/title>\n<meta name=\"robots\" content=\"index, follow, max-snippet:-1, max-image-preview:large, max-video-preview:-1\" \/>\n<link rel=\"canonical\" href=\"https:\/\/orthodoxalbania.org\/2020\/2014\/09\/08\/te-pavertetat-e-perseritura-nuk-mund-te-behen-te-verteta\/\" \/>\n<meta property=\"og:locale\" content=\"en_US\" \/>\n<meta property=\"og:type\" content=\"article\" \/>\n<meta property=\"og:title\" content=\"T\u00eb pav\u00ebrtetat e p\u00ebrs\u00ebritura nuk mund t\u00eb b\u00ebhen t\u00eb v\u00ebrteta. - Kisha Orthodh\u03bfkse Autoqefale e Shqip\u00ebris\u00eb\" \/>\n<meta property=\"og:description\" content=\"&#8211; T\u00eb pav\u00ebrtetat e p\u00ebrs\u00ebritura nuk mund t\u00eb b\u00ebhen t\u00eb v\u00ebrteta &#8211; &nbsp; Artikull i Episkopit t\u00eb Kruj\u00ebs, Hir\u00ebsi Andon Merdani, botuar n\u00eb Gazet\u00ebn Shqip, dt. 08.09.2014, fq.8. &nbsp; &nbsp;&nbsp; Koh\u00eb mbas kohe opinionit publik i imponohet nj\u00eb debat me akuza e shpifje t\u00eb r\u00ebndomta, deri n\u00eb qesharake, n\u00eb lidhje me figur\u00ebn e Kryepiskopit Anastas, nj\u00ebher\u00ebsh dhe kreu i Kish\u00ebs Orthodhokse n\u00eb Shqip\u00ebri. N\u00eb t\u00eb\" \/>\n<meta property=\"og:url\" content=\"https:\/\/orthodoxalbania.org\/2020\/2014\/09\/08\/te-pavertetat-e-perseritura-nuk-mund-te-behen-te-verteta\/\" \/>\n<meta property=\"og:site_name\" content=\"Kisha Orthodh\u03bfkse Autoqefale e Shqip\u00ebris\u00eb\" \/>\n<meta property=\"article:publisher\" content=\"https:\/\/www.facebook.com\/koash1991\" \/>\n<meta property=\"article:published_time\" content=\"2014-09-08T08:26:58+00:00\" \/>\n<meta property=\"article:modified_time\" content=\"2020-04-06T20:02:23+00:00\" \/>\n<meta property=\"og:image\" content=\"https:\/\/orthodoxalbania.org\/2020\/wp-content\/uploads\/2020\/04\/10443058_303440519830973_4601974036966144515_o.jpg\" \/>\n\t<meta property=\"og:image:width\" content=\"150\" \/>\n\t<meta property=\"og:image:height\" content=\"150\" \/>\n\t<meta property=\"og:image:type\" content=\"image\/jpeg\" \/>\n<meta name=\"author\" content=\"Kisha Orthodhokse\" \/>\n<meta name=\"twitter:card\" content=\"summary_large_image\" \/>\n<meta name=\"twitter:label1\" content=\"Written by\" \/>\n\t<meta name=\"twitter:data1\" content=\"Kisha Orthodhokse\" \/>\n\t<meta name=\"twitter:label2\" content=\"Est. reading time\" \/>\n\t<meta name=\"twitter:data2\" content=\"8 minutes\" \/>\n<script type=\"application\/ld+json\" class=\"yoast-schema-graph\">{\"@context\":\"https:\/\/schema.org\",\"@graph\":[{\"@type\":\"Article\",\"@id\":\"https:\/\/orthodoxalbania.org\/2020\/2014\/09\/08\/te-pavertetat-e-perseritura-nuk-mund-te-behen-te-verteta\/#article\",\"isPartOf\":{\"@id\":\"https:\/\/orthodoxalbania.org\/2020\/2014\/09\/08\/te-pavertetat-e-perseritura-nuk-mund-te-behen-te-verteta\/\"},\"author\":{\"name\":\"Kisha Orthodhokse\",\"@id\":\"https:\/\/orthodoxalbania.org\/2020\/#\/schema\/person\/0c387634a7063ac612d7ed9ce71c7e86\"},\"headline\":\"T\u00eb pav\u00ebrtetat e p\u00ebrs\u00ebritura nuk mund t\u00eb b\u00ebhen t\u00eb v\u00ebrteta.\",\"datePublished\":\"2014-09-08T08:26:58+00:00\",\"dateModified\":\"2020-04-06T20:02:23+00:00\",\"mainEntityOfPage\":{\"@id\":\"https:\/\/orthodoxalbania.org\/2020\/2014\/09\/08\/te-pavertetat-e-perseritura-nuk-mund-te-behen-te-verteta\/\"},\"wordCount\":1678,\"commentCount\":0,\"publisher\":{\"@id\":\"https:\/\/orthodoxalbania.org\/2020\/#organization\"},\"image\":{\"@id\":\"https:\/\/orthodoxalbania.org\/2020\/2014\/09\/08\/te-pavertetat-e-perseritura-nuk-mund-te-behen-te-verteta\/#primaryimage\"},\"thumbnailUrl\":\"https:\/\/orthodoxalbania.org\/2020\/wp-content\/uploads\/2020\/04\/10443058_303440519830973_4601974036966144515_o.jpg\",\"keywords\":[\"2014\",\"Deklarata - Njoftime Zyrtare\",\"Kryepiskopata Tiran\u00eb\",\"lajme\",\"P\u00ebrgjigje ndaj akuzave\"],\"articleSection\":[\"Lajme\"],\"inLanguage\":\"en-US\"},{\"@type\":\"WebPage\",\"@id\":\"https:\/\/orthodoxalbania.org\/2020\/2014\/09\/08\/te-pavertetat-e-perseritura-nuk-mund-te-behen-te-verteta\/\",\"url\":\"https:\/\/orthodoxalbania.org\/2020\/2014\/09\/08\/te-pavertetat-e-perseritura-nuk-mund-te-behen-te-verteta\/\",\"name\":\"T\u00eb pav\u00ebrtetat e p\u00ebrs\u00ebritura nuk mund t\u00eb b\u00ebhen t\u00eb v\u00ebrteta. - Kisha Orthodh\u03bfkse Autoqefale e Shqip\u00ebris\u00eb\",\"isPartOf\":{\"@id\":\"https:\/\/orthodoxalbania.org\/2020\/#website\"},\"primaryImageOfPage\":{\"@id\":\"https:\/\/orthodoxalbania.org\/2020\/2014\/09\/08\/te-pavertetat-e-perseritura-nuk-mund-te-behen-te-verteta\/#primaryimage\"},\"image\":{\"@id\":\"https:\/\/orthodoxalbania.org\/2020\/2014\/09\/08\/te-pavertetat-e-perseritura-nuk-mund-te-behen-te-verteta\/#primaryimage\"},\"thumbnailUrl\":\"https:\/\/orthodoxalbania.org\/2020\/wp-content\/uploads\/2020\/04\/10443058_303440519830973_4601974036966144515_o.jpg\",\"datePublished\":\"2014-09-08T08:26:58+00:00\",\"dateModified\":\"2020-04-06T20:02:23+00:00\",\"breadcrumb\":{\"@id\":\"https:\/\/orthodoxalbania.org\/2020\/2014\/09\/08\/te-pavertetat-e-perseritura-nuk-mund-te-behen-te-verteta\/#breadcrumb\"},\"inLanguage\":\"en-US\",\"potentialAction\":[{\"@type\":\"ReadAction\",\"target\":[\"https:\/\/orthodoxalbania.org\/2020\/2014\/09\/08\/te-pavertetat-e-perseritura-nuk-mund-te-behen-te-verteta\/\"]}]},{\"@type\":\"ImageObject\",\"inLanguage\":\"en-US\",\"@id\":\"https:\/\/orthodoxalbania.org\/2020\/2014\/09\/08\/te-pavertetat-e-perseritura-nuk-mund-te-behen-te-verteta\/#primaryimage\",\"url\":\"https:\/\/orthodoxalbania.org\/2020\/wp-content\/uploads\/2020\/04\/10443058_303440519830973_4601974036966144515_o.jpg\",\"contentUrl\":\"https:\/\/orthodoxalbania.org\/2020\/wp-content\/uploads\/2020\/04\/10443058_303440519830973_4601974036966144515_o.jpg\",\"width\":150,\"height\":150},{\"@type\":\"BreadcrumbList\",\"@id\":\"https:\/\/orthodoxalbania.org\/2020\/2014\/09\/08\/te-pavertetat-e-perseritura-nuk-mund-te-behen-te-verteta\/#breadcrumb\",\"itemListElement\":[{\"@type\":\"ListItem\",\"position\":1,\"name\":\"Home\",\"item\":\"https:\/\/orthodoxalbania.org\/2020\/\"},{\"@type\":\"ListItem\",\"position\":2,\"name\":\"T\u00eb pav\u00ebrtetat e p\u00ebrs\u00ebritura nuk mund t\u00eb b\u00ebhen t\u00eb v\u00ebrteta.\"}]},{\"@type\":\"WebSite\",\"@id\":\"https:\/\/orthodoxalbania.org\/2020\/#website\",\"url\":\"https:\/\/orthodoxalbania.org\/2020\/\",\"name\":\"Kisha Orthodh\u03bfkse Autoqefale e Shqip\u00ebris\u00eb\",\"description\":\"Fqja Zyrtare e Kish\u00ebs Orthodhokse Autoqefale e Shqip\u00ebris\u00eb me lajmet edhe informacionet zyrtare p\u00ebr struktur\u00ebn edhe veprimtarin e saj.\",\"publisher\":{\"@id\":\"https:\/\/orthodoxalbania.org\/2020\/#organization\"},\"potentialAction\":[{\"@type\":\"SearchAction\",\"target\":{\"@type\":\"EntryPoint\",\"urlTemplate\":\"https:\/\/orthodoxalbania.org\/2020\/?s={search_term_string}\"},\"query-input\":{\"@type\":\"PropertyValueSpecification\",\"valueRequired\":true,\"valueName\":\"search_term_string\"}}],\"inLanguage\":\"en-US\"},{\"@type\":\"Organization\",\"@id\":\"https:\/\/orthodoxalbania.org\/2020\/#organization\",\"name\":\"Kisha Orthodhokse Autoqefale e Shqip\u00ebris\u00eb\",\"url\":\"https:\/\/orthodoxalbania.org\/2020\/\",\"logo\":{\"@type\":\"ImageObject\",\"inLanguage\":\"en-US\",\"@id\":\"https:\/\/orthodoxalbania.org\/2020\/#\/schema\/logo\/image\/\",\"url\":\"https:\/\/orthodoxalbania.org\/2020\/wp-content\/uploads\/2020\/05\/albania.jpeg\",\"contentUrl\":\"https:\/\/orthodoxalbania.org\/2020\/wp-content\/uploads\/2020\/05\/albania.jpeg\",\"width\":540,\"height\":540,\"caption\":\"Kisha Orthodhokse Autoqefale e Shqip\u00ebris\u00eb\"},\"image\":{\"@id\":\"https:\/\/orthodoxalbania.org\/2020\/#\/schema\/logo\/image\/\"},\"sameAs\":[\"https:\/\/www.facebook.com\/koash1991\"]},{\"@type\":\"Person\",\"@id\":\"https:\/\/orthodoxalbania.org\/2020\/#\/schema\/person\/0c387634a7063ac612d7ed9ce71c7e86\",\"name\":\"Kisha Orthodhokse\",\"image\":{\"@type\":\"ImageObject\",\"inLanguage\":\"en-US\",\"@id\":\"https:\/\/secure.gravatar.com\/avatar\/596e7c417251e30f2fbb9c00e026fce61a695a00e51c889caded71c96cbbdde5?s=96&d=mm&r=g\",\"url\":\"https:\/\/secure.gravatar.com\/avatar\/596e7c417251e30f2fbb9c00e026fce61a695a00e51c889caded71c96cbbdde5?s=96&d=mm&r=g\",\"contentUrl\":\"https:\/\/secure.gravatar.com\/avatar\/596e7c417251e30f2fbb9c00e026fce61a695a00e51c889caded71c96cbbdde5?s=96&d=mm&r=g\",\"caption\":\"Kisha Orthodhokse\"}}]}<\/script>\n<!-- \/ Yoast SEO plugin. -->","yoast_head_json":{"title":"T\u00eb pav\u00ebrtetat e p\u00ebrs\u00ebritura nuk mund t\u00eb b\u00ebhen t\u00eb v\u00ebrteta. - Kisha Orthodh\u03bfkse Autoqefale e Shqip\u00ebris\u00eb","robots":{"index":"index","follow":"follow","max-snippet":"max-snippet:-1","max-image-preview":"max-image-preview:large","max-video-preview":"max-video-preview:-1"},"canonical":"https:\/\/orthodoxalbania.org\/2020\/2014\/09\/08\/te-pavertetat-e-perseritura-nuk-mund-te-behen-te-verteta\/","og_locale":"en_US","og_type":"article","og_title":"T\u00eb pav\u00ebrtetat e p\u00ebrs\u00ebritura nuk mund t\u00eb b\u00ebhen t\u00eb v\u00ebrteta. - Kisha Orthodh\u03bfkse Autoqefale e Shqip\u00ebris\u00eb","og_description":"&#8211; T\u00eb pav\u00ebrtetat e p\u00ebrs\u00ebritura nuk mund t\u00eb b\u00ebhen t\u00eb v\u00ebrteta &#8211; &nbsp; Artikull i Episkopit t\u00eb Kruj\u00ebs, Hir\u00ebsi Andon Merdani, botuar n\u00eb Gazet\u00ebn Shqip, dt. 08.09.2014, fq.8. &nbsp; &nbsp;&nbsp; Koh\u00eb mbas kohe opinionit publik i imponohet nj\u00eb debat me akuza e shpifje t\u00eb r\u00ebndomta, deri n\u00eb qesharake, n\u00eb lidhje me figur\u00ebn e Kryepiskopit Anastas, nj\u00ebher\u00ebsh dhe kreu i Kish\u00ebs Orthodhokse n\u00eb Shqip\u00ebri. N\u00eb t\u00eb","og_url":"https:\/\/orthodoxalbania.org\/2020\/2014\/09\/08\/te-pavertetat-e-perseritura-nuk-mund-te-behen-te-verteta\/","og_site_name":"Kisha Orthodh\u03bfkse Autoqefale e Shqip\u00ebris\u00eb","article_publisher":"https:\/\/www.facebook.com\/koash1991","article_published_time":"2014-09-08T08:26:58+00:00","article_modified_time":"2020-04-06T20:02:23+00:00","og_image":[{"width":150,"height":150,"url":"https:\/\/orthodoxalbania.org\/2020\/wp-content\/uploads\/2020\/04\/10443058_303440519830973_4601974036966144515_o.jpg","type":"image\/jpeg"}],"author":"Kisha Orthodhokse","twitter_card":"summary_large_image","twitter_misc":{"Written by":"Kisha Orthodhokse","Est. reading time":"8 minutes"},"schema":{"@context":"https:\/\/schema.org","@graph":[{"@type":"Article","@id":"https:\/\/orthodoxalbania.org\/2020\/2014\/09\/08\/te-pavertetat-e-perseritura-nuk-mund-te-behen-te-verteta\/#article","isPartOf":{"@id":"https:\/\/orthodoxalbania.org\/2020\/2014\/09\/08\/te-pavertetat-e-perseritura-nuk-mund-te-behen-te-verteta\/"},"author":{"name":"Kisha Orthodhokse","@id":"https:\/\/orthodoxalbania.org\/2020\/#\/schema\/person\/0c387634a7063ac612d7ed9ce71c7e86"},"headline":"T\u00eb pav\u00ebrtetat e p\u00ebrs\u00ebritura nuk mund t\u00eb b\u00ebhen t\u00eb v\u00ebrteta.","datePublished":"2014-09-08T08:26:58+00:00","dateModified":"2020-04-06T20:02:23+00:00","mainEntityOfPage":{"@id":"https:\/\/orthodoxalbania.org\/2020\/2014\/09\/08\/te-pavertetat-e-perseritura-nuk-mund-te-behen-te-verteta\/"},"wordCount":1678,"commentCount":0,"publisher":{"@id":"https:\/\/orthodoxalbania.org\/2020\/#organization"},"image":{"@id":"https:\/\/orthodoxalbania.org\/2020\/2014\/09\/08\/te-pavertetat-e-perseritura-nuk-mund-te-behen-te-verteta\/#primaryimage"},"thumbnailUrl":"https:\/\/orthodoxalbania.org\/2020\/wp-content\/uploads\/2020\/04\/10443058_303440519830973_4601974036966144515_o.jpg","keywords":["2014","Deklarata - Njoftime Zyrtare","Kryepiskopata Tiran\u00eb","lajme","P\u00ebrgjigje ndaj akuzave"],"articleSection":["Lajme"],"inLanguage":"en-US"},{"@type":"WebPage","@id":"https:\/\/orthodoxalbania.org\/2020\/2014\/09\/08\/te-pavertetat-e-perseritura-nuk-mund-te-behen-te-verteta\/","url":"https:\/\/orthodoxalbania.org\/2020\/2014\/09\/08\/te-pavertetat-e-perseritura-nuk-mund-te-behen-te-verteta\/","name":"T\u00eb pav\u00ebrtetat e p\u00ebrs\u00ebritura nuk mund t\u00eb b\u00ebhen t\u00eb v\u00ebrteta. - Kisha Orthodh\u03bfkse Autoqefale e Shqip\u00ebris\u00eb","isPartOf":{"@id":"https:\/\/orthodoxalbania.org\/2020\/#website"},"primaryImageOfPage":{"@id":"https:\/\/orthodoxalbania.org\/2020\/2014\/09\/08\/te-pavertetat-e-perseritura-nuk-mund-te-behen-te-verteta\/#primaryimage"},"image":{"@id":"https:\/\/orthodoxalbania.org\/2020\/2014\/09\/08\/te-pavertetat-e-perseritura-nuk-mund-te-behen-te-verteta\/#primaryimage"},"thumbnailUrl":"https:\/\/orthodoxalbania.org\/2020\/wp-content\/uploads\/2020\/04\/10443058_303440519830973_4601974036966144515_o.jpg","datePublished":"2014-09-08T08:26:58+00:00","dateModified":"2020-04-06T20:02:23+00:00","breadcrumb":{"@id":"https:\/\/orthodoxalbania.org\/2020\/2014\/09\/08\/te-pavertetat-e-perseritura-nuk-mund-te-behen-te-verteta\/#breadcrumb"},"inLanguage":"en-US","potentialAction":[{"@type":"ReadAction","target":["https:\/\/orthodoxalbania.org\/2020\/2014\/09\/08\/te-pavertetat-e-perseritura-nuk-mund-te-behen-te-verteta\/"]}]},{"@type":"ImageObject","inLanguage":"en-US","@id":"https:\/\/orthodoxalbania.org\/2020\/2014\/09\/08\/te-pavertetat-e-perseritura-nuk-mund-te-behen-te-verteta\/#primaryimage","url":"https:\/\/orthodoxalbania.org\/2020\/wp-content\/uploads\/2020\/04\/10443058_303440519830973_4601974036966144515_o.jpg","contentUrl":"https:\/\/orthodoxalbania.org\/2020\/wp-content\/uploads\/2020\/04\/10443058_303440519830973_4601974036966144515_o.jpg","width":150,"height":150},{"@type":"BreadcrumbList","@id":"https:\/\/orthodoxalbania.org\/2020\/2014\/09\/08\/te-pavertetat-e-perseritura-nuk-mund-te-behen-te-verteta\/#breadcrumb","itemListElement":[{"@type":"ListItem","position":1,"name":"Home","item":"https:\/\/orthodoxalbania.org\/2020\/"},{"@type":"ListItem","position":2,"name":"T\u00eb pav\u00ebrtetat e p\u00ebrs\u00ebritura nuk mund t\u00eb b\u00ebhen t\u00eb v\u00ebrteta."}]},{"@type":"WebSite","@id":"https:\/\/orthodoxalbania.org\/2020\/#website","url":"https:\/\/orthodoxalbania.org\/2020\/","name":"Kisha Orthodh\u03bfkse Autoqefale e Shqip\u00ebris\u00eb","description":"Fqja Zyrtare e Kish\u00ebs Orthodhokse Autoqefale e Shqip\u00ebris\u00eb me lajmet edhe informacionet zyrtare p\u00ebr struktur\u00ebn edhe veprimtarin e saj.","publisher":{"@id":"https:\/\/orthodoxalbania.org\/2020\/#organization"},"potentialAction":[{"@type":"SearchAction","target":{"@type":"EntryPoint","urlTemplate":"https:\/\/orthodoxalbania.org\/2020\/?s={search_term_string}"},"query-input":{"@type":"PropertyValueSpecification","valueRequired":true,"valueName":"search_term_string"}}],"inLanguage":"en-US"},{"@type":"Organization","@id":"https:\/\/orthodoxalbania.org\/2020\/#organization","name":"Kisha Orthodhokse Autoqefale e Shqip\u00ebris\u00eb","url":"https:\/\/orthodoxalbania.org\/2020\/","logo":{"@type":"ImageObject","inLanguage":"en-US","@id":"https:\/\/orthodoxalbania.org\/2020\/#\/schema\/logo\/image\/","url":"https:\/\/orthodoxalbania.org\/2020\/wp-content\/uploads\/2020\/05\/albania.jpeg","contentUrl":"https:\/\/orthodoxalbania.org\/2020\/wp-content\/uploads\/2020\/05\/albania.jpeg","width":540,"height":540,"caption":"Kisha Orthodhokse Autoqefale e Shqip\u00ebris\u00eb"},"image":{"@id":"https:\/\/orthodoxalbania.org\/2020\/#\/schema\/logo\/image\/"},"sameAs":["https:\/\/www.facebook.com\/koash1991"]},{"@type":"Person","@id":"https:\/\/orthodoxalbania.org\/2020\/#\/schema\/person\/0c387634a7063ac612d7ed9ce71c7e86","name":"Kisha Orthodhokse","image":{"@type":"ImageObject","inLanguage":"en-US","@id":"https:\/\/secure.gravatar.com\/avatar\/596e7c417251e30f2fbb9c00e026fce61a695a00e51c889caded71c96cbbdde5?s=96&d=mm&r=g","url":"https:\/\/secure.gravatar.com\/avatar\/596e7c417251e30f2fbb9c00e026fce61a695a00e51c889caded71c96cbbdde5?s=96&d=mm&r=g","contentUrl":"https:\/\/secure.gravatar.com\/avatar\/596e7c417251e30f2fbb9c00e026fce61a695a00e51c889caded71c96cbbdde5?s=96&d=mm&r=g","caption":"Kisha Orthodhokse"}}]}},"_links":{"self":[{"href":"https:\/\/orthodoxalbania.org\/2020\/wp-json\/wp\/v2\/posts\/1261","targetHints":{"allow":["GET"]}}],"collection":[{"href":"https:\/\/orthodoxalbania.org\/2020\/wp-json\/wp\/v2\/posts"}],"about":[{"href":"https:\/\/orthodoxalbania.org\/2020\/wp-json\/wp\/v2\/types\/post"}],"author":[{"embeddable":true,"href":"https:\/\/orthodoxalbania.org\/2020\/wp-json\/wp\/v2\/users\/1"}],"replies":[{"embeddable":true,"href":"https:\/\/orthodoxalbania.org\/2020\/wp-json\/wp\/v2\/comments?post=1261"}],"version-history":[{"count":1,"href":"https:\/\/orthodoxalbania.org\/2020\/wp-json\/wp\/v2\/posts\/1261\/revisions"}],"predecessor-version":[{"id":15059,"href":"https:\/\/orthodoxalbania.org\/2020\/wp-json\/wp\/v2\/posts\/1261\/revisions\/15059"}],"wp:featuredmedia":[{"embeddable":true,"href":"https:\/\/orthodoxalbania.org\/2020\/wp-json\/wp\/v2\/media\/1262"}],"wp:attachment":[{"href":"https:\/\/orthodoxalbania.org\/2020\/wp-json\/wp\/v2\/media?parent=1261"}],"wp:term":[{"taxonomy":"category","embeddable":true,"href":"https:\/\/orthodoxalbania.org\/2020\/wp-json\/wp\/v2\/categories?post=1261"},{"taxonomy":"post_tag","embeddable":true,"href":"https:\/\/orthodoxalbania.org\/2020\/wp-json\/wp\/v2\/tags?post=1261"}],"curies":[{"name":"wp","href":"https:\/\/api.w.org\/{rel}","templated":true}]}}