{"id":1260,"date":"2013-03-20T13:08:39","date_gmt":"2013-03-20T13:08:39","guid":{"rendered":""},"modified":"2020-04-06T22:32:17","modified_gmt":"2020-04-06T20:32:17","slug":"te-krishteret-nisin-kreshmen-e-krishtlindjes","status":"publish","type":"post","link":"https:\/\/orthodoxalbania.org\/2020\/2013\/03\/20\/te-krishteret-nisin-kreshmen-e-krishtlindjes\/","title":{"rendered":"T\u00eb krishter\u00ebt nisin Kreshm\u00ebn e Krishtlindjes! (15 N\u00ebntor 2010)"},"content":{"rendered":"<div style=\"text-align: justify;\"><span style=\"color: #000000;\"><span style=\"font-family: tahoma,geneva,sans-serif;\"><span style=\"font-size: 12px;\"><span class=\"Apple-style-span\"><span class=\"Apple-style-span\" style=\"line-height: 27px;\">&nbsp;&nbsp;&nbsp; P\u00ebr t\u00eb gjith\u00eb besimtar\u00ebt e krishter\u00eb orthodhoks\u00eb data 15 n\u00ebntor daton me fillimin e periudh\u00ebs s\u00eb p\u00ebrgatitjes p\u00ebr fest\u00ebn e madhe dhe shum\u00eb t\u00eb r\u00ebnd\u00ebsishme t\u00eb Krishtlindjes, pra me fillimin e Kreshm\u00ebs. Kjo \u00ebsht\u00eb nj\u00eb prej periudhave kreshmore q\u00eb Kisha ka vendosur si koh\u00eb p\u00ebrgatitore p\u00ebr t\u00eb pritur denj\u00ebsisht festat e m\u00ebdha. Kreshma e Krishtlindjes \u00ebsht\u00eb kreshm\u00eb e g\u00ebzueshme, sepse edhe vet\u00eb ngjarja, Lindja e Krishtit e cila kremtohet n\u00eb 25 dhjetor, solli g\u00ebzim shum\u00eb t\u00eb madh (Mattheu 2:10). Gjat\u00eb k\u00ebsaj periudhe t\u00eb p\u00ebrcaktuar nga Kisha, ne p\u00ebrgatitemi me kreshm\u00eb dhe paralelisht p\u00ebrjetojm\u00eb t\u00eb gjith\u00eb himnologjin\u00eb e po k\u00ebsaj periudhe, n\u00eb m\u00ebnyr\u00eb q\u00eb t\u00eb jetojm\u00eb ngjarjen e madhe t\u00eb Ardhjes s\u00eb Per\u00ebndis\u00eb n\u00eb tok\u00eb.<\/span><\/span><\/span><\/span><\/span><\/div>\n<div style=\"text-align: justify;\">&nbsp;<\/div>\n<div class=\"style7\" style=\"font-family: 'Palatino Linotype'; line-height: 1.5;\">\n<div class=\"style12\" style=\"font-size: 18px; text-align: justify;\"><span style=\"color: #000000;\"><span style=\"font-family: tahoma,geneva,sans-serif;\"><span style=\"font-size: 12px;\">&nbsp;&nbsp;&nbsp; Kreshma \u00ebsht\u00eb bashk\u00ebpunim i pjes\u00ebs materiale t\u00eb trupit ton\u00eb n\u00eb adhurimin e Per\u00ebndis\u00eb s\u00eb gjall\u00eb. Duke kreshmuar me disa ushqime dhe nga ana tjet\u00ebr duke kreshmuar nga m\u00ebkatet, ndihmojm\u00eb t\u00eb gjith\u00eb njeriun trup e shpirt t\u00eb afrohet e t\u00eb adhuroj\u00eb Per\u00ebndin\u00eb.&nbsp;<\/span><\/span><\/span><\/div>\n<div class=\"style12\" style=\"font-size: 18px; text-align: justify;\"> <span style=\"color: #000000;\"><span style=\"font-family: tahoma,geneva,sans-serif;\"><span style=\"font-size: 12px;\">&nbsp;&nbsp;&nbsp; \u00c7do e kremte, \u00e7do fest\u00eb kishtare nuk \u00ebsht\u00eb nj\u00eb paraqitje e thjesht\u00eb, e jashtme e disa ngjarjeve t\u00eb kaluara, por n\u00eb \u00e7do t\u00eb till\u00eb ne rijetojm\u00eb si person ato ngjarje sikur t\u00eb ndodhin sot. K\u00ebshtu, gjat\u00eb periudh\u00ebs s\u00eb Kreshm\u00ebs, njeriu parap\u00ebrgatitet p\u00ebr t\u00eb pranuar Shp\u00ebtimtarin Krisht q\u00eb do t\u00eb lind\u00eb n\u00eb grazhd.<\/span><\/span><\/span><\/div>\n<div class=\"style12\" style=\"font-size: 18px; text-align: justify;\">&nbsp;<\/div>\n<div class=\"style12\" style=\"font-size: 18px; text-align: justify;\"><span style=\"color: #000000;\"><span style=\"font-family: tahoma,geneva,sans-serif;\"><span style=\"font-size: 12px;\">&nbsp;&nbsp;&nbsp; Kreshma \u00ebsht\u00eb Biblike. Kreshma na \u00ebsht\u00eb dh\u00ebn\u00eb nga vet\u00eb Krishti, i Cili para se t\u00eb fillonte vepr\u00ebn shp\u00ebtimtare n\u00eb tok\u00eb, pas pag\u00ebzimit t\u00eb Tij, q\u00ebndroi n\u00eb shkret\u00ebtir\u00eb 40 dit\u00eb, duke mbajtur kreshm\u00eb (Mattheu 4:1-11). Kreshma nuk \u00ebsht\u00eb di\u00e7ka q\u00eb gjeti fantazia jon\u00eb, por \u00ebsht\u00eb nj\u00eb m\u00ebnyr\u00eb q\u00eb njeriu pastrohet dhe p\u00ebrpiqet t\u2019i dhuroj\u00eb di\u00e7ka Per\u00ebndis\u00eb dhe kjo kreshm\u00eb \u00ebsht\u00eb p\u00ebrmendur q\u00eb n\u00eb Dhiat\u00ebn e Vjet\u00ebr. K\u00ebt\u00eb tradit\u00eb e vazhdoi dhe e b\u00ebri me shembullin e tij edhe vet\u00eb Zoti, si\u00e7 edhe \u00ebsht\u00eb p\u00ebrmendur.<\/span><\/span><\/span><\/div>\n<div class=\"style12\" style=\"font-size: 18px; text-align: justify;\">&nbsp;<\/div>\n<div class=\"style12\" style=\"font-size: 18px; text-align: justify;\"><span style=\"color: #000000;\"><span style=\"font-family: tahoma,geneva,sans-serif;\"><span style=\"font-size: 12px;\">&nbsp;&nbsp;&nbsp; N\u00eb k\u00ebt\u00eb m\u00ebnyr\u00eb edhe ne parap\u00ebrgatitemi p\u00ebr ardhjen e Per\u00ebndis\u00eb n\u00eb tok\u00eb me kreshm\u00eb 40-ditore. N\u00eb k\u00ebt\u00eb kreshm\u00eb ne privohemi nga prodhimet blegtorale (mish, vez\u00eb, qum\u00ebsht, djath\u00eb, gjalp\u00eb etj) dhe paralelisht me k\u00ebto ne p\u00ebrpiqemi t\u00eb b\u00ebjm\u00eb edhe nj\u00eb reflektim mbi jet\u00ebn dhe veten ton\u00eb, duke mos e shnd\u00ebrruar Kreshm\u00ebn n\u00eb nj\u00eb diet\u00eb dhe n\u00eb \u201cpoza\u201d, por n\u00eb nj\u00eb shqyrtim t\u00eb v\u00ebrtet\u00eb e t\u00eb thell\u00eb pendimi t\u00eb vet\u00ebs dhe t\u00eb gjendjes son\u00eb m\u00ebkatare.<\/span><\/span><\/span><\/div>\n<div class=\"style12\" style=\"font-size: 18px; text-align: justify;\">&nbsp;<\/div>\n<div class=\"style12\" style=\"font-size: 18px; text-align: justify;\"><span style=\"color: #000000;\"><span style=\"font-family: tahoma,geneva,sans-serif;\"><span style=\"font-size: 12px;\">&nbsp;&nbsp;&nbsp; Kreshma \u00ebsht\u00eb mjet, jo q\u00ebllim! Kreshma na ndihmon dhe na krijon atmosfer\u00ebn p\u00ebr lart\u00ebsimin shpirt\u00ebror. Besimtar\u00ebt gjat\u00eb k\u00ebsaj periudhe urojn\u00eb nj\u00ebri &#8211; tjetrin: \u201cKreshm\u00eb t\u00eb mbara dhe t\u00eb g\u00ebzuara!\u201d<\/span><\/span><\/span><\/div>\n<div class=\"style12\" style=\"font-size: 18px; text-align: justify;\">&nbsp;<\/div>\n<div class=\"style12\" style=\"font-size: 18px; text-align: justify;\"><span style=\"color: #000000;\"><span style=\"font-family: tahoma,geneva,sans-serif;\"><span style=\"font-size: 12px;\">&nbsp;&nbsp;&nbsp; Le t\u00eb p\u00ebrpiqemi pra t\u00eb gjith\u00eb, sa mundemi, t\u00eb p\u00ebrgatisim grazhdin e zemr\u00ebs ton\u00eb, q\u00eb t\u00eb lindet brenda saj Krishti foshnje, Shp\u00ebtimtari i bot\u00ebs!<\/span><\/span><\/span><\/div>\n<div class=\"style12\" style=\"font-size: 18px; text-align: justify;\">&nbsp;<\/div>\n<div class=\"style12\" style=\"font-size: 18px; text-align: justify;\"><span style=\"color: #000000;\"><span style=\"font-family: tahoma,geneva,sans-serif;\"><span style=\"font-size: 12px;\">&nbsp;&nbsp;&nbsp; Le ti lutemi Zotit me fjal\u00ebt e nj\u00eb prej uratave t\u00eb Sh\u00ebrbes\u00ebs s\u00eb Kungimit: \u201c\u2026dhe si\u00e7 denjove t\u00eb shtrihesh n\u00eb shpell\u00eb dhe n\u00eb grazhd t\u00eb kafsh\u00ebve, denjo t\u00eb hysh edhe n\u00eb grazhdin e shpirtit tim t\u00eb paarsyesh\u00ebm dhe t\u00eb trupit tim t\u00eb njollosur.\u201d<\/span><\/span><\/span><\/div>\n<div class=\"style12\" style=\"font-size: 18px;\">&nbsp;<\/div>\n<div style=\"text-align: right;\"><span style=\"color: #000000;\"><span style=\"font-family: tahoma,geneva,sans-serif;\"><span style=\"font-size: 12px;\">Krishtlindje t\u00eb bekuara!<\/span><\/span><\/span><\/div>\n<div style=\"text-align: right;\"><span style=\"color: #000000;\"><span style=\"font-family: tahoma,geneva,sans-serif;\"><span style=\"font-size: 12px;\"><strong>Sonila (Dedja) R\u00ebmbeci<\/strong><\/span><\/span><\/span><\/div>\n<\/div>\n","protected":false},"excerpt":{"rendered":"<p>&nbsp;&nbsp;&nbsp; P\u00ebr t\u00eb gjith\u00eb besimtar\u00ebt e krishter\u00eb orthodhoks\u00eb data 15 n\u00ebntor daton me fillimin e periudh\u00ebs s\u00eb p\u00ebrgatitjes p\u00ebr fest\u00ebn e madhe dhe shum\u00eb t\u00eb r\u00ebnd\u00ebsishme t\u00eb Krishtlindjes, pra me fillimin e Kreshm\u00ebs. Kjo \u00ebsht\u00eb nj\u00eb prej periudhave kreshmore q\u00eb Kisha ka vendosur si koh\u00eb p\u00ebrgatitore p\u00ebr t\u00eb pritur denj\u00ebsisht festat e m\u00ebdha. Kreshma e Krishtlindjes \u00ebsht\u00eb kreshm\u00eb e g\u00ebzueshme, sepse edhe vet\u00eb ngjarja, Lindja<\/p>\n","protected":false},"author":1,"featured_media":0,"comment_status":"open","ping_status":"open","sticky":false,"template":"","format":"standard","meta":{"_acf_changed":false,"pagelayer_contact_templates":[],"_pagelayer_content":"","inline_featured_image":false,"fifu_image_url":"","fifu_image_alt":"","footnotes":""},"categories":[108],"tags":[144,192,196,212],"class_list":["post-1260","post","type-post","status-publish","format-standard","hentry","category-lajme","tag-144","tag-krishtlindje","tag-tirane","tag-lajme-d27"],"acf":[],"yoast_head":"<!-- This site is optimized with the Yoast SEO plugin v27.2 - https:\/\/yoast.com\/product\/yoast-seo-wordpress\/ -->\n<title>T\u00eb krishter\u00ebt nisin Kreshm\u00ebn e Krishtlindjes! (15 N\u00ebntor 2010) - Kisha Orthodh\u03bfkse Autoqefale e Shqip\u00ebris\u00eb<\/title>\n<meta name=\"robots\" content=\"index, follow, max-snippet:-1, max-image-preview:large, max-video-preview:-1\" \/>\n<link rel=\"canonical\" href=\"https:\/\/orthodoxalbania.org\/2020\/2013\/03\/20\/te-krishteret-nisin-kreshmen-e-krishtlindjes\/\" \/>\n<meta property=\"og:locale\" content=\"en_US\" \/>\n<meta property=\"og:type\" content=\"article\" \/>\n<meta property=\"og:title\" content=\"T\u00eb krishter\u00ebt nisin Kreshm\u00ebn e Krishtlindjes! (15 N\u00ebntor 2010) - Kisha Orthodh\u03bfkse Autoqefale e Shqip\u00ebris\u00eb\" \/>\n<meta property=\"og:description\" content=\"&nbsp;&nbsp;&nbsp; P\u00ebr t\u00eb gjith\u00eb besimtar\u00ebt e krishter\u00eb orthodhoks\u00eb data 15 n\u00ebntor daton me fillimin e periudh\u00ebs s\u00eb p\u00ebrgatitjes p\u00ebr fest\u00ebn e madhe dhe shum\u00eb t\u00eb r\u00ebnd\u00ebsishme t\u00eb Krishtlindjes, pra me fillimin e Kreshm\u00ebs. Kjo \u00ebsht\u00eb nj\u00eb prej periudhave kreshmore q\u00eb Kisha ka vendosur si koh\u00eb p\u00ebrgatitore p\u00ebr t\u00eb pritur denj\u00ebsisht festat e m\u00ebdha. Kreshma e Krishtlindjes \u00ebsht\u00eb kreshm\u00eb e g\u00ebzueshme, sepse edhe vet\u00eb ngjarja, Lindja\" \/>\n<meta property=\"og:url\" content=\"https:\/\/orthodoxalbania.org\/2020\/2013\/03\/20\/te-krishteret-nisin-kreshmen-e-krishtlindjes\/\" \/>\n<meta property=\"og:site_name\" content=\"Kisha Orthodh\u03bfkse Autoqefale e Shqip\u00ebris\u00eb\" \/>\n<meta property=\"article:publisher\" content=\"https:\/\/www.facebook.com\/koash1991\" \/>\n<meta property=\"article:published_time\" content=\"2013-03-20T13:08:39+00:00\" \/>\n<meta property=\"article:modified_time\" content=\"2020-04-06T20:32:17+00:00\" \/>\n<meta property=\"og:image\" content=\"https:\/\/orthodoxalbania.org\/2020\/wp-content\/uploads\/2021\/02\/LogoLastALb-200.png\" \/>\n\t<meta property=\"og:image:width\" content=\"200\" \/>\n\t<meta property=\"og:image:height\" content=\"172\" \/>\n\t<meta property=\"og:image:type\" content=\"image\/png\" \/>\n<meta name=\"author\" content=\"Kisha Orthodhokse\" \/>\n<meta name=\"twitter:card\" content=\"summary_large_image\" \/>\n<meta name=\"twitter:label1\" content=\"Written by\" \/>\n\t<meta name=\"twitter:data1\" content=\"Kisha Orthodhokse\" \/>\n\t<meta name=\"twitter:label2\" content=\"Est. reading time\" \/>\n\t<meta name=\"twitter:data2\" content=\"3 minutes\" \/>\n<script type=\"application\/ld+json\" class=\"yoast-schema-graph\">{\"@context\":\"https:\/\/schema.org\",\"@graph\":[{\"@type\":\"Article\",\"@id\":\"https:\/\/orthodoxalbania.org\/2020\/2013\/03\/20\/te-krishteret-nisin-kreshmen-e-krishtlindjes\/#article\",\"isPartOf\":{\"@id\":\"https:\/\/orthodoxalbania.org\/2020\/2013\/03\/20\/te-krishteret-nisin-kreshmen-e-krishtlindjes\/\"},\"author\":{\"name\":\"Kisha Orthodhokse\",\"@id\":\"https:\/\/orthodoxalbania.org\/2020\/#\/schema\/person\/0c387634a7063ac612d7ed9ce71c7e86\"},\"headline\":\"T\u00eb krishter\u00ebt nisin Kreshm\u00ebn e Krishtlindjes! (15 N\u00ebntor 2010)\",\"datePublished\":\"2013-03-20T13:08:39+00:00\",\"dateModified\":\"2020-04-06T20:32:17+00:00\",\"mainEntityOfPage\":{\"@id\":\"https:\/\/orthodoxalbania.org\/2020\/2013\/03\/20\/te-krishteret-nisin-kreshmen-e-krishtlindjes\/\"},\"wordCount\":592,\"commentCount\":0,\"publisher\":{\"@id\":\"https:\/\/orthodoxalbania.org\/2020\/#organization\"},\"keywords\":[\"2010\",\"Krishtlindje\",\"Kryepiskopata Tiran\u00eb\",\"lajme\"],\"articleSection\":[\"Lajme\"],\"inLanguage\":\"en-US\"},{\"@type\":\"WebPage\",\"@id\":\"https:\/\/orthodoxalbania.org\/2020\/2013\/03\/20\/te-krishteret-nisin-kreshmen-e-krishtlindjes\/\",\"url\":\"https:\/\/orthodoxalbania.org\/2020\/2013\/03\/20\/te-krishteret-nisin-kreshmen-e-krishtlindjes\/\",\"name\":\"T\u00eb krishter\u00ebt nisin Kreshm\u00ebn e Krishtlindjes! (15 N\u00ebntor 2010) - Kisha Orthodh\u03bfkse Autoqefale e Shqip\u00ebris\u00eb\",\"isPartOf\":{\"@id\":\"https:\/\/orthodoxalbania.org\/2020\/#website\"},\"datePublished\":\"2013-03-20T13:08:39+00:00\",\"dateModified\":\"2020-04-06T20:32:17+00:00\",\"breadcrumb\":{\"@id\":\"https:\/\/orthodoxalbania.org\/2020\/2013\/03\/20\/te-krishteret-nisin-kreshmen-e-krishtlindjes\/#breadcrumb\"},\"inLanguage\":\"en-US\",\"potentialAction\":[{\"@type\":\"ReadAction\",\"target\":[\"https:\/\/orthodoxalbania.org\/2020\/2013\/03\/20\/te-krishteret-nisin-kreshmen-e-krishtlindjes\/\"]}]},{\"@type\":\"BreadcrumbList\",\"@id\":\"https:\/\/orthodoxalbania.org\/2020\/2013\/03\/20\/te-krishteret-nisin-kreshmen-e-krishtlindjes\/#breadcrumb\",\"itemListElement\":[{\"@type\":\"ListItem\",\"position\":1,\"name\":\"Home\",\"item\":\"https:\/\/orthodoxalbania.org\/2020\/\"},{\"@type\":\"ListItem\",\"position\":2,\"name\":\"T\u00eb krishter\u00ebt nisin Kreshm\u00ebn e Krishtlindjes! (15 N\u00ebntor 2010)\"}]},{\"@type\":\"WebSite\",\"@id\":\"https:\/\/orthodoxalbania.org\/2020\/#website\",\"url\":\"https:\/\/orthodoxalbania.org\/2020\/\",\"name\":\"Kisha Orthodh\u03bfkse Autoqefale e Shqip\u00ebris\u00eb\",\"description\":\"Fqja Zyrtare e Kish\u00ebs Orthodhokse Autoqefale e Shqip\u00ebris\u00eb me lajmet edhe informacionet zyrtare p\u00ebr struktur\u00ebn edhe veprimtarin e saj.\",\"publisher\":{\"@id\":\"https:\/\/orthodoxalbania.org\/2020\/#organization\"},\"potentialAction\":[{\"@type\":\"SearchAction\",\"target\":{\"@type\":\"EntryPoint\",\"urlTemplate\":\"https:\/\/orthodoxalbania.org\/2020\/?s={search_term_string}\"},\"query-input\":{\"@type\":\"PropertyValueSpecification\",\"valueRequired\":true,\"valueName\":\"search_term_string\"}}],\"inLanguage\":\"en-US\"},{\"@type\":\"Organization\",\"@id\":\"https:\/\/orthodoxalbania.org\/2020\/#organization\",\"name\":\"Kisha Orthodhokse Autoqefale e Shqip\u00ebris\u00eb\",\"url\":\"https:\/\/orthodoxalbania.org\/2020\/\",\"logo\":{\"@type\":\"ImageObject\",\"inLanguage\":\"en-US\",\"@id\":\"https:\/\/orthodoxalbania.org\/2020\/#\/schema\/logo\/image\/\",\"url\":\"https:\/\/orthodoxalbania.org\/2020\/wp-content\/uploads\/2020\/05\/albania.jpeg\",\"contentUrl\":\"https:\/\/orthodoxalbania.org\/2020\/wp-content\/uploads\/2020\/05\/albania.jpeg\",\"width\":540,\"height\":540,\"caption\":\"Kisha Orthodhokse Autoqefale e Shqip\u00ebris\u00eb\"},\"image\":{\"@id\":\"https:\/\/orthodoxalbania.org\/2020\/#\/schema\/logo\/image\/\"},\"sameAs\":[\"https:\/\/www.facebook.com\/koash1991\"]},{\"@type\":\"Person\",\"@id\":\"https:\/\/orthodoxalbania.org\/2020\/#\/schema\/person\/0c387634a7063ac612d7ed9ce71c7e86\",\"name\":\"Kisha Orthodhokse\",\"image\":{\"@type\":\"ImageObject\",\"inLanguage\":\"en-US\",\"@id\":\"https:\/\/secure.gravatar.com\/avatar\/596e7c417251e30f2fbb9c00e026fce61a695a00e51c889caded71c96cbbdde5?s=96&d=mm&r=g\",\"url\":\"https:\/\/secure.gravatar.com\/avatar\/596e7c417251e30f2fbb9c00e026fce61a695a00e51c889caded71c96cbbdde5?s=96&d=mm&r=g\",\"contentUrl\":\"https:\/\/secure.gravatar.com\/avatar\/596e7c417251e30f2fbb9c00e026fce61a695a00e51c889caded71c96cbbdde5?s=96&d=mm&r=g\",\"caption\":\"Kisha Orthodhokse\"}}]}<\/script>\n<!-- \/ Yoast SEO plugin. -->","yoast_head_json":{"title":"T\u00eb krishter\u00ebt nisin Kreshm\u00ebn e Krishtlindjes! (15 N\u00ebntor 2010) - Kisha Orthodh\u03bfkse Autoqefale e Shqip\u00ebris\u00eb","robots":{"index":"index","follow":"follow","max-snippet":"max-snippet:-1","max-image-preview":"max-image-preview:large","max-video-preview":"max-video-preview:-1"},"canonical":"https:\/\/orthodoxalbania.org\/2020\/2013\/03\/20\/te-krishteret-nisin-kreshmen-e-krishtlindjes\/","og_locale":"en_US","og_type":"article","og_title":"T\u00eb krishter\u00ebt nisin Kreshm\u00ebn e Krishtlindjes! (15 N\u00ebntor 2010) - Kisha Orthodh\u03bfkse Autoqefale e Shqip\u00ebris\u00eb","og_description":"&nbsp;&nbsp;&nbsp; P\u00ebr t\u00eb gjith\u00eb besimtar\u00ebt e krishter\u00eb orthodhoks\u00eb data 15 n\u00ebntor daton me fillimin e periudh\u00ebs s\u00eb p\u00ebrgatitjes p\u00ebr fest\u00ebn e madhe dhe shum\u00eb t\u00eb r\u00ebnd\u00ebsishme t\u00eb Krishtlindjes, pra me fillimin e Kreshm\u00ebs. Kjo \u00ebsht\u00eb nj\u00eb prej periudhave kreshmore q\u00eb Kisha ka vendosur si koh\u00eb p\u00ebrgatitore p\u00ebr t\u00eb pritur denj\u00ebsisht festat e m\u00ebdha. Kreshma e Krishtlindjes \u00ebsht\u00eb kreshm\u00eb e g\u00ebzueshme, sepse edhe vet\u00eb ngjarja, Lindja","og_url":"https:\/\/orthodoxalbania.org\/2020\/2013\/03\/20\/te-krishteret-nisin-kreshmen-e-krishtlindjes\/","og_site_name":"Kisha Orthodh\u03bfkse Autoqefale e Shqip\u00ebris\u00eb","article_publisher":"https:\/\/www.facebook.com\/koash1991","article_published_time":"2013-03-20T13:08:39+00:00","article_modified_time":"2020-04-06T20:32:17+00:00","og_image":[{"width":200,"height":172,"url":"https:\/\/orthodoxalbania.org\/2020\/wp-content\/uploads\/2021\/02\/LogoLastALb-200.png","type":"image\/png"}],"author":"Kisha Orthodhokse","twitter_card":"summary_large_image","twitter_misc":{"Written by":"Kisha Orthodhokse","Est. reading time":"3 minutes"},"schema":{"@context":"https:\/\/schema.org","@graph":[{"@type":"Article","@id":"https:\/\/orthodoxalbania.org\/2020\/2013\/03\/20\/te-krishteret-nisin-kreshmen-e-krishtlindjes\/#article","isPartOf":{"@id":"https:\/\/orthodoxalbania.org\/2020\/2013\/03\/20\/te-krishteret-nisin-kreshmen-e-krishtlindjes\/"},"author":{"name":"Kisha Orthodhokse","@id":"https:\/\/orthodoxalbania.org\/2020\/#\/schema\/person\/0c387634a7063ac612d7ed9ce71c7e86"},"headline":"T\u00eb krishter\u00ebt nisin Kreshm\u00ebn e Krishtlindjes! (15 N\u00ebntor 2010)","datePublished":"2013-03-20T13:08:39+00:00","dateModified":"2020-04-06T20:32:17+00:00","mainEntityOfPage":{"@id":"https:\/\/orthodoxalbania.org\/2020\/2013\/03\/20\/te-krishteret-nisin-kreshmen-e-krishtlindjes\/"},"wordCount":592,"commentCount":0,"publisher":{"@id":"https:\/\/orthodoxalbania.org\/2020\/#organization"},"keywords":["2010","Krishtlindje","Kryepiskopata Tiran\u00eb","lajme"],"articleSection":["Lajme"],"inLanguage":"en-US"},{"@type":"WebPage","@id":"https:\/\/orthodoxalbania.org\/2020\/2013\/03\/20\/te-krishteret-nisin-kreshmen-e-krishtlindjes\/","url":"https:\/\/orthodoxalbania.org\/2020\/2013\/03\/20\/te-krishteret-nisin-kreshmen-e-krishtlindjes\/","name":"T\u00eb krishter\u00ebt nisin Kreshm\u00ebn e Krishtlindjes! (15 N\u00ebntor 2010) - Kisha Orthodh\u03bfkse Autoqefale e Shqip\u00ebris\u00eb","isPartOf":{"@id":"https:\/\/orthodoxalbania.org\/2020\/#website"},"datePublished":"2013-03-20T13:08:39+00:00","dateModified":"2020-04-06T20:32:17+00:00","breadcrumb":{"@id":"https:\/\/orthodoxalbania.org\/2020\/2013\/03\/20\/te-krishteret-nisin-kreshmen-e-krishtlindjes\/#breadcrumb"},"inLanguage":"en-US","potentialAction":[{"@type":"ReadAction","target":["https:\/\/orthodoxalbania.org\/2020\/2013\/03\/20\/te-krishteret-nisin-kreshmen-e-krishtlindjes\/"]}]},{"@type":"BreadcrumbList","@id":"https:\/\/orthodoxalbania.org\/2020\/2013\/03\/20\/te-krishteret-nisin-kreshmen-e-krishtlindjes\/#breadcrumb","itemListElement":[{"@type":"ListItem","position":1,"name":"Home","item":"https:\/\/orthodoxalbania.org\/2020\/"},{"@type":"ListItem","position":2,"name":"T\u00eb krishter\u00ebt nisin Kreshm\u00ebn e Krishtlindjes! (15 N\u00ebntor 2010)"}]},{"@type":"WebSite","@id":"https:\/\/orthodoxalbania.org\/2020\/#website","url":"https:\/\/orthodoxalbania.org\/2020\/","name":"Kisha Orthodh\u03bfkse Autoqefale e Shqip\u00ebris\u00eb","description":"Fqja Zyrtare e Kish\u00ebs Orthodhokse Autoqefale e Shqip\u00ebris\u00eb me lajmet edhe informacionet zyrtare p\u00ebr struktur\u00ebn edhe veprimtarin e saj.","publisher":{"@id":"https:\/\/orthodoxalbania.org\/2020\/#organization"},"potentialAction":[{"@type":"SearchAction","target":{"@type":"EntryPoint","urlTemplate":"https:\/\/orthodoxalbania.org\/2020\/?s={search_term_string}"},"query-input":{"@type":"PropertyValueSpecification","valueRequired":true,"valueName":"search_term_string"}}],"inLanguage":"en-US"},{"@type":"Organization","@id":"https:\/\/orthodoxalbania.org\/2020\/#organization","name":"Kisha Orthodhokse Autoqefale e Shqip\u00ebris\u00eb","url":"https:\/\/orthodoxalbania.org\/2020\/","logo":{"@type":"ImageObject","inLanguage":"en-US","@id":"https:\/\/orthodoxalbania.org\/2020\/#\/schema\/logo\/image\/","url":"https:\/\/orthodoxalbania.org\/2020\/wp-content\/uploads\/2020\/05\/albania.jpeg","contentUrl":"https:\/\/orthodoxalbania.org\/2020\/wp-content\/uploads\/2020\/05\/albania.jpeg","width":540,"height":540,"caption":"Kisha Orthodhokse Autoqefale e Shqip\u00ebris\u00eb"},"image":{"@id":"https:\/\/orthodoxalbania.org\/2020\/#\/schema\/logo\/image\/"},"sameAs":["https:\/\/www.facebook.com\/koash1991"]},{"@type":"Person","@id":"https:\/\/orthodoxalbania.org\/2020\/#\/schema\/person\/0c387634a7063ac612d7ed9ce71c7e86","name":"Kisha Orthodhokse","image":{"@type":"ImageObject","inLanguage":"en-US","@id":"https:\/\/secure.gravatar.com\/avatar\/596e7c417251e30f2fbb9c00e026fce61a695a00e51c889caded71c96cbbdde5?s=96&d=mm&r=g","url":"https:\/\/secure.gravatar.com\/avatar\/596e7c417251e30f2fbb9c00e026fce61a695a00e51c889caded71c96cbbdde5?s=96&d=mm&r=g","contentUrl":"https:\/\/secure.gravatar.com\/avatar\/596e7c417251e30f2fbb9c00e026fce61a695a00e51c889caded71c96cbbdde5?s=96&d=mm&r=g","caption":"Kisha Orthodhokse"}}]}},"_links":{"self":[{"href":"https:\/\/orthodoxalbania.org\/2020\/wp-json\/wp\/v2\/posts\/1260","targetHints":{"allow":["GET"]}}],"collection":[{"href":"https:\/\/orthodoxalbania.org\/2020\/wp-json\/wp\/v2\/posts"}],"about":[{"href":"https:\/\/orthodoxalbania.org\/2020\/wp-json\/wp\/v2\/types\/post"}],"author":[{"embeddable":true,"href":"https:\/\/orthodoxalbania.org\/2020\/wp-json\/wp\/v2\/users\/1"}],"replies":[{"embeddable":true,"href":"https:\/\/orthodoxalbania.org\/2020\/wp-json\/wp\/v2\/comments?post=1260"}],"version-history":[{"count":1,"href":"https:\/\/orthodoxalbania.org\/2020\/wp-json\/wp\/v2\/posts\/1260\/revisions"}],"predecessor-version":[{"id":15454,"href":"https:\/\/orthodoxalbania.org\/2020\/wp-json\/wp\/v2\/posts\/1260\/revisions\/15454"}],"wp:attachment":[{"href":"https:\/\/orthodoxalbania.org\/2020\/wp-json\/wp\/v2\/media?parent=1260"}],"wp:term":[{"taxonomy":"category","embeddable":true,"href":"https:\/\/orthodoxalbania.org\/2020\/wp-json\/wp\/v2\/categories?post=1260"},{"taxonomy":"post_tag","embeddable":true,"href":"https:\/\/orthodoxalbania.org\/2020\/wp-json\/wp\/v2\/tags?post=1260"}],"curies":[{"name":"wp","href":"https:\/\/api.w.org\/{rel}","templated":true}]}}