{"id":1257,"date":"2007-02-26T00:00:00","date_gmt":"2007-02-26T00:00:00","guid":{"rendered":""},"modified":"2020-04-06T22:35:53","modified_gmt":"2020-04-06T20:35:53","slug":"te-gezuar-me-shpresen-e-zotit-nentor-2007","status":"publish","type":"post","link":"https:\/\/orthodoxalbania.org\/2020\/2007\/02\/26\/te-gezuar-me-shpresen-e-zotit-nentor-2007\/","title":{"rendered":"T\u00eb g\u00ebzuar me shpres\u00ebn e Zotit. (N\u00ebntor 2007)"},"content":{"rendered":"<p style=\"text-align: justify;\"><span style=\"color: #000000;\"><span style=\"font-family: tahoma,geneva,sans-serif;\"><span style=\"font-size: 12px;\">&nbsp;&nbsp;&nbsp; Qyteti 2400-vje\u00e7ar i nj\u00ebmij\u00eb e nj\u00eb dritareve, Berati, mir\u00ebpriti nga datat2 \u2013 4 n\u00ebntor, t\u00eb rinjt\u00eb orthodhoks\u00eb t\u00eb k\u00ebsaj Mitropolie, n\u00eb takimin me tem\u00eb: <strong><em>\u201cT\u00eb g\u00ebzuar me shpres\u00ebn e Zotit\u201d<\/em><\/strong>. Me bekimin e Kryepiskopit Anastas dhe me organizimin e Zyr\u00ebs Komb\u00ebtare Rinore, u zhvillua nj\u00eb veprimtari q\u00eb do t\u00eb mbahet mend gjat\u00eb, nga rreth 80 t\u00eb rinjt\u00eb pjes\u00ebmarr\u00ebs, t\u00eb cil\u00ebt kaluan dit\u00eb t\u00eb paharruara pran\u00eb Kish\u00ebs dhe shoq\u00ebris\u00eb s\u00eb krishter\u00eb.<\/span><\/span><\/span><\/p>\n<table id=\"AutoNumber2\" style=\"width: 860px; height: 1332px; margin-right: auto; margin-left: auto;\">\n<tbody>\n<tr>\n<td>\n<p><span style=\"color: #000000;\"><span style=\"font-family: tahoma,geneva,sans-serif;\"><span style=\"font-size: 12px;\"><img decoding=\"async\" class=\"lazyload HAa Eha\" style=\"border-width: 1px; border-style: solid; margin: 10px auto; display: block;\" alt=\"\" src=\"data:image\/gif;base64,R0lGODlhAQABAAAAACH5BAEKAAEALAAAAAABAAEAAAICTAEAOw==\" data-orig-src=\"https:\/\/lh5.googleusercontent.com\/-guG8l6uzgno\/VIrRiznXT7I\/AAAAAAAAHB0\/x3O8m1jz_6I\/w400-h300-no\/1.jpg\" \/><\/span><\/span><\/span><\/p>\n<\/td>\n<td>\n<p style=\"text-align: justify;\"><span style=\"color: #000000;\"><span style=\"font-family: tahoma,geneva,sans-serif;\"><span style=\"font-size: 12px;\">&nbsp;&nbsp;&nbsp; N\u00eb dat\u00ebn 2, n\u00eb or\u00ebn 17.00 pasdite, t\u00eb gjith\u00eb pjes\u00ebtar\u00ebt e k\u00ebtij takimi u mblodh\u00ebn n\u00eb hotelin ku do t\u00eb q\u00ebndronin, n\u00eb qend\u00ebr t\u00eb qytetit, dhe m\u00eb pas u njoh\u00ebn me programin. N\u00eb or\u00ebn 18.00 u zhvillua sh\u00ebrbesa e mbr\u00ebm\u00ebsores, n\u00eb kish\u00ebn e sh\u00ebn Spiridhonit, n\u00eb lagjen Gorric\u00eb.<\/span><\/span><\/span><\/p>\n<\/td>\n<\/tr>\n<tr>\n<td>\n<p style=\"text-align: justify;\"><span style=\"color: #000000;\"><span style=\"font-family: tahoma,geneva,sans-serif;\"><span style=\"font-size: 12px;\">&nbsp;&nbsp;&nbsp; N\u00eb fillim u shpjegua p\u00ebr t\u00eb rinjt\u00eb kuptimi i k\u00ebsaj sh\u00ebrbese dhe t\u00eb gjith\u00eb pjes\u00ebmarr\u00ebsit k\u00ebrkuan bekimet e Per\u00ebndis\u00eb q\u00eb ky takim t\u00eb kalonte me harmoni. N\u00eb mbr\u00ebmje, pasi u prezantua programi i \u00e7do grupi, t\u00eb gjith\u00eb s\u00eb bashku mor\u00ebn pjes\u00eb n\u00eb loj\u00ebrat arg\u00ebtuese.<\/span><\/span><\/span><\/p>\n<\/td>\n<td>\n<p style=\"text-align: center;\">&nbsp;<\/p>\n<p><span style=\"color: #000000;\"><img decoding=\"async\" class=\"lazyload HAa Eha\" style=\"border-width: 1px; border-style: solid; margin: 10px auto; display: block;\" alt=\"\" src=\"data:image\/gif;base64,R0lGODlhAQABAAAAACH5BAEKAAEALAAAAAABAAEAAAICTAEAOw==\" data-orig-src=\"https:\/\/lh3.googleusercontent.com\/-giHP6RemF90\/VIrRiz65-wI\/AAAAAAAAHBs\/WqyXHYHqTyc\/w400-h300-no\/2.jpg\" \/><\/span><\/p>\n<\/td>\n<\/tr>\n<tr>\n<td>\n<p><span style=\"color: #000000;\"><span style=\"font-family: tahoma,geneva,sans-serif;\"><span style=\"font-size: 12px;\"><img decoding=\"async\" class=\"lazyload HAa Eha\" style=\"border-width: 1px; border-style: solid; margin: 10px auto; display: block;\" alt=\"\" src=\"data:image\/gif;base64,R0lGODlhAQABAAAAACH5BAEKAAEALAAAAAABAAEAAAICTAEAOw==\" data-orig-src=\"https:\/\/lh3.googleusercontent.com\/-JdsjiStjr5I\/VIrRjKpOx3I\/AAAAAAAAHB8\/UFe2DD6jTdE\/w400-h300-no\/3.jpg\" \/><\/span><\/span><\/span><\/p>\n<\/td>\n<td>\n<p style=\"text-align: justify;\"><span style=\"color: #000000;\"><span style=\"font-family: tahoma,geneva,sans-serif;\"><span style=\"font-size: 12px;\">&nbsp;&nbsp;&nbsp; N\u00eb k\u00ebt\u00eb takim merrnin pjes\u00eb disa nga student\u00ebt e Akademis\u00eb Teologjike \u201cNgjallja e Krishtit\u201d, sh\u00ebn Vlash, Durr\u00ebs, t\u00eb cil\u00ebt ishin dhe drejtuesit e grupeve.<\/span><\/span><\/span><\/p>\n<p style=\"text-align: justify;\">&nbsp;<\/p>\n<\/td>\n<\/tr>\n<tr>\n<td>\n<p style=\"text-align: justify;\"><span style=\"color: #000000;\"><span style=\"font-family: tahoma,geneva,sans-serif;\"><span style=\"font-size: 12px;\">&nbsp;&nbsp;&nbsp; Dita p\u00ebr t\u00eb krishter\u00ebt fillon me lutje drejtuar Per\u00ebndis\u00eb, prandaj t\u00eb shtun\u00ebn n\u00eb m\u00ebngjes t\u00eb gjith\u00eb t\u00eb rinjt\u00eb shkuan p\u00ebrs\u00ebri n\u00eb kish\u00ebn e sh\u00ebn Spiridhonit, p\u00ebr t\u2019i k\u00ebrkuar Per\u00ebndis\u00eb bekimin p\u00ebr dit\u00ebn q\u00eb do t\u00eb vijonte.<\/span><\/span><\/span><\/p>\n<\/td>\n<td>\n<p><span style=\"color: #000000;\"><span style=\"font-family: tahoma,geneva,sans-serif;\"><span style=\"font-size: 12px;\"><img decoding=\"async\" class=\"lazyload HAa Eha\" style=\"border-width: 1px; border-style: solid; margin: 10px auto; display: block;\" alt=\"\" src=\"data:image\/gif;base64,R0lGODlhAQABAAAAACH5BAEKAAEALAAAAAABAAEAAAICTAEAOw==\" data-orig-src=\"https:\/\/lh4.googleusercontent.com\/-FUSS1kUDQWA\/VIrRjMgRLuI\/AAAAAAAAHBw\/HIgAFAImvuw\/w400-h300-no\/4.jpg\" \/><\/span><\/span><\/span><\/p>\n<\/td>\n<\/tr>\n<\/tbody>\n<\/table>\n<p style=\"text-align: justify;\"><span style=\"color: #000000;\"><span style=\"font-family: tahoma,geneva,sans-serif;\"><span style=\"font-size: 12px;\">&nbsp;&nbsp;&nbsp; Referati i par\u00eb u mbajt nga Mitropoliti i Beratit, Hir\u00ebsia e Tij Ignati: <em>\u201cEkzistenca jon\u00eb ngjan me nj\u00eb anije q\u00eb \u00e7an detin e jet\u00ebs dhe ka si paracaktim qiellin. Por shpesh her\u00eb ky det tronditet nga dallg\u00ebt e ngasjeve dhe sulmohet nga er\u00ebrat e fuqishme t\u00eb provave t\u00eb ndryshme. Dhe n\u00eb k\u00ebt\u00eb rast skafi i ekzistenc\u00ebs son\u00eb l\u00ebkundet dhe rrezikon t\u00eb p\u00ebrplaset n\u00eb shk\u00ebmbinjt\u00eb n\u00ebnujor\u00eb t\u00eb d\u00ebshp\u00ebrimit dhe t\u00eb pabesis\u00eb. K\u00ebshtu q\u00eb na duhet spiranca, dometh\u00ebn\u00eb shpresa, por me nj\u00eb ndryshim, se kjo nuk mb\u00ebshtetet n\u00eb r\u00ebr\u00ebn e fundit t\u00eb detit t\u00eb paq\u00ebndruesh\u00ebm, por n\u00eb shk\u00ebmbin e pal\u00ebkundur t\u00eb Per\u00ebndis\u00eb s\u00eb t\u00ebr\u00ebfuqish\u00ebm. Nuk l\u00ebshohet posht\u00eb, por dep\u00ebrton n\u00eb qiellin, q\u00eb mbahet nga vet\u00eb Zoti i gjith\u00ebpushtetsh\u00ebm\u201d<\/em> \u2013 theksoi Hir\u00ebsi Ignati.- <em>I lumur, me t\u00eb v\u00ebrtet\u00eb, \u00ebsht\u00eb ai, i cili ka shpres\u00eb t\u00eb till\u00eb n\u00eb Per\u00ebndin\u00eb. Sepse <strong>\u201cshpresa nuk t\u00eb g\u00ebnjen\u201d<\/strong> (Rom: 5, 5). P\u00ebrkundrazi, i mjer\u00eb dhe i vajtuesh\u00ebm \u00ebsht\u00eb ai q\u00eb nuk ka shpres\u00eb, sepse ky ka humbur lidhjen e tij me Per\u00ebndin\u00eb e dashuris\u00eb dhe n\u00eb \u00e7astet e hidh\u00ebrimeve dhe t\u00eb provave shum\u00eb leht\u00eb zhytet dhe p\u00ebrmbytet n\u00eb d\u00ebshp\u00ebrim\u201d<\/em>.<\/span><\/span><\/span><\/p>\n<p style=\"text-align: justify;\"><span style=\"color: #000000;\"><span style=\"font-family: tahoma,geneva,sans-serif;\"><span style=\"font-size: 12px;\">&nbsp;&nbsp;&nbsp; M\u00eb pas, murgu Serafim, foli mbi tem\u00ebn e vet\u00ebvrasjes dhe pasojave t\u00eb saj.<\/span><\/span><\/span><\/p>\n<p style=\"text-align: justify;\"><span style=\"color: #000000;\"><span style=\"font-family: tahoma,geneva,sans-serif;\"><span style=\"font-size: 12px;\">&nbsp;&nbsp;&nbsp; Programi vijoi pasdite n\u00eb kalan\u00eb e lasht\u00eb t\u00eb qytetit, t\u00eb njohur p\u00ebr kishat e saj orthodhokse, ku ata t\u00eb cil\u00ebt nuk e kishin vizituar m\u00eb par\u00eb u njoh\u00ebn me vlerat historike t\u00eb saj. Pasdite mor\u00ebn pjes\u00eb s\u00ebrish n\u00eb sh\u00ebrbes\u00ebn e mbr\u00ebm\u00ebsores, q\u00eb u krye nga Imzot Ignati n\u00eb kish\u00ebn e Profetit Ilia.<\/span><\/span><\/span><\/p>\n<p style=\"text-align: justify;\"><span style=\"color: #000000;\"><span style=\"font-family: tahoma,geneva,sans-serif;\"><span style=\"font-size: 12px;\">&nbsp;&nbsp;&nbsp; Pas mbr\u00ebm\u00ebsores, takimi vazhdoi me referatin e z. Miron \u00c7ako, me tem\u00eb: \u201cMos kini frik\u00eb, un\u00eb e munda bot\u00ebn\u201d. Ai foli rreth frik\u00ebs nga Per\u00ebndia, vetvetja, njer\u00ebzit, natyra dhe vdekja, duke theksuar se duke zbatuar porosit\u00eb e Per\u00ebndis\u00eb nj\u00eb i krishter\u00eb nuk duhet t\u00eb ket\u00eb frik\u00eb nga asgj\u00eb, sepse p\u00ebr t\u00eb kujdeset Zoti.<\/span><\/span><\/span><\/p>\n<p style=\"text-align: justify;\"><span style=\"color: #000000;\"><span style=\"font-family: tahoma,geneva,sans-serif;\"><span style=\"font-size: 12px;\">&nbsp;&nbsp;&nbsp; N\u00eb mbr\u00ebmje, student\u00ebt e Akademis\u00eb prezantuan veprimtarin\u00eb dhe jet\u00ebn e shkoll\u00ebs me an\u00ebn e pamjeve nga m\u00ebsimi dhe veprimtarit\u00eb e ndryshme. Duke qen\u00eb se pjesa m\u00eb e madhe e t\u00eb rinjve pjes\u00ebmarr\u00ebs ishin maturant\u00eb, ky ishte nj\u00eb rast i mir\u00eb p\u00ebr ta, q\u00eb t\u00eb informoheshin dhe t\u00eb njiheshin me Akademin\u00eb Teologjike Orthodhokse, n\u00eb m\u00ebnyr\u00eb q\u00eb n\u00eb t\u00eb ardhmen disa prej tyre ta zgjedhin p\u00ebr t\u00eb vazhduar studimet e m\u00ebtejshme.<\/span><\/span><\/span><\/p>\n<p style=\"text-align: justify;\"><span style=\"color: #000000;\"><span style=\"font-family: tahoma,geneva,sans-serif;\"><span style=\"font-size: 12px;\">&nbsp;&nbsp;&nbsp; Programi i mbr\u00ebmjes ishte i mbushur edhe me aktivitete kulturore, ku t\u00eb rinjt\u00eb shfaq\u00ebn talentet e tyre n\u00eb fushat e dijes, dhe m\u00eb pas n\u00eb nj\u00eb atmosfer\u00eb t\u00eb qet\u00eb medituese u p\u00ebrgatit\u00ebn p\u00ebr Liturgjin\u00eb Hyjnore.<\/span><\/span><\/span><\/p>\n<p style=\"text-align: justify;\"><span style=\"color: #000000;\"><span style=\"font-family: tahoma,geneva,sans-serif;\"><span style=\"font-size: 12px;\">&nbsp;&nbsp;&nbsp; Dit\u00ebn e diel, Liturgjia Hyjnore u krye n\u00eb kish\u00ebn e sh\u00ebn Spiridhonit dhe u drejtua nga Hir\u00ebsia e Tij Ignati. Momenti kulmor i saj ishte kur pjesa m\u00eb e madhe e t\u00eb rinjve u kunguan me Trupin dhe Gjakun e Krishtit.<\/span><\/span><\/span><\/p>\n<p style=\"text-align: justify;\"><span style=\"color: #000000;\"><span style=\"font-family: tahoma,geneva,sans-serif;\"><span style=\"font-size: 12px;\">&nbsp;&nbsp;&nbsp;&nbsp; T\u00eb rinjt\u00eb u larguan nga ky takim, duke marr\u00eb bekimet e Imzot Ignatit, i cili me dashurin\u00eb e tij at\u00ebrore i ftoi t\u00eb merrnin pjes\u00eb s\u00ebrish n\u00eb veprimtarit\u00eb e ardhshme t\u00eb g\u00ebzuar me shpres\u00ebn e Zotit.<\/span><\/span><\/span><br \/> &nbsp;<\/p>\n<p style=\"text-align: justify;\"><span style=\"color: #000000;\"><span style=\"font-family: tahoma,geneva,sans-serif;\"><span style=\"font-size: 12px;\"><strong>Harallamb Me\u00e7i<\/strong><\/span><\/span><\/span><\/p>\n","protected":false},"excerpt":{"rendered":"<p>&nbsp;&nbsp;&nbsp; Qyteti 2400-vje\u00e7ar i nj\u00ebmij\u00eb e nj\u00eb dritareve, Berati, mir\u00ebpriti nga datat2 \u2013 4 n\u00ebntor, t\u00eb rinjt\u00eb orthodhoks\u00eb t\u00eb k\u00ebsaj Mitropolie, n\u00eb takimin me tem\u00eb: \u201cT\u00eb g\u00ebzuar me shpres\u00ebn e Zotit\u201d. Me bekimin e Kryepiskopit Anastas dhe me organizimin e Zyr\u00ebs Komb\u00ebtare Rinore, u zhvillua nj\u00eb veprimtari q\u00eb do t\u00eb mbahet mend gjat\u00eb, nga rreth 80 t\u00eb rinjt\u00eb pjes\u00ebmarr\u00ebs, t\u00eb cil\u00ebt kaluan dit\u00eb t\u00eb paharruara<\/p>\n","protected":false},"author":1,"featured_media":0,"comment_status":"open","ping_status":"open","sticky":false,"template":"","format":"standard","meta":{"_acf_changed":false,"pagelayer_contact_templates":[],"_pagelayer_content":"","inline_featured_image":false,"fifu_image_url":"","fifu_image_alt":"","footnotes":""},"categories":[108],"tags":[147,196,212,176],"class_list":["post-1257","post","type-post","status-publish","format-standard","hentry","category-lajme","tag-147","tag-tirane","tag-lajme-d27","tag-rinia-orthodhokse"],"acf":[],"yoast_head":"<!-- This site is optimized with the Yoast SEO plugin v27.2 - https:\/\/yoast.com\/product\/yoast-seo-wordpress\/ -->\n<title>T\u00eb g\u00ebzuar me shpres\u00ebn e Zotit. (N\u00ebntor 2007) - Kisha Orthodh\u03bfkse Autoqefale e Shqip\u00ebris\u00eb<\/title>\n<meta name=\"robots\" content=\"index, follow, max-snippet:-1, max-image-preview:large, max-video-preview:-1\" \/>\n<link rel=\"canonical\" href=\"https:\/\/orthodoxalbania.org\/2020\/2007\/02\/26\/te-gezuar-me-shpresen-e-zotit-nentor-2007\/\" \/>\n<meta property=\"og:locale\" content=\"en_US\" \/>\n<meta property=\"og:type\" content=\"article\" \/>\n<meta property=\"og:title\" content=\"T\u00eb g\u00ebzuar me shpres\u00ebn e Zotit. (N\u00ebntor 2007) - Kisha Orthodh\u03bfkse Autoqefale e Shqip\u00ebris\u00eb\" \/>\n<meta property=\"og:description\" content=\"&nbsp;&nbsp;&nbsp; Qyteti 2400-vje\u00e7ar i nj\u00ebmij\u00eb e nj\u00eb dritareve, Berati, mir\u00ebpriti nga datat2 \u2013 4 n\u00ebntor, t\u00eb rinjt\u00eb orthodhoks\u00eb t\u00eb k\u00ebsaj Mitropolie, n\u00eb takimin me tem\u00eb: \u201cT\u00eb g\u00ebzuar me shpres\u00ebn e Zotit\u201d. Me bekimin e Kryepiskopit Anastas dhe me organizimin e Zyr\u00ebs Komb\u00ebtare Rinore, u zhvillua nj\u00eb veprimtari q\u00eb do t\u00eb mbahet mend gjat\u00eb, nga rreth 80 t\u00eb rinjt\u00eb pjes\u00ebmarr\u00ebs, t\u00eb cil\u00ebt kaluan dit\u00eb t\u00eb paharruara\" \/>\n<meta property=\"og:url\" content=\"https:\/\/orthodoxalbania.org\/2020\/2007\/02\/26\/te-gezuar-me-shpresen-e-zotit-nentor-2007\/\" \/>\n<meta property=\"og:site_name\" content=\"Kisha Orthodh\u03bfkse Autoqefale e Shqip\u00ebris\u00eb\" \/>\n<meta property=\"article:publisher\" content=\"https:\/\/www.facebook.com\/koash1991\" \/>\n<meta property=\"article:published_time\" content=\"2007-02-26T00:00:00+00:00\" \/>\n<meta property=\"article:modified_time\" content=\"2020-04-06T20:35:53+00:00\" \/>\n<meta property=\"og:image\" content=\"https:\/\/lh5.googleusercontent.com\/-guG8l6uzgno\/VIrRiznXT7I\/AAAAAAAAHB0\/x3O8m1jz_6I\/w400-h300-no\/1.jpg\" \/>\n<meta name=\"author\" content=\"Kisha Orthodhokse\" \/>\n<meta name=\"twitter:card\" content=\"summary_large_image\" \/>\n<meta name=\"twitter:label1\" content=\"Written by\" \/>\n\t<meta name=\"twitter:data1\" content=\"Kisha Orthodhokse\" \/>\n\t<meta name=\"twitter:label2\" content=\"Est. reading time\" \/>\n\t<meta name=\"twitter:data2\" content=\"4 minutes\" \/>\n<script type=\"application\/ld+json\" class=\"yoast-schema-graph\">{\"@context\":\"https:\/\/schema.org\",\"@graph\":[{\"@type\":\"Article\",\"@id\":\"https:\/\/orthodoxalbania.org\/2020\/2007\/02\/26\/te-gezuar-me-shpresen-e-zotit-nentor-2007\/#article\",\"isPartOf\":{\"@id\":\"https:\/\/orthodoxalbania.org\/2020\/2007\/02\/26\/te-gezuar-me-shpresen-e-zotit-nentor-2007\/\"},\"author\":{\"name\":\"Kisha Orthodhokse\",\"@id\":\"https:\/\/orthodoxalbania.org\/2020\/#\/schema\/person\/0c387634a7063ac612d7ed9ce71c7e86\"},\"headline\":\"T\u00eb g\u00ebzuar me shpres\u00ebn e Zotit. (N\u00ebntor 2007)\",\"datePublished\":\"2007-02-26T00:00:00+00:00\",\"dateModified\":\"2020-04-06T20:35:53+00:00\",\"mainEntityOfPage\":{\"@id\":\"https:\/\/orthodoxalbania.org\/2020\/2007\/02\/26\/te-gezuar-me-shpresen-e-zotit-nentor-2007\/\"},\"wordCount\":895,\"commentCount\":0,\"publisher\":{\"@id\":\"https:\/\/orthodoxalbania.org\/2020\/#organization\"},\"image\":{\"@id\":\"https:\/\/orthodoxalbania.org\/2020\/2007\/02\/26\/te-gezuar-me-shpresen-e-zotit-nentor-2007\/#primaryimage\"},\"thumbnailUrl\":\"https:\/\/lh5.googleusercontent.com\/-guG8l6uzgno\/VIrRiznXT7I\/AAAAAAAAHB0\/x3O8m1jz_6I\/w400-h300-no\/1.jpg\",\"keywords\":[\"2007\",\"Kryepiskopata Tiran\u00eb\",\"lajme\",\"Rinia Orthodhokse\"],\"articleSection\":[\"Lajme\"],\"inLanguage\":\"en-US\"},{\"@type\":\"WebPage\",\"@id\":\"https:\/\/orthodoxalbania.org\/2020\/2007\/02\/26\/te-gezuar-me-shpresen-e-zotit-nentor-2007\/\",\"url\":\"https:\/\/orthodoxalbania.org\/2020\/2007\/02\/26\/te-gezuar-me-shpresen-e-zotit-nentor-2007\/\",\"name\":\"T\u00eb g\u00ebzuar me shpres\u00ebn e Zotit. (N\u00ebntor 2007) - Kisha Orthodh\u03bfkse Autoqefale e Shqip\u00ebris\u00eb\",\"isPartOf\":{\"@id\":\"https:\/\/orthodoxalbania.org\/2020\/#website\"},\"primaryImageOfPage\":{\"@id\":\"https:\/\/orthodoxalbania.org\/2020\/2007\/02\/26\/te-gezuar-me-shpresen-e-zotit-nentor-2007\/#primaryimage\"},\"image\":{\"@id\":\"https:\/\/orthodoxalbania.org\/2020\/2007\/02\/26\/te-gezuar-me-shpresen-e-zotit-nentor-2007\/#primaryimage\"},\"thumbnailUrl\":\"https:\/\/lh5.googleusercontent.com\/-guG8l6uzgno\/VIrRiznXT7I\/AAAAAAAAHB0\/x3O8m1jz_6I\/w400-h300-no\/1.jpg\",\"datePublished\":\"2007-02-26T00:00:00+00:00\",\"dateModified\":\"2020-04-06T20:35:53+00:00\",\"breadcrumb\":{\"@id\":\"https:\/\/orthodoxalbania.org\/2020\/2007\/02\/26\/te-gezuar-me-shpresen-e-zotit-nentor-2007\/#breadcrumb\"},\"inLanguage\":\"en-US\",\"potentialAction\":[{\"@type\":\"ReadAction\",\"target\":[\"https:\/\/orthodoxalbania.org\/2020\/2007\/02\/26\/te-gezuar-me-shpresen-e-zotit-nentor-2007\/\"]}]},{\"@type\":\"ImageObject\",\"inLanguage\":\"en-US\",\"@id\":\"https:\/\/orthodoxalbania.org\/2020\/2007\/02\/26\/te-gezuar-me-shpresen-e-zotit-nentor-2007\/#primaryimage\",\"url\":\"https:\/\/lh5.googleusercontent.com\/-guG8l6uzgno\/VIrRiznXT7I\/AAAAAAAAHB0\/x3O8m1jz_6I\/w400-h300-no\/1.jpg\",\"contentUrl\":\"https:\/\/lh5.googleusercontent.com\/-guG8l6uzgno\/VIrRiznXT7I\/AAAAAAAAHB0\/x3O8m1jz_6I\/w400-h300-no\/1.jpg\"},{\"@type\":\"BreadcrumbList\",\"@id\":\"https:\/\/orthodoxalbania.org\/2020\/2007\/02\/26\/te-gezuar-me-shpresen-e-zotit-nentor-2007\/#breadcrumb\",\"itemListElement\":[{\"@type\":\"ListItem\",\"position\":1,\"name\":\"Home\",\"item\":\"https:\/\/orthodoxalbania.org\/2020\/\"},{\"@type\":\"ListItem\",\"position\":2,\"name\":\"T\u00eb g\u00ebzuar me shpres\u00ebn e Zotit. (N\u00ebntor 2007)\"}]},{\"@type\":\"WebSite\",\"@id\":\"https:\/\/orthodoxalbania.org\/2020\/#website\",\"url\":\"https:\/\/orthodoxalbania.org\/2020\/\",\"name\":\"Kisha Orthodh\u03bfkse Autoqefale e Shqip\u00ebris\u00eb\",\"description\":\"Fqja Zyrtare e Kish\u00ebs Orthodhokse Autoqefale e Shqip\u00ebris\u00eb me lajmet edhe informacionet zyrtare p\u00ebr struktur\u00ebn edhe veprimtarin e saj.\",\"publisher\":{\"@id\":\"https:\/\/orthodoxalbania.org\/2020\/#organization\"},\"potentialAction\":[{\"@type\":\"SearchAction\",\"target\":{\"@type\":\"EntryPoint\",\"urlTemplate\":\"https:\/\/orthodoxalbania.org\/2020\/?s={search_term_string}\"},\"query-input\":{\"@type\":\"PropertyValueSpecification\",\"valueRequired\":true,\"valueName\":\"search_term_string\"}}],\"inLanguage\":\"en-US\"},{\"@type\":\"Organization\",\"@id\":\"https:\/\/orthodoxalbania.org\/2020\/#organization\",\"name\":\"Kisha Orthodhokse Autoqefale e Shqip\u00ebris\u00eb\",\"url\":\"https:\/\/orthodoxalbania.org\/2020\/\",\"logo\":{\"@type\":\"ImageObject\",\"inLanguage\":\"en-US\",\"@id\":\"https:\/\/orthodoxalbania.org\/2020\/#\/schema\/logo\/image\/\",\"url\":\"https:\/\/orthodoxalbania.org\/2020\/wp-content\/uploads\/2020\/05\/albania.jpeg\",\"contentUrl\":\"https:\/\/orthodoxalbania.org\/2020\/wp-content\/uploads\/2020\/05\/albania.jpeg\",\"width\":540,\"height\":540,\"caption\":\"Kisha Orthodhokse Autoqefale e Shqip\u00ebris\u00eb\"},\"image\":{\"@id\":\"https:\/\/orthodoxalbania.org\/2020\/#\/schema\/logo\/image\/\"},\"sameAs\":[\"https:\/\/www.facebook.com\/koash1991\"]},{\"@type\":\"Person\",\"@id\":\"https:\/\/orthodoxalbania.org\/2020\/#\/schema\/person\/0c387634a7063ac612d7ed9ce71c7e86\",\"name\":\"Kisha Orthodhokse\",\"image\":{\"@type\":\"ImageObject\",\"inLanguage\":\"en-US\",\"@id\":\"https:\/\/secure.gravatar.com\/avatar\/596e7c417251e30f2fbb9c00e026fce61a695a00e51c889caded71c96cbbdde5?s=96&d=mm&r=g\",\"url\":\"https:\/\/secure.gravatar.com\/avatar\/596e7c417251e30f2fbb9c00e026fce61a695a00e51c889caded71c96cbbdde5?s=96&d=mm&r=g\",\"contentUrl\":\"https:\/\/secure.gravatar.com\/avatar\/596e7c417251e30f2fbb9c00e026fce61a695a00e51c889caded71c96cbbdde5?s=96&d=mm&r=g\",\"caption\":\"Kisha Orthodhokse\"}}]}<\/script>\n<!-- \/ Yoast SEO plugin. -->","yoast_head_json":{"title":"T\u00eb g\u00ebzuar me shpres\u00ebn e Zotit. (N\u00ebntor 2007) - Kisha Orthodh\u03bfkse Autoqefale e Shqip\u00ebris\u00eb","robots":{"index":"index","follow":"follow","max-snippet":"max-snippet:-1","max-image-preview":"max-image-preview:large","max-video-preview":"max-video-preview:-1"},"canonical":"https:\/\/orthodoxalbania.org\/2020\/2007\/02\/26\/te-gezuar-me-shpresen-e-zotit-nentor-2007\/","og_locale":"en_US","og_type":"article","og_title":"T\u00eb g\u00ebzuar me shpres\u00ebn e Zotit. (N\u00ebntor 2007) - Kisha Orthodh\u03bfkse Autoqefale e Shqip\u00ebris\u00eb","og_description":"&nbsp;&nbsp;&nbsp; Qyteti 2400-vje\u00e7ar i nj\u00ebmij\u00eb e nj\u00eb dritareve, Berati, mir\u00ebpriti nga datat2 \u2013 4 n\u00ebntor, t\u00eb rinjt\u00eb orthodhoks\u00eb t\u00eb k\u00ebsaj Mitropolie, n\u00eb takimin me tem\u00eb: \u201cT\u00eb g\u00ebzuar me shpres\u00ebn e Zotit\u201d. Me bekimin e Kryepiskopit Anastas dhe me organizimin e Zyr\u00ebs Komb\u00ebtare Rinore, u zhvillua nj\u00eb veprimtari q\u00eb do t\u00eb mbahet mend gjat\u00eb, nga rreth 80 t\u00eb rinjt\u00eb pjes\u00ebmarr\u00ebs, t\u00eb cil\u00ebt kaluan dit\u00eb t\u00eb paharruara","og_url":"https:\/\/orthodoxalbania.org\/2020\/2007\/02\/26\/te-gezuar-me-shpresen-e-zotit-nentor-2007\/","og_site_name":"Kisha Orthodh\u03bfkse Autoqefale e Shqip\u00ebris\u00eb","article_publisher":"https:\/\/www.facebook.com\/koash1991","article_published_time":"2007-02-26T00:00:00+00:00","article_modified_time":"2020-04-06T20:35:53+00:00","og_image":[{"url":"https:\/\/lh5.googleusercontent.com\/-guG8l6uzgno\/VIrRiznXT7I\/AAAAAAAAHB0\/x3O8m1jz_6I\/w400-h300-no\/1.jpg","type":"","width":"","height":""}],"author":"Kisha Orthodhokse","twitter_card":"summary_large_image","twitter_misc":{"Written by":"Kisha Orthodhokse","Est. reading time":"4 minutes"},"schema":{"@context":"https:\/\/schema.org","@graph":[{"@type":"Article","@id":"https:\/\/orthodoxalbania.org\/2020\/2007\/02\/26\/te-gezuar-me-shpresen-e-zotit-nentor-2007\/#article","isPartOf":{"@id":"https:\/\/orthodoxalbania.org\/2020\/2007\/02\/26\/te-gezuar-me-shpresen-e-zotit-nentor-2007\/"},"author":{"name":"Kisha Orthodhokse","@id":"https:\/\/orthodoxalbania.org\/2020\/#\/schema\/person\/0c387634a7063ac612d7ed9ce71c7e86"},"headline":"T\u00eb g\u00ebzuar me shpres\u00ebn e Zotit. (N\u00ebntor 2007)","datePublished":"2007-02-26T00:00:00+00:00","dateModified":"2020-04-06T20:35:53+00:00","mainEntityOfPage":{"@id":"https:\/\/orthodoxalbania.org\/2020\/2007\/02\/26\/te-gezuar-me-shpresen-e-zotit-nentor-2007\/"},"wordCount":895,"commentCount":0,"publisher":{"@id":"https:\/\/orthodoxalbania.org\/2020\/#organization"},"image":{"@id":"https:\/\/orthodoxalbania.org\/2020\/2007\/02\/26\/te-gezuar-me-shpresen-e-zotit-nentor-2007\/#primaryimage"},"thumbnailUrl":"https:\/\/lh5.googleusercontent.com\/-guG8l6uzgno\/VIrRiznXT7I\/AAAAAAAAHB0\/x3O8m1jz_6I\/w400-h300-no\/1.jpg","keywords":["2007","Kryepiskopata Tiran\u00eb","lajme","Rinia Orthodhokse"],"articleSection":["Lajme"],"inLanguage":"en-US"},{"@type":"WebPage","@id":"https:\/\/orthodoxalbania.org\/2020\/2007\/02\/26\/te-gezuar-me-shpresen-e-zotit-nentor-2007\/","url":"https:\/\/orthodoxalbania.org\/2020\/2007\/02\/26\/te-gezuar-me-shpresen-e-zotit-nentor-2007\/","name":"T\u00eb g\u00ebzuar me shpres\u00ebn e Zotit. (N\u00ebntor 2007) - Kisha Orthodh\u03bfkse Autoqefale e Shqip\u00ebris\u00eb","isPartOf":{"@id":"https:\/\/orthodoxalbania.org\/2020\/#website"},"primaryImageOfPage":{"@id":"https:\/\/orthodoxalbania.org\/2020\/2007\/02\/26\/te-gezuar-me-shpresen-e-zotit-nentor-2007\/#primaryimage"},"image":{"@id":"https:\/\/orthodoxalbania.org\/2020\/2007\/02\/26\/te-gezuar-me-shpresen-e-zotit-nentor-2007\/#primaryimage"},"thumbnailUrl":"https:\/\/lh5.googleusercontent.com\/-guG8l6uzgno\/VIrRiznXT7I\/AAAAAAAAHB0\/x3O8m1jz_6I\/w400-h300-no\/1.jpg","datePublished":"2007-02-26T00:00:00+00:00","dateModified":"2020-04-06T20:35:53+00:00","breadcrumb":{"@id":"https:\/\/orthodoxalbania.org\/2020\/2007\/02\/26\/te-gezuar-me-shpresen-e-zotit-nentor-2007\/#breadcrumb"},"inLanguage":"en-US","potentialAction":[{"@type":"ReadAction","target":["https:\/\/orthodoxalbania.org\/2020\/2007\/02\/26\/te-gezuar-me-shpresen-e-zotit-nentor-2007\/"]}]},{"@type":"ImageObject","inLanguage":"en-US","@id":"https:\/\/orthodoxalbania.org\/2020\/2007\/02\/26\/te-gezuar-me-shpresen-e-zotit-nentor-2007\/#primaryimage","url":"https:\/\/lh5.googleusercontent.com\/-guG8l6uzgno\/VIrRiznXT7I\/AAAAAAAAHB0\/x3O8m1jz_6I\/w400-h300-no\/1.jpg","contentUrl":"https:\/\/lh5.googleusercontent.com\/-guG8l6uzgno\/VIrRiznXT7I\/AAAAAAAAHB0\/x3O8m1jz_6I\/w400-h300-no\/1.jpg"},{"@type":"BreadcrumbList","@id":"https:\/\/orthodoxalbania.org\/2020\/2007\/02\/26\/te-gezuar-me-shpresen-e-zotit-nentor-2007\/#breadcrumb","itemListElement":[{"@type":"ListItem","position":1,"name":"Home","item":"https:\/\/orthodoxalbania.org\/2020\/"},{"@type":"ListItem","position":2,"name":"T\u00eb g\u00ebzuar me shpres\u00ebn e Zotit. (N\u00ebntor 2007)"}]},{"@type":"WebSite","@id":"https:\/\/orthodoxalbania.org\/2020\/#website","url":"https:\/\/orthodoxalbania.org\/2020\/","name":"Kisha Orthodh\u03bfkse Autoqefale e Shqip\u00ebris\u00eb","description":"Fqja Zyrtare e Kish\u00ebs Orthodhokse Autoqefale e Shqip\u00ebris\u00eb me lajmet edhe informacionet zyrtare p\u00ebr struktur\u00ebn edhe veprimtarin e saj.","publisher":{"@id":"https:\/\/orthodoxalbania.org\/2020\/#organization"},"potentialAction":[{"@type":"SearchAction","target":{"@type":"EntryPoint","urlTemplate":"https:\/\/orthodoxalbania.org\/2020\/?s={search_term_string}"},"query-input":{"@type":"PropertyValueSpecification","valueRequired":true,"valueName":"search_term_string"}}],"inLanguage":"en-US"},{"@type":"Organization","@id":"https:\/\/orthodoxalbania.org\/2020\/#organization","name":"Kisha Orthodhokse Autoqefale e Shqip\u00ebris\u00eb","url":"https:\/\/orthodoxalbania.org\/2020\/","logo":{"@type":"ImageObject","inLanguage":"en-US","@id":"https:\/\/orthodoxalbania.org\/2020\/#\/schema\/logo\/image\/","url":"https:\/\/orthodoxalbania.org\/2020\/wp-content\/uploads\/2020\/05\/albania.jpeg","contentUrl":"https:\/\/orthodoxalbania.org\/2020\/wp-content\/uploads\/2020\/05\/albania.jpeg","width":540,"height":540,"caption":"Kisha Orthodhokse Autoqefale e Shqip\u00ebris\u00eb"},"image":{"@id":"https:\/\/orthodoxalbania.org\/2020\/#\/schema\/logo\/image\/"},"sameAs":["https:\/\/www.facebook.com\/koash1991"]},{"@type":"Person","@id":"https:\/\/orthodoxalbania.org\/2020\/#\/schema\/person\/0c387634a7063ac612d7ed9ce71c7e86","name":"Kisha Orthodhokse","image":{"@type":"ImageObject","inLanguage":"en-US","@id":"https:\/\/secure.gravatar.com\/avatar\/596e7c417251e30f2fbb9c00e026fce61a695a00e51c889caded71c96cbbdde5?s=96&d=mm&r=g","url":"https:\/\/secure.gravatar.com\/avatar\/596e7c417251e30f2fbb9c00e026fce61a695a00e51c889caded71c96cbbdde5?s=96&d=mm&r=g","contentUrl":"https:\/\/secure.gravatar.com\/avatar\/596e7c417251e30f2fbb9c00e026fce61a695a00e51c889caded71c96cbbdde5?s=96&d=mm&r=g","caption":"Kisha Orthodhokse"}}]}},"_links":{"self":[{"href":"https:\/\/orthodoxalbania.org\/2020\/wp-json\/wp\/v2\/posts\/1257","targetHints":{"allow":["GET"]}}],"collection":[{"href":"https:\/\/orthodoxalbania.org\/2020\/wp-json\/wp\/v2\/posts"}],"about":[{"href":"https:\/\/orthodoxalbania.org\/2020\/wp-json\/wp\/v2\/types\/post"}],"author":[{"embeddable":true,"href":"https:\/\/orthodoxalbania.org\/2020\/wp-json\/wp\/v2\/users\/1"}],"replies":[{"embeddable":true,"href":"https:\/\/orthodoxalbania.org\/2020\/wp-json\/wp\/v2\/comments?post=1257"}],"version-history":[{"count":1,"href":"https:\/\/orthodoxalbania.org\/2020\/wp-json\/wp\/v2\/posts\/1257\/revisions"}],"predecessor-version":[{"id":15792,"href":"https:\/\/orthodoxalbania.org\/2020\/wp-json\/wp\/v2\/posts\/1257\/revisions\/15792"}],"wp:attachment":[{"href":"https:\/\/orthodoxalbania.org\/2020\/wp-json\/wp\/v2\/media?parent=1257"}],"wp:term":[{"taxonomy":"category","embeddable":true,"href":"https:\/\/orthodoxalbania.org\/2020\/wp-json\/wp\/v2\/categories?post=1257"},{"taxonomy":"post_tag","embeddable":true,"href":"https:\/\/orthodoxalbania.org\/2020\/wp-json\/wp\/v2\/tags?post=1257"}],"curies":[{"name":"wp","href":"https:\/\/api.w.org\/{rel}","templated":true}]}}