{"id":1254,"date":"2014-03-11T12:40:58","date_gmt":"2014-03-11T12:40:58","guid":{"rendered":""},"modified":"2020-04-06T22:05:20","modified_gmt":"2020-04-06T20:05:20","slug":"takimi-triditor-i-primateve-orthodhokse-konstandionopoje-6-9-mars-2014","status":"publish","type":"post","link":"https:\/\/orthodoxalbania.org\/2020\/2014\/03\/11\/takimi-triditor-i-primateve-orthodhokse-konstandionopoje-6-9-mars-2014\/","title":{"rendered":"Takimi triditor i Primat\u00ebve Orthodhoks\u00eb, Konstandionopoj\u00eb 6-9 mars 2014"},"content":{"rendered":"<p style=\"text-align: justify;\"><span style=\"font-family: tahoma,geneva,sans-serif;\"><span style=\"font-size: 12px;\"><span style=\"color: #000000;\"><img decoding=\"async\" class=\"lazyload HAa Eha\" style=\"height: 200px; width: 300px; margin: 10px; float: left; border-width: 1px; border-style: solid;\" alt=\"\" src=\"data:image\/gif;base64,R0lGODlhAQABAAAAACH5BAEKAAEALAAAAAABAAEAAAICTAEAOw==\" data-orig-src=\"https:\/\/lh4.googleusercontent.com\/-BGc0Fbp-2EE\/Ux8Bts8vBjI\/AAAAAAAAHnU\/WnVDSvEsn7M\/w500-h333-no\/1.JPG\" \/><\/span><span style=\"color: #000000; font-size: 12pt; font-family: helvetica;\">&nbsp;&nbsp;&nbsp; Me ftes\u00eb t\u00eb Patriarkut Ekumenik, T\u00ebr\u00ebshenjt\u00ebris\u00eb s\u00eb Tij Vartholomeut, nga 6-9 mars 2014 u mblodh\u00ebn n\u00eb Kostandinopoj\u00eb Primat\u00ebt e t\u00eb gjitha Kishave Orthodhokse Autoqefale. N\u00eb takim u diskutuan problemet me t\u00eb cilat p\u00ebrballet sot Orthodhoksia, u mbajt q\u00ebndrim p\u00ebr krizat e ndryshme, si n\u00eb Siri dhe Ukrain\u00eb, si dhe u diskutuan \u00e7\u00ebshtje t\u00eb ndryshme eklisiologjike, duke u v\u00ebn\u00eb theksi tek uniteti mes t\u00eb gjitha kishave tona.<\/span><\/span><br \/>\n\t<\/span>\n<\/p>\n<p style=\"text-align: justify;\"><span style=\"color: #000000; font-size: 12pt; font-family: helvetica;\">&nbsp;&nbsp;&nbsp; Kisha Orthodhokse Autoqefale e Shqip\u00ebris\u00eb u p\u00ebrfaq\u00ebsua nga Kryepiskopi i Tiran\u00ebs, Durr\u00ebsit dhe i Gjith\u00eb Shqip\u00ebris\u00eb Anastasi, i shoq\u00ebruar nga Mitropoliti i Kor\u00e7\u00ebs, Hir\u00ebsi Joani dhe Mitropoliti i Gjirokastr\u00ebs, Hir\u00ebsi Dhimitri.<\/span>\n<\/p>\n<p style=\"text-align: justify;\"><span style=\"color: #000000; font-size: 12pt; font-family: helvetica;\">&nbsp;&nbsp;&nbsp; Mbledhja e Primat\u00ebve arrit\u00ebn n\u00eb p\u00ebrfundimin se Sinodi i Shenjt\u00eb dhe i Madh i Kish\u00ebs Orthodhokse do t\u00eb thirret nga Patriarku Ekumenik n\u00eb Konstandinopoj\u00eb, n\u00eb vitin 2016. P\u00ebr k\u00ebt\u00eb, n\u00eb shtator t\u00eb 2014 do nis\u00eb pun\u00ebn nj\u00eb K\u00ebshill i ve\u00e7ant\u00eb Nd\u00ebrorthodhoks, i cili do t\u00eb veproj\u00eb deri p\u00ebr Pashk\u00ebt e vitit 2015. Do t\u00eb pasoj\u00eb nj\u00eb Mbledhje Panorthodhokse Parasinodike, gjat\u00eb gjysm\u00ebs s\u00eb par\u00eb t\u00eb vitit 2015. T\u00eb gjitha vendimet, si p\u00ebr punimet e Sinodit Panorthodhoks, ashtu dhe p\u00ebr fazat e saj parap\u00ebrgatitore do t\u00eb merren me unanimitet.<\/span>\n<\/p>\n<p style=\"text-align: justify;\"><span style=\"color: #000000; font-size: 12pt; font-family: helvetica;\">&nbsp;&nbsp;&nbsp; Dit\u00ebn e fundit t\u00eb takimit, m\u00eb 9 mars, t\u00eb Diel\u00ebn e Orthodhoksis\u00eb, u kremtua n\u00eb kish\u00ebn patriarkale \u201cSh\u00ebn Gjergji\u201d n\u00eb Fanar, me nj\u00eb bashk\u00ebmeshim t\u00eb t\u00eb gjith\u00eb Primat\u00ebve.<\/span>\n<\/p>\n<p style=\"text-align: justify;\"><span style=\"color: #000000; font-size: 12pt; font-family: helvetica;\">&nbsp;&nbsp;&nbsp; K\u00ebt\u00eb bashk\u00ebmeshim t\u00eb ndritsh\u00ebm e udh\u00ebhiqte Patriarku Ekumenik Vartholomeu, s\u00eb bashku me Patriarkun e Aleksandris\u00eb Theodhorin, t\u00eb Jeruzalemit Theofilin, t\u00eb Rusis\u00eb Kirillin, t\u00eb Serbis\u00eb Irineun, t\u00eb Rumanis\u00eb Danielin, t\u00eb Bullgaris\u00eb Neofitin, t\u00eb Gjeorgjis\u00eb Ilian, dhe Kryepiskop\u00ebt, t\u00eb Qipros Krisostomin, t\u00eb Greqis\u00eb Hieronimin, t\u00eb Polonis\u00eb Sav\u00ebn dhe t\u00eb Shqip\u00ebris\u00eb Anastasin.<\/span>\n<\/p>\n<p style=\"text-align: justify;\"><span style=\"font-family: helvetica; font-size: 12pt;\">&nbsp;&nbsp;<span style=\"color: #000000;\">&nbsp; Pas leximit t\u00eb Ungjillit t\u00eb Shenjt\u00eb, Kryesekretari i Sinodit t\u00eb Shenjt\u00eb t\u00eb Patriarkan\u00ebs Ekumenike lexoi nga amvoni Deklarat\u00ebn e P\u00ebrbashk\u00ebt t\u00eb Primat\u00ebve Orthodhoks\u00eb. Kryepiskopi Anastas ishte kryetari i komisionit i cili hartoi k\u00ebt\u00eb deklarat\u00eb t\u00eb p\u00ebrbashk\u00ebt (klikoni n\u00eb<\/span><a href=\"http:\/\/www.ec-patr.org\/docdisplay.php?lang=gr&amp;id=1873&amp;tla=gr\"><span style=\"color: #0000ff;\">http:\/\/www.ec-patr.org\/docdisplay.php?lang=gr&amp;id=1873&amp;tla=gr<\/span><\/a><span style=\"color: #000000;\"> <\/span><a href=\"http:\/\/www.patriarchate.org\/documents\/synaxis-2014-message\"><span style=\"color: #0000ff;\">www.patriarchate.org\/documents\/synaxis-2014-message<\/span><\/a><span style=\"color: #000000;\">).&nbsp;&nbsp;&nbsp;&nbsp;<\/span><\/span>\n<\/p>\n<p style=\"text-align: justify;\"><span style=\"color: #000000; font-size: 12pt; font-family: helvetica;\">&nbsp;&nbsp;&nbsp; N\u00eb vazhdim u krye nj\u00eb p\u00ebrkujtimore e shenjt\u00eb p\u00ebr prehjen e shpirtrave t\u00eb atyre q\u00eb luftuan p\u00ebr besimin.<\/span>\n<\/p>\n<p style=\"text-align: justify;\"><span style=\"color: #000000; font-size: 12pt; font-family: helvetica;\">&nbsp;&nbsp;&nbsp; N\u00eb fund t\u00eb Liturgjis\u00eb Hyjnore u krye litania e ikonave rreth oborrit t\u00eb Patriarkan\u00ebs dhe n\u00eb vazhdim, nga ballkoni i Selis\u00eb Patriarkale, Patriarku Vartholome dhe Primat\u00ebt orthodhoks\u00eb bekuan besimtar\u00ebt.<br \/> <\/span>\n<\/p>\n<p style=\"text-align: justify;\"><span style=\"color: #000000; font-size: 12pt; font-family: helvetica;\">&nbsp;&nbsp;&nbsp;&nbsp; <em>Deklarata e P\u00ebrbashk\u00ebt e Primat\u00ebve Orthodhoks\u00eb do t\u00eb botohet e plot\u00eb n\u00eb dit\u00ebt n\u00eb vazhdim.<\/em>&nbsp;&nbsp;&nbsp;<\/span>\n<\/p>\n<p style=\"text-align: justify;\">&nbsp;<\/p>\n<p style=\"text-align: justify;\"><span style=\"font-family: tahoma,geneva,sans-serif;\"><span style=\"font-size: 12px;\"><span style=\"color: #000000;\"><strong><em><img decoding=\"async\" class=\"lazyload HAa Eha\" style=\"height: 400px; width: 600px; margin: 10px; border-width: 1px; border-style: solid;\" alt=\"\" src=\"data:image\/gif;base64,R0lGODlhAQABAAAAACH5BAEKAAEALAAAAAABAAEAAAICTAEAOw==\" data-orig-src=\"https:\/\/lh4.googleusercontent.com\/-BGc0Fbp-2EE\/Ux8Bts8vBjI\/AAAAAAAAHnU\/WnVDSvEsn7M\/w500-h333-no\/1.JPG\" \/>&nbsp;&nbsp;&nbsp;&nbsp; <\/em><\/strong><\/span><\/span><br \/>\n\t<\/span>\n<\/p>\n<p style=\"text-align: justify;\"><span style=\"font-family: tahoma,geneva,sans-serif;\"><span style=\"font-size: 12px;\"><span style=\"color: #000000;\"><strong><em><img decoding=\"async\" class=\"lazyload HAa Eha\" style=\"height: 400px; width: 600px; margin: 10px; border-width: 1px; border-style: solid;\" alt=\"\" src=\"data:image\/gif;base64,R0lGODlhAQABAAAAACH5BAEKAAEALAAAAAABAAEAAAICTAEAOw==\" data-orig-src=\"https:\/\/lh4.googleusercontent.com\/-PnEFQvKEW2I\/Ux8BtkgP-BI\/AAAAAAAAHnY\/RomTV-tVsMw\/w700-h467-no\/2.JPG\" \/><\/em><\/strong><\/span><\/span><br \/>\n\t<\/span>\n<\/p>\n<p style=\"text-align: justify;\"><span style=\"font-family: tahoma,geneva,sans-serif;\"><span style=\"font-size: 12px;\"><span style=\"color: #000000;\"><strong><em><img decoding=\"async\" class=\"lazyload HAa Eha\" style=\"height: 400px; width: 600px; margin: 10px; border-width: 1px; border-style: solid;\" alt=\"\" src=\"data:image\/gif;base64,R0lGODlhAQABAAAAACH5BAEKAAEALAAAAAABAAEAAAICTAEAOw==\" data-orig-src=\"https:\/\/lh3.googleusercontent.com\/-I7TWOyUBhxQ\/Ux8BtvzVJRI\/AAAAAAAAHnc\/_5KP1iVe1M0\/w958-h638-no\/3.JPG\" \/><\/em><\/strong><\/span><\/span><br \/>\n\t<\/span>\n<\/p>\n<p style=\"text-align: justify;\"><img decoding=\"async\" class=\"lazyload HAa Eha\" style=\"height: 413px; width: 600px; margin: 10px; border-width: 1px; border-style: solid;\" alt=\"\" src=\"data:image\/gif;base64,R0lGODlhAQABAAAAACH5BAEKAAEALAAAAAABAAEAAAICTAEAOw==\" data-orig-src=\"https:\/\/lh3.googleusercontent.com\/-dtGXYxjaC6M\/Ux8Bu7A14AI\/AAAAAAAAHns\/We6ima9aaPQ\/w958-h659-no\/4.JPG\" \/>\n<\/p>\n<p style=\"text-align: justify;\"><img decoding=\"async\" class=\"lazyload HAa Eha\" style=\"height: 414px; width: 600px; margin: 10px; border-width: 1px; border-style: solid;\" alt=\"\" src=\"data:image\/gif;base64,R0lGODlhAQABAAAAACH5BAEKAAEALAAAAAABAAEAAAICTAEAOw==\" data-orig-src=\"https:\/\/lh5.googleusercontent.com\/-hg0T2TnPt5k\/Ux8Bu78IEiI\/AAAAAAAAHno\/0Tg1HvqD1G0\/w958-h661-no\/5.JPG\" \/><\/p>\n","protected":false},"excerpt":{"rendered":"<p>&nbsp;&nbsp;&nbsp; Me ftes\u00eb t\u00eb Patriarkut Ekumenik, T\u00ebr\u00ebshenjt\u00ebris\u00eb s\u00eb Tij Vartholomeut, nga 6-9 mars 2014 u mblodh\u00ebn n\u00eb Kostandinopoj\u00eb Primat\u00ebt e t\u00eb gjitha Kishave Orthodhokse Autoqefale. N\u00eb takim u diskutuan problemet me t\u00eb cilat p\u00ebrballet sot Orthodhoksia, u mbajt q\u00ebndrim p\u00ebr krizat e ndryshme, si n\u00eb Siri dhe Ukrain\u00eb, si dhe u diskutuan \u00e7\u00ebshtje t\u00eb ndryshme eklisiologjike, duke u v\u00ebn\u00eb theksi tek uniteti mes t\u00eb gjitha<\/p>\n","protected":false},"author":1,"featured_media":1255,"comment_status":"open","ping_status":"open","sticky":false,"template":"","format":"standard","meta":{"_acf_changed":false,"pagelayer_contact_templates":[],"_pagelayer_content":"","inline_featured_image":false,"fifu_image_url":"","fifu_image_alt":"","footnotes":""},"categories":[108],"tags":[140,196,212,183],"class_list":["post-1254","post","type-post","status-publish","format-standard","has-post-thumbnail","hentry","category-lajme","tag-140","tag-tirane","tag-lajme-d27","tag-primatet-e-kishave-orthodhokse"],"acf":[],"yoast_head":"<!-- This site is optimized with the Yoast SEO plugin v27.2 - https:\/\/yoast.com\/product\/yoast-seo-wordpress\/ -->\n<title>Takimi triditor i Primat\u00ebve Orthodhoks\u00eb, Konstandionopoj\u00eb 6-9 mars 2014 - Kisha Orthodh\u03bfkse Autoqefale e Shqip\u00ebris\u00eb<\/title>\n<meta name=\"robots\" content=\"index, follow, max-snippet:-1, max-image-preview:large, max-video-preview:-1\" \/>\n<link rel=\"canonical\" href=\"https:\/\/orthodoxalbania.org\/2020\/2014\/03\/11\/takimi-triditor-i-primateve-orthodhokse-konstandionopoje-6-9-mars-2014\/\" \/>\n<meta property=\"og:locale\" content=\"en_US\" \/>\n<meta property=\"og:type\" content=\"article\" \/>\n<meta property=\"og:title\" content=\"Takimi triditor i Primat\u00ebve Orthodhoks\u00eb, Konstandionopoj\u00eb 6-9 mars 2014 - Kisha Orthodh\u03bfkse Autoqefale e Shqip\u00ebris\u00eb\" \/>\n<meta property=\"og:description\" content=\"&nbsp;&nbsp;&nbsp; Me ftes\u00eb t\u00eb Patriarkut Ekumenik, T\u00ebr\u00ebshenjt\u00ebris\u00eb s\u00eb Tij Vartholomeut, nga 6-9 mars 2014 u mblodh\u00ebn n\u00eb Kostandinopoj\u00eb Primat\u00ebt e t\u00eb gjitha Kishave Orthodhokse Autoqefale. N\u00eb takim u diskutuan problemet me t\u00eb cilat p\u00ebrballet sot Orthodhoksia, u mbajt q\u00ebndrim p\u00ebr krizat e ndryshme, si n\u00eb Siri dhe Ukrain\u00eb, si dhe u diskutuan \u00e7\u00ebshtje t\u00eb ndryshme eklisiologjike, duke u v\u00ebn\u00eb theksi tek uniteti mes t\u00eb gjitha\" \/>\n<meta property=\"og:url\" content=\"https:\/\/orthodoxalbania.org\/2020\/2014\/03\/11\/takimi-triditor-i-primateve-orthodhokse-konstandionopoje-6-9-mars-2014\/\" \/>\n<meta property=\"og:site_name\" content=\"Kisha Orthodh\u03bfkse Autoqefale e Shqip\u00ebris\u00eb\" \/>\n<meta property=\"article:publisher\" content=\"https:\/\/www.facebook.com\/koash1991\" \/>\n<meta property=\"article:published_time\" content=\"2014-03-11T12:40:58+00:00\" \/>\n<meta property=\"article:modified_time\" content=\"2020-04-06T20:05:20+00:00\" \/>\n<meta property=\"og:image\" content=\"https:\/\/orthodoxalbania.org\/2020\/wp-content\/uploads\/2020\/04\/1.JPG\" \/>\n\t<meta property=\"og:image:width\" content=\"500\" \/>\n\t<meta property=\"og:image:height\" content=\"333\" \/>\n\t<meta property=\"og:image:type\" content=\"image\/jpeg\" \/>\n<meta name=\"author\" content=\"Kisha Orthodhokse\" \/>\n<meta name=\"twitter:card\" content=\"summary_large_image\" \/>\n<meta name=\"twitter:label1\" content=\"Written by\" \/>\n\t<meta name=\"twitter:data1\" content=\"Kisha Orthodhokse\" \/>\n\t<meta name=\"twitter:label2\" content=\"Est. reading time\" \/>\n\t<meta name=\"twitter:data2\" content=\"2 minutes\" \/>\n<script type=\"application\/ld+json\" class=\"yoast-schema-graph\">{\"@context\":\"https:\/\/schema.org\",\"@graph\":[{\"@type\":\"Article\",\"@id\":\"https:\/\/orthodoxalbania.org\/2020\/2014\/03\/11\/takimi-triditor-i-primateve-orthodhokse-konstandionopoje-6-9-mars-2014\/#article\",\"isPartOf\":{\"@id\":\"https:\/\/orthodoxalbania.org\/2020\/2014\/03\/11\/takimi-triditor-i-primateve-orthodhokse-konstandionopoje-6-9-mars-2014\/\"},\"author\":{\"name\":\"Kisha Orthodhokse\",\"@id\":\"https:\/\/orthodoxalbania.org\/2020\/#\/schema\/person\/0c387634a7063ac612d7ed9ce71c7e86\"},\"headline\":\"Takimi triditor i Primat\u00ebve Orthodhoks\u00eb, Konstandionopoj\u00eb 6-9 mars 2014\",\"datePublished\":\"2014-03-11T12:40:58+00:00\",\"dateModified\":\"2020-04-06T20:05:20+00:00\",\"mainEntityOfPage\":{\"@id\":\"https:\/\/orthodoxalbania.org\/2020\/2014\/03\/11\/takimi-triditor-i-primateve-orthodhokse-konstandionopoje-6-9-mars-2014\/\"},\"wordCount\":490,\"commentCount\":0,\"publisher\":{\"@id\":\"https:\/\/orthodoxalbania.org\/2020\/#organization\"},\"image\":{\"@id\":\"https:\/\/orthodoxalbania.org\/2020\/2014\/03\/11\/takimi-triditor-i-primateve-orthodhokse-konstandionopoje-6-9-mars-2014\/#primaryimage\"},\"thumbnailUrl\":\"https:\/\/orthodoxalbania.org\/2020\/wp-content\/uploads\/2020\/04\/1.JPG\",\"keywords\":[\"2014\",\"Kryepiskopata Tiran\u00eb\",\"lajme\",\"Primat\u00ebt e Kishave Orthodhokse\"],\"articleSection\":[\"Lajme\"],\"inLanguage\":\"en-US\"},{\"@type\":\"WebPage\",\"@id\":\"https:\/\/orthodoxalbania.org\/2020\/2014\/03\/11\/takimi-triditor-i-primateve-orthodhokse-konstandionopoje-6-9-mars-2014\/\",\"url\":\"https:\/\/orthodoxalbania.org\/2020\/2014\/03\/11\/takimi-triditor-i-primateve-orthodhokse-konstandionopoje-6-9-mars-2014\/\",\"name\":\"Takimi triditor i Primat\u00ebve Orthodhoks\u00eb, Konstandionopoj\u00eb 6-9 mars 2014 - Kisha Orthodh\u03bfkse Autoqefale e Shqip\u00ebris\u00eb\",\"isPartOf\":{\"@id\":\"https:\/\/orthodoxalbania.org\/2020\/#website\"},\"primaryImageOfPage\":{\"@id\":\"https:\/\/orthodoxalbania.org\/2020\/2014\/03\/11\/takimi-triditor-i-primateve-orthodhokse-konstandionopoje-6-9-mars-2014\/#primaryimage\"},\"image\":{\"@id\":\"https:\/\/orthodoxalbania.org\/2020\/2014\/03\/11\/takimi-triditor-i-primateve-orthodhokse-konstandionopoje-6-9-mars-2014\/#primaryimage\"},\"thumbnailUrl\":\"https:\/\/orthodoxalbania.org\/2020\/wp-content\/uploads\/2020\/04\/1.JPG\",\"datePublished\":\"2014-03-11T12:40:58+00:00\",\"dateModified\":\"2020-04-06T20:05:20+00:00\",\"breadcrumb\":{\"@id\":\"https:\/\/orthodoxalbania.org\/2020\/2014\/03\/11\/takimi-triditor-i-primateve-orthodhokse-konstandionopoje-6-9-mars-2014\/#breadcrumb\"},\"inLanguage\":\"en-US\",\"potentialAction\":[{\"@type\":\"ReadAction\",\"target\":[\"https:\/\/orthodoxalbania.org\/2020\/2014\/03\/11\/takimi-triditor-i-primateve-orthodhokse-konstandionopoje-6-9-mars-2014\/\"]}]},{\"@type\":\"ImageObject\",\"inLanguage\":\"en-US\",\"@id\":\"https:\/\/orthodoxalbania.org\/2020\/2014\/03\/11\/takimi-triditor-i-primateve-orthodhokse-konstandionopoje-6-9-mars-2014\/#primaryimage\",\"url\":\"https:\/\/orthodoxalbania.org\/2020\/wp-content\/uploads\/2020\/04\/1.JPG\",\"contentUrl\":\"https:\/\/orthodoxalbania.org\/2020\/wp-content\/uploads\/2020\/04\/1.JPG\",\"width\":500,\"height\":333},{\"@type\":\"BreadcrumbList\",\"@id\":\"https:\/\/orthodoxalbania.org\/2020\/2014\/03\/11\/takimi-triditor-i-primateve-orthodhokse-konstandionopoje-6-9-mars-2014\/#breadcrumb\",\"itemListElement\":[{\"@type\":\"ListItem\",\"position\":1,\"name\":\"Home\",\"item\":\"https:\/\/orthodoxalbania.org\/2020\/\"},{\"@type\":\"ListItem\",\"position\":2,\"name\":\"Takimi triditor i Primat\u00ebve Orthodhoks\u00eb, Konstandionopoj\u00eb 6-9 mars 2014\"}]},{\"@type\":\"WebSite\",\"@id\":\"https:\/\/orthodoxalbania.org\/2020\/#website\",\"url\":\"https:\/\/orthodoxalbania.org\/2020\/\",\"name\":\"Kisha Orthodh\u03bfkse Autoqefale e Shqip\u00ebris\u00eb\",\"description\":\"Fqja Zyrtare e Kish\u00ebs Orthodhokse Autoqefale e Shqip\u00ebris\u00eb me lajmet edhe informacionet zyrtare p\u00ebr struktur\u00ebn edhe veprimtarin e saj.\",\"publisher\":{\"@id\":\"https:\/\/orthodoxalbania.org\/2020\/#organization\"},\"potentialAction\":[{\"@type\":\"SearchAction\",\"target\":{\"@type\":\"EntryPoint\",\"urlTemplate\":\"https:\/\/orthodoxalbania.org\/2020\/?s={search_term_string}\"},\"query-input\":{\"@type\":\"PropertyValueSpecification\",\"valueRequired\":true,\"valueName\":\"search_term_string\"}}],\"inLanguage\":\"en-US\"},{\"@type\":\"Organization\",\"@id\":\"https:\/\/orthodoxalbania.org\/2020\/#organization\",\"name\":\"Kisha Orthodhokse Autoqefale e Shqip\u00ebris\u00eb\",\"url\":\"https:\/\/orthodoxalbania.org\/2020\/\",\"logo\":{\"@type\":\"ImageObject\",\"inLanguage\":\"en-US\",\"@id\":\"https:\/\/orthodoxalbania.org\/2020\/#\/schema\/logo\/image\/\",\"url\":\"https:\/\/orthodoxalbania.org\/2020\/wp-content\/uploads\/2020\/05\/albania.jpeg\",\"contentUrl\":\"https:\/\/orthodoxalbania.org\/2020\/wp-content\/uploads\/2020\/05\/albania.jpeg\",\"width\":540,\"height\":540,\"caption\":\"Kisha Orthodhokse Autoqefale e Shqip\u00ebris\u00eb\"},\"image\":{\"@id\":\"https:\/\/orthodoxalbania.org\/2020\/#\/schema\/logo\/image\/\"},\"sameAs\":[\"https:\/\/www.facebook.com\/koash1991\"]},{\"@type\":\"Person\",\"@id\":\"https:\/\/orthodoxalbania.org\/2020\/#\/schema\/person\/0c387634a7063ac612d7ed9ce71c7e86\",\"name\":\"Kisha Orthodhokse\",\"image\":{\"@type\":\"ImageObject\",\"inLanguage\":\"en-US\",\"@id\":\"https:\/\/secure.gravatar.com\/avatar\/596e7c417251e30f2fbb9c00e026fce61a695a00e51c889caded71c96cbbdde5?s=96&d=mm&r=g\",\"url\":\"https:\/\/secure.gravatar.com\/avatar\/596e7c417251e30f2fbb9c00e026fce61a695a00e51c889caded71c96cbbdde5?s=96&d=mm&r=g\",\"contentUrl\":\"https:\/\/secure.gravatar.com\/avatar\/596e7c417251e30f2fbb9c00e026fce61a695a00e51c889caded71c96cbbdde5?s=96&d=mm&r=g\",\"caption\":\"Kisha Orthodhokse\"}}]}<\/script>\n<!-- \/ Yoast SEO plugin. -->","yoast_head_json":{"title":"Takimi triditor i Primat\u00ebve Orthodhoks\u00eb, Konstandionopoj\u00eb 6-9 mars 2014 - Kisha Orthodh\u03bfkse Autoqefale e Shqip\u00ebris\u00eb","robots":{"index":"index","follow":"follow","max-snippet":"max-snippet:-1","max-image-preview":"max-image-preview:large","max-video-preview":"max-video-preview:-1"},"canonical":"https:\/\/orthodoxalbania.org\/2020\/2014\/03\/11\/takimi-triditor-i-primateve-orthodhokse-konstandionopoje-6-9-mars-2014\/","og_locale":"en_US","og_type":"article","og_title":"Takimi triditor i Primat\u00ebve Orthodhoks\u00eb, Konstandionopoj\u00eb 6-9 mars 2014 - Kisha Orthodh\u03bfkse Autoqefale e Shqip\u00ebris\u00eb","og_description":"&nbsp;&nbsp;&nbsp; Me ftes\u00eb t\u00eb Patriarkut Ekumenik, T\u00ebr\u00ebshenjt\u00ebris\u00eb s\u00eb Tij Vartholomeut, nga 6-9 mars 2014 u mblodh\u00ebn n\u00eb Kostandinopoj\u00eb Primat\u00ebt e t\u00eb gjitha Kishave Orthodhokse Autoqefale. N\u00eb takim u diskutuan problemet me t\u00eb cilat p\u00ebrballet sot Orthodhoksia, u mbajt q\u00ebndrim p\u00ebr krizat e ndryshme, si n\u00eb Siri dhe Ukrain\u00eb, si dhe u diskutuan \u00e7\u00ebshtje t\u00eb ndryshme eklisiologjike, duke u v\u00ebn\u00eb theksi tek uniteti mes t\u00eb gjitha","og_url":"https:\/\/orthodoxalbania.org\/2020\/2014\/03\/11\/takimi-triditor-i-primateve-orthodhokse-konstandionopoje-6-9-mars-2014\/","og_site_name":"Kisha Orthodh\u03bfkse Autoqefale e Shqip\u00ebris\u00eb","article_publisher":"https:\/\/www.facebook.com\/koash1991","article_published_time":"2014-03-11T12:40:58+00:00","article_modified_time":"2020-04-06T20:05:20+00:00","og_image":[{"width":500,"height":333,"url":"https:\/\/orthodoxalbania.org\/2020\/wp-content\/uploads\/2020\/04\/1.JPG","type":"image\/jpeg"}],"author":"Kisha Orthodhokse","twitter_card":"summary_large_image","twitter_misc":{"Written by":"Kisha Orthodhokse","Est. reading time":"2 minutes"},"schema":{"@context":"https:\/\/schema.org","@graph":[{"@type":"Article","@id":"https:\/\/orthodoxalbania.org\/2020\/2014\/03\/11\/takimi-triditor-i-primateve-orthodhokse-konstandionopoje-6-9-mars-2014\/#article","isPartOf":{"@id":"https:\/\/orthodoxalbania.org\/2020\/2014\/03\/11\/takimi-triditor-i-primateve-orthodhokse-konstandionopoje-6-9-mars-2014\/"},"author":{"name":"Kisha Orthodhokse","@id":"https:\/\/orthodoxalbania.org\/2020\/#\/schema\/person\/0c387634a7063ac612d7ed9ce71c7e86"},"headline":"Takimi triditor i Primat\u00ebve Orthodhoks\u00eb, Konstandionopoj\u00eb 6-9 mars 2014","datePublished":"2014-03-11T12:40:58+00:00","dateModified":"2020-04-06T20:05:20+00:00","mainEntityOfPage":{"@id":"https:\/\/orthodoxalbania.org\/2020\/2014\/03\/11\/takimi-triditor-i-primateve-orthodhokse-konstandionopoje-6-9-mars-2014\/"},"wordCount":490,"commentCount":0,"publisher":{"@id":"https:\/\/orthodoxalbania.org\/2020\/#organization"},"image":{"@id":"https:\/\/orthodoxalbania.org\/2020\/2014\/03\/11\/takimi-triditor-i-primateve-orthodhokse-konstandionopoje-6-9-mars-2014\/#primaryimage"},"thumbnailUrl":"https:\/\/orthodoxalbania.org\/2020\/wp-content\/uploads\/2020\/04\/1.JPG","keywords":["2014","Kryepiskopata Tiran\u00eb","lajme","Primat\u00ebt e Kishave Orthodhokse"],"articleSection":["Lajme"],"inLanguage":"en-US"},{"@type":"WebPage","@id":"https:\/\/orthodoxalbania.org\/2020\/2014\/03\/11\/takimi-triditor-i-primateve-orthodhokse-konstandionopoje-6-9-mars-2014\/","url":"https:\/\/orthodoxalbania.org\/2020\/2014\/03\/11\/takimi-triditor-i-primateve-orthodhokse-konstandionopoje-6-9-mars-2014\/","name":"Takimi triditor i Primat\u00ebve Orthodhoks\u00eb, Konstandionopoj\u00eb 6-9 mars 2014 - Kisha Orthodh\u03bfkse Autoqefale e Shqip\u00ebris\u00eb","isPartOf":{"@id":"https:\/\/orthodoxalbania.org\/2020\/#website"},"primaryImageOfPage":{"@id":"https:\/\/orthodoxalbania.org\/2020\/2014\/03\/11\/takimi-triditor-i-primateve-orthodhokse-konstandionopoje-6-9-mars-2014\/#primaryimage"},"image":{"@id":"https:\/\/orthodoxalbania.org\/2020\/2014\/03\/11\/takimi-triditor-i-primateve-orthodhokse-konstandionopoje-6-9-mars-2014\/#primaryimage"},"thumbnailUrl":"https:\/\/orthodoxalbania.org\/2020\/wp-content\/uploads\/2020\/04\/1.JPG","datePublished":"2014-03-11T12:40:58+00:00","dateModified":"2020-04-06T20:05:20+00:00","breadcrumb":{"@id":"https:\/\/orthodoxalbania.org\/2020\/2014\/03\/11\/takimi-triditor-i-primateve-orthodhokse-konstandionopoje-6-9-mars-2014\/#breadcrumb"},"inLanguage":"en-US","potentialAction":[{"@type":"ReadAction","target":["https:\/\/orthodoxalbania.org\/2020\/2014\/03\/11\/takimi-triditor-i-primateve-orthodhokse-konstandionopoje-6-9-mars-2014\/"]}]},{"@type":"ImageObject","inLanguage":"en-US","@id":"https:\/\/orthodoxalbania.org\/2020\/2014\/03\/11\/takimi-triditor-i-primateve-orthodhokse-konstandionopoje-6-9-mars-2014\/#primaryimage","url":"https:\/\/orthodoxalbania.org\/2020\/wp-content\/uploads\/2020\/04\/1.JPG","contentUrl":"https:\/\/orthodoxalbania.org\/2020\/wp-content\/uploads\/2020\/04\/1.JPG","width":500,"height":333},{"@type":"BreadcrumbList","@id":"https:\/\/orthodoxalbania.org\/2020\/2014\/03\/11\/takimi-triditor-i-primateve-orthodhokse-konstandionopoje-6-9-mars-2014\/#breadcrumb","itemListElement":[{"@type":"ListItem","position":1,"name":"Home","item":"https:\/\/orthodoxalbania.org\/2020\/"},{"@type":"ListItem","position":2,"name":"Takimi triditor i Primat\u00ebve Orthodhoks\u00eb, Konstandionopoj\u00eb 6-9 mars 2014"}]},{"@type":"WebSite","@id":"https:\/\/orthodoxalbania.org\/2020\/#website","url":"https:\/\/orthodoxalbania.org\/2020\/","name":"Kisha Orthodh\u03bfkse Autoqefale e Shqip\u00ebris\u00eb","description":"Fqja Zyrtare e Kish\u00ebs Orthodhokse Autoqefale e Shqip\u00ebris\u00eb me lajmet edhe informacionet zyrtare p\u00ebr struktur\u00ebn edhe veprimtarin e saj.","publisher":{"@id":"https:\/\/orthodoxalbania.org\/2020\/#organization"},"potentialAction":[{"@type":"SearchAction","target":{"@type":"EntryPoint","urlTemplate":"https:\/\/orthodoxalbania.org\/2020\/?s={search_term_string}"},"query-input":{"@type":"PropertyValueSpecification","valueRequired":true,"valueName":"search_term_string"}}],"inLanguage":"en-US"},{"@type":"Organization","@id":"https:\/\/orthodoxalbania.org\/2020\/#organization","name":"Kisha Orthodhokse Autoqefale e Shqip\u00ebris\u00eb","url":"https:\/\/orthodoxalbania.org\/2020\/","logo":{"@type":"ImageObject","inLanguage":"en-US","@id":"https:\/\/orthodoxalbania.org\/2020\/#\/schema\/logo\/image\/","url":"https:\/\/orthodoxalbania.org\/2020\/wp-content\/uploads\/2020\/05\/albania.jpeg","contentUrl":"https:\/\/orthodoxalbania.org\/2020\/wp-content\/uploads\/2020\/05\/albania.jpeg","width":540,"height":540,"caption":"Kisha Orthodhokse Autoqefale e Shqip\u00ebris\u00eb"},"image":{"@id":"https:\/\/orthodoxalbania.org\/2020\/#\/schema\/logo\/image\/"},"sameAs":["https:\/\/www.facebook.com\/koash1991"]},{"@type":"Person","@id":"https:\/\/orthodoxalbania.org\/2020\/#\/schema\/person\/0c387634a7063ac612d7ed9ce71c7e86","name":"Kisha Orthodhokse","image":{"@type":"ImageObject","inLanguage":"en-US","@id":"https:\/\/secure.gravatar.com\/avatar\/596e7c417251e30f2fbb9c00e026fce61a695a00e51c889caded71c96cbbdde5?s=96&d=mm&r=g","url":"https:\/\/secure.gravatar.com\/avatar\/596e7c417251e30f2fbb9c00e026fce61a695a00e51c889caded71c96cbbdde5?s=96&d=mm&r=g","contentUrl":"https:\/\/secure.gravatar.com\/avatar\/596e7c417251e30f2fbb9c00e026fce61a695a00e51c889caded71c96cbbdde5?s=96&d=mm&r=g","caption":"Kisha Orthodhokse"}}]}},"_links":{"self":[{"href":"https:\/\/orthodoxalbania.org\/2020\/wp-json\/wp\/v2\/posts\/1254","targetHints":{"allow":["GET"]}}],"collection":[{"href":"https:\/\/orthodoxalbania.org\/2020\/wp-json\/wp\/v2\/posts"}],"about":[{"href":"https:\/\/orthodoxalbania.org\/2020\/wp-json\/wp\/v2\/types\/post"}],"author":[{"embeddable":true,"href":"https:\/\/orthodoxalbania.org\/2020\/wp-json\/wp\/v2\/users\/1"}],"replies":[{"embeddable":true,"href":"https:\/\/orthodoxalbania.org\/2020\/wp-json\/wp\/v2\/comments?post=1254"}],"version-history":[{"count":1,"href":"https:\/\/orthodoxalbania.org\/2020\/wp-json\/wp\/v2\/posts\/1254\/revisions"}],"predecessor-version":[{"id":15119,"href":"https:\/\/orthodoxalbania.org\/2020\/wp-json\/wp\/v2\/posts\/1254\/revisions\/15119"}],"wp:featuredmedia":[{"embeddable":true,"href":"https:\/\/orthodoxalbania.org\/2020\/wp-json\/wp\/v2\/media\/1255"}],"wp:attachment":[{"href":"https:\/\/orthodoxalbania.org\/2020\/wp-json\/wp\/v2\/media?parent=1254"}],"wp:term":[{"taxonomy":"category","embeddable":true,"href":"https:\/\/orthodoxalbania.org\/2020\/wp-json\/wp\/v2\/categories?post=1254"},{"taxonomy":"post_tag","embeddable":true,"href":"https:\/\/orthodoxalbania.org\/2020\/wp-json\/wp\/v2\/tags?post=1254"}],"curies":[{"name":"wp","href":"https:\/\/api.w.org\/{rel}","templated":true}]}}