{"id":1253,"date":"2008-02-26T00:00:00","date_gmt":"2008-02-26T00:00:00","guid":{"rendered":""},"modified":"2020-04-06T22:35:28","modified_gmt":"2020-04-06T20:35:28","slug":"takimi-i-primateve-orthodhokse-konstandinopoje-9-12-tetor-dhe-simpoziumi-shkencor-per-apostull-pavlin-12-16-tetor-2008","status":"publish","type":"post","link":"https:\/\/orthodoxalbania.org\/2020\/2008\/02\/26\/takimi-i-primateve-orthodhokse-konstandinopoje-9-12-tetor-dhe-simpoziumi-shkencor-per-apostull-pavlin-12-16-tetor-2008\/","title":{"rendered":"Takimi i Primat\u00ebve Orthodhoks\u00eb, Konstandinopoj\u00eb, 9-12 tetor dhe Simpoziumi shkencor p\u00ebr Apostull Pavlin, 12-16 tetor. (2008)"},"content":{"rendered":"<div style=\"text-align: justify;\"><span style=\"color: #000000;\"><span style=\"font-family: tahoma,geneva,sans-serif;\"><span style=\"font-size: 12px;\">&nbsp;&nbsp;&nbsp; <img decoding=\"async\" class=\"lazyload HAa Eha\" style=\"border-width: 1px; border-style: solid; margin: 10px; float: left;\" alt=\"\" src=\"data:image\/svg+xml,%3Csvg%20xmlns%3D%27http%3A%2F%2Fwww.w3.org%2F2000%2Fsvg%27%20width%3D%27231%27%20height%3D%27173%27%20viewBox%3D%270%200%20231%20173%27%3E%3Crect%20width%3D%27231%27%20height%3D%27173%27%20fill-opacity%3D%220%22%2F%3E%3C%2Fsvg%3E\" data-orig-src=\"https:\/\/lh4.googleusercontent.com\/-pR2VdoKYipk\/VJKJJlwWHtI\/AAAAAAAAIWo\/sG6slO0Y6Qc\/w448-h336-no\/takimi%2B1.JPG\" height=\"173\" width=\"231\" \/>Nga 9-12 tetor, n\u00eb Konstandinopoj\u00eb, m\u00eb ftes\u00eb t\u00eb Patriarkut Ekumenik, T\u00ebr\u00ebshenjt\u00ebris\u00eb s\u00eb Tij Vartholomeut I, u mbajt takimi i Primat\u00ebve t\u00eb t\u00eb gjitha Kishave t\u00eb Shenjta Orthodhokse.<\/p>\n<p> &nbsp;&nbsp;&nbsp; Takimi filloi n\u00eb dat\u00ebn 9 tetor, n\u00eb Konstandinopoj\u00eb n\u00eb Selin\u00eb e Patriarkan\u00ebs Ekumenike n\u00eb Fanar, me nj\u00eb&nbsp; pritje nga Patriarku Ekumenik.<\/p>\n<p> &nbsp;&nbsp;&nbsp; N\u00eb m\u00ebngjesin e dit\u00ebs s\u00eb premte t\u00eb dat\u00ebs 10 tetor, n\u00eb kryekish\u00ebn e Sh\u00ebn Gjergjit, u hap zyrtarisht takimi nga T\u00ebr\u00ebshenjt\u00ebria e Tij Vartholomeu, ku mbajti edhe nj\u00eb fjalim mjaft t\u00eb bukur, plot horizont dhe me mesazhe t\u00eb shumta, p\u00ebr t\u00eb vazhduar me sesionet plenare, q\u00eb vazhduan pasdite dhe u mbyll\u00ebn t\u00eb shtun\u00ebn paradite t\u00eb dat\u00ebs 11 tetor.<\/span><\/span><\/span><br \/> &nbsp;<\/div>\n<div style=\"text-align: justify;\"><span style=\"color: #000000;\"><span style=\"font-family: tahoma,geneva,sans-serif;\"><span style=\"font-size: 12px;\">&nbsp;&nbsp; Gjat\u00eb k\u00ebtyre 2 dit\u00ebve u punua shum\u00eb intensivisht p\u00ebr p\u00ebrgatitjen e nj\u00eb mesazhi t\u00eb p\u00ebrbashk\u00ebt t\u00eb t\u00eb gjith\u00eb primat\u00ebve dhe p\u00ebrfaq\u00ebsuesve pjes\u00ebmarr\u00ebs t\u00eb Patriarkanave dhe Kishave Orthodhokse Autoqefale n\u00eb bot\u00eb drejtuar t\u00eb gjith\u00eb besimtar\u00ebve orthodhoks\u00eb.<\/p>\n<p> &nbsp;&nbsp;&nbsp; <img decoding=\"async\" class=\"lazyload HAa Eha\" style=\"border-width: 1px; border-style: solid; margin: 10px; float: right;\" alt=\"\" src=\"data:image\/svg+xml,%3Csvg%20xmlns%3D%27http%3A%2F%2Fwww.w3.org%2F2000%2Fsvg%27%20width%3D%27191%27%20height%3D%27143%27%20viewBox%3D%270%200%20191%20143%27%3E%3Crect%20width%3D%27191%27%20height%3D%27143%27%20fill-opacity%3D%220%22%2F%3E%3C%2Fsvg%3E\" data-orig-src=\"https:\/\/lh6.googleusercontent.com\/-j7-l4SybGQM\/VJKJKJ6adrI\/AAAAAAAAIWw\/bbmwb1GCKro\/w448-h336-no\/takimi%2B2.JPG\" height=\"143\" width=\"191\" \/>Komisioni i p\u00ebrgatitor i mesazhit t\u00eb p\u00ebrbashk\u00ebt p\u00ebrb\u00ebhej nga Kryepiskopi i Tiran\u00ebs dhe i gjith\u00eb Shqip\u00ebris\u00eb Anastasi, Mitropoliti i Smolenskut (Patriarkan\u00ebs s\u00eb Rusis\u00eb) Kirilli, Mitropoliti i Pergamit (Patriarkan\u00ebs s\u00eb Konstandinopoj\u00ebs) Joani, Mitropoliti i Franc\u00ebs Emanueli (Patriarkan\u00ebs s\u00eb Konstandinopoj\u00ebs). Ky komision hartoi k\u00ebt\u00eb mesazh, duke u frym\u00ebzuar dhe punuar mbi mesazhet p\u00ebrgatitore q\u00eb ishinp\u00ebrgatitur nga takimi nd\u00ebrorthodhoks i Rodos, nga fjalimi p\u00ebrsh\u00ebndet\u00ebs i Patriarkut Ekumenik dhe nga sugjerime t\u00eb vet\u00eb primat\u00ebve dhe p\u00ebrfaq\u00ebsuesve orthodhoks\u00eb pjes\u00ebmarr\u00ebs t\u00eb k\u00ebtij takimi historik nd\u00ebrorthodhoks n\u00eb Fanar.&nbsp; &nbsp;<\/p>\n<p> <strong>&nbsp;&nbsp;&nbsp;<a href=\"..\/old\/index.php\/shq\/lajme\/2676-mesazh-i-primateve-te-kishave-orthodhokse-12-10-2008\"> Takimi u mbyll me leximin e k\u00ebtij mesazhi t\u00eb p\u00ebrbashk\u00ebt. (kliko)<\/a><\/strong> &nbsp;&nbsp;&nbsp;&nbsp;&nbsp;&nbsp;&nbsp;&nbsp;&nbsp;&nbsp;&nbsp;&nbsp;&nbsp;&nbsp;&nbsp;&nbsp;&nbsp;&nbsp;<\/p>\n<p> &nbsp;&nbsp;&nbsp; Mesazhi, u firmos nga t\u00eb gjith\u00eb kryetar\u00ebt e Kishave dhe p\u00ebrfaq\u00ebsuesit e tyre t\u00eb pranish\u00ebm.<\/p>\n<p> <img decoding=\"async\" class=\"lazyload HAa Eha\" style=\"border-width: 1px; border-style: solid; margin: 10px; float: left;\" alt=\"\" src=\"data:image\/svg+xml,%3Csvg%20xmlns%3D%27http%3A%2F%2Fwww.w3.org%2F2000%2Fsvg%27%20width%3D%27219%27%20height%3D%27146%27%20viewBox%3D%270%200%20219%20146%27%3E%3Crect%20width%3D%27219%27%20height%3D%27146%27%20fill-opacity%3D%220%22%2F%3E%3C%2Fsvg%3E\" data-orig-src=\"https:\/\/lh5.googleusercontent.com\/-bACC5GMf55Q\/VJKJJEzIjmI\/AAAAAAAAIW4\/QIbCdDsDmX0\/w448-h298-no\/2.jpg\" height=\"146\" width=\"219\" \/>&nbsp;&nbsp;&nbsp; T\u00eb diel\u00ebn, 12 tetor, po n\u00eb kryekish\u00ebn e Sh\u00ebn Gjergjit t\u00eb Patriarkan\u00ebs Ekumenike, n\u00eb Fanar, t\u00eb kremten e Et\u00ebrve t\u00eb Shenjt\u00eb t\u00eb Sinodit VII Ekumenik, t\u00eb gjith\u00eb Primat\u00ebt kryen s\u00eb bashku Liturgjin\u00eb Hyjnore, si shprehje e besimit t\u00eb p\u00ebrbashk\u00ebt dhe t\u00eb pjes\u00ebmarrjes n\u00eb Trupin e Zotit, q\u00eb \u00ebsht\u00eb Kisha jon\u00eb. Pas leximit t\u00eb ungjillit t\u00eb dit\u00ebs u lexua menj\u00ebher\u00eb Mesazhi i P\u00ebrbashk\u00ebti Primat\u00ebve t\u00eb Kishave Orthodhokse nga kryesekretari i Patriarkan\u00ebs Ekumenike Protopresviter Elpidhofori.<\/p>\n<p> &nbsp;&nbsp;&nbsp; Mbledhjen e Primat\u00ebve t\u00eb Kishave Orthodhokse e rinovoi T\u00ebr\u00ebshenjt\u00ebria e Tij Patriarku Ekumenik z. Vartholomeu menj\u00ebher\u00eb pas zgjedhjes s\u00eb tij, n\u00eb m\u00ebnyr\u00eb q\u00eb t\u00eb mund\u00ebsohet e t\u00eb tregohet duksh\u00ebm uniteti i Kish\u00ebs Orthodhokse, por edhe q\u00eb t\u00eb arrihet koordinimi i Kishave Orthodhokse lokale p\u00ebr \u00e7\u00ebshtje t\u00eb drejtp\u00ebrdrejta bashk\u00ebkohore q\u00eb shfaq koha e sotme. Si\u00e7 dihet, takime t\u00eb tilla t\u00eb Primat\u00ebve jan\u00eb b\u00ebr\u00eb n\u00eb vitet 1992 (n\u00eb Fanar t\u00eb Konstandinopoj\u00ebs), 1995 (Patmos), 1998 (Sofje), 2000 (Jerusalem, Konstandinopoj\u00eb dhe Nikea t\u00eb Bitinis\u00eb), 2005 (Fanar t\u00eb Konstandinopoj\u00ebs).<\/span><\/span><\/span><\/div>\n<div style=\"text-align: justify;\">&nbsp;<\/div>\n<div style=\"text-align: center;\"><span style=\"color: #b22222;\"><span style=\"font-family: tahoma,geneva,sans-serif;\"><span style=\"font-size: 12px;\"><span style=\"font-family: tahoma,geneva,sans-serif;\"><span style=\"font-size: 12px;\">*&nbsp; *&nbsp; *<\/span><\/span><br \/> &nbsp;&nbsp;&nbsp;&nbsp;&nbsp;&nbsp;&nbsp;&nbsp;&nbsp;&nbsp;&nbsp;&nbsp;&nbsp;&nbsp;&nbsp;&nbsp;&nbsp;&nbsp;&nbsp;&nbsp;&nbsp;&nbsp;&nbsp;&nbsp;&nbsp;&nbsp;&nbsp;&nbsp;&nbsp;&nbsp;&nbsp;&nbsp;&nbsp;&nbsp;&nbsp;&nbsp;&nbsp;&nbsp;&nbsp;&nbsp;&nbsp;&nbsp;&nbsp;&nbsp;&nbsp;&nbsp;&nbsp;&nbsp;&nbsp;&nbsp;&nbsp;&nbsp;&nbsp;&nbsp;&nbsp;&nbsp;&nbsp;&nbsp;&nbsp;&nbsp;&nbsp;&nbsp;&nbsp;&nbsp;&nbsp;&nbsp;&nbsp;&nbsp;&nbsp;&nbsp;&nbsp;&nbsp;&nbsp;&nbsp;&nbsp;&nbsp;&nbsp;&nbsp;&nbsp;&nbsp;&nbsp;&nbsp;&nbsp;&nbsp;&nbsp;&nbsp;&nbsp;&nbsp;&nbsp;&nbsp;&nbsp;&nbsp;&nbsp;&nbsp;&nbsp;&nbsp;&nbsp;&nbsp;&nbsp;&nbsp;&nbsp;&nbsp;&nbsp;&nbsp;&nbsp;&nbsp;&nbsp;&nbsp;&nbsp;&nbsp;&nbsp;&nbsp;&nbsp;&nbsp;&nbsp;&nbsp;&nbsp;&nbsp;&nbsp;&nbsp;&nbsp;&nbsp;&nbsp;&nbsp;&nbsp;&nbsp;&nbsp;&nbsp;&nbsp;<\/span><\/span><\/span><\/div>\n<div style=\"text-align: justify;\"><span style=\"color: #000000;\"><span style=\"font-family: tahoma,geneva,sans-serif;\"><span style=\"font-size: 12px;\">&nbsp;&nbsp;&nbsp;&nbsp;&nbsp;&nbsp;&nbsp;&nbsp;&nbsp;&nbsp;&nbsp;&nbsp;&nbsp;&nbsp;&nbsp;&nbsp;&nbsp;&nbsp;&nbsp;&nbsp;&nbsp;&nbsp;&nbsp;&nbsp;&nbsp;&nbsp;&nbsp;&nbsp;&nbsp;&nbsp;&nbsp;&nbsp;&nbsp;&nbsp;&nbsp;&nbsp;&nbsp;&nbsp;<br \/> &nbsp;&nbsp;&nbsp;&nbsp;&nbsp;&nbsp;&nbsp;&nbsp;&nbsp;&nbsp;&nbsp;&nbsp;&nbsp;&nbsp;&nbsp;&nbsp;&nbsp;&nbsp;&nbsp;&nbsp;&nbsp;&nbsp;&nbsp;&nbsp;&nbsp;&nbsp;&nbsp;&nbsp;&nbsp;&nbsp;&nbsp;&nbsp;&nbsp;&nbsp;&nbsp;&nbsp;&nbsp;&nbsp;&nbsp;&nbsp;&nbsp;&nbsp;&nbsp;&nbsp;&nbsp;&nbsp;&nbsp;&nbsp;&nbsp;&nbsp;&nbsp;&nbsp;&nbsp;&nbsp;&nbsp;&nbsp;&nbsp;&nbsp;&nbsp;&nbsp;&nbsp;&nbsp;&nbsp;&nbsp;&nbsp;&nbsp;&nbsp;<br \/> <img decoding=\"async\" class=\"lazyload HAa Eha\" style=\"border-width: 1px; border-style: solid; margin: 10px; float: left;\" alt=\"\" src=\"data:image\/svg+xml,%3Csvg%20xmlns%3D%27http%3A%2F%2Fwww.w3.org%2F2000%2Fsvg%27%20width%3D%27236%27%20height%3D%27160%27%20viewBox%3D%270%200%20236%20160%27%3E%3Crect%20width%3D%27236%27%20height%3D%27160%27%20fill-opacity%3D%220%22%2F%3E%3C%2Fsvg%3E\" data-orig-src=\"https:\/\/lh3.googleusercontent.com\/-he3njZPgBWs\/VJKJJJvYHOI\/AAAAAAAAIWs\/p7SJFqLvZRY\/w448-h304-no\/3.jpg\" height=\"160\" width=\"236\" \/>&nbsp;&nbsp;&nbsp; <img decoding=\"async\" class=\"lazyload HAa Eha\" style=\"border-width: 1px; border-style: solid; margin: 10px; float: right;\" alt=\"\" src=\"data:image\/svg+xml,%3Csvg%20xmlns%3D%27http%3A%2F%2Fwww.w3.org%2F2000%2Fsvg%27%20width%3D%27170%27%20height%3D%27241%27%20viewBox%3D%270%200%20170%20241%27%3E%3Crect%20width%3D%27170%27%20height%3D%27241%27%20fill-opacity%3D%220%22%2F%3E%3C%2Fsvg%3E\" data-orig-src=\"https:\/\/lh6.googleusercontent.com\/-VqaNdXJ_wps\/VJKJJJ4G6vI\/AAAAAAAAIW0\/DHx5G18YJRo\/w316-h448-no\/ik%2Bsh.%2BPavlit.JPG\" height=\"241\" width=\"170\" \/>P\u00ebrve\u00e7 Takimit t\u00eb Primat\u00ebve, u zhvillua edhe nj\u00eb simpozium shkencor, p\u00ebr Apostull Pavlin, vit q\u00eb Patriarkana Ekumenike e ka shpallur si vit t\u00eb p\u00ebrkushtuar veprimtaris\u00eb Apostolike t\u00eb k\u00ebtij apostulli t\u00eb madh t\u00eb kombeve.Ai filloi t\u00eb diel\u00ebn pasdite, n\u00eb Konstandinopoj\u00eb, p\u00ebr t\u00eb vazhduar n\u00eb dat\u00ebn 13 tetor deri n\u00eb dat\u00ebn 16 tetor n\u00eb qytete ku ka ungjill\u00ebzuar vet\u00eb Apostull Pavli.<\/p>\n<p> &nbsp;&nbsp;&nbsp; Fol\u00ebs n\u00eb simpozium ishin profesor\u00eb universitetesh dhe specialist\u00eb t\u00eb Dhiat\u00ebs s\u00eb Re nga mbar\u00eb bota e krishter\u00eb (orthodhoks\u00eb, romano-katolik\u00eb dhe protestant\u00eb). Gjat\u00eb punimeve t\u00eb k\u00ebtij simpoziumi shkencor u kryen vizita pelegrinazhi n\u00eb Smirn\u00eb (Izmir), Efes, Pamfili, Atalia (Antalia), Perg\u00eb, Rodos dhe Kret\u00eb, vende t\u00eb cilat i ungjill\u00ebzoi dhe i shenjt\u00ebroi Apostull Pavli.<\/p>\n<p> &nbsp; &nbsp; Delegacioni i Kish\u00ebs son\u00eb mori pjes\u00eb jo vet\u00ebm n\u00eb Takimin e Primat\u00ebve t\u00eb Kishave Orthodhokse, por edhe n\u00eb t\u00eb gjitha punimet e Simpoziumit p\u00ebr Apostull Pavlin. Delegacioni kryesohej nga Kryepiskopi Anastas dhe p\u00ebrb\u00ebhej nga Mitropolit\u00ebt e Kor\u00e7\u00ebs e Gjirokastr\u00ebs, Hir\u00ebsin\u00eb e Tij Joanin dhe Hir\u00ebsin\u00eb e Tij Dhimitrin dhe Kryedhjakon Asti Bakallbashi.<\/p>\n<p> &nbsp;&nbsp; <\/span><\/span><\/span><\/div>\n","protected":false},"excerpt":{"rendered":"<p>&nbsp;&nbsp;&nbsp; Nga 9-12 tetor, n\u00eb Konstandinopoj\u00eb, m\u00eb ftes\u00eb t\u00eb Patriarkut Ekumenik, T\u00ebr\u00ebshenjt\u00ebris\u00eb s\u00eb Tij Vartholomeut I, u mbajt takimi i Primat\u00ebve t\u00eb t\u00eb gjitha Kishave t\u00eb Shenjta Orthodhokse. &nbsp;&nbsp;&nbsp; Takimi filloi n\u00eb dat\u00ebn 9 tetor, n\u00eb Konstandinopoj\u00eb n\u00eb Selin\u00eb e Patriarkan\u00ebs Ekumenike n\u00eb Fanar, me nj\u00eb&nbsp; pritje nga Patriarku Ekumenik. &nbsp;&nbsp;&nbsp; N\u00eb m\u00ebngjesin e dit\u00ebs s\u00eb premte t\u00eb dat\u00ebs 10 tetor, n\u00eb kryekish\u00ebn e Sh\u00ebn<\/p>\n","protected":false},"author":1,"featured_media":0,"comment_status":"open","ping_status":"open","sticky":false,"template":"","format":"standard","meta":{"_acf_changed":false,"pagelayer_contact_templates":[],"_pagelayer_content":"","inline_featured_image":false,"fifu_image_url":"","fifu_image_alt":"","footnotes":""},"categories":[108],"tags":[146,153,196,201,212],"class_list":["post-1253","post","type-post","status-publish","format-standard","hentry","category-lajme","tag-146","tag-deklarata-njoftime-zyrtare-d75","tag-tirane","tag-kryepiskopi-anastas","tag-lajme-d27"],"acf":[],"yoast_head":"<!-- This site is optimized with the Yoast SEO plugin v27.2 - https:\/\/yoast.com\/product\/yoast-seo-wordpress\/ -->\n<title>Takimi i Primat\u00ebve Orthodhoks\u00eb, Konstandinopoj\u00eb, 9-12 tetor dhe Simpoziumi shkencor p\u00ebr Apostull Pavlin, 12-16 tetor. (2008) - Kisha Orthodh\u03bfkse Autoqefale e Shqip\u00ebris\u00eb<\/title>\n<meta name=\"robots\" content=\"index, follow, max-snippet:-1, max-image-preview:large, max-video-preview:-1\" \/>\n<link rel=\"canonical\" href=\"https:\/\/orthodoxalbania.org\/2020\/2008\/02\/26\/takimi-i-primateve-orthodhokse-konstandinopoje-9-12-tetor-dhe-simpoziumi-shkencor-per-apostull-pavlin-12-16-tetor-2008\/\" \/>\n<meta property=\"og:locale\" content=\"en_US\" \/>\n<meta property=\"og:type\" content=\"article\" \/>\n<meta property=\"og:title\" content=\"Takimi i Primat\u00ebve Orthodhoks\u00eb, Konstandinopoj\u00eb, 9-12 tetor dhe Simpoziumi shkencor p\u00ebr Apostull Pavlin, 12-16 tetor. (2008) - Kisha Orthodh\u03bfkse Autoqefale e Shqip\u00ebris\u00eb\" \/>\n<meta property=\"og:description\" content=\"&nbsp;&nbsp;&nbsp; Nga 9-12 tetor, n\u00eb Konstandinopoj\u00eb, m\u00eb ftes\u00eb t\u00eb Patriarkut Ekumenik, T\u00ebr\u00ebshenjt\u00ebris\u00eb s\u00eb Tij Vartholomeut I, u mbajt takimi i Primat\u00ebve t\u00eb t\u00eb gjitha Kishave t\u00eb Shenjta Orthodhokse. &nbsp;&nbsp;&nbsp; Takimi filloi n\u00eb dat\u00ebn 9 tetor, n\u00eb Konstandinopoj\u00eb n\u00eb Selin\u00eb e Patriarkan\u00ebs Ekumenike n\u00eb Fanar, me nj\u00eb&nbsp; pritje nga Patriarku Ekumenik. &nbsp;&nbsp;&nbsp; N\u00eb m\u00ebngjesin e dit\u00ebs s\u00eb premte t\u00eb dat\u00ebs 10 tetor, n\u00eb kryekish\u00ebn e Sh\u00ebn\" \/>\n<meta property=\"og:url\" content=\"https:\/\/orthodoxalbania.org\/2020\/2008\/02\/26\/takimi-i-primateve-orthodhokse-konstandinopoje-9-12-tetor-dhe-simpoziumi-shkencor-per-apostull-pavlin-12-16-tetor-2008\/\" \/>\n<meta property=\"og:site_name\" content=\"Kisha Orthodh\u03bfkse Autoqefale e Shqip\u00ebris\u00eb\" \/>\n<meta property=\"article:publisher\" content=\"https:\/\/www.facebook.com\/koash1991\" \/>\n<meta property=\"article:published_time\" content=\"2008-02-26T00:00:00+00:00\" \/>\n<meta property=\"article:modified_time\" content=\"2020-04-06T20:35:28+00:00\" \/>\n<meta property=\"og:image\" content=\"https:\/\/lh4.googleusercontent.com\/-pR2VdoKYipk\/VJKJJlwWHtI\/AAAAAAAAIWo\/sG6slO0Y6Qc\/w448-h336-no\/takimi%2B1.JPG\" \/>\n<meta name=\"author\" content=\"Kisha Orthodhokse\" \/>\n<meta name=\"twitter:card\" content=\"summary_large_image\" \/>\n<meta name=\"twitter:label1\" content=\"Written by\" \/>\n\t<meta name=\"twitter:data1\" content=\"Kisha Orthodhokse\" \/>\n\t<meta name=\"twitter:label2\" content=\"Est. reading time\" \/>\n\t<meta name=\"twitter:data2\" content=\"5 minutes\" \/>\n<script type=\"application\/ld+json\" class=\"yoast-schema-graph\">{\"@context\":\"https:\/\/schema.org\",\"@graph\":[{\"@type\":\"Article\",\"@id\":\"https:\/\/orthodoxalbania.org\/2020\/2008\/02\/26\/takimi-i-primateve-orthodhokse-konstandinopoje-9-12-tetor-dhe-simpoziumi-shkencor-per-apostull-pavlin-12-16-tetor-2008\/#article\",\"isPartOf\":{\"@id\":\"https:\/\/orthodoxalbania.org\/2020\/2008\/02\/26\/takimi-i-primateve-orthodhokse-konstandinopoje-9-12-tetor-dhe-simpoziumi-shkencor-per-apostull-pavlin-12-16-tetor-2008\/\"},\"author\":{\"name\":\"Kisha Orthodhokse\",\"@id\":\"https:\/\/orthodoxalbania.org\/2020\/#\/schema\/person\/0c387634a7063ac612d7ed9ce71c7e86\"},\"headline\":\"Takimi i Primat\u00ebve Orthodhoks\u00eb, Konstandinopoj\u00eb, 9-12 tetor dhe Simpoziumi shkencor p\u00ebr Apostull Pavlin, 12-16 tetor. (2008)\",\"datePublished\":\"2008-02-26T00:00:00+00:00\",\"dateModified\":\"2020-04-06T20:35:28+00:00\",\"mainEntityOfPage\":{\"@id\":\"https:\/\/orthodoxalbania.org\/2020\/2008\/02\/26\/takimi-i-primateve-orthodhokse-konstandinopoje-9-12-tetor-dhe-simpoziumi-shkencor-per-apostull-pavlin-12-16-tetor-2008\/\"},\"wordCount\":991,\"commentCount\":0,\"publisher\":{\"@id\":\"https:\/\/orthodoxalbania.org\/2020\/#organization\"},\"image\":{\"@id\":\"https:\/\/orthodoxalbania.org\/2020\/2008\/02\/26\/takimi-i-primateve-orthodhokse-konstandinopoje-9-12-tetor-dhe-simpoziumi-shkencor-per-apostull-pavlin-12-16-tetor-2008\/#primaryimage\"},\"thumbnailUrl\":\"https:\/\/lh4.googleusercontent.com\/-pR2VdoKYipk\/VJKJJlwWHtI\/AAAAAAAAIWo\/sG6slO0Y6Qc\/w448-h336-no\/takimi%2B1.JPG\",\"keywords\":[\"2008\",\"Deklarata - Njoftime Zyrtare\",\"Kryepiskopata Tiran\u00eb\",\"Kryepiskopi Anastas\",\"lajme\"],\"articleSection\":[\"Lajme\"],\"inLanguage\":\"en-US\"},{\"@type\":\"WebPage\",\"@id\":\"https:\/\/orthodoxalbania.org\/2020\/2008\/02\/26\/takimi-i-primateve-orthodhokse-konstandinopoje-9-12-tetor-dhe-simpoziumi-shkencor-per-apostull-pavlin-12-16-tetor-2008\/\",\"url\":\"https:\/\/orthodoxalbania.org\/2020\/2008\/02\/26\/takimi-i-primateve-orthodhokse-konstandinopoje-9-12-tetor-dhe-simpoziumi-shkencor-per-apostull-pavlin-12-16-tetor-2008\/\",\"name\":\"Takimi i Primat\u00ebve Orthodhoks\u00eb, Konstandinopoj\u00eb, 9-12 tetor dhe Simpoziumi shkencor p\u00ebr Apostull Pavlin, 12-16 tetor. (2008) - Kisha Orthodh\u03bfkse Autoqefale e Shqip\u00ebris\u00eb\",\"isPartOf\":{\"@id\":\"https:\/\/orthodoxalbania.org\/2020\/#website\"},\"primaryImageOfPage\":{\"@id\":\"https:\/\/orthodoxalbania.org\/2020\/2008\/02\/26\/takimi-i-primateve-orthodhokse-konstandinopoje-9-12-tetor-dhe-simpoziumi-shkencor-per-apostull-pavlin-12-16-tetor-2008\/#primaryimage\"},\"image\":{\"@id\":\"https:\/\/orthodoxalbania.org\/2020\/2008\/02\/26\/takimi-i-primateve-orthodhokse-konstandinopoje-9-12-tetor-dhe-simpoziumi-shkencor-per-apostull-pavlin-12-16-tetor-2008\/#primaryimage\"},\"thumbnailUrl\":\"https:\/\/lh4.googleusercontent.com\/-pR2VdoKYipk\/VJKJJlwWHtI\/AAAAAAAAIWo\/sG6slO0Y6Qc\/w448-h336-no\/takimi%2B1.JPG\",\"datePublished\":\"2008-02-26T00:00:00+00:00\",\"dateModified\":\"2020-04-06T20:35:28+00:00\",\"breadcrumb\":{\"@id\":\"https:\/\/orthodoxalbania.org\/2020\/2008\/02\/26\/takimi-i-primateve-orthodhokse-konstandinopoje-9-12-tetor-dhe-simpoziumi-shkencor-per-apostull-pavlin-12-16-tetor-2008\/#breadcrumb\"},\"inLanguage\":\"en-US\",\"potentialAction\":[{\"@type\":\"ReadAction\",\"target\":[\"https:\/\/orthodoxalbania.org\/2020\/2008\/02\/26\/takimi-i-primateve-orthodhokse-konstandinopoje-9-12-tetor-dhe-simpoziumi-shkencor-per-apostull-pavlin-12-16-tetor-2008\/\"]}]},{\"@type\":\"ImageObject\",\"inLanguage\":\"en-US\",\"@id\":\"https:\/\/orthodoxalbania.org\/2020\/2008\/02\/26\/takimi-i-primateve-orthodhokse-konstandinopoje-9-12-tetor-dhe-simpoziumi-shkencor-per-apostull-pavlin-12-16-tetor-2008\/#primaryimage\",\"url\":\"https:\/\/lh4.googleusercontent.com\/-pR2VdoKYipk\/VJKJJlwWHtI\/AAAAAAAAIWo\/sG6slO0Y6Qc\/w448-h336-no\/takimi%2B1.JPG\",\"contentUrl\":\"https:\/\/lh4.googleusercontent.com\/-pR2VdoKYipk\/VJKJJlwWHtI\/AAAAAAAAIWo\/sG6slO0Y6Qc\/w448-h336-no\/takimi%2B1.JPG\"},{\"@type\":\"BreadcrumbList\",\"@id\":\"https:\/\/orthodoxalbania.org\/2020\/2008\/02\/26\/takimi-i-primateve-orthodhokse-konstandinopoje-9-12-tetor-dhe-simpoziumi-shkencor-per-apostull-pavlin-12-16-tetor-2008\/#breadcrumb\",\"itemListElement\":[{\"@type\":\"ListItem\",\"position\":1,\"name\":\"Home\",\"item\":\"https:\/\/orthodoxalbania.org\/2020\/\"},{\"@type\":\"ListItem\",\"position\":2,\"name\":\"Takimi i Primat\u00ebve Orthodhoks\u00eb, Konstandinopoj\u00eb, 9-12 tetor dhe Simpoziumi shkencor p\u00ebr Apostull Pavlin, 12-16 tetor. (2008)\"}]},{\"@type\":\"WebSite\",\"@id\":\"https:\/\/orthodoxalbania.org\/2020\/#website\",\"url\":\"https:\/\/orthodoxalbania.org\/2020\/\",\"name\":\"Kisha Orthodh\u03bfkse Autoqefale e Shqip\u00ebris\u00eb\",\"description\":\"Fqja Zyrtare e Kish\u00ebs Orthodhokse Autoqefale e Shqip\u00ebris\u00eb me lajmet edhe informacionet zyrtare p\u00ebr struktur\u00ebn edhe veprimtarin e saj.\",\"publisher\":{\"@id\":\"https:\/\/orthodoxalbania.org\/2020\/#organization\"},\"potentialAction\":[{\"@type\":\"SearchAction\",\"target\":{\"@type\":\"EntryPoint\",\"urlTemplate\":\"https:\/\/orthodoxalbania.org\/2020\/?s={search_term_string}\"},\"query-input\":{\"@type\":\"PropertyValueSpecification\",\"valueRequired\":true,\"valueName\":\"search_term_string\"}}],\"inLanguage\":\"en-US\"},{\"@type\":\"Organization\",\"@id\":\"https:\/\/orthodoxalbania.org\/2020\/#organization\",\"name\":\"Kisha Orthodhokse Autoqefale e Shqip\u00ebris\u00eb\",\"url\":\"https:\/\/orthodoxalbania.org\/2020\/\",\"logo\":{\"@type\":\"ImageObject\",\"inLanguage\":\"en-US\",\"@id\":\"https:\/\/orthodoxalbania.org\/2020\/#\/schema\/logo\/image\/\",\"url\":\"https:\/\/orthodoxalbania.org\/2020\/wp-content\/uploads\/2020\/05\/albania.jpeg\",\"contentUrl\":\"https:\/\/orthodoxalbania.org\/2020\/wp-content\/uploads\/2020\/05\/albania.jpeg\",\"width\":540,\"height\":540,\"caption\":\"Kisha Orthodhokse Autoqefale e Shqip\u00ebris\u00eb\"},\"image\":{\"@id\":\"https:\/\/orthodoxalbania.org\/2020\/#\/schema\/logo\/image\/\"},\"sameAs\":[\"https:\/\/www.facebook.com\/koash1991\"]},{\"@type\":\"Person\",\"@id\":\"https:\/\/orthodoxalbania.org\/2020\/#\/schema\/person\/0c387634a7063ac612d7ed9ce71c7e86\",\"name\":\"Kisha Orthodhokse\",\"image\":{\"@type\":\"ImageObject\",\"inLanguage\":\"en-US\",\"@id\":\"https:\/\/secure.gravatar.com\/avatar\/596e7c417251e30f2fbb9c00e026fce61a695a00e51c889caded71c96cbbdde5?s=96&d=mm&r=g\",\"url\":\"https:\/\/secure.gravatar.com\/avatar\/596e7c417251e30f2fbb9c00e026fce61a695a00e51c889caded71c96cbbdde5?s=96&d=mm&r=g\",\"contentUrl\":\"https:\/\/secure.gravatar.com\/avatar\/596e7c417251e30f2fbb9c00e026fce61a695a00e51c889caded71c96cbbdde5?s=96&d=mm&r=g\",\"caption\":\"Kisha Orthodhokse\"}}]}<\/script>\n<!-- \/ Yoast SEO plugin. -->","yoast_head_json":{"title":"Takimi i Primat\u00ebve Orthodhoks\u00eb, Konstandinopoj\u00eb, 9-12 tetor dhe Simpoziumi shkencor p\u00ebr Apostull Pavlin, 12-16 tetor. (2008) - Kisha Orthodh\u03bfkse Autoqefale e Shqip\u00ebris\u00eb","robots":{"index":"index","follow":"follow","max-snippet":"max-snippet:-1","max-image-preview":"max-image-preview:large","max-video-preview":"max-video-preview:-1"},"canonical":"https:\/\/orthodoxalbania.org\/2020\/2008\/02\/26\/takimi-i-primateve-orthodhokse-konstandinopoje-9-12-tetor-dhe-simpoziumi-shkencor-per-apostull-pavlin-12-16-tetor-2008\/","og_locale":"en_US","og_type":"article","og_title":"Takimi i Primat\u00ebve Orthodhoks\u00eb, Konstandinopoj\u00eb, 9-12 tetor dhe Simpoziumi shkencor p\u00ebr Apostull Pavlin, 12-16 tetor. (2008) - Kisha Orthodh\u03bfkse Autoqefale e Shqip\u00ebris\u00eb","og_description":"&nbsp;&nbsp;&nbsp; Nga 9-12 tetor, n\u00eb Konstandinopoj\u00eb, m\u00eb ftes\u00eb t\u00eb Patriarkut Ekumenik, T\u00ebr\u00ebshenjt\u00ebris\u00eb s\u00eb Tij Vartholomeut I, u mbajt takimi i Primat\u00ebve t\u00eb t\u00eb gjitha Kishave t\u00eb Shenjta Orthodhokse. &nbsp;&nbsp;&nbsp; Takimi filloi n\u00eb dat\u00ebn 9 tetor, n\u00eb Konstandinopoj\u00eb n\u00eb Selin\u00eb e Patriarkan\u00ebs Ekumenike n\u00eb Fanar, me nj\u00eb&nbsp; pritje nga Patriarku Ekumenik. &nbsp;&nbsp;&nbsp; N\u00eb m\u00ebngjesin e dit\u00ebs s\u00eb premte t\u00eb dat\u00ebs 10 tetor, n\u00eb kryekish\u00ebn e Sh\u00ebn","og_url":"https:\/\/orthodoxalbania.org\/2020\/2008\/02\/26\/takimi-i-primateve-orthodhokse-konstandinopoje-9-12-tetor-dhe-simpoziumi-shkencor-per-apostull-pavlin-12-16-tetor-2008\/","og_site_name":"Kisha Orthodh\u03bfkse Autoqefale e Shqip\u00ebris\u00eb","article_publisher":"https:\/\/www.facebook.com\/koash1991","article_published_time":"2008-02-26T00:00:00+00:00","article_modified_time":"2020-04-06T20:35:28+00:00","og_image":[{"url":"https:\/\/lh4.googleusercontent.com\/-pR2VdoKYipk\/VJKJJlwWHtI\/AAAAAAAAIWo\/sG6slO0Y6Qc\/w448-h336-no\/takimi%2B1.JPG","type":"","width":"","height":""}],"author":"Kisha Orthodhokse","twitter_card":"summary_large_image","twitter_misc":{"Written by":"Kisha Orthodhokse","Est. reading time":"5 minutes"},"schema":{"@context":"https:\/\/schema.org","@graph":[{"@type":"Article","@id":"https:\/\/orthodoxalbania.org\/2020\/2008\/02\/26\/takimi-i-primateve-orthodhokse-konstandinopoje-9-12-tetor-dhe-simpoziumi-shkencor-per-apostull-pavlin-12-16-tetor-2008\/#article","isPartOf":{"@id":"https:\/\/orthodoxalbania.org\/2020\/2008\/02\/26\/takimi-i-primateve-orthodhokse-konstandinopoje-9-12-tetor-dhe-simpoziumi-shkencor-per-apostull-pavlin-12-16-tetor-2008\/"},"author":{"name":"Kisha Orthodhokse","@id":"https:\/\/orthodoxalbania.org\/2020\/#\/schema\/person\/0c387634a7063ac612d7ed9ce71c7e86"},"headline":"Takimi i Primat\u00ebve Orthodhoks\u00eb, Konstandinopoj\u00eb, 9-12 tetor dhe Simpoziumi shkencor p\u00ebr Apostull Pavlin, 12-16 tetor. (2008)","datePublished":"2008-02-26T00:00:00+00:00","dateModified":"2020-04-06T20:35:28+00:00","mainEntityOfPage":{"@id":"https:\/\/orthodoxalbania.org\/2020\/2008\/02\/26\/takimi-i-primateve-orthodhokse-konstandinopoje-9-12-tetor-dhe-simpoziumi-shkencor-per-apostull-pavlin-12-16-tetor-2008\/"},"wordCount":991,"commentCount":0,"publisher":{"@id":"https:\/\/orthodoxalbania.org\/2020\/#organization"},"image":{"@id":"https:\/\/orthodoxalbania.org\/2020\/2008\/02\/26\/takimi-i-primateve-orthodhokse-konstandinopoje-9-12-tetor-dhe-simpoziumi-shkencor-per-apostull-pavlin-12-16-tetor-2008\/#primaryimage"},"thumbnailUrl":"https:\/\/lh4.googleusercontent.com\/-pR2VdoKYipk\/VJKJJlwWHtI\/AAAAAAAAIWo\/sG6slO0Y6Qc\/w448-h336-no\/takimi%2B1.JPG","keywords":["2008","Deklarata - Njoftime Zyrtare","Kryepiskopata Tiran\u00eb","Kryepiskopi Anastas","lajme"],"articleSection":["Lajme"],"inLanguage":"en-US"},{"@type":"WebPage","@id":"https:\/\/orthodoxalbania.org\/2020\/2008\/02\/26\/takimi-i-primateve-orthodhokse-konstandinopoje-9-12-tetor-dhe-simpoziumi-shkencor-per-apostull-pavlin-12-16-tetor-2008\/","url":"https:\/\/orthodoxalbania.org\/2020\/2008\/02\/26\/takimi-i-primateve-orthodhokse-konstandinopoje-9-12-tetor-dhe-simpoziumi-shkencor-per-apostull-pavlin-12-16-tetor-2008\/","name":"Takimi i Primat\u00ebve Orthodhoks\u00eb, Konstandinopoj\u00eb, 9-12 tetor dhe Simpoziumi shkencor p\u00ebr Apostull Pavlin, 12-16 tetor. (2008) - Kisha Orthodh\u03bfkse Autoqefale e Shqip\u00ebris\u00eb","isPartOf":{"@id":"https:\/\/orthodoxalbania.org\/2020\/#website"},"primaryImageOfPage":{"@id":"https:\/\/orthodoxalbania.org\/2020\/2008\/02\/26\/takimi-i-primateve-orthodhokse-konstandinopoje-9-12-tetor-dhe-simpoziumi-shkencor-per-apostull-pavlin-12-16-tetor-2008\/#primaryimage"},"image":{"@id":"https:\/\/orthodoxalbania.org\/2020\/2008\/02\/26\/takimi-i-primateve-orthodhokse-konstandinopoje-9-12-tetor-dhe-simpoziumi-shkencor-per-apostull-pavlin-12-16-tetor-2008\/#primaryimage"},"thumbnailUrl":"https:\/\/lh4.googleusercontent.com\/-pR2VdoKYipk\/VJKJJlwWHtI\/AAAAAAAAIWo\/sG6slO0Y6Qc\/w448-h336-no\/takimi%2B1.JPG","datePublished":"2008-02-26T00:00:00+00:00","dateModified":"2020-04-06T20:35:28+00:00","breadcrumb":{"@id":"https:\/\/orthodoxalbania.org\/2020\/2008\/02\/26\/takimi-i-primateve-orthodhokse-konstandinopoje-9-12-tetor-dhe-simpoziumi-shkencor-per-apostull-pavlin-12-16-tetor-2008\/#breadcrumb"},"inLanguage":"en-US","potentialAction":[{"@type":"ReadAction","target":["https:\/\/orthodoxalbania.org\/2020\/2008\/02\/26\/takimi-i-primateve-orthodhokse-konstandinopoje-9-12-tetor-dhe-simpoziumi-shkencor-per-apostull-pavlin-12-16-tetor-2008\/"]}]},{"@type":"ImageObject","inLanguage":"en-US","@id":"https:\/\/orthodoxalbania.org\/2020\/2008\/02\/26\/takimi-i-primateve-orthodhokse-konstandinopoje-9-12-tetor-dhe-simpoziumi-shkencor-per-apostull-pavlin-12-16-tetor-2008\/#primaryimage","url":"https:\/\/lh4.googleusercontent.com\/-pR2VdoKYipk\/VJKJJlwWHtI\/AAAAAAAAIWo\/sG6slO0Y6Qc\/w448-h336-no\/takimi%2B1.JPG","contentUrl":"https:\/\/lh4.googleusercontent.com\/-pR2VdoKYipk\/VJKJJlwWHtI\/AAAAAAAAIWo\/sG6slO0Y6Qc\/w448-h336-no\/takimi%2B1.JPG"},{"@type":"BreadcrumbList","@id":"https:\/\/orthodoxalbania.org\/2020\/2008\/02\/26\/takimi-i-primateve-orthodhokse-konstandinopoje-9-12-tetor-dhe-simpoziumi-shkencor-per-apostull-pavlin-12-16-tetor-2008\/#breadcrumb","itemListElement":[{"@type":"ListItem","position":1,"name":"Home","item":"https:\/\/orthodoxalbania.org\/2020\/"},{"@type":"ListItem","position":2,"name":"Takimi i Primat\u00ebve Orthodhoks\u00eb, Konstandinopoj\u00eb, 9-12 tetor dhe Simpoziumi shkencor p\u00ebr Apostull Pavlin, 12-16 tetor. (2008)"}]},{"@type":"WebSite","@id":"https:\/\/orthodoxalbania.org\/2020\/#website","url":"https:\/\/orthodoxalbania.org\/2020\/","name":"Kisha Orthodh\u03bfkse Autoqefale e Shqip\u00ebris\u00eb","description":"Fqja Zyrtare e Kish\u00ebs Orthodhokse Autoqefale e Shqip\u00ebris\u00eb me lajmet edhe informacionet zyrtare p\u00ebr struktur\u00ebn edhe veprimtarin e saj.","publisher":{"@id":"https:\/\/orthodoxalbania.org\/2020\/#organization"},"potentialAction":[{"@type":"SearchAction","target":{"@type":"EntryPoint","urlTemplate":"https:\/\/orthodoxalbania.org\/2020\/?s={search_term_string}"},"query-input":{"@type":"PropertyValueSpecification","valueRequired":true,"valueName":"search_term_string"}}],"inLanguage":"en-US"},{"@type":"Organization","@id":"https:\/\/orthodoxalbania.org\/2020\/#organization","name":"Kisha Orthodhokse Autoqefale e Shqip\u00ebris\u00eb","url":"https:\/\/orthodoxalbania.org\/2020\/","logo":{"@type":"ImageObject","inLanguage":"en-US","@id":"https:\/\/orthodoxalbania.org\/2020\/#\/schema\/logo\/image\/","url":"https:\/\/orthodoxalbania.org\/2020\/wp-content\/uploads\/2020\/05\/albania.jpeg","contentUrl":"https:\/\/orthodoxalbania.org\/2020\/wp-content\/uploads\/2020\/05\/albania.jpeg","width":540,"height":540,"caption":"Kisha Orthodhokse Autoqefale e Shqip\u00ebris\u00eb"},"image":{"@id":"https:\/\/orthodoxalbania.org\/2020\/#\/schema\/logo\/image\/"},"sameAs":["https:\/\/www.facebook.com\/koash1991"]},{"@type":"Person","@id":"https:\/\/orthodoxalbania.org\/2020\/#\/schema\/person\/0c387634a7063ac612d7ed9ce71c7e86","name":"Kisha Orthodhokse","image":{"@type":"ImageObject","inLanguage":"en-US","@id":"https:\/\/secure.gravatar.com\/avatar\/596e7c417251e30f2fbb9c00e026fce61a695a00e51c889caded71c96cbbdde5?s=96&d=mm&r=g","url":"https:\/\/secure.gravatar.com\/avatar\/596e7c417251e30f2fbb9c00e026fce61a695a00e51c889caded71c96cbbdde5?s=96&d=mm&r=g","contentUrl":"https:\/\/secure.gravatar.com\/avatar\/596e7c417251e30f2fbb9c00e026fce61a695a00e51c889caded71c96cbbdde5?s=96&d=mm&r=g","caption":"Kisha Orthodhokse"}}]}},"_links":{"self":[{"href":"https:\/\/orthodoxalbania.org\/2020\/wp-json\/wp\/v2\/posts\/1253","targetHints":{"allow":["GET"]}}],"collection":[{"href":"https:\/\/orthodoxalbania.org\/2020\/wp-json\/wp\/v2\/posts"}],"about":[{"href":"https:\/\/orthodoxalbania.org\/2020\/wp-json\/wp\/v2\/types\/post"}],"author":[{"embeddable":true,"href":"https:\/\/orthodoxalbania.org\/2020\/wp-json\/wp\/v2\/users\/1"}],"replies":[{"embeddable":true,"href":"https:\/\/orthodoxalbania.org\/2020\/wp-json\/wp\/v2\/comments?post=1253"}],"version-history":[{"count":1,"href":"https:\/\/orthodoxalbania.org\/2020\/wp-json\/wp\/v2\/posts\/1253\/revisions"}],"predecessor-version":[{"id":15692,"href":"https:\/\/orthodoxalbania.org\/2020\/wp-json\/wp\/v2\/posts\/1253\/revisions\/15692"}],"wp:attachment":[{"href":"https:\/\/orthodoxalbania.org\/2020\/wp-json\/wp\/v2\/media?parent=1253"}],"wp:term":[{"taxonomy":"category","embeddable":true,"href":"https:\/\/orthodoxalbania.org\/2020\/wp-json\/wp\/v2\/categories?post=1253"},{"taxonomy":"post_tag","embeddable":true,"href":"https:\/\/orthodoxalbania.org\/2020\/wp-json\/wp\/v2\/tags?post=1253"}],"curies":[{"name":"wp","href":"https:\/\/api.w.org\/{rel}","templated":true}]}}