{"id":1252,"date":"2009-03-13T10:19:06","date_gmt":"2009-03-13T10:19:06","guid":{"rendered":""},"modified":"2020-04-06T22:35:10","modified_gmt":"2020-04-06T20:35:10","slug":"takimi-i-pare-zyrtar-historik-i-kryepiskopit-anastas-me-papen-benedikti-xvi-vatikan-4-dhjetor-2009","status":"publish","type":"post","link":"https:\/\/orthodoxalbania.org\/2020\/2009\/03\/13\/takimi-i-pare-zyrtar-historik-i-kryepiskopit-anastas-me-papen-benedikti-xvi-vatikan-4-dhjetor-2009\/","title":{"rendered":"Takimi i par\u00eb zyrtar historik i Kryepiskopit Anastas me Pap\u00ebn Benedikti XVI Vatikan, 4 dhjetor 2009."},"content":{"rendered":"<div style=\"text-align: justify;\">&nbsp;<\/div>\n<div style=\"text-align: center;\"><span style=\"color: #b22222;\"><strong><span style=\"font-family: tahoma,geneva,sans-serif;\"><span style=\"font-size: 12px;\">Takimi i par\u00eb zyrtar historik i Kryepiskopit Anastas me Pap\u00ebn Benedikti XVI Vatikan, 4 dhjetor 2009<\/span><\/span><\/strong><\/span><\/div>\n<div style=\"text-align: justify;\">&nbsp;<\/div>\n<table style=\"margin-right: auto; margin-left: auto;\">\n<tbody>\n<tr>\n<td style=\"text-align: justify; width: 315px;\">\n<div style=\"text-align: right;\"><span style=\"color: #000000;\"><span style=\"font-family: tahoma,geneva,sans-serif;\"><span style=\"font-size: 12px;\"><img decoding=\"async\" class=\"lazyload HAa Eha\" style=\"height: 188px; width: 300px; border-width: 1px; border-style: solid; margin: 10px;\" alt=\"\" src=\"data:image\/gif;base64,R0lGODlhAQABAAAAACH5BAEKAAEALAAAAAABAAEAAAICTAEAOw==\" data-orig-src=\"https:\/\/lh6.googleusercontent.com\/-ATbFmforHaI\/U_2G4IQYsxI\/AAAAAAAABPk\/_JSvz95YzFY\/w958-h601-no\/capture_05122009_190259.jpg\" \/><\/span><\/span><\/span><\/div>\n<\/td>\n<td style=\"text-align: justify; width: 305px;\">\n<div style=\"text-align: left;\"><span style=\"color: #000000;\"><span style=\"font-family: tahoma,geneva,sans-serif;\"><span style=\"font-size: 12px;\"><img decoding=\"async\" class=\"lazyload HAa Eha\" style=\"height: 189px; width: 300px; border-width: 1px; border-style: solid; margin: 10px;\" alt=\"\" src=\"data:image\/gif;base64,R0lGODlhAQABAAAAACH5BAEKAAEALAAAAAABAAEAAAICTAEAOw==\" data-orig-src=\"https:\/\/lh6.googleusercontent.com\/-ekapqqE6EVw\/U_2G4GcstII\/AAAAAAAABPo\/CSoym8FswTs\/w957-h604-no\/capture_05122009_190313.jpg\" \/><\/span><\/span><\/span><\/div>\n<\/td>\n<\/tr>\n<\/tbody>\n<\/table>\n<div class=\"style10\" style=\"text-align: justify;\">&nbsp;<\/div>\n<div class=\"style10\" style=\"text-align: justify;\"><span style=\"color: #000000;\"><span style=\"font-family: tahoma,geneva,sans-serif;\"><span style=\"font-size: 12px;\">&nbsp;&nbsp;&nbsp; Kryepiskopi i Tiran\u00ebs dhe i gjith\u00eb Shqip\u00ebris\u00eb, Fortlumturia e Tij Anastasi, po zhvillon nga 3-8 dhjetor, nj\u00eb vizit\u00eb zyrtare n\u00eb Vatikan, me ftes\u00eb nga Papa Benedikti XVI.<\/span><\/span><\/span><\/div>\n<div class=\"style10\" style=\"text-align: justify;\">&nbsp;<\/div>\n<div class=\"style10\" style=\"text-align: justify;\"><span style=\"color: #000000;\"><span style=\"font-family: tahoma,geneva,sans-serif;\"><span style=\"font-size: 12px;\">&nbsp;&nbsp;&nbsp; Kryepiskopi Anastas shoq\u00ebrohet nga: Mitropoliti i Kor\u00e7\u00ebs, Hir\u00ebsia e Tij Joani; Episkopi i Apollonis\u00eb, Hir\u00ebsia e Tij Nikolla, Episkopi i Kruj\u00ebs, Hir\u00ebsia e Tij Andoni; Kryesekretari i Sinodit t\u00eb Shenjt\u00eb, Protopresviter Jani Trebicka dhe dhjakon Anastas Bendo.<\/span><\/span><\/span><\/div>\n<div class=\"style10\" style=\"text-align: justify;\">&nbsp;<\/div>\n<div class=\"style10\" style=\"text-align: justify;\"><span style=\"color: #b22222;\"><span style=\"font-family: tahoma,geneva,sans-serif;\"><span style=\"font-size: 12px;\"><strong>&nbsp;&nbsp;&nbsp; Paraditen e dit\u00ebs s\u00eb sotme, 4 dhjetor<\/strong><\/span><\/span><\/span><span style=\"color: #000000;\"><span style=\"font-family: tahoma,geneva,sans-serif;\"><span style=\"font-size: 12px;\">, u b\u00eb takimi i par\u00eb zyrtar historik i Kryepiskopit Anastas me Pap\u00ebn Benedikti XVI.<\/span><\/span><\/span><\/div>\n<div class=\"style10\" style=\"text-align: justify;\"> <span style=\"color: #000000;\"><span style=\"font-family: tahoma,geneva,sans-serif;\"><span style=\"font-size: 12px;\">&nbsp;&nbsp;&nbsp; Papa tha se ishte i g\u00ebzuar t\u2019i uronte mir\u00ebseardhjen Fortlumturis\u00eb s\u00eb Tij dhe p\u00ebrfaq\u00ebsuesve t\u00eb lart\u00eb t\u00eb Kish\u00ebs Orthodhokse Autoqefale t\u00eb Shqip\u00ebris\u00eb q\u00eb e shoq\u00ebronin.<\/span><\/span><\/span><\/div>\n<div class=\"style10\" style=\"text-align: justify;\">&nbsp;<\/div>\n<div class=\"style10\" style=\"text-align: justify;\"><span style=\"color: #000000;\"><span style=\"font-family: tahoma,geneva,sans-serif;\"><span style=\"font-size: 12px;\">&nbsp;&nbsp;&nbsp; Papa kujtoi me admirim shembullin e t\u00eb krishter\u00ebve shqiptar\u00eb q\u00eb e mbajt\u00ebn gjall\u00eb besimin&nbsp; e tyre edhe n\u00eb vitet e represionit komunist, duke n\u00ebnvizuar, se krishterimi ka l\u00ebn\u00eb gjurm\u00eb t\u00eb pashlyeshme n\u00eb kultur\u00ebn shqiptare. Ai theksoi se \u201cMarr\u00ebdh\u00ebniet v\u00ebllaz\u00ebrore midis katolik\u00ebve dhe orthodhoks\u00ebve jan\u00eb frym\u00ebzim p\u00ebr gjith\u00eb popullin&nbsp; shqiptar, dhe d\u00ebshmojn\u00eb se \u00ebsht\u00eb e mundur p\u00ebr t\u00eb krishter\u00ebt q\u00eb t\u00eb jetojn\u00eb n\u00eb harmoni&#8230;\u201d<\/span><\/span><\/span><\/div>\n<div class=\"style10\" style=\"text-align: justify;\">&nbsp;<\/div>\n<div class=\"style10\" style=\"text-align: justify;\"><span style=\"color: #000000;\"><span style=\"font-family: tahoma,geneva,sans-serif;\"><span style=\"font-size: 12px;\">&nbsp;&nbsp;&nbsp; Papa Benedikti XVI vler\u00ebsoi lart kontributin e Kryepiskopit Anastas p\u00ebr ringritjen e Kish\u00ebs n\u00eb Shqip\u00ebri, duke e quajtur \u201cnj\u00eb l\u00ebvizje rinovimi, q\u00eb Fortlumturia Juaj e quan me t\u00eb drejt\u00eb Ngjallja (shqip n\u00eb origjinal)\u201d<\/span><\/span><\/span><\/div>\n<div class=\"style10\" style=\"text-align: justify;\">&nbsp;<\/div>\n<div class=\"style10\" style=\"text-align: justify;\"><span style=\"color: #000000;\"><span style=\"font-family: tahoma,geneva,sans-serif;\"><span style=\"font-size: 12px;\">&nbsp;&nbsp;&nbsp; Pastaj Papa vuri n\u00eb dukje kontributin e Kryepiskopit Anastas dhe t\u00eb Kish\u00ebs Orthodhokse Autoqefale t\u00eb Shqip\u00ebris\u00eb n\u00eb dialogun nd\u00ebrkomb\u00ebtar katoliko-orthodhoks. Ai gjithashtu kujtoi dy nisma t\u00eb r\u00ebnd\u00ebsishme: Krijimin e Shoq\u00ebris\u00eb Biblike Nd\u00ebrkonfesionale dhe t\u00eb Komitetit p\u00ebr marr\u00ebdh\u00ebniet nd\u00ebrfetare, q\u00eb \u00ebsht\u00eb i vlefsh\u00ebm edhe p\u00ebr dialogun me besimet e tjera.<\/span><\/span><\/span><\/div>\n<div class=\"style10\" style=\"text-align: justify;\"> <span style=\"color: #000000;\"><span style=\"font-family: tahoma,geneva,sans-serif;\"><span style=\"font-size: 12px;\">&nbsp;&nbsp;&nbsp; Kryepiskopi Anastas nga ana e tij e quajti takimin nj\u00eb ngjarje historike, sepse p\u00ebr her\u00eb t\u00eb par\u00eb nj\u00eb p\u00ebrfaq\u00ebsi zyrtare e Kish\u00ebs Orthodhokse Autoqefale t\u00eb Shqip\u00ebris\u00eb b\u00ebn vizit\u00eb n\u00eb Kish\u00ebn e Rom\u00ebs, duke n\u00ebnvizuar se bota e sotme ka nevoj\u00eb p\u00ebr nj\u00eb afrim t\u00eb ri midis t\u00eb krishter\u00ebve, sepse dialogu teologjik dhe pajtimi jan\u00eb nj\u00eb detyr\u00eb themelore p\u00ebr t\u00eb gjith\u00eb udh\u00ebheq\u00ebsit e Kishave.<\/span><\/span><\/span><\/div>\n<div class=\"style10\" style=\"text-align: justify;\">&nbsp;<\/div>\n<div class=\"style10\" style=\"text-align: justify;\"><span style=\"color: #000000;\"><span style=\"font-family: tahoma,geneva,sans-serif;\"><span style=\"font-size: 12px;\">&nbsp;&nbsp;&nbsp; Kryepiskopi Anastas b\u00ebri edhe nj\u00eb p\u00ebrshkrim t\u00eb persekutimit dhe ringritjes nga g\u00ebrmadhat t\u00eb Kish\u00ebs Orthodhokse n\u00eb Shqip\u00ebri.<\/span><\/span><\/span><\/div>\n<div class=\"style10\" style=\"text-align: justify;\">&nbsp;<\/div>\n<div class=\"style10\" style=\"text-align: justify;\"><span style=\"color: #000000;\"><span style=\"font-family: tahoma,geneva,sans-serif;\"><span style=\"font-size: 12px;\">&nbsp;&nbsp;&nbsp; N\u00eb dit\u00ebt n\u00eb vazhdim Kryepiskopi&nbsp; Anastas dhe p\u00ebrfaq\u00ebsia q\u00eb e shoq\u00ebron do t\u00eb b\u00ebjn\u00eb vizita n\u00eb institucione dhe vende kulti t\u00eb Vatikanit dhe do t\u00eb ket\u00eb takime t\u00eb r\u00ebnd\u00ebsishme.<\/span><\/span><\/span><\/div>\n<div class=\"style10\" style=\"text-align: justify;\"> <span style=\"color: #000000;\"><span style=\"font-family: tahoma,geneva,sans-serif;\"><span style=\"font-size: 12px;\">&nbsp;&nbsp;&nbsp; Nd\u00ebrsa n\u00eb dat\u00ebn 9 dhjetor, Kryepiskopit, Prof. Dr. Anastasit, do t\u2019i dor\u00ebzohet n\u00eb Napoli titulli Doktor Honoris Causa n\u00eb Teologji, p\u00ebr kontributin e gjat\u00eb dhe intensiv shkencor, misionar dhe baritor, nga Universiteti Pontifikal i Italis\u00eb Meridionale.<\/span><\/span><\/span><\/div>\n<div class=\"style10\" style=\"text-align: justify;\"> <span style=\"color: #000000;\"><span style=\"font-family: tahoma,geneva,sans-serif;\"><span style=\"font-size: 12px;\">&nbsp;&nbsp;&nbsp; Gjithashtu, Fortlumturia e Tij \u00ebsht\u00eb ftuar nga Kryekancelari i k\u00ebtij fakulteti, Arqipeshkvi i Napolit, Kardinal Kreshenzio Sepe, q\u00eb t\u00eb mbaj\u00eb fjal\u00ebn kryesore <em>Lectio Magistralis<\/em> t\u00eb hapjes zyrtare t\u00eb vitit t\u00eb ri akademik, n\u00eb Aula Magna t\u00eb seksionit \u201cSan Tomaso\u201d.<\/span><\/span><\/span><\/div>\n<div class=\"style11\" style=\"text-align: justify;\">&nbsp;<\/div>\n<div class=\"style11\" style=\"text-align: justify;\">&nbsp;<\/div>\n<div class=\"style10\" style=\"text-align: center;\"><span style=\"color: #000000;\"><span style=\"font-family: tahoma,geneva,sans-serif;\"><span style=\"font-size: 12px;\"><strong>Zyra e Shtypit <\/strong><\/span><\/span><\/span><\/div>\n<div class=\"style10\" style=\"text-align: center;\"><span style=\"color: #000000;\"><span style=\"font-family: tahoma,geneva,sans-serif;\"><span style=\"font-size: 12px;\"><strong>e Kish\u00ebs Orthodhokse Autoqefale t\u00eb Shqip\u00ebris\u00eb<\/strong><\/span><\/span><\/span><\/div>\n","protected":false},"excerpt":{"rendered":"<p>&nbsp; Takimi i par\u00eb zyrtar historik i Kryepiskopit Anastas me Pap\u00ebn Benedikti XVI Vatikan, 4 dhjetor 2009 &nbsp; &nbsp; &nbsp;&nbsp;&nbsp; Kryepiskopi i Tiran\u00ebs dhe i gjith\u00eb Shqip\u00ebris\u00eb, Fortlumturia e Tij Anastasi, po zhvillon nga 3-8 dhjetor, nj\u00eb vizit\u00eb zyrtare n\u00eb Vatikan, me ftes\u00eb nga Papa Benedikti XVI. &nbsp; &nbsp;&nbsp;&nbsp; Kryepiskopi Anastas shoq\u00ebrohet nga: Mitropoliti i Kor\u00e7\u00ebs, Hir\u00ebsia e Tij Joani; Episkopi i Apollonis\u00eb, Hir\u00ebsia e<\/p>\n","protected":false},"author":1,"featured_media":0,"comment_status":"open","ping_status":"open","sticky":false,"template":"","format":"standard","meta":{"_acf_changed":false,"pagelayer_contact_templates":[],"_pagelayer_content":"","inline_featured_image":false,"fifu_image_url":"","fifu_image_alt":"","footnotes":""},"categories":[108],"tags":[145,153,196,201,212],"class_list":["post-1252","post","type-post","status-publish","format-standard","hentry","category-lajme","tag-145","tag-deklarata-njoftime-zyrtare-d75","tag-tirane","tag-kryepiskopi-anastas","tag-lajme-d27"],"acf":[],"yoast_head":"<!-- This site is optimized with the Yoast SEO plugin v27.2 - https:\/\/yoast.com\/product\/yoast-seo-wordpress\/ -->\n<title>Takimi i par\u00eb zyrtar historik i Kryepiskopit Anastas me Pap\u00ebn Benedikti XVI Vatikan, 4 dhjetor 2009. - Kisha Orthodh\u03bfkse Autoqefale e Shqip\u00ebris\u00eb<\/title>\n<meta name=\"robots\" content=\"index, follow, max-snippet:-1, max-image-preview:large, max-video-preview:-1\" \/>\n<link rel=\"canonical\" href=\"https:\/\/orthodoxalbania.org\/2020\/2009\/03\/13\/takimi-i-pare-zyrtar-historik-i-kryepiskopit-anastas-me-papen-benedikti-xvi-vatikan-4-dhjetor-2009\/\" \/>\n<meta property=\"og:locale\" content=\"en_US\" \/>\n<meta property=\"og:type\" content=\"article\" \/>\n<meta property=\"og:title\" content=\"Takimi i par\u00eb zyrtar historik i Kryepiskopit Anastas me Pap\u00ebn Benedikti XVI Vatikan, 4 dhjetor 2009. - Kisha Orthodh\u03bfkse Autoqefale e Shqip\u00ebris\u00eb\" \/>\n<meta property=\"og:description\" content=\"&nbsp; Takimi i par\u00eb zyrtar historik i Kryepiskopit Anastas me Pap\u00ebn Benedikti XVI Vatikan, 4 dhjetor 2009 &nbsp; &nbsp; &nbsp;&nbsp;&nbsp; Kryepiskopi i Tiran\u00ebs dhe i gjith\u00eb Shqip\u00ebris\u00eb, Fortlumturia e Tij Anastasi, po zhvillon nga 3-8 dhjetor, nj\u00eb vizit\u00eb zyrtare n\u00eb Vatikan, me ftes\u00eb nga Papa Benedikti XVI. &nbsp; &nbsp;&nbsp;&nbsp; Kryepiskopi Anastas shoq\u00ebrohet nga: Mitropoliti i Kor\u00e7\u00ebs, Hir\u00ebsia e Tij Joani; Episkopi i Apollonis\u00eb, Hir\u00ebsia e\" \/>\n<meta property=\"og:url\" content=\"https:\/\/orthodoxalbania.org\/2020\/2009\/03\/13\/takimi-i-pare-zyrtar-historik-i-kryepiskopit-anastas-me-papen-benedikti-xvi-vatikan-4-dhjetor-2009\/\" \/>\n<meta property=\"og:site_name\" content=\"Kisha Orthodh\u03bfkse Autoqefale e Shqip\u00ebris\u00eb\" \/>\n<meta property=\"article:publisher\" content=\"https:\/\/www.facebook.com\/koash1991\" \/>\n<meta property=\"article:published_time\" content=\"2009-03-13T10:19:06+00:00\" \/>\n<meta property=\"article:modified_time\" content=\"2020-04-06T20:35:10+00:00\" \/>\n<meta property=\"og:image\" content=\"https:\/\/lh6.googleusercontent.com\/-ATbFmforHaI\/U_2G4IQYsxI\/AAAAAAAABPk\/_JSvz95YzFY\/w958-h601-no\/capture_05122009_190259.jpg\" \/>\n<meta name=\"author\" content=\"Kisha Orthodhokse\" \/>\n<meta name=\"twitter:card\" content=\"summary_large_image\" \/>\n<meta name=\"twitter:label1\" content=\"Written by\" \/>\n\t<meta name=\"twitter:data1\" content=\"Kisha Orthodhokse\" \/>\n\t<meta name=\"twitter:label2\" content=\"Est. reading time\" \/>\n\t<meta name=\"twitter:data2\" content=\"3 minutes\" \/>\n<script type=\"application\/ld+json\" class=\"yoast-schema-graph\">{\"@context\":\"https:\/\/schema.org\",\"@graph\":[{\"@type\":\"Article\",\"@id\":\"https:\/\/orthodoxalbania.org\/2020\/2009\/03\/13\/takimi-i-pare-zyrtar-historik-i-kryepiskopit-anastas-me-papen-benedikti-xvi-vatikan-4-dhjetor-2009\/#article\",\"isPartOf\":{\"@id\":\"https:\/\/orthodoxalbania.org\/2020\/2009\/03\/13\/takimi-i-pare-zyrtar-historik-i-kryepiskopit-anastas-me-papen-benedikti-xvi-vatikan-4-dhjetor-2009\/\"},\"author\":{\"name\":\"Kisha Orthodhokse\",\"@id\":\"https:\/\/orthodoxalbania.org\/2020\/#\/schema\/person\/0c387634a7063ac612d7ed9ce71c7e86\"},\"headline\":\"Takimi i par\u00eb zyrtar historik i Kryepiskopit Anastas me Pap\u00ebn Benedikti XVI Vatikan, 4 dhjetor 2009.\",\"datePublished\":\"2009-03-13T10:19:06+00:00\",\"dateModified\":\"2020-04-06T20:35:10+00:00\",\"mainEntityOfPage\":{\"@id\":\"https:\/\/orthodoxalbania.org\/2020\/2009\/03\/13\/takimi-i-pare-zyrtar-historik-i-kryepiskopit-anastas-me-papen-benedikti-xvi-vatikan-4-dhjetor-2009\/\"},\"wordCount\":615,\"commentCount\":0,\"publisher\":{\"@id\":\"https:\/\/orthodoxalbania.org\/2020\/#organization\"},\"image\":{\"@id\":\"https:\/\/orthodoxalbania.org\/2020\/2009\/03\/13\/takimi-i-pare-zyrtar-historik-i-kryepiskopit-anastas-me-papen-benedikti-xvi-vatikan-4-dhjetor-2009\/#primaryimage\"},\"thumbnailUrl\":\"https:\/\/lh6.googleusercontent.com\/-ATbFmforHaI\/U_2G4IQYsxI\/AAAAAAAABPk\/_JSvz95YzFY\/w958-h601-no\/capture_05122009_190259.jpg\",\"keywords\":[\"2009\",\"Deklarata - Njoftime Zyrtare\",\"Kryepiskopata Tiran\u00eb\",\"Kryepiskopi Anastas\",\"lajme\"],\"articleSection\":[\"Lajme\"],\"inLanguage\":\"en-US\"},{\"@type\":\"WebPage\",\"@id\":\"https:\/\/orthodoxalbania.org\/2020\/2009\/03\/13\/takimi-i-pare-zyrtar-historik-i-kryepiskopit-anastas-me-papen-benedikti-xvi-vatikan-4-dhjetor-2009\/\",\"url\":\"https:\/\/orthodoxalbania.org\/2020\/2009\/03\/13\/takimi-i-pare-zyrtar-historik-i-kryepiskopit-anastas-me-papen-benedikti-xvi-vatikan-4-dhjetor-2009\/\",\"name\":\"Takimi i par\u00eb zyrtar historik i Kryepiskopit Anastas me Pap\u00ebn Benedikti XVI Vatikan, 4 dhjetor 2009. - Kisha Orthodh\u03bfkse Autoqefale e Shqip\u00ebris\u00eb\",\"isPartOf\":{\"@id\":\"https:\/\/orthodoxalbania.org\/2020\/#website\"},\"primaryImageOfPage\":{\"@id\":\"https:\/\/orthodoxalbania.org\/2020\/2009\/03\/13\/takimi-i-pare-zyrtar-historik-i-kryepiskopit-anastas-me-papen-benedikti-xvi-vatikan-4-dhjetor-2009\/#primaryimage\"},\"image\":{\"@id\":\"https:\/\/orthodoxalbania.org\/2020\/2009\/03\/13\/takimi-i-pare-zyrtar-historik-i-kryepiskopit-anastas-me-papen-benedikti-xvi-vatikan-4-dhjetor-2009\/#primaryimage\"},\"thumbnailUrl\":\"https:\/\/lh6.googleusercontent.com\/-ATbFmforHaI\/U_2G4IQYsxI\/AAAAAAAABPk\/_JSvz95YzFY\/w958-h601-no\/capture_05122009_190259.jpg\",\"datePublished\":\"2009-03-13T10:19:06+00:00\",\"dateModified\":\"2020-04-06T20:35:10+00:00\",\"breadcrumb\":{\"@id\":\"https:\/\/orthodoxalbania.org\/2020\/2009\/03\/13\/takimi-i-pare-zyrtar-historik-i-kryepiskopit-anastas-me-papen-benedikti-xvi-vatikan-4-dhjetor-2009\/#breadcrumb\"},\"inLanguage\":\"en-US\",\"potentialAction\":[{\"@type\":\"ReadAction\",\"target\":[\"https:\/\/orthodoxalbania.org\/2020\/2009\/03\/13\/takimi-i-pare-zyrtar-historik-i-kryepiskopit-anastas-me-papen-benedikti-xvi-vatikan-4-dhjetor-2009\/\"]}]},{\"@type\":\"ImageObject\",\"inLanguage\":\"en-US\",\"@id\":\"https:\/\/orthodoxalbania.org\/2020\/2009\/03\/13\/takimi-i-pare-zyrtar-historik-i-kryepiskopit-anastas-me-papen-benedikti-xvi-vatikan-4-dhjetor-2009\/#primaryimage\",\"url\":\"https:\/\/lh6.googleusercontent.com\/-ATbFmforHaI\/U_2G4IQYsxI\/AAAAAAAABPk\/_JSvz95YzFY\/w958-h601-no\/capture_05122009_190259.jpg\",\"contentUrl\":\"https:\/\/lh6.googleusercontent.com\/-ATbFmforHaI\/U_2G4IQYsxI\/AAAAAAAABPk\/_JSvz95YzFY\/w958-h601-no\/capture_05122009_190259.jpg\"},{\"@type\":\"BreadcrumbList\",\"@id\":\"https:\/\/orthodoxalbania.org\/2020\/2009\/03\/13\/takimi-i-pare-zyrtar-historik-i-kryepiskopit-anastas-me-papen-benedikti-xvi-vatikan-4-dhjetor-2009\/#breadcrumb\",\"itemListElement\":[{\"@type\":\"ListItem\",\"position\":1,\"name\":\"Home\",\"item\":\"https:\/\/orthodoxalbania.org\/2020\/\"},{\"@type\":\"ListItem\",\"position\":2,\"name\":\"Takimi i par\u00eb zyrtar historik i Kryepiskopit Anastas me Pap\u00ebn Benedikti XVI Vatikan, 4 dhjetor 2009.\"}]},{\"@type\":\"WebSite\",\"@id\":\"https:\/\/orthodoxalbania.org\/2020\/#website\",\"url\":\"https:\/\/orthodoxalbania.org\/2020\/\",\"name\":\"Kisha Orthodh\u03bfkse Autoqefale e Shqip\u00ebris\u00eb\",\"description\":\"Fqja Zyrtare e Kish\u00ebs Orthodhokse Autoqefale e Shqip\u00ebris\u00eb me lajmet edhe informacionet zyrtare p\u00ebr struktur\u00ebn edhe veprimtarin e saj.\",\"publisher\":{\"@id\":\"https:\/\/orthodoxalbania.org\/2020\/#organization\"},\"potentialAction\":[{\"@type\":\"SearchAction\",\"target\":{\"@type\":\"EntryPoint\",\"urlTemplate\":\"https:\/\/orthodoxalbania.org\/2020\/?s={search_term_string}\"},\"query-input\":{\"@type\":\"PropertyValueSpecification\",\"valueRequired\":true,\"valueName\":\"search_term_string\"}}],\"inLanguage\":\"en-US\"},{\"@type\":\"Organization\",\"@id\":\"https:\/\/orthodoxalbania.org\/2020\/#organization\",\"name\":\"Kisha Orthodhokse Autoqefale e Shqip\u00ebris\u00eb\",\"url\":\"https:\/\/orthodoxalbania.org\/2020\/\",\"logo\":{\"@type\":\"ImageObject\",\"inLanguage\":\"en-US\",\"@id\":\"https:\/\/orthodoxalbania.org\/2020\/#\/schema\/logo\/image\/\",\"url\":\"https:\/\/orthodoxalbania.org\/2020\/wp-content\/uploads\/2020\/05\/albania.jpeg\",\"contentUrl\":\"https:\/\/orthodoxalbania.org\/2020\/wp-content\/uploads\/2020\/05\/albania.jpeg\",\"width\":540,\"height\":540,\"caption\":\"Kisha Orthodhokse Autoqefale e Shqip\u00ebris\u00eb\"},\"image\":{\"@id\":\"https:\/\/orthodoxalbania.org\/2020\/#\/schema\/logo\/image\/\"},\"sameAs\":[\"https:\/\/www.facebook.com\/koash1991\"]},{\"@type\":\"Person\",\"@id\":\"https:\/\/orthodoxalbania.org\/2020\/#\/schema\/person\/0c387634a7063ac612d7ed9ce71c7e86\",\"name\":\"Kisha Orthodhokse\",\"image\":{\"@type\":\"ImageObject\",\"inLanguage\":\"en-US\",\"@id\":\"https:\/\/secure.gravatar.com\/avatar\/596e7c417251e30f2fbb9c00e026fce61a695a00e51c889caded71c96cbbdde5?s=96&d=mm&r=g\",\"url\":\"https:\/\/secure.gravatar.com\/avatar\/596e7c417251e30f2fbb9c00e026fce61a695a00e51c889caded71c96cbbdde5?s=96&d=mm&r=g\",\"contentUrl\":\"https:\/\/secure.gravatar.com\/avatar\/596e7c417251e30f2fbb9c00e026fce61a695a00e51c889caded71c96cbbdde5?s=96&d=mm&r=g\",\"caption\":\"Kisha Orthodhokse\"}}]}<\/script>\n<!-- \/ Yoast SEO plugin. -->","yoast_head_json":{"title":"Takimi i par\u00eb zyrtar historik i Kryepiskopit Anastas me Pap\u00ebn Benedikti XVI Vatikan, 4 dhjetor 2009. - Kisha Orthodh\u03bfkse Autoqefale e Shqip\u00ebris\u00eb","robots":{"index":"index","follow":"follow","max-snippet":"max-snippet:-1","max-image-preview":"max-image-preview:large","max-video-preview":"max-video-preview:-1"},"canonical":"https:\/\/orthodoxalbania.org\/2020\/2009\/03\/13\/takimi-i-pare-zyrtar-historik-i-kryepiskopit-anastas-me-papen-benedikti-xvi-vatikan-4-dhjetor-2009\/","og_locale":"en_US","og_type":"article","og_title":"Takimi i par\u00eb zyrtar historik i Kryepiskopit Anastas me Pap\u00ebn Benedikti XVI Vatikan, 4 dhjetor 2009. - Kisha Orthodh\u03bfkse Autoqefale e Shqip\u00ebris\u00eb","og_description":"&nbsp; Takimi i par\u00eb zyrtar historik i Kryepiskopit Anastas me Pap\u00ebn Benedikti XVI Vatikan, 4 dhjetor 2009 &nbsp; &nbsp; &nbsp;&nbsp;&nbsp; Kryepiskopi i Tiran\u00ebs dhe i gjith\u00eb Shqip\u00ebris\u00eb, Fortlumturia e Tij Anastasi, po zhvillon nga 3-8 dhjetor, nj\u00eb vizit\u00eb zyrtare n\u00eb Vatikan, me ftes\u00eb nga Papa Benedikti XVI. &nbsp; &nbsp;&nbsp;&nbsp; Kryepiskopi Anastas shoq\u00ebrohet nga: Mitropoliti i Kor\u00e7\u00ebs, Hir\u00ebsia e Tij Joani; Episkopi i Apollonis\u00eb, Hir\u00ebsia e","og_url":"https:\/\/orthodoxalbania.org\/2020\/2009\/03\/13\/takimi-i-pare-zyrtar-historik-i-kryepiskopit-anastas-me-papen-benedikti-xvi-vatikan-4-dhjetor-2009\/","og_site_name":"Kisha Orthodh\u03bfkse Autoqefale e Shqip\u00ebris\u00eb","article_publisher":"https:\/\/www.facebook.com\/koash1991","article_published_time":"2009-03-13T10:19:06+00:00","article_modified_time":"2020-04-06T20:35:10+00:00","og_image":[{"url":"https:\/\/lh6.googleusercontent.com\/-ATbFmforHaI\/U_2G4IQYsxI\/AAAAAAAABPk\/_JSvz95YzFY\/w958-h601-no\/capture_05122009_190259.jpg","type":"","width":"","height":""}],"author":"Kisha Orthodhokse","twitter_card":"summary_large_image","twitter_misc":{"Written by":"Kisha Orthodhokse","Est. reading time":"3 minutes"},"schema":{"@context":"https:\/\/schema.org","@graph":[{"@type":"Article","@id":"https:\/\/orthodoxalbania.org\/2020\/2009\/03\/13\/takimi-i-pare-zyrtar-historik-i-kryepiskopit-anastas-me-papen-benedikti-xvi-vatikan-4-dhjetor-2009\/#article","isPartOf":{"@id":"https:\/\/orthodoxalbania.org\/2020\/2009\/03\/13\/takimi-i-pare-zyrtar-historik-i-kryepiskopit-anastas-me-papen-benedikti-xvi-vatikan-4-dhjetor-2009\/"},"author":{"name":"Kisha Orthodhokse","@id":"https:\/\/orthodoxalbania.org\/2020\/#\/schema\/person\/0c387634a7063ac612d7ed9ce71c7e86"},"headline":"Takimi i par\u00eb zyrtar historik i Kryepiskopit Anastas me Pap\u00ebn Benedikti XVI Vatikan, 4 dhjetor 2009.","datePublished":"2009-03-13T10:19:06+00:00","dateModified":"2020-04-06T20:35:10+00:00","mainEntityOfPage":{"@id":"https:\/\/orthodoxalbania.org\/2020\/2009\/03\/13\/takimi-i-pare-zyrtar-historik-i-kryepiskopit-anastas-me-papen-benedikti-xvi-vatikan-4-dhjetor-2009\/"},"wordCount":615,"commentCount":0,"publisher":{"@id":"https:\/\/orthodoxalbania.org\/2020\/#organization"},"image":{"@id":"https:\/\/orthodoxalbania.org\/2020\/2009\/03\/13\/takimi-i-pare-zyrtar-historik-i-kryepiskopit-anastas-me-papen-benedikti-xvi-vatikan-4-dhjetor-2009\/#primaryimage"},"thumbnailUrl":"https:\/\/lh6.googleusercontent.com\/-ATbFmforHaI\/U_2G4IQYsxI\/AAAAAAAABPk\/_JSvz95YzFY\/w958-h601-no\/capture_05122009_190259.jpg","keywords":["2009","Deklarata - Njoftime Zyrtare","Kryepiskopata Tiran\u00eb","Kryepiskopi Anastas","lajme"],"articleSection":["Lajme"],"inLanguage":"en-US"},{"@type":"WebPage","@id":"https:\/\/orthodoxalbania.org\/2020\/2009\/03\/13\/takimi-i-pare-zyrtar-historik-i-kryepiskopit-anastas-me-papen-benedikti-xvi-vatikan-4-dhjetor-2009\/","url":"https:\/\/orthodoxalbania.org\/2020\/2009\/03\/13\/takimi-i-pare-zyrtar-historik-i-kryepiskopit-anastas-me-papen-benedikti-xvi-vatikan-4-dhjetor-2009\/","name":"Takimi i par\u00eb zyrtar historik i Kryepiskopit Anastas me Pap\u00ebn Benedikti XVI Vatikan, 4 dhjetor 2009. - Kisha Orthodh\u03bfkse Autoqefale e Shqip\u00ebris\u00eb","isPartOf":{"@id":"https:\/\/orthodoxalbania.org\/2020\/#website"},"primaryImageOfPage":{"@id":"https:\/\/orthodoxalbania.org\/2020\/2009\/03\/13\/takimi-i-pare-zyrtar-historik-i-kryepiskopit-anastas-me-papen-benedikti-xvi-vatikan-4-dhjetor-2009\/#primaryimage"},"image":{"@id":"https:\/\/orthodoxalbania.org\/2020\/2009\/03\/13\/takimi-i-pare-zyrtar-historik-i-kryepiskopit-anastas-me-papen-benedikti-xvi-vatikan-4-dhjetor-2009\/#primaryimage"},"thumbnailUrl":"https:\/\/lh6.googleusercontent.com\/-ATbFmforHaI\/U_2G4IQYsxI\/AAAAAAAABPk\/_JSvz95YzFY\/w958-h601-no\/capture_05122009_190259.jpg","datePublished":"2009-03-13T10:19:06+00:00","dateModified":"2020-04-06T20:35:10+00:00","breadcrumb":{"@id":"https:\/\/orthodoxalbania.org\/2020\/2009\/03\/13\/takimi-i-pare-zyrtar-historik-i-kryepiskopit-anastas-me-papen-benedikti-xvi-vatikan-4-dhjetor-2009\/#breadcrumb"},"inLanguage":"en-US","potentialAction":[{"@type":"ReadAction","target":["https:\/\/orthodoxalbania.org\/2020\/2009\/03\/13\/takimi-i-pare-zyrtar-historik-i-kryepiskopit-anastas-me-papen-benedikti-xvi-vatikan-4-dhjetor-2009\/"]}]},{"@type":"ImageObject","inLanguage":"en-US","@id":"https:\/\/orthodoxalbania.org\/2020\/2009\/03\/13\/takimi-i-pare-zyrtar-historik-i-kryepiskopit-anastas-me-papen-benedikti-xvi-vatikan-4-dhjetor-2009\/#primaryimage","url":"https:\/\/lh6.googleusercontent.com\/-ATbFmforHaI\/U_2G4IQYsxI\/AAAAAAAABPk\/_JSvz95YzFY\/w958-h601-no\/capture_05122009_190259.jpg","contentUrl":"https:\/\/lh6.googleusercontent.com\/-ATbFmforHaI\/U_2G4IQYsxI\/AAAAAAAABPk\/_JSvz95YzFY\/w958-h601-no\/capture_05122009_190259.jpg"},{"@type":"BreadcrumbList","@id":"https:\/\/orthodoxalbania.org\/2020\/2009\/03\/13\/takimi-i-pare-zyrtar-historik-i-kryepiskopit-anastas-me-papen-benedikti-xvi-vatikan-4-dhjetor-2009\/#breadcrumb","itemListElement":[{"@type":"ListItem","position":1,"name":"Home","item":"https:\/\/orthodoxalbania.org\/2020\/"},{"@type":"ListItem","position":2,"name":"Takimi i par\u00eb zyrtar historik i Kryepiskopit Anastas me Pap\u00ebn Benedikti XVI Vatikan, 4 dhjetor 2009."}]},{"@type":"WebSite","@id":"https:\/\/orthodoxalbania.org\/2020\/#website","url":"https:\/\/orthodoxalbania.org\/2020\/","name":"Kisha Orthodh\u03bfkse Autoqefale e Shqip\u00ebris\u00eb","description":"Fqja Zyrtare e Kish\u00ebs Orthodhokse Autoqefale e Shqip\u00ebris\u00eb me lajmet edhe informacionet zyrtare p\u00ebr struktur\u00ebn edhe veprimtarin e saj.","publisher":{"@id":"https:\/\/orthodoxalbania.org\/2020\/#organization"},"potentialAction":[{"@type":"SearchAction","target":{"@type":"EntryPoint","urlTemplate":"https:\/\/orthodoxalbania.org\/2020\/?s={search_term_string}"},"query-input":{"@type":"PropertyValueSpecification","valueRequired":true,"valueName":"search_term_string"}}],"inLanguage":"en-US"},{"@type":"Organization","@id":"https:\/\/orthodoxalbania.org\/2020\/#organization","name":"Kisha Orthodhokse Autoqefale e Shqip\u00ebris\u00eb","url":"https:\/\/orthodoxalbania.org\/2020\/","logo":{"@type":"ImageObject","inLanguage":"en-US","@id":"https:\/\/orthodoxalbania.org\/2020\/#\/schema\/logo\/image\/","url":"https:\/\/orthodoxalbania.org\/2020\/wp-content\/uploads\/2020\/05\/albania.jpeg","contentUrl":"https:\/\/orthodoxalbania.org\/2020\/wp-content\/uploads\/2020\/05\/albania.jpeg","width":540,"height":540,"caption":"Kisha Orthodhokse Autoqefale e Shqip\u00ebris\u00eb"},"image":{"@id":"https:\/\/orthodoxalbania.org\/2020\/#\/schema\/logo\/image\/"},"sameAs":["https:\/\/www.facebook.com\/koash1991"]},{"@type":"Person","@id":"https:\/\/orthodoxalbania.org\/2020\/#\/schema\/person\/0c387634a7063ac612d7ed9ce71c7e86","name":"Kisha Orthodhokse","image":{"@type":"ImageObject","inLanguage":"en-US","@id":"https:\/\/secure.gravatar.com\/avatar\/596e7c417251e30f2fbb9c00e026fce61a695a00e51c889caded71c96cbbdde5?s=96&d=mm&r=g","url":"https:\/\/secure.gravatar.com\/avatar\/596e7c417251e30f2fbb9c00e026fce61a695a00e51c889caded71c96cbbdde5?s=96&d=mm&r=g","contentUrl":"https:\/\/secure.gravatar.com\/avatar\/596e7c417251e30f2fbb9c00e026fce61a695a00e51c889caded71c96cbbdde5?s=96&d=mm&r=g","caption":"Kisha Orthodhokse"}}]}},"_links":{"self":[{"href":"https:\/\/orthodoxalbania.org\/2020\/wp-json\/wp\/v2\/posts\/1252","targetHints":{"allow":["GET"]}}],"collection":[{"href":"https:\/\/orthodoxalbania.org\/2020\/wp-json\/wp\/v2\/posts"}],"about":[{"href":"https:\/\/orthodoxalbania.org\/2020\/wp-json\/wp\/v2\/types\/post"}],"author":[{"embeddable":true,"href":"https:\/\/orthodoxalbania.org\/2020\/wp-json\/wp\/v2\/users\/1"}],"replies":[{"embeddable":true,"href":"https:\/\/orthodoxalbania.org\/2020\/wp-json\/wp\/v2\/comments?post=1252"}],"version-history":[{"count":1,"href":"https:\/\/orthodoxalbania.org\/2020\/wp-json\/wp\/v2\/posts\/1252\/revisions"}],"predecessor-version":[{"id":15609,"href":"https:\/\/orthodoxalbania.org\/2020\/wp-json\/wp\/v2\/posts\/1252\/revisions\/15609"}],"wp:attachment":[{"href":"https:\/\/orthodoxalbania.org\/2020\/wp-json\/wp\/v2\/media?parent=1252"}],"wp:term":[{"taxonomy":"category","embeddable":true,"href":"https:\/\/orthodoxalbania.org\/2020\/wp-json\/wp\/v2\/categories?post=1252"},{"taxonomy":"post_tag","embeddable":true,"href":"https:\/\/orthodoxalbania.org\/2020\/wp-json\/wp\/v2\/tags?post=1252"}],"curies":[{"name":"wp","href":"https:\/\/api.w.org\/{rel}","templated":true}]}}