{"id":1251,"date":"2013-03-21T10:30:54","date_gmt":"2013-03-21T10:30:54","guid":{"rendered":""},"modified":"2020-04-06T22:31:53","modified_gmt":"2020-04-06T20:31:53","slug":"takime-te-permuajshme-per-ciftet-dhe-familjaret","status":"publish","type":"post","link":"https:\/\/orthodoxalbania.org\/2020\/2013\/03\/21\/takime-te-permuajshme-per-ciftet-dhe-familjaret\/","title":{"rendered":"Takime t\u00eb p\u00ebrmuajshme p\u00ebr \u00e7iftet dhe familjar\u00ebt. (4 Mars 2012)"},"content":{"rendered":"<div style=\"text-align: justify;\">\n\t<span style=\"color:#000000;\"><span style=\"font-family: tahoma,geneva,sans-serif;\"><span style=\"font-size: 12px;\">&nbsp;&nbsp;&nbsp; <img decoding=\"async\" class=\"lazyload HAa Eha\" src=\"data:image\/gif;base64,R0lGODlhAQABAAAAACH5BAEKAAEALAAAAAABAAEAAAICTAEAOw==\" data-orig-src=\"https:\/\/lh5.googleusercontent.com\/-2bcFb6pDIfg\/VARji4AdnII\/AAAAAAAACww\/VvNSIEoLD6Q\/w958-h719-no\/foto%2B1%2B-%2Btakimi%2Bi%2Bcifteve.jpg\" style=\"height: 225px; width: 300px; border-width: 1px; border-style: solid; margin: 10px; float: left;\" \/><\/span> <span style=\"font-size: 12px;\">Prej disa muajsh, n\u00eb ambientet e Qendr\u00ebs Studentore t\u00eb Kish\u00ebs Orthodhokse n\u00eb Tiran\u00eb, zhvillohen takime me \u00e7ifte dhe familjar\u00eb. Nevoja p\u00ebr t\u00eb qen\u00eb bashk\u00eb, p\u00ebr t\u2019u rritur n\u00eb besim dhe p\u00ebr t\u00eb ndar\u00eb p\u00ebrvojat e jet\u00ebs s\u00eb p\u00ebrditshme, solli n\u00eb organizimin e k\u00ebtyre takimeve familjar\u00ebt q\u00eb kan\u00eb pasur nj\u00eb lidhje me Qendr\u00ebn Studentore q\u00eb kur ishin student\u00eb. Miq\u00ebsia q\u00eb ata kan\u00eb me familjar\u00eb t\u00eb tjer\u00eb t\u00eb komunitetit t\u00eb Kish\u00ebs e zgjeroi pjes\u00ebmarrjen n\u00eb k\u00ebto takime, t\u00eb cilat organizohen \u00e7do muaj. Synimi i k\u00ebtij aktiviteti \u00ebsht\u00eb q\u00eb \u00e7iftet t\u00eb nd\u00ebrtojn\u00eb dhe t\u00eb forcojn\u00eb nj\u00ebri-tjetrin, si edhe t\u00eb frym\u00ebzohen p\u00ebr t\u2019i sh\u00ebrbyer an\u00ebtar\u00ebve t\u00eb tjer\u00eb t\u00eb komunitetit.<\/span><\/span><\/span><\/div>\n<div style=\"text-align: justify;\">\n\t&nbsp;<\/div>\n<div style=\"text-align: justify;\">\n\t<span style=\"color:#000000;\"><span style=\"font-family: tahoma,geneva,sans-serif;\"><span style=\"font-size: 12px;\">&nbsp; &nbsp; Pasditen e dit\u00ebs s\u00eb diel, 4 mars, u zhvillua takimi i kat\u00ebrt i radh\u00ebs, i cili mblodhi s\u00eb bashku 11 \u00e7ifte, ku shum\u00eb prej tyre kishin marr\u00eb edhe f\u00ebmij\u00ebt. Ky takim u p\u00ebrqendrua te Kreshma dhe dobia e saj n\u00eb familje. Pjes\u00ebn e par\u00eb t\u00eb takimit e drejtoi Episkopi i Kruj\u00ebs, Hir\u00ebsi Andoni, i cili iu kujtoi edhe nj\u00ebher\u00eb \u00e7ifteve se q\u00ebllimi i Kreshm\u00ebs \u00ebsht\u00eb kthimi te Per\u00ebndia, reflektimi personal dhe marrja e vendimeve pozitive. Gjithashtu, ai theksoi m\u00ebsimet e Et\u00ebrve t\u00eb Kish\u00ebs, t\u00eb cil\u00ebt i kan\u00eb m\u00ebshuar p\u00ebrfitimit shpirt\u00ebror t\u00eb Kreshm\u00ebs. \u201cShembulli i dashuris\u00eb, i pendimit dhe i p\u00ebrkushtimit te Zoti, \u00ebsht\u00eb shembulli m\u00eb i mir\u00eb q\u00eb mund t\u2019i japim nj\u00ebri-tjetrit, por edhe f\u00ebmij\u00ebve tan\u00eb\u201d \u2013 n\u00ebnvizoi ai.&nbsp;<\/span><\/span><\/span><\/div>\n<div style=\"text-align: justify;\">\n\t&nbsp;<\/div>\n<div style=\"text-align: justify;\">\n\t<span style=\"color:#000000;\"><span style=\"font-family: tahoma,geneva,sans-serif;\"><span style=\"font-size: 12px;\">&nbsp; &nbsp; Nd\u00ebrsa Episkopi i Bylisit, Hir\u00ebsi Asti, iu kujtoi pjes\u00ebmarr\u00ebsve se Kreshma \u00ebsht\u00eb koh\u00eb p\u00ebr t\u00eb menduar edhe p\u00ebr v\u00ebllez\u00ebrit tan\u00eb n\u00eb Krisht. \u201cAsnj\u00ebher\u00eb t\u00eb mos harrojm\u00eb se ne duhet t\u00eb jemi t\u00eb par\u00ebt q\u00eb t\u00eb ofrojm\u00eb mikpritjen ton\u00eb te gjithsecili\u201d \u2013 theksoi ai.<\/span><\/span><\/span><\/div>\n<div style=\"text-align: justify;\">\n\t&nbsp;<\/div>\n<div style=\"text-align: justify;\">\n\t<span style=\"color:#000000;\"><span style=\"font-family: tahoma,geneva,sans-serif;\"><span style=\"font-size: 12px;\">&nbsp; &nbsp; M\u00eb pas, takimi vijoi me bised\u00ebn e p\u00ebrbashk\u00ebt, ku u ndan\u00eb p\u00ebrjetime personale e frym\u00ebzuese si dhe mendime rreth kuptimit t\u00eb Kreshm\u00ebs s\u00eb Pashk\u00ebs. K\u00ebt\u00eb atmosfer\u00eb t\u00eb ngroht\u00eb e dominonte harmonia dhe g\u00ebzimi i t\u00eb qenit s\u00eb bashku. Rritja e miq\u00ebsis\u00eb na b\u00ebn q\u00eb t\u00eb ndajm\u00eb gjithnj\u00eb e m\u00eb shum\u00eb g\u00ebzimet dhe vizionet q\u00eb kemi p\u00ebr t\u00eb ardhmen, n\u00eb sh\u00ebrbim t\u00eb misionit t\u00eb Kish\u00ebs. Koha e lir\u00eb n\u00eb fund t\u00eb takimit krijoi m\u00eb tep\u00ebr hap\u00ebsira p\u00ebr miq\u00ebsi dhe ndarje p\u00ebrvojash.<\/span><\/span><\/span><\/div>\n<div style=\"text-align: justify;\">\n\t&nbsp;<\/div>\n<div style=\"text-align: right;\">\n\t<span style=\"color:#000000;\"><span style=\"font-family: tahoma,geneva,sans-serif;\"><strong><span style=\"font-size: 12px;\">Ana Meni<\/span><\/strong><\/span><\/span><\/div>\n","protected":false},"excerpt":{"rendered":"<p>&nbsp;&nbsp;&nbsp; Prej disa muajsh, n\u00eb ambientet e Qendr\u00ebs Studentore t\u00eb Kish\u00ebs Orthodhokse n\u00eb Tiran\u00eb, zhvillohen takime me \u00e7ifte dhe familjar\u00eb. Nevoja p\u00ebr t\u00eb qen\u00eb bashk\u00eb, p\u00ebr t\u2019u rritur n\u00eb besim dhe p\u00ebr t\u00eb ndar\u00eb p\u00ebrvojat e jet\u00ebs s\u00eb p\u00ebrditshme, solli n\u00eb organizimin e k\u00ebtyre takimeve familjar\u00ebt q\u00eb kan\u00eb pasur nj\u00eb lidhje me Qendr\u00ebn Studentore q\u00eb kur ishin student\u00eb. Miq\u00ebsia q\u00eb ata kan\u00eb me familjar\u00eb t\u00eb<\/p>\n","protected":false},"author":1,"featured_media":0,"comment_status":"open","ping_status":"open","sticky":false,"template":"","format":"standard","meta":{"_acf_changed":false,"pagelayer_contact_templates":[],"_pagelayer_content":"","inline_featured_image":false,"fifu_image_url":"","fifu_image_alt":"","footnotes":""},"categories":[108],"tags":[142,154,196,212],"class_list":["post-1251","post","type-post","status-publish","format-standard","hentry","category-lajme","tag-142","tag-aktivitete","tag-tirane","tag-lajme-d27"],"acf":[],"yoast_head":"<!-- This site is optimized with the Yoast SEO plugin v27.2 - https:\/\/yoast.com\/product\/yoast-seo-wordpress\/ -->\n<title>Takime t\u00eb p\u00ebrmuajshme p\u00ebr \u00e7iftet dhe familjar\u00ebt. (4 Mars 2012) - Kisha Orthodh\u03bfkse Autoqefale e Shqip\u00ebris\u00eb<\/title>\n<meta name=\"robots\" content=\"index, follow, max-snippet:-1, max-image-preview:large, max-video-preview:-1\" \/>\n<link rel=\"canonical\" href=\"https:\/\/orthodoxalbania.org\/2020\/2013\/03\/21\/takime-te-permuajshme-per-ciftet-dhe-familjaret\/\" \/>\n<meta property=\"og:locale\" content=\"en_US\" \/>\n<meta property=\"og:type\" content=\"article\" \/>\n<meta property=\"og:title\" content=\"Takime t\u00eb p\u00ebrmuajshme p\u00ebr \u00e7iftet dhe familjar\u00ebt. (4 Mars 2012) - Kisha Orthodh\u03bfkse Autoqefale e Shqip\u00ebris\u00eb\" \/>\n<meta property=\"og:description\" content=\"&nbsp;&nbsp;&nbsp; Prej disa muajsh, n\u00eb ambientet e Qendr\u00ebs Studentore t\u00eb Kish\u00ebs Orthodhokse n\u00eb Tiran\u00eb, zhvillohen takime me \u00e7ifte dhe familjar\u00eb. Nevoja p\u00ebr t\u00eb qen\u00eb bashk\u00eb, p\u00ebr t\u2019u rritur n\u00eb besim dhe p\u00ebr t\u00eb ndar\u00eb p\u00ebrvojat e jet\u00ebs s\u00eb p\u00ebrditshme, solli n\u00eb organizimin e k\u00ebtyre takimeve familjar\u00ebt q\u00eb kan\u00eb pasur nj\u00eb lidhje me Qendr\u00ebn Studentore q\u00eb kur ishin student\u00eb. Miq\u00ebsia q\u00eb ata kan\u00eb me familjar\u00eb t\u00eb\" \/>\n<meta property=\"og:url\" content=\"https:\/\/orthodoxalbania.org\/2020\/2013\/03\/21\/takime-te-permuajshme-per-ciftet-dhe-familjaret\/\" \/>\n<meta property=\"og:site_name\" content=\"Kisha Orthodh\u03bfkse Autoqefale e Shqip\u00ebris\u00eb\" \/>\n<meta property=\"article:publisher\" content=\"https:\/\/www.facebook.com\/koash1991\" \/>\n<meta property=\"article:published_time\" content=\"2013-03-21T10:30:54+00:00\" \/>\n<meta property=\"article:modified_time\" content=\"2020-04-06T20:31:53+00:00\" \/>\n<meta property=\"og:image\" content=\"https:\/\/lh5.googleusercontent.com\/-2bcFb6pDIfg\/VARji4AdnII\/AAAAAAAACww\/VvNSIEoLD6Q\/w958-h719-no\/foto%2B1%2B-%2Btakimi%2Bi%2Bcifteve.jpg\" \/>\n<meta name=\"author\" content=\"Kisha Orthodhokse\" \/>\n<meta name=\"twitter:card\" content=\"summary_large_image\" \/>\n<meta name=\"twitter:label1\" content=\"Written by\" \/>\n\t<meta name=\"twitter:data1\" content=\"Kisha Orthodhokse\" \/>\n\t<meta name=\"twitter:label2\" content=\"Est. reading time\" \/>\n\t<meta name=\"twitter:data2\" content=\"2 minutes\" \/>\n<script type=\"application\/ld+json\" class=\"yoast-schema-graph\">{\"@context\":\"https:\/\/schema.org\",\"@graph\":[{\"@type\":\"Article\",\"@id\":\"https:\/\/orthodoxalbania.org\/2020\/2013\/03\/21\/takime-te-permuajshme-per-ciftet-dhe-familjaret\/#article\",\"isPartOf\":{\"@id\":\"https:\/\/orthodoxalbania.org\/2020\/2013\/03\/21\/takime-te-permuajshme-per-ciftet-dhe-familjaret\/\"},\"author\":{\"name\":\"Kisha Orthodhokse\",\"@id\":\"https:\/\/orthodoxalbania.org\/2020\/#\/schema\/person\/0c387634a7063ac612d7ed9ce71c7e86\"},\"headline\":\"Takime t\u00eb p\u00ebrmuajshme p\u00ebr \u00e7iftet dhe familjar\u00ebt. (4 Mars 2012)\",\"datePublished\":\"2013-03-21T10:30:54+00:00\",\"dateModified\":\"2020-04-06T20:31:53+00:00\",\"mainEntityOfPage\":{\"@id\":\"https:\/\/orthodoxalbania.org\/2020\/2013\/03\/21\/takime-te-permuajshme-per-ciftet-dhe-familjaret\/\"},\"wordCount\":452,\"commentCount\":0,\"publisher\":{\"@id\":\"https:\/\/orthodoxalbania.org\/2020\/#organization\"},\"image\":{\"@id\":\"https:\/\/orthodoxalbania.org\/2020\/2013\/03\/21\/takime-te-permuajshme-per-ciftet-dhe-familjaret\/#primaryimage\"},\"thumbnailUrl\":\"https:\/\/lh5.googleusercontent.com\/-2bcFb6pDIfg\/VARji4AdnII\/AAAAAAAACww\/VvNSIEoLD6Q\/w958-h719-no\/foto%2B1%2B-%2Btakimi%2Bi%2Bcifteve.jpg\",\"keywords\":[\"2012\",\"Aktivitete\",\"Kryepiskopata Tiran\u00eb\",\"lajme\"],\"articleSection\":[\"Lajme\"],\"inLanguage\":\"en-US\"},{\"@type\":\"WebPage\",\"@id\":\"https:\/\/orthodoxalbania.org\/2020\/2013\/03\/21\/takime-te-permuajshme-per-ciftet-dhe-familjaret\/\",\"url\":\"https:\/\/orthodoxalbania.org\/2020\/2013\/03\/21\/takime-te-permuajshme-per-ciftet-dhe-familjaret\/\",\"name\":\"Takime t\u00eb p\u00ebrmuajshme p\u00ebr \u00e7iftet dhe familjar\u00ebt. (4 Mars 2012) - Kisha Orthodh\u03bfkse Autoqefale e Shqip\u00ebris\u00eb\",\"isPartOf\":{\"@id\":\"https:\/\/orthodoxalbania.org\/2020\/#website\"},\"primaryImageOfPage\":{\"@id\":\"https:\/\/orthodoxalbania.org\/2020\/2013\/03\/21\/takime-te-permuajshme-per-ciftet-dhe-familjaret\/#primaryimage\"},\"image\":{\"@id\":\"https:\/\/orthodoxalbania.org\/2020\/2013\/03\/21\/takime-te-permuajshme-per-ciftet-dhe-familjaret\/#primaryimage\"},\"thumbnailUrl\":\"https:\/\/lh5.googleusercontent.com\/-2bcFb6pDIfg\/VARji4AdnII\/AAAAAAAACww\/VvNSIEoLD6Q\/w958-h719-no\/foto%2B1%2B-%2Btakimi%2Bi%2Bcifteve.jpg\",\"datePublished\":\"2013-03-21T10:30:54+00:00\",\"dateModified\":\"2020-04-06T20:31:53+00:00\",\"breadcrumb\":{\"@id\":\"https:\/\/orthodoxalbania.org\/2020\/2013\/03\/21\/takime-te-permuajshme-per-ciftet-dhe-familjaret\/#breadcrumb\"},\"inLanguage\":\"en-US\",\"potentialAction\":[{\"@type\":\"ReadAction\",\"target\":[\"https:\/\/orthodoxalbania.org\/2020\/2013\/03\/21\/takime-te-permuajshme-per-ciftet-dhe-familjaret\/\"]}]},{\"@type\":\"ImageObject\",\"inLanguage\":\"en-US\",\"@id\":\"https:\/\/orthodoxalbania.org\/2020\/2013\/03\/21\/takime-te-permuajshme-per-ciftet-dhe-familjaret\/#primaryimage\",\"url\":\"https:\/\/lh5.googleusercontent.com\/-2bcFb6pDIfg\/VARji4AdnII\/AAAAAAAACww\/VvNSIEoLD6Q\/w958-h719-no\/foto%2B1%2B-%2Btakimi%2Bi%2Bcifteve.jpg\",\"contentUrl\":\"https:\/\/lh5.googleusercontent.com\/-2bcFb6pDIfg\/VARji4AdnII\/AAAAAAAACww\/VvNSIEoLD6Q\/w958-h719-no\/foto%2B1%2B-%2Btakimi%2Bi%2Bcifteve.jpg\"},{\"@type\":\"BreadcrumbList\",\"@id\":\"https:\/\/orthodoxalbania.org\/2020\/2013\/03\/21\/takime-te-permuajshme-per-ciftet-dhe-familjaret\/#breadcrumb\",\"itemListElement\":[{\"@type\":\"ListItem\",\"position\":1,\"name\":\"Home\",\"item\":\"https:\/\/orthodoxalbania.org\/2020\/\"},{\"@type\":\"ListItem\",\"position\":2,\"name\":\"Takime t\u00eb p\u00ebrmuajshme p\u00ebr \u00e7iftet dhe familjar\u00ebt. (4 Mars 2012)\"}]},{\"@type\":\"WebSite\",\"@id\":\"https:\/\/orthodoxalbania.org\/2020\/#website\",\"url\":\"https:\/\/orthodoxalbania.org\/2020\/\",\"name\":\"Kisha Orthodh\u03bfkse Autoqefale e Shqip\u00ebris\u00eb\",\"description\":\"Fqja Zyrtare e Kish\u00ebs Orthodhokse Autoqefale e Shqip\u00ebris\u00eb me lajmet edhe informacionet zyrtare p\u00ebr struktur\u00ebn edhe veprimtarin e saj.\",\"publisher\":{\"@id\":\"https:\/\/orthodoxalbania.org\/2020\/#organization\"},\"potentialAction\":[{\"@type\":\"SearchAction\",\"target\":{\"@type\":\"EntryPoint\",\"urlTemplate\":\"https:\/\/orthodoxalbania.org\/2020\/?s={search_term_string}\"},\"query-input\":{\"@type\":\"PropertyValueSpecification\",\"valueRequired\":true,\"valueName\":\"search_term_string\"}}],\"inLanguage\":\"en-US\"},{\"@type\":\"Organization\",\"@id\":\"https:\/\/orthodoxalbania.org\/2020\/#organization\",\"name\":\"Kisha Orthodhokse Autoqefale e Shqip\u00ebris\u00eb\",\"url\":\"https:\/\/orthodoxalbania.org\/2020\/\",\"logo\":{\"@type\":\"ImageObject\",\"inLanguage\":\"en-US\",\"@id\":\"https:\/\/orthodoxalbania.org\/2020\/#\/schema\/logo\/image\/\",\"url\":\"https:\/\/orthodoxalbania.org\/2020\/wp-content\/uploads\/2020\/05\/albania.jpeg\",\"contentUrl\":\"https:\/\/orthodoxalbania.org\/2020\/wp-content\/uploads\/2020\/05\/albania.jpeg\",\"width\":540,\"height\":540,\"caption\":\"Kisha Orthodhokse Autoqefale e Shqip\u00ebris\u00eb\"},\"image\":{\"@id\":\"https:\/\/orthodoxalbania.org\/2020\/#\/schema\/logo\/image\/\"},\"sameAs\":[\"https:\/\/www.facebook.com\/koash1991\"]},{\"@type\":\"Person\",\"@id\":\"https:\/\/orthodoxalbania.org\/2020\/#\/schema\/person\/0c387634a7063ac612d7ed9ce71c7e86\",\"name\":\"Kisha Orthodhokse\",\"image\":{\"@type\":\"ImageObject\",\"inLanguage\":\"en-US\",\"@id\":\"https:\/\/secure.gravatar.com\/avatar\/596e7c417251e30f2fbb9c00e026fce61a695a00e51c889caded71c96cbbdde5?s=96&d=mm&r=g\",\"url\":\"https:\/\/secure.gravatar.com\/avatar\/596e7c417251e30f2fbb9c00e026fce61a695a00e51c889caded71c96cbbdde5?s=96&d=mm&r=g\",\"contentUrl\":\"https:\/\/secure.gravatar.com\/avatar\/596e7c417251e30f2fbb9c00e026fce61a695a00e51c889caded71c96cbbdde5?s=96&d=mm&r=g\",\"caption\":\"Kisha Orthodhokse\"}}]}<\/script>\n<!-- \/ Yoast SEO plugin. -->","yoast_head_json":{"title":"Takime t\u00eb p\u00ebrmuajshme p\u00ebr \u00e7iftet dhe familjar\u00ebt. (4 Mars 2012) - Kisha Orthodh\u03bfkse Autoqefale e Shqip\u00ebris\u00eb","robots":{"index":"index","follow":"follow","max-snippet":"max-snippet:-1","max-image-preview":"max-image-preview:large","max-video-preview":"max-video-preview:-1"},"canonical":"https:\/\/orthodoxalbania.org\/2020\/2013\/03\/21\/takime-te-permuajshme-per-ciftet-dhe-familjaret\/","og_locale":"en_US","og_type":"article","og_title":"Takime t\u00eb p\u00ebrmuajshme p\u00ebr \u00e7iftet dhe familjar\u00ebt. (4 Mars 2012) - Kisha Orthodh\u03bfkse Autoqefale e Shqip\u00ebris\u00eb","og_description":"&nbsp;&nbsp;&nbsp; Prej disa muajsh, n\u00eb ambientet e Qendr\u00ebs Studentore t\u00eb Kish\u00ebs Orthodhokse n\u00eb Tiran\u00eb, zhvillohen takime me \u00e7ifte dhe familjar\u00eb. Nevoja p\u00ebr t\u00eb qen\u00eb bashk\u00eb, p\u00ebr t\u2019u rritur n\u00eb besim dhe p\u00ebr t\u00eb ndar\u00eb p\u00ebrvojat e jet\u00ebs s\u00eb p\u00ebrditshme, solli n\u00eb organizimin e k\u00ebtyre takimeve familjar\u00ebt q\u00eb kan\u00eb pasur nj\u00eb lidhje me Qendr\u00ebn Studentore q\u00eb kur ishin student\u00eb. Miq\u00ebsia q\u00eb ata kan\u00eb me familjar\u00eb t\u00eb","og_url":"https:\/\/orthodoxalbania.org\/2020\/2013\/03\/21\/takime-te-permuajshme-per-ciftet-dhe-familjaret\/","og_site_name":"Kisha Orthodh\u03bfkse Autoqefale e Shqip\u00ebris\u00eb","article_publisher":"https:\/\/www.facebook.com\/koash1991","article_published_time":"2013-03-21T10:30:54+00:00","article_modified_time":"2020-04-06T20:31:53+00:00","og_image":[{"url":"https:\/\/lh5.googleusercontent.com\/-2bcFb6pDIfg\/VARji4AdnII\/AAAAAAAACww\/VvNSIEoLD6Q\/w958-h719-no\/foto%2B1%2B-%2Btakimi%2Bi%2Bcifteve.jpg","type":"","width":"","height":""}],"author":"Kisha Orthodhokse","twitter_card":"summary_large_image","twitter_misc":{"Written by":"Kisha Orthodhokse","Est. reading time":"2 minutes"},"schema":{"@context":"https:\/\/schema.org","@graph":[{"@type":"Article","@id":"https:\/\/orthodoxalbania.org\/2020\/2013\/03\/21\/takime-te-permuajshme-per-ciftet-dhe-familjaret\/#article","isPartOf":{"@id":"https:\/\/orthodoxalbania.org\/2020\/2013\/03\/21\/takime-te-permuajshme-per-ciftet-dhe-familjaret\/"},"author":{"name":"Kisha Orthodhokse","@id":"https:\/\/orthodoxalbania.org\/2020\/#\/schema\/person\/0c387634a7063ac612d7ed9ce71c7e86"},"headline":"Takime t\u00eb p\u00ebrmuajshme p\u00ebr \u00e7iftet dhe familjar\u00ebt. (4 Mars 2012)","datePublished":"2013-03-21T10:30:54+00:00","dateModified":"2020-04-06T20:31:53+00:00","mainEntityOfPage":{"@id":"https:\/\/orthodoxalbania.org\/2020\/2013\/03\/21\/takime-te-permuajshme-per-ciftet-dhe-familjaret\/"},"wordCount":452,"commentCount":0,"publisher":{"@id":"https:\/\/orthodoxalbania.org\/2020\/#organization"},"image":{"@id":"https:\/\/orthodoxalbania.org\/2020\/2013\/03\/21\/takime-te-permuajshme-per-ciftet-dhe-familjaret\/#primaryimage"},"thumbnailUrl":"https:\/\/lh5.googleusercontent.com\/-2bcFb6pDIfg\/VARji4AdnII\/AAAAAAAACww\/VvNSIEoLD6Q\/w958-h719-no\/foto%2B1%2B-%2Btakimi%2Bi%2Bcifteve.jpg","keywords":["2012","Aktivitete","Kryepiskopata Tiran\u00eb","lajme"],"articleSection":["Lajme"],"inLanguage":"en-US"},{"@type":"WebPage","@id":"https:\/\/orthodoxalbania.org\/2020\/2013\/03\/21\/takime-te-permuajshme-per-ciftet-dhe-familjaret\/","url":"https:\/\/orthodoxalbania.org\/2020\/2013\/03\/21\/takime-te-permuajshme-per-ciftet-dhe-familjaret\/","name":"Takime t\u00eb p\u00ebrmuajshme p\u00ebr \u00e7iftet dhe familjar\u00ebt. (4 Mars 2012) - Kisha Orthodh\u03bfkse Autoqefale e Shqip\u00ebris\u00eb","isPartOf":{"@id":"https:\/\/orthodoxalbania.org\/2020\/#website"},"primaryImageOfPage":{"@id":"https:\/\/orthodoxalbania.org\/2020\/2013\/03\/21\/takime-te-permuajshme-per-ciftet-dhe-familjaret\/#primaryimage"},"image":{"@id":"https:\/\/orthodoxalbania.org\/2020\/2013\/03\/21\/takime-te-permuajshme-per-ciftet-dhe-familjaret\/#primaryimage"},"thumbnailUrl":"https:\/\/lh5.googleusercontent.com\/-2bcFb6pDIfg\/VARji4AdnII\/AAAAAAAACww\/VvNSIEoLD6Q\/w958-h719-no\/foto%2B1%2B-%2Btakimi%2Bi%2Bcifteve.jpg","datePublished":"2013-03-21T10:30:54+00:00","dateModified":"2020-04-06T20:31:53+00:00","breadcrumb":{"@id":"https:\/\/orthodoxalbania.org\/2020\/2013\/03\/21\/takime-te-permuajshme-per-ciftet-dhe-familjaret\/#breadcrumb"},"inLanguage":"en-US","potentialAction":[{"@type":"ReadAction","target":["https:\/\/orthodoxalbania.org\/2020\/2013\/03\/21\/takime-te-permuajshme-per-ciftet-dhe-familjaret\/"]}]},{"@type":"ImageObject","inLanguage":"en-US","@id":"https:\/\/orthodoxalbania.org\/2020\/2013\/03\/21\/takime-te-permuajshme-per-ciftet-dhe-familjaret\/#primaryimage","url":"https:\/\/lh5.googleusercontent.com\/-2bcFb6pDIfg\/VARji4AdnII\/AAAAAAAACww\/VvNSIEoLD6Q\/w958-h719-no\/foto%2B1%2B-%2Btakimi%2Bi%2Bcifteve.jpg","contentUrl":"https:\/\/lh5.googleusercontent.com\/-2bcFb6pDIfg\/VARji4AdnII\/AAAAAAAACww\/VvNSIEoLD6Q\/w958-h719-no\/foto%2B1%2B-%2Btakimi%2Bi%2Bcifteve.jpg"},{"@type":"BreadcrumbList","@id":"https:\/\/orthodoxalbania.org\/2020\/2013\/03\/21\/takime-te-permuajshme-per-ciftet-dhe-familjaret\/#breadcrumb","itemListElement":[{"@type":"ListItem","position":1,"name":"Home","item":"https:\/\/orthodoxalbania.org\/2020\/"},{"@type":"ListItem","position":2,"name":"Takime t\u00eb p\u00ebrmuajshme p\u00ebr \u00e7iftet dhe familjar\u00ebt. (4 Mars 2012)"}]},{"@type":"WebSite","@id":"https:\/\/orthodoxalbania.org\/2020\/#website","url":"https:\/\/orthodoxalbania.org\/2020\/","name":"Kisha Orthodh\u03bfkse Autoqefale e Shqip\u00ebris\u00eb","description":"Fqja Zyrtare e Kish\u00ebs Orthodhokse Autoqefale e Shqip\u00ebris\u00eb me lajmet edhe informacionet zyrtare p\u00ebr struktur\u00ebn edhe veprimtarin e saj.","publisher":{"@id":"https:\/\/orthodoxalbania.org\/2020\/#organization"},"potentialAction":[{"@type":"SearchAction","target":{"@type":"EntryPoint","urlTemplate":"https:\/\/orthodoxalbania.org\/2020\/?s={search_term_string}"},"query-input":{"@type":"PropertyValueSpecification","valueRequired":true,"valueName":"search_term_string"}}],"inLanguage":"en-US"},{"@type":"Organization","@id":"https:\/\/orthodoxalbania.org\/2020\/#organization","name":"Kisha Orthodhokse Autoqefale e Shqip\u00ebris\u00eb","url":"https:\/\/orthodoxalbania.org\/2020\/","logo":{"@type":"ImageObject","inLanguage":"en-US","@id":"https:\/\/orthodoxalbania.org\/2020\/#\/schema\/logo\/image\/","url":"https:\/\/orthodoxalbania.org\/2020\/wp-content\/uploads\/2020\/05\/albania.jpeg","contentUrl":"https:\/\/orthodoxalbania.org\/2020\/wp-content\/uploads\/2020\/05\/albania.jpeg","width":540,"height":540,"caption":"Kisha Orthodhokse Autoqefale e Shqip\u00ebris\u00eb"},"image":{"@id":"https:\/\/orthodoxalbania.org\/2020\/#\/schema\/logo\/image\/"},"sameAs":["https:\/\/www.facebook.com\/koash1991"]},{"@type":"Person","@id":"https:\/\/orthodoxalbania.org\/2020\/#\/schema\/person\/0c387634a7063ac612d7ed9ce71c7e86","name":"Kisha Orthodhokse","image":{"@type":"ImageObject","inLanguage":"en-US","@id":"https:\/\/secure.gravatar.com\/avatar\/596e7c417251e30f2fbb9c00e026fce61a695a00e51c889caded71c96cbbdde5?s=96&d=mm&r=g","url":"https:\/\/secure.gravatar.com\/avatar\/596e7c417251e30f2fbb9c00e026fce61a695a00e51c889caded71c96cbbdde5?s=96&d=mm&r=g","contentUrl":"https:\/\/secure.gravatar.com\/avatar\/596e7c417251e30f2fbb9c00e026fce61a695a00e51c889caded71c96cbbdde5?s=96&d=mm&r=g","caption":"Kisha Orthodhokse"}}]}},"_links":{"self":[{"href":"https:\/\/orthodoxalbania.org\/2020\/wp-json\/wp\/v2\/posts\/1251","targetHints":{"allow":["GET"]}}],"collection":[{"href":"https:\/\/orthodoxalbania.org\/2020\/wp-json\/wp\/v2\/posts"}],"about":[{"href":"https:\/\/orthodoxalbania.org\/2020\/wp-json\/wp\/v2\/types\/post"}],"author":[{"embeddable":true,"href":"https:\/\/orthodoxalbania.org\/2020\/wp-json\/wp\/v2\/users\/1"}],"replies":[{"embeddable":true,"href":"https:\/\/orthodoxalbania.org\/2020\/wp-json\/wp\/v2\/comments?post=1251"}],"version-history":[{"count":1,"href":"https:\/\/orthodoxalbania.org\/2020\/wp-json\/wp\/v2\/posts\/1251\/revisions"}],"predecessor-version":[{"id":15340,"href":"https:\/\/orthodoxalbania.org\/2020\/wp-json\/wp\/v2\/posts\/1251\/revisions\/15340"}],"wp:attachment":[{"href":"https:\/\/orthodoxalbania.org\/2020\/wp-json\/wp\/v2\/media?parent=1251"}],"wp:term":[{"taxonomy":"category","embeddable":true,"href":"https:\/\/orthodoxalbania.org\/2020\/wp-json\/wp\/v2\/categories?post=1251"},{"taxonomy":"post_tag","embeddable":true,"href":"https:\/\/orthodoxalbania.org\/2020\/wp-json\/wp\/v2\/tags?post=1251"}],"curies":[{"name":"wp","href":"https:\/\/api.w.org\/{rel}","templated":true}]}}