{"id":1250,"date":"2008-02-26T00:00:00","date_gmt":"2008-02-26T00:00:00","guid":{"rendered":""},"modified":"2020-04-06T22:35:25","modified_gmt":"2020-04-06T20:35:25","slug":"takime-rinore-neper-dioqezat-e-kishes-sone-2008","status":"publish","type":"post","link":"https:\/\/orthodoxalbania.org\/2020\/2008\/02\/26\/takime-rinore-neper-dioqezat-e-kishes-sone-2008\/","title":{"rendered":"Takime rinore n\u00ebp\u00ebr dioqezat e Kish\u00ebs son\u00eb. (2008)"},"content":{"rendered":"<table style=\"width: 860px; height: 1807px; margin-right: auto; margin-left: auto;\">\n<tbody>\n<tr>\n<td>\n<div><span style=\"font-family: tahoma,geneva,sans-serif;\"><span style=\"font-size: 12px;\"><span style=\"color: #000000;\"><img decoding=\"async\" class=\"lazyload HAa Eha\" style=\"border-width: 1px; border-style: solid; margin: 10px auto; display: block;\" alt=\"\" src=\"data:image\/gif;base64,R0lGODlhAQABAAAAACH5BAEKAAEALAAAAAABAAEAAAICTAEAOw==\" data-orig-src=\"https:\/\/lh5.googleusercontent.com\/-csNFXGq65Jo\/VJKc0SmOpuI\/AAAAAAAAIeQ\/f3V7AhgR-p8\/w448-h336-no\/1.jpg\" \/><\/span><\/span><\/span><\/div>\n<\/td>\n<td>\n<div style=\"text-align: justify;\"><span style=\"font-family: tahoma,geneva,sans-serif;\"><span style=\"font-size: 12px;\"><span style=\"color: #000000;\">&nbsp;&nbsp;&nbsp; Tradita e takimeve rinore vijoi me sukses edhe k\u00ebt\u00eb vit, duke afruar shum\u00eb t\u00eb rinj nga enori t\u00eb ndryshme t\u00eb Kish\u00ebs son\u00eb, p\u00ebr t\u00eb njohur edhe m\u00eb shum\u00eb besimin dhe p\u00ebr t\u00eb rritur miq\u00ebsin\u00eb mes tyre.<\/span><\/span><\/span><\/div>\n<div style=\"text-align: justify;\"> <span style=\"font-family: tahoma,geneva,sans-serif;\"><span style=\"font-size: 12px;\"><span style=\"color: #000000;\">&nbsp;&nbsp;&nbsp; Me bekimin e Kryepiskopit Anastas, Zyra e Rinis\u00eb organizoi gjat\u00eb muajve t\u00eb vjesht\u00ebs veprimtari me t\u00eb rinjt\u00eb dhe t\u00eb rejat orthodhokse, duke i ndihmuar ata n\u00eb jet\u00ebn shpirt\u00ebrore dhe shk\u00ebmbimin e p\u00ebrvojave t\u00eb paharrueshme n\u00eb shoq\u00ebrin\u00eb e krishter\u00eb.<\/span><\/span><\/span><\/div>\n<div style=\"text-align: justify;\"> <span style=\"font-family: tahoma,geneva,sans-serif;\"><span style=\"font-size: 12px;\"><span style=\"color: #000000;\">&nbsp;&nbsp;&nbsp; N\u00eb datat 31 tetor &#8211; 2 n\u00ebntor, n\u00eb Mitropolin\u00eb e Tiran\u00ebs dhe t\u00eb Kor\u00e7\u00ebs u zhvilluan takimet shpirt\u00ebrore dhe kulturore me rinin\u00eb orthodhokse. Tema ishte e p\u00ebrbashk\u00ebt:<\/span><\/span><\/span><\/div>\n<\/td>\n<\/tr>\n<tr>\n<td>\n<div style=\"text-align: justify;\"><span style=\"font-family: tahoma,geneva,sans-serif;\"><span style=\"font-size: 12px;\"><span style=\"color: #000000;\">&nbsp;&nbsp;&nbsp; \u201cMe Krishtin do t\u00eb p\u00ebrballojm\u00eb \u00e7do sfid\u00eb n\u00eb jet\u00ebn ton\u00eb\u201d. Fol\u00ebs n\u00eb takimin rinor t\u00eb Mitropolis\u00eb s\u00eb Tiran\u00ebs, i zhvilluar n\u00eb Qendr\u00ebn Shpirt\u00ebrore-Arsimore \u201cThavor\u201d ishin Episkopi i Apollonis\u00eb, Hir\u00ebsi Nikolla, p\u00ebrgjegj\u00ebsi i Zyr\u00ebs s\u00eb Katekizmit p\u00ebr Mitropolin\u00eb e Tiran\u00ebs, z. Miron \u00c7ako dhe drejtori i Zyr\u00ebs Rinore z. Jorgo Papadhopuli.<\/span><\/span><\/span><\/div>\n<div style=\"text-align: justify;\">&nbsp;<\/div>\n<div class=\"style3\" style=\"text-align: center;\"><span style=\"color: #b22222;\"><strong><span style=\"font-family: tahoma,geneva,sans-serif;\"><span style=\"font-size: 12px;\">*&nbsp;&nbsp;&nbsp;&nbsp;&nbsp; *&nbsp;&nbsp;&nbsp;&nbsp;&nbsp;&nbsp; *<\/span><\/span><\/strong><\/span><\/div>\n<div class=\"style3\" style=\"text-align: justify;\">&nbsp;<\/div>\n<div style=\"text-align: justify;\"><span style=\"font-family: tahoma,geneva,sans-serif;\"><span style=\"font-size: 12px;\"><span style=\"color: #000000;\">&nbsp;&nbsp;&nbsp; N\u00eb takimin rinor t\u00eb Kor\u00e7\u00ebs, referatet u mbajt\u00ebn nga Mitropoliti i Kor\u00e7\u00ebs, Imzot Joani. Pjes\u00ebmarrja ishte e gjer\u00eb me t\u00eb rinj nga t\u00eb gjitha enorit\u00eb e k\u00ebsaj mitropolie.<\/span><\/span><\/span><\/div>\n<\/td>\n<td>\n<div><span style=\"font-family: tahoma,geneva,sans-serif;\"><span style=\"font-size: 12px;\"><span style=\"color: #000000;\"><img decoding=\"async\" class=\"lazyload HAa Eha\" style=\"border-width: 1px; border-style: solid; margin: 10px auto; display: block;\" alt=\"\" src=\"data:image\/gif;base64,R0lGODlhAQABAAAAACH5BAEKAAEALAAAAAABAAEAAAICTAEAOw==\" data-orig-src=\"https:\/\/lh4.googleusercontent.com\/-ekOqk47KQN4\/VJKc0hygiqI\/AAAAAAAAIeo\/keS1cwx3Ggc\/w448-h336-no\/2.JPG\" \/><\/span><\/span><\/span><\/div>\n<\/td>\n<\/tr>\n<tr>\n<td>\n<div><span style=\"font-family: tahoma,geneva,sans-serif;\"><span style=\"font-size: 12px;\"><span style=\"color: #000000;\"><img decoding=\"async\" class=\"lazyload HAa Eha\" style=\"border-width: 1px; border-style: solid; margin: 10px auto; display: block;\" alt=\"\" src=\"data:image\/gif;base64,R0lGODlhAQABAAAAACH5BAEKAAEALAAAAAABAAEAAAICTAEAOw==\" data-orig-src=\"https:\/\/lh5.googleusercontent.com\/-xBsGlOC6MBU\/VJKc0hkxPGI\/AAAAAAAAIec\/vpRdm4R2QhM\/w448-h336-no\/3.JPG\" \/><\/span><\/span><\/span><\/div>\n<\/td>\n<td>\n<div>\n<div style=\"text-align: justify;\"><span style=\"font-family: tahoma,geneva,sans-serif;\"><span style=\"font-size: 12px;\"><span style=\"color: #000000;\">&nbsp;&nbsp;&nbsp; Mor\u00ebn pjes\u00eb rreth 60 t\u00eb rinj p\u00ebr \u00e7do aktivitet. Programi ishte i larmish\u00ebm, ku p\u00ebrve\u00e7 tre referateve, pati edhe aktivitete arg\u00ebtuese dhe krijuese. Dit\u00ebn e fundit t\u00eb k\u00ebsaj veprimtarie, t\u00eb diel\u00ebn, t\u00eb rinjt\u00eb mor\u00ebn pjes\u00eb n\u00eb Liturgjin\u00eb Hyjnore, n\u00eb katedralen e qytetit t\u00eb Kor\u00e7\u00ebs \u201cNgjallja e Krishtit\u201d.<\/span><\/span><\/span><\/div>\n<div>&nbsp;<\/div>\n<div>&nbsp;<\/div>\n<div class=\"style3\" style=\"text-align: center;\"><strong><span style=\"color: #b22222;\"><span style=\"font-family: tahoma,geneva,sans-serif;\"><span style=\"font-size: 12px;\">*&nbsp;&nbsp;&nbsp;&nbsp;&nbsp; *&nbsp;&nbsp;&nbsp;&nbsp;&nbsp;&nbsp; *<\/span><\/span><\/span><\/strong><\/div>\n<div class=\"style3\">&nbsp;<\/div>\n<div style=\"text-align: justify;\"><span style=\"font-family: tahoma,geneva,sans-serif;\"><span style=\"font-size: 12px;\"><span style=\"color: #000000;\">&nbsp;&nbsp;&nbsp; Nj\u00eb jav\u00eb m\u00eb pas, n\u00eb datat 8 &#8211; 10 n\u00ebntor u zhvillua takimi rinor i Mitropolis\u00eb s\u00eb Beratit. Merrnin pjes\u00eb rreth 65 t\u00eb rinj t\u00eb ardhur nga pothuajse t\u00eb gjitha enorit\u00eb e k\u00ebsaj mitropolie. Tema e k\u00ebtij takimi ishte \u201cRinia p\u00ebrball\u00eb ndryshimeve, duke p\u00ebrballuar sfidat\u201d.<\/span><\/span><\/span><\/div>\n<\/div>\n<\/td>\n<\/tr>\n<tr>\n<td>\n<div style=\"text-align: justify;\"><span style=\"font-family: tahoma,geneva,sans-serif;\"><span style=\"font-size: 12px;\"><span style=\"color: #000000;\">&nbsp;&nbsp;&nbsp; Referati i par\u00eb u mbajt nga Mitropolit Ignati, i cili theksoi problemet e rinis\u00eb dhe shpjegoi m\u00ebnyrat se si mund t\u2019i p\u00ebrballojm\u00eb ato. Posa\u00e7\u00ebrisht p\u00ebr k\u00ebt\u00eb aktivitet kishte ardhur si i ftuar nga Greqia, Arkimandrit Serafimi, i cili mbajti referatin e dyt\u00eb. Programi u pasurua me nj\u00eb ekskursion n\u00eb kish\u00ebn e Kryeengj\u00ebllit Mihail, e cila ndodhet n\u00eb nj\u00eb terren shum\u00eb t\u00eb v\u00ebshtir\u00eb dhe ku ka asketuar dhe sh\u00ebn Nikodhimi i Beratit. T\u00eb diel\u00ebn, pjes\u00ebmarr\u00ebsit mor\u00ebn pjes\u00eb n\u00eb Liturgjin\u00eb Hyjnore, e cila u zhvillua n\u00eb kish\u00ebn e sh\u00ebn Spiridhonit.<\/span><\/span><\/span><\/div>\n<\/td>\n<td>\n<div><span style=\"font-family: tahoma,geneva,sans-serif;\"><span style=\"font-size: 12px;\"><span style=\"color: #000000;\"><img decoding=\"async\" class=\"lazyload HAa Eha\" style=\"border-width: 1px; border-style: solid; margin: 10px auto; display: block;\" alt=\"\" src=\"data:image\/gif;base64,R0lGODlhAQABAAAAACH5BAEKAAEALAAAAAABAAEAAAICTAEAOw==\" data-orig-src=\"https:\/\/lh3.googleusercontent.com\/-qo0TluRthBc\/VJKc01AuonI\/AAAAAAAAIeY\/VYo3UAexghA\/w448-h336-no\/4.jpg\" \/><\/span><\/span><\/span><\/div>\n<\/td>\n<\/tr>\n<tr>\n<td>\n<div><span style=\"font-family: tahoma,geneva,sans-serif;\"><span style=\"font-size: 12px;\"><span style=\"color: #000000;\"><img decoding=\"async\" class=\"lazyload HAa Eha\" style=\"border-width: 1px; border-style: solid; margin: 10px auto; display: block;\" alt=\"\" src=\"data:image\/gif;base64,R0lGODlhAQABAAAAACH5BAEKAAEALAAAAAABAAEAAAICTAEAOw==\" data-orig-src=\"https:\/\/lh4.googleusercontent.com\/-w4NrVTo2DPg\/VJKc1Mwqj5I\/AAAAAAAAIeg\/SuqqAEL8-r8\/w448-h336-no\/5.jpg\" \/><\/span><\/span><\/span><\/div>\n<\/td>\n<td>\n<div class=\"style3\" style=\"text-align: center;\"><strong><span style=\"color: #b22222;\"><span style=\"font-family: tahoma,geneva,sans-serif;\"><span style=\"font-size: 12px;\">*&nbsp;&nbsp;&nbsp;&nbsp;&nbsp; *&nbsp;&nbsp;&nbsp;&nbsp;&nbsp;&nbsp; *<\/span><\/span><\/span><\/strong><\/div>\n<div class=\"style3\">&nbsp;<\/div>\n<div style=\"text-align: justify;\"><span style=\"font-family: tahoma,geneva,sans-serif;\"><span style=\"font-size: 12px;\"><span style=\"color: #000000;\">&nbsp;&nbsp;&nbsp; N\u00eb vazhdim t\u00eb veprimtarive rinore, n\u00eb datat 15 dhe 16 n\u00ebntor u zhvillua Takimi Nd\u00ebrkristian me pjes\u00ebmarrjen e t\u00eb rinjve nga komuniteti Orthodhoks,&nbsp; komuniteti Romano-katolik dhe bashk\u00ebsia Ungjillore, rreth 20 p\u00ebrfaq\u00ebsues p\u00ebr \u00e7do komunitet. Tema e k\u00ebtij aktiviteti ishte vargu shk\u00ebputur nga Ungjillit sipas Mattheut 18:20 \u201cKudo q\u00eb dy a tre jan\u00eb bashkuar n\u00eb emrin tim, Un\u00eb jam n\u00eb mes tyre\u201d. Nj\u00eb nga p\u00ebrfaq\u00ebsuesit e komunitetit orthodhoks, z. Jorgo Papadhopuli, referoi mbi tem\u00ebn \u201cMiq\u00ebsia\u201d.<\/span><\/span><\/span><\/div>\n<\/td>\n<\/tr>\n<\/tbody>\n<\/table>\n<div style=\"text-align: justify;\"><span style=\"font-family: tahoma,geneva,sans-serif;\"><span style=\"font-size: 12px;\"><span style=\"color: #000000;\">&nbsp;&nbsp;&nbsp;&nbsp; <\/span><\/span><\/span><\/div>\n<div style=\"text-align: justify;\"><span style=\"font-family: tahoma,geneva,sans-serif;\"><span style=\"font-size: 12px;\"><span style=\"color: #000000;\">&nbsp;&nbsp;&nbsp; Kjo tem\u00eb u zhvillua n\u00eb form\u00ebn e pun\u00ebs n\u00eb grup. Pjes\u00ebmarr\u00ebsit u ndan\u00eb n\u00eb grupe dhe \u00e7do grupi i ishte dh\u00ebn\u00eb nj\u00eb histori p\u00ebr ta prezantuar. Q\u00ebllimi i pun\u00ebs s\u00eb bashku ishte p\u00ebr ta paraqitur sa m\u00eb mir\u00eb grupin e tyre, dhe n\u00eb t\u00eb nj\u00ebjt\u00ebn koh\u00eb t\u00eb merrnin mesazhin se mund t\u00eb bashk\u00ebpunojn\u00eb n\u00eb harmoni me njeri-tjetrin, pavar\u00ebsisht ndryshimeve q\u00eb ekzistojn\u00eb.<\/span><\/span><\/span><br \/> &nbsp;<\/div>\n<div style=\"text-align: center;\">&nbsp;<\/div>\n<div style=\"text-align: center;\"><strong><span style=\"color: #b22222;\"><span style=\"font-family: tahoma,geneva,sans-serif;\"><span style=\"font-size: 12px;\">*&nbsp;&nbsp;&nbsp;&nbsp;&nbsp; *&nbsp;&nbsp;&nbsp;&nbsp;&nbsp;&nbsp; *<\/span><\/span><\/span><\/strong><\/div>\n<div style=\"text-align: justify;\">\n<p> <span style=\"font-family: tahoma,geneva,sans-serif;\"><span style=\"font-size: 12px;\"><span style=\"color: #000000;\">&nbsp;&nbsp;&nbsp; Takimet e p\u00ebrvitshme rinore n\u00ebp\u00ebr dioqeza u mbyll\u00ebn&nbsp; n\u00eb aktivitetin e dyt\u00eb t\u00eb Mitropolis\u00eb s\u00eb Tiran\u00ebs q\u00eb u mbajt n\u00eb Qendr\u00ebn Shpirt\u00ebrore-Arsimore \u201cThavor\u201d, n\u00eb datat 5 &#8211; 7 dhjetor. N\u00eb k\u00ebt\u00eb takim ishin rreth 60 pjes\u00ebmarr\u00ebs dhe u zhvilluan dy referate, n\u00eb lidhje edhe me tem\u00ebn kryesore t\u00eb k\u00ebtij takimi \u201cNdarja nd\u00ebrmjet brezave\u201d. Referati i par\u00eb u mbajt n\u00eb manastirin e sh\u00ebn Vlashit nga at\u00eb Kozmai, pedagog i l\u00ebnd\u00ebs s\u00eb Historis\u00eb Kishtare, n\u00eb Akademin\u00eb Teologjike \u201cNgjallja e Krishtit\u201d. Znj. Ekaterina Papadhopuli mbajti referatin e dyt\u00eb, t\u00eb cilin e zhvilloi n\u00eb form\u00eb trajnimi, duke krijuar nj\u00eb atmosfer\u00eb ku t\u00eb rinjt\u00eb e ndar\u00eb n\u00ebp\u00ebr grupe t\u00eb ishin vet\u00eb pjes\u00ebmarr\u00ebs n\u00eb diskutime. Kjo m\u00ebnyr\u00eb referimi u p\u00eblqeu shum\u00eb nga t\u00eb rinjve, duke qen\u00eb se ishte shum\u00eb zbavit\u00ebse dhe krijuese.<\/span><\/span><\/span><\/div>\n<div> <span style=\"font-family: tahoma,geneva,sans-serif;\"><span style=\"font-size: 12px;\"><span style=\"color: #000000;\">&nbsp;&nbsp;&nbsp; K\u00ebto takime rinore jan\u00eb kthyer n\u00eb nj\u00eb tradit\u00eb t\u00eb pasur dhe vit pas viti p\u00ebrcjellin mesazhe t\u00eb r\u00ebnd\u00ebsishme, jo vet\u00ebm tek t\u00eb rinjt\u00eb orthodhoks\u00eb, por edhe n\u00eb familjet e tyre, duke e p\u00ebrhapur Fjal\u00ebn e Ungjillit p\u00ebrmes nj\u00eb jete t\u00eb v\u00ebrtet\u00eb t\u00eb krishter\u00eb, e cila ka n\u00eb qend\u00ebr t\u00eb saj dashurin\u00eb e Per\u00ebndis\u00eb. <\/span><\/span><\/span><\/div>\n<div style=\"text-align: right;\"><span style=\"color: #000000;\"><strong><span style=\"font-family: tahoma,geneva,sans-serif;\"><span style=\"font-size: 12px;\">Zyra Rinore<\/span><\/span><\/strong><\/span><\/div>\n","protected":false},"excerpt":{"rendered":"<p>&nbsp;&nbsp;&nbsp; Tradita e takimeve rinore vijoi me sukses edhe k\u00ebt\u00eb vit, duke afruar shum\u00eb t\u00eb rinj nga enori t\u00eb ndryshme t\u00eb Kish\u00ebs son\u00eb, p\u00ebr t\u00eb njohur edhe m\u00eb shum\u00eb besimin dhe p\u00ebr t\u00eb rritur miq\u00ebsin\u00eb mes tyre. &nbsp;&nbsp;&nbsp; Me bekimin e Kryepiskopit Anastas, Zyra e Rinis\u00eb organizoi gjat\u00eb muajve t\u00eb vjesht\u00ebs veprimtari me t\u00eb rinjt\u00eb dhe t\u00eb rejat orthodhokse, duke i ndihmuar ata n\u00eb jet\u00ebn<\/p>\n","protected":false},"author":1,"featured_media":0,"comment_status":"open","ping_status":"open","sticky":false,"template":"","format":"standard","meta":{"_acf_changed":false,"pagelayer_contact_templates":[],"_pagelayer_content":"","inline_featured_image":false,"fifu_image_url":"","fifu_image_alt":"","footnotes":""},"categories":[108],"tags":[146,196,212,176],"class_list":["post-1250","post","type-post","status-publish","format-standard","hentry","category-lajme","tag-146","tag-tirane","tag-lajme-d27","tag-rinia-orthodhokse"],"acf":[],"yoast_head":"<!-- This site is optimized with the Yoast SEO plugin v27.2 - https:\/\/yoast.com\/product\/yoast-seo-wordpress\/ -->\n<title>Takime rinore n\u00ebp\u00ebr dioqezat e Kish\u00ebs son\u00eb. (2008) - Kisha Orthodh\u03bfkse Autoqefale e Shqip\u00ebris\u00eb<\/title>\n<meta name=\"robots\" content=\"index, follow, max-snippet:-1, max-image-preview:large, max-video-preview:-1\" \/>\n<link rel=\"canonical\" href=\"https:\/\/orthodoxalbania.org\/2020\/2008\/02\/26\/takime-rinore-neper-dioqezat-e-kishes-sone-2008\/\" \/>\n<meta property=\"og:locale\" content=\"en_US\" \/>\n<meta property=\"og:type\" content=\"article\" \/>\n<meta property=\"og:title\" content=\"Takime rinore n\u00ebp\u00ebr dioqezat e Kish\u00ebs son\u00eb. (2008) - Kisha Orthodh\u03bfkse Autoqefale e Shqip\u00ebris\u00eb\" \/>\n<meta property=\"og:description\" content=\"&nbsp;&nbsp;&nbsp; Tradita e takimeve rinore vijoi me sukses edhe k\u00ebt\u00eb vit, duke afruar shum\u00eb t\u00eb rinj nga enori t\u00eb ndryshme t\u00eb Kish\u00ebs son\u00eb, p\u00ebr t\u00eb njohur edhe m\u00eb shum\u00eb besimin dhe p\u00ebr t\u00eb rritur miq\u00ebsin\u00eb mes tyre. &nbsp;&nbsp;&nbsp; Me bekimin e Kryepiskopit Anastas, Zyra e Rinis\u00eb organizoi gjat\u00eb muajve t\u00eb vjesht\u00ebs veprimtari me t\u00eb rinjt\u00eb dhe t\u00eb rejat orthodhokse, duke i ndihmuar ata n\u00eb jet\u00ebn\" \/>\n<meta property=\"og:url\" content=\"https:\/\/orthodoxalbania.org\/2020\/2008\/02\/26\/takime-rinore-neper-dioqezat-e-kishes-sone-2008\/\" \/>\n<meta property=\"og:site_name\" content=\"Kisha Orthodh\u03bfkse Autoqefale e Shqip\u00ebris\u00eb\" \/>\n<meta property=\"article:publisher\" content=\"https:\/\/www.facebook.com\/koash1991\" \/>\n<meta property=\"article:published_time\" content=\"2008-02-26T00:00:00+00:00\" \/>\n<meta property=\"article:modified_time\" content=\"2020-04-06T20:35:25+00:00\" \/>\n<meta property=\"og:image\" content=\"https:\/\/lh5.googleusercontent.com\/-csNFXGq65Jo\/VJKc0SmOpuI\/AAAAAAAAIeQ\/f3V7AhgR-p8\/w448-h336-no\/1.jpg\" \/>\n<meta name=\"author\" content=\"Kisha Orthodhokse\" \/>\n<meta name=\"twitter:card\" content=\"summary_large_image\" \/>\n<meta name=\"twitter:label1\" content=\"Written by\" \/>\n\t<meta name=\"twitter:data1\" content=\"Kisha Orthodhokse\" \/>\n\t<meta name=\"twitter:label2\" content=\"Est. reading time\" \/>\n\t<meta name=\"twitter:data2\" content=\"4 minutes\" \/>\n<script type=\"application\/ld+json\" class=\"yoast-schema-graph\">{\"@context\":\"https:\/\/schema.org\",\"@graph\":[{\"@type\":\"Article\",\"@id\":\"https:\/\/orthodoxalbania.org\/2020\/2008\/02\/26\/takime-rinore-neper-dioqezat-e-kishes-sone-2008\/#article\",\"isPartOf\":{\"@id\":\"https:\/\/orthodoxalbania.org\/2020\/2008\/02\/26\/takime-rinore-neper-dioqezat-e-kishes-sone-2008\/\"},\"author\":{\"name\":\"Kisha Orthodhokse\",\"@id\":\"https:\/\/orthodoxalbania.org\/2020\/#\/schema\/person\/0c387634a7063ac612d7ed9ce71c7e86\"},\"headline\":\"Takime rinore n\u00ebp\u00ebr dioqezat e Kish\u00ebs son\u00eb. (2008)\",\"datePublished\":\"2008-02-26T00:00:00+00:00\",\"dateModified\":\"2020-04-06T20:35:25+00:00\",\"mainEntityOfPage\":{\"@id\":\"https:\/\/orthodoxalbania.org\/2020\/2008\/02\/26\/takime-rinore-neper-dioqezat-e-kishes-sone-2008\/\"},\"wordCount\":892,\"commentCount\":0,\"publisher\":{\"@id\":\"https:\/\/orthodoxalbania.org\/2020\/#organization\"},\"image\":{\"@id\":\"https:\/\/orthodoxalbania.org\/2020\/2008\/02\/26\/takime-rinore-neper-dioqezat-e-kishes-sone-2008\/#primaryimage\"},\"thumbnailUrl\":\"https:\/\/lh5.googleusercontent.com\/-csNFXGq65Jo\/VJKc0SmOpuI\/AAAAAAAAIeQ\/f3V7AhgR-p8\/w448-h336-no\/1.jpg\",\"keywords\":[\"2008\",\"Kryepiskopata Tiran\u00eb\",\"lajme\",\"Rinia Orthodhokse\"],\"articleSection\":[\"Lajme\"],\"inLanguage\":\"en-US\"},{\"@type\":\"WebPage\",\"@id\":\"https:\/\/orthodoxalbania.org\/2020\/2008\/02\/26\/takime-rinore-neper-dioqezat-e-kishes-sone-2008\/\",\"url\":\"https:\/\/orthodoxalbania.org\/2020\/2008\/02\/26\/takime-rinore-neper-dioqezat-e-kishes-sone-2008\/\",\"name\":\"Takime rinore n\u00ebp\u00ebr dioqezat e Kish\u00ebs son\u00eb. (2008) - Kisha Orthodh\u03bfkse Autoqefale e Shqip\u00ebris\u00eb\",\"isPartOf\":{\"@id\":\"https:\/\/orthodoxalbania.org\/2020\/#website\"},\"primaryImageOfPage\":{\"@id\":\"https:\/\/orthodoxalbania.org\/2020\/2008\/02\/26\/takime-rinore-neper-dioqezat-e-kishes-sone-2008\/#primaryimage\"},\"image\":{\"@id\":\"https:\/\/orthodoxalbania.org\/2020\/2008\/02\/26\/takime-rinore-neper-dioqezat-e-kishes-sone-2008\/#primaryimage\"},\"thumbnailUrl\":\"https:\/\/lh5.googleusercontent.com\/-csNFXGq65Jo\/VJKc0SmOpuI\/AAAAAAAAIeQ\/f3V7AhgR-p8\/w448-h336-no\/1.jpg\",\"datePublished\":\"2008-02-26T00:00:00+00:00\",\"dateModified\":\"2020-04-06T20:35:25+00:00\",\"breadcrumb\":{\"@id\":\"https:\/\/orthodoxalbania.org\/2020\/2008\/02\/26\/takime-rinore-neper-dioqezat-e-kishes-sone-2008\/#breadcrumb\"},\"inLanguage\":\"en-US\",\"potentialAction\":[{\"@type\":\"ReadAction\",\"target\":[\"https:\/\/orthodoxalbania.org\/2020\/2008\/02\/26\/takime-rinore-neper-dioqezat-e-kishes-sone-2008\/\"]}]},{\"@type\":\"ImageObject\",\"inLanguage\":\"en-US\",\"@id\":\"https:\/\/orthodoxalbania.org\/2020\/2008\/02\/26\/takime-rinore-neper-dioqezat-e-kishes-sone-2008\/#primaryimage\",\"url\":\"https:\/\/lh5.googleusercontent.com\/-csNFXGq65Jo\/VJKc0SmOpuI\/AAAAAAAAIeQ\/f3V7AhgR-p8\/w448-h336-no\/1.jpg\",\"contentUrl\":\"https:\/\/lh5.googleusercontent.com\/-csNFXGq65Jo\/VJKc0SmOpuI\/AAAAAAAAIeQ\/f3V7AhgR-p8\/w448-h336-no\/1.jpg\"},{\"@type\":\"BreadcrumbList\",\"@id\":\"https:\/\/orthodoxalbania.org\/2020\/2008\/02\/26\/takime-rinore-neper-dioqezat-e-kishes-sone-2008\/#breadcrumb\",\"itemListElement\":[{\"@type\":\"ListItem\",\"position\":1,\"name\":\"Home\",\"item\":\"https:\/\/orthodoxalbania.org\/2020\/\"},{\"@type\":\"ListItem\",\"position\":2,\"name\":\"Takime rinore n\u00ebp\u00ebr dioqezat e Kish\u00ebs son\u00eb. (2008)\"}]},{\"@type\":\"WebSite\",\"@id\":\"https:\/\/orthodoxalbania.org\/2020\/#website\",\"url\":\"https:\/\/orthodoxalbania.org\/2020\/\",\"name\":\"Kisha Orthodh\u03bfkse Autoqefale e Shqip\u00ebris\u00eb\",\"description\":\"Fqja Zyrtare e Kish\u00ebs Orthodhokse Autoqefale e Shqip\u00ebris\u00eb me lajmet edhe informacionet zyrtare p\u00ebr struktur\u00ebn edhe veprimtarin e saj.\",\"publisher\":{\"@id\":\"https:\/\/orthodoxalbania.org\/2020\/#organization\"},\"potentialAction\":[{\"@type\":\"SearchAction\",\"target\":{\"@type\":\"EntryPoint\",\"urlTemplate\":\"https:\/\/orthodoxalbania.org\/2020\/?s={search_term_string}\"},\"query-input\":{\"@type\":\"PropertyValueSpecification\",\"valueRequired\":true,\"valueName\":\"search_term_string\"}}],\"inLanguage\":\"en-US\"},{\"@type\":\"Organization\",\"@id\":\"https:\/\/orthodoxalbania.org\/2020\/#organization\",\"name\":\"Kisha Orthodhokse Autoqefale e Shqip\u00ebris\u00eb\",\"url\":\"https:\/\/orthodoxalbania.org\/2020\/\",\"logo\":{\"@type\":\"ImageObject\",\"inLanguage\":\"en-US\",\"@id\":\"https:\/\/orthodoxalbania.org\/2020\/#\/schema\/logo\/image\/\",\"url\":\"https:\/\/orthodoxalbania.org\/2020\/wp-content\/uploads\/2020\/05\/albania.jpeg\",\"contentUrl\":\"https:\/\/orthodoxalbania.org\/2020\/wp-content\/uploads\/2020\/05\/albania.jpeg\",\"width\":540,\"height\":540,\"caption\":\"Kisha Orthodhokse Autoqefale e Shqip\u00ebris\u00eb\"},\"image\":{\"@id\":\"https:\/\/orthodoxalbania.org\/2020\/#\/schema\/logo\/image\/\"},\"sameAs\":[\"https:\/\/www.facebook.com\/koash1991\"]},{\"@type\":\"Person\",\"@id\":\"https:\/\/orthodoxalbania.org\/2020\/#\/schema\/person\/0c387634a7063ac612d7ed9ce71c7e86\",\"name\":\"Kisha Orthodhokse\",\"image\":{\"@type\":\"ImageObject\",\"inLanguage\":\"en-US\",\"@id\":\"https:\/\/secure.gravatar.com\/avatar\/596e7c417251e30f2fbb9c00e026fce61a695a00e51c889caded71c96cbbdde5?s=96&d=mm&r=g\",\"url\":\"https:\/\/secure.gravatar.com\/avatar\/596e7c417251e30f2fbb9c00e026fce61a695a00e51c889caded71c96cbbdde5?s=96&d=mm&r=g\",\"contentUrl\":\"https:\/\/secure.gravatar.com\/avatar\/596e7c417251e30f2fbb9c00e026fce61a695a00e51c889caded71c96cbbdde5?s=96&d=mm&r=g\",\"caption\":\"Kisha Orthodhokse\"}}]}<\/script>\n<!-- \/ Yoast SEO plugin. -->","yoast_head_json":{"title":"Takime rinore n\u00ebp\u00ebr dioqezat e Kish\u00ebs son\u00eb. (2008) - Kisha Orthodh\u03bfkse Autoqefale e Shqip\u00ebris\u00eb","robots":{"index":"index","follow":"follow","max-snippet":"max-snippet:-1","max-image-preview":"max-image-preview:large","max-video-preview":"max-video-preview:-1"},"canonical":"https:\/\/orthodoxalbania.org\/2020\/2008\/02\/26\/takime-rinore-neper-dioqezat-e-kishes-sone-2008\/","og_locale":"en_US","og_type":"article","og_title":"Takime rinore n\u00ebp\u00ebr dioqezat e Kish\u00ebs son\u00eb. (2008) - Kisha Orthodh\u03bfkse Autoqefale e Shqip\u00ebris\u00eb","og_description":"&nbsp;&nbsp;&nbsp; Tradita e takimeve rinore vijoi me sukses edhe k\u00ebt\u00eb vit, duke afruar shum\u00eb t\u00eb rinj nga enori t\u00eb ndryshme t\u00eb Kish\u00ebs son\u00eb, p\u00ebr t\u00eb njohur edhe m\u00eb shum\u00eb besimin dhe p\u00ebr t\u00eb rritur miq\u00ebsin\u00eb mes tyre. &nbsp;&nbsp;&nbsp; Me bekimin e Kryepiskopit Anastas, Zyra e Rinis\u00eb organizoi gjat\u00eb muajve t\u00eb vjesht\u00ebs veprimtari me t\u00eb rinjt\u00eb dhe t\u00eb rejat orthodhokse, duke i ndihmuar ata n\u00eb jet\u00ebn","og_url":"https:\/\/orthodoxalbania.org\/2020\/2008\/02\/26\/takime-rinore-neper-dioqezat-e-kishes-sone-2008\/","og_site_name":"Kisha Orthodh\u03bfkse Autoqefale e Shqip\u00ebris\u00eb","article_publisher":"https:\/\/www.facebook.com\/koash1991","article_published_time":"2008-02-26T00:00:00+00:00","article_modified_time":"2020-04-06T20:35:25+00:00","og_image":[{"url":"https:\/\/lh5.googleusercontent.com\/-csNFXGq65Jo\/VJKc0SmOpuI\/AAAAAAAAIeQ\/f3V7AhgR-p8\/w448-h336-no\/1.jpg","type":"","width":"","height":""}],"author":"Kisha Orthodhokse","twitter_card":"summary_large_image","twitter_misc":{"Written by":"Kisha Orthodhokse","Est. reading time":"4 minutes"},"schema":{"@context":"https:\/\/schema.org","@graph":[{"@type":"Article","@id":"https:\/\/orthodoxalbania.org\/2020\/2008\/02\/26\/takime-rinore-neper-dioqezat-e-kishes-sone-2008\/#article","isPartOf":{"@id":"https:\/\/orthodoxalbania.org\/2020\/2008\/02\/26\/takime-rinore-neper-dioqezat-e-kishes-sone-2008\/"},"author":{"name":"Kisha Orthodhokse","@id":"https:\/\/orthodoxalbania.org\/2020\/#\/schema\/person\/0c387634a7063ac612d7ed9ce71c7e86"},"headline":"Takime rinore n\u00ebp\u00ebr dioqezat e Kish\u00ebs son\u00eb. (2008)","datePublished":"2008-02-26T00:00:00+00:00","dateModified":"2020-04-06T20:35:25+00:00","mainEntityOfPage":{"@id":"https:\/\/orthodoxalbania.org\/2020\/2008\/02\/26\/takime-rinore-neper-dioqezat-e-kishes-sone-2008\/"},"wordCount":892,"commentCount":0,"publisher":{"@id":"https:\/\/orthodoxalbania.org\/2020\/#organization"},"image":{"@id":"https:\/\/orthodoxalbania.org\/2020\/2008\/02\/26\/takime-rinore-neper-dioqezat-e-kishes-sone-2008\/#primaryimage"},"thumbnailUrl":"https:\/\/lh5.googleusercontent.com\/-csNFXGq65Jo\/VJKc0SmOpuI\/AAAAAAAAIeQ\/f3V7AhgR-p8\/w448-h336-no\/1.jpg","keywords":["2008","Kryepiskopata Tiran\u00eb","lajme","Rinia Orthodhokse"],"articleSection":["Lajme"],"inLanguage":"en-US"},{"@type":"WebPage","@id":"https:\/\/orthodoxalbania.org\/2020\/2008\/02\/26\/takime-rinore-neper-dioqezat-e-kishes-sone-2008\/","url":"https:\/\/orthodoxalbania.org\/2020\/2008\/02\/26\/takime-rinore-neper-dioqezat-e-kishes-sone-2008\/","name":"Takime rinore n\u00ebp\u00ebr dioqezat e Kish\u00ebs son\u00eb. (2008) - Kisha Orthodh\u03bfkse Autoqefale e Shqip\u00ebris\u00eb","isPartOf":{"@id":"https:\/\/orthodoxalbania.org\/2020\/#website"},"primaryImageOfPage":{"@id":"https:\/\/orthodoxalbania.org\/2020\/2008\/02\/26\/takime-rinore-neper-dioqezat-e-kishes-sone-2008\/#primaryimage"},"image":{"@id":"https:\/\/orthodoxalbania.org\/2020\/2008\/02\/26\/takime-rinore-neper-dioqezat-e-kishes-sone-2008\/#primaryimage"},"thumbnailUrl":"https:\/\/lh5.googleusercontent.com\/-csNFXGq65Jo\/VJKc0SmOpuI\/AAAAAAAAIeQ\/f3V7AhgR-p8\/w448-h336-no\/1.jpg","datePublished":"2008-02-26T00:00:00+00:00","dateModified":"2020-04-06T20:35:25+00:00","breadcrumb":{"@id":"https:\/\/orthodoxalbania.org\/2020\/2008\/02\/26\/takime-rinore-neper-dioqezat-e-kishes-sone-2008\/#breadcrumb"},"inLanguage":"en-US","potentialAction":[{"@type":"ReadAction","target":["https:\/\/orthodoxalbania.org\/2020\/2008\/02\/26\/takime-rinore-neper-dioqezat-e-kishes-sone-2008\/"]}]},{"@type":"ImageObject","inLanguage":"en-US","@id":"https:\/\/orthodoxalbania.org\/2020\/2008\/02\/26\/takime-rinore-neper-dioqezat-e-kishes-sone-2008\/#primaryimage","url":"https:\/\/lh5.googleusercontent.com\/-csNFXGq65Jo\/VJKc0SmOpuI\/AAAAAAAAIeQ\/f3V7AhgR-p8\/w448-h336-no\/1.jpg","contentUrl":"https:\/\/lh5.googleusercontent.com\/-csNFXGq65Jo\/VJKc0SmOpuI\/AAAAAAAAIeQ\/f3V7AhgR-p8\/w448-h336-no\/1.jpg"},{"@type":"BreadcrumbList","@id":"https:\/\/orthodoxalbania.org\/2020\/2008\/02\/26\/takime-rinore-neper-dioqezat-e-kishes-sone-2008\/#breadcrumb","itemListElement":[{"@type":"ListItem","position":1,"name":"Home","item":"https:\/\/orthodoxalbania.org\/2020\/"},{"@type":"ListItem","position":2,"name":"Takime rinore n\u00ebp\u00ebr dioqezat e Kish\u00ebs son\u00eb. (2008)"}]},{"@type":"WebSite","@id":"https:\/\/orthodoxalbania.org\/2020\/#website","url":"https:\/\/orthodoxalbania.org\/2020\/","name":"Kisha Orthodh\u03bfkse Autoqefale e Shqip\u00ebris\u00eb","description":"Fqja Zyrtare e Kish\u00ebs Orthodhokse Autoqefale e Shqip\u00ebris\u00eb me lajmet edhe informacionet zyrtare p\u00ebr struktur\u00ebn edhe veprimtarin e saj.","publisher":{"@id":"https:\/\/orthodoxalbania.org\/2020\/#organization"},"potentialAction":[{"@type":"SearchAction","target":{"@type":"EntryPoint","urlTemplate":"https:\/\/orthodoxalbania.org\/2020\/?s={search_term_string}"},"query-input":{"@type":"PropertyValueSpecification","valueRequired":true,"valueName":"search_term_string"}}],"inLanguage":"en-US"},{"@type":"Organization","@id":"https:\/\/orthodoxalbania.org\/2020\/#organization","name":"Kisha Orthodhokse Autoqefale e Shqip\u00ebris\u00eb","url":"https:\/\/orthodoxalbania.org\/2020\/","logo":{"@type":"ImageObject","inLanguage":"en-US","@id":"https:\/\/orthodoxalbania.org\/2020\/#\/schema\/logo\/image\/","url":"https:\/\/orthodoxalbania.org\/2020\/wp-content\/uploads\/2020\/05\/albania.jpeg","contentUrl":"https:\/\/orthodoxalbania.org\/2020\/wp-content\/uploads\/2020\/05\/albania.jpeg","width":540,"height":540,"caption":"Kisha Orthodhokse Autoqefale e Shqip\u00ebris\u00eb"},"image":{"@id":"https:\/\/orthodoxalbania.org\/2020\/#\/schema\/logo\/image\/"},"sameAs":["https:\/\/www.facebook.com\/koash1991"]},{"@type":"Person","@id":"https:\/\/orthodoxalbania.org\/2020\/#\/schema\/person\/0c387634a7063ac612d7ed9ce71c7e86","name":"Kisha Orthodhokse","image":{"@type":"ImageObject","inLanguage":"en-US","@id":"https:\/\/secure.gravatar.com\/avatar\/596e7c417251e30f2fbb9c00e026fce61a695a00e51c889caded71c96cbbdde5?s=96&d=mm&r=g","url":"https:\/\/secure.gravatar.com\/avatar\/596e7c417251e30f2fbb9c00e026fce61a695a00e51c889caded71c96cbbdde5?s=96&d=mm&r=g","contentUrl":"https:\/\/secure.gravatar.com\/avatar\/596e7c417251e30f2fbb9c00e026fce61a695a00e51c889caded71c96cbbdde5?s=96&d=mm&r=g","caption":"Kisha Orthodhokse"}}]}},"_links":{"self":[{"href":"https:\/\/orthodoxalbania.org\/2020\/wp-json\/wp\/v2\/posts\/1250","targetHints":{"allow":["GET"]}}],"collection":[{"href":"https:\/\/orthodoxalbania.org\/2020\/wp-json\/wp\/v2\/posts"}],"about":[{"href":"https:\/\/orthodoxalbania.org\/2020\/wp-json\/wp\/v2\/types\/post"}],"author":[{"embeddable":true,"href":"https:\/\/orthodoxalbania.org\/2020\/wp-json\/wp\/v2\/users\/1"}],"replies":[{"embeddable":true,"href":"https:\/\/orthodoxalbania.org\/2020\/wp-json\/wp\/v2\/comments?post=1250"}],"version-history":[{"count":1,"href":"https:\/\/orthodoxalbania.org\/2020\/wp-json\/wp\/v2\/posts\/1250\/revisions"}],"predecessor-version":[{"id":15678,"href":"https:\/\/orthodoxalbania.org\/2020\/wp-json\/wp\/v2\/posts\/1250\/revisions\/15678"}],"wp:attachment":[{"href":"https:\/\/orthodoxalbania.org\/2020\/wp-json\/wp\/v2\/media?parent=1250"}],"wp:term":[{"taxonomy":"category","embeddable":true,"href":"https:\/\/orthodoxalbania.org\/2020\/wp-json\/wp\/v2\/categories?post=1250"},{"taxonomy":"post_tag","embeddable":true,"href":"https:\/\/orthodoxalbania.org\/2020\/wp-json\/wp\/v2\/tags?post=1250"}],"curies":[{"name":"wp","href":"https:\/\/api.w.org\/{rel}","templated":true}]}}