{"id":1249,"date":"2013-03-20T13:13:33","date_gmt":"2013-03-20T13:13:33","guid":{"rendered":""},"modified":"2020-04-06T22:32:15","modified_gmt":"2020-04-06T20:32:15","slug":"takim-studentor-ne-prag-te-krishtlindjes","status":"publish","type":"post","link":"https:\/\/orthodoxalbania.org\/2020\/2013\/03\/20\/takim-studentor-ne-prag-te-krishtlindjes\/","title":{"rendered":"Takim studentor n\u00eb prag t\u00eb Krishtlindjes. (18 Dhjetor 2010)"},"content":{"rendered":"<p class=\"style10\" style=\"text-align: justify;\">\n\t<span style=\"color:#000000;\"><span style=\"font-family: tahoma,geneva,sans-serif;\"><span style=\"font-size: 12px;\"><img decoding=\"async\" class=\"lazyload HAa Eha\" src=\"data:image\/gif;base64,R0lGODlhAQABAAAAACH5BAEKAAEALAAAAAABAAEAAAICTAEAOw==\" data-orig-src=\"https:\/\/lh4.googleusercontent.com\/-5tjzVE7-Qcc\/VAAhD51qaiI\/AAAAAAAABtw\/l2D9YMucJ8k\/w600-h450-no\/1_600x450.jpg\" style=\"height: 203px; width: 270px; border-width: 1px; border-style: solid; margin: 10px; float: left;\" \/> &nbsp; &nbsp; N\u00eb kuad\u00ebr t\u00eb pritjes s\u00eb fest\u00ebs s\u00eb Krishtlindjes, dit\u00ebn e shtun\u00eb, m\u00eb 18 dhjetor, n\u00eb Qendr\u00ebn Studentore t\u00eb Kish\u00ebs son\u00eb n\u00eb Tiran\u00eb u zhvillua takimi i student\u00ebve orthodhoks\u00eb me tem\u00eb: <strong><em>&#8220;Ku do t\u00eb jet\u00eb grazhdi i Krishtit foshnj\u00eb p\u00ebr k\u00ebt\u00eb vit&#8221;<\/em><\/strong>. Ky ishte takimi i fundit studentor p\u00ebr vitin 2010, takim i cili i p\u00ebrgatiti t\u00eb gjith\u00eb p\u00ebr pritjen e madhe t\u00eb ardhjes s\u00eb Shp\u00ebtimtarit. Gjith\u00e7ka n\u00eb Qend\u00ebr tregonte se kjo e kremte e madhe sjell harmoni dhe bukuri n\u00eb jet\u00eb. T\u00eb gjitha zbukurimet tregonin n\u00eb heshtje se n\u00eb bot\u00eb po vjen Drita, q\u00eb i tregon t\u00eb gjith\u00eb njer\u00ebzimit se si duhet t\u00eb ecim n\u00eb jet\u00eb.<\/span><\/span><\/span><\/p>\n<p class=\"style10\" style=\"text-align: justify;\">\n\t<br \/>\n\t<span style=\"color:#000000;\"><span style=\"font-family: tahoma,geneva,sans-serif;\"><span style=\"font-size: 12px;\">&nbsp;&nbsp;&nbsp; Programi nisi me lutjen e m\u00ebngjesit, e cila u pasua nga referati i par\u00eb i misionares Pamela Barksdale, e cila theksoi r\u00ebnd\u00ebsin\u00eb e edukimit t\u00eb krishter\u00eb n\u00eb familje. M\u00eb pas, student\u00ebt u drejtuan p\u00ebr n\u00eb Sht\u00ebpin\u00eb e F\u00ebmij\u00ebs \u201cZyber Hallulli\u201d, ku atmosfera u mbush me g\u00ebzim edhe p\u00ebr t\u00eb rinjt\u00eb orthodhoks\u00eb, edhe p\u00ebr f\u00ebmij\u00ebt e k\u00ebsaj Sht\u00ebpie, t\u00eb cil\u00ebt ndan\u00eb me nj\u00ebri-tjetrin k\u00ebng\u00eb e valle. Student\u00ebt iu dhuruan f\u00ebmij\u00ebve dhurat\u00ebn e Krishtlindjes, duke ndar\u00eb me ta dashurin\u00eb e krishter\u00eb.<\/span><\/span><\/span><\/p>\n<p class=\"style10\" style=\"text-align: justify;\">\n\t<br \/>\n\t<span style=\"color:#000000;\"><span style=\"font-family: tahoma,geneva,sans-serif;\"><span style=\"font-size: 12px;\">&nbsp;&nbsp;&nbsp; Pas k\u00ebsaj vizite baritore, ata ndoq\u00ebn referatin e dyt\u00eb nga Episkopi i Apollonin\u00eb, Hir\u00ebsi Nikolla, i cili theksoi q\u00eb p\u00ebr<img decoding=\"async\" class=\"lazyload HAa Eha\" src=\"data:image\/gif;base64,R0lGODlhAQABAAAAACH5BAEKAAEALAAAAAABAAEAAAICTAEAOw==\" data-orig-src=\"https:\/\/lh3.googleusercontent.com\/-6xGWh1G1xu4\/VAAhEBv6BeI\/AAAAAAAABuc\/0t6fmXyW7DM\/w600-h450-no\/2_600x450.jpg\" style=\"height: 191px; width: 255px; border-width: 1px; border-style: solid; margin: 10px; float: right;\" \/> k\u00ebt\u00eb Krishtlindje dhe \u00e7do dit\u00eb t\u00eb jet\u00ebs duhet t\u00eb jetojm\u00eb \u00e7udin\u00eb, ashtu si Sh\u00ebn Maria me Josifin. \u201c<em>Jeta b\u00ebhet monotone, sepse nuk jetojm\u00eb \u00e7udin\u00eb. Zoti yn\u00eb \u00ebsht\u00eb Zot i surprizave dhe gjithmon\u00eb na g\u00ebzon dhe na rrit me t\u00eb papriturat q\u00eb na sjell. Kur zbatojm\u00eb porosit\u00eb dhe i bindemi vullnetit t\u00eb Tij, at\u00ebher\u00eb e kemi b\u00ebr\u00eb zemr\u00ebn grazhd ku shtrihet foshnja e vog\u00ebl Jisu<\/em>\u201d \u2013 p\u00ebrfundoi fjal\u00ebn e tij, imzot Nikolla. Gjithashtu programi p\u00ebrmbante takime n\u00eb grupe t\u00eb vogla ku pjes\u00ebmarr\u00ebsit reflektuan mbi ecurin\u00eb e tyre shpirt\u00ebrore, or\u00ebn e punimeve artizanale dhe p\u00ebrfundoi me sh\u00ebrbes\u00ebn e Mbr\u00ebm\u00ebsores. Para se t\u00eb largoheshin, p\u00ebr secilin prej student\u00ebve ishte p\u00ebrgatitur nj\u00eb surpriz\u00eb. Sipas tradit\u00ebs s\u00eb Krishtlindjeve, nj\u00eb student i veshur si sh\u00ebn Nikolla, ndau p\u00ebr t\u00eb gjith\u00eb dhurata, n\u00eb kujtim t\u00eb dhurat\u00ebs s\u00eb madhe q\u00eb Per\u00ebndia b\u00ebri p\u00ebr mbar\u00eb njer\u00ebzimin, Birin e tij t\u00eb Vet\u00ebmlindur.<\/span><\/span><\/span><\/p>\n<p class=\"style10\" style=\"text-align: justify;\">\n\t<span style=\"color:#000000;\"><span style=\"font-family: tahoma,geneva,sans-serif;\"><span style=\"font-size: 12px;\"><strong>&nbsp;<\/strong><\/span><\/span><\/span><\/p>\n<p class=\"style10\" style=\"text-align: justify;\">\n\t<span style=\"color:#000000;\"><span style=\"font-family: tahoma,geneva,sans-serif;\"><span style=\"font-size: 12px;\"><strong>Ana Baba, Isidor Koti<\/strong><\/span><\/span><\/span><\/p>\n<p class=\"style10\" style=\"text-align: justify;\">\n\t&nbsp;<\/p>\n<p class=\"style10\" style=\"text-align: justify;\">\n\t&nbsp;<\/p>\n<table align=\"center\" border=\"0\" width=\"750\">\n<tbody>\n<tr>\n<td>\n\t\t\t\t<span style=\"color:#000000;\"><span style=\"font-family: tahoma,geneva,sans-serif;\"><span style=\"font-size: 12px;\"><img decoding=\"async\" class=\"lazyload HAa Eha\" src=\"data:image\/gif;base64,R0lGODlhAQABAAAAACH5BAEKAAEALAAAAAABAAEAAAICTAEAOw==\" data-orig-src=\"https:\/\/lh6.googleusercontent.com\/-a6CXNxQhfYM\/VAAhEaPoLFI\/AAAAAAAABt0\/_6HrvSw2MWY\/w600-h450-no\/3_600x450.jpg\" style=\"height: 259px; width: 345px; border-width: 1px; border-style: solid; margin: 10px;\" \/><\/span><\/span><\/span><\/td>\n<td>\n\t\t\t\t<span style=\"color:#000000;\"><span style=\"font-family: tahoma,geneva,sans-serif;\"><span style=\"font-size: 12px;\"><img decoding=\"async\" class=\"lazyload HAa Eha\" src=\"data:image\/gif;base64,R0lGODlhAQABAAAAACH5BAEKAAEALAAAAAABAAEAAAICTAEAOw==\" data-orig-src=\"https:\/\/lh4.googleusercontent.com\/-bd1sgmL7Vlg\/VAAhElFZ7gI\/AAAAAAAABuQ\/bsR9YSQDd8s\/w600-h450-no\/4_600x450.jpg\" style=\"height: 259px; width: 345px; border-width: 1px; border-style: solid; margin: 10px;\" \/><\/span><\/span><\/span><\/td>\n<\/tr>\n<tr>\n<td>\n\t\t\t\t<span style=\"color:#000000;\"><span style=\"font-family: tahoma,geneva,sans-serif;\"><span style=\"font-size: 12px;\"><img decoding=\"async\" class=\"lazyload HAa Eha\" src=\"data:image\/gif;base64,R0lGODlhAQABAAAAACH5BAEKAAEALAAAAAABAAEAAAICTAEAOw==\" data-orig-src=\"https:\/\/lh5.googleusercontent.com\/-lwaeqb0r8n4\/VAAhFMEGHrI\/AAAAAAAABuU\/fxwYP2lXHgk\/w600-h450-no\/5_600x450.jpg\" style=\"height: 259px; width: 345px; border-width: 1px; border-style: solid; margin: 10px;\" \/><\/span><\/span><\/span><\/td>\n<td>\n\t\t\t\t<span style=\"color:#000000;\"><span style=\"font-family: tahoma,geneva,sans-serif;\"><span style=\"font-size: 12px;\"><img decoding=\"async\" class=\"lazyload HAa Eha\" src=\"data:image\/gif;base64,R0lGODlhAQABAAAAACH5BAEKAAEALAAAAAABAAEAAAICTAEAOw==\" data-orig-src=\"https:\/\/lh6.googleusercontent.com\/-5XB6cDq-0KA\/VAAhFz_g_sI\/AAAAAAAABuI\/-rU3v4YdFr4\/w600-h450-no\/6_600x450.jpg\" style=\"height: 259px; width: 345px; border-width: 1px; border-style: solid; margin: 10px;\" \/><\/span><\/span><\/span><\/td>\n<\/tr>\n<tr>\n<td>\n\t\t\t\t<span style=\"color:#000000;\"><span style=\"font-family: tahoma,geneva,sans-serif;\"><span style=\"font-size: 12px;\"><img decoding=\"async\" class=\"lazyload HAa Eha\" src=\"data:image\/gif;base64,R0lGODlhAQABAAAAACH5BAEKAAEALAAAAAABAAEAAAICTAEAOw==\" data-orig-src=\"https:\/\/lh6.googleusercontent.com\/-w_h9Jjpsv64\/VAAhGca-71I\/AAAAAAAABuM\/s-oSIF7J01M\/w600-h450-no\/8_600x450.jpg\" style=\"height: 259px; width: 345px; border-width: 1px; border-style: solid; margin: 10px;\" \/><\/span><\/span><\/span><\/td>\n<td>\n\t\t\t\t&nbsp;<\/td>\n<\/tr>\n<\/tbody>\n<\/table>\n<p>\n\t&nbsp;<\/p>\n","protected":false},"excerpt":{"rendered":"<p>&nbsp; &nbsp; N\u00eb kuad\u00ebr t\u00eb pritjes s\u00eb fest\u00ebs s\u00eb Krishtlindjes, dit\u00ebn e shtun\u00eb, m\u00eb 18 dhjetor, n\u00eb Qendr\u00ebn Studentore t\u00eb Kish\u00ebs son\u00eb n\u00eb Tiran\u00eb u zhvillua takimi i student\u00ebve orthodhoks\u00eb me tem\u00eb: &#8220;Ku do t\u00eb jet\u00eb grazhdi i Krishtit foshnj\u00eb p\u00ebr k\u00ebt\u00eb vit&#8221;. Ky ishte takimi i fundit studentor p\u00ebr vitin 2010, takim i cili i p\u00ebrgatiti t\u00eb gjith\u00eb p\u00ebr pritjen e madhe t\u00eb ardhjes<\/p>\n","protected":false},"author":1,"featured_media":0,"comment_status":"open","ping_status":"open","sticky":false,"template":"","format":"standard","meta":{"_acf_changed":false,"pagelayer_contact_templates":[],"_pagelayer_content":"","inline_featured_image":false,"fifu_image_url":"","fifu_image_alt":"","footnotes":""},"categories":[108],"tags":[144,192,196,212,176],"class_list":["post-1249","post","type-post","status-publish","format-standard","hentry","category-lajme","tag-144","tag-krishtlindje","tag-tirane","tag-lajme-d27","tag-rinia-orthodhokse"],"acf":[],"yoast_head":"<!-- This site is optimized with the Yoast SEO plugin v27.2 - https:\/\/yoast.com\/product\/yoast-seo-wordpress\/ -->\n<title>Takim studentor n\u00eb prag t\u00eb Krishtlindjes. (18 Dhjetor 2010) - Kisha Orthodh\u03bfkse Autoqefale e Shqip\u00ebris\u00eb<\/title>\n<meta name=\"robots\" content=\"index, follow, max-snippet:-1, max-image-preview:large, max-video-preview:-1\" \/>\n<link rel=\"canonical\" href=\"https:\/\/orthodoxalbania.org\/2020\/2013\/03\/20\/takim-studentor-ne-prag-te-krishtlindjes\/\" \/>\n<meta property=\"og:locale\" content=\"en_US\" \/>\n<meta property=\"og:type\" content=\"article\" \/>\n<meta property=\"og:title\" content=\"Takim studentor n\u00eb prag t\u00eb Krishtlindjes. (18 Dhjetor 2010) - Kisha Orthodh\u03bfkse Autoqefale e Shqip\u00ebris\u00eb\" \/>\n<meta property=\"og:description\" content=\"&nbsp; &nbsp; N\u00eb kuad\u00ebr t\u00eb pritjes s\u00eb fest\u00ebs s\u00eb Krishtlindjes, dit\u00ebn e shtun\u00eb, m\u00eb 18 dhjetor, n\u00eb Qendr\u00ebn Studentore t\u00eb Kish\u00ebs son\u00eb n\u00eb Tiran\u00eb u zhvillua takimi i student\u00ebve orthodhoks\u00eb me tem\u00eb: &#8220;Ku do t\u00eb jet\u00eb grazhdi i Krishtit foshnj\u00eb p\u00ebr k\u00ebt\u00eb vit&#8221;. Ky ishte takimi i fundit studentor p\u00ebr vitin 2010, takim i cili i p\u00ebrgatiti t\u00eb gjith\u00eb p\u00ebr pritjen e madhe t\u00eb ardhjes\" \/>\n<meta property=\"og:url\" content=\"https:\/\/orthodoxalbania.org\/2020\/2013\/03\/20\/takim-studentor-ne-prag-te-krishtlindjes\/\" \/>\n<meta property=\"og:site_name\" content=\"Kisha Orthodh\u03bfkse Autoqefale e Shqip\u00ebris\u00eb\" \/>\n<meta property=\"article:publisher\" content=\"https:\/\/www.facebook.com\/koash1991\" \/>\n<meta property=\"article:published_time\" content=\"2013-03-20T13:13:33+00:00\" \/>\n<meta property=\"article:modified_time\" content=\"2020-04-06T20:32:15+00:00\" \/>\n<meta property=\"og:image\" content=\"https:\/\/lh4.googleusercontent.com\/-5tjzVE7-Qcc\/VAAhD51qaiI\/AAAAAAAABtw\/l2D9YMucJ8k\/w600-h450-no\/1_600x450.jpg\" \/>\n<meta name=\"author\" content=\"Kisha Orthodhokse\" \/>\n<meta name=\"twitter:card\" content=\"summary_large_image\" \/>\n<meta name=\"twitter:label1\" content=\"Written by\" \/>\n\t<meta name=\"twitter:data1\" content=\"Kisha Orthodhokse\" \/>\n\t<meta name=\"twitter:label2\" content=\"Est. reading time\" \/>\n\t<meta name=\"twitter:data2\" content=\"2 minutes\" \/>\n<script type=\"application\/ld+json\" class=\"yoast-schema-graph\">{\"@context\":\"https:\/\/schema.org\",\"@graph\":[{\"@type\":\"Article\",\"@id\":\"https:\/\/orthodoxalbania.org\/2020\/2013\/03\/20\/takim-studentor-ne-prag-te-krishtlindjes\/#article\",\"isPartOf\":{\"@id\":\"https:\/\/orthodoxalbania.org\/2020\/2013\/03\/20\/takim-studentor-ne-prag-te-krishtlindjes\/\"},\"author\":{\"name\":\"Kisha Orthodhokse\",\"@id\":\"https:\/\/orthodoxalbania.org\/2020\/#\/schema\/person\/0c387634a7063ac612d7ed9ce71c7e86\"},\"headline\":\"Takim studentor n\u00eb prag t\u00eb Krishtlindjes. (18 Dhjetor 2010)\",\"datePublished\":\"2013-03-20T13:13:33+00:00\",\"dateModified\":\"2020-04-06T20:32:15+00:00\",\"mainEntityOfPage\":{\"@id\":\"https:\/\/orthodoxalbania.org\/2020\/2013\/03\/20\/takim-studentor-ne-prag-te-krishtlindjes\/\"},\"wordCount\":442,\"commentCount\":0,\"publisher\":{\"@id\":\"https:\/\/orthodoxalbania.org\/2020\/#organization\"},\"image\":{\"@id\":\"https:\/\/orthodoxalbania.org\/2020\/2013\/03\/20\/takim-studentor-ne-prag-te-krishtlindjes\/#primaryimage\"},\"thumbnailUrl\":\"https:\/\/lh4.googleusercontent.com\/-5tjzVE7-Qcc\/VAAhD51qaiI\/AAAAAAAABtw\/l2D9YMucJ8k\/w600-h450-no\/1_600x450.jpg\",\"keywords\":[\"2010\",\"Krishtlindje\",\"Kryepiskopata Tiran\u00eb\",\"lajme\",\"Rinia Orthodhokse\"],\"articleSection\":[\"Lajme\"],\"inLanguage\":\"en-US\"},{\"@type\":\"WebPage\",\"@id\":\"https:\/\/orthodoxalbania.org\/2020\/2013\/03\/20\/takim-studentor-ne-prag-te-krishtlindjes\/\",\"url\":\"https:\/\/orthodoxalbania.org\/2020\/2013\/03\/20\/takim-studentor-ne-prag-te-krishtlindjes\/\",\"name\":\"Takim studentor n\u00eb prag t\u00eb Krishtlindjes. (18 Dhjetor 2010) - Kisha Orthodh\u03bfkse Autoqefale e Shqip\u00ebris\u00eb\",\"isPartOf\":{\"@id\":\"https:\/\/orthodoxalbania.org\/2020\/#website\"},\"primaryImageOfPage\":{\"@id\":\"https:\/\/orthodoxalbania.org\/2020\/2013\/03\/20\/takim-studentor-ne-prag-te-krishtlindjes\/#primaryimage\"},\"image\":{\"@id\":\"https:\/\/orthodoxalbania.org\/2020\/2013\/03\/20\/takim-studentor-ne-prag-te-krishtlindjes\/#primaryimage\"},\"thumbnailUrl\":\"https:\/\/lh4.googleusercontent.com\/-5tjzVE7-Qcc\/VAAhD51qaiI\/AAAAAAAABtw\/l2D9YMucJ8k\/w600-h450-no\/1_600x450.jpg\",\"datePublished\":\"2013-03-20T13:13:33+00:00\",\"dateModified\":\"2020-04-06T20:32:15+00:00\",\"breadcrumb\":{\"@id\":\"https:\/\/orthodoxalbania.org\/2020\/2013\/03\/20\/takim-studentor-ne-prag-te-krishtlindjes\/#breadcrumb\"},\"inLanguage\":\"en-US\",\"potentialAction\":[{\"@type\":\"ReadAction\",\"target\":[\"https:\/\/orthodoxalbania.org\/2020\/2013\/03\/20\/takim-studentor-ne-prag-te-krishtlindjes\/\"]}]},{\"@type\":\"ImageObject\",\"inLanguage\":\"en-US\",\"@id\":\"https:\/\/orthodoxalbania.org\/2020\/2013\/03\/20\/takim-studentor-ne-prag-te-krishtlindjes\/#primaryimage\",\"url\":\"https:\/\/lh4.googleusercontent.com\/-5tjzVE7-Qcc\/VAAhD51qaiI\/AAAAAAAABtw\/l2D9YMucJ8k\/w600-h450-no\/1_600x450.jpg\",\"contentUrl\":\"https:\/\/lh4.googleusercontent.com\/-5tjzVE7-Qcc\/VAAhD51qaiI\/AAAAAAAABtw\/l2D9YMucJ8k\/w600-h450-no\/1_600x450.jpg\"},{\"@type\":\"BreadcrumbList\",\"@id\":\"https:\/\/orthodoxalbania.org\/2020\/2013\/03\/20\/takim-studentor-ne-prag-te-krishtlindjes\/#breadcrumb\",\"itemListElement\":[{\"@type\":\"ListItem\",\"position\":1,\"name\":\"Home\",\"item\":\"https:\/\/orthodoxalbania.org\/2020\/\"},{\"@type\":\"ListItem\",\"position\":2,\"name\":\"Takim studentor n\u00eb prag t\u00eb Krishtlindjes. (18 Dhjetor 2010)\"}]},{\"@type\":\"WebSite\",\"@id\":\"https:\/\/orthodoxalbania.org\/2020\/#website\",\"url\":\"https:\/\/orthodoxalbania.org\/2020\/\",\"name\":\"Kisha Orthodh\u03bfkse Autoqefale e Shqip\u00ebris\u00eb\",\"description\":\"Fqja Zyrtare e Kish\u00ebs Orthodhokse Autoqefale e Shqip\u00ebris\u00eb me lajmet edhe informacionet zyrtare p\u00ebr struktur\u00ebn edhe veprimtarin e saj.\",\"publisher\":{\"@id\":\"https:\/\/orthodoxalbania.org\/2020\/#organization\"},\"potentialAction\":[{\"@type\":\"SearchAction\",\"target\":{\"@type\":\"EntryPoint\",\"urlTemplate\":\"https:\/\/orthodoxalbania.org\/2020\/?s={search_term_string}\"},\"query-input\":{\"@type\":\"PropertyValueSpecification\",\"valueRequired\":true,\"valueName\":\"search_term_string\"}}],\"inLanguage\":\"en-US\"},{\"@type\":\"Organization\",\"@id\":\"https:\/\/orthodoxalbania.org\/2020\/#organization\",\"name\":\"Kisha Orthodhokse Autoqefale e Shqip\u00ebris\u00eb\",\"url\":\"https:\/\/orthodoxalbania.org\/2020\/\",\"logo\":{\"@type\":\"ImageObject\",\"inLanguage\":\"en-US\",\"@id\":\"https:\/\/orthodoxalbania.org\/2020\/#\/schema\/logo\/image\/\",\"url\":\"https:\/\/orthodoxalbania.org\/2020\/wp-content\/uploads\/2020\/05\/albania.jpeg\",\"contentUrl\":\"https:\/\/orthodoxalbania.org\/2020\/wp-content\/uploads\/2020\/05\/albania.jpeg\",\"width\":540,\"height\":540,\"caption\":\"Kisha Orthodhokse Autoqefale e Shqip\u00ebris\u00eb\"},\"image\":{\"@id\":\"https:\/\/orthodoxalbania.org\/2020\/#\/schema\/logo\/image\/\"},\"sameAs\":[\"https:\/\/www.facebook.com\/koash1991\"]},{\"@type\":\"Person\",\"@id\":\"https:\/\/orthodoxalbania.org\/2020\/#\/schema\/person\/0c387634a7063ac612d7ed9ce71c7e86\",\"name\":\"Kisha Orthodhokse\",\"image\":{\"@type\":\"ImageObject\",\"inLanguage\":\"en-US\",\"@id\":\"https:\/\/secure.gravatar.com\/avatar\/596e7c417251e30f2fbb9c00e026fce61a695a00e51c889caded71c96cbbdde5?s=96&d=mm&r=g\",\"url\":\"https:\/\/secure.gravatar.com\/avatar\/596e7c417251e30f2fbb9c00e026fce61a695a00e51c889caded71c96cbbdde5?s=96&d=mm&r=g\",\"contentUrl\":\"https:\/\/secure.gravatar.com\/avatar\/596e7c417251e30f2fbb9c00e026fce61a695a00e51c889caded71c96cbbdde5?s=96&d=mm&r=g\",\"caption\":\"Kisha Orthodhokse\"}}]}<\/script>\n<!-- \/ Yoast SEO plugin. -->","yoast_head_json":{"title":"Takim studentor n\u00eb prag t\u00eb Krishtlindjes. (18 Dhjetor 2010) - Kisha Orthodh\u03bfkse Autoqefale e Shqip\u00ebris\u00eb","robots":{"index":"index","follow":"follow","max-snippet":"max-snippet:-1","max-image-preview":"max-image-preview:large","max-video-preview":"max-video-preview:-1"},"canonical":"https:\/\/orthodoxalbania.org\/2020\/2013\/03\/20\/takim-studentor-ne-prag-te-krishtlindjes\/","og_locale":"en_US","og_type":"article","og_title":"Takim studentor n\u00eb prag t\u00eb Krishtlindjes. (18 Dhjetor 2010) - Kisha Orthodh\u03bfkse Autoqefale e Shqip\u00ebris\u00eb","og_description":"&nbsp; &nbsp; N\u00eb kuad\u00ebr t\u00eb pritjes s\u00eb fest\u00ebs s\u00eb Krishtlindjes, dit\u00ebn e shtun\u00eb, m\u00eb 18 dhjetor, n\u00eb Qendr\u00ebn Studentore t\u00eb Kish\u00ebs son\u00eb n\u00eb Tiran\u00eb u zhvillua takimi i student\u00ebve orthodhoks\u00eb me tem\u00eb: &#8220;Ku do t\u00eb jet\u00eb grazhdi i Krishtit foshnj\u00eb p\u00ebr k\u00ebt\u00eb vit&#8221;. Ky ishte takimi i fundit studentor p\u00ebr vitin 2010, takim i cili i p\u00ebrgatiti t\u00eb gjith\u00eb p\u00ebr pritjen e madhe t\u00eb ardhjes","og_url":"https:\/\/orthodoxalbania.org\/2020\/2013\/03\/20\/takim-studentor-ne-prag-te-krishtlindjes\/","og_site_name":"Kisha Orthodh\u03bfkse Autoqefale e Shqip\u00ebris\u00eb","article_publisher":"https:\/\/www.facebook.com\/koash1991","article_published_time":"2013-03-20T13:13:33+00:00","article_modified_time":"2020-04-06T20:32:15+00:00","og_image":[{"url":"https:\/\/lh4.googleusercontent.com\/-5tjzVE7-Qcc\/VAAhD51qaiI\/AAAAAAAABtw\/l2D9YMucJ8k\/w600-h450-no\/1_600x450.jpg","type":"","width":"","height":""}],"author":"Kisha Orthodhokse","twitter_card":"summary_large_image","twitter_misc":{"Written by":"Kisha Orthodhokse","Est. reading time":"2 minutes"},"schema":{"@context":"https:\/\/schema.org","@graph":[{"@type":"Article","@id":"https:\/\/orthodoxalbania.org\/2020\/2013\/03\/20\/takim-studentor-ne-prag-te-krishtlindjes\/#article","isPartOf":{"@id":"https:\/\/orthodoxalbania.org\/2020\/2013\/03\/20\/takim-studentor-ne-prag-te-krishtlindjes\/"},"author":{"name":"Kisha Orthodhokse","@id":"https:\/\/orthodoxalbania.org\/2020\/#\/schema\/person\/0c387634a7063ac612d7ed9ce71c7e86"},"headline":"Takim studentor n\u00eb prag t\u00eb Krishtlindjes. (18 Dhjetor 2010)","datePublished":"2013-03-20T13:13:33+00:00","dateModified":"2020-04-06T20:32:15+00:00","mainEntityOfPage":{"@id":"https:\/\/orthodoxalbania.org\/2020\/2013\/03\/20\/takim-studentor-ne-prag-te-krishtlindjes\/"},"wordCount":442,"commentCount":0,"publisher":{"@id":"https:\/\/orthodoxalbania.org\/2020\/#organization"},"image":{"@id":"https:\/\/orthodoxalbania.org\/2020\/2013\/03\/20\/takim-studentor-ne-prag-te-krishtlindjes\/#primaryimage"},"thumbnailUrl":"https:\/\/lh4.googleusercontent.com\/-5tjzVE7-Qcc\/VAAhD51qaiI\/AAAAAAAABtw\/l2D9YMucJ8k\/w600-h450-no\/1_600x450.jpg","keywords":["2010","Krishtlindje","Kryepiskopata Tiran\u00eb","lajme","Rinia Orthodhokse"],"articleSection":["Lajme"],"inLanguage":"en-US"},{"@type":"WebPage","@id":"https:\/\/orthodoxalbania.org\/2020\/2013\/03\/20\/takim-studentor-ne-prag-te-krishtlindjes\/","url":"https:\/\/orthodoxalbania.org\/2020\/2013\/03\/20\/takim-studentor-ne-prag-te-krishtlindjes\/","name":"Takim studentor n\u00eb prag t\u00eb Krishtlindjes. (18 Dhjetor 2010) - Kisha Orthodh\u03bfkse Autoqefale e Shqip\u00ebris\u00eb","isPartOf":{"@id":"https:\/\/orthodoxalbania.org\/2020\/#website"},"primaryImageOfPage":{"@id":"https:\/\/orthodoxalbania.org\/2020\/2013\/03\/20\/takim-studentor-ne-prag-te-krishtlindjes\/#primaryimage"},"image":{"@id":"https:\/\/orthodoxalbania.org\/2020\/2013\/03\/20\/takim-studentor-ne-prag-te-krishtlindjes\/#primaryimage"},"thumbnailUrl":"https:\/\/lh4.googleusercontent.com\/-5tjzVE7-Qcc\/VAAhD51qaiI\/AAAAAAAABtw\/l2D9YMucJ8k\/w600-h450-no\/1_600x450.jpg","datePublished":"2013-03-20T13:13:33+00:00","dateModified":"2020-04-06T20:32:15+00:00","breadcrumb":{"@id":"https:\/\/orthodoxalbania.org\/2020\/2013\/03\/20\/takim-studentor-ne-prag-te-krishtlindjes\/#breadcrumb"},"inLanguage":"en-US","potentialAction":[{"@type":"ReadAction","target":["https:\/\/orthodoxalbania.org\/2020\/2013\/03\/20\/takim-studentor-ne-prag-te-krishtlindjes\/"]}]},{"@type":"ImageObject","inLanguage":"en-US","@id":"https:\/\/orthodoxalbania.org\/2020\/2013\/03\/20\/takim-studentor-ne-prag-te-krishtlindjes\/#primaryimage","url":"https:\/\/lh4.googleusercontent.com\/-5tjzVE7-Qcc\/VAAhD51qaiI\/AAAAAAAABtw\/l2D9YMucJ8k\/w600-h450-no\/1_600x450.jpg","contentUrl":"https:\/\/lh4.googleusercontent.com\/-5tjzVE7-Qcc\/VAAhD51qaiI\/AAAAAAAABtw\/l2D9YMucJ8k\/w600-h450-no\/1_600x450.jpg"},{"@type":"BreadcrumbList","@id":"https:\/\/orthodoxalbania.org\/2020\/2013\/03\/20\/takim-studentor-ne-prag-te-krishtlindjes\/#breadcrumb","itemListElement":[{"@type":"ListItem","position":1,"name":"Home","item":"https:\/\/orthodoxalbania.org\/2020\/"},{"@type":"ListItem","position":2,"name":"Takim studentor n\u00eb prag t\u00eb Krishtlindjes. (18 Dhjetor 2010)"}]},{"@type":"WebSite","@id":"https:\/\/orthodoxalbania.org\/2020\/#website","url":"https:\/\/orthodoxalbania.org\/2020\/","name":"Kisha Orthodh\u03bfkse Autoqefale e Shqip\u00ebris\u00eb","description":"Fqja Zyrtare e Kish\u00ebs Orthodhokse Autoqefale e Shqip\u00ebris\u00eb me lajmet edhe informacionet zyrtare p\u00ebr struktur\u00ebn edhe veprimtarin e saj.","publisher":{"@id":"https:\/\/orthodoxalbania.org\/2020\/#organization"},"potentialAction":[{"@type":"SearchAction","target":{"@type":"EntryPoint","urlTemplate":"https:\/\/orthodoxalbania.org\/2020\/?s={search_term_string}"},"query-input":{"@type":"PropertyValueSpecification","valueRequired":true,"valueName":"search_term_string"}}],"inLanguage":"en-US"},{"@type":"Organization","@id":"https:\/\/orthodoxalbania.org\/2020\/#organization","name":"Kisha Orthodhokse Autoqefale e Shqip\u00ebris\u00eb","url":"https:\/\/orthodoxalbania.org\/2020\/","logo":{"@type":"ImageObject","inLanguage":"en-US","@id":"https:\/\/orthodoxalbania.org\/2020\/#\/schema\/logo\/image\/","url":"https:\/\/orthodoxalbania.org\/2020\/wp-content\/uploads\/2020\/05\/albania.jpeg","contentUrl":"https:\/\/orthodoxalbania.org\/2020\/wp-content\/uploads\/2020\/05\/albania.jpeg","width":540,"height":540,"caption":"Kisha Orthodhokse Autoqefale e Shqip\u00ebris\u00eb"},"image":{"@id":"https:\/\/orthodoxalbania.org\/2020\/#\/schema\/logo\/image\/"},"sameAs":["https:\/\/www.facebook.com\/koash1991"]},{"@type":"Person","@id":"https:\/\/orthodoxalbania.org\/2020\/#\/schema\/person\/0c387634a7063ac612d7ed9ce71c7e86","name":"Kisha Orthodhokse","image":{"@type":"ImageObject","inLanguage":"en-US","@id":"https:\/\/secure.gravatar.com\/avatar\/596e7c417251e30f2fbb9c00e026fce61a695a00e51c889caded71c96cbbdde5?s=96&d=mm&r=g","url":"https:\/\/secure.gravatar.com\/avatar\/596e7c417251e30f2fbb9c00e026fce61a695a00e51c889caded71c96cbbdde5?s=96&d=mm&r=g","contentUrl":"https:\/\/secure.gravatar.com\/avatar\/596e7c417251e30f2fbb9c00e026fce61a695a00e51c889caded71c96cbbdde5?s=96&d=mm&r=g","caption":"Kisha Orthodhokse"}}]}},"_links":{"self":[{"href":"https:\/\/orthodoxalbania.org\/2020\/wp-json\/wp\/v2\/posts\/1249","targetHints":{"allow":["GET"]}}],"collection":[{"href":"https:\/\/orthodoxalbania.org\/2020\/wp-json\/wp\/v2\/posts"}],"about":[{"href":"https:\/\/orthodoxalbania.org\/2020\/wp-json\/wp\/v2\/types\/post"}],"author":[{"embeddable":true,"href":"https:\/\/orthodoxalbania.org\/2020\/wp-json\/wp\/v2\/users\/1"}],"replies":[{"embeddable":true,"href":"https:\/\/orthodoxalbania.org\/2020\/wp-json\/wp\/v2\/comments?post=1249"}],"version-history":[{"count":1,"href":"https:\/\/orthodoxalbania.org\/2020\/wp-json\/wp\/v2\/posts\/1249\/revisions"}],"predecessor-version":[{"id":15442,"href":"https:\/\/orthodoxalbania.org\/2020\/wp-json\/wp\/v2\/posts\/1249\/revisions\/15442"}],"wp:attachment":[{"href":"https:\/\/orthodoxalbania.org\/2020\/wp-json\/wp\/v2\/media?parent=1249"}],"wp:term":[{"taxonomy":"category","embeddable":true,"href":"https:\/\/orthodoxalbania.org\/2020\/wp-json\/wp\/v2\/categories?post=1249"},{"taxonomy":"post_tag","embeddable":true,"href":"https:\/\/orthodoxalbania.org\/2020\/wp-json\/wp\/v2\/tags?post=1249"}],"curies":[{"name":"wp","href":"https:\/\/api.w.org\/{rel}","templated":true}]}}