{"id":1248,"date":"2008-02-26T00:00:00","date_gmt":"2008-02-26T00:00:00","guid":{"rendered":""},"modified":"2020-04-06T22:35:23","modified_gmt":"2020-04-06T20:35:23","slug":"takim-studentor-ne-manastirin-e-shen-vlashit-2008","status":"publish","type":"post","link":"https:\/\/orthodoxalbania.org\/2020\/2008\/02\/26\/takim-studentor-ne-manastirin-e-shen-vlashit-2008\/","title":{"rendered":"Takim studentor n\u00eb Manastirin e Sh\u00ebn Vlashit. (2008)"},"content":{"rendered":"<table id=\"AutoNumber4\" border=\"0\">\n<tbody>\n<tr>\n<td>\n<div style=\"text-align: justify;\"><span style=\"color: #000000;\"><span style=\"font-family: tahoma,geneva,sans-serif;\"><span style=\"font-size: 12px;\">&nbsp;&nbsp;&nbsp; Qendra Studentore e Kish\u00ebs son\u00eb organizoi takimin studentor t\u00eb fundvitit me tem\u00eb: \u201cPse lindet Jisu Krishti?\u201d n\u00eb Manastirin e Hirsh\u00ebm t\u00eb Sh\u00ebn Vlashit n\u00eb Durr\u00ebs, m\u00eb 15 dhe 16 dhjetor 2007. N\u00eb t\u00eb merrnin pjes\u00eb 80 student\u00eb nga rrethe t\u00eb ndryshme t\u00eb Shqip\u00ebris\u00eb q\u00eb studiojn\u00eb n\u00eb fakultete t\u00eb ndryshme n\u00eb Universitetin e Tiran\u00ebs. Q\u00ebllimi i k\u00ebtij takimi ishte q\u00eb student\u00ebt t\u00eb njiheshin me jet\u00ebn shpirt\u00ebrore, duke iu hapur atyre horizontin drejt realitetit t\u00eb Per\u00ebndis\u00eb, t\u00eb misterit t\u00eb shp\u00ebtimit.<\/span><\/span><\/span><\/div>\n<\/td>\n<td>\n<div><span style=\"color: #000000;\"><span style=\"font-family: tahoma,geneva,sans-serif;\"><span style=\"font-size: 12px;\"><img decoding=\"async\" class=\"lazyload HAa Eha\" style=\"border-width: 1px; border-style: solid; margin: 10px auto; display: block;\" alt=\"\" src=\"data:image\/gif;base64,R0lGODlhAQABAAAAACH5BAEKAAEALAAAAAABAAEAAAICTAEAOw==\" data-orig-src=\"https:\/\/lh4.googleusercontent.com\/-GOMhI9gWnIs\/VJKiH5NsrCI\/AAAAAAAAIgg\/znr1qLSbKyM\/w400-h300-no\/st%2B1.jpg\" \/><\/span><\/span><\/span><\/div>\n<\/td>\n<\/tr>\n<tr>\n<td>\n<div><span style=\"color: #000000;\"><span style=\"font-family: tahoma,geneva,sans-serif;\"><span style=\"font-size: 12px;\"><img decoding=\"async\" class=\"lazyload HAa Eha\" style=\"border-width: 1px; border-style: solid; margin: 10px auto; display: block;\" alt=\"\" src=\"data:image\/gif;base64,R0lGODlhAQABAAAAACH5BAEKAAEALAAAAAABAAEAAAICTAEAOw==\" data-orig-src=\"https:\/\/lh3.googleusercontent.com\/-6RZ1RIxxLBU\/VJKiIKwm9TI\/AAAAAAAAIgQ\/rn53EAdgTOU\/w400-h300-no\/st%2B3.jpg\" \/><\/span><\/span><\/span><\/div>\n<\/td>\n<td>\n<div style=\"text-align: justify;\"><span style=\"color: #000000;\"><span style=\"font-family: tahoma,geneva,sans-serif;\"><span style=\"font-size: 12px;\">&nbsp;&nbsp;&nbsp; Secili prej tyre ishte i ftuar t\u00eb merrte pjes\u00eb n\u00eb nj\u00eb program t\u00eb larmish\u00ebm. Programi p\u00ebrmbante fillimisht akomodimin, kokteilin me muzik\u00eb krishtlindjeje n\u00eb sfond. M\u00eb pas u b\u00eb ndarja n\u00eb grupe me simbolet e fest\u00ebs s\u00eb Krishtlindjes si: Ylli, Grazhdi, Barinjt\u00eb, Shpella, Mag\u00ebt, Engj\u00ebjt. Pas ngr\u00ebnies s\u00eb drek\u00ebs, u kryen vizita baritore n\u00eb Sht\u00ebpin\u00eb e F\u00ebmij\u00ebve n\u00eb Shkozet, tek lyp\u00ebsit q\u00eb q\u00ebndrojn\u00eb rrug\u00ebve t\u00eb Durr\u00ebsit, te sht\u00ebpia e f\u00ebmij\u00ebve n\u00eb k\u00ebt\u00eb qytet dhe n\u00eb Shkoll\u00ebn e F\u00ebmij\u00ebve me Aft\u00ebsi t\u00eb Kufizuara.<\/span><\/span><\/span><\/div>\n<\/td>\n<\/tr>\n<tr>\n<td>\n<div style=\"text-align: justify;\"><span style=\"color: #000000;\"><span style=\"font-family: tahoma,geneva,sans-serif;\"><span style=\"font-size: 12px;\">&nbsp;&nbsp;&nbsp; Ve\u00e7 k\u00ebtyre aktiviteteve, student\u00ebt b\u00ebn\u00eb s\u00eb bashku pushim buz\u00eb detit Adriatik. R\u00ebnia e g\u00ebzueshme e kambanave lajm\u00ebroi student\u00ebt se Mbr\u00ebm\u00ebsorja e Madhe do t\u00eb celebrohej n\u00eb kish\u00ebn e Manastirit. Ata u mblodh\u00ebn p\u00ebrs\u00ebri n\u00eb grupe p\u00ebr t\u00eb reflektuar mbi vitin q\u00eb shkoi dhe planet p\u00ebr vitin q\u00eb po vjen. Bashk\u00ebbisedimi u organizua mbi disa pyetje si: Cilat ishin arritjet tona n\u00eb k\u00ebt\u00eb vit? \u00c7far\u00eb realizuam e \u00e7far\u00eb jo? \u00c7far\u00eb objektivash kemi p\u00ebr vitin e ri? A do t\u00eb p\u00ebrpiqeshin realisht? etj.<\/span><\/span><\/span><\/div>\n<\/td>\n<td>\n<div><span style=\"color: #000000;\"><span style=\"font-family: tahoma,geneva,sans-serif;\"><span style=\"font-size: 12px;\"><img decoding=\"async\" class=\"lazyload HAa Eha\" style=\"border-width: 1px; border-style: solid; margin: 10px auto; display: block;\" alt=\"\" src=\"data:image\/gif;base64,R0lGODlhAQABAAAAACH5BAEKAAEALAAAAAABAAEAAAICTAEAOw==\" data-orig-src=\"https:\/\/lh5.googleusercontent.com\/-7yaMag5LRlY\/VJKiIMq0R_I\/AAAAAAAAIgU\/o7_-8Q2yPBM\/w400-h300-no\/st%2B4.jpg\" \/><\/span><\/span><\/span><\/div>\n<\/td>\n<\/tr>\n<tr>\n<td>\n<div><span style=\"color: #000000;\"><span style=\"font-family: tahoma,geneva,sans-serif;\"><span style=\"font-size: 12px;\"><img decoding=\"async\" class=\"lazyload HAa Eha\" style=\"border-width: 1px; border-style: solid; margin: 10px auto; display: block;\" alt=\"\" src=\"data:image\/gif;base64,R0lGODlhAQABAAAAACH5BAEKAAEALAAAAAABAAEAAAICTAEAOw==\" data-orig-src=\"https:\/\/lh3.googleusercontent.com\/-rjU-QfXc7ZQ\/VJKiIdfJ2yI\/AAAAAAAAIgk\/Nap0wu8oRBc\/w400-h300-no\/st%2B5.jpg\" \/><\/span><\/span><\/span><\/div>\n<\/td>\n<td>\n<div style=\"text-align: justify;\"><span style=\"color: #000000;\"><span style=\"font-family: tahoma,geneva,sans-serif;\"><span style=\"font-size: 12px;\">&nbsp;&nbsp;&nbsp; M\u00eb pas, t\u00eb 6-ta grupet u mblodh\u00ebn n\u00eb kish\u00ebn e shkoll\u00ebs, n\u00eb t\u00eb cil\u00ebn u b\u00eb dhe meditimi i Krishtlindjes, q\u00eb p\u00ebrmbante k\u00ebng\u00eb dhe histori me tematik\u00ebn e Krishtlindjes: \u201cPse lindi Krishti?\u201d Brenda k\u00ebsaj atmosfere d\u00ebgjoje fjal\u00ebt: \u201cLe ta lavd\u00ebrojm\u00eb n\u00eb m\u00ebnyr\u00eb t\u00eb drejt\u00eb Krishtin e porsalindur duke e pranuar n\u00eb zemr\u00ebn dhe jet\u00ebn ton\u00eb n\u00eb nj\u00eb m\u00ebnyr\u00eb mistike, po aq dhe n\u00eb m\u00ebnyr\u00eb konkrete n\u00ebp\u00ebrmjet njer\u00ebzve p\u00ebrreth nesh\u201d.<\/span><\/span><\/span><\/div>\n<\/td>\n<\/tr>\n<tr>\n<td>\n<div style=\"text-align: justify;\"><span style=\"color: #000000;\"><span style=\"font-family: tahoma,geneva,sans-serif;\"><span style=\"font-size: 12px;\">&nbsp;&nbsp;&nbsp; T\u00eb diel\u00ebn n\u00eb m\u00ebngjes student\u00ebt mor\u00ebn pjes\u00eb n\u00eb Liturgjin\u00eb Hyjnore. Atmosfera shpirt\u00ebrore e Manastirit dhe qet\u00ebsia e b\u00ebn\u00eb edhe m\u00eb t\u00eb ndjeshme k\u00ebt\u00eb sh\u00ebrbes\u00eb. Referati i par\u00eb u mbajt nga Mitropoliti i Kor\u00e7\u00ebs Hir\u00ebsi Joan Pelushi, i cili foli p\u00ebr r\u00ebnd\u00ebsin\u00eb e Krishtlindjes, duke iu p\u00ebrgjigjur student\u00ebve edhe rreth \u00e7\u00ebshtjeve t\u00eb ndryshme t\u00eb besimit.<\/span><\/span><\/span><\/div>\n<\/td>\n<td>\n<div><span style=\"color: #000000;\"><span style=\"font-family: tahoma,geneva,sans-serif;\"><span style=\"font-size: 12px;\"><img decoding=\"async\" class=\"lazyload HAa Eha\" style=\"border-width: 1px; border-style: solid; margin: 10px auto; display: block;\" alt=\"\" src=\"data:image\/gif;base64,R0lGODlhAQABAAAAACH5BAEKAAEALAAAAAABAAEAAAICTAEAOw==\" data-orig-src=\"https:\/\/lh5.googleusercontent.com\/-pN_ecf0rja4\/VJKiIgNCT5I\/AAAAAAAAIgY\/YqN_l90vyO8\/w400-h300-no\/st%2B6.jpg\" \/><\/span><\/span><\/span><\/div>\n<\/td>\n<\/tr>\n<tr>\n<td colspan=\"2\">\n<div style=\"text-align: justify;\"> <span style=\"color: #000000;\"><span style=\"font-family: tahoma,geneva,sans-serif;\"><span style=\"font-size: 12px;\">&nbsp;&nbsp;&nbsp; Programi vazhdoi me referatin e dyt\u00eb t\u00eb mbajtur nga Episkop Nikolla, z\u00ebvend\u00ebsdrejtor i Akademis\u00eb Teologjike me tem\u00eb \u201cRingjallja e Kish\u00ebs\u201d. Fjalimi i tij ishte i shoq\u00ebruar edhe me foto t\u00eb dh\u00ebna n\u00eb power-point. Ai tregoi se si ishte persekutuar Kisha n\u00eb koh\u00ebn e err\u00ebt t\u00eb komunizmit dhe ateizmit shtet\u00ebror. Hir\u00ebsi Nikolla e p\u00ebrfundoi fjal\u00ebn duke n\u00ebnvizuar q\u00eb Kisha jemi ne dhe n\u00eb qoft\u00eb se ne nuk e mbajm\u00eb At\u00eb, at\u00ebher\u00eb t\u00eb tjer\u00ebt do ta shembin.<\/span><\/span><\/span><\/div>\n<div style=\"text-align: justify;\">&nbsp;<\/div>\n<div style=\"text-align: justify;\"><span style=\"color: #000000;\"><span style=\"font-family: tahoma,geneva,sans-serif;\"><span style=\"font-size: 12px;\">&nbsp;&nbsp;&nbsp; Pasi shijuan edhe p\u00ebr pak \u00e7aste ambientet e bukura t\u00eb Manastirit t\u00eb Sh\u00ebn Vlashit, student\u00ebt u larguan me mesazhet m\u00eb t\u00eb mira nga ky takim dy-ditor.<\/span><\/span><\/span><\/div>\n<div>&nbsp;<\/div>\n<div><span style=\"color: #000000;\"><span style=\"font-family: tahoma,geneva,sans-serif;\"><span style=\"font-size: 12px;\"><strong>Elena Krakulli<\/strong><\/span><\/span><\/span><\/div>\n<\/td>\n<\/tr>\n<\/tbody>\n<\/table>\n","protected":false},"excerpt":{"rendered":"<p>&nbsp;&nbsp;&nbsp; Qendra Studentore e Kish\u00ebs son\u00eb organizoi takimin studentor t\u00eb fundvitit me tem\u00eb: \u201cPse lindet Jisu Krishti?\u201d n\u00eb Manastirin e Hirsh\u00ebm t\u00eb Sh\u00ebn Vlashit n\u00eb Durr\u00ebs, m\u00eb 15 dhe 16 dhjetor 2007. N\u00eb t\u00eb merrnin pjes\u00eb 80 student\u00eb nga rrethe t\u00eb ndryshme t\u00eb Shqip\u00ebris\u00eb q\u00eb studiojn\u00eb n\u00eb fakultete t\u00eb ndryshme n\u00eb Universitetin e Tiran\u00ebs. Q\u00ebllimi i k\u00ebtij takimi ishte q\u00eb student\u00ebt t\u00eb njiheshin me jet\u00ebn<\/p>\n","protected":false},"author":1,"featured_media":0,"comment_status":"open","ping_status":"open","sticky":false,"template":"","format":"standard","meta":{"_acf_changed":false,"pagelayer_contact_templates":[],"_pagelayer_content":"","inline_featured_image":false,"fifu_image_url":"","fifu_image_alt":"","footnotes":""},"categories":[108],"tags":[146,154,196,212],"class_list":["post-1248","post","type-post","status-publish","format-standard","hentry","category-lajme","tag-146","tag-aktivitete","tag-tirane","tag-lajme-d27"],"acf":[],"yoast_head":"<!-- This site is optimized with the Yoast SEO plugin v27.2 - https:\/\/yoast.com\/product\/yoast-seo-wordpress\/ -->\n<title>Takim studentor n\u00eb Manastirin e Sh\u00ebn Vlashit. (2008) - Kisha Orthodh\u03bfkse Autoqefale e Shqip\u00ebris\u00eb<\/title>\n<meta name=\"robots\" content=\"index, follow, max-snippet:-1, max-image-preview:large, max-video-preview:-1\" \/>\n<link rel=\"canonical\" href=\"https:\/\/orthodoxalbania.org\/2020\/2008\/02\/26\/takim-studentor-ne-manastirin-e-shen-vlashit-2008\/\" \/>\n<meta property=\"og:locale\" content=\"en_US\" \/>\n<meta property=\"og:type\" content=\"article\" \/>\n<meta property=\"og:title\" content=\"Takim studentor n\u00eb Manastirin e Sh\u00ebn Vlashit. (2008) - Kisha Orthodh\u03bfkse Autoqefale e Shqip\u00ebris\u00eb\" \/>\n<meta property=\"og:description\" content=\"&nbsp;&nbsp;&nbsp; Qendra Studentore e Kish\u00ebs son\u00eb organizoi takimin studentor t\u00eb fundvitit me tem\u00eb: \u201cPse lindet Jisu Krishti?\u201d n\u00eb Manastirin e Hirsh\u00ebm t\u00eb Sh\u00ebn Vlashit n\u00eb Durr\u00ebs, m\u00eb 15 dhe 16 dhjetor 2007. N\u00eb t\u00eb merrnin pjes\u00eb 80 student\u00eb nga rrethe t\u00eb ndryshme t\u00eb Shqip\u00ebris\u00eb q\u00eb studiojn\u00eb n\u00eb fakultete t\u00eb ndryshme n\u00eb Universitetin e Tiran\u00ebs. Q\u00ebllimi i k\u00ebtij takimi ishte q\u00eb student\u00ebt t\u00eb njiheshin me jet\u00ebn\" \/>\n<meta property=\"og:url\" content=\"https:\/\/orthodoxalbania.org\/2020\/2008\/02\/26\/takim-studentor-ne-manastirin-e-shen-vlashit-2008\/\" \/>\n<meta property=\"og:site_name\" content=\"Kisha Orthodh\u03bfkse Autoqefale e Shqip\u00ebris\u00eb\" \/>\n<meta property=\"article:publisher\" content=\"https:\/\/www.facebook.com\/koash1991\" \/>\n<meta property=\"article:published_time\" content=\"2008-02-26T00:00:00+00:00\" \/>\n<meta property=\"article:modified_time\" content=\"2020-04-06T20:35:23+00:00\" \/>\n<meta property=\"og:image\" content=\"https:\/\/lh4.googleusercontent.com\/-GOMhI9gWnIs\/VJKiH5NsrCI\/AAAAAAAAIgg\/znr1qLSbKyM\/w400-h300-no\/st%2B1.jpg\" \/>\n<meta name=\"author\" content=\"Kisha Orthodhokse\" \/>\n<meta name=\"twitter:card\" content=\"summary_large_image\" \/>\n<meta name=\"twitter:label1\" content=\"Written by\" \/>\n\t<meta name=\"twitter:data1\" content=\"Kisha Orthodhokse\" \/>\n\t<meta name=\"twitter:label2\" content=\"Est. reading time\" \/>\n\t<meta name=\"twitter:data2\" content=\"3 minutes\" \/>\n<script type=\"application\/ld+json\" class=\"yoast-schema-graph\">{\"@context\":\"https:\/\/schema.org\",\"@graph\":[{\"@type\":\"Article\",\"@id\":\"https:\/\/orthodoxalbania.org\/2020\/2008\/02\/26\/takim-studentor-ne-manastirin-e-shen-vlashit-2008\/#article\",\"isPartOf\":{\"@id\":\"https:\/\/orthodoxalbania.org\/2020\/2008\/02\/26\/takim-studentor-ne-manastirin-e-shen-vlashit-2008\/\"},\"author\":{\"name\":\"Kisha Orthodhokse\",\"@id\":\"https:\/\/orthodoxalbania.org\/2020\/#\/schema\/person\/0c387634a7063ac612d7ed9ce71c7e86\"},\"headline\":\"Takim studentor n\u00eb Manastirin e Sh\u00ebn Vlashit. (2008)\",\"datePublished\":\"2008-02-26T00:00:00+00:00\",\"dateModified\":\"2020-04-06T20:35:23+00:00\",\"mainEntityOfPage\":{\"@id\":\"https:\/\/orthodoxalbania.org\/2020\/2008\/02\/26\/takim-studentor-ne-manastirin-e-shen-vlashit-2008\/\"},\"wordCount\":600,\"commentCount\":0,\"publisher\":{\"@id\":\"https:\/\/orthodoxalbania.org\/2020\/#organization\"},\"image\":{\"@id\":\"https:\/\/orthodoxalbania.org\/2020\/2008\/02\/26\/takim-studentor-ne-manastirin-e-shen-vlashit-2008\/#primaryimage\"},\"thumbnailUrl\":\"https:\/\/lh4.googleusercontent.com\/-GOMhI9gWnIs\/VJKiH5NsrCI\/AAAAAAAAIgg\/znr1qLSbKyM\/w400-h300-no\/st%2B1.jpg\",\"keywords\":[\"2008\",\"Aktivitete\",\"Kryepiskopata Tiran\u00eb\",\"lajme\"],\"articleSection\":[\"Lajme\"],\"inLanguage\":\"en-US\"},{\"@type\":\"WebPage\",\"@id\":\"https:\/\/orthodoxalbania.org\/2020\/2008\/02\/26\/takim-studentor-ne-manastirin-e-shen-vlashit-2008\/\",\"url\":\"https:\/\/orthodoxalbania.org\/2020\/2008\/02\/26\/takim-studentor-ne-manastirin-e-shen-vlashit-2008\/\",\"name\":\"Takim studentor n\u00eb Manastirin e Sh\u00ebn Vlashit. (2008) - Kisha Orthodh\u03bfkse Autoqefale e Shqip\u00ebris\u00eb\",\"isPartOf\":{\"@id\":\"https:\/\/orthodoxalbania.org\/2020\/#website\"},\"primaryImageOfPage\":{\"@id\":\"https:\/\/orthodoxalbania.org\/2020\/2008\/02\/26\/takim-studentor-ne-manastirin-e-shen-vlashit-2008\/#primaryimage\"},\"image\":{\"@id\":\"https:\/\/orthodoxalbania.org\/2020\/2008\/02\/26\/takim-studentor-ne-manastirin-e-shen-vlashit-2008\/#primaryimage\"},\"thumbnailUrl\":\"https:\/\/lh4.googleusercontent.com\/-GOMhI9gWnIs\/VJKiH5NsrCI\/AAAAAAAAIgg\/znr1qLSbKyM\/w400-h300-no\/st%2B1.jpg\",\"datePublished\":\"2008-02-26T00:00:00+00:00\",\"dateModified\":\"2020-04-06T20:35:23+00:00\",\"breadcrumb\":{\"@id\":\"https:\/\/orthodoxalbania.org\/2020\/2008\/02\/26\/takim-studentor-ne-manastirin-e-shen-vlashit-2008\/#breadcrumb\"},\"inLanguage\":\"en-US\",\"potentialAction\":[{\"@type\":\"ReadAction\",\"target\":[\"https:\/\/orthodoxalbania.org\/2020\/2008\/02\/26\/takim-studentor-ne-manastirin-e-shen-vlashit-2008\/\"]}]},{\"@type\":\"ImageObject\",\"inLanguage\":\"en-US\",\"@id\":\"https:\/\/orthodoxalbania.org\/2020\/2008\/02\/26\/takim-studentor-ne-manastirin-e-shen-vlashit-2008\/#primaryimage\",\"url\":\"https:\/\/lh4.googleusercontent.com\/-GOMhI9gWnIs\/VJKiH5NsrCI\/AAAAAAAAIgg\/znr1qLSbKyM\/w400-h300-no\/st%2B1.jpg\",\"contentUrl\":\"https:\/\/lh4.googleusercontent.com\/-GOMhI9gWnIs\/VJKiH5NsrCI\/AAAAAAAAIgg\/znr1qLSbKyM\/w400-h300-no\/st%2B1.jpg\"},{\"@type\":\"BreadcrumbList\",\"@id\":\"https:\/\/orthodoxalbania.org\/2020\/2008\/02\/26\/takim-studentor-ne-manastirin-e-shen-vlashit-2008\/#breadcrumb\",\"itemListElement\":[{\"@type\":\"ListItem\",\"position\":1,\"name\":\"Home\",\"item\":\"https:\/\/orthodoxalbania.org\/2020\/\"},{\"@type\":\"ListItem\",\"position\":2,\"name\":\"Takim studentor n\u00eb Manastirin e Sh\u00ebn Vlashit. (2008)\"}]},{\"@type\":\"WebSite\",\"@id\":\"https:\/\/orthodoxalbania.org\/2020\/#website\",\"url\":\"https:\/\/orthodoxalbania.org\/2020\/\",\"name\":\"Kisha Orthodh\u03bfkse Autoqefale e Shqip\u00ebris\u00eb\",\"description\":\"Fqja Zyrtare e Kish\u00ebs Orthodhokse Autoqefale e Shqip\u00ebris\u00eb me lajmet edhe informacionet zyrtare p\u00ebr struktur\u00ebn edhe veprimtarin e saj.\",\"publisher\":{\"@id\":\"https:\/\/orthodoxalbania.org\/2020\/#organization\"},\"potentialAction\":[{\"@type\":\"SearchAction\",\"target\":{\"@type\":\"EntryPoint\",\"urlTemplate\":\"https:\/\/orthodoxalbania.org\/2020\/?s={search_term_string}\"},\"query-input\":{\"@type\":\"PropertyValueSpecification\",\"valueRequired\":true,\"valueName\":\"search_term_string\"}}],\"inLanguage\":\"en-US\"},{\"@type\":\"Organization\",\"@id\":\"https:\/\/orthodoxalbania.org\/2020\/#organization\",\"name\":\"Kisha Orthodhokse Autoqefale e Shqip\u00ebris\u00eb\",\"url\":\"https:\/\/orthodoxalbania.org\/2020\/\",\"logo\":{\"@type\":\"ImageObject\",\"inLanguage\":\"en-US\",\"@id\":\"https:\/\/orthodoxalbania.org\/2020\/#\/schema\/logo\/image\/\",\"url\":\"https:\/\/orthodoxalbania.org\/2020\/wp-content\/uploads\/2020\/05\/albania.jpeg\",\"contentUrl\":\"https:\/\/orthodoxalbania.org\/2020\/wp-content\/uploads\/2020\/05\/albania.jpeg\",\"width\":540,\"height\":540,\"caption\":\"Kisha Orthodhokse Autoqefale e Shqip\u00ebris\u00eb\"},\"image\":{\"@id\":\"https:\/\/orthodoxalbania.org\/2020\/#\/schema\/logo\/image\/\"},\"sameAs\":[\"https:\/\/www.facebook.com\/koash1991\"]},{\"@type\":\"Person\",\"@id\":\"https:\/\/orthodoxalbania.org\/2020\/#\/schema\/person\/0c387634a7063ac612d7ed9ce71c7e86\",\"name\":\"Kisha Orthodhokse\",\"image\":{\"@type\":\"ImageObject\",\"inLanguage\":\"en-US\",\"@id\":\"https:\/\/secure.gravatar.com\/avatar\/596e7c417251e30f2fbb9c00e026fce61a695a00e51c889caded71c96cbbdde5?s=96&d=mm&r=g\",\"url\":\"https:\/\/secure.gravatar.com\/avatar\/596e7c417251e30f2fbb9c00e026fce61a695a00e51c889caded71c96cbbdde5?s=96&d=mm&r=g\",\"contentUrl\":\"https:\/\/secure.gravatar.com\/avatar\/596e7c417251e30f2fbb9c00e026fce61a695a00e51c889caded71c96cbbdde5?s=96&d=mm&r=g\",\"caption\":\"Kisha Orthodhokse\"}}]}<\/script>\n<!-- \/ Yoast SEO plugin. -->","yoast_head_json":{"title":"Takim studentor n\u00eb Manastirin e Sh\u00ebn Vlashit. (2008) - Kisha Orthodh\u03bfkse Autoqefale e Shqip\u00ebris\u00eb","robots":{"index":"index","follow":"follow","max-snippet":"max-snippet:-1","max-image-preview":"max-image-preview:large","max-video-preview":"max-video-preview:-1"},"canonical":"https:\/\/orthodoxalbania.org\/2020\/2008\/02\/26\/takim-studentor-ne-manastirin-e-shen-vlashit-2008\/","og_locale":"en_US","og_type":"article","og_title":"Takim studentor n\u00eb Manastirin e Sh\u00ebn Vlashit. (2008) - Kisha Orthodh\u03bfkse Autoqefale e Shqip\u00ebris\u00eb","og_description":"&nbsp;&nbsp;&nbsp; Qendra Studentore e Kish\u00ebs son\u00eb organizoi takimin studentor t\u00eb fundvitit me tem\u00eb: \u201cPse lindet Jisu Krishti?\u201d n\u00eb Manastirin e Hirsh\u00ebm t\u00eb Sh\u00ebn Vlashit n\u00eb Durr\u00ebs, m\u00eb 15 dhe 16 dhjetor 2007. N\u00eb t\u00eb merrnin pjes\u00eb 80 student\u00eb nga rrethe t\u00eb ndryshme t\u00eb Shqip\u00ebris\u00eb q\u00eb studiojn\u00eb n\u00eb fakultete t\u00eb ndryshme n\u00eb Universitetin e Tiran\u00ebs. Q\u00ebllimi i k\u00ebtij takimi ishte q\u00eb student\u00ebt t\u00eb njiheshin me jet\u00ebn","og_url":"https:\/\/orthodoxalbania.org\/2020\/2008\/02\/26\/takim-studentor-ne-manastirin-e-shen-vlashit-2008\/","og_site_name":"Kisha Orthodh\u03bfkse Autoqefale e Shqip\u00ebris\u00eb","article_publisher":"https:\/\/www.facebook.com\/koash1991","article_published_time":"2008-02-26T00:00:00+00:00","article_modified_time":"2020-04-06T20:35:23+00:00","og_image":[{"url":"https:\/\/lh4.googleusercontent.com\/-GOMhI9gWnIs\/VJKiH5NsrCI\/AAAAAAAAIgg\/znr1qLSbKyM\/w400-h300-no\/st%2B1.jpg","type":"","width":"","height":""}],"author":"Kisha Orthodhokse","twitter_card":"summary_large_image","twitter_misc":{"Written by":"Kisha Orthodhokse","Est. reading time":"3 minutes"},"schema":{"@context":"https:\/\/schema.org","@graph":[{"@type":"Article","@id":"https:\/\/orthodoxalbania.org\/2020\/2008\/02\/26\/takim-studentor-ne-manastirin-e-shen-vlashit-2008\/#article","isPartOf":{"@id":"https:\/\/orthodoxalbania.org\/2020\/2008\/02\/26\/takim-studentor-ne-manastirin-e-shen-vlashit-2008\/"},"author":{"name":"Kisha Orthodhokse","@id":"https:\/\/orthodoxalbania.org\/2020\/#\/schema\/person\/0c387634a7063ac612d7ed9ce71c7e86"},"headline":"Takim studentor n\u00eb Manastirin e Sh\u00ebn Vlashit. (2008)","datePublished":"2008-02-26T00:00:00+00:00","dateModified":"2020-04-06T20:35:23+00:00","mainEntityOfPage":{"@id":"https:\/\/orthodoxalbania.org\/2020\/2008\/02\/26\/takim-studentor-ne-manastirin-e-shen-vlashit-2008\/"},"wordCount":600,"commentCount":0,"publisher":{"@id":"https:\/\/orthodoxalbania.org\/2020\/#organization"},"image":{"@id":"https:\/\/orthodoxalbania.org\/2020\/2008\/02\/26\/takim-studentor-ne-manastirin-e-shen-vlashit-2008\/#primaryimage"},"thumbnailUrl":"https:\/\/lh4.googleusercontent.com\/-GOMhI9gWnIs\/VJKiH5NsrCI\/AAAAAAAAIgg\/znr1qLSbKyM\/w400-h300-no\/st%2B1.jpg","keywords":["2008","Aktivitete","Kryepiskopata Tiran\u00eb","lajme"],"articleSection":["Lajme"],"inLanguage":"en-US"},{"@type":"WebPage","@id":"https:\/\/orthodoxalbania.org\/2020\/2008\/02\/26\/takim-studentor-ne-manastirin-e-shen-vlashit-2008\/","url":"https:\/\/orthodoxalbania.org\/2020\/2008\/02\/26\/takim-studentor-ne-manastirin-e-shen-vlashit-2008\/","name":"Takim studentor n\u00eb Manastirin e Sh\u00ebn Vlashit. (2008) - Kisha Orthodh\u03bfkse Autoqefale e Shqip\u00ebris\u00eb","isPartOf":{"@id":"https:\/\/orthodoxalbania.org\/2020\/#website"},"primaryImageOfPage":{"@id":"https:\/\/orthodoxalbania.org\/2020\/2008\/02\/26\/takim-studentor-ne-manastirin-e-shen-vlashit-2008\/#primaryimage"},"image":{"@id":"https:\/\/orthodoxalbania.org\/2020\/2008\/02\/26\/takim-studentor-ne-manastirin-e-shen-vlashit-2008\/#primaryimage"},"thumbnailUrl":"https:\/\/lh4.googleusercontent.com\/-GOMhI9gWnIs\/VJKiH5NsrCI\/AAAAAAAAIgg\/znr1qLSbKyM\/w400-h300-no\/st%2B1.jpg","datePublished":"2008-02-26T00:00:00+00:00","dateModified":"2020-04-06T20:35:23+00:00","breadcrumb":{"@id":"https:\/\/orthodoxalbania.org\/2020\/2008\/02\/26\/takim-studentor-ne-manastirin-e-shen-vlashit-2008\/#breadcrumb"},"inLanguage":"en-US","potentialAction":[{"@type":"ReadAction","target":["https:\/\/orthodoxalbania.org\/2020\/2008\/02\/26\/takim-studentor-ne-manastirin-e-shen-vlashit-2008\/"]}]},{"@type":"ImageObject","inLanguage":"en-US","@id":"https:\/\/orthodoxalbania.org\/2020\/2008\/02\/26\/takim-studentor-ne-manastirin-e-shen-vlashit-2008\/#primaryimage","url":"https:\/\/lh4.googleusercontent.com\/-GOMhI9gWnIs\/VJKiH5NsrCI\/AAAAAAAAIgg\/znr1qLSbKyM\/w400-h300-no\/st%2B1.jpg","contentUrl":"https:\/\/lh4.googleusercontent.com\/-GOMhI9gWnIs\/VJKiH5NsrCI\/AAAAAAAAIgg\/znr1qLSbKyM\/w400-h300-no\/st%2B1.jpg"},{"@type":"BreadcrumbList","@id":"https:\/\/orthodoxalbania.org\/2020\/2008\/02\/26\/takim-studentor-ne-manastirin-e-shen-vlashit-2008\/#breadcrumb","itemListElement":[{"@type":"ListItem","position":1,"name":"Home","item":"https:\/\/orthodoxalbania.org\/2020\/"},{"@type":"ListItem","position":2,"name":"Takim studentor n\u00eb Manastirin e Sh\u00ebn Vlashit. (2008)"}]},{"@type":"WebSite","@id":"https:\/\/orthodoxalbania.org\/2020\/#website","url":"https:\/\/orthodoxalbania.org\/2020\/","name":"Kisha Orthodh\u03bfkse Autoqefale e Shqip\u00ebris\u00eb","description":"Fqja Zyrtare e Kish\u00ebs Orthodhokse Autoqefale e Shqip\u00ebris\u00eb me lajmet edhe informacionet zyrtare p\u00ebr struktur\u00ebn edhe veprimtarin e saj.","publisher":{"@id":"https:\/\/orthodoxalbania.org\/2020\/#organization"},"potentialAction":[{"@type":"SearchAction","target":{"@type":"EntryPoint","urlTemplate":"https:\/\/orthodoxalbania.org\/2020\/?s={search_term_string}"},"query-input":{"@type":"PropertyValueSpecification","valueRequired":true,"valueName":"search_term_string"}}],"inLanguage":"en-US"},{"@type":"Organization","@id":"https:\/\/orthodoxalbania.org\/2020\/#organization","name":"Kisha Orthodhokse Autoqefale e Shqip\u00ebris\u00eb","url":"https:\/\/orthodoxalbania.org\/2020\/","logo":{"@type":"ImageObject","inLanguage":"en-US","@id":"https:\/\/orthodoxalbania.org\/2020\/#\/schema\/logo\/image\/","url":"https:\/\/orthodoxalbania.org\/2020\/wp-content\/uploads\/2020\/05\/albania.jpeg","contentUrl":"https:\/\/orthodoxalbania.org\/2020\/wp-content\/uploads\/2020\/05\/albania.jpeg","width":540,"height":540,"caption":"Kisha Orthodhokse Autoqefale e Shqip\u00ebris\u00eb"},"image":{"@id":"https:\/\/orthodoxalbania.org\/2020\/#\/schema\/logo\/image\/"},"sameAs":["https:\/\/www.facebook.com\/koash1991"]},{"@type":"Person","@id":"https:\/\/orthodoxalbania.org\/2020\/#\/schema\/person\/0c387634a7063ac612d7ed9ce71c7e86","name":"Kisha Orthodhokse","image":{"@type":"ImageObject","inLanguage":"en-US","@id":"https:\/\/secure.gravatar.com\/avatar\/596e7c417251e30f2fbb9c00e026fce61a695a00e51c889caded71c96cbbdde5?s=96&d=mm&r=g","url":"https:\/\/secure.gravatar.com\/avatar\/596e7c417251e30f2fbb9c00e026fce61a695a00e51c889caded71c96cbbdde5?s=96&d=mm&r=g","contentUrl":"https:\/\/secure.gravatar.com\/avatar\/596e7c417251e30f2fbb9c00e026fce61a695a00e51c889caded71c96cbbdde5?s=96&d=mm&r=g","caption":"Kisha Orthodhokse"}}]}},"_links":{"self":[{"href":"https:\/\/orthodoxalbania.org\/2020\/wp-json\/wp\/v2\/posts\/1248","targetHints":{"allow":["GET"]}}],"collection":[{"href":"https:\/\/orthodoxalbania.org\/2020\/wp-json\/wp\/v2\/posts"}],"about":[{"href":"https:\/\/orthodoxalbania.org\/2020\/wp-json\/wp\/v2\/types\/post"}],"author":[{"embeddable":true,"href":"https:\/\/orthodoxalbania.org\/2020\/wp-json\/wp\/v2\/users\/1"}],"replies":[{"embeddable":true,"href":"https:\/\/orthodoxalbania.org\/2020\/wp-json\/wp\/v2\/comments?post=1248"}],"version-history":[{"count":1,"href":"https:\/\/orthodoxalbania.org\/2020\/wp-json\/wp\/v2\/posts\/1248\/revisions"}],"predecessor-version":[{"id":15666,"href":"https:\/\/orthodoxalbania.org\/2020\/wp-json\/wp\/v2\/posts\/1248\/revisions\/15666"}],"wp:attachment":[{"href":"https:\/\/orthodoxalbania.org\/2020\/wp-json\/wp\/v2\/media?parent=1248"}],"wp:term":[{"taxonomy":"category","embeddable":true,"href":"https:\/\/orthodoxalbania.org\/2020\/wp-json\/wp\/v2\/categories?post=1248"},{"taxonomy":"post_tag","embeddable":true,"href":"https:\/\/orthodoxalbania.org\/2020\/wp-json\/wp\/v2\/tags?post=1248"}],"curies":[{"name":"wp","href":"https:\/\/api.w.org\/{rel}","templated":true}]}}